{"id":114102,"date":"2026-01-23T16:04:19","date_gmt":"2026-01-23T22:04:19","guid":{"rendered":"https:\/\/zeromagazine.mx\/?p=114102"},"modified":"2026-01-23T16:04:51","modified_gmt":"2026-01-23T22:04:51","slug":"vive-latino-historia-musical-2026","status":"publish","type":"post","link":"https:\/\/zeromagazine.mx\/index.php\/2026\/01\/23\/vive-latino-historia-musical-2026\/","title":{"rendered":"\u00a1\u00a1\u00a1Vive Latino: 26 ediciones de historia, pasi\u00f3n y cultura musical que nos unen!!!"},"content":{"rendered":"<!--themify_builder_content-->\n<div id=\"themify_builder_content-114102\" data-postid=\"114102\" class=\"themify_builder_content themify_builder_content-114102 themify_builder tf_clear\">\n    <\/div>\n<!--\/themify_builder_content-->\n\n\n<p><strong>Vive Latino historia musical<\/strong>&nbsp;no es solo una frase poderosa: es una realidad que se ha construido durante 26 ediciones de m\u00fasica, identidad y comunidad. Este festival no se vive como un evento m\u00e1s, se siente como un ritual colectivo donde generaciones enteras se han encontrado para cantar, gritar, descubrir bandas y volver a casa con nuevas historias que contar.<\/p>\n\n\n\n<p>La cuenta regresiva ya empez\u00f3 y la edici\u00f3n 2026 promete ser una de las m\u00e1s memorables. Tras una conferencia cargada de emoci\u00f3n en el Teatro Metrop\u00f3litan, qued\u00f3 claro que el Vive Latino sigue evolucionando sin perder su esencia. Aqu\u00ed, la m\u00fasica no es un producto: es un lenguaje com\u00fan que une estilos, ideas y emociones.<\/p>\n\n\n\n<p>Adem\u00e1s, para quienes han asistido varias veces, el festival no se agenda, se respeta. Es regresar al punto donde todo comenz\u00f3. Y para quienes llegan por primera vez, la experiencia es clara: lo que te contaron es verdad\u2026 y se queda corto.<\/p>\n\n\n\n<h3 class=\"wp-block-heading\"><strong>Su historia musical y su expansi\u00f3n digital<\/strong><\/h3>\n\n\n\n<p>Por otro lado,&nbsp;<strong>Vive Latino historia musical<\/strong>&nbsp;tambi\u00e9n se escribe fuera del escenario. En 2026, el festival ampl\u00eda su universo gracias a la integraci\u00f3n de Amazon Music, Prime Video, Twitch, Alexa y Amazon Stores, creando una experiencia que trasciende el Estadio GNP Seguros. Livestreams exclusivos, contenido especial y acceso global permiten que la vibra del Vive cruce fronteras y llegue a millones de personas en tiempo real.<\/p>\n\n\n\n<p>Asimismo, la tienda oficial en Amazon se convierte en una extensi\u00f3n del festival. Desde merch oficial hasta outfits, accesorios y gadgets esenciales, todo est\u00e1 pensado para que cada quien viva el Vive Latino a su manera, antes, durante y despu\u00e9s del fin de semana m\u00e1s intenso del a\u00f1o.<\/p>\n\n\n\n<figure class=\"wp-block-gallery has-nested-images columns-default is-cropped wp-block-gallery-1 is-layout-flex wp-block-gallery-is-layout-flex\">\n<figure class=\"wp-block-image size-large\"><img data-recalc-dims=\"1\" decoding=\"async\" width=\"1024\" height=\"683\" data-id=\"114105\" src=\"https:\/\/i0.wp.com\/zeromagazine.mx\/wp-content\/uploads\/2026\/01\/CONFERENCIA-VIVELATINO-FOTOLILIANAESTRADA-51-1024x683.jpeg?resize=1024%2C683&#038;ssl=1\" alt=\"\" class=\"wp-image-114105\" srcset=\"https:\/\/i0.wp.com\/zeromagazine.mx\/wp-content\/uploads\/2026\/01\/CONFERENCIA-VIVELATINO-FOTOLILIANAESTRADA-51-scaled.jpeg?resize=1024%2C683&amp;ssl=1 1024w, https:\/\/i0.wp.com\/zeromagazine.mx\/wp-content\/uploads\/2026\/01\/CONFERENCIA-VIVELATINO-FOTOLILIANAESTRADA-51-scaled.jpeg?resize=300%2C200&amp;ssl=1 300w, https:\/\/i0.wp.com\/zeromagazine.mx\/wp-content\/uploads\/2026\/01\/CONFERENCIA-VIVELATINO-FOTOLILIANAESTRADA-51-scaled.jpeg?resize=768%2C512&amp;ssl=1 768w, https:\/\/i0.wp.com\/zeromagazine.mx\/wp-content\/uploads\/2026\/01\/CONFERENCIA-VIVELATINO-FOTOLILIANAESTRADA-51-scaled.jpeg?resize=1536%2C1024&amp;ssl=1 1536w, https:\/\/i0.wp.com\/zeromagazine.mx\/wp-content\/uploads\/2026\/01\/CONFERENCIA-VIVELATINO-FOTOLILIANAESTRADA-51-scaled.jpeg?resize=2048%2C1365&amp;ssl=1 2048w, https:\/\/i0.wp.com\/zeromagazine.mx\/wp-content\/uploads\/2026\/01\/CONFERENCIA-VIVELATINO-FOTOLILIANAESTRADA-51-scaled.jpeg?w=2330 2330w\" sizes=\"(max-width: 1024px) 100vw, 1024px\" \/><\/figure>\n<\/figure>\n\n\n\n<p>Esta expansi\u00f3n digital no sustituye la experiencia presencial, la potencia. Es la forma en la que el festival se adapta a nuevas formas de consumo sin perder su alma colectiva.<\/p>\n\n\n\n<h3 class=\"wp-block-heading\">La historia musical tambi\u00e9n se ve as\u00ed <\/h3>\n\n\n\n<p>Mientras tanto, el arte visual vuelve a jugar un papel clave. En esta edici\u00f3n, el estudio PRIMATE propone una identidad gr\u00e1fica abierta a la interpretaci\u00f3n: trazos sin inicio ni final que flotan, vibran y se conectan como la m\u00fasica misma. La imagen puede ser universo, circuito, c\u00e9lula o mensaje indescifrable. No hay una sola lectura correcta, y eso es justo el punto.<\/p>\n\n\n\n<p>Este enfoque conecta con la esencia del Vive Latino: no imponer significados, sino crear espacios donde cada persona construye su propia experiencia emocional y est\u00e9tica.<\/p>\n\n\n\n<h3 class=\"wp-block-heading\"><strong>Porque el Vive Latino no es solo m\u00fasica<\/strong><\/h3>\n\n\n\n<p>Finalmente,&nbsp;<strong>Vive Latino historia musical<\/strong>&nbsp;tambi\u00e9n se construye desde lo que pasa entre conciertos. La Lucha Libre y Casa Comedy regresan como espacios fundamentales donde la identidad mexicana se expresa sin filtros. El ring y el micr\u00f3fono conviven para ofrecer adrenalina, risas y catarsis colectiva, demostrando que la cultura tambi\u00e9n se baila, se r\u00ede y se grita.<\/p>\n\n\n\n<p>A esto se suman iniciativas como el Mercadillo Vive Latino, la zona de ONGs y proyectos sociales que invitan a participar, reflexionar y apoyar causas reales. Aqu\u00ed no solo consumes cultura, tambi\u00e9n formas parte de ella.<\/p>\n\n\n\n<figure class=\"wp-block-gallery has-nested-images columns-default is-cropped wp-block-gallery-2 is-layout-flex wp-block-gallery-is-layout-flex\">\n<figure class=\"wp-block-image size-large\"><img data-recalc-dims=\"1\" decoding=\"async\" width=\"1024\" height=\"683\" data-id=\"114106\" src=\"https:\/\/i0.wp.com\/zeromagazine.mx\/wp-content\/uploads\/2026\/01\/CONFERENCIA-VIVELATINO-FOTOLILIANAESTRADA-116-1024x683.jpeg?resize=1024%2C683&#038;ssl=1\" alt=\"\" class=\"wp-image-114106\" srcset=\"https:\/\/i0.wp.com\/zeromagazine.mx\/wp-content\/uploads\/2026\/01\/CONFERENCIA-VIVELATINO-FOTOLILIANAESTRADA-116-scaled.jpeg?resize=1024%2C683&amp;ssl=1 1024w, https:\/\/i0.wp.com\/zeromagazine.mx\/wp-content\/uploads\/2026\/01\/CONFERENCIA-VIVELATINO-FOTOLILIANAESTRADA-116-scaled.jpeg?resize=300%2C200&amp;ssl=1 300w, https:\/\/i0.wp.com\/zeromagazine.mx\/wp-content\/uploads\/2026\/01\/CONFERENCIA-VIVELATINO-FOTOLILIANAESTRADA-116-scaled.jpeg?resize=768%2C512&amp;ssl=1 768w, https:\/\/i0.wp.com\/zeromagazine.mx\/wp-content\/uploads\/2026\/01\/CONFERENCIA-VIVELATINO-FOTOLILIANAESTRADA-116-scaled.jpeg?resize=1536%2C1024&amp;ssl=1 1536w, https:\/\/i0.wp.com\/zeromagazine.mx\/wp-content\/uploads\/2026\/01\/CONFERENCIA-VIVELATINO-FOTOLILIANAESTRADA-116-scaled.jpeg?resize=2048%2C1365&amp;ssl=1 2048w, https:\/\/i0.wp.com\/zeromagazine.mx\/wp-content\/uploads\/2026\/01\/CONFERENCIA-VIVELATINO-FOTOLILIANAESTRADA-116-scaled.jpeg?w=2330 2330w\" sizes=\"(max-width: 1024px) 100vw, 1024px\" \/><\/figure>\n<\/figure>\n\n\n\n<p>Y cuando llega el momento de volver a casa, programas como Regreso Seguro y Ticket2Ride aseguran que la experiencia cierre bien, porque disfrutar tambi\u00e9n implica cuidarse.<\/p>\n\n\n\n<p>Vive Latino no solo celebra 26 ediciones. Celebra a la gente que lo hace posible, a las canciones que se volvieron himnos y a los momentos que solo existen ah\u00ed. Nos vemos el 14 y 15 de marzo para seguir escribiendo esta historia juntos.<\/p>\n\n\n\n<p>Para m\u00e1s detalles, visita\u00a0<a href=\"http:\/\/www.vivelatino.com.mx\/\">www.vivelatino.com.mx<\/a>\u00a0o las redes sociales del festival. Ah\u00ed encontrar\u00e1s la informaci\u00f3n oficial, contenidos especiales y todas las respuestas a tus dudas.<\/p>\n\n\n\n<p><\/p>","protected":false},"excerpt":{"rendered":"<p>Vive Latino historia musical&nbsp;no es solo una frase poderosa: es una realidad que se ha construido durante 26 ediciones de m\u00fasica, identidad y comunidad. Este festival no se vive como un evento m\u00e1s, se siente como un ritual colectivo donde generaciones enteras se han encontrado para cantar, gritar, descubrir bandas y volver a casa con [&hellip;]<\/p>\n","protected":false},"author":4,"featured_media":114104,"comment_status":"open","ping_status":"open","sticky":false,"template":"","format":"standard","meta":{"_jetpack_memberships_contains_paid_content":false,"footnotes":"","jetpack_publicize_message":"","jetpack_publicize_feature_enabled":true,"jetpack_social_post_already_shared":true,"jetpack_social_options":{"image_generator_settings":{"template":"highway","default_image_id":0,"font":"","enabled":false},"version":2}},"categories":[14133,117,14134],"tags":[],"class_list":["post-114102","post","type-post","status-publish","format-standard","has-post-thumbnail","hentry","category-concierto","category-entretenimiento","category-musica","has-post-title","has-post-date","has-post-category","has-post-tag","has-post-comment","has-post-author",""],"yoast_head":"<!-- This site is optimized with the Yoast SEO plugin v27.4 - https:\/\/yoast.com\/product\/yoast-seo-wordpress\/ -->\n<title>\u00a1\u00a1\u00a1Vive Latino: 26 ediciones de historia, pasi\u00f3n y cultura musical que nos unen!!! - Zero Magazine<\/title>\n<meta name=\"description\" content=\"Vive Latino historia musical celebra 26 ediciones uniendo cultura, comunidad y m\u00fasica en uno de los festivales m\u00e1s ic\u00f3nicos.\" \/>\n<meta name=\"robots\" content=\"index, follow, max-snippet:-1, max-image-preview:large, max-video-preview:-1\" \/>\n<link rel=\"canonical\" href=\"https:\/\/zeromagazine.mx\/index.php\/2026\/01\/23\/vive-latino-historia-musical-2026\/\" \/>\n<meta property=\"og:locale\" content=\"es_ES\" \/>\n<meta property=\"og:type\" content=\"article\" \/>\n<meta property=\"og:title\" content=\"\u00a1\u00a1\u00a1Vive Latino: 26 ediciones de historia, pasi\u00f3n y cultura musical que nos unen!!! - Zero Magazine\" \/>\n<meta property=\"og:description\" content=\"Vive Latino historia musical celebra 26 ediciones uniendo cultura, comunidad y m\u00fasica en uno de los festivales m\u00e1s ic\u00f3nicos.\" \/>\n<meta property=\"og:url\" content=\"https:\/\/zeromagazine.mx\/index.php\/2026\/01\/23\/vive-latino-historia-musical-2026\/\" \/>\n<meta property=\"og:site_name\" content=\"Zero Magazine\" \/>\n<meta property=\"article:published_time\" content=\"2026-01-23T22:04:19+00:00\" \/>\n<meta property=\"article:modified_time\" content=\"2026-01-23T22:04:51+00:00\" \/>\n<meta property=\"og:image\" content=\"http:\/\/zeromagazine.mx\/wp-content\/uploads\/2026\/01\/IMG_1100-scaled.jpeg\" \/>\n\t<meta property=\"og:image:width\" content=\"2560\" \/>\n\t<meta property=\"og:image:height\" content=\"1280\" \/>\n\t<meta property=\"og:image:type\" content=\"image\/jpeg\" \/>\n<meta name=\"author\" content=\"David Morales\" \/>\n<meta name=\"twitter:card\" content=\"summary_large_image\" \/>\n<meta name=\"twitter:label1\" content=\"Escrito por\" \/>\n\t<meta name=\"twitter:data1\" content=\"David Morales\" \/>\n\t<meta name=\"twitter:label2\" content=\"Tiempo de lectura\" \/>\n\t<meta name=\"twitter:data2\" content=\"4 minutos\" \/>\n<script type=\"application\/ld+json\" class=\"yoast-schema-graph\">{\"@context\":\"https:\\\/\\\/schema.org\",\"@graph\":[{\"@type\":\"Article\",\"@id\":\"https:\\\/\\\/zeromagazine.mx\\\/index.php\\\/2026\\\/01\\\/23\\\/vive-latino-historia-musical-2026\\\/#article\",\"isPartOf\":{\"@id\":\"https:\\\/\\\/zeromagazine.mx\\\/index.php\\\/2026\\\/01\\\/23\\\/vive-latino-historia-musical-2026\\\/\"},\"author\":{\"name\":\"David Morales\",\"@id\":\"https:\\\/\\\/zeromagazine.mx\\\/#\\\/schema\\\/person\\\/9f7f1a17c60ba8e9980e3e6677aabe5a\"},\"headline\":\"\u00a1\u00a1\u00a1Vive Latino: 26 ediciones de historia, pasi\u00f3n y cultura musical que nos unen!!!\",\"datePublished\":\"2026-01-23T22:04:19+00:00\",\"dateModified\":\"2026-01-23T22:04:51+00:00\",\"mainEntityOfPage\":{\"@id\":\"https:\\\/\\\/zeromagazine.mx\\\/index.php\\\/2026\\\/01\\\/23\\\/vive-latino-historia-musical-2026\\\/\"},\"wordCount\":650,\"commentCount\":0,\"publisher\":{\"@id\":\"https:\\\/\\\/zeromagazine.mx\\\/#organization\"},\"image\":{\"@id\":\"https:\\\/\\\/zeromagazine.mx\\\/index.php\\\/2026\\\/01\\\/23\\\/vive-latino-historia-musical-2026\\\/#primaryimage\"},\"thumbnailUrl\":\"https:\\\/\\\/i0.wp.com\\\/zeromagazine.mx\\\/wp-content\\\/uploads\\\/2026\\\/01\\\/IMG_1100-scaled.jpeg?fit=2560%2C1280&ssl=1\",\"articleSection\":[\"Concierto\",\"Entretenimiento\",\"M\u00fasica\"],\"inLanguage\":\"es\",\"potentialAction\":[{\"@type\":\"CommentAction\",\"name\":\"Comment\",\"target\":[\"https:\\\/\\\/zeromagazine.mx\\\/index.php\\\/2026\\\/01\\\/23\\\/vive-latino-historia-musical-2026\\\/#respond\"]}]},{\"@type\":\"WebPage\",\"@id\":\"https:\\\/\\\/zeromagazine.mx\\\/index.php\\\/2026\\\/01\\\/23\\\/vive-latino-historia-musical-2026\\\/\",\"url\":\"https:\\\/\\\/zeromagazine.mx\\\/index.php\\\/2026\\\/01\\\/23\\\/vive-latino-historia-musical-2026\\\/\",\"name\":\"\u00a1\u00a1\u00a1Vive Latino: 26 ediciones de historia, pasi\u00f3n y cultura musical que nos unen!!! - Zero Magazine\",\"isPartOf\":{\"@id\":\"https:\\\/\\\/zeromagazine.mx\\\/#website\"},\"primaryImageOfPage\":{\"@id\":\"https:\\\/\\\/zeromagazine.mx\\\/index.php\\\/2026\\\/01\\\/23\\\/vive-latino-historia-musical-2026\\\/#primaryimage\"},\"image\":{\"@id\":\"https:\\\/\\\/zeromagazine.mx\\\/index.php\\\/2026\\\/01\\\/23\\\/vive-latino-historia-musical-2026\\\/#primaryimage\"},\"thumbnailUrl\":\"https:\\\/\\\/i0.wp.com\\\/zeromagazine.mx\\\/wp-content\\\/uploads\\\/2026\\\/01\\\/IMG_1100-scaled.jpeg?fit=2560%2C1280&ssl=1\",\"datePublished\":\"2026-01-23T22:04:19+00:00\",\"dateModified\":\"2026-01-23T22:04:51+00:00\",\"description\":\"Vive Latino historia musical celebra 26 ediciones uniendo cultura, comunidad y m\u00fasica en uno de los festivales m\u00e1s ic\u00f3nicos.\",\"breadcrumb\":{\"@id\":\"https:\\\/\\\/zeromagazine.mx\\\/index.php\\\/2026\\\/01\\\/23\\\/vive-latino-historia-musical-2026\\\/#breadcrumb\"},\"inLanguage\":\"es\",\"potentialAction\":[{\"@type\":\"ReadAction\",\"target\":[\"https:\\\/\\\/zeromagazine.mx\\\/index.php\\\/2026\\\/01\\\/23\\\/vive-latino-historia-musical-2026\\\/\"]}]},{\"@type\":\"ImageObject\",\"inLanguage\":\"es\",\"@id\":\"https:\\\/\\\/zeromagazine.mx\\\/index.php\\\/2026\\\/01\\\/23\\\/vive-latino-historia-musical-2026\\\/#primaryimage\",\"url\":\"https:\\\/\\\/i0.wp.com\\\/zeromagazine.mx\\\/wp-content\\\/uploads\\\/2026\\\/01\\\/IMG_1100-scaled.jpeg?fit=2560%2C1280&ssl=1\",\"contentUrl\":\"https:\\\/\\\/i0.wp.com\\\/zeromagazine.mx\\\/wp-content\\\/uploads\\\/2026\\\/01\\\/IMG_1100-scaled.jpeg?fit=2560%2C1280&ssl=1\",\"width\":2560,\"height\":1280},{\"@type\":\"BreadcrumbList\",\"@id\":\"https:\\\/\\\/zeromagazine.mx\\\/index.php\\\/2026\\\/01\\\/23\\\/vive-latino-historia-musical-2026\\\/#breadcrumb\",\"itemListElement\":[{\"@type\":\"ListItem\",\"position\":1,\"name\":\"Portada\",\"item\":\"https:\\\/\\\/zeromagazine.mx\\\/\"},{\"@type\":\"ListItem\",\"position\":2,\"name\":\"\u00a1\u00a1\u00a1Vive Latino: 26 ediciones de historia, pasi\u00f3n y cultura musical que nos unen!!!\"}]},{\"@type\":\"WebSite\",\"@id\":\"https:\\\/\\\/zeromagazine.mx\\\/#website\",\"url\":\"https:\\\/\\\/zeromagazine.mx\\\/\",\"name\":\"Zero Magazine\",\"description\":\"\",\"publisher\":{\"@id\":\"https:\\\/\\\/zeromagazine.mx\\\/#organization\"},\"potentialAction\":[{\"@type\":\"SearchAction\",\"target\":{\"@type\":\"EntryPoint\",\"urlTemplate\":\"https:\\\/\\\/zeromagazine.mx\\\/?s={search_term_string}\"},\"query-input\":{\"@type\":\"PropertyValueSpecification\",\"valueRequired\":true,\"valueName\":\"search_term_string\"}}],\"inLanguage\":\"es\"},{\"@type\":\"Organization\",\"@id\":\"https:\\\/\\\/zeromagazine.mx\\\/#organization\",\"name\":\"Zero Magazine\",\"url\":\"https:\\\/\\\/zeromagazine.mx\\\/\",\"logo\":{\"@type\":\"ImageObject\",\"inLanguage\":\"es\",\"@id\":\"https:\\\/\\\/zeromagazine.mx\\\/#\\\/schema\\\/logo\\\/image\\\/\",\"url\":\"https:\\\/\\\/i0.wp.com\\\/zeromagazine.mx\\\/wp-content\\\/uploads\\\/2025\\\/11\\\/1.jpeg?fit=1000%2C1000&ssl=1\",\"contentUrl\":\"https:\\\/\\\/i0.wp.com\\\/zeromagazine.mx\\\/wp-content\\\/uploads\\\/2025\\\/11\\\/1.jpeg?fit=1000%2C1000&ssl=1\",\"width\":1000,\"height\":1000,\"caption\":\"Zero Magazine\"},\"image\":{\"@id\":\"https:\\\/\\\/zeromagazine.mx\\\/#\\\/schema\\\/logo\\\/image\\\/\"},\"sameAs\":[\"https:\\\/\\\/instagram.com\\\/zeromagazinemx\"]},{\"@type\":\"Person\",\"@id\":\"https:\\\/\\\/zeromagazine.mx\\\/#\\\/schema\\\/person\\\/9f7f1a17c60ba8e9980e3e6677aabe5a\",\"name\":\"David Morales\",\"image\":{\"@type\":\"ImageObject\",\"inLanguage\":\"es\",\"@id\":\"https:\\\/\\\/zeromagazine.mx\\\/wp-content\\\/litespeed\\\/avatar\\\/76069d2136bfc1c37dc34815bb67ca42.jpg?ver=1776966186\",\"url\":\"https:\\\/\\\/zeromagazine.mx\\\/wp-content\\\/litespeed\\\/avatar\\\/76069d2136bfc1c37dc34815bb67ca42.jpg?ver=1776966186\",\"contentUrl\":\"https:\\\/\\\/zeromagazine.mx\\\/wp-content\\\/litespeed\\\/avatar\\\/76069d2136bfc1c37dc34815bb67ca42.jpg?ver=1776966186\",\"caption\":\"David Morales\"},\"url\":\"https:\\\/\\\/zeromagazine.mx\\\/index.php\\\/author\\\/david\\\/\"}]}<\/script>\n<!-- \/ Yoast SEO plugin. -->","yoast_head_json":{"title":"\u00a1\u00a1\u00a1Vive Latino: 26 ediciones de historia, pasi\u00f3n y cultura musical que nos unen!!! - Zero Magazine","description":"Vive Latino historia musical celebra 26 ediciones uniendo cultura, comunidad y m\u00fasica en uno de los festivales m\u00e1s ic\u00f3nicos.","robots":{"index":"index","follow":"follow","max-snippet":"max-snippet:-1","max-image-preview":"max-image-preview:large","max-video-preview":"max-video-preview:-1"},"canonical":"https:\/\/zeromagazine.mx\/index.php\/2026\/01\/23\/vive-latino-historia-musical-2026\/","og_locale":"es_ES","og_type":"article","og_title":"\u00a1\u00a1\u00a1Vive Latino: 26 ediciones de historia, pasi\u00f3n y cultura musical que nos unen!!! - Zero Magazine","og_description":"Vive Latino historia musical celebra 26 ediciones uniendo cultura, comunidad y m\u00fasica en uno de los festivales m\u00e1s ic\u00f3nicos.","og_url":"https:\/\/zeromagazine.mx\/index.php\/2026\/01\/23\/vive-latino-historia-musical-2026\/","og_site_name":"Zero Magazine","article_published_time":"2026-01-23T22:04:19+00:00","article_modified_time":"2026-01-23T22:04:51+00:00","og_image":[{"width":2560,"height":1280,"url":"http:\/\/zeromagazine.mx\/wp-content\/uploads\/2026\/01\/IMG_1100-scaled.jpeg","type":"image\/jpeg"}],"author":"David Morales","twitter_card":"summary_large_image","twitter_misc":{"Escrito por":"David Morales","Tiempo de lectura":"4 minutos"},"schema":{"@context":"https:\/\/schema.org","@graph":[{"@type":"Article","@id":"https:\/\/zeromagazine.mx\/index.php\/2026\/01\/23\/vive-latino-historia-musical-2026\/#article","isPartOf":{"@id":"https:\/\/zeromagazine.mx\/index.php\/2026\/01\/23\/vive-latino-historia-musical-2026\/"},"author":{"name":"David Morales","@id":"https:\/\/zeromagazine.mx\/#\/schema\/person\/9f7f1a17c60ba8e9980e3e6677aabe5a"},"headline":"\u00a1\u00a1\u00a1Vive Latino: 26 ediciones de historia, pasi\u00f3n y cultura musical que nos unen!!!","datePublished":"2026-01-23T22:04:19+00:00","dateModified":"2026-01-23T22:04:51+00:00","mainEntityOfPage":{"@id":"https:\/\/zeromagazine.mx\/index.php\/2026\/01\/23\/vive-latino-historia-musical-2026\/"},"wordCount":650,"commentCount":0,"publisher":{"@id":"https:\/\/zeromagazine.mx\/#organization"},"image":{"@id":"https:\/\/zeromagazine.mx\/index.php\/2026\/01\/23\/vive-latino-historia-musical-2026\/#primaryimage"},"thumbnailUrl":"https:\/\/i0.wp.com\/zeromagazine.mx\/wp-content\/uploads\/2026\/01\/IMG_1100-scaled.jpeg?fit=2560%2C1280&ssl=1","articleSection":["Concierto","Entretenimiento","M\u00fasica"],"inLanguage":"es","potentialAction":[{"@type":"CommentAction","name":"Comment","target":["https:\/\/zeromagazine.mx\/index.php\/2026\/01\/23\/vive-latino-historia-musical-2026\/#respond"]}]},{"@type":"WebPage","@id":"https:\/\/zeromagazine.mx\/index.php\/2026\/01\/23\/vive-latino-historia-musical-2026\/","url":"https:\/\/zeromagazine.mx\/index.php\/2026\/01\/23\/vive-latino-historia-musical-2026\/","name":"\u00a1\u00a1\u00a1Vive Latino: 26 ediciones de historia, pasi\u00f3n y cultura musical que nos unen!!! - Zero Magazine","isPartOf":{"@id":"https:\/\/zeromagazine.mx\/#website"},"primaryImageOfPage":{"@id":"https:\/\/zeromagazine.mx\/index.php\/2026\/01\/23\/vive-latino-historia-musical-2026\/#primaryimage"},"image":{"@id":"https:\/\/zeromagazine.mx\/index.php\/2026\/01\/23\/vive-latino-historia-musical-2026\/#primaryimage"},"thumbnailUrl":"https:\/\/i0.wp.com\/zeromagazine.mx\/wp-content\/uploads\/2026\/01\/IMG_1100-scaled.jpeg?fit=2560%2C1280&ssl=1","datePublished":"2026-01-23T22:04:19+00:00","dateModified":"2026-01-23T22:04:51+00:00","description":"Vive Latino historia musical celebra 26 ediciones uniendo cultura, comunidad y m\u00fasica en uno de los festivales m\u00e1s ic\u00f3nicos.","breadcrumb":{"@id":"https:\/\/zeromagazine.mx\/index.php\/2026\/01\/23\/vive-latino-historia-musical-2026\/#breadcrumb"},"inLanguage":"es","potentialAction":[{"@type":"ReadAction","target":["https:\/\/zeromagazine.mx\/index.php\/2026\/01\/23\/vive-latino-historia-musical-2026\/"]}]},{"@type":"ImageObject","inLanguage":"es","@id":"https:\/\/zeromagazine.mx\/index.php\/2026\/01\/23\/vive-latino-historia-musical-2026\/#primaryimage","url":"https:\/\/i0.wp.com\/zeromagazine.mx\/wp-content\/uploads\/2026\/01\/IMG_1100-scaled.jpeg?fit=2560%2C1280&ssl=1","contentUrl":"https:\/\/i0.wp.com\/zeromagazine.mx\/wp-content\/uploads\/2026\/01\/IMG_1100-scaled.jpeg?fit=2560%2C1280&ssl=1","width":2560,"height":1280},{"@type":"BreadcrumbList","@id":"https:\/\/zeromagazine.mx\/index.php\/2026\/01\/23\/vive-latino-historia-musical-2026\/#breadcrumb","itemListElement":[{"@type":"ListItem","position":1,"name":"Portada","item":"https:\/\/zeromagazine.mx\/"},{"@type":"ListItem","position":2,"name":"\u00a1\u00a1\u00a1Vive Latino: 26 ediciones de historia, pasi\u00f3n y cultura musical que nos unen!!!"}]},{"@type":"WebSite","@id":"https:\/\/zeromagazine.mx\/#website","url":"https:\/\/zeromagazine.mx\/","name":"Zero Magazine","description":"","publisher":{"@id":"https:\/\/zeromagazine.mx\/#organization"},"potentialAction":[{"@type":"SearchAction","target":{"@type":"EntryPoint","urlTemplate":"https:\/\/zeromagazine.mx\/?s={search_term_string}"},"query-input":{"@type":"PropertyValueSpecification","valueRequired":true,"valueName":"search_term_string"}}],"inLanguage":"es"},{"@type":"Organization","@id":"https:\/\/zeromagazine.mx\/#organization","name":"Zero Magazine","url":"https:\/\/zeromagazine.mx\/","logo":{"@type":"ImageObject","inLanguage":"es","@id":"https:\/\/zeromagazine.mx\/#\/schema\/logo\/image\/","url":"https:\/\/i0.wp.com\/zeromagazine.mx\/wp-content\/uploads\/2025\/11\/1.jpeg?fit=1000%2C1000&ssl=1","contentUrl":"https:\/\/i0.wp.com\/zeromagazine.mx\/wp-content\/uploads\/2025\/11\/1.jpeg?fit=1000%2C1000&ssl=1","width":1000,"height":1000,"caption":"Zero Magazine"},"image":{"@id":"https:\/\/zeromagazine.mx\/#\/schema\/logo\/image\/"},"sameAs":["https:\/\/instagram.com\/zeromagazinemx"]},{"@type":"Person","@id":"https:\/\/zeromagazine.mx\/#\/schema\/person\/9f7f1a17c60ba8e9980e3e6677aabe5a","name":"David Morales","image":{"@type":"ImageObject","inLanguage":"es","@id":"https:\/\/zeromagazine.mx\/wp-content\/litespeed\/avatar\/76069d2136bfc1c37dc34815bb67ca42.jpg?ver=1776966186","url":"https:\/\/zeromagazine.mx\/wp-content\/litespeed\/avatar\/76069d2136bfc1c37dc34815bb67ca42.jpg?ver=1776966186","contentUrl":"https:\/\/zeromagazine.mx\/wp-content\/litespeed\/avatar\/76069d2136bfc1c37dc34815bb67ca42.jpg?ver=1776966186","caption":"David Morales"},"url":"https:\/\/zeromagazine.mx\/index.php\/author\/david\/"}]}},"jetpack_publicize_connections":[],"jetpack_featured_media_url":"https:\/\/i0.wp.com\/zeromagazine.mx\/wp-content\/uploads\/2026\/01\/IMG_1100-scaled.jpeg?fit=2560%2C1280&ssl=1","jetpack-related-posts":[{"id":116928,"url":"https:\/\/zeromagazine.mx\/index.php\/2026\/03\/18\/vive-latino-2026-festival-mexico\/","url_meta":{"origin":114102,"position":0},"title":"Vive Latino 2026 arras\u00f3 en CDMX","author":"David Morales","date":"18 de marzo de 2026","format":false,"excerpt":"El\u00a0Vive Latino 2026\u00a0dej\u00f3 claro por qu\u00e9 sigue siendo uno de los festivales m\u00e1s importantes de Am\u00e9rica Latina. Durante dos d\u00edas intensos de m\u00fasica, energ\u00eda colectiva y momentos inesperados, el\u00a0Vive Latino\u00a0volvi\u00f3 a convertir a la Ciudad de M\u00e9xico en el punto de encuentro para miles de fans que llegaron listos para\u2026","rel":"","context":"En \u00abBlog\u00bb","block_context":{"text":"Blog","link":"https:\/\/zeromagazine.mx\/index.php\/category\/blog\/"},"img":{"alt_text":"vive latino 2026 escenario principal del festival","src":"https:\/\/i0.wp.com\/zeromagazine.mx\/wp-content\/uploads\/2026\/03\/IMG_1770-scaled.jpeg?fit=1200%2C800&ssl=1&resize=350%2C200","width":350,"height":200,"srcset":"https:\/\/i0.wp.com\/zeromagazine.mx\/wp-content\/uploads\/2026\/03\/IMG_1770-scaled.jpeg?fit=1200%2C800&ssl=1&resize=350%2C200 1x, https:\/\/i0.wp.com\/zeromagazine.mx\/wp-content\/uploads\/2026\/03\/IMG_1770-scaled.jpeg?fit=1200%2C800&ssl=1&resize=525%2C300 1.5x, https:\/\/i0.wp.com\/zeromagazine.mx\/wp-content\/uploads\/2026\/03\/IMG_1770-scaled.jpeg?fit=1200%2C800&ssl=1&resize=700%2C400 2x, https:\/\/i0.wp.com\/zeromagazine.mx\/wp-content\/uploads\/2026\/03\/IMG_1770-scaled.jpeg?fit=1200%2C800&ssl=1&resize=1050%2C600 3x"},"classes":[]},{"id":116584,"url":"https:\/\/zeromagazine.mx\/index.php\/2026\/03\/12\/bajaj-vive-latino-2026\/","url_meta":{"origin":114102,"position":1},"title":"BAJAJ enciende motores para Vive Latino 2026","author":"David Morales","date":"12 de marzo de 2026","format":false,"excerpt":"La relaci\u00f3n entre la m\u00fasica y el estilo de vida urbano siempre ha estado conectada con la libertad, la velocidad y la expresi\u00f3n personal. Por eso,\u00a0BAJAJ Vive Latino 2026\u00a0se convierte en una de las participaciones m\u00e1s llamativas dentro del festival, llevando al p\u00fablico una experiencia que mezcla motocicletas, tecnolog\u00eda y\u2026","rel":"","context":"En \u00abBlog\u00bb","block_context":{"text":"Blog","link":"https:\/\/zeromagazine.mx\/index.php\/category\/blog\/"},"img":{"alt_text":"","src":"https:\/\/i0.wp.com\/zeromagazine.mx\/wp-content\/uploads\/2026\/03\/IMG_1703.png?fit=1182%2C665&ssl=1&resize=350%2C200","width":350,"height":200,"srcset":"https:\/\/i0.wp.com\/zeromagazine.mx\/wp-content\/uploads\/2026\/03\/IMG_1703.png?fit=1182%2C665&ssl=1&resize=350%2C200 1x, https:\/\/i0.wp.com\/zeromagazine.mx\/wp-content\/uploads\/2026\/03\/IMG_1703.png?fit=1182%2C665&ssl=1&resize=525%2C300 1.5x, https:\/\/i0.wp.com\/zeromagazine.mx\/wp-content\/uploads\/2026\/03\/IMG_1703.png?fit=1182%2C665&ssl=1&resize=700%2C400 2x, https:\/\/i0.wp.com\/zeromagazine.mx\/wp-content\/uploads\/2026\/03\/IMG_1703.png?fit=1182%2C665&ssl=1&resize=1050%2C600 3x"},"classes":[]},{"id":96966,"url":"https:\/\/zeromagazine.mx\/index.php\/2025\/02\/17\/vive-latino-2025\/","url_meta":{"origin":114102,"position":2},"title":"Vive Latino: \u00a025 a\u00f1os de m\u00fasica, cultura y fiesta","author":"David Morales","date":"17 de febrero de 2025","format":false,"excerpt":"Ha pasado un tiempo desde que se llev\u00f3 a cabo la primera edici\u00f3n del festival\u00a0Vive Latino\u00a0y de la mano de Amazon, este a\u00f1o la fiesta de la m\u00fasica, lucha libre, comedia y de cultura latinoamericana se celebrar\u00e1 los d\u00edas 15 y 16 de marzo en el\u00a0Estadio GNP Seguros, prometiendo un\u2026","rel":"","context":"En \u00abEntretenimiento\u00bb","block_context":{"text":"Entretenimiento","link":"https:\/\/zeromagazine.mx\/index.php\/category\/entretenimiento\/"},"img":{"alt_text":"","src":"https:\/\/i0.wp.com\/zeromagazine.mx\/wp-content\/uploads\/2025\/02\/VL-2025-8-1.jpg?fit=1200%2C628&ssl=1&resize=350%2C200","width":350,"height":200,"srcset":"https:\/\/i0.wp.com\/zeromagazine.mx\/wp-content\/uploads\/2025\/02\/VL-2025-8-1.jpg?fit=1200%2C628&ssl=1&resize=350%2C200 1x, https:\/\/i0.wp.com\/zeromagazine.mx\/wp-content\/uploads\/2025\/02\/VL-2025-8-1.jpg?fit=1200%2C628&ssl=1&resize=525%2C300 1.5x, https:\/\/i0.wp.com\/zeromagazine.mx\/wp-content\/uploads\/2025\/02\/VL-2025-8-1.jpg?fit=1200%2C628&ssl=1&resize=700%2C400 2x, https:\/\/i0.wp.com\/zeromagazine.mx\/wp-content\/uploads\/2025\/02\/VL-2025-8-1.jpg?fit=1200%2C628&ssl=1&resize=1050%2C600 3x"},"classes":[]},{"id":116972,"url":"https:\/\/zeromagazine.mx\/index.php\/2026\/03\/18\/staff-vive-latino-vales\/","url_meta":{"origin":114102,"position":3},"title":"Regalan vales de despensa para el staff del Vive Latino","author":"David Morales","date":"18 de marzo de 2026","format":false,"excerpt":"Detr\u00e1s de cada festival gigante hay miles de personas que casi nunca aparecen en las fotos, pero sin ellas nada pasar\u00eda. En la edici\u00f3n n\u00famero 26 del\u00a0Festival Vive Latino, el reconocimiento no fue solo para las bandas que subieron al escenario, tambi\u00e9n fue para quienes montan estructuras, coordinan accesos, cargan\u2026","rel":"","context":"En \u00abBlog\u00bb","block_context":{"text":"Blog","link":"https:\/\/zeromagazine.mx\/index.php\/category\/blog\/"},"img":{"alt_text":"","src":"https:\/\/i0.wp.com\/zeromagazine.mx\/wp-content\/uploads\/2026\/03\/03.png?fit=1200%2C973&ssl=1&resize=350%2C200","width":350,"height":200,"srcset":"https:\/\/i0.wp.com\/zeromagazine.mx\/wp-content\/uploads\/2026\/03\/03.png?fit=1200%2C973&ssl=1&resize=350%2C200 1x, https:\/\/i0.wp.com\/zeromagazine.mx\/wp-content\/uploads\/2026\/03\/03.png?fit=1200%2C973&ssl=1&resize=525%2C300 1.5x, https:\/\/i0.wp.com\/zeromagazine.mx\/wp-content\/uploads\/2026\/03\/03.png?fit=1200%2C973&ssl=1&resize=700%2C400 2x, https:\/\/i0.wp.com\/zeromagazine.mx\/wp-content\/uploads\/2026\/03\/03.png?fit=1200%2C973&ssl=1&resize=1050%2C600 3x"},"classes":[]},{"id":79210,"url":"https:\/\/zeromagazine.mx\/index.php\/2024\/06\/25\/tecate-sonoro-2024-descubre-el-oasis-musical\/","url_meta":{"origin":114102,"position":4},"title":"Tecate Sonoro 2024: Descubre el Oasis Musical","author":"zeromagazinemx","date":"25 de junio de 2024","format":false,"excerpt":"\u00bfListes para lo que se viene? Tecate Sonoro 2024 est\u00e1 a punto de convertir Hermosillo en el epicentro de la m\u00fasica y la diversi\u00f3n. Imaginen este escenario: un oasis de sonidos vibrantes y experiencias \u00fanicas que nos espera el pr\u00f3ximo 9 de noviembre en el Parque La Ruina. Prep\u00e1rense para\u2026","rel":"","context":"En \u00abEntretenimiento\u00bb","block_context":{"text":"Entretenimiento","link":"https:\/\/zeromagazine.mx\/index.php\/category\/entretenimiento\/"},"img":{"alt_text":"","src":"https:\/\/i0.wp.com\/zeromagazine.mx\/wp-content\/uploads\/2024\/06\/unnamed-10-4.jpg?fit=960%2C1200&ssl=1&resize=350%2C200","width":350,"height":200,"srcset":"https:\/\/i0.wp.com\/zeromagazine.mx\/wp-content\/uploads\/2024\/06\/unnamed-10-4.jpg?fit=960%2C1200&ssl=1&resize=350%2C200 1x, https:\/\/i0.wp.com\/zeromagazine.mx\/wp-content\/uploads\/2024\/06\/unnamed-10-4.jpg?fit=960%2C1200&ssl=1&resize=525%2C300 1.5x, https:\/\/i0.wp.com\/zeromagazine.mx\/wp-content\/uploads\/2024\/06\/unnamed-10-4.jpg?fit=960%2C1200&ssl=1&resize=700%2C400 2x"},"classes":[]},{"id":98617,"url":"https:\/\/zeromagazine.mx\/index.php\/2025\/02\/18\/ultimos-boletos-de-vive-latino-202\/","url_meta":{"origin":114102,"position":5},"title":"Vive Latino 2025: La fiesta Est\u00e1 Lista","author":"David Morales","date":"18 de febrero de 2025","format":false,"excerpt":"Amix, el Vive Latino est\u00e1 m\u00e1s cerca que nunca y esta edici\u00f3n no es cualquier edici\u00f3n\u2026 \u00a1son 25 a\u00f1os de historia, m\u00fasica y cultura celebrados en un solo fin de semana \u00e9pico! Si a\u00fan no tienes boleto, te tenemos buenas noticias: llega el D\u00eda VL con boletos a precio especial.\u2026","rel":"","context":"En \u00abEntretenimiento\u00bb","block_context":{"text":"Entretenimiento","link":"https:\/\/zeromagazine.mx\/index.php\/category\/entretenimiento\/"},"img":{"alt_text":"","src":"https:\/\/i0.wp.com\/zeromagazine.mx\/wp-content\/uploads\/2025\/03\/Dia-VL-2025-1.png?fit=1080%2C1080&ssl=1&resize=350%2C200","width":350,"height":200,"srcset":"https:\/\/i0.wp.com\/zeromagazine.mx\/wp-content\/uploads\/2025\/03\/Dia-VL-2025-1.png?fit=1080%2C1080&ssl=1&resize=350%2C200 1x, https:\/\/i0.wp.com\/zeromagazine.mx\/wp-content\/uploads\/2025\/03\/Dia-VL-2025-1.png?fit=1080%2C1080&ssl=1&resize=525%2C300 1.5x, https:\/\/i0.wp.com\/zeromagazine.mx\/wp-content\/uploads\/2025\/03\/Dia-VL-2025-1.png?fit=1080%2C1080&ssl=1&resize=700%2C400 2x, https:\/\/i0.wp.com\/zeromagazine.mx\/wp-content\/uploads\/2025\/03\/Dia-VL-2025-1.png?fit=1080%2C1080&ssl=1&resize=1050%2C600 3x"},"classes":[]}],"jetpack_sharing_enabled":true,"builder_content":"","_links":{"self":[{"href":"https:\/\/zeromagazine.mx\/index.php\/wp-json\/wp\/v2\/posts\/114102","targetHints":{"allow":["GET"]}}],"collection":[{"href":"https:\/\/zeromagazine.mx\/index.php\/wp-json\/wp\/v2\/posts"}],"about":[{"href":"https:\/\/zeromagazine.mx\/index.php\/wp-json\/wp\/v2\/types\/post"}],"author":[{"embeddable":true,"href":"https:\/\/zeromagazine.mx\/index.php\/wp-json\/wp\/v2\/users\/4"}],"replies":[{"embeddable":true,"href":"https:\/\/zeromagazine.mx\/index.php\/wp-json\/wp\/v2\/comments?post=114102"}],"version-history":[{"count":4,"href":"https:\/\/zeromagazine.mx\/index.php\/wp-json\/wp\/v2\/posts\/114102\/revisions"}],"predecessor-version":[{"id":114109,"href":"https:\/\/zeromagazine.mx\/index.php\/wp-json\/wp\/v2\/posts\/114102\/revisions\/114109"}],"wp:featuredmedia":[{"embeddable":true,"href":"https:\/\/zeromagazine.mx\/index.php\/wp-json\/wp\/v2\/media\/114104"}],"wp:attachment":[{"href":"https:\/\/zeromagazine.mx\/index.php\/wp-json\/wp\/v2\/media?parent=114102"}],"wp:term":[{"taxonomy":"category","embeddable":true,"href":"https:\/\/zeromagazine.mx\/index.php\/wp-json\/wp\/v2\/categories?post=114102"},{"taxonomy":"post_tag","embeddable":true,"href":"https:\/\/zeromagazine.mx\/index.php\/wp-json\/wp\/v2\/tags?post=114102"}],"curies":[{"name":"wp","href":"https:\/\/api.w.org\/{rel}","templated":true}]}}