{"id":114110,"date":"2026-01-23T16:12:36","date_gmt":"2026-01-23T22:12:36","guid":{"rendered":"https:\/\/zeromagazine.mx\/?p=114110"},"modified":"2026-01-23T16:12:37","modified_gmt":"2026-01-23T22:12:37","slug":"formula-1-exhibicion-cdmx-2026","status":"publish","type":"post","link":"https:\/\/zeromagazine.mx\/index.php\/2026\/01\/23\/formula-1-exhibicion-cdmx-2026\/","title":{"rendered":"Formula 1\u00ae: La Exhibici\u00f3n abre sus puertas por primera vez en CDMX el pr\u00f3ximo 20 de marzo"},"content":{"rendered":"<!--themify_builder_content-->\n<div id=\"themify_builder_content-114110\" data-postid=\"114110\" class=\"themify_builder_content themify_builder_content-114110 themify_builder tf_clear\">\n    <\/div>\n<!--\/themify_builder_content-->\n\n\n<p><strong>Formula 1 Exhibici\u00f3n CDMX<\/strong>&nbsp;marca un antes y un despu\u00e9s para la escena cultural y deportiva de la ciudad. A partir del pr\u00f3ximo 20 de marzo, la capital se convierte en parada oficial de una de las experiencias inmersivas m\u00e1s impresionantes del automovilismo mundial. Por primera vez en M\u00e9xico,&nbsp;<em>Formula 1\u00ae: La Exhibici\u00f3n<\/em>&nbsp;abre sus puertas en Yama Punta Museo para llevar a fans y curiosos a un viaje que mezcla velocidad, historia, dise\u00f1o e innovaci\u00f3n como nunca antes.<\/p>\n\n\n\n<p>Desde su estreno internacional, esta exhibici\u00f3n ha roto r\u00e9cords y expectativas. Ahora, llega a la CDMX con todo el peso de su legado global y con una propuesta pensada para vivirse con todos los sentidos. No es solo ver autos: es entender por qu\u00e9 la F\u00f3rmula 1\u00ae se ha convertido en uno de los deportes con mayor crecimiento y relevancia cultural a nivel mundial.<\/p>\n\n\n\n<h3 class=\"wp-block-heading\"><strong>Formula 1 Exhibici\u00f3n CDMX y el fen\u00f3meno global<\/strong><\/h3>\n\n\n\n<p>Para empezar,&nbsp;<strong>Formula 1 Exhibici\u00f3n CDMX<\/strong>&nbsp;aterriza en M\u00e9xico despu\u00e9s de conquistar ciudades como Madrid, Viena, Toronto, Londres y Buenos Aires, acumulando m\u00e1s de un mill\u00f3n de visitantes en todo el mundo. Cada sede ha sido adaptada para dialogar con su contexto local, y la Ciudad de M\u00e9xico no ser\u00e1 la excepci\u00f3n.<\/p>\n\n\n\n<figure class=\"wp-block-gallery has-nested-images columns-default is-cropped wp-block-gallery-1 is-layout-flex wp-block-gallery-is-layout-flex\">\n<figure class=\"wp-block-image size-large\"><img data-recalc-dims=\"1\" decoding=\"async\" width=\"400\" height=\"277\" data-id=\"114112\" src=\"https:\/\/i0.wp.com\/zeromagazine.mx\/wp-content\/uploads\/2026\/01\/IMG_1104.jpeg?resize=400%2C277&#038;ssl=1\" alt=\"\" class=\"wp-image-114112\" srcset=\"https:\/\/i0.wp.com\/zeromagazine.mx\/wp-content\/uploads\/2026\/01\/IMG_1104.jpeg?w=400&amp;ssl=1 400w, https:\/\/i0.wp.com\/zeromagazine.mx\/wp-content\/uploads\/2026\/01\/IMG_1104.jpeg?resize=300%2C208&amp;ssl=1 300w\" sizes=\"(max-width: 400px) 100vw, 400px\" \/><\/figure>\n<\/figure>\n\n\n\n<p>Aqu\u00ed, la F\u00f3rmula 1\u00ae no es ajena. El Gran Premio de la Ciudad de M\u00e9xico es considerado uno de los mejores del calendario internacional, y la afici\u00f3n mexicana se ha ganado fama por su pasi\u00f3n, energ\u00eda y entrega total. Esta exhibici\u00f3n llega justo para alimentar ese v\u00ednculo y llevarlo m\u00e1s all\u00e1 del Aut\u00f3dromo Hermanos Rodr\u00edguez.<\/p>\n\n\n\n<p>Adem\u00e1s, el recorrido se despliega a lo largo de m\u00e1s de 2,000 metros cuadrados distribuidos en seis salas tem\u00e1ticas, desarrolladas junto a curadores, artistas y cineastas de renombre. Cada espacio est\u00e1 dise\u00f1ado para contar una historia distinta, conectando el pasado, el presente y el futuro del deporte.<\/p>\n\n\n\n<h3 class=\"wp-block-heading\"><strong>Formula 1 Exhibici\u00f3n CDMX: un viaje inmersivo<\/strong><\/h3>\n\n\n\n<p>Por otro lado, el recorrido inicia con&nbsp;<em>The Pit Wall<\/em>, una experiencia audiovisual cinematogr\u00e1fica que revive los momentos m\u00e1s intensos de la F\u00f3rmula 1\u00ae desde una perspectiva inmersiva. Es el tipo de inicio que te pone la piel de gallina incluso antes de arrancar.<\/p>\n\n\n\n<p>Despu\u00e9s,&nbsp;<em>Once Upon A Time In Formula 1\u00ae<\/em>&nbsp;transporta al visitante a los or\u00edgenes del campeonato con autos hist\u00f3ricos, fotograf\u00edas in\u00e9ditas y piezas originales que narran d\u00e9cadas de evoluci\u00f3n, rivalidades y haza\u00f1as legendarias.<\/p>\n\n\n\n<p>Mientras tanto,&nbsp;<em>Design Lab<\/em>&nbsp;abre las puertas al lado m\u00e1s t\u00e9cnico del deporte, revelando c\u00f3mo se dise\u00f1an y construyen los monoplazas temporada tras temporada. Aqu\u00ed se entiende por qu\u00e9 la F\u00f3rmula 1\u00ae es sin\u00f3nimo de ingenier\u00eda extrema y creatividad sin l\u00edmites.<\/p>\n\n\n\n<p>M\u00e1s adelante,&nbsp;<em>Drivers &amp; Duels<\/em>&nbsp;celebra a las figuras que marcaron \u00e9poca, sus enfrentamientos hist\u00f3ricos y las carreras que definieron generaciones enteras. En contraste,&nbsp;<em>Fallen Heroes<\/em>&nbsp;invita a una pausa reflexiva, rindiendo homenaje a los pilotos que perdieron la vida persiguiendo la gloria.<\/p>\n\n\n\n<figure class=\"wp-block-gallery has-nested-images columns-default is-cropped wp-block-gallery-2 is-layout-flex wp-block-gallery-is-layout-flex\">\n<figure class=\"wp-block-image size-full\"><img data-recalc-dims=\"1\" decoding=\"async\" width=\"1000\" height=\"667\" data-id=\"114114\" src=\"https:\/\/i0.wp.com\/zeromagazine.mx\/wp-content\/uploads\/2026\/01\/IMG_1106.jpeg?resize=1000%2C667&#038;ssl=1\" alt=\"\" class=\"wp-image-114114\" srcset=\"https:\/\/i0.wp.com\/zeromagazine.mx\/wp-content\/uploads\/2026\/01\/IMG_1106.jpeg?w=1000&amp;ssl=1 1000w, https:\/\/i0.wp.com\/zeromagazine.mx\/wp-content\/uploads\/2026\/01\/IMG_1106.jpeg?resize=300%2C200&amp;ssl=1 300w, https:\/\/i0.wp.com\/zeromagazine.mx\/wp-content\/uploads\/2026\/01\/IMG_1106.jpeg?resize=768%2C512&amp;ssl=1 768w\" sizes=\"(max-width: 1000px) 100vw, 1000px\" \/><\/figure>\n<\/figure>\n\n\n\n<p>Finalmente,&nbsp;<em>Survival<\/em>&nbsp;impacta de lleno con la reconstrucci\u00f3n del accidente de Romain Grosjean en 2020, mostrando los restos de su monoplaza y una instalaci\u00f3n audiovisual que habla de riesgo, resiliencia y avances en seguridad.<\/p>\n\n\n\n<h3 class=\"wp-block-heading\"><strong>Una experiencia pensada para M\u00e9xico<\/strong><\/h3>\n\n\n\n<p>Adem\u00e1s,&nbsp;<strong>Formula 1 Exhibici\u00f3n CDMX<\/strong>&nbsp;contar\u00e1 con una sala especial dedicada al contexto local, celebrando el circuito mexicano y a sus h\u00e9roes, incluido Sergio P\u00e9rez. Esta curadur\u00eda exclusiva refuerza la conexi\u00f3n emocional entre el deporte y su afici\u00f3n en el pa\u00eds.<\/p>\n\n\n\n<p>La exhibici\u00f3n no solo informa, tambi\u00e9n emociona. Es una invitaci\u00f3n a entender la F\u00f3rmula 1\u00ae como cultura, espect\u00e1culo y tecnolog\u00eda, todo en un mismo espacio.<\/p>\n\n\n\n<p>La venta de boletos inicia el 28 de enero a trav\u00e9s de Fever, con acceso anticipado para quienes se registren previamente. Si la velocidad, el dise\u00f1o y la adrenalina forman parte de tu ADN, este plan es imperdible.<\/p>","protected":false},"excerpt":{"rendered":"<p>Formula 1 Exhibici\u00f3n CDMX&nbsp;marca un antes y un despu\u00e9s para la escena cultural y deportiva de la ciudad. A partir del pr\u00f3ximo 20 de marzo, la capital se convierte en parada oficial de una de las experiencias inmersivas m\u00e1s impresionantes del automovilismo mundial. Por primera vez en M\u00e9xico,&nbsp;Formula 1\u00ae: La Exhibici\u00f3n&nbsp;abre sus puertas en Yama [&hellip;]<\/p>\n","protected":false},"author":4,"featured_media":114111,"comment_status":"open","ping_status":"open","sticky":false,"template":"","format":"standard","meta":{"_jetpack_memberships_contains_paid_content":false,"footnotes":"","jetpack_publicize_message":"","jetpack_publicize_feature_enabled":true,"jetpack_social_post_already_shared":true,"jetpack_social_options":{"image_generator_settings":{"template":"highway","default_image_id":0,"font":"","enabled":false},"version":2}},"categories":[117],"tags":[],"class_list":["post-114110","post","type-post","status-publish","format-standard","has-post-thumbnail","hentry","category-entretenimiento","has-post-title","has-post-date","has-post-category","has-post-tag","has-post-comment","has-post-author",""],"yoast_head":"<!-- This site is optimized with the Yoast SEO plugin v27.4 - https:\/\/yoast.com\/product\/yoast-seo-wordpress\/ -->\n<title>Formula 1\u00ae: La Exhibici\u00f3n abre sus puertas por primera vez en CDMX el pr\u00f3ximo 20 de marzo - Zero Magazine<\/title>\n<meta name=\"description\" content=\"Formula 1 Exhibici\u00f3n CDMX llega por primera vez a M\u00e9xico con una experiencia inmersiva que conecta historia, velocidad e innovaci\u00f3n.\" \/>\n<meta name=\"robots\" content=\"index, follow, max-snippet:-1, max-image-preview:large, max-video-preview:-1\" \/>\n<link rel=\"canonical\" href=\"https:\/\/zeromagazine.mx\/index.php\/2026\/01\/23\/formula-1-exhibicion-cdmx-2026\/\" \/>\n<meta property=\"og:locale\" content=\"es_ES\" \/>\n<meta property=\"og:type\" content=\"article\" \/>\n<meta property=\"og:title\" content=\"Formula 1\u00ae: La Exhibici\u00f3n abre sus puertas por primera vez en CDMX el pr\u00f3ximo 20 de marzo - Zero Magazine\" \/>\n<meta property=\"og:description\" content=\"Formula 1 Exhibici\u00f3n CDMX llega por primera vez a M\u00e9xico con una experiencia inmersiva que conecta historia, velocidad e innovaci\u00f3n.\" \/>\n<meta property=\"og:url\" content=\"https:\/\/zeromagazine.mx\/index.php\/2026\/01\/23\/formula-1-exhibicion-cdmx-2026\/\" \/>\n<meta property=\"og:site_name\" content=\"Zero Magazine\" \/>\n<meta property=\"article:published_time\" content=\"2026-01-23T22:12:36+00:00\" \/>\n<meta property=\"article:modified_time\" content=\"2026-01-23T22:12:37+00:00\" \/>\n<meta property=\"og:image\" content=\"http:\/\/zeromagazine.mx\/wp-content\/uploads\/2026\/01\/IMG_1103.jpeg\" \/>\n\t<meta property=\"og:image:width\" content=\"400\" \/>\n\t<meta property=\"og:image:height\" content=\"267\" \/>\n\t<meta property=\"og:image:type\" content=\"image\/jpeg\" \/>\n<meta name=\"author\" content=\"David Morales\" \/>\n<meta name=\"twitter:card\" content=\"summary_large_image\" \/>\n<meta name=\"twitter:label1\" content=\"Escrito por\" \/>\n\t<meta name=\"twitter:data1\" content=\"David Morales\" \/>\n\t<meta name=\"twitter:label2\" content=\"Tiempo de lectura\" \/>\n\t<meta name=\"twitter:data2\" content=\"4 minutos\" \/>\n<script type=\"application\/ld+json\" class=\"yoast-schema-graph\">{\"@context\":\"https:\\\/\\\/schema.org\",\"@graph\":[{\"@type\":\"Article\",\"@id\":\"https:\\\/\\\/zeromagazine.mx\\\/index.php\\\/2026\\\/01\\\/23\\\/formula-1-exhibicion-cdmx-2026\\\/#article\",\"isPartOf\":{\"@id\":\"https:\\\/\\\/zeromagazine.mx\\\/index.php\\\/2026\\\/01\\\/23\\\/formula-1-exhibicion-cdmx-2026\\\/\"},\"author\":{\"name\":\"David Morales\",\"@id\":\"https:\\\/\\\/zeromagazine.mx\\\/#\\\/schema\\\/person\\\/9f7f1a17c60ba8e9980e3e6677aabe5a\"},\"headline\":\"Formula 1\u00ae: La Exhibici\u00f3n abre sus puertas por primera vez en CDMX el pr\u00f3ximo 20 de marzo\",\"datePublished\":\"2026-01-23T22:12:36+00:00\",\"dateModified\":\"2026-01-23T22:12:37+00:00\",\"mainEntityOfPage\":{\"@id\":\"https:\\\/\\\/zeromagazine.mx\\\/index.php\\\/2026\\\/01\\\/23\\\/formula-1-exhibicion-cdmx-2026\\\/\"},\"wordCount\":710,\"commentCount\":0,\"publisher\":{\"@id\":\"https:\\\/\\\/zeromagazine.mx\\\/#organization\"},\"image\":{\"@id\":\"https:\\\/\\\/zeromagazine.mx\\\/index.php\\\/2026\\\/01\\\/23\\\/formula-1-exhibicion-cdmx-2026\\\/#primaryimage\"},\"thumbnailUrl\":\"https:\\\/\\\/i0.wp.com\\\/zeromagazine.mx\\\/wp-content\\\/uploads\\\/2026\\\/01\\\/IMG_1103.jpeg?fit=400%2C267&ssl=1\",\"articleSection\":[\"Entretenimiento\"],\"inLanguage\":\"es\",\"potentialAction\":[{\"@type\":\"CommentAction\",\"name\":\"Comment\",\"target\":[\"https:\\\/\\\/zeromagazine.mx\\\/index.php\\\/2026\\\/01\\\/23\\\/formula-1-exhibicion-cdmx-2026\\\/#respond\"]}]},{\"@type\":\"WebPage\",\"@id\":\"https:\\\/\\\/zeromagazine.mx\\\/index.php\\\/2026\\\/01\\\/23\\\/formula-1-exhibicion-cdmx-2026\\\/\",\"url\":\"https:\\\/\\\/zeromagazine.mx\\\/index.php\\\/2026\\\/01\\\/23\\\/formula-1-exhibicion-cdmx-2026\\\/\",\"name\":\"Formula 1\u00ae: La Exhibici\u00f3n abre sus puertas por primera vez en CDMX el pr\u00f3ximo 20 de marzo - Zero Magazine\",\"isPartOf\":{\"@id\":\"https:\\\/\\\/zeromagazine.mx\\\/#website\"},\"primaryImageOfPage\":{\"@id\":\"https:\\\/\\\/zeromagazine.mx\\\/index.php\\\/2026\\\/01\\\/23\\\/formula-1-exhibicion-cdmx-2026\\\/#primaryimage\"},\"image\":{\"@id\":\"https:\\\/\\\/zeromagazine.mx\\\/index.php\\\/2026\\\/01\\\/23\\\/formula-1-exhibicion-cdmx-2026\\\/#primaryimage\"},\"thumbnailUrl\":\"https:\\\/\\\/i0.wp.com\\\/zeromagazine.mx\\\/wp-content\\\/uploads\\\/2026\\\/01\\\/IMG_1103.jpeg?fit=400%2C267&ssl=1\",\"datePublished\":\"2026-01-23T22:12:36+00:00\",\"dateModified\":\"2026-01-23T22:12:37+00:00\",\"description\":\"Formula 1 Exhibici\u00f3n CDMX llega por primera vez a M\u00e9xico con una experiencia inmersiva que conecta historia, velocidad e innovaci\u00f3n.\",\"breadcrumb\":{\"@id\":\"https:\\\/\\\/zeromagazine.mx\\\/index.php\\\/2026\\\/01\\\/23\\\/formula-1-exhibicion-cdmx-2026\\\/#breadcrumb\"},\"inLanguage\":\"es\",\"potentialAction\":[{\"@type\":\"ReadAction\",\"target\":[\"https:\\\/\\\/zeromagazine.mx\\\/index.php\\\/2026\\\/01\\\/23\\\/formula-1-exhibicion-cdmx-2026\\\/\"]}]},{\"@type\":\"ImageObject\",\"inLanguage\":\"es\",\"@id\":\"https:\\\/\\\/zeromagazine.mx\\\/index.php\\\/2026\\\/01\\\/23\\\/formula-1-exhibicion-cdmx-2026\\\/#primaryimage\",\"url\":\"https:\\\/\\\/i0.wp.com\\\/zeromagazine.mx\\\/wp-content\\\/uploads\\\/2026\\\/01\\\/IMG_1103.jpeg?fit=400%2C267&ssl=1\",\"contentUrl\":\"https:\\\/\\\/i0.wp.com\\\/zeromagazine.mx\\\/wp-content\\\/uploads\\\/2026\\\/01\\\/IMG_1103.jpeg?fit=400%2C267&ssl=1\",\"width\":400,\"height\":267},{\"@type\":\"BreadcrumbList\",\"@id\":\"https:\\\/\\\/zeromagazine.mx\\\/index.php\\\/2026\\\/01\\\/23\\\/formula-1-exhibicion-cdmx-2026\\\/#breadcrumb\",\"itemListElement\":[{\"@type\":\"ListItem\",\"position\":1,\"name\":\"Portada\",\"item\":\"https:\\\/\\\/zeromagazine.mx\\\/\"},{\"@type\":\"ListItem\",\"position\":2,\"name\":\"Formula 1\u00ae: La Exhibici\u00f3n abre sus puertas por primera vez en CDMX el pr\u00f3ximo 20 de marzo\"}]},{\"@type\":\"WebSite\",\"@id\":\"https:\\\/\\\/zeromagazine.mx\\\/#website\",\"url\":\"https:\\\/\\\/zeromagazine.mx\\\/\",\"name\":\"Zero Magazine\",\"description\":\"\",\"publisher\":{\"@id\":\"https:\\\/\\\/zeromagazine.mx\\\/#organization\"},\"potentialAction\":[{\"@type\":\"SearchAction\",\"target\":{\"@type\":\"EntryPoint\",\"urlTemplate\":\"https:\\\/\\\/zeromagazine.mx\\\/?s={search_term_string}\"},\"query-input\":{\"@type\":\"PropertyValueSpecification\",\"valueRequired\":true,\"valueName\":\"search_term_string\"}}],\"inLanguage\":\"es\"},{\"@type\":\"Organization\",\"@id\":\"https:\\\/\\\/zeromagazine.mx\\\/#organization\",\"name\":\"Zero Magazine\",\"url\":\"https:\\\/\\\/zeromagazine.mx\\\/\",\"logo\":{\"@type\":\"ImageObject\",\"inLanguage\":\"es\",\"@id\":\"https:\\\/\\\/zeromagazine.mx\\\/#\\\/schema\\\/logo\\\/image\\\/\",\"url\":\"https:\\\/\\\/i0.wp.com\\\/zeromagazine.mx\\\/wp-content\\\/uploads\\\/2025\\\/11\\\/1.jpeg?fit=1000%2C1000&ssl=1\",\"contentUrl\":\"https:\\\/\\\/i0.wp.com\\\/zeromagazine.mx\\\/wp-content\\\/uploads\\\/2025\\\/11\\\/1.jpeg?fit=1000%2C1000&ssl=1\",\"width\":1000,\"height\":1000,\"caption\":\"Zero Magazine\"},\"image\":{\"@id\":\"https:\\\/\\\/zeromagazine.mx\\\/#\\\/schema\\\/logo\\\/image\\\/\"},\"sameAs\":[\"https:\\\/\\\/instagram.com\\\/zeromagazinemx\"]},{\"@type\":\"Person\",\"@id\":\"https:\\\/\\\/zeromagazine.mx\\\/#\\\/schema\\\/person\\\/9f7f1a17c60ba8e9980e3e6677aabe5a\",\"name\":\"David Morales\",\"image\":{\"@type\":\"ImageObject\",\"inLanguage\":\"es\",\"@id\":\"https:\\\/\\\/zeromagazine.mx\\\/wp-content\\\/litespeed\\\/avatar\\\/76069d2136bfc1c37dc34815bb67ca42.jpg?ver=1776966186\",\"url\":\"https:\\\/\\\/zeromagazine.mx\\\/wp-content\\\/litespeed\\\/avatar\\\/76069d2136bfc1c37dc34815bb67ca42.jpg?ver=1776966186\",\"contentUrl\":\"https:\\\/\\\/zeromagazine.mx\\\/wp-content\\\/litespeed\\\/avatar\\\/76069d2136bfc1c37dc34815bb67ca42.jpg?ver=1776966186\",\"caption\":\"David Morales\"},\"url\":\"https:\\\/\\\/zeromagazine.mx\\\/index.php\\\/author\\\/david\\\/\"}]}<\/script>\n<!-- \/ Yoast SEO plugin. -->","yoast_head_json":{"title":"Formula 1\u00ae: La Exhibici\u00f3n abre sus puertas por primera vez en CDMX el pr\u00f3ximo 20 de marzo - Zero Magazine","description":"Formula 1 Exhibici\u00f3n CDMX llega por primera vez a M\u00e9xico con una experiencia inmersiva que conecta historia, velocidad e innovaci\u00f3n.","robots":{"index":"index","follow":"follow","max-snippet":"max-snippet:-1","max-image-preview":"max-image-preview:large","max-video-preview":"max-video-preview:-1"},"canonical":"https:\/\/zeromagazine.mx\/index.php\/2026\/01\/23\/formula-1-exhibicion-cdmx-2026\/","og_locale":"es_ES","og_type":"article","og_title":"Formula 1\u00ae: La Exhibici\u00f3n abre sus puertas por primera vez en CDMX el pr\u00f3ximo 20 de marzo - Zero Magazine","og_description":"Formula 1 Exhibici\u00f3n CDMX llega por primera vez a M\u00e9xico con una experiencia inmersiva que conecta historia, velocidad e innovaci\u00f3n.","og_url":"https:\/\/zeromagazine.mx\/index.php\/2026\/01\/23\/formula-1-exhibicion-cdmx-2026\/","og_site_name":"Zero Magazine","article_published_time":"2026-01-23T22:12:36+00:00","article_modified_time":"2026-01-23T22:12:37+00:00","og_image":[{"width":400,"height":267,"url":"http:\/\/zeromagazine.mx\/wp-content\/uploads\/2026\/01\/IMG_1103.jpeg","type":"image\/jpeg"}],"author":"David Morales","twitter_card":"summary_large_image","twitter_misc":{"Escrito por":"David Morales","Tiempo de lectura":"4 minutos"},"schema":{"@context":"https:\/\/schema.org","@graph":[{"@type":"Article","@id":"https:\/\/zeromagazine.mx\/index.php\/2026\/01\/23\/formula-1-exhibicion-cdmx-2026\/#article","isPartOf":{"@id":"https:\/\/zeromagazine.mx\/index.php\/2026\/01\/23\/formula-1-exhibicion-cdmx-2026\/"},"author":{"name":"David Morales","@id":"https:\/\/zeromagazine.mx\/#\/schema\/person\/9f7f1a17c60ba8e9980e3e6677aabe5a"},"headline":"Formula 1\u00ae: La Exhibici\u00f3n abre sus puertas por primera vez en CDMX el pr\u00f3ximo 20 de marzo","datePublished":"2026-01-23T22:12:36+00:00","dateModified":"2026-01-23T22:12:37+00:00","mainEntityOfPage":{"@id":"https:\/\/zeromagazine.mx\/index.php\/2026\/01\/23\/formula-1-exhibicion-cdmx-2026\/"},"wordCount":710,"commentCount":0,"publisher":{"@id":"https:\/\/zeromagazine.mx\/#organization"},"image":{"@id":"https:\/\/zeromagazine.mx\/index.php\/2026\/01\/23\/formula-1-exhibicion-cdmx-2026\/#primaryimage"},"thumbnailUrl":"https:\/\/i0.wp.com\/zeromagazine.mx\/wp-content\/uploads\/2026\/01\/IMG_1103.jpeg?fit=400%2C267&ssl=1","articleSection":["Entretenimiento"],"inLanguage":"es","potentialAction":[{"@type":"CommentAction","name":"Comment","target":["https:\/\/zeromagazine.mx\/index.php\/2026\/01\/23\/formula-1-exhibicion-cdmx-2026\/#respond"]}]},{"@type":"WebPage","@id":"https:\/\/zeromagazine.mx\/index.php\/2026\/01\/23\/formula-1-exhibicion-cdmx-2026\/","url":"https:\/\/zeromagazine.mx\/index.php\/2026\/01\/23\/formula-1-exhibicion-cdmx-2026\/","name":"Formula 1\u00ae: La Exhibici\u00f3n abre sus puertas por primera vez en CDMX el pr\u00f3ximo 20 de marzo - Zero Magazine","isPartOf":{"@id":"https:\/\/zeromagazine.mx\/#website"},"primaryImageOfPage":{"@id":"https:\/\/zeromagazine.mx\/index.php\/2026\/01\/23\/formula-1-exhibicion-cdmx-2026\/#primaryimage"},"image":{"@id":"https:\/\/zeromagazine.mx\/index.php\/2026\/01\/23\/formula-1-exhibicion-cdmx-2026\/#primaryimage"},"thumbnailUrl":"https:\/\/i0.wp.com\/zeromagazine.mx\/wp-content\/uploads\/2026\/01\/IMG_1103.jpeg?fit=400%2C267&ssl=1","datePublished":"2026-01-23T22:12:36+00:00","dateModified":"2026-01-23T22:12:37+00:00","description":"Formula 1 Exhibici\u00f3n CDMX llega por primera vez a M\u00e9xico con una experiencia inmersiva que conecta historia, velocidad e innovaci\u00f3n.","breadcrumb":{"@id":"https:\/\/zeromagazine.mx\/index.php\/2026\/01\/23\/formula-1-exhibicion-cdmx-2026\/#breadcrumb"},"inLanguage":"es","potentialAction":[{"@type":"ReadAction","target":["https:\/\/zeromagazine.mx\/index.php\/2026\/01\/23\/formula-1-exhibicion-cdmx-2026\/"]}]},{"@type":"ImageObject","inLanguage":"es","@id":"https:\/\/zeromagazine.mx\/index.php\/2026\/01\/23\/formula-1-exhibicion-cdmx-2026\/#primaryimage","url":"https:\/\/i0.wp.com\/zeromagazine.mx\/wp-content\/uploads\/2026\/01\/IMG_1103.jpeg?fit=400%2C267&ssl=1","contentUrl":"https:\/\/i0.wp.com\/zeromagazine.mx\/wp-content\/uploads\/2026\/01\/IMG_1103.jpeg?fit=400%2C267&ssl=1","width":400,"height":267},{"@type":"BreadcrumbList","@id":"https:\/\/zeromagazine.mx\/index.php\/2026\/01\/23\/formula-1-exhibicion-cdmx-2026\/#breadcrumb","itemListElement":[{"@type":"ListItem","position":1,"name":"Portada","item":"https:\/\/zeromagazine.mx\/"},{"@type":"ListItem","position":2,"name":"Formula 1\u00ae: La Exhibici\u00f3n abre sus puertas por primera vez en CDMX el pr\u00f3ximo 20 de marzo"}]},{"@type":"WebSite","@id":"https:\/\/zeromagazine.mx\/#website","url":"https:\/\/zeromagazine.mx\/","name":"Zero Magazine","description":"","publisher":{"@id":"https:\/\/zeromagazine.mx\/#organization"},"potentialAction":[{"@type":"SearchAction","target":{"@type":"EntryPoint","urlTemplate":"https:\/\/zeromagazine.mx\/?s={search_term_string}"},"query-input":{"@type":"PropertyValueSpecification","valueRequired":true,"valueName":"search_term_string"}}],"inLanguage":"es"},{"@type":"Organization","@id":"https:\/\/zeromagazine.mx\/#organization","name":"Zero Magazine","url":"https:\/\/zeromagazine.mx\/","logo":{"@type":"ImageObject","inLanguage":"es","@id":"https:\/\/zeromagazine.mx\/#\/schema\/logo\/image\/","url":"https:\/\/i0.wp.com\/zeromagazine.mx\/wp-content\/uploads\/2025\/11\/1.jpeg?fit=1000%2C1000&ssl=1","contentUrl":"https:\/\/i0.wp.com\/zeromagazine.mx\/wp-content\/uploads\/2025\/11\/1.jpeg?fit=1000%2C1000&ssl=1","width":1000,"height":1000,"caption":"Zero Magazine"},"image":{"@id":"https:\/\/zeromagazine.mx\/#\/schema\/logo\/image\/"},"sameAs":["https:\/\/instagram.com\/zeromagazinemx"]},{"@type":"Person","@id":"https:\/\/zeromagazine.mx\/#\/schema\/person\/9f7f1a17c60ba8e9980e3e6677aabe5a","name":"David Morales","image":{"@type":"ImageObject","inLanguage":"es","@id":"https:\/\/zeromagazine.mx\/wp-content\/litespeed\/avatar\/76069d2136bfc1c37dc34815bb67ca42.jpg?ver=1776966186","url":"https:\/\/zeromagazine.mx\/wp-content\/litespeed\/avatar\/76069d2136bfc1c37dc34815bb67ca42.jpg?ver=1776966186","contentUrl":"https:\/\/zeromagazine.mx\/wp-content\/litespeed\/avatar\/76069d2136bfc1c37dc34815bb67ca42.jpg?ver=1776966186","caption":"David Morales"},"url":"https:\/\/zeromagazine.mx\/index.php\/author\/david\/"}]}},"jetpack_publicize_connections":[],"jetpack_featured_media_url":"https:\/\/i0.wp.com\/zeromagazine.mx\/wp-content\/uploads\/2026\/01\/IMG_1103.jpeg?fit=400%2C267&ssl=1","jetpack-related-posts":[{"id":114631,"url":"https:\/\/zeromagazine.mx\/index.php\/2026\/02\/02\/formula-1-exhibicion-boletos-cdmx\/","url_meta":{"origin":114110,"position":0},"title":"Inicia la venta de boletos para Formula 1\u00ae: La Exhibici\u00f3n","author":"David Morales","date":"2 de febrero de 2026","format":false,"excerpt":"La espera termin\u00f3 y las se\u00f1ales son claras: la Ciudad de M\u00e9xico se prepara para vivir la velocidad como nunca antes.\u00a0Formula 1\u00ae: La Exhibici\u00f3n\u00a0aterriza oficialmente en la capital y el inicio de la venta de entradas marca el arranque de una experiencia que va mucho m\u00e1s all\u00e1 de ver autos\u2026","rel":"","context":"En \u00abBlog\u00bb","block_context":{"text":"Blog","link":"https:\/\/zeromagazine.mx\/index.php\/category\/blog\/"},"img":{"alt_text":"","src":"https:\/\/i0.wp.com\/zeromagazine.mx\/wp-content\/uploads\/2026\/02\/IMG_1285.jpeg?fit=720%2C720&ssl=1&resize=350%2C200","width":350,"height":200,"srcset":"https:\/\/i0.wp.com\/zeromagazine.mx\/wp-content\/uploads\/2026\/02\/IMG_1285.jpeg?fit=720%2C720&ssl=1&resize=350%2C200 1x, https:\/\/i0.wp.com\/zeromagazine.mx\/wp-content\/uploads\/2026\/02\/IMG_1285.jpeg?fit=720%2C720&ssl=1&resize=525%2C300 1.5x, https:\/\/i0.wp.com\/zeromagazine.mx\/wp-content\/uploads\/2026\/02\/IMG_1285.jpeg?fit=720%2C720&ssl=1&resize=700%2C400 2x"},"classes":[]},{"id":87279,"url":"https:\/\/zeromagazine.mx\/index.php\/2024\/10\/17\/arte-wixarika-cultura-meets-modern-vibes\/","url_meta":{"origin":114110,"position":1},"title":"\u00abArte Wix\u00e1rika: Cultura Meets Modern Vibes\u00bb","author":"zeromagazinemx","date":"17 de octubre de 2024","format":false,"excerpt":"\u00bfYa conoc\u00edas este nombre? Si no, te est\u00e1s perdiendo una joya de la cultura mexicana que, con un toque super fresh, ha revolucionado el arte tradicional a otro nivel. So, let me tell you everything about c\u00f3mo este maestro del arte y su team est\u00e1n llevando el colorido arte Wix\u00e1rika\u2026","rel":"","context":"En \u00abCultura\u00bb","block_context":{"text":"Cultura","link":"https:\/\/zeromagazine.mx\/index.php\/category\/cultura\/"},"img":{"alt_text":"","src":"https:\/\/i0.wp.com\/zeromagazine.mx\/wp-content\/uploads\/2024\/10\/WhatsApp-Image-2024-10-08-at-5.01.42-PM.jpeg?fit=902%2C1200&ssl=1&resize=350%2C200","width":350,"height":200,"srcset":"https:\/\/i0.wp.com\/zeromagazine.mx\/wp-content\/uploads\/2024\/10\/WhatsApp-Image-2024-10-08-at-5.01.42-PM.jpeg?fit=902%2C1200&ssl=1&resize=350%2C200 1x, https:\/\/i0.wp.com\/zeromagazine.mx\/wp-content\/uploads\/2024\/10\/WhatsApp-Image-2024-10-08-at-5.01.42-PM.jpeg?fit=902%2C1200&ssl=1&resize=525%2C300 1.5x, https:\/\/i0.wp.com\/zeromagazine.mx\/wp-content\/uploads\/2024\/10\/WhatsApp-Image-2024-10-08-at-5.01.42-PM.jpeg?fit=902%2C1200&ssl=1&resize=700%2C400 2x"},"classes":[]},{"id":57451,"url":"https:\/\/zeromagazine.mx\/index.php\/2021\/11\/05\/plumas-la-exhibicion-individual-de-deborah-kruger-inaugurara-una-nueva-sala-dentro-de-la-galeria-prpgmx\/","url_meta":{"origin":114110,"position":2},"title":"Plumas, la exhibici\u00f3n individual de Deborah Kruger inaugurar\u00e1 una nueva sala dentro de la galer\u00eda PRPGmx","author":"zeromagazinemx","date":"5 de noviembre de 2021","format":false,"excerpt":"Deborah, quien cuenta con una larga lista expositiva en M\u00e9xico y Estados Unidos desde los a\u00f1os ochenta, debutara su serie m\u00e1s reciente en la Ciudad de M\u00e9xico. Por Marian Ricco Se trata de una exhibici\u00f3n individual del artista, quien presentara por primera vez sus trabajos m\u00e1s recientes. La muestra estar\u00e1\u2026","rel":"","context":"En \u00abEntretenimiento\u00bb","block_context":{"text":"Entretenimiento","link":"https:\/\/zeromagazine.mx\/index.php\/category\/entretenimiento\/"},"img":{"alt_text":"","src":"https:\/\/i0.wp.com\/zeromagazinemx.wpcomstaging.com\/wp-content\/uploads\/2022\/02\/5519d-deborah-kruger.png?resize=350%2C200&ssl=1","width":350,"height":200,"srcset":"https:\/\/i0.wp.com\/zeromagazinemx.wpcomstaging.com\/wp-content\/uploads\/2022\/02\/5519d-deborah-kruger.png?resize=350%2C200&ssl=1 1x, https:\/\/i0.wp.com\/zeromagazinemx.wpcomstaging.com\/wp-content\/uploads\/2022\/02\/5519d-deborah-kruger.png?resize=525%2C300&ssl=1 1.5x, https:\/\/i0.wp.com\/zeromagazinemx.wpcomstaging.com\/wp-content\/uploads\/2022\/02\/5519d-deborah-kruger.png?resize=700%2C400&ssl=1 2x"},"classes":[]},{"id":97564,"url":"https:\/\/zeromagazine.mx\/index.php\/2025\/02\/25\/planes-imperdibles-en-san-diego\/","url_meta":{"origin":114110,"position":3},"title":"Planes imperdibles en San Diego","author":"David Morales","date":"25 de febrero de 2025","format":false,"excerpt":"Si andas buscando un destino fresco para esta primavera, San Diego se viene con todo. Desde eventos deportivos hasta estrenos culturales y propuestas gastron\u00f3micas, hay mil razones para lanzarte a esta ciudad. Y en este art\u00edculo amix, te cuento lo m\u00e1s cool que podr\u00e1s encontrar en los pr\u00f3ximos meses. Atracciones\u2026","rel":"","context":"En \u00abBlog\u00bb","block_context":{"text":"Blog","link":"https:\/\/zeromagazine.mx\/index.php\/category\/blog\/"},"img":{"alt_text":"","src":"https:\/\/i0.wp.com\/zeromagazine.mx\/wp-content\/uploads\/2025\/02\/20220824_DIG_3106_MAS.jpg?fit=1200%2C600&ssl=1&resize=350%2C200","width":350,"height":200,"srcset":"https:\/\/i0.wp.com\/zeromagazine.mx\/wp-content\/uploads\/2025\/02\/20220824_DIG_3106_MAS.jpg?fit=1200%2C600&ssl=1&resize=350%2C200 1x, https:\/\/i0.wp.com\/zeromagazine.mx\/wp-content\/uploads\/2025\/02\/20220824_DIG_3106_MAS.jpg?fit=1200%2C600&ssl=1&resize=525%2C300 1.5x, https:\/\/i0.wp.com\/zeromagazine.mx\/wp-content\/uploads\/2025\/02\/20220824_DIG_3106_MAS.jpg?fit=1200%2C600&ssl=1&resize=700%2C400 2x, https:\/\/i0.wp.com\/zeromagazine.mx\/wp-content\/uploads\/2025\/02\/20220824_DIG_3106_MAS.jpg?fit=1200%2C600&ssl=1&resize=1050%2C600 3x"},"classes":[]},{"id":55291,"url":"https:\/\/zeromagazine.mx\/index.php\/2021\/10\/01\/llega-a-mexico-redream-la-serie-mas-reciente-de-robert-rausch\/","url_meta":{"origin":114110,"position":4},"title":"LLEGA A M\u00c9XICO REDREAM, LA SERIE M\u00c1S RECIENTE DE ROBERT RAUSCH","author":"zeromagazinemx","date":"1 de octubre de 2021","format":false,"excerpt":"El fot\u00f3grafo estadounidense se contin\u00faa abri\u00e9ndose camino en las bellas artes y elige a nuestro pa\u00eds para exhibir su m\u00e1s reciente producci\u00f3n.\u00a0 Por Marian Ricco La muestra ya est\u00e1 disponible para ser consultada de manera virtual a trav\u00e9s de Artsy.net y podr\u00e1 ser visitada de manera presencial del 1 de\u2026","rel":"","context":"En \u00abBlog\u00bb","block_context":{"text":"Blog","link":"https:\/\/zeromagazine.mx\/index.php\/category\/blog\/"},"img":{"alt_text":"","src":"","width":0,"height":0},"classes":[]},{"id":101173,"url":"https:\/\/zeromagazine.mx\/index.php\/2025\/04\/10\/cosentino-vibra-con-arte\/","url_meta":{"origin":114110,"position":5},"title":"Cosentino Vibra Con Arte","author":"David Morales","date":"10 de abril de 2025","format":false,"excerpt":"Amix, si est\u00e1s buscando un plan gratis, bonito, cultural y muy aesthetic para este abril, tienes que lanzarte al Mes del Arte by Cosentino. El showroom de Cosentino City Polanco se transforma todo el mes en una galer\u00eda viva donde se celebra el dise\u00f1o, la innovaci\u00f3n y, obvi, el arte\u2026","rel":"","context":"En \u00abCultura\u00bb","block_context":{"text":"Cultura","link":"https:\/\/zeromagazine.mx\/index.php\/category\/cultura\/"},"img":{"alt_text":"","src":"https:\/\/i0.wp.com\/zeromagazine.mx\/wp-content\/uploads\/2025\/04\/foto2.jpeg?fit=1019%2C680&ssl=1&resize=350%2C200","width":350,"height":200,"srcset":"https:\/\/i0.wp.com\/zeromagazine.mx\/wp-content\/uploads\/2025\/04\/foto2.jpeg?fit=1019%2C680&ssl=1&resize=350%2C200 1x, https:\/\/i0.wp.com\/zeromagazine.mx\/wp-content\/uploads\/2025\/04\/foto2.jpeg?fit=1019%2C680&ssl=1&resize=525%2C300 1.5x, https:\/\/i0.wp.com\/zeromagazine.mx\/wp-content\/uploads\/2025\/04\/foto2.jpeg?fit=1019%2C680&ssl=1&resize=700%2C400 2x"},"classes":[]}],"jetpack_sharing_enabled":true,"builder_content":"","_links":{"self":[{"href":"https:\/\/zeromagazine.mx\/index.php\/wp-json\/wp\/v2\/posts\/114110","targetHints":{"allow":["GET"]}}],"collection":[{"href":"https:\/\/zeromagazine.mx\/index.php\/wp-json\/wp\/v2\/posts"}],"about":[{"href":"https:\/\/zeromagazine.mx\/index.php\/wp-json\/wp\/v2\/types\/post"}],"author":[{"embeddable":true,"href":"https:\/\/zeromagazine.mx\/index.php\/wp-json\/wp\/v2\/users\/4"}],"replies":[{"embeddable":true,"href":"https:\/\/zeromagazine.mx\/index.php\/wp-json\/wp\/v2\/comments?post=114110"}],"version-history":[{"count":2,"href":"https:\/\/zeromagazine.mx\/index.php\/wp-json\/wp\/v2\/posts\/114110\/revisions"}],"predecessor-version":[{"id":114116,"href":"https:\/\/zeromagazine.mx\/index.php\/wp-json\/wp\/v2\/posts\/114110\/revisions\/114116"}],"wp:featuredmedia":[{"embeddable":true,"href":"https:\/\/zeromagazine.mx\/index.php\/wp-json\/wp\/v2\/media\/114111"}],"wp:attachment":[{"href":"https:\/\/zeromagazine.mx\/index.php\/wp-json\/wp\/v2\/media?parent=114110"}],"wp:term":[{"taxonomy":"category","embeddable":true,"href":"https:\/\/zeromagazine.mx\/index.php\/wp-json\/wp\/v2\/categories?post=114110"},{"taxonomy":"post_tag","embeddable":true,"href":"https:\/\/zeromagazine.mx\/index.php\/wp-json\/wp\/v2\/tags?post=114110"}],"curies":[{"name":"wp","href":"https:\/\/api.w.org\/{rel}","templated":true}]}}