{"id":114131,"date":"2026-01-23T16:48:04","date_gmt":"2026-01-23T22:48:04","guid":{"rendered":"https:\/\/zeromagazine.mx\/?p=114131"},"modified":"2026-01-23T16:48:06","modified_gmt":"2026-01-23T22:48:06","slug":"expo-naturista-anipron-wtc","status":"publish","type":"post","link":"https:\/\/zeromagazine.mx\/index.php\/2026\/01\/23\/expo-naturista-anipron-wtc\/","title":{"rendered":"Expo Naturista ANIPRON celebra una exitosa primera edici\u00f3n en el WTC"},"content":{"rendered":"<!--themify_builder_content-->\n<div id=\"themify_builder_content-114131\" data-postid=\"114131\" class=\"themify_builder_content themify_builder_content-114131 themify_builder tf_clear\">\n    <\/div>\n<!--\/themify_builder_content-->\n\n\n<p>La&nbsp;<strong>Expo Naturista ANIPRON<\/strong>&nbsp;lleg\u00f3 para dejar claro que el bienestar, lo natural y el autocuidado ya no son solo una tendencia pasajera, sino un estilo de vida que cada vez suma m\u00e1s personas. En su primera edici\u00f3n en el World Trade Center de la Ciudad de M\u00e9xico, el evento se convirti\u00f3 en un punto de encuentro clave para quienes buscan alternativas m\u00e1s conscientes para cuidar su cuerpo, su energ\u00eda y su d\u00eda a d\u00eda.<\/p>\n\n\n\n<p>Desde el primer momento, el ambiente se sinti\u00f3 distinto: marcas, especialistas, emprendedores y asistentes conectando en un espacio donde la salud se vive sin complicaciones ni discursos aburridos. Aqu\u00ed, lo natural se explic\u00f3 de forma clara, accesible y muy aterrizada a la realidad actual.<\/p>\n\n\n\n<p><strong>Adem\u00e1s<\/strong>, el acceso gratuito permiti\u00f3 que miles de personas se acercaran sin barreras a descubrir suplementos, productos herbolarios, propuestas innovadoras y nuevas formas de entender el bienestar integral.<\/p>\n\n\n\n<h3 class=\"wp-block-heading\"><strong>ANIPRON como punto de encuentro<\/strong><\/h3>\n\n\n\n<p>La&nbsp;<strong>Expo Naturista ANIPRON<\/strong>&nbsp;se celebr\u00f3 los d\u00edas 17 y 18 de enero, logrando reunir a m\u00e1s de 6,000 asistentes y consolid\u00e1ndose desde su arranque como uno de los eventos m\u00e1s relevantes del sector naturista y de suplementos alimenticios en M\u00e9xico y Latinoam\u00e9rica.<\/p>\n\n\n\n<p>La inauguraci\u00f3n estuvo a cargo del cantante y actor Ernesto D\u2019Alessio, quien dio el banderazo oficial a una edici\u00f3n que apost\u00f3 fuerte por la profesionalizaci\u00f3n de la industria. Junto a \u00e9l, Beatriz Vega, organizadora del evento, y Alejandro Toriz, representante de ANIPRON, destacaron la importancia de crear un espacio digno, confiable y estrat\u00e9gico para presentar productos al mercado nacional e internacional.<\/p>\n\n\n\n<p><strong>Por otro lado<\/strong>, el evento no solo fue un escaparate, sino tambi\u00e9n un espacio B2B y B2C donde se impulsaron alianzas comerciales, networking real y oportunidades de crecimiento para marcas y distribuidores.<\/p>\n\n\n\n<figure class=\"wp-block-gallery has-nested-images columns-default is-cropped wp-block-gallery-1 is-layout-flex wp-block-gallery-is-layout-flex\">\n<figure class=\"wp-block-image size-large\"><img data-recalc-dims=\"1\" decoding=\"async\" width=\"768\" height=\"1024\" data-id=\"114137\" src=\"https:\/\/i0.wp.com\/zeromagazine.mx\/wp-content\/uploads\/2026\/01\/Ernesto-Dalessio-768x1024.jpeg?resize=768%2C1024&#038;ssl=1\" alt=\"\" class=\"wp-image-114137\" srcset=\"https:\/\/i0.wp.com\/zeromagazine.mx\/wp-content\/uploads\/2026\/01\/Ernesto-Dalessio.jpeg?resize=768%2C1024&amp;ssl=1 768w, https:\/\/i0.wp.com\/zeromagazine.mx\/wp-content\/uploads\/2026\/01\/Ernesto-Dalessio.jpeg?resize=225%2C300&amp;ssl=1 225w, https:\/\/i0.wp.com\/zeromagazine.mx\/wp-content\/uploads\/2026\/01\/Ernesto-Dalessio.jpeg?resize=1152%2C1536&amp;ssl=1 1152w, https:\/\/i0.wp.com\/zeromagazine.mx\/wp-content\/uploads\/2026\/01\/Ernesto-Dalessio.jpeg?w=1200&amp;ssl=1 1200w\" sizes=\"(max-width: 768px) 100vw, 768px\" \/><\/figure>\n<\/figure>\n\n\n\n<h3 class=\"wp-block-heading\"><strong>El auge del bienestar consciente<\/strong><\/h3>\n\n\n\n<p>Uno de los grandes aciertos de la&nbsp;<strong>Expo Naturista ANIPRON<\/strong>&nbsp;fue conectar con una audiencia que busca sentirse bien sin caer en extremos. El mensaje fue claro: los suplementos alimenticios, usados de manera responsable y como complemento de una buena alimentaci\u00f3n, pueden apoyar funciones espec\u00edficas del cuerpo y ayudar a cubrir carencias.<\/p>\n\n\n\n<p><strong>Asimismo<\/strong>, el movimiento naturista tom\u00f3 protagonismo con propuestas basadas en ingredientes de origen vegetal, f\u00f3rmulas m\u00e1s limpias y estilos de vida enfocados en la prevenci\u00f3n y el equilibrio. Todo explicado de forma directa, sin promesas m\u00e1gicas, pero con informaci\u00f3n \u00fatil y real.<\/p>\n\n\n\n<p>M\u00e1s de 150 expositores participaron, entre ellos marcas como GN+Vida, Therbal, Broncolin, CAPSUTEC, Grupo Omega y Herbolaria Saludable. A esto se sumaron experiencias que mantuvieron el mood arriba, como invitados especiales, rifas de alto impacto y un ambiente pensado para aprender, convivir y descubrir.<\/p>\n\n\n\n<figure class=\"wp-block-gallery has-nested-images columns-default is-cropped wp-block-gallery-2 is-layout-flex wp-block-gallery-is-layout-flex\">\n<figure class=\"wp-block-image size-large\"><img data-recalc-dims=\"1\" decoding=\"async\" width=\"768\" height=\"1024\" data-id=\"114136\" src=\"https:\/\/i0.wp.com\/zeromagazine.mx\/wp-content\/uploads\/2026\/01\/Expo-Anipron-2026-1-1-768x1024.jpeg?resize=768%2C1024&#038;ssl=1\" alt=\"\" class=\"wp-image-114136\" srcset=\"https:\/\/i0.wp.com\/zeromagazine.mx\/wp-content\/uploads\/2026\/01\/Expo-Anipron-2026-1-1-scaled.jpeg?resize=768%2C1024&amp;ssl=1 768w, https:\/\/i0.wp.com\/zeromagazine.mx\/wp-content\/uploads\/2026\/01\/Expo-Anipron-2026-1-1-scaled.jpeg?resize=225%2C300&amp;ssl=1 225w, https:\/\/i0.wp.com\/zeromagazine.mx\/wp-content\/uploads\/2026\/01\/Expo-Anipron-2026-1-1-scaled.jpeg?resize=1152%2C1536&amp;ssl=1 1152w, https:\/\/i0.wp.com\/zeromagazine.mx\/wp-content\/uploads\/2026\/01\/Expo-Anipron-2026-1-1-scaled.jpeg?resize=1536%2C2048&amp;ssl=1 1536w, https:\/\/i0.wp.com\/zeromagazine.mx\/wp-content\/uploads\/2026\/01\/Expo-Anipron-2026-1-1-scaled.jpeg?w=1920&amp;ssl=1 1920w\" sizes=\"(max-width: 768px) 100vw, 768px\" \/><\/figure>\n<\/figure>\n\n\n\n<p><strong>Finalmente<\/strong>, la&nbsp;<strong>Expo Naturista ANIPRON<\/strong>&nbsp;cerr\u00f3 su primera edici\u00f3n con resultados s\u00f3lidos, una convocatoria impresionante y una comunidad que claramente quiere m\u00e1s. Todo apunta a que este evento no solo lleg\u00f3 para quedarse, sino para marcar el ritmo del bienestar natural en los pr\u00f3ximos a\u00f1os.<\/p>","protected":false},"excerpt":{"rendered":"<p>La&nbsp;Expo Naturista ANIPRON&nbsp;lleg\u00f3 para dejar claro que el bienestar, lo natural y el autocuidado ya no son solo una tendencia pasajera, sino un estilo de vida que cada vez suma m\u00e1s personas. En su primera edici\u00f3n en el World Trade Center de la Ciudad de M\u00e9xico, el evento se convirti\u00f3 en un punto de encuentro [&hellip;]<\/p>\n","protected":false},"author":4,"featured_media":114134,"comment_status":"open","ping_status":"open","sticky":false,"template":"","format":"standard","meta":{"_jetpack_memberships_contains_paid_content":false,"footnotes":"","jetpack_publicize_message":"","jetpack_publicize_feature_enabled":true,"jetpack_social_post_already_shared":true,"jetpack_social_options":{"image_generator_settings":{"template":"highway","default_image_id":0,"font":"","enabled":false},"version":2}},"categories":[45,1,117],"tags":[],"class_list":["post-114131","post","type-post","status-publish","format-standard","has-post-thumbnail","hentry","category-bienestar","category-blog","category-entretenimiento","has-post-title","has-post-date","has-post-category","has-post-tag","has-post-comment","has-post-author",""],"yoast_head":"<!-- This site is optimized with the Yoast SEO plugin v27.4 - https:\/\/yoast.com\/product\/yoast-seo-wordpress\/ -->\n<title>Expo Naturista ANIPRON celebra una exitosa primera edici\u00f3n en el WTC - Zero Magazine<\/title>\n<meta name=\"description\" content=\"Expo Naturista ANIPRON celebra su exitosa primera edici\u00f3n en el WTC CDMX, reuniendo bienestar, suplementos y vida natural.\" \/>\n<meta name=\"robots\" content=\"index, follow, max-snippet:-1, max-image-preview:large, max-video-preview:-1\" \/>\n<link rel=\"canonical\" href=\"https:\/\/zeromagazine.mx\/index.php\/2026\/01\/23\/expo-naturista-anipron-wtc\/\" \/>\n<meta property=\"og:locale\" content=\"es_ES\" \/>\n<meta property=\"og:type\" content=\"article\" \/>\n<meta property=\"og:title\" content=\"Expo Naturista ANIPRON celebra una exitosa primera edici\u00f3n en el WTC - Zero Magazine\" \/>\n<meta property=\"og:description\" content=\"Expo Naturista ANIPRON celebra su exitosa primera edici\u00f3n en el WTC CDMX, reuniendo bienestar, suplementos y vida natural.\" \/>\n<meta property=\"og:url\" content=\"https:\/\/zeromagazine.mx\/index.php\/2026\/01\/23\/expo-naturista-anipron-wtc\/\" \/>\n<meta property=\"og:site_name\" content=\"Zero Magazine\" \/>\n<meta property=\"article:published_time\" content=\"2026-01-23T22:48:04+00:00\" \/>\n<meta property=\"article:modified_time\" content=\"2026-01-23T22:48:06+00:00\" \/>\n<meta property=\"og:image\" content=\"http:\/\/zeromagazine.mx\/wp-content\/uploads\/2026\/01\/Expo-ANIPRON-2026-3-scaled.jpeg\" \/>\n\t<meta property=\"og:image:width\" content=\"1920\" \/>\n\t<meta property=\"og:image:height\" content=\"2560\" \/>\n\t<meta property=\"og:image:type\" content=\"image\/jpeg\" \/>\n<meta name=\"author\" content=\"David Morales\" \/>\n<meta name=\"twitter:card\" content=\"summary_large_image\" \/>\n<meta name=\"twitter:label1\" content=\"Escrito por\" \/>\n\t<meta name=\"twitter:data1\" content=\"David Morales\" \/>\n\t<meta name=\"twitter:label2\" content=\"Tiempo de lectura\" \/>\n\t<meta name=\"twitter:data2\" content=\"3 minutos\" \/>\n<script type=\"application\/ld+json\" class=\"yoast-schema-graph\">{\"@context\":\"https:\\\/\\\/schema.org\",\"@graph\":[{\"@type\":\"Article\",\"@id\":\"https:\\\/\\\/zeromagazine.mx\\\/index.php\\\/2026\\\/01\\\/23\\\/expo-naturista-anipron-wtc\\\/#article\",\"isPartOf\":{\"@id\":\"https:\\\/\\\/zeromagazine.mx\\\/index.php\\\/2026\\\/01\\\/23\\\/expo-naturista-anipron-wtc\\\/\"},\"author\":{\"name\":\"David Morales\",\"@id\":\"https:\\\/\\\/zeromagazine.mx\\\/#\\\/schema\\\/person\\\/9f7f1a17c60ba8e9980e3e6677aabe5a\"},\"headline\":\"Expo Naturista ANIPRON celebra una exitosa primera edici\u00f3n en el WTC\",\"datePublished\":\"2026-01-23T22:48:04+00:00\",\"dateModified\":\"2026-01-23T22:48:06+00:00\",\"mainEntityOfPage\":{\"@id\":\"https:\\\/\\\/zeromagazine.mx\\\/index.php\\\/2026\\\/01\\\/23\\\/expo-naturista-anipron-wtc\\\/\"},\"wordCount\":528,\"commentCount\":0,\"publisher\":{\"@id\":\"https:\\\/\\\/zeromagazine.mx\\\/#organization\"},\"image\":{\"@id\":\"https:\\\/\\\/zeromagazine.mx\\\/index.php\\\/2026\\\/01\\\/23\\\/expo-naturista-anipron-wtc\\\/#primaryimage\"},\"thumbnailUrl\":\"https:\\\/\\\/i0.wp.com\\\/zeromagazine.mx\\\/wp-content\\\/uploads\\\/2026\\\/01\\\/Expo-ANIPRON-2026-3-scaled.jpeg?fit=1920%2C2560&ssl=1\",\"articleSection\":[\"Bienestar\",\"Blog\",\"Entretenimiento\"],\"inLanguage\":\"es\",\"potentialAction\":[{\"@type\":\"CommentAction\",\"name\":\"Comment\",\"target\":[\"https:\\\/\\\/zeromagazine.mx\\\/index.php\\\/2026\\\/01\\\/23\\\/expo-naturista-anipron-wtc\\\/#respond\"]}]},{\"@type\":\"WebPage\",\"@id\":\"https:\\\/\\\/zeromagazine.mx\\\/index.php\\\/2026\\\/01\\\/23\\\/expo-naturista-anipron-wtc\\\/\",\"url\":\"https:\\\/\\\/zeromagazine.mx\\\/index.php\\\/2026\\\/01\\\/23\\\/expo-naturista-anipron-wtc\\\/\",\"name\":\"Expo Naturista ANIPRON celebra una exitosa primera edici\u00f3n en el WTC - Zero Magazine\",\"isPartOf\":{\"@id\":\"https:\\\/\\\/zeromagazine.mx\\\/#website\"},\"primaryImageOfPage\":{\"@id\":\"https:\\\/\\\/zeromagazine.mx\\\/index.php\\\/2026\\\/01\\\/23\\\/expo-naturista-anipron-wtc\\\/#primaryimage\"},\"image\":{\"@id\":\"https:\\\/\\\/zeromagazine.mx\\\/index.php\\\/2026\\\/01\\\/23\\\/expo-naturista-anipron-wtc\\\/#primaryimage\"},\"thumbnailUrl\":\"https:\\\/\\\/i0.wp.com\\\/zeromagazine.mx\\\/wp-content\\\/uploads\\\/2026\\\/01\\\/Expo-ANIPRON-2026-3-scaled.jpeg?fit=1920%2C2560&ssl=1\",\"datePublished\":\"2026-01-23T22:48:04+00:00\",\"dateModified\":\"2026-01-23T22:48:06+00:00\",\"description\":\"Expo Naturista ANIPRON celebra su exitosa primera edici\u00f3n en el WTC CDMX, reuniendo bienestar, suplementos y vida natural.\",\"breadcrumb\":{\"@id\":\"https:\\\/\\\/zeromagazine.mx\\\/index.php\\\/2026\\\/01\\\/23\\\/expo-naturista-anipron-wtc\\\/#breadcrumb\"},\"inLanguage\":\"es\",\"potentialAction\":[{\"@type\":\"ReadAction\",\"target\":[\"https:\\\/\\\/zeromagazine.mx\\\/index.php\\\/2026\\\/01\\\/23\\\/expo-naturista-anipron-wtc\\\/\"]}]},{\"@type\":\"ImageObject\",\"inLanguage\":\"es\",\"@id\":\"https:\\\/\\\/zeromagazine.mx\\\/index.php\\\/2026\\\/01\\\/23\\\/expo-naturista-anipron-wtc\\\/#primaryimage\",\"url\":\"https:\\\/\\\/i0.wp.com\\\/zeromagazine.mx\\\/wp-content\\\/uploads\\\/2026\\\/01\\\/Expo-ANIPRON-2026-3-scaled.jpeg?fit=1920%2C2560&ssl=1\",\"contentUrl\":\"https:\\\/\\\/i0.wp.com\\\/zeromagazine.mx\\\/wp-content\\\/uploads\\\/2026\\\/01\\\/Expo-ANIPRON-2026-3-scaled.jpeg?fit=1920%2C2560&ssl=1\",\"width\":1920,\"height\":2560},{\"@type\":\"BreadcrumbList\",\"@id\":\"https:\\\/\\\/zeromagazine.mx\\\/index.php\\\/2026\\\/01\\\/23\\\/expo-naturista-anipron-wtc\\\/#breadcrumb\",\"itemListElement\":[{\"@type\":\"ListItem\",\"position\":1,\"name\":\"Portada\",\"item\":\"https:\\\/\\\/zeromagazine.mx\\\/\"},{\"@type\":\"ListItem\",\"position\":2,\"name\":\"Expo Naturista ANIPRON celebra una exitosa primera edici\u00f3n en el WTC\"}]},{\"@type\":\"WebSite\",\"@id\":\"https:\\\/\\\/zeromagazine.mx\\\/#website\",\"url\":\"https:\\\/\\\/zeromagazine.mx\\\/\",\"name\":\"Zero Magazine\",\"description\":\"\",\"publisher\":{\"@id\":\"https:\\\/\\\/zeromagazine.mx\\\/#organization\"},\"potentialAction\":[{\"@type\":\"SearchAction\",\"target\":{\"@type\":\"EntryPoint\",\"urlTemplate\":\"https:\\\/\\\/zeromagazine.mx\\\/?s={search_term_string}\"},\"query-input\":{\"@type\":\"PropertyValueSpecification\",\"valueRequired\":true,\"valueName\":\"search_term_string\"}}],\"inLanguage\":\"es\"},{\"@type\":\"Organization\",\"@id\":\"https:\\\/\\\/zeromagazine.mx\\\/#organization\",\"name\":\"Zero Magazine\",\"url\":\"https:\\\/\\\/zeromagazine.mx\\\/\",\"logo\":{\"@type\":\"ImageObject\",\"inLanguage\":\"es\",\"@id\":\"https:\\\/\\\/zeromagazine.mx\\\/#\\\/schema\\\/logo\\\/image\\\/\",\"url\":\"https:\\\/\\\/i0.wp.com\\\/zeromagazine.mx\\\/wp-content\\\/uploads\\\/2025\\\/11\\\/1.jpeg?fit=1000%2C1000&ssl=1\",\"contentUrl\":\"https:\\\/\\\/i0.wp.com\\\/zeromagazine.mx\\\/wp-content\\\/uploads\\\/2025\\\/11\\\/1.jpeg?fit=1000%2C1000&ssl=1\",\"width\":1000,\"height\":1000,\"caption\":\"Zero Magazine\"},\"image\":{\"@id\":\"https:\\\/\\\/zeromagazine.mx\\\/#\\\/schema\\\/logo\\\/image\\\/\"},\"sameAs\":[\"https:\\\/\\\/instagram.com\\\/zeromagazinemx\"]},{\"@type\":\"Person\",\"@id\":\"https:\\\/\\\/zeromagazine.mx\\\/#\\\/schema\\\/person\\\/9f7f1a17c60ba8e9980e3e6677aabe5a\",\"name\":\"David Morales\",\"image\":{\"@type\":\"ImageObject\",\"inLanguage\":\"es\",\"@id\":\"https:\\\/\\\/zeromagazine.mx\\\/wp-content\\\/litespeed\\\/avatar\\\/76069d2136bfc1c37dc34815bb67ca42.jpg?ver=1776966186\",\"url\":\"https:\\\/\\\/zeromagazine.mx\\\/wp-content\\\/litespeed\\\/avatar\\\/76069d2136bfc1c37dc34815bb67ca42.jpg?ver=1776966186\",\"contentUrl\":\"https:\\\/\\\/zeromagazine.mx\\\/wp-content\\\/litespeed\\\/avatar\\\/76069d2136bfc1c37dc34815bb67ca42.jpg?ver=1776966186\",\"caption\":\"David Morales\"},\"url\":\"https:\\\/\\\/zeromagazine.mx\\\/index.php\\\/author\\\/david\\\/\"}]}<\/script>\n<!-- \/ Yoast SEO plugin. -->","yoast_head_json":{"title":"Expo Naturista ANIPRON celebra una exitosa primera edici\u00f3n en el WTC - Zero Magazine","description":"Expo Naturista ANIPRON celebra su exitosa primera edici\u00f3n en el WTC CDMX, reuniendo bienestar, suplementos y vida natural.","robots":{"index":"index","follow":"follow","max-snippet":"max-snippet:-1","max-image-preview":"max-image-preview:large","max-video-preview":"max-video-preview:-1"},"canonical":"https:\/\/zeromagazine.mx\/index.php\/2026\/01\/23\/expo-naturista-anipron-wtc\/","og_locale":"es_ES","og_type":"article","og_title":"Expo Naturista ANIPRON celebra una exitosa primera edici\u00f3n en el WTC - Zero Magazine","og_description":"Expo Naturista ANIPRON celebra su exitosa primera edici\u00f3n en el WTC CDMX, reuniendo bienestar, suplementos y vida natural.","og_url":"https:\/\/zeromagazine.mx\/index.php\/2026\/01\/23\/expo-naturista-anipron-wtc\/","og_site_name":"Zero Magazine","article_published_time":"2026-01-23T22:48:04+00:00","article_modified_time":"2026-01-23T22:48:06+00:00","og_image":[{"width":1920,"height":2560,"url":"http:\/\/zeromagazine.mx\/wp-content\/uploads\/2026\/01\/Expo-ANIPRON-2026-3-scaled.jpeg","type":"image\/jpeg"}],"author":"David Morales","twitter_card":"summary_large_image","twitter_misc":{"Escrito por":"David Morales","Tiempo de lectura":"3 minutos"},"schema":{"@context":"https:\/\/schema.org","@graph":[{"@type":"Article","@id":"https:\/\/zeromagazine.mx\/index.php\/2026\/01\/23\/expo-naturista-anipron-wtc\/#article","isPartOf":{"@id":"https:\/\/zeromagazine.mx\/index.php\/2026\/01\/23\/expo-naturista-anipron-wtc\/"},"author":{"name":"David Morales","@id":"https:\/\/zeromagazine.mx\/#\/schema\/person\/9f7f1a17c60ba8e9980e3e6677aabe5a"},"headline":"Expo Naturista ANIPRON celebra una exitosa primera edici\u00f3n en el WTC","datePublished":"2026-01-23T22:48:04+00:00","dateModified":"2026-01-23T22:48:06+00:00","mainEntityOfPage":{"@id":"https:\/\/zeromagazine.mx\/index.php\/2026\/01\/23\/expo-naturista-anipron-wtc\/"},"wordCount":528,"commentCount":0,"publisher":{"@id":"https:\/\/zeromagazine.mx\/#organization"},"image":{"@id":"https:\/\/zeromagazine.mx\/index.php\/2026\/01\/23\/expo-naturista-anipron-wtc\/#primaryimage"},"thumbnailUrl":"https:\/\/i0.wp.com\/zeromagazine.mx\/wp-content\/uploads\/2026\/01\/Expo-ANIPRON-2026-3-scaled.jpeg?fit=1920%2C2560&ssl=1","articleSection":["Bienestar","Blog","Entretenimiento"],"inLanguage":"es","potentialAction":[{"@type":"CommentAction","name":"Comment","target":["https:\/\/zeromagazine.mx\/index.php\/2026\/01\/23\/expo-naturista-anipron-wtc\/#respond"]}]},{"@type":"WebPage","@id":"https:\/\/zeromagazine.mx\/index.php\/2026\/01\/23\/expo-naturista-anipron-wtc\/","url":"https:\/\/zeromagazine.mx\/index.php\/2026\/01\/23\/expo-naturista-anipron-wtc\/","name":"Expo Naturista ANIPRON celebra una exitosa primera edici\u00f3n en el WTC - Zero Magazine","isPartOf":{"@id":"https:\/\/zeromagazine.mx\/#website"},"primaryImageOfPage":{"@id":"https:\/\/zeromagazine.mx\/index.php\/2026\/01\/23\/expo-naturista-anipron-wtc\/#primaryimage"},"image":{"@id":"https:\/\/zeromagazine.mx\/index.php\/2026\/01\/23\/expo-naturista-anipron-wtc\/#primaryimage"},"thumbnailUrl":"https:\/\/i0.wp.com\/zeromagazine.mx\/wp-content\/uploads\/2026\/01\/Expo-ANIPRON-2026-3-scaled.jpeg?fit=1920%2C2560&ssl=1","datePublished":"2026-01-23T22:48:04+00:00","dateModified":"2026-01-23T22:48:06+00:00","description":"Expo Naturista ANIPRON celebra su exitosa primera edici\u00f3n en el WTC CDMX, reuniendo bienestar, suplementos y vida natural.","breadcrumb":{"@id":"https:\/\/zeromagazine.mx\/index.php\/2026\/01\/23\/expo-naturista-anipron-wtc\/#breadcrumb"},"inLanguage":"es","potentialAction":[{"@type":"ReadAction","target":["https:\/\/zeromagazine.mx\/index.php\/2026\/01\/23\/expo-naturista-anipron-wtc\/"]}]},{"@type":"ImageObject","inLanguage":"es","@id":"https:\/\/zeromagazine.mx\/index.php\/2026\/01\/23\/expo-naturista-anipron-wtc\/#primaryimage","url":"https:\/\/i0.wp.com\/zeromagazine.mx\/wp-content\/uploads\/2026\/01\/Expo-ANIPRON-2026-3-scaled.jpeg?fit=1920%2C2560&ssl=1","contentUrl":"https:\/\/i0.wp.com\/zeromagazine.mx\/wp-content\/uploads\/2026\/01\/Expo-ANIPRON-2026-3-scaled.jpeg?fit=1920%2C2560&ssl=1","width":1920,"height":2560},{"@type":"BreadcrumbList","@id":"https:\/\/zeromagazine.mx\/index.php\/2026\/01\/23\/expo-naturista-anipron-wtc\/#breadcrumb","itemListElement":[{"@type":"ListItem","position":1,"name":"Portada","item":"https:\/\/zeromagazine.mx\/"},{"@type":"ListItem","position":2,"name":"Expo Naturista ANIPRON celebra una exitosa primera edici\u00f3n en el WTC"}]},{"@type":"WebSite","@id":"https:\/\/zeromagazine.mx\/#website","url":"https:\/\/zeromagazine.mx\/","name":"Zero Magazine","description":"","publisher":{"@id":"https:\/\/zeromagazine.mx\/#organization"},"potentialAction":[{"@type":"SearchAction","target":{"@type":"EntryPoint","urlTemplate":"https:\/\/zeromagazine.mx\/?s={search_term_string}"},"query-input":{"@type":"PropertyValueSpecification","valueRequired":true,"valueName":"search_term_string"}}],"inLanguage":"es"},{"@type":"Organization","@id":"https:\/\/zeromagazine.mx\/#organization","name":"Zero Magazine","url":"https:\/\/zeromagazine.mx\/","logo":{"@type":"ImageObject","inLanguage":"es","@id":"https:\/\/zeromagazine.mx\/#\/schema\/logo\/image\/","url":"https:\/\/i0.wp.com\/zeromagazine.mx\/wp-content\/uploads\/2025\/11\/1.jpeg?fit=1000%2C1000&ssl=1","contentUrl":"https:\/\/i0.wp.com\/zeromagazine.mx\/wp-content\/uploads\/2025\/11\/1.jpeg?fit=1000%2C1000&ssl=1","width":1000,"height":1000,"caption":"Zero Magazine"},"image":{"@id":"https:\/\/zeromagazine.mx\/#\/schema\/logo\/image\/"},"sameAs":["https:\/\/instagram.com\/zeromagazinemx"]},{"@type":"Person","@id":"https:\/\/zeromagazine.mx\/#\/schema\/person\/9f7f1a17c60ba8e9980e3e6677aabe5a","name":"David Morales","image":{"@type":"ImageObject","inLanguage":"es","@id":"https:\/\/zeromagazine.mx\/wp-content\/litespeed\/avatar\/76069d2136bfc1c37dc34815bb67ca42.jpg?ver=1776966186","url":"https:\/\/zeromagazine.mx\/wp-content\/litespeed\/avatar\/76069d2136bfc1c37dc34815bb67ca42.jpg?ver=1776966186","contentUrl":"https:\/\/zeromagazine.mx\/wp-content\/litespeed\/avatar\/76069d2136bfc1c37dc34815bb67ca42.jpg?ver=1776966186","caption":"David Morales"},"url":"https:\/\/zeromagazine.mx\/index.php\/author\/david\/"}]}},"jetpack_publicize_connections":[],"jetpack_featured_media_url":"https:\/\/i0.wp.com\/zeromagazine.mx\/wp-content\/uploads\/2026\/01\/Expo-ANIPRON-2026-3-scaled.jpeg?fit=1920%2C2560&ssl=1","jetpack-related-posts":[{"id":94716,"url":"https:\/\/zeromagazine.mx\/index.php\/2025\/01\/14\/todo-el-power-ferretero-2025\/","url_meta":{"origin":114131,"position":0},"title":"Todo el Power Ferretero 2025","author":"zeromagazinemx","date":"14 de enero de 2025","format":false,"excerpt":"Todo el power est\u00e1 aqu\u00ed Todo el power est\u00e1 aqu\u00ed. \u00bfTe imaginas que el evento m\u00e1s \u00e9pico de la industria ferretera llegue al coraz\u00f3n de la Ciudad de M\u00e9xico? Pues eso est\u00e1 pasando, amix. La\u00a0Expo Nacional Ferretera Ciudad de M\u00e9xico 2025\u00a0se va a llevar a cabo del\u00a025 al 27 de\u2026","rel":"","context":"En \u00abEntretenimiento\u00bb","block_context":{"text":"Entretenimiento","link":"https:\/\/zeromagazine.mx\/index.php\/category\/entretenimiento\/"},"img":{"alt_text":"","src":"https:\/\/i0.wp.com\/zeromagazine.mx\/wp-content\/uploads\/2025\/01\/WhatsApp-Image-2025-01-06-at-3.16.18-PM.jpeg?fit=1200%2C800&ssl=1&resize=350%2C200","width":350,"height":200,"srcset":"https:\/\/i0.wp.com\/zeromagazine.mx\/wp-content\/uploads\/2025\/01\/WhatsApp-Image-2025-01-06-at-3.16.18-PM.jpeg?fit=1200%2C800&ssl=1&resize=350%2C200 1x, https:\/\/i0.wp.com\/zeromagazine.mx\/wp-content\/uploads\/2025\/01\/WhatsApp-Image-2025-01-06-at-3.16.18-PM.jpeg?fit=1200%2C800&ssl=1&resize=525%2C300 1.5x, https:\/\/i0.wp.com\/zeromagazine.mx\/wp-content\/uploads\/2025\/01\/WhatsApp-Image-2025-01-06-at-3.16.18-PM.jpeg?fit=1200%2C800&ssl=1&resize=700%2C400 2x, https:\/\/i0.wp.com\/zeromagazine.mx\/wp-content\/uploads\/2025\/01\/WhatsApp-Image-2025-01-06-at-3.16.18-PM.jpeg?fit=1200%2C800&ssl=1&resize=1050%2C600 3x"},"classes":[]},{"id":97984,"url":"https:\/\/zeromagazine.mx\/index.php\/2025\/03\/03\/diseno-asus-que-se-siente\/","url_meta":{"origin":114131,"position":1},"title":"Expo ASUS","author":"David Morales","date":"3 de marzo de 2025","format":false,"excerpt":"Si algo nos emociona de la Semana del Dise\u00f1o de Mil\u00e1n 2025, es que ASUS llega con Design You Can Feel, una propuesta que va m\u00e1s all\u00e1 de lo visual. Esta expo no solo se trata de ver tecnolog\u00eda, sino de sentirla, pues ASUS quiere que experimentemos la materialidad, la\u2026","rel":"","context":"En \u00abTech\u00bb","block_context":{"text":"Tech","link":"https:\/\/zeromagazine.mx\/index.php\/category\/tech\/"},"img":{"alt_text":"","src":"https:\/\/i0.wp.com\/zeromagazine.mx\/wp-content\/uploads\/2025\/03\/ASUS_Design-You-Can-Feel-Exhibition_KV.jpg?fit=1200%2C675&ssl=1&resize=350%2C200","width":350,"height":200,"srcset":"https:\/\/i0.wp.com\/zeromagazine.mx\/wp-content\/uploads\/2025\/03\/ASUS_Design-You-Can-Feel-Exhibition_KV.jpg?fit=1200%2C675&ssl=1&resize=350%2C200 1x, https:\/\/i0.wp.com\/zeromagazine.mx\/wp-content\/uploads\/2025\/03\/ASUS_Design-You-Can-Feel-Exhibition_KV.jpg?fit=1200%2C675&ssl=1&resize=525%2C300 1.5x, https:\/\/i0.wp.com\/zeromagazine.mx\/wp-content\/uploads\/2025\/03\/ASUS_Design-You-Can-Feel-Exhibition_KV.jpg?fit=1200%2C675&ssl=1&resize=700%2C400 2x, https:\/\/i0.wp.com\/zeromagazine.mx\/wp-content\/uploads\/2025\/03\/ASUS_Design-You-Can-Feel-Exhibition_KV.jpg?fit=1200%2C675&ssl=1&resize=1050%2C600 3x"},"classes":[]},{"id":115230,"url":"https:\/\/zeromagazine.mx\/index.php\/2026\/02\/12\/instalacion-veja-180-arte-inmersivo\/","url_meta":{"origin":114131,"position":2},"title":"VEJA presenta una instalaci\u00f3n de arte en 180\u00b0: Nature as a Creative Force","author":"David Morales","date":"12 de febrero de 2026","format":false,"excerpt":"La escena creativa de la Ciudad de M\u00e9xico suma una experiencia que definitivamente no pasa desapercibida. La nueva propuesta de\u00a0VEJA\u00a0aterriza con una intervenci\u00f3n art\u00edstica que convierte el espacio de\u00a0180\u00b0\u00a0en algo mucho m\u00e1s que una tienda: un ecosistema vivo donde la naturaleza toma el control del dise\u00f1o. Lejos de ser una\u2026","rel":"","context":"En \u00abBlog\u00bb","block_context":{"text":"Blog","link":"https:\/\/zeromagazine.mx\/index.php\/category\/blog\/"},"img":{"alt_text":"","src":"https:\/\/i0.wp.com\/zeromagazine.mx\/wp-content\/uploads\/2026\/02\/EPI_4496-scaled.jpeg?fit=1200%2C1034&ssl=1&resize=350%2C200","width":350,"height":200,"srcset":"https:\/\/i0.wp.com\/zeromagazine.mx\/wp-content\/uploads\/2026\/02\/EPI_4496-scaled.jpeg?fit=1200%2C1034&ssl=1&resize=350%2C200 1x, https:\/\/i0.wp.com\/zeromagazine.mx\/wp-content\/uploads\/2026\/02\/EPI_4496-scaled.jpeg?fit=1200%2C1034&ssl=1&resize=525%2C300 1.5x, https:\/\/i0.wp.com\/zeromagazine.mx\/wp-content\/uploads\/2026\/02\/EPI_4496-scaled.jpeg?fit=1200%2C1034&ssl=1&resize=700%2C400 2x, https:\/\/i0.wp.com\/zeromagazine.mx\/wp-content\/uploads\/2026\/02\/EPI_4496-scaled.jpeg?fit=1200%2C1034&ssl=1&resize=1050%2C600 3x"},"classes":[]},{"id":90078,"url":"https:\/\/zeromagazine.mx\/index.php\/2024\/11\/04\/expo-beauty-el-spot-del-ano\/","url_meta":{"origin":114131,"position":3},"title":"\u00abExpo Beauty: El Spot del A\u00f1o\u00bb","author":"zeromagazinemx","date":"4 de noviembre de 2024","format":false,"excerpt":"\u00bfReady para el evento m\u00e1s top del beauty en M\u00e9xico? Este 3 de noviembre se arm\u00f3 la Expo Beauty Show en el Centro CitiBanamex, y las vibes estaban a otro nivel. Imag\u00ednate m\u00e1s de 250 expositores, 20,000 beauty lovers y pros del estilo, todos en un solo lugar para ver\u2026","rel":"","context":"En \u00abEntretenimiento\u00bb","block_context":{"text":"Entretenimiento","link":"https:\/\/zeromagazine.mx\/index.php\/category\/entretenimiento\/"},"img":{"alt_text":"","src":"https:\/\/i0.wp.com\/zeromagazine.mx\/wp-content\/uploads\/2024\/11\/EBS-23.jpg?fit=1200%2C800&ssl=1&resize=350%2C200","width":350,"height":200,"srcset":"https:\/\/i0.wp.com\/zeromagazine.mx\/wp-content\/uploads\/2024\/11\/EBS-23.jpg?fit=1200%2C800&ssl=1&resize=350%2C200 1x, https:\/\/i0.wp.com\/zeromagazine.mx\/wp-content\/uploads\/2024\/11\/EBS-23.jpg?fit=1200%2C800&ssl=1&resize=525%2C300 1.5x, https:\/\/i0.wp.com\/zeromagazine.mx\/wp-content\/uploads\/2024\/11\/EBS-23.jpg?fit=1200%2C800&ssl=1&resize=700%2C400 2x, https:\/\/i0.wp.com\/zeromagazine.mx\/wp-content\/uploads\/2024\/11\/EBS-23.jpg?fit=1200%2C800&ssl=1&resize=1050%2C600 3x"},"classes":[]},{"id":96057,"url":"https:\/\/zeromagazine.mx\/index.php\/2025\/02\/10\/expo-ferretera-evoluciona\/","url_meta":{"origin":114131,"position":4},"title":"Expo Ferretera CDMX evoluciona","author":"David Morales","date":"10 de febrero de 2025","format":false,"excerpt":"Amix, si cre\u00edan que la Expo Nacional Ferretera solo era cosa de Guadalajara, les tengo noticias: en 2025 llega a la CDMX y promete cambiar el juego. Del 25 al 27 de febrero, el Centro Citibanamex ser\u00e1 el epicentro de negocios, innovaci\u00f3n y capacitaci\u00f3n para toda la banda ferretera. Porque\u2026","rel":"","context":"En \u00abBlog\u00bb","block_context":{"text":"Blog","link":"https:\/\/zeromagazine.mx\/index.php\/category\/blog\/"},"img":{"alt_text":"","src":"https:\/\/i0.wp.com\/zeromagazine.mx\/wp-content\/uploads\/2025\/02\/IMG_3502-scaled.jpeg?fit=1200%2C675&ssl=1&resize=350%2C200","width":350,"height":200,"srcset":"https:\/\/i0.wp.com\/zeromagazine.mx\/wp-content\/uploads\/2025\/02\/IMG_3502-scaled.jpeg?fit=1200%2C675&ssl=1&resize=350%2C200 1x, https:\/\/i0.wp.com\/zeromagazine.mx\/wp-content\/uploads\/2025\/02\/IMG_3502-scaled.jpeg?fit=1200%2C675&ssl=1&resize=525%2C300 1.5x, https:\/\/i0.wp.com\/zeromagazine.mx\/wp-content\/uploads\/2025\/02\/IMG_3502-scaled.jpeg?fit=1200%2C675&ssl=1&resize=700%2C400 2x, https:\/\/i0.wp.com\/zeromagazine.mx\/wp-content\/uploads\/2025\/02\/IMG_3502-scaled.jpeg?fit=1200%2C675&ssl=1&resize=1050%2C600 3x"},"classes":[]},{"id":81334,"url":"https:\/\/zeromagazine.mx\/index.php\/2024\/08\/02\/van-gogh-en-360-unmustmiss\/","url_meta":{"origin":114131,"position":5},"title":"Van Gogh en 360\u00b0: \u00a1Unmustmiss!","author":"zeromagazinemx","date":"2 de agosto de 2024","format":false,"excerpt":"Si a\u00fan no tienen plan para estas vacaciones, \u00a1prep\u00e1rense para algo mega \u00e9pico. La Ciudad de M\u00e9xico est\u00e1 armando el plan perfecto para todos: turistas, estudiantes y sus fams con una experiencia art\u00edstica que no se pueden perder: \"Van Gogh, the Immersive Experience\". Esta expo es la m\u00e1s top de\u2026","rel":"","context":"En \u00abEntretenimiento\u00bb","block_context":{"text":"Entretenimiento","link":"https:\/\/zeromagazine.mx\/index.php\/category\/entretenimiento\/"},"img":{"alt_text":"","src":"https:\/\/i0.wp.com\/zeromagazine.mx\/wp-content\/uploads\/2024\/08\/VAN-GOGH-EXPERIENCE-FOTO5.jpg?fit=1200%2C800&ssl=1&resize=350%2C200","width":350,"height":200,"srcset":"https:\/\/i0.wp.com\/zeromagazine.mx\/wp-content\/uploads\/2024\/08\/VAN-GOGH-EXPERIENCE-FOTO5.jpg?fit=1200%2C800&ssl=1&resize=350%2C200 1x, https:\/\/i0.wp.com\/zeromagazine.mx\/wp-content\/uploads\/2024\/08\/VAN-GOGH-EXPERIENCE-FOTO5.jpg?fit=1200%2C800&ssl=1&resize=525%2C300 1.5x, https:\/\/i0.wp.com\/zeromagazine.mx\/wp-content\/uploads\/2024\/08\/VAN-GOGH-EXPERIENCE-FOTO5.jpg?fit=1200%2C800&ssl=1&resize=700%2C400 2x, https:\/\/i0.wp.com\/zeromagazine.mx\/wp-content\/uploads\/2024\/08\/VAN-GOGH-EXPERIENCE-FOTO5.jpg?fit=1200%2C800&ssl=1&resize=1050%2C600 3x"},"classes":[]}],"jetpack_sharing_enabled":true,"builder_content":"","_links":{"self":[{"href":"https:\/\/zeromagazine.mx\/index.php\/wp-json\/wp\/v2\/posts\/114131","targetHints":{"allow":["GET"]}}],"collection":[{"href":"https:\/\/zeromagazine.mx\/index.php\/wp-json\/wp\/v2\/posts"}],"about":[{"href":"https:\/\/zeromagazine.mx\/index.php\/wp-json\/wp\/v2\/types\/post"}],"author":[{"embeddable":true,"href":"https:\/\/zeromagazine.mx\/index.php\/wp-json\/wp\/v2\/users\/4"}],"replies":[{"embeddable":true,"href":"https:\/\/zeromagazine.mx\/index.php\/wp-json\/wp\/v2\/comments?post=114131"}],"version-history":[{"count":3,"href":"https:\/\/zeromagazine.mx\/index.php\/wp-json\/wp\/v2\/posts\/114131\/revisions"}],"predecessor-version":[{"id":114138,"href":"https:\/\/zeromagazine.mx\/index.php\/wp-json\/wp\/v2\/posts\/114131\/revisions\/114138"}],"wp:featuredmedia":[{"embeddable":true,"href":"https:\/\/zeromagazine.mx\/index.php\/wp-json\/wp\/v2\/media\/114134"}],"wp:attachment":[{"href":"https:\/\/zeromagazine.mx\/index.php\/wp-json\/wp\/v2\/media?parent=114131"}],"wp:term":[{"taxonomy":"category","embeddable":true,"href":"https:\/\/zeromagazine.mx\/index.php\/wp-json\/wp\/v2\/categories?post=114131"},{"taxonomy":"post_tag","embeddable":true,"href":"https:\/\/zeromagazine.mx\/index.php\/wp-json\/wp\/v2\/tags?post=114131"}],"curies":[{"name":"wp","href":"https:\/\/api.w.org\/{rel}","templated":true}]}}