{"id":114207,"date":"2026-01-26T11:18:21","date_gmt":"2026-01-26T17:18:21","guid":{"rendered":"https:\/\/zeromagazine.mx\/?p=114207"},"modified":"2026-01-26T11:18:22","modified_gmt":"2026-01-26T17:18:22","slug":"rafael-de-alba-tenis-mexicano-flexi","status":"publish","type":"post","link":"https:\/\/zeromagazine.mx\/index.php\/2026\/01\/26\/rafael-de-alba-tenis-mexicano-flexi\/","title":{"rendered":"Rafael de Alba rompe la cancha"},"content":{"rendered":"\n<p>El tenis mexicano tiene nueva promesa y s\u00ed, es momento de que lo tengas en el radar. Rafael de Alba no solo est\u00e1 subiendo en rankings, tambi\u00e9n est\u00e1 conquistando miradas fuera de la cancha gracias a su nueva alianza con Flexi. Y no, no es \u201csolo otro patrocinio\u201d; es de esas colaboraciones que conectan deporte, estilo de vida y juventud real que est\u00e1 trabajando dur\u00edsimo por sus sue\u00f1os.<\/p>\n\n\n\n<p><br>Desde hace unos a\u00f1os, el deporte juvenil en M\u00e9xico viene empujando fuerte, pero lo de Rafael tiene vibra distinta. Hay disciplina, claro, pero tambi\u00e9n estrategia, paciencia y una mentalidad competitiva que se nota partido tras partido. Su paso del circuito juvenil al profesional no fue un salto al vac\u00edo, fue una transici\u00f3n bien construida, con torneos ITF y Challenger que lo han ayudado a ganar experiencia de la que forma car\u00e1cter.<\/p>\n\n\n\n<p><br>Adem\u00e1s, que una marca como Flexi lo elija como embajador dice much\u00edsimo. No estamos hablando solo de imagen, sino de valores compartidos: constancia, evoluci\u00f3n y esa idea de que el talento se construye todos los d\u00edas. La marca mexicana lleva tiempo apoyando a figuras inspiradoras, y sumar a Rafael de Alba a su equipo refuerza su apuesta por j\u00f3venes atletas que s\u00ed est\u00e1n dejando huella.<\/p>\n\n\n\n<figure class=\"wp-block-image size-full\"><img data-recalc-dims=\"1\" decoding=\"async\" width=\"1165\" height=\"776\" src=\"https:\/\/i0.wp.com\/zeromagazine.mx\/wp-content\/uploads\/2026\/01\/1000049174.jpg?resize=1165%2C776&#038;ssl=1\" alt=\"\" class=\"wp-image-114208\" srcset=\"https:\/\/i0.wp.com\/zeromagazine.mx\/wp-content\/uploads\/2026\/01\/1000049174.jpg?w=1600&amp;ssl=1 1600w, https:\/\/i0.wp.com\/zeromagazine.mx\/wp-content\/uploads\/2026\/01\/1000049174.jpg?resize=300%2C200&amp;ssl=1 300w, https:\/\/i0.wp.com\/zeromagazine.mx\/wp-content\/uploads\/2026\/01\/1000049174.jpg?resize=1024%2C682&amp;ssl=1 1024w, https:\/\/i0.wp.com\/zeromagazine.mx\/wp-content\/uploads\/2026\/01\/1000049174.jpg?resize=768%2C512&amp;ssl=1 768w, https:\/\/i0.wp.com\/zeromagazine.mx\/wp-content\/uploads\/2026\/01\/1000049174.jpg?resize=1536%2C1023&amp;ssl=1 1536w\" sizes=\"(max-width: 1165px) 100vw, 1165px\" \/><\/figure>\n\n\n\n<h2 class=\"wp-block-heading\"><br>Rafael de Alba impulsa el tenis mexicano<\/h2>\n\n\n\n<p><br>Hablar de Rafael de Alba es hablar de una nueva generaci\u00f3n de tenistas nacionales que ya no se conforman con participar: quieren competir de verdad a nivel internacional. Despu\u00e9s de lograr un ranking junior mundial 54 en la ITF, dej\u00f3 claro que lo suyo no era promesa pasajera. Hoy est\u00e1 enfocado en sumar puntos ATP y fortalecer su presencia en el circuito profesional.<\/p>\n\n\n\n<p><br>Por otra parte, su calendario 2026 arranca con fuerza en el M15 de Huamantla, en Tlaxcala, un torneo que se ha vuelto clave para talentos que buscan subir escalones en el ranking mundial. Estos eventos no siempre salen en todos los titulares, pero son justo donde se forjan las carreras s\u00f3lidas. Canchas duras, rivales con hambre de triunfo y partidos que exigen cabeza fr\u00eda: el combo perfecto para crecer.<\/p>\n\n\n\n<p><br>Lo m\u00e1s interesante es que Rafael no solo compite en singles; tambi\u00e9n ha mostrado buen nivel en dobles, algo que habla de su lectura de juego y capacidad de adaptaci\u00f3n. Esa versatilidad es oro puro en el circuito profesional.<\/p>\n\n\n\n<figure class=\"wp-block-image size-full\"><img data-recalc-dims=\"1\" decoding=\"async\" width=\"1165\" height=\"777\" src=\"https:\/\/i0.wp.com\/zeromagazine.mx\/wp-content\/uploads\/2026\/01\/1000049177.jpg?resize=1165%2C777&#038;ssl=1\" alt=\"\" class=\"wp-image-114209\" srcset=\"https:\/\/i0.wp.com\/zeromagazine.mx\/wp-content\/uploads\/2026\/01\/1000049177.jpg?w=1200&amp;ssl=1 1200w, https:\/\/i0.wp.com\/zeromagazine.mx\/wp-content\/uploads\/2026\/01\/1000049177.jpg?resize=300%2C200&amp;ssl=1 300w, https:\/\/i0.wp.com\/zeromagazine.mx\/wp-content\/uploads\/2026\/01\/1000049177.jpg?resize=1024%2C683&amp;ssl=1 1024w, https:\/\/i0.wp.com\/zeromagazine.mx\/wp-content\/uploads\/2026\/01\/1000049177.jpg?resize=768%2C512&amp;ssl=1 768w\" sizes=\"(max-width: 1165px) 100vw, 1165px\" \/><\/figure>\n\n\n\n<h2 class=\"wp-block-heading\"><br>Rafael de Alba y el apoyo de Flexi<\/h2>\n\n\n\n<p><br>Que una marca mexicana respalde a un atleta en esta etapa de su carrera puede marcar la diferencia. Rafael de Alba encuentra en Flexi un aliado que entiende que el camino al alto rendimiento no es lineal: hay viajes, torneos peque\u00f1os, derrotas que ense\u00f1an m\u00e1s que las victorias y much\u00edsimo trabajo invisible.<\/p>\n\n\n\n<p><br>En este sentido, la alianza tambi\u00e9n conecta con algo m\u00e1s grande: inspirar a otros j\u00f3venes a tomarse en serio sus metas, ya sea en el deporte o en cualquier otra \u00e1rea. Ver a alguien de tu generaci\u00f3n abrirse paso en un circuito tan exigente hace que los sue\u00f1os se sientan un poco m\u00e1s alcanzables<\/p>\n\n\n\n<p><br>Rafael ya sabe lo que es levantar t\u00edtulos profesionales su segundo trofeo lleg\u00f3 en Lima en 2025, pero su historia apenas va empezando. Cada torneo suma experiencia, cada partido pule su juego y cada temporada lo acerca m\u00e1s a consolidarse en el tenis internacional.<\/p>\n\n\n\n<p><br>Al final, Rafael de Alba representa esa mezcla de talento, disciplina y visi\u00f3n a largo plazo que no siempre se ve, pero cuando aparece, se nota. Y s\u00ed, estamos frente a uno de esos nombres que probablemente vas a escuchar cada vez m\u00e1s seguido.<\/p>\n\n\n\n<figure class=\"wp-block-image size-full\"><img data-recalc-dims=\"1\" decoding=\"async\" width=\"1165\" height=\"778\" src=\"https:\/\/i0.wp.com\/zeromagazine.mx\/wp-content\/uploads\/2026\/01\/1000049175.jpg?resize=1165%2C778&#038;ssl=1\" alt=\"\" class=\"wp-image-114210\" srcset=\"https:\/\/i0.wp.com\/zeromagazine.mx\/wp-content\/uploads\/2026\/01\/1000049175.jpg?w=1600&amp;ssl=1 1600w, https:\/\/i0.wp.com\/zeromagazine.mx\/wp-content\/uploads\/2026\/01\/1000049175.jpg?resize=300%2C200&amp;ssl=1 300w, https:\/\/i0.wp.com\/zeromagazine.mx\/wp-content\/uploads\/2026\/01\/1000049175.jpg?resize=1024%2C684&amp;ssl=1 1024w, https:\/\/i0.wp.com\/zeromagazine.mx\/wp-content\/uploads\/2026\/01\/1000049175.jpg?resize=768%2C513&amp;ssl=1 768w, https:\/\/i0.wp.com\/zeromagazine.mx\/wp-content\/uploads\/2026\/01\/1000049175.jpg?resize=1536%2C1025&amp;ssl=1 1536w\" sizes=\"(max-width: 1165px) 100vw, 1165px\" \/><\/figure>\n<!--themify_builder_content-->\n<div id=\"themify_builder_content-114207\" data-postid=\"114207\" class=\"themify_builder_content themify_builder_content-114207 themify_builder tf_clear\">\n    <\/div>\n<!--\/themify_builder_content-->\n","protected":false},"excerpt":{"rendered":"<p>El tenis mexicano tiene nueva promesa y s\u00ed, es momento de que lo tengas en el radar. Rafael de Alba no solo est\u00e1 subiendo en rankings, tambi\u00e9n est\u00e1 conquistando miradas fuera de la cancha gracias a su nueva alianza con Flexi. Y no, no es \u201csolo otro patrocinio\u201d; es de esas colaboraciones que conectan deporte, [&hellip;]<\/p>\n","protected":false},"author":2,"featured_media":114208,"comment_status":"open","ping_status":"open","sticky":false,"template":"","format":"standard","meta":{"_jetpack_memberships_contains_paid_content":false,"footnotes":"","jetpack_publicize_message":"","jetpack_publicize_feature_enabled":true,"jetpack_social_post_already_shared":true,"jetpack_social_options":{"image_generator_settings":{"template":"highway","default_image_id":0,"font":"","enabled":false},"version":2}},"categories":[1],"tags":[],"class_list":["post-114207","post","type-post","status-publish","format-standard","has-post-thumbnail","hentry","category-blog","has-post-title","has-post-date","has-post-category","has-post-tag","has-post-comment","has-post-author",""],"yoast_head":"<!-- This site is optimized with the Yoast SEO plugin v27.5 - https:\/\/yoast.com\/product\/yoast-seo-wordpress\/ -->\n<title>Rafael de Alba rompe la cancha - Zero Magazine<\/title>\n<meta name=\"description\" content=\"Rafael de Alba se consolida como promesa del tenis mexicano con apoyo de Flexi y torneos clave en su camino profesional.\" \/>\n<meta name=\"robots\" content=\"index, follow, max-snippet:-1, max-image-preview:large, max-video-preview:-1\" \/>\n<link rel=\"canonical\" href=\"https:\/\/zeromagazine.mx\/index.php\/2026\/01\/26\/rafael-de-alba-tenis-mexicano-flexi\/\" \/>\n<meta property=\"og:locale\" content=\"es_ES\" \/>\n<meta property=\"og:type\" content=\"article\" \/>\n<meta property=\"og:title\" content=\"Rafael de Alba rompe la cancha - Zero Magazine\" \/>\n<meta property=\"og:description\" content=\"Rafael de Alba se consolida como promesa del tenis mexicano con apoyo de Flexi y torneos clave en su camino profesional.\" \/>\n<meta property=\"og:url\" content=\"https:\/\/zeromagazine.mx\/index.php\/2026\/01\/26\/rafael-de-alba-tenis-mexicano-flexi\/\" \/>\n<meta property=\"og:site_name\" content=\"Zero Magazine\" \/>\n<meta property=\"article:published_time\" content=\"2026-01-26T17:18:21+00:00\" \/>\n<meta property=\"article:modified_time\" content=\"2026-01-26T17:18:22+00:00\" \/>\n<meta property=\"og:image\" content=\"http:\/\/zeromagazine.mx\/wp-content\/uploads\/2026\/01\/1000049174.jpg\" \/>\n\t<meta property=\"og:image:width\" content=\"1600\" \/>\n\t<meta property=\"og:image:height\" content=\"1066\" \/>\n\t<meta property=\"og:image:type\" content=\"image\/jpeg\" \/>\n<meta name=\"author\" content=\"zeromagazinemx\" \/>\n<meta name=\"twitter:card\" content=\"summary_large_image\" \/>\n<meta name=\"twitter:label1\" content=\"Escrito por\" \/>\n\t<meta name=\"twitter:data1\" content=\"zeromagazinemx\" \/>\n\t<meta name=\"twitter:label2\" content=\"Tiempo de lectura\" \/>\n\t<meta name=\"twitter:data2\" content=\"4 minutos\" \/>\n<script type=\"application\/ld+json\" class=\"yoast-schema-graph\">{\"@context\":\"https:\\\/\\\/schema.org\",\"@graph\":[{\"@type\":\"Article\",\"@id\":\"https:\\\/\\\/zeromagazine.mx\\\/index.php\\\/2026\\\/01\\\/26\\\/rafael-de-alba-tenis-mexicano-flexi\\\/#article\",\"isPartOf\":{\"@id\":\"https:\\\/\\\/zeromagazine.mx\\\/index.php\\\/2026\\\/01\\\/26\\\/rafael-de-alba-tenis-mexicano-flexi\\\/\"},\"author\":{\"name\":\"zeromagazinemx\",\"@id\":\"https:\\\/\\\/zeromagazine.mx\\\/#\\\/schema\\\/person\\\/9aed9f33a7c39af3a348b86d723f7773\"},\"headline\":\"Rafael de Alba rompe la cancha\",\"datePublished\":\"2026-01-26T17:18:21+00:00\",\"dateModified\":\"2026-01-26T17:18:22+00:00\",\"mainEntityOfPage\":{\"@id\":\"https:\\\/\\\/zeromagazine.mx\\\/index.php\\\/2026\\\/01\\\/26\\\/rafael-de-alba-tenis-mexicano-flexi\\\/\"},\"wordCount\":623,\"commentCount\":0,\"publisher\":{\"@id\":\"https:\\\/\\\/zeromagazine.mx\\\/#organization\"},\"image\":{\"@id\":\"https:\\\/\\\/zeromagazine.mx\\\/index.php\\\/2026\\\/01\\\/26\\\/rafael-de-alba-tenis-mexicano-flexi\\\/#primaryimage\"},\"thumbnailUrl\":\"https:\\\/\\\/i0.wp.com\\\/zeromagazine.mx\\\/wp-content\\\/uploads\\\/2026\\\/01\\\/1000049174.jpg?fit=1600%2C1066&ssl=1\",\"articleSection\":[\"Blog\"],\"inLanguage\":\"es\",\"potentialAction\":[{\"@type\":\"CommentAction\",\"name\":\"Comment\",\"target\":[\"https:\\\/\\\/zeromagazine.mx\\\/index.php\\\/2026\\\/01\\\/26\\\/rafael-de-alba-tenis-mexicano-flexi\\\/#respond\"]}]},{\"@type\":\"WebPage\",\"@id\":\"https:\\\/\\\/zeromagazine.mx\\\/index.php\\\/2026\\\/01\\\/26\\\/rafael-de-alba-tenis-mexicano-flexi\\\/\",\"url\":\"https:\\\/\\\/zeromagazine.mx\\\/index.php\\\/2026\\\/01\\\/26\\\/rafael-de-alba-tenis-mexicano-flexi\\\/\",\"name\":\"Rafael de Alba rompe la cancha - Zero Magazine\",\"isPartOf\":{\"@id\":\"https:\\\/\\\/zeromagazine.mx\\\/#website\"},\"primaryImageOfPage\":{\"@id\":\"https:\\\/\\\/zeromagazine.mx\\\/index.php\\\/2026\\\/01\\\/26\\\/rafael-de-alba-tenis-mexicano-flexi\\\/#primaryimage\"},\"image\":{\"@id\":\"https:\\\/\\\/zeromagazine.mx\\\/index.php\\\/2026\\\/01\\\/26\\\/rafael-de-alba-tenis-mexicano-flexi\\\/#primaryimage\"},\"thumbnailUrl\":\"https:\\\/\\\/i0.wp.com\\\/zeromagazine.mx\\\/wp-content\\\/uploads\\\/2026\\\/01\\\/1000049174.jpg?fit=1600%2C1066&ssl=1\",\"datePublished\":\"2026-01-26T17:18:21+00:00\",\"dateModified\":\"2026-01-26T17:18:22+00:00\",\"description\":\"Rafael de Alba se consolida como promesa del tenis mexicano con apoyo de Flexi y torneos clave en su camino profesional.\",\"breadcrumb\":{\"@id\":\"https:\\\/\\\/zeromagazine.mx\\\/index.php\\\/2026\\\/01\\\/26\\\/rafael-de-alba-tenis-mexicano-flexi\\\/#breadcrumb\"},\"inLanguage\":\"es\",\"potentialAction\":[{\"@type\":\"ReadAction\",\"target\":[\"https:\\\/\\\/zeromagazine.mx\\\/index.php\\\/2026\\\/01\\\/26\\\/rafael-de-alba-tenis-mexicano-flexi\\\/\"]}]},{\"@type\":\"ImageObject\",\"inLanguage\":\"es\",\"@id\":\"https:\\\/\\\/zeromagazine.mx\\\/index.php\\\/2026\\\/01\\\/26\\\/rafael-de-alba-tenis-mexicano-flexi\\\/#primaryimage\",\"url\":\"https:\\\/\\\/i0.wp.com\\\/zeromagazine.mx\\\/wp-content\\\/uploads\\\/2026\\\/01\\\/1000049174.jpg?fit=1600%2C1066&ssl=1\",\"contentUrl\":\"https:\\\/\\\/i0.wp.com\\\/zeromagazine.mx\\\/wp-content\\\/uploads\\\/2026\\\/01\\\/1000049174.jpg?fit=1600%2C1066&ssl=1\",\"width\":1600,\"height\":1066},{\"@type\":\"BreadcrumbList\",\"@id\":\"https:\\\/\\\/zeromagazine.mx\\\/index.php\\\/2026\\\/01\\\/26\\\/rafael-de-alba-tenis-mexicano-flexi\\\/#breadcrumb\",\"itemListElement\":[{\"@type\":\"ListItem\",\"position\":1,\"name\":\"Portada\",\"item\":\"https:\\\/\\\/zeromagazine.mx\\\/\"},{\"@type\":\"ListItem\",\"position\":2,\"name\":\"Rafael de Alba rompe la cancha\"}]},{\"@type\":\"WebSite\",\"@id\":\"https:\\\/\\\/zeromagazine.mx\\\/#website\",\"url\":\"https:\\\/\\\/zeromagazine.mx\\\/\",\"name\":\"Zero Magazine\",\"description\":\"\",\"publisher\":{\"@id\":\"https:\\\/\\\/zeromagazine.mx\\\/#organization\"},\"potentialAction\":[{\"@type\":\"SearchAction\",\"target\":{\"@type\":\"EntryPoint\",\"urlTemplate\":\"https:\\\/\\\/zeromagazine.mx\\\/?s={search_term_string}\"},\"query-input\":{\"@type\":\"PropertyValueSpecification\",\"valueRequired\":true,\"valueName\":\"search_term_string\"}}],\"inLanguage\":\"es\"},{\"@type\":\"Organization\",\"@id\":\"https:\\\/\\\/zeromagazine.mx\\\/#organization\",\"name\":\"Zero Magazine\",\"url\":\"https:\\\/\\\/zeromagazine.mx\\\/\",\"logo\":{\"@type\":\"ImageObject\",\"inLanguage\":\"es\",\"@id\":\"https:\\\/\\\/zeromagazine.mx\\\/#\\\/schema\\\/logo\\\/image\\\/\",\"url\":\"https:\\\/\\\/i0.wp.com\\\/zeromagazine.mx\\\/wp-content\\\/uploads\\\/2025\\\/11\\\/1.jpeg?fit=1000%2C1000&ssl=1\",\"contentUrl\":\"https:\\\/\\\/i0.wp.com\\\/zeromagazine.mx\\\/wp-content\\\/uploads\\\/2025\\\/11\\\/1.jpeg?fit=1000%2C1000&ssl=1\",\"width\":1000,\"height\":1000,\"caption\":\"Zero Magazine\"},\"image\":{\"@id\":\"https:\\\/\\\/zeromagazine.mx\\\/#\\\/schema\\\/logo\\\/image\\\/\"},\"sameAs\":[\"https:\\\/\\\/instagram.com\\\/zeromagazinemx\"]},{\"@type\":\"Person\",\"@id\":\"https:\\\/\\\/zeromagazine.mx\\\/#\\\/schema\\\/person\\\/9aed9f33a7c39af3a348b86d723f7773\",\"name\":\"zeromagazinemx\",\"image\":{\"@type\":\"ImageObject\",\"inLanguage\":\"es\",\"@id\":\"https:\\\/\\\/zeromagazine.mx\\\/wp-content\\\/litespeed\\\/avatar\\\/f91dfe5410d5dcb1a576bf8c45983896.jpg?ver=1777571230\",\"url\":\"https:\\\/\\\/zeromagazine.mx\\\/wp-content\\\/litespeed\\\/avatar\\\/f91dfe5410d5dcb1a576bf8c45983896.jpg?ver=1777571230\",\"contentUrl\":\"https:\\\/\\\/zeromagazine.mx\\\/wp-content\\\/litespeed\\\/avatar\\\/f91dfe5410d5dcb1a576bf8c45983896.jpg?ver=1777571230\",\"caption\":\"zeromagazinemx\"},\"url\":\"https:\\\/\\\/zeromagazine.mx\\\/index.php\\\/author\\\/zeromagazinemx\\\/\"}]}<\/script>\n<!-- \/ Yoast SEO plugin. -->","yoast_head_json":{"title":"Rafael de Alba rompe la cancha - Zero Magazine","description":"Rafael de Alba se consolida como promesa del tenis mexicano con apoyo de Flexi y torneos clave en su camino profesional.","robots":{"index":"index","follow":"follow","max-snippet":"max-snippet:-1","max-image-preview":"max-image-preview:large","max-video-preview":"max-video-preview:-1"},"canonical":"https:\/\/zeromagazine.mx\/index.php\/2026\/01\/26\/rafael-de-alba-tenis-mexicano-flexi\/","og_locale":"es_ES","og_type":"article","og_title":"Rafael de Alba rompe la cancha - Zero Magazine","og_description":"Rafael de Alba se consolida como promesa del tenis mexicano con apoyo de Flexi y torneos clave en su camino profesional.","og_url":"https:\/\/zeromagazine.mx\/index.php\/2026\/01\/26\/rafael-de-alba-tenis-mexicano-flexi\/","og_site_name":"Zero Magazine","article_published_time":"2026-01-26T17:18:21+00:00","article_modified_time":"2026-01-26T17:18:22+00:00","og_image":[{"width":1600,"height":1066,"url":"http:\/\/zeromagazine.mx\/wp-content\/uploads\/2026\/01\/1000049174.jpg","type":"image\/jpeg"}],"author":"zeromagazinemx","twitter_card":"summary_large_image","twitter_misc":{"Escrito por":"zeromagazinemx","Tiempo de lectura":"4 minutos"},"schema":{"@context":"https:\/\/schema.org","@graph":[{"@type":"Article","@id":"https:\/\/zeromagazine.mx\/index.php\/2026\/01\/26\/rafael-de-alba-tenis-mexicano-flexi\/#article","isPartOf":{"@id":"https:\/\/zeromagazine.mx\/index.php\/2026\/01\/26\/rafael-de-alba-tenis-mexicano-flexi\/"},"author":{"name":"zeromagazinemx","@id":"https:\/\/zeromagazine.mx\/#\/schema\/person\/9aed9f33a7c39af3a348b86d723f7773"},"headline":"Rafael de Alba rompe la cancha","datePublished":"2026-01-26T17:18:21+00:00","dateModified":"2026-01-26T17:18:22+00:00","mainEntityOfPage":{"@id":"https:\/\/zeromagazine.mx\/index.php\/2026\/01\/26\/rafael-de-alba-tenis-mexicano-flexi\/"},"wordCount":623,"commentCount":0,"publisher":{"@id":"https:\/\/zeromagazine.mx\/#organization"},"image":{"@id":"https:\/\/zeromagazine.mx\/index.php\/2026\/01\/26\/rafael-de-alba-tenis-mexicano-flexi\/#primaryimage"},"thumbnailUrl":"https:\/\/i0.wp.com\/zeromagazine.mx\/wp-content\/uploads\/2026\/01\/1000049174.jpg?fit=1600%2C1066&ssl=1","articleSection":["Blog"],"inLanguage":"es","potentialAction":[{"@type":"CommentAction","name":"Comment","target":["https:\/\/zeromagazine.mx\/index.php\/2026\/01\/26\/rafael-de-alba-tenis-mexicano-flexi\/#respond"]}]},{"@type":"WebPage","@id":"https:\/\/zeromagazine.mx\/index.php\/2026\/01\/26\/rafael-de-alba-tenis-mexicano-flexi\/","url":"https:\/\/zeromagazine.mx\/index.php\/2026\/01\/26\/rafael-de-alba-tenis-mexicano-flexi\/","name":"Rafael de Alba rompe la cancha - Zero Magazine","isPartOf":{"@id":"https:\/\/zeromagazine.mx\/#website"},"primaryImageOfPage":{"@id":"https:\/\/zeromagazine.mx\/index.php\/2026\/01\/26\/rafael-de-alba-tenis-mexicano-flexi\/#primaryimage"},"image":{"@id":"https:\/\/zeromagazine.mx\/index.php\/2026\/01\/26\/rafael-de-alba-tenis-mexicano-flexi\/#primaryimage"},"thumbnailUrl":"https:\/\/i0.wp.com\/zeromagazine.mx\/wp-content\/uploads\/2026\/01\/1000049174.jpg?fit=1600%2C1066&ssl=1","datePublished":"2026-01-26T17:18:21+00:00","dateModified":"2026-01-26T17:18:22+00:00","description":"Rafael de Alba se consolida como promesa del tenis mexicano con apoyo de Flexi y torneos clave en su camino profesional.","breadcrumb":{"@id":"https:\/\/zeromagazine.mx\/index.php\/2026\/01\/26\/rafael-de-alba-tenis-mexicano-flexi\/#breadcrumb"},"inLanguage":"es","potentialAction":[{"@type":"ReadAction","target":["https:\/\/zeromagazine.mx\/index.php\/2026\/01\/26\/rafael-de-alba-tenis-mexicano-flexi\/"]}]},{"@type":"ImageObject","inLanguage":"es","@id":"https:\/\/zeromagazine.mx\/index.php\/2026\/01\/26\/rafael-de-alba-tenis-mexicano-flexi\/#primaryimage","url":"https:\/\/i0.wp.com\/zeromagazine.mx\/wp-content\/uploads\/2026\/01\/1000049174.jpg?fit=1600%2C1066&ssl=1","contentUrl":"https:\/\/i0.wp.com\/zeromagazine.mx\/wp-content\/uploads\/2026\/01\/1000049174.jpg?fit=1600%2C1066&ssl=1","width":1600,"height":1066},{"@type":"BreadcrumbList","@id":"https:\/\/zeromagazine.mx\/index.php\/2026\/01\/26\/rafael-de-alba-tenis-mexicano-flexi\/#breadcrumb","itemListElement":[{"@type":"ListItem","position":1,"name":"Portada","item":"https:\/\/zeromagazine.mx\/"},{"@type":"ListItem","position":2,"name":"Rafael de Alba rompe la cancha"}]},{"@type":"WebSite","@id":"https:\/\/zeromagazine.mx\/#website","url":"https:\/\/zeromagazine.mx\/","name":"Zero Magazine","description":"","publisher":{"@id":"https:\/\/zeromagazine.mx\/#organization"},"potentialAction":[{"@type":"SearchAction","target":{"@type":"EntryPoint","urlTemplate":"https:\/\/zeromagazine.mx\/?s={search_term_string}"},"query-input":{"@type":"PropertyValueSpecification","valueRequired":true,"valueName":"search_term_string"}}],"inLanguage":"es"},{"@type":"Organization","@id":"https:\/\/zeromagazine.mx\/#organization","name":"Zero Magazine","url":"https:\/\/zeromagazine.mx\/","logo":{"@type":"ImageObject","inLanguage":"es","@id":"https:\/\/zeromagazine.mx\/#\/schema\/logo\/image\/","url":"https:\/\/i0.wp.com\/zeromagazine.mx\/wp-content\/uploads\/2025\/11\/1.jpeg?fit=1000%2C1000&ssl=1","contentUrl":"https:\/\/i0.wp.com\/zeromagazine.mx\/wp-content\/uploads\/2025\/11\/1.jpeg?fit=1000%2C1000&ssl=1","width":1000,"height":1000,"caption":"Zero Magazine"},"image":{"@id":"https:\/\/zeromagazine.mx\/#\/schema\/logo\/image\/"},"sameAs":["https:\/\/instagram.com\/zeromagazinemx"]},{"@type":"Person","@id":"https:\/\/zeromagazine.mx\/#\/schema\/person\/9aed9f33a7c39af3a348b86d723f7773","name":"zeromagazinemx","image":{"@type":"ImageObject","inLanguage":"es","@id":"https:\/\/zeromagazine.mx\/wp-content\/litespeed\/avatar\/f91dfe5410d5dcb1a576bf8c45983896.jpg?ver=1777571230","url":"https:\/\/zeromagazine.mx\/wp-content\/litespeed\/avatar\/f91dfe5410d5dcb1a576bf8c45983896.jpg?ver=1777571230","contentUrl":"https:\/\/zeromagazine.mx\/wp-content\/litespeed\/avatar\/f91dfe5410d5dcb1a576bf8c45983896.jpg?ver=1777571230","caption":"zeromagazinemx"},"url":"https:\/\/zeromagazine.mx\/index.php\/author\/zeromagazinemx\/"}]}},"jetpack_publicize_connections":[],"jetpack_featured_media_url":"https:\/\/i0.wp.com\/zeromagazine.mx\/wp-content\/uploads\/2026\/01\/1000049174.jpg?fit=1600%2C1066&ssl=1","jetpack-related-posts":[{"id":114041,"url":"https:\/\/zeromagazine.mx\/index.php\/2026\/01\/22\/flexi-country-outdoor-aventura\/","url_meta":{"origin":114207,"position":0},"title":"Flexi Country outdoor redefine aventura","author":"Luis Trujano","date":"22 de enero de 2026","format":false,"excerpt":"Salir, caminar, explorar y desconectarte un rato ya no es un lujo ocasional: es parte del autocuidado moderno. Y si algo hemos aprendido, es que ninguna aventura fluye si no empiezas con el pie derecho. Flexi Country outdoor llega justo a ese punto donde comodidad, dise\u00f1o y funcionalidad se cruzan\u2026","rel":"","context":"En \u00abModa\u00bb","block_context":{"text":"Moda","link":"https:\/\/zeromagazine.mx\/index.php\/category\/moda\/"},"img":{"alt_text":"","src":"https:\/\/i0.wp.com\/zeromagazine.mx\/wp-content\/uploads\/2026\/01\/IMG_6365.jpeg?fit=960%2C1200&ssl=1&resize=350%2C200","width":350,"height":200,"srcset":"https:\/\/i0.wp.com\/zeromagazine.mx\/wp-content\/uploads\/2026\/01\/IMG_6365.jpeg?fit=960%2C1200&ssl=1&resize=350%2C200 1x, https:\/\/i0.wp.com\/zeromagazine.mx\/wp-content\/uploads\/2026\/01\/IMG_6365.jpeg?fit=960%2C1200&ssl=1&resize=525%2C300 1.5x, https:\/\/i0.wp.com\/zeromagazine.mx\/wp-content\/uploads\/2026\/01\/IMG_6365.jpeg?fit=960%2C1200&ssl=1&resize=700%2C400 2x"},"classes":[]},{"id":55810,"url":"https:\/\/zeromagazine.mx\/index.php\/2021\/10\/12\/viridiana-alvarez-la-nueva-embajadora-de-flexi-country\/","url_meta":{"origin":114207,"position":1},"title":"Viridiana \u00c1lvarez, la nueva embajadora de Flexi Country","author":"zeromagazinemx","date":"12 de octubre de 2021","format":false,"excerpt":"Flexi Country es una l\u00ednea especializada para realizar diferentes actividades outdoor y que actualmente es una de las marcas 100% mexicanas m\u00e1s reconocida en el mercado, y ahora, la alpinista Viridiana \u00c1lvarez porta con orgullo Flexi Country. Por Luis Lechuga Viridiana no solamente es una mujer preparada como licenciada de\u2026","rel":"","context":"En \u00abLifestyle\u00bb","block_context":{"text":"Lifestyle","link":"https:\/\/zeromagazine.mx\/index.php\/category\/lifestyle\/"},"img":{"alt_text":"","src":"https:\/\/i0.wp.com\/zeromagazinemx.wpcomstaging.com\/wp-content\/uploads\/2022\/02\/703a7-viridiana-alvarez.jpg?resize=350%2C200&ssl=1","width":350,"height":200,"srcset":"https:\/\/i0.wp.com\/zeromagazinemx.wpcomstaging.com\/wp-content\/uploads\/2022\/02\/703a7-viridiana-alvarez.jpg?resize=350%2C200&ssl=1 1x, https:\/\/i0.wp.com\/zeromagazinemx.wpcomstaging.com\/wp-content\/uploads\/2022\/02\/703a7-viridiana-alvarez.jpg?resize=525%2C300&ssl=1 1.5x, https:\/\/i0.wp.com\/zeromagazinemx.wpcomstaging.com\/wp-content\/uploads\/2022\/02\/703a7-viridiana-alvarez.jpg?resize=700%2C400&ssl=1 2x"},"classes":[]},{"id":52265,"url":"https:\/\/zeromagazine.mx\/index.php\/2021\/08\/17\/disfruta-del-verano-con-flexi\/","url_meta":{"origin":114207,"position":2},"title":"Disfruta del verano con Flexi","author":"zeromagazinemx","date":"17 de agosto de 2021","format":false,"excerpt":"Te presentamos las propuestas que Flexi trae consigo este verano. Por Mayra Torres Flexi llega este verano con una gran variedad de cambios en la gama de colores Artificiales, como el verde oscuro, azul plomo, verde aqua, azul turquesa, verde claro, lim\u00f3n, rosa, platinados, entre otros. Tambi\u00e9n llegan nuevos colores\u2026","rel":"","context":"En \u00abLifestyle\u00bb","block_context":{"text":"Lifestyle","link":"https:\/\/zeromagazine.mx\/index.php\/category\/lifestyle\/"},"img":{"alt_text":"","src":"","width":0,"height":0},"classes":[]},{"id":91185,"url":"https:\/\/zeromagazine.mx\/index.php\/2024\/11\/19\/futbol-comunidad-y-buenas-vibras\/","url_meta":{"origin":114207,"position":3},"title":"\u00abF\u00fatbol, Comunidad y Buenas Vibras\u00bb","author":"zeromagazinemx","date":"19 de noviembre de 2024","format":false,"excerpt":"Si hay algo que une a todos, es el f\u00fatbol. Y cuando combinas el deporte con acciones que impactan directo en la comunidad, se crea pura magia. Eso fue justo lo que pas\u00f3 en Santa Rita Tlahuapan, Puebla, donde\u00a0Agua Sta.Mar\u00eda\u00ae\u00a0y\u00a0Nestl\u00e9 Waters\u00a0llevaron su compromiso al siguiente nivel, donando una cancha de\u2026","rel":"","context":"En \u00abBienestar\u00bb","block_context":{"text":"Bienestar","link":"https:\/\/zeromagazine.mx\/index.php\/category\/lifestyle\/bienestar\/"},"img":{"alt_text":"","src":"https:\/\/i0.wp.com\/zeromagazine.mx\/wp-content\/uploads\/2024\/11\/Corte-liston.jpg?resize=350%2C200&ssl=1","width":350,"height":200},"classes":[]},{"id":88351,"url":"https:\/\/zeromagazine.mx\/index.php\/2024\/10\/24\/reebok-back-in-the-game\/","url_meta":{"origin":114207,"position":4},"title":"Reebok: Back in the Game","author":"zeromagazinemx","date":"24 de octubre de 2024","format":false,"excerpt":"Oigan, amigxs, hay algo en el aire y huele a nostalgia. Si creciste con los sneakers de Reebok, probablemente ya est\u00e1s sintiendo esa vibra m\u00e1gica que regresa. La marca que ha estado en nuestra mente y en nuestras canchas est\u00e1 haciendo su gran comeback al mundo del b\u00e1squetbol, y vaya\u2026","rel":"","context":"En \u00abModa\u00bb","block_context":{"text":"Moda","link":"https:\/\/zeromagazine.mx\/index.php\/category\/moda\/"},"img":{"alt_text":"","src":"https:\/\/i0.wp.com\/zeromagazine.mx\/wp-content\/uploads\/2024\/10\/FW24_Basketball_EngineA-Reveal_Blog_Mobile_650x550.png?fit=650%2C550&ssl=1&resize=350%2C200","width":350,"height":200,"srcset":"https:\/\/i0.wp.com\/zeromagazine.mx\/wp-content\/uploads\/2024\/10\/FW24_Basketball_EngineA-Reveal_Blog_Mobile_650x550.png?fit=650%2C550&ssl=1&resize=350%2C200 1x, https:\/\/i0.wp.com\/zeromagazine.mx\/wp-content\/uploads\/2024\/10\/FW24_Basketball_EngineA-Reveal_Blog_Mobile_650x550.png?fit=650%2C550&ssl=1&resize=525%2C300 1.5x"},"classes":[]},{"id":87352,"url":"https:\/\/zeromagazine.mx\/index.php\/2024\/10\/18\/shaq-x-coppel-sneakers-legendarios\/","url_meta":{"origin":114207,"position":5},"title":"\u00abShaq x Coppel: Sneakers Legendarios\u00bb","author":"zeromagazinemx","date":"18 de octubre de 2024","format":false,"excerpt":"\u00bfQui\u00e9n no ha o\u00eddo hablar de Shaquille O'Neal? El gigante que domin\u00f3 las canchas y que ahora sigue rompi\u00e9ndola en otros terrenos, ha vuelto con algo que seguro va a hacer un impacto impresionante en el mundo del calzado deportivo. Y, esta vez, no est\u00e1 solo. Shaq\u2122 Footwear se ha\u2026","rel":"","context":"En \u00abModa\u00bb","block_context":{"text":"Moda","link":"https:\/\/zeromagazine.mx\/index.php\/category\/moda\/"},"img":{"alt_text":"","src":"https:\/\/i0.wp.com\/zeromagazine.mx\/wp-content\/uploads\/2024\/10\/E4A9304-scaled.jpg?fit=1200%2C800&ssl=1&resize=350%2C200","width":350,"height":200,"srcset":"https:\/\/i0.wp.com\/zeromagazine.mx\/wp-content\/uploads\/2024\/10\/E4A9304-scaled.jpg?fit=1200%2C800&ssl=1&resize=350%2C200 1x, https:\/\/i0.wp.com\/zeromagazine.mx\/wp-content\/uploads\/2024\/10\/E4A9304-scaled.jpg?fit=1200%2C800&ssl=1&resize=525%2C300 1.5x, https:\/\/i0.wp.com\/zeromagazine.mx\/wp-content\/uploads\/2024\/10\/E4A9304-scaled.jpg?fit=1200%2C800&ssl=1&resize=700%2C400 2x, https:\/\/i0.wp.com\/zeromagazine.mx\/wp-content\/uploads\/2024\/10\/E4A9304-scaled.jpg?fit=1200%2C800&ssl=1&resize=1050%2C600 3x"},"classes":[]}],"jetpack_sharing_enabled":true,"builder_content":"","_links":{"self":[{"href":"https:\/\/zeromagazine.mx\/index.php\/wp-json\/wp\/v2\/posts\/114207","targetHints":{"allow":["GET"]}}],"collection":[{"href":"https:\/\/zeromagazine.mx\/index.php\/wp-json\/wp\/v2\/posts"}],"about":[{"href":"https:\/\/zeromagazine.mx\/index.php\/wp-json\/wp\/v2\/types\/post"}],"author":[{"embeddable":true,"href":"https:\/\/zeromagazine.mx\/index.php\/wp-json\/wp\/v2\/users\/2"}],"replies":[{"embeddable":true,"href":"https:\/\/zeromagazine.mx\/index.php\/wp-json\/wp\/v2\/comments?post=114207"}],"version-history":[{"count":1,"href":"https:\/\/zeromagazine.mx\/index.php\/wp-json\/wp\/v2\/posts\/114207\/revisions"}],"predecessor-version":[{"id":114211,"href":"https:\/\/zeromagazine.mx\/index.php\/wp-json\/wp\/v2\/posts\/114207\/revisions\/114211"}],"wp:featuredmedia":[{"embeddable":true,"href":"https:\/\/zeromagazine.mx\/index.php\/wp-json\/wp\/v2\/media\/114208"}],"wp:attachment":[{"href":"https:\/\/zeromagazine.mx\/index.php\/wp-json\/wp\/v2\/media?parent=114207"}],"wp:term":[{"taxonomy":"category","embeddable":true,"href":"https:\/\/zeromagazine.mx\/index.php\/wp-json\/wp\/v2\/categories?post=114207"},{"taxonomy":"post_tag","embeddable":true,"href":"https:\/\/zeromagazine.mx\/index.php\/wp-json\/wp\/v2\/tags?post=114207"}],"curies":[{"name":"wp","href":"https:\/\/api.w.org\/{rel}","templated":true}]}}