{"id":114257,"date":"2026-01-27T16:13:10","date_gmt":"2026-01-27T22:13:10","guid":{"rendered":"https:\/\/zeromagazine.mx\/?p=114257"},"modified":"2026-01-27T16:13:40","modified_gmt":"2026-01-27T22:13:40","slug":"latin-mafia-moda-paris","status":"publish","type":"post","link":"https:\/\/zeromagazine.mx\/index.php\/2026\/01\/27\/latin-mafia-moda-paris\/","title":{"rendered":"LATIN MAFIA DEBUTA EN EL MUNDO DE LA MODA EN PAR\u00cdS CON APARICI\u00d3N EN AMIRI Y PRESENTACI\u00d3N EN VIVO PARA WILLY CHAVARR\u00cdA"},"content":{"rendered":"\n<p>Par\u00eds siempre ha sido sin\u00f3nimo de lujo, riesgo creativo y tendencias que dictan el ritmo global. Esta vez, la ciudad fue testigo de algo distinto:&nbsp;<strong>Latin Mafia<\/strong>&nbsp;cruzando fronteras y demostrando que la m\u00fasica en espa\u00f1ol tambi\u00e9n puede ocupar un lugar central en la moda de alto impacto. Su debut en la Semana de la Moda de Par\u00eds no fue casual ni simb\u00f3lico: fue estrat\u00e9gico, poderoso y totalmente alineado con la conversaci\u00f3n cultural actual.<\/p>\n\n\n\n<p>Desde la primera fila hasta el cierre de una pasarela hist\u00f3rica, el tr\u00edo mexicano dej\u00f3 claro que su visi\u00f3n va mucho m\u00e1s all\u00e1 del escenario musical. La conexi\u00f3n entre sonido, identidad y est\u00e9tica fue el hilo conductor de una semana que marc\u00f3 un nuevo cap\u00edtulo para ellos y para la representaci\u00f3n latina en espacios creativos globales.<\/p>\n\n\n\n<p>Adem\u00e1s, su presencia en el desfile de menswear Oto\u00f1o\/Invierno 2026 de AMIRI confirm\u00f3 lo que muchos ya sab\u00edan: Latin Mafia no solo entiende la moda, la vive. Looks precisos, actitud relajada y una energ\u00eda que encaj\u00f3 perfecto con el ADN californiano\u2013parisino de la marca. No se trat\u00f3 de vestir bien para la foto, sino de ocupar el espacio con autenticidad.<\/p>\n\n\n\n<h3 class=\"wp-block-heading\"><strong>Latin Mafia en moda Par\u00eds como cruce cultural<\/strong><\/h3>\n\n\n\n<p>La verdadera explosi\u00f3n lleg\u00f3 en la pasarela \u201cETERNO\u201d FW26 de Willy Chavarr\u00eda. M\u00e1s que un desfile, fue una experiencia emocional donde la m\u00fasica en vivo se convirti\u00f3 en parte del dise\u00f1o. Entre nombres internacionales y propuestas cargadas de simbolismo,&nbsp;<strong>Latin Mafia moda Par\u00eds<\/strong>&nbsp;se volvi\u00f3 el acto final de la noche, cerrando el runway con una presentaci\u00f3n sorpresa que desdibuj\u00f3 por completo la l\u00ednea entre concierto y pasarela.<\/p>\n\n\n\n<figure class=\"wp-block-gallery has-nested-images columns-default is-cropped wp-block-gallery-1 is-layout-flex wp-block-gallery-is-layout-flex\">\n<figure class=\"wp-block-image size-large\"><img data-recalc-dims=\"1\" decoding=\"async\" width=\"1024\" height=\"682\" data-id=\"114259\" src=\"https:\/\/i0.wp.com\/zeromagazine.mx\/wp-content\/uploads\/2026\/01\/IMG_1170-1024x682.jpeg?resize=1024%2C682&#038;ssl=1\" alt=\"\" class=\"wp-image-114259\" srcset=\"https:\/\/i0.wp.com\/zeromagazine.mx\/wp-content\/uploads\/2026\/01\/IMG_1170.jpeg?resize=1024%2C682&amp;ssl=1 1024w, https:\/\/i0.wp.com\/zeromagazine.mx\/wp-content\/uploads\/2026\/01\/IMG_1170.jpeg?resize=300%2C200&amp;ssl=1 300w, https:\/\/i0.wp.com\/zeromagazine.mx\/wp-content\/uploads\/2026\/01\/IMG_1170.jpeg?resize=768%2C512&amp;ssl=1 768w, https:\/\/i0.wp.com\/zeromagazine.mx\/wp-content\/uploads\/2026\/01\/IMG_1170.jpeg?w=1288&amp;ssl=1 1288w\" sizes=\"(max-width: 1024px) 100vw, 1024px\" \/><\/figure>\n<\/figure>\n\n\n\n<p>Por otro lado, la elecci\u00f3n de Chavarr\u00eda no fue aleatoria. Su trabajo siempre ha estado ligado a la identidad, lo espiritual y lo urbano, valores que conectan directamente con el discurso art\u00edstico del tr\u00edo. La presentaci\u00f3n no solo elev\u00f3 el desfile, tambi\u00e9n reforz\u00f3 la idea de que la moda ya no se consume solo con los ojos, sino con todos los sentidos.<\/p>\n\n\n\n<p>Este momento posiciona a&nbsp;<strong>Latin Mafia moda Par\u00eds<\/strong>&nbsp;como un punto de referencia para nuevas colaboraciones entre artistas musicales y dise\u00f1adores que buscan algo m\u00e1s que alcance: buscan impacto cultural real.<\/p>\n\n\n\n<h3 class=\"wp-block-heading\"><strong>Su expansi\u00f3n global<\/strong><\/h3>\n\n\n\n<p>Finalmente, este debut llega en un punto clave de su carrera. Con giras europeas agotadas, presencia constante en medios internacionales y nominaciones consecutivas al Latin Grammy, el grupo ha construido una narrativa s\u00f3lida que conecta con una audiencia global sin perder su esencia. Par\u00eds fue solo el siguiente paso l\u00f3gico.<\/p>\n\n\n\n<p>La moda, al igual que la m\u00fasica, funciona hoy como un lenguaje universal. Y Latin Mafia lo habla con fluidez. No est\u00e1n siguiendo tendencias; est\u00e1n creando conversaciones. Su paso por la Semana de la Moda de Par\u00eds no fue un experimento, fue una declaraci\u00f3n: el pop en espa\u00f1ol tiene estilo, voz y un lugar en la primera fila del mundo creativo.<\/p>\n\n\n\n<figure class=\"wp-block-gallery has-nested-images columns-default is-cropped wp-block-gallery-2 is-layout-flex wp-block-gallery-is-layout-flex\">\n<figure class=\"wp-block-image size-large\"><img data-recalc-dims=\"1\" decoding=\"async\" width=\"1024\" height=\"682\" data-id=\"114260\" src=\"https:\/\/i0.wp.com\/zeromagazine.mx\/wp-content\/uploads\/2026\/01\/IMG_1169-1024x682.jpeg?resize=1024%2C682&#038;ssl=1\" alt=\"\" class=\"wp-image-114260\" srcset=\"https:\/\/i0.wp.com\/zeromagazine.mx\/wp-content\/uploads\/2026\/01\/IMG_1169.jpeg?resize=1024%2C682&amp;ssl=1 1024w, https:\/\/i0.wp.com\/zeromagazine.mx\/wp-content\/uploads\/2026\/01\/IMG_1169.jpeg?resize=300%2C200&amp;ssl=1 300w, https:\/\/i0.wp.com\/zeromagazine.mx\/wp-content\/uploads\/2026\/01\/IMG_1169.jpeg?resize=768%2C512&amp;ssl=1 768w, https:\/\/i0.wp.com\/zeromagazine.mx\/wp-content\/uploads\/2026\/01\/IMG_1169.jpeg?w=1288&amp;ssl=1 1288w\" sizes=\"(max-width: 1024px) 100vw, 1024px\" \/><\/figure>\n<\/figure>\n<!--themify_builder_content-->\n<div id=\"themify_builder_content-114257\" data-postid=\"114257\" class=\"themify_builder_content themify_builder_content-114257 themify_builder tf_clear\">\n    <\/div>\n<!--\/themify_builder_content-->\n","protected":false},"excerpt":{"rendered":"<p>Par\u00eds siempre ha sido sin\u00f3nimo de lujo, riesgo creativo y tendencias que dictan el ritmo global. Esta vez, la ciudad fue testigo de algo distinto:&nbsp;Latin Mafia&nbsp;cruzando fronteras y demostrando que la m\u00fasica en espa\u00f1ol tambi\u00e9n puede ocupar un lugar central en la moda de alto impacto. Su debut en la Semana de la Moda de [&hellip;]<\/p>\n","protected":false},"author":4,"featured_media":114258,"comment_status":"open","ping_status":"open","sticky":false,"template":"","format":"standard","meta":{"_jetpack_memberships_contains_paid_content":false,"footnotes":"","jetpack_publicize_message":"","jetpack_publicize_feature_enabled":true,"jetpack_social_post_already_shared":true,"jetpack_social_options":{"image_generator_settings":{"template":"highway","default_image_id":0,"font":"","enabled":false},"version":2}},"categories":[1,117,14134],"tags":[],"class_list":["post-114257","post","type-post","status-publish","format-standard","has-post-thumbnail","hentry","category-blog","category-entretenimiento","category-musica","has-post-title","has-post-date","has-post-category","has-post-tag","has-post-comment","has-post-author",""],"yoast_head":"<!-- This site is optimized with the Yoast SEO plugin v27.5 - https:\/\/yoast.com\/product\/yoast-seo-wordpress\/ -->\n<title>LATIN MAFIA DEBUTA EN EL MUNDO DE LA MODA EN PAR\u00cdS CON APARICI\u00d3N EN AMIRI Y PRESENTACI\u00d3N EN VIVO PARA WILLY CHAVARR\u00cdA - Zero Magazine<\/title>\n<meta name=\"description\" content=\"Latin Mafia moda Par\u00eds marca su debut en la Semana de la Moda con AMIRI y una presentaci\u00f3n en vivo para Willy Chavarr\u00eda.\" \/>\n<meta name=\"robots\" content=\"index, follow, max-snippet:-1, max-image-preview:large, max-video-preview:-1\" \/>\n<link rel=\"canonical\" href=\"https:\/\/zeromagazine.mx\/index.php\/2026\/01\/27\/latin-mafia-moda-paris\/\" \/>\n<meta property=\"og:locale\" content=\"es_ES\" \/>\n<meta property=\"og:type\" content=\"article\" \/>\n<meta property=\"og:title\" content=\"LATIN MAFIA DEBUTA EN EL MUNDO DE LA MODA EN PAR\u00cdS CON APARICI\u00d3N EN AMIRI Y PRESENTACI\u00d3N EN VIVO PARA WILLY CHAVARR\u00cdA - Zero Magazine\" \/>\n<meta property=\"og:description\" content=\"Latin Mafia moda Par\u00eds marca su debut en la Semana de la Moda con AMIRI y una presentaci\u00f3n en vivo para Willy Chavarr\u00eda.\" \/>\n<meta property=\"og:url\" content=\"https:\/\/zeromagazine.mx\/index.php\/2026\/01\/27\/latin-mafia-moda-paris\/\" \/>\n<meta property=\"og:site_name\" content=\"Zero Magazine\" \/>\n<meta property=\"article:published_time\" content=\"2026-01-27T22:13:10+00:00\" \/>\n<meta property=\"article:modified_time\" content=\"2026-01-27T22:13:40+00:00\" \/>\n<meta property=\"og:image\" content=\"http:\/\/zeromagazine.mx\/wp-content\/uploads\/2026\/01\/IMG_1171.jpeg\" \/>\n\t<meta property=\"og:image:width\" content=\"1288\" \/>\n\t<meta property=\"og:image:height\" content=\"858\" \/>\n\t<meta property=\"og:image:type\" content=\"image\/jpeg\" \/>\n<meta name=\"author\" content=\"David Morales\" \/>\n<meta name=\"twitter:card\" content=\"summary_large_image\" \/>\n<meta name=\"twitter:label1\" content=\"Escrito por\" \/>\n\t<meta name=\"twitter:data1\" content=\"David Morales\" \/>\n\t<meta name=\"twitter:label2\" content=\"Tiempo de lectura\" \/>\n\t<meta name=\"twitter:data2\" content=\"3 minutos\" \/>\n<script type=\"application\/ld+json\" class=\"yoast-schema-graph\">{\"@context\":\"https:\\\/\\\/schema.org\",\"@graph\":[{\"@type\":\"Article\",\"@id\":\"https:\\\/\\\/zeromagazine.mx\\\/index.php\\\/2026\\\/01\\\/27\\\/latin-mafia-moda-paris\\\/#article\",\"isPartOf\":{\"@id\":\"https:\\\/\\\/zeromagazine.mx\\\/index.php\\\/2026\\\/01\\\/27\\\/latin-mafia-moda-paris\\\/\"},\"author\":{\"name\":\"David Morales\",\"@id\":\"https:\\\/\\\/zeromagazine.mx\\\/#\\\/schema\\\/person\\\/9f7f1a17c60ba8e9980e3e6677aabe5a\"},\"headline\":\"LATIN MAFIA DEBUTA EN EL MUNDO DE LA MODA EN PAR\u00cdS CON APARICI\u00d3N EN AMIRI Y PRESENTACI\u00d3N EN VIVO PARA WILLY CHAVARR\u00cdA\",\"datePublished\":\"2026-01-27T22:13:10+00:00\",\"dateModified\":\"2026-01-27T22:13:40+00:00\",\"mainEntityOfPage\":{\"@id\":\"https:\\\/\\\/zeromagazine.mx\\\/index.php\\\/2026\\\/01\\\/27\\\/latin-mafia-moda-paris\\\/\"},\"wordCount\":555,\"commentCount\":0,\"publisher\":{\"@id\":\"https:\\\/\\\/zeromagazine.mx\\\/#organization\"},\"image\":{\"@id\":\"https:\\\/\\\/zeromagazine.mx\\\/index.php\\\/2026\\\/01\\\/27\\\/latin-mafia-moda-paris\\\/#primaryimage\"},\"thumbnailUrl\":\"https:\\\/\\\/i0.wp.com\\\/zeromagazine.mx\\\/wp-content\\\/uploads\\\/2026\\\/01\\\/IMG_1171.jpeg?fit=1288%2C858&ssl=1\",\"articleSection\":[\"Blog\",\"Entretenimiento\",\"M\u00fasica\"],\"inLanguage\":\"es\",\"potentialAction\":[{\"@type\":\"CommentAction\",\"name\":\"Comment\",\"target\":[\"https:\\\/\\\/zeromagazine.mx\\\/index.php\\\/2026\\\/01\\\/27\\\/latin-mafia-moda-paris\\\/#respond\"]}]},{\"@type\":\"WebPage\",\"@id\":\"https:\\\/\\\/zeromagazine.mx\\\/index.php\\\/2026\\\/01\\\/27\\\/latin-mafia-moda-paris\\\/\",\"url\":\"https:\\\/\\\/zeromagazine.mx\\\/index.php\\\/2026\\\/01\\\/27\\\/latin-mafia-moda-paris\\\/\",\"name\":\"LATIN MAFIA DEBUTA EN EL MUNDO DE LA MODA EN PAR\u00cdS CON APARICI\u00d3N EN AMIRI Y PRESENTACI\u00d3N EN VIVO PARA WILLY CHAVARR\u00cdA - Zero Magazine\",\"isPartOf\":{\"@id\":\"https:\\\/\\\/zeromagazine.mx\\\/#website\"},\"primaryImageOfPage\":{\"@id\":\"https:\\\/\\\/zeromagazine.mx\\\/index.php\\\/2026\\\/01\\\/27\\\/latin-mafia-moda-paris\\\/#primaryimage\"},\"image\":{\"@id\":\"https:\\\/\\\/zeromagazine.mx\\\/index.php\\\/2026\\\/01\\\/27\\\/latin-mafia-moda-paris\\\/#primaryimage\"},\"thumbnailUrl\":\"https:\\\/\\\/i0.wp.com\\\/zeromagazine.mx\\\/wp-content\\\/uploads\\\/2026\\\/01\\\/IMG_1171.jpeg?fit=1288%2C858&ssl=1\",\"datePublished\":\"2026-01-27T22:13:10+00:00\",\"dateModified\":\"2026-01-27T22:13:40+00:00\",\"description\":\"Latin Mafia moda Par\u00eds marca su debut en la Semana de la Moda con AMIRI y una presentaci\u00f3n en vivo para Willy Chavarr\u00eda.\",\"breadcrumb\":{\"@id\":\"https:\\\/\\\/zeromagazine.mx\\\/index.php\\\/2026\\\/01\\\/27\\\/latin-mafia-moda-paris\\\/#breadcrumb\"},\"inLanguage\":\"es\",\"potentialAction\":[{\"@type\":\"ReadAction\",\"target\":[\"https:\\\/\\\/zeromagazine.mx\\\/index.php\\\/2026\\\/01\\\/27\\\/latin-mafia-moda-paris\\\/\"]}]},{\"@type\":\"ImageObject\",\"inLanguage\":\"es\",\"@id\":\"https:\\\/\\\/zeromagazine.mx\\\/index.php\\\/2026\\\/01\\\/27\\\/latin-mafia-moda-paris\\\/#primaryimage\",\"url\":\"https:\\\/\\\/i0.wp.com\\\/zeromagazine.mx\\\/wp-content\\\/uploads\\\/2026\\\/01\\\/IMG_1171.jpeg?fit=1288%2C858&ssl=1\",\"contentUrl\":\"https:\\\/\\\/i0.wp.com\\\/zeromagazine.mx\\\/wp-content\\\/uploads\\\/2026\\\/01\\\/IMG_1171.jpeg?fit=1288%2C858&ssl=1\",\"width\":1288,\"height\":858},{\"@type\":\"BreadcrumbList\",\"@id\":\"https:\\\/\\\/zeromagazine.mx\\\/index.php\\\/2026\\\/01\\\/27\\\/latin-mafia-moda-paris\\\/#breadcrumb\",\"itemListElement\":[{\"@type\":\"ListItem\",\"position\":1,\"name\":\"Portada\",\"item\":\"https:\\\/\\\/zeromagazine.mx\\\/\"},{\"@type\":\"ListItem\",\"position\":2,\"name\":\"LATIN MAFIA DEBUTA EN EL MUNDO DE LA MODA EN PAR\u00cdS CON APARICI\u00d3N EN AMIRI Y PRESENTACI\u00d3N EN VIVO PARA WILLY CHAVARR\u00cdA\"}]},{\"@type\":\"WebSite\",\"@id\":\"https:\\\/\\\/zeromagazine.mx\\\/#website\",\"url\":\"https:\\\/\\\/zeromagazine.mx\\\/\",\"name\":\"Zero Magazine\",\"description\":\"\",\"publisher\":{\"@id\":\"https:\\\/\\\/zeromagazine.mx\\\/#organization\"},\"potentialAction\":[{\"@type\":\"SearchAction\",\"target\":{\"@type\":\"EntryPoint\",\"urlTemplate\":\"https:\\\/\\\/zeromagazine.mx\\\/?s={search_term_string}\"},\"query-input\":{\"@type\":\"PropertyValueSpecification\",\"valueRequired\":true,\"valueName\":\"search_term_string\"}}],\"inLanguage\":\"es\"},{\"@type\":\"Organization\",\"@id\":\"https:\\\/\\\/zeromagazine.mx\\\/#organization\",\"name\":\"Zero Magazine\",\"url\":\"https:\\\/\\\/zeromagazine.mx\\\/\",\"logo\":{\"@type\":\"ImageObject\",\"inLanguage\":\"es\",\"@id\":\"https:\\\/\\\/zeromagazine.mx\\\/#\\\/schema\\\/logo\\\/image\\\/\",\"url\":\"https:\\\/\\\/i0.wp.com\\\/zeromagazine.mx\\\/wp-content\\\/uploads\\\/2025\\\/11\\\/1.jpeg?fit=1000%2C1000&ssl=1\",\"contentUrl\":\"https:\\\/\\\/i0.wp.com\\\/zeromagazine.mx\\\/wp-content\\\/uploads\\\/2025\\\/11\\\/1.jpeg?fit=1000%2C1000&ssl=1\",\"width\":1000,\"height\":1000,\"caption\":\"Zero Magazine\"},\"image\":{\"@id\":\"https:\\\/\\\/zeromagazine.mx\\\/#\\\/schema\\\/logo\\\/image\\\/\"},\"sameAs\":[\"https:\\\/\\\/instagram.com\\\/zeromagazinemx\"]},{\"@type\":\"Person\",\"@id\":\"https:\\\/\\\/zeromagazine.mx\\\/#\\\/schema\\\/person\\\/9f7f1a17c60ba8e9980e3e6677aabe5a\",\"name\":\"David Morales\",\"image\":{\"@type\":\"ImageObject\",\"inLanguage\":\"es\",\"@id\":\"https:\\\/\\\/zeromagazine.mx\\\/wp-content\\\/litespeed\\\/avatar\\\/76069d2136bfc1c37dc34815bb67ca42.jpg?ver=1777571067\",\"url\":\"https:\\\/\\\/zeromagazine.mx\\\/wp-content\\\/litespeed\\\/avatar\\\/76069d2136bfc1c37dc34815bb67ca42.jpg?ver=1777571067\",\"contentUrl\":\"https:\\\/\\\/zeromagazine.mx\\\/wp-content\\\/litespeed\\\/avatar\\\/76069d2136bfc1c37dc34815bb67ca42.jpg?ver=1777571067\",\"caption\":\"David Morales\"},\"url\":\"https:\\\/\\\/zeromagazine.mx\\\/index.php\\\/author\\\/david\\\/\"}]}<\/script>\n<!-- \/ Yoast SEO plugin. -->","yoast_head_json":{"title":"LATIN MAFIA DEBUTA EN EL MUNDO DE LA MODA EN PAR\u00cdS CON APARICI\u00d3N EN AMIRI Y PRESENTACI\u00d3N EN VIVO PARA WILLY CHAVARR\u00cdA - Zero Magazine","description":"Latin Mafia moda Par\u00eds marca su debut en la Semana de la Moda con AMIRI y una presentaci\u00f3n en vivo para Willy Chavarr\u00eda.","robots":{"index":"index","follow":"follow","max-snippet":"max-snippet:-1","max-image-preview":"max-image-preview:large","max-video-preview":"max-video-preview:-1"},"canonical":"https:\/\/zeromagazine.mx\/index.php\/2026\/01\/27\/latin-mafia-moda-paris\/","og_locale":"es_ES","og_type":"article","og_title":"LATIN MAFIA DEBUTA EN EL MUNDO DE LA MODA EN PAR\u00cdS CON APARICI\u00d3N EN AMIRI Y PRESENTACI\u00d3N EN VIVO PARA WILLY CHAVARR\u00cdA - Zero Magazine","og_description":"Latin Mafia moda Par\u00eds marca su debut en la Semana de la Moda con AMIRI y una presentaci\u00f3n en vivo para Willy Chavarr\u00eda.","og_url":"https:\/\/zeromagazine.mx\/index.php\/2026\/01\/27\/latin-mafia-moda-paris\/","og_site_name":"Zero Magazine","article_published_time":"2026-01-27T22:13:10+00:00","article_modified_time":"2026-01-27T22:13:40+00:00","og_image":[{"width":1288,"height":858,"url":"http:\/\/zeromagazine.mx\/wp-content\/uploads\/2026\/01\/IMG_1171.jpeg","type":"image\/jpeg"}],"author":"David Morales","twitter_card":"summary_large_image","twitter_misc":{"Escrito por":"David Morales","Tiempo de lectura":"3 minutos"},"schema":{"@context":"https:\/\/schema.org","@graph":[{"@type":"Article","@id":"https:\/\/zeromagazine.mx\/index.php\/2026\/01\/27\/latin-mafia-moda-paris\/#article","isPartOf":{"@id":"https:\/\/zeromagazine.mx\/index.php\/2026\/01\/27\/latin-mafia-moda-paris\/"},"author":{"name":"David Morales","@id":"https:\/\/zeromagazine.mx\/#\/schema\/person\/9f7f1a17c60ba8e9980e3e6677aabe5a"},"headline":"LATIN MAFIA DEBUTA EN EL MUNDO DE LA MODA EN PAR\u00cdS CON APARICI\u00d3N EN AMIRI Y PRESENTACI\u00d3N EN VIVO PARA WILLY CHAVARR\u00cdA","datePublished":"2026-01-27T22:13:10+00:00","dateModified":"2026-01-27T22:13:40+00:00","mainEntityOfPage":{"@id":"https:\/\/zeromagazine.mx\/index.php\/2026\/01\/27\/latin-mafia-moda-paris\/"},"wordCount":555,"commentCount":0,"publisher":{"@id":"https:\/\/zeromagazine.mx\/#organization"},"image":{"@id":"https:\/\/zeromagazine.mx\/index.php\/2026\/01\/27\/latin-mafia-moda-paris\/#primaryimage"},"thumbnailUrl":"https:\/\/i0.wp.com\/zeromagazine.mx\/wp-content\/uploads\/2026\/01\/IMG_1171.jpeg?fit=1288%2C858&ssl=1","articleSection":["Blog","Entretenimiento","M\u00fasica"],"inLanguage":"es","potentialAction":[{"@type":"CommentAction","name":"Comment","target":["https:\/\/zeromagazine.mx\/index.php\/2026\/01\/27\/latin-mafia-moda-paris\/#respond"]}]},{"@type":"WebPage","@id":"https:\/\/zeromagazine.mx\/index.php\/2026\/01\/27\/latin-mafia-moda-paris\/","url":"https:\/\/zeromagazine.mx\/index.php\/2026\/01\/27\/latin-mafia-moda-paris\/","name":"LATIN MAFIA DEBUTA EN EL MUNDO DE LA MODA EN PAR\u00cdS CON APARICI\u00d3N EN AMIRI Y PRESENTACI\u00d3N EN VIVO PARA WILLY CHAVARR\u00cdA - Zero Magazine","isPartOf":{"@id":"https:\/\/zeromagazine.mx\/#website"},"primaryImageOfPage":{"@id":"https:\/\/zeromagazine.mx\/index.php\/2026\/01\/27\/latin-mafia-moda-paris\/#primaryimage"},"image":{"@id":"https:\/\/zeromagazine.mx\/index.php\/2026\/01\/27\/latin-mafia-moda-paris\/#primaryimage"},"thumbnailUrl":"https:\/\/i0.wp.com\/zeromagazine.mx\/wp-content\/uploads\/2026\/01\/IMG_1171.jpeg?fit=1288%2C858&ssl=1","datePublished":"2026-01-27T22:13:10+00:00","dateModified":"2026-01-27T22:13:40+00:00","description":"Latin Mafia moda Par\u00eds marca su debut en la Semana de la Moda con AMIRI y una presentaci\u00f3n en vivo para Willy Chavarr\u00eda.","breadcrumb":{"@id":"https:\/\/zeromagazine.mx\/index.php\/2026\/01\/27\/latin-mafia-moda-paris\/#breadcrumb"},"inLanguage":"es","potentialAction":[{"@type":"ReadAction","target":["https:\/\/zeromagazine.mx\/index.php\/2026\/01\/27\/latin-mafia-moda-paris\/"]}]},{"@type":"ImageObject","inLanguage":"es","@id":"https:\/\/zeromagazine.mx\/index.php\/2026\/01\/27\/latin-mafia-moda-paris\/#primaryimage","url":"https:\/\/i0.wp.com\/zeromagazine.mx\/wp-content\/uploads\/2026\/01\/IMG_1171.jpeg?fit=1288%2C858&ssl=1","contentUrl":"https:\/\/i0.wp.com\/zeromagazine.mx\/wp-content\/uploads\/2026\/01\/IMG_1171.jpeg?fit=1288%2C858&ssl=1","width":1288,"height":858},{"@type":"BreadcrumbList","@id":"https:\/\/zeromagazine.mx\/index.php\/2026\/01\/27\/latin-mafia-moda-paris\/#breadcrumb","itemListElement":[{"@type":"ListItem","position":1,"name":"Portada","item":"https:\/\/zeromagazine.mx\/"},{"@type":"ListItem","position":2,"name":"LATIN MAFIA DEBUTA EN EL MUNDO DE LA MODA EN PAR\u00cdS CON APARICI\u00d3N EN AMIRI Y PRESENTACI\u00d3N EN VIVO PARA WILLY CHAVARR\u00cdA"}]},{"@type":"WebSite","@id":"https:\/\/zeromagazine.mx\/#website","url":"https:\/\/zeromagazine.mx\/","name":"Zero Magazine","description":"","publisher":{"@id":"https:\/\/zeromagazine.mx\/#organization"},"potentialAction":[{"@type":"SearchAction","target":{"@type":"EntryPoint","urlTemplate":"https:\/\/zeromagazine.mx\/?s={search_term_string}"},"query-input":{"@type":"PropertyValueSpecification","valueRequired":true,"valueName":"search_term_string"}}],"inLanguage":"es"},{"@type":"Organization","@id":"https:\/\/zeromagazine.mx\/#organization","name":"Zero Magazine","url":"https:\/\/zeromagazine.mx\/","logo":{"@type":"ImageObject","inLanguage":"es","@id":"https:\/\/zeromagazine.mx\/#\/schema\/logo\/image\/","url":"https:\/\/i0.wp.com\/zeromagazine.mx\/wp-content\/uploads\/2025\/11\/1.jpeg?fit=1000%2C1000&ssl=1","contentUrl":"https:\/\/i0.wp.com\/zeromagazine.mx\/wp-content\/uploads\/2025\/11\/1.jpeg?fit=1000%2C1000&ssl=1","width":1000,"height":1000,"caption":"Zero Magazine"},"image":{"@id":"https:\/\/zeromagazine.mx\/#\/schema\/logo\/image\/"},"sameAs":["https:\/\/instagram.com\/zeromagazinemx"]},{"@type":"Person","@id":"https:\/\/zeromagazine.mx\/#\/schema\/person\/9f7f1a17c60ba8e9980e3e6677aabe5a","name":"David Morales","image":{"@type":"ImageObject","inLanguage":"es","@id":"https:\/\/zeromagazine.mx\/wp-content\/litespeed\/avatar\/76069d2136bfc1c37dc34815bb67ca42.jpg?ver=1777571067","url":"https:\/\/zeromagazine.mx\/wp-content\/litespeed\/avatar\/76069d2136bfc1c37dc34815bb67ca42.jpg?ver=1777571067","contentUrl":"https:\/\/zeromagazine.mx\/wp-content\/litespeed\/avatar\/76069d2136bfc1c37dc34815bb67ca42.jpg?ver=1777571067","caption":"David Morales"},"url":"https:\/\/zeromagazine.mx\/index.php\/author\/david\/"}]}},"jetpack_publicize_connections":[],"jetpack_featured_media_url":"https:\/\/i0.wp.com\/zeromagazine.mx\/wp-content\/uploads\/2026\/01\/IMG_1171.jpeg?fit=1288%2C858&ssl=1","jetpack-related-posts":[{"id":74665,"url":"https:\/\/zeromagazine.mx\/index.php\/2024\/04\/23\/latin-mafia-de-coachella-a-puerto-rico\/","url_meta":{"origin":114257,"position":0},"title":"Latin Mafia: De Coachella a Puerto Rico","author":"zeromagazinemx","date":"23 de abril de 2024","format":false,"excerpt":"No s\u00e9 ustedes, pero yo todav\u00eda estoy en shock despu\u00e9s del incre\u00edble show de Latin Mafia en Coachella. \u00a1Qu\u00e9 manera de romperla en el Sonora Stage! Pero oigan, eso no es todo, porque estos chicos no paran de sorprendernos. Resulta que despu\u00e9s de Coachella, \u00a1se van directo a Puerto Rico\u2026","rel":"","context":"En \u00abEntretenimiento\u00bb","block_context":{"text":"Entretenimiento","link":"https:\/\/zeromagazine.mx\/index.php\/category\/entretenimiento\/"},"img":{"alt_text":"","src":"https:\/\/i0.wp.com\/zeromagazine.mx\/wp-content\/uploads\/2024\/04\/unnamed-5-1.jpg?fit=800%2C1200&ssl=1&resize=350%2C200","width":350,"height":200,"srcset":"https:\/\/i0.wp.com\/zeromagazine.mx\/wp-content\/uploads\/2024\/04\/unnamed-5-1.jpg?fit=800%2C1200&ssl=1&resize=350%2C200 1x, https:\/\/i0.wp.com\/zeromagazine.mx\/wp-content\/uploads\/2024\/04\/unnamed-5-1.jpg?fit=800%2C1200&ssl=1&resize=525%2C300 1.5x, https:\/\/i0.wp.com\/zeromagazine.mx\/wp-content\/uploads\/2024\/04\/unnamed-5-1.jpg?fit=800%2C1200&ssl=1&resize=700%2C400 2x"},"classes":[]},{"id":80342,"url":"https:\/\/zeromagazine.mx\/index.php\/2024\/07\/15\/latin-mafia-rumbo-al-exito-global\/","url_meta":{"origin":114257,"position":1},"title":"Latin Mafia Rumbo al \u00c9xito Global","author":"zeromagazinemx","date":"15 de julio de 2024","format":false,"excerpt":"Hoy les traigo el chisme m\u00e1s fresh del mundo de la m\u00fasica. \u00bfSe acuerdan de Latin Mafia? S\u00ed, esos morros que la est\u00e1n rompiendo por todos lados. Pues ahora resulta que se est\u00e1n globalizando ca\u00f1\u00f3n gracias a su nueva collab con Rimas Entertainment. Para empezar, hablemos de los chicos de\u2026","rel":"","context":"En \u00abEntretenimiento\u00bb","block_context":{"text":"Entretenimiento","link":"https:\/\/zeromagazine.mx\/index.php\/category\/entretenimiento\/"},"img":{"alt_text":"","src":"https:\/\/i0.wp.com\/zeromagazine.mx\/wp-content\/uploads\/2024\/07\/unnamed-19.jpg?fit=1200%2C799&ssl=1&resize=350%2C200","width":350,"height":200,"srcset":"https:\/\/i0.wp.com\/zeromagazine.mx\/wp-content\/uploads\/2024\/07\/unnamed-19.jpg?fit=1200%2C799&ssl=1&resize=350%2C200 1x, https:\/\/i0.wp.com\/zeromagazine.mx\/wp-content\/uploads\/2024\/07\/unnamed-19.jpg?fit=1200%2C799&ssl=1&resize=525%2C300 1.5x, https:\/\/i0.wp.com\/zeromagazine.mx\/wp-content\/uploads\/2024\/07\/unnamed-19.jpg?fit=1200%2C799&ssl=1&resize=700%2C400 2x, https:\/\/i0.wp.com\/zeromagazine.mx\/wp-content\/uploads\/2024\/07\/unnamed-19.jpg?fit=1200%2C799&ssl=1&resize=1050%2C600 3x"},"classes":[]},{"id":91748,"url":"https:\/\/zeromagazine.mx\/index.php\/2024\/11\/26\/rauw-y-latin-mafia-rompen-el-flow-fest\/","url_meta":{"origin":114257,"position":2},"title":"Rauw y Latin Mafia Rompen el Flow Fest","author":"zeromagazinemx","date":"26 de noviembre de 2024","format":false,"excerpt":"Este s\u00e1bado, el Coca-Cola FLOW FEST 2024 se volvi\u00f3 una locura. Los hermanos de Latin Mafia, con su energ\u00eda desbordante y su estilo \u00fanico, nos sorprendieron al unirse a Rauw Alejandro para una colaboraci\u00f3n que fue una bomba. Y te juro que no estamos exagerando, el combo de estos dos\u2026","rel":"","context":"En \u00abEntretenimiento\u00bb","block_context":{"text":"Entretenimiento","link":"https:\/\/zeromagazine.mx\/index.php\/category\/entretenimiento\/"},"img":{"alt_text":"","src":"https:\/\/i0.wp.com\/zeromagazine.mx\/wp-content\/uploads\/2024\/11\/unnamed-24.jpg?fit=1200%2C799&ssl=1&resize=350%2C200","width":350,"height":200,"srcset":"https:\/\/i0.wp.com\/zeromagazine.mx\/wp-content\/uploads\/2024\/11\/unnamed-24.jpg?fit=1200%2C799&ssl=1&resize=350%2C200 1x, https:\/\/i0.wp.com\/zeromagazine.mx\/wp-content\/uploads\/2024\/11\/unnamed-24.jpg?fit=1200%2C799&ssl=1&resize=525%2C300 1.5x, https:\/\/i0.wp.com\/zeromagazine.mx\/wp-content\/uploads\/2024\/11\/unnamed-24.jpg?fit=1200%2C799&ssl=1&resize=700%2C400 2x, https:\/\/i0.wp.com\/zeromagazine.mx\/wp-content\/uploads\/2024\/11\/unnamed-24.jpg?fit=1200%2C799&ssl=1&resize=1050%2C600 3x"},"classes":[]},{"id":113486,"url":"https:\/\/zeromagazine.mx\/index.php\/2026\/01\/16\/latin-mafia-nominados-2026\/","url_meta":{"origin":114257,"position":3},"title":"LATIN MAFIA FIGURA ENTRE LOS NOMINADOS A PREMIO LO NUESTRO 2026 EN GRUPO O D\u00daO DEL A\u00d1O","author":"David Morales","date":"16 de enero de 2026","format":false,"excerpt":"Arrancar el a\u00f1o con una nominaci\u00f3n siempre dice mucho, pero hacerlo despu\u00e9s de un periodo de crecimiento real, shows agotados y canciones que se vuelven himnos emocionales, dice todav\u00eda m\u00e1s.\u00a0Latin Mafia nominados 2026\u00a0no es solo un titular: es la confirmaci\u00f3n de que el proyecto est\u00e1 viviendo uno de sus momentos\u2026","rel":"","context":"En \u00abEntretenimiento\u00bb","block_context":{"text":"Entretenimiento","link":"https:\/\/zeromagazine.mx\/index.php\/category\/entretenimiento\/"},"img":{"alt_text":"","src":"https:\/\/i0.wp.com\/zeromagazine.mx\/wp-content\/uploads\/2026\/01\/IMG_2845-2.jpeg?fit=1200%2C1135&ssl=1&resize=350%2C200","width":350,"height":200,"srcset":"https:\/\/i0.wp.com\/zeromagazine.mx\/wp-content\/uploads\/2026\/01\/IMG_2845-2.jpeg?fit=1200%2C1135&ssl=1&resize=350%2C200 1x, https:\/\/i0.wp.com\/zeromagazine.mx\/wp-content\/uploads\/2026\/01\/IMG_2845-2.jpeg?fit=1200%2C1135&ssl=1&resize=525%2C300 1.5x, https:\/\/i0.wp.com\/zeromagazine.mx\/wp-content\/uploads\/2026\/01\/IMG_2845-2.jpeg?fit=1200%2C1135&ssl=1&resize=700%2C400 2x, https:\/\/i0.wp.com\/zeromagazine.mx\/wp-content\/uploads\/2026\/01\/IMG_2845-2.jpeg?fit=1200%2C1135&ssl=1&resize=1050%2C600 3x"},"classes":[]},{"id":114874,"url":"https:\/\/zeromagazine.mx\/index.php\/2026\/02\/06\/santos-bravos-festivales-2026\/","url_meta":{"origin":114257,"position":4},"title":"SANTOS BRAVOS anuncia su participaci\u00f3n en Est\u00e9reo Picnic y Tecate Pa&#8217;l Norte 2026","author":"David Morales","date":"6 de febrero de 2026","format":false,"excerpt":"Hay artistas que van subiendo poco a poco\u2026 y hay otros que de plano despegan en modo cohete. Ese es justo el caso de\u00a0SANTOS BRAVOS, el grupo global de Latin pop que acaba de confirmar su presencia en dos de los festivales m\u00e1s importantes del continente:\u00a0Est\u00e9reo Picnic en Bogot\u00e1\u00a0y\u00a0Tecate Pa\u2019l\u2026","rel":"","context":"En \u00abEntretenimiento\u00bb","block_context":{"text":"Entretenimiento","link":"https:\/\/zeromagazine.mx\/index.php\/category\/entretenimiento\/"},"img":{"alt_text":"","src":"https:\/\/i0.wp.com\/zeromagazine.mx\/wp-content\/uploads\/2026\/02\/Logo-SantosBravos-07-1-scaled.png?fit=1200%2C675&ssl=1&resize=350%2C200","width":350,"height":200,"srcset":"https:\/\/i0.wp.com\/zeromagazine.mx\/wp-content\/uploads\/2026\/02\/Logo-SantosBravos-07-1-scaled.png?fit=1200%2C675&ssl=1&resize=350%2C200 1x, https:\/\/i0.wp.com\/zeromagazine.mx\/wp-content\/uploads\/2026\/02\/Logo-SantosBravos-07-1-scaled.png?fit=1200%2C675&ssl=1&resize=525%2C300 1.5x, https:\/\/i0.wp.com\/zeromagazine.mx\/wp-content\/uploads\/2026\/02\/Logo-SantosBravos-07-1-scaled.png?fit=1200%2C675&ssl=1&resize=700%2C400 2x, https:\/\/i0.wp.com\/zeromagazine.mx\/wp-content\/uploads\/2026\/02\/Logo-SantosBravos-07-1-scaled.png?fit=1200%2C675&ssl=1&resize=1050%2C600 3x"},"classes":[]},{"id":85745,"url":"https:\/\/zeromagazine.mx\/index.php\/2024\/10\/08\/tokischa-revento-paris-fashion-week\/","url_meta":{"origin":114257,"position":5},"title":"\u00abTokischa Revent\u00f3 Par\u00eds Fashion Week\u00bb","author":"zeromagazinemx","date":"8 de octubre de 2024","format":false,"excerpt":"La semana de la moda en Par\u00eds 2024. Un evento donde el glam y el high fashion se mezclan con la m\u00fasica, el arte y las vibras m\u00e1s incre\u00edbles del mundo. Entre todos esos vibes, llega Tokischa, la reina dominicana que no solo est\u00e1 dominando la m\u00fasica urbana, sino que\u2026","rel":"","context":"En \u00abEntretenimiento\u00bb","block_context":{"text":"Entretenimiento","link":"https:\/\/zeromagazine.mx\/index.php\/category\/entretenimiento\/"},"img":{"alt_text":"","src":"https:\/\/i0.wp.com\/zeromagazine.mx\/wp-content\/uploads\/2024\/10\/WhatsApp-Image-2024-10-08-at-7.14.51-AM-2.jpeg?fit=800%2C1200&ssl=1&resize=350%2C200","width":350,"height":200,"srcset":"https:\/\/i0.wp.com\/zeromagazine.mx\/wp-content\/uploads\/2024\/10\/WhatsApp-Image-2024-10-08-at-7.14.51-AM-2.jpeg?fit=800%2C1200&ssl=1&resize=350%2C200 1x, https:\/\/i0.wp.com\/zeromagazine.mx\/wp-content\/uploads\/2024\/10\/WhatsApp-Image-2024-10-08-at-7.14.51-AM-2.jpeg?fit=800%2C1200&ssl=1&resize=525%2C300 1.5x, https:\/\/i0.wp.com\/zeromagazine.mx\/wp-content\/uploads\/2024\/10\/WhatsApp-Image-2024-10-08-at-7.14.51-AM-2.jpeg?fit=800%2C1200&ssl=1&resize=700%2C400 2x"},"classes":[]}],"jetpack_sharing_enabled":true,"builder_content":"","_links":{"self":[{"href":"https:\/\/zeromagazine.mx\/index.php\/wp-json\/wp\/v2\/posts\/114257","targetHints":{"allow":["GET"]}}],"collection":[{"href":"https:\/\/zeromagazine.mx\/index.php\/wp-json\/wp\/v2\/posts"}],"about":[{"href":"https:\/\/zeromagazine.mx\/index.php\/wp-json\/wp\/v2\/types\/post"}],"author":[{"embeddable":true,"href":"https:\/\/zeromagazine.mx\/index.php\/wp-json\/wp\/v2\/users\/4"}],"replies":[{"embeddable":true,"href":"https:\/\/zeromagazine.mx\/index.php\/wp-json\/wp\/v2\/comments?post=114257"}],"version-history":[{"count":3,"href":"https:\/\/zeromagazine.mx\/index.php\/wp-json\/wp\/v2\/posts\/114257\/revisions"}],"predecessor-version":[{"id":114263,"href":"https:\/\/zeromagazine.mx\/index.php\/wp-json\/wp\/v2\/posts\/114257\/revisions\/114263"}],"wp:featuredmedia":[{"embeddable":true,"href":"https:\/\/zeromagazine.mx\/index.php\/wp-json\/wp\/v2\/media\/114258"}],"wp:attachment":[{"href":"https:\/\/zeromagazine.mx\/index.php\/wp-json\/wp\/v2\/media?parent=114257"}],"wp:term":[{"taxonomy":"category","embeddable":true,"href":"https:\/\/zeromagazine.mx\/index.php\/wp-json\/wp\/v2\/categories?post=114257"},{"taxonomy":"post_tag","embeddable":true,"href":"https:\/\/zeromagazine.mx\/index.php\/wp-json\/wp\/v2\/tags?post=114257"}],"curies":[{"name":"wp","href":"https:\/\/api.w.org\/{rel}","templated":true}]}}