{"id":114302,"date":"2026-01-28T23:44:40","date_gmt":"2026-01-29T05:44:40","guid":{"rendered":"https:\/\/zeromagazine.mx\/?p=114302"},"modified":"2026-01-28T23:45:19","modified_gmt":"2026-01-29T05:45:19","slug":"sala-de-arte-cinepolis-febrero-2026","status":"publish","type":"post","link":"https:\/\/zeromagazine.mx\/index.php\/2026\/01\/28\/sala-de-arte-cinepolis-febrero-2026\/","title":{"rendered":"Sala de Arte Cin\u00e9polis: Febrero Imperdible"},"content":{"rendered":"<!--themify_builder_content-->\n<div id=\"themify_builder_content-114302\" data-postid=\"114302\" class=\"themify_builder_content themify_builder_content-114302 themify_builder tf_clear\">\n    <\/div>\n<!--\/themify_builder_content-->\n\n\n<p>Febrero se siente como ese mes donde el cine se pone intenso, art\u00edstico y emocional, y <strong>Sala de Arte Cin\u00e9polis<\/strong> llega justo con la vibra correcta: pel\u00edculas internacionales que no solo entretienen, sino que te dejan pensando, cuestionando y, a veces, llorando en silencio. Si te gusta el cine que se siente como experiencia \u2014no solo como plan\u2014 esta cartelera es b\u00e1sicamente tu nuevo mood.<\/p>\n\n\n\n<p>La curadur\u00eda de <strong>Sala de Arte Cin\u00e9polis<\/strong> para esta temporada mezcla animaci\u00f3n sensible, dramas premiados, thrillers pol\u00edticos y relatos basados en hechos reales. Todo con ese toque festivalero que normalmente solo ves en Cannes, Berl\u00edn o los Oscar\u2026 pero ahora en pantalla grande y cerquita.<\/p>\n\n\n\n<p>Adem\u00e1s, muchas de estas pel\u00edculas vienen con nominaciones importantes, premios recientes y conversaci\u00f3n global alrededor. O sea: verlas es como estar en el centro del chisme cin\u00e9filo internacional.<\/p>\n\n\n\n<h3 class=\"wp-block-heading\">Sala de Arte Cin\u00e9polis y el cine que se siente<\/h3>\n\n\n\n<p>Una de las joyas del mes es <strong>\u201cArco\u201d<\/strong>, una pel\u00edcula animada ambientada en un futuro hiper tecnol\u00f3gico donde una ni\u00f1a se cruza con un misterioso ni\u00f1o del futuro. Es sci-fi, s\u00ed, pero tambi\u00e9n es sobre esperanza, infancia y c\u00f3mo imaginamos un mundo mejor. Y con m\u00fasica de Nicolas Becker, el sonido se convierte en parte emocional de la historia.<\/p>\n\n\n\n<figure class=\"wp-block-image size-full\"><img data-recalc-dims=\"1\" decoding=\"async\" width=\"268\" height=\"397\" src=\"https:\/\/i0.wp.com\/zeromagazine.mx\/wp-content\/uploads\/2026\/01\/image002-2.jpg?resize=268%2C397\" alt=\"\" class=\"wp-image-114303\" srcset=\"https:\/\/i0.wp.com\/zeromagazine.mx\/wp-content\/uploads\/2026\/01\/image002-2.jpg?w=268&amp;ssl=1 268w, https:\/\/i0.wp.com\/zeromagazine.mx\/wp-content\/uploads\/2026\/01\/image002-2.jpg?resize=203%2C300&amp;ssl=1 203w\" sizes=\"(max-width: 268px) 100vw, 268px\" \/><\/figure>\n\n\n\n<p><strong>\u201cLa Historia del Sonido\u201d<\/strong> se va directo al coraz\u00f3n: m\u00fasica, amor, memoria y nostalgia en un viaje por canciones que est\u00e1n a punto de desaparecer. Con Paul Mescal y Josh O\u2019Connor, esta peli se siente como una playlist triste que no quieres dejar de escuchar.<\/p>\n\n\n\n<figure class=\"wp-block-image size-full\"><img data-recalc-dims=\"1\" decoding=\"async\" width=\"283\" height=\"405\" src=\"https:\/\/i0.wp.com\/zeromagazine.mx\/wp-content\/uploads\/2026\/01\/image003-1.jpg?resize=283%2C405\" alt=\"\" class=\"wp-image-114304\" srcset=\"https:\/\/i0.wp.com\/zeromagazine.mx\/wp-content\/uploads\/2026\/01\/image003-1.jpg?w=283&amp;ssl=1 283w, https:\/\/i0.wp.com\/zeromagazine.mx\/wp-content\/uploads\/2026\/01\/image003-1.jpg?resize=210%2C300&amp;ssl=1 210w\" sizes=\"(max-width: 283px) 100vw, 283px\" \/><\/figure>\n\n\n\n<p><strong>\u201cAm\u00e9lie y los Secretos de la Lluvia\u201d<\/strong> apuesta por la delicadeza. Es una mirada suave pero profunda sobre la infancia, las emociones y los peque\u00f1os detalles que hacen gigante el mundo interior de una ni\u00f1a. Visualmente es poes\u00eda pura.<\/p>\n\n\n\n<figure class=\"wp-block-image size-full\"><img data-recalc-dims=\"1\" decoding=\"async\" width=\"284\" height=\"406\" src=\"https:\/\/i0.wp.com\/zeromagazine.mx\/wp-content\/uploads\/2026\/01\/image005.jpg?resize=284%2C406\" alt=\"\" class=\"wp-image-114306\" srcset=\"https:\/\/i0.wp.com\/zeromagazine.mx\/wp-content\/uploads\/2026\/01\/image005.jpg?w=284&amp;ssl=1 284w, https:\/\/i0.wp.com\/zeromagazine.mx\/wp-content\/uploads\/2026\/01\/image005.jpg?resize=210%2C300&amp;ssl=1 210w\" sizes=\"(max-width: 284px) 100vw, 284px\" \/><\/figure>\n\n\n\n<h3 class=\"wp-block-heading\">Sala de Arte Cin\u00e9polis y las historias que incomodan (pero importan)<\/h3>\n\n\n\n<p>Por otro lado, <strong>\u201cLa Voz de Hind Rajab\u201d<\/strong> es de esas pel\u00edculas que se quedan contigo. Construida a partir de grabaciones reales, la voz de una ni\u00f1a palestina se vuelve el eje de una historia brutal, \u00edntima y necesaria. No es cine f\u00e1cil, pero s\u00ed cine urgente.<\/p>\n\n\n\n<figure class=\"wp-block-image size-full\"><img data-recalc-dims=\"1\" decoding=\"async\" width=\"283\" height=\"405\" src=\"https:\/\/i0.wp.com\/zeromagazine.mx\/wp-content\/uploads\/2026\/01\/image004-1.jpg?resize=283%2C405\" alt=\"\" class=\"wp-image-114305\" srcset=\"https:\/\/i0.wp.com\/zeromagazine.mx\/wp-content\/uploads\/2026\/01\/image004-1.jpg?w=283&amp;ssl=1 283w, https:\/\/i0.wp.com\/zeromagazine.mx\/wp-content\/uploads\/2026\/01\/image004-1.jpg?resize=210%2C300&amp;ssl=1 210w\" sizes=\"(max-width: 283px) 100vw, 283px\" \/><\/figure>\n\n\n\n<p><strong>\u201cEl Agente Secreto\u201d<\/strong>, con Wagner Moura, mezcla paranoia, pol\u00edtica y tensi\u00f3n en medio del carnaval de Recife. Es suspenso, cr\u00edtica social y thriller en un mismo paquete \u2014y adem\u00e1s, ya gan\u00f3 premios importantes esta temporada.<\/p>\n\n\n\n<figure class=\"wp-block-image size-full\"><img data-recalc-dims=\"1\" decoding=\"async\" width=\"281\" height=\"399\" src=\"https:\/\/i0.wp.com\/zeromagazine.mx\/wp-content\/uploads\/2026\/01\/image006.jpg?resize=281%2C399\" alt=\"\" class=\"wp-image-114308\" srcset=\"https:\/\/i0.wp.com\/zeromagazine.mx\/wp-content\/uploads\/2026\/01\/image006.jpg?w=281&amp;ssl=1 281w, https:\/\/i0.wp.com\/zeromagazine.mx\/wp-content\/uploads\/2026\/01\/image006.jpg?resize=211%2C300&amp;ssl=1 211w\" sizes=\"(max-width: 281px) 100vw, 281px\" \/><\/figure>\n\n\n\n<p><strong>\u201cVerdad y Traici\u00f3n\u201d<\/strong> lleva el conflicto moral al centro: un periodista, un extremista y una entrevista que se convierte en batalla ideol\u00f3gica. Es intensa, claustrof\u00f3bica y perfecta para quienes aman los dramas que te dejan debatiendo despu\u00e9s.<\/p>\n\n\n\n<figure class=\"wp-block-image size-full\"><img data-recalc-dims=\"1\" decoding=\"async\" width=\"272\" height=\"403\" src=\"https:\/\/i0.wp.com\/zeromagazine.mx\/wp-content\/uploads\/2026\/01\/image007.jpg?resize=272%2C403\" alt=\"\" class=\"wp-image-114307\" srcset=\"https:\/\/i0.wp.com\/zeromagazine.mx\/wp-content\/uploads\/2026\/01\/image007.jpg?w=272&amp;ssl=1 272w, https:\/\/i0.wp.com\/zeromagazine.mx\/wp-content\/uploads\/2026\/01\/image007.jpg?resize=202%2C300&amp;ssl=1 202w\" sizes=\"(max-width: 272px) 100vw, 272px\" \/><\/figure>\n\n\n\n<p>Adem\u00e1s, esta programaci\u00f3n convierte a <strong>Sala de Arte Cin\u00e9polis<\/strong> en un punto clave para quienes buscan cine fuera de lo comercial, pero sin perder impacto ni emoci\u00f3n. Tambi\u00e9n es una gran oportunidad para conectar con pel\u00edculas que probablemente ser\u00e1n cl\u00e1sicos modernos, o al menos referencias culturales en los pr\u00f3ximos a\u00f1os.<\/p>\n\n\n\n<p>Si amas el cine como arte, conversaci\u00f3n y refugio emocional, <strong>Sala de Arte Cin\u00e9polis<\/strong> este febrero no es opcional: es parte del ritual.<\/p>","protected":false},"excerpt":{"rendered":"<p>Febrero se siente como ese mes donde el cine se pone intenso, art\u00edstico y emocional, y Sala de Arte Cin\u00e9polis llega justo con la vibra correcta: pel\u00edculas internacionales que no solo entretienen, sino que te dejan pensando, cuestionando y, a veces, llorando en silencio. Si te gusta el cine que se siente como experiencia \u2014no [&hellip;]<\/p>\n","protected":false},"author":2,"featured_media":114303,"comment_status":"open","ping_status":"open","sticky":false,"template":"","format":"standard","meta":{"_jetpack_memberships_contains_paid_content":false,"footnotes":"","jetpack_publicize_message":"","jetpack_publicize_feature_enabled":true,"jetpack_social_post_already_shared":true,"jetpack_social_options":{"image_generator_settings":{"template":"highway","default_image_id":0,"font":"","enabled":false},"version":2}},"categories":[109,117],"tags":[],"class_list":["post-114302","post","type-post","status-publish","format-standard","has-post-thumbnail","hentry","category-cine","category-entretenimiento","has-post-title","has-post-date","has-post-category","has-post-tag","has-post-comment","has-post-author",""],"yoast_head":"<!-- This site is optimized with the Yoast SEO plugin v27.5 - https:\/\/yoast.com\/product\/yoast-seo-wordpress\/ -->\n<title>Sala de Arte Cin\u00e9polis: Febrero Imperdible - Zero Magazine<\/title>\n<meta name=\"description\" content=\"Descubre los estrenos de febrero en Sala de Arte Cin\u00e9polis con cine internacional, premiado y emocional. Imperdible para cin\u00e9filos.\" \/>\n<meta name=\"robots\" content=\"index, follow, max-snippet:-1, max-image-preview:large, max-video-preview:-1\" \/>\n<link rel=\"canonical\" href=\"https:\/\/zeromagazine.mx\/index.php\/2026\/01\/28\/sala-de-arte-cinepolis-febrero-2026\/\" \/>\n<meta property=\"og:locale\" content=\"es_ES\" \/>\n<meta property=\"og:type\" content=\"article\" \/>\n<meta property=\"og:title\" content=\"Sala de Arte Cin\u00e9polis: Febrero Imperdible - Zero Magazine\" \/>\n<meta property=\"og:description\" content=\"Descubre los estrenos de febrero en Sala de Arte Cin\u00e9polis con cine internacional, premiado y emocional. Imperdible para cin\u00e9filos.\" \/>\n<meta property=\"og:url\" content=\"https:\/\/zeromagazine.mx\/index.php\/2026\/01\/28\/sala-de-arte-cinepolis-febrero-2026\/\" \/>\n<meta property=\"og:site_name\" content=\"Zero Magazine\" \/>\n<meta property=\"article:published_time\" content=\"2026-01-29T05:44:40+00:00\" \/>\n<meta property=\"article:modified_time\" content=\"2026-01-29T05:45:19+00:00\" \/>\n<meta property=\"og:image\" content=\"http:\/\/zeromagazine.mx\/wp-content\/uploads\/2026\/01\/image002-2.jpg\" \/>\n\t<meta property=\"og:image:width\" content=\"268\" \/>\n\t<meta property=\"og:image:height\" content=\"397\" \/>\n\t<meta property=\"og:image:type\" content=\"image\/jpeg\" \/>\n<meta name=\"author\" content=\"zeromagazinemx\" \/>\n<meta name=\"twitter:card\" content=\"summary_large_image\" \/>\n<meta name=\"twitter:label1\" content=\"Escrito por\" \/>\n\t<meta name=\"twitter:data1\" content=\"zeromagazinemx\" \/>\n\t<meta name=\"twitter:label2\" content=\"Tiempo de lectura\" \/>\n\t<meta name=\"twitter:data2\" content=\"4 minutos\" \/>\n<script type=\"application\/ld+json\" class=\"yoast-schema-graph\">{\"@context\":\"https:\\\/\\\/schema.org\",\"@graph\":[{\"@type\":\"Article\",\"@id\":\"https:\\\/\\\/zeromagazine.mx\\\/index.php\\\/2026\\\/01\\\/28\\\/sala-de-arte-cinepolis-febrero-2026\\\/#article\",\"isPartOf\":{\"@id\":\"https:\\\/\\\/zeromagazine.mx\\\/index.php\\\/2026\\\/01\\\/28\\\/sala-de-arte-cinepolis-febrero-2026\\\/\"},\"author\":{\"name\":\"zeromagazinemx\",\"@id\":\"https:\\\/\\\/zeromagazine.mx\\\/#\\\/schema\\\/person\\\/9aed9f33a7c39af3a348b86d723f7773\"},\"headline\":\"Sala de Arte Cin\u00e9polis: Febrero Imperdible\",\"datePublished\":\"2026-01-29T05:44:40+00:00\",\"dateModified\":\"2026-01-29T05:45:19+00:00\",\"mainEntityOfPage\":{\"@id\":\"https:\\\/\\\/zeromagazine.mx\\\/index.php\\\/2026\\\/01\\\/28\\\/sala-de-arte-cinepolis-febrero-2026\\\/\"},\"wordCount\":554,\"commentCount\":0,\"publisher\":{\"@id\":\"https:\\\/\\\/zeromagazine.mx\\\/#organization\"},\"image\":{\"@id\":\"https:\\\/\\\/zeromagazine.mx\\\/index.php\\\/2026\\\/01\\\/28\\\/sala-de-arte-cinepolis-febrero-2026\\\/#primaryimage\"},\"thumbnailUrl\":\"https:\\\/\\\/i0.wp.com\\\/zeromagazine.mx\\\/wp-content\\\/uploads\\\/2026\\\/01\\\/image002-2.jpg?fit=268%2C397&ssl=1\",\"articleSection\":[\"Cine\",\"Entretenimiento\"],\"inLanguage\":\"es\",\"potentialAction\":[{\"@type\":\"CommentAction\",\"name\":\"Comment\",\"target\":[\"https:\\\/\\\/zeromagazine.mx\\\/index.php\\\/2026\\\/01\\\/28\\\/sala-de-arte-cinepolis-febrero-2026\\\/#respond\"]}]},{\"@type\":\"WebPage\",\"@id\":\"https:\\\/\\\/zeromagazine.mx\\\/index.php\\\/2026\\\/01\\\/28\\\/sala-de-arte-cinepolis-febrero-2026\\\/\",\"url\":\"https:\\\/\\\/zeromagazine.mx\\\/index.php\\\/2026\\\/01\\\/28\\\/sala-de-arte-cinepolis-febrero-2026\\\/\",\"name\":\"Sala de Arte Cin\u00e9polis: Febrero Imperdible - Zero Magazine\",\"isPartOf\":{\"@id\":\"https:\\\/\\\/zeromagazine.mx\\\/#website\"},\"primaryImageOfPage\":{\"@id\":\"https:\\\/\\\/zeromagazine.mx\\\/index.php\\\/2026\\\/01\\\/28\\\/sala-de-arte-cinepolis-febrero-2026\\\/#primaryimage\"},\"image\":{\"@id\":\"https:\\\/\\\/zeromagazine.mx\\\/index.php\\\/2026\\\/01\\\/28\\\/sala-de-arte-cinepolis-febrero-2026\\\/#primaryimage\"},\"thumbnailUrl\":\"https:\\\/\\\/i0.wp.com\\\/zeromagazine.mx\\\/wp-content\\\/uploads\\\/2026\\\/01\\\/image002-2.jpg?fit=268%2C397&ssl=1\",\"datePublished\":\"2026-01-29T05:44:40+00:00\",\"dateModified\":\"2026-01-29T05:45:19+00:00\",\"description\":\"Descubre los estrenos de febrero en Sala de Arte Cin\u00e9polis con cine internacional, premiado y emocional. Imperdible para cin\u00e9filos.\",\"breadcrumb\":{\"@id\":\"https:\\\/\\\/zeromagazine.mx\\\/index.php\\\/2026\\\/01\\\/28\\\/sala-de-arte-cinepolis-febrero-2026\\\/#breadcrumb\"},\"inLanguage\":\"es\",\"potentialAction\":[{\"@type\":\"ReadAction\",\"target\":[\"https:\\\/\\\/zeromagazine.mx\\\/index.php\\\/2026\\\/01\\\/28\\\/sala-de-arte-cinepolis-febrero-2026\\\/\"]}]},{\"@type\":\"ImageObject\",\"inLanguage\":\"es\",\"@id\":\"https:\\\/\\\/zeromagazine.mx\\\/index.php\\\/2026\\\/01\\\/28\\\/sala-de-arte-cinepolis-febrero-2026\\\/#primaryimage\",\"url\":\"https:\\\/\\\/i0.wp.com\\\/zeromagazine.mx\\\/wp-content\\\/uploads\\\/2026\\\/01\\\/image002-2.jpg?fit=268%2C397&ssl=1\",\"contentUrl\":\"https:\\\/\\\/i0.wp.com\\\/zeromagazine.mx\\\/wp-content\\\/uploads\\\/2026\\\/01\\\/image002-2.jpg?fit=268%2C397&ssl=1\",\"width\":268,\"height\":397},{\"@type\":\"BreadcrumbList\",\"@id\":\"https:\\\/\\\/zeromagazine.mx\\\/index.php\\\/2026\\\/01\\\/28\\\/sala-de-arte-cinepolis-febrero-2026\\\/#breadcrumb\",\"itemListElement\":[{\"@type\":\"ListItem\",\"position\":1,\"name\":\"Portada\",\"item\":\"https:\\\/\\\/zeromagazine.mx\\\/\"},{\"@type\":\"ListItem\",\"position\":2,\"name\":\"Sala de Arte Cin\u00e9polis: Febrero Imperdible\"}]},{\"@type\":\"WebSite\",\"@id\":\"https:\\\/\\\/zeromagazine.mx\\\/#website\",\"url\":\"https:\\\/\\\/zeromagazine.mx\\\/\",\"name\":\"Zero Magazine\",\"description\":\"\",\"publisher\":{\"@id\":\"https:\\\/\\\/zeromagazine.mx\\\/#organization\"},\"potentialAction\":[{\"@type\":\"SearchAction\",\"target\":{\"@type\":\"EntryPoint\",\"urlTemplate\":\"https:\\\/\\\/zeromagazine.mx\\\/?s={search_term_string}\"},\"query-input\":{\"@type\":\"PropertyValueSpecification\",\"valueRequired\":true,\"valueName\":\"search_term_string\"}}],\"inLanguage\":\"es\"},{\"@type\":\"Organization\",\"@id\":\"https:\\\/\\\/zeromagazine.mx\\\/#organization\",\"name\":\"Zero Magazine\",\"url\":\"https:\\\/\\\/zeromagazine.mx\\\/\",\"logo\":{\"@type\":\"ImageObject\",\"inLanguage\":\"es\",\"@id\":\"https:\\\/\\\/zeromagazine.mx\\\/#\\\/schema\\\/logo\\\/image\\\/\",\"url\":\"https:\\\/\\\/i0.wp.com\\\/zeromagazine.mx\\\/wp-content\\\/uploads\\\/2025\\\/11\\\/1.jpeg?fit=1000%2C1000&ssl=1\",\"contentUrl\":\"https:\\\/\\\/i0.wp.com\\\/zeromagazine.mx\\\/wp-content\\\/uploads\\\/2025\\\/11\\\/1.jpeg?fit=1000%2C1000&ssl=1\",\"width\":1000,\"height\":1000,\"caption\":\"Zero Magazine\"},\"image\":{\"@id\":\"https:\\\/\\\/zeromagazine.mx\\\/#\\\/schema\\\/logo\\\/image\\\/\"},\"sameAs\":[\"https:\\\/\\\/instagram.com\\\/zeromagazinemx\"]},{\"@type\":\"Person\",\"@id\":\"https:\\\/\\\/zeromagazine.mx\\\/#\\\/schema\\\/person\\\/9aed9f33a7c39af3a348b86d723f7773\",\"name\":\"zeromagazinemx\",\"image\":{\"@type\":\"ImageObject\",\"inLanguage\":\"es\",\"@id\":\"https:\\\/\\\/zeromagazine.mx\\\/wp-content\\\/litespeed\\\/avatar\\\/f91dfe5410d5dcb1a576bf8c45983896.jpg?ver=1777571230\",\"url\":\"https:\\\/\\\/zeromagazine.mx\\\/wp-content\\\/litespeed\\\/avatar\\\/f91dfe5410d5dcb1a576bf8c45983896.jpg?ver=1777571230\",\"contentUrl\":\"https:\\\/\\\/zeromagazine.mx\\\/wp-content\\\/litespeed\\\/avatar\\\/f91dfe5410d5dcb1a576bf8c45983896.jpg?ver=1777571230\",\"caption\":\"zeromagazinemx\"},\"url\":\"https:\\\/\\\/zeromagazine.mx\\\/index.php\\\/author\\\/zeromagazinemx\\\/\"}]}<\/script>\n<!-- \/ Yoast SEO plugin. -->","yoast_head_json":{"title":"Sala de Arte Cin\u00e9polis: Febrero Imperdible - Zero Magazine","description":"Descubre los estrenos de febrero en Sala de Arte Cin\u00e9polis con cine internacional, premiado y emocional. Imperdible para cin\u00e9filos.","robots":{"index":"index","follow":"follow","max-snippet":"max-snippet:-1","max-image-preview":"max-image-preview:large","max-video-preview":"max-video-preview:-1"},"canonical":"https:\/\/zeromagazine.mx\/index.php\/2026\/01\/28\/sala-de-arte-cinepolis-febrero-2026\/","og_locale":"es_ES","og_type":"article","og_title":"Sala de Arte Cin\u00e9polis: Febrero Imperdible - Zero Magazine","og_description":"Descubre los estrenos de febrero en Sala de Arte Cin\u00e9polis con cine internacional, premiado y emocional. Imperdible para cin\u00e9filos.","og_url":"https:\/\/zeromagazine.mx\/index.php\/2026\/01\/28\/sala-de-arte-cinepolis-febrero-2026\/","og_site_name":"Zero Magazine","article_published_time":"2026-01-29T05:44:40+00:00","article_modified_time":"2026-01-29T05:45:19+00:00","og_image":[{"width":268,"height":397,"url":"http:\/\/zeromagazine.mx\/wp-content\/uploads\/2026\/01\/image002-2.jpg","type":"image\/jpeg"}],"author":"zeromagazinemx","twitter_card":"summary_large_image","twitter_misc":{"Escrito por":"zeromagazinemx","Tiempo de lectura":"4 minutos"},"schema":{"@context":"https:\/\/schema.org","@graph":[{"@type":"Article","@id":"https:\/\/zeromagazine.mx\/index.php\/2026\/01\/28\/sala-de-arte-cinepolis-febrero-2026\/#article","isPartOf":{"@id":"https:\/\/zeromagazine.mx\/index.php\/2026\/01\/28\/sala-de-arte-cinepolis-febrero-2026\/"},"author":{"name":"zeromagazinemx","@id":"https:\/\/zeromagazine.mx\/#\/schema\/person\/9aed9f33a7c39af3a348b86d723f7773"},"headline":"Sala de Arte Cin\u00e9polis: Febrero Imperdible","datePublished":"2026-01-29T05:44:40+00:00","dateModified":"2026-01-29T05:45:19+00:00","mainEntityOfPage":{"@id":"https:\/\/zeromagazine.mx\/index.php\/2026\/01\/28\/sala-de-arte-cinepolis-febrero-2026\/"},"wordCount":554,"commentCount":0,"publisher":{"@id":"https:\/\/zeromagazine.mx\/#organization"},"image":{"@id":"https:\/\/zeromagazine.mx\/index.php\/2026\/01\/28\/sala-de-arte-cinepolis-febrero-2026\/#primaryimage"},"thumbnailUrl":"https:\/\/i0.wp.com\/zeromagazine.mx\/wp-content\/uploads\/2026\/01\/image002-2.jpg?fit=268%2C397&ssl=1","articleSection":["Cine","Entretenimiento"],"inLanguage":"es","potentialAction":[{"@type":"CommentAction","name":"Comment","target":["https:\/\/zeromagazine.mx\/index.php\/2026\/01\/28\/sala-de-arte-cinepolis-febrero-2026\/#respond"]}]},{"@type":"WebPage","@id":"https:\/\/zeromagazine.mx\/index.php\/2026\/01\/28\/sala-de-arte-cinepolis-febrero-2026\/","url":"https:\/\/zeromagazine.mx\/index.php\/2026\/01\/28\/sala-de-arte-cinepolis-febrero-2026\/","name":"Sala de Arte Cin\u00e9polis: Febrero Imperdible - Zero Magazine","isPartOf":{"@id":"https:\/\/zeromagazine.mx\/#website"},"primaryImageOfPage":{"@id":"https:\/\/zeromagazine.mx\/index.php\/2026\/01\/28\/sala-de-arte-cinepolis-febrero-2026\/#primaryimage"},"image":{"@id":"https:\/\/zeromagazine.mx\/index.php\/2026\/01\/28\/sala-de-arte-cinepolis-febrero-2026\/#primaryimage"},"thumbnailUrl":"https:\/\/i0.wp.com\/zeromagazine.mx\/wp-content\/uploads\/2026\/01\/image002-2.jpg?fit=268%2C397&ssl=1","datePublished":"2026-01-29T05:44:40+00:00","dateModified":"2026-01-29T05:45:19+00:00","description":"Descubre los estrenos de febrero en Sala de Arte Cin\u00e9polis con cine internacional, premiado y emocional. Imperdible para cin\u00e9filos.","breadcrumb":{"@id":"https:\/\/zeromagazine.mx\/index.php\/2026\/01\/28\/sala-de-arte-cinepolis-febrero-2026\/#breadcrumb"},"inLanguage":"es","potentialAction":[{"@type":"ReadAction","target":["https:\/\/zeromagazine.mx\/index.php\/2026\/01\/28\/sala-de-arte-cinepolis-febrero-2026\/"]}]},{"@type":"ImageObject","inLanguage":"es","@id":"https:\/\/zeromagazine.mx\/index.php\/2026\/01\/28\/sala-de-arte-cinepolis-febrero-2026\/#primaryimage","url":"https:\/\/i0.wp.com\/zeromagazine.mx\/wp-content\/uploads\/2026\/01\/image002-2.jpg?fit=268%2C397&ssl=1","contentUrl":"https:\/\/i0.wp.com\/zeromagazine.mx\/wp-content\/uploads\/2026\/01\/image002-2.jpg?fit=268%2C397&ssl=1","width":268,"height":397},{"@type":"BreadcrumbList","@id":"https:\/\/zeromagazine.mx\/index.php\/2026\/01\/28\/sala-de-arte-cinepolis-febrero-2026\/#breadcrumb","itemListElement":[{"@type":"ListItem","position":1,"name":"Portada","item":"https:\/\/zeromagazine.mx\/"},{"@type":"ListItem","position":2,"name":"Sala de Arte Cin\u00e9polis: Febrero Imperdible"}]},{"@type":"WebSite","@id":"https:\/\/zeromagazine.mx\/#website","url":"https:\/\/zeromagazine.mx\/","name":"Zero Magazine","description":"","publisher":{"@id":"https:\/\/zeromagazine.mx\/#organization"},"potentialAction":[{"@type":"SearchAction","target":{"@type":"EntryPoint","urlTemplate":"https:\/\/zeromagazine.mx\/?s={search_term_string}"},"query-input":{"@type":"PropertyValueSpecification","valueRequired":true,"valueName":"search_term_string"}}],"inLanguage":"es"},{"@type":"Organization","@id":"https:\/\/zeromagazine.mx\/#organization","name":"Zero Magazine","url":"https:\/\/zeromagazine.mx\/","logo":{"@type":"ImageObject","inLanguage":"es","@id":"https:\/\/zeromagazine.mx\/#\/schema\/logo\/image\/","url":"https:\/\/i0.wp.com\/zeromagazine.mx\/wp-content\/uploads\/2025\/11\/1.jpeg?fit=1000%2C1000&ssl=1","contentUrl":"https:\/\/i0.wp.com\/zeromagazine.mx\/wp-content\/uploads\/2025\/11\/1.jpeg?fit=1000%2C1000&ssl=1","width":1000,"height":1000,"caption":"Zero Magazine"},"image":{"@id":"https:\/\/zeromagazine.mx\/#\/schema\/logo\/image\/"},"sameAs":["https:\/\/instagram.com\/zeromagazinemx"]},{"@type":"Person","@id":"https:\/\/zeromagazine.mx\/#\/schema\/person\/9aed9f33a7c39af3a348b86d723f7773","name":"zeromagazinemx","image":{"@type":"ImageObject","inLanguage":"es","@id":"https:\/\/zeromagazine.mx\/wp-content\/litespeed\/avatar\/f91dfe5410d5dcb1a576bf8c45983896.jpg?ver=1777571230","url":"https:\/\/zeromagazine.mx\/wp-content\/litespeed\/avatar\/f91dfe5410d5dcb1a576bf8c45983896.jpg?ver=1777571230","contentUrl":"https:\/\/zeromagazine.mx\/wp-content\/litespeed\/avatar\/f91dfe5410d5dcb1a576bf8c45983896.jpg?ver=1777571230","caption":"zeromagazinemx"},"url":"https:\/\/zeromagazine.mx\/index.php\/author\/zeromagazinemx\/"}]}},"jetpack_publicize_connections":[],"jetpack_featured_media_url":"https:\/\/i0.wp.com\/zeromagazine.mx\/wp-content\/uploads\/2026\/01\/image002-2.jpg?fit=268%2C397&ssl=1","jetpack-related-posts":[{"id":117589,"url":"https:\/\/zeromagazine.mx\/index.php\/2026\/03\/31\/sala-de-arte-cinepolis-abril-estrenos\/","url_meta":{"origin":114302,"position":0},"title":"Sala de Arte Cin\u00e9polis abril estrenos","author":"zeromagazinemx","date":"31 de marzo de 2026","format":false,"excerpt":"Si estabas esperando una excusa para salirte del cine comercial y ver algo que realmente te deje pensando, abril acaba de resolverte el plan. La curadur\u00eda de Cin\u00e9polis en Sala de Arte llega con pel\u00edculas que no buscan gustarte f\u00e1cil\u2026 buscan moverte. Este mes no es sobre blockbusters, es sobre\u2026","rel":"","context":"En \u00abBlog\u00bb","block_context":{"text":"Blog","link":"https:\/\/zeromagazine.mx\/index.php\/category\/blog\/"},"img":{"alt_text":"","src":"","width":0,"height":0},"classes":[]},{"id":114250,"url":"https:\/\/zeromagazine.mx\/index.php\/2026\/01\/26\/temporada-de-premios-cinepolis-2026\/","url_meta":{"origin":114302,"position":1},"title":"Temporada de Premios Cin\u00e9polis 2026: cine top","author":"zeromagazinemx","date":"26 de enero de 2026","format":false,"excerpt":"Si tu personalidad completa es decir \u201cyo s\u00ed veo las nominadas antes de los premios\u201d, esto es para ti. La Temporada de Premios Cin\u00e9polis 2026 llega como el plan definitivo para vivir las pel\u00edculas m\u00e1s aclamadas del a\u00f1o en pantalla grande, con vibes de festival internacional y un Cinebono que\u2026","rel":"","context":"En \u00abCine\u00bb","block_context":{"text":"Cine","link":"https:\/\/zeromagazine.mx\/index.php\/category\/entretenimiento\/cine\/"},"img":{"alt_text":"","src":"https:\/\/i0.wp.com\/zeromagazine.mx\/wp-content\/uploads\/2026\/01\/image-10.png?fit=567%2C567&ssl=1&resize=350%2C200","width":350,"height":200,"srcset":"https:\/\/i0.wp.com\/zeromagazine.mx\/wp-content\/uploads\/2026\/01\/image-10.png?fit=567%2C567&ssl=1&resize=350%2C200 1x, https:\/\/i0.wp.com\/zeromagazine.mx\/wp-content\/uploads\/2026\/01\/image-10.png?fit=567%2C567&ssl=1&resize=525%2C300 1.5x"},"classes":[]},{"id":116874,"url":"https:\/\/zeromagazine.mx\/index.php\/2026\/03\/17\/sala-de-arte-cinepolis-marzo-estrenos\/","url_meta":{"origin":114302,"position":2},"title":"Sala de Arte Cin\u00e9polis marzo imperdible","author":"zeromagazinemx","date":"17 de marzo de 2026","format":false,"excerpt":"Si \u00faltimamente sientes que el cine comercial ya no te sorprende tanto, marzo trae justo lo que necesitas. La curadur\u00eda de Cin\u00e9polis en su Sala de Arte est\u00e1 apostando por historias m\u00e1s \u00edntimas, m\u00e1s inc\u00f3modas\u2026 y mucho m\u00e1s reales. Este mes no se trata de explosiones ni CGI. Se trata\u2026","rel":"","context":"En \u00abBlog\u00bb","block_context":{"text":"Blog","link":"https:\/\/zeromagazine.mx\/index.php\/category\/blog\/"},"img":{"alt_text":"","src":"https:\/\/i0.wp.com\/zeromagazine.mx\/wp-content\/uploads\/2026\/03\/Si-Pudiera-Te-Patearia.png?resize=350%2C200","width":350,"height":200},"classes":[]},{"id":114323,"url":"https:\/\/zeromagazine.mx\/index.php\/2026\/01\/29\/11a-temporada-de-premios-cinepolis-promociones-2026\/","url_meta":{"origin":114302,"position":3},"title":"11a Temporada de Premios Cin\u00e9polis: Imperdible","author":"zeromagazinemx","date":"29 de enero de 2026","format":false,"excerpt":"Si el cine es tu plan seguro, tu date contigo mismx o tu excusa para llorar, gritar o obsesionarte con pel\u00edculas premiadas, la 11a Temporada de Premios Cin\u00e9polis llega para hacerte la experiencia mucho m\u00e1s top \u2014y m\u00e1s barata. Del 1 de enero al 18 de marzo de 2026, Cin\u00e9polis\u2026","rel":"","context":"En \u00abCine\u00bb","block_context":{"text":"Cine","link":"https:\/\/zeromagazine.mx\/index.php\/category\/entretenimiento\/cine\/"},"img":{"alt_text":"","src":"https:\/\/i0.wp.com\/zeromagazine.mx\/wp-content\/uploads\/2026\/01\/Captura-de-pantalla-2026-01-29-000958.png?fit=591%2C592&ssl=1&resize=350%2C200","width":350,"height":200,"srcset":"https:\/\/i0.wp.com\/zeromagazine.mx\/wp-content\/uploads\/2026\/01\/Captura-de-pantalla-2026-01-29-000958.png?fit=591%2C592&ssl=1&resize=350%2C200 1x, https:\/\/i0.wp.com\/zeromagazine.mx\/wp-content\/uploads\/2026\/01\/Captura-de-pantalla-2026-01-29-000958.png?fit=591%2C592&ssl=1&resize=525%2C300 1.5x"},"classes":[]},{"id":95781,"url":"https:\/\/zeromagazine.mx\/index.php\/2025\/02\/06\/revive-una-joya-de-studio-ghibli-en-cinepolis\/","url_meta":{"origin":114302,"position":4},"title":"Revive una Joya de Studio Ghibli en Cin\u00e9polis","author":"David Morales","date":"6 de febrero de 2025","format":false,"excerpt":"Revive La Emoci\u00f3n en Cin\u00e9polis La nostalgia y el arte de la animaci\u00f3n japonesa regresan a las salas de mexicanas con una historia que deja huella. Amix, si alguna vez sintieron que el cine puede tocar el alma, es momento de revivir la emoci\u00f3n en el cine. El reestreno de\u2026","rel":"","context":"En \u00abCine\u00bb","block_context":{"text":"Cine","link":"https:\/\/zeromagazine.mx\/index.php\/category\/entretenimiento\/cine\/"},"img":{"alt_text":"","src":"https:\/\/i0.wp.com\/zeromagazine.mx\/wp-content\/uploads\/2025\/02\/image002.jpg?fit=571%2C815&ssl=1&resize=350%2C200","width":350,"height":200,"srcset":"https:\/\/i0.wp.com\/zeromagazine.mx\/wp-content\/uploads\/2025\/02\/image002.jpg?fit=571%2C815&ssl=1&resize=350%2C200 1x, https:\/\/i0.wp.com\/zeromagazine.mx\/wp-content\/uploads\/2025\/02\/image002.jpg?fit=571%2C815&ssl=1&resize=525%2C300 1.5x"},"classes":[]},{"id":113923,"url":"https:\/\/zeromagazine.mx\/index.php\/2026\/01\/22\/aurora-cinepolis-concierto-experiencia-cine\/","url_meta":{"origin":114302,"position":5},"title":"AURORA Cin\u00e9polis: concierto m\u00e1gico en cines","author":"zeromagazinemx","date":"22 de enero de 2026","format":false,"excerpt":"Si alguna vez has sentido que la m\u00fasica de AURORA es m\u00e1s que canciones \u2014casi un ritual emocional\u2014 prep\u00e1rate, porque su universo llega a la pantalla grande con una experiencia pensada directamente para su fandom. AURORA Cin\u00e9polis ser\u00e1 el plan imperdible para quienes quieren revivir uno de los conciertos m\u00e1s\u2026","rel":"","context":"En \u00abCine\u00bb","block_context":{"text":"Cine","link":"https:\/\/zeromagazine.mx\/index.php\/category\/entretenimiento\/cine\/"},"img":{"alt_text":"","src":"https:\/\/i0.wp.com\/zeromagazine.mx\/wp-content\/uploads\/2026\/01\/image002-1.jpg?fit=675%2C1200&ssl=1&resize=350%2C200","width":350,"height":200,"srcset":"https:\/\/i0.wp.com\/zeromagazine.mx\/wp-content\/uploads\/2026\/01\/image002-1.jpg?fit=675%2C1200&ssl=1&resize=350%2C200 1x, https:\/\/i0.wp.com\/zeromagazine.mx\/wp-content\/uploads\/2026\/01\/image002-1.jpg?fit=675%2C1200&ssl=1&resize=525%2C300 1.5x"},"classes":[]}],"jetpack_sharing_enabled":true,"builder_content":"","_links":{"self":[{"href":"https:\/\/zeromagazine.mx\/index.php\/wp-json\/wp\/v2\/posts\/114302","targetHints":{"allow":["GET"]}}],"collection":[{"href":"https:\/\/zeromagazine.mx\/index.php\/wp-json\/wp\/v2\/posts"}],"about":[{"href":"https:\/\/zeromagazine.mx\/index.php\/wp-json\/wp\/v2\/types\/post"}],"author":[{"embeddable":true,"href":"https:\/\/zeromagazine.mx\/index.php\/wp-json\/wp\/v2\/users\/2"}],"replies":[{"embeddable":true,"href":"https:\/\/zeromagazine.mx\/index.php\/wp-json\/wp\/v2\/comments?post=114302"}],"version-history":[{"count":2,"href":"https:\/\/zeromagazine.mx\/index.php\/wp-json\/wp\/v2\/posts\/114302\/revisions"}],"predecessor-version":[{"id":114311,"href":"https:\/\/zeromagazine.mx\/index.php\/wp-json\/wp\/v2\/posts\/114302\/revisions\/114311"}],"wp:featuredmedia":[{"embeddable":true,"href":"https:\/\/zeromagazine.mx\/index.php\/wp-json\/wp\/v2\/media\/114303"}],"wp:attachment":[{"href":"https:\/\/zeromagazine.mx\/index.php\/wp-json\/wp\/v2\/media?parent=114302"}],"wp:term":[{"taxonomy":"category","embeddable":true,"href":"https:\/\/zeromagazine.mx\/index.php\/wp-json\/wp\/v2\/categories?post=114302"},{"taxonomy":"post_tag","embeddable":true,"href":"https:\/\/zeromagazine.mx\/index.php\/wp-json\/wp\/v2\/tags?post=114302"}],"curies":[{"name":"wp","href":"https:\/\/api.w.org\/{rel}","templated":true}]}}