{"id":114327,"date":"2026-01-29T00:14:35","date_gmt":"2026-01-29T06:14:35","guid":{"rendered":"https:\/\/zeromagazine.mx\/?p=114327"},"modified":"2026-01-29T00:15:04","modified_gmt":"2026-01-29T06:15:04","slug":"ficm-2026-fechas-festival-cine-morelia","status":"publish","type":"post","link":"https:\/\/zeromagazine.mx\/index.php\/2026\/01\/29\/ficm-2026-fechas-festival-cine-morelia\/","title":{"rendered":"FICM 2026: Fechas Oficiales Reveladas"},"content":{"rendered":"<!--themify_builder_content-->\n<div id=\"themify_builder_content-114327\" data-postid=\"114327\" class=\"themify_builder_content themify_builder_content-114327 themify_builder tf_clear\">\n    <\/div>\n<!--\/themify_builder_content-->\n\n\n<p>Si amas el cine mexicano, los festivales con vibe cultural y los eventos donde se mezclan estrenos, talento emergente y glamour cin\u00e9filo, el <strong>FICM 2026<\/strong> ya tiene fechas \u2014y s\u00ed, es momento de ir apartando octubre en tu calendario.<\/p>\n\n\n\n<p>El <strong>Festival Internacional de Cine de Morelia (FICM)<\/strong> celebrar\u00e1 su <strong>24a edici\u00f3n del 16 al 25 de octubre de 2026<\/strong>, combinando <strong>funciones presenciales en Morelia<\/strong> con <strong>proyecciones virtuales<\/strong>, para que nadie se quede fuera de una de las citas m\u00e1s importantes del cine en M\u00e9xico y Latinoam\u00e9rica.<\/p>\n\n\n\n<p>Y no es solo un festival: el FICM se ha convertido en una plataforma clave para descubrir nuevas voces, ver pel\u00edculas antes que nadie y vivir el cine como experiencia cultural real \u2014no solo como entretenimiento.<\/p>\n\n\n\n<h3 class=\"wp-block-heading\">FICM 2026 y el plan perfecto para amantes del cine<\/h3>\n\n\n\n<p>El <strong>FICM 2026<\/strong> llega con una programaci\u00f3n que mezcla lo mejor de varios mundos:<br>competencia mexicana, estrenos nacionales e internacionales, retrospectivas, homenajes y clases magistrales con figuras destacadas de la industria.<\/p>\n\n\n\n<p>Aqu\u00ed no solo se proyectan pel\u00edculas \u2014se crean conversaciones, se lanzan carreras, se impulsan talentos y se fortalece el cine mexicano en serio.<\/p>\n\n\n\n<p>Adem\u00e1s, el festival funciona como un punto de encuentro entre realizadores, p\u00fablico, prensa y comunidad cinematogr\u00e1fica internacional, haciendo que Morelia se transforme en una capital del cine durante diez d\u00edas.<\/p>\n\n\n\n<h3 class=\"wp-block-heading\">FICM 2026 y su misi\u00f3n de apoyar al cine mexicano<\/h3>\n\n\n\n<p>Desde su creaci\u00f3n, el <strong>Festival Internacional de Cine de Morelia<\/strong> se ha definido como una asociaci\u00f3n civil sin fines de lucro con una misi\u00f3n clara:<br><strong>apoyar a cineastas mexicanos, formar nuevos p\u00fablicos y difundir la cultura cinematogr\u00e1fica nacional.<\/strong><\/p>\n\n\n\n<p>Por otro lado, el FICM no solo impulsa pel\u00edculas consolidadas, sino tambi\u00e9n \u00f3peras primas, cortometrajes, documentales y nuevas narrativas que refrescan la industria.<\/p>\n\n\n\n<p>Esa mezcla entre tradici\u00f3n y nuevas voces es lo que ha convertido al festival en un espacio <strong>inclusivo, hospitalario y relevante<\/strong>, tanto para la comunidad local como para la escena internacional.<\/p>\n\n\n\n<h3 class=\"wp-block-heading\">FICM 2026: m\u00e1s que un festival, un statement cultural<\/h3>\n\n\n\n<p>El <strong>FICM 2026<\/strong> no es solo una agenda de funciones: es un recordatorio de que el cine mexicano importa, evoluciona y sigue contando historias que conectan con audiencias de todo el mundo.<\/p>\n\n\n\n<p>Mientras tanto, su formato h\u00edbrido (presencial + virtual) permite que m\u00e1s personas accedan a la programaci\u00f3n, haciendo que el cine sea m\u00e1s democr\u00e1tico, accesible y compartible.<\/p>\n\n\n\n<p>Si te interesa el cine como arte, industria, identidad y espacio de encuentro, el <strong>FICM 2026<\/strong> es uno de esos eventos que no solo se disfrutan\u2026 se viven.<\/p>\n\n\n\n<p>Porque s\u00ed: <strong>#MoreliaEsCineMexicano<\/strong>, y octubre ya tiene protagonista.<\/p>","protected":false},"excerpt":{"rendered":"<p>Si amas el cine mexicano, los festivales con vibe cultural y los eventos donde se mezclan estrenos, talento emergente y glamour cin\u00e9filo, el FICM 2026 ya tiene fechas \u2014y s\u00ed, es momento de ir apartando octubre en tu calendario. El Festival Internacional de Cine de Morelia (FICM) celebrar\u00e1 su 24a edici\u00f3n del 16 al 25 [&hellip;]<\/p>\n","protected":false},"author":2,"featured_media":0,"comment_status":"open","ping_status":"open","sticky":false,"template":"","format":"standard","meta":{"_jetpack_memberships_contains_paid_content":false,"footnotes":"","jetpack_publicize_message":"","jetpack_publicize_feature_enabled":true,"jetpack_social_post_already_shared":true,"jetpack_social_options":{"image_generator_settings":{"template":"highway","default_image_id":0,"font":"","enabled":false},"version":2}},"categories":[109,790,117],"tags":[],"class_list":["post-114327","post","type-post","status-publish","format-standard","hentry","category-cine","category-concursos","category-entretenimiento","has-post-title","has-post-date","has-post-category","has-post-tag","has-post-comment","has-post-author",""],"yoast_head":"<!-- This site is optimized with the Yoast SEO plugin v27.5 - https:\/\/yoast.com\/product\/yoast-seo-wordpress\/ -->\n<title>FICM 2026: Fechas Oficiales Reveladas - Zero Magazine<\/title>\n<meta name=\"description\" content=\"El FICM 2026 se realizar\u00e1 del 16 al 25 de octubre. Descubre las fechas del Festival Internacional de Cine de Morelia y su programaci\u00f3n.\" \/>\n<meta name=\"robots\" content=\"index, follow, max-snippet:-1, max-image-preview:large, max-video-preview:-1\" \/>\n<link rel=\"canonical\" href=\"https:\/\/zeromagazine.mx\/index.php\/2026\/01\/29\/ficm-2026-fechas-festival-cine-morelia\/\" \/>\n<meta property=\"og:locale\" content=\"es_ES\" \/>\n<meta property=\"og:type\" content=\"article\" \/>\n<meta property=\"og:title\" content=\"FICM 2026: Fechas Oficiales Reveladas - Zero Magazine\" \/>\n<meta property=\"og:description\" content=\"El FICM 2026 se realizar\u00e1 del 16 al 25 de octubre. Descubre las fechas del Festival Internacional de Cine de Morelia y su programaci\u00f3n.\" \/>\n<meta property=\"og:url\" content=\"https:\/\/zeromagazine.mx\/index.php\/2026\/01\/29\/ficm-2026-fechas-festival-cine-morelia\/\" \/>\n<meta property=\"og:site_name\" content=\"Zero Magazine\" \/>\n<meta property=\"article:published_time\" content=\"2026-01-29T06:14:35+00:00\" \/>\n<meta property=\"article:modified_time\" content=\"2026-01-29T06:15:04+00:00\" \/>\n<meta name=\"author\" content=\"zeromagazinemx\" \/>\n<meta name=\"twitter:card\" content=\"summary_large_image\" \/>\n<meta name=\"twitter:label1\" content=\"Escrito por\" \/>\n\t<meta name=\"twitter:data1\" content=\"zeromagazinemx\" \/>\n\t<meta name=\"twitter:label2\" content=\"Tiempo de lectura\" \/>\n\t<meta name=\"twitter:data2\" content=\"2 minutos\" \/>\n<script type=\"application\/ld+json\" class=\"yoast-schema-graph\">{\"@context\":\"https:\\\/\\\/schema.org\",\"@graph\":[{\"@type\":\"Article\",\"@id\":\"https:\\\/\\\/zeromagazine.mx\\\/index.php\\\/2026\\\/01\\\/29\\\/ficm-2026-fechas-festival-cine-morelia\\\/#article\",\"isPartOf\":{\"@id\":\"https:\\\/\\\/zeromagazine.mx\\\/index.php\\\/2026\\\/01\\\/29\\\/ficm-2026-fechas-festival-cine-morelia\\\/\"},\"author\":{\"name\":\"zeromagazinemx\",\"@id\":\"https:\\\/\\\/zeromagazine.mx\\\/#\\\/schema\\\/person\\\/9aed9f33a7c39af3a348b86d723f7773\"},\"headline\":\"FICM 2026: Fechas Oficiales Reveladas\",\"datePublished\":\"2026-01-29T06:14:35+00:00\",\"dateModified\":\"2026-01-29T06:15:04+00:00\",\"mainEntityOfPage\":{\"@id\":\"https:\\\/\\\/zeromagazine.mx\\\/index.php\\\/2026\\\/01\\\/29\\\/ficm-2026-fechas-festival-cine-morelia\\\/\"},\"wordCount\":441,\"commentCount\":0,\"publisher\":{\"@id\":\"https:\\\/\\\/zeromagazine.mx\\\/#organization\"},\"articleSection\":[\"Cine\",\"Concursos\",\"Entretenimiento\"],\"inLanguage\":\"es\",\"potentialAction\":[{\"@type\":\"CommentAction\",\"name\":\"Comment\",\"target\":[\"https:\\\/\\\/zeromagazine.mx\\\/index.php\\\/2026\\\/01\\\/29\\\/ficm-2026-fechas-festival-cine-morelia\\\/#respond\"]}]},{\"@type\":\"WebPage\",\"@id\":\"https:\\\/\\\/zeromagazine.mx\\\/index.php\\\/2026\\\/01\\\/29\\\/ficm-2026-fechas-festival-cine-morelia\\\/\",\"url\":\"https:\\\/\\\/zeromagazine.mx\\\/index.php\\\/2026\\\/01\\\/29\\\/ficm-2026-fechas-festival-cine-morelia\\\/\",\"name\":\"FICM 2026: Fechas Oficiales Reveladas - Zero Magazine\",\"isPartOf\":{\"@id\":\"https:\\\/\\\/zeromagazine.mx\\\/#website\"},\"datePublished\":\"2026-01-29T06:14:35+00:00\",\"dateModified\":\"2026-01-29T06:15:04+00:00\",\"description\":\"El FICM 2026 se realizar\u00e1 del 16 al 25 de octubre. Descubre las fechas del Festival Internacional de Cine de Morelia y su programaci\u00f3n.\",\"breadcrumb\":{\"@id\":\"https:\\\/\\\/zeromagazine.mx\\\/index.php\\\/2026\\\/01\\\/29\\\/ficm-2026-fechas-festival-cine-morelia\\\/#breadcrumb\"},\"inLanguage\":\"es\",\"potentialAction\":[{\"@type\":\"ReadAction\",\"target\":[\"https:\\\/\\\/zeromagazine.mx\\\/index.php\\\/2026\\\/01\\\/29\\\/ficm-2026-fechas-festival-cine-morelia\\\/\"]}]},{\"@type\":\"BreadcrumbList\",\"@id\":\"https:\\\/\\\/zeromagazine.mx\\\/index.php\\\/2026\\\/01\\\/29\\\/ficm-2026-fechas-festival-cine-morelia\\\/#breadcrumb\",\"itemListElement\":[{\"@type\":\"ListItem\",\"position\":1,\"name\":\"Portada\",\"item\":\"https:\\\/\\\/zeromagazine.mx\\\/\"},{\"@type\":\"ListItem\",\"position\":2,\"name\":\"FICM 2026: Fechas Oficiales Reveladas\"}]},{\"@type\":\"WebSite\",\"@id\":\"https:\\\/\\\/zeromagazine.mx\\\/#website\",\"url\":\"https:\\\/\\\/zeromagazine.mx\\\/\",\"name\":\"Zero Magazine\",\"description\":\"\",\"publisher\":{\"@id\":\"https:\\\/\\\/zeromagazine.mx\\\/#organization\"},\"potentialAction\":[{\"@type\":\"SearchAction\",\"target\":{\"@type\":\"EntryPoint\",\"urlTemplate\":\"https:\\\/\\\/zeromagazine.mx\\\/?s={search_term_string}\"},\"query-input\":{\"@type\":\"PropertyValueSpecification\",\"valueRequired\":true,\"valueName\":\"search_term_string\"}}],\"inLanguage\":\"es\"},{\"@type\":\"Organization\",\"@id\":\"https:\\\/\\\/zeromagazine.mx\\\/#organization\",\"name\":\"Zero Magazine\",\"url\":\"https:\\\/\\\/zeromagazine.mx\\\/\",\"logo\":{\"@type\":\"ImageObject\",\"inLanguage\":\"es\",\"@id\":\"https:\\\/\\\/zeromagazine.mx\\\/#\\\/schema\\\/logo\\\/image\\\/\",\"url\":\"https:\\\/\\\/i0.wp.com\\\/zeromagazine.mx\\\/wp-content\\\/uploads\\\/2025\\\/11\\\/1.jpeg?fit=1000%2C1000&ssl=1\",\"contentUrl\":\"https:\\\/\\\/i0.wp.com\\\/zeromagazine.mx\\\/wp-content\\\/uploads\\\/2025\\\/11\\\/1.jpeg?fit=1000%2C1000&ssl=1\",\"width\":1000,\"height\":1000,\"caption\":\"Zero Magazine\"},\"image\":{\"@id\":\"https:\\\/\\\/zeromagazine.mx\\\/#\\\/schema\\\/logo\\\/image\\\/\"},\"sameAs\":[\"https:\\\/\\\/instagram.com\\\/zeromagazinemx\"]},{\"@type\":\"Person\",\"@id\":\"https:\\\/\\\/zeromagazine.mx\\\/#\\\/schema\\\/person\\\/9aed9f33a7c39af3a348b86d723f7773\",\"name\":\"zeromagazinemx\",\"image\":{\"@type\":\"ImageObject\",\"inLanguage\":\"es\",\"@id\":\"https:\\\/\\\/zeromagazine.mx\\\/wp-content\\\/litespeed\\\/avatar\\\/f91dfe5410d5dcb1a576bf8c45983896.jpg?ver=1777571230\",\"url\":\"https:\\\/\\\/zeromagazine.mx\\\/wp-content\\\/litespeed\\\/avatar\\\/f91dfe5410d5dcb1a576bf8c45983896.jpg?ver=1777571230\",\"contentUrl\":\"https:\\\/\\\/zeromagazine.mx\\\/wp-content\\\/litespeed\\\/avatar\\\/f91dfe5410d5dcb1a576bf8c45983896.jpg?ver=1777571230\",\"caption\":\"zeromagazinemx\"},\"url\":\"https:\\\/\\\/zeromagazine.mx\\\/index.php\\\/author\\\/zeromagazinemx\\\/\"}]}<\/script>\n<!-- \/ Yoast SEO plugin. -->","yoast_head_json":{"title":"FICM 2026: Fechas Oficiales Reveladas - Zero Magazine","description":"El FICM 2026 se realizar\u00e1 del 16 al 25 de octubre. Descubre las fechas del Festival Internacional de Cine de Morelia y su programaci\u00f3n.","robots":{"index":"index","follow":"follow","max-snippet":"max-snippet:-1","max-image-preview":"max-image-preview:large","max-video-preview":"max-video-preview:-1"},"canonical":"https:\/\/zeromagazine.mx\/index.php\/2026\/01\/29\/ficm-2026-fechas-festival-cine-morelia\/","og_locale":"es_ES","og_type":"article","og_title":"FICM 2026: Fechas Oficiales Reveladas - Zero Magazine","og_description":"El FICM 2026 se realizar\u00e1 del 16 al 25 de octubre. Descubre las fechas del Festival Internacional de Cine de Morelia y su programaci\u00f3n.","og_url":"https:\/\/zeromagazine.mx\/index.php\/2026\/01\/29\/ficm-2026-fechas-festival-cine-morelia\/","og_site_name":"Zero Magazine","article_published_time":"2026-01-29T06:14:35+00:00","article_modified_time":"2026-01-29T06:15:04+00:00","author":"zeromagazinemx","twitter_card":"summary_large_image","twitter_misc":{"Escrito por":"zeromagazinemx","Tiempo de lectura":"2 minutos"},"schema":{"@context":"https:\/\/schema.org","@graph":[{"@type":"Article","@id":"https:\/\/zeromagazine.mx\/index.php\/2026\/01\/29\/ficm-2026-fechas-festival-cine-morelia\/#article","isPartOf":{"@id":"https:\/\/zeromagazine.mx\/index.php\/2026\/01\/29\/ficm-2026-fechas-festival-cine-morelia\/"},"author":{"name":"zeromagazinemx","@id":"https:\/\/zeromagazine.mx\/#\/schema\/person\/9aed9f33a7c39af3a348b86d723f7773"},"headline":"FICM 2026: Fechas Oficiales Reveladas","datePublished":"2026-01-29T06:14:35+00:00","dateModified":"2026-01-29T06:15:04+00:00","mainEntityOfPage":{"@id":"https:\/\/zeromagazine.mx\/index.php\/2026\/01\/29\/ficm-2026-fechas-festival-cine-morelia\/"},"wordCount":441,"commentCount":0,"publisher":{"@id":"https:\/\/zeromagazine.mx\/#organization"},"articleSection":["Cine","Concursos","Entretenimiento"],"inLanguage":"es","potentialAction":[{"@type":"CommentAction","name":"Comment","target":["https:\/\/zeromagazine.mx\/index.php\/2026\/01\/29\/ficm-2026-fechas-festival-cine-morelia\/#respond"]}]},{"@type":"WebPage","@id":"https:\/\/zeromagazine.mx\/index.php\/2026\/01\/29\/ficm-2026-fechas-festival-cine-morelia\/","url":"https:\/\/zeromagazine.mx\/index.php\/2026\/01\/29\/ficm-2026-fechas-festival-cine-morelia\/","name":"FICM 2026: Fechas Oficiales Reveladas - Zero Magazine","isPartOf":{"@id":"https:\/\/zeromagazine.mx\/#website"},"datePublished":"2026-01-29T06:14:35+00:00","dateModified":"2026-01-29T06:15:04+00:00","description":"El FICM 2026 se realizar\u00e1 del 16 al 25 de octubre. Descubre las fechas del Festival Internacional de Cine de Morelia y su programaci\u00f3n.","breadcrumb":{"@id":"https:\/\/zeromagazine.mx\/index.php\/2026\/01\/29\/ficm-2026-fechas-festival-cine-morelia\/#breadcrumb"},"inLanguage":"es","potentialAction":[{"@type":"ReadAction","target":["https:\/\/zeromagazine.mx\/index.php\/2026\/01\/29\/ficm-2026-fechas-festival-cine-morelia\/"]}]},{"@type":"BreadcrumbList","@id":"https:\/\/zeromagazine.mx\/index.php\/2026\/01\/29\/ficm-2026-fechas-festival-cine-morelia\/#breadcrumb","itemListElement":[{"@type":"ListItem","position":1,"name":"Portada","item":"https:\/\/zeromagazine.mx\/"},{"@type":"ListItem","position":2,"name":"FICM 2026: Fechas Oficiales Reveladas"}]},{"@type":"WebSite","@id":"https:\/\/zeromagazine.mx\/#website","url":"https:\/\/zeromagazine.mx\/","name":"Zero Magazine","description":"","publisher":{"@id":"https:\/\/zeromagazine.mx\/#organization"},"potentialAction":[{"@type":"SearchAction","target":{"@type":"EntryPoint","urlTemplate":"https:\/\/zeromagazine.mx\/?s={search_term_string}"},"query-input":{"@type":"PropertyValueSpecification","valueRequired":true,"valueName":"search_term_string"}}],"inLanguage":"es"},{"@type":"Organization","@id":"https:\/\/zeromagazine.mx\/#organization","name":"Zero Magazine","url":"https:\/\/zeromagazine.mx\/","logo":{"@type":"ImageObject","inLanguage":"es","@id":"https:\/\/zeromagazine.mx\/#\/schema\/logo\/image\/","url":"https:\/\/i0.wp.com\/zeromagazine.mx\/wp-content\/uploads\/2025\/11\/1.jpeg?fit=1000%2C1000&ssl=1","contentUrl":"https:\/\/i0.wp.com\/zeromagazine.mx\/wp-content\/uploads\/2025\/11\/1.jpeg?fit=1000%2C1000&ssl=1","width":1000,"height":1000,"caption":"Zero Magazine"},"image":{"@id":"https:\/\/zeromagazine.mx\/#\/schema\/logo\/image\/"},"sameAs":["https:\/\/instagram.com\/zeromagazinemx"]},{"@type":"Person","@id":"https:\/\/zeromagazine.mx\/#\/schema\/person\/9aed9f33a7c39af3a348b86d723f7773","name":"zeromagazinemx","image":{"@type":"ImageObject","inLanguage":"es","@id":"https:\/\/zeromagazine.mx\/wp-content\/litespeed\/avatar\/f91dfe5410d5dcb1a576bf8c45983896.jpg?ver=1777571230","url":"https:\/\/zeromagazine.mx\/wp-content\/litespeed\/avatar\/f91dfe5410d5dcb1a576bf8c45983896.jpg?ver=1777571230","contentUrl":"https:\/\/zeromagazine.mx\/wp-content\/litespeed\/avatar\/f91dfe5410d5dcb1a576bf8c45983896.jpg?ver=1777571230","caption":"zeromagazinemx"},"url":"https:\/\/zeromagazine.mx\/index.php\/author\/zeromagazinemx\/"}]}},"jetpack_publicize_connections":[],"jetpack_featured_media_url":"","jetpack-related-posts":[{"id":113382,"url":"https:\/\/zeromagazine.mx\/index.php\/2026\/01\/15\/giff-2026-convocatoria-becados-fechas\/","url_meta":{"origin":114327,"position":0},"title":"GIFF 2026: todo vibra","author":"zeromagazinemx","date":"15 de enero de 2026","format":false,"excerpt":"El festival mexicano que tienes que vivir s\u00ed o s\u00ed Si hay un festival que nunca deja de ponerse creativo, sorprender y abrir puertas enormes para nuevas historias en pantalla, es el GIFF 2026. El Festival Internacional de Cine Guanajuato ya despej\u00f3 dudas, encendi\u00f3 motores y solt\u00f3 tres bombas que\u2026","rel":"","context":"En \u00abCine\u00bb","block_context":{"text":"Cine","link":"https:\/\/zeromagazine.mx\/index.php\/category\/entretenimiento\/cine\/"},"img":{"alt_text":"","src":"https:\/\/i0.wp.com\/zeromagazine.mx\/wp-content\/uploads\/2026\/01\/Copy-of-CONVOCATORIA-2026_.jpg?fit=960%2C1200&ssl=1&resize=350%2C200","width":350,"height":200,"srcset":"https:\/\/i0.wp.com\/zeromagazine.mx\/wp-content\/uploads\/2026\/01\/Copy-of-CONVOCATORIA-2026_.jpg?fit=960%2C1200&ssl=1&resize=350%2C200 1x, https:\/\/i0.wp.com\/zeromagazine.mx\/wp-content\/uploads\/2026\/01\/Copy-of-CONVOCATORIA-2026_.jpg?fit=960%2C1200&ssl=1&resize=525%2C300 1.5x, https:\/\/i0.wp.com\/zeromagazine.mx\/wp-content\/uploads\/2026\/01\/Copy-of-CONVOCATORIA-2026_.jpg?fit=960%2C1200&ssl=1&resize=700%2C400 2x"},"classes":[]},{"id":88611,"url":"https:\/\/zeromagazine.mx\/index.php\/2024\/10\/28\/cuerpos-en-crisis-cine-queer\/","url_meta":{"origin":114327,"position":1},"title":"Cuerpos en Crisis: Cine Queer","author":"zeromagazinemx","date":"28 de octubre de 2024","format":false,"excerpt":"Si est\u00e1s en la onda de las experiencias cinematogr\u00e1ficas \u00fanicas y quieres sumergirte en temas que importan, el Festival Independiente de Cine de Diversidad Sexual y G\u00e9nero en Cu\u00f3rum Morelia es el lugar para estar. Del 6 al 9 de noviembre, la ciudad de Morelia, Michoac\u00e1n, se va a transformar\u2026","rel":"","context":"En \u00abCultura\u00bb","block_context":{"text":"Cultura","link":"https:\/\/zeromagazine.mx\/index.php\/category\/cultura\/"},"img":{"alt_text":"","src":"https:\/\/i0.wp.com\/zeromagazine.mx\/wp-content\/uploads\/2024\/10\/Captura-de-pantalla-2024-10-28-a-las-15.43.37.png?fit=1160%2C1152&ssl=1&resize=350%2C200","width":350,"height":200,"srcset":"https:\/\/i0.wp.com\/zeromagazine.mx\/wp-content\/uploads\/2024\/10\/Captura-de-pantalla-2024-10-28-a-las-15.43.37.png?fit=1160%2C1152&ssl=1&resize=350%2C200 1x, https:\/\/i0.wp.com\/zeromagazine.mx\/wp-content\/uploads\/2024\/10\/Captura-de-pantalla-2024-10-28-a-las-15.43.37.png?fit=1160%2C1152&ssl=1&resize=525%2C300 1.5x, https:\/\/i0.wp.com\/zeromagazine.mx\/wp-content\/uploads\/2024\/10\/Captura-de-pantalla-2024-10-28-a-las-15.43.37.png?fit=1160%2C1152&ssl=1&resize=700%2C400 2x, https:\/\/i0.wp.com\/zeromagazine.mx\/wp-content\/uploads\/2024\/10\/Captura-de-pantalla-2024-10-28-a-las-15.43.37.png?fit=1160%2C1152&ssl=1&resize=1050%2C600 3x"},"classes":[]},{"id":115374,"url":"https:\/\/zeromagazine.mx\/index.php\/2026\/02\/14\/padre-madre-hermana-hermano-impacta\/","url_meta":{"origin":114327,"position":2},"title":"Padre Madre Hermana Hermano Impacta","author":"zeromagazinemx","date":"14 de febrero de 2026","format":false,"excerpt":"El cine de autor acaba de subir de nivel. Padre Madre Hermana Hermano no solo gan\u00f3 el m\u00e1ximo reconocimiento en el Festival Internacional de Cine de Venecia, tambi\u00e9n marca el regreso de uno de los directores m\u00e1s influyentes del cine independiente: Jim Jarmusch. Y s\u00ed, llega a cines en Latinoam\u00e9rica\u2026","rel":"","context":"En \u00abBlog\u00bb","block_context":{"text":"Blog","link":"https:\/\/zeromagazine.mx\/index.php\/category\/blog\/"},"img":{"alt_text":"","src":"https:\/\/i0.wp.com\/zeromagazine.mx\/wp-content\/uploads\/2026\/02\/unnamed-1-2.png?fit=1200%2C638&ssl=1&resize=350%2C200","width":350,"height":200,"srcset":"https:\/\/i0.wp.com\/zeromagazine.mx\/wp-content\/uploads\/2026\/02\/unnamed-1-2.png?fit=1200%2C638&ssl=1&resize=350%2C200 1x, https:\/\/i0.wp.com\/zeromagazine.mx\/wp-content\/uploads\/2026\/02\/unnamed-1-2.png?fit=1200%2C638&ssl=1&resize=525%2C300 1.5x, https:\/\/i0.wp.com\/zeromagazine.mx\/wp-content\/uploads\/2026\/02\/unnamed-1-2.png?fit=1200%2C638&ssl=1&resize=700%2C400 2x, https:\/\/i0.wp.com\/zeromagazine.mx\/wp-content\/uploads\/2026\/02\/unnamed-1-2.png?fit=1200%2C638&ssl=1&resize=1050%2C600 3x"},"classes":[]},{"id":57350,"url":"https:\/\/zeromagazine.mx\/index.php\/2021\/11\/04\/50-o-dos-ballenas-se-encuentran-en-la-playa-gana-diversos-premios\/","url_meta":{"origin":114327,"position":3},"title":"\u201c50 o Dos ballenas se encuentran en la playa\u201d gana diversos premios","author":"zeromagazinemx","date":"4 de noviembre de 2021","format":false,"excerpt":"Del director Jorge Cuch\u00ed gana el premio a Mejor Largometraje Mexicano, Mejor Actriz y Mejor Actor\u00a0dentro del marco del\u00a0Festival Internacional de Cine de Morelia 2021. Por Guillermo Tercero La pel\u00edcula mexicana\u00a0\u201c50 o Dos ballenas se encuentran en la playa\u201d\u00a0gana el premio a Mejor Largometraje Mexicano, Mejor Actriz -\u00a0Karla Coronado\u00a0y Mejor\u2026","rel":"","context":"En \u00abCine\u00bb","block_context":{"text":"Cine","link":"https:\/\/zeromagazine.mx\/index.php\/category\/entretenimiento\/cine\/"},"img":{"alt_text":"","src":"https:\/\/i0.wp.com\/img.youtube.com\/vi\/Y7co0g3Z2ss\/0.jpg?resize=350%2C200","width":350,"height":200},"classes":[]},{"id":118061,"url":"https:\/\/zeromagazine.mx\/index.php\/2026\/04\/10\/sundance-cdmx-2026-peliculas\/","url_meta":{"origin":114327,"position":4},"title":"Sundance CDMX 2026 pel\u00edculas imperdibles","author":"zeromagazinemx","date":"10 de abril de 2026","format":false,"excerpt":"Si el plan es ver cine que realmente te deje pensando (y no solo \u201centretenerte\u201d), el Sundance Film Festival: CDMX 2026 acaba de soltar una programaci\u00f3n que se siente como ese mood cin\u00e9filo que no sab\u00edas que necesitabas. Porque s\u00ed, no estamos hablando de cualquier cartelera. Estamos hablando de pel\u00edculas\u2026","rel":"","context":"En \u00abBlog\u00bb","block_context":{"text":"Blog","link":"https:\/\/zeromagazine.mx\/index.php\/category\/blog\/"},"img":{"alt_text":"","src":"https:\/\/i0.wp.com\/zeromagazine.mx\/wp-content\/uploads\/2026\/04\/American-Pachuco-promo-photo-2-scaled.png?resize=350%2C200&ssl=1","width":350,"height":200,"srcset":"https:\/\/i0.wp.com\/zeromagazine.mx\/wp-content\/uploads\/2026\/04\/American-Pachuco-promo-photo-2-scaled.png?resize=350%2C200&ssl=1 1x, https:\/\/i0.wp.com\/zeromagazine.mx\/wp-content\/uploads\/2026\/04\/American-Pachuco-promo-photo-2-scaled.png?resize=525%2C300&ssl=1 1.5x, https:\/\/i0.wp.com\/zeromagazine.mx\/wp-content\/uploads\/2026\/04\/American-Pachuco-promo-photo-2-scaled.png?resize=700%2C400&ssl=1 2x, https:\/\/i0.wp.com\/zeromagazine.mx\/wp-content\/uploads\/2026\/04\/American-Pachuco-promo-photo-2-scaled.png?resize=1050%2C600&ssl=1 3x, https:\/\/i0.wp.com\/zeromagazine.mx\/wp-content\/uploads\/2026\/04\/American-Pachuco-promo-photo-2-scaled.png?resize=1400%2C800&ssl=1 4x"},"classes":[]},{"id":114250,"url":"https:\/\/zeromagazine.mx\/index.php\/2026\/01\/26\/temporada-de-premios-cinepolis-2026\/","url_meta":{"origin":114327,"position":5},"title":"Temporada de Premios Cin\u00e9polis 2026: cine top","author":"zeromagazinemx","date":"26 de enero de 2026","format":false,"excerpt":"Si tu personalidad completa es decir \u201cyo s\u00ed veo las nominadas antes de los premios\u201d, esto es para ti. La Temporada de Premios Cin\u00e9polis 2026 llega como el plan definitivo para vivir las pel\u00edculas m\u00e1s aclamadas del a\u00f1o en pantalla grande, con vibes de festival internacional y un Cinebono que\u2026","rel":"","context":"En \u00abCine\u00bb","block_context":{"text":"Cine","link":"https:\/\/zeromagazine.mx\/index.php\/category\/entretenimiento\/cine\/"},"img":{"alt_text":"","src":"https:\/\/i0.wp.com\/zeromagazine.mx\/wp-content\/uploads\/2026\/01\/image-10.png?fit=567%2C567&ssl=1&resize=350%2C200","width":350,"height":200,"srcset":"https:\/\/i0.wp.com\/zeromagazine.mx\/wp-content\/uploads\/2026\/01\/image-10.png?fit=567%2C567&ssl=1&resize=350%2C200 1x, https:\/\/i0.wp.com\/zeromagazine.mx\/wp-content\/uploads\/2026\/01\/image-10.png?fit=567%2C567&ssl=1&resize=525%2C300 1.5x"},"classes":[]}],"jetpack_sharing_enabled":true,"builder_content":"","_links":{"self":[{"href":"https:\/\/zeromagazine.mx\/index.php\/wp-json\/wp\/v2\/posts\/114327","targetHints":{"allow":["GET"]}}],"collection":[{"href":"https:\/\/zeromagazine.mx\/index.php\/wp-json\/wp\/v2\/posts"}],"about":[{"href":"https:\/\/zeromagazine.mx\/index.php\/wp-json\/wp\/v2\/types\/post"}],"author":[{"embeddable":true,"href":"https:\/\/zeromagazine.mx\/index.php\/wp-json\/wp\/v2\/users\/2"}],"replies":[{"embeddable":true,"href":"https:\/\/zeromagazine.mx\/index.php\/wp-json\/wp\/v2\/comments?post=114327"}],"version-history":[{"count":2,"href":"https:\/\/zeromagazine.mx\/index.php\/wp-json\/wp\/v2\/posts\/114327\/revisions"}],"predecessor-version":[{"id":114329,"href":"https:\/\/zeromagazine.mx\/index.php\/wp-json\/wp\/v2\/posts\/114327\/revisions\/114329"}],"wp:attachment":[{"href":"https:\/\/zeromagazine.mx\/index.php\/wp-json\/wp\/v2\/media?parent=114327"}],"wp:term":[{"taxonomy":"category","embeddable":true,"href":"https:\/\/zeromagazine.mx\/index.php\/wp-json\/wp\/v2\/categories?post=114327"},{"taxonomy":"post_tag","embeddable":true,"href":"https:\/\/zeromagazine.mx\/index.php\/wp-json\/wp\/v2\/tags?post=114327"}],"curies":[{"name":"wp","href":"https:\/\/api.w.org\/{rel}","templated":true}]}}