{"id":114365,"date":"2026-01-29T14:28:33","date_gmt":"2026-01-29T20:28:33","guid":{"rendered":"https:\/\/zeromagazine.mx\/?p=114365"},"modified":"2026-01-29T14:29:34","modified_gmt":"2026-01-29T20:29:34","slug":"alfa-romeo-8c-clasico-premio","status":"publish","type":"post","link":"https:\/\/zeromagazine.mx\/index.php\/2026\/01\/29\/alfa-romeo-8c-clasico-premio\/","title":{"rendered":"Un Alfa Romeo 8C 2900B de 1938\u00a0gana\u00a0el\u00a0premio\u00a0The\u00a0Peninsula\u00a0Classics\u00a0Be"},"content":{"rendered":"<!--themify_builder_content-->\n<div id=\"themify_builder_content-114365\" data-postid=\"114365\" class=\"themify_builder_content themify_builder_content-114365 themify_builder tf_clear\">\n    <\/div>\n<!--\/themify_builder_content-->\n\n\n<p>Hay autos que no solo se manejan: se admiran, se cuentan y se sienten. El&nbsp;<strong>Alfa Romeo 8C cl\u00e1sico<\/strong>&nbsp;es uno de ellos. Y cuando un modelo de 1938 se lleva el premio&nbsp;<em>The Peninsula Classics Best of the Best Award<\/em>, queda claro que el tiempo no hace m\u00e1s que elevar su estatus. Este reconocimiento, entregado en Par\u00eds, no celebra solo un veh\u00edculo, sino una era completa de dise\u00f1o, velocidad y obsesi\u00f3n por el detalle.<\/p>\n\n\n\n<p><strong>Primero<\/strong>, hay que entender por qu\u00e9 este premio importa tanto.&nbsp;<em>The Peninsula Classics Best of the Best<\/em>&nbsp;re\u00fane a los ganadores absolutos de los concursos de elegancia m\u00e1s importantes del mundo. No es una competencia de popularidad: es una selecci\u00f3n ultra curada donde cada auto es pr\u00e1cticamente irrepetible. Que un&nbsp;<strong>Alfa Romeo 8C cl\u00e1sico<\/strong>&nbsp;destaque entre leyendas del automovilismo mundial dice mucho de su impacto hist\u00f3rico.<\/p>\n\n\n\n<h3 class=\"wp-block-heading\">Un dise\u00f1o que no envejece<\/h3>\n\n\n\n<p>Presentado a finales de los a\u00f1os treinta, el Alfa Romeo 8C 2900B fue sin\u00f3nimo de exclusividad y alto desempe\u00f1o. En su momento, fue considerado uno de los autos italianos m\u00e1s r\u00e1pidos y avanzados de su \u00e9poca. Pero este ejemplar va un paso m\u00e1s all\u00e1: su carrocer\u00eda fue dise\u00f1ada a la medida por Stabilimenti Farina, con la participaci\u00f3n directa de Battista \u201cPinin\u201d Farina. S\u00ed, el mismo apellido que hoy es sin\u00f3nimo de dise\u00f1o automotriz top tier.<\/p>\n\n\n\n<figure class=\"wp-block-gallery has-nested-images columns-default is-cropped wp-block-gallery-1 is-layout-flex wp-block-gallery-is-layout-flex\">\n<figure class=\"wp-block-image size-large\"><img data-recalc-dims=\"1\" decoding=\"async\" width=\"683\" height=\"1024\" data-id=\"114371\" src=\"https:\/\/i0.wp.com\/zeromagazine.mx\/wp-content\/uploads\/2026\/01\/IMG_1215-683x1024.jpeg?resize=683%2C1024&#038;ssl=1\" alt=\"\" class=\"wp-image-114371\" srcset=\"https:\/\/i0.wp.com\/zeromagazine.mx\/wp-content\/uploads\/2026\/01\/IMG_1215-scaled.jpeg?resize=683%2C1024&amp;ssl=1 683w, https:\/\/i0.wp.com\/zeromagazine.mx\/wp-content\/uploads\/2026\/01\/IMG_1215-scaled.jpeg?resize=200%2C300&amp;ssl=1 200w, https:\/\/i0.wp.com\/zeromagazine.mx\/wp-content\/uploads\/2026\/01\/IMG_1215-scaled.jpeg?resize=768%2C1152&amp;ssl=1 768w, https:\/\/i0.wp.com\/zeromagazine.mx\/wp-content\/uploads\/2026\/01\/IMG_1215-scaled.jpeg?resize=1024%2C1536&amp;ssl=1 1024w, https:\/\/i0.wp.com\/zeromagazine.mx\/wp-content\/uploads\/2026\/01\/IMG_1215-scaled.jpeg?resize=1365%2C2048&amp;ssl=1 1365w, https:\/\/i0.wp.com\/zeromagazine.mx\/wp-content\/uploads\/2026\/01\/IMG_1215-scaled.jpeg?w=1707&amp;ssl=1 1707w\" sizes=\"(max-width: 683px) 100vw, 683px\" \/><\/figure>\n<\/figure>\n\n\n\n<p><strong>Adem\u00e1s<\/strong>, este modelo tiene un backstory que lo hace todav\u00eda m\u00e1s ic\u00f3nico. Su primer due\u00f1o fue Giuseppe \u201cNino\u201d Farina, figura clave del automovilismo y futuro campe\u00f3n mundial de F\u00f3rmula Uno. Cada l\u00ednea del auto refleja no solo lujo, sino una visi\u00f3n personal del dise\u00f1o, algo que hoy ser\u00eda impensable en la producci\u00f3n masiva.<\/p>\n\n\n\n<h3 class=\"wp-block-heading\"><strong>Alfa Romeo 8C cl\u00e1sico<\/strong>&nbsp;y el arte de preservar historia<\/h3>\n\n\n\n<p>A diferencia de otros veh\u00edculos hist\u00f3ricos que viven encerrados, este Alfa Romeo ha tenido una vida activa. Tras una restauraci\u00f3n meticulosa concluida en los a\u00f1os noventa, el auto volvi\u00f3 a los escenarios m\u00e1s exigentes: Pebble Beach, concursos europeos y hasta el Rally de Montecarlo. No solo se exhibe, compite y gana.<\/p>\n\n\n\n<p><strong>Por otro lado<\/strong>, este tipo de premios tambi\u00e9n hablan de una nueva forma de entender el lujo. Hoy, lo exclusivo no es lo nuevo, sino lo aut\u00e9ntico. Un&nbsp;<strong>Alfa Romeo 8C cl\u00e1sico<\/strong>&nbsp;no compite con pantallas ni asistentes digitales; compite con historia, artesan\u00eda y car\u00e1cter. Y gana.<\/p>\n\n\n\n<figure class=\"wp-block-gallery has-nested-images columns-default is-cropped wp-block-gallery-2 is-layout-flex wp-block-gallery-is-layout-flex\">\n<figure class=\"wp-block-image size-large\"><img data-recalc-dims=\"1\" decoding=\"async\" width=\"1024\" height=\"683\" data-id=\"114372\" src=\"https:\/\/i0.wp.com\/zeromagazine.mx\/wp-content\/uploads\/2026\/01\/IMG_1214-1024x683.jpeg?resize=1024%2C683&#038;ssl=1\" alt=\"\" class=\"wp-image-114372\" srcset=\"https:\/\/i0.wp.com\/zeromagazine.mx\/wp-content\/uploads\/2026\/01\/IMG_1214-scaled.jpeg?resize=1024%2C683&amp;ssl=1 1024w, https:\/\/i0.wp.com\/zeromagazine.mx\/wp-content\/uploads\/2026\/01\/IMG_1214-scaled.jpeg?resize=300%2C200&amp;ssl=1 300w, https:\/\/i0.wp.com\/zeromagazine.mx\/wp-content\/uploads\/2026\/01\/IMG_1214-scaled.jpeg?resize=768%2C512&amp;ssl=1 768w, https:\/\/i0.wp.com\/zeromagazine.mx\/wp-content\/uploads\/2026\/01\/IMG_1214-scaled.jpeg?resize=1536%2C1024&amp;ssl=1 1536w, https:\/\/i0.wp.com\/zeromagazine.mx\/wp-content\/uploads\/2026\/01\/IMG_1214-scaled.jpeg?resize=2048%2C1366&amp;ssl=1 2048w, https:\/\/i0.wp.com\/zeromagazine.mx\/wp-content\/uploads\/2026\/01\/IMG_1214-scaled.jpeg?w=2330 2330w\" sizes=\"(max-width: 1024px) 100vw, 1024px\" \/><\/figure>\n<\/figure>\n\n\n\n<p><strong>Finalmente<\/strong>, el hecho de que este veh\u00edculo sea exhibido en eventos como R\u00e9tromobile confirma que el inter\u00e9s por los autos cl\u00e1sicos no es nostalgia vac\u00eda, sino una conversaci\u00f3n viva entre pasado y presente. En un mundo donde todo cambia r\u00e1pido, estos \u00edconos recuerdan que algunas cosas, cuando est\u00e1n bien hechas, se quedan para siempre.<\/p>\n\n\n\n<p><\/p>","protected":false},"excerpt":{"rendered":"<p>Hay autos que no solo se manejan: se admiran, se cuentan y se sienten. El&nbsp;Alfa Romeo 8C cl\u00e1sico&nbsp;es uno de ellos. Y cuando un modelo de 1938 se lleva el premio&nbsp;The Peninsula Classics Best of the Best Award, queda claro que el tiempo no hace m\u00e1s que elevar su estatus. Este reconocimiento, entregado en Par\u00eds, [&hellip;]<\/p>\n","protected":false},"author":4,"featured_media":114370,"comment_status":"open","ping_status":"open","sticky":false,"template":"","format":"standard","meta":{"_jetpack_memberships_contains_paid_content":false,"footnotes":"","jetpack_publicize_message":"","jetpack_publicize_feature_enabled":true,"jetpack_social_post_already_shared":true,"jetpack_social_options":{"image_generator_settings":{"template":"highway","default_image_id":0,"font":"","enabled":false},"version":2}},"categories":[1,791],"tags":[],"class_list":["post-114365","post","type-post","status-publish","format-standard","has-post-thumbnail","hentry","category-blog","category-cultura","has-post-title","has-post-date","has-post-category","has-post-tag","has-post-comment","has-post-author",""],"yoast_head":"<!-- This site is optimized with the Yoast SEO plugin v27.5 - https:\/\/yoast.com\/product\/yoast-seo-wordpress\/ -->\n<title>Un Alfa Romeo 8C 2900B de 1938\u00a0gana\u00a0el\u00a0premio\u00a0The\u00a0Peninsula\u00a0Classics\u00a0Be - Zero Magazine<\/title>\n<meta name=\"description\" content=\"El Alfa Romeo 8C cl\u00e1sico de 1938 gana el premio Best of the Best y reafirma su lugar como \u00edcono del automovilismo.\" \/>\n<meta name=\"robots\" content=\"index, follow, max-snippet:-1, max-image-preview:large, max-video-preview:-1\" \/>\n<link rel=\"canonical\" href=\"https:\/\/zeromagazine.mx\/index.php\/2026\/01\/29\/alfa-romeo-8c-clasico-premio\/\" \/>\n<meta property=\"og:locale\" content=\"es_ES\" \/>\n<meta property=\"og:type\" content=\"article\" \/>\n<meta property=\"og:title\" content=\"Un Alfa Romeo 8C 2900B de 1938\u00a0gana\u00a0el\u00a0premio\u00a0The\u00a0Peninsula\u00a0Classics\u00a0Be - Zero Magazine\" \/>\n<meta property=\"og:description\" content=\"El Alfa Romeo 8C cl\u00e1sico de 1938 gana el premio Best of the Best y reafirma su lugar como \u00edcono del automovilismo.\" \/>\n<meta property=\"og:url\" content=\"https:\/\/zeromagazine.mx\/index.php\/2026\/01\/29\/alfa-romeo-8c-clasico-premio\/\" \/>\n<meta property=\"og:site_name\" content=\"Zero Magazine\" \/>\n<meta property=\"article:published_time\" content=\"2026-01-29T20:28:33+00:00\" \/>\n<meta property=\"article:modified_time\" content=\"2026-01-29T20:29:34+00:00\" \/>\n<meta property=\"og:image\" content=\"http:\/\/zeromagazine.mx\/wp-content\/uploads\/2026\/01\/IMG_1216-scaled.jpeg\" \/>\n\t<meta property=\"og:image:width\" content=\"2560\" \/>\n\t<meta property=\"og:image:height\" content=\"1708\" \/>\n\t<meta property=\"og:image:type\" content=\"image\/jpeg\" \/>\n<meta name=\"author\" content=\"David Morales\" \/>\n<meta name=\"twitter:card\" content=\"summary_large_image\" \/>\n<meta name=\"twitter:label1\" content=\"Escrito por\" \/>\n\t<meta name=\"twitter:data1\" content=\"David Morales\" \/>\n\t<meta name=\"twitter:label2\" content=\"Tiempo de lectura\" \/>\n\t<meta name=\"twitter:data2\" content=\"3 minutos\" \/>\n<script type=\"application\/ld+json\" class=\"yoast-schema-graph\">{\"@context\":\"https:\\\/\\\/schema.org\",\"@graph\":[{\"@type\":\"Article\",\"@id\":\"https:\\\/\\\/zeromagazine.mx\\\/index.php\\\/2026\\\/01\\\/29\\\/alfa-romeo-8c-clasico-premio\\\/#article\",\"isPartOf\":{\"@id\":\"https:\\\/\\\/zeromagazine.mx\\\/index.php\\\/2026\\\/01\\\/29\\\/alfa-romeo-8c-clasico-premio\\\/\"},\"author\":{\"name\":\"David Morales\",\"@id\":\"https:\\\/\\\/zeromagazine.mx\\\/#\\\/schema\\\/person\\\/9f7f1a17c60ba8e9980e3e6677aabe5a\"},\"headline\":\"Un Alfa Romeo 8C 2900B de 1938\u00a0gana\u00a0el\u00a0premio\u00a0The\u00a0Peninsula\u00a0Classics\u00a0Be\",\"datePublished\":\"2026-01-29T20:28:33+00:00\",\"dateModified\":\"2026-01-29T20:29:34+00:00\",\"mainEntityOfPage\":{\"@id\":\"https:\\\/\\\/zeromagazine.mx\\\/index.php\\\/2026\\\/01\\\/29\\\/alfa-romeo-8c-clasico-premio\\\/\"},\"wordCount\":513,\"commentCount\":0,\"publisher\":{\"@id\":\"https:\\\/\\\/zeromagazine.mx\\\/#organization\"},\"image\":{\"@id\":\"https:\\\/\\\/zeromagazine.mx\\\/index.php\\\/2026\\\/01\\\/29\\\/alfa-romeo-8c-clasico-premio\\\/#primaryimage\"},\"thumbnailUrl\":\"https:\\\/\\\/i0.wp.com\\\/zeromagazine.mx\\\/wp-content\\\/uploads\\\/2026\\\/01\\\/IMG_1216-scaled.jpeg?fit=2560%2C1708&ssl=1\",\"articleSection\":[\"Blog\",\"Cultura\"],\"inLanguage\":\"es\",\"potentialAction\":[{\"@type\":\"CommentAction\",\"name\":\"Comment\",\"target\":[\"https:\\\/\\\/zeromagazine.mx\\\/index.php\\\/2026\\\/01\\\/29\\\/alfa-romeo-8c-clasico-premio\\\/#respond\"]}]},{\"@type\":\"WebPage\",\"@id\":\"https:\\\/\\\/zeromagazine.mx\\\/index.php\\\/2026\\\/01\\\/29\\\/alfa-romeo-8c-clasico-premio\\\/\",\"url\":\"https:\\\/\\\/zeromagazine.mx\\\/index.php\\\/2026\\\/01\\\/29\\\/alfa-romeo-8c-clasico-premio\\\/\",\"name\":\"Un Alfa Romeo 8C 2900B de 1938\u00a0gana\u00a0el\u00a0premio\u00a0The\u00a0Peninsula\u00a0Classics\u00a0Be - Zero Magazine\",\"isPartOf\":{\"@id\":\"https:\\\/\\\/zeromagazine.mx\\\/#website\"},\"primaryImageOfPage\":{\"@id\":\"https:\\\/\\\/zeromagazine.mx\\\/index.php\\\/2026\\\/01\\\/29\\\/alfa-romeo-8c-clasico-premio\\\/#primaryimage\"},\"image\":{\"@id\":\"https:\\\/\\\/zeromagazine.mx\\\/index.php\\\/2026\\\/01\\\/29\\\/alfa-romeo-8c-clasico-premio\\\/#primaryimage\"},\"thumbnailUrl\":\"https:\\\/\\\/i0.wp.com\\\/zeromagazine.mx\\\/wp-content\\\/uploads\\\/2026\\\/01\\\/IMG_1216-scaled.jpeg?fit=2560%2C1708&ssl=1\",\"datePublished\":\"2026-01-29T20:28:33+00:00\",\"dateModified\":\"2026-01-29T20:29:34+00:00\",\"description\":\"El Alfa Romeo 8C cl\u00e1sico de 1938 gana el premio Best of the Best y reafirma su lugar como \u00edcono del automovilismo.\",\"breadcrumb\":{\"@id\":\"https:\\\/\\\/zeromagazine.mx\\\/index.php\\\/2026\\\/01\\\/29\\\/alfa-romeo-8c-clasico-premio\\\/#breadcrumb\"},\"inLanguage\":\"es\",\"potentialAction\":[{\"@type\":\"ReadAction\",\"target\":[\"https:\\\/\\\/zeromagazine.mx\\\/index.php\\\/2026\\\/01\\\/29\\\/alfa-romeo-8c-clasico-premio\\\/\"]}]},{\"@type\":\"ImageObject\",\"inLanguage\":\"es\",\"@id\":\"https:\\\/\\\/zeromagazine.mx\\\/index.php\\\/2026\\\/01\\\/29\\\/alfa-romeo-8c-clasico-premio\\\/#primaryimage\",\"url\":\"https:\\\/\\\/i0.wp.com\\\/zeromagazine.mx\\\/wp-content\\\/uploads\\\/2026\\\/01\\\/IMG_1216-scaled.jpeg?fit=2560%2C1708&ssl=1\",\"contentUrl\":\"https:\\\/\\\/i0.wp.com\\\/zeromagazine.mx\\\/wp-content\\\/uploads\\\/2026\\\/01\\\/IMG_1216-scaled.jpeg?fit=2560%2C1708&ssl=1\",\"width\":2560,\"height\":1708},{\"@type\":\"BreadcrumbList\",\"@id\":\"https:\\\/\\\/zeromagazine.mx\\\/index.php\\\/2026\\\/01\\\/29\\\/alfa-romeo-8c-clasico-premio\\\/#breadcrumb\",\"itemListElement\":[{\"@type\":\"ListItem\",\"position\":1,\"name\":\"Portada\",\"item\":\"https:\\\/\\\/zeromagazine.mx\\\/\"},{\"@type\":\"ListItem\",\"position\":2,\"name\":\"Un Alfa Romeo 8C 2900B de 1938\u00a0gana\u00a0el\u00a0premio\u00a0The\u00a0Peninsula\u00a0Classics\u00a0Be\"}]},{\"@type\":\"WebSite\",\"@id\":\"https:\\\/\\\/zeromagazine.mx\\\/#website\",\"url\":\"https:\\\/\\\/zeromagazine.mx\\\/\",\"name\":\"Zero Magazine\",\"description\":\"\",\"publisher\":{\"@id\":\"https:\\\/\\\/zeromagazine.mx\\\/#organization\"},\"potentialAction\":[{\"@type\":\"SearchAction\",\"target\":{\"@type\":\"EntryPoint\",\"urlTemplate\":\"https:\\\/\\\/zeromagazine.mx\\\/?s={search_term_string}\"},\"query-input\":{\"@type\":\"PropertyValueSpecification\",\"valueRequired\":true,\"valueName\":\"search_term_string\"}}],\"inLanguage\":\"es\"},{\"@type\":\"Organization\",\"@id\":\"https:\\\/\\\/zeromagazine.mx\\\/#organization\",\"name\":\"Zero Magazine\",\"url\":\"https:\\\/\\\/zeromagazine.mx\\\/\",\"logo\":{\"@type\":\"ImageObject\",\"inLanguage\":\"es\",\"@id\":\"https:\\\/\\\/zeromagazine.mx\\\/#\\\/schema\\\/logo\\\/image\\\/\",\"url\":\"https:\\\/\\\/i0.wp.com\\\/zeromagazine.mx\\\/wp-content\\\/uploads\\\/2025\\\/11\\\/1.jpeg?fit=1000%2C1000&ssl=1\",\"contentUrl\":\"https:\\\/\\\/i0.wp.com\\\/zeromagazine.mx\\\/wp-content\\\/uploads\\\/2025\\\/11\\\/1.jpeg?fit=1000%2C1000&ssl=1\",\"width\":1000,\"height\":1000,\"caption\":\"Zero Magazine\"},\"image\":{\"@id\":\"https:\\\/\\\/zeromagazine.mx\\\/#\\\/schema\\\/logo\\\/image\\\/\"},\"sameAs\":[\"https:\\\/\\\/instagram.com\\\/zeromagazinemx\"]},{\"@type\":\"Person\",\"@id\":\"https:\\\/\\\/zeromagazine.mx\\\/#\\\/schema\\\/person\\\/9f7f1a17c60ba8e9980e3e6677aabe5a\",\"name\":\"David Morales\",\"image\":{\"@type\":\"ImageObject\",\"inLanguage\":\"es\",\"@id\":\"https:\\\/\\\/zeromagazine.mx\\\/wp-content\\\/litespeed\\\/avatar\\\/76069d2136bfc1c37dc34815bb67ca42.jpg?ver=1777571067\",\"url\":\"https:\\\/\\\/zeromagazine.mx\\\/wp-content\\\/litespeed\\\/avatar\\\/76069d2136bfc1c37dc34815bb67ca42.jpg?ver=1777571067\",\"contentUrl\":\"https:\\\/\\\/zeromagazine.mx\\\/wp-content\\\/litespeed\\\/avatar\\\/76069d2136bfc1c37dc34815bb67ca42.jpg?ver=1777571067\",\"caption\":\"David Morales\"},\"url\":\"https:\\\/\\\/zeromagazine.mx\\\/index.php\\\/author\\\/david\\\/\"}]}<\/script>\n<!-- \/ Yoast SEO plugin. -->","yoast_head_json":{"title":"Un Alfa Romeo 8C 2900B de 1938\u00a0gana\u00a0el\u00a0premio\u00a0The\u00a0Peninsula\u00a0Classics\u00a0Be - Zero Magazine","description":"El Alfa Romeo 8C cl\u00e1sico de 1938 gana el premio Best of the Best y reafirma su lugar como \u00edcono del automovilismo.","robots":{"index":"index","follow":"follow","max-snippet":"max-snippet:-1","max-image-preview":"max-image-preview:large","max-video-preview":"max-video-preview:-1"},"canonical":"https:\/\/zeromagazine.mx\/index.php\/2026\/01\/29\/alfa-romeo-8c-clasico-premio\/","og_locale":"es_ES","og_type":"article","og_title":"Un Alfa Romeo 8C 2900B de 1938\u00a0gana\u00a0el\u00a0premio\u00a0The\u00a0Peninsula\u00a0Classics\u00a0Be - Zero Magazine","og_description":"El Alfa Romeo 8C cl\u00e1sico de 1938 gana el premio Best of the Best y reafirma su lugar como \u00edcono del automovilismo.","og_url":"https:\/\/zeromagazine.mx\/index.php\/2026\/01\/29\/alfa-romeo-8c-clasico-premio\/","og_site_name":"Zero Magazine","article_published_time":"2026-01-29T20:28:33+00:00","article_modified_time":"2026-01-29T20:29:34+00:00","og_image":[{"width":2560,"height":1708,"url":"http:\/\/zeromagazine.mx\/wp-content\/uploads\/2026\/01\/IMG_1216-scaled.jpeg","type":"image\/jpeg"}],"author":"David Morales","twitter_card":"summary_large_image","twitter_misc":{"Escrito por":"David Morales","Tiempo de lectura":"3 minutos"},"schema":{"@context":"https:\/\/schema.org","@graph":[{"@type":"Article","@id":"https:\/\/zeromagazine.mx\/index.php\/2026\/01\/29\/alfa-romeo-8c-clasico-premio\/#article","isPartOf":{"@id":"https:\/\/zeromagazine.mx\/index.php\/2026\/01\/29\/alfa-romeo-8c-clasico-premio\/"},"author":{"name":"David Morales","@id":"https:\/\/zeromagazine.mx\/#\/schema\/person\/9f7f1a17c60ba8e9980e3e6677aabe5a"},"headline":"Un Alfa Romeo 8C 2900B de 1938\u00a0gana\u00a0el\u00a0premio\u00a0The\u00a0Peninsula\u00a0Classics\u00a0Be","datePublished":"2026-01-29T20:28:33+00:00","dateModified":"2026-01-29T20:29:34+00:00","mainEntityOfPage":{"@id":"https:\/\/zeromagazine.mx\/index.php\/2026\/01\/29\/alfa-romeo-8c-clasico-premio\/"},"wordCount":513,"commentCount":0,"publisher":{"@id":"https:\/\/zeromagazine.mx\/#organization"},"image":{"@id":"https:\/\/zeromagazine.mx\/index.php\/2026\/01\/29\/alfa-romeo-8c-clasico-premio\/#primaryimage"},"thumbnailUrl":"https:\/\/i0.wp.com\/zeromagazine.mx\/wp-content\/uploads\/2026\/01\/IMG_1216-scaled.jpeg?fit=2560%2C1708&ssl=1","articleSection":["Blog","Cultura"],"inLanguage":"es","potentialAction":[{"@type":"CommentAction","name":"Comment","target":["https:\/\/zeromagazine.mx\/index.php\/2026\/01\/29\/alfa-romeo-8c-clasico-premio\/#respond"]}]},{"@type":"WebPage","@id":"https:\/\/zeromagazine.mx\/index.php\/2026\/01\/29\/alfa-romeo-8c-clasico-premio\/","url":"https:\/\/zeromagazine.mx\/index.php\/2026\/01\/29\/alfa-romeo-8c-clasico-premio\/","name":"Un Alfa Romeo 8C 2900B de 1938\u00a0gana\u00a0el\u00a0premio\u00a0The\u00a0Peninsula\u00a0Classics\u00a0Be - Zero Magazine","isPartOf":{"@id":"https:\/\/zeromagazine.mx\/#website"},"primaryImageOfPage":{"@id":"https:\/\/zeromagazine.mx\/index.php\/2026\/01\/29\/alfa-romeo-8c-clasico-premio\/#primaryimage"},"image":{"@id":"https:\/\/zeromagazine.mx\/index.php\/2026\/01\/29\/alfa-romeo-8c-clasico-premio\/#primaryimage"},"thumbnailUrl":"https:\/\/i0.wp.com\/zeromagazine.mx\/wp-content\/uploads\/2026\/01\/IMG_1216-scaled.jpeg?fit=2560%2C1708&ssl=1","datePublished":"2026-01-29T20:28:33+00:00","dateModified":"2026-01-29T20:29:34+00:00","description":"El Alfa Romeo 8C cl\u00e1sico de 1938 gana el premio Best of the Best y reafirma su lugar como \u00edcono del automovilismo.","breadcrumb":{"@id":"https:\/\/zeromagazine.mx\/index.php\/2026\/01\/29\/alfa-romeo-8c-clasico-premio\/#breadcrumb"},"inLanguage":"es","potentialAction":[{"@type":"ReadAction","target":["https:\/\/zeromagazine.mx\/index.php\/2026\/01\/29\/alfa-romeo-8c-clasico-premio\/"]}]},{"@type":"ImageObject","inLanguage":"es","@id":"https:\/\/zeromagazine.mx\/index.php\/2026\/01\/29\/alfa-romeo-8c-clasico-premio\/#primaryimage","url":"https:\/\/i0.wp.com\/zeromagazine.mx\/wp-content\/uploads\/2026\/01\/IMG_1216-scaled.jpeg?fit=2560%2C1708&ssl=1","contentUrl":"https:\/\/i0.wp.com\/zeromagazine.mx\/wp-content\/uploads\/2026\/01\/IMG_1216-scaled.jpeg?fit=2560%2C1708&ssl=1","width":2560,"height":1708},{"@type":"BreadcrumbList","@id":"https:\/\/zeromagazine.mx\/index.php\/2026\/01\/29\/alfa-romeo-8c-clasico-premio\/#breadcrumb","itemListElement":[{"@type":"ListItem","position":1,"name":"Portada","item":"https:\/\/zeromagazine.mx\/"},{"@type":"ListItem","position":2,"name":"Un Alfa Romeo 8C 2900B de 1938\u00a0gana\u00a0el\u00a0premio\u00a0The\u00a0Peninsula\u00a0Classics\u00a0Be"}]},{"@type":"WebSite","@id":"https:\/\/zeromagazine.mx\/#website","url":"https:\/\/zeromagazine.mx\/","name":"Zero Magazine","description":"","publisher":{"@id":"https:\/\/zeromagazine.mx\/#organization"},"potentialAction":[{"@type":"SearchAction","target":{"@type":"EntryPoint","urlTemplate":"https:\/\/zeromagazine.mx\/?s={search_term_string}"},"query-input":{"@type":"PropertyValueSpecification","valueRequired":true,"valueName":"search_term_string"}}],"inLanguage":"es"},{"@type":"Organization","@id":"https:\/\/zeromagazine.mx\/#organization","name":"Zero Magazine","url":"https:\/\/zeromagazine.mx\/","logo":{"@type":"ImageObject","inLanguage":"es","@id":"https:\/\/zeromagazine.mx\/#\/schema\/logo\/image\/","url":"https:\/\/i0.wp.com\/zeromagazine.mx\/wp-content\/uploads\/2025\/11\/1.jpeg?fit=1000%2C1000&ssl=1","contentUrl":"https:\/\/i0.wp.com\/zeromagazine.mx\/wp-content\/uploads\/2025\/11\/1.jpeg?fit=1000%2C1000&ssl=1","width":1000,"height":1000,"caption":"Zero Magazine"},"image":{"@id":"https:\/\/zeromagazine.mx\/#\/schema\/logo\/image\/"},"sameAs":["https:\/\/instagram.com\/zeromagazinemx"]},{"@type":"Person","@id":"https:\/\/zeromagazine.mx\/#\/schema\/person\/9f7f1a17c60ba8e9980e3e6677aabe5a","name":"David Morales","image":{"@type":"ImageObject","inLanguage":"es","@id":"https:\/\/zeromagazine.mx\/wp-content\/litespeed\/avatar\/76069d2136bfc1c37dc34815bb67ca42.jpg?ver=1777571067","url":"https:\/\/zeromagazine.mx\/wp-content\/litespeed\/avatar\/76069d2136bfc1c37dc34815bb67ca42.jpg?ver=1777571067","contentUrl":"https:\/\/zeromagazine.mx\/wp-content\/litespeed\/avatar\/76069d2136bfc1c37dc34815bb67ca42.jpg?ver=1777571067","caption":"David Morales"},"url":"https:\/\/zeromagazine.mx\/index.php\/author\/david\/"}]}},"jetpack_publicize_connections":[],"jetpack_featured_media_url":"https:\/\/i0.wp.com\/zeromagazine.mx\/wp-content\/uploads\/2026\/01\/IMG_1216-scaled.jpeg?fit=2560%2C1708&ssl=1","jetpack-related-posts":[{"id":55647,"url":"https:\/\/zeromagazine.mx\/index.php\/2021\/10\/08\/llega-al-cenart-el-cuerpo-de-mercutio-una-obra-que-nos-motiva-a-celebrar-la-vida\/","url_meta":{"origin":114365,"position":0},"title":"Llega al Cenart El cuerpo de Mercutio, una obra que nos motiva a celebrar la vida","author":"zeromagazinemx","date":"8 de octubre de 2021","format":false,"excerpt":"El cuerpo de Mercutio, es un spin off inspirado en las obras de William Shakespeare, principalmente de \"Romeo y Julieta\". En esta obra se celebra la amistad entre Romeo y Mercutio y reflexiona sobre la vida y la muerte. Por Mari\u00e1n Ricco La compa\u00f1\u00eda Nocturno Teatro ofrecer\u00e1 temporada del 6\u2026","rel":"","context":"En \u00abEntretenimiento\u00bb","block_context":{"text":"Entretenimiento","link":"https:\/\/zeromagazine.mx\/index.php\/category\/entretenimiento\/"},"img":{"alt_text":"","src":"https:\/\/i0.wp.com\/zeromagazinemx.wpcomstaging.com\/wp-content\/uploads\/2022\/02\/2eb34-cenart.jpg?resize=350%2C200&ssl=1","width":350,"height":200,"srcset":"https:\/\/i0.wp.com\/zeromagazinemx.wpcomstaging.com\/wp-content\/uploads\/2022\/02\/2eb34-cenart.jpg?resize=350%2C200&ssl=1 1x, https:\/\/i0.wp.com\/zeromagazinemx.wpcomstaging.com\/wp-content\/uploads\/2022\/02\/2eb34-cenart.jpg?resize=525%2C300&ssl=1 1.5x, https:\/\/i0.wp.com\/zeromagazinemx.wpcomstaging.com\/wp-content\/uploads\/2022\/02\/2eb34-cenart.jpg?resize=700%2C400&ssl=1 2x"},"classes":[]},{"id":78292,"url":"https:\/\/zeromagazine.mx\/index.php\/2024\/06\/15\/sumergete-en-el-universo-brillante-de-rainbow-high-un-verano-radiante-y-multicolor\/","url_meta":{"origin":114365,"position":1},"title":"Sum\u00e9rgete en el Universo Brillante de Rainbow High: Un Verano Radiante y Multicolor","author":"zeromagazinemx","date":"15 de junio de 2024","format":false,"excerpt":"Este verano 2024, las vacaciones y las aventuras llegar\u00e1n de la mano de MGA Entertainment, que nos trae productos especiales de sus fashion dolls m\u00e1s coloridas en tres l\u00edneas de colecci\u00f3n irresistibles: Rainbow High Classics, Rainbow High Swim & Style y Rainbow High Junior High PJ Party. Desde las ic\u00f3nicas\u2026","rel":"","context":"En \u00abBlog\u00bb","block_context":{"text":"Blog","link":"https:\/\/zeromagazine.mx\/index.php\/category\/blog\/"},"img":{"alt_text":"","src":"https:\/\/i0.wp.com\/zeromagazine.mx\/wp-content\/uploads\/2024\/06\/image004-1.png?resize=350%2C200&ssl=1","width":350,"height":200},"classes":[]},{"id":80218,"url":"https:\/\/zeromagazine.mx\/index.php\/2024\/07\/11\/rejuvenece-tu-piel-con-laser-fraccionado-co2\/","url_meta":{"origin":114365,"position":2},"title":"Rejuvenece Tu Piel con L\u00e1ser Fraccionado CO2","author":"zeromagazinemx","date":"11 de julio de 2024","format":false,"excerpt":"\u00bfListes para darle un upgrade a nuestra piel y brillar como nunca estas vacaciones? En Cl\u00ednica LAGOM, dirigida por el incre\u00edble Dr. Romeo Castillo, nos espera una experiencia est\u00e9tica de primer nivel con el revolucionario L\u00e1ser Fraccionado CO2. Este tratamiento es la clave para rejuvenecer nuestra apariencia facial de manera\u2026","rel":"","context":"En \u00abBienestar\u00bb","block_context":{"text":"Bienestar","link":"https:\/\/zeromagazine.mx\/index.php\/category\/lifestyle\/bienestar\/"},"img":{"alt_text":"","src":"https:\/\/i0.wp.com\/zeromagazine.mx\/wp-content\/uploads\/2024\/07\/DSC_0393-scaled.jpg?fit=1200%2C800&ssl=1&resize=350%2C200","width":350,"height":200,"srcset":"https:\/\/i0.wp.com\/zeromagazine.mx\/wp-content\/uploads\/2024\/07\/DSC_0393-scaled.jpg?fit=1200%2C800&ssl=1&resize=350%2C200 1x, https:\/\/i0.wp.com\/zeromagazine.mx\/wp-content\/uploads\/2024\/07\/DSC_0393-scaled.jpg?fit=1200%2C800&ssl=1&resize=525%2C300 1.5x, https:\/\/i0.wp.com\/zeromagazine.mx\/wp-content\/uploads\/2024\/07\/DSC_0393-scaled.jpg?fit=1200%2C800&ssl=1&resize=700%2C400 2x, https:\/\/i0.wp.com\/zeromagazine.mx\/wp-content\/uploads\/2024\/07\/DSC_0393-scaled.jpg?fit=1200%2C800&ssl=1&resize=1050%2C600 3x"},"classes":[]},{"id":71466,"url":"https:\/\/zeromagazine.mx\/index.php\/2024\/03\/06\/llega-a-mexico-el-italian-fashion-design-summit\/","url_meta":{"origin":114365,"position":3},"title":"Llega a M\u00e9xico el Italian Fashion &#038; Design Summit","author":"zeromagazinemx","date":"6 de marzo de 2024","format":false,"excerpt":"\u00a1El Italian Fashion & Design Summit est\u00e1 llegando a la Ciudad de M\u00e9xico! La C\u00e1mara de Comercio Italiana en M\u00e9xico est\u00e1 trayendo este evento mega incre\u00edble que va a ser la onda. Se va a realizar en el Hotel Sofitel el 13 de marzo de 2024. Habr\u00e1 una lista de\u2026","rel":"","context":"En \u00abModa\u00bb","block_context":{"text":"Moda","link":"https:\/\/zeromagazine.mx\/index.php\/category\/moda\/"},"img":{"alt_text":"","src":"https:\/\/i0.wp.com\/zeromagazine.mx\/wp-content\/uploads\/2024\/03\/pexels-tembela-bohle-1884583-scaled.jpg?fit=1200%2C800&ssl=1&resize=350%2C200","width":350,"height":200,"srcset":"https:\/\/i0.wp.com\/zeromagazine.mx\/wp-content\/uploads\/2024\/03\/pexels-tembela-bohle-1884583-scaled.jpg?fit=1200%2C800&ssl=1&resize=350%2C200 1x, https:\/\/i0.wp.com\/zeromagazine.mx\/wp-content\/uploads\/2024\/03\/pexels-tembela-bohle-1884583-scaled.jpg?fit=1200%2C800&ssl=1&resize=525%2C300 1.5x, https:\/\/i0.wp.com\/zeromagazine.mx\/wp-content\/uploads\/2024\/03\/pexels-tembela-bohle-1884583-scaled.jpg?fit=1200%2C800&ssl=1&resize=700%2C400 2x, https:\/\/i0.wp.com\/zeromagazine.mx\/wp-content\/uploads\/2024\/03\/pexels-tembela-bohle-1884583-scaled.jpg?fit=1200%2C800&ssl=1&resize=1050%2C600 3x"},"classes":[]},{"id":82314,"url":"https:\/\/zeromagazine.mx\/index.php\/2024\/08\/22\/easy-rider-retro-vibes-on-point\/","url_meta":{"origin":114365,"position":4},"title":"\u00abEasy Rider: Retro Vibes On Point\u00bb","author":"zeromagazinemx","date":"22 de agosto de 2024","format":false,"excerpt":"\u00bfAlguna vez has sentido que el pasado y el presente chocan en una explosi\u00f3n de frescura? Pues prep\u00e1rate porque PUMA lo hizo de nuevo y nos trajo de vuelta un cl\u00e1sico que redefine, lo vintage con un toque de streetstyle que te va a volar la cabeza. Los PUMA EASY\u2026","rel":"","context":"En \u00abModa\u00bb","block_context":{"text":"Moda","link":"https:\/\/zeromagazine.mx\/index.php\/category\/moda\/"},"img":{"alt_text":"","src":"https:\/\/i0.wp.com\/zeromagazine.mx\/wp-content\/uploads\/2024\/08\/EASY-RIDER-scaled.jpg?fit=1200%2C798&ssl=1&resize=350%2C200","width":350,"height":200,"srcset":"https:\/\/i0.wp.com\/zeromagazine.mx\/wp-content\/uploads\/2024\/08\/EASY-RIDER-scaled.jpg?fit=1200%2C798&ssl=1&resize=350%2C200 1x, https:\/\/i0.wp.com\/zeromagazine.mx\/wp-content\/uploads\/2024\/08\/EASY-RIDER-scaled.jpg?fit=1200%2C798&ssl=1&resize=525%2C300 1.5x, https:\/\/i0.wp.com\/zeromagazine.mx\/wp-content\/uploads\/2024\/08\/EASY-RIDER-scaled.jpg?fit=1200%2C798&ssl=1&resize=700%2C400 2x, https:\/\/i0.wp.com\/zeromagazine.mx\/wp-content\/uploads\/2024\/08\/EASY-RIDER-scaled.jpg?fit=1200%2C798&ssl=1&resize=1050%2C600 3x"},"classes":[]},{"id":105005,"url":"https:\/\/zeromagazine.mx\/index.php\/2025\/05\/22\/the-peninsula-bangkok-y-sus-zen-vibes\/","url_meta":{"origin":114365,"position":5},"title":"The Peninsula Bangkok &amp; Sus Zen Vibes","author":"David Morales","date":"22 de mayo de 2025","format":false,"excerpt":"Amix, \u00bfsab\u00edan que s\u00ed se puede encontrar paz mental en medio de una ciudad ultra ca\u00f3tica como Bangkok? Porque s\u00ed, existe un lugar que es literalmente un mini universo de tranquilidad dentro del rush urbano: se llama The Peninsula Bangkok y es todo lo que nuestras vibes cansadas necesitan. Imag\u00ednate\u2026","rel":"","context":"En \u00abBlog\u00bb","block_context":{"text":"Blog","link":"https:\/\/zeromagazine.mx\/index.php\/category\/blog\/"},"img":{"alt_text":"","src":"https:\/\/i0.wp.com\/zeromagazine.mx\/wp-content\/uploads\/2025\/05\/PBK_Lifestyle_Pool-6-scaled.jpg?fit=960%2C1200&ssl=1&resize=350%2C200","width":350,"height":200,"srcset":"https:\/\/i0.wp.com\/zeromagazine.mx\/wp-content\/uploads\/2025\/05\/PBK_Lifestyle_Pool-6-scaled.jpg?fit=960%2C1200&ssl=1&resize=350%2C200 1x, https:\/\/i0.wp.com\/zeromagazine.mx\/wp-content\/uploads\/2025\/05\/PBK_Lifestyle_Pool-6-scaled.jpg?fit=960%2C1200&ssl=1&resize=525%2C300 1.5x, https:\/\/i0.wp.com\/zeromagazine.mx\/wp-content\/uploads\/2025\/05\/PBK_Lifestyle_Pool-6-scaled.jpg?fit=960%2C1200&ssl=1&resize=700%2C400 2x"},"classes":[]}],"jetpack_sharing_enabled":true,"builder_content":"","_links":{"self":[{"href":"https:\/\/zeromagazine.mx\/index.php\/wp-json\/wp\/v2\/posts\/114365","targetHints":{"allow":["GET"]}}],"collection":[{"href":"https:\/\/zeromagazine.mx\/index.php\/wp-json\/wp\/v2\/posts"}],"about":[{"href":"https:\/\/zeromagazine.mx\/index.php\/wp-json\/wp\/v2\/types\/post"}],"author":[{"embeddable":true,"href":"https:\/\/zeromagazine.mx\/index.php\/wp-json\/wp\/v2\/users\/4"}],"replies":[{"embeddable":true,"href":"https:\/\/zeromagazine.mx\/index.php\/wp-json\/wp\/v2\/comments?post=114365"}],"version-history":[{"count":7,"href":"https:\/\/zeromagazine.mx\/index.php\/wp-json\/wp\/v2\/posts\/114365\/revisions"}],"predecessor-version":[{"id":114376,"href":"https:\/\/zeromagazine.mx\/index.php\/wp-json\/wp\/v2\/posts\/114365\/revisions\/114376"}],"wp:featuredmedia":[{"embeddable":true,"href":"https:\/\/zeromagazine.mx\/index.php\/wp-json\/wp\/v2\/media\/114370"}],"wp:attachment":[{"href":"https:\/\/zeromagazine.mx\/index.php\/wp-json\/wp\/v2\/media?parent=114365"}],"wp:term":[{"taxonomy":"category","embeddable":true,"href":"https:\/\/zeromagazine.mx\/index.php\/wp-json\/wp\/v2\/categories?post=114365"},{"taxonomy":"post_tag","embeddable":true,"href":"https:\/\/zeromagazine.mx\/index.php\/wp-json\/wp\/v2\/tags?post=114365"}],"curies":[{"name":"wp","href":"https:\/\/api.w.org\/{rel}","templated":true}]}}