{"id":114383,"date":"2026-01-29T16:19:37","date_gmt":"2026-01-29T22:19:37","guid":{"rendered":"https:\/\/zeromagazine.mx\/?p=114383"},"modified":"2026-01-29T16:19:58","modified_gmt":"2026-01-29T22:19:58","slug":"premios-platino-xcaret-preselecciones-2025","status":"publish","type":"post","link":"https:\/\/zeromagazine.mx\/index.php\/2026\/01\/29\/premios-platino-xcaret-preselecciones-2025\/","title":{"rendered":"Premios PLATINO XCARET: M\u00e9xico Lidera"},"content":{"rendered":"<!--themify_builder_content-->\n<div id=\"themify_builder_content-114383\" data-postid=\"114383\" class=\"themify_builder_content themify_builder_content-114383 themify_builder tf_clear\">\n    <\/div>\n<!--\/themify_builder_content-->\n\n\n<figure class=\"wp-block-image size-full\"><img data-recalc-dims=\"1\" decoding=\"async\" width=\"670\" height=\"332\" src=\"https:\/\/i0.wp.com\/zeromagazine.mx\/wp-content\/uploads\/2026\/01\/unnamed-10.png?resize=670%2C332&#038;ssl=1\" alt=\"\" class=\"wp-image-114385\" srcset=\"https:\/\/i0.wp.com\/zeromagazine.mx\/wp-content\/uploads\/2026\/01\/unnamed-10.png?w=670&amp;ssl=1 670w, https:\/\/i0.wp.com\/zeromagazine.mx\/wp-content\/uploads\/2026\/01\/unnamed-10.png?resize=300%2C149&amp;ssl=1 300w\" sizes=\"(max-width: 670px) 100vw, 670px\" \/><\/figure>\n\n\n\n<p>Si te gusta seguir el cine iberoamericano, las premiaciones con drama, talento y conversaci\u00f3n cultural real, prep\u00e1rate: los <strong>Premios PLATINO XCARET<\/strong> acaban de revelar las <strong>preselecciones de su XIII edici\u00f3n<\/strong>, y M\u00e9xico viene fuerte \u2014muy fuerte.<\/p>\n\n\n\n<p>Entre las producciones mexicanas m\u00e1s destacadas est\u00e1n <strong>\u201cNo nos mover\u00e1n\u201d<\/strong> de Pierre Saint-Martin Castellanos (con <strong>11 preselecciones<\/strong>) y <strong>\u201cCorina\u201d<\/strong> de Urzula Barba Hopfner (con <strong>8 preselecciones<\/strong>). B\u00e1sicamente, dos pel\u00edculas que ya se perfilan como protagonistas de la temporada.<\/p>\n\n\n\n<p>Pero esto no va solo de cine: las <strong>series y miniseries mexicanas<\/strong> tambi\u00e9n est\u00e1n dominando la conversaci\u00f3n, confirmando que el talento nacional est\u00e1 en su peak.<\/p>\n\n\n\n<h3 class=\"wp-block-heading\">Premios PLATINO XCARET y las pel\u00edculas mexicanas que arrasan<\/h3>\n\n\n\n<p>En la categor\u00eda de <strong>Mejor Pel\u00edcula Iberoamericana de Ficci\u00f3n<\/strong>, M\u00e9xico compite con <strong>\u201cCorina\u201d<\/strong>, <strong>\u201cLluvia\u201d<\/strong> y <strong>\u201cNo nos mover\u00e1n\u201d<\/strong>, consolidando una presencia fuerte en una de las secciones m\u00e1s importantes de la gala.<\/p>\n\n\n\n<p>Adem\u00e1s, en direcci\u00f3n destacan <strong>Pierre Saint-Martin Castellanos<\/strong> y <strong>Urzula Barba Hopfner<\/strong>, reforzando la idea de que el cine mexicano no solo brilla frente a c\u00e1mara, sino tambi\u00e9n detr\u00e1s de ella.<\/p>\n\n\n\n<p>En actuaci\u00f3n, los nombres preseleccionados incluyen a:<\/p>\n\n\n\n<ul class=\"wp-block-list\">\n<li><strong>Naian Gonz\u00e1lez Norvind<\/strong> (<em>Corina<\/em>)<\/li>\n\n\n\n<li><strong>Martha Higareda<\/strong> (<em>Juegos de seducci\u00f3n<\/em>)<\/li>\n\n\n\n<li><strong>Luisa Huertas<\/strong> (<em>No nos mover\u00e1n<\/em>)<\/li>\n\n\n\n<li><strong>Diego Boneta<\/strong>, <strong>Memo Villegas<\/strong> y <strong>Tony Dalton<\/strong><\/li>\n<\/ul>\n\n\n\n<p>Un lineup que mezcla talento consolidado, estrellas mainstream y fuerza interpretativa real.<\/p>\n\n\n\n<h3 class=\"wp-block-heading\">Premios PLATINO XCARET y el poder de las series mexicanas<\/h3>\n\n\n\n<p>Las producciones para televisi\u00f3n tambi\u00e9n est\u00e1n dominando las <strong>preselecciones de los Premios PLATINO XCARET<\/strong>. Entre las m\u00e1s fuertes aparecen:<\/p>\n\n\n\n<ul class=\"wp-block-list\">\n<li><strong>\u201cCada minuto cuenta\u201d<\/strong><\/li>\n\n\n\n<li><strong>\u201cLas muertas\u201d<\/strong><\/li>\n\n\n\n<li><strong>\u201cMentiras: La serie\u201d<\/strong><\/li>\n\n\n\n<li><strong>\u201cChespirito: sin querer queriendo\u201d<\/strong><\/li>\n<\/ul>\n\n\n\n<p>En el apartado interpretativo brillan nombres como <strong>Alberto Guerra, Alfonso Herrera, Mariana Trevi\u00f1o, Ana Brenda Contreras, Osvaldo Benavides<\/strong> y <strong>Yalitza Aparicio<\/strong>, confirmando que la ficci\u00f3n seriada mexicana est\u00e1 en su era m\u00e1s s\u00f3lida.<\/p>\n\n\n\n<p><strong>Por otro lado<\/strong>, las categor\u00edas t\u00e9cnicas tambi\u00e9n muestran m\u00fasculo nacional en fotograf\u00eda, montaje, sonido, vestuario, maquillaje y efectos especiales \u2014una se\u00f1al clara de que la industria est\u00e1 creciendo en forma y ambici\u00f3n.<\/p>\n\n\n\n<h3 class=\"wp-block-heading\">Premios PLATINO XCARET y los t\u00edtulos internacionales que compiten fuerte<\/h3>\n\n\n\n<p>M\u00e9xico lidera, s\u00ed, pero la competencia internacional viene intensa. Entre las producciones m\u00e1s destacadas se encuentran:<\/p>\n\n\n\n<ul class=\"wp-block-list\">\n<li><strong>\u201cO Agente Secreto\u201d<\/strong> de Kleber Mendon\u00e7a Filho (con <strong>8 preselecciones<\/strong>)<\/li>\n\n\n\n<li><strong>\u201cSir\u0101t\u201d<\/strong> de Oliver Laxe (con <strong>7 preselecciones<\/strong>)<\/li>\n<\/ul>\n\n\n\n<p>Ambas se perfilan como rivales serios en categor\u00edas clave como pel\u00edcula, direcci\u00f3n, guion, m\u00fasica y dise\u00f1o art\u00edstico.<\/p>\n\n\n\n<p>Mientras tanto, los PLATINO tambi\u00e9n reconocen documentales, animaci\u00f3n, comedia y \u00f3peras primas, con t\u00edtulos como <strong>\u201cBatman Azteca: Choque de Imperios\u201d<\/strong>, <strong>\u201cSoy Frankelda\u201d<\/strong> y <strong>\u201cKenia Os: La OG\u201d<\/strong> ampliando la diversidad audiovisual.<\/p>\n\n\n\n<h3 class=\"wp-block-heading\">Premios PLATINO XCARET y una edici\u00f3n m\u00e1s diversa que nunca<\/h3>\n\n\n\n<p>Esta <strong>XIII edici\u00f3n de los Premios PLATINO XCARET<\/strong> incorpora <strong>12 nuevas categor\u00edas<\/strong>, incluyendo reconocimientos para <strong>vestuario, efectos especiales y maquillaje<\/strong>, celebrando disciplinas que por fin reciben el spotlight que merecen.<\/p>\n\n\n\n<p>La gala se celebrar\u00e1 el <strong>9 de mayo en el Teatro Gran Tlachco del Parque Xcaret<\/strong>, en la Riviera Maya, reuniendo a lo mejor del audiovisual iberoamericano en una de las noches m\u00e1s importantes del a\u00f1o para el cine y las series en espa\u00f1ol y portugu\u00e9s.<\/p>\n\n\n\n<p>M\u00e1s que una premiaci\u00f3n, los <strong>Premios PLATINO XCARET<\/strong> se sienten como un term\u00f3metro cultural: muestran qu\u00e9 historias importan, qu\u00e9 talentos est\u00e1n marcando \u00e9poca y hacia d\u00f3nde se mueve el futuro del audiovisual iberoamericano.<\/p>","protected":false},"excerpt":{"rendered":"<p>Si te gusta seguir el cine iberoamericano, las premiaciones con drama, talento y conversaci\u00f3n cultural real, prep\u00e1rate: los Premios PLATINO XCARET acaban de revelar las preselecciones de su XIII edici\u00f3n, y M\u00e9xico viene fuerte \u2014muy fuerte. Entre las producciones mexicanas m\u00e1s destacadas est\u00e1n \u201cNo nos mover\u00e1n\u201d de Pierre Saint-Martin Castellanos (con 11 preselecciones) y \u201cCorina\u201d [&hellip;]<\/p>\n","protected":false},"author":2,"featured_media":114384,"comment_status":"open","ping_status":"open","sticky":false,"template":"","format":"standard","meta":{"_jetpack_memberships_contains_paid_content":false,"footnotes":"","jetpack_publicize_message":"","jetpack_publicize_feature_enabled":true,"jetpack_social_post_already_shared":true,"jetpack_social_options":{"image_generator_settings":{"template":"highway","default_image_id":0,"font":"","enabled":false},"version":2}},"categories":[109,117,14138],"tags":[],"class_list":["post-114383","post","type-post","status-publish","format-standard","has-post-thumbnail","hentry","category-cine","category-entretenimiento","category-premios","has-post-title","has-post-date","has-post-category","has-post-tag","has-post-comment","has-post-author",""],"yoast_head":"<!-- This site is optimized with the Yoast SEO plugin v27.5 - https:\/\/yoast.com\/product\/yoast-seo-wordpress\/ -->\n<title>Premios PLATINO XCARET: M\u00e9xico Lidera - Zero Magazine<\/title>\n<meta name=\"description\" content=\"Los Premios PLATINO XCARET revelan sus preselecciones con fuerte presencia mexicana en cine y series iberoamericanas.\" \/>\n<meta name=\"robots\" content=\"index, follow, max-snippet:-1, max-image-preview:large, max-video-preview:-1\" \/>\n<link rel=\"canonical\" href=\"https:\/\/zeromagazine.mx\/index.php\/2026\/01\/29\/premios-platino-xcaret-preselecciones-2025\/\" \/>\n<meta property=\"og:locale\" content=\"es_ES\" \/>\n<meta property=\"og:type\" content=\"article\" \/>\n<meta property=\"og:title\" content=\"Premios PLATINO XCARET: M\u00e9xico Lidera - Zero Magazine\" \/>\n<meta property=\"og:description\" content=\"Los Premios PLATINO XCARET revelan sus preselecciones con fuerte presencia mexicana en cine y series iberoamericanas.\" \/>\n<meta property=\"og:url\" content=\"https:\/\/zeromagazine.mx\/index.php\/2026\/01\/29\/premios-platino-xcaret-preselecciones-2025\/\" \/>\n<meta property=\"og:site_name\" content=\"Zero Magazine\" \/>\n<meta property=\"article:published_time\" content=\"2026-01-29T22:19:37+00:00\" \/>\n<meta property=\"article:modified_time\" content=\"2026-01-29T22:19:58+00:00\" \/>\n<meta property=\"og:image\" content=\"http:\/\/zeromagazine.mx\/wp-content\/uploads\/2026\/01\/unnamed-3-1-scaled.jpg\" \/>\n\t<meta property=\"og:image:width\" content=\"2560\" \/>\n\t<meta property=\"og:image:height\" content=\"1707\" \/>\n\t<meta property=\"og:image:type\" content=\"image\/jpeg\" \/>\n<meta name=\"author\" content=\"zeromagazinemx\" \/>\n<meta name=\"twitter:card\" content=\"summary_large_image\" \/>\n<meta name=\"twitter:label1\" content=\"Escrito por\" \/>\n\t<meta name=\"twitter:data1\" content=\"zeromagazinemx\" \/>\n\t<meta name=\"twitter:label2\" content=\"Tiempo de lectura\" \/>\n\t<meta name=\"twitter:data2\" content=\"3 minutos\" \/>\n<script type=\"application\/ld+json\" class=\"yoast-schema-graph\">{\"@context\":\"https:\\\/\\\/schema.org\",\"@graph\":[{\"@type\":\"Article\",\"@id\":\"https:\\\/\\\/zeromagazine.mx\\\/index.php\\\/2026\\\/01\\\/29\\\/premios-platino-xcaret-preselecciones-2025\\\/#article\",\"isPartOf\":{\"@id\":\"https:\\\/\\\/zeromagazine.mx\\\/index.php\\\/2026\\\/01\\\/29\\\/premios-platino-xcaret-preselecciones-2025\\\/\"},\"author\":{\"name\":\"zeromagazinemx\",\"@id\":\"https:\\\/\\\/zeromagazine.mx\\\/#\\\/schema\\\/person\\\/9aed9f33a7c39af3a348b86d723f7773\"},\"headline\":\"Premios PLATINO XCARET: M\u00e9xico Lidera\",\"datePublished\":\"2026-01-29T22:19:37+00:00\",\"dateModified\":\"2026-01-29T22:19:58+00:00\",\"mainEntityOfPage\":{\"@id\":\"https:\\\/\\\/zeromagazine.mx\\\/index.php\\\/2026\\\/01\\\/29\\\/premios-platino-xcaret-preselecciones-2025\\\/\"},\"wordCount\":597,\"commentCount\":0,\"publisher\":{\"@id\":\"https:\\\/\\\/zeromagazine.mx\\\/#organization\"},\"image\":{\"@id\":\"https:\\\/\\\/zeromagazine.mx\\\/index.php\\\/2026\\\/01\\\/29\\\/premios-platino-xcaret-preselecciones-2025\\\/#primaryimage\"},\"thumbnailUrl\":\"https:\\\/\\\/i0.wp.com\\\/zeromagazine.mx\\\/wp-content\\\/uploads\\\/2026\\\/01\\\/unnamed-3-1-scaled.jpg?fit=2560%2C1707&ssl=1\",\"articleSection\":[\"Cine\",\"Entretenimiento\",\"Premios\"],\"inLanguage\":\"es\",\"potentialAction\":[{\"@type\":\"CommentAction\",\"name\":\"Comment\",\"target\":[\"https:\\\/\\\/zeromagazine.mx\\\/index.php\\\/2026\\\/01\\\/29\\\/premios-platino-xcaret-preselecciones-2025\\\/#respond\"]}]},{\"@type\":\"WebPage\",\"@id\":\"https:\\\/\\\/zeromagazine.mx\\\/index.php\\\/2026\\\/01\\\/29\\\/premios-platino-xcaret-preselecciones-2025\\\/\",\"url\":\"https:\\\/\\\/zeromagazine.mx\\\/index.php\\\/2026\\\/01\\\/29\\\/premios-platino-xcaret-preselecciones-2025\\\/\",\"name\":\"Premios PLATINO XCARET: M\u00e9xico Lidera - Zero Magazine\",\"isPartOf\":{\"@id\":\"https:\\\/\\\/zeromagazine.mx\\\/#website\"},\"primaryImageOfPage\":{\"@id\":\"https:\\\/\\\/zeromagazine.mx\\\/index.php\\\/2026\\\/01\\\/29\\\/premios-platino-xcaret-preselecciones-2025\\\/#primaryimage\"},\"image\":{\"@id\":\"https:\\\/\\\/zeromagazine.mx\\\/index.php\\\/2026\\\/01\\\/29\\\/premios-platino-xcaret-preselecciones-2025\\\/#primaryimage\"},\"thumbnailUrl\":\"https:\\\/\\\/i0.wp.com\\\/zeromagazine.mx\\\/wp-content\\\/uploads\\\/2026\\\/01\\\/unnamed-3-1-scaled.jpg?fit=2560%2C1707&ssl=1\",\"datePublished\":\"2026-01-29T22:19:37+00:00\",\"dateModified\":\"2026-01-29T22:19:58+00:00\",\"description\":\"Los Premios PLATINO XCARET revelan sus preselecciones con fuerte presencia mexicana en cine y series iberoamericanas.\",\"breadcrumb\":{\"@id\":\"https:\\\/\\\/zeromagazine.mx\\\/index.php\\\/2026\\\/01\\\/29\\\/premios-platino-xcaret-preselecciones-2025\\\/#breadcrumb\"},\"inLanguage\":\"es\",\"potentialAction\":[{\"@type\":\"ReadAction\",\"target\":[\"https:\\\/\\\/zeromagazine.mx\\\/index.php\\\/2026\\\/01\\\/29\\\/premios-platino-xcaret-preselecciones-2025\\\/\"]}]},{\"@type\":\"ImageObject\",\"inLanguage\":\"es\",\"@id\":\"https:\\\/\\\/zeromagazine.mx\\\/index.php\\\/2026\\\/01\\\/29\\\/premios-platino-xcaret-preselecciones-2025\\\/#primaryimage\",\"url\":\"https:\\\/\\\/i0.wp.com\\\/zeromagazine.mx\\\/wp-content\\\/uploads\\\/2026\\\/01\\\/unnamed-3-1-scaled.jpg?fit=2560%2C1707&ssl=1\",\"contentUrl\":\"https:\\\/\\\/i0.wp.com\\\/zeromagazine.mx\\\/wp-content\\\/uploads\\\/2026\\\/01\\\/unnamed-3-1-scaled.jpg?fit=2560%2C1707&ssl=1\",\"width\":2560,\"height\":1707},{\"@type\":\"BreadcrumbList\",\"@id\":\"https:\\\/\\\/zeromagazine.mx\\\/index.php\\\/2026\\\/01\\\/29\\\/premios-platino-xcaret-preselecciones-2025\\\/#breadcrumb\",\"itemListElement\":[{\"@type\":\"ListItem\",\"position\":1,\"name\":\"Portada\",\"item\":\"https:\\\/\\\/zeromagazine.mx\\\/\"},{\"@type\":\"ListItem\",\"position\":2,\"name\":\"Premios PLATINO XCARET: M\u00e9xico Lidera\"}]},{\"@type\":\"WebSite\",\"@id\":\"https:\\\/\\\/zeromagazine.mx\\\/#website\",\"url\":\"https:\\\/\\\/zeromagazine.mx\\\/\",\"name\":\"Zero Magazine\",\"description\":\"\",\"publisher\":{\"@id\":\"https:\\\/\\\/zeromagazine.mx\\\/#organization\"},\"potentialAction\":[{\"@type\":\"SearchAction\",\"target\":{\"@type\":\"EntryPoint\",\"urlTemplate\":\"https:\\\/\\\/zeromagazine.mx\\\/?s={search_term_string}\"},\"query-input\":{\"@type\":\"PropertyValueSpecification\",\"valueRequired\":true,\"valueName\":\"search_term_string\"}}],\"inLanguage\":\"es\"},{\"@type\":\"Organization\",\"@id\":\"https:\\\/\\\/zeromagazine.mx\\\/#organization\",\"name\":\"Zero Magazine\",\"url\":\"https:\\\/\\\/zeromagazine.mx\\\/\",\"logo\":{\"@type\":\"ImageObject\",\"inLanguage\":\"es\",\"@id\":\"https:\\\/\\\/zeromagazine.mx\\\/#\\\/schema\\\/logo\\\/image\\\/\",\"url\":\"https:\\\/\\\/i0.wp.com\\\/zeromagazine.mx\\\/wp-content\\\/uploads\\\/2025\\\/11\\\/1.jpeg?fit=1000%2C1000&ssl=1\",\"contentUrl\":\"https:\\\/\\\/i0.wp.com\\\/zeromagazine.mx\\\/wp-content\\\/uploads\\\/2025\\\/11\\\/1.jpeg?fit=1000%2C1000&ssl=1\",\"width\":1000,\"height\":1000,\"caption\":\"Zero Magazine\"},\"image\":{\"@id\":\"https:\\\/\\\/zeromagazine.mx\\\/#\\\/schema\\\/logo\\\/image\\\/\"},\"sameAs\":[\"https:\\\/\\\/instagram.com\\\/zeromagazinemx\"]},{\"@type\":\"Person\",\"@id\":\"https:\\\/\\\/zeromagazine.mx\\\/#\\\/schema\\\/person\\\/9aed9f33a7c39af3a348b86d723f7773\",\"name\":\"zeromagazinemx\",\"image\":{\"@type\":\"ImageObject\",\"inLanguage\":\"es\",\"@id\":\"https:\\\/\\\/zeromagazine.mx\\\/wp-content\\\/litespeed\\\/avatar\\\/f91dfe5410d5dcb1a576bf8c45983896.jpg?ver=1777571230\",\"url\":\"https:\\\/\\\/zeromagazine.mx\\\/wp-content\\\/litespeed\\\/avatar\\\/f91dfe5410d5dcb1a576bf8c45983896.jpg?ver=1777571230\",\"contentUrl\":\"https:\\\/\\\/zeromagazine.mx\\\/wp-content\\\/litespeed\\\/avatar\\\/f91dfe5410d5dcb1a576bf8c45983896.jpg?ver=1777571230\",\"caption\":\"zeromagazinemx\"},\"url\":\"https:\\\/\\\/zeromagazine.mx\\\/index.php\\\/author\\\/zeromagazinemx\\\/\"}]}<\/script>\n<!-- \/ Yoast SEO plugin. -->","yoast_head_json":{"title":"Premios PLATINO XCARET: M\u00e9xico Lidera - Zero Magazine","description":"Los Premios PLATINO XCARET revelan sus preselecciones con fuerte presencia mexicana en cine y series iberoamericanas.","robots":{"index":"index","follow":"follow","max-snippet":"max-snippet:-1","max-image-preview":"max-image-preview:large","max-video-preview":"max-video-preview:-1"},"canonical":"https:\/\/zeromagazine.mx\/index.php\/2026\/01\/29\/premios-platino-xcaret-preselecciones-2025\/","og_locale":"es_ES","og_type":"article","og_title":"Premios PLATINO XCARET: M\u00e9xico Lidera - Zero Magazine","og_description":"Los Premios PLATINO XCARET revelan sus preselecciones con fuerte presencia mexicana en cine y series iberoamericanas.","og_url":"https:\/\/zeromagazine.mx\/index.php\/2026\/01\/29\/premios-platino-xcaret-preselecciones-2025\/","og_site_name":"Zero Magazine","article_published_time":"2026-01-29T22:19:37+00:00","article_modified_time":"2026-01-29T22:19:58+00:00","og_image":[{"width":2560,"height":1707,"url":"http:\/\/zeromagazine.mx\/wp-content\/uploads\/2026\/01\/unnamed-3-1-scaled.jpg","type":"image\/jpeg"}],"author":"zeromagazinemx","twitter_card":"summary_large_image","twitter_misc":{"Escrito por":"zeromagazinemx","Tiempo de lectura":"3 minutos"},"schema":{"@context":"https:\/\/schema.org","@graph":[{"@type":"Article","@id":"https:\/\/zeromagazine.mx\/index.php\/2026\/01\/29\/premios-platino-xcaret-preselecciones-2025\/#article","isPartOf":{"@id":"https:\/\/zeromagazine.mx\/index.php\/2026\/01\/29\/premios-platino-xcaret-preselecciones-2025\/"},"author":{"name":"zeromagazinemx","@id":"https:\/\/zeromagazine.mx\/#\/schema\/person\/9aed9f33a7c39af3a348b86d723f7773"},"headline":"Premios PLATINO XCARET: M\u00e9xico Lidera","datePublished":"2026-01-29T22:19:37+00:00","dateModified":"2026-01-29T22:19:58+00:00","mainEntityOfPage":{"@id":"https:\/\/zeromagazine.mx\/index.php\/2026\/01\/29\/premios-platino-xcaret-preselecciones-2025\/"},"wordCount":597,"commentCount":0,"publisher":{"@id":"https:\/\/zeromagazine.mx\/#organization"},"image":{"@id":"https:\/\/zeromagazine.mx\/index.php\/2026\/01\/29\/premios-platino-xcaret-preselecciones-2025\/#primaryimage"},"thumbnailUrl":"https:\/\/i0.wp.com\/zeromagazine.mx\/wp-content\/uploads\/2026\/01\/unnamed-3-1-scaled.jpg?fit=2560%2C1707&ssl=1","articleSection":["Cine","Entretenimiento","Premios"],"inLanguage":"es","potentialAction":[{"@type":"CommentAction","name":"Comment","target":["https:\/\/zeromagazine.mx\/index.php\/2026\/01\/29\/premios-platino-xcaret-preselecciones-2025\/#respond"]}]},{"@type":"WebPage","@id":"https:\/\/zeromagazine.mx\/index.php\/2026\/01\/29\/premios-platino-xcaret-preselecciones-2025\/","url":"https:\/\/zeromagazine.mx\/index.php\/2026\/01\/29\/premios-platino-xcaret-preselecciones-2025\/","name":"Premios PLATINO XCARET: M\u00e9xico Lidera - Zero Magazine","isPartOf":{"@id":"https:\/\/zeromagazine.mx\/#website"},"primaryImageOfPage":{"@id":"https:\/\/zeromagazine.mx\/index.php\/2026\/01\/29\/premios-platino-xcaret-preselecciones-2025\/#primaryimage"},"image":{"@id":"https:\/\/zeromagazine.mx\/index.php\/2026\/01\/29\/premios-platino-xcaret-preselecciones-2025\/#primaryimage"},"thumbnailUrl":"https:\/\/i0.wp.com\/zeromagazine.mx\/wp-content\/uploads\/2026\/01\/unnamed-3-1-scaled.jpg?fit=2560%2C1707&ssl=1","datePublished":"2026-01-29T22:19:37+00:00","dateModified":"2026-01-29T22:19:58+00:00","description":"Los Premios PLATINO XCARET revelan sus preselecciones con fuerte presencia mexicana en cine y series iberoamericanas.","breadcrumb":{"@id":"https:\/\/zeromagazine.mx\/index.php\/2026\/01\/29\/premios-platino-xcaret-preselecciones-2025\/#breadcrumb"},"inLanguage":"es","potentialAction":[{"@type":"ReadAction","target":["https:\/\/zeromagazine.mx\/index.php\/2026\/01\/29\/premios-platino-xcaret-preselecciones-2025\/"]}]},{"@type":"ImageObject","inLanguage":"es","@id":"https:\/\/zeromagazine.mx\/index.php\/2026\/01\/29\/premios-platino-xcaret-preselecciones-2025\/#primaryimage","url":"https:\/\/i0.wp.com\/zeromagazine.mx\/wp-content\/uploads\/2026\/01\/unnamed-3-1-scaled.jpg?fit=2560%2C1707&ssl=1","contentUrl":"https:\/\/i0.wp.com\/zeromagazine.mx\/wp-content\/uploads\/2026\/01\/unnamed-3-1-scaled.jpg?fit=2560%2C1707&ssl=1","width":2560,"height":1707},{"@type":"BreadcrumbList","@id":"https:\/\/zeromagazine.mx\/index.php\/2026\/01\/29\/premios-platino-xcaret-preselecciones-2025\/#breadcrumb","itemListElement":[{"@type":"ListItem","position":1,"name":"Portada","item":"https:\/\/zeromagazine.mx\/"},{"@type":"ListItem","position":2,"name":"Premios PLATINO XCARET: M\u00e9xico Lidera"}]},{"@type":"WebSite","@id":"https:\/\/zeromagazine.mx\/#website","url":"https:\/\/zeromagazine.mx\/","name":"Zero Magazine","description":"","publisher":{"@id":"https:\/\/zeromagazine.mx\/#organization"},"potentialAction":[{"@type":"SearchAction","target":{"@type":"EntryPoint","urlTemplate":"https:\/\/zeromagazine.mx\/?s={search_term_string}"},"query-input":{"@type":"PropertyValueSpecification","valueRequired":true,"valueName":"search_term_string"}}],"inLanguage":"es"},{"@type":"Organization","@id":"https:\/\/zeromagazine.mx\/#organization","name":"Zero Magazine","url":"https:\/\/zeromagazine.mx\/","logo":{"@type":"ImageObject","inLanguage":"es","@id":"https:\/\/zeromagazine.mx\/#\/schema\/logo\/image\/","url":"https:\/\/i0.wp.com\/zeromagazine.mx\/wp-content\/uploads\/2025\/11\/1.jpeg?fit=1000%2C1000&ssl=1","contentUrl":"https:\/\/i0.wp.com\/zeromagazine.mx\/wp-content\/uploads\/2025\/11\/1.jpeg?fit=1000%2C1000&ssl=1","width":1000,"height":1000,"caption":"Zero Magazine"},"image":{"@id":"https:\/\/zeromagazine.mx\/#\/schema\/logo\/image\/"},"sameAs":["https:\/\/instagram.com\/zeromagazinemx"]},{"@type":"Person","@id":"https:\/\/zeromagazine.mx\/#\/schema\/person\/9aed9f33a7c39af3a348b86d723f7773","name":"zeromagazinemx","image":{"@type":"ImageObject","inLanguage":"es","@id":"https:\/\/zeromagazine.mx\/wp-content\/litespeed\/avatar\/f91dfe5410d5dcb1a576bf8c45983896.jpg?ver=1777571230","url":"https:\/\/zeromagazine.mx\/wp-content\/litespeed\/avatar\/f91dfe5410d5dcb1a576bf8c45983896.jpg?ver=1777571230","contentUrl":"https:\/\/zeromagazine.mx\/wp-content\/litespeed\/avatar\/f91dfe5410d5dcb1a576bf8c45983896.jpg?ver=1777571230","caption":"zeromagazinemx"},"url":"https:\/\/zeromagazine.mx\/index.php\/author\/zeromagazinemx\/"}]}},"jetpack_publicize_connections":[],"jetpack_featured_media_url":"https:\/\/i0.wp.com\/zeromagazine.mx\/wp-content\/uploads\/2026\/01\/unnamed-3-1-scaled.jpg?fit=2560%2C1707&ssl=1","jetpack-related-posts":[{"id":71247,"url":"https:\/\/zeromagazine.mx\/index.php\/2024\/02\/23\/nominaciones-de-los-xi-premios-platino-xcaret\/","url_meta":{"origin":114383,"position":0},"title":"Nominaciones de los XI Premios Platino XCARET","author":"zeromagazinemx","date":"23 de febrero de 2024","format":false,"excerpt":"Les tengo las \u00faltimas noticias sobre los XI Premios PLATINO XCARET y, \u00a1wow!, hay mucha tela que cortar. La lista de nominadas est\u00e1 que arde y M\u00e9xico est\u00e1 en el centro del hurac\u00e1n con varias producciones que est\u00e1n arrasando en las categor\u00edas. Desde Huesera hasta Radical, \u00a1qu\u00e9 orgullo ser parte\u2026","rel":"","context":"En \u00abConcursos\u00bb","block_context":{"text":"Concursos","link":"https:\/\/zeromagazine.mx\/index.php\/category\/concursos\/"},"img":{"alt_text":"","src":"https:\/\/i0.wp.com\/zeromagazine.mx\/wp-content\/uploads\/2024\/02\/Foto-Familiar_By-Victor-Chavez-60.jpg?fit=1197%2C834&ssl=1&resize=350%2C200","width":350,"height":200,"srcset":"https:\/\/i0.wp.com\/zeromagazine.mx\/wp-content\/uploads\/2024\/02\/Foto-Familiar_By-Victor-Chavez-60.jpg?fit=1197%2C834&ssl=1&resize=350%2C200 1x, https:\/\/i0.wp.com\/zeromagazine.mx\/wp-content\/uploads\/2024\/02\/Foto-Familiar_By-Victor-Chavez-60.jpg?fit=1197%2C834&ssl=1&resize=525%2C300 1.5x, https:\/\/i0.wp.com\/zeromagazine.mx\/wp-content\/uploads\/2024\/02\/Foto-Familiar_By-Victor-Chavez-60.jpg?fit=1197%2C834&ssl=1&resize=700%2C400 2x, https:\/\/i0.wp.com\/zeromagazine.mx\/wp-content\/uploads\/2024\/02\/Foto-Familiar_By-Victor-Chavez-60.jpg?fit=1197%2C834&ssl=1&resize=1050%2C600 3x"},"classes":[]},{"id":73606,"url":"https:\/\/zeromagazine.mx\/index.php\/2024\/04\/10\/brilla-en-los-premios-platino-xcaret-2024\/","url_meta":{"origin":114383,"position":1},"title":"Brilla en los Premios PLATINO XCARET 2024","author":"zeromagazinemx","date":"10 de abril de 2024","format":false,"excerpt":"Las grandes estrellas del cine y las series de Iberoam\u00e9rica est\u00e1n listas para brillar una vez m\u00e1s en la XI edici\u00f3n de los Premios PLATINO XCARET 2024. \u00bfEmocionadxs? Yo s\u00ed, porque la cita ser\u00e1 el pr\u00f3ximo s\u00e1bado 20 de abril en el Teatro Gran Tlachco del parque Xcaret, en Riviera\u2026","rel":"","context":"En \u00abEntretenimiento\u00bb","block_context":{"text":"Entretenimiento","link":"https:\/\/zeromagazine.mx\/index.php\/category\/entretenimiento\/"},"img":{"alt_text":"","src":"https:\/\/i0.wp.com\/zeromagazine.mx\/wp-content\/uploads\/2024\/04\/unnamed-15.jpg?fit=937%2C625&ssl=1&resize=350%2C200","width":350,"height":200,"srcset":"https:\/\/i0.wp.com\/zeromagazine.mx\/wp-content\/uploads\/2024\/04\/unnamed-15.jpg?fit=937%2C625&ssl=1&resize=350%2C200 1x, https:\/\/i0.wp.com\/zeromagazine.mx\/wp-content\/uploads\/2024\/04\/unnamed-15.jpg?fit=937%2C625&ssl=1&resize=525%2C300 1.5x, https:\/\/i0.wp.com\/zeromagazine.mx\/wp-content\/uploads\/2024\/04\/unnamed-15.jpg?fit=937%2C625&ssl=1&resize=700%2C400 2x"},"classes":[]},{"id":115870,"url":"https:\/\/zeromagazine.mx\/index.php\/2026\/02\/24\/premios-platino-xcaret-cartel-oficial-xiii-edicion\/","url_meta":{"origin":114383,"position":2},"title":"Premios PLATINO XCARET estrenan cartel","author":"zeromagazinemx","date":"24 de febrero de 2026","format":false,"excerpt":"El hype ya est\u00e1 aqu\u00ed. Los Premios PLATINO XCARET acaban de revelar el cartel oficial de su XIII edici\u00f3n y, honestamente, es de esas im\u00e1genes que se sienten como un fotograma listo para cobrar vida. La nueva identidad visual no solo presenta el ic\u00f3nico trofeo, sino que lo convierte en\u2026","rel":"","context":"En \u00abBlog\u00bb","block_context":{"text":"Blog","link":"https:\/\/zeromagazine.mx\/index.php\/category\/blog\/"},"img":{"alt_text":"","src":"https:\/\/i0.wp.com\/zeromagazine.mx\/wp-content\/uploads\/2026\/02\/unnamed-4-1-scaled.jpg?fit=863%2C1200&ssl=1&resize=350%2C200","width":350,"height":200,"srcset":"https:\/\/i0.wp.com\/zeromagazine.mx\/wp-content\/uploads\/2026\/02\/unnamed-4-1-scaled.jpg?fit=863%2C1200&ssl=1&resize=350%2C200 1x, https:\/\/i0.wp.com\/zeromagazine.mx\/wp-content\/uploads\/2026\/02\/unnamed-4-1-scaled.jpg?fit=863%2C1200&ssl=1&resize=525%2C300 1.5x, https:\/\/i0.wp.com\/zeromagazine.mx\/wp-content\/uploads\/2026\/02\/unnamed-4-1-scaled.jpg?fit=863%2C1200&ssl=1&resize=700%2C400 2x"},"classes":[]},{"id":73468,"url":"https:\/\/zeromagazine.mx\/index.php\/2024\/04\/08\/premios-platino-xcaret\/","url_meta":{"origin":114383,"position":3},"title":"Premios PLATINO XCARET","author":"zeromagazinemx","date":"8 de abril de 2024","format":false,"excerpt":"La XI Edici\u00f3n de los Premios PLATINO XCARET est\u00e1 a la vuelta de la esquina y \u00a1qu\u00e9 cartel tan alucinante tenemos este a\u00f1o! Prep\u00e1rense para una noche inolvidable llena de m\u00fasica, talento y celebraci\u00f3n, porque este evento promete ser \u00e9pico. Para empezar, echen un vistazo a este incre\u00edble lineup de\u2026","rel":"","context":"En \u00abEntretenimiento\u00bb","block_context":{"text":"Entretenimiento","link":"https:\/\/zeromagazine.mx\/index.php\/category\/entretenimiento\/"},"img":{"alt_text":"","src":"https:\/\/i0.wp.com\/zeromagazine.mx\/wp-content\/uploads\/2024\/04\/unnamed-18.png?fit=1200%2C794&ssl=1&resize=350%2C200","width":350,"height":200,"srcset":"https:\/\/i0.wp.com\/zeromagazine.mx\/wp-content\/uploads\/2024\/04\/unnamed-18.png?fit=1200%2C794&ssl=1&resize=350%2C200 1x, https:\/\/i0.wp.com\/zeromagazine.mx\/wp-content\/uploads\/2024\/04\/unnamed-18.png?fit=1200%2C794&ssl=1&resize=525%2C300 1.5x, https:\/\/i0.wp.com\/zeromagazine.mx\/wp-content\/uploads\/2024\/04\/unnamed-18.png?fit=1200%2C794&ssl=1&resize=700%2C400 2x, https:\/\/i0.wp.com\/zeromagazine.mx\/wp-content\/uploads\/2024\/04\/unnamed-18.png?fit=1200%2C794&ssl=1&resize=1050%2C600 3x"},"classes":[]},{"id":97594,"url":"https:\/\/zeromagazine.mx\/index.php\/2025\/02\/26\/mexico-en-premios-platino2025\/","url_meta":{"origin":114383,"position":4},"title":"Producciones Mexicanas en PLATINO","author":"David Morales","date":"26 de febrero de 2025","format":false,"excerpt":"El cine y las series mexicanas est\u00e1n rompi\u00e9ndola en la XII Edici\u00f3n de los Premios PLATINO, liderando las candidaturas nacionales con \"Pedro P\u00e1ramo\" y \"Cada minuto cuenta\". Estos premios, que celebran lo mejor del audiovisual iberoamericano, han puesto en la mira varias producciones nacionales que podr\u00edan llevarse un reconocimiento importante\u2026","rel":"","context":"En \u00abCultura\u00bb","block_context":{"text":"Cultura","link":"https:\/\/zeromagazine.mx\/index.php\/category\/cultura\/"},"img":{"alt_text":"","src":"https:\/\/i0.wp.com\/zeromagazine.mx\/wp-content\/uploads\/2025\/02\/Cartel_Final_Premios_Platino_logos_2025_rgb.jpg?fit=907%2C1200&ssl=1&resize=350%2C200","width":350,"height":200,"srcset":"https:\/\/i0.wp.com\/zeromagazine.mx\/wp-content\/uploads\/2025\/02\/Cartel_Final_Premios_Platino_logos_2025_rgb.jpg?fit=907%2C1200&ssl=1&resize=350%2C200 1x, https:\/\/i0.wp.com\/zeromagazine.mx\/wp-content\/uploads\/2025\/02\/Cartel_Final_Premios_Platino_logos_2025_rgb.jpg?fit=907%2C1200&ssl=1&resize=525%2C300 1.5x, https:\/\/i0.wp.com\/zeromagazine.mx\/wp-content\/uploads\/2025\/02\/Cartel_Final_Premios_Platino_logos_2025_rgb.jpg?fit=907%2C1200&ssl=1&resize=700%2C400 2x"},"classes":[]},{"id":116922,"url":"https:\/\/zeromagazine.mx\/index.php\/2026\/03\/18\/feria-xcaret-arte-popular-libro-2025\/","url_meta":{"origin":114383,"position":5},"title":"Grupo Xcaret presenta el libro de Feria Xcaret de Arte Popular Mexicano 2025 y una muestra fotogr\u00e1fica de las piezas ganadoras de las dos ediciones pasadas","author":"David Morales","date":"18 de marzo de 2026","format":false,"excerpt":"La\u00a0Feria Xcaret Arte Popular\u00a0sigue consolid\u00e1ndose como uno de los espacios m\u00e1s importantes para reconocer y difundir el talento artesanal de M\u00e9xico. En esta ocasi\u00f3n,\u00a0Grupo Xcaret\u00a0present\u00f3 un libro especial que documenta lo mejor de la edici\u00f3n 2025, acompa\u00f1ado por una exposici\u00f3n fotogr\u00e1fica que muestra algunas de las piezas ganadoras de ediciones\u2026","rel":"","context":"En \u00abBlog\u00bb","block_context":{"text":"Blog","link":"https:\/\/zeromagazine.mx\/index.php\/category\/blog\/"},"img":{"alt_text":"","src":"https:\/\/i0.wp.com\/zeromagazine.mx\/wp-content\/uploads\/2026\/03\/IMG_1766.jpeg?fit=1200%2C900&ssl=1&resize=350%2C200","width":350,"height":200,"srcset":"https:\/\/i0.wp.com\/zeromagazine.mx\/wp-content\/uploads\/2026\/03\/IMG_1766.jpeg?fit=1200%2C900&ssl=1&resize=350%2C200 1x, https:\/\/i0.wp.com\/zeromagazine.mx\/wp-content\/uploads\/2026\/03\/IMG_1766.jpeg?fit=1200%2C900&ssl=1&resize=525%2C300 1.5x, https:\/\/i0.wp.com\/zeromagazine.mx\/wp-content\/uploads\/2026\/03\/IMG_1766.jpeg?fit=1200%2C900&ssl=1&resize=700%2C400 2x, https:\/\/i0.wp.com\/zeromagazine.mx\/wp-content\/uploads\/2026\/03\/IMG_1766.jpeg?fit=1200%2C900&ssl=1&resize=1050%2C600 3x"},"classes":[]}],"jetpack_sharing_enabled":true,"builder_content":"","_links":{"self":[{"href":"https:\/\/zeromagazine.mx\/index.php\/wp-json\/wp\/v2\/posts\/114383","targetHints":{"allow":["GET"]}}],"collection":[{"href":"https:\/\/zeromagazine.mx\/index.php\/wp-json\/wp\/v2\/posts"}],"about":[{"href":"https:\/\/zeromagazine.mx\/index.php\/wp-json\/wp\/v2\/types\/post"}],"author":[{"embeddable":true,"href":"https:\/\/zeromagazine.mx\/index.php\/wp-json\/wp\/v2\/users\/2"}],"replies":[{"embeddable":true,"href":"https:\/\/zeromagazine.mx\/index.php\/wp-json\/wp\/v2\/comments?post=114383"}],"version-history":[{"count":3,"href":"https:\/\/zeromagazine.mx\/index.php\/wp-json\/wp\/v2\/posts\/114383\/revisions"}],"predecessor-version":[{"id":114388,"href":"https:\/\/zeromagazine.mx\/index.php\/wp-json\/wp\/v2\/posts\/114383\/revisions\/114388"}],"wp:featuredmedia":[{"embeddable":true,"href":"https:\/\/zeromagazine.mx\/index.php\/wp-json\/wp\/v2\/media\/114384"}],"wp:attachment":[{"href":"https:\/\/zeromagazine.mx\/index.php\/wp-json\/wp\/v2\/media?parent=114383"}],"wp:term":[{"taxonomy":"category","embeddable":true,"href":"https:\/\/zeromagazine.mx\/index.php\/wp-json\/wp\/v2\/categories?post=114383"},{"taxonomy":"post_tag","embeddable":true,"href":"https:\/\/zeromagazine.mx\/index.php\/wp-json\/wp\/v2\/tags?post=114383"}],"curies":[{"name":"wp","href":"https:\/\/api.w.org\/{rel}","templated":true}]}}