{"id":114449,"date":"2026-01-29T19:27:11","date_gmt":"2026-01-30T01:27:11","guid":{"rendered":"https:\/\/zeromagazine.mx\/?p=114449"},"modified":"2026-01-29T19:28:30","modified_gmt":"2026-01-30T01:28:30","slug":"colores-en-tendencia-2026-moda-estilo","status":"publish","type":"post","link":"https:\/\/zeromagazine.mx\/index.php\/2026\/01\/29\/colores-en-tendencia-2026-moda-estilo\/","title":{"rendered":"Colores en tendencia 2026 dominan"},"content":{"rendered":"<p>Si algo nos dej\u00f3 claro el pulso creativo global es que el color ya no es solo una decisi\u00f3n est\u00e9tica: es una declaraci\u00f3n. Los <strong>colores en tendencia 2026<\/strong> llegan con una narrativa mucho m\u00e1s emocional, consciente y personal. No se trata de gritar para llamar la atenci\u00f3n, sino de elegir tonos que comuniquen qui\u00e9n eres, c\u00f3mo te mueves en el mundo y qu\u00e9 energ\u00eda quieres proyectar.<\/p>\n\n\n\n<p>Este a\u00f1o, la paleta se construye desde contrastes inteligentes. Por un lado, hay calma, orden y sofisticaci\u00f3n silenciosa. Por el otro, profundidad, intensidad y ganas de sentir m\u00e1s. El resultado es un equilibrio perfecto entre minimalismo y expresi\u00f3n.<\/p>\n\n\n<figure class=\"alignfull wp-block-post-featured-image\"><img data-recalc-dims=\"1\" decoding=\"async\" width=\"1165\" height=\"335\" src=\"https:\/\/i0.wp.com\/zeromagazine.mx\/wp-content\/uploads\/2026\/01\/Producto.png?resize=1165%2C335&#038;ssl=1\" class=\"attachment-post-thumbnail size-post-thumbnail wp-post-image\" alt=\"\" style=\"object-fit:cover;\" srcset=\"https:\/\/i0.wp.com\/zeromagazine.mx\/wp-content\/uploads\/2026\/01\/Producto.png?w=1474&amp;ssl=1 1474w, https:\/\/i0.wp.com\/zeromagazine.mx\/wp-content\/uploads\/2026\/01\/Producto.png?resize=300%2C86&amp;ssl=1 300w, https:\/\/i0.wp.com\/zeromagazine.mx\/wp-content\/uploads\/2026\/01\/Producto.png?resize=1024%2C295&amp;ssl=1 1024w, https:\/\/i0.wp.com\/zeromagazine.mx\/wp-content\/uploads\/2026\/01\/Producto.png?resize=768%2C221&amp;ssl=1 768w\" sizes=\"(max-width: 1165px) 100vw, 1165px\" \/><\/figure>\n\n\n<h3 class=\"wp-block-heading\"><strong>Colores en tendencia 2026 y la nueva sofisticaci\u00f3n<\/strong><\/h3>\n\n\n\n<p>Los tonos neutros evolucionan. Blancos suaves, hueso, marfil y arenas luminosas regresan con fuerza, pero ya no como fondo aburrido, sino como protagonistas. Estos <strong>colores en tendencia 2026<\/strong> redefinen el lujo desde lo esencial: piezas limpias, siluetas bien pensadas y una est\u00e9tica que se siente fresca sin esfuerzo.<\/p>\n\n\n\n<p>Adem\u00e1s, estos tonos funcionan como una base emocional. Transmiten claridad, pausa y una sensaci\u00f3n de orden que conecta con la necesidad colectiva de simplificar sin perder estilo. Son colores que se sienten bien hoy y que seguir\u00e1n funcionando ma\u00f1ana.<\/p>\n\n\n\n<p>Asimismo, la clave est\u00e1 en c\u00f3mo se usan: total looks monocrom\u00e1ticos, capas sutiles o combinaciones con texturas interesantes elevan estos neutros a otro nivel. Menos ruido visual, m\u00e1s intenci\u00f3n.<\/p>\n\n\n\n<figure class=\"wp-block-gallery alignfull has-nested-images columns-default is-cropped wp-block-gallery-1 is-layout-flex wp-block-gallery-is-layout-flex\">\n<figure class=\"wp-block-image size-large\"><img data-recalc-dims=\"1\" decoding=\"async\" width=\"1024\" height=\"701\" data-id=\"114451\" src=\"https:\/\/i0.wp.com\/zeromagazine.mx\/wp-content\/uploads\/2026\/01\/Blanco-1024x701.png?resize=1024%2C701&#038;ssl=1\" alt=\"\" class=\"wp-image-114451\" srcset=\"https:\/\/i0.wp.com\/zeromagazine.mx\/wp-content\/uploads\/2026\/01\/Blanco.png?resize=1024%2C701&amp;ssl=1 1024w, https:\/\/i0.wp.com\/zeromagazine.mx\/wp-content\/uploads\/2026\/01\/Blanco.png?resize=300%2C205&amp;ssl=1 300w, https:\/\/i0.wp.com\/zeromagazine.mx\/wp-content\/uploads\/2026\/01\/Blanco.png?resize=768%2C526&amp;ssl=1 768w, https:\/\/i0.wp.com\/zeromagazine.mx\/wp-content\/uploads\/2026\/01\/Blanco.png?w=1168&amp;ssl=1 1168w\" sizes=\"(max-width: 1024px) 100vw, 1024px\" \/><\/figure>\n\n\n\n<figure class=\"wp-block-image size-large\"><img data-recalc-dims=\"1\" decoding=\"async\" width=\"1024\" height=\"818\" data-id=\"114452\" src=\"https:\/\/i0.wp.com\/zeromagazine.mx\/wp-content\/uploads\/2026\/01\/Cartera-1024x818.png?resize=1024%2C818&#038;ssl=1\" alt=\"\" class=\"wp-image-114452\" srcset=\"https:\/\/i0.wp.com\/zeromagazine.mx\/wp-content\/uploads\/2026\/01\/Cartera.png?resize=1024%2C818&amp;ssl=1 1024w, https:\/\/i0.wp.com\/zeromagazine.mx\/wp-content\/uploads\/2026\/01\/Cartera.png?resize=300%2C240&amp;ssl=1 300w, https:\/\/i0.wp.com\/zeromagazine.mx\/wp-content\/uploads\/2026\/01\/Cartera.png?resize=768%2C614&amp;ssl=1 768w, https:\/\/i0.wp.com\/zeromagazine.mx\/wp-content\/uploads\/2026\/01\/Cartera.png?w=1044&amp;ssl=1 1044w\" sizes=\"(max-width: 1024px) 100vw, 1024px\" \/><\/figure>\n\n\n\n<figure class=\"wp-block-image size-large\"><img data-recalc-dims=\"1\" decoding=\"async\" width=\"870\" height=\"830\" data-id=\"114453\" src=\"https:\/\/i0.wp.com\/zeromagazine.mx\/wp-content\/uploads\/2026\/01\/Bolsa.png?resize=870%2C830&#038;ssl=1\" alt=\"\" class=\"wp-image-114453\" srcset=\"https:\/\/i0.wp.com\/zeromagazine.mx\/wp-content\/uploads\/2026\/01\/Bolsa.png?w=870&amp;ssl=1 870w, https:\/\/i0.wp.com\/zeromagazine.mx\/wp-content\/uploads\/2026\/01\/Bolsa.png?resize=300%2C286&amp;ssl=1 300w, https:\/\/i0.wp.com\/zeromagazine.mx\/wp-content\/uploads\/2026\/01\/Bolsa.png?resize=768%2C733&amp;ssl=1 768w\" sizes=\"(max-width: 870px) 100vw, 870px\" \/><\/figure>\n<\/figure>\n\n\n\n<h3 class=\"wp-block-heading\"><strong>Colores en tendencia 2026: emoci\u00f3n en tonos profundos<\/strong><\/h3>\n\n\n\n<p>Por otro lado, la paleta se oscurece estrat\u00e9gicamente. Azules fr\u00edos que evocan tecnolog\u00eda serena, verdes naturales con vibra org\u00e1nica, ciruelas intensos y vinos profundos aparecen como respuesta a un deseo de introspecci\u00f3n y autenticidad. Estos <strong>colores en tendencia 2026<\/strong> no buscan agradar a todos, sino conectar de forma honesta.<\/p>\n\n\n\n<p>En pasarelas internacionales, estos tonos se vieron en cortes arquitect\u00f3nicos, prendas estructuradas y dise\u00f1os depurados donde el color habla por s\u00ed solo. El contraste se vuelve el verdadero statement: looks sobrios con acentos inesperados que transforman lo simple en algo memorable.<\/p>\n\n\n\n<p>Adem\u00e1s, los acentos vibrantes \u2014desde verdes energ\u00e9ticos hasta toques el\u00e9ctricos\u2014 irrumpen para recordarnos que el optimismo tambi\u00e9n tiene lugar. Son pinceladas de expresi\u00f3n que rompen la neutralidad y reflejan individualidad.<\/p>\n\n\n\n<p>Finalmente, esta narrativa crom\u00e1tica se traduce en piezas pensadas para durar. Dise\u00f1os donde el color no compite con la forma, sino que la acompa\u00f1a. En propuestas contempor\u00e1neas como las de Michel Domit, los <strong>colores en tendencia 2026<\/strong> se integran con equilibrio, demostrando que la elegancia moderna no es r\u00edgida, sino flexible y consciente.<\/p>\n\n\n\n<p>El 2026 se viste de tonos que comunican sin exagerar. Una paleta que no sigue reglas estrictas, sino emociones reales. Porque hoy, m\u00e1s que nunca, elegir color es elegir c\u00f3mo quieres sentirte.<\/p>\n\n\n\n<div class=\"wp-block-jetpack-slideshow aligncenter\" data-effect=\"slide\" style=\"--aspect-ratio:calc(1024 \/ 924)\"><div class=\"wp-block-jetpack-slideshow_container swiper\"><ul class=\"wp-block-jetpack-slideshow_swiper-wrapper swiper-wrapper\"><li class=\"wp-block-jetpack-slideshow_slide swiper-slide\"><figure><img data-recalc-dims=\"1\" decoding=\"async\" width=\"1024\" height=\"924\" alt=\"\" class=\"wp-block-jetpack-slideshow_image wp-image-114455\" data-id=\"114455\" data-aspect-ratio=\"1024 \/ 924\" src=\"https:\/\/i0.wp.com\/zeromagazine.mx\/wp-content\/uploads\/2026\/01\/Botines-1024x924.png?resize=1024%2C924&#038;ssl=1\" srcset=\"https:\/\/i0.wp.com\/zeromagazine.mx\/wp-content\/uploads\/2026\/01\/Botines.png?resize=1024%2C924&amp;ssl=1 1024w, https:\/\/i0.wp.com\/zeromagazine.mx\/wp-content\/uploads\/2026\/01\/Botines.png?resize=300%2C271&amp;ssl=1 300w, https:\/\/i0.wp.com\/zeromagazine.mx\/wp-content\/uploads\/2026\/01\/Botines.png?resize=768%2C693&amp;ssl=1 768w, https:\/\/i0.wp.com\/zeromagazine.mx\/wp-content\/uploads\/2026\/01\/Botines.png?w=1249&amp;ssl=1 1249w\" sizes=\"(max-width: 1024px) 100vw, 1024px\" \/><\/figure><\/li><li class=\"wp-block-jetpack-slideshow_slide swiper-slide\"><figure><img data-recalc-dims=\"1\" decoding=\"async\" width=\"1024\" height=\"886\" alt=\"\" class=\"wp-block-jetpack-slideshow_image wp-image-114457\" data-id=\"114457\" data-aspect-ratio=\"1024 \/ 886\" src=\"https:\/\/i0.wp.com\/zeromagazine.mx\/wp-content\/uploads\/2026\/01\/Zapatos-hombre-1024x886.png?resize=1024%2C886&#038;ssl=1\" srcset=\"https:\/\/i0.wp.com\/zeromagazine.mx\/wp-content\/uploads\/2026\/01\/Zapatos-hombre.png?resize=1024%2C886&amp;ssl=1 1024w, https:\/\/i0.wp.com\/zeromagazine.mx\/wp-content\/uploads\/2026\/01\/Zapatos-hombre.png?resize=300%2C260&amp;ssl=1 300w, https:\/\/i0.wp.com\/zeromagazine.mx\/wp-content\/uploads\/2026\/01\/Zapatos-hombre.png?resize=768%2C665&amp;ssl=1 768w, https:\/\/i0.wp.com\/zeromagazine.mx\/wp-content\/uploads\/2026\/01\/Zapatos-hombre.png?w=1264&amp;ssl=1 1264w\" sizes=\"(max-width: 1024px) 100vw, 1024px\" \/><\/figure><\/li><li class=\"wp-block-jetpack-slideshow_slide swiper-slide\"><figure><img data-recalc-dims=\"1\" decoding=\"async\" width=\"1024\" height=\"977\" alt=\"\" class=\"wp-block-jetpack-slideshow_image wp-image-114456\" data-id=\"114456\" data-aspect-ratio=\"1024 \/ 977\" src=\"https:\/\/i0.wp.com\/zeromagazine.mx\/wp-content\/uploads\/2026\/01\/tennis-1024x977.png?resize=1024%2C977&#038;ssl=1\" srcset=\"https:\/\/i0.wp.com\/zeromagazine.mx\/wp-content\/uploads\/2026\/01\/tennis.png?resize=1024%2C977&amp;ssl=1 1024w, https:\/\/i0.wp.com\/zeromagazine.mx\/wp-content\/uploads\/2026\/01\/tennis.png?resize=300%2C286&amp;ssl=1 300w, https:\/\/i0.wp.com\/zeromagazine.mx\/wp-content\/uploads\/2026\/01\/tennis.png?resize=768%2C733&amp;ssl=1 768w, https:\/\/i0.wp.com\/zeromagazine.mx\/wp-content\/uploads\/2026\/01\/tennis.png?w=1262&amp;ssl=1 1262w\" sizes=\"(max-width: 1024px) 100vw, 1024px\" \/><\/figure><\/li><li class=\"wp-block-jetpack-slideshow_slide swiper-slide\"><figure><img data-recalc-dims=\"1\" decoding=\"async\" width=\"1024\" height=\"785\" alt=\"\" class=\"wp-block-jetpack-slideshow_image wp-image-114454\" data-id=\"114454\" data-aspect-ratio=\"1024 \/ 785\" src=\"https:\/\/i0.wp.com\/zeromagazine.mx\/wp-content\/uploads\/2026\/01\/ciruela-1024x785.png?resize=1024%2C785&#038;ssl=1\" srcset=\"https:\/\/i0.wp.com\/zeromagazine.mx\/wp-content\/uploads\/2026\/01\/ciruela.png?resize=1024%2C785&amp;ssl=1 1024w, https:\/\/i0.wp.com\/zeromagazine.mx\/wp-content\/uploads\/2026\/01\/ciruela.png?resize=300%2C230&amp;ssl=1 300w, https:\/\/i0.wp.com\/zeromagazine.mx\/wp-content\/uploads\/2026\/01\/ciruela.png?resize=768%2C588&amp;ssl=1 768w, https:\/\/i0.wp.com\/zeromagazine.mx\/wp-content\/uploads\/2026\/01\/ciruela.png?w=1266&amp;ssl=1 1266w\" sizes=\"(max-width: 1024px) 100vw, 1024px\" \/><\/figure><\/li><\/ul><a class=\"wp-block-jetpack-slideshow_button-prev swiper-button-prev swiper-button-white\" role=\"button\"><\/a><a class=\"wp-block-jetpack-slideshow_button-next swiper-button-next swiper-button-white\" role=\"button\"><\/a><a aria-label=\"Pause Slideshow\" class=\"wp-block-jetpack-slideshow_button-pause\" role=\"button\"><\/a><div class=\"wp-block-jetpack-slideshow_pagination swiper-pagination swiper-pagination-white\"><\/div><\/div><\/div>\n\n<!--themify_builder_content-->\n<div id=\"themify_builder_content-114449\" data-postid=\"114449\" class=\"themify_builder_content themify_builder_content-114449 themify_builder tf_clear\">\n    <\/div>\n<!--\/themify_builder_content-->","protected":false},"excerpt":{"rendered":"<p>Si algo nos dej\u00f3 claro el pulso creativo global es que el color ya no es solo una decisi\u00f3n est\u00e9tica: es una declaraci\u00f3n. Los colores en tendencia 2026 llegan con una narrativa mucho m\u00e1s emocional, consciente y personal. No se trata de gritar para llamar la atenci\u00f3n, sino de elegir tonos que comuniquen qui\u00e9n eres, [&hellip;]<\/p>\n","protected":false},"author":2,"featured_media":114450,"comment_status":"open","ping_status":"open","sticky":false,"template":"","format":"standard","meta":{"_jetpack_memberships_contains_paid_content":false,"footnotes":"","jetpack_publicize_message":"","jetpack_publicize_feature_enabled":true,"jetpack_social_post_already_shared":true,"jetpack_social_options":{"image_generator_settings":{"template":"highway","default_image_id":0,"font":"","enabled":false},"version":2}},"categories":[67],"tags":[],"class_list":["post-114449","post","type-post","status-publish","format-standard","has-post-thumbnail","hentry","category-moda","has-post-title","has-post-date","has-post-category","has-post-tag","has-post-comment","has-post-author",""],"yoast_head":"<!-- This site is optimized with the Yoast SEO plugin v27.5 - https:\/\/yoast.com\/product\/yoast-seo-wordpress\/ -->\n<title>Colores en tendencia 2026 dominan - Zero Magazine<\/title>\n<meta name=\"description\" content=\"Descubre los colores en tendencia 2026: neutros sofisticados, tonos profundos y acentos vibrantes que definen la nueva elegancia.\" \/>\n<meta name=\"robots\" content=\"index, follow, max-snippet:-1, max-image-preview:large, max-video-preview:-1\" \/>\n<link rel=\"canonical\" href=\"https:\/\/zeromagazine.mx\/index.php\/2026\/01\/29\/colores-en-tendencia-2026-moda-estilo\/\" \/>\n<meta property=\"og:locale\" content=\"es_ES\" \/>\n<meta property=\"og:type\" content=\"article\" \/>\n<meta property=\"og:title\" content=\"Colores en tendencia 2026 dominan - Zero Magazine\" \/>\n<meta property=\"og:description\" content=\"Descubre los colores en tendencia 2026: neutros sofisticados, tonos profundos y acentos vibrantes que definen la nueva elegancia.\" \/>\n<meta property=\"og:url\" content=\"https:\/\/zeromagazine.mx\/index.php\/2026\/01\/29\/colores-en-tendencia-2026-moda-estilo\/\" \/>\n<meta property=\"og:site_name\" content=\"Zero Magazine\" \/>\n<meta property=\"article:published_time\" content=\"2026-01-30T01:27:11+00:00\" \/>\n<meta property=\"article:modified_time\" content=\"2026-01-30T01:28:30+00:00\" \/>\n<meta property=\"og:image\" content=\"http:\/\/zeromagazine.mx\/wp-content\/uploads\/2026\/01\/Producto.png\" \/>\n\t<meta property=\"og:image:width\" content=\"1474\" \/>\n\t<meta property=\"og:image:height\" content=\"424\" \/>\n\t<meta property=\"og:image:type\" content=\"image\/png\" \/>\n<meta name=\"author\" content=\"zeromagazinemx\" \/>\n<meta name=\"twitter:card\" content=\"summary_large_image\" \/>\n<meta name=\"twitter:label1\" content=\"Escrito por\" \/>\n\t<meta name=\"twitter:data1\" content=\"zeromagazinemx\" \/>\n\t<meta name=\"twitter:label2\" content=\"Tiempo de lectura\" \/>\n\t<meta name=\"twitter:data2\" content=\"4 minutos\" \/>\n<script type=\"application\/ld+json\" class=\"yoast-schema-graph\">{\"@context\":\"https:\\\/\\\/schema.org\",\"@graph\":[{\"@type\":\"Article\",\"@id\":\"https:\\\/\\\/zeromagazine.mx\\\/index.php\\\/2026\\\/01\\\/29\\\/colores-en-tendencia-2026-moda-estilo\\\/#article\",\"isPartOf\":{\"@id\":\"https:\\\/\\\/zeromagazine.mx\\\/index.php\\\/2026\\\/01\\\/29\\\/colores-en-tendencia-2026-moda-estilo\\\/\"},\"author\":{\"name\":\"zeromagazinemx\",\"@id\":\"https:\\\/\\\/zeromagazine.mx\\\/#\\\/schema\\\/person\\\/9aed9f33a7c39af3a348b86d723f7773\"},\"headline\":\"Colores en tendencia 2026 dominan\",\"datePublished\":\"2026-01-30T01:27:11+00:00\",\"dateModified\":\"2026-01-30T01:28:30+00:00\",\"mainEntityOfPage\":{\"@id\":\"https:\\\/\\\/zeromagazine.mx\\\/index.php\\\/2026\\\/01\\\/29\\\/colores-en-tendencia-2026-moda-estilo\\\/\"},\"wordCount\":480,\"commentCount\":0,\"publisher\":{\"@id\":\"https:\\\/\\\/zeromagazine.mx\\\/#organization\"},\"image\":{\"@id\":\"https:\\\/\\\/zeromagazine.mx\\\/index.php\\\/2026\\\/01\\\/29\\\/colores-en-tendencia-2026-moda-estilo\\\/#primaryimage\"},\"thumbnailUrl\":\"https:\\\/\\\/i0.wp.com\\\/zeromagazine.mx\\\/wp-content\\\/uploads\\\/2026\\\/01\\\/Producto.png?fit=1474%2C424&ssl=1\",\"articleSection\":[\"Moda\"],\"inLanguage\":\"es\",\"potentialAction\":[{\"@type\":\"CommentAction\",\"name\":\"Comment\",\"target\":[\"https:\\\/\\\/zeromagazine.mx\\\/index.php\\\/2026\\\/01\\\/29\\\/colores-en-tendencia-2026-moda-estilo\\\/#respond\"]}]},{\"@type\":\"WebPage\",\"@id\":\"https:\\\/\\\/zeromagazine.mx\\\/index.php\\\/2026\\\/01\\\/29\\\/colores-en-tendencia-2026-moda-estilo\\\/\",\"url\":\"https:\\\/\\\/zeromagazine.mx\\\/index.php\\\/2026\\\/01\\\/29\\\/colores-en-tendencia-2026-moda-estilo\\\/\",\"name\":\"Colores en tendencia 2026 dominan - Zero Magazine\",\"isPartOf\":{\"@id\":\"https:\\\/\\\/zeromagazine.mx\\\/#website\"},\"primaryImageOfPage\":{\"@id\":\"https:\\\/\\\/zeromagazine.mx\\\/index.php\\\/2026\\\/01\\\/29\\\/colores-en-tendencia-2026-moda-estilo\\\/#primaryimage\"},\"image\":{\"@id\":\"https:\\\/\\\/zeromagazine.mx\\\/index.php\\\/2026\\\/01\\\/29\\\/colores-en-tendencia-2026-moda-estilo\\\/#primaryimage\"},\"thumbnailUrl\":\"https:\\\/\\\/i0.wp.com\\\/zeromagazine.mx\\\/wp-content\\\/uploads\\\/2026\\\/01\\\/Producto.png?fit=1474%2C424&ssl=1\",\"datePublished\":\"2026-01-30T01:27:11+00:00\",\"dateModified\":\"2026-01-30T01:28:30+00:00\",\"description\":\"Descubre los colores en tendencia 2026: neutros sofisticados, tonos profundos y acentos vibrantes que definen la nueva elegancia.\",\"breadcrumb\":{\"@id\":\"https:\\\/\\\/zeromagazine.mx\\\/index.php\\\/2026\\\/01\\\/29\\\/colores-en-tendencia-2026-moda-estilo\\\/#breadcrumb\"},\"inLanguage\":\"es\",\"potentialAction\":[{\"@type\":\"ReadAction\",\"target\":[\"https:\\\/\\\/zeromagazine.mx\\\/index.php\\\/2026\\\/01\\\/29\\\/colores-en-tendencia-2026-moda-estilo\\\/\"]}]},{\"@type\":\"ImageObject\",\"inLanguage\":\"es\",\"@id\":\"https:\\\/\\\/zeromagazine.mx\\\/index.php\\\/2026\\\/01\\\/29\\\/colores-en-tendencia-2026-moda-estilo\\\/#primaryimage\",\"url\":\"https:\\\/\\\/i0.wp.com\\\/zeromagazine.mx\\\/wp-content\\\/uploads\\\/2026\\\/01\\\/Producto.png?fit=1474%2C424&ssl=1\",\"contentUrl\":\"https:\\\/\\\/i0.wp.com\\\/zeromagazine.mx\\\/wp-content\\\/uploads\\\/2026\\\/01\\\/Producto.png?fit=1474%2C424&ssl=1\",\"width\":1474,\"height\":424},{\"@type\":\"BreadcrumbList\",\"@id\":\"https:\\\/\\\/zeromagazine.mx\\\/index.php\\\/2026\\\/01\\\/29\\\/colores-en-tendencia-2026-moda-estilo\\\/#breadcrumb\",\"itemListElement\":[{\"@type\":\"ListItem\",\"position\":1,\"name\":\"Portada\",\"item\":\"https:\\\/\\\/zeromagazine.mx\\\/\"},{\"@type\":\"ListItem\",\"position\":2,\"name\":\"Colores en tendencia 2026 dominan\"}]},{\"@type\":\"WebSite\",\"@id\":\"https:\\\/\\\/zeromagazine.mx\\\/#website\",\"url\":\"https:\\\/\\\/zeromagazine.mx\\\/\",\"name\":\"Zero Magazine\",\"description\":\"\",\"publisher\":{\"@id\":\"https:\\\/\\\/zeromagazine.mx\\\/#organization\"},\"potentialAction\":[{\"@type\":\"SearchAction\",\"target\":{\"@type\":\"EntryPoint\",\"urlTemplate\":\"https:\\\/\\\/zeromagazine.mx\\\/?s={search_term_string}\"},\"query-input\":{\"@type\":\"PropertyValueSpecification\",\"valueRequired\":true,\"valueName\":\"search_term_string\"}}],\"inLanguage\":\"es\"},{\"@type\":\"Organization\",\"@id\":\"https:\\\/\\\/zeromagazine.mx\\\/#organization\",\"name\":\"Zero Magazine\",\"url\":\"https:\\\/\\\/zeromagazine.mx\\\/\",\"logo\":{\"@type\":\"ImageObject\",\"inLanguage\":\"es\",\"@id\":\"https:\\\/\\\/zeromagazine.mx\\\/#\\\/schema\\\/logo\\\/image\\\/\",\"url\":\"https:\\\/\\\/i0.wp.com\\\/zeromagazine.mx\\\/wp-content\\\/uploads\\\/2025\\\/11\\\/1.jpeg?fit=1000%2C1000&ssl=1\",\"contentUrl\":\"https:\\\/\\\/i0.wp.com\\\/zeromagazine.mx\\\/wp-content\\\/uploads\\\/2025\\\/11\\\/1.jpeg?fit=1000%2C1000&ssl=1\",\"width\":1000,\"height\":1000,\"caption\":\"Zero Magazine\"},\"image\":{\"@id\":\"https:\\\/\\\/zeromagazine.mx\\\/#\\\/schema\\\/logo\\\/image\\\/\"},\"sameAs\":[\"https:\\\/\\\/instagram.com\\\/zeromagazinemx\"]},{\"@type\":\"Person\",\"@id\":\"https:\\\/\\\/zeromagazine.mx\\\/#\\\/schema\\\/person\\\/9aed9f33a7c39af3a348b86d723f7773\",\"name\":\"zeromagazinemx\",\"image\":{\"@type\":\"ImageObject\",\"inLanguage\":\"es\",\"@id\":\"https:\\\/\\\/zeromagazine.mx\\\/wp-content\\\/litespeed\\\/avatar\\\/f91dfe5410d5dcb1a576bf8c45983896.jpg?ver=1777571230\",\"url\":\"https:\\\/\\\/zeromagazine.mx\\\/wp-content\\\/litespeed\\\/avatar\\\/f91dfe5410d5dcb1a576bf8c45983896.jpg?ver=1777571230\",\"contentUrl\":\"https:\\\/\\\/zeromagazine.mx\\\/wp-content\\\/litespeed\\\/avatar\\\/f91dfe5410d5dcb1a576bf8c45983896.jpg?ver=1777571230\",\"caption\":\"zeromagazinemx\"},\"url\":\"https:\\\/\\\/zeromagazine.mx\\\/index.php\\\/author\\\/zeromagazinemx\\\/\"}]}<\/script>\n<!-- \/ Yoast SEO plugin. -->","yoast_head_json":{"title":"Colores en tendencia 2026 dominan - Zero Magazine","description":"Descubre los colores en tendencia 2026: neutros sofisticados, tonos profundos y acentos vibrantes que definen la nueva elegancia.","robots":{"index":"index","follow":"follow","max-snippet":"max-snippet:-1","max-image-preview":"max-image-preview:large","max-video-preview":"max-video-preview:-1"},"canonical":"https:\/\/zeromagazine.mx\/index.php\/2026\/01\/29\/colores-en-tendencia-2026-moda-estilo\/","og_locale":"es_ES","og_type":"article","og_title":"Colores en tendencia 2026 dominan - Zero Magazine","og_description":"Descubre los colores en tendencia 2026: neutros sofisticados, tonos profundos y acentos vibrantes que definen la nueva elegancia.","og_url":"https:\/\/zeromagazine.mx\/index.php\/2026\/01\/29\/colores-en-tendencia-2026-moda-estilo\/","og_site_name":"Zero Magazine","article_published_time":"2026-01-30T01:27:11+00:00","article_modified_time":"2026-01-30T01:28:30+00:00","og_image":[{"width":1474,"height":424,"url":"http:\/\/zeromagazine.mx\/wp-content\/uploads\/2026\/01\/Producto.png","type":"image\/png"}],"author":"zeromagazinemx","twitter_card":"summary_large_image","twitter_misc":{"Escrito por":"zeromagazinemx","Tiempo de lectura":"4 minutos"},"schema":{"@context":"https:\/\/schema.org","@graph":[{"@type":"Article","@id":"https:\/\/zeromagazine.mx\/index.php\/2026\/01\/29\/colores-en-tendencia-2026-moda-estilo\/#article","isPartOf":{"@id":"https:\/\/zeromagazine.mx\/index.php\/2026\/01\/29\/colores-en-tendencia-2026-moda-estilo\/"},"author":{"name":"zeromagazinemx","@id":"https:\/\/zeromagazine.mx\/#\/schema\/person\/9aed9f33a7c39af3a348b86d723f7773"},"headline":"Colores en tendencia 2026 dominan","datePublished":"2026-01-30T01:27:11+00:00","dateModified":"2026-01-30T01:28:30+00:00","mainEntityOfPage":{"@id":"https:\/\/zeromagazine.mx\/index.php\/2026\/01\/29\/colores-en-tendencia-2026-moda-estilo\/"},"wordCount":480,"commentCount":0,"publisher":{"@id":"https:\/\/zeromagazine.mx\/#organization"},"image":{"@id":"https:\/\/zeromagazine.mx\/index.php\/2026\/01\/29\/colores-en-tendencia-2026-moda-estilo\/#primaryimage"},"thumbnailUrl":"https:\/\/i0.wp.com\/zeromagazine.mx\/wp-content\/uploads\/2026\/01\/Producto.png?fit=1474%2C424&ssl=1","articleSection":["Moda"],"inLanguage":"es","potentialAction":[{"@type":"CommentAction","name":"Comment","target":["https:\/\/zeromagazine.mx\/index.php\/2026\/01\/29\/colores-en-tendencia-2026-moda-estilo\/#respond"]}]},{"@type":"WebPage","@id":"https:\/\/zeromagazine.mx\/index.php\/2026\/01\/29\/colores-en-tendencia-2026-moda-estilo\/","url":"https:\/\/zeromagazine.mx\/index.php\/2026\/01\/29\/colores-en-tendencia-2026-moda-estilo\/","name":"Colores en tendencia 2026 dominan - Zero Magazine","isPartOf":{"@id":"https:\/\/zeromagazine.mx\/#website"},"primaryImageOfPage":{"@id":"https:\/\/zeromagazine.mx\/index.php\/2026\/01\/29\/colores-en-tendencia-2026-moda-estilo\/#primaryimage"},"image":{"@id":"https:\/\/zeromagazine.mx\/index.php\/2026\/01\/29\/colores-en-tendencia-2026-moda-estilo\/#primaryimage"},"thumbnailUrl":"https:\/\/i0.wp.com\/zeromagazine.mx\/wp-content\/uploads\/2026\/01\/Producto.png?fit=1474%2C424&ssl=1","datePublished":"2026-01-30T01:27:11+00:00","dateModified":"2026-01-30T01:28:30+00:00","description":"Descubre los colores en tendencia 2026: neutros sofisticados, tonos profundos y acentos vibrantes que definen la nueva elegancia.","breadcrumb":{"@id":"https:\/\/zeromagazine.mx\/index.php\/2026\/01\/29\/colores-en-tendencia-2026-moda-estilo\/#breadcrumb"},"inLanguage":"es","potentialAction":[{"@type":"ReadAction","target":["https:\/\/zeromagazine.mx\/index.php\/2026\/01\/29\/colores-en-tendencia-2026-moda-estilo\/"]}]},{"@type":"ImageObject","inLanguage":"es","@id":"https:\/\/zeromagazine.mx\/index.php\/2026\/01\/29\/colores-en-tendencia-2026-moda-estilo\/#primaryimage","url":"https:\/\/i0.wp.com\/zeromagazine.mx\/wp-content\/uploads\/2026\/01\/Producto.png?fit=1474%2C424&ssl=1","contentUrl":"https:\/\/i0.wp.com\/zeromagazine.mx\/wp-content\/uploads\/2026\/01\/Producto.png?fit=1474%2C424&ssl=1","width":1474,"height":424},{"@type":"BreadcrumbList","@id":"https:\/\/zeromagazine.mx\/index.php\/2026\/01\/29\/colores-en-tendencia-2026-moda-estilo\/#breadcrumb","itemListElement":[{"@type":"ListItem","position":1,"name":"Portada","item":"https:\/\/zeromagazine.mx\/"},{"@type":"ListItem","position":2,"name":"Colores en tendencia 2026 dominan"}]},{"@type":"WebSite","@id":"https:\/\/zeromagazine.mx\/#website","url":"https:\/\/zeromagazine.mx\/","name":"Zero Magazine","description":"","publisher":{"@id":"https:\/\/zeromagazine.mx\/#organization"},"potentialAction":[{"@type":"SearchAction","target":{"@type":"EntryPoint","urlTemplate":"https:\/\/zeromagazine.mx\/?s={search_term_string}"},"query-input":{"@type":"PropertyValueSpecification","valueRequired":true,"valueName":"search_term_string"}}],"inLanguage":"es"},{"@type":"Organization","@id":"https:\/\/zeromagazine.mx\/#organization","name":"Zero Magazine","url":"https:\/\/zeromagazine.mx\/","logo":{"@type":"ImageObject","inLanguage":"es","@id":"https:\/\/zeromagazine.mx\/#\/schema\/logo\/image\/","url":"https:\/\/i0.wp.com\/zeromagazine.mx\/wp-content\/uploads\/2025\/11\/1.jpeg?fit=1000%2C1000&ssl=1","contentUrl":"https:\/\/i0.wp.com\/zeromagazine.mx\/wp-content\/uploads\/2025\/11\/1.jpeg?fit=1000%2C1000&ssl=1","width":1000,"height":1000,"caption":"Zero Magazine"},"image":{"@id":"https:\/\/zeromagazine.mx\/#\/schema\/logo\/image\/"},"sameAs":["https:\/\/instagram.com\/zeromagazinemx"]},{"@type":"Person","@id":"https:\/\/zeromagazine.mx\/#\/schema\/person\/9aed9f33a7c39af3a348b86d723f7773","name":"zeromagazinemx","image":{"@type":"ImageObject","inLanguage":"es","@id":"https:\/\/zeromagazine.mx\/wp-content\/litespeed\/avatar\/f91dfe5410d5dcb1a576bf8c45983896.jpg?ver=1777571230","url":"https:\/\/zeromagazine.mx\/wp-content\/litespeed\/avatar\/f91dfe5410d5dcb1a576bf8c45983896.jpg?ver=1777571230","contentUrl":"https:\/\/zeromagazine.mx\/wp-content\/litespeed\/avatar\/f91dfe5410d5dcb1a576bf8c45983896.jpg?ver=1777571230","caption":"zeromagazinemx"},"url":"https:\/\/zeromagazine.mx\/index.php\/author\/zeromagazinemx\/"}]}},"jetpack_publicize_connections":[],"jetpack_featured_media_url":"https:\/\/i0.wp.com\/zeromagazine.mx\/wp-content\/uploads\/2026\/01\/Producto.png?fit=1474%2C424&ssl=1","jetpack-related-posts":[{"id":118893,"url":"https:\/\/zeromagazine.mx\/index.php\/2026\/04\/18\/leather-verano-tendencia-cos-2026\/","url_meta":{"origin":114449,"position":0},"title":"Leather verano reinventa tu estilo","author":"Luis Trujano","date":"18 de abril de 2026","format":false,"excerpt":"El verano acaba de cambiar de reglas, y s\u00ed, el leather verano es el plot twist que nadie vio venir pero que ya estamos abrazando fuerte. Cuando pens\u00e1bamos que los meses de calor eran territorio exclusivo del lino y el algod\u00f3n, llega COS para recordarnos que la moda siempre encuentra\u2026","rel":"","context":"En \u00abModa\u00bb","block_context":{"text":"Moda","link":"https:\/\/zeromagazine.mx\/index.php\/category\/moda\/"},"img":{"alt_text":"","src":"https:\/\/i0.wp.com\/zeromagazine.mx\/wp-content\/uploads\/2026\/04\/IMG_6702.jpeg?fit=768%2C1152&ssl=1&resize=350%2C200","width":350,"height":200,"srcset":"https:\/\/i0.wp.com\/zeromagazine.mx\/wp-content\/uploads\/2026\/04\/IMG_6702.jpeg?fit=768%2C1152&ssl=1&resize=350%2C200 1x, https:\/\/i0.wp.com\/zeromagazine.mx\/wp-content\/uploads\/2026\/04\/IMG_6702.jpeg?fit=768%2C1152&ssl=1&resize=525%2C300 1.5x, https:\/\/i0.wp.com\/zeromagazine.mx\/wp-content\/uploads\/2026\/04\/IMG_6702.jpeg?fit=768%2C1152&ssl=1&resize=700%2C400 2x"},"classes":[]},{"id":111451,"url":"https:\/\/zeromagazine.mx\/index.php\/2025\/12\/03\/tendencias-holiday-american-eagle-2025\/","url_meta":{"origin":114449,"position":1},"title":"Tendencias Holiday: looks que s\u00ed brillan","author":"Luis Trujano","date":"3 de diciembre de 2025","format":false,"excerpt":"La temporada de Holiday ya est\u00e1 aqu\u00ed y con ella todos esos planes que se arman sin avisar: cenas, intercambios, fiestas, fotos familiares y hasta escapaditas improvisadas. Pero tranquila, American Eagle trae justo las piezas que necesitas para armar outfits que se sienten c\u00e1lidos, aesthetic y con actitud sin tener\u2026","rel":"","context":"En \u00abModa\u00bb","block_context":{"text":"Moda","link":"https:\/\/zeromagazine.mx\/index.php\/category\/moda\/"},"img":{"alt_text":"","src":"https:\/\/i0.wp.com\/zeromagazine.mx\/wp-content\/uploads\/2025\/12\/IMG_6112.jpeg?fit=480%2C615&ssl=1&resize=350%2C200","width":350,"height":200},"classes":[]},{"id":74606,"url":"https:\/\/zeromagazine.mx\/index.php\/2024\/04\/23\/sfera-ss-2024-universos-de-estilo\/","url_meta":{"origin":114449,"position":2},"title":"Sfera SS 2024: Universos de Estilo","author":"zeromagazinemx","date":"23 de abril de 2024","format":false,"excerpt":"Si est\u00e1s buscando una dosis de magia y estilo para esta temporada de calor, entonces prep\u00e1rate para sumergirte en el universo encantado de la colecci\u00f3n Primavera-Verano 2024 de Sfera. Esta marca nos lleva en un viaje a trav\u00e9s de seis tendencias que van a hacer que los meses m\u00e1s c\u00e1lidos\u2026","rel":"","context":"En \u00abModa\u00bb","block_context":{"text":"Moda","link":"https:\/\/zeromagazine.mx\/index.php\/category\/moda\/"},"img":{"alt_text":"","src":"https:\/\/i0.wp.com\/zeromagazine.mx\/wp-content\/uploads\/2024\/04\/SFERA36.jpg?fit=1200%2C825&ssl=1&resize=350%2C200","width":350,"height":200,"srcset":"https:\/\/i0.wp.com\/zeromagazine.mx\/wp-content\/uploads\/2024\/04\/SFERA36.jpg?fit=1200%2C825&ssl=1&resize=350%2C200 1x, https:\/\/i0.wp.com\/zeromagazine.mx\/wp-content\/uploads\/2024\/04\/SFERA36.jpg?fit=1200%2C825&ssl=1&resize=525%2C300 1.5x, https:\/\/i0.wp.com\/zeromagazine.mx\/wp-content\/uploads\/2024\/04\/SFERA36.jpg?fit=1200%2C825&ssl=1&resize=700%2C400 2x, https:\/\/i0.wp.com\/zeromagazine.mx\/wp-content\/uploads\/2024\/04\/SFERA36.jpg?fit=1200%2C825&ssl=1&resize=1050%2C600 3x"},"classes":[]},{"id":113827,"url":"https:\/\/zeromagazine.mx\/index.php\/2026\/01\/21\/color-en-el-hogar-sherwin-williams\/","url_meta":{"origin":114449,"position":3},"title":"El color como refugio la nueva mirada de Sherwin-Williams sobre el hogar.","author":"David Morales","date":"21 de enero de 2026","format":false,"excerpt":"Hoy m\u00e1s que nunca, el hogar dej\u00f3 de ser solo el lugar donde dormimos. Se volvi\u00f3 oficina, punto de encuentro, zona segura y espacio para recargar energ\u00eda. En este contexto,\u00a0el color en el hogar\u00a0toma un nuevo rol: ya no es solo decoraci\u00f3n, es una herramienta emocional. Esa es la nueva\u2026","rel":"","context":"En \u00abBlog\u00bb","block_context":{"text":"Blog","link":"https:\/\/zeromagazine.mx\/index.php\/category\/blog\/"},"img":{"alt_text":"","src":"https:\/\/i0.wp.com\/zeromagazine.mx\/wp-content\/uploads\/2026\/01\/IMG_1047.png?fit=970%2C1200&ssl=1&resize=350%2C200","width":350,"height":200,"srcset":"https:\/\/i0.wp.com\/zeromagazine.mx\/wp-content\/uploads\/2026\/01\/IMG_1047.png?fit=970%2C1200&ssl=1&resize=350%2C200 1x, https:\/\/i0.wp.com\/zeromagazine.mx\/wp-content\/uploads\/2026\/01\/IMG_1047.png?fit=970%2C1200&ssl=1&resize=525%2C300 1.5x, https:\/\/i0.wp.com\/zeromagazine.mx\/wp-content\/uploads\/2026\/01\/IMG_1047.png?fit=970%2C1200&ssl=1&resize=700%2C400 2x"},"classes":[]},{"id":109192,"url":"https:\/\/zeromagazine.mx\/index.php\/2025\/10\/08\/latte-dressing-conquista-el-otono\/","url_meta":{"origin":114449,"position":4},"title":"Latte Dressing conquista el oto\u00f1o","author":"zeromagazinemx","date":"8 de octubre de 2025","format":false,"excerpt":"Si cre\u00edas que los tonos neutros eran aburridos, prep\u00e1rate para enamorarte del Latte Dressing. Este estilo \u2014que parece salido de tu caf\u00e9 favorito\u2014 es la tendencia que est\u00e1 redefiniendo la est\u00e9tica oto\u00f1al. Y ahora, la marca sueca Gaston Luga le da un twist elegante con su nueva colecci\u00f3n c\u00e1psula de\u2026","rel":"","context":"En \u00abModa\u00bb","block_context":{"text":"Moda","link":"https:\/\/zeromagazine.mx\/index.php\/category\/moda\/"},"img":{"alt_text":"","src":"https:\/\/i0.wp.com\/zeromagazine.mx\/wp-content\/uploads\/2025\/10\/IMG_5493.png?fit=1200%2C796&ssl=1&resize=350%2C200","width":350,"height":200,"srcset":"https:\/\/i0.wp.com\/zeromagazine.mx\/wp-content\/uploads\/2025\/10\/IMG_5493.png?fit=1200%2C796&ssl=1&resize=350%2C200 1x, https:\/\/i0.wp.com\/zeromagazine.mx\/wp-content\/uploads\/2025\/10\/IMG_5493.png?fit=1200%2C796&ssl=1&resize=525%2C300 1.5x, https:\/\/i0.wp.com\/zeromagazine.mx\/wp-content\/uploads\/2025\/10\/IMG_5493.png?fit=1200%2C796&ssl=1&resize=700%2C400 2x, https:\/\/i0.wp.com\/zeromagazine.mx\/wp-content\/uploads\/2025\/10\/IMG_5493.png?fit=1200%2C796&ssl=1&resize=1050%2C600 3x"},"classes":[]},{"id":72735,"url":"https:\/\/zeromagazine.mx\/index.php\/2024\/03\/28\/primavera-con-estilo-kurt-geiger-te-invita-al-color\/","url_meta":{"origin":114449,"position":5},"title":"Primavera con estilo: Kurt Geiger te invita al color","author":"zeromagazinemx","date":"28 de marzo de 2024","format":false,"excerpt":"Kurt Geiger London ha lanzado su \u00faltima colecci\u00f3n y est\u00e1 simplemente espectacular. As\u00ed que prep\u00e1rate para sumergirte en un mundo de moda y tendencias que no querr\u00e1s perderte. Tranquilic\u00e9monos un momento para apreciar la inspiraci\u00f3n detr\u00e1s de esta colecci\u00f3n. Los tonos pastel, suaves como los d\u00edas soleados en la playa,\u2026","rel":"","context":"En \u00abBlog\u00bb","block_context":{"text":"Blog","link":"https:\/\/zeromagazine.mx\/index.php\/category\/blog\/"},"img":{"alt_text":"","src":"https:\/\/i0.wp.com\/zeromagazine.mx\/wp-content\/uploads\/2024\/03\/Captura-de-pantalla-541.png?fit=702%2C546&ssl=1&resize=350%2C200","width":350,"height":200,"srcset":"https:\/\/i0.wp.com\/zeromagazine.mx\/wp-content\/uploads\/2024\/03\/Captura-de-pantalla-541.png?fit=702%2C546&ssl=1&resize=350%2C200 1x, https:\/\/i0.wp.com\/zeromagazine.mx\/wp-content\/uploads\/2024\/03\/Captura-de-pantalla-541.png?fit=702%2C546&ssl=1&resize=525%2C300 1.5x, https:\/\/i0.wp.com\/zeromagazine.mx\/wp-content\/uploads\/2024\/03\/Captura-de-pantalla-541.png?fit=702%2C546&ssl=1&resize=700%2C400 2x"},"classes":[]}],"jetpack_sharing_enabled":true,"builder_content":"","_links":{"self":[{"href":"https:\/\/zeromagazine.mx\/index.php\/wp-json\/wp\/v2\/posts\/114449","targetHints":{"allow":["GET"]}}],"collection":[{"href":"https:\/\/zeromagazine.mx\/index.php\/wp-json\/wp\/v2\/posts"}],"about":[{"href":"https:\/\/zeromagazine.mx\/index.php\/wp-json\/wp\/v2\/types\/post"}],"author":[{"embeddable":true,"href":"https:\/\/zeromagazine.mx\/index.php\/wp-json\/wp\/v2\/users\/2"}],"replies":[{"embeddable":true,"href":"https:\/\/zeromagazine.mx\/index.php\/wp-json\/wp\/v2\/comments?post=114449"}],"version-history":[{"count":1,"href":"https:\/\/zeromagazine.mx\/index.php\/wp-json\/wp\/v2\/posts\/114449\/revisions"}],"predecessor-version":[{"id":114458,"href":"https:\/\/zeromagazine.mx\/index.php\/wp-json\/wp\/v2\/posts\/114449\/revisions\/114458"}],"wp:featuredmedia":[{"embeddable":true,"href":"https:\/\/zeromagazine.mx\/index.php\/wp-json\/wp\/v2\/media\/114450"}],"wp:attachment":[{"href":"https:\/\/zeromagazine.mx\/index.php\/wp-json\/wp\/v2\/media?parent=114449"}],"wp:term":[{"taxonomy":"category","embeddable":true,"href":"https:\/\/zeromagazine.mx\/index.php\/wp-json\/wp\/v2\/categories?post=114449"},{"taxonomy":"post_tag","embeddable":true,"href":"https:\/\/zeromagazine.mx\/index.php\/wp-json\/wp\/v2\/tags?post=114449"}],"curies":[{"name":"wp","href":"https:\/\/api.w.org\/{rel}","templated":true}]}}