{"id":114477,"date":"2026-01-29T23:33:22","date_gmt":"2026-01-30T05:33:22","guid":{"rendered":"https:\/\/zeromagazine.mx\/?p=114477"},"modified":"2026-01-29T23:33:23","modified_gmt":"2026-01-30T05:33:23","slug":"don-julio-1942-ano-caballo","status":"publish","type":"post","link":"https:\/\/zeromagazine.mx\/index.php\/2026\/01\/29\/don-julio-1942-ano-caballo\/","title":{"rendered":"Don Julio 1942 presenta: A\u00f1o del Caballo"},"content":{"rendered":"<!--themify_builder_content-->\n<div id=\"themify_builder_content-114477\" data-postid=\"114477\" class=\"themify_builder_content themify_builder_content-114477 themify_builder tf_clear\">\n    <\/div>\n<!--\/themify_builder_content-->\n\n\n<p>El inicio del A\u00f1o Nuevo Lunar siempre llega cargado de simbolismo, energ\u00eda y ganas de empezar de nuevo. Este 2026,&nbsp;<strong>Don Julio 1942<\/strong>&nbsp;se suma a esa vibra con el lanzamiento de su edici\u00f3n limitada&nbsp;<strong>A\u00f1o del Caballo<\/strong>, una propuesta que mezcla tradici\u00f3n, dise\u00f1o y lujo contempor\u00e1neo de una forma que se siente aut\u00e9ntica, poderosa y muy en sinton\u00eda con el momento actual.<\/p>\n\n\n\n<p>Inspirada tanto en el zodiaco chino como en la historia de la marca \u2014fundada en 1942, tambi\u00e9n A\u00f1o del Caballo\u2014, esta edici\u00f3n especial conecta dos culturas a trav\u00e9s de un mismo mensaje: avanzar con determinaci\u00f3n, celebrar el legado y mirar al futuro sin miedo.<\/p>\n\n\n\n<p><strong>Primero<\/strong>, hay que hablar del dise\u00f1o. La botella de Don Julio 1942 A\u00f1o del Caballo destaca por integrar el patr\u00f3n mexicano ikat rebozo con la simbolog\u00eda del caballo, creando una pieza visualmente impactante que va m\u00e1s all\u00e1 de lo decorativo. Cada detalle refleja movimiento, fuerza y libertad, valores profundamente ligados a este signo zodiacal y al ADN de la marca.<\/p>\n\n\n\n<h3 class=\"wp-block-heading\"><strong>Don Julio 1942<\/strong>&nbsp;y el poder del legado cultural<\/h3>\n\n\n\n<p>M\u00e1s que una edici\u00f3n conmemorativa, Don Julio 1942 A\u00f1o del Caballo es una declaraci\u00f3n cultural. La marca reuni\u00f3 a figuras como el actor Ross Butler y el dise\u00f1ador Max Siegelman, fundador de Siegelman Stable, quienes representan esa energ\u00eda audaz y sin ataduras que define tanto al caballo como a una nueva forma de entender el lujo: menos r\u00edgida, m\u00e1s expresiva.<\/p>\n\n\n\n<figure class=\"wp-block-gallery has-nested-images columns-default is-cropped wp-block-gallery-1 is-layout-flex wp-block-gallery-is-layout-flex\">\n<figure class=\"wp-block-image size-large\"><img data-recalc-dims=\"1\" decoding=\"async\" width=\"1024\" height=\"1024\" data-id=\"114479\" src=\"https:\/\/i0.wp.com\/zeromagazine.mx\/wp-content\/uploads\/2026\/01\/IMG_1235-1024x1024.jpeg?resize=1024%2C1024&#038;ssl=1\" alt=\"\" class=\"wp-image-114479\" srcset=\"https:\/\/i0.wp.com\/zeromagazine.mx\/wp-content\/uploads\/2026\/01\/IMG_1235.jpeg?resize=1024%2C1024&amp;ssl=1 1024w, https:\/\/i0.wp.com\/zeromagazine.mx\/wp-content\/uploads\/2026\/01\/IMG_1235.jpeg?resize=300%2C300&amp;ssl=1 300w, https:\/\/i0.wp.com\/zeromagazine.mx\/wp-content\/uploads\/2026\/01\/IMG_1235.jpeg?resize=150%2C150&amp;ssl=1 150w, https:\/\/i0.wp.com\/zeromagazine.mx\/wp-content\/uploads\/2026\/01\/IMG_1235.jpeg?resize=768%2C768&amp;ssl=1 768w, https:\/\/i0.wp.com\/zeromagazine.mx\/wp-content\/uploads\/2026\/01\/IMG_1235.jpeg?w=1200&amp;ssl=1 1200w\" sizes=\"(max-width: 1024px) 100vw, 1024px\" \/><\/figure>\n<\/figure>\n\n\n\n<p><strong>Adem\u00e1s<\/strong>, esta celebraci\u00f3n se extiende al mundo de la moda con una colecci\u00f3n c\u00e1psula unisex de edici\u00f3n limitada creada en colaboraci\u00f3n con Siegelman Stable. Las piezas combinan dise\u00f1o contempor\u00e1neo con referencias culturales profundas, y lo mejor es que el 10 % de las ganancias netas se destina a The Asian American Foundation (TAAF), reforzando el mensaje de comunidad, conexi\u00f3n y responsabilidad social.<\/p>\n\n\n\n<h3 class=\"wp-block-heading\">La mixolog\u00eda como ritual<\/h3>\n\n\n\n<p><strong>Por otro lado<\/strong>, el A\u00f1o del Caballo tambi\u00e9n se vive en la copa. Para esta edici\u00f3n, Don Julio 1942 invit\u00f3 a reconocidos bartenders internacionales a reinterpretar el tequila desde rituales inspirados en el A\u00f1o Nuevo Lunar. El resultado son cocteles de autor que celebran prosperidad, uni\u00f3n y nuevos comienzos.<\/p>\n\n\n\n<p>Uno de los m\u00e1s representativos es el&nbsp;<strong>Golden Horse<\/strong>, creado por Lok Cheung de COA Hong Kong. Este coctel combina Don Julio 1942 A\u00f1o del Caballo con kumquat fresco, casta\u00f1a de agua y notas c\u00edtricas balanceadas, logrando una mezcla elegante y simb\u00f3lica que rinde homenaje a la buena fortuna y la fortaleza.<\/p>\n\n\n\n<p><strong>Mientras tanto<\/strong>, el tequila mantiene intacta su esencia ultra premium: 100 % agave Blue Weber, a\u00f1ejado por al menos dos a\u00f1os en barricas de roble blanco americano, con un perfil suave y profundo que lo ha convertido en un \u00edcono del lujo moderno.<\/p>\n\n\n\n<figure class=\"wp-block-gallery has-nested-images columns-default is-cropped wp-block-gallery-2 is-layout-flex wp-block-gallery-is-layout-flex\">\n<figure class=\"wp-block-image size-large\"><img data-recalc-dims=\"1\" decoding=\"async\" width=\"819\" height=\"1024\" data-id=\"114480\" src=\"https:\/\/i0.wp.com\/zeromagazine.mx\/wp-content\/uploads\/2026\/01\/IMG_1236-819x1024.jpeg?resize=819%2C1024&#038;ssl=1\" alt=\"\" class=\"wp-image-114480\" srcset=\"https:\/\/i0.wp.com\/zeromagazine.mx\/wp-content\/uploads\/2026\/01\/IMG_1236.jpeg?resize=819%2C1024&amp;ssl=1 819w, https:\/\/i0.wp.com\/zeromagazine.mx\/wp-content\/uploads\/2026\/01\/IMG_1236.jpeg?resize=240%2C300&amp;ssl=1 240w, https:\/\/i0.wp.com\/zeromagazine.mx\/wp-content\/uploads\/2026\/01\/IMG_1236.jpeg?resize=768%2C960&amp;ssl=1 768w, https:\/\/i0.wp.com\/zeromagazine.mx\/wp-content\/uploads\/2026\/01\/IMG_1236.jpeg?w=1200&amp;ssl=1 1200w\" sizes=\"(max-width: 819px) 100vw, 819px\" \/><\/figure>\n<\/figure>\n\n\n\n<h3 class=\"wp-block-heading\"><strong>Don Julio<\/strong>, un s\u00edmbolo de nuevos comienzos<\/h3>\n\n\n\n<p><strong>Finalmente<\/strong>, esta edici\u00f3n limitada reafirma el lugar de Don Julio 1942 como referente global del tequila de lujo. No se trata solo de celebrar una fecha, sino de crear experiencias que conecten culturas, historias y formas de expresi\u00f3n actuales.<\/p>\n\n\n\n<p>Disponible \u00fanicamente en Estados Unidos en retailers selectos y plataformas digitales \u2014y no a la venta en M\u00e9xico\u2014, Don Julio 1942 A\u00f1o del Caballo se convierte en una pieza de colecci\u00f3n pensada para quienes entienden que el verdadero lujo est\u00e1 en el significado, el detalle y la visi\u00f3n a futuro.<\/p>\n\n\n\n<p>Porque empezar un nuevo ciclo merece algo que est\u00e9 a la altura de la intenci\u00f3n.<\/p>\n\n\n\n<p><\/p>\n\n\n\n<figure class=\"wp-block-gallery has-nested-images columns-default is-cropped wp-block-gallery-3 is-layout-flex wp-block-gallery-is-layout-flex\"><\/figure>","protected":false},"excerpt":{"rendered":"<p>El inicio del A\u00f1o Nuevo Lunar siempre llega cargado de simbolismo, energ\u00eda y ganas de empezar de nuevo. Este 2026,&nbsp;Don Julio 1942&nbsp;se suma a esa vibra con el lanzamiento de su edici\u00f3n limitada&nbsp;A\u00f1o del Caballo, una propuesta que mezcla tradici\u00f3n, dise\u00f1o y lujo contempor\u00e1neo de una forma que se siente aut\u00e9ntica, poderosa y muy en [&hellip;]<\/p>\n","protected":false},"author":4,"featured_media":114478,"comment_status":"open","ping_status":"open","sticky":false,"template":"","format":"standard","meta":{"_jetpack_memberships_contains_paid_content":false,"footnotes":"","jetpack_publicize_message":"","jetpack_publicize_feature_enabled":true,"jetpack_social_post_already_shared":true,"jetpack_social_options":{"image_generator_settings":{"template":"highway","default_image_id":0,"font":"","enabled":false},"version":2}},"categories":[1,791],"tags":[],"class_list":["post-114477","post","type-post","status-publish","format-standard","has-post-thumbnail","hentry","category-blog","category-cultura","has-post-title","has-post-date","has-post-category","has-post-tag","has-post-comment","has-post-author",""],"yoast_head":"<!-- This site is optimized with the Yoast SEO plugin v27.5 - https:\/\/yoast.com\/product\/yoast-seo-wordpress\/ -->\n<title>Don Julio 1942 presenta: A\u00f1o del Caballo - Zero Magazine<\/title>\n<meta name=\"description\" content=\"Don Julio 1942 celebra el A\u00f1o del Caballo con una edici\u00f3n limitada que fusiona cultura, dise\u00f1o y lujo contempor\u00e1neo.\" \/>\n<meta name=\"robots\" content=\"index, follow, max-snippet:-1, max-image-preview:large, max-video-preview:-1\" \/>\n<link rel=\"canonical\" href=\"https:\/\/zeromagazine.mx\/index.php\/2026\/01\/29\/don-julio-1942-ano-caballo\/\" \/>\n<meta property=\"og:locale\" content=\"es_ES\" \/>\n<meta property=\"og:type\" content=\"article\" \/>\n<meta property=\"og:title\" content=\"Don Julio 1942 presenta: A\u00f1o del Caballo - Zero Magazine\" \/>\n<meta property=\"og:description\" content=\"Don Julio 1942 celebra el A\u00f1o del Caballo con una edici\u00f3n limitada que fusiona cultura, dise\u00f1o y lujo contempor\u00e1neo.\" \/>\n<meta property=\"og:url\" content=\"https:\/\/zeromagazine.mx\/index.php\/2026\/01\/29\/don-julio-1942-ano-caballo\/\" \/>\n<meta property=\"og:site_name\" content=\"Zero Magazine\" \/>\n<meta property=\"article:published_time\" content=\"2026-01-30T05:33:22+00:00\" \/>\n<meta property=\"article:modified_time\" content=\"2026-01-30T05:33:23+00:00\" \/>\n<meta property=\"og:image\" content=\"http:\/\/zeromagazine.mx\/wp-content\/uploads\/2026\/01\/IMG_1234.jpeg\" \/>\n\t<meta property=\"og:image:width\" content=\"1200\" \/>\n\t<meta property=\"og:image:height\" content=\"1500\" \/>\n\t<meta property=\"og:image:type\" content=\"image\/jpeg\" \/>\n<meta name=\"author\" content=\"David Morales\" \/>\n<meta name=\"twitter:card\" content=\"summary_large_image\" \/>\n<meta name=\"twitter:label1\" content=\"Escrito por\" \/>\n\t<meta name=\"twitter:data1\" content=\"David Morales\" \/>\n\t<meta name=\"twitter:label2\" content=\"Tiempo de lectura\" \/>\n\t<meta name=\"twitter:data2\" content=\"4 minutos\" \/>\n<script type=\"application\/ld+json\" class=\"yoast-schema-graph\">{\"@context\":\"https:\\\/\\\/schema.org\",\"@graph\":[{\"@type\":\"Article\",\"@id\":\"https:\\\/\\\/zeromagazine.mx\\\/index.php\\\/2026\\\/01\\\/29\\\/don-julio-1942-ano-caballo\\\/#article\",\"isPartOf\":{\"@id\":\"https:\\\/\\\/zeromagazine.mx\\\/index.php\\\/2026\\\/01\\\/29\\\/don-julio-1942-ano-caballo\\\/\"},\"author\":{\"name\":\"David Morales\",\"@id\":\"https:\\\/\\\/zeromagazine.mx\\\/#\\\/schema\\\/person\\\/9f7f1a17c60ba8e9980e3e6677aabe5a\"},\"headline\":\"Don Julio 1942 presenta: A\u00f1o del Caballo\",\"datePublished\":\"2026-01-30T05:33:22+00:00\",\"dateModified\":\"2026-01-30T05:33:23+00:00\",\"mainEntityOfPage\":{\"@id\":\"https:\\\/\\\/zeromagazine.mx\\\/index.php\\\/2026\\\/01\\\/29\\\/don-julio-1942-ano-caballo\\\/\"},\"wordCount\":612,\"commentCount\":0,\"publisher\":{\"@id\":\"https:\\\/\\\/zeromagazine.mx\\\/#organization\"},\"image\":{\"@id\":\"https:\\\/\\\/zeromagazine.mx\\\/index.php\\\/2026\\\/01\\\/29\\\/don-julio-1942-ano-caballo\\\/#primaryimage\"},\"thumbnailUrl\":\"https:\\\/\\\/i0.wp.com\\\/zeromagazine.mx\\\/wp-content\\\/uploads\\\/2026\\\/01\\\/IMG_1234.jpeg?fit=1200%2C1500&ssl=1\",\"articleSection\":[\"Blog\",\"Cultura\"],\"inLanguage\":\"es\",\"potentialAction\":[{\"@type\":\"CommentAction\",\"name\":\"Comment\",\"target\":[\"https:\\\/\\\/zeromagazine.mx\\\/index.php\\\/2026\\\/01\\\/29\\\/don-julio-1942-ano-caballo\\\/#respond\"]}]},{\"@type\":\"WebPage\",\"@id\":\"https:\\\/\\\/zeromagazine.mx\\\/index.php\\\/2026\\\/01\\\/29\\\/don-julio-1942-ano-caballo\\\/\",\"url\":\"https:\\\/\\\/zeromagazine.mx\\\/index.php\\\/2026\\\/01\\\/29\\\/don-julio-1942-ano-caballo\\\/\",\"name\":\"Don Julio 1942 presenta: A\u00f1o del Caballo - Zero Magazine\",\"isPartOf\":{\"@id\":\"https:\\\/\\\/zeromagazine.mx\\\/#website\"},\"primaryImageOfPage\":{\"@id\":\"https:\\\/\\\/zeromagazine.mx\\\/index.php\\\/2026\\\/01\\\/29\\\/don-julio-1942-ano-caballo\\\/#primaryimage\"},\"image\":{\"@id\":\"https:\\\/\\\/zeromagazine.mx\\\/index.php\\\/2026\\\/01\\\/29\\\/don-julio-1942-ano-caballo\\\/#primaryimage\"},\"thumbnailUrl\":\"https:\\\/\\\/i0.wp.com\\\/zeromagazine.mx\\\/wp-content\\\/uploads\\\/2026\\\/01\\\/IMG_1234.jpeg?fit=1200%2C1500&ssl=1\",\"datePublished\":\"2026-01-30T05:33:22+00:00\",\"dateModified\":\"2026-01-30T05:33:23+00:00\",\"description\":\"Don Julio 1942 celebra el A\u00f1o del Caballo con una edici\u00f3n limitada que fusiona cultura, dise\u00f1o y lujo contempor\u00e1neo.\",\"breadcrumb\":{\"@id\":\"https:\\\/\\\/zeromagazine.mx\\\/index.php\\\/2026\\\/01\\\/29\\\/don-julio-1942-ano-caballo\\\/#breadcrumb\"},\"inLanguage\":\"es\",\"potentialAction\":[{\"@type\":\"ReadAction\",\"target\":[\"https:\\\/\\\/zeromagazine.mx\\\/index.php\\\/2026\\\/01\\\/29\\\/don-julio-1942-ano-caballo\\\/\"]}]},{\"@type\":\"ImageObject\",\"inLanguage\":\"es\",\"@id\":\"https:\\\/\\\/zeromagazine.mx\\\/index.php\\\/2026\\\/01\\\/29\\\/don-julio-1942-ano-caballo\\\/#primaryimage\",\"url\":\"https:\\\/\\\/i0.wp.com\\\/zeromagazine.mx\\\/wp-content\\\/uploads\\\/2026\\\/01\\\/IMG_1234.jpeg?fit=1200%2C1500&ssl=1\",\"contentUrl\":\"https:\\\/\\\/i0.wp.com\\\/zeromagazine.mx\\\/wp-content\\\/uploads\\\/2026\\\/01\\\/IMG_1234.jpeg?fit=1200%2C1500&ssl=1\",\"width\":1200,\"height\":1500},{\"@type\":\"BreadcrumbList\",\"@id\":\"https:\\\/\\\/zeromagazine.mx\\\/index.php\\\/2026\\\/01\\\/29\\\/don-julio-1942-ano-caballo\\\/#breadcrumb\",\"itemListElement\":[{\"@type\":\"ListItem\",\"position\":1,\"name\":\"Portada\",\"item\":\"https:\\\/\\\/zeromagazine.mx\\\/\"},{\"@type\":\"ListItem\",\"position\":2,\"name\":\"Don Julio 1942 presenta: A\u00f1o del Caballo\"}]},{\"@type\":\"WebSite\",\"@id\":\"https:\\\/\\\/zeromagazine.mx\\\/#website\",\"url\":\"https:\\\/\\\/zeromagazine.mx\\\/\",\"name\":\"Zero Magazine\",\"description\":\"\",\"publisher\":{\"@id\":\"https:\\\/\\\/zeromagazine.mx\\\/#organization\"},\"potentialAction\":[{\"@type\":\"SearchAction\",\"target\":{\"@type\":\"EntryPoint\",\"urlTemplate\":\"https:\\\/\\\/zeromagazine.mx\\\/?s={search_term_string}\"},\"query-input\":{\"@type\":\"PropertyValueSpecification\",\"valueRequired\":true,\"valueName\":\"search_term_string\"}}],\"inLanguage\":\"es\"},{\"@type\":\"Organization\",\"@id\":\"https:\\\/\\\/zeromagazine.mx\\\/#organization\",\"name\":\"Zero Magazine\",\"url\":\"https:\\\/\\\/zeromagazine.mx\\\/\",\"logo\":{\"@type\":\"ImageObject\",\"inLanguage\":\"es\",\"@id\":\"https:\\\/\\\/zeromagazine.mx\\\/#\\\/schema\\\/logo\\\/image\\\/\",\"url\":\"https:\\\/\\\/i0.wp.com\\\/zeromagazine.mx\\\/wp-content\\\/uploads\\\/2025\\\/11\\\/1.jpeg?fit=1000%2C1000&ssl=1\",\"contentUrl\":\"https:\\\/\\\/i0.wp.com\\\/zeromagazine.mx\\\/wp-content\\\/uploads\\\/2025\\\/11\\\/1.jpeg?fit=1000%2C1000&ssl=1\",\"width\":1000,\"height\":1000,\"caption\":\"Zero Magazine\"},\"image\":{\"@id\":\"https:\\\/\\\/zeromagazine.mx\\\/#\\\/schema\\\/logo\\\/image\\\/\"},\"sameAs\":[\"https:\\\/\\\/instagram.com\\\/zeromagazinemx\"]},{\"@type\":\"Person\",\"@id\":\"https:\\\/\\\/zeromagazine.mx\\\/#\\\/schema\\\/person\\\/9f7f1a17c60ba8e9980e3e6677aabe5a\",\"name\":\"David Morales\",\"image\":{\"@type\":\"ImageObject\",\"inLanguage\":\"es\",\"@id\":\"https:\\\/\\\/zeromagazine.mx\\\/wp-content\\\/litespeed\\\/avatar\\\/76069d2136bfc1c37dc34815bb67ca42.jpg?ver=1777571067\",\"url\":\"https:\\\/\\\/zeromagazine.mx\\\/wp-content\\\/litespeed\\\/avatar\\\/76069d2136bfc1c37dc34815bb67ca42.jpg?ver=1777571067\",\"contentUrl\":\"https:\\\/\\\/zeromagazine.mx\\\/wp-content\\\/litespeed\\\/avatar\\\/76069d2136bfc1c37dc34815bb67ca42.jpg?ver=1777571067\",\"caption\":\"David Morales\"},\"url\":\"https:\\\/\\\/zeromagazine.mx\\\/index.php\\\/author\\\/david\\\/\"}]}<\/script>\n<!-- \/ Yoast SEO plugin. -->","yoast_head_json":{"title":"Don Julio 1942 presenta: A\u00f1o del Caballo - Zero Magazine","description":"Don Julio 1942 celebra el A\u00f1o del Caballo con una edici\u00f3n limitada que fusiona cultura, dise\u00f1o y lujo contempor\u00e1neo.","robots":{"index":"index","follow":"follow","max-snippet":"max-snippet:-1","max-image-preview":"max-image-preview:large","max-video-preview":"max-video-preview:-1"},"canonical":"https:\/\/zeromagazine.mx\/index.php\/2026\/01\/29\/don-julio-1942-ano-caballo\/","og_locale":"es_ES","og_type":"article","og_title":"Don Julio 1942 presenta: A\u00f1o del Caballo - Zero Magazine","og_description":"Don Julio 1942 celebra el A\u00f1o del Caballo con una edici\u00f3n limitada que fusiona cultura, dise\u00f1o y lujo contempor\u00e1neo.","og_url":"https:\/\/zeromagazine.mx\/index.php\/2026\/01\/29\/don-julio-1942-ano-caballo\/","og_site_name":"Zero Magazine","article_published_time":"2026-01-30T05:33:22+00:00","article_modified_time":"2026-01-30T05:33:23+00:00","og_image":[{"width":1200,"height":1500,"url":"http:\/\/zeromagazine.mx\/wp-content\/uploads\/2026\/01\/IMG_1234.jpeg","type":"image\/jpeg"}],"author":"David Morales","twitter_card":"summary_large_image","twitter_misc":{"Escrito por":"David Morales","Tiempo de lectura":"4 minutos"},"schema":{"@context":"https:\/\/schema.org","@graph":[{"@type":"Article","@id":"https:\/\/zeromagazine.mx\/index.php\/2026\/01\/29\/don-julio-1942-ano-caballo\/#article","isPartOf":{"@id":"https:\/\/zeromagazine.mx\/index.php\/2026\/01\/29\/don-julio-1942-ano-caballo\/"},"author":{"name":"David Morales","@id":"https:\/\/zeromagazine.mx\/#\/schema\/person\/9f7f1a17c60ba8e9980e3e6677aabe5a"},"headline":"Don Julio 1942 presenta: A\u00f1o del Caballo","datePublished":"2026-01-30T05:33:22+00:00","dateModified":"2026-01-30T05:33:23+00:00","mainEntityOfPage":{"@id":"https:\/\/zeromagazine.mx\/index.php\/2026\/01\/29\/don-julio-1942-ano-caballo\/"},"wordCount":612,"commentCount":0,"publisher":{"@id":"https:\/\/zeromagazine.mx\/#organization"},"image":{"@id":"https:\/\/zeromagazine.mx\/index.php\/2026\/01\/29\/don-julio-1942-ano-caballo\/#primaryimage"},"thumbnailUrl":"https:\/\/i0.wp.com\/zeromagazine.mx\/wp-content\/uploads\/2026\/01\/IMG_1234.jpeg?fit=1200%2C1500&ssl=1","articleSection":["Blog","Cultura"],"inLanguage":"es","potentialAction":[{"@type":"CommentAction","name":"Comment","target":["https:\/\/zeromagazine.mx\/index.php\/2026\/01\/29\/don-julio-1942-ano-caballo\/#respond"]}]},{"@type":"WebPage","@id":"https:\/\/zeromagazine.mx\/index.php\/2026\/01\/29\/don-julio-1942-ano-caballo\/","url":"https:\/\/zeromagazine.mx\/index.php\/2026\/01\/29\/don-julio-1942-ano-caballo\/","name":"Don Julio 1942 presenta: A\u00f1o del Caballo - Zero Magazine","isPartOf":{"@id":"https:\/\/zeromagazine.mx\/#website"},"primaryImageOfPage":{"@id":"https:\/\/zeromagazine.mx\/index.php\/2026\/01\/29\/don-julio-1942-ano-caballo\/#primaryimage"},"image":{"@id":"https:\/\/zeromagazine.mx\/index.php\/2026\/01\/29\/don-julio-1942-ano-caballo\/#primaryimage"},"thumbnailUrl":"https:\/\/i0.wp.com\/zeromagazine.mx\/wp-content\/uploads\/2026\/01\/IMG_1234.jpeg?fit=1200%2C1500&ssl=1","datePublished":"2026-01-30T05:33:22+00:00","dateModified":"2026-01-30T05:33:23+00:00","description":"Don Julio 1942 celebra el A\u00f1o del Caballo con una edici\u00f3n limitada que fusiona cultura, dise\u00f1o y lujo contempor\u00e1neo.","breadcrumb":{"@id":"https:\/\/zeromagazine.mx\/index.php\/2026\/01\/29\/don-julio-1942-ano-caballo\/#breadcrumb"},"inLanguage":"es","potentialAction":[{"@type":"ReadAction","target":["https:\/\/zeromagazine.mx\/index.php\/2026\/01\/29\/don-julio-1942-ano-caballo\/"]}]},{"@type":"ImageObject","inLanguage":"es","@id":"https:\/\/zeromagazine.mx\/index.php\/2026\/01\/29\/don-julio-1942-ano-caballo\/#primaryimage","url":"https:\/\/i0.wp.com\/zeromagazine.mx\/wp-content\/uploads\/2026\/01\/IMG_1234.jpeg?fit=1200%2C1500&ssl=1","contentUrl":"https:\/\/i0.wp.com\/zeromagazine.mx\/wp-content\/uploads\/2026\/01\/IMG_1234.jpeg?fit=1200%2C1500&ssl=1","width":1200,"height":1500},{"@type":"BreadcrumbList","@id":"https:\/\/zeromagazine.mx\/index.php\/2026\/01\/29\/don-julio-1942-ano-caballo\/#breadcrumb","itemListElement":[{"@type":"ListItem","position":1,"name":"Portada","item":"https:\/\/zeromagazine.mx\/"},{"@type":"ListItem","position":2,"name":"Don Julio 1942 presenta: A\u00f1o del Caballo"}]},{"@type":"WebSite","@id":"https:\/\/zeromagazine.mx\/#website","url":"https:\/\/zeromagazine.mx\/","name":"Zero Magazine","description":"","publisher":{"@id":"https:\/\/zeromagazine.mx\/#organization"},"potentialAction":[{"@type":"SearchAction","target":{"@type":"EntryPoint","urlTemplate":"https:\/\/zeromagazine.mx\/?s={search_term_string}"},"query-input":{"@type":"PropertyValueSpecification","valueRequired":true,"valueName":"search_term_string"}}],"inLanguage":"es"},{"@type":"Organization","@id":"https:\/\/zeromagazine.mx\/#organization","name":"Zero Magazine","url":"https:\/\/zeromagazine.mx\/","logo":{"@type":"ImageObject","inLanguage":"es","@id":"https:\/\/zeromagazine.mx\/#\/schema\/logo\/image\/","url":"https:\/\/i0.wp.com\/zeromagazine.mx\/wp-content\/uploads\/2025\/11\/1.jpeg?fit=1000%2C1000&ssl=1","contentUrl":"https:\/\/i0.wp.com\/zeromagazine.mx\/wp-content\/uploads\/2025\/11\/1.jpeg?fit=1000%2C1000&ssl=1","width":1000,"height":1000,"caption":"Zero Magazine"},"image":{"@id":"https:\/\/zeromagazine.mx\/#\/schema\/logo\/image\/"},"sameAs":["https:\/\/instagram.com\/zeromagazinemx"]},{"@type":"Person","@id":"https:\/\/zeromagazine.mx\/#\/schema\/person\/9f7f1a17c60ba8e9980e3e6677aabe5a","name":"David Morales","image":{"@type":"ImageObject","inLanguage":"es","@id":"https:\/\/zeromagazine.mx\/wp-content\/litespeed\/avatar\/76069d2136bfc1c37dc34815bb67ca42.jpg?ver=1777571067","url":"https:\/\/zeromagazine.mx\/wp-content\/litespeed\/avatar\/76069d2136bfc1c37dc34815bb67ca42.jpg?ver=1777571067","contentUrl":"https:\/\/zeromagazine.mx\/wp-content\/litespeed\/avatar\/76069d2136bfc1c37dc34815bb67ca42.jpg?ver=1777571067","caption":"David Morales"},"url":"https:\/\/zeromagazine.mx\/index.php\/author\/david\/"}]}},"jetpack_publicize_connections":[],"jetpack_featured_media_url":"https:\/\/i0.wp.com\/zeromagazine.mx\/wp-content\/uploads\/2026\/01\/IMG_1234.jpeg?fit=1200%2C1500&ssl=1","jetpack-related-posts":[{"id":80957,"url":"https:\/\/zeromagazine.mx\/index.php\/2024\/07\/29\/tequila-bliss-don-julio-style\/","url_meta":{"origin":114477,"position":0},"title":"\u00abTequila Bliss: Don Julio Style\u00bb","author":"zeromagazinemx","date":"29 de julio de 2024","format":false,"excerpt":"El D\u00eda del Tequila es la oportunidad perfecta para celebrar esta bebida legendaria que pone a M\u00e9xico en el mapa. Desde sus ra\u00edces en Jalisco hasta su fama mundial, es m\u00e1s que una bebida, es una experiencia cultural. Amor por el Agave Te cuento que en el a\u00f1o de 1942,\u00a0\u00a0un\u2026","rel":"","context":"En \u00abBlog\u00bb","block_context":{"text":"Blog","link":"https:\/\/zeromagazine.mx\/index.php\/category\/blog\/"},"img":{"alt_text":"","src":"https:\/\/i0.wp.com\/zeromagazine.mx\/wp-content\/uploads\/2024\/07\/don-julio-1.jpg?resize=350%2C200&ssl=1","width":350,"height":200},"classes":[]},{"id":118254,"url":"https:\/\/zeromagazine.mx\/index.php\/2026\/04\/13\/botellas-edicion-mundial-2026-diageo\/","url_meta":{"origin":114477,"position":1},"title":"DIAGEO lanza seis ediciones limitadas de colecci\u00f3n para el Mundial 2026","author":"David Morales","date":"13 de abril de 2026","format":false,"excerpt":"DIAGEO convierte sus etiquetas m\u00e1s ic\u00f3nicas en objetos de deseo justo a tiempo para la Copa Mundial 2026.No es solo f\u00fatbol. Es est\u00e9tica, nostalgia, identidad y ese mood colectivo que se siente en el aire cuando algo grande est\u00e1 por pasar. Y s\u00ed, tambi\u00e9n se bebe. Botellas edici\u00f3n Mundial 2026:\u2026","rel":"","context":"En \u00abBlog\u00bb","block_context":{"text":"Blog","link":"https:\/\/zeromagazine.mx\/index.php\/category\/blog\/"},"img":{"alt_text":"El mundo viene a jugar. M\u00e9xico ya est\u00e1 celebrando.","src":"https:\/\/i0.wp.com\/zeromagazine.mx\/wp-content\/uploads\/2026\/04\/01-LTOS-DIAGEO-MX.jpeg?fit=1080%2C1062&ssl=1&resize=350%2C200","width":350,"height":200,"srcset":"https:\/\/i0.wp.com\/zeromagazine.mx\/wp-content\/uploads\/2026\/04\/01-LTOS-DIAGEO-MX.jpeg?fit=1080%2C1062&ssl=1&resize=350%2C200 1x, https:\/\/i0.wp.com\/zeromagazine.mx\/wp-content\/uploads\/2026\/04\/01-LTOS-DIAGEO-MX.jpeg?fit=1080%2C1062&ssl=1&resize=525%2C300 1.5x, https:\/\/i0.wp.com\/zeromagazine.mx\/wp-content\/uploads\/2026\/04\/01-LTOS-DIAGEO-MX.jpeg?fit=1080%2C1062&ssl=1&resize=700%2C400 2x, https:\/\/i0.wp.com\/zeromagazine.mx\/wp-content\/uploads\/2026\/04\/01-LTOS-DIAGEO-MX.jpeg?fit=1080%2C1062&ssl=1&resize=1050%2C600 3x"},"classes":[]},{"id":115407,"url":"https:\/\/zeromagazine.mx\/index.php\/2026\/02\/16\/ano-del-caballo-timberland-botas\/","url_meta":{"origin":114477,"position":2},"title":"A\u00f1o del Caballo: botas que brillan","author":"zeromagazinemx","date":"16 de febrero de 2026","format":false,"excerpt":"Cada temporada trae su est\u00e9tica, pero hay momentos en los que la moda tambi\u00e9n se vuelve s\u00edmbolo. Con la llegada del A\u00f1o del Caballo, Timberland decidi\u00f3 no quedarse en lo t\u00edpico del drop anual y, en cambio, apostar por una narrativa completa: una pieza que conecta tradici\u00f3n, energ\u00eda y streetwear\u2026","rel":"","context":"En \u00abModa\u00bb","block_context":{"text":"Moda","link":"https:\/\/zeromagazine.mx\/index.php\/category\/moda\/"},"img":{"alt_text":"","src":"https:\/\/i0.wp.com\/zeromagazine.mx\/wp-content\/uploads\/2026\/02\/1000051780-scaled.png?fit=1200%2C848&ssl=1&resize=350%2C200","width":350,"height":200,"srcset":"https:\/\/i0.wp.com\/zeromagazine.mx\/wp-content\/uploads\/2026\/02\/1000051780-scaled.png?fit=1200%2C848&ssl=1&resize=350%2C200 1x, https:\/\/i0.wp.com\/zeromagazine.mx\/wp-content\/uploads\/2026\/02\/1000051780-scaled.png?fit=1200%2C848&ssl=1&resize=525%2C300 1.5x, https:\/\/i0.wp.com\/zeromagazine.mx\/wp-content\/uploads\/2026\/02\/1000051780-scaled.png?fit=1200%2C848&ssl=1&resize=700%2C400 2x, https:\/\/i0.wp.com\/zeromagazine.mx\/wp-content\/uploads\/2026\/02\/1000051780-scaled.png?fit=1200%2C848&ssl=1&resize=1050%2C600 3x"},"classes":[]},{"id":82886,"url":"https:\/\/zeromagazine.mx\/index.php\/2024\/08\/31\/tequila-don-julio-sabor-inigualable\/","url_meta":{"origin":114477,"position":3},"title":"Tequila Don Julio: Sabor Inigualable","author":"zeromagazinemx","date":"31 de agosto de 2024","format":false,"excerpt":"Si eres fan del tequila y de todo lo que tiene que ver con nuestra cultura mexicana, ag\u00e1rrate, porque lo que se viene es un verdadero hit. Les cuento que Tequila Don Julio acaba de lanzar algo que promete ser el nuevo amor de nuestras vidas: el Don Julio Chile\u2026","rel":"","context":"En \u00abFoodie\u00bb","block_context":{"text":"Foodie","link":"https:\/\/zeromagazine.mx\/index.php\/category\/lifestyle\/foodie\/"},"img":{"alt_text":"","src":"https:\/\/i0.wp.com\/zeromagazine.mx\/wp-content\/uploads\/2024\/08\/Chile-Serrano-.png?resize=350%2C200","width":350,"height":200},"classes":[]},{"id":93802,"url":"https:\/\/zeromagazine.mx\/index.php\/2024\/12\/20\/despide-el-ano-en-casa-prunes\/","url_meta":{"origin":114477,"position":4},"title":"Despide el A\u00f1o en Casa Prunes","author":"zeromagazinemx","date":"20 de diciembre de 2024","format":false,"excerpt":"Amix, \u00bfse imaginan despedir este 2024 de la forma m\u00e1s cool, creativa y vibrante posible? Pues les tengo una recomendaci\u00f3n que va a ser de las que te hacen decir: esto s\u00ed fue un cierre de a\u00f1o como se debe. Este 31 de diciembre, la cita es en Casa Prunes,\u2026","rel":"","context":"En \u00abFoodie\u00bb","block_context":{"text":"Foodie","link":"https:\/\/zeromagazine.mx\/index.php\/category\/lifestyle\/foodie\/"},"img":{"alt_text":"","src":"https:\/\/i0.wp.com\/zeromagazine.mx\/wp-content\/uploads\/2024\/12\/Copy-of-%C2%A9-Courtesy-of-Casa-Prunes_Photo-05-06-24-13-11-04-scaled.jpg?fit=800%2C1200&ssl=1&resize=350%2C200","width":350,"height":200,"srcset":"https:\/\/i0.wp.com\/zeromagazine.mx\/wp-content\/uploads\/2024\/12\/Copy-of-%C2%A9-Courtesy-of-Casa-Prunes_Photo-05-06-24-13-11-04-scaled.jpg?fit=800%2C1200&ssl=1&resize=350%2C200 1x, https:\/\/i0.wp.com\/zeromagazine.mx\/wp-content\/uploads\/2024\/12\/Copy-of-%C2%A9-Courtesy-of-Casa-Prunes_Photo-05-06-24-13-11-04-scaled.jpg?fit=800%2C1200&ssl=1&resize=525%2C300 1.5x, https:\/\/i0.wp.com\/zeromagazine.mx\/wp-content\/uploads\/2024\/12\/Copy-of-%C2%A9-Courtesy-of-Casa-Prunes_Photo-05-06-24-13-11-04-scaled.jpg?fit=800%2C1200&ssl=1&resize=700%2C400 2x"},"classes":[]},{"id":113267,"url":"https:\/\/zeromagazine.mx\/index.php\/2026\/01\/14\/converse-ano-del-caballo-taking-flight\/","url_meta":{"origin":114477,"position":5},"title":"Converse A\u00f1o del Caballo despega","author":"Luis Trujano","date":"14 de enero de 2026","format":false,"excerpt":"Arrancar el a\u00f1o con intenci\u00f3n tambi\u00e9n se refleja en lo que usas. Y este 2026, Converse lo entiende perfecto con una colecci\u00f3n que mezcla simbolismo, moda y mucha actitud. Inspirada en el A\u00f1o del Caballo, la propuesta \u201cTaking Flight\u201d no solo celebra el A\u00f1o Nuevo Chino, tambi\u00e9n invita a moverte\u2026","rel":"","context":"En \u00abBlog\u00bb","block_context":{"text":"Blog","link":"https:\/\/zeromagazine.mx\/index.php\/category\/blog\/"},"img":{"alt_text":"","src":"https:\/\/i0.wp.com\/zeromagazine.mx\/wp-content\/uploads\/2026\/01\/IMG_6295.jpeg?fit=375%2C468&ssl=1&resize=350%2C200","width":350,"height":200},"classes":[]}],"jetpack_sharing_enabled":true,"builder_content":"","_links":{"self":[{"href":"https:\/\/zeromagazine.mx\/index.php\/wp-json\/wp\/v2\/posts\/114477","targetHints":{"allow":["GET"]}}],"collection":[{"href":"https:\/\/zeromagazine.mx\/index.php\/wp-json\/wp\/v2\/posts"}],"about":[{"href":"https:\/\/zeromagazine.mx\/index.php\/wp-json\/wp\/v2\/types\/post"}],"author":[{"embeddable":true,"href":"https:\/\/zeromagazine.mx\/index.php\/wp-json\/wp\/v2\/users\/4"}],"replies":[{"embeddable":true,"href":"https:\/\/zeromagazine.mx\/index.php\/wp-json\/wp\/v2\/comments?post=114477"}],"version-history":[{"count":2,"href":"https:\/\/zeromagazine.mx\/index.php\/wp-json\/wp\/v2\/posts\/114477\/revisions"}],"predecessor-version":[{"id":114482,"href":"https:\/\/zeromagazine.mx\/index.php\/wp-json\/wp\/v2\/posts\/114477\/revisions\/114482"}],"wp:featuredmedia":[{"embeddable":true,"href":"https:\/\/zeromagazine.mx\/index.php\/wp-json\/wp\/v2\/media\/114478"}],"wp:attachment":[{"href":"https:\/\/zeromagazine.mx\/index.php\/wp-json\/wp\/v2\/media?parent=114477"}],"wp:term":[{"taxonomy":"category","embeddable":true,"href":"https:\/\/zeromagazine.mx\/index.php\/wp-json\/wp\/v2\/categories?post=114477"},{"taxonomy":"post_tag","embeddable":true,"href":"https:\/\/zeromagazine.mx\/index.php\/wp-json\/wp\/v2\/tags?post=114477"}],"curies":[{"name":"wp","href":"https:\/\/api.w.org\/{rel}","templated":true}]}}