{"id":114489,"date":"2026-01-30T00:15:07","date_gmt":"2026-01-30T06:15:07","guid":{"rendered":"https:\/\/zeromagazine.mx\/?p=114489"},"modified":"2026-01-30T00:18:46","modified_gmt":"2026-01-30T06:18:46","slug":"los-esquivel-cumbia-de-perro","status":"publish","type":"post","link":"https:\/\/zeromagazine.mx\/index.php\/2026\/01\/30\/los-esquivel-cumbia-de-perro\/","title":{"rendered":"LOS ESQUIVEL APUESTAN POR LA CUMBIA EN SU NUEVO Y ATREVIDO SENCILLO \u201cDE PERRO\u201d"},"content":{"rendered":"<!--themify_builder_content-->\n<div id=\"themify_builder_content-114489\" data-postid=\"114489\" class=\"themify_builder_content themify_builder_content-114489 themify_builder tf_clear\">\n    <\/div>\n<!--\/themify_builder_content-->\n\n\n<p>La m\u00fasica mexicana sigue rompiendo moldes y&nbsp;<strong>Los Esquivel<\/strong>&nbsp;est\u00e1n justo en el centro de ese movimiento. Con el lanzamiento de&nbsp;<strong>\u201cDe Perro\u201d<\/strong>, el d\u00fao deja claro que no piensa quedarse en una sola etiqueta y que la experimentaci\u00f3n es parte esencial de su ADN art\u00edstico. Esta vez, los hermanos se sumergen en la cumbia, pero lo hacen a su manera: sin nostalgia forzada, sin clich\u00e9s y con una energ\u00eda que conecta directo con quienes ven la m\u00fasica como un espacio de desahogo y libertad.<\/p>\n\n\n\n<p>\u201cDe Perro\u201d no es una canci\u00f3n de ruptura tradicional. Aqu\u00ed no hay drama eterno ni lamentos infinitos. En su lugar, el sencillo captura ese momento post-ruptura donde decides sacudirte el baj\u00f3n, salir con tus amigos y bailar hasta que todo vuelva a fluir. La cumbia se convierte en el veh\u00edculo perfecto para transformar el caos emocional en fiesta, y ah\u00ed es donde&nbsp;<strong>Los Esquivel cumbia \u201cDe Perro\u201d<\/strong>&nbsp;encuentra su fuerza.<\/p>\n\n\n\n<p><strong>Primero<\/strong>, vale la pena hablar del sonido. La canci\u00f3n mezcla ritmos tropicales con una producci\u00f3n moderna, manteniendo el sello caracter\u00edstico del d\u00fao: letras directas, actitud relajada y una vibra que se siente honesta. No es cumbia tradicional ni pretende serlo; es una reinterpretaci\u00f3n que convive sin problema con su universo musical previo.<\/p>\n\n\n\n<h3 class=\"wp-block-heading\"><strong>Los Esquivel <\/strong>y una la libertad creativa<\/h3>\n\n\n\n<p><strong>Adem\u00e1s<\/strong>, este lanzamiento marca el inicio de una nueva etapa para el d\u00fao. Despu\u00e9s de experimentar con corridos, fusiones electr\u00f3nicas y ritmos latinos,&nbsp;<strong>Los Esquivel cumbia \u201cDe Perro\u201d<\/strong>&nbsp;confirma que su propuesta no tiene fronteras claras. Cambiar de g\u00e9nero no es un riesgo, es una declaraci\u00f3n: la m\u00fasica mexicana actual se mueve, evoluciona y se reinventa constantemente.<\/p>\n\n\n\n<figure class=\"wp-block-gallery has-nested-images columns-default is-cropped wp-block-gallery-1 is-layout-flex wp-block-gallery-is-layout-flex\"><\/figure>\n\n\n\n<p>El mensaje tambi\u00e9n conecta desde lo emocional. La canci\u00f3n retrata ese mood donde el desamor deja de doler y se convierte en una excusa para vivir el presente. Bailar, re\u00edrse de uno mismo y dejar que la noche haga lo suyo. Esa narrativa, ligera pero real, es parte de lo que ha hecho que Los Esquivel conecten tan fuerte con nuevas audiencias.<\/p>\n\n\n\n<p><strong>Por otro lado<\/strong>, el contexto no podr\u00eda ser mejor. El d\u00fao atraviesa uno de los momentos m\u00e1s s\u00f3lidos de su carrera. Su tema \u201cAluc\u00edn\u201d vive un resurgimiento org\u00e1nico brutal en TikTok, acumulando m\u00e1s de&nbsp;<strong>1.4 millones de creaciones<\/strong>&nbsp;y manteni\u00e9ndose como tendencia n\u00famero uno en M\u00e9xico. Ese impulso digital demuestra que su m\u00fasica no solo se escucha, se comparte y se reapropia.<\/p>\n\n\n\n<figure class=\"wp-block-gallery has-nested-images columns-default is-cropped wp-block-gallery-2 is-layout-flex wp-block-gallery-is-layout-flex\">\n<figure class=\"wp-block-image size-large\"><img data-recalc-dims=\"1\" decoding=\"async\" width=\"1024\" height=\"1024\" data-id=\"114497\" src=\"https:\/\/i0.wp.com\/zeromagazine.mx\/wp-content\/uploads\/2026\/01\/4ef164ad-b174-4c62-b002-c7298e39cde0-2-1024x1024.jpeg?resize=1024%2C1024&#038;ssl=1\" alt=\"\" class=\"wp-image-114497\" srcset=\"https:\/\/i0.wp.com\/zeromagazine.mx\/wp-content\/uploads\/2026\/01\/4ef164ad-b174-4c62-b002-c7298e39cde0-2.jpeg?resize=1024%2C1024&amp;ssl=1 1024w, https:\/\/i0.wp.com\/zeromagazine.mx\/wp-content\/uploads\/2026\/01\/4ef164ad-b174-4c62-b002-c7298e39cde0-2.jpeg?resize=300%2C300&amp;ssl=1 300w, https:\/\/i0.wp.com\/zeromagazine.mx\/wp-content\/uploads\/2026\/01\/4ef164ad-b174-4c62-b002-c7298e39cde0-2.jpeg?resize=150%2C150&amp;ssl=1 150w, https:\/\/i0.wp.com\/zeromagazine.mx\/wp-content\/uploads\/2026\/01\/4ef164ad-b174-4c62-b002-c7298e39cde0-2.jpeg?resize=768%2C768&amp;ssl=1 768w, https:\/\/i0.wp.com\/zeromagazine.mx\/wp-content\/uploads\/2026\/01\/4ef164ad-b174-4c62-b002-c7298e39cde0-2.jpeg?resize=1536%2C1536&amp;ssl=1 1536w, https:\/\/i0.wp.com\/zeromagazine.mx\/wp-content\/uploads\/2026\/01\/4ef164ad-b174-4c62-b002-c7298e39cde0-2.jpeg?w=1600&amp;ssl=1 1600w\" sizes=\"(max-width: 1024px) 100vw, 1024px\" \/><\/figure>\n<\/figure>\n\n\n\n<h3 class=\"wp-block-heading\"><strong>Los Esquivel cumbia \u201cDe Perro\u201d<\/strong>&nbsp;en su mejor momento<\/h3>\n\n\n\n<p><strong>Mientras tanto<\/strong>, la versatilidad del proyecto sigue abriendo puertas. La nominaci\u00f3n de Los Esquivel en Premio Lo Nuestro por \u201cBachata B\u00e9lica\u201d, dentro de la categor\u00eda Electro Corrido \u2013 M\u00fasica Mexicana, confirma que su impacto va m\u00e1s all\u00e1 de un solo sonido. Pocos artistas logran moverse con tanta naturalidad entre g\u00e9neros sin perder identidad.<\/p>\n\n\n\n<p>\u201cDe Perro\u201d llega como una respuesta clara a esa etapa de crecimiento: una canci\u00f3n que no pide permiso, que se disfruta sin pensar demasiado y que se presta para sonar tanto en una peda improvisada como en playlists de mood relajado.&nbsp;<strong>Finalmente<\/strong>, Los Esquivel demuestran que la cumbia tambi\u00e9n puede ser un espacio de experimentaci\u00f3n moderna y que su propuesta sigue expandi\u00e9ndose sin miedo.<\/p>\n\n\n\n<p>Con&nbsp;<strong>Los Esquivel cumbia \u201cDe Perro\u201d<\/strong>, el d\u00fao reafirma que la m\u00fasica mexicana actual no se trata de seguir reglas, sino de crear nuevas.<\/p>\n\n\n\n<figure class=\"wp-block-gallery has-nested-images columns-default is-cropped wp-block-gallery-3 is-layout-flex wp-block-gallery-is-layout-flex\"><\/figure>","protected":false},"excerpt":{"rendered":"<p>La m\u00fasica mexicana sigue rompiendo moldes y&nbsp;Los Esquivel&nbsp;est\u00e1n justo en el centro de ese movimiento. Con el lanzamiento de&nbsp;\u201cDe Perro\u201d, el d\u00fao deja claro que no piensa quedarse en una sola etiqueta y que la experimentaci\u00f3n es parte esencial de su ADN art\u00edstico. Esta vez, los hermanos se sumergen en la cumbia, pero lo hacen [&hellip;]<\/p>\n","protected":false},"author":4,"featured_media":114496,"comment_status":"open","ping_status":"open","sticky":false,"template":"","format":"standard","meta":{"_jetpack_memberships_contains_paid_content":false,"footnotes":"","jetpack_publicize_message":"","jetpack_publicize_feature_enabled":true,"jetpack_social_post_already_shared":true,"jetpack_social_options":{"image_generator_settings":{"template":"highway","default_image_id":0,"font":"","enabled":false},"version":2}},"categories":[14134],"tags":[],"class_list":["post-114489","post","type-post","status-publish","format-standard","has-post-thumbnail","hentry","category-musica","has-post-title","has-post-date","has-post-category","has-post-tag","has-post-comment","has-post-author",""],"yoast_head":"<!-- This site is optimized with the Yoast SEO plugin v27.5 - https:\/\/yoast.com\/product\/yoast-seo-wordpress\/ -->\n<title>LOS ESQUIVEL APUESTAN POR LA CUMBIA EN SU NUEVO Y ATREVIDO SENCILLO \u201cDE PERRO\u201d - Zero Magazine<\/title>\n<meta name=\"description\" content=\"Los Esquivel cumbia \u201cDe Perro\u201d marca una nueva etapa sonora con ritmo, libertad y una vibra post-ruptura.\" \/>\n<meta name=\"robots\" content=\"index, follow, max-snippet:-1, max-image-preview:large, max-video-preview:-1\" \/>\n<link rel=\"canonical\" href=\"https:\/\/zeromagazine.mx\/index.php\/2026\/01\/30\/los-esquivel-cumbia-de-perro\/\" \/>\n<meta property=\"og:locale\" content=\"es_ES\" \/>\n<meta property=\"og:type\" content=\"article\" \/>\n<meta property=\"og:title\" content=\"LOS ESQUIVEL APUESTAN POR LA CUMBIA EN SU NUEVO Y ATREVIDO SENCILLO \u201cDE PERRO\u201d - Zero Magazine\" \/>\n<meta property=\"og:description\" content=\"Los Esquivel cumbia \u201cDe Perro\u201d marca una nueva etapa sonora con ritmo, libertad y una vibra post-ruptura.\" \/>\n<meta property=\"og:url\" content=\"https:\/\/zeromagazine.mx\/index.php\/2026\/01\/30\/los-esquivel-cumbia-de-perro\/\" \/>\n<meta property=\"og:site_name\" content=\"Zero Magazine\" \/>\n<meta property=\"article:published_time\" content=\"2026-01-30T06:15:07+00:00\" \/>\n<meta property=\"article:modified_time\" content=\"2026-01-30T06:18:46+00:00\" \/>\n<meta property=\"og:image\" content=\"http:\/\/zeromagazine.mx\/wp-content\/uploads\/2026\/01\/IMG_1241-1.jpeg\" \/>\n\t<meta property=\"og:image:width\" content=\"2046\" \/>\n\t<meta property=\"og:image:height\" content=\"934\" \/>\n\t<meta property=\"og:image:type\" content=\"image\/jpeg\" \/>\n<meta name=\"author\" content=\"David Morales\" \/>\n<meta name=\"twitter:card\" content=\"summary_large_image\" \/>\n<meta name=\"twitter:label1\" content=\"Escrito por\" \/>\n\t<meta name=\"twitter:data1\" content=\"David Morales\" \/>\n\t<meta name=\"twitter:label2\" content=\"Tiempo de lectura\" \/>\n\t<meta name=\"twitter:data2\" content=\"3 minutos\" \/>\n<script type=\"application\/ld+json\" class=\"yoast-schema-graph\">{\"@context\":\"https:\\\/\\\/schema.org\",\"@graph\":[{\"@type\":\"Article\",\"@id\":\"https:\\\/\\\/zeromagazine.mx\\\/index.php\\\/2026\\\/01\\\/30\\\/los-esquivel-cumbia-de-perro\\\/#article\",\"isPartOf\":{\"@id\":\"https:\\\/\\\/zeromagazine.mx\\\/index.php\\\/2026\\\/01\\\/30\\\/los-esquivel-cumbia-de-perro\\\/\"},\"author\":{\"name\":\"David Morales\",\"@id\":\"https:\\\/\\\/zeromagazine.mx\\\/#\\\/schema\\\/person\\\/9f7f1a17c60ba8e9980e3e6677aabe5a\"},\"headline\":\"LOS ESQUIVEL APUESTAN POR LA CUMBIA EN SU NUEVO Y ATREVIDO SENCILLO \u201cDE PERRO\u201d\",\"datePublished\":\"2026-01-30T06:15:07+00:00\",\"dateModified\":\"2026-01-30T06:18:46+00:00\",\"mainEntityOfPage\":{\"@id\":\"https:\\\/\\\/zeromagazine.mx\\\/index.php\\\/2026\\\/01\\\/30\\\/los-esquivel-cumbia-de-perro\\\/\"},\"wordCount\":618,\"commentCount\":0,\"publisher\":{\"@id\":\"https:\\\/\\\/zeromagazine.mx\\\/#organization\"},\"image\":{\"@id\":\"https:\\\/\\\/zeromagazine.mx\\\/index.php\\\/2026\\\/01\\\/30\\\/los-esquivel-cumbia-de-perro\\\/#primaryimage\"},\"thumbnailUrl\":\"https:\\\/\\\/i0.wp.com\\\/zeromagazine.mx\\\/wp-content\\\/uploads\\\/2026\\\/01\\\/IMG_1241-1.jpeg?fit=2046%2C934&ssl=1\",\"articleSection\":[\"M\u00fasica\"],\"inLanguage\":\"es\",\"potentialAction\":[{\"@type\":\"CommentAction\",\"name\":\"Comment\",\"target\":[\"https:\\\/\\\/zeromagazine.mx\\\/index.php\\\/2026\\\/01\\\/30\\\/los-esquivel-cumbia-de-perro\\\/#respond\"]}]},{\"@type\":\"WebPage\",\"@id\":\"https:\\\/\\\/zeromagazine.mx\\\/index.php\\\/2026\\\/01\\\/30\\\/los-esquivel-cumbia-de-perro\\\/\",\"url\":\"https:\\\/\\\/zeromagazine.mx\\\/index.php\\\/2026\\\/01\\\/30\\\/los-esquivel-cumbia-de-perro\\\/\",\"name\":\"LOS ESQUIVEL APUESTAN POR LA CUMBIA EN SU NUEVO Y ATREVIDO SENCILLO \u201cDE PERRO\u201d - Zero Magazine\",\"isPartOf\":{\"@id\":\"https:\\\/\\\/zeromagazine.mx\\\/#website\"},\"primaryImageOfPage\":{\"@id\":\"https:\\\/\\\/zeromagazine.mx\\\/index.php\\\/2026\\\/01\\\/30\\\/los-esquivel-cumbia-de-perro\\\/#primaryimage\"},\"image\":{\"@id\":\"https:\\\/\\\/zeromagazine.mx\\\/index.php\\\/2026\\\/01\\\/30\\\/los-esquivel-cumbia-de-perro\\\/#primaryimage\"},\"thumbnailUrl\":\"https:\\\/\\\/i0.wp.com\\\/zeromagazine.mx\\\/wp-content\\\/uploads\\\/2026\\\/01\\\/IMG_1241-1.jpeg?fit=2046%2C934&ssl=1\",\"datePublished\":\"2026-01-30T06:15:07+00:00\",\"dateModified\":\"2026-01-30T06:18:46+00:00\",\"description\":\"Los Esquivel cumbia \u201cDe Perro\u201d marca una nueva etapa sonora con ritmo, libertad y una vibra post-ruptura.\",\"breadcrumb\":{\"@id\":\"https:\\\/\\\/zeromagazine.mx\\\/index.php\\\/2026\\\/01\\\/30\\\/los-esquivel-cumbia-de-perro\\\/#breadcrumb\"},\"inLanguage\":\"es\",\"potentialAction\":[{\"@type\":\"ReadAction\",\"target\":[\"https:\\\/\\\/zeromagazine.mx\\\/index.php\\\/2026\\\/01\\\/30\\\/los-esquivel-cumbia-de-perro\\\/\"]}]},{\"@type\":\"ImageObject\",\"inLanguage\":\"es\",\"@id\":\"https:\\\/\\\/zeromagazine.mx\\\/index.php\\\/2026\\\/01\\\/30\\\/los-esquivel-cumbia-de-perro\\\/#primaryimage\",\"url\":\"https:\\\/\\\/i0.wp.com\\\/zeromagazine.mx\\\/wp-content\\\/uploads\\\/2026\\\/01\\\/IMG_1241-1.jpeg?fit=2046%2C934&ssl=1\",\"contentUrl\":\"https:\\\/\\\/i0.wp.com\\\/zeromagazine.mx\\\/wp-content\\\/uploads\\\/2026\\\/01\\\/IMG_1241-1.jpeg?fit=2046%2C934&ssl=1\",\"width\":2046,\"height\":934},{\"@type\":\"BreadcrumbList\",\"@id\":\"https:\\\/\\\/zeromagazine.mx\\\/index.php\\\/2026\\\/01\\\/30\\\/los-esquivel-cumbia-de-perro\\\/#breadcrumb\",\"itemListElement\":[{\"@type\":\"ListItem\",\"position\":1,\"name\":\"Portada\",\"item\":\"https:\\\/\\\/zeromagazine.mx\\\/\"},{\"@type\":\"ListItem\",\"position\":2,\"name\":\"LOS ESQUIVEL APUESTAN POR LA CUMBIA EN SU NUEVO Y ATREVIDO SENCILLO \u201cDE PERRO\u201d\"}]},{\"@type\":\"WebSite\",\"@id\":\"https:\\\/\\\/zeromagazine.mx\\\/#website\",\"url\":\"https:\\\/\\\/zeromagazine.mx\\\/\",\"name\":\"Zero Magazine\",\"description\":\"\",\"publisher\":{\"@id\":\"https:\\\/\\\/zeromagazine.mx\\\/#organization\"},\"potentialAction\":[{\"@type\":\"SearchAction\",\"target\":{\"@type\":\"EntryPoint\",\"urlTemplate\":\"https:\\\/\\\/zeromagazine.mx\\\/?s={search_term_string}\"},\"query-input\":{\"@type\":\"PropertyValueSpecification\",\"valueRequired\":true,\"valueName\":\"search_term_string\"}}],\"inLanguage\":\"es\"},{\"@type\":\"Organization\",\"@id\":\"https:\\\/\\\/zeromagazine.mx\\\/#organization\",\"name\":\"Zero Magazine\",\"url\":\"https:\\\/\\\/zeromagazine.mx\\\/\",\"logo\":{\"@type\":\"ImageObject\",\"inLanguage\":\"es\",\"@id\":\"https:\\\/\\\/zeromagazine.mx\\\/#\\\/schema\\\/logo\\\/image\\\/\",\"url\":\"https:\\\/\\\/i0.wp.com\\\/zeromagazine.mx\\\/wp-content\\\/uploads\\\/2025\\\/11\\\/1.jpeg?fit=1000%2C1000&ssl=1\",\"contentUrl\":\"https:\\\/\\\/i0.wp.com\\\/zeromagazine.mx\\\/wp-content\\\/uploads\\\/2025\\\/11\\\/1.jpeg?fit=1000%2C1000&ssl=1\",\"width\":1000,\"height\":1000,\"caption\":\"Zero Magazine\"},\"image\":{\"@id\":\"https:\\\/\\\/zeromagazine.mx\\\/#\\\/schema\\\/logo\\\/image\\\/\"},\"sameAs\":[\"https:\\\/\\\/instagram.com\\\/zeromagazinemx\"]},{\"@type\":\"Person\",\"@id\":\"https:\\\/\\\/zeromagazine.mx\\\/#\\\/schema\\\/person\\\/9f7f1a17c60ba8e9980e3e6677aabe5a\",\"name\":\"David Morales\",\"image\":{\"@type\":\"ImageObject\",\"inLanguage\":\"es\",\"@id\":\"https:\\\/\\\/zeromagazine.mx\\\/wp-content\\\/litespeed\\\/avatar\\\/76069d2136bfc1c37dc34815bb67ca42.jpg?ver=1777571067\",\"url\":\"https:\\\/\\\/zeromagazine.mx\\\/wp-content\\\/litespeed\\\/avatar\\\/76069d2136bfc1c37dc34815bb67ca42.jpg?ver=1777571067\",\"contentUrl\":\"https:\\\/\\\/zeromagazine.mx\\\/wp-content\\\/litespeed\\\/avatar\\\/76069d2136bfc1c37dc34815bb67ca42.jpg?ver=1777571067\",\"caption\":\"David Morales\"},\"url\":\"https:\\\/\\\/zeromagazine.mx\\\/index.php\\\/author\\\/david\\\/\"}]}<\/script>\n<!-- \/ Yoast SEO plugin. -->","yoast_head_json":{"title":"LOS ESQUIVEL APUESTAN POR LA CUMBIA EN SU NUEVO Y ATREVIDO SENCILLO \u201cDE PERRO\u201d - Zero Magazine","description":"Los Esquivel cumbia \u201cDe Perro\u201d marca una nueva etapa sonora con ritmo, libertad y una vibra post-ruptura.","robots":{"index":"index","follow":"follow","max-snippet":"max-snippet:-1","max-image-preview":"max-image-preview:large","max-video-preview":"max-video-preview:-1"},"canonical":"https:\/\/zeromagazine.mx\/index.php\/2026\/01\/30\/los-esquivel-cumbia-de-perro\/","og_locale":"es_ES","og_type":"article","og_title":"LOS ESQUIVEL APUESTAN POR LA CUMBIA EN SU NUEVO Y ATREVIDO SENCILLO \u201cDE PERRO\u201d - Zero Magazine","og_description":"Los Esquivel cumbia \u201cDe Perro\u201d marca una nueva etapa sonora con ritmo, libertad y una vibra post-ruptura.","og_url":"https:\/\/zeromagazine.mx\/index.php\/2026\/01\/30\/los-esquivel-cumbia-de-perro\/","og_site_name":"Zero Magazine","article_published_time":"2026-01-30T06:15:07+00:00","article_modified_time":"2026-01-30T06:18:46+00:00","og_image":[{"width":2046,"height":934,"url":"http:\/\/zeromagazine.mx\/wp-content\/uploads\/2026\/01\/IMG_1241-1.jpeg","type":"image\/jpeg"}],"author":"David Morales","twitter_card":"summary_large_image","twitter_misc":{"Escrito por":"David Morales","Tiempo de lectura":"3 minutos"},"schema":{"@context":"https:\/\/schema.org","@graph":[{"@type":"Article","@id":"https:\/\/zeromagazine.mx\/index.php\/2026\/01\/30\/los-esquivel-cumbia-de-perro\/#article","isPartOf":{"@id":"https:\/\/zeromagazine.mx\/index.php\/2026\/01\/30\/los-esquivel-cumbia-de-perro\/"},"author":{"name":"David Morales","@id":"https:\/\/zeromagazine.mx\/#\/schema\/person\/9f7f1a17c60ba8e9980e3e6677aabe5a"},"headline":"LOS ESQUIVEL APUESTAN POR LA CUMBIA EN SU NUEVO Y ATREVIDO SENCILLO \u201cDE PERRO\u201d","datePublished":"2026-01-30T06:15:07+00:00","dateModified":"2026-01-30T06:18:46+00:00","mainEntityOfPage":{"@id":"https:\/\/zeromagazine.mx\/index.php\/2026\/01\/30\/los-esquivel-cumbia-de-perro\/"},"wordCount":618,"commentCount":0,"publisher":{"@id":"https:\/\/zeromagazine.mx\/#organization"},"image":{"@id":"https:\/\/zeromagazine.mx\/index.php\/2026\/01\/30\/los-esquivel-cumbia-de-perro\/#primaryimage"},"thumbnailUrl":"https:\/\/i0.wp.com\/zeromagazine.mx\/wp-content\/uploads\/2026\/01\/IMG_1241-1.jpeg?fit=2046%2C934&ssl=1","articleSection":["M\u00fasica"],"inLanguage":"es","potentialAction":[{"@type":"CommentAction","name":"Comment","target":["https:\/\/zeromagazine.mx\/index.php\/2026\/01\/30\/los-esquivel-cumbia-de-perro\/#respond"]}]},{"@type":"WebPage","@id":"https:\/\/zeromagazine.mx\/index.php\/2026\/01\/30\/los-esquivel-cumbia-de-perro\/","url":"https:\/\/zeromagazine.mx\/index.php\/2026\/01\/30\/los-esquivel-cumbia-de-perro\/","name":"LOS ESQUIVEL APUESTAN POR LA CUMBIA EN SU NUEVO Y ATREVIDO SENCILLO \u201cDE PERRO\u201d - Zero Magazine","isPartOf":{"@id":"https:\/\/zeromagazine.mx\/#website"},"primaryImageOfPage":{"@id":"https:\/\/zeromagazine.mx\/index.php\/2026\/01\/30\/los-esquivel-cumbia-de-perro\/#primaryimage"},"image":{"@id":"https:\/\/zeromagazine.mx\/index.php\/2026\/01\/30\/los-esquivel-cumbia-de-perro\/#primaryimage"},"thumbnailUrl":"https:\/\/i0.wp.com\/zeromagazine.mx\/wp-content\/uploads\/2026\/01\/IMG_1241-1.jpeg?fit=2046%2C934&ssl=1","datePublished":"2026-01-30T06:15:07+00:00","dateModified":"2026-01-30T06:18:46+00:00","description":"Los Esquivel cumbia \u201cDe Perro\u201d marca una nueva etapa sonora con ritmo, libertad y una vibra post-ruptura.","breadcrumb":{"@id":"https:\/\/zeromagazine.mx\/index.php\/2026\/01\/30\/los-esquivel-cumbia-de-perro\/#breadcrumb"},"inLanguage":"es","potentialAction":[{"@type":"ReadAction","target":["https:\/\/zeromagazine.mx\/index.php\/2026\/01\/30\/los-esquivel-cumbia-de-perro\/"]}]},{"@type":"ImageObject","inLanguage":"es","@id":"https:\/\/zeromagazine.mx\/index.php\/2026\/01\/30\/los-esquivel-cumbia-de-perro\/#primaryimage","url":"https:\/\/i0.wp.com\/zeromagazine.mx\/wp-content\/uploads\/2026\/01\/IMG_1241-1.jpeg?fit=2046%2C934&ssl=1","contentUrl":"https:\/\/i0.wp.com\/zeromagazine.mx\/wp-content\/uploads\/2026\/01\/IMG_1241-1.jpeg?fit=2046%2C934&ssl=1","width":2046,"height":934},{"@type":"BreadcrumbList","@id":"https:\/\/zeromagazine.mx\/index.php\/2026\/01\/30\/los-esquivel-cumbia-de-perro\/#breadcrumb","itemListElement":[{"@type":"ListItem","position":1,"name":"Portada","item":"https:\/\/zeromagazine.mx\/"},{"@type":"ListItem","position":2,"name":"LOS ESQUIVEL APUESTAN POR LA CUMBIA EN SU NUEVO Y ATREVIDO SENCILLO \u201cDE PERRO\u201d"}]},{"@type":"WebSite","@id":"https:\/\/zeromagazine.mx\/#website","url":"https:\/\/zeromagazine.mx\/","name":"Zero Magazine","description":"","publisher":{"@id":"https:\/\/zeromagazine.mx\/#organization"},"potentialAction":[{"@type":"SearchAction","target":{"@type":"EntryPoint","urlTemplate":"https:\/\/zeromagazine.mx\/?s={search_term_string}"},"query-input":{"@type":"PropertyValueSpecification","valueRequired":true,"valueName":"search_term_string"}}],"inLanguage":"es"},{"@type":"Organization","@id":"https:\/\/zeromagazine.mx\/#organization","name":"Zero Magazine","url":"https:\/\/zeromagazine.mx\/","logo":{"@type":"ImageObject","inLanguage":"es","@id":"https:\/\/zeromagazine.mx\/#\/schema\/logo\/image\/","url":"https:\/\/i0.wp.com\/zeromagazine.mx\/wp-content\/uploads\/2025\/11\/1.jpeg?fit=1000%2C1000&ssl=1","contentUrl":"https:\/\/i0.wp.com\/zeromagazine.mx\/wp-content\/uploads\/2025\/11\/1.jpeg?fit=1000%2C1000&ssl=1","width":1000,"height":1000,"caption":"Zero Magazine"},"image":{"@id":"https:\/\/zeromagazine.mx\/#\/schema\/logo\/image\/"},"sameAs":["https:\/\/instagram.com\/zeromagazinemx"]},{"@type":"Person","@id":"https:\/\/zeromagazine.mx\/#\/schema\/person\/9f7f1a17c60ba8e9980e3e6677aabe5a","name":"David Morales","image":{"@type":"ImageObject","inLanguage":"es","@id":"https:\/\/zeromagazine.mx\/wp-content\/litespeed\/avatar\/76069d2136bfc1c37dc34815bb67ca42.jpg?ver=1777571067","url":"https:\/\/zeromagazine.mx\/wp-content\/litespeed\/avatar\/76069d2136bfc1c37dc34815bb67ca42.jpg?ver=1777571067","contentUrl":"https:\/\/zeromagazine.mx\/wp-content\/litespeed\/avatar\/76069d2136bfc1c37dc34815bb67ca42.jpg?ver=1777571067","caption":"David Morales"},"url":"https:\/\/zeromagazine.mx\/index.php\/author\/david\/"}]}},"jetpack_publicize_connections":[],"jetpack_featured_media_url":"https:\/\/i0.wp.com\/zeromagazine.mx\/wp-content\/uploads\/2026\/01\/IMG_1241-1.jpeg?fit=2046%2C934&ssl=1","jetpack-related-posts":[{"id":87796,"url":"https:\/\/zeromagazine.mx\/index.php\/2024\/10\/21\/panteon-rococo-x-camiseta-22-viernes\/","url_meta":{"origin":114489,"position":0},"title":"Pante\u00f3n Rococ\u00f3 x Camiseta 22: Viernes","author":"zeromagazinemx","date":"21 de octubre de 2024","format":false,"excerpt":"Chicxs \u00bfSab\u00edan que el \"Viernes\" puede sonar como una fiesta en cada nota? Y no estamos hablando de cualquier fiesta, sino de una mezcla explosiva de ska, cumbia y rock que te hace mover el cuerpo sin pensarlo. Si no te has enterado, los gigantes de la m\u00fasica mexicana Pante\u00f3n\u2026","rel":"","context":"En \u00abEntretenimiento\u00bb","block_context":{"text":"Entretenimiento","link":"https:\/\/zeromagazine.mx\/index.php\/category\/entretenimiento\/"},"img":{"alt_text":"","src":"https:\/\/i0.wp.com\/zeromagazine.mx\/wp-content\/uploads\/2024\/10\/Camiseta-22-y-Panteon-montaje.jpg?fit=1200%2C673&ssl=1&resize=350%2C200","width":350,"height":200,"srcset":"https:\/\/i0.wp.com\/zeromagazine.mx\/wp-content\/uploads\/2024\/10\/Camiseta-22-y-Panteon-montaje.jpg?fit=1200%2C673&ssl=1&resize=350%2C200 1x, https:\/\/i0.wp.com\/zeromagazine.mx\/wp-content\/uploads\/2024\/10\/Camiseta-22-y-Panteon-montaje.jpg?fit=1200%2C673&ssl=1&resize=525%2C300 1.5x, https:\/\/i0.wp.com\/zeromagazine.mx\/wp-content\/uploads\/2024\/10\/Camiseta-22-y-Panteon-montaje.jpg?fit=1200%2C673&ssl=1&resize=700%2C400 2x, https:\/\/i0.wp.com\/zeromagazine.mx\/wp-content\/uploads\/2024\/10\/Camiseta-22-y-Panteon-montaje.jpg?fit=1200%2C673&ssl=1&resize=1050%2C600 3x"},"classes":[]},{"id":53030,"url":"https:\/\/zeromagazine.mx\/index.php\/2021\/08\/27\/entrevista-a-maria-leon\/","url_meta":{"origin":114489,"position":1},"title":"Entrevista a Mar\u00eda Le\u00f3n","author":"zeromagazinemx","date":"27 de agosto de 2021","format":false,"excerpt":"Platicamos con Mar\u00eda Le\u00f3n una de las artistas m\u00e1s queridas de M\u00e9xico que nos cuenta sobre la picard\u00eda de su sencillo \u201cPecados Solitarios\u201d y de su nuevo sencillo \u201cMudanza de Hormiga\u201d a lado de la gran Gloria Trevi.\u00a0 Por Gabriela H. Delgadillo \u00bfQu\u00e9 onda con el temazo con el que\u2026","rel":"","context":"En \u00abCultura\u00bb","block_context":{"text":"Cultura","link":"https:\/\/zeromagazine.mx\/index.php\/category\/cultura\/"},"img":{"alt_text":"","src":"https:\/\/i0.wp.com\/img.youtube.com\/vi\/JwCeHN8-W5c\/0.jpg?resize=350%2C200","width":350,"height":200},"classes":[]},{"id":81103,"url":"https:\/\/zeromagazine.mx\/index.php\/2024\/07\/31\/los-gorriones-regreso-tropical-epico\/","url_meta":{"origin":114489,"position":2},"title":"\u00abLos Gorriones: Regreso Tropical \u00c9pico\u00bb","author":"zeromagazinemx","date":"31 de julio de 2024","format":false,"excerpt":"\u00a1Hey, gent@! Si no has escuchado hablar de\u00a0Los Gorriones, est\u00e1s a punto de descubrir algo incre\u00edble. Esta banda, que nos hizo sentir todas las vibes con su m\u00fasica tropical, est\u00e1 de regreso despu\u00e9s de una breve pausa y \u00a1viene con m\u00e1s fuerza que nunca! Prep\u00e1rate para un viaje musical que\u2026","rel":"","context":"En \u00abBlog\u00bb","block_context":{"text":"Blog","link":"https:\/\/zeromagazine.mx\/index.php\/category\/blog\/"},"img":{"alt_text":"","src":"https:\/\/i0.wp.com\/zeromagazine.mx\/wp-content\/uploads\/2024\/07\/WhatsApp-Image-2024-07-30-at-4.16.33-PM.jpeg?fit=1200%2C799&ssl=1&resize=350%2C200","width":350,"height":200,"srcset":"https:\/\/i0.wp.com\/zeromagazine.mx\/wp-content\/uploads\/2024\/07\/WhatsApp-Image-2024-07-30-at-4.16.33-PM.jpeg?fit=1200%2C799&ssl=1&resize=350%2C200 1x, https:\/\/i0.wp.com\/zeromagazine.mx\/wp-content\/uploads\/2024\/07\/WhatsApp-Image-2024-07-30-at-4.16.33-PM.jpeg?fit=1200%2C799&ssl=1&resize=525%2C300 1.5x, https:\/\/i0.wp.com\/zeromagazine.mx\/wp-content\/uploads\/2024\/07\/WhatsApp-Image-2024-07-30-at-4.16.33-PM.jpeg?fit=1200%2C799&ssl=1&resize=700%2C400 2x, https:\/\/i0.wp.com\/zeromagazine.mx\/wp-content\/uploads\/2024\/07\/WhatsApp-Image-2024-07-30-at-4.16.33-PM.jpeg?fit=1200%2C799&ssl=1&resize=1050%2C600 3x"},"classes":[]},{"id":77756,"url":"https:\/\/zeromagazine.mx\/index.php\/2024\/06\/12\/alberto-pedraza-y-sus-invitados-llegan-en-grande-al-auditorio-nacional-en-solo-4-dias\/","url_meta":{"origin":114489,"position":3},"title":"Alberto Pedraza y sus Invitados Llegan en Grande al Auditorio Nacional en Solo 4 D\u00edas","author":"David Morales","date":"12 de junio de 2024","format":false,"excerpt":"\u00bfYa escucharon la noticia del siglo? El \"Rey de la cumbia sonidera\", Alberto Pedraza, est\u00e1 por celebrar su cincuenta aniversario de carrera con un megaconcierto el domingo 16 de junio. \u00a1Y no es cualquier concierto! Va a ser una explosi\u00f3n de ritmo y talento con invitados de lujo como Big\u2026","rel":"","context":"En \u00abBlog\u00bb","block_context":{"text":"Blog","link":"https:\/\/zeromagazine.mx\/index.php\/category\/blog\/"},"img":{"alt_text":"","src":"https:\/\/i0.wp.com\/zeromagazine.mx\/wp-content\/uploads\/2024\/06\/ALBERTO-PEDRAZA-JUN-2024-AUDITORIO-NACIONAL-CARTEL.jpg?fit=1200%2C1200&ssl=1&resize=350%2C200","width":350,"height":200,"srcset":"https:\/\/i0.wp.com\/zeromagazine.mx\/wp-content\/uploads\/2024\/06\/ALBERTO-PEDRAZA-JUN-2024-AUDITORIO-NACIONAL-CARTEL.jpg?fit=1200%2C1200&ssl=1&resize=350%2C200 1x, https:\/\/i0.wp.com\/zeromagazine.mx\/wp-content\/uploads\/2024\/06\/ALBERTO-PEDRAZA-JUN-2024-AUDITORIO-NACIONAL-CARTEL.jpg?fit=1200%2C1200&ssl=1&resize=525%2C300 1.5x, https:\/\/i0.wp.com\/zeromagazine.mx\/wp-content\/uploads\/2024\/06\/ALBERTO-PEDRAZA-JUN-2024-AUDITORIO-NACIONAL-CARTEL.jpg?fit=1200%2C1200&ssl=1&resize=700%2C400 2x, https:\/\/i0.wp.com\/zeromagazine.mx\/wp-content\/uploads\/2024\/06\/ALBERTO-PEDRAZA-JUN-2024-AUDITORIO-NACIONAL-CARTEL.jpg?fit=1200%2C1200&ssl=1&resize=1050%2C600 3x"},"classes":[]},{"id":82420,"url":"https:\/\/zeromagazine.mx\/index.php\/2024\/08\/23\/verano-con-ritmos-que-atrapan\/","url_meta":{"origin":114489,"position":4},"title":"\u00abVerano con ritmos que atrapan\u00bb","author":"zeromagazinemx","date":"23 de agosto de 2024","format":false,"excerpt":"\u00bfQu\u00e9 onda, amig@s? Este verano, si andas buscando una experiencia musical que te saque de la rutina y te meta en un mood bien chill, Jazzatl\u00e1n Capital es el spot perfecto para ti. Ubicado en el coraz\u00f3n de la Roma Norte, este lugar se ha convertido en el epicentro de\u2026","rel":"","context":"En \u00abEntretenimiento\u00bb","block_context":{"text":"Entretenimiento","link":"https:\/\/zeromagazine.mx\/index.php\/category\/entretenimiento\/"},"img":{"alt_text":"","src":"https:\/\/i0.wp.com\/zeromagazine.mx\/wp-content\/uploads\/2024\/08\/IMG_6384-Cercis-Morera-Boado-scaled.jpeg?fit=1200%2C800&ssl=1&resize=350%2C200","width":350,"height":200,"srcset":"https:\/\/i0.wp.com\/zeromagazine.mx\/wp-content\/uploads\/2024\/08\/IMG_6384-Cercis-Morera-Boado-scaled.jpeg?fit=1200%2C800&ssl=1&resize=350%2C200 1x, https:\/\/i0.wp.com\/zeromagazine.mx\/wp-content\/uploads\/2024\/08\/IMG_6384-Cercis-Morera-Boado-scaled.jpeg?fit=1200%2C800&ssl=1&resize=525%2C300 1.5x, https:\/\/i0.wp.com\/zeromagazine.mx\/wp-content\/uploads\/2024\/08\/IMG_6384-Cercis-Morera-Boado-scaled.jpeg?fit=1200%2C800&ssl=1&resize=700%2C400 2x, https:\/\/i0.wp.com\/zeromagazine.mx\/wp-content\/uploads\/2024\/08\/IMG_6384-Cercis-Morera-Boado-scaled.jpeg?fit=1200%2C800&ssl=1&resize=1050%2C600 3x"},"classes":[]},{"id":113758,"url":"https:\/\/zeromagazine.mx\/index.php\/2026\/01\/20\/gira-nortena-julieta-venegas-2026\/","url_meta":{"origin":114489,"position":5},"title":"JULIETA VENEGAS Regresa a su Origen con el Anuncio de su Nueva Gira: \u00abNorte\u00f1a\u00bb","author":"David Morales","date":"20 de enero de 2026","format":false,"excerpt":"Hay regresos que no miran atr\u00e1s, sino hacia adentro.\u00a0Gira Norte\u00f1a Julieta Venegas\u00a0es justo eso: una vuelta consciente al origen, a los sonidos que marcaron una infancia fronteriza y que hoy se transforman en un nuevo cap\u00edtulo art\u00edstico. Con este anuncio, Julieta no solo presenta una gira, sino una declaraci\u00f3n de\u2026","rel":"","context":"En \u00abM\u00fasica\u00bb","block_context":{"text":"M\u00fasica","link":"https:\/\/zeromagazine.mx\/index.php\/category\/musica\/"},"img":{"alt_text":"","src":"https:\/\/i0.wp.com\/zeromagazine.mx\/wp-content\/uploads\/2026\/01\/IMG_1013-scaled.png?fit=960%2C1200&ssl=1&resize=350%2C200","width":350,"height":200,"srcset":"https:\/\/i0.wp.com\/zeromagazine.mx\/wp-content\/uploads\/2026\/01\/IMG_1013-scaled.png?fit=960%2C1200&ssl=1&resize=350%2C200 1x, https:\/\/i0.wp.com\/zeromagazine.mx\/wp-content\/uploads\/2026\/01\/IMG_1013-scaled.png?fit=960%2C1200&ssl=1&resize=525%2C300 1.5x, https:\/\/i0.wp.com\/zeromagazine.mx\/wp-content\/uploads\/2026\/01\/IMG_1013-scaled.png?fit=960%2C1200&ssl=1&resize=700%2C400 2x"},"classes":[]}],"jetpack_sharing_enabled":true,"builder_content":"","_links":{"self":[{"href":"https:\/\/zeromagazine.mx\/index.php\/wp-json\/wp\/v2\/posts\/114489","targetHints":{"allow":["GET"]}}],"collection":[{"href":"https:\/\/zeromagazine.mx\/index.php\/wp-json\/wp\/v2\/posts"}],"about":[{"href":"https:\/\/zeromagazine.mx\/index.php\/wp-json\/wp\/v2\/types\/post"}],"author":[{"embeddable":true,"href":"https:\/\/zeromagazine.mx\/index.php\/wp-json\/wp\/v2\/users\/4"}],"replies":[{"embeddable":true,"href":"https:\/\/zeromagazine.mx\/index.php\/wp-json\/wp\/v2\/comments?post=114489"}],"version-history":[{"count":5,"href":"https:\/\/zeromagazine.mx\/index.php\/wp-json\/wp\/v2\/posts\/114489\/revisions"}],"predecessor-version":[{"id":114499,"href":"https:\/\/zeromagazine.mx\/index.php\/wp-json\/wp\/v2\/posts\/114489\/revisions\/114499"}],"wp:featuredmedia":[{"embeddable":true,"href":"https:\/\/zeromagazine.mx\/index.php\/wp-json\/wp\/v2\/media\/114496"}],"wp:attachment":[{"href":"https:\/\/zeromagazine.mx\/index.php\/wp-json\/wp\/v2\/media?parent=114489"}],"wp:term":[{"taxonomy":"category","embeddable":true,"href":"https:\/\/zeromagazine.mx\/index.php\/wp-json\/wp\/v2\/categories?post=114489"},{"taxonomy":"post_tag","embeddable":true,"href":"https:\/\/zeromagazine.mx\/index.php\/wp-json\/wp\/v2\/tags?post=114489"}],"curies":[{"name":"wp","href":"https:\/\/api.w.org\/{rel}","templated":true}]}}