{"id":116136,"date":"2026-03-02T23:52:54","date_gmt":"2026-03-03T05:52:54","guid":{"rendered":"https:\/\/zeromagazine.mx\/?p=116136"},"modified":"2026-03-02T23:52:56","modified_gmt":"2026-03-03T05:52:56","slug":"mini-bags-tendencia-2026","status":"publish","type":"post","link":"https:\/\/zeromagazine.mx\/index.php\/2026\/03\/02\/mini-bags-tendencia-2026\/","title":{"rendered":"Mini bags dominan el 2026"},"content":{"rendered":"\n<p>Si pensabas que las bolsas enormes eran la \u00fanica forma de sobrevivir al caos diario, tenemos noticias: las mini bags est\u00e1n viviendo su mejor momento. Y no, no es solo una moda pasajera que naci\u00f3 en TikTok; es una respuesta real a c\u00f3mo nos movemos, trabajamos, salimos y viajamos hoy.<\/p>\n\n\n\n<p><br>En un mundo donde todo cabe en el celular, llevar media casa encima ya no tiene sentido. Las mini bags se han convertido en esa pieza clave que equilibra funcionalidad y estilo sin esfuerzo. Son pr\u00e1cticas, s\u00ed, pero tambi\u00e9n elevan cualquier outfit en segundos. Literalmente, se sienten como una extensi\u00f3n natural del cuerpo.<\/p>\n\n\n\n<p><br>Adem\u00e1s, hay algo poderoso en elegir solo lo esencial. Tel\u00e9fono, llaves, cartera, lip balm y aud\u00edfonos. Nada m\u00e1s. Esa edici\u00f3n consciente conecta perfecto con una mentalidad m\u00e1s minimalista y est\u00e9tica, donde cada objeto que llevas tiene intenci\u00f3n.<\/p>\n\n\n\n<figure class=\"wp-block-image size-full\"><img data-recalc-dims=\"1\" decoding=\"async\" width=\"1165\" height=\"1553\" src=\"https:\/\/i0.wp.com\/zeromagazine.mx\/wp-content\/uploads\/2026\/03\/1000054555-scaled.jpg?resize=1165%2C1553&#038;ssl=1\" alt=\"\" class=\"wp-image-116137\" srcset=\"https:\/\/i0.wp.com\/zeromagazine.mx\/wp-content\/uploads\/2026\/03\/1000054555-scaled.jpg?w=1920&amp;ssl=1 1920w, https:\/\/i0.wp.com\/zeromagazine.mx\/wp-content\/uploads\/2026\/03\/1000054555-scaled.jpg?resize=225%2C300&amp;ssl=1 225w, https:\/\/i0.wp.com\/zeromagazine.mx\/wp-content\/uploads\/2026\/03\/1000054555-scaled.jpg?resize=768%2C1024&amp;ssl=1 768w, https:\/\/i0.wp.com\/zeromagazine.mx\/wp-content\/uploads\/2026\/03\/1000054555-scaled.jpg?resize=1152%2C1536&amp;ssl=1 1152w, https:\/\/i0.wp.com\/zeromagazine.mx\/wp-content\/uploads\/2026\/03\/1000054555-scaled.jpg?resize=1536%2C2048&amp;ssl=1 1536w\" sizes=\"(max-width: 1165px) 100vw, 1165px\" \/><\/figure>\n\n\n\n<h2 class=\"wp-block-heading\">Mini bags como declaraci\u00f3n de estilo<\/h2>\n\n\n\n<p><br>Las mini bags ya no son \u201cla bolsita cute\u201d que usas solo para salir. Ahora funcionan como el centro del look. Desde crossbags compactas hasta mini mochilas estructuradas, estas siluetas est\u00e1n redefiniendo el street style urbano.<\/p>\n\n\n\n<p><br>Por ejemplo, marcas como Gaston Luga han sabido leer el momento con precisi\u00f3n escandinava: l\u00edneas limpias, colores neutros y proporciones equilibradas que combinan con absolutamente todo. Sus modelos compactos no gritan tendencia, pero s\u00ed proyectan una vibra sofisticada y atemporal.<\/p>\n\n\n\n<p><br>Asimismo, el tama\u00f1o reducido no significa fragilidad. Las nuevas propuestas en mini bags apuestan por materiales resistentes, acabados mate y estructuras firmes que mantienen su forma. Eso las convierte en piezas inteligentes: peque\u00f1as, pero poderosas.<\/p>\n\n\n\n<figure class=\"wp-block-image size-full\"><img data-recalc-dims=\"1\" decoding=\"async\" width=\"1165\" height=\"1553\" src=\"https:\/\/i0.wp.com\/zeromagazine.mx\/wp-content\/uploads\/2026\/03\/1000054556-scaled.jpg?resize=1165%2C1553&#038;ssl=1\" alt=\"\" class=\"wp-image-116139\" style=\"object-fit:cover\" srcset=\"https:\/\/i0.wp.com\/zeromagazine.mx\/wp-content\/uploads\/2026\/03\/1000054556-scaled.jpg?w=1920&amp;ssl=1 1920w, https:\/\/i0.wp.com\/zeromagazine.mx\/wp-content\/uploads\/2026\/03\/1000054556-scaled.jpg?resize=225%2C300&amp;ssl=1 225w, https:\/\/i0.wp.com\/zeromagazine.mx\/wp-content\/uploads\/2026\/03\/1000054556-scaled.jpg?resize=768%2C1024&amp;ssl=1 768w, https:\/\/i0.wp.com\/zeromagazine.mx\/wp-content\/uploads\/2026\/03\/1000054556-scaled.jpg?resize=1152%2C1536&amp;ssl=1 1152w, https:\/\/i0.wp.com\/zeromagazine.mx\/wp-content\/uploads\/2026\/03\/1000054556-scaled.jpg?resize=1536%2C2048&amp;ssl=1 1536w\" sizes=\"(max-width: 1165px) 100vw, 1165px\" \/><figcaption class=\"wp-element-caption\">PixCake<\/figcaption><\/figure>\n\n\n\n<h2 class=\"wp-block-heading\">Mini bags y el nuevo minimalismo urbano<\/h2>\n\n\n\n<p><br>Por otro lado, el auge de las mini bags tambi\u00e9n tiene que ver con movilidad. Vivimos en modo multitask: clases, caf\u00e9, oficina h\u00edbrida, evento, plan improvisado. Necesitamos accesorios que se adapten sin estorbar.<\/p>\n\n\n\n<p><br>En consecuencia, las mini mochilas y crossbodies compactas se sienten como el balance perfecto entre accesorio fashion y herramienta funcional. No pesan, no ocupan espacio de m\u00e1s y combinan con sneakers, botas chunky o incluso un blazer oversized.<\/p>\n\n\n\n<p><br>Adem\u00e1s, en redes sociales son oro puro. Su tama\u00f1o las hace visualmente irresistibles: son fotog\u00e9nicas, proporcionales y s\u00faper compartibles. Pero lo interesante es que su popularidad no depende solo de lo aesthetic; responde a una necesidad real de simplificar.<\/p>\n\n\n\n<p><br>Finalmente, las mini bags representan algo m\u00e1s grande que su tama\u00f1o: una evoluci\u00f3n en c\u00f3mo entendemos el dise\u00f1o. Menos exceso, m\u00e1s intenci\u00f3n. Menos volumen, m\u00e1s identidad. Y cuando una marca logra capturar esa filosof\u00eda con coherencia, el resultado no es solo tendencia, sino una inversi\u00f3n que se queda en tu cl\u00f3set por a\u00f1os.<\/p>\n\n\n\n<p><br>Porque s\u00ed, a veces menos es m\u00e1s. Y en 2026, eso cabe perfecto en una mini bag.<\/p>\n\n\n\n<figure class=\"wp-block-image size-full\"><img data-recalc-dims=\"1\" decoding=\"async\" width=\"950\" height=\"1217\" src=\"https:\/\/i0.wp.com\/zeromagazine.mx\/wp-content\/uploads\/2026\/03\/1000054558.jpg?resize=950%2C1217&#038;ssl=1\" alt=\"\" class=\"wp-image-116138\" srcset=\"https:\/\/i0.wp.com\/zeromagazine.mx\/wp-content\/uploads\/2026\/03\/1000054558.jpg?w=950&amp;ssl=1 950w, https:\/\/i0.wp.com\/zeromagazine.mx\/wp-content\/uploads\/2026\/03\/1000054558.jpg?resize=234%2C300&amp;ssl=1 234w, https:\/\/i0.wp.com\/zeromagazine.mx\/wp-content\/uploads\/2026\/03\/1000054558.jpg?resize=799%2C1024&amp;ssl=1 799w, https:\/\/i0.wp.com\/zeromagazine.mx\/wp-content\/uploads\/2026\/03\/1000054558.jpg?resize=768%2C984&amp;ssl=1 768w\" sizes=\"(max-width: 950px) 100vw, 950px\" \/><\/figure>\n\n\n\n<p><\/p>\n<!--themify_builder_content-->\n<div id=\"themify_builder_content-116136\" data-postid=\"116136\" class=\"themify_builder_content themify_builder_content-116136 themify_builder tf_clear\">\n    <\/div>\n<!--\/themify_builder_content-->\n","protected":false},"excerpt":{"rendered":"<p>Si pensabas que las bolsas enormes eran la \u00fanica forma de sobrevivir al caos diario, tenemos noticias: las mini bags est\u00e1n viviendo su mejor momento. Y no, no es solo una moda pasajera que naci\u00f3 en TikTok; es una respuesta real a c\u00f3mo nos movemos, trabajamos, salimos y viajamos hoy. En un mundo donde todo [&hellip;]<\/p>\n","protected":false},"author":2,"featured_media":116137,"comment_status":"open","ping_status":"open","sticky":false,"template":"","format":"standard","meta":{"_jetpack_memberships_contains_paid_content":false,"footnotes":"","jetpack_publicize_message":"","jetpack_publicize_feature_enabled":true,"jetpack_social_post_already_shared":true,"jetpack_social_options":{"image_generator_settings":{"template":"highway","default_image_id":0,"font":"","enabled":false},"version":2}},"categories":[67],"tags":[],"class_list":["post-116136","post","type-post","status-publish","format-standard","has-post-thumbnail","hentry","category-moda","has-post-title","has-post-date","has-post-category","has-post-tag","has-post-comment","has-post-author",""],"yoast_head":"<!-- This site is optimized with the Yoast SEO plugin v27.5 - https:\/\/yoast.com\/product\/yoast-seo-wordpress\/ -->\n<title>Mini bags dominan el 2026 - Zero Magazine<\/title>\n<meta name=\"description\" content=\"Mini bags: la tendencia 2026 que mezcla estilo, minimalismo y practicidad en un accesorio clave del d\u00eda a d\u00eda.\" \/>\n<meta name=\"robots\" content=\"index, follow, max-snippet:-1, max-image-preview:large, max-video-preview:-1\" \/>\n<link rel=\"canonical\" href=\"https:\/\/zeromagazine.mx\/index.php\/2026\/03\/02\/mini-bags-tendencia-2026\/\" \/>\n<meta property=\"og:locale\" content=\"es_ES\" \/>\n<meta property=\"og:type\" content=\"article\" \/>\n<meta property=\"og:title\" content=\"Mini bags dominan el 2026 - Zero Magazine\" \/>\n<meta property=\"og:description\" content=\"Mini bags: la tendencia 2026 que mezcla estilo, minimalismo y practicidad en un accesorio clave del d\u00eda a d\u00eda.\" \/>\n<meta property=\"og:url\" content=\"https:\/\/zeromagazine.mx\/index.php\/2026\/03\/02\/mini-bags-tendencia-2026\/\" \/>\n<meta property=\"og:site_name\" content=\"Zero Magazine\" \/>\n<meta property=\"article:published_time\" content=\"2026-03-03T05:52:54+00:00\" \/>\n<meta property=\"article:modified_time\" content=\"2026-03-03T05:52:56+00:00\" \/>\n<meta property=\"og:image\" content=\"http:\/\/zeromagazine.mx\/wp-content\/uploads\/2026\/03\/1000054555-scaled.jpg\" \/>\n\t<meta property=\"og:image:width\" content=\"1920\" \/>\n\t<meta property=\"og:image:height\" content=\"2560\" \/>\n\t<meta property=\"og:image:type\" content=\"image\/jpeg\" \/>\n<meta name=\"author\" content=\"zeromagazinemx\" \/>\n<meta name=\"twitter:card\" content=\"summary_large_image\" \/>\n<meta name=\"twitter:label1\" content=\"Escrito por\" \/>\n\t<meta name=\"twitter:data1\" content=\"zeromagazinemx\" \/>\n\t<meta name=\"twitter:label2\" content=\"Tiempo de lectura\" \/>\n\t<meta name=\"twitter:data2\" content=\"3 minutos\" \/>\n<script type=\"application\/ld+json\" class=\"yoast-schema-graph\">{\"@context\":\"https:\\\/\\\/schema.org\",\"@graph\":[{\"@type\":\"Article\",\"@id\":\"https:\\\/\\\/zeromagazine.mx\\\/index.php\\\/2026\\\/03\\\/02\\\/mini-bags-tendencia-2026\\\/#article\",\"isPartOf\":{\"@id\":\"https:\\\/\\\/zeromagazine.mx\\\/index.php\\\/2026\\\/03\\\/02\\\/mini-bags-tendencia-2026\\\/\"},\"author\":{\"name\":\"zeromagazinemx\",\"@id\":\"https:\\\/\\\/zeromagazine.mx\\\/#\\\/schema\\\/person\\\/9aed9f33a7c39af3a348b86d723f7773\"},\"headline\":\"Mini bags dominan el 2026\",\"datePublished\":\"2026-03-03T05:52:54+00:00\",\"dateModified\":\"2026-03-03T05:52:56+00:00\",\"mainEntityOfPage\":{\"@id\":\"https:\\\/\\\/zeromagazine.mx\\\/index.php\\\/2026\\\/03\\\/02\\\/mini-bags-tendencia-2026\\\/\"},\"wordCount\":487,\"commentCount\":0,\"publisher\":{\"@id\":\"https:\\\/\\\/zeromagazine.mx\\\/#organization\"},\"image\":{\"@id\":\"https:\\\/\\\/zeromagazine.mx\\\/index.php\\\/2026\\\/03\\\/02\\\/mini-bags-tendencia-2026\\\/#primaryimage\"},\"thumbnailUrl\":\"https:\\\/\\\/i0.wp.com\\\/zeromagazine.mx\\\/wp-content\\\/uploads\\\/2026\\\/03\\\/1000054555-scaled.jpg?fit=1920%2C2560&ssl=1\",\"articleSection\":[\"Moda\"],\"inLanguage\":\"es\",\"potentialAction\":[{\"@type\":\"CommentAction\",\"name\":\"Comment\",\"target\":[\"https:\\\/\\\/zeromagazine.mx\\\/index.php\\\/2026\\\/03\\\/02\\\/mini-bags-tendencia-2026\\\/#respond\"]}]},{\"@type\":\"WebPage\",\"@id\":\"https:\\\/\\\/zeromagazine.mx\\\/index.php\\\/2026\\\/03\\\/02\\\/mini-bags-tendencia-2026\\\/\",\"url\":\"https:\\\/\\\/zeromagazine.mx\\\/index.php\\\/2026\\\/03\\\/02\\\/mini-bags-tendencia-2026\\\/\",\"name\":\"Mini bags dominan el 2026 - Zero Magazine\",\"isPartOf\":{\"@id\":\"https:\\\/\\\/zeromagazine.mx\\\/#website\"},\"primaryImageOfPage\":{\"@id\":\"https:\\\/\\\/zeromagazine.mx\\\/index.php\\\/2026\\\/03\\\/02\\\/mini-bags-tendencia-2026\\\/#primaryimage\"},\"image\":{\"@id\":\"https:\\\/\\\/zeromagazine.mx\\\/index.php\\\/2026\\\/03\\\/02\\\/mini-bags-tendencia-2026\\\/#primaryimage\"},\"thumbnailUrl\":\"https:\\\/\\\/i0.wp.com\\\/zeromagazine.mx\\\/wp-content\\\/uploads\\\/2026\\\/03\\\/1000054555-scaled.jpg?fit=1920%2C2560&ssl=1\",\"datePublished\":\"2026-03-03T05:52:54+00:00\",\"dateModified\":\"2026-03-03T05:52:56+00:00\",\"description\":\"Mini bags: la tendencia 2026 que mezcla estilo, minimalismo y practicidad en un accesorio clave del d\u00eda a d\u00eda.\",\"breadcrumb\":{\"@id\":\"https:\\\/\\\/zeromagazine.mx\\\/index.php\\\/2026\\\/03\\\/02\\\/mini-bags-tendencia-2026\\\/#breadcrumb\"},\"inLanguage\":\"es\",\"potentialAction\":[{\"@type\":\"ReadAction\",\"target\":[\"https:\\\/\\\/zeromagazine.mx\\\/index.php\\\/2026\\\/03\\\/02\\\/mini-bags-tendencia-2026\\\/\"]}]},{\"@type\":\"ImageObject\",\"inLanguage\":\"es\",\"@id\":\"https:\\\/\\\/zeromagazine.mx\\\/index.php\\\/2026\\\/03\\\/02\\\/mini-bags-tendencia-2026\\\/#primaryimage\",\"url\":\"https:\\\/\\\/i0.wp.com\\\/zeromagazine.mx\\\/wp-content\\\/uploads\\\/2026\\\/03\\\/1000054555-scaled.jpg?fit=1920%2C2560&ssl=1\",\"contentUrl\":\"https:\\\/\\\/i0.wp.com\\\/zeromagazine.mx\\\/wp-content\\\/uploads\\\/2026\\\/03\\\/1000054555-scaled.jpg?fit=1920%2C2560&ssl=1\",\"width\":1920,\"height\":2560},{\"@type\":\"BreadcrumbList\",\"@id\":\"https:\\\/\\\/zeromagazine.mx\\\/index.php\\\/2026\\\/03\\\/02\\\/mini-bags-tendencia-2026\\\/#breadcrumb\",\"itemListElement\":[{\"@type\":\"ListItem\",\"position\":1,\"name\":\"Portada\",\"item\":\"https:\\\/\\\/zeromagazine.mx\\\/\"},{\"@type\":\"ListItem\",\"position\":2,\"name\":\"Mini bags dominan el 2026\"}]},{\"@type\":\"WebSite\",\"@id\":\"https:\\\/\\\/zeromagazine.mx\\\/#website\",\"url\":\"https:\\\/\\\/zeromagazine.mx\\\/\",\"name\":\"Zero Magazine\",\"description\":\"\",\"publisher\":{\"@id\":\"https:\\\/\\\/zeromagazine.mx\\\/#organization\"},\"potentialAction\":[{\"@type\":\"SearchAction\",\"target\":{\"@type\":\"EntryPoint\",\"urlTemplate\":\"https:\\\/\\\/zeromagazine.mx\\\/?s={search_term_string}\"},\"query-input\":{\"@type\":\"PropertyValueSpecification\",\"valueRequired\":true,\"valueName\":\"search_term_string\"}}],\"inLanguage\":\"es\"},{\"@type\":\"Organization\",\"@id\":\"https:\\\/\\\/zeromagazine.mx\\\/#organization\",\"name\":\"Zero Magazine\",\"url\":\"https:\\\/\\\/zeromagazine.mx\\\/\",\"logo\":{\"@type\":\"ImageObject\",\"inLanguage\":\"es\",\"@id\":\"https:\\\/\\\/zeromagazine.mx\\\/#\\\/schema\\\/logo\\\/image\\\/\",\"url\":\"https:\\\/\\\/i0.wp.com\\\/zeromagazine.mx\\\/wp-content\\\/uploads\\\/2025\\\/11\\\/1.jpeg?fit=1000%2C1000&ssl=1\",\"contentUrl\":\"https:\\\/\\\/i0.wp.com\\\/zeromagazine.mx\\\/wp-content\\\/uploads\\\/2025\\\/11\\\/1.jpeg?fit=1000%2C1000&ssl=1\",\"width\":1000,\"height\":1000,\"caption\":\"Zero Magazine\"},\"image\":{\"@id\":\"https:\\\/\\\/zeromagazine.mx\\\/#\\\/schema\\\/logo\\\/image\\\/\"},\"sameAs\":[\"https:\\\/\\\/instagram.com\\\/zeromagazinemx\"]},{\"@type\":\"Person\",\"@id\":\"https:\\\/\\\/zeromagazine.mx\\\/#\\\/schema\\\/person\\\/9aed9f33a7c39af3a348b86d723f7773\",\"name\":\"zeromagazinemx\",\"image\":{\"@type\":\"ImageObject\",\"inLanguage\":\"es\",\"@id\":\"https:\\\/\\\/zeromagazine.mx\\\/wp-content\\\/litespeed\\\/avatar\\\/f91dfe5410d5dcb1a576bf8c45983896.jpg?ver=1777571230\",\"url\":\"https:\\\/\\\/zeromagazine.mx\\\/wp-content\\\/litespeed\\\/avatar\\\/f91dfe5410d5dcb1a576bf8c45983896.jpg?ver=1777571230\",\"contentUrl\":\"https:\\\/\\\/zeromagazine.mx\\\/wp-content\\\/litespeed\\\/avatar\\\/f91dfe5410d5dcb1a576bf8c45983896.jpg?ver=1777571230\",\"caption\":\"zeromagazinemx\"},\"url\":\"https:\\\/\\\/zeromagazine.mx\\\/index.php\\\/author\\\/zeromagazinemx\\\/\"}]}<\/script>\n<!-- \/ Yoast SEO plugin. -->","yoast_head_json":{"title":"Mini bags dominan el 2026 - Zero Magazine","description":"Mini bags: la tendencia 2026 que mezcla estilo, minimalismo y practicidad en un accesorio clave del d\u00eda a d\u00eda.","robots":{"index":"index","follow":"follow","max-snippet":"max-snippet:-1","max-image-preview":"max-image-preview:large","max-video-preview":"max-video-preview:-1"},"canonical":"https:\/\/zeromagazine.mx\/index.php\/2026\/03\/02\/mini-bags-tendencia-2026\/","og_locale":"es_ES","og_type":"article","og_title":"Mini bags dominan el 2026 - Zero Magazine","og_description":"Mini bags: la tendencia 2026 que mezcla estilo, minimalismo y practicidad en un accesorio clave del d\u00eda a d\u00eda.","og_url":"https:\/\/zeromagazine.mx\/index.php\/2026\/03\/02\/mini-bags-tendencia-2026\/","og_site_name":"Zero Magazine","article_published_time":"2026-03-03T05:52:54+00:00","article_modified_time":"2026-03-03T05:52:56+00:00","og_image":[{"width":1920,"height":2560,"url":"http:\/\/zeromagazine.mx\/wp-content\/uploads\/2026\/03\/1000054555-scaled.jpg","type":"image\/jpeg"}],"author":"zeromagazinemx","twitter_card":"summary_large_image","twitter_misc":{"Escrito por":"zeromagazinemx","Tiempo de lectura":"3 minutos"},"schema":{"@context":"https:\/\/schema.org","@graph":[{"@type":"Article","@id":"https:\/\/zeromagazine.mx\/index.php\/2026\/03\/02\/mini-bags-tendencia-2026\/#article","isPartOf":{"@id":"https:\/\/zeromagazine.mx\/index.php\/2026\/03\/02\/mini-bags-tendencia-2026\/"},"author":{"name":"zeromagazinemx","@id":"https:\/\/zeromagazine.mx\/#\/schema\/person\/9aed9f33a7c39af3a348b86d723f7773"},"headline":"Mini bags dominan el 2026","datePublished":"2026-03-03T05:52:54+00:00","dateModified":"2026-03-03T05:52:56+00:00","mainEntityOfPage":{"@id":"https:\/\/zeromagazine.mx\/index.php\/2026\/03\/02\/mini-bags-tendencia-2026\/"},"wordCount":487,"commentCount":0,"publisher":{"@id":"https:\/\/zeromagazine.mx\/#organization"},"image":{"@id":"https:\/\/zeromagazine.mx\/index.php\/2026\/03\/02\/mini-bags-tendencia-2026\/#primaryimage"},"thumbnailUrl":"https:\/\/i0.wp.com\/zeromagazine.mx\/wp-content\/uploads\/2026\/03\/1000054555-scaled.jpg?fit=1920%2C2560&ssl=1","articleSection":["Moda"],"inLanguage":"es","potentialAction":[{"@type":"CommentAction","name":"Comment","target":["https:\/\/zeromagazine.mx\/index.php\/2026\/03\/02\/mini-bags-tendencia-2026\/#respond"]}]},{"@type":"WebPage","@id":"https:\/\/zeromagazine.mx\/index.php\/2026\/03\/02\/mini-bags-tendencia-2026\/","url":"https:\/\/zeromagazine.mx\/index.php\/2026\/03\/02\/mini-bags-tendencia-2026\/","name":"Mini bags dominan el 2026 - Zero Magazine","isPartOf":{"@id":"https:\/\/zeromagazine.mx\/#website"},"primaryImageOfPage":{"@id":"https:\/\/zeromagazine.mx\/index.php\/2026\/03\/02\/mini-bags-tendencia-2026\/#primaryimage"},"image":{"@id":"https:\/\/zeromagazine.mx\/index.php\/2026\/03\/02\/mini-bags-tendencia-2026\/#primaryimage"},"thumbnailUrl":"https:\/\/i0.wp.com\/zeromagazine.mx\/wp-content\/uploads\/2026\/03\/1000054555-scaled.jpg?fit=1920%2C2560&ssl=1","datePublished":"2026-03-03T05:52:54+00:00","dateModified":"2026-03-03T05:52:56+00:00","description":"Mini bags: la tendencia 2026 que mezcla estilo, minimalismo y practicidad en un accesorio clave del d\u00eda a d\u00eda.","breadcrumb":{"@id":"https:\/\/zeromagazine.mx\/index.php\/2026\/03\/02\/mini-bags-tendencia-2026\/#breadcrumb"},"inLanguage":"es","potentialAction":[{"@type":"ReadAction","target":["https:\/\/zeromagazine.mx\/index.php\/2026\/03\/02\/mini-bags-tendencia-2026\/"]}]},{"@type":"ImageObject","inLanguage":"es","@id":"https:\/\/zeromagazine.mx\/index.php\/2026\/03\/02\/mini-bags-tendencia-2026\/#primaryimage","url":"https:\/\/i0.wp.com\/zeromagazine.mx\/wp-content\/uploads\/2026\/03\/1000054555-scaled.jpg?fit=1920%2C2560&ssl=1","contentUrl":"https:\/\/i0.wp.com\/zeromagazine.mx\/wp-content\/uploads\/2026\/03\/1000054555-scaled.jpg?fit=1920%2C2560&ssl=1","width":1920,"height":2560},{"@type":"BreadcrumbList","@id":"https:\/\/zeromagazine.mx\/index.php\/2026\/03\/02\/mini-bags-tendencia-2026\/#breadcrumb","itemListElement":[{"@type":"ListItem","position":1,"name":"Portada","item":"https:\/\/zeromagazine.mx\/"},{"@type":"ListItem","position":2,"name":"Mini bags dominan el 2026"}]},{"@type":"WebSite","@id":"https:\/\/zeromagazine.mx\/#website","url":"https:\/\/zeromagazine.mx\/","name":"Zero Magazine","description":"","publisher":{"@id":"https:\/\/zeromagazine.mx\/#organization"},"potentialAction":[{"@type":"SearchAction","target":{"@type":"EntryPoint","urlTemplate":"https:\/\/zeromagazine.mx\/?s={search_term_string}"},"query-input":{"@type":"PropertyValueSpecification","valueRequired":true,"valueName":"search_term_string"}}],"inLanguage":"es"},{"@type":"Organization","@id":"https:\/\/zeromagazine.mx\/#organization","name":"Zero Magazine","url":"https:\/\/zeromagazine.mx\/","logo":{"@type":"ImageObject","inLanguage":"es","@id":"https:\/\/zeromagazine.mx\/#\/schema\/logo\/image\/","url":"https:\/\/i0.wp.com\/zeromagazine.mx\/wp-content\/uploads\/2025\/11\/1.jpeg?fit=1000%2C1000&ssl=1","contentUrl":"https:\/\/i0.wp.com\/zeromagazine.mx\/wp-content\/uploads\/2025\/11\/1.jpeg?fit=1000%2C1000&ssl=1","width":1000,"height":1000,"caption":"Zero Magazine"},"image":{"@id":"https:\/\/zeromagazine.mx\/#\/schema\/logo\/image\/"},"sameAs":["https:\/\/instagram.com\/zeromagazinemx"]},{"@type":"Person","@id":"https:\/\/zeromagazine.mx\/#\/schema\/person\/9aed9f33a7c39af3a348b86d723f7773","name":"zeromagazinemx","image":{"@type":"ImageObject","inLanguage":"es","@id":"https:\/\/zeromagazine.mx\/wp-content\/litespeed\/avatar\/f91dfe5410d5dcb1a576bf8c45983896.jpg?ver=1777571230","url":"https:\/\/zeromagazine.mx\/wp-content\/litespeed\/avatar\/f91dfe5410d5dcb1a576bf8c45983896.jpg?ver=1777571230","contentUrl":"https:\/\/zeromagazine.mx\/wp-content\/litespeed\/avatar\/f91dfe5410d5dcb1a576bf8c45983896.jpg?ver=1777571230","caption":"zeromagazinemx"},"url":"https:\/\/zeromagazine.mx\/index.php\/author\/zeromagazinemx\/"}]}},"jetpack_publicize_connections":[],"jetpack_featured_media_url":"https:\/\/i0.wp.com\/zeromagazine.mx\/wp-content\/uploads\/2026\/03\/1000054555-scaled.jpg?fit=1920%2C2560&ssl=1","jetpack-related-posts":[{"id":111418,"url":"https:\/\/zeromagazine.mx\/index.php\/2025\/11\/30\/mini-bags-gaston-luga\/","url_meta":{"origin":116136,"position":0},"title":"Mini bags: el accesorio que manda","author":"Luis Trujano","date":"30 de noviembre de 2025","format":false,"excerpt":"Hay tendencias que llegan suavecito y otras que aterrizan directo en tu feed para anunciar: \u201chola, soy la protagonista de tu pr\u00f3ximo outfit\u201d. Las mini bags entran en esta segunda categor\u00eda. No piden permiso, no necesitan explicaci\u00f3n y, honestamente, tampoco quieren debate. Son peque\u00f1as, s\u00ed\u2026 pero tienen una presencia que\u2026","rel":"","context":"En \u00abModa\u00bb","block_context":{"text":"Moda","link":"https:\/\/zeromagazine.mx\/index.php\/category\/moda\/"},"img":{"alt_text":"","src":"https:\/\/i0.wp.com\/zeromagazine.mx\/wp-content\/uploads\/2025\/11\/IMG_6049.png?fit=1200%2C895&ssl=1&resize=350%2C200","width":350,"height":200,"srcset":"https:\/\/i0.wp.com\/zeromagazine.mx\/wp-content\/uploads\/2025\/11\/IMG_6049.png?fit=1200%2C895&ssl=1&resize=350%2C200 1x, https:\/\/i0.wp.com\/zeromagazine.mx\/wp-content\/uploads\/2025\/11\/IMG_6049.png?fit=1200%2C895&ssl=1&resize=525%2C300 1.5x, https:\/\/i0.wp.com\/zeromagazine.mx\/wp-content\/uploads\/2025\/11\/IMG_6049.png?fit=1200%2C895&ssl=1&resize=700%2C400 2x, https:\/\/i0.wp.com\/zeromagazine.mx\/wp-content\/uploads\/2025\/11\/IMG_6049.png?fit=1200%2C895&ssl=1&resize=1050%2C600 3x"},"classes":[]},{"id":109205,"url":"https:\/\/zeromagazine.mx\/index.php\/2025\/10\/08\/it-bags-de-cos\/","url_meta":{"origin":116136,"position":1},"title":"It bags de COS redefinen el lujo moderno","author":"zeromagazinemx","date":"8 de octubre de 2025","format":false,"excerpt":"Hay bolsos que complementan un look\u2026 y otros que simplemente lo dominan. Las it bags de COS llegan esta temporada para dejar claro que el minimalismo tambi\u00e9n puede ser poderoso. Inspiradas en la elegancia londinense con un toque art\u00edstico, estas piezas son el ejemplo perfecto de c\u00f3mo el dise\u00f1o inteligente\u2026","rel":"","context":"En \u00abModa\u00bb","block_context":{"text":"Moda","link":"https:\/\/zeromagazine.mx\/index.php\/category\/moda\/"},"img":{"alt_text":"","src":"https:\/\/i0.wp.com\/zeromagazine.mx\/wp-content\/uploads\/2025\/10\/Captura-de-pantalla-2025-09-24-a-las-16.52.25.png?fit=788%2C1200&ssl=1&resize=350%2C200","width":350,"height":200,"srcset":"https:\/\/i0.wp.com\/zeromagazine.mx\/wp-content\/uploads\/2025\/10\/Captura-de-pantalla-2025-09-24-a-las-16.52.25.png?fit=788%2C1200&ssl=1&resize=350%2C200 1x, https:\/\/i0.wp.com\/zeromagazine.mx\/wp-content\/uploads\/2025\/10\/Captura-de-pantalla-2025-09-24-a-las-16.52.25.png?fit=788%2C1200&ssl=1&resize=525%2C300 1.5x, https:\/\/i0.wp.com\/zeromagazine.mx\/wp-content\/uploads\/2025\/10\/Captura-de-pantalla-2025-09-24-a-las-16.52.25.png?fit=788%2C1200&ssl=1&resize=700%2C400 2x"},"classes":[]},{"id":106675,"url":"https:\/\/zeromagazine.mx\/index.php\/2025\/07\/14\/american-eagle-the-summer-i-turned-pretty\/","url_meta":{"origin":116136,"position":2},"title":"\u00bfQu\u00e9 prenda de AE eres seg\u00fan The Summer I Turned Pretty?","author":"David Morales","date":"14 de julio de 2025","format":false,"excerpt":"Entre cartas que nunca se enviaron, sunsets en la playa y miradas que lo dicen todo, American Eagle nos regala una dosis de nostalgia y estilo con su nueva colecci\u00f3n c\u00e1psula inspirada en la serie The Summer I Turned Pretty. Si eres fan de la est\u00e9tica coastal-preppy, prep\u00e1rate: este drop\u2026","rel":"","context":"En \u00abModa\u00bb","block_context":{"text":"Moda","link":"https:\/\/zeromagazine.mx\/index.php\/category\/moda\/"},"img":{"alt_text":"","src":"https:\/\/i0.wp.com\/zeromagazine.mx\/wp-content\/uploads\/2025\/07\/IMG_4830.jpeg?fit=1200%2C693&ssl=1&resize=350%2C200","width":350,"height":200,"srcset":"https:\/\/i0.wp.com\/zeromagazine.mx\/wp-content\/uploads\/2025\/07\/IMG_4830.jpeg?fit=1200%2C693&ssl=1&resize=350%2C200 1x, https:\/\/i0.wp.com\/zeromagazine.mx\/wp-content\/uploads\/2025\/07\/IMG_4830.jpeg?fit=1200%2C693&ssl=1&resize=525%2C300 1.5x, https:\/\/i0.wp.com\/zeromagazine.mx\/wp-content\/uploads\/2025\/07\/IMG_4830.jpeg?fit=1200%2C693&ssl=1&resize=700%2C400 2x, https:\/\/i0.wp.com\/zeromagazine.mx\/wp-content\/uploads\/2025\/07\/IMG_4830.jpeg?fit=1200%2C693&ssl=1&resize=1050%2C600 3x"},"classes":[]},{"id":88607,"url":"https:\/\/zeromagazine.mx\/index.php\/2024\/10\/28\/4-regalos-chic-para-invierno-2024\/","url_meta":{"origin":116136,"position":3},"title":"4 Regalos Chic para Invierno 2024","author":"zeromagazinemx","date":"28 de octubre de 2024","format":false,"excerpt":"\u00a1Hola, amigxs! Con el invierno a la vuelta de la esquina y el aire festivo que ya se siente en cada rinc\u00f3n, es el momento perfecto para empezar a pensar en los regalos. Y no estoy hablando de cualquier cosa; estoy hablando de esas piezas que no solo son elegantes,\u2026","rel":"","context":"En \u00abModa\u00bb","block_context":{"text":"Moda","link":"https:\/\/zeromagazine.mx\/index.php\/category\/moda\/"},"img":{"alt_text":"","src":"https:\/\/i0.wp.com\/zeromagazine.mx\/wp-content\/uploads\/2024\/10\/unnamed-33-1.png?fit=1200%2C1200&ssl=1&resize=350%2C200","width":350,"height":200,"srcset":"https:\/\/i0.wp.com\/zeromagazine.mx\/wp-content\/uploads\/2024\/10\/unnamed-33-1.png?fit=1200%2C1200&ssl=1&resize=350%2C200 1x, https:\/\/i0.wp.com\/zeromagazine.mx\/wp-content\/uploads\/2024\/10\/unnamed-33-1.png?fit=1200%2C1200&ssl=1&resize=525%2C300 1.5x, https:\/\/i0.wp.com\/zeromagazine.mx\/wp-content\/uploads\/2024\/10\/unnamed-33-1.png?fit=1200%2C1200&ssl=1&resize=700%2C400 2x, https:\/\/i0.wp.com\/zeromagazine.mx\/wp-content\/uploads\/2024\/10\/unnamed-33-1.png?fit=1200%2C1200&ssl=1&resize=1050%2C600 3x"},"classes":[]},{"id":109645,"url":"https:\/\/zeromagazine.mx\/index.php\/2025\/10\/21\/mini-charms-pandora-poder-en-lo-pequeno\/","url_meta":{"origin":116136,"position":4},"title":"Mini Charms Pandora: poder en lo peque\u00f1o","author":"Luis Trujano","date":"21 de octubre de 2025","format":false,"excerpt":"Dicen que las cosas peque\u00f1as pueden tener un significado gigante, y los Mini Charms Pandora son la prueba perfecta. Esta nueva colecci\u00f3n convierte lo delicado en poderoso, con piezas diminutas que cuentan historias personales y emociones que se sienten incluso sin palabras. Es la joyer\u00eda m\u00e1s \u00edntima y significativa que\u2026","rel":"","context":"En \u00abModa\u00bb","block_context":{"text":"Moda","link":"https:\/\/zeromagazine.mx\/index.php\/category\/moda\/"},"img":{"alt_text":"","src":"https:\/\/i0.wp.com\/zeromagazine.mx\/wp-content\/uploads\/2025\/10\/PNGTRPNT_2025Q3E_collection_moments_go_ac_tp_ig_stories_october_12A.03_some_minis.png?fit=1000%2C1000&ssl=1&resize=350%2C200","width":350,"height":200,"srcset":"https:\/\/i0.wp.com\/zeromagazine.mx\/wp-content\/uploads\/2025\/10\/PNGTRPNT_2025Q3E_collection_moments_go_ac_tp_ig_stories_october_12A.03_some_minis.png?fit=1000%2C1000&ssl=1&resize=350%2C200 1x, https:\/\/i0.wp.com\/zeromagazine.mx\/wp-content\/uploads\/2025\/10\/PNGTRPNT_2025Q3E_collection_moments_go_ac_tp_ig_stories_october_12A.03_some_minis.png?fit=1000%2C1000&ssl=1&resize=525%2C300 1.5x, https:\/\/i0.wp.com\/zeromagazine.mx\/wp-content\/uploads\/2025\/10\/PNGTRPNT_2025Q3E_collection_moments_go_ac_tp_ig_stories_october_12A.03_some_minis.png?fit=1000%2C1000&ssl=1&resize=700%2C400 2x"},"classes":[]},{"id":81733,"url":"https:\/\/zeromagazine.mx\/index.php\/2024\/08\/12\/mini-proyectores-el-futuro-cool\/","url_meta":{"origin":116136,"position":5},"title":"\u00abMini Proyectores: \u00a1El Futuro Cool!\u00bb","author":"zeromagazinemx","date":"12 de agosto de 2024","format":false,"excerpt":"Si eres de los que siempre est\u00e1 buscando la pr\u00f3xima\u00a0\u00a0\u00a0experiencia de entretenimiento, prep\u00e1rate porque los mini proyectores est\u00e1n aqu\u00ed para transformar tu mundo. S\u00ed, has le\u00eddo bien. Los mini proyectores se est\u00e1n convirtiendo en la moda de la d\u00e9cada, y hoy te cuento todo sobre esta tendencia que no solo\u2026","rel":"","context":"En \u00abBlog\u00bb","block_context":{"text":"Blog","link":"https:\/\/zeromagazine.mx\/index.php\/category\/blog\/"},"img":{"alt_text":"","src":"https:\/\/i0.wp.com\/zeromagazine.mx\/wp-content\/uploads\/2024\/08\/14.Multi-scenario-application-scaled.jpg?fit=1200%2C675&ssl=1&resize=350%2C200","width":350,"height":200,"srcset":"https:\/\/i0.wp.com\/zeromagazine.mx\/wp-content\/uploads\/2024\/08\/14.Multi-scenario-application-scaled.jpg?fit=1200%2C675&ssl=1&resize=350%2C200 1x, https:\/\/i0.wp.com\/zeromagazine.mx\/wp-content\/uploads\/2024\/08\/14.Multi-scenario-application-scaled.jpg?fit=1200%2C675&ssl=1&resize=525%2C300 1.5x, https:\/\/i0.wp.com\/zeromagazine.mx\/wp-content\/uploads\/2024\/08\/14.Multi-scenario-application-scaled.jpg?fit=1200%2C675&ssl=1&resize=700%2C400 2x, https:\/\/i0.wp.com\/zeromagazine.mx\/wp-content\/uploads\/2024\/08\/14.Multi-scenario-application-scaled.jpg?fit=1200%2C675&ssl=1&resize=1050%2C600 3x"},"classes":[]}],"jetpack_sharing_enabled":true,"builder_content":"","_links":{"self":[{"href":"https:\/\/zeromagazine.mx\/index.php\/wp-json\/wp\/v2\/posts\/116136","targetHints":{"allow":["GET"]}}],"collection":[{"href":"https:\/\/zeromagazine.mx\/index.php\/wp-json\/wp\/v2\/posts"}],"about":[{"href":"https:\/\/zeromagazine.mx\/index.php\/wp-json\/wp\/v2\/types\/post"}],"author":[{"embeddable":true,"href":"https:\/\/zeromagazine.mx\/index.php\/wp-json\/wp\/v2\/users\/2"}],"replies":[{"embeddable":true,"href":"https:\/\/zeromagazine.mx\/index.php\/wp-json\/wp\/v2\/comments?post=116136"}],"version-history":[{"count":1,"href":"https:\/\/zeromagazine.mx\/index.php\/wp-json\/wp\/v2\/posts\/116136\/revisions"}],"predecessor-version":[{"id":116140,"href":"https:\/\/zeromagazine.mx\/index.php\/wp-json\/wp\/v2\/posts\/116136\/revisions\/116140"}],"wp:featuredmedia":[{"embeddable":true,"href":"https:\/\/zeromagazine.mx\/index.php\/wp-json\/wp\/v2\/media\/116137"}],"wp:attachment":[{"href":"https:\/\/zeromagazine.mx\/index.php\/wp-json\/wp\/v2\/media?parent=116136"}],"wp:term":[{"taxonomy":"category","embeddable":true,"href":"https:\/\/zeromagazine.mx\/index.php\/wp-json\/wp\/v2\/categories?post=116136"},{"taxonomy":"post_tag","embeddable":true,"href":"https:\/\/zeromagazine.mx\/index.php\/wp-json\/wp\/v2\/tags?post=116136"}],"curies":[{"name":"wp","href":"https:\/\/api.w.org\/{rel}","templated":true}]}}