{"id":116352,"date":"2026-03-04T15:04:04","date_gmt":"2026-03-04T21:04:04","guid":{"rendered":"https:\/\/zeromagazine.mx\/?p=116352"},"modified":"2026-03-04T15:04:06","modified_gmt":"2026-03-04T21:04:06","slug":"valentino-verano-romantico-looks-2026","status":"publish","type":"post","link":"https:\/\/zeromagazine.mx\/index.php\/2026\/03\/04\/valentino-verano-romantico-looks-2026\/","title":{"rendered":"Valentino verano rom\u00e1ntico total"},"content":{"rendered":"\n<p>Hay veranos y luego est\u00e1 el Valentino verano rom\u00e1ntico. Esa vibra donde todo se siente m\u00e1s luminoso, m\u00e1s suave, m\u00e1s intenso. La Maison italiana convierte la temporada 2026 en una fantas\u00eda solar de texturas et\u00e9reas, bordados artesanales y accesorios que parecen hechos para un atardecer dorado en la costa italiana (o en tu spot favorito de la ciudad).<\/p>\n\n\n\n<p><br>Este a\u00f1o, el mood no es discreto: es rom\u00e1ntico, s\u00ed, pero con car\u00e1cter. Es feminidad contempor\u00e1nea que no pide permiso. Es artesan\u00eda que se siente especial desde el primer vistazo. Y sobre todo, es ese equilibrio perfecto entre delicadeza y seguridad que tanto define el ADN de Valentino.<\/p>\n\n\n\n<figure class=\"wp-block-image size-full\"><img data-recalc-dims=\"1\" decoding=\"async\" width=\"1165\" height=\"1474\" src=\"https:\/\/i0.wp.com\/zeromagazine.mx\/wp-content\/uploads\/2026\/03\/1000054761.png?resize=1165%2C1474&#038;ssl=1\" alt=\"\" class=\"wp-image-116356\" srcset=\"https:\/\/i0.wp.com\/zeromagazine.mx\/wp-content\/uploads\/2026\/03\/1000054761.png?w=2000&amp;ssl=1 2000w, https:\/\/i0.wp.com\/zeromagazine.mx\/wp-content\/uploads\/2026\/03\/1000054761.png?resize=237%2C300&amp;ssl=1 237w, https:\/\/i0.wp.com\/zeromagazine.mx\/wp-content\/uploads\/2026\/03\/1000054761.png?resize=809%2C1024&amp;ssl=1 809w, https:\/\/i0.wp.com\/zeromagazine.mx\/wp-content\/uploads\/2026\/03\/1000054761.png?resize=768%2C972&amp;ssl=1 768w, https:\/\/i0.wp.com\/zeromagazine.mx\/wp-content\/uploads\/2026\/03\/1000054761.png?resize=1214%2C1536&amp;ssl=1 1214w, https:\/\/i0.wp.com\/zeromagazine.mx\/wp-content\/uploads\/2026\/03\/1000054761.png?resize=1618%2C2048&amp;ssl=1 1618w\" sizes=\"(max-width: 1165px) 100vw, 1165px\" \/><\/figure>\n\n\n\n<h2 class=\"wp-block-heading\"><br>Valentino verano rom\u00e1ntico en clave solar<\/h2>\n\n\n\n<p><br>Primero, hablemos del color. Porque si algo deja claro el Valentino verano rom\u00e1ntico es que el naranja vibrante, los tonos c\u00e1lidos y las transparencias estrat\u00e9gicas son oficialmente el uniforme de los d\u00edas largos. Las chaquetas bordadas en tulle ilusi\u00f3n no solo aportan textura; elevan cualquier look b\u00e1sico a algo editorial.<\/p>\n\n\n\n<p><br>Adem\u00e1s, los tacones abiertos y las siluetas ligeras hacen que la elegancia no se sienta pesada. Aqu\u00ed la sofisticaci\u00f3n respira. Es moda pensada para caminar bajo el sol sin perder dramatismo. Y cuando sumas un bolso estructurado como el Valentino Garavani Panthea, el resultado es pr\u00e1ctico pero ic\u00f3nico.<\/p>\n\n\n\n<p><br>Por otro lado, los detalles artesanales se vuelven protagonistas absolutos. Bordados que parecen dibujados a mano, encajes el\u00e1sticos que abrazan el cuerpo sin rigidez y organd\u00ed que flota con cada paso. Es esa clase de look que funciona para una boda de verano, una cena en terraza o una fiesta improvisada con dress code chic.<\/p>\n\n\n\n<figure class=\"wp-block-image size-full\"><img data-recalc-dims=\"1\" decoding=\"async\" width=\"1165\" height=\"1474\" src=\"https:\/\/i0.wp.com\/zeromagazine.mx\/wp-content\/uploads\/2026\/03\/1000054760.png?resize=1165%2C1474&#038;ssl=1\" alt=\"\" class=\"wp-image-116353\" srcset=\"https:\/\/i0.wp.com\/zeromagazine.mx\/wp-content\/uploads\/2026\/03\/1000054760.png?w=2000&amp;ssl=1 2000w, https:\/\/i0.wp.com\/zeromagazine.mx\/wp-content\/uploads\/2026\/03\/1000054760.png?resize=237%2C300&amp;ssl=1 237w, https:\/\/i0.wp.com\/zeromagazine.mx\/wp-content\/uploads\/2026\/03\/1000054760.png?resize=809%2C1024&amp;ssl=1 809w, https:\/\/i0.wp.com\/zeromagazine.mx\/wp-content\/uploads\/2026\/03\/1000054760.png?resize=768%2C972&amp;ssl=1 768w, https:\/\/i0.wp.com\/zeromagazine.mx\/wp-content\/uploads\/2026\/03\/1000054760.png?resize=1214%2C1536&amp;ssl=1 1214w, https:\/\/i0.wp.com\/zeromagazine.mx\/wp-content\/uploads\/2026\/03\/1000054760.png?resize=1618%2C2048&amp;ssl=1 1618w\" sizes=\"(max-width: 1165px) 100vw, 1165px\" \/><\/figure>\n\n\n\n<h2 class=\"wp-block-heading\"><br>Valentino verano rom\u00e1ntico para noches c\u00e1lidas<\/h2>\n\n\n\n<p><br>Sin embargo, el verdadero poder del Valentino verano rom\u00e1ntico aparece cuando cae el sol. Las faldas de encaje combinadas con camisas bordadas crean un juego de transparencias que es sensual sin exagerar. Nada se siente forzado. Todo fluye.<\/p>\n\n\n\n<p><br>Asimismo, las sandalias sin tal\u00f3n estilizan con ligereza, mientras bolsos como el Valentino Garavani Vain o el Devain aportan ese toque refinado que grita lujo silencioso (pero con personalidad). Son piezas que no solo acompa\u00f1an el outfit; lo definen.<\/p>\n\n\n\n<figure class=\"wp-block-image size-full\"><img data-recalc-dims=\"1\" decoding=\"async\" width=\"1165\" height=\"1474\" src=\"https:\/\/i0.wp.com\/zeromagazine.mx\/wp-content\/uploads\/2026\/03\/1000054762.png?resize=1165%2C1474&#038;ssl=1\" alt=\"\" class=\"wp-image-116354\" srcset=\"https:\/\/i0.wp.com\/zeromagazine.mx\/wp-content\/uploads\/2026\/03\/1000054762.png?w=2000&amp;ssl=1 2000w, https:\/\/i0.wp.com\/zeromagazine.mx\/wp-content\/uploads\/2026\/03\/1000054762.png?resize=237%2C300&amp;ssl=1 237w, https:\/\/i0.wp.com\/zeromagazine.mx\/wp-content\/uploads\/2026\/03\/1000054762.png?resize=809%2C1024&amp;ssl=1 809w, https:\/\/i0.wp.com\/zeromagazine.mx\/wp-content\/uploads\/2026\/03\/1000054762.png?resize=768%2C972&amp;ssl=1 768w, https:\/\/i0.wp.com\/zeromagazine.mx\/wp-content\/uploads\/2026\/03\/1000054762.png?resize=1214%2C1536&amp;ssl=1 1214w, https:\/\/i0.wp.com\/zeromagazine.mx\/wp-content\/uploads\/2026\/03\/1000054762.png?resize=1618%2C2048&amp;ssl=1 1618w\" sizes=\"(max-width: 1165px) 100vw, 1165px\" \/><\/figure>\n\n\n\n<p><br>Finalmente, los vestidos cortos en crep\u00e9 couture demuestran que el minimalismo tambi\u00e9n puede ser rom\u00e1ntico. Siluetas limpias, cortes precisos y movimiento natural: perfectos para destinos vacacionales o celebraciones al aire libre donde quieres verte effortless pero inolvidable. Y si agregas un collar con perlas y detalles met\u00e1licos, el look se ilumina sin necesidad de exagerar.<\/p>\n\n\n\n<p><br>Lo que hace especial al Valentino verano rom\u00e1ntico no es solo la est\u00e9tica. Es la emoci\u00f3n. Es esa sensaci\u00f3n de vestirte y sentir que cada textura, cada bordado y cada accesorio cuentan una historia. Valentino entiende que el verano no es solo una estaci\u00f3n; es una actitud.<\/p>\n\n\n\n<figure class=\"wp-block-image size-full\"><img data-recalc-dims=\"1\" decoding=\"async\" width=\"1165\" height=\"1474\" src=\"https:\/\/i0.wp.com\/zeromagazine.mx\/wp-content\/uploads\/2026\/03\/1000054757.png?resize=1165%2C1474&#038;ssl=1\" alt=\"\" class=\"wp-image-116355\" srcset=\"https:\/\/i0.wp.com\/zeromagazine.mx\/wp-content\/uploads\/2026\/03\/1000054757.png?w=2000&amp;ssl=1 2000w, https:\/\/i0.wp.com\/zeromagazine.mx\/wp-content\/uploads\/2026\/03\/1000054757.png?resize=237%2C300&amp;ssl=1 237w, https:\/\/i0.wp.com\/zeromagazine.mx\/wp-content\/uploads\/2026\/03\/1000054757.png?resize=809%2C1024&amp;ssl=1 809w, https:\/\/i0.wp.com\/zeromagazine.mx\/wp-content\/uploads\/2026\/03\/1000054757.png?resize=768%2C972&amp;ssl=1 768w, https:\/\/i0.wp.com\/zeromagazine.mx\/wp-content\/uploads\/2026\/03\/1000054757.png?resize=1214%2C1536&amp;ssl=1 1214w, https:\/\/i0.wp.com\/zeromagazine.mx\/wp-content\/uploads\/2026\/03\/1000054757.png?resize=1618%2C2048&amp;ssl=1 1618w\" sizes=\"(max-width: 1165px) 100vw, 1165px\" \/><\/figure>\n\n\n\n<p><br>En conclusi\u00f3n, la propuesta 2026 confirma que el romanticismo sigue evolucionando. Es m\u00e1s libre, m\u00e1s fresco y m\u00e1s poderoso. Y si algo queda claro, es que este verano se vive con luz, artesan\u00eda y mucha intenci\u00f3n. Porque cuando se trata de Valentino, cada look se convierte en un momento.<\/p>\n\n\n\n<p><\/p>\n<!--themify_builder_content-->\n<div id=\"themify_builder_content-116352\" data-postid=\"116352\" class=\"themify_builder_content themify_builder_content-116352 themify_builder tf_clear\">\n    <\/div>\n<!--\/themify_builder_content-->\n","protected":false},"excerpt":{"rendered":"<p>Hay veranos y luego est\u00e1 el Valentino verano rom\u00e1ntico. Esa vibra donde todo se siente m\u00e1s luminoso, m\u00e1s suave, m\u00e1s intenso. La Maison italiana convierte la temporada 2026 en una fantas\u00eda solar de texturas et\u00e9reas, bordados artesanales y accesorios que parecen hechos para un atardecer dorado en la costa italiana (o en tu spot favorito [&hellip;]<\/p>\n","protected":false},"author":2,"featured_media":116357,"comment_status":"open","ping_status":"open","sticky":false,"template":"","format":"standard","meta":{"_jetpack_memberships_contains_paid_content":false,"footnotes":"","jetpack_publicize_message":"","jetpack_publicize_feature_enabled":true,"jetpack_social_post_already_shared":true,"jetpack_social_options":{"image_generator_settings":{"template":"highway","default_image_id":0,"font":"","enabled":false},"version":2}},"categories":[67],"tags":[],"class_list":["post-116352","post","type-post","status-publish","format-standard","has-post-thumbnail","hentry","category-moda","has-post-title","has-post-date","has-post-category","has-post-tag","has-post-comment","has-post-author",""],"yoast_head":"<!-- This site is optimized with the Yoast SEO plugin v27.4 - https:\/\/yoast.com\/product\/yoast-seo-wordpress\/ -->\n<title>Valentino verano rom\u00e1ntico total - Zero Magazine<\/title>\n<meta name=\"description\" content=\"Valentino verano rom\u00e1ntico redefine la temporada 2026 con vestidos ligeros, bordados y accesorios ic\u00f3nicos llenos de luz.\" \/>\n<meta name=\"robots\" content=\"index, follow, max-snippet:-1, max-image-preview:large, max-video-preview:-1\" \/>\n<link rel=\"canonical\" href=\"https:\/\/zeromagazine.mx\/index.php\/2026\/03\/04\/valentino-verano-romantico-looks-2026\/\" \/>\n<meta property=\"og:locale\" content=\"es_ES\" \/>\n<meta property=\"og:type\" content=\"article\" \/>\n<meta property=\"og:title\" content=\"Valentino verano rom\u00e1ntico total - Zero Magazine\" \/>\n<meta property=\"og:description\" content=\"Valentino verano rom\u00e1ntico redefine la temporada 2026 con vestidos ligeros, bordados y accesorios ic\u00f3nicos llenos de luz.\" \/>\n<meta property=\"og:url\" content=\"https:\/\/zeromagazine.mx\/index.php\/2026\/03\/04\/valentino-verano-romantico-looks-2026\/\" \/>\n<meta property=\"og:site_name\" content=\"Zero Magazine\" \/>\n<meta property=\"article:published_time\" content=\"2026-03-04T21:04:04+00:00\" \/>\n<meta property=\"article:modified_time\" content=\"2026-03-04T21:04:06+00:00\" \/>\n<meta property=\"og:image\" content=\"http:\/\/zeromagazine.mx\/wp-content\/uploads\/2026\/03\/MX_VALENTINO.jpg-7.png\" \/>\n\t<meta property=\"og:image:width\" content=\"2000\" \/>\n\t<meta property=\"og:image:height\" content=\"2531\" \/>\n\t<meta property=\"og:image:type\" content=\"image\/png\" \/>\n<meta name=\"author\" content=\"zeromagazinemx\" \/>\n<meta name=\"twitter:card\" content=\"summary_large_image\" \/>\n<meta name=\"twitter:label1\" content=\"Escrito por\" \/>\n\t<meta name=\"twitter:data1\" content=\"zeromagazinemx\" \/>\n\t<meta name=\"twitter:label2\" content=\"Tiempo de lectura\" \/>\n\t<meta name=\"twitter:data2\" content=\"4 minutos\" \/>\n<script type=\"application\/ld+json\" class=\"yoast-schema-graph\">{\"@context\":\"https:\\\/\\\/schema.org\",\"@graph\":[{\"@type\":\"Article\",\"@id\":\"https:\\\/\\\/zeromagazine.mx\\\/index.php\\\/2026\\\/03\\\/04\\\/valentino-verano-romantico-looks-2026\\\/#article\",\"isPartOf\":{\"@id\":\"https:\\\/\\\/zeromagazine.mx\\\/index.php\\\/2026\\\/03\\\/04\\\/valentino-verano-romantico-looks-2026\\\/\"},\"author\":{\"name\":\"zeromagazinemx\",\"@id\":\"https:\\\/\\\/zeromagazine.mx\\\/#\\\/schema\\\/person\\\/9aed9f33a7c39af3a348b86d723f7773\"},\"headline\":\"Valentino verano rom\u00e1ntico total\",\"datePublished\":\"2026-03-04T21:04:04+00:00\",\"dateModified\":\"2026-03-04T21:04:06+00:00\",\"mainEntityOfPage\":{\"@id\":\"https:\\\/\\\/zeromagazine.mx\\\/index.php\\\/2026\\\/03\\\/04\\\/valentino-verano-romantico-looks-2026\\\/\"},\"wordCount\":544,\"commentCount\":0,\"publisher\":{\"@id\":\"https:\\\/\\\/zeromagazine.mx\\\/#organization\"},\"image\":{\"@id\":\"https:\\\/\\\/zeromagazine.mx\\\/index.php\\\/2026\\\/03\\\/04\\\/valentino-verano-romantico-looks-2026\\\/#primaryimage\"},\"thumbnailUrl\":\"https:\\\/\\\/i0.wp.com\\\/zeromagazine.mx\\\/wp-content\\\/uploads\\\/2026\\\/03\\\/MX_VALENTINO.jpg-7.png?fit=2000%2C2531&ssl=1\",\"articleSection\":[\"Moda\"],\"inLanguage\":\"es\",\"potentialAction\":[{\"@type\":\"CommentAction\",\"name\":\"Comment\",\"target\":[\"https:\\\/\\\/zeromagazine.mx\\\/index.php\\\/2026\\\/03\\\/04\\\/valentino-verano-romantico-looks-2026\\\/#respond\"]}]},{\"@type\":\"WebPage\",\"@id\":\"https:\\\/\\\/zeromagazine.mx\\\/index.php\\\/2026\\\/03\\\/04\\\/valentino-verano-romantico-looks-2026\\\/\",\"url\":\"https:\\\/\\\/zeromagazine.mx\\\/index.php\\\/2026\\\/03\\\/04\\\/valentino-verano-romantico-looks-2026\\\/\",\"name\":\"Valentino verano rom\u00e1ntico total - Zero Magazine\",\"isPartOf\":{\"@id\":\"https:\\\/\\\/zeromagazine.mx\\\/#website\"},\"primaryImageOfPage\":{\"@id\":\"https:\\\/\\\/zeromagazine.mx\\\/index.php\\\/2026\\\/03\\\/04\\\/valentino-verano-romantico-looks-2026\\\/#primaryimage\"},\"image\":{\"@id\":\"https:\\\/\\\/zeromagazine.mx\\\/index.php\\\/2026\\\/03\\\/04\\\/valentino-verano-romantico-looks-2026\\\/#primaryimage\"},\"thumbnailUrl\":\"https:\\\/\\\/i0.wp.com\\\/zeromagazine.mx\\\/wp-content\\\/uploads\\\/2026\\\/03\\\/MX_VALENTINO.jpg-7.png?fit=2000%2C2531&ssl=1\",\"datePublished\":\"2026-03-04T21:04:04+00:00\",\"dateModified\":\"2026-03-04T21:04:06+00:00\",\"description\":\"Valentino verano rom\u00e1ntico redefine la temporada 2026 con vestidos ligeros, bordados y accesorios ic\u00f3nicos llenos de luz.\",\"breadcrumb\":{\"@id\":\"https:\\\/\\\/zeromagazine.mx\\\/index.php\\\/2026\\\/03\\\/04\\\/valentino-verano-romantico-looks-2026\\\/#breadcrumb\"},\"inLanguage\":\"es\",\"potentialAction\":[{\"@type\":\"ReadAction\",\"target\":[\"https:\\\/\\\/zeromagazine.mx\\\/index.php\\\/2026\\\/03\\\/04\\\/valentino-verano-romantico-looks-2026\\\/\"]}]},{\"@type\":\"ImageObject\",\"inLanguage\":\"es\",\"@id\":\"https:\\\/\\\/zeromagazine.mx\\\/index.php\\\/2026\\\/03\\\/04\\\/valentino-verano-romantico-looks-2026\\\/#primaryimage\",\"url\":\"https:\\\/\\\/i0.wp.com\\\/zeromagazine.mx\\\/wp-content\\\/uploads\\\/2026\\\/03\\\/MX_VALENTINO.jpg-7.png?fit=2000%2C2531&ssl=1\",\"contentUrl\":\"https:\\\/\\\/i0.wp.com\\\/zeromagazine.mx\\\/wp-content\\\/uploads\\\/2026\\\/03\\\/MX_VALENTINO.jpg-7.png?fit=2000%2C2531&ssl=1\",\"width\":2000,\"height\":2531},{\"@type\":\"BreadcrumbList\",\"@id\":\"https:\\\/\\\/zeromagazine.mx\\\/index.php\\\/2026\\\/03\\\/04\\\/valentino-verano-romantico-looks-2026\\\/#breadcrumb\",\"itemListElement\":[{\"@type\":\"ListItem\",\"position\":1,\"name\":\"Portada\",\"item\":\"https:\\\/\\\/zeromagazine.mx\\\/\"},{\"@type\":\"ListItem\",\"position\":2,\"name\":\"Valentino verano rom\u00e1ntico total\"}]},{\"@type\":\"WebSite\",\"@id\":\"https:\\\/\\\/zeromagazine.mx\\\/#website\",\"url\":\"https:\\\/\\\/zeromagazine.mx\\\/\",\"name\":\"Zero Magazine\",\"description\":\"\",\"publisher\":{\"@id\":\"https:\\\/\\\/zeromagazine.mx\\\/#organization\"},\"potentialAction\":[{\"@type\":\"SearchAction\",\"target\":{\"@type\":\"EntryPoint\",\"urlTemplate\":\"https:\\\/\\\/zeromagazine.mx\\\/?s={search_term_string}\"},\"query-input\":{\"@type\":\"PropertyValueSpecification\",\"valueRequired\":true,\"valueName\":\"search_term_string\"}}],\"inLanguage\":\"es\"},{\"@type\":\"Organization\",\"@id\":\"https:\\\/\\\/zeromagazine.mx\\\/#organization\",\"name\":\"Zero Magazine\",\"url\":\"https:\\\/\\\/zeromagazine.mx\\\/\",\"logo\":{\"@type\":\"ImageObject\",\"inLanguage\":\"es\",\"@id\":\"https:\\\/\\\/zeromagazine.mx\\\/#\\\/schema\\\/logo\\\/image\\\/\",\"url\":\"https:\\\/\\\/i0.wp.com\\\/zeromagazine.mx\\\/wp-content\\\/uploads\\\/2025\\\/11\\\/1.jpeg?fit=1000%2C1000&ssl=1\",\"contentUrl\":\"https:\\\/\\\/i0.wp.com\\\/zeromagazine.mx\\\/wp-content\\\/uploads\\\/2025\\\/11\\\/1.jpeg?fit=1000%2C1000&ssl=1\",\"width\":1000,\"height\":1000,\"caption\":\"Zero Magazine\"},\"image\":{\"@id\":\"https:\\\/\\\/zeromagazine.mx\\\/#\\\/schema\\\/logo\\\/image\\\/\"},\"sameAs\":[\"https:\\\/\\\/instagram.com\\\/zeromagazinemx\"]},{\"@type\":\"Person\",\"@id\":\"https:\\\/\\\/zeromagazine.mx\\\/#\\\/schema\\\/person\\\/9aed9f33a7c39af3a348b86d723f7773\",\"name\":\"zeromagazinemx\",\"image\":{\"@type\":\"ImageObject\",\"inLanguage\":\"es\",\"@id\":\"https:\\\/\\\/zeromagazine.mx\\\/wp-content\\\/litespeed\\\/avatar\\\/f91dfe5410d5dcb1a576bf8c45983896.jpg?ver=1776966396\",\"url\":\"https:\\\/\\\/zeromagazine.mx\\\/wp-content\\\/litespeed\\\/avatar\\\/f91dfe5410d5dcb1a576bf8c45983896.jpg?ver=1776966396\",\"contentUrl\":\"https:\\\/\\\/zeromagazine.mx\\\/wp-content\\\/litespeed\\\/avatar\\\/f91dfe5410d5dcb1a576bf8c45983896.jpg?ver=1776966396\",\"caption\":\"zeromagazinemx\"},\"url\":\"https:\\\/\\\/zeromagazine.mx\\\/index.php\\\/author\\\/zeromagazinemx\\\/\"}]}<\/script>\n<!-- \/ Yoast SEO plugin. -->","yoast_head_json":{"title":"Valentino verano rom\u00e1ntico total - Zero Magazine","description":"Valentino verano rom\u00e1ntico redefine la temporada 2026 con vestidos ligeros, bordados y accesorios ic\u00f3nicos llenos de luz.","robots":{"index":"index","follow":"follow","max-snippet":"max-snippet:-1","max-image-preview":"max-image-preview:large","max-video-preview":"max-video-preview:-1"},"canonical":"https:\/\/zeromagazine.mx\/index.php\/2026\/03\/04\/valentino-verano-romantico-looks-2026\/","og_locale":"es_ES","og_type":"article","og_title":"Valentino verano rom\u00e1ntico total - Zero Magazine","og_description":"Valentino verano rom\u00e1ntico redefine la temporada 2026 con vestidos ligeros, bordados y accesorios ic\u00f3nicos llenos de luz.","og_url":"https:\/\/zeromagazine.mx\/index.php\/2026\/03\/04\/valentino-verano-romantico-looks-2026\/","og_site_name":"Zero Magazine","article_published_time":"2026-03-04T21:04:04+00:00","article_modified_time":"2026-03-04T21:04:06+00:00","og_image":[{"width":2000,"height":2531,"url":"http:\/\/zeromagazine.mx\/wp-content\/uploads\/2026\/03\/MX_VALENTINO.jpg-7.png","type":"image\/png"}],"author":"zeromagazinemx","twitter_card":"summary_large_image","twitter_misc":{"Escrito por":"zeromagazinemx","Tiempo de lectura":"4 minutos"},"schema":{"@context":"https:\/\/schema.org","@graph":[{"@type":"Article","@id":"https:\/\/zeromagazine.mx\/index.php\/2026\/03\/04\/valentino-verano-romantico-looks-2026\/#article","isPartOf":{"@id":"https:\/\/zeromagazine.mx\/index.php\/2026\/03\/04\/valentino-verano-romantico-looks-2026\/"},"author":{"name":"zeromagazinemx","@id":"https:\/\/zeromagazine.mx\/#\/schema\/person\/9aed9f33a7c39af3a348b86d723f7773"},"headline":"Valentino verano rom\u00e1ntico total","datePublished":"2026-03-04T21:04:04+00:00","dateModified":"2026-03-04T21:04:06+00:00","mainEntityOfPage":{"@id":"https:\/\/zeromagazine.mx\/index.php\/2026\/03\/04\/valentino-verano-romantico-looks-2026\/"},"wordCount":544,"commentCount":0,"publisher":{"@id":"https:\/\/zeromagazine.mx\/#organization"},"image":{"@id":"https:\/\/zeromagazine.mx\/index.php\/2026\/03\/04\/valentino-verano-romantico-looks-2026\/#primaryimage"},"thumbnailUrl":"https:\/\/i0.wp.com\/zeromagazine.mx\/wp-content\/uploads\/2026\/03\/MX_VALENTINO.jpg-7.png?fit=2000%2C2531&ssl=1","articleSection":["Moda"],"inLanguage":"es","potentialAction":[{"@type":"CommentAction","name":"Comment","target":["https:\/\/zeromagazine.mx\/index.php\/2026\/03\/04\/valentino-verano-romantico-looks-2026\/#respond"]}]},{"@type":"WebPage","@id":"https:\/\/zeromagazine.mx\/index.php\/2026\/03\/04\/valentino-verano-romantico-looks-2026\/","url":"https:\/\/zeromagazine.mx\/index.php\/2026\/03\/04\/valentino-verano-romantico-looks-2026\/","name":"Valentino verano rom\u00e1ntico total - Zero Magazine","isPartOf":{"@id":"https:\/\/zeromagazine.mx\/#website"},"primaryImageOfPage":{"@id":"https:\/\/zeromagazine.mx\/index.php\/2026\/03\/04\/valentino-verano-romantico-looks-2026\/#primaryimage"},"image":{"@id":"https:\/\/zeromagazine.mx\/index.php\/2026\/03\/04\/valentino-verano-romantico-looks-2026\/#primaryimage"},"thumbnailUrl":"https:\/\/i0.wp.com\/zeromagazine.mx\/wp-content\/uploads\/2026\/03\/MX_VALENTINO.jpg-7.png?fit=2000%2C2531&ssl=1","datePublished":"2026-03-04T21:04:04+00:00","dateModified":"2026-03-04T21:04:06+00:00","description":"Valentino verano rom\u00e1ntico redefine la temporada 2026 con vestidos ligeros, bordados y accesorios ic\u00f3nicos llenos de luz.","breadcrumb":{"@id":"https:\/\/zeromagazine.mx\/index.php\/2026\/03\/04\/valentino-verano-romantico-looks-2026\/#breadcrumb"},"inLanguage":"es","potentialAction":[{"@type":"ReadAction","target":["https:\/\/zeromagazine.mx\/index.php\/2026\/03\/04\/valentino-verano-romantico-looks-2026\/"]}]},{"@type":"ImageObject","inLanguage":"es","@id":"https:\/\/zeromagazine.mx\/index.php\/2026\/03\/04\/valentino-verano-romantico-looks-2026\/#primaryimage","url":"https:\/\/i0.wp.com\/zeromagazine.mx\/wp-content\/uploads\/2026\/03\/MX_VALENTINO.jpg-7.png?fit=2000%2C2531&ssl=1","contentUrl":"https:\/\/i0.wp.com\/zeromagazine.mx\/wp-content\/uploads\/2026\/03\/MX_VALENTINO.jpg-7.png?fit=2000%2C2531&ssl=1","width":2000,"height":2531},{"@type":"BreadcrumbList","@id":"https:\/\/zeromagazine.mx\/index.php\/2026\/03\/04\/valentino-verano-romantico-looks-2026\/#breadcrumb","itemListElement":[{"@type":"ListItem","position":1,"name":"Portada","item":"https:\/\/zeromagazine.mx\/"},{"@type":"ListItem","position":2,"name":"Valentino verano rom\u00e1ntico total"}]},{"@type":"WebSite","@id":"https:\/\/zeromagazine.mx\/#website","url":"https:\/\/zeromagazine.mx\/","name":"Zero Magazine","description":"","publisher":{"@id":"https:\/\/zeromagazine.mx\/#organization"},"potentialAction":[{"@type":"SearchAction","target":{"@type":"EntryPoint","urlTemplate":"https:\/\/zeromagazine.mx\/?s={search_term_string}"},"query-input":{"@type":"PropertyValueSpecification","valueRequired":true,"valueName":"search_term_string"}}],"inLanguage":"es"},{"@type":"Organization","@id":"https:\/\/zeromagazine.mx\/#organization","name":"Zero Magazine","url":"https:\/\/zeromagazine.mx\/","logo":{"@type":"ImageObject","inLanguage":"es","@id":"https:\/\/zeromagazine.mx\/#\/schema\/logo\/image\/","url":"https:\/\/i0.wp.com\/zeromagazine.mx\/wp-content\/uploads\/2025\/11\/1.jpeg?fit=1000%2C1000&ssl=1","contentUrl":"https:\/\/i0.wp.com\/zeromagazine.mx\/wp-content\/uploads\/2025\/11\/1.jpeg?fit=1000%2C1000&ssl=1","width":1000,"height":1000,"caption":"Zero Magazine"},"image":{"@id":"https:\/\/zeromagazine.mx\/#\/schema\/logo\/image\/"},"sameAs":["https:\/\/instagram.com\/zeromagazinemx"]},{"@type":"Person","@id":"https:\/\/zeromagazine.mx\/#\/schema\/person\/9aed9f33a7c39af3a348b86d723f7773","name":"zeromagazinemx","image":{"@type":"ImageObject","inLanguage":"es","@id":"https:\/\/zeromagazine.mx\/wp-content\/litespeed\/avatar\/f91dfe5410d5dcb1a576bf8c45983896.jpg?ver=1776966396","url":"https:\/\/zeromagazine.mx\/wp-content\/litespeed\/avatar\/f91dfe5410d5dcb1a576bf8c45983896.jpg?ver=1776966396","contentUrl":"https:\/\/zeromagazine.mx\/wp-content\/litespeed\/avatar\/f91dfe5410d5dcb1a576bf8c45983896.jpg?ver=1776966396","caption":"zeromagazinemx"},"url":"https:\/\/zeromagazine.mx\/index.php\/author\/zeromagazinemx\/"}]}},"jetpack_publicize_connections":[],"jetpack_featured_media_url":"https:\/\/i0.wp.com\/zeromagazine.mx\/wp-content\/uploads\/2026\/03\/MX_VALENTINO.jpg-7.png?fit=2000%2C2531&ssl=1","jetpack-related-posts":[{"id":114059,"url":"https:\/\/zeromagazine.mx\/index.php\/2026\/01\/23\/estilo-valentino-moda-2026-tendencias\/","url_meta":{"origin":116352,"position":0},"title":"Estilo Valentino que rompe reglas","author":"zeromagazinemx","date":"23 de enero de 2026","format":false,"excerpt":"Si este a\u00f1o quieres que tu ropa hable antes que t\u00fa, el estilo Valentino llega como ese plot twist que tu cl\u00f3set estaba esperando. La moda deja de ser solo \u201cqu\u00e9 me pongo\u201d y se convierte en \u201cas\u00ed me siento hoy\u201d. Drama, romance, rebeld\u00eda y arte conviven en una misma\u2026","rel":"","context":"En \u00abModa\u00bb","block_context":{"text":"Moda","link":"https:\/\/zeromagazine.mx\/index.php\/category\/moda\/"},"img":{"alt_text":"","src":"https:\/\/i0.wp.com\/zeromagazine.mx\/wp-content\/uploads\/2026\/01\/1000048655.jpg?fit=960%2C1200&ssl=1&resize=350%2C200","width":350,"height":200,"srcset":"https:\/\/i0.wp.com\/zeromagazine.mx\/wp-content\/uploads\/2026\/01\/1000048655.jpg?fit=960%2C1200&ssl=1&resize=350%2C200 1x, https:\/\/i0.wp.com\/zeromagazine.mx\/wp-content\/uploads\/2026\/01\/1000048655.jpg?fit=960%2C1200&ssl=1&resize=525%2C300 1.5x, https:\/\/i0.wp.com\/zeromagazine.mx\/wp-content\/uploads\/2026\/01\/1000048655.jpg?fit=960%2C1200&ssl=1&resize=700%2C400 2x"},"classes":[]},{"id":116741,"url":"https:\/\/zeromagazine.mx\/index.php\/2026\/03\/14\/sastreria-valentino-primavera-verano-estilo\/","url_meta":{"origin":116352,"position":1},"title":"Sastrer\u00eda Valentino que redefine primavera","author":"zeromagazinemx","date":"14 de marzo de 2026","format":false,"excerpt":"La primavera ya no se trata solo de camisetas ligeras o prendas relajadas. Esta temporada, la sastrer\u00eda vuelve con fuerza, y Valentino demuestra que un blazer bien construido puede ser tan fresco como cualquier look veraniego. Entre tejidos ligeros, patrones elegantes y cortes que estilizan la silueta, la nueva propuesta\u2026","rel":"","context":"En \u00abModa\u00bb","block_context":{"text":"Moda","link":"https:\/\/zeromagazine.mx\/index.php\/category\/moda\/"},"img":{"alt_text":"","src":"https:\/\/i0.wp.com\/zeromagazine.mx\/wp-content\/uploads\/2026\/03\/MX_VALENTINO-3.png?fit=948%2C1200&ssl=1&resize=350%2C200","width":350,"height":200,"srcset":"https:\/\/i0.wp.com\/zeromagazine.mx\/wp-content\/uploads\/2026\/03\/MX_VALENTINO-3.png?fit=948%2C1200&ssl=1&resize=350%2C200 1x, https:\/\/i0.wp.com\/zeromagazine.mx\/wp-content\/uploads\/2026\/03\/MX_VALENTINO-3.png?fit=948%2C1200&ssl=1&resize=525%2C300 1.5x, https:\/\/i0.wp.com\/zeromagazine.mx\/wp-content\/uploads\/2026\/03\/MX_VALENTINO-3.png?fit=948%2C1200&ssl=1&resize=700%2C400 2x"},"classes":[]},{"id":114550,"url":"https:\/\/zeromagazine.mx\/index.php\/2026\/01\/31\/san-valentin-westies-amor-propio-estilo\/","url_meta":{"origin":116352,"position":2},"title":"San Valent\u00edn Westies: amor propio cool","author":"zeromagazinemx","date":"31 de enero de 2026","format":false,"excerpt":"Si este a\u00f1o el mood es quererte m\u00e1s y complicarte menos, San Valent\u00edn Westies llega justo con esa energ\u00eda. Olv\u00eddate del clich\u00e9 de esperar flores: aqu\u00ed la vibra es regalarte algo t\u00fa, para ti, porque s\u00ed. La nueva propuesta \u201cDe m\u00ed para m\u00ed\u201d convierte el estilo en un peque\u00f1o acto\u2026","rel":"","context":"En \u00abModa\u00bb","block_context":{"text":"Moda","link":"https:\/\/zeromagazine.mx\/index.php\/category\/moda\/"},"img":{"alt_text":"","src":"https:\/\/i0.wp.com\/zeromagazine.mx\/wp-content\/uploads\/2026\/01\/1000049727-scaled.jpg?fit=1200%2C800&ssl=1&resize=350%2C200","width":350,"height":200,"srcset":"https:\/\/i0.wp.com\/zeromagazine.mx\/wp-content\/uploads\/2026\/01\/1000049727-scaled.jpg?fit=1200%2C800&ssl=1&resize=350%2C200 1x, https:\/\/i0.wp.com\/zeromagazine.mx\/wp-content\/uploads\/2026\/01\/1000049727-scaled.jpg?fit=1200%2C800&ssl=1&resize=525%2C300 1.5x, https:\/\/i0.wp.com\/zeromagazine.mx\/wp-content\/uploads\/2026\/01\/1000049727-scaled.jpg?fit=1200%2C800&ssl=1&resize=700%2C400 2x, https:\/\/i0.wp.com\/zeromagazine.mx\/wp-content\/uploads\/2026\/01\/1000049727-scaled.jpg?fit=1200%2C800&ssl=1&resize=1050%2C600 3x"},"classes":[]},{"id":94966,"url":"https:\/\/zeromagazine.mx\/index.php\/2025\/01\/17\/3-restaurantes-para-celebrar-san-valentin\/","url_meta":{"origin":116352,"position":3},"title":"3 Restaurantes para Celebrar San Valent\u00edn","author":"zeromagazinemx","date":"17 de enero de 2025","format":false,"excerpt":"\u00a1Holi, amix! Ya se siente el mood de San Valent\u00edn en el aire, y en una ciudad tan chida como la CDMX, celebrar el amor en todas sus formas es un vibe que no puedes dejar pasar. Desde una cenita super rom\u00e1ntica hasta un plan cool con tu squad, hay\u2026","rel":"","context":"En \u00abFoodie\u00bb","block_context":{"text":"Foodie","link":"https:\/\/zeromagazine.mx\/index.php\/category\/lifestyle\/foodie\/"},"img":{"alt_text":"","src":"https:\/\/i0.wp.com\/zeromagazine.mx\/wp-content\/uploads\/2025\/01\/KatieJuneBurton_Lina-61-scaled.jpg?fit=800%2C1200&ssl=1&resize=350%2C200","width":350,"height":200,"srcset":"https:\/\/i0.wp.com\/zeromagazine.mx\/wp-content\/uploads\/2025\/01\/KatieJuneBurton_Lina-61-scaled.jpg?fit=800%2C1200&ssl=1&resize=350%2C200 1x, https:\/\/i0.wp.com\/zeromagazine.mx\/wp-content\/uploads\/2025\/01\/KatieJuneBurton_Lina-61-scaled.jpg?fit=800%2C1200&ssl=1&resize=525%2C300 1.5x, https:\/\/i0.wp.com\/zeromagazine.mx\/wp-content\/uploads\/2025\/01\/KatieJuneBurton_Lina-61-scaled.jpg?fit=800%2C1200&ssl=1&resize=700%2C400 2x"},"classes":[]},{"id":96710,"url":"https:\/\/zeromagazine.mx\/index.php\/2025\/02\/14\/destinos-romanticos-en-ee-uu\/","url_meta":{"origin":116352,"position":4},"title":"Destinos rom\u00e1nticos en EE.UU","author":"David Morales","date":"14 de febrero de 2025","format":false,"excerpt":"El amor se vive, se siente y, sobre todo, se disfruta. No hay mejor excusa que San Valent\u00edn para salir de la rutina y escaparse a un lugar donde el romance fluya como el chocolate derretido en fresas. Y es que, amix, viajar no solo es un mood, sino una\u2026","rel":"","context":"En \u00abBlog\u00bb","block_context":{"text":"Blog","link":"https:\/\/zeromagazine.mx\/index.php\/category\/blog\/"},"img":{"alt_text":"","src":"https:\/\/zeromagazine.mx\/wp-content\/uploads\/2025\/02\/Amelia-Island-9-1.avif","width":350,"height":200,"srcset":"https:\/\/zeromagazine.mx\/wp-content\/uploads\/2025\/02\/Amelia-Island-9-1.avif 1x, https:\/\/zeromagazine.mx\/wp-content\/uploads\/2025\/02\/Amelia-Island-9-1.avif 1.5x, https:\/\/zeromagazine.mx\/wp-content\/uploads\/2025\/02\/Amelia-Island-9-1.avif 2x, https:\/\/zeromagazine.mx\/wp-content\/uploads\/2025\/02\/Amelia-Island-9-1.avif 3x"},"classes":[]},{"id":114686,"url":"https:\/\/zeromagazine.mx\/index.php\/2026\/02\/02\/derba-matcha-cafe-san-valentin\/","url_meta":{"origin":116352,"position":5},"title":"Derba Matcha Cafe: El spot m\u00e1s dulce para celebrar San Valent\u00edn","author":"David Morales","date":"2 de febrero de 2026","format":false,"excerpt":"Cuando se acerca febrero, la ciudad entra en mood rom\u00e1ntico y aparecen los planes que s\u00ed dan ganas de presumir en stories.\u00a0Derba Matcha Cafe\u00a0se suma a la conversaci\u00f3n con una propuesta que va directo al coraz\u00f3n (y al antojo): sabores delicados, est\u00e9tica cuidada y un ambiente que invita a bajar\u2026","rel":"","context":"En \u00abFoodie\u00bb","block_context":{"text":"Foodie","link":"https:\/\/zeromagazine.mx\/index.php\/category\/lifestyle\/foodie\/"},"img":{"alt_text":"","src":"https:\/\/i0.wp.com\/zeromagazine.mx\/wp-content\/uploads\/2026\/02\/Derba-Matcha-Cafe-by-Andaz-Mexico-City-Condesa.jpeg?fit=480%2C720&ssl=1&resize=350%2C200","width":350,"height":200},"classes":[]}],"jetpack_sharing_enabled":true,"builder_content":"","_links":{"self":[{"href":"https:\/\/zeromagazine.mx\/index.php\/wp-json\/wp\/v2\/posts\/116352","targetHints":{"allow":["GET"]}}],"collection":[{"href":"https:\/\/zeromagazine.mx\/index.php\/wp-json\/wp\/v2\/posts"}],"about":[{"href":"https:\/\/zeromagazine.mx\/index.php\/wp-json\/wp\/v2\/types\/post"}],"author":[{"embeddable":true,"href":"https:\/\/zeromagazine.mx\/index.php\/wp-json\/wp\/v2\/users\/2"}],"replies":[{"embeddable":true,"href":"https:\/\/zeromagazine.mx\/index.php\/wp-json\/wp\/v2\/comments?post=116352"}],"version-history":[{"count":1,"href":"https:\/\/zeromagazine.mx\/index.php\/wp-json\/wp\/v2\/posts\/116352\/revisions"}],"predecessor-version":[{"id":116358,"href":"https:\/\/zeromagazine.mx\/index.php\/wp-json\/wp\/v2\/posts\/116352\/revisions\/116358"}],"wp:featuredmedia":[{"embeddable":true,"href":"https:\/\/zeromagazine.mx\/index.php\/wp-json\/wp\/v2\/media\/116357"}],"wp:attachment":[{"href":"https:\/\/zeromagazine.mx\/index.php\/wp-json\/wp\/v2\/media?parent=116352"}],"wp:term":[{"taxonomy":"category","embeddable":true,"href":"https:\/\/zeromagazine.mx\/index.php\/wp-json\/wp\/v2\/categories?post=116352"},{"taxonomy":"post_tag","embeddable":true,"href":"https:\/\/zeromagazine.mx\/index.php\/wp-json\/wp\/v2\/tags?post=116352"}],"curies":[{"name":"wp","href":"https:\/\/api.w.org\/{rel}","templated":true}]}}