{"id":116366,"date":"2026-03-04T22:17:45","date_gmt":"2026-03-05T04:17:45","guid":{"rendered":"https:\/\/zeromagazine.mx\/?p=116366"},"modified":"2026-03-04T22:17:47","modified_gmt":"2026-03-05T04:17:47","slug":"birkenstock-san-pedro-boutique-monterrey","status":"publish","type":"post","link":"https:\/\/zeromagazine.mx\/index.php\/2026\/03\/04\/birkenstock-san-pedro-boutique-monterrey\/","title":{"rendered":"Birkenstock San Pedro redefine el shopping premium"},"content":{"rendered":"<!--themify_builder_content-->\n<div id=\"themify_builder_content-116366\" data-postid=\"116366\" class=\"themify_builder_content themify_builder_content-116366 themify_builder tf_clear\">\n    <\/div>\n<!--\/themify_builder_content-->\n\n\n<p>Si eres de quienes creen que la comodidad y el estilo s\u00ed pueden coexistir, hay una noticia que definitivamente te va a interesar. La ic\u00f3nica marca alemana <a href=\"\/\/generic-entity?number=0\">Birkenstock<\/a> acaba de abrir una nueva boutique en <a href=\"\/\/generic-entity?number=1\">San Pedro Garza Garc\u00eda<\/a>, dentro del elegante <a href=\"\/\/generic-entity?number=2\">Paseo San Pedro<\/a>, y el resultado es un spot que literalmente se siente como el para\u00edso para quienes aman el dise\u00f1o minimalista con vibe premium.<\/p>\n\n\n\n<figure class=\"wp-block-image size-full\"><img data-recalc-dims=\"1\" decoding=\"async\" width=\"1165\" height=\"776\" src=\"https:\/\/i0.wp.com\/zeromagazine.mx\/wp-content\/uploads\/2026\/03\/IMG_6519.jpeg?resize=1165%2C776&#038;ssl=1\" alt=\"\" class=\"wp-image-116367\" srcset=\"https:\/\/i0.wp.com\/zeromagazine.mx\/wp-content\/uploads\/2026\/03\/IMG_6519.jpeg?w=2048&amp;ssl=1 2048w, https:\/\/i0.wp.com\/zeromagazine.mx\/wp-content\/uploads\/2026\/03\/IMG_6519.jpeg?resize=300%2C200&amp;ssl=1 300w, https:\/\/i0.wp.com\/zeromagazine.mx\/wp-content\/uploads\/2026\/03\/IMG_6519.jpeg?resize=1024%2C683&amp;ssl=1 1024w, https:\/\/i0.wp.com\/zeromagazine.mx\/wp-content\/uploads\/2026\/03\/IMG_6519.jpeg?resize=768%2C512&amp;ssl=1 768w, https:\/\/i0.wp.com\/zeromagazine.mx\/wp-content\/uploads\/2026\/03\/IMG_6519.jpeg?resize=1536%2C1024&amp;ssl=1 1536w\" sizes=\"(max-width: 1165px) 100vw, 1165px\" \/><\/figure>\n\n\n\n<p>Esta apertura no es cualquier cosa. Se trata de la boutique n\u00famero 20 de Birkenstock en M\u00e9xico, lo que confirma algo que ya sab\u00edamos: el pa\u00eds se ha convertido en uno de los mercados m\u00e1s importantes para la marca. Y claro, Monterrey no pod\u00eda quedarse fuera de este crecimiento.<\/p>\n\n\n\n<p>Adem\u00e1s, la ubicaci\u00f3n no es casualidad. San Pedro Garza Garc\u00eda es una de las zonas con mayor poder adquisitivo del pa\u00eds, conocida por su lifestyle sofisticado, sus centros comerciales de alto nivel y su comunidad que siempre est\u00e1 buscando lo mejor en moda, dise\u00f1o y experiencias.<\/p>\n\n\n\n<p><strong>Birkenstock San Pedro y la experiencia de comprar diferente<\/strong><\/p>\n\n\n\n<p>Primero que nada, entrar a la nueva Birkenstock San Pedro es una experiencia en s\u00ed misma. La boutique fue dise\u00f1ada para que cada detalle refleje los valores que han hecho famosa a la marca: comodidad, calidad y est\u00e9tica atemporal.<\/p>\n\n\n\n<p>Dentro del espacio podr\u00e1s encontrar desde los cl\u00e1sicos que todo mundo reconoce \u2014como las sandalias de dos hebillas que llevan d\u00e9cadas siendo un statement de estilo\u2014 hasta las colecciones m\u00e1s recientes pensadas para quienes quieren un look relajado pero con personalidad.<\/p>\n\n\n\n<figure class=\"wp-block-image size-full\"><img data-recalc-dims=\"1\" decoding=\"async\" width=\"1165\" height=\"776\" src=\"https:\/\/i0.wp.com\/zeromagazine.mx\/wp-content\/uploads\/2026\/03\/IMG_6518.jpeg?resize=1165%2C776&#038;ssl=1\" alt=\"\" class=\"wp-image-116368\" srcset=\"https:\/\/i0.wp.com\/zeromagazine.mx\/wp-content\/uploads\/2026\/03\/IMG_6518.jpeg?w=2048&amp;ssl=1 2048w, https:\/\/i0.wp.com\/zeromagazine.mx\/wp-content\/uploads\/2026\/03\/IMG_6518.jpeg?resize=300%2C200&amp;ssl=1 300w, https:\/\/i0.wp.com\/zeromagazine.mx\/wp-content\/uploads\/2026\/03\/IMG_6518.jpeg?resize=1024%2C683&amp;ssl=1 1024w, https:\/\/i0.wp.com\/zeromagazine.mx\/wp-content\/uploads\/2026\/03\/IMG_6518.jpeg?resize=768%2C512&amp;ssl=1 768w, https:\/\/i0.wp.com\/zeromagazine.mx\/wp-content\/uploads\/2026\/03\/IMG_6518.jpeg?resize=1536%2C1024&amp;ssl=1 1536w\" sizes=\"(max-width: 1165px) 100vw, 1165px\" \/><\/figure>\n\n\n\n<p>Adem\u00e1s, el dise\u00f1o del lugar busca algo muy claro: que la gente se tome su tiempo para explorar. Aqu\u00ed no se trata solo de comprar un par de sandalias, sino de descubrir por qu\u00e9 el famoso footbed anat\u00f3mico de Birkenstock sigue siendo un referente global en ergonom\u00eda.<\/p>\n\n\n\n<p>Por otro lado, el ambiente del lugar tiene esa vibra minimalista que tanto gusta hoy: materiales naturales, iluminaci\u00f3n c\u00e1lida y una disposici\u00f3n del producto que te invita a probar, caminar y sentir realmente la comodidad de cada modelo.<\/p>\n\n\n\n<p><strong>Birkenstock San Pedro y el boom del estilo comfy<\/strong><\/p>\n\n\n\n<p>Mientras muchas tendencias de moda cambian cada temporada, hay algo que se mantiene constante: la b\u00fasqueda de piezas que combinen estilo con bienestar. Y ah\u00ed es donde Birkenstock ha sabido posicionarse como una de las marcas favoritas de quienes entienden que el lujo tambi\u00e9n puede ser relajado.<\/p>\n\n\n\n<p>Adem\u00e1s, en los \u00faltimos a\u00f1os las sandalias de la marca han pasado de ser un b\u00e1sico funcional a convertirse en un must del street style. Desde outfits minimalistas hasta combinaciones m\u00e1s atrevidas, el calzado Birkenstock aparece cada vez m\u00e1s en editoriales, pasarelas y redes sociales.<\/p>\n\n\n\n<figure class=\"wp-block-image size-full\"><img data-recalc-dims=\"1\" decoding=\"async\" width=\"1165\" height=\"776\" src=\"https:\/\/i0.wp.com\/zeromagazine.mx\/wp-content\/uploads\/2026\/03\/IMG_6517.jpeg?resize=1165%2C776&#038;ssl=1\" alt=\"\" class=\"wp-image-116369\" srcset=\"https:\/\/i0.wp.com\/zeromagazine.mx\/wp-content\/uploads\/2026\/03\/IMG_6517.jpeg?w=2048&amp;ssl=1 2048w, https:\/\/i0.wp.com\/zeromagazine.mx\/wp-content\/uploads\/2026\/03\/IMG_6517.jpeg?resize=300%2C200&amp;ssl=1 300w, https:\/\/i0.wp.com\/zeromagazine.mx\/wp-content\/uploads\/2026\/03\/IMG_6517.jpeg?resize=1024%2C683&amp;ssl=1 1024w, https:\/\/i0.wp.com\/zeromagazine.mx\/wp-content\/uploads\/2026\/03\/IMG_6517.jpeg?resize=768%2C512&amp;ssl=1 768w, https:\/\/i0.wp.com\/zeromagazine.mx\/wp-content\/uploads\/2026\/03\/IMG_6517.jpeg?resize=1536%2C1024&amp;ssl=1 1536w\" sizes=\"(max-width: 1165px) 100vw, 1165px\" \/><\/figure>\n\n\n\n<p>Incluso, celebridades, creativos y amantes de la moda han adoptado la filosof\u00eda de la marca: invertir en piezas que duran a\u00f1os y que, al mismo tiempo, elevan cualquier look casual.<\/p>\n\n\n\n<p>Finalmente, la llegada de Birkenstock San Pedro confirma algo que ya es evidente: la marca no solo est\u00e1 creciendo en M\u00e9xico, tambi\u00e9n est\u00e1 consolidando una comunidad que valora el dise\u00f1o consciente, la comodidad real y el estilo sin esfuerzo.<\/p>\n\n\n\n<p>Y si estabas buscando una excusa para renovar tus sandalias favoritas, esta nueva boutique en Monterrey probablemente sea el pretexto perfecto.<\/p>","protected":false},"excerpt":{"rendered":"<p>Si eres de quienes creen que la comodidad y el estilo s\u00ed pueden coexistir, hay una noticia que definitivamente te va a interesar. La ic\u00f3nica marca alemana Birkenstock acaba de abrir una nueva boutique en San Pedro Garza Garc\u00eda, dentro del elegante Paseo San Pedro, y el resultado es un spot que literalmente se siente [&hellip;]<\/p>\n","protected":false},"author":6,"featured_media":116367,"comment_status":"open","ping_status":"open","sticky":false,"template":"","format":"standard","meta":{"_jetpack_memberships_contains_paid_content":false,"footnotes":"","jetpack_publicize_message":"","jetpack_publicize_feature_enabled":true,"jetpack_social_post_already_shared":true,"jetpack_social_options":{"image_generator_settings":{"template":"highway","default_image_id":0,"font":"","enabled":false},"version":2}},"categories":[67],"tags":[],"class_list":["post-116366","post","type-post","status-publish","format-standard","has-post-thumbnail","hentry","category-moda","has-post-title","has-post-date","has-post-category","has-post-tag","has-post-comment","has-post-author",""],"yoast_head":"<!-- This site is optimized with the Yoast SEO plugin v27.4 - https:\/\/yoast.com\/product\/yoast-seo-wordpress\/ -->\n<title>Birkenstock San Pedro redefine el shopping premium - Zero Magazine<\/title>\n<meta name=\"description\" content=\"Birkenstock San Pedro abre nueva boutique en Monterrey. Descubre el espacio, las colecciones y por qu\u00e9 la marca sigue dominando el estilo comfy.\" \/>\n<meta name=\"robots\" content=\"index, follow, max-snippet:-1, max-image-preview:large, max-video-preview:-1\" \/>\n<link rel=\"canonical\" href=\"https:\/\/zeromagazine.mx\/index.php\/2026\/03\/04\/birkenstock-san-pedro-boutique-monterrey\/\" \/>\n<meta property=\"og:locale\" content=\"es_ES\" \/>\n<meta property=\"og:type\" content=\"article\" \/>\n<meta property=\"og:title\" content=\"Birkenstock San Pedro redefine el shopping premium - Zero Magazine\" \/>\n<meta property=\"og:description\" content=\"Birkenstock San Pedro abre nueva boutique en Monterrey. Descubre el espacio, las colecciones y por qu\u00e9 la marca sigue dominando el estilo comfy.\" \/>\n<meta property=\"og:url\" content=\"https:\/\/zeromagazine.mx\/index.php\/2026\/03\/04\/birkenstock-san-pedro-boutique-monterrey\/\" \/>\n<meta property=\"og:site_name\" content=\"Zero Magazine\" \/>\n<meta property=\"article:published_time\" content=\"2026-03-05T04:17:45+00:00\" \/>\n<meta property=\"article:modified_time\" content=\"2026-03-05T04:17:47+00:00\" \/>\n<meta property=\"og:image\" content=\"http:\/\/zeromagazine.mx\/wp-content\/uploads\/2026\/03\/IMG_6519.jpeg\" \/>\n\t<meta property=\"og:image:width\" content=\"2048\" \/>\n\t<meta property=\"og:image:height\" content=\"1365\" \/>\n\t<meta property=\"og:image:type\" content=\"image\/jpeg\" \/>\n<meta name=\"author\" content=\"Luis Trujano\" \/>\n<meta name=\"twitter:card\" content=\"summary_large_image\" \/>\n<meta name=\"twitter:label1\" content=\"Escrito por\" \/>\n\t<meta name=\"twitter:data1\" content=\"Luis Trujano\" \/>\n\t<meta name=\"twitter:label2\" content=\"Tiempo de lectura\" \/>\n\t<meta name=\"twitter:data2\" content=\"4 minutos\" \/>\n<script type=\"application\/ld+json\" class=\"yoast-schema-graph\">{\"@context\":\"https:\\\/\\\/schema.org\",\"@graph\":[{\"@type\":\"Article\",\"@id\":\"https:\\\/\\\/zeromagazine.mx\\\/index.php\\\/2026\\\/03\\\/04\\\/birkenstock-san-pedro-boutique-monterrey\\\/#article\",\"isPartOf\":{\"@id\":\"https:\\\/\\\/zeromagazine.mx\\\/index.php\\\/2026\\\/03\\\/04\\\/birkenstock-san-pedro-boutique-monterrey\\\/\"},\"author\":{\"name\":\"Luis Trujano\",\"@id\":\"https:\\\/\\\/zeromagazine.mx\\\/#\\\/schema\\\/person\\\/118d2dc27eca6f07b968c953d12daa6b\"},\"headline\":\"Birkenstock San Pedro redefine el shopping premium\",\"datePublished\":\"2026-03-05T04:17:45+00:00\",\"dateModified\":\"2026-03-05T04:17:47+00:00\",\"mainEntityOfPage\":{\"@id\":\"https:\\\/\\\/zeromagazine.mx\\\/index.php\\\/2026\\\/03\\\/04\\\/birkenstock-san-pedro-boutique-monterrey\\\/\"},\"wordCount\":573,\"commentCount\":0,\"publisher\":{\"@id\":\"https:\\\/\\\/zeromagazine.mx\\\/#organization\"},\"image\":{\"@id\":\"https:\\\/\\\/zeromagazine.mx\\\/index.php\\\/2026\\\/03\\\/04\\\/birkenstock-san-pedro-boutique-monterrey\\\/#primaryimage\"},\"thumbnailUrl\":\"https:\\\/\\\/i0.wp.com\\\/zeromagazine.mx\\\/wp-content\\\/uploads\\\/2026\\\/03\\\/IMG_6519.jpeg?fit=2048%2C1365&ssl=1\",\"articleSection\":[\"Moda\"],\"inLanguage\":\"es\",\"potentialAction\":[{\"@type\":\"CommentAction\",\"name\":\"Comment\",\"target\":[\"https:\\\/\\\/zeromagazine.mx\\\/index.php\\\/2026\\\/03\\\/04\\\/birkenstock-san-pedro-boutique-monterrey\\\/#respond\"]}]},{\"@type\":\"WebPage\",\"@id\":\"https:\\\/\\\/zeromagazine.mx\\\/index.php\\\/2026\\\/03\\\/04\\\/birkenstock-san-pedro-boutique-monterrey\\\/\",\"url\":\"https:\\\/\\\/zeromagazine.mx\\\/index.php\\\/2026\\\/03\\\/04\\\/birkenstock-san-pedro-boutique-monterrey\\\/\",\"name\":\"Birkenstock San Pedro redefine el shopping premium - Zero Magazine\",\"isPartOf\":{\"@id\":\"https:\\\/\\\/zeromagazine.mx\\\/#website\"},\"primaryImageOfPage\":{\"@id\":\"https:\\\/\\\/zeromagazine.mx\\\/index.php\\\/2026\\\/03\\\/04\\\/birkenstock-san-pedro-boutique-monterrey\\\/#primaryimage\"},\"image\":{\"@id\":\"https:\\\/\\\/zeromagazine.mx\\\/index.php\\\/2026\\\/03\\\/04\\\/birkenstock-san-pedro-boutique-monterrey\\\/#primaryimage\"},\"thumbnailUrl\":\"https:\\\/\\\/i0.wp.com\\\/zeromagazine.mx\\\/wp-content\\\/uploads\\\/2026\\\/03\\\/IMG_6519.jpeg?fit=2048%2C1365&ssl=1\",\"datePublished\":\"2026-03-05T04:17:45+00:00\",\"dateModified\":\"2026-03-05T04:17:47+00:00\",\"description\":\"Birkenstock San Pedro abre nueva boutique en Monterrey. Descubre el espacio, las colecciones y por qu\u00e9 la marca sigue dominando el estilo comfy.\",\"breadcrumb\":{\"@id\":\"https:\\\/\\\/zeromagazine.mx\\\/index.php\\\/2026\\\/03\\\/04\\\/birkenstock-san-pedro-boutique-monterrey\\\/#breadcrumb\"},\"inLanguage\":\"es\",\"potentialAction\":[{\"@type\":\"ReadAction\",\"target\":[\"https:\\\/\\\/zeromagazine.mx\\\/index.php\\\/2026\\\/03\\\/04\\\/birkenstock-san-pedro-boutique-monterrey\\\/\"]}]},{\"@type\":\"ImageObject\",\"inLanguage\":\"es\",\"@id\":\"https:\\\/\\\/zeromagazine.mx\\\/index.php\\\/2026\\\/03\\\/04\\\/birkenstock-san-pedro-boutique-monterrey\\\/#primaryimage\",\"url\":\"https:\\\/\\\/i0.wp.com\\\/zeromagazine.mx\\\/wp-content\\\/uploads\\\/2026\\\/03\\\/IMG_6519.jpeg?fit=2048%2C1365&ssl=1\",\"contentUrl\":\"https:\\\/\\\/i0.wp.com\\\/zeromagazine.mx\\\/wp-content\\\/uploads\\\/2026\\\/03\\\/IMG_6519.jpeg?fit=2048%2C1365&ssl=1\",\"width\":2048,\"height\":1365},{\"@type\":\"BreadcrumbList\",\"@id\":\"https:\\\/\\\/zeromagazine.mx\\\/index.php\\\/2026\\\/03\\\/04\\\/birkenstock-san-pedro-boutique-monterrey\\\/#breadcrumb\",\"itemListElement\":[{\"@type\":\"ListItem\",\"position\":1,\"name\":\"Portada\",\"item\":\"https:\\\/\\\/zeromagazine.mx\\\/\"},{\"@type\":\"ListItem\",\"position\":2,\"name\":\"Birkenstock San Pedro redefine el shopping premium\"}]},{\"@type\":\"WebSite\",\"@id\":\"https:\\\/\\\/zeromagazine.mx\\\/#website\",\"url\":\"https:\\\/\\\/zeromagazine.mx\\\/\",\"name\":\"Zero Magazine\",\"description\":\"\",\"publisher\":{\"@id\":\"https:\\\/\\\/zeromagazine.mx\\\/#organization\"},\"potentialAction\":[{\"@type\":\"SearchAction\",\"target\":{\"@type\":\"EntryPoint\",\"urlTemplate\":\"https:\\\/\\\/zeromagazine.mx\\\/?s={search_term_string}\"},\"query-input\":{\"@type\":\"PropertyValueSpecification\",\"valueRequired\":true,\"valueName\":\"search_term_string\"}}],\"inLanguage\":\"es\"},{\"@type\":\"Organization\",\"@id\":\"https:\\\/\\\/zeromagazine.mx\\\/#organization\",\"name\":\"Zero Magazine\",\"url\":\"https:\\\/\\\/zeromagazine.mx\\\/\",\"logo\":{\"@type\":\"ImageObject\",\"inLanguage\":\"es\",\"@id\":\"https:\\\/\\\/zeromagazine.mx\\\/#\\\/schema\\\/logo\\\/image\\\/\",\"url\":\"https:\\\/\\\/i0.wp.com\\\/zeromagazine.mx\\\/wp-content\\\/uploads\\\/2025\\\/11\\\/1.jpeg?fit=1000%2C1000&ssl=1\",\"contentUrl\":\"https:\\\/\\\/i0.wp.com\\\/zeromagazine.mx\\\/wp-content\\\/uploads\\\/2025\\\/11\\\/1.jpeg?fit=1000%2C1000&ssl=1\",\"width\":1000,\"height\":1000,\"caption\":\"Zero Magazine\"},\"image\":{\"@id\":\"https:\\\/\\\/zeromagazine.mx\\\/#\\\/schema\\\/logo\\\/image\\\/\"},\"sameAs\":[\"https:\\\/\\\/instagram.com\\\/zeromagazinemx\"]},{\"@type\":\"Person\",\"@id\":\"https:\\\/\\\/zeromagazine.mx\\\/#\\\/schema\\\/person\\\/118d2dc27eca6f07b968c953d12daa6b\",\"name\":\"Luis Trujano\",\"image\":{\"@type\":\"ImageObject\",\"inLanguage\":\"es\",\"@id\":\"https:\\\/\\\/zeromagazine.mx\\\/wp-content\\\/litespeed\\\/avatar\\\/fbd9d1d6aa4d21e2bb5be8b3155046c9.jpg?ver=1776970654\",\"url\":\"https:\\\/\\\/zeromagazine.mx\\\/wp-content\\\/litespeed\\\/avatar\\\/fbd9d1d6aa4d21e2bb5be8b3155046c9.jpg?ver=1776970654\",\"contentUrl\":\"https:\\\/\\\/zeromagazine.mx\\\/wp-content\\\/litespeed\\\/avatar\\\/fbd9d1d6aa4d21e2bb5be8b3155046c9.jpg?ver=1776970654\",\"caption\":\"Luis Trujano\"},\"url\":\"https:\\\/\\\/zeromagazine.mx\\\/index.php\\\/author\\\/luis-trujano\\\/\"}]}<\/script>\n<!-- \/ Yoast SEO plugin. -->","yoast_head_json":{"title":"Birkenstock San Pedro redefine el shopping premium - Zero Magazine","description":"Birkenstock San Pedro abre nueva boutique en Monterrey. Descubre el espacio, las colecciones y por qu\u00e9 la marca sigue dominando el estilo comfy.","robots":{"index":"index","follow":"follow","max-snippet":"max-snippet:-1","max-image-preview":"max-image-preview:large","max-video-preview":"max-video-preview:-1"},"canonical":"https:\/\/zeromagazine.mx\/index.php\/2026\/03\/04\/birkenstock-san-pedro-boutique-monterrey\/","og_locale":"es_ES","og_type":"article","og_title":"Birkenstock San Pedro redefine el shopping premium - Zero Magazine","og_description":"Birkenstock San Pedro abre nueva boutique en Monterrey. Descubre el espacio, las colecciones y por qu\u00e9 la marca sigue dominando el estilo comfy.","og_url":"https:\/\/zeromagazine.mx\/index.php\/2026\/03\/04\/birkenstock-san-pedro-boutique-monterrey\/","og_site_name":"Zero Magazine","article_published_time":"2026-03-05T04:17:45+00:00","article_modified_time":"2026-03-05T04:17:47+00:00","og_image":[{"width":2048,"height":1365,"url":"http:\/\/zeromagazine.mx\/wp-content\/uploads\/2026\/03\/IMG_6519.jpeg","type":"image\/jpeg"}],"author":"Luis Trujano","twitter_card":"summary_large_image","twitter_misc":{"Escrito por":"Luis Trujano","Tiempo de lectura":"4 minutos"},"schema":{"@context":"https:\/\/schema.org","@graph":[{"@type":"Article","@id":"https:\/\/zeromagazine.mx\/index.php\/2026\/03\/04\/birkenstock-san-pedro-boutique-monterrey\/#article","isPartOf":{"@id":"https:\/\/zeromagazine.mx\/index.php\/2026\/03\/04\/birkenstock-san-pedro-boutique-monterrey\/"},"author":{"name":"Luis Trujano","@id":"https:\/\/zeromagazine.mx\/#\/schema\/person\/118d2dc27eca6f07b968c953d12daa6b"},"headline":"Birkenstock San Pedro redefine el shopping premium","datePublished":"2026-03-05T04:17:45+00:00","dateModified":"2026-03-05T04:17:47+00:00","mainEntityOfPage":{"@id":"https:\/\/zeromagazine.mx\/index.php\/2026\/03\/04\/birkenstock-san-pedro-boutique-monterrey\/"},"wordCount":573,"commentCount":0,"publisher":{"@id":"https:\/\/zeromagazine.mx\/#organization"},"image":{"@id":"https:\/\/zeromagazine.mx\/index.php\/2026\/03\/04\/birkenstock-san-pedro-boutique-monterrey\/#primaryimage"},"thumbnailUrl":"https:\/\/i0.wp.com\/zeromagazine.mx\/wp-content\/uploads\/2026\/03\/IMG_6519.jpeg?fit=2048%2C1365&ssl=1","articleSection":["Moda"],"inLanguage":"es","potentialAction":[{"@type":"CommentAction","name":"Comment","target":["https:\/\/zeromagazine.mx\/index.php\/2026\/03\/04\/birkenstock-san-pedro-boutique-monterrey\/#respond"]}]},{"@type":"WebPage","@id":"https:\/\/zeromagazine.mx\/index.php\/2026\/03\/04\/birkenstock-san-pedro-boutique-monterrey\/","url":"https:\/\/zeromagazine.mx\/index.php\/2026\/03\/04\/birkenstock-san-pedro-boutique-monterrey\/","name":"Birkenstock San Pedro redefine el shopping premium - Zero Magazine","isPartOf":{"@id":"https:\/\/zeromagazine.mx\/#website"},"primaryImageOfPage":{"@id":"https:\/\/zeromagazine.mx\/index.php\/2026\/03\/04\/birkenstock-san-pedro-boutique-monterrey\/#primaryimage"},"image":{"@id":"https:\/\/zeromagazine.mx\/index.php\/2026\/03\/04\/birkenstock-san-pedro-boutique-monterrey\/#primaryimage"},"thumbnailUrl":"https:\/\/i0.wp.com\/zeromagazine.mx\/wp-content\/uploads\/2026\/03\/IMG_6519.jpeg?fit=2048%2C1365&ssl=1","datePublished":"2026-03-05T04:17:45+00:00","dateModified":"2026-03-05T04:17:47+00:00","description":"Birkenstock San Pedro abre nueva boutique en Monterrey. Descubre el espacio, las colecciones y por qu\u00e9 la marca sigue dominando el estilo comfy.","breadcrumb":{"@id":"https:\/\/zeromagazine.mx\/index.php\/2026\/03\/04\/birkenstock-san-pedro-boutique-monterrey\/#breadcrumb"},"inLanguage":"es","potentialAction":[{"@type":"ReadAction","target":["https:\/\/zeromagazine.mx\/index.php\/2026\/03\/04\/birkenstock-san-pedro-boutique-monterrey\/"]}]},{"@type":"ImageObject","inLanguage":"es","@id":"https:\/\/zeromagazine.mx\/index.php\/2026\/03\/04\/birkenstock-san-pedro-boutique-monterrey\/#primaryimage","url":"https:\/\/i0.wp.com\/zeromagazine.mx\/wp-content\/uploads\/2026\/03\/IMG_6519.jpeg?fit=2048%2C1365&ssl=1","contentUrl":"https:\/\/i0.wp.com\/zeromagazine.mx\/wp-content\/uploads\/2026\/03\/IMG_6519.jpeg?fit=2048%2C1365&ssl=1","width":2048,"height":1365},{"@type":"BreadcrumbList","@id":"https:\/\/zeromagazine.mx\/index.php\/2026\/03\/04\/birkenstock-san-pedro-boutique-monterrey\/#breadcrumb","itemListElement":[{"@type":"ListItem","position":1,"name":"Portada","item":"https:\/\/zeromagazine.mx\/"},{"@type":"ListItem","position":2,"name":"Birkenstock San Pedro redefine el shopping premium"}]},{"@type":"WebSite","@id":"https:\/\/zeromagazine.mx\/#website","url":"https:\/\/zeromagazine.mx\/","name":"Zero Magazine","description":"","publisher":{"@id":"https:\/\/zeromagazine.mx\/#organization"},"potentialAction":[{"@type":"SearchAction","target":{"@type":"EntryPoint","urlTemplate":"https:\/\/zeromagazine.mx\/?s={search_term_string}"},"query-input":{"@type":"PropertyValueSpecification","valueRequired":true,"valueName":"search_term_string"}}],"inLanguage":"es"},{"@type":"Organization","@id":"https:\/\/zeromagazine.mx\/#organization","name":"Zero Magazine","url":"https:\/\/zeromagazine.mx\/","logo":{"@type":"ImageObject","inLanguage":"es","@id":"https:\/\/zeromagazine.mx\/#\/schema\/logo\/image\/","url":"https:\/\/i0.wp.com\/zeromagazine.mx\/wp-content\/uploads\/2025\/11\/1.jpeg?fit=1000%2C1000&ssl=1","contentUrl":"https:\/\/i0.wp.com\/zeromagazine.mx\/wp-content\/uploads\/2025\/11\/1.jpeg?fit=1000%2C1000&ssl=1","width":1000,"height":1000,"caption":"Zero Magazine"},"image":{"@id":"https:\/\/zeromagazine.mx\/#\/schema\/logo\/image\/"},"sameAs":["https:\/\/instagram.com\/zeromagazinemx"]},{"@type":"Person","@id":"https:\/\/zeromagazine.mx\/#\/schema\/person\/118d2dc27eca6f07b968c953d12daa6b","name":"Luis Trujano","image":{"@type":"ImageObject","inLanguage":"es","@id":"https:\/\/zeromagazine.mx\/wp-content\/litespeed\/avatar\/fbd9d1d6aa4d21e2bb5be8b3155046c9.jpg?ver=1776970654","url":"https:\/\/zeromagazine.mx\/wp-content\/litespeed\/avatar\/fbd9d1d6aa4d21e2bb5be8b3155046c9.jpg?ver=1776970654","contentUrl":"https:\/\/zeromagazine.mx\/wp-content\/litespeed\/avatar\/fbd9d1d6aa4d21e2bb5be8b3155046c9.jpg?ver=1776970654","caption":"Luis Trujano"},"url":"https:\/\/zeromagazine.mx\/index.php\/author\/luis-trujano\/"}]}},"jetpack_publicize_connections":[],"jetpack_featured_media_url":"https:\/\/i0.wp.com\/zeromagazine.mx\/wp-content\/uploads\/2026\/03\/IMG_6519.jpeg?fit=2048%2C1365&ssl=1","jetpack-related-posts":[{"id":51465,"url":"https:\/\/zeromagazine.mx\/index.php\/2021\/08\/03\/conoce-los-modelos-de-birkenstock-inspirados-en-las-ciudades-iconicas-de-japon\/","url_meta":{"origin":116366,"position":0},"title":"Conoce los modelos de Birkenstock inspirados en las ciudades ic\u00f3nicas de Jap\u00f3n","author":"zeromagazinemx","date":"3 de agosto de 2021","format":false,"excerpt":"Te presentamos los modelos Tokio y Kyoto de Birkenstock los cuales est\u00e1n inspirados en ciudades ic\u00f3nicas que combinan vanguardia y tradici\u00f3n de la mano del confort. Por Mayra Torres Modelo Tokio, un dise\u00f1o basado en el m\u00edtico clog o mejor conocido como zueco que regresa este para vestir c\u00f3modo todos\u2026","rel":"","context":"En \u00abLifestyle\u00bb","block_context":{"text":"Lifestyle","link":"https:\/\/zeromagazine.mx\/index.php\/category\/lifestyle\/"},"img":{"alt_text":"","src":"","width":0,"height":0},"classes":[]},{"id":47702,"url":"https:\/\/zeromagazine.mx\/index.php\/2021\/06\/14\/las-mejores-sandalias-para-este-spring-summer-2021\/","url_meta":{"origin":116366,"position":1},"title":"Las mejores sandalias para este Spring Summer 2021","author":"zeromagazinemx","date":"14 de junio de 2021","format":false,"excerpt":"Birkenstock nos presenta tres opciones para el regalo perfecto de pap\u00e1. Por Mayra Torres Arizona Desert Soil es una de las propuestas para esta temporada, su c\u00f3moda plantilla y agarre en sus dos correas ser\u00e1n ideales para caminatas al aire libre, con un estampado que m\u00e1s contacto tiene con la\u2026","rel":"","context":"En \u00abLifestyle\u00bb","block_context":{"text":"Lifestyle","link":"https:\/\/zeromagazine.mx\/index.php\/category\/lifestyle\/"},"img":{"alt_text":"","src":"","width":0,"height":0},"classes":[]},{"id":57191,"url":"https:\/\/zeromagazine.mx\/index.php\/2021\/11\/02\/las-mejores-botas-para-este-otono\/","url_meta":{"origin":116366,"position":2},"title":"Las mejores botas para este oto\u00f1o","author":"zeromagazinemx","date":"2 de noviembre de 2021","format":false,"excerpt":"Si algo nos da oto\u00f1o es el clima perfecto para poder usar botas y vestir en capas para cualquier contexto social, claramente, la comodidad es lo principal. Por Luis Lechuga Birkenstock, en esta ocasi\u00f3n, nos da un motivo m\u00e1s para salir a dar una caminata al mejor estilo b\u00e1sico de\u2026","rel":"","context":"En \u00abLifestyle\u00bb","block_context":{"text":"Lifestyle","link":"https:\/\/zeromagazine.mx\/index.php\/category\/lifestyle\/"},"img":{"alt_text":"","src":"https:\/\/i0.wp.com\/zeromagazinemx.wpcomstaging.com\/wp-content\/uploads\/2022\/02\/e39cb-fall-winter-2.jpeg?resize=350%2C200&ssl=1","width":350,"height":200,"srcset":"https:\/\/i0.wp.com\/zeromagazinemx.wpcomstaging.com\/wp-content\/uploads\/2022\/02\/e39cb-fall-winter-2.jpeg?resize=350%2C200&ssl=1 1x, https:\/\/i0.wp.com\/zeromagazinemx.wpcomstaging.com\/wp-content\/uploads\/2022\/02\/e39cb-fall-winter-2.jpeg?resize=525%2C300&ssl=1 1.5x, https:\/\/i0.wp.com\/zeromagazinemx.wpcomstaging.com\/wp-content\/uploads\/2022\/02\/e39cb-fall-winter-2.jpeg?resize=700%2C400&ssl=1 2x"},"classes":[]},{"id":49404,"url":"https:\/\/zeromagazine.mx\/index.php\/2021\/07\/05\/split-ii-la-edicion-limitada-mas-hot-del-verano\/","url_meta":{"origin":116366,"position":3},"title":"Split II: La edici\u00f3n limitada m\u00e1s hot del verano","author":"zeromagazinemx","date":"5 de julio de 2021","format":false,"excerpt":"Birkenstock lanza en exclusiva en M\u00e9xico el vers\u00e1til modelo que te acompa\u00f1ar\u00e1 en tus multifac\u00e9ticos d\u00edas. n 1019398 s 1019414 ARIZONA SPLIT MINERAL\/LIGHT ROSE NUBUCK ARIZONA SPLIT HEX Por Moises Kushelevich Encontrar un calzado trendy y c\u00f3modo no deber\u00eda de ser una preocupaci\u00f3n m\u00e1s, pensando en ello, Birkenstock, firma alemana\u2026","rel":"","context":"En \u00abLifestyle\u00bb","block_context":{"text":"Lifestyle","link":"https:\/\/zeromagazine.mx\/index.php\/category\/lifestyle\/"},"img":{"alt_text":"","src":"","width":0,"height":0},"classes":[]},{"id":115098,"url":"https:\/\/zeromagazine.mx\/index.php\/2026\/02\/10\/birkenstock-regalo-san-valentin-historias\/","url_meta":{"origin":116366,"position":4},"title":"Birkenstock regalo San Valent\u00edn eterno","author":"zeromagazinemx","date":"10 de febrero de 2026","format":false,"excerpt":"San Valent\u00edn siempre llega con la misma pregunta disfrazada de rosa roja: \u00bfqu\u00e9 regalar que no se sienta autom\u00e1tico? Porque seamos honestxs, los regalos m\u00e1s comunes duran lo que dura la semana. Se ven lindos, se agradecen\u2026 y luego desaparecen. Pero hay algo que est\u00e1 cambiando en la forma de\u2026","rel":"","context":"En \u00abModa\u00bb","block_context":{"text":"Moda","link":"https:\/\/zeromagazine.mx\/index.php\/category\/moda\/"},"img":{"alt_text":"","src":"https:\/\/i0.wp.com\/zeromagazine.mx\/wp-content\/uploads\/2026\/02\/25AW_HowToWear_OM_1030606_170-scaled.jpg?fit=800%2C1200&ssl=1&resize=350%2C200","width":350,"height":200,"srcset":"https:\/\/i0.wp.com\/zeromagazine.mx\/wp-content\/uploads\/2026\/02\/25AW_HowToWear_OM_1030606_170-scaled.jpg?fit=800%2C1200&ssl=1&resize=350%2C200 1x, https:\/\/i0.wp.com\/zeromagazine.mx\/wp-content\/uploads\/2026\/02\/25AW_HowToWear_OM_1030606_170-scaled.jpg?fit=800%2C1200&ssl=1&resize=525%2C300 1.5x, https:\/\/i0.wp.com\/zeromagazine.mx\/wp-content\/uploads\/2026\/02\/25AW_HowToWear_OM_1030606_170-scaled.jpg?fit=800%2C1200&ssl=1&resize=700%2C400 2x"},"classes":[]},{"id":47317,"url":"https:\/\/zeromagazine.mx\/index.php\/2021\/06\/10\/birkenstock-cruelty-free-fashion\/","url_meta":{"origin":116366,"position":5},"title":"Birkenstock cruelty free fashion","author":"zeromagazinemx","date":"10 de junio de 2021","format":false,"excerpt":"La moda es tambi\u00e9n llevada como una forma de expresi\u00f3n y filosof\u00eda de respeto a los animales es reflejada en un calzado vegano y sustentable. por Moises Kushelevich Dentro de la filosof\u00eda de la preservaci\u00f3n y cuidado de la fauna en el veganismo, implica tener conciencia no solamente de la\u2026","rel":"","context":"En \u00abLifestyle\u00bb","block_context":{"text":"Lifestyle","link":"https:\/\/zeromagazine.mx\/index.php\/category\/lifestyle\/"},"img":{"alt_text":"","src":"","width":0,"height":0},"classes":[]}],"jetpack_sharing_enabled":true,"builder_content":"","_links":{"self":[{"href":"https:\/\/zeromagazine.mx\/index.php\/wp-json\/wp\/v2\/posts\/116366","targetHints":{"allow":["GET"]}}],"collection":[{"href":"https:\/\/zeromagazine.mx\/index.php\/wp-json\/wp\/v2\/posts"}],"about":[{"href":"https:\/\/zeromagazine.mx\/index.php\/wp-json\/wp\/v2\/types\/post"}],"author":[{"embeddable":true,"href":"https:\/\/zeromagazine.mx\/index.php\/wp-json\/wp\/v2\/users\/6"}],"replies":[{"embeddable":true,"href":"https:\/\/zeromagazine.mx\/index.php\/wp-json\/wp\/v2\/comments?post=116366"}],"version-history":[{"count":2,"href":"https:\/\/zeromagazine.mx\/index.php\/wp-json\/wp\/v2\/posts\/116366\/revisions"}],"predecessor-version":[{"id":116371,"href":"https:\/\/zeromagazine.mx\/index.php\/wp-json\/wp\/v2\/posts\/116366\/revisions\/116371"}],"wp:featuredmedia":[{"embeddable":true,"href":"https:\/\/zeromagazine.mx\/index.php\/wp-json\/wp\/v2\/media\/116367"}],"wp:attachment":[{"href":"https:\/\/zeromagazine.mx\/index.php\/wp-json\/wp\/v2\/media?parent=116366"}],"wp:term":[{"taxonomy":"category","embeddable":true,"href":"https:\/\/zeromagazine.mx\/index.php\/wp-json\/wp\/v2\/categories?post=116366"},{"taxonomy":"post_tag","embeddable":true,"href":"https:\/\/zeromagazine.mx\/index.php\/wp-json\/wp\/v2\/tags?post=116366"}],"curies":[{"name":"wp","href":"https:\/\/api.w.org\/{rel}","templated":true}]}}