{"id":116472,"date":"2026-03-10T18:40:18","date_gmt":"2026-03-11T00:40:18","guid":{"rendered":"https:\/\/zeromagazine.mx\/?p=116472"},"modified":"2026-03-10T18:40:19","modified_gmt":"2026-03-11T00:40:19","slug":"fotoproteccion-diaria-piel-latina-seasons","status":"publish","type":"post","link":"https:\/\/zeromagazine.mx\/index.php\/2026\/03\/10\/fotoproteccion-diaria-piel-latina-seasons\/","title":{"rendered":"Fotoprotecci\u00f3n diaria: el glow inteligente"},"content":{"rendered":"<!--themify_builder_content-->\n<div id=\"themify_builder_content-116472\" data-postid=\"116472\" class=\"themify_builder_content themify_builder_content-116472 themify_builder tf_clear\">\n    <\/div>\n<!--\/themify_builder_content-->\n\n\n<p>Si hay un paso de skincare que est\u00e1 dejando de ser opcional, ese es la fotoprotecci\u00f3n diaria. Y no, no hablamos solo de usar protector solar cuando vas a la playa o cuando el sol se siente intenso. Hoy, proteger la piel todos los d\u00edas se est\u00e1 convirtiendo en el nuevo est\u00e1ndar de belleza consciente.<\/p>\n\n\n\n<p>En pa\u00edses con alta radiaci\u00f3n solar como <a href=\"\/\/generic-entity?number=0\">M\u00e9xico<\/a>, la exposici\u00f3n al sol forma parte del d\u00eda a d\u00eda. Caminar por la ciudad, esperar el transporte o simplemente sentarte cerca de una ventana ya implica contacto con rayos UV. Por eso, cada vez m\u00e1s expertos en skincare coinciden en lo mismo: la fotoprotecci\u00f3n diaria es una de las decisiones m\u00e1s inteligentes que puedes tomar por tu piel.<\/p>\n\n\n\n<figure class=\"wp-block-image size-full\"><img data-recalc-dims=\"1\" decoding=\"async\" width=\"464\" height=\"464\" src=\"https:\/\/i0.wp.com\/zeromagazine.mx\/wp-content\/uploads\/2026\/03\/IMG_6539.jpeg?resize=464%2C464&#038;ssl=1\" alt=\"\" class=\"wp-image-116474\" srcset=\"https:\/\/i0.wp.com\/zeromagazine.mx\/wp-content\/uploads\/2026\/03\/IMG_6539.jpeg?w=464&amp;ssl=1 464w, https:\/\/i0.wp.com\/zeromagazine.mx\/wp-content\/uploads\/2026\/03\/IMG_6539.jpeg?resize=300%2C300&amp;ssl=1 300w, https:\/\/i0.wp.com\/zeromagazine.mx\/wp-content\/uploads\/2026\/03\/IMG_6539.jpeg?resize=150%2C150&amp;ssl=1 150w\" sizes=\"(max-width: 464px) 100vw, 464px\" \/><\/figure>\n\n\n\n<p>Adem\u00e1s, cuando hablamos de piel latina, el tema se vuelve a\u00fan m\u00e1s relevante. Aunque la melanina ofrece cierta protecci\u00f3n natural, tambi\u00e9n existe una mayor predisposici\u00f3n a manchas, hiperpigmentaci\u00f3n o marcas postinflamatorias. En otras palabras: el sol puede afectar de formas muy espec\u00edficas.<\/p>\n\n\n\n<p><strong>Fotoprotecci\u00f3n diaria para la piel latina<\/strong><\/p>\n\n\n\n<p>La conversaci\u00f3n sobre skincare ha evolucionado much\u00edsimo en los \u00faltimos a\u00f1os. Ahora sabemos que la prevenci\u00f3n es tan importante como la reparaci\u00f3n, y ah\u00ed es donde entra la fotoprotecci\u00f3n diaria.<\/p>\n\n\n\n<p>Adem\u00e1s, la piel latina suele reaccionar con cambios de pigmentaci\u00f3n cuando se expone al sol sin protecci\u00f3n. Esto puede traducirse en manchas, tono irregular o signos de envejecimiento prematuro que aparecen antes de lo esperado.<\/p>\n\n\n\n<p>Por eso marcas como <a href=\"\/\/generic-entity?number=1\">Seasons Love Your Skin<\/a> est\u00e1n apostando por f\u00f3rmulas dise\u00f1adas espec\u00edficamente para integrarse de forma natural en la rutina cotidiana. La idea es simple: proteger la piel sin que el protector solar se sienta pesado o inc\u00f3modo.<\/p>\n\n\n\n<figure class=\"wp-block-image size-full\"><img data-recalc-dims=\"1\" decoding=\"async\" width=\"532\" height=\"532\" src=\"https:\/\/i0.wp.com\/zeromagazine.mx\/wp-content\/uploads\/2026\/03\/IMG_6538.png?resize=532%2C532&#038;ssl=1\" alt=\"\" class=\"wp-image-116484\" srcset=\"https:\/\/i0.wp.com\/zeromagazine.mx\/wp-content\/uploads\/2026\/03\/IMG_6538.png?w=532&amp;ssl=1 532w, https:\/\/i0.wp.com\/zeromagazine.mx\/wp-content\/uploads\/2026\/03\/IMG_6538.png?resize=300%2C300&amp;ssl=1 300w, https:\/\/i0.wp.com\/zeromagazine.mx\/wp-content\/uploads\/2026\/03\/IMG_6538.png?resize=150%2C150&amp;ssl=1 150w\" sizes=\"(max-width: 532px) 100vw, 532px\" \/><\/figure>\n\n\n\n<p>Mientras tanto, las texturas ligeras y multifuncionales se han convertido en las favoritas dentro del skincare moderno. Nadie quiere capas pesadas en la cara; queremos productos que se sientan frescos, c\u00f3modos y que funcionen bien con maquillaje o rutinas minimalistas.<\/p>\n\n\n\n<p>Y justamente ah\u00ed entra una nueva generaci\u00f3n de protectores solares que combinan ingredientes activos, antioxidantes y acabados ligeros para adaptarse a distintos tipos de piel.<\/p>\n\n\n\n<p><strong>Fotoprotecci\u00f3n diaria que se adapta a tu rutina<\/strong><\/p>\n\n\n\n<p>Sin embargo, uno de los mayores mitos del protector solar es pensar que existe uno universal para todos. La realidad es que cada piel necesita algo distinto, y elegir la textura correcta puede hacer toda la diferencia para mantener la fotoprotecci\u00f3n diaria como un h\u00e1bito real.<\/p>\n\n\n\n<p>Por ejemplo, las pieles grasas suelen preferir f\u00f3rmulas matificantes con ingredientes como niacinamida que ayudan a controlar el brillo durante el d\u00eda. En cambio, las pieles secas buscan opciones que mantengan hidrataci\u00f3n sin sacrificar protecci\u00f3n.<\/p>\n\n\n\n<figure class=\"wp-block-image size-full\"><img data-recalc-dims=\"1\" decoding=\"async\" width=\"430\" height=\"430\" src=\"https:\/\/i0.wp.com\/zeromagazine.mx\/wp-content\/uploads\/2026\/03\/IMG_6537.jpeg?resize=430%2C430&#038;ssl=1\" alt=\"\" class=\"wp-image-116485\" srcset=\"https:\/\/i0.wp.com\/zeromagazine.mx\/wp-content\/uploads\/2026\/03\/IMG_6537.jpeg?w=430&amp;ssl=1 430w, https:\/\/i0.wp.com\/zeromagazine.mx\/wp-content\/uploads\/2026\/03\/IMG_6537.jpeg?resize=300%2C300&amp;ssl=1 300w, https:\/\/i0.wp.com\/zeromagazine.mx\/wp-content\/uploads\/2026\/03\/IMG_6537.jpeg?resize=150%2C150&amp;ssl=1 150w, https:\/\/i0.wp.com\/zeromagazine.mx\/wp-content\/uploads\/2026\/03\/IMG_6537.jpeg?resize=70%2C70&amp;ssl=1 70w, https:\/\/i0.wp.com\/zeromagazine.mx\/wp-content\/uploads\/2026\/03\/IMG_6537.jpeg?resize=400%2C400&amp;ssl=1 400w, https:\/\/i0.wp.com\/zeromagazine.mx\/wp-content\/uploads\/2026\/03\/IMG_6537.jpeg?resize=47%2C48&amp;ssl=1 47w\" sizes=\"(max-width: 430px) 100vw, 430px\" \/><\/figure>\n\n\n\n<p>Adem\u00e1s, los formatos tambi\u00e9n est\u00e1n evolucionando. Hoy existen protectores en gel ultraligero, brumas corporales con glow sutil o sticks port\u00e1tiles que permiten reaplicar protecci\u00f3n en cualquier momento del d\u00eda sin arruinar el maquillaje.<\/p>\n\n\n\n<p>Por otro lado, estas nuevas f\u00f3rmulas tambi\u00e9n integran antioxidantes y activos calmantes como vitamina E o bisabolol, que ayudan a proteger la piel frente a factores ambientales como la contaminaci\u00f3n o la luz azul de las pantallas.<\/p>\n\n\n\n<p>Finalmente, la fotoprotecci\u00f3n diaria ya no se trata solo de evitar quemaduras solares. Es una forma de cuidar la salud de la piel a largo plazo, prevenir manchas y mantener ese glow natural que todos queremos.<\/p>","protected":false},"excerpt":{"rendered":"<p>Si hay un paso de skincare que est\u00e1 dejando de ser opcional, ese es la fotoprotecci\u00f3n diaria. Y no, no hablamos solo de usar protector solar cuando vas a la playa o cuando el sol se siente intenso. Hoy, proteger la piel todos los d\u00edas se est\u00e1 convirtiendo en el nuevo est\u00e1ndar de belleza consciente. [&hellip;]<\/p>\n","protected":false},"author":6,"featured_media":116485,"comment_status":"open","ping_status":"open","sticky":false,"template":"","format":"standard","meta":{"_jetpack_memberships_contains_paid_content":false,"footnotes":"","jetpack_publicize_message":"","jetpack_publicize_feature_enabled":true,"jetpack_social_post_already_shared":true,"jetpack_social_options":{"image_generator_settings":{"template":"highway","default_image_id":0,"font":"","enabled":false},"version":2}},"categories":[9858],"tags":[],"class_list":["post-116472","post","type-post","status-publish","format-standard","has-post-thumbnail","hentry","category-beauty","has-post-title","has-post-date","has-post-category","has-post-tag","has-post-comment","has-post-author",""],"yoast_head":"<!-- This site is optimized with the Yoast SEO plugin v27.4 - https:\/\/yoast.com\/product\/yoast-seo-wordpress\/ -->\n<title>Fotoprotecci\u00f3n diaria: el glow inteligente - Zero Magazine<\/title>\n<meta name=\"description\" content=\"Fotoprotecci\u00f3n diaria: el h\u00e1bito clave para cuidar la piel latina, prevenir manchas y mantener un glow saludable con los solares de Seasons.\" \/>\n<meta name=\"robots\" content=\"index, follow, max-snippet:-1, max-image-preview:large, max-video-preview:-1\" \/>\n<link rel=\"canonical\" href=\"https:\/\/zeromagazine.mx\/index.php\/2026\/03\/10\/fotoproteccion-diaria-piel-latina-seasons\/\" \/>\n<meta property=\"og:locale\" content=\"es_ES\" \/>\n<meta property=\"og:type\" content=\"article\" \/>\n<meta property=\"og:title\" content=\"Fotoprotecci\u00f3n diaria: el glow inteligente - Zero Magazine\" \/>\n<meta property=\"og:description\" content=\"Fotoprotecci\u00f3n diaria: el h\u00e1bito clave para cuidar la piel latina, prevenir manchas y mantener un glow saludable con los solares de Seasons.\" \/>\n<meta property=\"og:url\" content=\"https:\/\/zeromagazine.mx\/index.php\/2026\/03\/10\/fotoproteccion-diaria-piel-latina-seasons\/\" \/>\n<meta property=\"og:site_name\" content=\"Zero Magazine\" \/>\n<meta property=\"article:published_time\" content=\"2026-03-11T00:40:18+00:00\" \/>\n<meta property=\"article:modified_time\" content=\"2026-03-11T00:40:19+00:00\" \/>\n<meta property=\"og:image\" content=\"http:\/\/zeromagazine.mx\/wp-content\/uploads\/2026\/03\/IMG_6537.jpeg\" \/>\n\t<meta property=\"og:image:width\" content=\"430\" \/>\n\t<meta property=\"og:image:height\" content=\"430\" \/>\n\t<meta property=\"og:image:type\" content=\"image\/jpeg\" \/>\n<meta name=\"author\" content=\"Luis Trujano\" \/>\n<meta name=\"twitter:card\" content=\"summary_large_image\" \/>\n<meta name=\"twitter:label1\" content=\"Escrito por\" \/>\n\t<meta name=\"twitter:data1\" content=\"Luis Trujano\" \/>\n\t<meta name=\"twitter:label2\" content=\"Tiempo de lectura\" \/>\n\t<meta name=\"twitter:data2\" content=\"4 minutos\" \/>\n<script type=\"application\/ld+json\" class=\"yoast-schema-graph\">{\"@context\":\"https:\\\/\\\/schema.org\",\"@graph\":[{\"@type\":\"Article\",\"@id\":\"https:\\\/\\\/zeromagazine.mx\\\/index.php\\\/2026\\\/03\\\/10\\\/fotoproteccion-diaria-piel-latina-seasons\\\/#article\",\"isPartOf\":{\"@id\":\"https:\\\/\\\/zeromagazine.mx\\\/index.php\\\/2026\\\/03\\\/10\\\/fotoproteccion-diaria-piel-latina-seasons\\\/\"},\"author\":{\"name\":\"Luis Trujano\",\"@id\":\"https:\\\/\\\/zeromagazine.mx\\\/#\\\/schema\\\/person\\\/118d2dc27eca6f07b968c953d12daa6b\"},\"headline\":\"Fotoprotecci\u00f3n diaria: el glow inteligente\",\"datePublished\":\"2026-03-11T00:40:18+00:00\",\"dateModified\":\"2026-03-11T00:40:19+00:00\",\"mainEntityOfPage\":{\"@id\":\"https:\\\/\\\/zeromagazine.mx\\\/index.php\\\/2026\\\/03\\\/10\\\/fotoproteccion-diaria-piel-latina-seasons\\\/\"},\"wordCount\":594,\"commentCount\":0,\"publisher\":{\"@id\":\"https:\\\/\\\/zeromagazine.mx\\\/#organization\"},\"image\":{\"@id\":\"https:\\\/\\\/zeromagazine.mx\\\/index.php\\\/2026\\\/03\\\/10\\\/fotoproteccion-diaria-piel-latina-seasons\\\/#primaryimage\"},\"thumbnailUrl\":\"https:\\\/\\\/i0.wp.com\\\/zeromagazine.mx\\\/wp-content\\\/uploads\\\/2026\\\/03\\\/IMG_6537.jpeg?fit=430%2C430&ssl=1\",\"articleSection\":[\"Beauty\"],\"inLanguage\":\"es\",\"potentialAction\":[{\"@type\":\"CommentAction\",\"name\":\"Comment\",\"target\":[\"https:\\\/\\\/zeromagazine.mx\\\/index.php\\\/2026\\\/03\\\/10\\\/fotoproteccion-diaria-piel-latina-seasons\\\/#respond\"]}]},{\"@type\":\"WebPage\",\"@id\":\"https:\\\/\\\/zeromagazine.mx\\\/index.php\\\/2026\\\/03\\\/10\\\/fotoproteccion-diaria-piel-latina-seasons\\\/\",\"url\":\"https:\\\/\\\/zeromagazine.mx\\\/index.php\\\/2026\\\/03\\\/10\\\/fotoproteccion-diaria-piel-latina-seasons\\\/\",\"name\":\"Fotoprotecci\u00f3n diaria: el glow inteligente - Zero Magazine\",\"isPartOf\":{\"@id\":\"https:\\\/\\\/zeromagazine.mx\\\/#website\"},\"primaryImageOfPage\":{\"@id\":\"https:\\\/\\\/zeromagazine.mx\\\/index.php\\\/2026\\\/03\\\/10\\\/fotoproteccion-diaria-piel-latina-seasons\\\/#primaryimage\"},\"image\":{\"@id\":\"https:\\\/\\\/zeromagazine.mx\\\/index.php\\\/2026\\\/03\\\/10\\\/fotoproteccion-diaria-piel-latina-seasons\\\/#primaryimage\"},\"thumbnailUrl\":\"https:\\\/\\\/i0.wp.com\\\/zeromagazine.mx\\\/wp-content\\\/uploads\\\/2026\\\/03\\\/IMG_6537.jpeg?fit=430%2C430&ssl=1\",\"datePublished\":\"2026-03-11T00:40:18+00:00\",\"dateModified\":\"2026-03-11T00:40:19+00:00\",\"description\":\"Fotoprotecci\u00f3n diaria: el h\u00e1bito clave para cuidar la piel latina, prevenir manchas y mantener un glow saludable con los solares de Seasons.\",\"breadcrumb\":{\"@id\":\"https:\\\/\\\/zeromagazine.mx\\\/index.php\\\/2026\\\/03\\\/10\\\/fotoproteccion-diaria-piel-latina-seasons\\\/#breadcrumb\"},\"inLanguage\":\"es\",\"potentialAction\":[{\"@type\":\"ReadAction\",\"target\":[\"https:\\\/\\\/zeromagazine.mx\\\/index.php\\\/2026\\\/03\\\/10\\\/fotoproteccion-diaria-piel-latina-seasons\\\/\"]}]},{\"@type\":\"ImageObject\",\"inLanguage\":\"es\",\"@id\":\"https:\\\/\\\/zeromagazine.mx\\\/index.php\\\/2026\\\/03\\\/10\\\/fotoproteccion-diaria-piel-latina-seasons\\\/#primaryimage\",\"url\":\"https:\\\/\\\/i0.wp.com\\\/zeromagazine.mx\\\/wp-content\\\/uploads\\\/2026\\\/03\\\/IMG_6537.jpeg?fit=430%2C430&ssl=1\",\"contentUrl\":\"https:\\\/\\\/i0.wp.com\\\/zeromagazine.mx\\\/wp-content\\\/uploads\\\/2026\\\/03\\\/IMG_6537.jpeg?fit=430%2C430&ssl=1\",\"width\":430,\"height\":430},{\"@type\":\"BreadcrumbList\",\"@id\":\"https:\\\/\\\/zeromagazine.mx\\\/index.php\\\/2026\\\/03\\\/10\\\/fotoproteccion-diaria-piel-latina-seasons\\\/#breadcrumb\",\"itemListElement\":[{\"@type\":\"ListItem\",\"position\":1,\"name\":\"Portada\",\"item\":\"https:\\\/\\\/zeromagazine.mx\\\/\"},{\"@type\":\"ListItem\",\"position\":2,\"name\":\"Fotoprotecci\u00f3n diaria: el glow inteligente\"}]},{\"@type\":\"WebSite\",\"@id\":\"https:\\\/\\\/zeromagazine.mx\\\/#website\",\"url\":\"https:\\\/\\\/zeromagazine.mx\\\/\",\"name\":\"Zero Magazine\",\"description\":\"\",\"publisher\":{\"@id\":\"https:\\\/\\\/zeromagazine.mx\\\/#organization\"},\"potentialAction\":[{\"@type\":\"SearchAction\",\"target\":{\"@type\":\"EntryPoint\",\"urlTemplate\":\"https:\\\/\\\/zeromagazine.mx\\\/?s={search_term_string}\"},\"query-input\":{\"@type\":\"PropertyValueSpecification\",\"valueRequired\":true,\"valueName\":\"search_term_string\"}}],\"inLanguage\":\"es\"},{\"@type\":\"Organization\",\"@id\":\"https:\\\/\\\/zeromagazine.mx\\\/#organization\",\"name\":\"Zero Magazine\",\"url\":\"https:\\\/\\\/zeromagazine.mx\\\/\",\"logo\":{\"@type\":\"ImageObject\",\"inLanguage\":\"es\",\"@id\":\"https:\\\/\\\/zeromagazine.mx\\\/#\\\/schema\\\/logo\\\/image\\\/\",\"url\":\"https:\\\/\\\/i0.wp.com\\\/zeromagazine.mx\\\/wp-content\\\/uploads\\\/2025\\\/11\\\/1.jpeg?fit=1000%2C1000&ssl=1\",\"contentUrl\":\"https:\\\/\\\/i0.wp.com\\\/zeromagazine.mx\\\/wp-content\\\/uploads\\\/2025\\\/11\\\/1.jpeg?fit=1000%2C1000&ssl=1\",\"width\":1000,\"height\":1000,\"caption\":\"Zero Magazine\"},\"image\":{\"@id\":\"https:\\\/\\\/zeromagazine.mx\\\/#\\\/schema\\\/logo\\\/image\\\/\"},\"sameAs\":[\"https:\\\/\\\/instagram.com\\\/zeromagazinemx\"]},{\"@type\":\"Person\",\"@id\":\"https:\\\/\\\/zeromagazine.mx\\\/#\\\/schema\\\/person\\\/118d2dc27eca6f07b968c953d12daa6b\",\"name\":\"Luis Trujano\",\"image\":{\"@type\":\"ImageObject\",\"inLanguage\":\"es\",\"@id\":\"https:\\\/\\\/zeromagazine.mx\\\/wp-content\\\/litespeed\\\/avatar\\\/fbd9d1d6aa4d21e2bb5be8b3155046c9.jpg?ver=1776970654\",\"url\":\"https:\\\/\\\/zeromagazine.mx\\\/wp-content\\\/litespeed\\\/avatar\\\/fbd9d1d6aa4d21e2bb5be8b3155046c9.jpg?ver=1776970654\",\"contentUrl\":\"https:\\\/\\\/zeromagazine.mx\\\/wp-content\\\/litespeed\\\/avatar\\\/fbd9d1d6aa4d21e2bb5be8b3155046c9.jpg?ver=1776970654\",\"caption\":\"Luis Trujano\"},\"url\":\"https:\\\/\\\/zeromagazine.mx\\\/index.php\\\/author\\\/luis-trujano\\\/\"}]}<\/script>\n<!-- \/ Yoast SEO plugin. -->","yoast_head_json":{"title":"Fotoprotecci\u00f3n diaria: el glow inteligente - Zero Magazine","description":"Fotoprotecci\u00f3n diaria: el h\u00e1bito clave para cuidar la piel latina, prevenir manchas y mantener un glow saludable con los solares de Seasons.","robots":{"index":"index","follow":"follow","max-snippet":"max-snippet:-1","max-image-preview":"max-image-preview:large","max-video-preview":"max-video-preview:-1"},"canonical":"https:\/\/zeromagazine.mx\/index.php\/2026\/03\/10\/fotoproteccion-diaria-piel-latina-seasons\/","og_locale":"es_ES","og_type":"article","og_title":"Fotoprotecci\u00f3n diaria: el glow inteligente - Zero Magazine","og_description":"Fotoprotecci\u00f3n diaria: el h\u00e1bito clave para cuidar la piel latina, prevenir manchas y mantener un glow saludable con los solares de Seasons.","og_url":"https:\/\/zeromagazine.mx\/index.php\/2026\/03\/10\/fotoproteccion-diaria-piel-latina-seasons\/","og_site_name":"Zero Magazine","article_published_time":"2026-03-11T00:40:18+00:00","article_modified_time":"2026-03-11T00:40:19+00:00","og_image":[{"width":430,"height":430,"url":"http:\/\/zeromagazine.mx\/wp-content\/uploads\/2026\/03\/IMG_6537.jpeg","type":"image\/jpeg"}],"author":"Luis Trujano","twitter_card":"summary_large_image","twitter_misc":{"Escrito por":"Luis Trujano","Tiempo de lectura":"4 minutos"},"schema":{"@context":"https:\/\/schema.org","@graph":[{"@type":"Article","@id":"https:\/\/zeromagazine.mx\/index.php\/2026\/03\/10\/fotoproteccion-diaria-piel-latina-seasons\/#article","isPartOf":{"@id":"https:\/\/zeromagazine.mx\/index.php\/2026\/03\/10\/fotoproteccion-diaria-piel-latina-seasons\/"},"author":{"name":"Luis Trujano","@id":"https:\/\/zeromagazine.mx\/#\/schema\/person\/118d2dc27eca6f07b968c953d12daa6b"},"headline":"Fotoprotecci\u00f3n diaria: el glow inteligente","datePublished":"2026-03-11T00:40:18+00:00","dateModified":"2026-03-11T00:40:19+00:00","mainEntityOfPage":{"@id":"https:\/\/zeromagazine.mx\/index.php\/2026\/03\/10\/fotoproteccion-diaria-piel-latina-seasons\/"},"wordCount":594,"commentCount":0,"publisher":{"@id":"https:\/\/zeromagazine.mx\/#organization"},"image":{"@id":"https:\/\/zeromagazine.mx\/index.php\/2026\/03\/10\/fotoproteccion-diaria-piel-latina-seasons\/#primaryimage"},"thumbnailUrl":"https:\/\/i0.wp.com\/zeromagazine.mx\/wp-content\/uploads\/2026\/03\/IMG_6537.jpeg?fit=430%2C430&ssl=1","articleSection":["Beauty"],"inLanguage":"es","potentialAction":[{"@type":"CommentAction","name":"Comment","target":["https:\/\/zeromagazine.mx\/index.php\/2026\/03\/10\/fotoproteccion-diaria-piel-latina-seasons\/#respond"]}]},{"@type":"WebPage","@id":"https:\/\/zeromagazine.mx\/index.php\/2026\/03\/10\/fotoproteccion-diaria-piel-latina-seasons\/","url":"https:\/\/zeromagazine.mx\/index.php\/2026\/03\/10\/fotoproteccion-diaria-piel-latina-seasons\/","name":"Fotoprotecci\u00f3n diaria: el glow inteligente - Zero Magazine","isPartOf":{"@id":"https:\/\/zeromagazine.mx\/#website"},"primaryImageOfPage":{"@id":"https:\/\/zeromagazine.mx\/index.php\/2026\/03\/10\/fotoproteccion-diaria-piel-latina-seasons\/#primaryimage"},"image":{"@id":"https:\/\/zeromagazine.mx\/index.php\/2026\/03\/10\/fotoproteccion-diaria-piel-latina-seasons\/#primaryimage"},"thumbnailUrl":"https:\/\/i0.wp.com\/zeromagazine.mx\/wp-content\/uploads\/2026\/03\/IMG_6537.jpeg?fit=430%2C430&ssl=1","datePublished":"2026-03-11T00:40:18+00:00","dateModified":"2026-03-11T00:40:19+00:00","description":"Fotoprotecci\u00f3n diaria: el h\u00e1bito clave para cuidar la piel latina, prevenir manchas y mantener un glow saludable con los solares de Seasons.","breadcrumb":{"@id":"https:\/\/zeromagazine.mx\/index.php\/2026\/03\/10\/fotoproteccion-diaria-piel-latina-seasons\/#breadcrumb"},"inLanguage":"es","potentialAction":[{"@type":"ReadAction","target":["https:\/\/zeromagazine.mx\/index.php\/2026\/03\/10\/fotoproteccion-diaria-piel-latina-seasons\/"]}]},{"@type":"ImageObject","inLanguage":"es","@id":"https:\/\/zeromagazine.mx\/index.php\/2026\/03\/10\/fotoproteccion-diaria-piel-latina-seasons\/#primaryimage","url":"https:\/\/i0.wp.com\/zeromagazine.mx\/wp-content\/uploads\/2026\/03\/IMG_6537.jpeg?fit=430%2C430&ssl=1","contentUrl":"https:\/\/i0.wp.com\/zeromagazine.mx\/wp-content\/uploads\/2026\/03\/IMG_6537.jpeg?fit=430%2C430&ssl=1","width":430,"height":430},{"@type":"BreadcrumbList","@id":"https:\/\/zeromagazine.mx\/index.php\/2026\/03\/10\/fotoproteccion-diaria-piel-latina-seasons\/#breadcrumb","itemListElement":[{"@type":"ListItem","position":1,"name":"Portada","item":"https:\/\/zeromagazine.mx\/"},{"@type":"ListItem","position":2,"name":"Fotoprotecci\u00f3n diaria: el glow inteligente"}]},{"@type":"WebSite","@id":"https:\/\/zeromagazine.mx\/#website","url":"https:\/\/zeromagazine.mx\/","name":"Zero Magazine","description":"","publisher":{"@id":"https:\/\/zeromagazine.mx\/#organization"},"potentialAction":[{"@type":"SearchAction","target":{"@type":"EntryPoint","urlTemplate":"https:\/\/zeromagazine.mx\/?s={search_term_string}"},"query-input":{"@type":"PropertyValueSpecification","valueRequired":true,"valueName":"search_term_string"}}],"inLanguage":"es"},{"@type":"Organization","@id":"https:\/\/zeromagazine.mx\/#organization","name":"Zero Magazine","url":"https:\/\/zeromagazine.mx\/","logo":{"@type":"ImageObject","inLanguage":"es","@id":"https:\/\/zeromagazine.mx\/#\/schema\/logo\/image\/","url":"https:\/\/i0.wp.com\/zeromagazine.mx\/wp-content\/uploads\/2025\/11\/1.jpeg?fit=1000%2C1000&ssl=1","contentUrl":"https:\/\/i0.wp.com\/zeromagazine.mx\/wp-content\/uploads\/2025\/11\/1.jpeg?fit=1000%2C1000&ssl=1","width":1000,"height":1000,"caption":"Zero Magazine"},"image":{"@id":"https:\/\/zeromagazine.mx\/#\/schema\/logo\/image\/"},"sameAs":["https:\/\/instagram.com\/zeromagazinemx"]},{"@type":"Person","@id":"https:\/\/zeromagazine.mx\/#\/schema\/person\/118d2dc27eca6f07b968c953d12daa6b","name":"Luis Trujano","image":{"@type":"ImageObject","inLanguage":"es","@id":"https:\/\/zeromagazine.mx\/wp-content\/litespeed\/avatar\/fbd9d1d6aa4d21e2bb5be8b3155046c9.jpg?ver=1776970654","url":"https:\/\/zeromagazine.mx\/wp-content\/litespeed\/avatar\/fbd9d1d6aa4d21e2bb5be8b3155046c9.jpg?ver=1776970654","contentUrl":"https:\/\/zeromagazine.mx\/wp-content\/litespeed\/avatar\/fbd9d1d6aa4d21e2bb5be8b3155046c9.jpg?ver=1776970654","caption":"Luis Trujano"},"url":"https:\/\/zeromagazine.mx\/index.php\/author\/luis-trujano\/"}]}},"jetpack_publicize_connections":[],"jetpack_featured_media_url":"https:\/\/i0.wp.com\/zeromagazine.mx\/wp-content\/uploads\/2026\/03\/IMG_6537.jpeg?fit=430%2C430&ssl=1","jetpack-related-posts":[{"id":112265,"url":"https:\/\/zeromagazine.mx\/index.php\/2025\/12\/28\/skincare-consciente-rutina-clean\/","url_meta":{"origin":116472,"position":0},"title":"Skincare consciente para empezar bien","author":"Luis Trujano","date":"28 de diciembre de 2025","format":false,"excerpt":"Enero no es solo cambiar de calendario, es cambiar de energ\u00eda. Es ese momento raro pero poderoso donde decides qu\u00e9 s\u00ed se queda y qu\u00e9 ya no va contigo. Y entre prop\u00f3sitos realistas, resets emocionales y ganas de sentirte mejor en tu propio cuerpo, el skincare consciente se vuelve un\u2026","rel":"","context":"En \u00abBeauty\u00bb","block_context":{"text":"Beauty","link":"https:\/\/zeromagazine.mx\/index.php\/category\/beauty\/"},"img":{"alt_text":"","src":"https:\/\/i0.wp.com\/zeromagazine.mx\/wp-content\/uploads\/2025\/12\/IMG_6251.jpeg?fit=1120%2C747&ssl=1&resize=350%2C200","width":350,"height":200,"srcset":"https:\/\/i0.wp.com\/zeromagazine.mx\/wp-content\/uploads\/2025\/12\/IMG_6251.jpeg?fit=1120%2C747&ssl=1&resize=350%2C200 1x, https:\/\/i0.wp.com\/zeromagazine.mx\/wp-content\/uploads\/2025\/12\/IMG_6251.jpeg?fit=1120%2C747&ssl=1&resize=525%2C300 1.5x, https:\/\/i0.wp.com\/zeromagazine.mx\/wp-content\/uploads\/2025\/12\/IMG_6251.jpeg?fit=1120%2C747&ssl=1&resize=700%2C400 2x, https:\/\/i0.wp.com\/zeromagazine.mx\/wp-content\/uploads\/2025\/12\/IMG_6251.jpeg?fit=1120%2C747&ssl=1&resize=1050%2C600 3x"},"classes":[]},{"id":79184,"url":"https:\/\/zeromagazine.mx\/index.php\/2024\/06\/25\/el-mito-del-bronceado-saludable\/","url_meta":{"origin":116472,"position":1},"title":"El Mito del Bronceado Saludable","author":"zeromagazinemx","date":"25 de junio de 2024","format":false,"excerpt":"Hoy quiero platicarles de algo que est\u00e1 muy de moda pero que tiene sus riesgos ocultos: el famoso \u201cbronceado saludable\u201d. A veces pensamos que broncearnos un poquito no hace da\u00f1o, pero la verdad es que cualquier exposici\u00f3n al sol puede ser perjudicial. Primero, hay que entender que aunque solo te\u2026","rel":"","context":"En \u00abBienestar\u00bb","block_context":{"text":"Bienestar","link":"https:\/\/zeromagazine.mx\/index.php\/category\/lifestyle\/bienestar\/"},"img":{"alt_text":"","src":"https:\/\/i0.wp.com\/zeromagazine.mx\/wp-content\/uploads\/2024\/06\/unnamed-9-3.png?fit=493%2C680&ssl=1&resize=350%2C200","width":350,"height":200},"classes":[]},{"id":118964,"url":"https:\/\/zeromagazine.mx\/index.php\/2026\/04\/18\/piel-hidratada-invierno-rutina-skincare\/","url_meta":{"origin":116472,"position":2},"title":"Piel hidratada invierno sin esfuerzo","author":"Luis Trujano","date":"18 de abril de 2026","format":false,"excerpt":"El fr\u00edo pega diferente cuando tu piel no est\u00e1 preparada. Entre el viento, la calefacci\u00f3n y los cambios de temperatura, mantener una piel hidratada invierno se vuelve casi un reto diario. Pero aqu\u00ed va la verdad: no se trata de usar mil productos, sino de hacerlo bien y con estrategia.\u2026","rel":"","context":"En \u00abBeauty\u00bb","block_context":{"text":"Beauty","link":"https:\/\/zeromagazine.mx\/index.php\/category\/beauty\/"},"img":{"alt_text":"","src":"https:\/\/i0.wp.com\/zeromagazine.mx\/wp-content\/uploads\/2026\/04\/8886467062834_1.jpg?fit=1200%2C1200&ssl=1&resize=350%2C200","width":350,"height":200,"srcset":"https:\/\/i0.wp.com\/zeromagazine.mx\/wp-content\/uploads\/2026\/04\/8886467062834_1.jpg?fit=1200%2C1200&ssl=1&resize=350%2C200 1x, https:\/\/i0.wp.com\/zeromagazine.mx\/wp-content\/uploads\/2026\/04\/8886467062834_1.jpg?fit=1200%2C1200&ssl=1&resize=525%2C300 1.5x, https:\/\/i0.wp.com\/zeromagazine.mx\/wp-content\/uploads\/2026\/04\/8886467062834_1.jpg?fit=1200%2C1200&ssl=1&resize=700%2C400 2x, https:\/\/i0.wp.com\/zeromagazine.mx\/wp-content\/uploads\/2026\/04\/8886467062834_1.jpg?fit=1200%2C1200&ssl=1&resize=1050%2C600 3x"},"classes":[]},{"id":79770,"url":"https:\/\/zeromagazine.mx\/index.php\/2024\/07\/02\/el-mito-del-bronceado-saludable-2\/","url_meta":{"origin":116472,"position":3},"title":"El Mito del Bronceado Saludable","author":"zeromagazinemx","date":"2 de julio de 2024","format":false,"excerpt":"Hoy quiero hablarles de algo que tal vez no les guste escuchar, pero es s\u00faper importante: el bronceado saludable no existe. Ya s\u00e9, ya s\u00e9, suena un poco dram\u00e1tico, pero cr\u00e9anme, es mejor cuidarnos desde ahorita. Aunque muchas personas creen que broncearse parcialmente es seguro, la realidad es otra. Los\u2026","rel":"","context":"En \u00abBienestar\u00bb","block_context":{"text":"Bienestar","link":"https:\/\/zeromagazine.mx\/index.php\/category\/lifestyle\/bienestar\/"},"img":{"alt_text":"","src":"https:\/\/i0.wp.com\/zeromagazine.mx\/wp-content\/uploads\/2024\/07\/KCarrillo_1734-2-scaled.jpg?fit=1200%2C960&ssl=1&resize=350%2C200","width":350,"height":200,"srcset":"https:\/\/i0.wp.com\/zeromagazine.mx\/wp-content\/uploads\/2024\/07\/KCarrillo_1734-2-scaled.jpg?fit=1200%2C960&ssl=1&resize=350%2C200 1x, https:\/\/i0.wp.com\/zeromagazine.mx\/wp-content\/uploads\/2024\/07\/KCarrillo_1734-2-scaled.jpg?fit=1200%2C960&ssl=1&resize=525%2C300 1.5x, https:\/\/i0.wp.com\/zeromagazine.mx\/wp-content\/uploads\/2024\/07\/KCarrillo_1734-2-scaled.jpg?fit=1200%2C960&ssl=1&resize=700%2C400 2x, https:\/\/i0.wp.com\/zeromagazine.mx\/wp-content\/uploads\/2024\/07\/KCarrillo_1734-2-scaled.jpg?fit=1200%2C960&ssl=1&resize=1050%2C600 3x"},"classes":[]},{"id":88369,"url":"https:\/\/zeromagazine.mx\/index.php\/2024\/10\/24\/skincare-self-care-revolution\/","url_meta":{"origin":116472,"position":4},"title":"\u00abSkincare: Self-Care Revolution\u00bb","author":"zeromagazinemx","date":"24 de octubre de 2024","format":false,"excerpt":"La vida hoy en d\u00eda es un marat\u00f3n, y en medio de todo ese rush, hay una cosa que ha cobrado una importancia brutal: el skincare. \u00bfPor qu\u00e9? Porque, a medida que vamos creciendo y enfrent\u00e1ndonos a mil y un cosas, cuidar nuestra piel se ha convertido en una forma\u2026","rel":"","context":"En \u00abBeauty\u00bb","block_context":{"text":"Beauty","link":"https:\/\/zeromagazine.mx\/index.php\/category\/beauty\/"},"img":{"alt_text":"","src":"https:\/\/i0.wp.com\/zeromagazine.mx\/wp-content\/uploads\/2024\/10\/Skincare.jpeg?fit=1200%2C800&ssl=1&resize=350%2C200","width":350,"height":200,"srcset":"https:\/\/i0.wp.com\/zeromagazine.mx\/wp-content\/uploads\/2024\/10\/Skincare.jpeg?fit=1200%2C800&ssl=1&resize=350%2C200 1x, https:\/\/i0.wp.com\/zeromagazine.mx\/wp-content\/uploads\/2024\/10\/Skincare.jpeg?fit=1200%2C800&ssl=1&resize=525%2C300 1.5x, https:\/\/i0.wp.com\/zeromagazine.mx\/wp-content\/uploads\/2024\/10\/Skincare.jpeg?fit=1200%2C800&ssl=1&resize=700%2C400 2x, https:\/\/i0.wp.com\/zeromagazine.mx\/wp-content\/uploads\/2024\/10\/Skincare.jpeg?fit=1200%2C800&ssl=1&resize=1050%2C600 3x"},"classes":[]},{"id":117402,"url":"https:\/\/zeromagazine.mx\/index.php\/2026\/03\/27\/skincare-inteligente-foreo-primavera\/","url_meta":{"origin":116472,"position":5},"title":"FOREO presenta la nueva temporada de skincare inteligente: tecnolog\u00eda, resultados y rituales para primavera.","author":"David Morales","date":"27 de marzo de 2026","format":false,"excerpt":"Cuando cambia la temporada, tambi\u00e9n cambia tu piel. Y s\u00ed, eso implica ajustar tu rutina si quieres que tu glow no se pierda en el intento. Aqu\u00ed es donde entra el concepto de\u00a0skincare inteligente FOREO, una tendencia que est\u00e1 redefiniendo c\u00f3mo cuidamos la piel con tecnolog\u00eda real, resultados visibles y\u2026","rel":"","context":"En \u00abBeauty\u00bb","block_context":{"text":"Beauty","link":"https:\/\/zeromagazine.mx\/index.php\/category\/beauty\/"},"img":{"alt_text":"","src":"https:\/\/i0.wp.com\/zeromagazine.mx\/wp-content\/uploads\/2026\/03\/d475eabc-f579-481d-839e-505131a6ce30.jpeg?fit=1200%2C675&ssl=1&resize=350%2C200","width":350,"height":200,"srcset":"https:\/\/i0.wp.com\/zeromagazine.mx\/wp-content\/uploads\/2026\/03\/d475eabc-f579-481d-839e-505131a6ce30.jpeg?fit=1200%2C675&ssl=1&resize=350%2C200 1x, https:\/\/i0.wp.com\/zeromagazine.mx\/wp-content\/uploads\/2026\/03\/d475eabc-f579-481d-839e-505131a6ce30.jpeg?fit=1200%2C675&ssl=1&resize=525%2C300 1.5x, https:\/\/i0.wp.com\/zeromagazine.mx\/wp-content\/uploads\/2026\/03\/d475eabc-f579-481d-839e-505131a6ce30.jpeg?fit=1200%2C675&ssl=1&resize=700%2C400 2x, https:\/\/i0.wp.com\/zeromagazine.mx\/wp-content\/uploads\/2026\/03\/d475eabc-f579-481d-839e-505131a6ce30.jpeg?fit=1200%2C675&ssl=1&resize=1050%2C600 3x"},"classes":[]}],"jetpack_sharing_enabled":true,"builder_content":"","_links":{"self":[{"href":"https:\/\/zeromagazine.mx\/index.php\/wp-json\/wp\/v2\/posts\/116472","targetHints":{"allow":["GET"]}}],"collection":[{"href":"https:\/\/zeromagazine.mx\/index.php\/wp-json\/wp\/v2\/posts"}],"about":[{"href":"https:\/\/zeromagazine.mx\/index.php\/wp-json\/wp\/v2\/types\/post"}],"author":[{"embeddable":true,"href":"https:\/\/zeromagazine.mx\/index.php\/wp-json\/wp\/v2\/users\/6"}],"replies":[{"embeddable":true,"href":"https:\/\/zeromagazine.mx\/index.php\/wp-json\/wp\/v2\/comments?post=116472"}],"version-history":[{"count":2,"href":"https:\/\/zeromagazine.mx\/index.php\/wp-json\/wp\/v2\/posts\/116472\/revisions"}],"predecessor-version":[{"id":116487,"href":"https:\/\/zeromagazine.mx\/index.php\/wp-json\/wp\/v2\/posts\/116472\/revisions\/116487"}],"wp:featuredmedia":[{"embeddable":true,"href":"https:\/\/zeromagazine.mx\/index.php\/wp-json\/wp\/v2\/media\/116485"}],"wp:attachment":[{"href":"https:\/\/zeromagazine.mx\/index.php\/wp-json\/wp\/v2\/media?parent=116472"}],"wp:term":[{"taxonomy":"category","embeddable":true,"href":"https:\/\/zeromagazine.mx\/index.php\/wp-json\/wp\/v2\/categories?post=116472"},{"taxonomy":"post_tag","embeddable":true,"href":"https:\/\/zeromagazine.mx\/index.php\/wp-json\/wp\/v2\/tags?post=116472"}],"curies":[{"name":"wp","href":"https:\/\/api.w.org\/{rel}","templated":true}]}}