{"id":116488,"date":"2026-03-10T18:43:42","date_gmt":"2026-03-11T00:43:42","guid":{"rendered":"https:\/\/zeromagazine.mx\/?p=116488"},"modified":"2026-03-10T18:43:43","modified_gmt":"2026-03-11T00:43:43","slug":"digitalizacion-textil-mexico-shein-marketplace","status":"publish","type":"post","link":"https:\/\/zeromagazine.mx\/index.php\/2026\/03\/10\/digitalizacion-textil-mexico-shein-marketplace\/","title":{"rendered":"Digitalizaci\u00f3n textil cambia la moda"},"content":{"rendered":"<!--themify_builder_content-->\n<div id=\"themify_builder_content-116488\" data-postid=\"116488\" class=\"themify_builder_content themify_builder_content-116488 themify_builder tf_clear\">\n    <\/div>\n<!--\/themify_builder_content-->\n\n\n<p>La moda siempre ha sido creatividad, identidad y cultura. Pero hoy tambi\u00e9n es tecnolog\u00eda. La digitalizaci\u00f3n textil est\u00e1 transformando la forma en que se dise\u00f1an, producen y venden las prendas en <a href=\"\/\/generic-entity?number=0\">M\u00e9xico<\/a>, y cada vez m\u00e1s emprendedores locales est\u00e1n encontrando en el comercio electr\u00f3nico una oportunidad real para crecer.<\/p>\n\n\n\n<p>Durante a\u00f1os, muchos talleres textiles y peque\u00f1os fabricantes depend\u00edan \u00fanicamente de ventas locales o intermediarios para distribuir sus productos. Sin embargo, el boom del e-commerce cambi\u00f3 completamente las reglas del juego. Hoy, un dise\u00f1ador o productor regional puede mostrar su trabajo a miles \u2014o incluso millones\u2014 de personas con solo unos clics.<\/p>\n\n\n\n<figure class=\"wp-block-image size-full\"><img data-recalc-dims=\"1\" decoding=\"async\" width=\"1024\" height=\"683\" src=\"https:\/\/i0.wp.com\/zeromagazine.mx\/wp-content\/uploads\/2026\/03\/IMG_6540.jpeg?resize=1024%2C683&#038;ssl=1\" alt=\"\" class=\"wp-image-116489\" srcset=\"https:\/\/i0.wp.com\/zeromagazine.mx\/wp-content\/uploads\/2026\/03\/IMG_6540.jpeg?w=1024&amp;ssl=1 1024w, https:\/\/i0.wp.com\/zeromagazine.mx\/wp-content\/uploads\/2026\/03\/IMG_6540.jpeg?resize=300%2C200&amp;ssl=1 300w, https:\/\/i0.wp.com\/zeromagazine.mx\/wp-content\/uploads\/2026\/03\/IMG_6540.jpeg?resize=768%2C512&amp;ssl=1 768w\" sizes=\"(max-width: 1024px) 100vw, 1024px\" \/><\/figure>\n\n\n\n<p>Adem\u00e1s, esta evoluci\u00f3n digital no solo est\u00e1 revolucionando la moda global, tambi\u00e9n est\u00e1 abriendo nuevas puertas para el talento mexicano que antes ten\u00eda acceso limitado al mercado digital.<\/p>\n\n\n\n<p><strong>Digitalizaci\u00f3n textil impulsa nuevos emprendedores<\/strong><\/p>\n\n\n\n<p>La digitalizaci\u00f3n textil se est\u00e1 convirtiendo en una herramienta clave para los emprendedores de moda que buscan profesionalizar sus negocios. Plataformas digitales est\u00e1n facilitando algo que antes parec\u00eda imposible: competir en mercados mucho m\u00e1s grandes sin necesidad de infraestructura gigante.<\/p>\n\n\n\n<p>Por ejemplo, el crecimiento del comercio electr\u00f3nico en M\u00e9xico es impresionante. Cada vez m\u00e1s personas compran ropa, accesorios y productos de lifestyle en l\u00ednea, convirtiendo al pa\u00eds en uno de los mercados digitales m\u00e1s din\u00e1micos del mundo.<\/p>\n\n\n\n<p>Adem\u00e1s, este crecimiento est\u00e1 impulsando a muchas marcas y fabricantes a dar el salto al mundo digital. Y ah\u00ed es donde entra <a href=\"\/\/generic-entity?number=1\">SHEIN<\/a>, que a trav\u00e9s de su marketplace est\u00e1 ayudando a que peque\u00f1os productores mexicanos se integren al ecosistema del e-commerce.<\/p>\n\n\n\n<p>Mientras tanto, la compa\u00f1\u00eda ha establecido alianzas con productores de estados con gran tradici\u00f3n textil como <a href=\"\/\/generic-entity?number=2\">Puebla<\/a>, <a href=\"\/\/generic-entity?number=3\">Hidalgo<\/a> y <a href=\"\/\/generic-entity?number=4\">Tlaxcala<\/a>, conectando su talento con audiencias mucho m\u00e1s amplias.<\/p>\n\n\n\n<p>Este tipo de iniciativas no solo genera visibilidad. Tambi\u00e9n permite que talleres familiares y peque\u00f1as empresas evolucionen hacia modelos de negocio m\u00e1s modernos y sostenibles.<\/p>\n\n\n\n<p><strong>Digitalizaci\u00f3n textil abre mercado global<\/strong><\/p>\n\n\n\n<p>Sin embargo, la digitalizaci\u00f3n textil no se trata \u00fanicamente de vender en internet. Tambi\u00e9n implica aprender nuevas herramientas y desarrollar habilidades digitales que hoy son esenciales en la industria de la moda.<\/p>\n\n\n\n<p>Por ejemplo, muchos emprendedores que se integran al marketplace reciben capacitaci\u00f3n en \u00e1reas como fotograf\u00eda de producto, creaci\u00f3n de cat\u00e1logos digitales y gesti\u00f3n de tiendas en l\u00ednea. Estos conocimientos son clave para competir en un entorno donde la presentaci\u00f3n visual y la experiencia digital lo son todo.<\/p>\n\n\n\n<p>Adem\u00e1s, plataformas como el <a href=\"\/\/generic-entity?number=5\">SHEIN Marketplace<\/a> permiten que fabricantes locales conecten directamente con consumidores, eliminando barreras tradicionales del comercio y facilitando un crecimiento m\u00e1s r\u00e1pido.<\/p>\n\n\n\n<p>Por otro lado, la digitalizaci\u00f3n textil tambi\u00e9n contribuye a la formalizaci\u00f3n de muchos negocios. Al integrarse al comercio electr\u00f3nico, los emprendedores pueden acceder a financiamiento, mejorar sus procesos administrativos y expandir sus operaciones.<\/p>\n\n\n\n<p>Finalmente, este cambio demuestra algo muy claro: la tecnolog\u00eda no est\u00e1 reemplazando la creatividad en la moda, la est\u00e1 amplificando. Los talleres, dise\u00f1adores y productores mexicanos siguen siendo el coraz\u00f3n de la industria, pero ahora tienen nuevas herramientas para llevar su talento mucho m\u00e1s lejos.<\/p>\n\n\n\n<p>En otras palabras, la digitalizaci\u00f3n textil est\u00e1 redefiniendo la industria en M\u00e9xico. Y para miles de emprendedores, el futuro de la moda ya no est\u00e1 solo en las pasarelas\u2026 tambi\u00e9n est\u00e1 en el mundo digital.&nbsp;<\/p>","protected":false},"excerpt":{"rendered":"<p>La moda siempre ha sido creatividad, identidad y cultura. Pero hoy tambi\u00e9n es tecnolog\u00eda. La digitalizaci\u00f3n textil est\u00e1 transformando la forma en que se dise\u00f1an, producen y venden las prendas en M\u00e9xico, y cada vez m\u00e1s emprendedores locales est\u00e1n encontrando en el comercio electr\u00f3nico una oportunidad real para crecer. Durante a\u00f1os, muchos talleres textiles y [&hellip;]<\/p>\n","protected":false},"author":6,"featured_media":116489,"comment_status":"open","ping_status":"open","sticky":false,"template":"","format":"standard","meta":{"_jetpack_memberships_contains_paid_content":false,"footnotes":"","jetpack_publicize_message":"","jetpack_publicize_feature_enabled":true,"jetpack_social_post_already_shared":true,"jetpack_social_options":{"image_generator_settings":{"template":"highway","default_image_id":0,"font":"","enabled":false},"version":2}},"categories":[67],"tags":[],"class_list":["post-116488","post","type-post","status-publish","format-standard","has-post-thumbnail","hentry","category-moda","has-post-title","has-post-date","has-post-category","has-post-tag","has-post-comment","has-post-author",""],"yoast_head":"<!-- This site is optimized with the Yoast SEO plugin v27.4 - https:\/\/yoast.com\/product\/yoast-seo-wordpress\/ -->\n<title>Digitalizaci\u00f3n textil cambia la moda - Zero Magazine<\/title>\n<meta name=\"description\" content=\"La digitalizaci\u00f3n textil impulsa a fabricantes mexicanos a vender en l\u00ednea y crecer globalmente gracias al marketplace de SHEIN.\" \/>\n<meta name=\"robots\" content=\"index, follow, max-snippet:-1, max-image-preview:large, max-video-preview:-1\" \/>\n<link rel=\"canonical\" href=\"https:\/\/zeromagazine.mx\/index.php\/2026\/03\/10\/digitalizacion-textil-mexico-shein-marketplace\/\" \/>\n<meta property=\"og:locale\" content=\"es_ES\" \/>\n<meta property=\"og:type\" content=\"article\" \/>\n<meta property=\"og:title\" content=\"Digitalizaci\u00f3n textil cambia la moda - Zero Magazine\" \/>\n<meta property=\"og:description\" content=\"La digitalizaci\u00f3n textil impulsa a fabricantes mexicanos a vender en l\u00ednea y crecer globalmente gracias al marketplace de SHEIN.\" \/>\n<meta property=\"og:url\" content=\"https:\/\/zeromagazine.mx\/index.php\/2026\/03\/10\/digitalizacion-textil-mexico-shein-marketplace\/\" \/>\n<meta property=\"og:site_name\" content=\"Zero Magazine\" \/>\n<meta property=\"article:published_time\" content=\"2026-03-11T00:43:42+00:00\" \/>\n<meta property=\"article:modified_time\" content=\"2026-03-11T00:43:43+00:00\" \/>\n<meta property=\"og:image\" content=\"http:\/\/zeromagazine.mx\/wp-content\/uploads\/2026\/03\/IMG_6540.jpeg\" \/>\n\t<meta property=\"og:image:width\" content=\"1024\" \/>\n\t<meta property=\"og:image:height\" content=\"683\" \/>\n\t<meta property=\"og:image:type\" content=\"image\/jpeg\" \/>\n<meta name=\"author\" content=\"Luis Trujano\" \/>\n<meta name=\"twitter:card\" content=\"summary_large_image\" \/>\n<meta name=\"twitter:label1\" content=\"Escrito por\" \/>\n\t<meta name=\"twitter:data1\" content=\"Luis Trujano\" \/>\n\t<meta name=\"twitter:label2\" content=\"Tiempo de lectura\" \/>\n\t<meta name=\"twitter:data2\" content=\"3 minutos\" \/>\n<script type=\"application\/ld+json\" class=\"yoast-schema-graph\">{\"@context\":\"https:\\\/\\\/schema.org\",\"@graph\":[{\"@type\":\"Article\",\"@id\":\"https:\\\/\\\/zeromagazine.mx\\\/index.php\\\/2026\\\/03\\\/10\\\/digitalizacion-textil-mexico-shein-marketplace\\\/#article\",\"isPartOf\":{\"@id\":\"https:\\\/\\\/zeromagazine.mx\\\/index.php\\\/2026\\\/03\\\/10\\\/digitalizacion-textil-mexico-shein-marketplace\\\/\"},\"author\":{\"name\":\"Luis Trujano\",\"@id\":\"https:\\\/\\\/zeromagazine.mx\\\/#\\\/schema\\\/person\\\/118d2dc27eca6f07b968c953d12daa6b\"},\"headline\":\"Digitalizaci\u00f3n textil cambia la moda\",\"datePublished\":\"2026-03-11T00:43:42+00:00\",\"dateModified\":\"2026-03-11T00:43:43+00:00\",\"mainEntityOfPage\":{\"@id\":\"https:\\\/\\\/zeromagazine.mx\\\/index.php\\\/2026\\\/03\\\/10\\\/digitalizacion-textil-mexico-shein-marketplace\\\/\"},\"wordCount\":596,\"commentCount\":0,\"publisher\":{\"@id\":\"https:\\\/\\\/zeromagazine.mx\\\/#organization\"},\"image\":{\"@id\":\"https:\\\/\\\/zeromagazine.mx\\\/index.php\\\/2026\\\/03\\\/10\\\/digitalizacion-textil-mexico-shein-marketplace\\\/#primaryimage\"},\"thumbnailUrl\":\"https:\\\/\\\/i0.wp.com\\\/zeromagazine.mx\\\/wp-content\\\/uploads\\\/2026\\\/03\\\/IMG_6540.jpeg?fit=1024%2C683&ssl=1\",\"articleSection\":[\"Moda\"],\"inLanguage\":\"es\",\"potentialAction\":[{\"@type\":\"CommentAction\",\"name\":\"Comment\",\"target\":[\"https:\\\/\\\/zeromagazine.mx\\\/index.php\\\/2026\\\/03\\\/10\\\/digitalizacion-textil-mexico-shein-marketplace\\\/#respond\"]}]},{\"@type\":\"WebPage\",\"@id\":\"https:\\\/\\\/zeromagazine.mx\\\/index.php\\\/2026\\\/03\\\/10\\\/digitalizacion-textil-mexico-shein-marketplace\\\/\",\"url\":\"https:\\\/\\\/zeromagazine.mx\\\/index.php\\\/2026\\\/03\\\/10\\\/digitalizacion-textil-mexico-shein-marketplace\\\/\",\"name\":\"Digitalizaci\u00f3n textil cambia la moda - Zero Magazine\",\"isPartOf\":{\"@id\":\"https:\\\/\\\/zeromagazine.mx\\\/#website\"},\"primaryImageOfPage\":{\"@id\":\"https:\\\/\\\/zeromagazine.mx\\\/index.php\\\/2026\\\/03\\\/10\\\/digitalizacion-textil-mexico-shein-marketplace\\\/#primaryimage\"},\"image\":{\"@id\":\"https:\\\/\\\/zeromagazine.mx\\\/index.php\\\/2026\\\/03\\\/10\\\/digitalizacion-textil-mexico-shein-marketplace\\\/#primaryimage\"},\"thumbnailUrl\":\"https:\\\/\\\/i0.wp.com\\\/zeromagazine.mx\\\/wp-content\\\/uploads\\\/2026\\\/03\\\/IMG_6540.jpeg?fit=1024%2C683&ssl=1\",\"datePublished\":\"2026-03-11T00:43:42+00:00\",\"dateModified\":\"2026-03-11T00:43:43+00:00\",\"description\":\"La digitalizaci\u00f3n textil impulsa a fabricantes mexicanos a vender en l\u00ednea y crecer globalmente gracias al marketplace de SHEIN.\",\"breadcrumb\":{\"@id\":\"https:\\\/\\\/zeromagazine.mx\\\/index.php\\\/2026\\\/03\\\/10\\\/digitalizacion-textil-mexico-shein-marketplace\\\/#breadcrumb\"},\"inLanguage\":\"es\",\"potentialAction\":[{\"@type\":\"ReadAction\",\"target\":[\"https:\\\/\\\/zeromagazine.mx\\\/index.php\\\/2026\\\/03\\\/10\\\/digitalizacion-textil-mexico-shein-marketplace\\\/\"]}]},{\"@type\":\"ImageObject\",\"inLanguage\":\"es\",\"@id\":\"https:\\\/\\\/zeromagazine.mx\\\/index.php\\\/2026\\\/03\\\/10\\\/digitalizacion-textil-mexico-shein-marketplace\\\/#primaryimage\",\"url\":\"https:\\\/\\\/i0.wp.com\\\/zeromagazine.mx\\\/wp-content\\\/uploads\\\/2026\\\/03\\\/IMG_6540.jpeg?fit=1024%2C683&ssl=1\",\"contentUrl\":\"https:\\\/\\\/i0.wp.com\\\/zeromagazine.mx\\\/wp-content\\\/uploads\\\/2026\\\/03\\\/IMG_6540.jpeg?fit=1024%2C683&ssl=1\",\"width\":1024,\"height\":683},{\"@type\":\"BreadcrumbList\",\"@id\":\"https:\\\/\\\/zeromagazine.mx\\\/index.php\\\/2026\\\/03\\\/10\\\/digitalizacion-textil-mexico-shein-marketplace\\\/#breadcrumb\",\"itemListElement\":[{\"@type\":\"ListItem\",\"position\":1,\"name\":\"Portada\",\"item\":\"https:\\\/\\\/zeromagazine.mx\\\/\"},{\"@type\":\"ListItem\",\"position\":2,\"name\":\"Digitalizaci\u00f3n textil cambia la moda\"}]},{\"@type\":\"WebSite\",\"@id\":\"https:\\\/\\\/zeromagazine.mx\\\/#website\",\"url\":\"https:\\\/\\\/zeromagazine.mx\\\/\",\"name\":\"Zero Magazine\",\"description\":\"\",\"publisher\":{\"@id\":\"https:\\\/\\\/zeromagazine.mx\\\/#organization\"},\"potentialAction\":[{\"@type\":\"SearchAction\",\"target\":{\"@type\":\"EntryPoint\",\"urlTemplate\":\"https:\\\/\\\/zeromagazine.mx\\\/?s={search_term_string}\"},\"query-input\":{\"@type\":\"PropertyValueSpecification\",\"valueRequired\":true,\"valueName\":\"search_term_string\"}}],\"inLanguage\":\"es\"},{\"@type\":\"Organization\",\"@id\":\"https:\\\/\\\/zeromagazine.mx\\\/#organization\",\"name\":\"Zero Magazine\",\"url\":\"https:\\\/\\\/zeromagazine.mx\\\/\",\"logo\":{\"@type\":\"ImageObject\",\"inLanguage\":\"es\",\"@id\":\"https:\\\/\\\/zeromagazine.mx\\\/#\\\/schema\\\/logo\\\/image\\\/\",\"url\":\"https:\\\/\\\/i0.wp.com\\\/zeromagazine.mx\\\/wp-content\\\/uploads\\\/2025\\\/11\\\/1.jpeg?fit=1000%2C1000&ssl=1\",\"contentUrl\":\"https:\\\/\\\/i0.wp.com\\\/zeromagazine.mx\\\/wp-content\\\/uploads\\\/2025\\\/11\\\/1.jpeg?fit=1000%2C1000&ssl=1\",\"width\":1000,\"height\":1000,\"caption\":\"Zero Magazine\"},\"image\":{\"@id\":\"https:\\\/\\\/zeromagazine.mx\\\/#\\\/schema\\\/logo\\\/image\\\/\"},\"sameAs\":[\"https:\\\/\\\/instagram.com\\\/zeromagazinemx\"]},{\"@type\":\"Person\",\"@id\":\"https:\\\/\\\/zeromagazine.mx\\\/#\\\/schema\\\/person\\\/118d2dc27eca6f07b968c953d12daa6b\",\"name\":\"Luis Trujano\",\"image\":{\"@type\":\"ImageObject\",\"inLanguage\":\"es\",\"@id\":\"https:\\\/\\\/zeromagazine.mx\\\/wp-content\\\/litespeed\\\/avatar\\\/fbd9d1d6aa4d21e2bb5be8b3155046c9.jpg?ver=1776970654\",\"url\":\"https:\\\/\\\/zeromagazine.mx\\\/wp-content\\\/litespeed\\\/avatar\\\/fbd9d1d6aa4d21e2bb5be8b3155046c9.jpg?ver=1776970654\",\"contentUrl\":\"https:\\\/\\\/zeromagazine.mx\\\/wp-content\\\/litespeed\\\/avatar\\\/fbd9d1d6aa4d21e2bb5be8b3155046c9.jpg?ver=1776970654\",\"caption\":\"Luis Trujano\"},\"url\":\"https:\\\/\\\/zeromagazine.mx\\\/index.php\\\/author\\\/luis-trujano\\\/\"}]}<\/script>\n<!-- \/ Yoast SEO plugin. -->","yoast_head_json":{"title":"Digitalizaci\u00f3n textil cambia la moda - Zero Magazine","description":"La digitalizaci\u00f3n textil impulsa a fabricantes mexicanos a vender en l\u00ednea y crecer globalmente gracias al marketplace de SHEIN.","robots":{"index":"index","follow":"follow","max-snippet":"max-snippet:-1","max-image-preview":"max-image-preview:large","max-video-preview":"max-video-preview:-1"},"canonical":"https:\/\/zeromagazine.mx\/index.php\/2026\/03\/10\/digitalizacion-textil-mexico-shein-marketplace\/","og_locale":"es_ES","og_type":"article","og_title":"Digitalizaci\u00f3n textil cambia la moda - Zero Magazine","og_description":"La digitalizaci\u00f3n textil impulsa a fabricantes mexicanos a vender en l\u00ednea y crecer globalmente gracias al marketplace de SHEIN.","og_url":"https:\/\/zeromagazine.mx\/index.php\/2026\/03\/10\/digitalizacion-textil-mexico-shein-marketplace\/","og_site_name":"Zero Magazine","article_published_time":"2026-03-11T00:43:42+00:00","article_modified_time":"2026-03-11T00:43:43+00:00","og_image":[{"width":1024,"height":683,"url":"http:\/\/zeromagazine.mx\/wp-content\/uploads\/2026\/03\/IMG_6540.jpeg","type":"image\/jpeg"}],"author":"Luis Trujano","twitter_card":"summary_large_image","twitter_misc":{"Escrito por":"Luis Trujano","Tiempo de lectura":"3 minutos"},"schema":{"@context":"https:\/\/schema.org","@graph":[{"@type":"Article","@id":"https:\/\/zeromagazine.mx\/index.php\/2026\/03\/10\/digitalizacion-textil-mexico-shein-marketplace\/#article","isPartOf":{"@id":"https:\/\/zeromagazine.mx\/index.php\/2026\/03\/10\/digitalizacion-textil-mexico-shein-marketplace\/"},"author":{"name":"Luis Trujano","@id":"https:\/\/zeromagazine.mx\/#\/schema\/person\/118d2dc27eca6f07b968c953d12daa6b"},"headline":"Digitalizaci\u00f3n textil cambia la moda","datePublished":"2026-03-11T00:43:42+00:00","dateModified":"2026-03-11T00:43:43+00:00","mainEntityOfPage":{"@id":"https:\/\/zeromagazine.mx\/index.php\/2026\/03\/10\/digitalizacion-textil-mexico-shein-marketplace\/"},"wordCount":596,"commentCount":0,"publisher":{"@id":"https:\/\/zeromagazine.mx\/#organization"},"image":{"@id":"https:\/\/zeromagazine.mx\/index.php\/2026\/03\/10\/digitalizacion-textil-mexico-shein-marketplace\/#primaryimage"},"thumbnailUrl":"https:\/\/i0.wp.com\/zeromagazine.mx\/wp-content\/uploads\/2026\/03\/IMG_6540.jpeg?fit=1024%2C683&ssl=1","articleSection":["Moda"],"inLanguage":"es","potentialAction":[{"@type":"CommentAction","name":"Comment","target":["https:\/\/zeromagazine.mx\/index.php\/2026\/03\/10\/digitalizacion-textil-mexico-shein-marketplace\/#respond"]}]},{"@type":"WebPage","@id":"https:\/\/zeromagazine.mx\/index.php\/2026\/03\/10\/digitalizacion-textil-mexico-shein-marketplace\/","url":"https:\/\/zeromagazine.mx\/index.php\/2026\/03\/10\/digitalizacion-textil-mexico-shein-marketplace\/","name":"Digitalizaci\u00f3n textil cambia la moda - Zero Magazine","isPartOf":{"@id":"https:\/\/zeromagazine.mx\/#website"},"primaryImageOfPage":{"@id":"https:\/\/zeromagazine.mx\/index.php\/2026\/03\/10\/digitalizacion-textil-mexico-shein-marketplace\/#primaryimage"},"image":{"@id":"https:\/\/zeromagazine.mx\/index.php\/2026\/03\/10\/digitalizacion-textil-mexico-shein-marketplace\/#primaryimage"},"thumbnailUrl":"https:\/\/i0.wp.com\/zeromagazine.mx\/wp-content\/uploads\/2026\/03\/IMG_6540.jpeg?fit=1024%2C683&ssl=1","datePublished":"2026-03-11T00:43:42+00:00","dateModified":"2026-03-11T00:43:43+00:00","description":"La digitalizaci\u00f3n textil impulsa a fabricantes mexicanos a vender en l\u00ednea y crecer globalmente gracias al marketplace de SHEIN.","breadcrumb":{"@id":"https:\/\/zeromagazine.mx\/index.php\/2026\/03\/10\/digitalizacion-textil-mexico-shein-marketplace\/#breadcrumb"},"inLanguage":"es","potentialAction":[{"@type":"ReadAction","target":["https:\/\/zeromagazine.mx\/index.php\/2026\/03\/10\/digitalizacion-textil-mexico-shein-marketplace\/"]}]},{"@type":"ImageObject","inLanguage":"es","@id":"https:\/\/zeromagazine.mx\/index.php\/2026\/03\/10\/digitalizacion-textil-mexico-shein-marketplace\/#primaryimage","url":"https:\/\/i0.wp.com\/zeromagazine.mx\/wp-content\/uploads\/2026\/03\/IMG_6540.jpeg?fit=1024%2C683&ssl=1","contentUrl":"https:\/\/i0.wp.com\/zeromagazine.mx\/wp-content\/uploads\/2026\/03\/IMG_6540.jpeg?fit=1024%2C683&ssl=1","width":1024,"height":683},{"@type":"BreadcrumbList","@id":"https:\/\/zeromagazine.mx\/index.php\/2026\/03\/10\/digitalizacion-textil-mexico-shein-marketplace\/#breadcrumb","itemListElement":[{"@type":"ListItem","position":1,"name":"Portada","item":"https:\/\/zeromagazine.mx\/"},{"@type":"ListItem","position":2,"name":"Digitalizaci\u00f3n textil cambia la moda"}]},{"@type":"WebSite","@id":"https:\/\/zeromagazine.mx\/#website","url":"https:\/\/zeromagazine.mx\/","name":"Zero Magazine","description":"","publisher":{"@id":"https:\/\/zeromagazine.mx\/#organization"},"potentialAction":[{"@type":"SearchAction","target":{"@type":"EntryPoint","urlTemplate":"https:\/\/zeromagazine.mx\/?s={search_term_string}"},"query-input":{"@type":"PropertyValueSpecification","valueRequired":true,"valueName":"search_term_string"}}],"inLanguage":"es"},{"@type":"Organization","@id":"https:\/\/zeromagazine.mx\/#organization","name":"Zero Magazine","url":"https:\/\/zeromagazine.mx\/","logo":{"@type":"ImageObject","inLanguage":"es","@id":"https:\/\/zeromagazine.mx\/#\/schema\/logo\/image\/","url":"https:\/\/i0.wp.com\/zeromagazine.mx\/wp-content\/uploads\/2025\/11\/1.jpeg?fit=1000%2C1000&ssl=1","contentUrl":"https:\/\/i0.wp.com\/zeromagazine.mx\/wp-content\/uploads\/2025\/11\/1.jpeg?fit=1000%2C1000&ssl=1","width":1000,"height":1000,"caption":"Zero Magazine"},"image":{"@id":"https:\/\/zeromagazine.mx\/#\/schema\/logo\/image\/"},"sameAs":["https:\/\/instagram.com\/zeromagazinemx"]},{"@type":"Person","@id":"https:\/\/zeromagazine.mx\/#\/schema\/person\/118d2dc27eca6f07b968c953d12daa6b","name":"Luis Trujano","image":{"@type":"ImageObject","inLanguage":"es","@id":"https:\/\/zeromagazine.mx\/wp-content\/litespeed\/avatar\/fbd9d1d6aa4d21e2bb5be8b3155046c9.jpg?ver=1776970654","url":"https:\/\/zeromagazine.mx\/wp-content\/litespeed\/avatar\/fbd9d1d6aa4d21e2bb5be8b3155046c9.jpg?ver=1776970654","contentUrl":"https:\/\/zeromagazine.mx\/wp-content\/litespeed\/avatar\/fbd9d1d6aa4d21e2bb5be8b3155046c9.jpg?ver=1776970654","caption":"Luis Trujano"},"url":"https:\/\/zeromagazine.mx\/index.php\/author\/luis-trujano\/"}]}},"jetpack_publicize_connections":[],"jetpack_featured_media_url":"https:\/\/i0.wp.com\/zeromagazine.mx\/wp-content\/uploads\/2026\/03\/IMG_6540.jpeg?fit=1024%2C683&ssl=1","jetpack-related-posts":[{"id":112241,"url":"https:\/\/zeromagazine.mx\/index.php\/2025\/12\/28\/moda-en-estambul-alta-costura-tradicion\/","url_meta":{"origin":116488,"position":0},"title":"Moda en Estambul lo cambia todo","author":"Luis Trujano","date":"28 de diciembre de 2025","format":false,"excerpt":"Si existiera una ciudad donde la moda tuviera memoria, alma y futuro al mismo tiempo, ser\u00eda esta. La moda en Estambul est\u00e1 viviendo su main character era: una escena creativa que mezcla herencia cultural, lujo contempor\u00e1neo y una energ\u00eda imposible de replicar. No es solo ropa bonita, es identidad convertida\u2026","rel":"","context":"En \u00abModa\u00bb","block_context":{"text":"Moda","link":"https:\/\/zeromagazine.mx\/index.php\/category\/moda\/"},"img":{"alt_text":"","src":"https:\/\/i0.wp.com\/zeromagazine.mx\/wp-content\/uploads\/2025\/12\/IMG_6239.jpeg?fit=1000%2C667&ssl=1&resize=350%2C200","width":350,"height":200,"srcset":"https:\/\/i0.wp.com\/zeromagazine.mx\/wp-content\/uploads\/2025\/12\/IMG_6239.jpeg?fit=1000%2C667&ssl=1&resize=350%2C200 1x, https:\/\/i0.wp.com\/zeromagazine.mx\/wp-content\/uploads\/2025\/12\/IMG_6239.jpeg?fit=1000%2C667&ssl=1&resize=525%2C300 1.5x, https:\/\/i0.wp.com\/zeromagazine.mx\/wp-content\/uploads\/2025\/12\/IMG_6239.jpeg?fit=1000%2C667&ssl=1&resize=700%2C400 2x"},"classes":[]},{"id":107858,"url":"https:\/\/zeromagazine.mx\/index.php\/2025\/09\/12\/boyfriends-shirt-prendas-telar-oaxaca\/","url_meta":{"origin":116488,"position":1},"title":"Boyfriend\u2019s Shirt y el arte del telar","author":"David Morales","date":"12 de septiembre de 2025","format":false,"excerpt":"En la era de la moda r\u00e1pida, donde lo inmediato parece dictar el estilo, Boyfriend\u2019s Shirt propone una pausa necesaria: volver al origen, a la ra\u00edz, a lo que se hace con paciencia y significado. Su nueva propuesta celebra la herencia textil mexicana con t-shirts creadas en telar de cintura,\u2026","rel":"","context":"En \u00abModa\u00bb","block_context":{"text":"Moda","link":"https:\/\/zeromagazine.mx\/index.php\/category\/moda\/"},"img":{"alt_text":"","src":"https:\/\/i0.wp.com\/zeromagazine.mx\/wp-content\/uploads\/2025\/09\/img_8203.png?fit=909%2C1200&ssl=1&resize=350%2C200","width":350,"height":200,"srcset":"https:\/\/i0.wp.com\/zeromagazine.mx\/wp-content\/uploads\/2025\/09\/img_8203.png?fit=909%2C1200&ssl=1&resize=350%2C200 1x, https:\/\/i0.wp.com\/zeromagazine.mx\/wp-content\/uploads\/2025\/09\/img_8203.png?fit=909%2C1200&ssl=1&resize=525%2C300 1.5x, https:\/\/i0.wp.com\/zeromagazine.mx\/wp-content\/uploads\/2025\/09\/img_8203.png?fit=909%2C1200&ssl=1&resize=700%2C400 2x"},"classes":[]},{"id":111348,"url":"https:\/\/zeromagazine.mx\/index.php\/2025\/11\/29\/artesanos-mexicanos-original-2025\/","url_meta":{"origin":116488,"position":2},"title":"Artesanos Mexicanos: Cultura Que Vibra","author":"zeromagazinemx","date":"29 de noviembre de 2025","format":false,"excerpt":"Si algo qued\u00f3 clar\u00edsimo en el desayuno del 25 de noviembre en el Museo Nacional de Arte es que los artesanos mexicanos no solo crean piezas; crean historias, herencias y futuro. La Secretar\u00eda de Cultura present\u00f3 su proyecto Original, una plataforma que no solo celebra la creatividad nacional, sino que\u2026","rel":"","context":"En \u00abCultura\u00bb","block_context":{"text":"Cultura","link":"https:\/\/zeromagazine.mx\/index.php\/category\/cultura\/"},"img":{"alt_text":"","src":"https:\/\/i0.wp.com\/zeromagazine.mx\/wp-content\/uploads\/2025\/11\/1000042119.png?fit=960%2C1200&ssl=1&resize=350%2C200","width":350,"height":200,"srcset":"https:\/\/i0.wp.com\/zeromagazine.mx\/wp-content\/uploads\/2025\/11\/1000042119.png?fit=960%2C1200&ssl=1&resize=350%2C200 1x, https:\/\/i0.wp.com\/zeromagazine.mx\/wp-content\/uploads\/2025\/11\/1000042119.png?fit=960%2C1200&ssl=1&resize=525%2C300 1.5x, https:\/\/i0.wp.com\/zeromagazine.mx\/wp-content\/uploads\/2025\/11\/1000042119.png?fit=960%2C1200&ssl=1&resize=700%2C400 2x"},"classes":[]},{"id":114284,"url":"https:\/\/zeromagazine.mx\/index.php\/2026\/01\/27\/tendencias-de-moda-2025-dominan\/","url_meta":{"origin":116488,"position":3},"title":"Tendencias de moda 2025 dominan","author":"Luis Trujano","date":"27 de enero de 2026","format":false,"excerpt":"La moda ya no se trata solo de qu\u00e9 te pones, sino de qu\u00e9 dices cuando te vistes. En 2025, las reglas cambiaron (otra vez) y las marcas que est\u00e1n creciendo no son necesariamente las m\u00e1s grandes, sino las m\u00e1s aut\u00e9nticas, digitales y conscientes de su comunidad. Las tendencias de\u2026","rel":"","context":"En \u00abModa\u00bb","block_context":{"text":"Moda","link":"https:\/\/zeromagazine.mx\/index.php\/category\/moda\/"},"img":{"alt_text":"","src":"https:\/\/i0.wp.com\/zeromagazine.mx\/wp-content\/uploads\/2026\/01\/IMG_6398.jpeg?fit=1200%2C675&ssl=1&resize=350%2C200","width":350,"height":200,"srcset":"https:\/\/i0.wp.com\/zeromagazine.mx\/wp-content\/uploads\/2026\/01\/IMG_6398.jpeg?fit=1200%2C675&ssl=1&resize=350%2C200 1x, https:\/\/i0.wp.com\/zeromagazine.mx\/wp-content\/uploads\/2026\/01\/IMG_6398.jpeg?fit=1200%2C675&ssl=1&resize=525%2C300 1.5x, https:\/\/i0.wp.com\/zeromagazine.mx\/wp-content\/uploads\/2026\/01\/IMG_6398.jpeg?fit=1200%2C675&ssl=1&resize=700%2C400 2x, https:\/\/i0.wp.com\/zeromagazine.mx\/wp-content\/uploads\/2026\/01\/IMG_6398.jpeg?fit=1200%2C675&ssl=1&resize=1050%2C600 3x"},"classes":[]},{"id":113362,"url":"https:\/\/zeromagazine.mx\/index.php\/2026\/01\/14\/zapatos-personalizables-heydude-2026\/","url_meta":{"origin":116488,"position":4},"title":"Zapatos personalizables HEYDUDE 2026","author":"zeromagazinemx","date":"14 de enero de 2026","format":false,"excerpt":"Hay a\u00f1os que no solo se planean, se caminan. Y 2026 se perfila justo as\u00ed: como una etapa para avanzar con intenci\u00f3n, comodidad y estilo propio. En un momento donde la moda deja de ser solo est\u00e9tica para convertirse en una extensi\u00f3n de qui\u00e9n eres y hacia d\u00f3nde vas, los\u2026","rel":"","context":"En \u00abBlog\u00bb","block_context":{"text":"Blog","link":"https:\/\/zeromagazine.mx\/index.php\/category\/blog\/"},"img":{"alt_text":"","src":"https:\/\/i0.wp.com\/zeromagazine.mx\/wp-content\/uploads\/2026\/01\/2504_HEYDUDE_EMEA_WW_AlwaysOn_FunkMono_WhatsUp_Mobile.png?fit=375%2C468&ssl=1&resize=350%2C200","width":350,"height":200},"classes":[]},{"id":109218,"url":"https:\/\/zeromagazine.mx\/index.php\/2025\/10\/08\/moda-sustentable-mexicana-fabrica-de-punto\/","url_meta":{"origin":116488,"position":5},"title":"Moda sustentable mexicana: el nuevo lenguaje del lujo","author":"zeromagazinemx","date":"8 de octubre de 2025","format":false,"excerpt":"La nueva revoluci\u00f3n del lujo no brilla, respira. Esta temporada, la moda sustentable mexicana da un paso enorme con \u201cSEMI\u00d3TICA\u201d, la m\u00e1s reciente colecci\u00f3n de Fabrica de Punto, presentada en Volvo Fashion Week M\u00e9xico 2025. La firma, dirigida por Fernanda Mu\u00f1oz, vuelve a recordarnos que vestir tambi\u00e9n puede ser un\u2026","rel":"","context":"En \u00abModa\u00bb","block_context":{"text":"Moda","link":"https:\/\/zeromagazine.mx\/index.php\/category\/moda\/"},"img":{"alt_text":"","src":"https:\/\/i0.wp.com\/zeromagazine.mx\/wp-content\/uploads\/2025\/10\/Imagen-JPEG-1.jpeg?fit=678%2C381&ssl=1&resize=350%2C200","width":350,"height":200,"srcset":"https:\/\/i0.wp.com\/zeromagazine.mx\/wp-content\/uploads\/2025\/10\/Imagen-JPEG-1.jpeg?fit=678%2C381&ssl=1&resize=350%2C200 1x, https:\/\/i0.wp.com\/zeromagazine.mx\/wp-content\/uploads\/2025\/10\/Imagen-JPEG-1.jpeg?fit=678%2C381&ssl=1&resize=525%2C300 1.5x"},"classes":[]}],"jetpack_sharing_enabled":true,"builder_content":"","_links":{"self":[{"href":"https:\/\/zeromagazine.mx\/index.php\/wp-json\/wp\/v2\/posts\/116488","targetHints":{"allow":["GET"]}}],"collection":[{"href":"https:\/\/zeromagazine.mx\/index.php\/wp-json\/wp\/v2\/posts"}],"about":[{"href":"https:\/\/zeromagazine.mx\/index.php\/wp-json\/wp\/v2\/types\/post"}],"author":[{"embeddable":true,"href":"https:\/\/zeromagazine.mx\/index.php\/wp-json\/wp\/v2\/users\/6"}],"replies":[{"embeddable":true,"href":"https:\/\/zeromagazine.mx\/index.php\/wp-json\/wp\/v2\/comments?post=116488"}],"version-history":[{"count":2,"href":"https:\/\/zeromagazine.mx\/index.php\/wp-json\/wp\/v2\/posts\/116488\/revisions"}],"predecessor-version":[{"id":116491,"href":"https:\/\/zeromagazine.mx\/index.php\/wp-json\/wp\/v2\/posts\/116488\/revisions\/116491"}],"wp:featuredmedia":[{"embeddable":true,"href":"https:\/\/zeromagazine.mx\/index.php\/wp-json\/wp\/v2\/media\/116489"}],"wp:attachment":[{"href":"https:\/\/zeromagazine.mx\/index.php\/wp-json\/wp\/v2\/media?parent=116488"}],"wp:term":[{"taxonomy":"category","embeddable":true,"href":"https:\/\/zeromagazine.mx\/index.php\/wp-json\/wp\/v2\/categories?post=116488"},{"taxonomy":"post_tag","embeddable":true,"href":"https:\/\/zeromagazine.mx\/index.php\/wp-json\/wp\/v2\/tags?post=116488"}],"curies":[{"name":"wp","href":"https:\/\/api.w.org\/{rel}","templated":true}]}}