{"id":116498,"date":"2026-03-10T18:51:50","date_gmt":"2026-03-11T00:51:50","guid":{"rendered":"https:\/\/zeromagazine.mx\/?p=116498"},"modified":"2026-03-10T18:51:52","modified_gmt":"2026-03-11T00:51:52","slug":"memorie-zegna-coleccion-fragancias-2026","status":"publish","type":"post","link":"https:\/\/zeromagazine.mx\/index.php\/2026\/03\/10\/memorie-zegna-coleccion-fragancias-2026\/","title":{"rendered":"Memorie de ZEGNA huele a legado"},"content":{"rendered":"<!--themify_builder_content-->\n<div id=\"themify_builder_content-116498\" data-postid=\"116498\" class=\"themify_builder_content themify_builder_content-116498 themify_builder tf_clear\">\n    <\/div>\n<!--\/themify_builder_content-->\n\n\n<p>Hay perfumes que simplemente huelen bien\u2026 y luego est\u00e1n los que cuentan historias. Memorie ZEGNA, la nueva colecci\u00f3n de fragancias de <a href=\"\/\/generic-entity?number=0\">ZEGNA<\/a>, entra directo en esta segunda categor\u00eda. No es solo un lanzamiento de perfumer\u00eda: es una narrativa olfativa que conecta pasado, paisaje y creatividad en una experiencia sensorial completa.<\/p>\n\n\n\n<p>La colecci\u00f3n nace como un homenaje al fundador de la casa, <a href=\"\/\/generic-entity?number=1\">Ermenegildo Zegna<\/a>, y a la visi\u00f3n que construy\u00f3 uno de los imperios del lujo masculino m\u00e1s influyentes del mundo. Pero lejos de quedarse en la nostalgia, Memorie ZEGNA propone algo m\u00e1s interesante: transformar recuerdos en fragancias que siguen evolucionando.<\/p>\n\n\n\n<figure class=\"wp-block-image size-full\"><img data-recalc-dims=\"1\" decoding=\"async\" width=\"1165\" height=\"810\" src=\"https:\/\/i0.wp.com\/zeromagazine.mx\/wp-content\/uploads\/2026\/03\/IMG_6546-scaled.jpeg?resize=1165%2C810&#038;ssl=1\" alt=\"\" class=\"wp-image-116499\" srcset=\"https:\/\/i0.wp.com\/zeromagazine.mx\/wp-content\/uploads\/2026\/03\/IMG_6546-scaled.jpeg?w=2560&amp;ssl=1 2560w, https:\/\/i0.wp.com\/zeromagazine.mx\/wp-content\/uploads\/2026\/03\/IMG_6546-scaled.jpeg?resize=300%2C208&amp;ssl=1 300w, https:\/\/i0.wp.com\/zeromagazine.mx\/wp-content\/uploads\/2026\/03\/IMG_6546-scaled.jpeg?resize=1024%2C711&amp;ssl=1 1024w, https:\/\/i0.wp.com\/zeromagazine.mx\/wp-content\/uploads\/2026\/03\/IMG_6546-scaled.jpeg?resize=768%2C534&amp;ssl=1 768w, https:\/\/i0.wp.com\/zeromagazine.mx\/wp-content\/uploads\/2026\/03\/IMG_6546-scaled.jpeg?resize=1536%2C1067&amp;ssl=1 1536w, https:\/\/i0.wp.com\/zeromagazine.mx\/wp-content\/uploads\/2026\/03\/IMG_6546-scaled.jpeg?resize=2048%2C1423&amp;ssl=1 2048w, https:\/\/i0.wp.com\/zeromagazine.mx\/wp-content\/uploads\/2026\/03\/IMG_6546-scaled.jpeg?w=2330 2330w\" sizes=\"(max-width: 1165px) 100vw, 1165px\" \/><\/figure>\n\n\n\n<p>Adem\u00e1s, cada perfume funciona como un cap\u00edtulo dentro de una misma historia. Seis aromas diferentes, seis momentos y seis paisajes que reflejan la identidad de la marca italiana.<\/p>\n\n\n\n<p><strong>Memorie ZEGNA transforma recuerdos en perfume<\/strong><\/p>\n\n\n\n<p>La colecci\u00f3n Memorie ZEGNA est\u00e1 formada por seis fragancias que exploran distintas emociones y escenarios vinculados al universo de la casa.<\/p>\n\n\n\n<p>Por ejemplo, Il Calamaio captura el momento creativo del fundador al amanecer, evocando la calma de un estudio donde las ideas comienzan a tomar forma. En contraste, Il Lanificio rinde homenaje al coraz\u00f3n industrial de la marca: la f\u00e1brica donde la lana se transforma en tejidos ic\u00f3nicos.<\/p>\n\n\n\n<p>Adem\u00e1s, A Trivero refleja el impulso de mirar m\u00e1s all\u00e1 del horizonte. Inspirada en el peque\u00f1o pueblo italiano donde naci\u00f3 la marca, esta fragancia conecta la identidad local con una visi\u00f3n global.<\/p>\n\n\n\n<figure class=\"wp-block-image size-full\"><img data-recalc-dims=\"1\" decoding=\"async\" width=\"1165\" height=\"874\" src=\"https:\/\/i0.wp.com\/zeromagazine.mx\/wp-content\/uploads\/2026\/03\/IMG_6545-scaled.jpeg?resize=1165%2C874&#038;ssl=1\" alt=\"\" class=\"wp-image-116500\" srcset=\"https:\/\/i0.wp.com\/zeromagazine.mx\/wp-content\/uploads\/2026\/03\/IMG_6545-scaled.jpeg?w=2560&amp;ssl=1 2560w, https:\/\/i0.wp.com\/zeromagazine.mx\/wp-content\/uploads\/2026\/03\/IMG_6545-scaled.jpeg?resize=300%2C225&amp;ssl=1 300w, https:\/\/i0.wp.com\/zeromagazine.mx\/wp-content\/uploads\/2026\/03\/IMG_6545-scaled.jpeg?resize=1024%2C768&amp;ssl=1 1024w, https:\/\/i0.wp.com\/zeromagazine.mx\/wp-content\/uploads\/2026\/03\/IMG_6545-scaled.jpeg?resize=768%2C576&amp;ssl=1 768w, https:\/\/i0.wp.com\/zeromagazine.mx\/wp-content\/uploads\/2026\/03\/IMG_6545-scaled.jpeg?resize=1536%2C1152&amp;ssl=1 1536w, https:\/\/i0.wp.com\/zeromagazine.mx\/wp-content\/uploads\/2026\/03\/IMG_6545-scaled.jpeg?resize=2048%2C1536&amp;ssl=1 2048w, https:\/\/i0.wp.com\/zeromagazine.mx\/wp-content\/uploads\/2026\/03\/IMG_6545-scaled.jpeg?w=2330 2330w\" sizes=\"(max-width: 1165px) 100vw, 1165px\" \/><\/figure>\n\n\n\n<p>Mientras tanto, Il Sottobosco se inspira en la naturaleza profunda de <a href=\"\/\/generic-entity?number=2\">Oasi Zegna<\/a>, el parque natural creado por la familia Zegna que sigue siendo una fuente de inspiraci\u00f3n constante para la marca.<\/p>\n\n\n\n<p>Por otro lado, La Panoramica representa la visi\u00f3n de futuro y las ideas que se proyectan hacia adelante, mientras que Saga del Piemonte ofrece una escena m\u00e1s \u00edntima y contemplativa al final del d\u00eda.<\/p>\n\n\n\n<p>En conjunto, estas seis fragancias no funcionan como perfumes aislados. M\u00e1s bien, forman un recorrido emocional que explora el legado de la marca desde diferentes perspectivas.<\/p>\n\n\n\n<p><strong>Memorie ZEGNA redefine el lujo olfativo<\/strong><\/p>\n\n\n\n<p>Sin embargo, lo que realmente hace especial a Memorie ZEGNA es el talento detr\u00e1s de cada composici\u00f3n. La colecci\u00f3n fue creada por tres de los perfumistas m\u00e1s influyentes del mundo: <a href=\"\/\/generic-entity?number=3\">Dominique Ropion<\/a>, <a href=\"\/\/generic-entity?number=4\">Fabrice Pellegrin<\/a> y <a href=\"\/\/generic-entity?number=5\">Quentin Bisch<\/a>.<\/p>\n\n\n\n<p>Juntos exploraron distintas familias olfativas \u2014desde acordes \u00e1mbar cuero hasta foug\u00e8res frescos, pasando por notas amaderadas y gourmand\u2014 para traducir emociones en aromas sofisticados.<\/p>\n\n\n\n<p>Adem\u00e1s, el lanzamiento viene acompa\u00f1ado por una pieza cinematogr\u00e1fica protagonizada por <a href=\"\/\/generic-entity?number=6\">Mads Mikkelsen<\/a> y dirigida por <a href=\"\/\/generic-entity?number=7\">Roman Coppola<\/a>. Ambientada en la hist\u00f3rica residencia familiar de la marca, la pel\u00edcula propone un viaje visual que conecta los seis mundos de la colecci\u00f3n.<\/p>\n\n\n\n<figure class=\"wp-block-image size-full\"><img data-recalc-dims=\"1\" decoding=\"async\" width=\"600\" height=\"445\" src=\"https:\/\/i0.wp.com\/zeromagazine.mx\/wp-content\/uploads\/2026\/03\/IMG_6544.png?resize=600%2C445&#038;ssl=1\" alt=\"\" class=\"wp-image-116501\" srcset=\"https:\/\/i0.wp.com\/zeromagazine.mx\/wp-content\/uploads\/2026\/03\/IMG_6544.png?w=600&amp;ssl=1 600w, https:\/\/i0.wp.com\/zeromagazine.mx\/wp-content\/uploads\/2026\/03\/IMG_6544.png?resize=300%2C223&amp;ssl=1 300w\" sizes=\"(max-width: 600px) 100vw, 600px\" \/><\/figure>\n\n\n\n<p>Por supuesto, el dise\u00f1o tambi\u00e9n juega un papel clave. Cada fragancia de Memorie ZEGNA se presenta en un frasco con degradado inspirado en el paisaje que representa, acompa\u00f1ado por un tap\u00f3n de madera de fresno con el escudo familiar.<\/p>\n\n\n\n<p>Finalmente, los frascos est\u00e1n dise\u00f1ados para ser recargables, reforzando una visi\u00f3n de lujo m\u00e1s consciente y pensado para durar.<\/p>\n\n\n\n<p>En otras palabras, Memorie ZEGNA no solo lanza seis perfumes nuevos. Construye una historia completa donde la memoria, la naturaleza y la artesan\u00eda italiana se convierten en aroma. Y en un momento donde el lujo busca ser m\u00e1s personal que nunca, esta colecci\u00f3n demuestra que el verdadero estilo tambi\u00e9n puede sentirse\u2026 en el aire.<\/p>","protected":false},"excerpt":{"rendered":"<p>Hay perfumes que simplemente huelen bien\u2026 y luego est\u00e1n los que cuentan historias. Memorie ZEGNA, la nueva colecci\u00f3n de fragancias de ZEGNA, entra directo en esta segunda categor\u00eda. No es solo un lanzamiento de perfumer\u00eda: es una narrativa olfativa que conecta pasado, paisaje y creatividad en una experiencia sensorial completa. La colecci\u00f3n nace como un [&hellip;]<\/p>\n","protected":false},"author":6,"featured_media":116500,"comment_status":"open","ping_status":"open","sticky":false,"template":"","format":"standard","meta":{"_jetpack_memberships_contains_paid_content":false,"footnotes":"","jetpack_publicize_message":"","jetpack_publicize_feature_enabled":true,"jetpack_social_post_already_shared":true,"jetpack_social_options":{"image_generator_settings":{"template":"highway","default_image_id":0,"font":"","enabled":false},"version":2}},"categories":[9858],"tags":[],"class_list":["post-116498","post","type-post","status-publish","format-standard","has-post-thumbnail","hentry","category-beauty","has-post-title","has-post-date","has-post-category","has-post-tag","has-post-comment","has-post-author",""],"yoast_head":"<!-- This site is optimized with the Yoast SEO plugin v27.4 - https:\/\/yoast.com\/product\/yoast-seo-wordpress\/ -->\n<title>Memorie de ZEGNA huele a legado - Zero Magazine<\/title>\n<meta name=\"description\" content=\"Memorie ZEGNA es la nueva colecci\u00f3n de seis fragancias que transforma la historia de la casa italiana en una experiencia sensorial.\" \/>\n<meta name=\"robots\" content=\"index, follow, max-snippet:-1, max-image-preview:large, max-video-preview:-1\" \/>\n<link rel=\"canonical\" href=\"https:\/\/zeromagazine.mx\/index.php\/2026\/03\/10\/memorie-zegna-coleccion-fragancias-2026\/\" \/>\n<meta property=\"og:locale\" content=\"es_ES\" \/>\n<meta property=\"og:type\" content=\"article\" \/>\n<meta property=\"og:title\" content=\"Memorie de ZEGNA huele a legado - Zero Magazine\" \/>\n<meta property=\"og:description\" content=\"Memorie ZEGNA es la nueva colecci\u00f3n de seis fragancias que transforma la historia de la casa italiana en una experiencia sensorial.\" \/>\n<meta property=\"og:url\" content=\"https:\/\/zeromagazine.mx\/index.php\/2026\/03\/10\/memorie-zegna-coleccion-fragancias-2026\/\" \/>\n<meta property=\"og:site_name\" content=\"Zero Magazine\" \/>\n<meta property=\"article:published_time\" content=\"2026-03-11T00:51:50+00:00\" \/>\n<meta property=\"article:modified_time\" content=\"2026-03-11T00:51:52+00:00\" \/>\n<meta property=\"og:image\" content=\"http:\/\/zeromagazine.mx\/wp-content\/uploads\/2026\/03\/IMG_6545-scaled.jpeg\" \/>\n\t<meta property=\"og:image:width\" content=\"2560\" \/>\n\t<meta property=\"og:image:height\" content=\"1920\" \/>\n\t<meta property=\"og:image:type\" content=\"image\/jpeg\" \/>\n<meta name=\"author\" content=\"Luis Trujano\" \/>\n<meta name=\"twitter:card\" content=\"summary_large_image\" \/>\n<meta name=\"twitter:label1\" content=\"Escrito por\" \/>\n\t<meta name=\"twitter:data1\" content=\"Luis Trujano\" \/>\n\t<meta name=\"twitter:label2\" content=\"Tiempo de lectura\" \/>\n\t<meta name=\"twitter:data2\" content=\"4 minutos\" \/>\n<script type=\"application\/ld+json\" class=\"yoast-schema-graph\">{\"@context\":\"https:\\\/\\\/schema.org\",\"@graph\":[{\"@type\":\"Article\",\"@id\":\"https:\\\/\\\/zeromagazine.mx\\\/index.php\\\/2026\\\/03\\\/10\\\/memorie-zegna-coleccion-fragancias-2026\\\/#article\",\"isPartOf\":{\"@id\":\"https:\\\/\\\/zeromagazine.mx\\\/index.php\\\/2026\\\/03\\\/10\\\/memorie-zegna-coleccion-fragancias-2026\\\/\"},\"author\":{\"name\":\"Luis Trujano\",\"@id\":\"https:\\\/\\\/zeromagazine.mx\\\/#\\\/schema\\\/person\\\/118d2dc27eca6f07b968c953d12daa6b\"},\"headline\":\"Memorie de ZEGNA huele a legado\",\"datePublished\":\"2026-03-11T00:51:50+00:00\",\"dateModified\":\"2026-03-11T00:51:52+00:00\",\"mainEntityOfPage\":{\"@id\":\"https:\\\/\\\/zeromagazine.mx\\\/index.php\\\/2026\\\/03\\\/10\\\/memorie-zegna-coleccion-fragancias-2026\\\/\"},\"wordCount\":598,\"commentCount\":0,\"publisher\":{\"@id\":\"https:\\\/\\\/zeromagazine.mx\\\/#organization\"},\"image\":{\"@id\":\"https:\\\/\\\/zeromagazine.mx\\\/index.php\\\/2026\\\/03\\\/10\\\/memorie-zegna-coleccion-fragancias-2026\\\/#primaryimage\"},\"thumbnailUrl\":\"https:\\\/\\\/i0.wp.com\\\/zeromagazine.mx\\\/wp-content\\\/uploads\\\/2026\\\/03\\\/IMG_6545-scaled.jpeg?fit=2560%2C1920&ssl=1\",\"articleSection\":[\"Beauty\"],\"inLanguage\":\"es\",\"potentialAction\":[{\"@type\":\"CommentAction\",\"name\":\"Comment\",\"target\":[\"https:\\\/\\\/zeromagazine.mx\\\/index.php\\\/2026\\\/03\\\/10\\\/memorie-zegna-coleccion-fragancias-2026\\\/#respond\"]}]},{\"@type\":\"WebPage\",\"@id\":\"https:\\\/\\\/zeromagazine.mx\\\/index.php\\\/2026\\\/03\\\/10\\\/memorie-zegna-coleccion-fragancias-2026\\\/\",\"url\":\"https:\\\/\\\/zeromagazine.mx\\\/index.php\\\/2026\\\/03\\\/10\\\/memorie-zegna-coleccion-fragancias-2026\\\/\",\"name\":\"Memorie de ZEGNA huele a legado - Zero Magazine\",\"isPartOf\":{\"@id\":\"https:\\\/\\\/zeromagazine.mx\\\/#website\"},\"primaryImageOfPage\":{\"@id\":\"https:\\\/\\\/zeromagazine.mx\\\/index.php\\\/2026\\\/03\\\/10\\\/memorie-zegna-coleccion-fragancias-2026\\\/#primaryimage\"},\"image\":{\"@id\":\"https:\\\/\\\/zeromagazine.mx\\\/index.php\\\/2026\\\/03\\\/10\\\/memorie-zegna-coleccion-fragancias-2026\\\/#primaryimage\"},\"thumbnailUrl\":\"https:\\\/\\\/i0.wp.com\\\/zeromagazine.mx\\\/wp-content\\\/uploads\\\/2026\\\/03\\\/IMG_6545-scaled.jpeg?fit=2560%2C1920&ssl=1\",\"datePublished\":\"2026-03-11T00:51:50+00:00\",\"dateModified\":\"2026-03-11T00:51:52+00:00\",\"description\":\"Memorie ZEGNA es la nueva colecci\u00f3n de seis fragancias que transforma la historia de la casa italiana en una experiencia sensorial.\",\"breadcrumb\":{\"@id\":\"https:\\\/\\\/zeromagazine.mx\\\/index.php\\\/2026\\\/03\\\/10\\\/memorie-zegna-coleccion-fragancias-2026\\\/#breadcrumb\"},\"inLanguage\":\"es\",\"potentialAction\":[{\"@type\":\"ReadAction\",\"target\":[\"https:\\\/\\\/zeromagazine.mx\\\/index.php\\\/2026\\\/03\\\/10\\\/memorie-zegna-coleccion-fragancias-2026\\\/\"]}]},{\"@type\":\"ImageObject\",\"inLanguage\":\"es\",\"@id\":\"https:\\\/\\\/zeromagazine.mx\\\/index.php\\\/2026\\\/03\\\/10\\\/memorie-zegna-coleccion-fragancias-2026\\\/#primaryimage\",\"url\":\"https:\\\/\\\/i0.wp.com\\\/zeromagazine.mx\\\/wp-content\\\/uploads\\\/2026\\\/03\\\/IMG_6545-scaled.jpeg?fit=2560%2C1920&ssl=1\",\"contentUrl\":\"https:\\\/\\\/i0.wp.com\\\/zeromagazine.mx\\\/wp-content\\\/uploads\\\/2026\\\/03\\\/IMG_6545-scaled.jpeg?fit=2560%2C1920&ssl=1\",\"width\":2560,\"height\":1920},{\"@type\":\"BreadcrumbList\",\"@id\":\"https:\\\/\\\/zeromagazine.mx\\\/index.php\\\/2026\\\/03\\\/10\\\/memorie-zegna-coleccion-fragancias-2026\\\/#breadcrumb\",\"itemListElement\":[{\"@type\":\"ListItem\",\"position\":1,\"name\":\"Portada\",\"item\":\"https:\\\/\\\/zeromagazine.mx\\\/\"},{\"@type\":\"ListItem\",\"position\":2,\"name\":\"Memorie de ZEGNA huele a legado\"}]},{\"@type\":\"WebSite\",\"@id\":\"https:\\\/\\\/zeromagazine.mx\\\/#website\",\"url\":\"https:\\\/\\\/zeromagazine.mx\\\/\",\"name\":\"Zero Magazine\",\"description\":\"\",\"publisher\":{\"@id\":\"https:\\\/\\\/zeromagazine.mx\\\/#organization\"},\"potentialAction\":[{\"@type\":\"SearchAction\",\"target\":{\"@type\":\"EntryPoint\",\"urlTemplate\":\"https:\\\/\\\/zeromagazine.mx\\\/?s={search_term_string}\"},\"query-input\":{\"@type\":\"PropertyValueSpecification\",\"valueRequired\":true,\"valueName\":\"search_term_string\"}}],\"inLanguage\":\"es\"},{\"@type\":\"Organization\",\"@id\":\"https:\\\/\\\/zeromagazine.mx\\\/#organization\",\"name\":\"Zero Magazine\",\"url\":\"https:\\\/\\\/zeromagazine.mx\\\/\",\"logo\":{\"@type\":\"ImageObject\",\"inLanguage\":\"es\",\"@id\":\"https:\\\/\\\/zeromagazine.mx\\\/#\\\/schema\\\/logo\\\/image\\\/\",\"url\":\"https:\\\/\\\/i0.wp.com\\\/zeromagazine.mx\\\/wp-content\\\/uploads\\\/2025\\\/11\\\/1.jpeg?fit=1000%2C1000&ssl=1\",\"contentUrl\":\"https:\\\/\\\/i0.wp.com\\\/zeromagazine.mx\\\/wp-content\\\/uploads\\\/2025\\\/11\\\/1.jpeg?fit=1000%2C1000&ssl=1\",\"width\":1000,\"height\":1000,\"caption\":\"Zero Magazine\"},\"image\":{\"@id\":\"https:\\\/\\\/zeromagazine.mx\\\/#\\\/schema\\\/logo\\\/image\\\/\"},\"sameAs\":[\"https:\\\/\\\/instagram.com\\\/zeromagazinemx\"]},{\"@type\":\"Person\",\"@id\":\"https:\\\/\\\/zeromagazine.mx\\\/#\\\/schema\\\/person\\\/118d2dc27eca6f07b968c953d12daa6b\",\"name\":\"Luis Trujano\",\"image\":{\"@type\":\"ImageObject\",\"inLanguage\":\"es\",\"@id\":\"https:\\\/\\\/zeromagazine.mx\\\/wp-content\\\/litespeed\\\/avatar\\\/fbd9d1d6aa4d21e2bb5be8b3155046c9.jpg?ver=1776970654\",\"url\":\"https:\\\/\\\/zeromagazine.mx\\\/wp-content\\\/litespeed\\\/avatar\\\/fbd9d1d6aa4d21e2bb5be8b3155046c9.jpg?ver=1776970654\",\"contentUrl\":\"https:\\\/\\\/zeromagazine.mx\\\/wp-content\\\/litespeed\\\/avatar\\\/fbd9d1d6aa4d21e2bb5be8b3155046c9.jpg?ver=1776970654\",\"caption\":\"Luis Trujano\"},\"url\":\"https:\\\/\\\/zeromagazine.mx\\\/index.php\\\/author\\\/luis-trujano\\\/\"}]}<\/script>\n<!-- \/ Yoast SEO plugin. -->","yoast_head_json":{"title":"Memorie de ZEGNA huele a legado - Zero Magazine","description":"Memorie ZEGNA es la nueva colecci\u00f3n de seis fragancias que transforma la historia de la casa italiana en una experiencia sensorial.","robots":{"index":"index","follow":"follow","max-snippet":"max-snippet:-1","max-image-preview":"max-image-preview:large","max-video-preview":"max-video-preview:-1"},"canonical":"https:\/\/zeromagazine.mx\/index.php\/2026\/03\/10\/memorie-zegna-coleccion-fragancias-2026\/","og_locale":"es_ES","og_type":"article","og_title":"Memorie de ZEGNA huele a legado - Zero Magazine","og_description":"Memorie ZEGNA es la nueva colecci\u00f3n de seis fragancias que transforma la historia de la casa italiana en una experiencia sensorial.","og_url":"https:\/\/zeromagazine.mx\/index.php\/2026\/03\/10\/memorie-zegna-coleccion-fragancias-2026\/","og_site_name":"Zero Magazine","article_published_time":"2026-03-11T00:51:50+00:00","article_modified_time":"2026-03-11T00:51:52+00:00","og_image":[{"width":2560,"height":1920,"url":"http:\/\/zeromagazine.mx\/wp-content\/uploads\/2026\/03\/IMG_6545-scaled.jpeg","type":"image\/jpeg"}],"author":"Luis Trujano","twitter_card":"summary_large_image","twitter_misc":{"Escrito por":"Luis Trujano","Tiempo de lectura":"4 minutos"},"schema":{"@context":"https:\/\/schema.org","@graph":[{"@type":"Article","@id":"https:\/\/zeromagazine.mx\/index.php\/2026\/03\/10\/memorie-zegna-coleccion-fragancias-2026\/#article","isPartOf":{"@id":"https:\/\/zeromagazine.mx\/index.php\/2026\/03\/10\/memorie-zegna-coleccion-fragancias-2026\/"},"author":{"name":"Luis Trujano","@id":"https:\/\/zeromagazine.mx\/#\/schema\/person\/118d2dc27eca6f07b968c953d12daa6b"},"headline":"Memorie de ZEGNA huele a legado","datePublished":"2026-03-11T00:51:50+00:00","dateModified":"2026-03-11T00:51:52+00:00","mainEntityOfPage":{"@id":"https:\/\/zeromagazine.mx\/index.php\/2026\/03\/10\/memorie-zegna-coleccion-fragancias-2026\/"},"wordCount":598,"commentCount":0,"publisher":{"@id":"https:\/\/zeromagazine.mx\/#organization"},"image":{"@id":"https:\/\/zeromagazine.mx\/index.php\/2026\/03\/10\/memorie-zegna-coleccion-fragancias-2026\/#primaryimage"},"thumbnailUrl":"https:\/\/i0.wp.com\/zeromagazine.mx\/wp-content\/uploads\/2026\/03\/IMG_6545-scaled.jpeg?fit=2560%2C1920&ssl=1","articleSection":["Beauty"],"inLanguage":"es","potentialAction":[{"@type":"CommentAction","name":"Comment","target":["https:\/\/zeromagazine.mx\/index.php\/2026\/03\/10\/memorie-zegna-coleccion-fragancias-2026\/#respond"]}]},{"@type":"WebPage","@id":"https:\/\/zeromagazine.mx\/index.php\/2026\/03\/10\/memorie-zegna-coleccion-fragancias-2026\/","url":"https:\/\/zeromagazine.mx\/index.php\/2026\/03\/10\/memorie-zegna-coleccion-fragancias-2026\/","name":"Memorie de ZEGNA huele a legado - Zero Magazine","isPartOf":{"@id":"https:\/\/zeromagazine.mx\/#website"},"primaryImageOfPage":{"@id":"https:\/\/zeromagazine.mx\/index.php\/2026\/03\/10\/memorie-zegna-coleccion-fragancias-2026\/#primaryimage"},"image":{"@id":"https:\/\/zeromagazine.mx\/index.php\/2026\/03\/10\/memorie-zegna-coleccion-fragancias-2026\/#primaryimage"},"thumbnailUrl":"https:\/\/i0.wp.com\/zeromagazine.mx\/wp-content\/uploads\/2026\/03\/IMG_6545-scaled.jpeg?fit=2560%2C1920&ssl=1","datePublished":"2026-03-11T00:51:50+00:00","dateModified":"2026-03-11T00:51:52+00:00","description":"Memorie ZEGNA es la nueva colecci\u00f3n de seis fragancias que transforma la historia de la casa italiana en una experiencia sensorial.","breadcrumb":{"@id":"https:\/\/zeromagazine.mx\/index.php\/2026\/03\/10\/memorie-zegna-coleccion-fragancias-2026\/#breadcrumb"},"inLanguage":"es","potentialAction":[{"@type":"ReadAction","target":["https:\/\/zeromagazine.mx\/index.php\/2026\/03\/10\/memorie-zegna-coleccion-fragancias-2026\/"]}]},{"@type":"ImageObject","inLanguage":"es","@id":"https:\/\/zeromagazine.mx\/index.php\/2026\/03\/10\/memorie-zegna-coleccion-fragancias-2026\/#primaryimage","url":"https:\/\/i0.wp.com\/zeromagazine.mx\/wp-content\/uploads\/2026\/03\/IMG_6545-scaled.jpeg?fit=2560%2C1920&ssl=1","contentUrl":"https:\/\/i0.wp.com\/zeromagazine.mx\/wp-content\/uploads\/2026\/03\/IMG_6545-scaled.jpeg?fit=2560%2C1920&ssl=1","width":2560,"height":1920},{"@type":"BreadcrumbList","@id":"https:\/\/zeromagazine.mx\/index.php\/2026\/03\/10\/memorie-zegna-coleccion-fragancias-2026\/#breadcrumb","itemListElement":[{"@type":"ListItem","position":1,"name":"Portada","item":"https:\/\/zeromagazine.mx\/"},{"@type":"ListItem","position":2,"name":"Memorie de ZEGNA huele a legado"}]},{"@type":"WebSite","@id":"https:\/\/zeromagazine.mx\/#website","url":"https:\/\/zeromagazine.mx\/","name":"Zero Magazine","description":"","publisher":{"@id":"https:\/\/zeromagazine.mx\/#organization"},"potentialAction":[{"@type":"SearchAction","target":{"@type":"EntryPoint","urlTemplate":"https:\/\/zeromagazine.mx\/?s={search_term_string}"},"query-input":{"@type":"PropertyValueSpecification","valueRequired":true,"valueName":"search_term_string"}}],"inLanguage":"es"},{"@type":"Organization","@id":"https:\/\/zeromagazine.mx\/#organization","name":"Zero Magazine","url":"https:\/\/zeromagazine.mx\/","logo":{"@type":"ImageObject","inLanguage":"es","@id":"https:\/\/zeromagazine.mx\/#\/schema\/logo\/image\/","url":"https:\/\/i0.wp.com\/zeromagazine.mx\/wp-content\/uploads\/2025\/11\/1.jpeg?fit=1000%2C1000&ssl=1","contentUrl":"https:\/\/i0.wp.com\/zeromagazine.mx\/wp-content\/uploads\/2025\/11\/1.jpeg?fit=1000%2C1000&ssl=1","width":1000,"height":1000,"caption":"Zero Magazine"},"image":{"@id":"https:\/\/zeromagazine.mx\/#\/schema\/logo\/image\/"},"sameAs":["https:\/\/instagram.com\/zeromagazinemx"]},{"@type":"Person","@id":"https:\/\/zeromagazine.mx\/#\/schema\/person\/118d2dc27eca6f07b968c953d12daa6b","name":"Luis Trujano","image":{"@type":"ImageObject","inLanguage":"es","@id":"https:\/\/zeromagazine.mx\/wp-content\/litespeed\/avatar\/fbd9d1d6aa4d21e2bb5be8b3155046c9.jpg?ver=1776970654","url":"https:\/\/zeromagazine.mx\/wp-content\/litespeed\/avatar\/fbd9d1d6aa4d21e2bb5be8b3155046c9.jpg?ver=1776970654","contentUrl":"https:\/\/zeromagazine.mx\/wp-content\/litespeed\/avatar\/fbd9d1d6aa4d21e2bb5be8b3155046c9.jpg?ver=1776970654","caption":"Luis Trujano"},"url":"https:\/\/zeromagazine.mx\/index.php\/author\/luis-trujano\/"}]}},"jetpack_publicize_connections":[],"jetpack_featured_media_url":"https:\/\/i0.wp.com\/zeromagazine.mx\/wp-content\/uploads\/2026\/03\/IMG_6545-scaled.jpeg?fit=2560%2C1920&ssl=1","jetpack-related-posts":[{"id":83247,"url":"https:\/\/zeromagazine.mx\/index.php\/2024\/09\/05\/lujo-invernal-con-zegna-vibes\/","url_meta":{"origin":116498,"position":0},"title":"\u00abLujo Invernal con ZEGNA Vibes\u00bb","author":"zeromagazinemx","date":"5 de septiembre de 2024","format":false,"excerpt":"\u00a1Hola a tod@s! D\u00e9jame contarte un poco sobre la moda masculina m\u00e1s incre\u00edble del momento.\u00a0ZEGNA FW24\u00a0no es solo otra colecci\u00f3n; es un viaje hacia las ra\u00edces de la marca, donde\u00a0Mads Mikkelsen\u00a0y\u00a0Wu Lei\u00a0te llevan de paseo por\u00a0Oasi Zegna, el coraz\u00f3n de todo lo que representa este ic\u00f3nico nombre en la moda\u2026","rel":"","context":"En \u00abModa\u00bb","block_context":{"text":"Moda","link":"https:\/\/zeromagazine.mx\/index.php\/category\/moda\/"},"img":{"alt_text":"","src":"https:\/\/i0.wp.com\/zeromagazine.mx\/wp-content\/uploads\/2024\/09\/ZEGNA-HERO-6_ADV-CAMPAIGN_WU-LEI.jpg?fit=1200%2C838&ssl=1&resize=350%2C200","width":350,"height":200,"srcset":"https:\/\/i0.wp.com\/zeromagazine.mx\/wp-content\/uploads\/2024\/09\/ZEGNA-HERO-6_ADV-CAMPAIGN_WU-LEI.jpg?fit=1200%2C838&ssl=1&resize=350%2C200 1x, https:\/\/i0.wp.com\/zeromagazine.mx\/wp-content\/uploads\/2024\/09\/ZEGNA-HERO-6_ADV-CAMPAIGN_WU-LEI.jpg?fit=1200%2C838&ssl=1&resize=525%2C300 1.5x, https:\/\/i0.wp.com\/zeromagazine.mx\/wp-content\/uploads\/2024\/09\/ZEGNA-HERO-6_ADV-CAMPAIGN_WU-LEI.jpg?fit=1200%2C838&ssl=1&resize=700%2C400 2x, https:\/\/i0.wp.com\/zeromagazine.mx\/wp-content\/uploads\/2024\/09\/ZEGNA-HERO-6_ADV-CAMPAIGN_WU-LEI.jpg?fit=1200%2C838&ssl=1&resize=1050%2C600 3x"},"classes":[]},{"id":95822,"url":"https:\/\/zeromagazine.mx\/index.php\/2025\/02\/09\/zegna-elegancia-monocromatica\/","url_meta":{"origin":116498,"position":1},"title":"ZEGNA: Elegancia monocrom\u00e1tica","author":"David Morales","date":"9 de febrero de 2025","format":false,"excerpt":"Alessandro Sartori lo hizo de nuevo, amix. Para la temporada Fall\/Winter 2025, el director creativo de ZEGNA nos regala una propuesta que equilibra lo cl\u00e1sico con lo inesperado. Su visi\u00f3n monocrom\u00e1tica no es solo una elecci\u00f3n est\u00e9tica, sino una declaraci\u00f3n de estilo que redefine la elegancia contempor\u00e1nea. Minimalismo ZEGNA Para\u2026","rel":"","context":"En \u00abModa\u00bb","block_context":{"text":"Moda","link":"https:\/\/zeromagazine.mx\/index.php\/category\/moda\/"},"img":{"alt_text":"","src":"https:\/\/i0.wp.com\/zeromagazine.mx\/wp-content\/uploads\/2025\/02\/Zegna-Winter-25-Look-08.jpg?fit=960%2C1200&ssl=1&resize=350%2C200","width":350,"height":200,"srcset":"https:\/\/i0.wp.com\/zeromagazine.mx\/wp-content\/uploads\/2025\/02\/Zegna-Winter-25-Look-08.jpg?fit=960%2C1200&ssl=1&resize=350%2C200 1x, https:\/\/i0.wp.com\/zeromagazine.mx\/wp-content\/uploads\/2025\/02\/Zegna-Winter-25-Look-08.jpg?fit=960%2C1200&ssl=1&resize=525%2C300 1.5x, https:\/\/i0.wp.com\/zeromagazine.mx\/wp-content\/uploads\/2025\/02\/Zegna-Winter-25-Look-08.jpg?fit=960%2C1200&ssl=1&resize=700%2C400 2x"},"classes":[]},{"id":98820,"url":"https:\/\/zeromagazine.mx\/index.php\/2025\/03\/18\/primavera-al-estilo-zegna\/","url_meta":{"origin":116498,"position":2},"title":"Primavera Al Estilo ZEGNA","author":"David Morales","date":"18 de marzo de 2025","format":false,"excerpt":"Amix, ZEGNA nos traer una moda de primavera que redefine lo cl\u00e1sico sin perder sofisticaci\u00f3n; pues la marca celebra la temporada con una nueva colecci\u00f3n, compuesta por prendas artesanales que capturan la esencia del lujo discreto. As\u00ed que, si buscas un estilo que nunca falla con piezas atemporales y vers\u00e1tiles,\u2026","rel":"","context":"En \u00abModa\u00bb","block_context":{"text":"Moda","link":"https:\/\/zeromagazine.mx\/index.php\/category\/moda\/"},"img":{"alt_text":"","src":"https:\/\/i0.wp.com\/zeromagazine.mx\/wp-content\/uploads\/2025\/03\/UFH92A9-143-100-D.jpg?fit=900%2C1200&ssl=1&resize=350%2C200","width":350,"height":200,"srcset":"https:\/\/i0.wp.com\/zeromagazine.mx\/wp-content\/uploads\/2025\/03\/UFH92A9-143-100-D.jpg?fit=900%2C1200&ssl=1&resize=350%2C200 1x, https:\/\/i0.wp.com\/zeromagazine.mx\/wp-content\/uploads\/2025\/03\/UFH92A9-143-100-D.jpg?fit=900%2C1200&ssl=1&resize=525%2C300 1.5x, https:\/\/i0.wp.com\/zeromagazine.mx\/wp-content\/uploads\/2025\/03\/UFH92A9-143-100-D.jpg?fit=900%2C1200&ssl=1&resize=700%2C400 2x"},"classes":[]},{"id":113672,"url":"https:\/\/zeromagazine.mx\/index.php\/2026\/01\/18\/zegna-fw26-closet-familiar\/","url_meta":{"origin":116498,"position":3},"title":"ZEGNA FW26 y la herencia","author":"Luis Trujano","date":"18 de enero de 2026","format":false,"excerpt":"Hay colecciones que se miran y otras que se sienten. ZEGNA FW26 pertenece a esa segunda categor\u00eda: no se trata solo de ropa, sino de memoria, tiempo y v\u00ednculos que se construyen a trav\u00e9s del acto de vestir. Esta propuesta parte de una idea poderosa y profundamente humana: el cl\u00f3set\u2026","rel":"","context":"En \u00abModa\u00bb","block_context":{"text":"Moda","link":"https:\/\/zeromagazine.mx\/index.php\/category\/moda\/"},"img":{"alt_text":"","src":"https:\/\/i0.wp.com\/zeromagazine.mx\/wp-content\/uploads\/2026\/01\/IMG_6350.png?fit=1200%2C1179&ssl=1&resize=350%2C200","width":350,"height":200,"srcset":"https:\/\/i0.wp.com\/zeromagazine.mx\/wp-content\/uploads\/2026\/01\/IMG_6350.png?fit=1200%2C1179&ssl=1&resize=350%2C200 1x, https:\/\/i0.wp.com\/zeromagazine.mx\/wp-content\/uploads\/2026\/01\/IMG_6350.png?fit=1200%2C1179&ssl=1&resize=525%2C300 1.5x, https:\/\/i0.wp.com\/zeromagazine.mx\/wp-content\/uploads\/2026\/01\/IMG_6350.png?fit=1200%2C1179&ssl=1&resize=700%2C400 2x, https:\/\/i0.wp.com\/zeromagazine.mx\/wp-content\/uploads\/2026\/01\/IMG_6350.png?fit=1200%2C1179&ssl=1&resize=1050%2C600 3x"},"classes":[]},{"id":83682,"url":"https:\/\/zeromagazine.mx\/index.php\/2024\/09\/11\/villa-zegna-nycs-fashion-immersion\/","url_meta":{"origin":116498,"position":4},"title":"VILLA ZEGNA: NYC\u2019s Fashion Immersion","author":"zeromagazinemx","date":"11 de septiembre de 2024","format":false,"excerpt":"\u00a1Holaaa Fashionistas! Si est\u00e1n buscando la \u00faltima novedad en el mundo del lujo y la moda, prep\u00e1rense para lo que ZEGNA est\u00e1 lanzando en la Gran Manzana. La ic\u00f3nica marca de moda italiana est\u00e1 llevando su experiencia \u201cVILLA ZEGNA\u201d a Nueva York, y cr\u00e9anme, no querr\u00e1n perderse esto. \u00bfListxs para\u2026","rel":"","context":"En \u00abEntretenimiento\u00bb","block_context":{"text":"Entretenimiento","link":"https:\/\/zeromagazine.mx\/index.php\/category\/entretenimiento\/"},"img":{"alt_text":"","src":"https:\/\/i0.wp.com\/zeromagazine.mx\/wp-content\/uploads\/2024\/09\/VILLA-ZEGNA-NYC_ELEVATOR.jpg?fit=1200%2C675&ssl=1&resize=350%2C200","width":350,"height":200,"srcset":"https:\/\/i0.wp.com\/zeromagazine.mx\/wp-content\/uploads\/2024\/09\/VILLA-ZEGNA-NYC_ELEVATOR.jpg?fit=1200%2C675&ssl=1&resize=350%2C200 1x, https:\/\/i0.wp.com\/zeromagazine.mx\/wp-content\/uploads\/2024\/09\/VILLA-ZEGNA-NYC_ELEVATOR.jpg?fit=1200%2C675&ssl=1&resize=525%2C300 1.5x, https:\/\/i0.wp.com\/zeromagazine.mx\/wp-content\/uploads\/2024\/09\/VILLA-ZEGNA-NYC_ELEVATOR.jpg?fit=1200%2C675&ssl=1&resize=700%2C400 2x, https:\/\/i0.wp.com\/zeromagazine.mx\/wp-content\/uploads\/2024\/09\/VILLA-ZEGNA-NYC_ELEVATOR.jpg?fit=1200%2C675&ssl=1&resize=1050%2C600 3x"},"classes":[]},{"id":93106,"url":"https:\/\/zeromagazine.mx\/index.php\/2024\/12\/13\/zegna-pequenos-lujos\/","url_meta":{"origin":116498,"position":5},"title":"Zegna Peque\u00f1os Lujos","author":"zeromagazinemx","date":"13 de diciembre de 2024","format":false,"excerpt":"Peque\u00f1os Lujos Zegna Amix, peque\u00f1os lujos Zegna tiene para ti La temporada de fiestas siempre est\u00e1 llena de magia, pero lo que realmente marca la diferencia son esos peque\u00f1os detalles que hacen que todo se sienta m\u00e1s especial. Este a\u00f1o, Zegna ha lanzado una selecci\u00f3n exclusiva de\u00a0Peque\u00f1os Lujos, dise\u00f1ados para\u2026","rel":"","context":"En \u00abModa\u00bb","block_context":{"text":"Moda","link":"https:\/\/zeromagazine.mx\/index.php\/category\/moda\/"},"img":{"alt_text":"","src":"https:\/\/i0.wp.com\/zeromagazine.mx\/wp-content\/uploads\/2024\/12\/EZ0252-5147E-F.jpg?fit=900%2C1200&ssl=1&resize=350%2C200","width":350,"height":200,"srcset":"https:\/\/i0.wp.com\/zeromagazine.mx\/wp-content\/uploads\/2024\/12\/EZ0252-5147E-F.jpg?fit=900%2C1200&ssl=1&resize=350%2C200 1x, https:\/\/i0.wp.com\/zeromagazine.mx\/wp-content\/uploads\/2024\/12\/EZ0252-5147E-F.jpg?fit=900%2C1200&ssl=1&resize=525%2C300 1.5x, https:\/\/i0.wp.com\/zeromagazine.mx\/wp-content\/uploads\/2024\/12\/EZ0252-5147E-F.jpg?fit=900%2C1200&ssl=1&resize=700%2C400 2x"},"classes":[]}],"jetpack_sharing_enabled":true,"builder_content":"","_links":{"self":[{"href":"https:\/\/zeromagazine.mx\/index.php\/wp-json\/wp\/v2\/posts\/116498","targetHints":{"allow":["GET"]}}],"collection":[{"href":"https:\/\/zeromagazine.mx\/index.php\/wp-json\/wp\/v2\/posts"}],"about":[{"href":"https:\/\/zeromagazine.mx\/index.php\/wp-json\/wp\/v2\/types\/post"}],"author":[{"embeddable":true,"href":"https:\/\/zeromagazine.mx\/index.php\/wp-json\/wp\/v2\/users\/6"}],"replies":[{"embeddable":true,"href":"https:\/\/zeromagazine.mx\/index.php\/wp-json\/wp\/v2\/comments?post=116498"}],"version-history":[{"count":1,"href":"https:\/\/zeromagazine.mx\/index.php\/wp-json\/wp\/v2\/posts\/116498\/revisions"}],"predecessor-version":[{"id":116502,"href":"https:\/\/zeromagazine.mx\/index.php\/wp-json\/wp\/v2\/posts\/116498\/revisions\/116502"}],"wp:featuredmedia":[{"embeddable":true,"href":"https:\/\/zeromagazine.mx\/index.php\/wp-json\/wp\/v2\/media\/116500"}],"wp:attachment":[{"href":"https:\/\/zeromagazine.mx\/index.php\/wp-json\/wp\/v2\/media?parent=116498"}],"wp:term":[{"taxonomy":"category","embeddable":true,"href":"https:\/\/zeromagazine.mx\/index.php\/wp-json\/wp\/v2\/categories?post=116498"},{"taxonomy":"post_tag","embeddable":true,"href":"https:\/\/zeromagazine.mx\/index.php\/wp-json\/wp\/v2\/tags?post=116498"}],"curies":[{"name":"wp","href":"https:\/\/api.w.org\/{rel}","templated":true}]}}