{"id":116503,"date":"2026-03-10T18:54:54","date_gmt":"2026-03-11T00:54:54","guid":{"rendered":"https:\/\/zeromagazine.mx\/?p=116503"},"modified":"2026-03-10T18:54:54","modified_gmt":"2026-03-11T00:54:54","slug":"tacon-choc-roger-vivier-coleccion-2026","status":"publish","type":"post","link":"https:\/\/zeromagazine.mx\/index.php\/2026\/03\/10\/tacon-choc-roger-vivier-coleccion-2026\/","title":{"rendered":"Tac\u00f3n Choc redefine la seducci\u00f3n"},"content":{"rendered":"<!--themify_builder_content-->\n<div id=\"themify_builder_content-116503\" data-postid=\"116503\" class=\"themify_builder_content themify_builder_content-116503 themify_builder tf_clear\">\n    <\/div>\n<!--\/themify_builder_content-->\n\n\n<p>La moda siempre ha tenido una relaci\u00f3n especial con la arquitectura. L\u00edneas, equilibrio, estructura\u2026 todo forma parte de c\u00f3mo una prenda o accesorio puede transformar una silueta. Y esta temporada, el tac\u00f3n Choc vuelve a demostrar por qu\u00e9 es uno de los dise\u00f1os m\u00e1s fascinantes del calzado de lujo.<\/p>\n\n\n\n<p>Para la colecci\u00f3n Oto\u00f1o\u2013Invierno 2026\/27, <a href=\"\/\/generic-entity?number=0\">Roger Vivier<\/a> coloca este ic\u00f3nico tac\u00f3n en el centro de su narrativa creativa. La propuesta, titulada \u201cCHOC: L\u2019Architecture de la S\u00e9duction\u201d, explora una idea muy clara: la sensualidad como una decisi\u00f3n consciente, fuerte y completamente propia.<\/p>\n\n\n\n<figure class=\"wp-block-image size-full\"><img data-recalc-dims=\"1\" decoding=\"async\" width=\"1165\" height=\"655\" src=\"https:\/\/i0.wp.com\/zeromagazine.mx\/wp-content\/uploads\/2026\/03\/IMG_6549-scaled.jpeg?resize=1165%2C655&#038;ssl=1\" alt=\"\" class=\"wp-image-116504\" srcset=\"https:\/\/i0.wp.com\/zeromagazine.mx\/wp-content\/uploads\/2026\/03\/IMG_6549-scaled.jpeg?w=2560&amp;ssl=1 2560w, https:\/\/i0.wp.com\/zeromagazine.mx\/wp-content\/uploads\/2026\/03\/IMG_6549-scaled.jpeg?resize=300%2C169&amp;ssl=1 300w, https:\/\/i0.wp.com\/zeromagazine.mx\/wp-content\/uploads\/2026\/03\/IMG_6549-scaled.jpeg?resize=1024%2C576&amp;ssl=1 1024w, https:\/\/i0.wp.com\/zeromagazine.mx\/wp-content\/uploads\/2026\/03\/IMG_6549-scaled.jpeg?resize=768%2C432&amp;ssl=1 768w, https:\/\/i0.wp.com\/zeromagazine.mx\/wp-content\/uploads\/2026\/03\/IMG_6549-scaled.jpeg?resize=1536%2C864&amp;ssl=1 1536w, https:\/\/i0.wp.com\/zeromagazine.mx\/wp-content\/uploads\/2026\/03\/IMG_6549-scaled.jpeg?resize=2048%2C1152&amp;ssl=1 2048w, https:\/\/i0.wp.com\/zeromagazine.mx\/wp-content\/uploads\/2026\/03\/IMG_6549-scaled.jpeg?w=2330 2330w\" sizes=\"(max-width: 1165px) 100vw, 1165px\" \/><\/figure>\n\n\n\n<p>Lejos de ser solo un detalle est\u00e9tico, el tac\u00f3n Choc representa una visi\u00f3n m\u00e1s compleja de la feminidad. Una que no se basa en fragilidad, sino en control, actitud y presencia.<\/p>\n\n\n\n<p><strong>Tac\u00f3n Choc redefine el poder femenino<\/strong><\/p>\n\n\n\n<p>El tac\u00f3n Choc no es un dise\u00f1o nuevo. De hecho, fue creado originalmente en 1959 por <a href=\"\/\/generic-entity?number=1\">Roger Vivier<\/a>, uno de los dise\u00f1adores de calzado m\u00e1s influyentes del siglo XX.<\/p>\n\n\n\n<p>Sin embargo, incluso d\u00e9cadas despu\u00e9s de su creaci\u00f3n, sigue sinti\u00e9ndose sorprendentemente moderno. Su forma c\u00f3ncava \u2014que parece inclinarse hacia adentro\u2014 genera una ilusi\u00f3n visual de inestabilidad. Pero en realidad ofrece una estructura s\u00f3lida y equilibrada.<\/p>\n\n\n\n<figure class=\"wp-block-image size-full\"><img data-recalc-dims=\"1\" decoding=\"async\" width=\"1165\" height=\"662\" src=\"https:\/\/i0.wp.com\/zeromagazine.mx\/wp-content\/uploads\/2026\/03\/IMG_6547-scaled.jpeg?resize=1165%2C662&#038;ssl=1\" alt=\"\" class=\"wp-image-116505\" srcset=\"https:\/\/i0.wp.com\/zeromagazine.mx\/wp-content\/uploads\/2026\/03\/IMG_6547-scaled.jpeg?w=2560&amp;ssl=1 2560w, https:\/\/i0.wp.com\/zeromagazine.mx\/wp-content\/uploads\/2026\/03\/IMG_6547-scaled.jpeg?resize=300%2C171&amp;ssl=1 300w, https:\/\/i0.wp.com\/zeromagazine.mx\/wp-content\/uploads\/2026\/03\/IMG_6547-scaled.jpeg?resize=1024%2C582&amp;ssl=1 1024w, https:\/\/i0.wp.com\/zeromagazine.mx\/wp-content\/uploads\/2026\/03\/IMG_6547-scaled.jpeg?resize=768%2C437&amp;ssl=1 768w, https:\/\/i0.wp.com\/zeromagazine.mx\/wp-content\/uploads\/2026\/03\/IMG_6547-scaled.jpeg?resize=1536%2C873&amp;ssl=1 1536w, https:\/\/i0.wp.com\/zeromagazine.mx\/wp-content\/uploads\/2026\/03\/IMG_6547-scaled.jpeg?resize=2048%2C1164&amp;ssl=1 2048w, https:\/\/i0.wp.com\/zeromagazine.mx\/wp-content\/uploads\/2026\/03\/IMG_6547-scaled.jpeg?w=2330 2330w\" sizes=\"(max-width: 1165px) 100vw, 1165px\" \/><\/figure>\n\n\n\n<p>Adem\u00e1s, esta dualidad es exactamente lo que hace que el tac\u00f3n Choc sea tan interesante. Parece delicado, pero es fuerte. Se ve inesperado, pero funciona perfectamente. Y esa tensi\u00f3n entre apariencia y realidad refleja la manera en que la moda contempor\u00e1nea redefine la feminidad.<\/p>\n\n\n\n<p>Mientras tanto, bajo la direcci\u00f3n creativa de <a href=\"\/\/generic-entity?number=2\">Gherardo Felloni<\/a>, la maison ha reinterpretado este dise\u00f1o hist\u00f3rico con una mirada actual que mezcla elegancia cl\u00e1sica con una energ\u00eda m\u00e1s audaz.<\/p>\n\n\n\n<p><strong>Tac\u00f3n Choc domina la colecci\u00f3n<\/strong><\/p>\n\n\n\n<p>En la colecci\u00f3n Oto\u00f1o\u2013Invierno 2026\/27, el tac\u00f3n Choc aparece en m\u00faltiples versiones que exploran distintas facetas del estilo parisino.<\/p>\n\n\n\n<p>Por ejemplo, los botines minimalistas en napa negra destacan por sus l\u00edneas limpias y su est\u00e9tica casi arquitect\u00f3nica. Son piezas que transmiten autoridad sin necesidad de exagerar los detalles.<\/p>\n\n\n\n<p>Adem\u00e1s, los pumps decorados con lazos met\u00e1licos y cristales reinterpretan un s\u00edmbolo tradicionalmente suave de la feminidad. Aqu\u00ed, los adornos no buscan fragilidad, sino fuerza visual, casi como si fueran una armadura elegante.<\/p>\n\n\n\n<figure class=\"wp-block-image size-full\"><img data-recalc-dims=\"1\" decoding=\"async\" width=\"1165\" height=\"655\" src=\"https:\/\/i0.wp.com\/zeromagazine.mx\/wp-content\/uploads\/2026\/03\/IMG_6548-scaled.jpeg?resize=1165%2C655&#038;ssl=1\" alt=\"\" class=\"wp-image-116506\" srcset=\"https:\/\/i0.wp.com\/zeromagazine.mx\/wp-content\/uploads\/2026\/03\/IMG_6548-scaled.jpeg?w=2560&amp;ssl=1 2560w, https:\/\/i0.wp.com\/zeromagazine.mx\/wp-content\/uploads\/2026\/03\/IMG_6548-scaled.jpeg?resize=300%2C169&amp;ssl=1 300w, https:\/\/i0.wp.com\/zeromagazine.mx\/wp-content\/uploads\/2026\/03\/IMG_6548-scaled.jpeg?resize=1024%2C576&amp;ssl=1 1024w, https:\/\/i0.wp.com\/zeromagazine.mx\/wp-content\/uploads\/2026\/03\/IMG_6548-scaled.jpeg?resize=768%2C432&amp;ssl=1 768w, https:\/\/i0.wp.com\/zeromagazine.mx\/wp-content\/uploads\/2026\/03\/IMG_6548-scaled.jpeg?resize=1536%2C864&amp;ssl=1 1536w, https:\/\/i0.wp.com\/zeromagazine.mx\/wp-content\/uploads\/2026\/03\/IMG_6548-scaled.jpeg?resize=2048%2C1152&amp;ssl=1 2048w, https:\/\/i0.wp.com\/zeromagazine.mx\/wp-content\/uploads\/2026\/03\/IMG_6548-scaled.jpeg?w=2330 2330w\" sizes=\"(max-width: 1165px) 100vw, 1165px\" \/><\/figure>\n\n\n\n<p>Por otro lado, las botas por encima de la rodilla regresan con una presencia poderosa. Inspiradas en la figura de la amazona moderna, estas cuissardes estilizan la silueta mientras proyectan una sensaci\u00f3n de independencia total.<\/p>\n\n\n\n<p>Mientras tanto, la colecci\u00f3n tambi\u00e9n revisita uno de los \u00edconos m\u00e1s reconocibles de la casa: el <a href=\"\/\/generic-entity?number=3\">Belle Vivier<\/a>, que aparece en nuevas versiones de slingbacks y accesorios que mantienen la precisi\u00f3n geom\u00e9trica caracter\u00edstica de su hebilla.<\/p>\n\n\n\n<p>Finalmente, la l\u00ednea <a href=\"\/\/generic-entity?number=4\">Rose Vivier<\/a> introduce un bolso completamente nuevo donde la artesan\u00eda se convierte casi en escultura. Cada p\u00e9talo de piel es cortado y colocado a mano por artesanos especializados, creando una superficie tridimensional que combina delicadeza y estructura.<\/p>\n\n\n\n<p>En otras palabras, el tac\u00f3n Choc no es solo un elemento de dise\u00f1o dentro de la colecci\u00f3n. Es el s\u00edmbolo de una filosof\u00eda completa: una feminidad que puede ser sensual y poderosa al mismo tiempo.<\/p>\n\n\n\n<p>Porque si algo deja claro esta propuesta es que la seducci\u00f3n no se trata de complacer expectativas\u2026 sino de definirlas por cuenta propia.&nbsp;<\/p>","protected":false},"excerpt":{"rendered":"<p>La moda siempre ha tenido una relaci\u00f3n especial con la arquitectura. L\u00edneas, equilibrio, estructura\u2026 todo forma parte de c\u00f3mo una prenda o accesorio puede transformar una silueta. Y esta temporada, el tac\u00f3n Choc vuelve a demostrar por qu\u00e9 es uno de los dise\u00f1os m\u00e1s fascinantes del calzado de lujo. Para la colecci\u00f3n Oto\u00f1o\u2013Invierno 2026\/27, Roger [&hellip;]<\/p>\n","protected":false},"author":6,"featured_media":116504,"comment_status":"open","ping_status":"open","sticky":false,"template":"","format":"standard","meta":{"_jetpack_memberships_contains_paid_content":false,"footnotes":"","jetpack_publicize_message":"","jetpack_publicize_feature_enabled":true,"jetpack_social_post_already_shared":true,"jetpack_social_options":{"image_generator_settings":{"template":"highway","default_image_id":0,"font":"","enabled":false},"version":2}},"categories":[67],"tags":[],"class_list":["post-116503","post","type-post","status-publish","format-standard","has-post-thumbnail","hentry","category-moda","has-post-title","has-post-date","has-post-category","has-post-tag","has-post-comment","has-post-author",""],"yoast_head":"<!-- This site is optimized with the Yoast SEO plugin v27.4 - https:\/\/yoast.com\/product\/yoast-seo-wordpress\/ -->\n<title>Tac\u00f3n Choc redefine la seducci\u00f3n - Zero Magazine<\/title>\n<meta name=\"description\" content=\"Tac\u00f3n Choc protagoniza la colecci\u00f3n Oto\u00f1o-Invierno 2026\/27 de Roger Vivier, una visi\u00f3n de feminidad poderosa y arquitectura en el calzado.\" \/>\n<meta name=\"robots\" content=\"index, follow, max-snippet:-1, max-image-preview:large, max-video-preview:-1\" \/>\n<link rel=\"canonical\" href=\"https:\/\/zeromagazine.mx\/index.php\/2026\/03\/10\/tacon-choc-roger-vivier-coleccion-2026\/\" \/>\n<meta property=\"og:locale\" content=\"es_ES\" \/>\n<meta property=\"og:type\" content=\"article\" \/>\n<meta property=\"og:title\" content=\"Tac\u00f3n Choc redefine la seducci\u00f3n - Zero Magazine\" \/>\n<meta property=\"og:description\" content=\"Tac\u00f3n Choc protagoniza la colecci\u00f3n Oto\u00f1o-Invierno 2026\/27 de Roger Vivier, una visi\u00f3n de feminidad poderosa y arquitectura en el calzado.\" \/>\n<meta property=\"og:url\" content=\"https:\/\/zeromagazine.mx\/index.php\/2026\/03\/10\/tacon-choc-roger-vivier-coleccion-2026\/\" \/>\n<meta property=\"og:site_name\" content=\"Zero Magazine\" \/>\n<meta property=\"article:published_time\" content=\"2026-03-11T00:54:54+00:00\" \/>\n<meta property=\"og:image\" content=\"http:\/\/zeromagazine.mx\/wp-content\/uploads\/2026\/03\/IMG_6549-scaled.jpeg\" \/>\n\t<meta property=\"og:image:width\" content=\"2560\" \/>\n\t<meta property=\"og:image:height\" content=\"1440\" \/>\n\t<meta property=\"og:image:type\" content=\"image\/jpeg\" \/>\n<meta name=\"author\" content=\"Luis Trujano\" \/>\n<meta name=\"twitter:card\" content=\"summary_large_image\" \/>\n<meta name=\"twitter:label1\" content=\"Escrito por\" \/>\n\t<meta name=\"twitter:data1\" content=\"Luis Trujano\" \/>\n\t<meta name=\"twitter:label2\" content=\"Tiempo de lectura\" \/>\n\t<meta name=\"twitter:data2\" content=\"4 minutos\" \/>\n<script type=\"application\/ld+json\" class=\"yoast-schema-graph\">{\"@context\":\"https:\\\/\\\/schema.org\",\"@graph\":[{\"@type\":\"Article\",\"@id\":\"https:\\\/\\\/zeromagazine.mx\\\/index.php\\\/2026\\\/03\\\/10\\\/tacon-choc-roger-vivier-coleccion-2026\\\/#article\",\"isPartOf\":{\"@id\":\"https:\\\/\\\/zeromagazine.mx\\\/index.php\\\/2026\\\/03\\\/10\\\/tacon-choc-roger-vivier-coleccion-2026\\\/\"},\"author\":{\"name\":\"Luis Trujano\",\"@id\":\"https:\\\/\\\/zeromagazine.mx\\\/#\\\/schema\\\/person\\\/118d2dc27eca6f07b968c953d12daa6b\"},\"headline\":\"Tac\u00f3n Choc redefine la seducci\u00f3n\",\"datePublished\":\"2026-03-11T00:54:54+00:00\",\"mainEntityOfPage\":{\"@id\":\"https:\\\/\\\/zeromagazine.mx\\\/index.php\\\/2026\\\/03\\\/10\\\/tacon-choc-roger-vivier-coleccion-2026\\\/\"},\"wordCount\":593,\"commentCount\":0,\"publisher\":{\"@id\":\"https:\\\/\\\/zeromagazine.mx\\\/#organization\"},\"image\":{\"@id\":\"https:\\\/\\\/zeromagazine.mx\\\/index.php\\\/2026\\\/03\\\/10\\\/tacon-choc-roger-vivier-coleccion-2026\\\/#primaryimage\"},\"thumbnailUrl\":\"https:\\\/\\\/i0.wp.com\\\/zeromagazine.mx\\\/wp-content\\\/uploads\\\/2026\\\/03\\\/IMG_6549-scaled.jpeg?fit=2560%2C1440&ssl=1\",\"articleSection\":[\"Moda\"],\"inLanguage\":\"es\",\"potentialAction\":[{\"@type\":\"CommentAction\",\"name\":\"Comment\",\"target\":[\"https:\\\/\\\/zeromagazine.mx\\\/index.php\\\/2026\\\/03\\\/10\\\/tacon-choc-roger-vivier-coleccion-2026\\\/#respond\"]}]},{\"@type\":\"WebPage\",\"@id\":\"https:\\\/\\\/zeromagazine.mx\\\/index.php\\\/2026\\\/03\\\/10\\\/tacon-choc-roger-vivier-coleccion-2026\\\/\",\"url\":\"https:\\\/\\\/zeromagazine.mx\\\/index.php\\\/2026\\\/03\\\/10\\\/tacon-choc-roger-vivier-coleccion-2026\\\/\",\"name\":\"Tac\u00f3n Choc redefine la seducci\u00f3n - Zero Magazine\",\"isPartOf\":{\"@id\":\"https:\\\/\\\/zeromagazine.mx\\\/#website\"},\"primaryImageOfPage\":{\"@id\":\"https:\\\/\\\/zeromagazine.mx\\\/index.php\\\/2026\\\/03\\\/10\\\/tacon-choc-roger-vivier-coleccion-2026\\\/#primaryimage\"},\"image\":{\"@id\":\"https:\\\/\\\/zeromagazine.mx\\\/index.php\\\/2026\\\/03\\\/10\\\/tacon-choc-roger-vivier-coleccion-2026\\\/#primaryimage\"},\"thumbnailUrl\":\"https:\\\/\\\/i0.wp.com\\\/zeromagazine.mx\\\/wp-content\\\/uploads\\\/2026\\\/03\\\/IMG_6549-scaled.jpeg?fit=2560%2C1440&ssl=1\",\"datePublished\":\"2026-03-11T00:54:54+00:00\",\"description\":\"Tac\u00f3n Choc protagoniza la colecci\u00f3n Oto\u00f1o-Invierno 2026\\\/27 de Roger Vivier, una visi\u00f3n de feminidad poderosa y arquitectura en el calzado.\",\"breadcrumb\":{\"@id\":\"https:\\\/\\\/zeromagazine.mx\\\/index.php\\\/2026\\\/03\\\/10\\\/tacon-choc-roger-vivier-coleccion-2026\\\/#breadcrumb\"},\"inLanguage\":\"es\",\"potentialAction\":[{\"@type\":\"ReadAction\",\"target\":[\"https:\\\/\\\/zeromagazine.mx\\\/index.php\\\/2026\\\/03\\\/10\\\/tacon-choc-roger-vivier-coleccion-2026\\\/\"]}]},{\"@type\":\"ImageObject\",\"inLanguage\":\"es\",\"@id\":\"https:\\\/\\\/zeromagazine.mx\\\/index.php\\\/2026\\\/03\\\/10\\\/tacon-choc-roger-vivier-coleccion-2026\\\/#primaryimage\",\"url\":\"https:\\\/\\\/i0.wp.com\\\/zeromagazine.mx\\\/wp-content\\\/uploads\\\/2026\\\/03\\\/IMG_6549-scaled.jpeg?fit=2560%2C1440&ssl=1\",\"contentUrl\":\"https:\\\/\\\/i0.wp.com\\\/zeromagazine.mx\\\/wp-content\\\/uploads\\\/2026\\\/03\\\/IMG_6549-scaled.jpeg?fit=2560%2C1440&ssl=1\",\"width\":2560,\"height\":1440},{\"@type\":\"BreadcrumbList\",\"@id\":\"https:\\\/\\\/zeromagazine.mx\\\/index.php\\\/2026\\\/03\\\/10\\\/tacon-choc-roger-vivier-coleccion-2026\\\/#breadcrumb\",\"itemListElement\":[{\"@type\":\"ListItem\",\"position\":1,\"name\":\"Portada\",\"item\":\"https:\\\/\\\/zeromagazine.mx\\\/\"},{\"@type\":\"ListItem\",\"position\":2,\"name\":\"Tac\u00f3n Choc redefine la seducci\u00f3n\"}]},{\"@type\":\"WebSite\",\"@id\":\"https:\\\/\\\/zeromagazine.mx\\\/#website\",\"url\":\"https:\\\/\\\/zeromagazine.mx\\\/\",\"name\":\"Zero Magazine\",\"description\":\"\",\"publisher\":{\"@id\":\"https:\\\/\\\/zeromagazine.mx\\\/#organization\"},\"potentialAction\":[{\"@type\":\"SearchAction\",\"target\":{\"@type\":\"EntryPoint\",\"urlTemplate\":\"https:\\\/\\\/zeromagazine.mx\\\/?s={search_term_string}\"},\"query-input\":{\"@type\":\"PropertyValueSpecification\",\"valueRequired\":true,\"valueName\":\"search_term_string\"}}],\"inLanguage\":\"es\"},{\"@type\":\"Organization\",\"@id\":\"https:\\\/\\\/zeromagazine.mx\\\/#organization\",\"name\":\"Zero Magazine\",\"url\":\"https:\\\/\\\/zeromagazine.mx\\\/\",\"logo\":{\"@type\":\"ImageObject\",\"inLanguage\":\"es\",\"@id\":\"https:\\\/\\\/zeromagazine.mx\\\/#\\\/schema\\\/logo\\\/image\\\/\",\"url\":\"https:\\\/\\\/i0.wp.com\\\/zeromagazine.mx\\\/wp-content\\\/uploads\\\/2025\\\/11\\\/1.jpeg?fit=1000%2C1000&ssl=1\",\"contentUrl\":\"https:\\\/\\\/i0.wp.com\\\/zeromagazine.mx\\\/wp-content\\\/uploads\\\/2025\\\/11\\\/1.jpeg?fit=1000%2C1000&ssl=1\",\"width\":1000,\"height\":1000,\"caption\":\"Zero Magazine\"},\"image\":{\"@id\":\"https:\\\/\\\/zeromagazine.mx\\\/#\\\/schema\\\/logo\\\/image\\\/\"},\"sameAs\":[\"https:\\\/\\\/instagram.com\\\/zeromagazinemx\"]},{\"@type\":\"Person\",\"@id\":\"https:\\\/\\\/zeromagazine.mx\\\/#\\\/schema\\\/person\\\/118d2dc27eca6f07b968c953d12daa6b\",\"name\":\"Luis Trujano\",\"image\":{\"@type\":\"ImageObject\",\"inLanguage\":\"es\",\"@id\":\"https:\\\/\\\/zeromagazine.mx\\\/wp-content\\\/litespeed\\\/avatar\\\/fbd9d1d6aa4d21e2bb5be8b3155046c9.jpg?ver=1776970654\",\"url\":\"https:\\\/\\\/zeromagazine.mx\\\/wp-content\\\/litespeed\\\/avatar\\\/fbd9d1d6aa4d21e2bb5be8b3155046c9.jpg?ver=1776970654\",\"contentUrl\":\"https:\\\/\\\/zeromagazine.mx\\\/wp-content\\\/litespeed\\\/avatar\\\/fbd9d1d6aa4d21e2bb5be8b3155046c9.jpg?ver=1776970654\",\"caption\":\"Luis Trujano\"},\"url\":\"https:\\\/\\\/zeromagazine.mx\\\/index.php\\\/author\\\/luis-trujano\\\/\"}]}<\/script>\n<!-- \/ Yoast SEO plugin. -->","yoast_head_json":{"title":"Tac\u00f3n Choc redefine la seducci\u00f3n - Zero Magazine","description":"Tac\u00f3n Choc protagoniza la colecci\u00f3n Oto\u00f1o-Invierno 2026\/27 de Roger Vivier, una visi\u00f3n de feminidad poderosa y arquitectura en el calzado.","robots":{"index":"index","follow":"follow","max-snippet":"max-snippet:-1","max-image-preview":"max-image-preview:large","max-video-preview":"max-video-preview:-1"},"canonical":"https:\/\/zeromagazine.mx\/index.php\/2026\/03\/10\/tacon-choc-roger-vivier-coleccion-2026\/","og_locale":"es_ES","og_type":"article","og_title":"Tac\u00f3n Choc redefine la seducci\u00f3n - Zero Magazine","og_description":"Tac\u00f3n Choc protagoniza la colecci\u00f3n Oto\u00f1o-Invierno 2026\/27 de Roger Vivier, una visi\u00f3n de feminidad poderosa y arquitectura en el calzado.","og_url":"https:\/\/zeromagazine.mx\/index.php\/2026\/03\/10\/tacon-choc-roger-vivier-coleccion-2026\/","og_site_name":"Zero Magazine","article_published_time":"2026-03-11T00:54:54+00:00","og_image":[{"width":2560,"height":1440,"url":"http:\/\/zeromagazine.mx\/wp-content\/uploads\/2026\/03\/IMG_6549-scaled.jpeg","type":"image\/jpeg"}],"author":"Luis Trujano","twitter_card":"summary_large_image","twitter_misc":{"Escrito por":"Luis Trujano","Tiempo de lectura":"4 minutos"},"schema":{"@context":"https:\/\/schema.org","@graph":[{"@type":"Article","@id":"https:\/\/zeromagazine.mx\/index.php\/2026\/03\/10\/tacon-choc-roger-vivier-coleccion-2026\/#article","isPartOf":{"@id":"https:\/\/zeromagazine.mx\/index.php\/2026\/03\/10\/tacon-choc-roger-vivier-coleccion-2026\/"},"author":{"name":"Luis Trujano","@id":"https:\/\/zeromagazine.mx\/#\/schema\/person\/118d2dc27eca6f07b968c953d12daa6b"},"headline":"Tac\u00f3n Choc redefine la seducci\u00f3n","datePublished":"2026-03-11T00:54:54+00:00","mainEntityOfPage":{"@id":"https:\/\/zeromagazine.mx\/index.php\/2026\/03\/10\/tacon-choc-roger-vivier-coleccion-2026\/"},"wordCount":593,"commentCount":0,"publisher":{"@id":"https:\/\/zeromagazine.mx\/#organization"},"image":{"@id":"https:\/\/zeromagazine.mx\/index.php\/2026\/03\/10\/tacon-choc-roger-vivier-coleccion-2026\/#primaryimage"},"thumbnailUrl":"https:\/\/i0.wp.com\/zeromagazine.mx\/wp-content\/uploads\/2026\/03\/IMG_6549-scaled.jpeg?fit=2560%2C1440&ssl=1","articleSection":["Moda"],"inLanguage":"es","potentialAction":[{"@type":"CommentAction","name":"Comment","target":["https:\/\/zeromagazine.mx\/index.php\/2026\/03\/10\/tacon-choc-roger-vivier-coleccion-2026\/#respond"]}]},{"@type":"WebPage","@id":"https:\/\/zeromagazine.mx\/index.php\/2026\/03\/10\/tacon-choc-roger-vivier-coleccion-2026\/","url":"https:\/\/zeromagazine.mx\/index.php\/2026\/03\/10\/tacon-choc-roger-vivier-coleccion-2026\/","name":"Tac\u00f3n Choc redefine la seducci\u00f3n - Zero Magazine","isPartOf":{"@id":"https:\/\/zeromagazine.mx\/#website"},"primaryImageOfPage":{"@id":"https:\/\/zeromagazine.mx\/index.php\/2026\/03\/10\/tacon-choc-roger-vivier-coleccion-2026\/#primaryimage"},"image":{"@id":"https:\/\/zeromagazine.mx\/index.php\/2026\/03\/10\/tacon-choc-roger-vivier-coleccion-2026\/#primaryimage"},"thumbnailUrl":"https:\/\/i0.wp.com\/zeromagazine.mx\/wp-content\/uploads\/2026\/03\/IMG_6549-scaled.jpeg?fit=2560%2C1440&ssl=1","datePublished":"2026-03-11T00:54:54+00:00","description":"Tac\u00f3n Choc protagoniza la colecci\u00f3n Oto\u00f1o-Invierno 2026\/27 de Roger Vivier, una visi\u00f3n de feminidad poderosa y arquitectura en el calzado.","breadcrumb":{"@id":"https:\/\/zeromagazine.mx\/index.php\/2026\/03\/10\/tacon-choc-roger-vivier-coleccion-2026\/#breadcrumb"},"inLanguage":"es","potentialAction":[{"@type":"ReadAction","target":["https:\/\/zeromagazine.mx\/index.php\/2026\/03\/10\/tacon-choc-roger-vivier-coleccion-2026\/"]}]},{"@type":"ImageObject","inLanguage":"es","@id":"https:\/\/zeromagazine.mx\/index.php\/2026\/03\/10\/tacon-choc-roger-vivier-coleccion-2026\/#primaryimage","url":"https:\/\/i0.wp.com\/zeromagazine.mx\/wp-content\/uploads\/2026\/03\/IMG_6549-scaled.jpeg?fit=2560%2C1440&ssl=1","contentUrl":"https:\/\/i0.wp.com\/zeromagazine.mx\/wp-content\/uploads\/2026\/03\/IMG_6549-scaled.jpeg?fit=2560%2C1440&ssl=1","width":2560,"height":1440},{"@type":"BreadcrumbList","@id":"https:\/\/zeromagazine.mx\/index.php\/2026\/03\/10\/tacon-choc-roger-vivier-coleccion-2026\/#breadcrumb","itemListElement":[{"@type":"ListItem","position":1,"name":"Portada","item":"https:\/\/zeromagazine.mx\/"},{"@type":"ListItem","position":2,"name":"Tac\u00f3n Choc redefine la seducci\u00f3n"}]},{"@type":"WebSite","@id":"https:\/\/zeromagazine.mx\/#website","url":"https:\/\/zeromagazine.mx\/","name":"Zero Magazine","description":"","publisher":{"@id":"https:\/\/zeromagazine.mx\/#organization"},"potentialAction":[{"@type":"SearchAction","target":{"@type":"EntryPoint","urlTemplate":"https:\/\/zeromagazine.mx\/?s={search_term_string}"},"query-input":{"@type":"PropertyValueSpecification","valueRequired":true,"valueName":"search_term_string"}}],"inLanguage":"es"},{"@type":"Organization","@id":"https:\/\/zeromagazine.mx\/#organization","name":"Zero Magazine","url":"https:\/\/zeromagazine.mx\/","logo":{"@type":"ImageObject","inLanguage":"es","@id":"https:\/\/zeromagazine.mx\/#\/schema\/logo\/image\/","url":"https:\/\/i0.wp.com\/zeromagazine.mx\/wp-content\/uploads\/2025\/11\/1.jpeg?fit=1000%2C1000&ssl=1","contentUrl":"https:\/\/i0.wp.com\/zeromagazine.mx\/wp-content\/uploads\/2025\/11\/1.jpeg?fit=1000%2C1000&ssl=1","width":1000,"height":1000,"caption":"Zero Magazine"},"image":{"@id":"https:\/\/zeromagazine.mx\/#\/schema\/logo\/image\/"},"sameAs":["https:\/\/instagram.com\/zeromagazinemx"]},{"@type":"Person","@id":"https:\/\/zeromagazine.mx\/#\/schema\/person\/118d2dc27eca6f07b968c953d12daa6b","name":"Luis Trujano","image":{"@type":"ImageObject","inLanguage":"es","@id":"https:\/\/zeromagazine.mx\/wp-content\/litespeed\/avatar\/fbd9d1d6aa4d21e2bb5be8b3155046c9.jpg?ver=1776970654","url":"https:\/\/zeromagazine.mx\/wp-content\/litespeed\/avatar\/fbd9d1d6aa4d21e2bb5be8b3155046c9.jpg?ver=1776970654","contentUrl":"https:\/\/zeromagazine.mx\/wp-content\/litespeed\/avatar\/fbd9d1d6aa4d21e2bb5be8b3155046c9.jpg?ver=1776970654","caption":"Luis Trujano"},"url":"https:\/\/zeromagazine.mx\/index.php\/author\/luis-trujano\/"}]}},"jetpack_publicize_connections":[],"jetpack_featured_media_url":"https:\/\/i0.wp.com\/zeromagazine.mx\/wp-content\/uploads\/2026\/03\/IMG_6549-scaled.jpeg?fit=2560%2C1440&ssl=1","jetpack-related-posts":[{"id":70630,"url":"https:\/\/zeromagazine.mx\/index.php\/2024\/02\/13\/tacones-de-altura-la-revolucion-estilizada-de-crocs\/","url_meta":{"origin":116503,"position":0},"title":"\u00abTacones de Altura: La Revoluci\u00f3n Estilizada de Crocs\u00bb","author":"David Morales","date":"13 de febrero de 2024","format":false,"excerpt":"\u00bfHan o\u00eddo hablar de la \u00faltima revoluci\u00f3n en el mundo de la moda y la comodidad? \u00a1Crocs est\u00e1 aqu\u00ed para cambiar el juego con su nueva colecci\u00f3n de tacones! S\u00ed, escucharon bien, \u00a1tacones! La marca que sol\u00eda ser conocida por sus c\u00f3modas sandalias ahora est\u00e1 redefiniendo la experiencia de usar\u2026","rel":"","context":"En \u00abBlog\u00bb","block_context":{"text":"Blog","link":"https:\/\/zeromagazine.mx\/index.php\/category\/blog\/"},"img":{"alt_text":"","src":"https:\/\/i0.wp.com\/zeromagazine.mx\/wp-content\/uploads\/2024\/02\/S3_23_Height_Still-Life_209018-6WD_9697-scaled.jpg?resize=350%2C200&ssl=1","width":350,"height":200,"srcset":"https:\/\/i0.wp.com\/zeromagazine.mx\/wp-content\/uploads\/2024\/02\/S3_23_Height_Still-Life_209018-6WD_9697-scaled.jpg?resize=350%2C200&ssl=1 1x, https:\/\/i0.wp.com\/zeromagazine.mx\/wp-content\/uploads\/2024\/02\/S3_23_Height_Still-Life_209018-6WD_9697-scaled.jpg?resize=525%2C300&ssl=1 1.5x, https:\/\/i0.wp.com\/zeromagazine.mx\/wp-content\/uploads\/2024\/02\/S3_23_Height_Still-Life_209018-6WD_9697-scaled.jpg?resize=700%2C400&ssl=1 2x, https:\/\/i0.wp.com\/zeromagazine.mx\/wp-content\/uploads\/2024\/02\/S3_23_Height_Still-Life_209018-6WD_9697-scaled.jpg?resize=1050%2C600&ssl=1 3x, https:\/\/i0.wp.com\/zeromagazine.mx\/wp-content\/uploads\/2024\/02\/S3_23_Height_Still-Life_209018-6WD_9697-scaled.jpg?resize=1400%2C800&ssl=1 4x"},"classes":[]},{"id":56565,"url":"https:\/\/zeromagazine.mx\/index.php\/2021\/10\/22\/sebastian-yatra-presenta-su-nuevo-sencillo-tacones-rojos\/","url_meta":{"origin":116503,"position":1},"title":"SEBASTI\u00c1N YATRA PRESENTA SU NUEVO SENCILLO \u00abTACONES ROJOS\u00bb","author":"zeromagazinemx","date":"22 de octubre de 2021","format":false,"excerpt":"EL VIDEO OFICIAL ES PROTAGONIZADO POR LA ACTRIZ ESPA\u00d1OLA Y ARTISTA MULTIPLATINO CLARA GALLE, FILMADO EN EL PALACIO FERNAN NU\u00d1EZ EN MADRID DE GIRA CON RICKY MARTIN & ENRIQUE IGLESIAS EN NORTEAM\u00c9RICA Por Universal Music Group El talentoso y exitoso Sebasti\u00e1n Yatra (@SebastianYatra), estrena su nuevo sencillo: \u201cTacones Rojos\u201d. Presentado\u2026","rel":"","context":"En \u00abBlog\u00bb","block_context":{"text":"Blog","link":"https:\/\/zeromagazine.mx\/index.php\/category\/blog\/"},"img":{"alt_text":"","src":"https:\/\/i0.wp.com\/zeromagazinemx.wpcomstaging.com\/wp-content\/uploads\/2022\/02\/08cf0-captura-1.png?resize=350%2C200&ssl=1","width":350,"height":200,"srcset":"https:\/\/i0.wp.com\/zeromagazinemx.wpcomstaging.com\/wp-content\/uploads\/2022\/02\/08cf0-captura-1.png?resize=350%2C200&ssl=1 1x, https:\/\/i0.wp.com\/zeromagazinemx.wpcomstaging.com\/wp-content\/uploads\/2022\/02\/08cf0-captura-1.png?resize=525%2C300&ssl=1 1.5x, https:\/\/i0.wp.com\/zeromagazinemx.wpcomstaging.com\/wp-content\/uploads\/2022\/02\/08cf0-captura-1.png?resize=700%2C400&ssl=1 2x"},"classes":[]},{"id":96197,"url":"https:\/\/zeromagazine.mx\/index.php\/2025\/02\/12\/san-valentin-westies\/","url_meta":{"origin":116503,"position":2},"title":"Amor y Estilo Westies","author":"David Morales","date":"12 de febrero de 2025","format":false,"excerpt":"El 14 de febrero est\u00e1 a la vuelta de la esquina, amix, y es el momento perfecto para sacar nuestro lado m\u00e1s fashionista. Ya sea que celebres con tu crush, tu BFF o incluso contigo misme (porque el amor propio es lo m\u00e1s), el outfit que elijas tiene que reflejar\u2026","rel":"","context":"En \u00abModa\u00bb","block_context":{"text":"Moda","link":"https:\/\/zeromagazine.mx\/index.php\/category\/moda\/"},"img":{"alt_text":"","src":"https:\/\/i0.wp.com\/zeromagazine.mx\/wp-content\/uploads\/2025\/02\/125206001520-125306001314_9_RET-scaled.jpg?fit=1200%2C800&ssl=1&resize=350%2C200","width":350,"height":200,"srcset":"https:\/\/i0.wp.com\/zeromagazine.mx\/wp-content\/uploads\/2025\/02\/125206001520-125306001314_9_RET-scaled.jpg?fit=1200%2C800&ssl=1&resize=350%2C200 1x, https:\/\/i0.wp.com\/zeromagazine.mx\/wp-content\/uploads\/2025\/02\/125206001520-125306001314_9_RET-scaled.jpg?fit=1200%2C800&ssl=1&resize=525%2C300 1.5x, https:\/\/i0.wp.com\/zeromagazine.mx\/wp-content\/uploads\/2025\/02\/125206001520-125306001314_9_RET-scaled.jpg?fit=1200%2C800&ssl=1&resize=700%2C400 2x, https:\/\/i0.wp.com\/zeromagazine.mx\/wp-content\/uploads\/2025\/02\/125206001520-125306001314_9_RET-scaled.jpg?fit=1200%2C800&ssl=1&resize=1050%2C600 3x"},"classes":[]},{"id":92307,"url":"https:\/\/zeromagazine.mx\/index.php\/2024\/12\/04\/looks-festivos-con-full-flow-2\/","url_meta":{"origin":116503,"position":3},"title":"\u00abLooks Festivos con Full Flow\u00bb","author":"zeromagazinemx","date":"4 de diciembre de 2024","format":false,"excerpt":"Diciembre est\u00e1 aqu\u00ed y, obvio, ya sabes que es la temporada de cenas, fiestas, intercambios y mil excusas m\u00e1s para armar los looks m\u00e1s incre\u00edbles del a\u00f1o. Pero let\u2019s be real: no se trata de solo usar lentejuelas y colores clich\u00e9; se trata de darle un twist \u00fanico que haga\u2026","rel":"","context":"En \u00abModa\u00bb","block_context":{"text":"Moda","link":"https:\/\/zeromagazine.mx\/index.php\/category\/moda\/"},"img":{"alt_text":"","src":"https:\/\/i0.wp.com\/zeromagazine.mx\/wp-content\/uploads\/2024\/12\/JACKET.webp?fit=1200%2C1167&ssl=1&resize=350%2C200","width":350,"height":200,"srcset":"https:\/\/i0.wp.com\/zeromagazine.mx\/wp-content\/uploads\/2024\/12\/JACKET.webp?fit=1200%2C1167&ssl=1&resize=350%2C200 1x, https:\/\/i0.wp.com\/zeromagazine.mx\/wp-content\/uploads\/2024\/12\/JACKET.webp?fit=1200%2C1167&ssl=1&resize=525%2C300 1.5x, https:\/\/i0.wp.com\/zeromagazine.mx\/wp-content\/uploads\/2024\/12\/JACKET.webp?fit=1200%2C1167&ssl=1&resize=700%2C400 2x, https:\/\/i0.wp.com\/zeromagazine.mx\/wp-content\/uploads\/2024\/12\/JACKET.webp?fit=1200%2C1167&ssl=1&resize=1050%2C600 3x"},"classes":[]},{"id":108132,"url":"https:\/\/zeromagazine.mx\/index.php\/2025\/09\/11\/maison-vivier-paris-inauguracion\/","url_meta":{"origin":116503,"position":4},"title":"Maison Vivier: un nuevo cap\u00edtulo en Par\u00eds","author":"David Morales","date":"11 de septiembre de 2025","format":false,"excerpt":"Hay anuncios que marcan \u00e9poca en el mundo de la moda, y este es uno de ellos:\u00a0Roger Vivier inaugura Maison Vivier, un h\u00f4tel particulier del siglo XVIII situado en Saint-Germain-des-Pr\u00e9s. Como amante del estilo, me emociona ver c\u00f3mo la Maison abre un espacio de 1400 metros cuadrados que no es\u2026","rel":"","context":"En \u00abModa\u00bb","block_context":{"text":"Moda","link":"https:\/\/zeromagazine.mx\/index.php\/category\/moda\/"},"img":{"alt_text":"","src":"https:\/\/i0.wp.com\/zeromagazine.mx\/wp-content\/uploads\/2025\/09\/300dpi_Maison-Vivier_image.jpeg?fit=1200%2C800&ssl=1&resize=350%2C200","width":350,"height":200,"srcset":"https:\/\/i0.wp.com\/zeromagazine.mx\/wp-content\/uploads\/2025\/09\/300dpi_Maison-Vivier_image.jpeg?fit=1200%2C800&ssl=1&resize=350%2C200 1x, https:\/\/i0.wp.com\/zeromagazine.mx\/wp-content\/uploads\/2025\/09\/300dpi_Maison-Vivier_image.jpeg?fit=1200%2C800&ssl=1&resize=525%2C300 1.5x, https:\/\/i0.wp.com\/zeromagazine.mx\/wp-content\/uploads\/2025\/09\/300dpi_Maison-Vivier_image.jpeg?fit=1200%2C800&ssl=1&resize=700%2C400 2x, https:\/\/i0.wp.com\/zeromagazine.mx\/wp-content\/uploads\/2025\/09\/300dpi_Maison-Vivier_image.jpeg?fit=1200%2C800&ssl=1&resize=1050%2C600 3x"},"classes":[]},{"id":114712,"url":"https:\/\/zeromagazine.mx\/index.php\/2026\/02\/02\/roger-vivier-paris-haute-couture\/","url_meta":{"origin":116503,"position":5},"title":"Roger Vivier Par\u00eds: couture ic\u00f3nica viva","author":"Luis Trujano","date":"2 de febrero de 2026","format":false,"excerpt":"Hay momentos en la moda que no se sienten como evento, sino como cap\u00edtulo importante. Eso fue exactamente lo que pas\u00f3 en Par\u00eds cuando Roger Vivier Par\u00eds reuni\u00f3 a su c\u00edrculo creativo para celebrar dos lanzamientos que resumen perfectamente el ADN de la Maison: el libro Heritage and Imagination y\u2026","rel":"","context":"En \u00abModa\u00bb","block_context":{"text":"Moda","link":"https:\/\/zeromagazine.mx\/index.php\/category\/moda\/"},"img":{"alt_text":"","src":"https:\/\/i0.wp.com\/zeromagazine.mx\/wp-content\/uploads\/2026\/02\/IMG_6426-1.png?fit=916%2C782&ssl=1&resize=350%2C200","width":350,"height":200,"srcset":"https:\/\/i0.wp.com\/zeromagazine.mx\/wp-content\/uploads\/2026\/02\/IMG_6426-1.png?fit=916%2C782&ssl=1&resize=350%2C200 1x, https:\/\/i0.wp.com\/zeromagazine.mx\/wp-content\/uploads\/2026\/02\/IMG_6426-1.png?fit=916%2C782&ssl=1&resize=525%2C300 1.5x, https:\/\/i0.wp.com\/zeromagazine.mx\/wp-content\/uploads\/2026\/02\/IMG_6426-1.png?fit=916%2C782&ssl=1&resize=700%2C400 2x"},"classes":[]}],"jetpack_sharing_enabled":true,"builder_content":"","_links":{"self":[{"href":"https:\/\/zeromagazine.mx\/index.php\/wp-json\/wp\/v2\/posts\/116503","targetHints":{"allow":["GET"]}}],"collection":[{"href":"https:\/\/zeromagazine.mx\/index.php\/wp-json\/wp\/v2\/posts"}],"about":[{"href":"https:\/\/zeromagazine.mx\/index.php\/wp-json\/wp\/v2\/types\/post"}],"author":[{"embeddable":true,"href":"https:\/\/zeromagazine.mx\/index.php\/wp-json\/wp\/v2\/users\/6"}],"replies":[{"embeddable":true,"href":"https:\/\/zeromagazine.mx\/index.php\/wp-json\/wp\/v2\/comments?post=116503"}],"version-history":[{"count":2,"href":"https:\/\/zeromagazine.mx\/index.php\/wp-json\/wp\/v2\/posts\/116503\/revisions"}],"predecessor-version":[{"id":116508,"href":"https:\/\/zeromagazine.mx\/index.php\/wp-json\/wp\/v2\/posts\/116503\/revisions\/116508"}],"wp:featuredmedia":[{"embeddable":true,"href":"https:\/\/zeromagazine.mx\/index.php\/wp-json\/wp\/v2\/media\/116504"}],"wp:attachment":[{"href":"https:\/\/zeromagazine.mx\/index.php\/wp-json\/wp\/v2\/media?parent=116503"}],"wp:term":[{"taxonomy":"category","embeddable":true,"href":"https:\/\/zeromagazine.mx\/index.php\/wp-json\/wp\/v2\/categories?post=116503"},{"taxonomy":"post_tag","embeddable":true,"href":"https:\/\/zeromagazine.mx\/index.php\/wp-json\/wp\/v2\/tags?post=116503"}],"curies":[{"name":"wp","href":"https:\/\/api.w.org\/{rel}","templated":true}]}}