{"id":116509,"date":"2026-03-10T18:59:16","date_gmt":"2026-03-11T00:59:16","guid":{"rendered":"https:\/\/zeromagazine.mx\/?p=116509"},"modified":"2026-03-10T18:59:27","modified_gmt":"2026-03-11T00:59:27","slug":"spring-chic-hair-la-melena-viral","status":"publish","type":"post","link":"https:\/\/zeromagazine.mx\/index.php\/2026\/03\/10\/spring-chic-hair-la-melena-viral\/","title":{"rendered":"Spring Chic Hair: la melena viral"},"content":{"rendered":"\n<p>Cuando llega la primavera, todo cambia un poco. La luz se siente diferente, las calles se llenan de color y hasta el ritmo de la ciudad parece m\u00e1s ligero. En lugares como <a href=\"\/\/generic-entity?number=0\">Ciudad de M\u00e9xico<\/a>, donde las jacarandas pintan el paisaje de violeta, la temporada trae una vibra fresca que inevitablemente se refleja tambi\u00e9n en el estilo.<\/p>\n\n\n\n<figure class=\"wp-block-image size-full\"><img data-recalc-dims=\"1\" decoding=\"async\" width=\"782\" height=\"1188\" src=\"https:\/\/i0.wp.com\/zeromagazine.mx\/wp-content\/uploads\/2026\/03\/IMG_6552.png?resize=782%2C1188&#038;ssl=1\" alt=\"\" class=\"wp-image-116510\" srcset=\"https:\/\/i0.wp.com\/zeromagazine.mx\/wp-content\/uploads\/2026\/03\/IMG_6552.png?w=782&amp;ssl=1 782w, https:\/\/i0.wp.com\/zeromagazine.mx\/wp-content\/uploads\/2026\/03\/IMG_6552.png?resize=197%2C300&amp;ssl=1 197w, https:\/\/i0.wp.com\/zeromagazine.mx\/wp-content\/uploads\/2026\/03\/IMG_6552.png?resize=674%2C1024&amp;ssl=1 674w, https:\/\/i0.wp.com\/zeromagazine.mx\/wp-content\/uploads\/2026\/03\/IMG_6552.png?resize=768%2C1167&amp;ssl=1 768w\" sizes=\"(max-width: 782px) 100vw, 782px\" \/><\/figure>\n\n\n\n<p>Y s\u00ed, eso incluye el cabello. Esta primavera la tendencia que est\u00e1 dominando el mundo beauty es Spring Chic Hair, un look capilar que apuesta por el brillo natural, el movimiento fluido y un acabado pulido que se ve incre\u00edble sin parecer demasiado producido.<\/p>\n\n\n\n<p>Porque si algo define el mood de la temporada es lo effortless: cabello que se mueve contigo, que refleja la luz del sol y que se siente ligero, saludable y natural.<\/p>\n\n\n\n<p><strong>Spring Chic Hair redefine el cabello primaveral<\/strong><\/p>\n\n\n\n<p>El concepto detr\u00e1s de Spring Chic Hair es bastante simple: menos rigidez, m\u00e1s movimiento. Durante a\u00f1os vimos estilos extremadamente pulidos o texturas muy marcadas, pero ahora la tendencia apunta hacia algo m\u00e1s relajado.<\/p>\n\n\n\n<p>Adem\u00e1s, esta est\u00e9tica funciona con pr\u00e1cticamente cualquier corte o largo de cabello. Ondas suaves, capas ligeras o incluso recogidos relajados pueden adaptarse perfectamente al esp\u00edritu de Spring Chic Hair.<\/p>\n\n\n\n<figure class=\"wp-block-image size-full\"><img data-recalc-dims=\"1\" decoding=\"async\" width=\"480\" height=\"480\" src=\"https:\/\/i0.wp.com\/zeromagazine.mx\/wp-content\/uploads\/2026\/03\/IMG_6551.png?resize=480%2C480&#038;ssl=1\" alt=\"\" class=\"wp-image-116511\" srcset=\"https:\/\/i0.wp.com\/zeromagazine.mx\/wp-content\/uploads\/2026\/03\/IMG_6551.png?w=480&amp;ssl=1 480w, https:\/\/i0.wp.com\/zeromagazine.mx\/wp-content\/uploads\/2026\/03\/IMG_6551.png?resize=300%2C300&amp;ssl=1 300w, https:\/\/i0.wp.com\/zeromagazine.mx\/wp-content\/uploads\/2026\/03\/IMG_6551.png?resize=150%2C150&amp;ssl=1 150w\" sizes=\"(max-width: 480px) 100vw, 480px\" \/><\/figure>\n\n\n\n<p>Mientras tanto, el secreto real de este look no est\u00e1 tanto en el styling, sino en el cuidado del cabello. Cuando el pelo est\u00e1 hidratado, suave y con brillo natural, el resultado final se ve autom\u00e1ticamente m\u00e1s sofisticado.<\/p>\n\n\n\n<p>Por eso muchas rutinas capilares actuales est\u00e1n enfocadas en f\u00f3rmulas que hidratan sin apelmazar, algo clave para lograr ese movimiento natural que define la tendencia.<\/p>\n\n\n\n<p><strong>Spring Chic Hair empieza en la ducha<\/strong><\/p>\n\n\n\n<p>Para conseguir el efecto Spring Chic Hair, el primer paso siempre es una buena base de cuidado capilar. Y ah\u00ed es donde entran rutinas dise\u00f1adas para restaurar hidrataci\u00f3n y brillo despu\u00e9s del invierno.<\/p>\n\n\n\n<p>Por ejemplo, la l\u00ednea MOISTURE de <a href=\"\/\/generic-entity?number=1\">MONDAY Haircare<\/a> apuesta por ingredientes como aceite de coco y manteca de karit\u00e9 para hidratar profundamente sin perder ligereza. Esto permite que el cabello recupere flexibilidad mientras mantiene ese acabado luminoso que se ve incre\u00edble bajo la luz primaveral.<\/p>\n\n\n\n<p>Adem\u00e1s, la primavera tambi\u00e9n trae algo inevitable: humedad. Y con ella, el famoso frizz. Para eso existen f\u00f3rmulas como la l\u00ednea SMOOTH, enriquecida con vitamina E y aceite de aguacate, que ayudan a controlar el cabello sin quitarle movimiento.<\/p>\n\n\n\n<figure class=\"wp-block-image size-full\"><img data-recalc-dims=\"1\" decoding=\"async\" width=\"480\" height=\"480\" src=\"https:\/\/i0.wp.com\/zeromagazine.mx\/wp-content\/uploads\/2026\/03\/IMG_6550.png?resize=480%2C480&#038;ssl=1\" alt=\"\" class=\"wp-image-116512\" srcset=\"https:\/\/i0.wp.com\/zeromagazine.mx\/wp-content\/uploads\/2026\/03\/IMG_6550.png?w=480&amp;ssl=1 480w, https:\/\/i0.wp.com\/zeromagazine.mx\/wp-content\/uploads\/2026\/03\/IMG_6550.png?resize=300%2C300&amp;ssl=1 300w, https:\/\/i0.wp.com\/zeromagazine.mx\/wp-content\/uploads\/2026\/03\/IMG_6550.png?resize=150%2C150&amp;ssl=1 150w\" sizes=\"(max-width: 480px) 100vw, 480px\" \/><\/figure>\n\n\n\n<p>Por otro lado, si buscas un poco m\u00e1s de volumen natural, las f\u00f3rmulas con prote\u00edna vegetal y jengibre pueden aportar cuerpo ligero perfecto para capas o ondas suaves.<\/p>\n\n\n\n<p>Mientras tanto, los productos leave-in y las mascarillas intensivas funcionan como el toque final para mantener el cabello protegido del calor y nutrido durante toda la temporada.<\/p>\n\n\n\n<p>Finalmente, el objetivo de Spring Chic Hair no es crear un look perfecto e intocable. Se trata de un cabello que se mueve con naturalidad, que refleja la luz y que complementa cualquier outfit sin robar protagonismo.<\/p>\n\n\n\n<p>Porque, al final, la tendencia capilar m\u00e1s cool de la primavera no se trata de exagerar\u2026 sino de dejar que tu cabello haga lo suyo, pero en su mejor versi\u00f3n.&nbsp;<\/p>\n\n\n<!--themify_builder_content-->\n<div id=\"themify_builder_content-116509\" data-postid=\"116509\" class=\"themify_builder_content themify_builder_content-116509 themify_builder tf_clear\">\n    <\/div>\n<!--\/themify_builder_content-->\n","protected":false},"excerpt":{"rendered":"<p>Cuando llega la primavera, todo cambia un poco. La luz se siente diferente, las calles se llenan de color y hasta el ritmo de la ciudad parece m\u00e1s ligero. En lugares como Ciudad de M\u00e9xico, donde las jacarandas pintan el paisaje de violeta, la temporada trae una vibra fresca que inevitablemente se refleja tambi\u00e9n en [&hellip;]<\/p>\n","protected":false},"author":6,"featured_media":116510,"comment_status":"open","ping_status":"open","sticky":false,"template":"","format":"standard","meta":{"_jetpack_memberships_contains_paid_content":false,"footnotes":"","jetpack_publicize_message":"","jetpack_publicize_feature_enabled":true,"jetpack_social_post_already_shared":true,"jetpack_social_options":{"image_generator_settings":{"template":"highway","default_image_id":0,"font":"","enabled":false},"version":2}},"categories":[9858,67],"tags":[],"class_list":["post-116509","post","type-post","status-publish","format-standard","has-post-thumbnail","hentry","category-beauty","category-moda","has-post-title","has-post-date","has-post-category","has-post-tag","has-post-comment","has-post-author",""],"yoast_head":"<!-- This site is optimized with the Yoast SEO plugin v27.4 - https:\/\/yoast.com\/product\/yoast-seo-wordpress\/ -->\n<title>Spring Chic Hair: la melena viral - Zero Magazine<\/title>\n<meta name=\"robots\" content=\"index, follow, max-snippet:-1, max-image-preview:large, max-video-preview:-1\" \/>\n<link rel=\"canonical\" href=\"https:\/\/zeromagazine.mx\/index.php\/2026\/03\/10\/spring-chic-hair-la-melena-viral\/\" \/>\n<meta property=\"og:locale\" content=\"es_ES\" \/>\n<meta property=\"og:type\" content=\"article\" \/>\n<meta property=\"og:title\" content=\"Spring Chic Hair: la melena viral - Zero Magazine\" \/>\n<meta property=\"og:description\" content=\"Cuando llega la primavera, todo cambia un poco. La luz se siente diferente, las calles se llenan de color y hasta el ritmo de la ciudad parece m\u00e1s ligero. En lugares como Ciudad de M\u00e9xico, donde las jacarandas pintan el paisaje de violeta, la temporada trae una vibra fresca que inevitablemente se refleja tambi\u00e9n en [&hellip;]\" \/>\n<meta property=\"og:url\" content=\"https:\/\/zeromagazine.mx\/index.php\/2026\/03\/10\/spring-chic-hair-la-melena-viral\/\" \/>\n<meta property=\"og:site_name\" content=\"Zero Magazine\" \/>\n<meta property=\"article:published_time\" content=\"2026-03-11T00:59:16+00:00\" \/>\n<meta property=\"article:modified_time\" content=\"2026-03-11T00:59:27+00:00\" \/>\n<meta property=\"og:image\" content=\"http:\/\/zeromagazine.mx\/wp-content\/uploads\/2026\/03\/IMG_6552.png\" \/>\n\t<meta property=\"og:image:width\" content=\"782\" \/>\n\t<meta property=\"og:image:height\" content=\"1188\" \/>\n\t<meta property=\"og:image:type\" content=\"image\/png\" \/>\n<meta name=\"author\" content=\"Luis Trujano\" \/>\n<meta name=\"twitter:card\" content=\"summary_large_image\" \/>\n<meta name=\"twitter:label1\" content=\"Escrito por\" \/>\n\t<meta name=\"twitter:data1\" content=\"Luis Trujano\" \/>\n\t<meta name=\"twitter:label2\" content=\"Tiempo de lectura\" \/>\n\t<meta name=\"twitter:data2\" content=\"4 minutos\" \/>\n<script type=\"application\/ld+json\" class=\"yoast-schema-graph\">{\"@context\":\"https:\\\/\\\/schema.org\",\"@graph\":[{\"@type\":\"Article\",\"@id\":\"https:\\\/\\\/zeromagazine.mx\\\/index.php\\\/2026\\\/03\\\/10\\\/spring-chic-hair-la-melena-viral\\\/#article\",\"isPartOf\":{\"@id\":\"https:\\\/\\\/zeromagazine.mx\\\/index.php\\\/2026\\\/03\\\/10\\\/spring-chic-hair-la-melena-viral\\\/\"},\"author\":{\"name\":\"Luis Trujano\",\"@id\":\"https:\\\/\\\/zeromagazine.mx\\\/#\\\/schema\\\/person\\\/118d2dc27eca6f07b968c953d12daa6b\"},\"headline\":\"Spring Chic Hair: la melena viral\",\"datePublished\":\"2026-03-11T00:59:16+00:00\",\"dateModified\":\"2026-03-11T00:59:27+00:00\",\"mainEntityOfPage\":{\"@id\":\"https:\\\/\\\/zeromagazine.mx\\\/index.php\\\/2026\\\/03\\\/10\\\/spring-chic-hair-la-melena-viral\\\/\"},\"wordCount\":547,\"commentCount\":0,\"publisher\":{\"@id\":\"https:\\\/\\\/zeromagazine.mx\\\/#organization\"},\"image\":{\"@id\":\"https:\\\/\\\/zeromagazine.mx\\\/index.php\\\/2026\\\/03\\\/10\\\/spring-chic-hair-la-melena-viral\\\/#primaryimage\"},\"thumbnailUrl\":\"https:\\\/\\\/i0.wp.com\\\/zeromagazine.mx\\\/wp-content\\\/uploads\\\/2026\\\/03\\\/IMG_6552.png?fit=782%2C1188&ssl=1\",\"articleSection\":[\"Beauty\",\"Moda\"],\"inLanguage\":\"es\",\"potentialAction\":[{\"@type\":\"CommentAction\",\"name\":\"Comment\",\"target\":[\"https:\\\/\\\/zeromagazine.mx\\\/index.php\\\/2026\\\/03\\\/10\\\/spring-chic-hair-la-melena-viral\\\/#respond\"]}]},{\"@type\":\"WebPage\",\"@id\":\"https:\\\/\\\/zeromagazine.mx\\\/index.php\\\/2026\\\/03\\\/10\\\/spring-chic-hair-la-melena-viral\\\/\",\"url\":\"https:\\\/\\\/zeromagazine.mx\\\/index.php\\\/2026\\\/03\\\/10\\\/spring-chic-hair-la-melena-viral\\\/\",\"name\":\"Spring Chic Hair: la melena viral - Zero Magazine\",\"isPartOf\":{\"@id\":\"https:\\\/\\\/zeromagazine.mx\\\/#website\"},\"primaryImageOfPage\":{\"@id\":\"https:\\\/\\\/zeromagazine.mx\\\/index.php\\\/2026\\\/03\\\/10\\\/spring-chic-hair-la-melena-viral\\\/#primaryimage\"},\"image\":{\"@id\":\"https:\\\/\\\/zeromagazine.mx\\\/index.php\\\/2026\\\/03\\\/10\\\/spring-chic-hair-la-melena-viral\\\/#primaryimage\"},\"thumbnailUrl\":\"https:\\\/\\\/i0.wp.com\\\/zeromagazine.mx\\\/wp-content\\\/uploads\\\/2026\\\/03\\\/IMG_6552.png?fit=782%2C1188&ssl=1\",\"datePublished\":\"2026-03-11T00:59:16+00:00\",\"dateModified\":\"2026-03-11T00:59:27+00:00\",\"breadcrumb\":{\"@id\":\"https:\\\/\\\/zeromagazine.mx\\\/index.php\\\/2026\\\/03\\\/10\\\/spring-chic-hair-la-melena-viral\\\/#breadcrumb\"},\"inLanguage\":\"es\",\"potentialAction\":[{\"@type\":\"ReadAction\",\"target\":[\"https:\\\/\\\/zeromagazine.mx\\\/index.php\\\/2026\\\/03\\\/10\\\/spring-chic-hair-la-melena-viral\\\/\"]}]},{\"@type\":\"ImageObject\",\"inLanguage\":\"es\",\"@id\":\"https:\\\/\\\/zeromagazine.mx\\\/index.php\\\/2026\\\/03\\\/10\\\/spring-chic-hair-la-melena-viral\\\/#primaryimage\",\"url\":\"https:\\\/\\\/i0.wp.com\\\/zeromagazine.mx\\\/wp-content\\\/uploads\\\/2026\\\/03\\\/IMG_6552.png?fit=782%2C1188&ssl=1\",\"contentUrl\":\"https:\\\/\\\/i0.wp.com\\\/zeromagazine.mx\\\/wp-content\\\/uploads\\\/2026\\\/03\\\/IMG_6552.png?fit=782%2C1188&ssl=1\",\"width\":782,\"height\":1188},{\"@type\":\"BreadcrumbList\",\"@id\":\"https:\\\/\\\/zeromagazine.mx\\\/index.php\\\/2026\\\/03\\\/10\\\/spring-chic-hair-la-melena-viral\\\/#breadcrumb\",\"itemListElement\":[{\"@type\":\"ListItem\",\"position\":1,\"name\":\"Portada\",\"item\":\"https:\\\/\\\/zeromagazine.mx\\\/\"},{\"@type\":\"ListItem\",\"position\":2,\"name\":\"Spring Chic Hair: la melena viral\"}]},{\"@type\":\"WebSite\",\"@id\":\"https:\\\/\\\/zeromagazine.mx\\\/#website\",\"url\":\"https:\\\/\\\/zeromagazine.mx\\\/\",\"name\":\"Zero Magazine\",\"description\":\"\",\"publisher\":{\"@id\":\"https:\\\/\\\/zeromagazine.mx\\\/#organization\"},\"potentialAction\":[{\"@type\":\"SearchAction\",\"target\":{\"@type\":\"EntryPoint\",\"urlTemplate\":\"https:\\\/\\\/zeromagazine.mx\\\/?s={search_term_string}\"},\"query-input\":{\"@type\":\"PropertyValueSpecification\",\"valueRequired\":true,\"valueName\":\"search_term_string\"}}],\"inLanguage\":\"es\"},{\"@type\":\"Organization\",\"@id\":\"https:\\\/\\\/zeromagazine.mx\\\/#organization\",\"name\":\"Zero Magazine\",\"url\":\"https:\\\/\\\/zeromagazine.mx\\\/\",\"logo\":{\"@type\":\"ImageObject\",\"inLanguage\":\"es\",\"@id\":\"https:\\\/\\\/zeromagazine.mx\\\/#\\\/schema\\\/logo\\\/image\\\/\",\"url\":\"https:\\\/\\\/i0.wp.com\\\/zeromagazine.mx\\\/wp-content\\\/uploads\\\/2025\\\/11\\\/1.jpeg?fit=1000%2C1000&ssl=1\",\"contentUrl\":\"https:\\\/\\\/i0.wp.com\\\/zeromagazine.mx\\\/wp-content\\\/uploads\\\/2025\\\/11\\\/1.jpeg?fit=1000%2C1000&ssl=1\",\"width\":1000,\"height\":1000,\"caption\":\"Zero Magazine\"},\"image\":{\"@id\":\"https:\\\/\\\/zeromagazine.mx\\\/#\\\/schema\\\/logo\\\/image\\\/\"},\"sameAs\":[\"https:\\\/\\\/instagram.com\\\/zeromagazinemx\"]},{\"@type\":\"Person\",\"@id\":\"https:\\\/\\\/zeromagazine.mx\\\/#\\\/schema\\\/person\\\/118d2dc27eca6f07b968c953d12daa6b\",\"name\":\"Luis Trujano\",\"image\":{\"@type\":\"ImageObject\",\"inLanguage\":\"es\",\"@id\":\"https:\\\/\\\/zeromagazine.mx\\\/wp-content\\\/litespeed\\\/avatar\\\/fbd9d1d6aa4d21e2bb5be8b3155046c9.jpg?ver=1776970654\",\"url\":\"https:\\\/\\\/zeromagazine.mx\\\/wp-content\\\/litespeed\\\/avatar\\\/fbd9d1d6aa4d21e2bb5be8b3155046c9.jpg?ver=1776970654\",\"contentUrl\":\"https:\\\/\\\/zeromagazine.mx\\\/wp-content\\\/litespeed\\\/avatar\\\/fbd9d1d6aa4d21e2bb5be8b3155046c9.jpg?ver=1776970654\",\"caption\":\"Luis Trujano\"},\"url\":\"https:\\\/\\\/zeromagazine.mx\\\/index.php\\\/author\\\/luis-trujano\\\/\"}]}<\/script>\n<!-- \/ Yoast SEO plugin. -->","yoast_head_json":{"title":"Spring Chic Hair: la melena viral - Zero Magazine","robots":{"index":"index","follow":"follow","max-snippet":"max-snippet:-1","max-image-preview":"max-image-preview:large","max-video-preview":"max-video-preview:-1"},"canonical":"https:\/\/zeromagazine.mx\/index.php\/2026\/03\/10\/spring-chic-hair-la-melena-viral\/","og_locale":"es_ES","og_type":"article","og_title":"Spring Chic Hair: la melena viral - Zero Magazine","og_description":"Cuando llega la primavera, todo cambia un poco. La luz se siente diferente, las calles se llenan de color y hasta el ritmo de la ciudad parece m\u00e1s ligero. En lugares como Ciudad de M\u00e9xico, donde las jacarandas pintan el paisaje de violeta, la temporada trae una vibra fresca que inevitablemente se refleja tambi\u00e9n en [&hellip;]","og_url":"https:\/\/zeromagazine.mx\/index.php\/2026\/03\/10\/spring-chic-hair-la-melena-viral\/","og_site_name":"Zero Magazine","article_published_time":"2026-03-11T00:59:16+00:00","article_modified_time":"2026-03-11T00:59:27+00:00","og_image":[{"width":782,"height":1188,"url":"http:\/\/zeromagazine.mx\/wp-content\/uploads\/2026\/03\/IMG_6552.png","type":"image\/png"}],"author":"Luis Trujano","twitter_card":"summary_large_image","twitter_misc":{"Escrito por":"Luis Trujano","Tiempo de lectura":"4 minutos"},"schema":{"@context":"https:\/\/schema.org","@graph":[{"@type":"Article","@id":"https:\/\/zeromagazine.mx\/index.php\/2026\/03\/10\/spring-chic-hair-la-melena-viral\/#article","isPartOf":{"@id":"https:\/\/zeromagazine.mx\/index.php\/2026\/03\/10\/spring-chic-hair-la-melena-viral\/"},"author":{"name":"Luis Trujano","@id":"https:\/\/zeromagazine.mx\/#\/schema\/person\/118d2dc27eca6f07b968c953d12daa6b"},"headline":"Spring Chic Hair: la melena viral","datePublished":"2026-03-11T00:59:16+00:00","dateModified":"2026-03-11T00:59:27+00:00","mainEntityOfPage":{"@id":"https:\/\/zeromagazine.mx\/index.php\/2026\/03\/10\/spring-chic-hair-la-melena-viral\/"},"wordCount":547,"commentCount":0,"publisher":{"@id":"https:\/\/zeromagazine.mx\/#organization"},"image":{"@id":"https:\/\/zeromagazine.mx\/index.php\/2026\/03\/10\/spring-chic-hair-la-melena-viral\/#primaryimage"},"thumbnailUrl":"https:\/\/i0.wp.com\/zeromagazine.mx\/wp-content\/uploads\/2026\/03\/IMG_6552.png?fit=782%2C1188&ssl=1","articleSection":["Beauty","Moda"],"inLanguage":"es","potentialAction":[{"@type":"CommentAction","name":"Comment","target":["https:\/\/zeromagazine.mx\/index.php\/2026\/03\/10\/spring-chic-hair-la-melena-viral\/#respond"]}]},{"@type":"WebPage","@id":"https:\/\/zeromagazine.mx\/index.php\/2026\/03\/10\/spring-chic-hair-la-melena-viral\/","url":"https:\/\/zeromagazine.mx\/index.php\/2026\/03\/10\/spring-chic-hair-la-melena-viral\/","name":"Spring Chic Hair: la melena viral - Zero Magazine","isPartOf":{"@id":"https:\/\/zeromagazine.mx\/#website"},"primaryImageOfPage":{"@id":"https:\/\/zeromagazine.mx\/index.php\/2026\/03\/10\/spring-chic-hair-la-melena-viral\/#primaryimage"},"image":{"@id":"https:\/\/zeromagazine.mx\/index.php\/2026\/03\/10\/spring-chic-hair-la-melena-viral\/#primaryimage"},"thumbnailUrl":"https:\/\/i0.wp.com\/zeromagazine.mx\/wp-content\/uploads\/2026\/03\/IMG_6552.png?fit=782%2C1188&ssl=1","datePublished":"2026-03-11T00:59:16+00:00","dateModified":"2026-03-11T00:59:27+00:00","breadcrumb":{"@id":"https:\/\/zeromagazine.mx\/index.php\/2026\/03\/10\/spring-chic-hair-la-melena-viral\/#breadcrumb"},"inLanguage":"es","potentialAction":[{"@type":"ReadAction","target":["https:\/\/zeromagazine.mx\/index.php\/2026\/03\/10\/spring-chic-hair-la-melena-viral\/"]}]},{"@type":"ImageObject","inLanguage":"es","@id":"https:\/\/zeromagazine.mx\/index.php\/2026\/03\/10\/spring-chic-hair-la-melena-viral\/#primaryimage","url":"https:\/\/i0.wp.com\/zeromagazine.mx\/wp-content\/uploads\/2026\/03\/IMG_6552.png?fit=782%2C1188&ssl=1","contentUrl":"https:\/\/i0.wp.com\/zeromagazine.mx\/wp-content\/uploads\/2026\/03\/IMG_6552.png?fit=782%2C1188&ssl=1","width":782,"height":1188},{"@type":"BreadcrumbList","@id":"https:\/\/zeromagazine.mx\/index.php\/2026\/03\/10\/spring-chic-hair-la-melena-viral\/#breadcrumb","itemListElement":[{"@type":"ListItem","position":1,"name":"Portada","item":"https:\/\/zeromagazine.mx\/"},{"@type":"ListItem","position":2,"name":"Spring Chic Hair: la melena viral"}]},{"@type":"WebSite","@id":"https:\/\/zeromagazine.mx\/#website","url":"https:\/\/zeromagazine.mx\/","name":"Zero Magazine","description":"","publisher":{"@id":"https:\/\/zeromagazine.mx\/#organization"},"potentialAction":[{"@type":"SearchAction","target":{"@type":"EntryPoint","urlTemplate":"https:\/\/zeromagazine.mx\/?s={search_term_string}"},"query-input":{"@type":"PropertyValueSpecification","valueRequired":true,"valueName":"search_term_string"}}],"inLanguage":"es"},{"@type":"Organization","@id":"https:\/\/zeromagazine.mx\/#organization","name":"Zero Magazine","url":"https:\/\/zeromagazine.mx\/","logo":{"@type":"ImageObject","inLanguage":"es","@id":"https:\/\/zeromagazine.mx\/#\/schema\/logo\/image\/","url":"https:\/\/i0.wp.com\/zeromagazine.mx\/wp-content\/uploads\/2025\/11\/1.jpeg?fit=1000%2C1000&ssl=1","contentUrl":"https:\/\/i0.wp.com\/zeromagazine.mx\/wp-content\/uploads\/2025\/11\/1.jpeg?fit=1000%2C1000&ssl=1","width":1000,"height":1000,"caption":"Zero Magazine"},"image":{"@id":"https:\/\/zeromagazine.mx\/#\/schema\/logo\/image\/"},"sameAs":["https:\/\/instagram.com\/zeromagazinemx"]},{"@type":"Person","@id":"https:\/\/zeromagazine.mx\/#\/schema\/person\/118d2dc27eca6f07b968c953d12daa6b","name":"Luis Trujano","image":{"@type":"ImageObject","inLanguage":"es","@id":"https:\/\/zeromagazine.mx\/wp-content\/litespeed\/avatar\/fbd9d1d6aa4d21e2bb5be8b3155046c9.jpg?ver=1776970654","url":"https:\/\/zeromagazine.mx\/wp-content\/litespeed\/avatar\/fbd9d1d6aa4d21e2bb5be8b3155046c9.jpg?ver=1776970654","contentUrl":"https:\/\/zeromagazine.mx\/wp-content\/litespeed\/avatar\/fbd9d1d6aa4d21e2bb5be8b3155046c9.jpg?ver=1776970654","caption":"Luis Trujano"},"url":"https:\/\/zeromagazine.mx\/index.php\/author\/luis-trujano\/"}]}},"jetpack_publicize_connections":[],"jetpack_featured_media_url":"https:\/\/i0.wp.com\/zeromagazine.mx\/wp-content\/uploads\/2026\/03\/IMG_6552.png?fit=782%2C1188&ssl=1","jetpack-related-posts":[{"id":118782,"url":"https:\/\/zeromagazine.mx\/index.php\/2026\/04\/16\/hair-fashion-week-cabello-tendencia-mexico\/","url_meta":{"origin":116509,"position":0},"title":"El pelo tambi\u00e9n desfila: por qu\u00e9 el hair ya es parte del look","author":"zeromagazinemx","date":"16 de abril de 2026","format":false,"excerpt":"Authentic Beauty Concept y Schwarzkopf redefinen el backstage en Volvo Fashion Week Guadalajara Spoiler: ya no se trata de \u201carreglar\u201d el pelo. Se trata de decir algo con \u00e9l. Si algo ha quedado claro en los \u00faltimos a\u00f1os es que el cabello dej\u00f3 de ser un complemento. Hoy, el hair\u2026","rel":"","context":"En \u00abBeauty\u00bb","block_context":{"text":"Beauty","link":"https:\/\/zeromagazine.mx\/index.php\/category\/beauty\/"},"img":{"alt_text":"","src":"https:\/\/i0.wp.com\/zeromagazine.mx\/wp-content\/uploads\/2026\/04\/Gemini_Generated_Image_p51ou3p51ou3p51o.png?fit=1200%2C670&ssl=1&resize=350%2C200","width":350,"height":200,"srcset":"https:\/\/i0.wp.com\/zeromagazine.mx\/wp-content\/uploads\/2026\/04\/Gemini_Generated_Image_p51ou3p51ou3p51o.png?fit=1200%2C670&ssl=1&resize=350%2C200 1x, https:\/\/i0.wp.com\/zeromagazine.mx\/wp-content\/uploads\/2026\/04\/Gemini_Generated_Image_p51ou3p51ou3p51o.png?fit=1200%2C670&ssl=1&resize=525%2C300 1.5x, https:\/\/i0.wp.com\/zeromagazine.mx\/wp-content\/uploads\/2026\/04\/Gemini_Generated_Image_p51ou3p51ou3p51o.png?fit=1200%2C670&ssl=1&resize=700%2C400 2x, https:\/\/i0.wp.com\/zeromagazine.mx\/wp-content\/uploads\/2026\/04\/Gemini_Generated_Image_p51ou3p51ou3p51o.png?fit=1200%2C670&ssl=1&resize=1050%2C600 3x"},"classes":[]},{"id":101838,"url":"https:\/\/zeromagazine.mx\/index.php\/2025\/04\/16\/spring-bloom-vibes\/","url_meta":{"origin":116509,"position":1},"title":"Spring Blooom Vibes","author":"David Morales","date":"16 de abril de 2025","format":false,"excerpt":"Amix, la primavera gringa ya se puso guapa y con ella llegaron los Spring Bloom vibes, o sea, esos momentos donde el paisaje parece sacado de un filtro vintage y la c\u00e1mara se vuelve tu mejor aliada. As\u00ed que estabas so\u00f1ando con una escapada aesthetic para revivir tu feed y\u2026","rel":"","context":"En \u00abBlog\u00bb","block_context":{"text":"Blog","link":"https:\/\/zeromagazine.mx\/index.php\/category\/blog\/"},"img":{"alt_text":"","src":"https:\/\/i0.wp.com\/zeromagazine.mx\/wp-content\/uploads\/2025\/04\/cherry-blossoms-washington-dc-april-01-2019-418x.jpg?fit=1200%2C801&ssl=1&resize=350%2C200","width":350,"height":200,"srcset":"https:\/\/i0.wp.com\/zeromagazine.mx\/wp-content\/uploads\/2025\/04\/cherry-blossoms-washington-dc-april-01-2019-418x.jpg?fit=1200%2C801&ssl=1&resize=350%2C200 1x, https:\/\/i0.wp.com\/zeromagazine.mx\/wp-content\/uploads\/2025\/04\/cherry-blossoms-washington-dc-april-01-2019-418x.jpg?fit=1200%2C801&ssl=1&resize=525%2C300 1.5x, https:\/\/i0.wp.com\/zeromagazine.mx\/wp-content\/uploads\/2025\/04\/cherry-blossoms-washington-dc-april-01-2019-418x.jpg?fit=1200%2C801&ssl=1&resize=700%2C400 2x, https:\/\/i0.wp.com\/zeromagazine.mx\/wp-content\/uploads\/2025\/04\/cherry-blossoms-washington-dc-april-01-2019-418x.jpg?fit=1200%2C801&ssl=1&resize=1050%2C600 3x"},"classes":[]},{"id":102320,"url":"https:\/\/zeromagazine.mx\/index.php\/2025\/04\/22\/perfumes-para-vibrar-en-primavera\/","url_meta":{"origin":116509,"position":2},"title":"Perfumes Para Vibrar En Primavera","author":"David Morales","date":"22 de abril de 2025","format":false,"excerpt":"Amix, ya lleg\u00f3 esa \u00e9poca del a\u00f1o donde todo florece\u2026 y obvi nosotres tambi\u00e9n. La primavera no solo es sol y flores, es esa temporada donde renace la vibra, se sacuden las malas energ\u00edas y, muy importante, nos dan ganas de oler deli. Literal. As\u00ed que si andas buscando qu\u00e9\u2026","rel":"","context":"En \u00abBeauty\u00bb","block_context":{"text":"Beauty","link":"https:\/\/zeromagazine.mx\/index.php\/category\/beauty\/"},"img":{"alt_text":"","src":"https:\/\/i0.wp.com\/zeromagazine.mx\/wp-content\/uploads\/2025\/04\/ExVetiver-JulietteHasAGun_3.jpg?fit=1200%2C1200&ssl=1&resize=350%2C200","width":350,"height":200,"srcset":"https:\/\/i0.wp.com\/zeromagazine.mx\/wp-content\/uploads\/2025\/04\/ExVetiver-JulietteHasAGun_3.jpg?fit=1200%2C1200&ssl=1&resize=350%2C200 1x, https:\/\/i0.wp.com\/zeromagazine.mx\/wp-content\/uploads\/2025\/04\/ExVetiver-JulietteHasAGun_3.jpg?fit=1200%2C1200&ssl=1&resize=525%2C300 1.5x, https:\/\/i0.wp.com\/zeromagazine.mx\/wp-content\/uploads\/2025\/04\/ExVetiver-JulietteHasAGun_3.jpg?fit=1200%2C1200&ssl=1&resize=700%2C400 2x, https:\/\/i0.wp.com\/zeromagazine.mx\/wp-content\/uploads\/2025\/04\/ExVetiver-JulietteHasAGun_3.jpg?fit=1200%2C1200&ssl=1&resize=1050%2C600 3x"},"classes":[]},{"id":117171,"url":"https:\/\/zeromagazine.mx\/index.php\/2026\/03\/23\/salon-ulta-beauty-mexico-urban-hair\/","url_meta":{"origin":116509,"position":3},"title":"Sal\u00f3n Ulta Beauty llega a M\u00e9xico","author":"Luis Trujano","date":"23 de marzo de 2026","format":false,"excerpt":"El mundo beauty en M\u00e9xico acaba de subir de nivel, y s\u00ed, vas a querer agendar cita ASAP. El nuevo Sal\u00f3n Ulta Beauty por Urban Hair de Ulta Beauty ya est\u00e1 aqu\u00ed, y no es solo otro lugar para cortarte el cabello: es toda una experiencia pensada para transformar tu\u2026","rel":"","context":"En \u00abBeauty\u00bb","block_context":{"text":"Beauty","link":"https:\/\/zeromagazine.mx\/index.php\/category\/beauty\/"},"img":{"alt_text":"","src":"https:\/\/i0.wp.com\/zeromagazine.mx\/wp-content\/uploads\/2026\/03\/IMG_6586.png?resize=350%2C200&ssl=1","width":350,"height":200},"classes":[]},{"id":116773,"url":"https:\/\/zeromagazine.mx\/index.php\/2026\/03\/15\/outfits-para-spring-break-maleta-esenciales\/","url_meta":{"origin":116509,"position":4},"title":"Outfits para Spring Break que arrasan","author":"zeromagazinemx","date":"15 de marzo de 2026","format":false,"excerpt":"Cuando se acerca el viaje m\u00e1s esperado de la temporada, hay una pregunta que aparece inevitablemente: \u00bfqu\u00e9 me llevo? La respuesta est\u00e1 en elegir outfits para Spring Break que funcionen para todo: desde un d\u00eda de playa improvisado hasta un plan de sunset con fotos incluidas. La idea no es\u2026","rel":"","context":"En \u00abModa\u00bb","block_context":{"text":"Moda","link":"https:\/\/zeromagazine.mx\/index.php\/category\/moda\/"},"img":{"alt_text":"","src":"https:\/\/i0.wp.com\/zeromagazine.mx\/wp-content\/uploads\/2026\/03\/imgi_36_0395_9044_134_of.jpeg?fit=936%2C1200&ssl=1&resize=350%2C200","width":350,"height":200,"srcset":"https:\/\/i0.wp.com\/zeromagazine.mx\/wp-content\/uploads\/2026\/03\/imgi_36_0395_9044_134_of.jpeg?fit=936%2C1200&ssl=1&resize=350%2C200 1x, https:\/\/i0.wp.com\/zeromagazine.mx\/wp-content\/uploads\/2026\/03\/imgi_36_0395_9044_134_of.jpeg?fit=936%2C1200&ssl=1&resize=525%2C300 1.5x, https:\/\/i0.wp.com\/zeromagazine.mx\/wp-content\/uploads\/2026\/03\/imgi_36_0395_9044_134_of.jpeg?fit=936%2C1200&ssl=1&resize=700%2C400 2x"},"classes":[]},{"id":117761,"url":"https:\/\/zeromagazine.mx\/index.php\/2026\/03\/19\/get-ready-house-experiencia-belleza\/","url_meta":{"origin":116509,"position":5},"title":"El glow empieza en casa","author":"zeromagazinemx","date":"19 de marzo de 2026","format":false,"excerpt":"Entre m\u00fasica, maquillaje y amigos, Sephora M\u00e9xico transforma el \u201carreglarse para salir\u201d en una experiencia inmersiva que mezcla belleza, juego y cultura digital. Hay algo especial en ese momento antes de la noche. No es la fiesta, ni el outfit final. Es el proceso. El caos bonito. El espejo compartido.\u2026","rel":"","context":"En \u00abBeauty\u00bb","block_context":{"text":"Beauty","link":"https:\/\/zeromagazine.mx\/index.php\/category\/beauty\/"},"img":{"alt_text":"","src":"https:\/\/i0.wp.com\/zeromagazine.mx\/wp-content\/uploads\/2026\/04\/Gemini_Generated_Image_d4hvhqd4hvhqd4hv.png?fit=1200%2C675&ssl=1&resize=350%2C200","width":350,"height":200,"srcset":"https:\/\/i0.wp.com\/zeromagazine.mx\/wp-content\/uploads\/2026\/04\/Gemini_Generated_Image_d4hvhqd4hvhqd4hv.png?fit=1200%2C675&ssl=1&resize=350%2C200 1x, https:\/\/i0.wp.com\/zeromagazine.mx\/wp-content\/uploads\/2026\/04\/Gemini_Generated_Image_d4hvhqd4hvhqd4hv.png?fit=1200%2C675&ssl=1&resize=525%2C300 1.5x, https:\/\/i0.wp.com\/zeromagazine.mx\/wp-content\/uploads\/2026\/04\/Gemini_Generated_Image_d4hvhqd4hvhqd4hv.png?fit=1200%2C675&ssl=1&resize=700%2C400 2x, https:\/\/i0.wp.com\/zeromagazine.mx\/wp-content\/uploads\/2026\/04\/Gemini_Generated_Image_d4hvhqd4hvhqd4hv.png?fit=1200%2C675&ssl=1&resize=1050%2C600 3x"},"classes":[]}],"jetpack_sharing_enabled":true,"builder_content":"","_links":{"self":[{"href":"https:\/\/zeromagazine.mx\/index.php\/wp-json\/wp\/v2\/posts\/116509","targetHints":{"allow":["GET"]}}],"collection":[{"href":"https:\/\/zeromagazine.mx\/index.php\/wp-json\/wp\/v2\/posts"}],"about":[{"href":"https:\/\/zeromagazine.mx\/index.php\/wp-json\/wp\/v2\/types\/post"}],"author":[{"embeddable":true,"href":"https:\/\/zeromagazine.mx\/index.php\/wp-json\/wp\/v2\/users\/6"}],"replies":[{"embeddable":true,"href":"https:\/\/zeromagazine.mx\/index.php\/wp-json\/wp\/v2\/comments?post=116509"}],"version-history":[{"count":3,"href":"https:\/\/zeromagazine.mx\/index.php\/wp-json\/wp\/v2\/posts\/116509\/revisions"}],"predecessor-version":[{"id":116515,"href":"https:\/\/zeromagazine.mx\/index.php\/wp-json\/wp\/v2\/posts\/116509\/revisions\/116515"}],"wp:featuredmedia":[{"embeddable":true,"href":"https:\/\/zeromagazine.mx\/index.php\/wp-json\/wp\/v2\/media\/116510"}],"wp:attachment":[{"href":"https:\/\/zeromagazine.mx\/index.php\/wp-json\/wp\/v2\/media?parent=116509"}],"wp:term":[{"taxonomy":"category","embeddable":true,"href":"https:\/\/zeromagazine.mx\/index.php\/wp-json\/wp\/v2\/categories?post=116509"},{"taxonomy":"post_tag","embeddable":true,"href":"https:\/\/zeromagazine.mx\/index.php\/wp-json\/wp\/v2\/tags?post=116509"}],"curies":[{"name":"wp","href":"https:\/\/api.w.org\/{rel}","templated":true}]}}