{"id":116530,"date":"2026-03-10T20:10:07","date_gmt":"2026-03-11T02:10:07","guid":{"rendered":"https:\/\/zeromagazine.mx\/?p=116530"},"modified":"2026-03-10T20:11:52","modified_gmt":"2026-03-11T02:11:52","slug":"x300-ultra-vivo-teleobjetivo-400mm","status":"publish","type":"post","link":"https:\/\/zeromagazine.mx\/index.php\/2026\/03\/10\/x300-ultra-vivo-teleobjetivo-400mm\/","title":{"rendered":"vivo presenta X300 Ultra en MWC 2026 con un nuevo Extensor Teleobjetivo vivo ZEISS Gen 2 Ultra de 400 mm"},"content":{"rendered":"<p>La conversaci\u00f3n sobre fotograf\u00eda m\u00f3vil cambi\u00f3 en el momento en que apareci\u00f3 el&nbsp;<strong>X300 Ultra vivo<\/strong>. Durante el&nbsp;Mobile World Congress 2026&nbsp;en Barcelona,&nbsp;vivo&nbsp;mostr\u00f3 un adelanto de su smartphone m\u00e1s ambicioso hasta ahora, y no fue solo otro lanzamiento premium: fue una declaraci\u00f3n directa de que los tel\u00e9fonos ya est\u00e1n jugando en la misma liga que las c\u00e1maras profesionales.<\/p>\n\n\n\n<p>El protagonista fue el nuevo extensor teleobjetivo ZEISS Gen 2 Ultra equivalente a 400 mm, algo que hasta hace poco parec\u00eda imposible en un smartphone. Pero aqu\u00ed estamos, en 2026, viendo c\u00f3mo el zoom extremo ya no significa perder calidad.<\/p>\n\n\n\n<p>Adem\u00e1s, el&nbsp;<strong>X300 Ultra vivo<\/strong>&nbsp;no solo apuesta por m\u00e1s alcance, sino por una experiencia completa pensada para quienes crean contenido en serio, desde fotograf\u00eda hasta video profesional.<\/p>\n\n\n\n<h2 class=\"wp-block-heading\">X300 Ultra vivo redefine la fotograf\u00eda<\/h2>\n\n\n\n<p>Primero, hay que entender por qu\u00e9 el&nbsp;<strong>X300 Ultra vivo<\/strong>&nbsp;llam\u00f3 tanto la atenci\u00f3n en el evento. No se trata solo de tener m\u00e1s megap\u00edxeles, sino de c\u00f3mo se combinan la \u00f3ptica, el software y la estabilizaci\u00f3n para lograr im\u00e1genes que realmente se vean pro.<\/p>\n\n\n\n<p>El nuevo teleobjetivo de 400 mm fue desarrollado junto con&nbsp;ZEISS&nbsp;y utiliza est\u00e1ndares \u00f3pticos APO, lo que permite capturar im\u00e1genes con resoluci\u00f3n completa de hasta 200 MP incluso cuando se usa zoom extremo. S\u00ed, estamos hablando de niveles que antes solo ve\u00edas en c\u00e1maras dedicadas.<\/p>\n\n\n\n<figure class=\"wp-block-gallery has-nested-images columns-default is-cropped wp-block-gallery-1 is-layout-flex wp-block-gallery-is-layout-flex\">\n<figure class=\"wp-block-image size-large\"><img data-recalc-dims=\"1\" decoding=\"async\" width=\"1024\" height=\"683\" data-id=\"116535\" src=\"https:\/\/i0.wp.com\/zeromagazine.mx\/wp-content\/uploads\/2026\/03\/6-X300-Ultra_cinematic-experience-1.jpeg?resize=1024%2C683\" alt=\"\" class=\"wp-image-116535\" srcset=\"https:\/\/i0.wp.com\/zeromagazine.mx\/wp-content\/uploads\/2026\/03\/6-X300-Ultra_cinematic-experience-1-scaled.jpeg?resize=1024%2C683&amp;ssl=1 1024w, https:\/\/i0.wp.com\/zeromagazine.mx\/wp-content\/uploads\/2026\/03\/6-X300-Ultra_cinematic-experience-1-scaled.jpeg?resize=300%2C200&amp;ssl=1 300w, https:\/\/i0.wp.com\/zeromagazine.mx\/wp-content\/uploads\/2026\/03\/6-X300-Ultra_cinematic-experience-1-scaled.jpeg?resize=768%2C512&amp;ssl=1 768w, https:\/\/i0.wp.com\/zeromagazine.mx\/wp-content\/uploads\/2026\/03\/6-X300-Ultra_cinematic-experience-1-scaled.jpeg?resize=1536%2C1024&amp;ssl=1 1536w, https:\/\/i0.wp.com\/zeromagazine.mx\/wp-content\/uploads\/2026\/03\/6-X300-Ultra_cinematic-experience-1-scaled.jpeg?resize=2048%2C1366&amp;ssl=1 2048w, https:\/\/i0.wp.com\/zeromagazine.mx\/wp-content\/uploads\/2026\/03\/6-X300-Ultra_cinematic-experience-1-scaled.jpeg?w=2330 2330w\" sizes=\"(max-width: 1024px) 100vw, 1024px\" \/><\/figure>\n<\/figure>\n\n\n\n<p>Adem\u00e1s, el sistema permite ampliaciones equivalentes de hasta 1600 mm manteniendo detalle y estabilidad. Esto se logra gracias a estabilizaci\u00f3n \u00f3ptica tipo gimbal, seguimiento de enfoque por movimiento y mejoras en la estructura del lente.<\/p>\n\n\n\n<p>Por otro lado, esta combinaci\u00f3n convierte al&nbsp;<strong>X300 Ultra vivo<\/strong>&nbsp;en una herramienta real para creadores, no solo en un gadget llamativo.<\/p>\n\n\n\n<h2 class=\"wp-block-heading\">X300 Ultra vivo apunta a creadores<\/h2>\n\n\n\n<p>Sin embargo, el teleobjetivo no fue lo \u00fanico interesante. vivo tambi\u00e9n present\u00f3 un Camera Cage profesional dise\u00f1ado para convertir el tel\u00e9fono en un mini estudio port\u00e1til.<\/p>\n\n\n\n<p>Este accesorio permite montar micr\u00f3fonos, luces, grips y otros equipos gracias a m\u00faltiples anclajes y puertos de liberaci\u00f3n r\u00e1pida. Adem\u00e1s, incluye botones f\u00edsicos para disparo y control de zoom, algo que quienes graban video constantemente van a agradecer.<\/p>\n\n\n\n<p>Asimismo, el sistema integra ventilaci\u00f3n activa para evitar sobrecalentamiento durante grabaciones largas, algo clave cuando se trabaja en 4K o con lentes de alto rendimiento.<\/p>\n\n\n\n<p>Todo esto deja claro que el&nbsp;<strong>X300 Ultra vivo<\/strong>&nbsp;no est\u00e1 pensado solo para usuarios casuales. Est\u00e1 dise\u00f1ado para gente que realmente quiere llevar su contenido al siguiente nivel sin cargar con una mochila llena de equipo.<\/p>\n\n\n\n<figure class=\"wp-block-gallery has-nested-images columns-default is-cropped wp-block-gallery-2 is-layout-flex wp-block-gallery-is-layout-flex\">\n<figure class=\"wp-block-image size-large\"><img data-recalc-dims=\"1\" decoding=\"async\" width=\"1024\" height=\"683\" data-id=\"116533\" src=\"https:\/\/i0.wp.com\/zeromagazine.mx\/wp-content\/uploads\/2026\/03\/5-X300-Ultra_dark-background_side-1024x683.jpeg?resize=1024%2C683&#038;ssl=1\" alt=\"\" class=\"wp-image-116533\" srcset=\"https:\/\/i0.wp.com\/zeromagazine.mx\/wp-content\/uploads\/2026\/03\/5-X300-Ultra_dark-background_side-scaled.jpeg?resize=1024%2C683&amp;ssl=1 1024w, https:\/\/i0.wp.com\/zeromagazine.mx\/wp-content\/uploads\/2026\/03\/5-X300-Ultra_dark-background_side-scaled.jpeg?resize=300%2C200&amp;ssl=1 300w, https:\/\/i0.wp.com\/zeromagazine.mx\/wp-content\/uploads\/2026\/03\/5-X300-Ultra_dark-background_side-scaled.jpeg?resize=768%2C512&amp;ssl=1 768w, https:\/\/i0.wp.com\/zeromagazine.mx\/wp-content\/uploads\/2026\/03\/5-X300-Ultra_dark-background_side-scaled.jpeg?resize=1536%2C1025&amp;ssl=1 1536w, https:\/\/i0.wp.com\/zeromagazine.mx\/wp-content\/uploads\/2026\/03\/5-X300-Ultra_dark-background_side-scaled.jpeg?resize=2048%2C1366&amp;ssl=1 2048w, https:\/\/i0.wp.com\/zeromagazine.mx\/wp-content\/uploads\/2026\/03\/5-X300-Ultra_dark-background_side-scaled.jpeg?w=2330 2330w\" sizes=\"(max-width: 1024px) 100vw, 1024px\" \/><\/figure>\n<\/figure>\n\n\n\n<p>Finalmente, el lanzamiento global del modelo tambi\u00e9n marca un cambio en la estrategia de la marca, que busca competir de frente en el segmento premium y posicionarse como referencia en imagen m\u00f3vil.<\/p>\n\n\n\n<p>Y viendo lo que mostraron en MWC 2026, la apuesta va en serio.<\/p>\n\n\n\n<p>El&nbsp;<strong>X300 Ultra vivo<\/strong>&nbsp;no solo demuestra que los smartphones siguen evolucionando; confirma que la l\u00ednea entre tel\u00e9fono y c\u00e1mara profesional cada vez es m\u00e1s delgada.<\/p>\n\n<!--themify_builder_content-->\n<div id=\"themify_builder_content-116530\" data-postid=\"116530\" class=\"themify_builder_content themify_builder_content-116530 themify_builder tf_clear\">\n    <\/div>\n<!--\/themify_builder_content-->","protected":false},"excerpt":{"rendered":"<p>La conversaci\u00f3n sobre fotograf\u00eda m\u00f3vil cambi\u00f3 en el momento en que apareci\u00f3 el&nbsp;X300 Ultra vivo. Durante el&nbsp;Mobile World Congress 2026&nbsp;en Barcelona,&nbsp;vivo&nbsp;mostr\u00f3 un adelanto de su smartphone m\u00e1s ambicioso hasta ahora, y no fue solo otro lanzamiento premium: fue una declaraci\u00f3n directa de que los tel\u00e9fonos ya est\u00e1n jugando en la misma liga que las c\u00e1maras [&hellip;]<\/p>\n","protected":false},"author":4,"featured_media":116529,"comment_status":"open","ping_status":"open","sticky":false,"template":"","format":"standard","meta":{"_jetpack_memberships_contains_paid_content":false,"footnotes":"","jetpack_publicize_message":"","jetpack_publicize_feature_enabled":true,"jetpack_social_post_already_shared":true,"jetpack_social_options":{"image_generator_settings":{"template":"highway","default_image_id":0,"font":"","enabled":false},"version":2}},"categories":[1,41],"tags":[],"class_list":["post-116530","post","type-post","status-publish","format-standard","has-post-thumbnail","hentry","category-blog","category-tech","has-post-title","has-post-date","has-post-category","has-post-tag","has-post-comment","has-post-author",""],"yoast_head":"<!-- This site is optimized with the Yoast SEO plugin v27.4 - https:\/\/yoast.com\/product\/yoast-seo-wordpress\/ -->\n<title>vivo presenta X300 Ultra en MWC 2026 con un nuevo Extensor Teleobjetivo vivo ZEISS Gen 2 Ultra de 400 mm - Zero Magazine<\/title>\n<meta name=\"description\" content=\"X300 Ultra vivo llega con teleobjetivo 400 mm y funciones pro de fotograf\u00eda presentadas en MWC 2026, marcando un nuevo nivel en imagen m\u00f3vil.\" \/>\n<meta name=\"robots\" content=\"index, follow, max-snippet:-1, max-image-preview:large, max-video-preview:-1\" \/>\n<link rel=\"canonical\" href=\"https:\/\/zeromagazine.mx\/index.php\/2026\/03\/10\/x300-ultra-vivo-teleobjetivo-400mm\/\" \/>\n<meta property=\"og:locale\" content=\"es_ES\" \/>\n<meta property=\"og:type\" content=\"article\" \/>\n<meta property=\"og:title\" content=\"vivo presenta X300 Ultra en MWC 2026 con un nuevo Extensor Teleobjetivo vivo ZEISS Gen 2 Ultra de 400 mm - Zero Magazine\" \/>\n<meta property=\"og:description\" content=\"X300 Ultra vivo llega con teleobjetivo 400 mm y funciones pro de fotograf\u00eda presentadas en MWC 2026, marcando un nuevo nivel en imagen m\u00f3vil.\" \/>\n<meta property=\"og:url\" content=\"https:\/\/zeromagazine.mx\/index.php\/2026\/03\/10\/x300-ultra-vivo-teleobjetivo-400mm\/\" \/>\n<meta property=\"og:site_name\" content=\"Zero Magazine\" \/>\n<meta property=\"article:published_time\" content=\"2026-03-11T02:10:07+00:00\" \/>\n<meta property=\"article:modified_time\" content=\"2026-03-11T02:11:52+00:00\" \/>\n<meta property=\"og:image\" content=\"http:\/\/zeromagazine.mx\/wp-content\/uploads\/2026\/03\/3-x300-ultra_light-background_wide.jpg\" \/>\n\t<meta property=\"og:image:width\" content=\"2000\" \/>\n\t<meta property=\"og:image:height\" content=\"1334\" \/>\n\t<meta property=\"og:image:type\" content=\"image\/jpeg\" \/>\n<meta name=\"author\" content=\"David Morales\" \/>\n<meta name=\"twitter:card\" content=\"summary_large_image\" \/>\n<meta name=\"twitter:label1\" content=\"Escrito por\" \/>\n\t<meta name=\"twitter:data1\" content=\"David Morales\" \/>\n\t<meta name=\"twitter:label2\" content=\"Tiempo de lectura\" \/>\n\t<meta name=\"twitter:data2\" content=\"3 minutos\" \/>\n<script type=\"application\/ld+json\" class=\"yoast-schema-graph\">{\"@context\":\"https:\\\/\\\/schema.org\",\"@graph\":[{\"@type\":\"Article\",\"@id\":\"https:\\\/\\\/zeromagazine.mx\\\/index.php\\\/2026\\\/03\\\/10\\\/x300-ultra-vivo-teleobjetivo-400mm\\\/#article\",\"isPartOf\":{\"@id\":\"https:\\\/\\\/zeromagazine.mx\\\/index.php\\\/2026\\\/03\\\/10\\\/x300-ultra-vivo-teleobjetivo-400mm\\\/\"},\"author\":{\"name\":\"David Morales\",\"@id\":\"https:\\\/\\\/zeromagazine.mx\\\/#\\\/schema\\\/person\\\/9f7f1a17c60ba8e9980e3e6677aabe5a\"},\"headline\":\"vivo presenta X300 Ultra en MWC 2026 con un nuevo Extensor Teleobjetivo vivo ZEISS Gen 2 Ultra de 400 mm\",\"datePublished\":\"2026-03-11T02:10:07+00:00\",\"dateModified\":\"2026-03-11T02:11:52+00:00\",\"mainEntityOfPage\":{\"@id\":\"https:\\\/\\\/zeromagazine.mx\\\/index.php\\\/2026\\\/03\\\/10\\\/x300-ultra-vivo-teleobjetivo-400mm\\\/\"},\"wordCount\":558,\"commentCount\":0,\"publisher\":{\"@id\":\"https:\\\/\\\/zeromagazine.mx\\\/#organization\"},\"image\":{\"@id\":\"https:\\\/\\\/zeromagazine.mx\\\/index.php\\\/2026\\\/03\\\/10\\\/x300-ultra-vivo-teleobjetivo-400mm\\\/#primaryimage\"},\"thumbnailUrl\":\"https:\\\/\\\/i0.wp.com\\\/zeromagazine.mx\\\/wp-content\\\/uploads\\\/2026\\\/03\\\/3-x300-ultra_light-background_wide.jpg?fit=2000%2C1334&ssl=1\",\"articleSection\":[\"Blog\",\"Tech\"],\"inLanguage\":\"es\",\"potentialAction\":[{\"@type\":\"CommentAction\",\"name\":\"Comment\",\"target\":[\"https:\\\/\\\/zeromagazine.mx\\\/index.php\\\/2026\\\/03\\\/10\\\/x300-ultra-vivo-teleobjetivo-400mm\\\/#respond\"]}]},{\"@type\":\"WebPage\",\"@id\":\"https:\\\/\\\/zeromagazine.mx\\\/index.php\\\/2026\\\/03\\\/10\\\/x300-ultra-vivo-teleobjetivo-400mm\\\/\",\"url\":\"https:\\\/\\\/zeromagazine.mx\\\/index.php\\\/2026\\\/03\\\/10\\\/x300-ultra-vivo-teleobjetivo-400mm\\\/\",\"name\":\"vivo presenta X300 Ultra en MWC 2026 con un nuevo Extensor Teleobjetivo vivo ZEISS Gen 2 Ultra de 400 mm - Zero Magazine\",\"isPartOf\":{\"@id\":\"https:\\\/\\\/zeromagazine.mx\\\/#website\"},\"primaryImageOfPage\":{\"@id\":\"https:\\\/\\\/zeromagazine.mx\\\/index.php\\\/2026\\\/03\\\/10\\\/x300-ultra-vivo-teleobjetivo-400mm\\\/#primaryimage\"},\"image\":{\"@id\":\"https:\\\/\\\/zeromagazine.mx\\\/index.php\\\/2026\\\/03\\\/10\\\/x300-ultra-vivo-teleobjetivo-400mm\\\/#primaryimage\"},\"thumbnailUrl\":\"https:\\\/\\\/i0.wp.com\\\/zeromagazine.mx\\\/wp-content\\\/uploads\\\/2026\\\/03\\\/3-x300-ultra_light-background_wide.jpg?fit=2000%2C1334&ssl=1\",\"datePublished\":\"2026-03-11T02:10:07+00:00\",\"dateModified\":\"2026-03-11T02:11:52+00:00\",\"description\":\"X300 Ultra vivo llega con teleobjetivo 400 mm y funciones pro de fotograf\u00eda presentadas en MWC 2026, marcando un nuevo nivel en imagen m\u00f3vil.\",\"breadcrumb\":{\"@id\":\"https:\\\/\\\/zeromagazine.mx\\\/index.php\\\/2026\\\/03\\\/10\\\/x300-ultra-vivo-teleobjetivo-400mm\\\/#breadcrumb\"},\"inLanguage\":\"es\",\"potentialAction\":[{\"@type\":\"ReadAction\",\"target\":[\"https:\\\/\\\/zeromagazine.mx\\\/index.php\\\/2026\\\/03\\\/10\\\/x300-ultra-vivo-teleobjetivo-400mm\\\/\"]}]},{\"@type\":\"ImageObject\",\"inLanguage\":\"es\",\"@id\":\"https:\\\/\\\/zeromagazine.mx\\\/index.php\\\/2026\\\/03\\\/10\\\/x300-ultra-vivo-teleobjetivo-400mm\\\/#primaryimage\",\"url\":\"https:\\\/\\\/i0.wp.com\\\/zeromagazine.mx\\\/wp-content\\\/uploads\\\/2026\\\/03\\\/3-x300-ultra_light-background_wide.jpg?fit=2000%2C1334&ssl=1\",\"contentUrl\":\"https:\\\/\\\/i0.wp.com\\\/zeromagazine.mx\\\/wp-content\\\/uploads\\\/2026\\\/03\\\/3-x300-ultra_light-background_wide.jpg?fit=2000%2C1334&ssl=1\",\"width\":2000,\"height\":1334},{\"@type\":\"BreadcrumbList\",\"@id\":\"https:\\\/\\\/zeromagazine.mx\\\/index.php\\\/2026\\\/03\\\/10\\\/x300-ultra-vivo-teleobjetivo-400mm\\\/#breadcrumb\",\"itemListElement\":[{\"@type\":\"ListItem\",\"position\":1,\"name\":\"Portada\",\"item\":\"https:\\\/\\\/zeromagazine.mx\\\/\"},{\"@type\":\"ListItem\",\"position\":2,\"name\":\"vivo presenta X300 Ultra en MWC 2026 con un nuevo Extensor Teleobjetivo vivo ZEISS Gen 2 Ultra de 400 mm\"}]},{\"@type\":\"WebSite\",\"@id\":\"https:\\\/\\\/zeromagazine.mx\\\/#website\",\"url\":\"https:\\\/\\\/zeromagazine.mx\\\/\",\"name\":\"Zero Magazine\",\"description\":\"\",\"publisher\":{\"@id\":\"https:\\\/\\\/zeromagazine.mx\\\/#organization\"},\"potentialAction\":[{\"@type\":\"SearchAction\",\"target\":{\"@type\":\"EntryPoint\",\"urlTemplate\":\"https:\\\/\\\/zeromagazine.mx\\\/?s={search_term_string}\"},\"query-input\":{\"@type\":\"PropertyValueSpecification\",\"valueRequired\":true,\"valueName\":\"search_term_string\"}}],\"inLanguage\":\"es\"},{\"@type\":\"Organization\",\"@id\":\"https:\\\/\\\/zeromagazine.mx\\\/#organization\",\"name\":\"Zero Magazine\",\"url\":\"https:\\\/\\\/zeromagazine.mx\\\/\",\"logo\":{\"@type\":\"ImageObject\",\"inLanguage\":\"es\",\"@id\":\"https:\\\/\\\/zeromagazine.mx\\\/#\\\/schema\\\/logo\\\/image\\\/\",\"url\":\"https:\\\/\\\/i0.wp.com\\\/zeromagazine.mx\\\/wp-content\\\/uploads\\\/2025\\\/11\\\/1.jpeg?fit=1000%2C1000&ssl=1\",\"contentUrl\":\"https:\\\/\\\/i0.wp.com\\\/zeromagazine.mx\\\/wp-content\\\/uploads\\\/2025\\\/11\\\/1.jpeg?fit=1000%2C1000&ssl=1\",\"width\":1000,\"height\":1000,\"caption\":\"Zero Magazine\"},\"image\":{\"@id\":\"https:\\\/\\\/zeromagazine.mx\\\/#\\\/schema\\\/logo\\\/image\\\/\"},\"sameAs\":[\"https:\\\/\\\/instagram.com\\\/zeromagazinemx\"]},{\"@type\":\"Person\",\"@id\":\"https:\\\/\\\/zeromagazine.mx\\\/#\\\/schema\\\/person\\\/9f7f1a17c60ba8e9980e3e6677aabe5a\",\"name\":\"David Morales\",\"image\":{\"@type\":\"ImageObject\",\"inLanguage\":\"es\",\"@id\":\"https:\\\/\\\/zeromagazine.mx\\\/wp-content\\\/litespeed\\\/avatar\\\/76069d2136bfc1c37dc34815bb67ca42.jpg?ver=1776966186\",\"url\":\"https:\\\/\\\/zeromagazine.mx\\\/wp-content\\\/litespeed\\\/avatar\\\/76069d2136bfc1c37dc34815bb67ca42.jpg?ver=1776966186\",\"contentUrl\":\"https:\\\/\\\/zeromagazine.mx\\\/wp-content\\\/litespeed\\\/avatar\\\/76069d2136bfc1c37dc34815bb67ca42.jpg?ver=1776966186\",\"caption\":\"David Morales\"},\"url\":\"https:\\\/\\\/zeromagazine.mx\\\/index.php\\\/author\\\/david\\\/\"}]}<\/script>\n<!-- \/ Yoast SEO plugin. -->","yoast_head_json":{"title":"vivo presenta X300 Ultra en MWC 2026 con un nuevo Extensor Teleobjetivo vivo ZEISS Gen 2 Ultra de 400 mm - Zero Magazine","description":"X300 Ultra vivo llega con teleobjetivo 400 mm y funciones pro de fotograf\u00eda presentadas en MWC 2026, marcando un nuevo nivel en imagen m\u00f3vil.","robots":{"index":"index","follow":"follow","max-snippet":"max-snippet:-1","max-image-preview":"max-image-preview:large","max-video-preview":"max-video-preview:-1"},"canonical":"https:\/\/zeromagazine.mx\/index.php\/2026\/03\/10\/x300-ultra-vivo-teleobjetivo-400mm\/","og_locale":"es_ES","og_type":"article","og_title":"vivo presenta X300 Ultra en MWC 2026 con un nuevo Extensor Teleobjetivo vivo ZEISS Gen 2 Ultra de 400 mm - Zero Magazine","og_description":"X300 Ultra vivo llega con teleobjetivo 400 mm y funciones pro de fotograf\u00eda presentadas en MWC 2026, marcando un nuevo nivel en imagen m\u00f3vil.","og_url":"https:\/\/zeromagazine.mx\/index.php\/2026\/03\/10\/x300-ultra-vivo-teleobjetivo-400mm\/","og_site_name":"Zero Magazine","article_published_time":"2026-03-11T02:10:07+00:00","article_modified_time":"2026-03-11T02:11:52+00:00","og_image":[{"width":2000,"height":1334,"url":"http:\/\/zeromagazine.mx\/wp-content\/uploads\/2026\/03\/3-x300-ultra_light-background_wide.jpg","type":"image\/jpeg"}],"author":"David Morales","twitter_card":"summary_large_image","twitter_misc":{"Escrito por":"David Morales","Tiempo de lectura":"3 minutos"},"schema":{"@context":"https:\/\/schema.org","@graph":[{"@type":"Article","@id":"https:\/\/zeromagazine.mx\/index.php\/2026\/03\/10\/x300-ultra-vivo-teleobjetivo-400mm\/#article","isPartOf":{"@id":"https:\/\/zeromagazine.mx\/index.php\/2026\/03\/10\/x300-ultra-vivo-teleobjetivo-400mm\/"},"author":{"name":"David Morales","@id":"https:\/\/zeromagazine.mx\/#\/schema\/person\/9f7f1a17c60ba8e9980e3e6677aabe5a"},"headline":"vivo presenta X300 Ultra en MWC 2026 con un nuevo Extensor Teleobjetivo vivo ZEISS Gen 2 Ultra de 400 mm","datePublished":"2026-03-11T02:10:07+00:00","dateModified":"2026-03-11T02:11:52+00:00","mainEntityOfPage":{"@id":"https:\/\/zeromagazine.mx\/index.php\/2026\/03\/10\/x300-ultra-vivo-teleobjetivo-400mm\/"},"wordCount":558,"commentCount":0,"publisher":{"@id":"https:\/\/zeromagazine.mx\/#organization"},"image":{"@id":"https:\/\/zeromagazine.mx\/index.php\/2026\/03\/10\/x300-ultra-vivo-teleobjetivo-400mm\/#primaryimage"},"thumbnailUrl":"https:\/\/i0.wp.com\/zeromagazine.mx\/wp-content\/uploads\/2026\/03\/3-x300-ultra_light-background_wide.jpg?fit=2000%2C1334&ssl=1","articleSection":["Blog","Tech"],"inLanguage":"es","potentialAction":[{"@type":"CommentAction","name":"Comment","target":["https:\/\/zeromagazine.mx\/index.php\/2026\/03\/10\/x300-ultra-vivo-teleobjetivo-400mm\/#respond"]}]},{"@type":"WebPage","@id":"https:\/\/zeromagazine.mx\/index.php\/2026\/03\/10\/x300-ultra-vivo-teleobjetivo-400mm\/","url":"https:\/\/zeromagazine.mx\/index.php\/2026\/03\/10\/x300-ultra-vivo-teleobjetivo-400mm\/","name":"vivo presenta X300 Ultra en MWC 2026 con un nuevo Extensor Teleobjetivo vivo ZEISS Gen 2 Ultra de 400 mm - Zero Magazine","isPartOf":{"@id":"https:\/\/zeromagazine.mx\/#website"},"primaryImageOfPage":{"@id":"https:\/\/zeromagazine.mx\/index.php\/2026\/03\/10\/x300-ultra-vivo-teleobjetivo-400mm\/#primaryimage"},"image":{"@id":"https:\/\/zeromagazine.mx\/index.php\/2026\/03\/10\/x300-ultra-vivo-teleobjetivo-400mm\/#primaryimage"},"thumbnailUrl":"https:\/\/i0.wp.com\/zeromagazine.mx\/wp-content\/uploads\/2026\/03\/3-x300-ultra_light-background_wide.jpg?fit=2000%2C1334&ssl=1","datePublished":"2026-03-11T02:10:07+00:00","dateModified":"2026-03-11T02:11:52+00:00","description":"X300 Ultra vivo llega con teleobjetivo 400 mm y funciones pro de fotograf\u00eda presentadas en MWC 2026, marcando un nuevo nivel en imagen m\u00f3vil.","breadcrumb":{"@id":"https:\/\/zeromagazine.mx\/index.php\/2026\/03\/10\/x300-ultra-vivo-teleobjetivo-400mm\/#breadcrumb"},"inLanguage":"es","potentialAction":[{"@type":"ReadAction","target":["https:\/\/zeromagazine.mx\/index.php\/2026\/03\/10\/x300-ultra-vivo-teleobjetivo-400mm\/"]}]},{"@type":"ImageObject","inLanguage":"es","@id":"https:\/\/zeromagazine.mx\/index.php\/2026\/03\/10\/x300-ultra-vivo-teleobjetivo-400mm\/#primaryimage","url":"https:\/\/i0.wp.com\/zeromagazine.mx\/wp-content\/uploads\/2026\/03\/3-x300-ultra_light-background_wide.jpg?fit=2000%2C1334&ssl=1","contentUrl":"https:\/\/i0.wp.com\/zeromagazine.mx\/wp-content\/uploads\/2026\/03\/3-x300-ultra_light-background_wide.jpg?fit=2000%2C1334&ssl=1","width":2000,"height":1334},{"@type":"BreadcrumbList","@id":"https:\/\/zeromagazine.mx\/index.php\/2026\/03\/10\/x300-ultra-vivo-teleobjetivo-400mm\/#breadcrumb","itemListElement":[{"@type":"ListItem","position":1,"name":"Portada","item":"https:\/\/zeromagazine.mx\/"},{"@type":"ListItem","position":2,"name":"vivo presenta X300 Ultra en MWC 2026 con un nuevo Extensor Teleobjetivo vivo ZEISS Gen 2 Ultra de 400 mm"}]},{"@type":"WebSite","@id":"https:\/\/zeromagazine.mx\/#website","url":"https:\/\/zeromagazine.mx\/","name":"Zero Magazine","description":"","publisher":{"@id":"https:\/\/zeromagazine.mx\/#organization"},"potentialAction":[{"@type":"SearchAction","target":{"@type":"EntryPoint","urlTemplate":"https:\/\/zeromagazine.mx\/?s={search_term_string}"},"query-input":{"@type":"PropertyValueSpecification","valueRequired":true,"valueName":"search_term_string"}}],"inLanguage":"es"},{"@type":"Organization","@id":"https:\/\/zeromagazine.mx\/#organization","name":"Zero Magazine","url":"https:\/\/zeromagazine.mx\/","logo":{"@type":"ImageObject","inLanguage":"es","@id":"https:\/\/zeromagazine.mx\/#\/schema\/logo\/image\/","url":"https:\/\/i0.wp.com\/zeromagazine.mx\/wp-content\/uploads\/2025\/11\/1.jpeg?fit=1000%2C1000&ssl=1","contentUrl":"https:\/\/i0.wp.com\/zeromagazine.mx\/wp-content\/uploads\/2025\/11\/1.jpeg?fit=1000%2C1000&ssl=1","width":1000,"height":1000,"caption":"Zero Magazine"},"image":{"@id":"https:\/\/zeromagazine.mx\/#\/schema\/logo\/image\/"},"sameAs":["https:\/\/instagram.com\/zeromagazinemx"]},{"@type":"Person","@id":"https:\/\/zeromagazine.mx\/#\/schema\/person\/9f7f1a17c60ba8e9980e3e6677aabe5a","name":"David Morales","image":{"@type":"ImageObject","inLanguage":"es","@id":"https:\/\/zeromagazine.mx\/wp-content\/litespeed\/avatar\/76069d2136bfc1c37dc34815bb67ca42.jpg?ver=1776966186","url":"https:\/\/zeromagazine.mx\/wp-content\/litespeed\/avatar\/76069d2136bfc1c37dc34815bb67ca42.jpg?ver=1776966186","contentUrl":"https:\/\/zeromagazine.mx\/wp-content\/litespeed\/avatar\/76069d2136bfc1c37dc34815bb67ca42.jpg?ver=1776966186","caption":"David Morales"},"url":"https:\/\/zeromagazine.mx\/index.php\/author\/david\/"}]}},"jetpack_publicize_connections":[],"jetpack_featured_media_url":"https:\/\/i0.wp.com\/zeromagazine.mx\/wp-content\/uploads\/2026\/03\/3-x300-ultra_light-background_wide.jpg?fit=2000%2C1334&ssl=1","jetpack-related-posts":[{"id":112516,"url":"https:\/\/zeromagazine.mx\/index.php\/2025\/12\/30\/teleobjetivo-movil-vivo-x300-pro\/","url_meta":{"origin":116530,"position":0},"title":"Por qu\u00e9 el teleobjetivo est\u00e1 redefiniendo la fotograf\u00eda m\u00f3vil  y c\u00f3mo vivo X300 Pro lleva el formato al siguiente nivel","author":"David Morales","date":"30 de diciembre de 2025","format":false,"excerpt":"Durante mucho tiempo, la fotograf\u00eda m\u00f3vil gir\u00f3 alrededor de la c\u00e1mara principal. Todo pasaba frente a ti, todo estaba cerca. Sin embargo, la forma en que vivimos hoy es distinta: conciertos desde gradas lejanas, viajes donde el paisaje se extiende hasta perderse, detalles que no est\u00e1n al alcance de la\u2026","rel":"","context":"En \u00abBlog\u00bb","block_context":{"text":"Blog","link":"https:\/\/zeromagazine.mx\/index.php\/category\/blog\/"},"img":{"alt_text":"","src":"https:\/\/i0.wp.com\/zeromagazine.mx\/wp-content\/uploads\/2025\/12\/image12.jpeg?fit=679%2C597&ssl=1&resize=350%2C200","width":350,"height":200,"srcset":"https:\/\/i0.wp.com\/zeromagazine.mx\/wp-content\/uploads\/2025\/12\/image12.jpeg?fit=679%2C597&ssl=1&resize=350%2C200 1x, https:\/\/i0.wp.com\/zeromagazine.mx\/wp-content\/uploads\/2025\/12\/image12.jpeg?fit=679%2C597&ssl=1&resize=525%2C300 1.5x"},"classes":[]},{"id":112433,"url":"https:\/\/zeromagazine.mx\/index.php\/2025\/12\/30\/vivo-x300-pro-disponible-mexico\/","url_meta":{"origin":116530,"position":1},"title":"vivo X300 Pro ya disponible en M\u00e9xico, con un sistema fotogr\u00e1fico ZEISS APO de 200 MP que rompe las barreras de distancia.","author":"David Morales","date":"30 de diciembre de 2025","format":false,"excerpt":"La fotograf\u00eda m\u00f3vil ya no se trata solo de tomar fotos bonitas, sino de contar historias sin importar la distancia, la luz o el movimiento. En ese contexto, la llegada del\u00a0vivo X300 Pro disponible\u00a0en M\u00e9xico marca un antes y un despu\u00e9s para quienes quieren capturar conciertos, viajes y momentos cotidianos\u2026","rel":"","context":"En \u00abBlog\u00bb","block_context":{"text":"Blog","link":"https:\/\/zeromagazine.mx\/index.php\/category\/blog\/"},"img":{"alt_text":"","src":"https:\/\/i0.wp.com\/zeromagazine.mx\/wp-content\/uploads\/2025\/12\/image17.png?fit=1080%2C953&ssl=1&resize=350%2C200","width":350,"height":200,"srcset":"https:\/\/i0.wp.com\/zeromagazine.mx\/wp-content\/uploads\/2025\/12\/image17.png?fit=1080%2C953&ssl=1&resize=350%2C200 1x, https:\/\/i0.wp.com\/zeromagazine.mx\/wp-content\/uploads\/2025\/12\/image17.png?fit=1080%2C953&ssl=1&resize=525%2C300 1.5x, https:\/\/i0.wp.com\/zeromagazine.mx\/wp-content\/uploads\/2025\/12\/image17.png?fit=1080%2C953&ssl=1&resize=700%2C400 2x, https:\/\/i0.wp.com\/zeromagazine.mx\/wp-content\/uploads\/2025\/12\/image17.png?fit=1080%2C953&ssl=1&resize=1050%2C600 3x"},"classes":[]},{"id":100635,"url":"https:\/\/zeromagazine.mx\/index.php\/2025\/04\/04\/v50-tecnologia-que-impresiona\/","url_meta":{"origin":116530,"position":2},"title":"V50: Tecnolog\u00eda Que Impresiona","author":"David Morales","date":"4 de abril de 2025","format":false,"excerpt":"Amix, ya lleg\u00f3 a M\u00e9xico la nueva familia de smartphones vivo V50 y honestamente\u2026 \u00a1se rifaron! Esta serie viene con todo: dise\u00f1o aesthetic, c\u00e1maras pro y bater\u00edas que no se rinden. O sea, pura tecnolog\u00eda que impresiona para quienes usamos el cel m\u00e1s que el micro. \u00bfEst\u00e1n listxs para conocer\u2026","rel":"","context":"En \u00abTech\u00bb","block_context":{"text":"Tech","link":"https:\/\/zeromagazine.mx\/index.php\/category\/tech\/"},"img":{"alt_text":"","src":"https:\/\/i0.wp.com\/zeromagazine.mx\/wp-content\/uploads\/2025\/04\/V50-Lite_Gold_4-3_LATAM-scaled.jpg?fit=1200%2C900&ssl=1&resize=350%2C200","width":350,"height":200,"srcset":"https:\/\/i0.wp.com\/zeromagazine.mx\/wp-content\/uploads\/2025\/04\/V50-Lite_Gold_4-3_LATAM-scaled.jpg?fit=1200%2C900&ssl=1&resize=350%2C200 1x, https:\/\/i0.wp.com\/zeromagazine.mx\/wp-content\/uploads\/2025\/04\/V50-Lite_Gold_4-3_LATAM-scaled.jpg?fit=1200%2C900&ssl=1&resize=525%2C300 1.5x, https:\/\/i0.wp.com\/zeromagazine.mx\/wp-content\/uploads\/2025\/04\/V50-Lite_Gold_4-3_LATAM-scaled.jpg?fit=1200%2C900&ssl=1&resize=700%2C400 2x, https:\/\/i0.wp.com\/zeromagazine.mx\/wp-content\/uploads\/2025\/04\/V50-Lite_Gold_4-3_LATAM-scaled.jpg?fit=1200%2C900&ssl=1&resize=1050%2C600 3x"},"classes":[]},{"id":103985,"url":"https:\/\/zeromagazine.mx\/index.php\/2025\/04\/08\/vivo-v50-llega-a-mexico\/","url_meta":{"origin":116530,"position":3},"title":"Vivo V50 Llega A M\u00e9xico","author":"David Morales","date":"8 de abril de 2025","format":false,"excerpt":"Amix, si est\u00e1s en mood de renovar cel o andas buscando un upgrade que s\u00ed valga la pena, te tenemos chisme techie bueno. La serie vivo V50 acaba de aterrizar en M\u00e9xico y viene con todo: dise\u00f1o elegante, bater\u00eda infinita y c\u00e1maras de nivel influencer real. Porque s\u00ed, captura con\u2026","rel":"","context":"En \u00abTech\u00bb","block_context":{"text":"Tech","link":"https:\/\/zeromagazine.mx\/index.php\/category\/tech\/"},"img":{"alt_text":"","src":"https:\/\/i0.wp.com\/zeromagazine.mx\/wp-content\/uploads\/2025\/05\/V50_Scenario-photo_Violeta-niebla2_RGB_3000px-x-4000-px-scaled.jpg?fit=900%2C1200&ssl=1&resize=350%2C200","width":350,"height":200,"srcset":"https:\/\/i0.wp.com\/zeromagazine.mx\/wp-content\/uploads\/2025\/05\/V50_Scenario-photo_Violeta-niebla2_RGB_3000px-x-4000-px-scaled.jpg?fit=900%2C1200&ssl=1&resize=350%2C200 1x, https:\/\/i0.wp.com\/zeromagazine.mx\/wp-content\/uploads\/2025\/05\/V50_Scenario-photo_Violeta-niebla2_RGB_3000px-x-4000-px-scaled.jpg?fit=900%2C1200&ssl=1&resize=525%2C300 1.5x, https:\/\/i0.wp.com\/zeromagazine.mx\/wp-content\/uploads\/2025\/05\/V50_Scenario-photo_Violeta-niebla2_RGB_3000px-x-4000-px-scaled.jpg?fit=900%2C1200&ssl=1&resize=700%2C400 2x"},"classes":[]},{"id":113185,"url":"https:\/\/zeromagazine.mx\/index.php\/2026\/01\/13\/originos-6-vivo-mexico\/","url_meta":{"origin":116530,"position":4},"title":"OriginOS 6, la nueva experiencia inteligente de vivo, llega a M\u00e9xico con X300 Pro","author":"David Morales","date":"13 de enero de 2026","format":false,"excerpt":"La forma en la que usamos el celular cambi\u00f3 hace tiempo. Ya no es solo para mensajes o redes: es agenda, estudio, trabajo, c\u00e1mara, cartera y centro creativo. En ese contexto,\u00a0OriginOS 6\u00a0aterriza en M\u00e9xico junto con el vivo X300 Pro para redefinir c\u00f3mo se siente usar un smartphone todos los\u2026","rel":"","context":"En \u00abTech\u00bb","block_context":{"text":"Tech","link":"https:\/\/zeromagazine.mx\/index.php\/category\/tech\/"},"img":{"alt_text":"","src":"https:\/\/i0.wp.com\/zeromagazine.mx\/wp-content\/uploads\/2026\/01\/image2.jpeg?fit=960%2C1200&ssl=1&resize=350%2C200","width":350,"height":200,"srcset":"https:\/\/i0.wp.com\/zeromagazine.mx\/wp-content\/uploads\/2026\/01\/image2.jpeg?fit=960%2C1200&ssl=1&resize=350%2C200 1x, https:\/\/i0.wp.com\/zeromagazine.mx\/wp-content\/uploads\/2026\/01\/image2.jpeg?fit=960%2C1200&ssl=1&resize=525%2C300 1.5x, https:\/\/i0.wp.com\/zeromagazine.mx\/wp-content\/uploads\/2026\/01\/image2.jpeg?fit=960%2C1200&ssl=1&resize=700%2C400 2x"},"classes":[]},{"id":119207,"url":"https:\/\/zeromagazine.mx\/index.php\/2026\/04\/21\/samsung-galaxy-s26-ultra-colaboracion-diablo-viste-a-la-moda-2\/","url_meta":{"origin":116530,"position":5},"title":"Samsung Galaxy S26 Ultra: la colaboraci\u00f3n con El Diablo Viste a la Moda 2 que redefine la moda y la tecnolog\u00eda","author":"David Morales","date":"21 de abril de 2026","format":false,"excerpt":"Cuando moda, cine y tecnolog\u00eda se encuentran, el resultado no solo se ve bien\u2026 se vuelve cultura. Hay colaboraciones que se sienten inevitables. Y luego est\u00e1n las que simplemente hacen sentido. As\u00ed llega\u00a0Galaxy S26 Ultra El Diablo Viste a la Moda 2, una alianza donde el estilo no solo se\u2026","rel":"","context":"En \u00abBlog\u00bb","block_context":{"text":"Blog","link":"https:\/\/zeromagazine.mx\/index.php\/category\/blog\/"},"img":{"alt_text":"","src":"https:\/\/i0.wp.com\/zeromagazine.mx\/wp-content\/uploads\/2026\/04\/IMG_2286.jpeg?fit=1000%2C540&ssl=1&resize=350%2C200","width":350,"height":200,"srcset":"https:\/\/i0.wp.com\/zeromagazine.mx\/wp-content\/uploads\/2026\/04\/IMG_2286.jpeg?fit=1000%2C540&ssl=1&resize=350%2C200 1x, https:\/\/i0.wp.com\/zeromagazine.mx\/wp-content\/uploads\/2026\/04\/IMG_2286.jpeg?fit=1000%2C540&ssl=1&resize=525%2C300 1.5x, https:\/\/i0.wp.com\/zeromagazine.mx\/wp-content\/uploads\/2026\/04\/IMG_2286.jpeg?fit=1000%2C540&ssl=1&resize=700%2C400 2x"},"classes":[]}],"jetpack_sharing_enabled":true,"builder_content":"","_links":{"self":[{"href":"https:\/\/zeromagazine.mx\/index.php\/wp-json\/wp\/v2\/posts\/116530","targetHints":{"allow":["GET"]}}],"collection":[{"href":"https:\/\/zeromagazine.mx\/index.php\/wp-json\/wp\/v2\/posts"}],"about":[{"href":"https:\/\/zeromagazine.mx\/index.php\/wp-json\/wp\/v2\/types\/post"}],"author":[{"embeddable":true,"href":"https:\/\/zeromagazine.mx\/index.php\/wp-json\/wp\/v2\/users\/4"}],"replies":[{"embeddable":true,"href":"https:\/\/zeromagazine.mx\/index.php\/wp-json\/wp\/v2\/comments?post=116530"}],"version-history":[{"count":3,"href":"https:\/\/zeromagazine.mx\/index.php\/wp-json\/wp\/v2\/posts\/116530\/revisions"}],"predecessor-version":[{"id":116537,"href":"https:\/\/zeromagazine.mx\/index.php\/wp-json\/wp\/v2\/posts\/116530\/revisions\/116537"}],"wp:featuredmedia":[{"embeddable":true,"href":"https:\/\/zeromagazine.mx\/index.php\/wp-json\/wp\/v2\/media\/116529"}],"wp:attachment":[{"href":"https:\/\/zeromagazine.mx\/index.php\/wp-json\/wp\/v2\/media?parent=116530"}],"wp:term":[{"taxonomy":"category","embeddable":true,"href":"https:\/\/zeromagazine.mx\/index.php\/wp-json\/wp\/v2\/categories?post=116530"},{"taxonomy":"post_tag","embeddable":true,"href":"https:\/\/zeromagazine.mx\/index.php\/wp-json\/wp\/v2\/tags?post=116530"}],"curies":[{"name":"wp","href":"https:\/\/api.w.org\/{rel}","templated":true}]}}