{"id":116558,"date":"2026-03-11T13:39:05","date_gmt":"2026-03-11T19:39:05","guid":{"rendered":"https:\/\/zeromagazine.mx\/?p=116558"},"modified":"2026-03-11T13:39:07","modified_gmt":"2026-03-11T19:39:07","slug":"zona-creativa-comunidades-evento-creativo-mexico","status":"publish","type":"post","link":"https:\/\/zeromagazine.mx\/index.php\/2026\/03\/11\/zona-creativa-comunidades-evento-creativo-mexico\/","title":{"rendered":"Zona Creativa: una comunidad de comunidades que transforma la creatividad en experiencia compartida"},"content":{"rendered":"<!--themify_builder_content-->\n<div id=\"themify_builder_content-116558\" data-postid=\"116558\" class=\"themify_builder_content themify_builder_content-116558 themify_builder tf_clear\">\n    <\/div>\n<!--\/themify_builder_content-->\n\n\n<p>En un momento donde casi todo pasa en la pantalla, cada vez se vuelve m\u00e1s necesario volver a lo real. Talleres presenciales, experiencias inmersivas y espacios donde la creatividad se comparte cara a cara est\u00e1n ganando fuerza, y justo en ese contexto nace&nbsp;<strong>Zona Creativa comunidades<\/strong>, un encuentro que busca reunir a artistas, creadores y seguidores en un mismo lugar para vivir el arte m\u00e1s all\u00e1 de lo digital.<\/p>\n\n\n\n<p>El pr\u00f3ximo 21 de marzo de 2026, el&nbsp;Centro de Artes Vivas&nbsp;ser\u00e1 sede de la primera edici\u00f3n de este evento, que promete convertirse en uno de los proyectos m\u00e1s interesantes dentro de la escena creativa en M\u00e9xico. La iniciativa surge de&nbsp;Cordelia Media, un proyecto que naci\u00f3 en redes sociales y que ahora da el salto al mundo f\u00edsico con una propuesta que mezcla comunidad, inspiraci\u00f3n y aprendizaje.<\/p>\n\n\n\n<p>Adem\u00e1s,&nbsp;<strong>Zona Creativa comunidades<\/strong>&nbsp;no es solo un festival art\u00edstico. Es una experiencia pensada para quienes sienten que crear tambi\u00e9n es una forma de bienestar.<\/p>\n\n\n\n<h2 class=\"wp-block-heading\">Zona Creativa comunidades cambia el juego<\/h2>\n\n\n\n<p>Primero hay que entender por qu\u00e9&nbsp;<strong>Zona Creativa comunidades<\/strong>&nbsp;resulta diferente a otros eventos culturales. Aqu\u00ed no se trata solo de ver exposiciones o asistir a conferencias, sino de convivir con personas que han construido comunidades reales a partir del arte, el dise\u00f1o, la ilustraci\u00f3n y la expresi\u00f3n personal.<\/p>\n\n\n\n<p>Hoy en d\u00eda, muchas de las nuevas comunidades creativas nacieron en redes sociales. Lo que comenz\u00f3 como videos, tutoriales o publicaciones se convirti\u00f3 en espacios de aprendizaje, inspiraci\u00f3n y pertenencia. Sin embargo, faltaba algo: encontrarse fuera de la pantalla.<\/p>\n\n\n\n<figure class=\"wp-block-gallery has-nested-images columns-default is-cropped wp-block-gallery-1 is-layout-flex wp-block-gallery-is-layout-flex\">\n<figure class=\"wp-block-image size-large\"><img data-recalc-dims=\"1\" decoding=\"async\" width=\"833\" height=\"1024\" data-id=\"116561\" src=\"https:\/\/i0.wp.com\/zeromagazine.mx\/wp-content\/uploads\/2026\/03\/26bd409c-e0b5-4c23-b42a-38aa62fa55eb-833x1024.jpeg?resize=833%2C1024&#038;ssl=1\" alt=\"\" class=\"wp-image-116561\" srcset=\"https:\/\/i0.wp.com\/zeromagazine.mx\/wp-content\/uploads\/2026\/03\/26bd409c-e0b5-4c23-b42a-38aa62fa55eb.jpeg?resize=833%2C1024&amp;ssl=1 833w, https:\/\/i0.wp.com\/zeromagazine.mx\/wp-content\/uploads\/2026\/03\/26bd409c-e0b5-4c23-b42a-38aa62fa55eb.jpeg?resize=244%2C300&amp;ssl=1 244w, https:\/\/i0.wp.com\/zeromagazine.mx\/wp-content\/uploads\/2026\/03\/26bd409c-e0b5-4c23-b42a-38aa62fa55eb.jpeg?resize=768%2C944&amp;ssl=1 768w, https:\/\/i0.wp.com\/zeromagazine.mx\/wp-content\/uploads\/2026\/03\/26bd409c-e0b5-4c23-b42a-38aa62fa55eb.jpeg?w=1041&amp;ssl=1 1041w\" sizes=\"(max-width: 833px) 100vw, 833px\" \/><\/figure>\n<\/figure>\n\n\n\n<p>Por eso&nbsp;<strong>Zona Creativa comunidades<\/strong>&nbsp;propone reunir a esos creadores y a sus seguidores en un mismo espacio f\u00edsico, donde la creatividad se vive en tiempo real. Talleres, din\u00e1micas y experiencias sensoriales forman parte de un programa pensado para despertar la curiosidad y motivar a las personas a explorar su lado creativo.<\/p>\n\n\n\n<p>Adem\u00e1s, el evento busca demostrar que no necesitas ser artista profesional para crear. La creatividad tambi\u00e9n puede ser un h\u00e1bito cotidiano, una forma de relajarse o incluso una herramienta para conectar con otras personas.<\/p>\n\n\n\n<h2 class=\"wp-block-heading\">Zona Creativa comunidades conecta lo digital<\/h2>\n\n\n\n<p>Sin embargo, el proyecto no surge de la nada. Detr\u00e1s de&nbsp;<strong>Zona Creativa comunidades<\/strong>&nbsp;est\u00e1n Valentina y Sof\u00eda Ferraez, fundadoras de Cordelia Media, quienes lograron construir una comunidad digital con cientos de miles de seguidores compartiendo contenido sobre arte, inspiraci\u00f3n y procesos creativos.<\/p>\n\n\n\n<figure class=\"wp-block-gallery has-nested-images columns-default is-cropped wp-block-gallery-2 is-layout-flex wp-block-gallery-is-layout-flex\">\n<figure class=\"wp-block-image size-large\"><img data-recalc-dims=\"1\" decoding=\"async\" width=\"822\" height=\"1024\" data-id=\"116560\" src=\"https:\/\/i0.wp.com\/zeromagazine.mx\/wp-content\/uploads\/2026\/03\/c8d57630-ab5a-48d4-bff4-0f0940924b13-822x1024.jpeg?resize=822%2C1024&#038;ssl=1\" alt=\"\" class=\"wp-image-116560\" srcset=\"https:\/\/i0.wp.com\/zeromagazine.mx\/wp-content\/uploads\/2026\/03\/c8d57630-ab5a-48d4-bff4-0f0940924b13.jpeg?resize=822%2C1024&amp;ssl=1 822w, https:\/\/i0.wp.com\/zeromagazine.mx\/wp-content\/uploads\/2026\/03\/c8d57630-ab5a-48d4-bff4-0f0940924b13.jpeg?resize=241%2C300&amp;ssl=1 241w, https:\/\/i0.wp.com\/zeromagazine.mx\/wp-content\/uploads\/2026\/03\/c8d57630-ab5a-48d4-bff4-0f0940924b13.jpeg?resize=768%2C956&amp;ssl=1 768w, https:\/\/i0.wp.com\/zeromagazine.mx\/wp-content\/uploads\/2026\/03\/c8d57630-ab5a-48d4-bff4-0f0940924b13.jpeg?w=1028&amp;ssl=1 1028w\" sizes=\"(max-width: 822px) 100vw, 822px\" \/><\/figure>\n<\/figure>\n\n\n\n<p>Asimismo, lo que empez\u00f3 como un proyecto durante la pandemia se transform\u00f3 en un ecosistema donde miles de personas encontraron motivaci\u00f3n para volver a crear. La filosof\u00eda es clara: la creatividad no tiene edad, y reinventarse tambi\u00e9n es parte del proceso.<\/p>\n\n\n\n<p>Adem\u00e1s, esta primera edici\u00f3n contar\u00e1 con una alianza con&nbsp;Pinterest, una plataforma conocida por inspirar ideas en todo el mundo. La colaboraci\u00f3n busca llevar esa inspiraci\u00f3n del entorno digital al plano f\u00edsico, permitiendo que los asistentes pasen de guardar ideas\u2026 a hacerlas realidad.<\/p>\n\n\n\n<p>Durante el evento participar\u00e1n artistas y creadores que impartir\u00e1n talleres especializados, desde pintura y acuarela hasta dise\u00f1o textil y t\u00e9cnicas manuales. La intenci\u00f3n no es solo aprender una t\u00e9cnica, sino experimentar el proceso creativo en comunidad.<\/p>\n\n\n\n<p>Finalmente,&nbsp;<strong>Zona Creativa comunidades<\/strong>&nbsp;abre una nueva conversaci\u00f3n sobre el papel del arte en la actualidad. Hoy la creatividad no solo se comparte, tambi\u00e9n construye v\u00ednculos, genera identidad y crea espacios donde las personas pueden sentirse parte de algo.<\/p>\n\n\n\n<p>Y justamente eso es lo que hace especial este encuentro: no es solo un evento, es el punto donde las comunidades que crecieron en internet se encuentran cara a cara por primera vez.<\/p>\n\n\n\n<figure class=\"wp-block-gallery has-nested-images columns-default is-cropped wp-block-gallery-3 is-layout-flex wp-block-gallery-is-layout-flex\"><\/figure>","protected":false},"excerpt":{"rendered":"<p>En un momento donde casi todo pasa en la pantalla, cada vez se vuelve m\u00e1s necesario volver a lo real. Talleres presenciales, experiencias inmersivas y espacios donde la creatividad se comparte cara a cara est\u00e1n ganando fuerza, y justo en ese contexto nace&nbsp;Zona Creativa comunidades, un encuentro que busca reunir a artistas, creadores y seguidores [&hellip;]<\/p>\n","protected":false},"author":4,"featured_media":116559,"comment_status":"open","ping_status":"open","sticky":false,"template":"","format":"standard","meta":{"_jetpack_memberships_contains_paid_content":false,"footnotes":"","jetpack_publicize_message":"","jetpack_publicize_feature_enabled":true,"jetpack_social_post_already_shared":true,"jetpack_social_options":{"image_generator_settings":{"template":"highway","default_image_id":0,"font":"","enabled":false},"version":2}},"categories":[117],"tags":[],"class_list":["post-116558","post","type-post","status-publish","format-standard","has-post-thumbnail","hentry","category-entretenimiento","has-post-title","has-post-date","has-post-category","has-post-tag","has-post-comment","has-post-author",""],"yoast_head":"<!-- This site is optimized with the Yoast SEO plugin v27.4 - https:\/\/yoast.com\/product\/yoast-seo-wordpress\/ -->\n<title>Zona Creativa: una comunidad de comunidades que transforma la creatividad en experiencia compartida - Zero Magazine<\/title>\n<meta name=\"description\" content=\"Zona Creativa comunidades re\u00fane artistas y creadores en un evento en CDMX donde la creatividad sale de redes sociales y se convierte en experiencia real.\" \/>\n<meta name=\"robots\" content=\"index, follow, max-snippet:-1, max-image-preview:large, max-video-preview:-1\" \/>\n<link rel=\"canonical\" href=\"https:\/\/zeromagazine.mx\/index.php\/2026\/03\/11\/zona-creativa-comunidades-evento-creativo-mexico\/\" \/>\n<meta property=\"og:locale\" content=\"es_ES\" \/>\n<meta property=\"og:type\" content=\"article\" \/>\n<meta property=\"og:title\" content=\"Zona Creativa: una comunidad de comunidades que transforma la creatividad en experiencia compartida - Zero Magazine\" \/>\n<meta property=\"og:description\" content=\"Zona Creativa comunidades re\u00fane artistas y creadores en un evento en CDMX donde la creatividad sale de redes sociales y se convierte en experiencia real.\" \/>\n<meta property=\"og:url\" content=\"https:\/\/zeromagazine.mx\/index.php\/2026\/03\/11\/zona-creativa-comunidades-evento-creativo-mexico\/\" \/>\n<meta property=\"og:site_name\" content=\"Zero Magazine\" \/>\n<meta property=\"article:published_time\" content=\"2026-03-11T19:39:05+00:00\" \/>\n<meta property=\"article:modified_time\" content=\"2026-03-11T19:39:07+00:00\" \/>\n<meta property=\"og:image\" content=\"http:\/\/zeromagazine.mx\/wp-content\/uploads\/2026\/03\/IMG_0174-scaled.jpeg\" \/>\n\t<meta property=\"og:image:width\" content=\"1920\" \/>\n\t<meta property=\"og:image:height\" content=\"2560\" \/>\n\t<meta property=\"og:image:type\" content=\"image\/jpeg\" \/>\n<meta name=\"author\" content=\"David Morales\" \/>\n<meta name=\"twitter:card\" content=\"summary_large_image\" \/>\n<meta name=\"twitter:label1\" content=\"Escrito por\" \/>\n\t<meta name=\"twitter:data1\" content=\"David Morales\" \/>\n\t<meta name=\"twitter:label2\" content=\"Tiempo de lectura\" \/>\n\t<meta name=\"twitter:data2\" content=\"4 minutos\" \/>\n<script type=\"application\/ld+json\" class=\"yoast-schema-graph\">{\"@context\":\"https:\\\/\\\/schema.org\",\"@graph\":[{\"@type\":\"Article\",\"@id\":\"https:\\\/\\\/zeromagazine.mx\\\/index.php\\\/2026\\\/03\\\/11\\\/zona-creativa-comunidades-evento-creativo-mexico\\\/#article\",\"isPartOf\":{\"@id\":\"https:\\\/\\\/zeromagazine.mx\\\/index.php\\\/2026\\\/03\\\/11\\\/zona-creativa-comunidades-evento-creativo-mexico\\\/\"},\"author\":{\"name\":\"David Morales\",\"@id\":\"https:\\\/\\\/zeromagazine.mx\\\/#\\\/schema\\\/person\\\/9f7f1a17c60ba8e9980e3e6677aabe5a\"},\"headline\":\"Zona Creativa: una comunidad de comunidades que transforma la creatividad en experiencia compartida\",\"datePublished\":\"2026-03-11T19:39:05+00:00\",\"dateModified\":\"2026-03-11T19:39:07+00:00\",\"mainEntityOfPage\":{\"@id\":\"https:\\\/\\\/zeromagazine.mx\\\/index.php\\\/2026\\\/03\\\/11\\\/zona-creativa-comunidades-evento-creativo-mexico\\\/\"},\"wordCount\":653,\"commentCount\":0,\"publisher\":{\"@id\":\"https:\\\/\\\/zeromagazine.mx\\\/#organization\"},\"image\":{\"@id\":\"https:\\\/\\\/zeromagazine.mx\\\/index.php\\\/2026\\\/03\\\/11\\\/zona-creativa-comunidades-evento-creativo-mexico\\\/#primaryimage\"},\"thumbnailUrl\":\"https:\\\/\\\/i0.wp.com\\\/zeromagazine.mx\\\/wp-content\\\/uploads\\\/2026\\\/03\\\/IMG_0174-scaled.jpeg?fit=1920%2C2560&ssl=1\",\"articleSection\":[\"Entretenimiento\"],\"inLanguage\":\"es\",\"potentialAction\":[{\"@type\":\"CommentAction\",\"name\":\"Comment\",\"target\":[\"https:\\\/\\\/zeromagazine.mx\\\/index.php\\\/2026\\\/03\\\/11\\\/zona-creativa-comunidades-evento-creativo-mexico\\\/#respond\"]}]},{\"@type\":\"WebPage\",\"@id\":\"https:\\\/\\\/zeromagazine.mx\\\/index.php\\\/2026\\\/03\\\/11\\\/zona-creativa-comunidades-evento-creativo-mexico\\\/\",\"url\":\"https:\\\/\\\/zeromagazine.mx\\\/index.php\\\/2026\\\/03\\\/11\\\/zona-creativa-comunidades-evento-creativo-mexico\\\/\",\"name\":\"Zona Creativa: una comunidad de comunidades que transforma la creatividad en experiencia compartida - Zero Magazine\",\"isPartOf\":{\"@id\":\"https:\\\/\\\/zeromagazine.mx\\\/#website\"},\"primaryImageOfPage\":{\"@id\":\"https:\\\/\\\/zeromagazine.mx\\\/index.php\\\/2026\\\/03\\\/11\\\/zona-creativa-comunidades-evento-creativo-mexico\\\/#primaryimage\"},\"image\":{\"@id\":\"https:\\\/\\\/zeromagazine.mx\\\/index.php\\\/2026\\\/03\\\/11\\\/zona-creativa-comunidades-evento-creativo-mexico\\\/#primaryimage\"},\"thumbnailUrl\":\"https:\\\/\\\/i0.wp.com\\\/zeromagazine.mx\\\/wp-content\\\/uploads\\\/2026\\\/03\\\/IMG_0174-scaled.jpeg?fit=1920%2C2560&ssl=1\",\"datePublished\":\"2026-03-11T19:39:05+00:00\",\"dateModified\":\"2026-03-11T19:39:07+00:00\",\"description\":\"Zona Creativa comunidades re\u00fane artistas y creadores en un evento en CDMX donde la creatividad sale de redes sociales y se convierte en experiencia real.\",\"breadcrumb\":{\"@id\":\"https:\\\/\\\/zeromagazine.mx\\\/index.php\\\/2026\\\/03\\\/11\\\/zona-creativa-comunidades-evento-creativo-mexico\\\/#breadcrumb\"},\"inLanguage\":\"es\",\"potentialAction\":[{\"@type\":\"ReadAction\",\"target\":[\"https:\\\/\\\/zeromagazine.mx\\\/index.php\\\/2026\\\/03\\\/11\\\/zona-creativa-comunidades-evento-creativo-mexico\\\/\"]}]},{\"@type\":\"ImageObject\",\"inLanguage\":\"es\",\"@id\":\"https:\\\/\\\/zeromagazine.mx\\\/index.php\\\/2026\\\/03\\\/11\\\/zona-creativa-comunidades-evento-creativo-mexico\\\/#primaryimage\",\"url\":\"https:\\\/\\\/i0.wp.com\\\/zeromagazine.mx\\\/wp-content\\\/uploads\\\/2026\\\/03\\\/IMG_0174-scaled.jpeg?fit=1920%2C2560&ssl=1\",\"contentUrl\":\"https:\\\/\\\/i0.wp.com\\\/zeromagazine.mx\\\/wp-content\\\/uploads\\\/2026\\\/03\\\/IMG_0174-scaled.jpeg?fit=1920%2C2560&ssl=1\",\"width\":1920,\"height\":2560},{\"@type\":\"BreadcrumbList\",\"@id\":\"https:\\\/\\\/zeromagazine.mx\\\/index.php\\\/2026\\\/03\\\/11\\\/zona-creativa-comunidades-evento-creativo-mexico\\\/#breadcrumb\",\"itemListElement\":[{\"@type\":\"ListItem\",\"position\":1,\"name\":\"Portada\",\"item\":\"https:\\\/\\\/zeromagazine.mx\\\/\"},{\"@type\":\"ListItem\",\"position\":2,\"name\":\"Zona Creativa: una comunidad de comunidades que transforma la creatividad en experiencia compartida\"}]},{\"@type\":\"WebSite\",\"@id\":\"https:\\\/\\\/zeromagazine.mx\\\/#website\",\"url\":\"https:\\\/\\\/zeromagazine.mx\\\/\",\"name\":\"Zero Magazine\",\"description\":\"\",\"publisher\":{\"@id\":\"https:\\\/\\\/zeromagazine.mx\\\/#organization\"},\"potentialAction\":[{\"@type\":\"SearchAction\",\"target\":{\"@type\":\"EntryPoint\",\"urlTemplate\":\"https:\\\/\\\/zeromagazine.mx\\\/?s={search_term_string}\"},\"query-input\":{\"@type\":\"PropertyValueSpecification\",\"valueRequired\":true,\"valueName\":\"search_term_string\"}}],\"inLanguage\":\"es\"},{\"@type\":\"Organization\",\"@id\":\"https:\\\/\\\/zeromagazine.mx\\\/#organization\",\"name\":\"Zero Magazine\",\"url\":\"https:\\\/\\\/zeromagazine.mx\\\/\",\"logo\":{\"@type\":\"ImageObject\",\"inLanguage\":\"es\",\"@id\":\"https:\\\/\\\/zeromagazine.mx\\\/#\\\/schema\\\/logo\\\/image\\\/\",\"url\":\"https:\\\/\\\/i0.wp.com\\\/zeromagazine.mx\\\/wp-content\\\/uploads\\\/2025\\\/11\\\/1.jpeg?fit=1000%2C1000&ssl=1\",\"contentUrl\":\"https:\\\/\\\/i0.wp.com\\\/zeromagazine.mx\\\/wp-content\\\/uploads\\\/2025\\\/11\\\/1.jpeg?fit=1000%2C1000&ssl=1\",\"width\":1000,\"height\":1000,\"caption\":\"Zero Magazine\"},\"image\":{\"@id\":\"https:\\\/\\\/zeromagazine.mx\\\/#\\\/schema\\\/logo\\\/image\\\/\"},\"sameAs\":[\"https:\\\/\\\/instagram.com\\\/zeromagazinemx\"]},{\"@type\":\"Person\",\"@id\":\"https:\\\/\\\/zeromagazine.mx\\\/#\\\/schema\\\/person\\\/9f7f1a17c60ba8e9980e3e6677aabe5a\",\"name\":\"David Morales\",\"image\":{\"@type\":\"ImageObject\",\"inLanguage\":\"es\",\"@id\":\"https:\\\/\\\/zeromagazine.mx\\\/wp-content\\\/litespeed\\\/avatar\\\/76069d2136bfc1c37dc34815bb67ca42.jpg?ver=1776966186\",\"url\":\"https:\\\/\\\/zeromagazine.mx\\\/wp-content\\\/litespeed\\\/avatar\\\/76069d2136bfc1c37dc34815bb67ca42.jpg?ver=1776966186\",\"contentUrl\":\"https:\\\/\\\/zeromagazine.mx\\\/wp-content\\\/litespeed\\\/avatar\\\/76069d2136bfc1c37dc34815bb67ca42.jpg?ver=1776966186\",\"caption\":\"David Morales\"},\"url\":\"https:\\\/\\\/zeromagazine.mx\\\/index.php\\\/author\\\/david\\\/\"}]}<\/script>\n<!-- \/ Yoast SEO plugin. -->","yoast_head_json":{"title":"Zona Creativa: una comunidad de comunidades que transforma la creatividad en experiencia compartida - Zero Magazine","description":"Zona Creativa comunidades re\u00fane artistas y creadores en un evento en CDMX donde la creatividad sale de redes sociales y se convierte en experiencia real.","robots":{"index":"index","follow":"follow","max-snippet":"max-snippet:-1","max-image-preview":"max-image-preview:large","max-video-preview":"max-video-preview:-1"},"canonical":"https:\/\/zeromagazine.mx\/index.php\/2026\/03\/11\/zona-creativa-comunidades-evento-creativo-mexico\/","og_locale":"es_ES","og_type":"article","og_title":"Zona Creativa: una comunidad de comunidades que transforma la creatividad en experiencia compartida - Zero Magazine","og_description":"Zona Creativa comunidades re\u00fane artistas y creadores en un evento en CDMX donde la creatividad sale de redes sociales y se convierte en experiencia real.","og_url":"https:\/\/zeromagazine.mx\/index.php\/2026\/03\/11\/zona-creativa-comunidades-evento-creativo-mexico\/","og_site_name":"Zero Magazine","article_published_time":"2026-03-11T19:39:05+00:00","article_modified_time":"2026-03-11T19:39:07+00:00","og_image":[{"width":1920,"height":2560,"url":"http:\/\/zeromagazine.mx\/wp-content\/uploads\/2026\/03\/IMG_0174-scaled.jpeg","type":"image\/jpeg"}],"author":"David Morales","twitter_card":"summary_large_image","twitter_misc":{"Escrito por":"David Morales","Tiempo de lectura":"4 minutos"},"schema":{"@context":"https:\/\/schema.org","@graph":[{"@type":"Article","@id":"https:\/\/zeromagazine.mx\/index.php\/2026\/03\/11\/zona-creativa-comunidades-evento-creativo-mexico\/#article","isPartOf":{"@id":"https:\/\/zeromagazine.mx\/index.php\/2026\/03\/11\/zona-creativa-comunidades-evento-creativo-mexico\/"},"author":{"name":"David Morales","@id":"https:\/\/zeromagazine.mx\/#\/schema\/person\/9f7f1a17c60ba8e9980e3e6677aabe5a"},"headline":"Zona Creativa: una comunidad de comunidades que transforma la creatividad en experiencia compartida","datePublished":"2026-03-11T19:39:05+00:00","dateModified":"2026-03-11T19:39:07+00:00","mainEntityOfPage":{"@id":"https:\/\/zeromagazine.mx\/index.php\/2026\/03\/11\/zona-creativa-comunidades-evento-creativo-mexico\/"},"wordCount":653,"commentCount":0,"publisher":{"@id":"https:\/\/zeromagazine.mx\/#organization"},"image":{"@id":"https:\/\/zeromagazine.mx\/index.php\/2026\/03\/11\/zona-creativa-comunidades-evento-creativo-mexico\/#primaryimage"},"thumbnailUrl":"https:\/\/i0.wp.com\/zeromagazine.mx\/wp-content\/uploads\/2026\/03\/IMG_0174-scaled.jpeg?fit=1920%2C2560&ssl=1","articleSection":["Entretenimiento"],"inLanguage":"es","potentialAction":[{"@type":"CommentAction","name":"Comment","target":["https:\/\/zeromagazine.mx\/index.php\/2026\/03\/11\/zona-creativa-comunidades-evento-creativo-mexico\/#respond"]}]},{"@type":"WebPage","@id":"https:\/\/zeromagazine.mx\/index.php\/2026\/03\/11\/zona-creativa-comunidades-evento-creativo-mexico\/","url":"https:\/\/zeromagazine.mx\/index.php\/2026\/03\/11\/zona-creativa-comunidades-evento-creativo-mexico\/","name":"Zona Creativa: una comunidad de comunidades que transforma la creatividad en experiencia compartida - Zero Magazine","isPartOf":{"@id":"https:\/\/zeromagazine.mx\/#website"},"primaryImageOfPage":{"@id":"https:\/\/zeromagazine.mx\/index.php\/2026\/03\/11\/zona-creativa-comunidades-evento-creativo-mexico\/#primaryimage"},"image":{"@id":"https:\/\/zeromagazine.mx\/index.php\/2026\/03\/11\/zona-creativa-comunidades-evento-creativo-mexico\/#primaryimage"},"thumbnailUrl":"https:\/\/i0.wp.com\/zeromagazine.mx\/wp-content\/uploads\/2026\/03\/IMG_0174-scaled.jpeg?fit=1920%2C2560&ssl=1","datePublished":"2026-03-11T19:39:05+00:00","dateModified":"2026-03-11T19:39:07+00:00","description":"Zona Creativa comunidades re\u00fane artistas y creadores en un evento en CDMX donde la creatividad sale de redes sociales y se convierte en experiencia real.","breadcrumb":{"@id":"https:\/\/zeromagazine.mx\/index.php\/2026\/03\/11\/zona-creativa-comunidades-evento-creativo-mexico\/#breadcrumb"},"inLanguage":"es","potentialAction":[{"@type":"ReadAction","target":["https:\/\/zeromagazine.mx\/index.php\/2026\/03\/11\/zona-creativa-comunidades-evento-creativo-mexico\/"]}]},{"@type":"ImageObject","inLanguage":"es","@id":"https:\/\/zeromagazine.mx\/index.php\/2026\/03\/11\/zona-creativa-comunidades-evento-creativo-mexico\/#primaryimage","url":"https:\/\/i0.wp.com\/zeromagazine.mx\/wp-content\/uploads\/2026\/03\/IMG_0174-scaled.jpeg?fit=1920%2C2560&ssl=1","contentUrl":"https:\/\/i0.wp.com\/zeromagazine.mx\/wp-content\/uploads\/2026\/03\/IMG_0174-scaled.jpeg?fit=1920%2C2560&ssl=1","width":1920,"height":2560},{"@type":"BreadcrumbList","@id":"https:\/\/zeromagazine.mx\/index.php\/2026\/03\/11\/zona-creativa-comunidades-evento-creativo-mexico\/#breadcrumb","itemListElement":[{"@type":"ListItem","position":1,"name":"Portada","item":"https:\/\/zeromagazine.mx\/"},{"@type":"ListItem","position":2,"name":"Zona Creativa: una comunidad de comunidades que transforma la creatividad en experiencia compartida"}]},{"@type":"WebSite","@id":"https:\/\/zeromagazine.mx\/#website","url":"https:\/\/zeromagazine.mx\/","name":"Zero Magazine","description":"","publisher":{"@id":"https:\/\/zeromagazine.mx\/#organization"},"potentialAction":[{"@type":"SearchAction","target":{"@type":"EntryPoint","urlTemplate":"https:\/\/zeromagazine.mx\/?s={search_term_string}"},"query-input":{"@type":"PropertyValueSpecification","valueRequired":true,"valueName":"search_term_string"}}],"inLanguage":"es"},{"@type":"Organization","@id":"https:\/\/zeromagazine.mx\/#organization","name":"Zero Magazine","url":"https:\/\/zeromagazine.mx\/","logo":{"@type":"ImageObject","inLanguage":"es","@id":"https:\/\/zeromagazine.mx\/#\/schema\/logo\/image\/","url":"https:\/\/i0.wp.com\/zeromagazine.mx\/wp-content\/uploads\/2025\/11\/1.jpeg?fit=1000%2C1000&ssl=1","contentUrl":"https:\/\/i0.wp.com\/zeromagazine.mx\/wp-content\/uploads\/2025\/11\/1.jpeg?fit=1000%2C1000&ssl=1","width":1000,"height":1000,"caption":"Zero Magazine"},"image":{"@id":"https:\/\/zeromagazine.mx\/#\/schema\/logo\/image\/"},"sameAs":["https:\/\/instagram.com\/zeromagazinemx"]},{"@type":"Person","@id":"https:\/\/zeromagazine.mx\/#\/schema\/person\/9f7f1a17c60ba8e9980e3e6677aabe5a","name":"David Morales","image":{"@type":"ImageObject","inLanguage":"es","@id":"https:\/\/zeromagazine.mx\/wp-content\/litespeed\/avatar\/76069d2136bfc1c37dc34815bb67ca42.jpg?ver=1776966186","url":"https:\/\/zeromagazine.mx\/wp-content\/litespeed\/avatar\/76069d2136bfc1c37dc34815bb67ca42.jpg?ver=1776966186","contentUrl":"https:\/\/zeromagazine.mx\/wp-content\/litespeed\/avatar\/76069d2136bfc1c37dc34815bb67ca42.jpg?ver=1776966186","caption":"David Morales"},"url":"https:\/\/zeromagazine.mx\/index.php\/author\/david\/"}]}},"jetpack_publicize_connections":[],"jetpack_featured_media_url":"https:\/\/i0.wp.com\/zeromagazine.mx\/wp-content\/uploads\/2026\/03\/IMG_0174-scaled.jpeg?fit=1920%2C2560&ssl=1","jetpack-related-posts":[{"id":117366,"url":"https:\/\/zeromagazine.mx\/index.php\/2026\/03\/27\/zona-creativa-experiencia-colectiva-cdmx\/","url_meta":{"origin":116558,"position":0},"title":"Zona Creativa re\u00fane a m\u00e1s de 1,200 personas y consolida la creatividad como experiencia colectiva","author":"David Morales","date":"27 de marzo de 2026","format":false,"excerpt":"En la\u00a0Ciudad de M\u00e9xico, donde las ideas fluyen tan r\u00e1pido como el ritmo urbano, hay proyectos que logran detener el tiempo y convertir la creatividad en algo tangible. Ese fue el caso de\u00a0Zona Creativa, un encuentro que reuni\u00f3 a m\u00e1s de 1,200 personas con un objetivo claro: crear, conectar y\u2026","rel":"","context":"En \u00abBlog\u00bb","block_context":{"text":"Blog","link":"https:\/\/zeromagazine.mx\/index.php\/category\/blog\/"},"img":{"alt_text":"","src":"https:\/\/i0.wp.com\/zeromagazine.mx\/wp-content\/uploads\/2026\/03\/IMG_1871-1.jpeg?fit=1024%2C776&ssl=1&resize=350%2C200","width":350,"height":200,"srcset":"https:\/\/i0.wp.com\/zeromagazine.mx\/wp-content\/uploads\/2026\/03\/IMG_1871-1.jpeg?fit=1024%2C776&ssl=1&resize=350%2C200 1x, https:\/\/i0.wp.com\/zeromagazine.mx\/wp-content\/uploads\/2026\/03\/IMG_1871-1.jpeg?fit=1024%2C776&ssl=1&resize=525%2C300 1.5x, https:\/\/i0.wp.com\/zeromagazine.mx\/wp-content\/uploads\/2026\/03\/IMG_1871-1.jpeg?fit=1024%2C776&ssl=1&resize=700%2C400 2x"},"classes":[]},{"id":114534,"url":"https:\/\/zeromagazine.mx\/index.php\/2026\/01\/31\/zona-maco-2026-alexander-hotel-volga-programacion\/","url_meta":{"origin":116558,"position":1},"title":"Alexander Hotel y Hotel Volga presentan una programaci\u00f3n curatorial especial en el marco de Zona MACO 2026","author":"David Morales","date":"31 de enero de 2026","format":false,"excerpt":"Zona MACO no solo pasa en una feria: se siente en la ciudad. Durante la Semana del Arte,\u00a0Zona MACO 2026\u00a0se expande m\u00e1s all\u00e1 de los stands y convierte a Alexander Hotel y Hotel Volga en espacios vivos donde el arte contempor\u00e1neo, la m\u00fasica y la comunidad creativa se encuentran de\u2026","rel":"","context":"En \u00abBlog\u00bb","block_context":{"text":"Blog","link":"https:\/\/zeromagazine.mx\/index.php\/category\/blog\/"},"img":{"alt_text":"","src":"https:\/\/i0.wp.com\/zeromagazine.mx\/wp-content\/uploads\/2026\/01\/IMG_1274-1.jpeg?fit=959%2C496&ssl=1&resize=350%2C200","width":350,"height":200,"srcset":"https:\/\/i0.wp.com\/zeromagazine.mx\/wp-content\/uploads\/2026\/01\/IMG_1274-1.jpeg?fit=959%2C496&ssl=1&resize=350%2C200 1x, https:\/\/i0.wp.com\/zeromagazine.mx\/wp-content\/uploads\/2026\/01\/IMG_1274-1.jpeg?fit=959%2C496&ssl=1&resize=525%2C300 1.5x, https:\/\/i0.wp.com\/zeromagazine.mx\/wp-content\/uploads\/2026\/01\/IMG_1274-1.jpeg?fit=959%2C496&ssl=1&resize=700%2C400 2x"},"classes":[]},{"id":107532,"url":"https:\/\/zeromagazine.mx\/index.php\/2025\/08\/27\/5-razones-volvo-fashion-week-mexico\/","url_meta":{"origin":116558,"position":2},"title":"5 razones para no perderte Volvo Fashion Week M\u00e9xico 2025","author":"David Morales","date":"27 de agosto de 2025","format":false,"excerpt":"Si eres de los que respira moda y ama descubrir talento mexicano, Volvo Fashion Week M\u00e9xico 2025 es el plan que no te puedes perder. Este a\u00f1o, la semana de la moda se vive en Santa Mar\u00eda la Ribera, un barrio que mezcla historia, arte y cultura local, y se\u2026","rel":"","context":"En \u00abModa\u00bb","block_context":{"text":"Moda","link":"https:\/\/zeromagazine.mx\/index.php\/category\/moda\/"},"img":{"alt_text":"","src":"https:\/\/i0.wp.com\/zeromagazine.mx\/wp-content\/uploads\/2025\/08\/img_6828-1.png?fit=959%2C1200&ssl=1&resize=350%2C200","width":350,"height":200,"srcset":"https:\/\/i0.wp.com\/zeromagazine.mx\/wp-content\/uploads\/2025\/08\/img_6828-1.png?fit=959%2C1200&ssl=1&resize=350%2C200 1x, https:\/\/i0.wp.com\/zeromagazine.mx\/wp-content\/uploads\/2025\/08\/img_6828-1.png?fit=959%2C1200&ssl=1&resize=525%2C300 1.5x, https:\/\/i0.wp.com\/zeromagazine.mx\/wp-content\/uploads\/2025\/08\/img_6828-1.png?fit=959%2C1200&ssl=1&resize=700%2C400 2x"},"classes":[]},{"id":113085,"url":"https:\/\/zeromagazine.mx\/index.php\/2026\/01\/12\/room-333-coffee-party\/","url_meta":{"origin":116558,"position":3},"title":"Regresa bazar ROOM 333 con su tercera edici\u00f3n con la experiencia Coffee party, une m\u00fasica, dise\u00f1o y gastronom\u00eda el 31 de enero y 01 de febrero en la Anzures.","author":"David Morales","date":"12 de enero de 2026","format":false,"excerpt":"Si te laten los planes que mezclan dise\u00f1o, m\u00fasica rica y comida que s\u00ed se antoja, esto te interesa.\u00a0Room 333\u00a0regresa con su tercera edici\u00f3n y lo hace subiendo el nivel con una experiencia que se siente fresca, consciente y muy bien curada: Coffee Party. El punto de encuentro ser\u00e1 el\u2026","rel":"","context":"En \u00abEntretenimiento\u00bb","block_context":{"text":"Entretenimiento","link":"https:\/\/zeromagazine.mx\/index.php\/category\/entretenimiento\/"},"img":{"alt_text":"","src":"https:\/\/i0.wp.com\/zeromagazine.mx\/wp-content\/uploads\/2026\/01\/IMG_6752-scaled.jpeg?fit=1200%2C800&ssl=1&resize=350%2C200","width":350,"height":200,"srcset":"https:\/\/i0.wp.com\/zeromagazine.mx\/wp-content\/uploads\/2026\/01\/IMG_6752-scaled.jpeg?fit=1200%2C800&ssl=1&resize=350%2C200 1x, https:\/\/i0.wp.com\/zeromagazine.mx\/wp-content\/uploads\/2026\/01\/IMG_6752-scaled.jpeg?fit=1200%2C800&ssl=1&resize=525%2C300 1.5x, https:\/\/i0.wp.com\/zeromagazine.mx\/wp-content\/uploads\/2026\/01\/IMG_6752-scaled.jpeg?fit=1200%2C800&ssl=1&resize=700%2C400 2x, https:\/\/i0.wp.com\/zeromagazine.mx\/wp-content\/uploads\/2026\/01\/IMG_6752-scaled.jpeg?fit=1200%2C800&ssl=1&resize=1050%2C600 3x"},"classes":[]},{"id":115230,"url":"https:\/\/zeromagazine.mx\/index.php\/2026\/02\/12\/instalacion-veja-180-arte-inmersivo\/","url_meta":{"origin":116558,"position":4},"title":"VEJA presenta una instalaci\u00f3n de arte en 180\u00b0: Nature as a Creative Force","author":"David Morales","date":"12 de febrero de 2026","format":false,"excerpt":"La escena creativa de la Ciudad de M\u00e9xico suma una experiencia que definitivamente no pasa desapercibida. La nueva propuesta de\u00a0VEJA\u00a0aterriza con una intervenci\u00f3n art\u00edstica que convierte el espacio de\u00a0180\u00b0\u00a0en algo mucho m\u00e1s que una tienda: un ecosistema vivo donde la naturaleza toma el control del dise\u00f1o. Lejos de ser una\u2026","rel":"","context":"En \u00abBlog\u00bb","block_context":{"text":"Blog","link":"https:\/\/zeromagazine.mx\/index.php\/category\/blog\/"},"img":{"alt_text":"","src":"https:\/\/i0.wp.com\/zeromagazine.mx\/wp-content\/uploads\/2026\/02\/EPI_4496-scaled.jpeg?fit=1200%2C1034&ssl=1&resize=350%2C200","width":350,"height":200,"srcset":"https:\/\/i0.wp.com\/zeromagazine.mx\/wp-content\/uploads\/2026\/02\/EPI_4496-scaled.jpeg?fit=1200%2C1034&ssl=1&resize=350%2C200 1x, https:\/\/i0.wp.com\/zeromagazine.mx\/wp-content\/uploads\/2026\/02\/EPI_4496-scaled.jpeg?fit=1200%2C1034&ssl=1&resize=525%2C300 1.5x, https:\/\/i0.wp.com\/zeromagazine.mx\/wp-content\/uploads\/2026\/02\/EPI_4496-scaled.jpeg?fit=1200%2C1034&ssl=1&resize=700%2C400 2x, https:\/\/i0.wp.com\/zeromagazine.mx\/wp-content\/uploads\/2026\/02\/EPI_4496-scaled.jpeg?fit=1200%2C1034&ssl=1&resize=1050%2C600 3x"},"classes":[]},{"id":114658,"url":"https:\/\/zeromagazine.mx\/index.php\/2026\/02\/02\/omoda-jaecoo-bahidora-2026\/","url_meta":{"origin":116558,"position":5},"title":"OMODA y JAECOO te llevan a vivir Bahidor\u00e1 2026","author":"David Morales","date":"2 de febrero de 2026","format":false,"excerpt":"Bahidor\u00e1 no es solo un festival, es un mood. Naturaleza, m\u00fasica, outfits pensados con intenci\u00f3n y d\u00edas que se viven sin reloj. Para 2026, la experiencia sube de nivel gracias a\u00a0OMODA JAECOO Bahidor\u00e1, una iniciativa que conecta movilidad, creatividad y cultura festivalera de una forma muy alineada con c\u00f3mo hoy\u2026","rel":"","context":"En \u00abEntretenimiento\u00bb","block_context":{"text":"Entretenimiento","link":"https:\/\/zeromagazine.mx\/index.php\/category\/entretenimiento\/"},"img":{"alt_text":"","src":"https:\/\/i0.wp.com\/zeromagazine.mx\/wp-content\/uploads\/2026\/02\/IMG_1295.png?fit=1200%2C675&ssl=1&resize=350%2C200","width":350,"height":200,"srcset":"https:\/\/i0.wp.com\/zeromagazine.mx\/wp-content\/uploads\/2026\/02\/IMG_1295.png?fit=1200%2C675&ssl=1&resize=350%2C200 1x, https:\/\/i0.wp.com\/zeromagazine.mx\/wp-content\/uploads\/2026\/02\/IMG_1295.png?fit=1200%2C675&ssl=1&resize=525%2C300 1.5x, https:\/\/i0.wp.com\/zeromagazine.mx\/wp-content\/uploads\/2026\/02\/IMG_1295.png?fit=1200%2C675&ssl=1&resize=700%2C400 2x, https:\/\/i0.wp.com\/zeromagazine.mx\/wp-content\/uploads\/2026\/02\/IMG_1295.png?fit=1200%2C675&ssl=1&resize=1050%2C600 3x"},"classes":[]}],"jetpack_sharing_enabled":true,"builder_content":"","_links":{"self":[{"href":"https:\/\/zeromagazine.mx\/index.php\/wp-json\/wp\/v2\/posts\/116558","targetHints":{"allow":["GET"]}}],"collection":[{"href":"https:\/\/zeromagazine.mx\/index.php\/wp-json\/wp\/v2\/posts"}],"about":[{"href":"https:\/\/zeromagazine.mx\/index.php\/wp-json\/wp\/v2\/types\/post"}],"author":[{"embeddable":true,"href":"https:\/\/zeromagazine.mx\/index.php\/wp-json\/wp\/v2\/users\/4"}],"replies":[{"embeddable":true,"href":"https:\/\/zeromagazine.mx\/index.php\/wp-json\/wp\/v2\/comments?post=116558"}],"version-history":[{"count":2,"href":"https:\/\/zeromagazine.mx\/index.php\/wp-json\/wp\/v2\/posts\/116558\/revisions"}],"predecessor-version":[{"id":116563,"href":"https:\/\/zeromagazine.mx\/index.php\/wp-json\/wp\/v2\/posts\/116558\/revisions\/116563"}],"wp:featuredmedia":[{"embeddable":true,"href":"https:\/\/zeromagazine.mx\/index.php\/wp-json\/wp\/v2\/media\/116559"}],"wp:attachment":[{"href":"https:\/\/zeromagazine.mx\/index.php\/wp-json\/wp\/v2\/media?parent=116558"}],"wp:term":[{"taxonomy":"category","embeddable":true,"href":"https:\/\/zeromagazine.mx\/index.php\/wp-json\/wp\/v2\/categories?post=116558"},{"taxonomy":"post_tag","embeddable":true,"href":"https:\/\/zeromagazine.mx\/index.php\/wp-json\/wp\/v2\/tags?post=116558"}],"curies":[{"name":"wp","href":"https:\/\/api.w.org\/{rel}","templated":true}]}}