{"id":116567,"date":"2026-03-11T19:31:58","date_gmt":"2026-03-12T01:31:58","guid":{"rendered":"https:\/\/zeromagazine.mx\/?p=116567"},"modified":"2026-03-11T19:31:59","modified_gmt":"2026-03-12T01:31:59","slug":"maite-perroni-violencia-digital-caras-brasil","status":"publish","type":"post","link":"https:\/\/zeromagazine.mx\/index.php\/2026\/03\/11\/maite-perroni-violencia-digital-caras-brasil\/","title":{"rendered":"MAITE PERRONI PROTAGONIZA LA PORTADA DE CARAS BRASIL CON UN PODEROSO MENSAJE CONTRA LA VIOLENCIA DIGITAL"},"content":{"rendered":"<p><\/p>\n\n\n\n<p><\/p>\n\n<!--themify_builder_content-->\n<div id=\"themify_builder_content-116567\" data-postid=\"116567\" class=\"themify_builder_content themify_builder_content-116567 themify_builder tf_clear\">\n    <\/div>\n<!--\/themify_builder_content-->\n\n\n<p>La conversaci\u00f3n sobre el odio en redes sociales volvi\u00f3 a tomar fuerza despu\u00e9s de que&nbsp;<strong>Maite Perroni contra violencia digital<\/strong>&nbsp;se convirtiera en uno de los temas m\u00e1s comentados tras su aparici\u00f3n en la portada de la revista brasile\u00f1a. La actriz y cantante decidi\u00f3 hablar sin filtros sobre los ataques que recibi\u00f3 en internet despu\u00e9s de convertirse en mam\u00e1, dejando claro que la violencia digital sigue siendo un problema real, constante y muchas veces normalizado.<\/p>\n\n\n\n<p>La nueva portada de&nbsp;Caras Brasil&nbsp;presenta a&nbsp;Maite Perroni&nbsp;en una sesi\u00f3n exclusiva acompa\u00f1ada de una entrevista donde reflexiona sobre su carrera, la maternidad y la presi\u00f3n que existe sobre el cuerpo de las mujeres en la industria del entretenimiento y en redes sociales.<\/p>\n\n\n\n<p>Adem\u00e1s, su mensaje no se queda en lo personal. La artista aprovecha el momento para hablar de empat\u00eda, autocuidado y del impacto emocional que pueden tener los comentarios en l\u00ednea.<\/p>\n\n\n\n<h2 class=\"wp-block-heading\">Maite Perroni contra violencia digital y la presi\u00f3n en redes<\/h2>\n\n\n\n<p>Primero, hay que entender que la violencia digital no siempre se presenta de forma evidente. Muchas veces aparece en forma de cr\u00edticas disfrazadas de opini\u00f3n, comentarios sobre el f\u00edsico o cuestionamientos sobre decisiones personales.<\/p>\n\n\n\n<p>En el caso de&nbsp;<strong>Maite Perroni contra violencia digital<\/strong>, la conversaci\u00f3n comenz\u00f3 cuando la actriz public\u00f3 un video en sus redes sociales respondiendo a comentarios sobre su cuerpo despu\u00e9s del embarazo. El mensaje gener\u00f3 miles de reacciones porque muchas personas se identificaron con la situaci\u00f3n.<\/p>\n\n\n\n<p>\u201cNo todos los cuerpos viven los mismos procesos\u201d, explic\u00f3 la actriz, dejando claro que cada etapa tiene cambios y que no deber\u00edan convertirse en motivo de ataques.<\/p>\n\n\n\n<p>Adem\u00e1s, este tipo de declaraciones ayudan a romper con la idea de que las figuras p\u00fablicas deben cumplir siempre con expectativas irreales. Mostrar vulnerabilidad tambi\u00e9n es una forma de conectar con el p\u00fablico.<\/p>\n\n\n\n<p>Por eso,&nbsp;<strong>Maite Perroni contra violencia digital<\/strong>&nbsp;no solo habla de un caso individual, sino de un problema que afecta a miles de personas todos los d\u00edas.<\/p>\n\n\n\n<h2 class=\"wp-block-heading\">Maite Perroni contra violencia digital y una nueva etapa personal<\/h2>\n\n\n\n<p>Sin embargo, la entrevista tambi\u00e9n muestra un lado distinto de la artista. Despu\u00e9s de m\u00e1s de dos d\u00e9cadas de carrera, Perroni asegura que hoy mide el \u00e9xito de otra forma.<\/p>\n\n\n\n<p>Ya no se trata \u00fanicamente de proyectos o n\u00fameros, sino de bienestar emocional, estabilidad y equilibrio personal. La maternidad, seg\u00fan cuenta, cambi\u00f3 su manera de ver la vida y tambi\u00e9n su relaci\u00f3n con su cuerpo.<\/p>\n\n\n\n<figure class=\"wp-block-gallery has-nested-images columns-default is-cropped wp-block-gallery-1 is-layout-flex wp-block-gallery-is-layout-flex\">\n<figure class=\"wp-block-image size-large\"><img data-recalc-dims=\"1\" decoding=\"async\" width=\"720\" height=\"960\" data-id=\"116568\" src=\"https:\/\/i0.wp.com\/zeromagazine.mx\/wp-content\/uploads\/2026\/03\/IMG_1692.jpeg?resize=720%2C960&#038;ssl=1\" alt=\"\" class=\"wp-image-116568\" srcset=\"https:\/\/i0.wp.com\/zeromagazine.mx\/wp-content\/uploads\/2026\/03\/IMG_1692.jpeg?w=720&amp;ssl=1 720w, https:\/\/i0.wp.com\/zeromagazine.mx\/wp-content\/uploads\/2026\/03\/IMG_1692.jpeg?resize=225%2C300&amp;ssl=1 225w\" sizes=\"(max-width: 720px) 100vw, 720px\" \/><\/figure>\n<\/figure>\n\n\n\n<p>Asimismo,&nbsp;<strong>Maite Perroni contra violencia digital<\/strong>&nbsp;abre la puerta a una conversaci\u00f3n m\u00e1s grande sobre c\u00f3mo las mujeres viven los cambios f\u00edsicos sin tener que justificarse ante nadie.<\/p>\n\n\n\n<p>En paralelo, la actriz contin\u00faa activa en televisi\u00f3n y streaming, participando en series como<br>Oscuro Deseo, Triada\u00a0y El Juego de las Llaves, proyectos que le han permitido explorar personajes m\u00e1s complejos y conectar con nuevas audiencias.<\/p>\n\n\n\n<p>Adem\u00e1s, en la m\u00fasica prepara nuevos lanzamientos, incluyendo la colaboraci\u00f3n \u201cSolo T\u00fa y Yo\u201d junto a<br>Wanessa Camargo, un proyecto que refuerza el v\u00ednculo que mantiene con el p\u00fablico brasile\u00f1o.<\/p>\n\n\n\n<p>Finalmente,&nbsp;<strong>Maite Perroni contra violencia digital<\/strong>&nbsp;se convierte en un recordatorio de que hablar de salud emocional, maternidad y respeto en internet sigue siendo necesario.<\/p>\n\n\n\n<p>Porque detr\u00e1s de cada comentario hay una persona real.<br>Y aprender a usar las redes con empat\u00eda tambi\u00e9n es parte de crecer.<\/p>\n\n\n\n<figure class=\"wp-block-gallery has-nested-images columns-default is-cropped wp-block-gallery-2 is-layout-flex wp-block-gallery-is-layout-flex\"><\/figure>","protected":false},"excerpt":{"rendered":"<p>La conversaci\u00f3n sobre el odio en redes sociales volvi\u00f3 a tomar fuerza despu\u00e9s de que&nbsp;Maite Perroni contra violencia digital&nbsp;se convirtiera en uno de los temas m\u00e1s comentados tras su aparici\u00f3n en la portada de la revista brasile\u00f1a. La actriz y cantante decidi\u00f3 hablar sin filtros sobre los ataques que recibi\u00f3 en internet despu\u00e9s de convertirse [&hellip;]<\/p>\n","protected":false},"author":4,"featured_media":0,"comment_status":"open","ping_status":"open","sticky":false,"template":"","format":"standard","meta":{"_jetpack_memberships_contains_paid_content":false,"footnotes":"","jetpack_publicize_message":"","jetpack_publicize_feature_enabled":true,"jetpack_social_post_already_shared":true,"jetpack_social_options":{"image_generator_settings":{"template":"highway","default_image_id":0,"font":"","enabled":false},"version":2}},"categories":[1],"tags":[],"class_list":["post-116567","post","type-post","status-publish","format-standard","hentry","category-blog","has-post-title","has-post-date","has-post-category","has-post-tag","has-post-comment","has-post-author",""],"yoast_head":"<!-- This site is optimized with the Yoast SEO plugin v27.4 - https:\/\/yoast.com\/product\/yoast-seo-wordpress\/ -->\n<title>MAITE PERRONI PROTAGONIZA LA PORTADA DE CARAS BRASIL CON UN PODEROSO MENSAJE CONTRA LA VIOLENCIA DIGITAL - Zero Magazine<\/title>\n<meta name=\"description\" content=\"Maite Perroni contra violencia digital marca la portada de Caras Brasil con un mensaje sobre maternidad, redes sociales y el impacto real de los ataques en internet.\" \/>\n<meta name=\"robots\" content=\"index, follow, max-snippet:-1, max-image-preview:large, max-video-preview:-1\" \/>\n<link rel=\"canonical\" href=\"https:\/\/zeromagazine.mx\/index.php\/2026\/03\/11\/maite-perroni-violencia-digital-caras-brasil\/\" \/>\n<meta property=\"og:locale\" content=\"es_ES\" \/>\n<meta property=\"og:type\" content=\"article\" \/>\n<meta property=\"og:title\" content=\"MAITE PERRONI PROTAGONIZA LA PORTADA DE CARAS BRASIL CON UN PODEROSO MENSAJE CONTRA LA VIOLENCIA DIGITAL - Zero Magazine\" \/>\n<meta property=\"og:description\" content=\"Maite Perroni contra violencia digital marca la portada de Caras Brasil con un mensaje sobre maternidad, redes sociales y el impacto real de los ataques en internet.\" \/>\n<meta property=\"og:url\" content=\"https:\/\/zeromagazine.mx\/index.php\/2026\/03\/11\/maite-perroni-violencia-digital-caras-brasil\/\" \/>\n<meta property=\"og:site_name\" content=\"Zero Magazine\" \/>\n<meta property=\"article:published_time\" content=\"2026-03-12T01:31:58+00:00\" \/>\n<meta property=\"article:modified_time\" content=\"2026-03-12T01:31:59+00:00\" \/>\n<meta property=\"og:image\" content=\"https:\/\/zeromagazine.mx\/wp-content\/uploads\/2026\/03\/IMG_1692.jpeg\" \/>\n<meta name=\"author\" content=\"David Morales\" \/>\n<meta name=\"twitter:card\" content=\"summary_large_image\" \/>\n<meta name=\"twitter:label1\" content=\"Escrito por\" \/>\n\t<meta name=\"twitter:data1\" content=\"David Morales\" \/>\n\t<meta name=\"twitter:label2\" content=\"Tiempo de lectura\" \/>\n\t<meta name=\"twitter:data2\" content=\"3 minutos\" \/>\n<script type=\"application\/ld+json\" class=\"yoast-schema-graph\">{\"@context\":\"https:\\\/\\\/schema.org\",\"@graph\":[{\"@type\":\"Article\",\"@id\":\"https:\\\/\\\/zeromagazine.mx\\\/index.php\\\/2026\\\/03\\\/11\\\/maite-perroni-violencia-digital-caras-brasil\\\/#article\",\"isPartOf\":{\"@id\":\"https:\\\/\\\/zeromagazine.mx\\\/index.php\\\/2026\\\/03\\\/11\\\/maite-perroni-violencia-digital-caras-brasil\\\/\"},\"author\":{\"name\":\"David Morales\",\"@id\":\"https:\\\/\\\/zeromagazine.mx\\\/#\\\/schema\\\/person\\\/9f7f1a17c60ba8e9980e3e6677aabe5a\"},\"headline\":\"MAITE PERRONI PROTAGONIZA LA PORTADA DE CARAS BRASIL CON UN PODEROSO MENSAJE CONTRA LA VIOLENCIA DIGITAL\",\"datePublished\":\"2026-03-12T01:31:58+00:00\",\"dateModified\":\"2026-03-12T01:31:59+00:00\",\"mainEntityOfPage\":{\"@id\":\"https:\\\/\\\/zeromagazine.mx\\\/index.php\\\/2026\\\/03\\\/11\\\/maite-perroni-violencia-digital-caras-brasil\\\/\"},\"wordCount\":619,\"commentCount\":0,\"publisher\":{\"@id\":\"https:\\\/\\\/zeromagazine.mx\\\/#organization\"},\"image\":{\"@id\":\"https:\\\/\\\/zeromagazine.mx\\\/index.php\\\/2026\\\/03\\\/11\\\/maite-perroni-violencia-digital-caras-brasil\\\/#primaryimage\"},\"thumbnailUrl\":\"https:\\\/\\\/zeromagazine.mx\\\/wp-content\\\/uploads\\\/2026\\\/03\\\/IMG_1692.jpeg\",\"articleSection\":[\"Blog\"],\"inLanguage\":\"es\",\"potentialAction\":[{\"@type\":\"CommentAction\",\"name\":\"Comment\",\"target\":[\"https:\\\/\\\/zeromagazine.mx\\\/index.php\\\/2026\\\/03\\\/11\\\/maite-perroni-violencia-digital-caras-brasil\\\/#respond\"]}]},{\"@type\":\"WebPage\",\"@id\":\"https:\\\/\\\/zeromagazine.mx\\\/index.php\\\/2026\\\/03\\\/11\\\/maite-perroni-violencia-digital-caras-brasil\\\/\",\"url\":\"https:\\\/\\\/zeromagazine.mx\\\/index.php\\\/2026\\\/03\\\/11\\\/maite-perroni-violencia-digital-caras-brasil\\\/\",\"name\":\"MAITE PERRONI PROTAGONIZA LA PORTADA DE CARAS BRASIL CON UN PODEROSO MENSAJE CONTRA LA VIOLENCIA DIGITAL - Zero Magazine\",\"isPartOf\":{\"@id\":\"https:\\\/\\\/zeromagazine.mx\\\/#website\"},\"primaryImageOfPage\":{\"@id\":\"https:\\\/\\\/zeromagazine.mx\\\/index.php\\\/2026\\\/03\\\/11\\\/maite-perroni-violencia-digital-caras-brasil\\\/#primaryimage\"},\"image\":{\"@id\":\"https:\\\/\\\/zeromagazine.mx\\\/index.php\\\/2026\\\/03\\\/11\\\/maite-perroni-violencia-digital-caras-brasil\\\/#primaryimage\"},\"thumbnailUrl\":\"https:\\\/\\\/zeromagazine.mx\\\/wp-content\\\/uploads\\\/2026\\\/03\\\/IMG_1692.jpeg\",\"datePublished\":\"2026-03-12T01:31:58+00:00\",\"dateModified\":\"2026-03-12T01:31:59+00:00\",\"description\":\"Maite Perroni contra violencia digital marca la portada de Caras Brasil con un mensaje sobre maternidad, redes sociales y el impacto real de los ataques en internet.\",\"breadcrumb\":{\"@id\":\"https:\\\/\\\/zeromagazine.mx\\\/index.php\\\/2026\\\/03\\\/11\\\/maite-perroni-violencia-digital-caras-brasil\\\/#breadcrumb\"},\"inLanguage\":\"es\",\"potentialAction\":[{\"@type\":\"ReadAction\",\"target\":[\"https:\\\/\\\/zeromagazine.mx\\\/index.php\\\/2026\\\/03\\\/11\\\/maite-perroni-violencia-digital-caras-brasil\\\/\"]}]},{\"@type\":\"ImageObject\",\"inLanguage\":\"es\",\"@id\":\"https:\\\/\\\/zeromagazine.mx\\\/index.php\\\/2026\\\/03\\\/11\\\/maite-perroni-violencia-digital-caras-brasil\\\/#primaryimage\",\"url\":\"https:\\\/\\\/zeromagazine.mx\\\/wp-content\\\/uploads\\\/2026\\\/03\\\/IMG_1692.jpeg\",\"contentUrl\":\"https:\\\/\\\/zeromagazine.mx\\\/wp-content\\\/uploads\\\/2026\\\/03\\\/IMG_1692.jpeg\"},{\"@type\":\"BreadcrumbList\",\"@id\":\"https:\\\/\\\/zeromagazine.mx\\\/index.php\\\/2026\\\/03\\\/11\\\/maite-perroni-violencia-digital-caras-brasil\\\/#breadcrumb\",\"itemListElement\":[{\"@type\":\"ListItem\",\"position\":1,\"name\":\"Portada\",\"item\":\"https:\\\/\\\/zeromagazine.mx\\\/\"},{\"@type\":\"ListItem\",\"position\":2,\"name\":\"MAITE PERRONI PROTAGONIZA LA PORTADA DE CARAS BRASIL CON UN PODEROSO MENSAJE CONTRA LA VIOLENCIA DIGITAL\"}]},{\"@type\":\"WebSite\",\"@id\":\"https:\\\/\\\/zeromagazine.mx\\\/#website\",\"url\":\"https:\\\/\\\/zeromagazine.mx\\\/\",\"name\":\"Zero Magazine\",\"description\":\"\",\"publisher\":{\"@id\":\"https:\\\/\\\/zeromagazine.mx\\\/#organization\"},\"potentialAction\":[{\"@type\":\"SearchAction\",\"target\":{\"@type\":\"EntryPoint\",\"urlTemplate\":\"https:\\\/\\\/zeromagazine.mx\\\/?s={search_term_string}\"},\"query-input\":{\"@type\":\"PropertyValueSpecification\",\"valueRequired\":true,\"valueName\":\"search_term_string\"}}],\"inLanguage\":\"es\"},{\"@type\":\"Organization\",\"@id\":\"https:\\\/\\\/zeromagazine.mx\\\/#organization\",\"name\":\"Zero Magazine\",\"url\":\"https:\\\/\\\/zeromagazine.mx\\\/\",\"logo\":{\"@type\":\"ImageObject\",\"inLanguage\":\"es\",\"@id\":\"https:\\\/\\\/zeromagazine.mx\\\/#\\\/schema\\\/logo\\\/image\\\/\",\"url\":\"https:\\\/\\\/i0.wp.com\\\/zeromagazine.mx\\\/wp-content\\\/uploads\\\/2025\\\/11\\\/1.jpeg?fit=1000%2C1000&ssl=1\",\"contentUrl\":\"https:\\\/\\\/i0.wp.com\\\/zeromagazine.mx\\\/wp-content\\\/uploads\\\/2025\\\/11\\\/1.jpeg?fit=1000%2C1000&ssl=1\",\"width\":1000,\"height\":1000,\"caption\":\"Zero Magazine\"},\"image\":{\"@id\":\"https:\\\/\\\/zeromagazine.mx\\\/#\\\/schema\\\/logo\\\/image\\\/\"},\"sameAs\":[\"https:\\\/\\\/instagram.com\\\/zeromagazinemx\"]},{\"@type\":\"Person\",\"@id\":\"https:\\\/\\\/zeromagazine.mx\\\/#\\\/schema\\\/person\\\/9f7f1a17c60ba8e9980e3e6677aabe5a\",\"name\":\"David Morales\",\"image\":{\"@type\":\"ImageObject\",\"inLanguage\":\"es\",\"@id\":\"https:\\\/\\\/zeromagazine.mx\\\/wp-content\\\/litespeed\\\/avatar\\\/76069d2136bfc1c37dc34815bb67ca42.jpg?ver=1776966186\",\"url\":\"https:\\\/\\\/zeromagazine.mx\\\/wp-content\\\/litespeed\\\/avatar\\\/76069d2136bfc1c37dc34815bb67ca42.jpg?ver=1776966186\",\"contentUrl\":\"https:\\\/\\\/zeromagazine.mx\\\/wp-content\\\/litespeed\\\/avatar\\\/76069d2136bfc1c37dc34815bb67ca42.jpg?ver=1776966186\",\"caption\":\"David Morales\"},\"url\":\"https:\\\/\\\/zeromagazine.mx\\\/index.php\\\/author\\\/david\\\/\"}]}<\/script>\n<!-- \/ Yoast SEO plugin. -->","yoast_head_json":{"title":"MAITE PERRONI PROTAGONIZA LA PORTADA DE CARAS BRASIL CON UN PODEROSO MENSAJE CONTRA LA VIOLENCIA DIGITAL - Zero Magazine","description":"Maite Perroni contra violencia digital marca la portada de Caras Brasil con un mensaje sobre maternidad, redes sociales y el impacto real de los ataques en internet.","robots":{"index":"index","follow":"follow","max-snippet":"max-snippet:-1","max-image-preview":"max-image-preview:large","max-video-preview":"max-video-preview:-1"},"canonical":"https:\/\/zeromagazine.mx\/index.php\/2026\/03\/11\/maite-perroni-violencia-digital-caras-brasil\/","og_locale":"es_ES","og_type":"article","og_title":"MAITE PERRONI PROTAGONIZA LA PORTADA DE CARAS BRASIL CON UN PODEROSO MENSAJE CONTRA LA VIOLENCIA DIGITAL - Zero Magazine","og_description":"Maite Perroni contra violencia digital marca la portada de Caras Brasil con un mensaje sobre maternidad, redes sociales y el impacto real de los ataques en internet.","og_url":"https:\/\/zeromagazine.mx\/index.php\/2026\/03\/11\/maite-perroni-violencia-digital-caras-brasil\/","og_site_name":"Zero Magazine","article_published_time":"2026-03-12T01:31:58+00:00","article_modified_time":"2026-03-12T01:31:59+00:00","og_image":[{"url":"https:\/\/zeromagazine.mx\/wp-content\/uploads\/2026\/03\/IMG_1692.jpeg","type":"","width":"","height":""}],"author":"David Morales","twitter_card":"summary_large_image","twitter_misc":{"Escrito por":"David Morales","Tiempo de lectura":"3 minutos"},"schema":{"@context":"https:\/\/schema.org","@graph":[{"@type":"Article","@id":"https:\/\/zeromagazine.mx\/index.php\/2026\/03\/11\/maite-perroni-violencia-digital-caras-brasil\/#article","isPartOf":{"@id":"https:\/\/zeromagazine.mx\/index.php\/2026\/03\/11\/maite-perroni-violencia-digital-caras-brasil\/"},"author":{"name":"David Morales","@id":"https:\/\/zeromagazine.mx\/#\/schema\/person\/9f7f1a17c60ba8e9980e3e6677aabe5a"},"headline":"MAITE PERRONI PROTAGONIZA LA PORTADA DE CARAS BRASIL CON UN PODEROSO MENSAJE CONTRA LA VIOLENCIA DIGITAL","datePublished":"2026-03-12T01:31:58+00:00","dateModified":"2026-03-12T01:31:59+00:00","mainEntityOfPage":{"@id":"https:\/\/zeromagazine.mx\/index.php\/2026\/03\/11\/maite-perroni-violencia-digital-caras-brasil\/"},"wordCount":619,"commentCount":0,"publisher":{"@id":"https:\/\/zeromagazine.mx\/#organization"},"image":{"@id":"https:\/\/zeromagazine.mx\/index.php\/2026\/03\/11\/maite-perroni-violencia-digital-caras-brasil\/#primaryimage"},"thumbnailUrl":"https:\/\/zeromagazine.mx\/wp-content\/uploads\/2026\/03\/IMG_1692.jpeg","articleSection":["Blog"],"inLanguage":"es","potentialAction":[{"@type":"CommentAction","name":"Comment","target":["https:\/\/zeromagazine.mx\/index.php\/2026\/03\/11\/maite-perroni-violencia-digital-caras-brasil\/#respond"]}]},{"@type":"WebPage","@id":"https:\/\/zeromagazine.mx\/index.php\/2026\/03\/11\/maite-perroni-violencia-digital-caras-brasil\/","url":"https:\/\/zeromagazine.mx\/index.php\/2026\/03\/11\/maite-perroni-violencia-digital-caras-brasil\/","name":"MAITE PERRONI PROTAGONIZA LA PORTADA DE CARAS BRASIL CON UN PODEROSO MENSAJE CONTRA LA VIOLENCIA DIGITAL - Zero Magazine","isPartOf":{"@id":"https:\/\/zeromagazine.mx\/#website"},"primaryImageOfPage":{"@id":"https:\/\/zeromagazine.mx\/index.php\/2026\/03\/11\/maite-perroni-violencia-digital-caras-brasil\/#primaryimage"},"image":{"@id":"https:\/\/zeromagazine.mx\/index.php\/2026\/03\/11\/maite-perroni-violencia-digital-caras-brasil\/#primaryimage"},"thumbnailUrl":"https:\/\/zeromagazine.mx\/wp-content\/uploads\/2026\/03\/IMG_1692.jpeg","datePublished":"2026-03-12T01:31:58+00:00","dateModified":"2026-03-12T01:31:59+00:00","description":"Maite Perroni contra violencia digital marca la portada de Caras Brasil con un mensaje sobre maternidad, redes sociales y el impacto real de los ataques en internet.","breadcrumb":{"@id":"https:\/\/zeromagazine.mx\/index.php\/2026\/03\/11\/maite-perroni-violencia-digital-caras-brasil\/#breadcrumb"},"inLanguage":"es","potentialAction":[{"@type":"ReadAction","target":["https:\/\/zeromagazine.mx\/index.php\/2026\/03\/11\/maite-perroni-violencia-digital-caras-brasil\/"]}]},{"@type":"ImageObject","inLanguage":"es","@id":"https:\/\/zeromagazine.mx\/index.php\/2026\/03\/11\/maite-perroni-violencia-digital-caras-brasil\/#primaryimage","url":"https:\/\/zeromagazine.mx\/wp-content\/uploads\/2026\/03\/IMG_1692.jpeg","contentUrl":"https:\/\/zeromagazine.mx\/wp-content\/uploads\/2026\/03\/IMG_1692.jpeg"},{"@type":"BreadcrumbList","@id":"https:\/\/zeromagazine.mx\/index.php\/2026\/03\/11\/maite-perroni-violencia-digital-caras-brasil\/#breadcrumb","itemListElement":[{"@type":"ListItem","position":1,"name":"Portada","item":"https:\/\/zeromagazine.mx\/"},{"@type":"ListItem","position":2,"name":"MAITE PERRONI PROTAGONIZA LA PORTADA DE CARAS BRASIL CON UN PODEROSO MENSAJE CONTRA LA VIOLENCIA DIGITAL"}]},{"@type":"WebSite","@id":"https:\/\/zeromagazine.mx\/#website","url":"https:\/\/zeromagazine.mx\/","name":"Zero Magazine","description":"","publisher":{"@id":"https:\/\/zeromagazine.mx\/#organization"},"potentialAction":[{"@type":"SearchAction","target":{"@type":"EntryPoint","urlTemplate":"https:\/\/zeromagazine.mx\/?s={search_term_string}"},"query-input":{"@type":"PropertyValueSpecification","valueRequired":true,"valueName":"search_term_string"}}],"inLanguage":"es"},{"@type":"Organization","@id":"https:\/\/zeromagazine.mx\/#organization","name":"Zero Magazine","url":"https:\/\/zeromagazine.mx\/","logo":{"@type":"ImageObject","inLanguage":"es","@id":"https:\/\/zeromagazine.mx\/#\/schema\/logo\/image\/","url":"https:\/\/i0.wp.com\/zeromagazine.mx\/wp-content\/uploads\/2025\/11\/1.jpeg?fit=1000%2C1000&ssl=1","contentUrl":"https:\/\/i0.wp.com\/zeromagazine.mx\/wp-content\/uploads\/2025\/11\/1.jpeg?fit=1000%2C1000&ssl=1","width":1000,"height":1000,"caption":"Zero Magazine"},"image":{"@id":"https:\/\/zeromagazine.mx\/#\/schema\/logo\/image\/"},"sameAs":["https:\/\/instagram.com\/zeromagazinemx"]},{"@type":"Person","@id":"https:\/\/zeromagazine.mx\/#\/schema\/person\/9f7f1a17c60ba8e9980e3e6677aabe5a","name":"David Morales","image":{"@type":"ImageObject","inLanguage":"es","@id":"https:\/\/zeromagazine.mx\/wp-content\/litespeed\/avatar\/76069d2136bfc1c37dc34815bb67ca42.jpg?ver=1776966186","url":"https:\/\/zeromagazine.mx\/wp-content\/litespeed\/avatar\/76069d2136bfc1c37dc34815bb67ca42.jpg?ver=1776966186","contentUrl":"https:\/\/zeromagazine.mx\/wp-content\/litespeed\/avatar\/76069d2136bfc1c37dc34815bb67ca42.jpg?ver=1776966186","caption":"David Morales"},"url":"https:\/\/zeromagazine.mx\/index.php\/author\/david\/"}]}},"jetpack_publicize_connections":[],"jetpack_featured_media_url":"","jetpack-related-posts":[{"id":93017,"url":"https:\/\/zeromagazine.mx\/index.php\/2024\/12\/12\/haz-de-tu-pasion-negocio\/","url_meta":{"origin":116567,"position":0},"title":"Haz De Tu Pasi\u00f3n Negocio","author":"zeromagazinemx","date":"12 de diciembre de 2024","format":false,"excerpt":"Haz de tu pasi\u00f3n Amix, \u00bfcu\u00e1ntxs de nosotrxs no hemos so\u00f1ado con convertir eso que amamos hacer en un negocio real? Pues Maite de Larra\u00f1aga, una genia del emprendimiento, nos trae\u00a0\u201cAdministraci\u00f3n para Todos\u201d, un libro que es como tener a tu mejor amiga experta en negocios d\u00e1ndote consejos. Con m\u00e1s\u2026","rel":"","context":"En \u00abCultura\u00bb","block_context":{"text":"Cultura","link":"https:\/\/zeromagazine.mx\/index.php\/category\/cultura\/"},"img":{"alt_text":"","src":"https:\/\/i0.wp.com\/zeromagazine.mx\/wp-content\/uploads\/2024\/12\/Finanziability_Ext_01.png?fit=693%2C531&ssl=1&resize=350%2C200","width":350,"height":200,"srcset":"https:\/\/i0.wp.com\/zeromagazine.mx\/wp-content\/uploads\/2024\/12\/Finanziability_Ext_01.png?fit=693%2C531&ssl=1&resize=350%2C200 1x, https:\/\/i0.wp.com\/zeromagazine.mx\/wp-content\/uploads\/2024\/12\/Finanziability_Ext_01.png?fit=693%2C531&ssl=1&resize=525%2C300 1.5x"},"classes":[]},{"id":113234,"url":"https:\/\/zeromagazine.mx\/index.php\/2026\/01\/14\/un-hijo-propio-berlinale-netflix\/","url_meta":{"origin":116567,"position":1},"title":"Un hijo propio: estreno imperdible","author":"zeromagazinemx","date":"14 de enero de 2026","format":false,"excerpt":"Si hay algo que sabemos bien es que cuando Latinoam\u00e9rica se mete a la conversaci\u00f3n global del cine, no lo hace t\u00edmidamente: llega rugiendo. Y eso est\u00e1 pasando con Un hijo propio, el nuevo documental de Maite Alberdi, que aterrizar\u00e1 en la Berlinale 2026 con su estreno mundial y vibes\u2026","rel":"","context":"En \u00abCine\u00bb","block_context":{"text":"Cine","link":"https:\/\/zeromagazine.mx\/index.php\/category\/entretenimiento\/cine\/"},"img":{"alt_text":"","src":"https:\/\/i0.wp.com\/zeromagazine.mx\/wp-content\/uploads\/2026\/01\/unnamed-5.png?fit=1200%2C835&ssl=1&resize=350%2C200","width":350,"height":200,"srcset":"https:\/\/i0.wp.com\/zeromagazine.mx\/wp-content\/uploads\/2026\/01\/unnamed-5.png?fit=1200%2C835&ssl=1&resize=350%2C200 1x, https:\/\/i0.wp.com\/zeromagazine.mx\/wp-content\/uploads\/2026\/01\/unnamed-5.png?fit=1200%2C835&ssl=1&resize=525%2C300 1.5x, https:\/\/i0.wp.com\/zeromagazine.mx\/wp-content\/uploads\/2026\/01\/unnamed-5.png?fit=1200%2C835&ssl=1&resize=700%2C400 2x, https:\/\/i0.wp.com\/zeromagazine.mx\/wp-content\/uploads\/2026\/01\/unnamed-5.png?fit=1200%2C835&ssl=1&resize=1050%2C600 3x"},"classes":[]},{"id":115522,"url":"https:\/\/zeromagazine.mx\/index.php\/2026\/02\/17\/un-hijo-propio-documental-berlinale-netflix\/","url_meta":{"origin":116567,"position":2},"title":"Un hijo propio Berlinale Impacta","author":"zeromagazinemx","date":"17 de febrero de 2026","format":false,"excerpt":"El cine latinoamericano acaba de tener uno de esos momentos que se sienten hist\u00f3ricos. Un hijo propio, el nuevo documental de Maite Alberdi, se estren\u00f3 mundialmente en el Festival Internacional de Cine de Berl\u00edn y la reacci\u00f3n fue inmediata: sala llena, ovaci\u00f3n y conversaci\u00f3n intensa despu\u00e9s de la funci\u00f3n. Y\u2026","rel":"","context":"En \u00abBlog\u00bb","block_context":{"text":"Blog","link":"https:\/\/zeromagazine.mx\/index.php\/category\/blog\/"},"img":{"alt_text":"","src":"https:\/\/i0.wp.com\/zeromagazine.mx\/wp-content\/uploads\/2026\/02\/UHP_UHD_STILL_TIFF__01193208_R-scaled.jpg?fit=1200%2C589&ssl=1&resize=350%2C200","width":350,"height":200,"srcset":"https:\/\/i0.wp.com\/zeromagazine.mx\/wp-content\/uploads\/2026\/02\/UHP_UHD_STILL_TIFF__01193208_R-scaled.jpg?fit=1200%2C589&ssl=1&resize=350%2C200 1x, https:\/\/i0.wp.com\/zeromagazine.mx\/wp-content\/uploads\/2026\/02\/UHP_UHD_STILL_TIFF__01193208_R-scaled.jpg?fit=1200%2C589&ssl=1&resize=525%2C300 1.5x, https:\/\/i0.wp.com\/zeromagazine.mx\/wp-content\/uploads\/2026\/02\/UHP_UHD_STILL_TIFF__01193208_R-scaled.jpg?fit=1200%2C589&ssl=1&resize=700%2C400 2x, https:\/\/i0.wp.com\/zeromagazine.mx\/wp-content\/uploads\/2026\/02\/UHP_UHD_STILL_TIFF__01193208_R-scaled.jpg?fit=1200%2C589&ssl=1&resize=1050%2C600 3x"},"classes":[]},{"id":52096,"url":"https:\/\/zeromagazine.mx\/index.php\/2021\/08\/15\/75-de-las-jovenes-mexicanas-desconocen-los-protocolos-de-denuncia-en-situacion-de-violencia-digital\/","url_meta":{"origin":116567,"position":3},"title":"75% de las j\u00f3venes mexicanas desconocen los protocolos de denuncia en situaci\u00f3n de violencia digital","author":"zeromagazinemx","date":"15 de agosto de 2021","format":false,"excerpt":"La asociaci\u00f3n Civil Cultivando G\u00e9nero cre\u00f3 la gu\u00eda \u201cEn la red no navegas sola\u201d para que las mujeres puedan apoyarse en momentos de violencia digital. Por Moises Kushelevich En un estudio realizado por \u201cChidas en l\u00ednea\u201d se observ\u00f3 que un 68% de las adolescentes encuestadas, han pasado por una situaci\u00f3n\u2026","rel":"","context":"En \u00abLifestyle\u00bb","block_context":{"text":"Lifestyle","link":"https:\/\/zeromagazine.mx\/index.php\/category\/lifestyle\/"},"img":{"alt_text":"","src":"","width":0,"height":0},"classes":[]},{"id":55168,"url":"https:\/\/zeromagazine.mx\/index.php\/2021\/10\/01\/humberto-busto-que-inicie-el-juego-de-las-llaves\/","url_meta":{"origin":116567,"position":4},"title":"Humberto Busto: Que inicie El Juego de las Llaves","author":"zeromagazinemx","date":"1 de octubre de 2021","format":false,"excerpt":"Un experto en el arte, director, productor y actor con m\u00e1s de 10 a\u00f1os de experiencia e interpretando Un experto en el arte, director, productor y actor con m\u00e1s de 10 a\u00f1os de experiencia e interpretando una gran versatilidad de personajes a lo largo de ella, Humberto Busto platico muy\u2026","rel":"","context":"En \u00abEntrevistas\u00bb","block_context":{"text":"Entrevistas","link":"https:\/\/zeromagazine.mx\/index.php\/category\/entretenimiento\/entrevistas\/"},"img":{"alt_text":"","src":"","width":0,"height":0},"classes":[]},{"id":52111,"url":"https:\/\/zeromagazine.mx\/index.php\/2021\/08\/15\/5-consejos-claves-para-denunciar-la-violencia-digital\/","url_meta":{"origin":116567,"position":5},"title":"5 consejos claves para denunciar la violencia digital","author":"zeromagazinemx","date":"15 de agosto de 2021","format":false,"excerpt":"La Asociaci\u00f3n Civil Cultivando G\u00e9nero present\u00f3 la gu\u00eda \u201cEn la red no navegas sola\u201d, para que las mujeres puedan apoyarse en momentos de violencia digital. Por Mayra Torres Como parte de la campa\u00f1a \u201cEn la red no navegas sola\u201d Cultivando G\u00e9nero lanza la gu\u00eda de resistencia digital entre amigas para\u2026","rel":"","context":"En \u00abLifestyle\u00bb","block_context":{"text":"Lifestyle","link":"https:\/\/zeromagazine.mx\/index.php\/category\/lifestyle\/"},"img":{"alt_text":"","src":"","width":0,"height":0},"classes":[]}],"jetpack_sharing_enabled":true,"builder_content":"","_links":{"self":[{"href":"https:\/\/zeromagazine.mx\/index.php\/wp-json\/wp\/v2\/posts\/116567","targetHints":{"allow":["GET"]}}],"collection":[{"href":"https:\/\/zeromagazine.mx\/index.php\/wp-json\/wp\/v2\/posts"}],"about":[{"href":"https:\/\/zeromagazine.mx\/index.php\/wp-json\/wp\/v2\/types\/post"}],"author":[{"embeddable":true,"href":"https:\/\/zeromagazine.mx\/index.php\/wp-json\/wp\/v2\/users\/4"}],"replies":[{"embeddable":true,"href":"https:\/\/zeromagazine.mx\/index.php\/wp-json\/wp\/v2\/comments?post=116567"}],"version-history":[{"count":2,"href":"https:\/\/zeromagazine.mx\/index.php\/wp-json\/wp\/v2\/posts\/116567\/revisions"}],"predecessor-version":[{"id":116570,"href":"https:\/\/zeromagazine.mx\/index.php\/wp-json\/wp\/v2\/posts\/116567\/revisions\/116570"}],"wp:attachment":[{"href":"https:\/\/zeromagazine.mx\/index.php\/wp-json\/wp\/v2\/media?parent=116567"}],"wp:term":[{"taxonomy":"category","embeddable":true,"href":"https:\/\/zeromagazine.mx\/index.php\/wp-json\/wp\/v2\/categories?post=116567"},{"taxonomy":"post_tag","embeddable":true,"href":"https:\/\/zeromagazine.mx\/index.php\/wp-json\/wp\/v2\/tags?post=116567"}],"curies":[{"name":"wp","href":"https:\/\/api.w.org\/{rel}","templated":true}]}}