{"id":116581,"date":"2026-03-12T12:11:13","date_gmt":"2026-03-12T18:11:13","guid":{"rendered":"https:\/\/zeromagazine.mx\/?p=116581"},"modified":"2026-03-12T12:11:15","modified_gmt":"2026-03-12T18:11:15","slug":"fever-cultura-mexico-museos","status":"publish","type":"post","link":"https:\/\/zeromagazine.mx\/index.php\/2026\/03\/12\/fever-cultura-mexico-museos\/","title":{"rendered":"Fever consolida su apuesta por la cultura en M\u00e9xico y se convierte en la ticketera oficial del Museo Frida Kahlo y del Museo Anahuacalli"},"content":{"rendered":"<!--themify_builder_content-->\n<div id=\"themify_builder_content-116581\" data-postid=\"116581\" class=\"themify_builder_content themify_builder_content-116581 themify_builder tf_clear\">\n    <\/div>\n<!--\/themify_builder_content-->\n\n\n<p>El mundo del entretenimiento en vivo est\u00e1 cambiando r\u00e1pidamente, y las plataformas tecnol\u00f3gicas se han convertido en aliados clave para acercar la cultura a m\u00e1s personas. En ese contexto,&nbsp;<strong>Fever cultura M\u00e9xico<\/strong>&nbsp;da un paso importante al convertirse en la ticketera oficial de dos de los recintos m\u00e1s ic\u00f3nicos de la capital: el&nbsp;Museo Frida Kahlo&nbsp;y el&nbsp;Museo Anahuacalli.<\/p>\n\n\n\n<p>Esta alianza no solo representa una mejora en la manera en que los visitantes compran sus boletos, tambi\u00e9n forma parte de una transformaci\u00f3n m\u00e1s amplia en la forma en que el p\u00fablico descubre experiencias culturales. La plataforma, conocida por su tecnolog\u00eda enfocada en eventos y experiencias en vivo, contin\u00faa expandiendo su presencia en el pa\u00eds y reforzando su compromiso con el acceso a la cultura.<\/p>\n\n\n\n<p>Adem\u00e1s, este nuevo acuerdo llega despu\u00e9s de que la plataforma comenzara a colaborar con el&nbsp;Museo Franz Mayer, consolidando as\u00ed una red de instituciones culturales que ahora utilizan herramientas digitales para optimizar su operaci\u00f3n y mejorar la experiencia de los visitantes.<\/p>\n\n\n\n<h2 class=\"wp-block-heading\">Fever cultura M\u00e9xico transforma la experiencia en museos<\/h2>\n\n\n\n<p>Primero, es importante entender qu\u00e9 significa realmente esta alianza. Con&nbsp;<strong>Fever cultura M\u00e9xico<\/strong>, los visitantes podr\u00e1n comprar entradas de manera anticipada y segura, evitando largas filas o la incertidumbre de llegar a un museo y descubrir que el acceso est\u00e1 lleno.<\/p>\n\n\n\n<p>Los dos recintos involucrados reciben m\u00e1s de medio mill\u00f3n de visitantes al a\u00f1o, lo que refleja su enorme relevancia dentro del turismo cultural de la ciudad. Por un lado, el&nbsp;Museo Frida Kahlo&nbsp;es uno de los espacios m\u00e1s visitados de Latinoam\u00e9rica, famoso por haber sido el hogar de la artista&nbsp;Frida Kahlo&nbsp;y de&nbsp;Diego Rivera.<\/p>\n\n\n\n<p>Por otro lado, el&nbsp;Museo Anahuacalli&nbsp;representa una visi\u00f3n distinta del arte y la historia. Este museo fue dise\u00f1ado por Rivera para resguardar su impresionante colecci\u00f3n de arte prehisp\u00e1nico, convirti\u00e9ndose en un espacio arquitect\u00f3nico y cultural \u00fanico en la ciudad.<\/p>\n\n\n\n<p>Adem\u00e1s, gracias a&nbsp;<strong>Fever cultura M\u00e9xico<\/strong>, ambos museos podr\u00e1n gestionar mejor el flujo de visitantes mediante un sistema digital que organiza horarios, disponibilidad y capacidad en tiempo real.<\/p>\n\n\n\n<h2 class=\"wp-block-heading\">Fever cultura M\u00e9xico apuesta por la innovaci\u00f3n cultural<\/h2>\n\n\n\n<p>Sin embargo, el impacto de&nbsp;<strong>Fever cultura M\u00e9xico<\/strong>&nbsp;va m\u00e1s all\u00e1 de la compra de boletos. La tecnolog\u00eda implementada busca mejorar toda la experiencia del visitante desde el primer momento: descubrir el evento, reservar la entrada y disfrutar la visita sin complicaciones.<\/p>\n\n\n\n<p>Asimismo, este tipo de herramientas permite a los museos optimizar su operaci\u00f3n interna, reduciendo tiempos de espera, organizando mejor el acceso y facilitando la planificaci\u00f3n de recorridos. Para espacios que reciben miles de visitantes cada semana, estas mejoras hacen una diferencia enorme.<\/p>\n\n\n\n<p>Adem\u00e1s, esta estrategia refleja una tendencia global: integrar tecnolog\u00eda con cultura para hacer que el arte sea m\u00e1s accesible. Plataformas digitales como&nbsp;Fever&nbsp;funcionan como puentes entre las instituciones culturales y las nuevas audiencias que buscan experiencias significativas en la ciudad.<\/p>\n\n\n\n<p>Finalmente,&nbsp;<strong>Fever cultura M\u00e9xico<\/strong>&nbsp;refuerza una idea clave: la tecnolog\u00eda no reemplaza a los museos, los potencia. Al facilitar el acceso y mejorar la organizaci\u00f3n, permite que m\u00e1s personas conecten con el arte, la historia y la identidad cultural del pa\u00eds.<\/p>\n\n\n\n<p>Y en una ciudad con una oferta cultural tan rica como la de Ciudad de M\u00e9xico, iniciativas como esta ayudan a que espacios hist\u00f3ricos sigan evolucionando y mantengan viva su relevancia para nuevas generaciones.<\/p>\n\n\n\n<p><\/p>","protected":false},"excerpt":{"rendered":"<p>El mundo del entretenimiento en vivo est\u00e1 cambiando r\u00e1pidamente, y las plataformas tecnol\u00f3gicas se han convertido en aliados clave para acercar la cultura a m\u00e1s personas. En ese contexto,&nbsp;Fever cultura M\u00e9xico&nbsp;da un paso importante al convertirse en la ticketera oficial de dos de los recintos m\u00e1s ic\u00f3nicos de la capital: el&nbsp;Museo Frida Kahlo&nbsp;y el&nbsp;Museo Anahuacalli. [&hellip;]<\/p>\n","protected":false},"author":4,"featured_media":116582,"comment_status":"open","ping_status":"open","sticky":false,"template":"","format":"standard","meta":{"_jetpack_memberships_contains_paid_content":false,"footnotes":"","jetpack_publicize_message":"","jetpack_publicize_feature_enabled":true,"jetpack_social_post_already_shared":true,"jetpack_social_options":{"image_generator_settings":{"template":"highway","default_image_id":0,"font":"","enabled":false},"version":2}},"categories":[1,791],"tags":[],"class_list":["post-116581","post","type-post","status-publish","format-standard","has-post-thumbnail","hentry","category-blog","category-cultura","has-post-title","has-post-date","has-post-category","has-post-tag","has-post-comment","has-post-author",""],"yoast_head":"<!-- This site is optimized with the Yoast SEO plugin v27.5 - https:\/\/yoast.com\/product\/yoast-seo-wordpress\/ -->\n<title>Fever consolida su apuesta por la cultura en M\u00e9xico y se convierte en la ticketera oficial del Museo Frida Kahlo y del Museo Anahuacalli - Zero Magazine<\/title>\n<meta name=\"description\" content=\"Fever cultura M\u00e9xico se convierte en la ticketera oficial del Museo Frida Kahlo y Museo Anahuacalli, impulsando la digitalizaci\u00f3n y el acceso a la cultura en CDMX.\" \/>\n<meta name=\"robots\" content=\"index, follow, max-snippet:-1, max-image-preview:large, max-video-preview:-1\" \/>\n<link rel=\"canonical\" href=\"https:\/\/zeromagazine.mx\/index.php\/2026\/03\/12\/fever-cultura-mexico-museos\/\" \/>\n<meta property=\"og:locale\" content=\"es_ES\" \/>\n<meta property=\"og:type\" content=\"article\" \/>\n<meta property=\"og:title\" content=\"Fever consolida su apuesta por la cultura en M\u00e9xico y se convierte en la ticketera oficial del Museo Frida Kahlo y del Museo Anahuacalli - Zero Magazine\" \/>\n<meta property=\"og:description\" content=\"Fever cultura M\u00e9xico se convierte en la ticketera oficial del Museo Frida Kahlo y Museo Anahuacalli, impulsando la digitalizaci\u00f3n y el acceso a la cultura en CDMX.\" \/>\n<meta property=\"og:url\" content=\"https:\/\/zeromagazine.mx\/index.php\/2026\/03\/12\/fever-cultura-mexico-museos\/\" \/>\n<meta property=\"og:site_name\" content=\"Zero Magazine\" \/>\n<meta property=\"article:published_time\" content=\"2026-03-12T18:11:13+00:00\" \/>\n<meta property=\"article:modified_time\" content=\"2026-03-12T18:11:15+00:00\" \/>\n<meta property=\"og:image\" content=\"http:\/\/zeromagazine.mx\/wp-content\/uploads\/2026\/03\/IMG_1701.jpeg\" \/>\n\t<meta property=\"og:image:width\" content=\"724\" \/>\n\t<meta property=\"og:image:height\" content=\"250\" \/>\n\t<meta property=\"og:image:type\" content=\"image\/jpeg\" \/>\n<meta name=\"author\" content=\"David Morales\" \/>\n<meta name=\"twitter:card\" content=\"summary_large_image\" \/>\n<meta name=\"twitter:label1\" content=\"Escrito por\" \/>\n\t<meta name=\"twitter:data1\" content=\"David Morales\" \/>\n\t<meta name=\"twitter:label2\" content=\"Tiempo de lectura\" \/>\n\t<meta name=\"twitter:data2\" content=\"3 minutos\" \/>\n<script type=\"application\/ld+json\" class=\"yoast-schema-graph\">{\"@context\":\"https:\\\/\\\/schema.org\",\"@graph\":[{\"@type\":\"Article\",\"@id\":\"https:\\\/\\\/zeromagazine.mx\\\/index.php\\\/2026\\\/03\\\/12\\\/fever-cultura-mexico-museos\\\/#article\",\"isPartOf\":{\"@id\":\"https:\\\/\\\/zeromagazine.mx\\\/index.php\\\/2026\\\/03\\\/12\\\/fever-cultura-mexico-museos\\\/\"},\"author\":{\"name\":\"David Morales\",\"@id\":\"https:\\\/\\\/zeromagazine.mx\\\/#\\\/schema\\\/person\\\/9f7f1a17c60ba8e9980e3e6677aabe5a\"},\"headline\":\"Fever consolida su apuesta por la cultura en M\u00e9xico y se convierte en la ticketera oficial del Museo Frida Kahlo y del Museo Anahuacalli\",\"datePublished\":\"2026-03-12T18:11:13+00:00\",\"dateModified\":\"2026-03-12T18:11:15+00:00\",\"mainEntityOfPage\":{\"@id\":\"https:\\\/\\\/zeromagazine.mx\\\/index.php\\\/2026\\\/03\\\/12\\\/fever-cultura-mexico-museos\\\/\"},\"wordCount\":644,\"commentCount\":0,\"publisher\":{\"@id\":\"https:\\\/\\\/zeromagazine.mx\\\/#organization\"},\"image\":{\"@id\":\"https:\\\/\\\/zeromagazine.mx\\\/index.php\\\/2026\\\/03\\\/12\\\/fever-cultura-mexico-museos\\\/#primaryimage\"},\"thumbnailUrl\":\"https:\\\/\\\/i0.wp.com\\\/zeromagazine.mx\\\/wp-content\\\/uploads\\\/2026\\\/03\\\/IMG_1701.jpeg?fit=724%2C250&ssl=1\",\"articleSection\":[\"Blog\",\"Cultura\"],\"inLanguage\":\"es\",\"potentialAction\":[{\"@type\":\"CommentAction\",\"name\":\"Comment\",\"target\":[\"https:\\\/\\\/zeromagazine.mx\\\/index.php\\\/2026\\\/03\\\/12\\\/fever-cultura-mexico-museos\\\/#respond\"]}]},{\"@type\":\"WebPage\",\"@id\":\"https:\\\/\\\/zeromagazine.mx\\\/index.php\\\/2026\\\/03\\\/12\\\/fever-cultura-mexico-museos\\\/\",\"url\":\"https:\\\/\\\/zeromagazine.mx\\\/index.php\\\/2026\\\/03\\\/12\\\/fever-cultura-mexico-museos\\\/\",\"name\":\"Fever consolida su apuesta por la cultura en M\u00e9xico y se convierte en la ticketera oficial del Museo Frida Kahlo y del Museo Anahuacalli - Zero Magazine\",\"isPartOf\":{\"@id\":\"https:\\\/\\\/zeromagazine.mx\\\/#website\"},\"primaryImageOfPage\":{\"@id\":\"https:\\\/\\\/zeromagazine.mx\\\/index.php\\\/2026\\\/03\\\/12\\\/fever-cultura-mexico-museos\\\/#primaryimage\"},\"image\":{\"@id\":\"https:\\\/\\\/zeromagazine.mx\\\/index.php\\\/2026\\\/03\\\/12\\\/fever-cultura-mexico-museos\\\/#primaryimage\"},\"thumbnailUrl\":\"https:\\\/\\\/i0.wp.com\\\/zeromagazine.mx\\\/wp-content\\\/uploads\\\/2026\\\/03\\\/IMG_1701.jpeg?fit=724%2C250&ssl=1\",\"datePublished\":\"2026-03-12T18:11:13+00:00\",\"dateModified\":\"2026-03-12T18:11:15+00:00\",\"description\":\"Fever cultura M\u00e9xico se convierte en la ticketera oficial del Museo Frida Kahlo y Museo Anahuacalli, impulsando la digitalizaci\u00f3n y el acceso a la cultura en CDMX.\",\"breadcrumb\":{\"@id\":\"https:\\\/\\\/zeromagazine.mx\\\/index.php\\\/2026\\\/03\\\/12\\\/fever-cultura-mexico-museos\\\/#breadcrumb\"},\"inLanguage\":\"es\",\"potentialAction\":[{\"@type\":\"ReadAction\",\"target\":[\"https:\\\/\\\/zeromagazine.mx\\\/index.php\\\/2026\\\/03\\\/12\\\/fever-cultura-mexico-museos\\\/\"]}]},{\"@type\":\"ImageObject\",\"inLanguage\":\"es\",\"@id\":\"https:\\\/\\\/zeromagazine.mx\\\/index.php\\\/2026\\\/03\\\/12\\\/fever-cultura-mexico-museos\\\/#primaryimage\",\"url\":\"https:\\\/\\\/i0.wp.com\\\/zeromagazine.mx\\\/wp-content\\\/uploads\\\/2026\\\/03\\\/IMG_1701.jpeg?fit=724%2C250&ssl=1\",\"contentUrl\":\"https:\\\/\\\/i0.wp.com\\\/zeromagazine.mx\\\/wp-content\\\/uploads\\\/2026\\\/03\\\/IMG_1701.jpeg?fit=724%2C250&ssl=1\",\"width\":724,\"height\":250},{\"@type\":\"BreadcrumbList\",\"@id\":\"https:\\\/\\\/zeromagazine.mx\\\/index.php\\\/2026\\\/03\\\/12\\\/fever-cultura-mexico-museos\\\/#breadcrumb\",\"itemListElement\":[{\"@type\":\"ListItem\",\"position\":1,\"name\":\"Portada\",\"item\":\"https:\\\/\\\/zeromagazine.mx\\\/\"},{\"@type\":\"ListItem\",\"position\":2,\"name\":\"Fever consolida su apuesta por la cultura en M\u00e9xico y se convierte en la ticketera oficial del Museo Frida Kahlo y del Museo Anahuacalli\"}]},{\"@type\":\"WebSite\",\"@id\":\"https:\\\/\\\/zeromagazine.mx\\\/#website\",\"url\":\"https:\\\/\\\/zeromagazine.mx\\\/\",\"name\":\"Zero Magazine\",\"description\":\"\",\"publisher\":{\"@id\":\"https:\\\/\\\/zeromagazine.mx\\\/#organization\"},\"potentialAction\":[{\"@type\":\"SearchAction\",\"target\":{\"@type\":\"EntryPoint\",\"urlTemplate\":\"https:\\\/\\\/zeromagazine.mx\\\/?s={search_term_string}\"},\"query-input\":{\"@type\":\"PropertyValueSpecification\",\"valueRequired\":true,\"valueName\":\"search_term_string\"}}],\"inLanguage\":\"es\"},{\"@type\":\"Organization\",\"@id\":\"https:\\\/\\\/zeromagazine.mx\\\/#organization\",\"name\":\"Zero Magazine\",\"url\":\"https:\\\/\\\/zeromagazine.mx\\\/\",\"logo\":{\"@type\":\"ImageObject\",\"inLanguage\":\"es\",\"@id\":\"https:\\\/\\\/zeromagazine.mx\\\/#\\\/schema\\\/logo\\\/image\\\/\",\"url\":\"https:\\\/\\\/i0.wp.com\\\/zeromagazine.mx\\\/wp-content\\\/uploads\\\/2025\\\/11\\\/1.jpeg?fit=1000%2C1000&ssl=1\",\"contentUrl\":\"https:\\\/\\\/i0.wp.com\\\/zeromagazine.mx\\\/wp-content\\\/uploads\\\/2025\\\/11\\\/1.jpeg?fit=1000%2C1000&ssl=1\",\"width\":1000,\"height\":1000,\"caption\":\"Zero Magazine\"},\"image\":{\"@id\":\"https:\\\/\\\/zeromagazine.mx\\\/#\\\/schema\\\/logo\\\/image\\\/\"},\"sameAs\":[\"https:\\\/\\\/instagram.com\\\/zeromagazinemx\"]},{\"@type\":\"Person\",\"@id\":\"https:\\\/\\\/zeromagazine.mx\\\/#\\\/schema\\\/person\\\/9f7f1a17c60ba8e9980e3e6677aabe5a\",\"name\":\"David Morales\",\"image\":{\"@type\":\"ImageObject\",\"inLanguage\":\"es\",\"@id\":\"https:\\\/\\\/zeromagazine.mx\\\/wp-content\\\/litespeed\\\/avatar\\\/76069d2136bfc1c37dc34815bb67ca42.jpg?ver=1776966186\",\"url\":\"https:\\\/\\\/zeromagazine.mx\\\/wp-content\\\/litespeed\\\/avatar\\\/76069d2136bfc1c37dc34815bb67ca42.jpg?ver=1776966186\",\"contentUrl\":\"https:\\\/\\\/zeromagazine.mx\\\/wp-content\\\/litespeed\\\/avatar\\\/76069d2136bfc1c37dc34815bb67ca42.jpg?ver=1776966186\",\"caption\":\"David Morales\"},\"url\":\"https:\\\/\\\/zeromagazine.mx\\\/index.php\\\/author\\\/david\\\/\"}]}<\/script>\n<!-- \/ Yoast SEO plugin. -->","yoast_head_json":{"title":"Fever consolida su apuesta por la cultura en M\u00e9xico y se convierte en la ticketera oficial del Museo Frida Kahlo y del Museo Anahuacalli - Zero Magazine","description":"Fever cultura M\u00e9xico se convierte en la ticketera oficial del Museo Frida Kahlo y Museo Anahuacalli, impulsando la digitalizaci\u00f3n y el acceso a la cultura en CDMX.","robots":{"index":"index","follow":"follow","max-snippet":"max-snippet:-1","max-image-preview":"max-image-preview:large","max-video-preview":"max-video-preview:-1"},"canonical":"https:\/\/zeromagazine.mx\/index.php\/2026\/03\/12\/fever-cultura-mexico-museos\/","og_locale":"es_ES","og_type":"article","og_title":"Fever consolida su apuesta por la cultura en M\u00e9xico y se convierte en la ticketera oficial del Museo Frida Kahlo y del Museo Anahuacalli - Zero Magazine","og_description":"Fever cultura M\u00e9xico se convierte en la ticketera oficial del Museo Frida Kahlo y Museo Anahuacalli, impulsando la digitalizaci\u00f3n y el acceso a la cultura en CDMX.","og_url":"https:\/\/zeromagazine.mx\/index.php\/2026\/03\/12\/fever-cultura-mexico-museos\/","og_site_name":"Zero Magazine","article_published_time":"2026-03-12T18:11:13+00:00","article_modified_time":"2026-03-12T18:11:15+00:00","og_image":[{"width":724,"height":250,"url":"http:\/\/zeromagazine.mx\/wp-content\/uploads\/2026\/03\/IMG_1701.jpeg","type":"image\/jpeg"}],"author":"David Morales","twitter_card":"summary_large_image","twitter_misc":{"Escrito por":"David Morales","Tiempo de lectura":"3 minutos"},"schema":{"@context":"https:\/\/schema.org","@graph":[{"@type":"Article","@id":"https:\/\/zeromagazine.mx\/index.php\/2026\/03\/12\/fever-cultura-mexico-museos\/#article","isPartOf":{"@id":"https:\/\/zeromagazine.mx\/index.php\/2026\/03\/12\/fever-cultura-mexico-museos\/"},"author":{"name":"David Morales","@id":"https:\/\/zeromagazine.mx\/#\/schema\/person\/9f7f1a17c60ba8e9980e3e6677aabe5a"},"headline":"Fever consolida su apuesta por la cultura en M\u00e9xico y se convierte en la ticketera oficial del Museo Frida Kahlo y del Museo Anahuacalli","datePublished":"2026-03-12T18:11:13+00:00","dateModified":"2026-03-12T18:11:15+00:00","mainEntityOfPage":{"@id":"https:\/\/zeromagazine.mx\/index.php\/2026\/03\/12\/fever-cultura-mexico-museos\/"},"wordCount":644,"commentCount":0,"publisher":{"@id":"https:\/\/zeromagazine.mx\/#organization"},"image":{"@id":"https:\/\/zeromagazine.mx\/index.php\/2026\/03\/12\/fever-cultura-mexico-museos\/#primaryimage"},"thumbnailUrl":"https:\/\/i0.wp.com\/zeromagazine.mx\/wp-content\/uploads\/2026\/03\/IMG_1701.jpeg?fit=724%2C250&ssl=1","articleSection":["Blog","Cultura"],"inLanguage":"es","potentialAction":[{"@type":"CommentAction","name":"Comment","target":["https:\/\/zeromagazine.mx\/index.php\/2026\/03\/12\/fever-cultura-mexico-museos\/#respond"]}]},{"@type":"WebPage","@id":"https:\/\/zeromagazine.mx\/index.php\/2026\/03\/12\/fever-cultura-mexico-museos\/","url":"https:\/\/zeromagazine.mx\/index.php\/2026\/03\/12\/fever-cultura-mexico-museos\/","name":"Fever consolida su apuesta por la cultura en M\u00e9xico y se convierte en la ticketera oficial del Museo Frida Kahlo y del Museo Anahuacalli - Zero Magazine","isPartOf":{"@id":"https:\/\/zeromagazine.mx\/#website"},"primaryImageOfPage":{"@id":"https:\/\/zeromagazine.mx\/index.php\/2026\/03\/12\/fever-cultura-mexico-museos\/#primaryimage"},"image":{"@id":"https:\/\/zeromagazine.mx\/index.php\/2026\/03\/12\/fever-cultura-mexico-museos\/#primaryimage"},"thumbnailUrl":"https:\/\/i0.wp.com\/zeromagazine.mx\/wp-content\/uploads\/2026\/03\/IMG_1701.jpeg?fit=724%2C250&ssl=1","datePublished":"2026-03-12T18:11:13+00:00","dateModified":"2026-03-12T18:11:15+00:00","description":"Fever cultura M\u00e9xico se convierte en la ticketera oficial del Museo Frida Kahlo y Museo Anahuacalli, impulsando la digitalizaci\u00f3n y el acceso a la cultura en CDMX.","breadcrumb":{"@id":"https:\/\/zeromagazine.mx\/index.php\/2026\/03\/12\/fever-cultura-mexico-museos\/#breadcrumb"},"inLanguage":"es","potentialAction":[{"@type":"ReadAction","target":["https:\/\/zeromagazine.mx\/index.php\/2026\/03\/12\/fever-cultura-mexico-museos\/"]}]},{"@type":"ImageObject","inLanguage":"es","@id":"https:\/\/zeromagazine.mx\/index.php\/2026\/03\/12\/fever-cultura-mexico-museos\/#primaryimage","url":"https:\/\/i0.wp.com\/zeromagazine.mx\/wp-content\/uploads\/2026\/03\/IMG_1701.jpeg?fit=724%2C250&ssl=1","contentUrl":"https:\/\/i0.wp.com\/zeromagazine.mx\/wp-content\/uploads\/2026\/03\/IMG_1701.jpeg?fit=724%2C250&ssl=1","width":724,"height":250},{"@type":"BreadcrumbList","@id":"https:\/\/zeromagazine.mx\/index.php\/2026\/03\/12\/fever-cultura-mexico-museos\/#breadcrumb","itemListElement":[{"@type":"ListItem","position":1,"name":"Portada","item":"https:\/\/zeromagazine.mx\/"},{"@type":"ListItem","position":2,"name":"Fever consolida su apuesta por la cultura en M\u00e9xico y se convierte en la ticketera oficial del Museo Frida Kahlo y del Museo Anahuacalli"}]},{"@type":"WebSite","@id":"https:\/\/zeromagazine.mx\/#website","url":"https:\/\/zeromagazine.mx\/","name":"Zero Magazine","description":"","publisher":{"@id":"https:\/\/zeromagazine.mx\/#organization"},"potentialAction":[{"@type":"SearchAction","target":{"@type":"EntryPoint","urlTemplate":"https:\/\/zeromagazine.mx\/?s={search_term_string}"},"query-input":{"@type":"PropertyValueSpecification","valueRequired":true,"valueName":"search_term_string"}}],"inLanguage":"es"},{"@type":"Organization","@id":"https:\/\/zeromagazine.mx\/#organization","name":"Zero Magazine","url":"https:\/\/zeromagazine.mx\/","logo":{"@type":"ImageObject","inLanguage":"es","@id":"https:\/\/zeromagazine.mx\/#\/schema\/logo\/image\/","url":"https:\/\/i0.wp.com\/zeromagazine.mx\/wp-content\/uploads\/2025\/11\/1.jpeg?fit=1000%2C1000&ssl=1","contentUrl":"https:\/\/i0.wp.com\/zeromagazine.mx\/wp-content\/uploads\/2025\/11\/1.jpeg?fit=1000%2C1000&ssl=1","width":1000,"height":1000,"caption":"Zero Magazine"},"image":{"@id":"https:\/\/zeromagazine.mx\/#\/schema\/logo\/image\/"},"sameAs":["https:\/\/instagram.com\/zeromagazinemx"]},{"@type":"Person","@id":"https:\/\/zeromagazine.mx\/#\/schema\/person\/9f7f1a17c60ba8e9980e3e6677aabe5a","name":"David Morales","image":{"@type":"ImageObject","inLanguage":"es","@id":"https:\/\/zeromagazine.mx\/wp-content\/litespeed\/avatar\/76069d2136bfc1c37dc34815bb67ca42.jpg?ver=1776966186","url":"https:\/\/zeromagazine.mx\/wp-content\/litespeed\/avatar\/76069d2136bfc1c37dc34815bb67ca42.jpg?ver=1776966186","contentUrl":"https:\/\/zeromagazine.mx\/wp-content\/litespeed\/avatar\/76069d2136bfc1c37dc34815bb67ca42.jpg?ver=1776966186","caption":"David Morales"},"url":"https:\/\/zeromagazine.mx\/index.php\/author\/david\/"}]}},"jetpack_publicize_connections":[],"jetpack_featured_media_url":"https:\/\/i0.wp.com\/zeromagazine.mx\/wp-content\/uploads\/2026\/03\/IMG_1701.jpeg?fit=724%2C250&ssl=1","jetpack-related-posts":[{"id":57078,"url":"https:\/\/zeromagazine.mx\/index.php\/2021\/10\/30\/xoloitzcuintle-el-perro-guia-de-los-muertos-origen-y-curiosidades\/","url_meta":{"origin":116581,"position":0},"title":"Xoloitzcuintle, el perro gu\u00eda de los muertos, origen y curiosidades","author":"zeromagazinemx","date":"30 de octubre de 2021","format":false,"excerpt":"El xoloitzcuintle es un perro muy famoso en las leyendas prehisp\u00e1nicas y en el d\u00eda de muertos. Es un perro, que tambi\u00e9n es conocido como Xolo, es un perro sin pelo, de piel muy suave, puede ser de color negro, gris, rojo o hasta rubio. De personalidad tranquila y alegre\u2026","rel":"","context":"En \u00abCultura\u00bb","block_context":{"text":"Cultura","link":"https:\/\/zeromagazine.mx\/index.php\/category\/cultura\/"},"img":{"alt_text":"","src":"","width":0,"height":0},"classes":[]},{"id":77386,"url":"https:\/\/zeromagazine.mx\/index.php\/2024\/06\/06\/descubriendo-quintana-roo-aventuras-y-cultura-en-el-caribe-mexicano\/","url_meta":{"origin":116581,"position":1},"title":"Descubriendo Quintana Roo: Aventuras y Cultura en el Caribe Mexicano","author":"David Morales","date":"6 de junio de 2024","format":false,"excerpt":"Hoy les traigo un plan que les va a volar la cabeza. \u00bfSe imaginan un lugar donde la aventura, la cultura y la diversi\u00f3n se mezclan para crear experiencias inolvidables? Pues s\u00ed, existe y se llama Quintana Roo. Este destino tiene de todo para todas las edades, desde parques tem\u00e1ticos\u2026","rel":"","context":"En \u00abBlog\u00bb","block_context":{"text":"Blog","link":"https:\/\/zeromagazine.mx\/index.php\/category\/blog\/"},"img":{"alt_text":"","src":"https:\/\/i0.wp.com\/zeromagazine.mx\/wp-content\/uploads\/2024\/06\/Cozumel-Familia.png?fit=1200%2C799&ssl=1&resize=350%2C200","width":350,"height":200,"srcset":"https:\/\/i0.wp.com\/zeromagazine.mx\/wp-content\/uploads\/2024\/06\/Cozumel-Familia.png?fit=1200%2C799&ssl=1&resize=350%2C200 1x, https:\/\/i0.wp.com\/zeromagazine.mx\/wp-content\/uploads\/2024\/06\/Cozumel-Familia.png?fit=1200%2C799&ssl=1&resize=525%2C300 1.5x, https:\/\/i0.wp.com\/zeromagazine.mx\/wp-content\/uploads\/2024\/06\/Cozumel-Familia.png?fit=1200%2C799&ssl=1&resize=700%2C400 2x, https:\/\/i0.wp.com\/zeromagazine.mx\/wp-content\/uploads\/2024\/06\/Cozumel-Familia.png?fit=1200%2C799&ssl=1&resize=1050%2C600 3x"},"classes":[]},{"id":71973,"url":"https:\/\/zeromagazine.mx\/index.php\/2024\/03\/14\/crocs-honra-el-legado-de-frida-kahlo\/","url_meta":{"origin":116581,"position":2},"title":"Crocs honra el legado de Frida Kahlo","author":"zeromagazinemx","date":"14 de marzo de 2024","format":false,"excerpt":"\u00a1Crocs nos sorprende una vez m\u00e1s con una colaboraci\u00f3n \u00fanica que celebra el talento incomparable de M\u00e9xico! Esta vez, rinden tributo a la incomparable Frida Kahlo, una de las artistas m\u00e1s trascendentales de nuestro pa\u00eds. Pero espera, \u00bfqu\u00e9 tiene de especial esta colaboraci\u00f3n m\u00e1s all\u00e1 de ser una simple uni\u00f3n\u2026","rel":"","context":"En \u00abModa\u00bb","block_context":{"text":"Moda","link":"https:\/\/zeromagazine.mx\/index.php\/category\/moda\/"},"img":{"alt_text":"","src":"https:\/\/i0.wp.com\/zeromagazine.mx\/wp-content\/uploads\/2024\/03\/209450_2Y2_ALT140.png?resize=350%2C200&ssl=1","width":350,"height":200,"srcset":"https:\/\/i0.wp.com\/zeromagazine.mx\/wp-content\/uploads\/2024\/03\/209450_2Y2_ALT140.png?resize=350%2C200&ssl=1 1x, https:\/\/i0.wp.com\/zeromagazine.mx\/wp-content\/uploads\/2024\/03\/209450_2Y2_ALT140.png?resize=525%2C300&ssl=1 1.5x, https:\/\/i0.wp.com\/zeromagazine.mx\/wp-content\/uploads\/2024\/03\/209450_2Y2_ALT140.png?resize=700%2C400&ssl=1 2x, https:\/\/i0.wp.com\/zeromagazine.mx\/wp-content\/uploads\/2024\/03\/209450_2Y2_ALT140.png?resize=1050%2C600&ssl=1 3x, https:\/\/i0.wp.com\/zeromagazine.mx\/wp-content\/uploads\/2024\/03\/209450_2Y2_ALT140.png?resize=1400%2C800&ssl=1 4x"},"classes":[]},{"id":81657,"url":"https:\/\/zeromagazine.mx\/index.php\/2024\/08\/09\/lujazo-en-cdmx-vive-eternities\/","url_meta":{"origin":116581,"position":3},"title":"\u00abLujazo en CDMX: Vive Eternities\u00bb","author":"zeromagazinemx","date":"9 de agosto de 2024","format":false,"excerpt":"Si andas buscando un destino que combine cultura, historia, lujo, y vibras\u00a0\u00a0incre\u00edbles, la Ciudad de M\u00e9xico (CDMX) es donde tienes que estar esta temporada. Sabemos que es el momento perfecto para salir de la rutina, y si tu plan es disfrutar de unas vacaciones de lujo, d\u00e9jame decirte que la\u2026","rel":"","context":"En \u00abBlog\u00bb","block_context":{"text":"Blog","link":"https:\/\/zeromagazine.mx\/index.php\/category\/blog\/"},"img":{"alt_text":"","src":"https:\/\/i0.wp.com\/zeromagazine.mx\/wp-content\/uploads\/2024\/08\/IMG_1216-scaled.jpg?fit=1200%2C800&ssl=1&resize=350%2C200","width":350,"height":200,"srcset":"https:\/\/i0.wp.com\/zeromagazine.mx\/wp-content\/uploads\/2024\/08\/IMG_1216-scaled.jpg?fit=1200%2C800&ssl=1&resize=350%2C200 1x, https:\/\/i0.wp.com\/zeromagazine.mx\/wp-content\/uploads\/2024\/08\/IMG_1216-scaled.jpg?fit=1200%2C800&ssl=1&resize=525%2C300 1.5x, https:\/\/i0.wp.com\/zeromagazine.mx\/wp-content\/uploads\/2024\/08\/IMG_1216-scaled.jpg?fit=1200%2C800&ssl=1&resize=700%2C400 2x, https:\/\/i0.wp.com\/zeromagazine.mx\/wp-content\/uploads\/2024\/08\/IMG_1216-scaled.jpg?fit=1200%2C800&ssl=1&resize=1050%2C600 3x"},"classes":[]},{"id":109130,"url":"https:\/\/zeromagazine.mx\/index.php\/2025\/10\/06\/shein-dia-de-muertos-colecciones-2025\/","url_meta":{"origin":116581,"position":4},"title":"SHEIN D\u00eda de Muertos: Moda con alma","author":"zeromagazinemx","date":"6 de octubre de 2025","format":false,"excerpt":"La moda se vuelve memoria y color cuando SHEIN D\u00eda de Muertos llega con dos colecciones que mezclan cultura, arte y un toque pop que no pasa desapercibido. Este a\u00f1o, la marca global se inspira en los s\u00edmbolos m\u00e1s representativos de M\u00e9xico y los lleva directo al cl\u00f3set: desde Frida\u2026","rel":"","context":"En \u00abModa\u00bb","block_context":{"text":"Moda","link":"https:\/\/zeromagazine.mx\/index.php\/category\/moda\/"},"img":{"alt_text":"","src":"https:\/\/i0.wp.com\/zeromagazine.mx\/wp-content\/uploads\/2025\/10\/EmptyName-1898-2-scaled.jpg?fit=800%2C1200&ssl=1&resize=350%2C200","width":350,"height":200,"srcset":"https:\/\/i0.wp.com\/zeromagazine.mx\/wp-content\/uploads\/2025\/10\/EmptyName-1898-2-scaled.jpg?fit=800%2C1200&ssl=1&resize=350%2C200 1x, https:\/\/i0.wp.com\/zeromagazine.mx\/wp-content\/uploads\/2025\/10\/EmptyName-1898-2-scaled.jpg?fit=800%2C1200&ssl=1&resize=525%2C300 1.5x, https:\/\/i0.wp.com\/zeromagazine.mx\/wp-content\/uploads\/2025\/10\/EmptyName-1898-2-scaled.jpg?fit=800%2C1200&ssl=1&resize=700%2C400 2x"},"classes":[]},{"id":87279,"url":"https:\/\/zeromagazine.mx\/index.php\/2024\/10\/17\/arte-wixarika-cultura-meets-modern-vibes\/","url_meta":{"origin":116581,"position":5},"title":"\u00abArte Wix\u00e1rika: Cultura Meets Modern Vibes\u00bb","author":"zeromagazinemx","date":"17 de octubre de 2024","format":false,"excerpt":"\u00bfYa conoc\u00edas este nombre? Si no, te est\u00e1s perdiendo una joya de la cultura mexicana que, con un toque super fresh, ha revolucionado el arte tradicional a otro nivel. So, let me tell you everything about c\u00f3mo este maestro del arte y su team est\u00e1n llevando el colorido arte Wix\u00e1rika\u2026","rel":"","context":"En \u00abCultura\u00bb","block_context":{"text":"Cultura","link":"https:\/\/zeromagazine.mx\/index.php\/category\/cultura\/"},"img":{"alt_text":"","src":"https:\/\/i0.wp.com\/zeromagazine.mx\/wp-content\/uploads\/2024\/10\/WhatsApp-Image-2024-10-08-at-5.01.42-PM.jpeg?fit=902%2C1200&ssl=1&resize=350%2C200","width":350,"height":200,"srcset":"https:\/\/i0.wp.com\/zeromagazine.mx\/wp-content\/uploads\/2024\/10\/WhatsApp-Image-2024-10-08-at-5.01.42-PM.jpeg?fit=902%2C1200&ssl=1&resize=350%2C200 1x, https:\/\/i0.wp.com\/zeromagazine.mx\/wp-content\/uploads\/2024\/10\/WhatsApp-Image-2024-10-08-at-5.01.42-PM.jpeg?fit=902%2C1200&ssl=1&resize=525%2C300 1.5x, https:\/\/i0.wp.com\/zeromagazine.mx\/wp-content\/uploads\/2024\/10\/WhatsApp-Image-2024-10-08-at-5.01.42-PM.jpeg?fit=902%2C1200&ssl=1&resize=700%2C400 2x"},"classes":[]}],"jetpack_sharing_enabled":true,"builder_content":"","_links":{"self":[{"href":"https:\/\/zeromagazine.mx\/index.php\/wp-json\/wp\/v2\/posts\/116581","targetHints":{"allow":["GET"]}}],"collection":[{"href":"https:\/\/zeromagazine.mx\/index.php\/wp-json\/wp\/v2\/posts"}],"about":[{"href":"https:\/\/zeromagazine.mx\/index.php\/wp-json\/wp\/v2\/types\/post"}],"author":[{"embeddable":true,"href":"https:\/\/zeromagazine.mx\/index.php\/wp-json\/wp\/v2\/users\/4"}],"replies":[{"embeddable":true,"href":"https:\/\/zeromagazine.mx\/index.php\/wp-json\/wp\/v2\/comments?post=116581"}],"version-history":[{"count":1,"href":"https:\/\/zeromagazine.mx\/index.php\/wp-json\/wp\/v2\/posts\/116581\/revisions"}],"predecessor-version":[{"id":116583,"href":"https:\/\/zeromagazine.mx\/index.php\/wp-json\/wp\/v2\/posts\/116581\/revisions\/116583"}],"wp:featuredmedia":[{"embeddable":true,"href":"https:\/\/zeromagazine.mx\/index.php\/wp-json\/wp\/v2\/media\/116582"}],"wp:attachment":[{"href":"https:\/\/zeromagazine.mx\/index.php\/wp-json\/wp\/v2\/media?parent=116581"}],"wp:term":[{"taxonomy":"category","embeddable":true,"href":"https:\/\/zeromagazine.mx\/index.php\/wp-json\/wp\/v2\/categories?post=116581"},{"taxonomy":"post_tag","embeddable":true,"href":"https:\/\/zeromagazine.mx\/index.php\/wp-json\/wp\/v2\/tags?post=116581"}],"curies":[{"name":"wp","href":"https:\/\/api.w.org\/{rel}","templated":true}]}}