{"id":116584,"date":"2026-03-12T12:16:57","date_gmt":"2026-03-12T18:16:57","guid":{"rendered":"https:\/\/zeromagazine.mx\/?p=116584"},"modified":"2026-03-12T12:17:51","modified_gmt":"2026-03-12T18:17:51","slug":"bajaj-vive-latino-2026","status":"publish","type":"post","link":"https:\/\/zeromagazine.mx\/index.php\/2026\/03\/12\/bajaj-vive-latino-2026\/","title":{"rendered":"BAJAJ enciende motores para Vive Latino 2026"},"content":{"rendered":"<!--themify_builder_content-->\n<div id=\"themify_builder_content-116584\" data-postid=\"116584\" class=\"themify_builder_content themify_builder_content-116584 themify_builder tf_clear\">\n    <\/div>\n<!--\/themify_builder_content-->\n\n\n<p>La relaci\u00f3n entre la m\u00fasica y el estilo de vida urbano siempre ha estado conectada con la libertad, la velocidad y la expresi\u00f3n personal. Por eso,&nbsp;<strong>BAJAJ Vive Latino 2026<\/strong>&nbsp;se convierte en una de las participaciones m\u00e1s llamativas dentro del festival, llevando al p\u00fablico una experiencia que mezcla motocicletas, tecnolog\u00eda y cultura musical en un mismo espacio.<\/p>\n\n\n\n<p>El regreso de la marca al&nbsp;Vive Latino&nbsp;no es casualidad. Este evento se ha consolidado como uno de los encuentros musicales m\u00e1s importantes de Am\u00e9rica Latina, reuniendo a miles de personas que comparten el gusto por la m\u00fasica, la energ\u00eda en vivo y el esp\u00edritu independiente.<\/p>\n\n\n\n<p>Adem\u00e1s, con su presencia en esta edici\u00f3n, la marca busca reforzar su v\u00ednculo con quienes ven en la movilidad algo m\u00e1s que transporte: una forma de vivir, explorar y moverse con libertad.<\/p>\n\n\n\n<h2 class=\"wp-block-heading\">BAJAJ Vive Latino 2026 y la experiencia interactiva<\/h2>\n\n\n\n<p>Primero, hay que decir que&nbsp;<strong>BAJAJ Vive Latino 2026<\/strong>&nbsp;no ser\u00e1 solo un stand promocional, sino un espacio interactivo donde los asistentes podr\u00e1n conocer de cerca algunos de los modelos m\u00e1s representativos de la marca.<\/p>\n\n\n\n<p>Durante el festival, el p\u00fablico podr\u00e1 ver motocicletas como la<br>Bajaj Dominar 400,<br>la&nbsp;Bajaj Avenger<br>y la familia Pulsar, incluyendo la<br>Bajaj Pulsar F250,<br>la&nbsp;Bajaj Pulsar NS400<br>y la&nbsp;Bajaj Pulsar N250.<\/p>\n\n\n\n<p>Adem\u00e1s, los visitantes podr\u00e1n explorar sus caracter\u00edsticas tecnol\u00f3gicas, conocer detalles de dise\u00f1o y participar en din\u00e1micas pensadas para conectar con quienes disfrutan la adrenalina y la innovaci\u00f3n.<\/p>\n\n\n\n<p>Tambi\u00e9n habr\u00e1 actividades especiales, premios y espacios dise\u00f1ados para fotos y contenido, algo que se ha vuelto parte esencial de cualquier festival. Por eso,&nbsp;<strong>BAJAJ Vive Latino 2026<\/strong>&nbsp;apuesta por crear un ambiente donde la m\u00fasica y el rodar se sientan como parte de la misma experiencia.<\/p>\n\n\n\n<figure class=\"wp-block-gallery has-nested-images columns-default is-cropped wp-block-gallery-1 is-layout-flex wp-block-gallery-is-layout-flex\">\n<figure class=\"wp-block-image size-large\"><img data-recalc-dims=\"1\" decoding=\"async\" width=\"819\" height=\"1024\" data-id=\"116586\" src=\"https:\/\/i0.wp.com\/zeromagazine.mx\/wp-content\/uploads\/2026\/03\/IMG_1702-1-819x1024.jpeg?resize=819%2C1024&#038;ssl=1\" alt=\"\" class=\"wp-image-116586\" srcset=\"https:\/\/i0.wp.com\/zeromagazine.mx\/wp-content\/uploads\/2026\/03\/IMG_1702-1.jpeg?resize=819%2C1024&amp;ssl=1 819w, https:\/\/i0.wp.com\/zeromagazine.mx\/wp-content\/uploads\/2026\/03\/IMG_1702-1.jpeg?resize=240%2C300&amp;ssl=1 240w, https:\/\/i0.wp.com\/zeromagazine.mx\/wp-content\/uploads\/2026\/03\/IMG_1702-1.jpeg?resize=768%2C960&amp;ssl=1 768w, https:\/\/i0.wp.com\/zeromagazine.mx\/wp-content\/uploads\/2026\/03\/IMG_1702-1.jpeg?w=1024&amp;ssl=1 1024w\" sizes=\"(max-width: 819px) 100vw, 819px\" \/><\/figure>\n<\/figure>\n\n\n\n<h2 class=\"wp-block-heading\">BAJAJ Vive Latino 2026 conecta m\u00fasica y estilo de vida<\/h2>\n\n\n\n<p>Sin embargo, la presencia de&nbsp;<strong>BAJAJ Vive Latino 2026<\/strong>&nbsp;va m\u00e1s all\u00e1 de mostrar motocicletas. La marca busca posicionarse dentro del territorio cultural, acerc\u00e1ndose a un p\u00fablico que comparte valores como la independencia, la autenticidad y el deseo de vivir cada momento con intensidad.<\/p>\n\n\n\n<p>Asimismo, el festival reunir\u00e1 a artistas nacionales e internacionales que han marcado distintas generaciones, lo que convierte el evento en el escenario perfecto para que la marca refuerce su identidad dentro de la cultura urbana.<\/p>\n\n\n\n<figure class=\"wp-block-gallery has-nested-images columns-default is-cropped wp-block-gallery-2 is-layout-flex wp-block-gallery-is-layout-flex\"><\/figure>\n\n\n\n<p>Durante los d\u00edas del festival, el p\u00fablico podr\u00e1 disfrutar presentaciones de bandas y artistas como<br>Enanitos Verdes,<br>Enjambre,<br>Juanes,<br>Fobia,<br>Alison<br>y&nbsp;Lenny Kravitz, entre muchos m\u00e1s.<\/p>\n\n\n\n<p>Adem\u00e1s, este tipo de encuentros demuestra c\u00f3mo las marcas buscan formar parte de experiencias reales, no solo de campa\u00f1as publicitarias.&nbsp;<strong>BAJAJ Vive Latino 2026<\/strong>&nbsp;se suma a esta tendencia apostando por estar presente en los momentos donde el p\u00fablico se siente m\u00e1s libre, m\u00e1s conectado y m\u00e1s dispuesto a vivir algo diferente.<\/p>\n\n\n\n<p>Finalmente, la combinaci\u00f3n de m\u00fasica, tecnolog\u00eda y movilidad confirma que el festival no solo es un espacio para escuchar conciertos, sino tambi\u00e9n para descubrir nuevas experiencias que forman parte del estilo de vida actual.<\/p>\n\n\n\n<p>Y en ese escenario,&nbsp;<strong>BAJAJ Vive Latino 2026<\/strong>&nbsp;encuentra el lugar perfecto para acelerar junto a quienes viven cada trayecto con emoci\u00f3n.<\/p>\n\n\n\n<figure class=\"wp-block-gallery has-nested-images columns-default is-cropped wp-block-gallery-3 is-layout-flex wp-block-gallery-is-layout-flex\"><\/figure>","protected":false},"excerpt":{"rendered":"<p>La relaci\u00f3n entre la m\u00fasica y el estilo de vida urbano siempre ha estado conectada con la libertad, la velocidad y la expresi\u00f3n personal. Por eso,&nbsp;BAJAJ Vive Latino 2026&nbsp;se convierte en una de las participaciones m\u00e1s llamativas dentro del festival, llevando al p\u00fablico una experiencia que mezcla motocicletas, tecnolog\u00eda y cultura musical en un mismo [&hellip;]<\/p>\n","protected":false},"author":4,"featured_media":116590,"comment_status":"open","ping_status":"open","sticky":false,"template":"","format":"standard","meta":{"_jetpack_memberships_contains_paid_content":false,"footnotes":"","jetpack_publicize_message":"","jetpack_publicize_feature_enabled":true,"jetpack_social_post_already_shared":true,"jetpack_social_options":{"image_generator_settings":{"template":"highway","default_image_id":0,"font":"","enabled":false},"version":2}},"categories":[1,14133,117],"tags":[],"class_list":["post-116584","post","type-post","status-publish","format-standard","has-post-thumbnail","hentry","category-blog","category-concierto","category-entretenimiento","has-post-title","has-post-date","has-post-category","has-post-tag","has-post-comment","has-post-author",""],"yoast_head":"<!-- This site is optimized with the Yoast SEO plugin v27.4 - https:\/\/yoast.com\/product\/yoast-seo-wordpress\/ -->\n<title>BAJAJ enciende motores para Vive Latino 2026 - Zero Magazine<\/title>\n<meta name=\"description\" content=\"BAJAJ Vive Latino 2026 llega con una experiencia interactiva en el festival, mostrando sus motocicletas y conectando con la cultura musical y urbana en CDMX.\" \/>\n<meta name=\"robots\" content=\"index, follow, max-snippet:-1, max-image-preview:large, max-video-preview:-1\" \/>\n<link rel=\"canonical\" href=\"https:\/\/zeromagazine.mx\/index.php\/2026\/03\/12\/bajaj-vive-latino-2026\/\" \/>\n<meta property=\"og:locale\" content=\"es_ES\" \/>\n<meta property=\"og:type\" content=\"article\" \/>\n<meta property=\"og:title\" content=\"BAJAJ enciende motores para Vive Latino 2026 - Zero Magazine\" \/>\n<meta property=\"og:description\" content=\"BAJAJ Vive Latino 2026 llega con una experiencia interactiva en el festival, mostrando sus motocicletas y conectando con la cultura musical y urbana en CDMX.\" \/>\n<meta property=\"og:url\" content=\"https:\/\/zeromagazine.mx\/index.php\/2026\/03\/12\/bajaj-vive-latino-2026\/\" \/>\n<meta property=\"og:site_name\" content=\"Zero Magazine\" \/>\n<meta property=\"article:published_time\" content=\"2026-03-12T18:16:57+00:00\" \/>\n<meta property=\"article:modified_time\" content=\"2026-03-12T18:17:51+00:00\" \/>\n<meta property=\"og:image\" content=\"http:\/\/zeromagazine.mx\/wp-content\/uploads\/2026\/03\/IMG_1703.png\" \/>\n\t<meta property=\"og:image:width\" content=\"1182\" \/>\n\t<meta property=\"og:image:height\" content=\"665\" \/>\n\t<meta property=\"og:image:type\" content=\"image\/png\" \/>\n<meta name=\"author\" content=\"David Morales\" \/>\n<meta name=\"twitter:card\" content=\"summary_large_image\" \/>\n<meta name=\"twitter:label1\" content=\"Escrito por\" \/>\n\t<meta name=\"twitter:data1\" content=\"David Morales\" \/>\n\t<meta name=\"twitter:label2\" content=\"Tiempo de lectura\" \/>\n\t<meta name=\"twitter:data2\" content=\"3 minutos\" \/>\n<script type=\"application\/ld+json\" class=\"yoast-schema-graph\">{\"@context\":\"https:\\\/\\\/schema.org\",\"@graph\":[{\"@type\":\"Article\",\"@id\":\"https:\\\/\\\/zeromagazine.mx\\\/index.php\\\/2026\\\/03\\\/12\\\/bajaj-vive-latino-2026\\\/#article\",\"isPartOf\":{\"@id\":\"https:\\\/\\\/zeromagazine.mx\\\/index.php\\\/2026\\\/03\\\/12\\\/bajaj-vive-latino-2026\\\/\"},\"author\":{\"name\":\"David Morales\",\"@id\":\"https:\\\/\\\/zeromagazine.mx\\\/#\\\/schema\\\/person\\\/9f7f1a17c60ba8e9980e3e6677aabe5a\"},\"headline\":\"BAJAJ enciende motores para Vive Latino 2026\",\"datePublished\":\"2026-03-12T18:16:57+00:00\",\"dateModified\":\"2026-03-12T18:17:51+00:00\",\"mainEntityOfPage\":{\"@id\":\"https:\\\/\\\/zeromagazine.mx\\\/index.php\\\/2026\\\/03\\\/12\\\/bajaj-vive-latino-2026\\\/\"},\"wordCount\":569,\"commentCount\":0,\"publisher\":{\"@id\":\"https:\\\/\\\/zeromagazine.mx\\\/#organization\"},\"image\":{\"@id\":\"https:\\\/\\\/zeromagazine.mx\\\/index.php\\\/2026\\\/03\\\/12\\\/bajaj-vive-latino-2026\\\/#primaryimage\"},\"thumbnailUrl\":\"https:\\\/\\\/i0.wp.com\\\/zeromagazine.mx\\\/wp-content\\\/uploads\\\/2026\\\/03\\\/IMG_1703.png?fit=1182%2C665&ssl=1\",\"articleSection\":[\"Blog\",\"Concierto\",\"Entretenimiento\"],\"inLanguage\":\"es\",\"potentialAction\":[{\"@type\":\"CommentAction\",\"name\":\"Comment\",\"target\":[\"https:\\\/\\\/zeromagazine.mx\\\/index.php\\\/2026\\\/03\\\/12\\\/bajaj-vive-latino-2026\\\/#respond\"]}]},{\"@type\":\"WebPage\",\"@id\":\"https:\\\/\\\/zeromagazine.mx\\\/index.php\\\/2026\\\/03\\\/12\\\/bajaj-vive-latino-2026\\\/\",\"url\":\"https:\\\/\\\/zeromagazine.mx\\\/index.php\\\/2026\\\/03\\\/12\\\/bajaj-vive-latino-2026\\\/\",\"name\":\"BAJAJ enciende motores para Vive Latino 2026 - Zero Magazine\",\"isPartOf\":{\"@id\":\"https:\\\/\\\/zeromagazine.mx\\\/#website\"},\"primaryImageOfPage\":{\"@id\":\"https:\\\/\\\/zeromagazine.mx\\\/index.php\\\/2026\\\/03\\\/12\\\/bajaj-vive-latino-2026\\\/#primaryimage\"},\"image\":{\"@id\":\"https:\\\/\\\/zeromagazine.mx\\\/index.php\\\/2026\\\/03\\\/12\\\/bajaj-vive-latino-2026\\\/#primaryimage\"},\"thumbnailUrl\":\"https:\\\/\\\/i0.wp.com\\\/zeromagazine.mx\\\/wp-content\\\/uploads\\\/2026\\\/03\\\/IMG_1703.png?fit=1182%2C665&ssl=1\",\"datePublished\":\"2026-03-12T18:16:57+00:00\",\"dateModified\":\"2026-03-12T18:17:51+00:00\",\"description\":\"BAJAJ Vive Latino 2026 llega con una experiencia interactiva en el festival, mostrando sus motocicletas y conectando con la cultura musical y urbana en CDMX.\",\"breadcrumb\":{\"@id\":\"https:\\\/\\\/zeromagazine.mx\\\/index.php\\\/2026\\\/03\\\/12\\\/bajaj-vive-latino-2026\\\/#breadcrumb\"},\"inLanguage\":\"es\",\"potentialAction\":[{\"@type\":\"ReadAction\",\"target\":[\"https:\\\/\\\/zeromagazine.mx\\\/index.php\\\/2026\\\/03\\\/12\\\/bajaj-vive-latino-2026\\\/\"]}]},{\"@type\":\"ImageObject\",\"inLanguage\":\"es\",\"@id\":\"https:\\\/\\\/zeromagazine.mx\\\/index.php\\\/2026\\\/03\\\/12\\\/bajaj-vive-latino-2026\\\/#primaryimage\",\"url\":\"https:\\\/\\\/i0.wp.com\\\/zeromagazine.mx\\\/wp-content\\\/uploads\\\/2026\\\/03\\\/IMG_1703.png?fit=1182%2C665&ssl=1\",\"contentUrl\":\"https:\\\/\\\/i0.wp.com\\\/zeromagazine.mx\\\/wp-content\\\/uploads\\\/2026\\\/03\\\/IMG_1703.png?fit=1182%2C665&ssl=1\",\"width\":1182,\"height\":665},{\"@type\":\"BreadcrumbList\",\"@id\":\"https:\\\/\\\/zeromagazine.mx\\\/index.php\\\/2026\\\/03\\\/12\\\/bajaj-vive-latino-2026\\\/#breadcrumb\",\"itemListElement\":[{\"@type\":\"ListItem\",\"position\":1,\"name\":\"Portada\",\"item\":\"https:\\\/\\\/zeromagazine.mx\\\/\"},{\"@type\":\"ListItem\",\"position\":2,\"name\":\"BAJAJ enciende motores para Vive Latino 2026\"}]},{\"@type\":\"WebSite\",\"@id\":\"https:\\\/\\\/zeromagazine.mx\\\/#website\",\"url\":\"https:\\\/\\\/zeromagazine.mx\\\/\",\"name\":\"Zero Magazine\",\"description\":\"\",\"publisher\":{\"@id\":\"https:\\\/\\\/zeromagazine.mx\\\/#organization\"},\"potentialAction\":[{\"@type\":\"SearchAction\",\"target\":{\"@type\":\"EntryPoint\",\"urlTemplate\":\"https:\\\/\\\/zeromagazine.mx\\\/?s={search_term_string}\"},\"query-input\":{\"@type\":\"PropertyValueSpecification\",\"valueRequired\":true,\"valueName\":\"search_term_string\"}}],\"inLanguage\":\"es\"},{\"@type\":\"Organization\",\"@id\":\"https:\\\/\\\/zeromagazine.mx\\\/#organization\",\"name\":\"Zero Magazine\",\"url\":\"https:\\\/\\\/zeromagazine.mx\\\/\",\"logo\":{\"@type\":\"ImageObject\",\"inLanguage\":\"es\",\"@id\":\"https:\\\/\\\/zeromagazine.mx\\\/#\\\/schema\\\/logo\\\/image\\\/\",\"url\":\"https:\\\/\\\/i0.wp.com\\\/zeromagazine.mx\\\/wp-content\\\/uploads\\\/2025\\\/11\\\/1.jpeg?fit=1000%2C1000&ssl=1\",\"contentUrl\":\"https:\\\/\\\/i0.wp.com\\\/zeromagazine.mx\\\/wp-content\\\/uploads\\\/2025\\\/11\\\/1.jpeg?fit=1000%2C1000&ssl=1\",\"width\":1000,\"height\":1000,\"caption\":\"Zero Magazine\"},\"image\":{\"@id\":\"https:\\\/\\\/zeromagazine.mx\\\/#\\\/schema\\\/logo\\\/image\\\/\"},\"sameAs\":[\"https:\\\/\\\/instagram.com\\\/zeromagazinemx\"]},{\"@type\":\"Person\",\"@id\":\"https:\\\/\\\/zeromagazine.mx\\\/#\\\/schema\\\/person\\\/9f7f1a17c60ba8e9980e3e6677aabe5a\",\"name\":\"David Morales\",\"image\":{\"@type\":\"ImageObject\",\"inLanguage\":\"es\",\"@id\":\"https:\\\/\\\/zeromagazine.mx\\\/wp-content\\\/litespeed\\\/avatar\\\/76069d2136bfc1c37dc34815bb67ca42.jpg?ver=1776966186\",\"url\":\"https:\\\/\\\/zeromagazine.mx\\\/wp-content\\\/litespeed\\\/avatar\\\/76069d2136bfc1c37dc34815bb67ca42.jpg?ver=1776966186\",\"contentUrl\":\"https:\\\/\\\/zeromagazine.mx\\\/wp-content\\\/litespeed\\\/avatar\\\/76069d2136bfc1c37dc34815bb67ca42.jpg?ver=1776966186\",\"caption\":\"David Morales\"},\"url\":\"https:\\\/\\\/zeromagazine.mx\\\/index.php\\\/author\\\/david\\\/\"}]}<\/script>\n<!-- \/ Yoast SEO plugin. -->","yoast_head_json":{"title":"BAJAJ enciende motores para Vive Latino 2026 - Zero Magazine","description":"BAJAJ Vive Latino 2026 llega con una experiencia interactiva en el festival, mostrando sus motocicletas y conectando con la cultura musical y urbana en CDMX.","robots":{"index":"index","follow":"follow","max-snippet":"max-snippet:-1","max-image-preview":"max-image-preview:large","max-video-preview":"max-video-preview:-1"},"canonical":"https:\/\/zeromagazine.mx\/index.php\/2026\/03\/12\/bajaj-vive-latino-2026\/","og_locale":"es_ES","og_type":"article","og_title":"BAJAJ enciende motores para Vive Latino 2026 - Zero Magazine","og_description":"BAJAJ Vive Latino 2026 llega con una experiencia interactiva en el festival, mostrando sus motocicletas y conectando con la cultura musical y urbana en CDMX.","og_url":"https:\/\/zeromagazine.mx\/index.php\/2026\/03\/12\/bajaj-vive-latino-2026\/","og_site_name":"Zero Magazine","article_published_time":"2026-03-12T18:16:57+00:00","article_modified_time":"2026-03-12T18:17:51+00:00","og_image":[{"width":1182,"height":665,"url":"http:\/\/zeromagazine.mx\/wp-content\/uploads\/2026\/03\/IMG_1703.png","type":"image\/png"}],"author":"David Morales","twitter_card":"summary_large_image","twitter_misc":{"Escrito por":"David Morales","Tiempo de lectura":"3 minutos"},"schema":{"@context":"https:\/\/schema.org","@graph":[{"@type":"Article","@id":"https:\/\/zeromagazine.mx\/index.php\/2026\/03\/12\/bajaj-vive-latino-2026\/#article","isPartOf":{"@id":"https:\/\/zeromagazine.mx\/index.php\/2026\/03\/12\/bajaj-vive-latino-2026\/"},"author":{"name":"David Morales","@id":"https:\/\/zeromagazine.mx\/#\/schema\/person\/9f7f1a17c60ba8e9980e3e6677aabe5a"},"headline":"BAJAJ enciende motores para Vive Latino 2026","datePublished":"2026-03-12T18:16:57+00:00","dateModified":"2026-03-12T18:17:51+00:00","mainEntityOfPage":{"@id":"https:\/\/zeromagazine.mx\/index.php\/2026\/03\/12\/bajaj-vive-latino-2026\/"},"wordCount":569,"commentCount":0,"publisher":{"@id":"https:\/\/zeromagazine.mx\/#organization"},"image":{"@id":"https:\/\/zeromagazine.mx\/index.php\/2026\/03\/12\/bajaj-vive-latino-2026\/#primaryimage"},"thumbnailUrl":"https:\/\/i0.wp.com\/zeromagazine.mx\/wp-content\/uploads\/2026\/03\/IMG_1703.png?fit=1182%2C665&ssl=1","articleSection":["Blog","Concierto","Entretenimiento"],"inLanguage":"es","potentialAction":[{"@type":"CommentAction","name":"Comment","target":["https:\/\/zeromagazine.mx\/index.php\/2026\/03\/12\/bajaj-vive-latino-2026\/#respond"]}]},{"@type":"WebPage","@id":"https:\/\/zeromagazine.mx\/index.php\/2026\/03\/12\/bajaj-vive-latino-2026\/","url":"https:\/\/zeromagazine.mx\/index.php\/2026\/03\/12\/bajaj-vive-latino-2026\/","name":"BAJAJ enciende motores para Vive Latino 2026 - Zero Magazine","isPartOf":{"@id":"https:\/\/zeromagazine.mx\/#website"},"primaryImageOfPage":{"@id":"https:\/\/zeromagazine.mx\/index.php\/2026\/03\/12\/bajaj-vive-latino-2026\/#primaryimage"},"image":{"@id":"https:\/\/zeromagazine.mx\/index.php\/2026\/03\/12\/bajaj-vive-latino-2026\/#primaryimage"},"thumbnailUrl":"https:\/\/i0.wp.com\/zeromagazine.mx\/wp-content\/uploads\/2026\/03\/IMG_1703.png?fit=1182%2C665&ssl=1","datePublished":"2026-03-12T18:16:57+00:00","dateModified":"2026-03-12T18:17:51+00:00","description":"BAJAJ Vive Latino 2026 llega con una experiencia interactiva en el festival, mostrando sus motocicletas y conectando con la cultura musical y urbana en CDMX.","breadcrumb":{"@id":"https:\/\/zeromagazine.mx\/index.php\/2026\/03\/12\/bajaj-vive-latino-2026\/#breadcrumb"},"inLanguage":"es","potentialAction":[{"@type":"ReadAction","target":["https:\/\/zeromagazine.mx\/index.php\/2026\/03\/12\/bajaj-vive-latino-2026\/"]}]},{"@type":"ImageObject","inLanguage":"es","@id":"https:\/\/zeromagazine.mx\/index.php\/2026\/03\/12\/bajaj-vive-latino-2026\/#primaryimage","url":"https:\/\/i0.wp.com\/zeromagazine.mx\/wp-content\/uploads\/2026\/03\/IMG_1703.png?fit=1182%2C665&ssl=1","contentUrl":"https:\/\/i0.wp.com\/zeromagazine.mx\/wp-content\/uploads\/2026\/03\/IMG_1703.png?fit=1182%2C665&ssl=1","width":1182,"height":665},{"@type":"BreadcrumbList","@id":"https:\/\/zeromagazine.mx\/index.php\/2026\/03\/12\/bajaj-vive-latino-2026\/#breadcrumb","itemListElement":[{"@type":"ListItem","position":1,"name":"Portada","item":"https:\/\/zeromagazine.mx\/"},{"@type":"ListItem","position":2,"name":"BAJAJ enciende motores para Vive Latino 2026"}]},{"@type":"WebSite","@id":"https:\/\/zeromagazine.mx\/#website","url":"https:\/\/zeromagazine.mx\/","name":"Zero Magazine","description":"","publisher":{"@id":"https:\/\/zeromagazine.mx\/#organization"},"potentialAction":[{"@type":"SearchAction","target":{"@type":"EntryPoint","urlTemplate":"https:\/\/zeromagazine.mx\/?s={search_term_string}"},"query-input":{"@type":"PropertyValueSpecification","valueRequired":true,"valueName":"search_term_string"}}],"inLanguage":"es"},{"@type":"Organization","@id":"https:\/\/zeromagazine.mx\/#organization","name":"Zero Magazine","url":"https:\/\/zeromagazine.mx\/","logo":{"@type":"ImageObject","inLanguage":"es","@id":"https:\/\/zeromagazine.mx\/#\/schema\/logo\/image\/","url":"https:\/\/i0.wp.com\/zeromagazine.mx\/wp-content\/uploads\/2025\/11\/1.jpeg?fit=1000%2C1000&ssl=1","contentUrl":"https:\/\/i0.wp.com\/zeromagazine.mx\/wp-content\/uploads\/2025\/11\/1.jpeg?fit=1000%2C1000&ssl=1","width":1000,"height":1000,"caption":"Zero Magazine"},"image":{"@id":"https:\/\/zeromagazine.mx\/#\/schema\/logo\/image\/"},"sameAs":["https:\/\/instagram.com\/zeromagazinemx"]},{"@type":"Person","@id":"https:\/\/zeromagazine.mx\/#\/schema\/person\/9f7f1a17c60ba8e9980e3e6677aabe5a","name":"David Morales","image":{"@type":"ImageObject","inLanguage":"es","@id":"https:\/\/zeromagazine.mx\/wp-content\/litespeed\/avatar\/76069d2136bfc1c37dc34815bb67ca42.jpg?ver=1776966186","url":"https:\/\/zeromagazine.mx\/wp-content\/litespeed\/avatar\/76069d2136bfc1c37dc34815bb67ca42.jpg?ver=1776966186","contentUrl":"https:\/\/zeromagazine.mx\/wp-content\/litespeed\/avatar\/76069d2136bfc1c37dc34815bb67ca42.jpg?ver=1776966186","caption":"David Morales"},"url":"https:\/\/zeromagazine.mx\/index.php\/author\/david\/"}]}},"jetpack_publicize_connections":[],"jetpack_featured_media_url":"https:\/\/i0.wp.com\/zeromagazine.mx\/wp-content\/uploads\/2026\/03\/IMG_1703.png?fit=1182%2C665&ssl=1","jetpack-related-posts":[{"id":72030,"url":"https:\/\/zeromagazine.mx\/index.php\/2024\/03\/14\/bajaj-se-une-a-la-celebracion-del-vive-latino-presentado-por-amazon\/","url_meta":{"origin":116584,"position":0},"title":"BAJAJ se une a la celebraci\u00f3n del Vive Latino presentado por Amazon","author":"zeromagazinemx","date":"14 de marzo de 2024","format":false,"excerpt":"BAJAJ se est\u00e1 uniendo a la fiesta del Vive Latino presentado por Amazon y te aseguro que no te lo querr\u00e1s perder. La marca lleva rompi\u00e9ndola desde el a\u00f1o pasado en los festivales. Pues este a\u00f1o no se quedan atr\u00e1s, al contrario, \u00a1vienen con todo! Estar\u00e1n presentes en el 24\u00ba\u2026","rel":"","context":"En \u00abBlog\u00bb","block_context":{"text":"Blog","link":"https:\/\/zeromagazine.mx\/index.php\/category\/blog\/"},"img":{"alt_text":"","src":"https:\/\/i0.wp.com\/zeromagazine.mx\/wp-content\/uploads\/2024\/03\/unnamed-2.jpg?resize=350%2C200&ssl=1","width":350,"height":200,"srcset":"https:\/\/i0.wp.com\/zeromagazine.mx\/wp-content\/uploads\/2024\/03\/unnamed-2.jpg?resize=350%2C200&ssl=1 1x, https:\/\/i0.wp.com\/zeromagazine.mx\/wp-content\/uploads\/2024\/03\/unnamed-2.jpg?resize=525%2C300&ssl=1 1.5x, https:\/\/i0.wp.com\/zeromagazine.mx\/wp-content\/uploads\/2024\/03\/unnamed-2.jpg?resize=700%2C400&ssl=1 2x, https:\/\/i0.wp.com\/zeromagazine.mx\/wp-content\/uploads\/2024\/03\/unnamed-2.jpg?resize=1050%2C600&ssl=1 3x"},"classes":[]},{"id":117333,"url":"https:\/\/zeromagazine.mx\/index.php\/2026\/03\/26\/bajaj-tecate-pal-norte-2026\/","url_meta":{"origin":116584,"position":1},"title":"BAJAJ llega a Tecate Pa`l Norte para vivir la m\u00fasica a toda velocidad","author":"David Morales","date":"26 de marzo de 2026","format":false,"excerpt":"La combinaci\u00f3n perfecta entre m\u00fasica, adrenalina y estilo de vida ya tiene nombre este 2026:\u00a0Bajaj Tecate Pa\u2019l Norte. Y es que cuando un festival de este nivel se cruza con una marca que vive la velocidad, el resultado no es solo un evento\u2026 es toda una experiencia. Este a\u00f1o, el\u2026","rel":"","context":"En \u00abBlog\u00bb","block_context":{"text":"Blog","link":"https:\/\/zeromagazine.mx\/index.php\/category\/blog\/"},"img":{"alt_text":"","src":"https:\/\/i0.wp.com\/zeromagazine.mx\/wp-content\/uploads\/2026\/03\/IMG_1860.jpeg?fit=256%2C320&ssl=1&resize=350%2C200","width":350,"height":200},"classes":[]},{"id":114102,"url":"https:\/\/zeromagazine.mx\/index.php\/2026\/01\/23\/vive-latino-historia-musical-2026\/","url_meta":{"origin":116584,"position":2},"title":"\u00a1\u00a1\u00a1Vive Latino: 26 ediciones de historia, pasi\u00f3n y cultura musical que nos unen!!!","author":"David Morales","date":"23 de enero de 2026","format":false,"excerpt":"Vive Latino historia musical\u00a0no es solo una frase poderosa: es una realidad que se ha construido durante 26 ediciones de m\u00fasica, identidad y comunidad. Este festival no se vive como un evento m\u00e1s, se siente como un ritual colectivo donde generaciones enteras se han encontrado para cantar, gritar, descubrir bandas\u2026","rel":"","context":"En \u00abConcierto\u00bb","block_context":{"text":"Concierto","link":"https:\/\/zeromagazine.mx\/index.php\/category\/concierto\/"},"img":{"alt_text":"","src":"https:\/\/i0.wp.com\/zeromagazine.mx\/wp-content\/uploads\/2026\/01\/IMG_1100-scaled.jpeg?fit=1200%2C600&ssl=1&resize=350%2C200","width":350,"height":200,"srcset":"https:\/\/i0.wp.com\/zeromagazine.mx\/wp-content\/uploads\/2026\/01\/IMG_1100-scaled.jpeg?fit=1200%2C600&ssl=1&resize=350%2C200 1x, https:\/\/i0.wp.com\/zeromagazine.mx\/wp-content\/uploads\/2026\/01\/IMG_1100-scaled.jpeg?fit=1200%2C600&ssl=1&resize=525%2C300 1.5x, https:\/\/i0.wp.com\/zeromagazine.mx\/wp-content\/uploads\/2026\/01\/IMG_1100-scaled.jpeg?fit=1200%2C600&ssl=1&resize=700%2C400 2x, https:\/\/i0.wp.com\/zeromagazine.mx\/wp-content\/uploads\/2026\/01\/IMG_1100-scaled.jpeg?fit=1200%2C600&ssl=1&resize=1050%2C600 3x"},"classes":[]},{"id":116928,"url":"https:\/\/zeromagazine.mx\/index.php\/2026\/03\/18\/vive-latino-2026-festival-mexico\/","url_meta":{"origin":116584,"position":3},"title":"Vive Latino 2026 arras\u00f3 en CDMX","author":"David Morales","date":"18 de marzo de 2026","format":false,"excerpt":"El\u00a0Vive Latino 2026\u00a0dej\u00f3 claro por qu\u00e9 sigue siendo uno de los festivales m\u00e1s importantes de Am\u00e9rica Latina. Durante dos d\u00edas intensos de m\u00fasica, energ\u00eda colectiva y momentos inesperados, el\u00a0Vive Latino\u00a0volvi\u00f3 a convertir a la Ciudad de M\u00e9xico en el punto de encuentro para miles de fans que llegaron listos para\u2026","rel":"","context":"En \u00abBlog\u00bb","block_context":{"text":"Blog","link":"https:\/\/zeromagazine.mx\/index.php\/category\/blog\/"},"img":{"alt_text":"vive latino 2026 escenario principal del festival","src":"https:\/\/i0.wp.com\/zeromagazine.mx\/wp-content\/uploads\/2026\/03\/IMG_1770-scaled.jpeg?fit=1200%2C800&ssl=1&resize=350%2C200","width":350,"height":200,"srcset":"https:\/\/i0.wp.com\/zeromagazine.mx\/wp-content\/uploads\/2026\/03\/IMG_1770-scaled.jpeg?fit=1200%2C800&ssl=1&resize=350%2C200 1x, https:\/\/i0.wp.com\/zeromagazine.mx\/wp-content\/uploads\/2026\/03\/IMG_1770-scaled.jpeg?fit=1200%2C800&ssl=1&resize=525%2C300 1.5x, https:\/\/i0.wp.com\/zeromagazine.mx\/wp-content\/uploads\/2026\/03\/IMG_1770-scaled.jpeg?fit=1200%2C800&ssl=1&resize=700%2C400 2x, https:\/\/i0.wp.com\/zeromagazine.mx\/wp-content\/uploads\/2026\/03\/IMG_1770-scaled.jpeg?fit=1200%2C800&ssl=1&resize=1050%2C600 3x"},"classes":[]},{"id":114257,"url":"https:\/\/zeromagazine.mx\/index.php\/2026\/01\/27\/latin-mafia-moda-paris\/","url_meta":{"origin":116584,"position":4},"title":"LATIN MAFIA DEBUTA EN EL MUNDO DE LA MODA EN PAR\u00cdS CON APARICI\u00d3N EN AMIRI Y PRESENTACI\u00d3N EN VIVO PARA WILLY CHAVARR\u00cdA","author":"David Morales","date":"27 de enero de 2026","format":false,"excerpt":"Par\u00eds siempre ha sido sin\u00f3nimo de lujo, riesgo creativo y tendencias que dictan el ritmo global. Esta vez, la ciudad fue testigo de algo distinto:\u00a0Latin Mafia\u00a0cruzando fronteras y demostrando que la m\u00fasica en espa\u00f1ol tambi\u00e9n puede ocupar un lugar central en la moda de alto impacto. Su debut en la\u2026","rel":"","context":"En \u00abBlog\u00bb","block_context":{"text":"Blog","link":"https:\/\/zeromagazine.mx\/index.php\/category\/blog\/"},"img":{"alt_text":"","src":"https:\/\/i0.wp.com\/zeromagazine.mx\/wp-content\/uploads\/2026\/01\/IMG_1171.jpeg?fit=1200%2C799&ssl=1&resize=350%2C200","width":350,"height":200,"srcset":"https:\/\/i0.wp.com\/zeromagazine.mx\/wp-content\/uploads\/2026\/01\/IMG_1171.jpeg?fit=1200%2C799&ssl=1&resize=350%2C200 1x, https:\/\/i0.wp.com\/zeromagazine.mx\/wp-content\/uploads\/2026\/01\/IMG_1171.jpeg?fit=1200%2C799&ssl=1&resize=525%2C300 1.5x, https:\/\/i0.wp.com\/zeromagazine.mx\/wp-content\/uploads\/2026\/01\/IMG_1171.jpeg?fit=1200%2C799&ssl=1&resize=700%2C400 2x, https:\/\/i0.wp.com\/zeromagazine.mx\/wp-content\/uploads\/2026\/01\/IMG_1171.jpeg?fit=1200%2C799&ssl=1&resize=1050%2C600 3x"},"classes":[]},{"id":90944,"url":"https:\/\/zeromagazine.mx\/index.php\/2024\/11\/15\/motores-y-musica-vibra-al-100\/","url_meta":{"origin":116584,"position":5},"title":"\u00abMotores y m\u00fasica: vibra al 100\u00bb","author":"zeromagazinemx","date":"15 de noviembre de 2024","format":false,"excerpt":"Ok, fam, si t\u00fa tambi\u00e9n eres fan de las motos\u00a0y\u00a0de los festivales que ponen a M\u00e9xico en el mapa global, ag\u00e1rrate porque BAJAJ viene con todo este a\u00f1o. Imag\u00ednate la vibra: motores rugiendo al ritmo de Greenday, Raw Alejandro, o hasta los Fabulosos Cadillacs. \u00a1Literal, un dream team de m\u00fasica\u2026","rel":"","context":"En \u00abEntretenimiento\u00bb","block_context":{"text":"Entretenimiento","link":"https:\/\/zeromagazine.mx\/index.php\/category\/entretenimiento\/"},"img":{"alt_text":"","src":"https:\/\/i0.wp.com\/zeromagazine.mx\/wp-content\/uploads\/2024\/11\/BAJAJ_AZUL.png?resize=350%2C200&ssl=1","width":350,"height":200,"srcset":"https:\/\/i0.wp.com\/zeromagazine.mx\/wp-content\/uploads\/2024\/11\/BAJAJ_AZUL.png?resize=350%2C200&ssl=1 1x, https:\/\/i0.wp.com\/zeromagazine.mx\/wp-content\/uploads\/2024\/11\/BAJAJ_AZUL.png?resize=525%2C300&ssl=1 1.5x, https:\/\/i0.wp.com\/zeromagazine.mx\/wp-content\/uploads\/2024\/11\/BAJAJ_AZUL.png?resize=700%2C400&ssl=1 2x, https:\/\/i0.wp.com\/zeromagazine.mx\/wp-content\/uploads\/2024\/11\/BAJAJ_AZUL.png?resize=1050%2C600&ssl=1 3x, https:\/\/i0.wp.com\/zeromagazine.mx\/wp-content\/uploads\/2024\/11\/BAJAJ_AZUL.png?resize=1400%2C800&ssl=1 4x"},"classes":[]}],"jetpack_sharing_enabled":true,"builder_content":"","_links":{"self":[{"href":"https:\/\/zeromagazine.mx\/index.php\/wp-json\/wp\/v2\/posts\/116584","targetHints":{"allow":["GET"]}}],"collection":[{"href":"https:\/\/zeromagazine.mx\/index.php\/wp-json\/wp\/v2\/posts"}],"about":[{"href":"https:\/\/zeromagazine.mx\/index.php\/wp-json\/wp\/v2\/types\/post"}],"author":[{"embeddable":true,"href":"https:\/\/zeromagazine.mx\/index.php\/wp-json\/wp\/v2\/users\/4"}],"replies":[{"embeddable":true,"href":"https:\/\/zeromagazine.mx\/index.php\/wp-json\/wp\/v2\/comments?post=116584"}],"version-history":[{"count":4,"href":"https:\/\/zeromagazine.mx\/index.php\/wp-json\/wp\/v2\/posts\/116584\/revisions"}],"predecessor-version":[{"id":116591,"href":"https:\/\/zeromagazine.mx\/index.php\/wp-json\/wp\/v2\/posts\/116584\/revisions\/116591"}],"wp:featuredmedia":[{"embeddable":true,"href":"https:\/\/zeromagazine.mx\/index.php\/wp-json\/wp\/v2\/media\/116590"}],"wp:attachment":[{"href":"https:\/\/zeromagazine.mx\/index.php\/wp-json\/wp\/v2\/media?parent=116584"}],"wp:term":[{"taxonomy":"category","embeddable":true,"href":"https:\/\/zeromagazine.mx\/index.php\/wp-json\/wp\/v2\/categories?post=116584"},{"taxonomy":"post_tag","embeddable":true,"href":"https:\/\/zeromagazine.mx\/index.php\/wp-json\/wp\/v2\/tags?post=116584"}],"curies":[{"name":"wp","href":"https:\/\/api.w.org\/{rel}","templated":true}]}}