{"id":116604,"date":"2026-03-12T17:50:30","date_gmt":"2026-03-12T23:50:30","guid":{"rendered":"https:\/\/zeromagazine.mx\/?p=116604"},"modified":"2026-03-12T17:51:46","modified_gmt":"2026-03-12T23:51:46","slug":"aerie-fundacion-origen-empoderamiento-mujeres","status":"publish","type":"post","link":"https:\/\/zeromagazine.mx\/index.php\/2026\/03\/12\/aerie-fundacion-origen-empoderamiento-mujeres\/","title":{"rendered":"Aerie Fundaci\u00f3n Origen inspiran cambio"},"content":{"rendered":"<p>Cuando una marca de moda decide ir m\u00e1s all\u00e1 de la est\u00e9tica y apostar por conversaciones reales, el resultado puede ser mucho m\u00e1s poderoso que cualquier tendencia. Eso es exactamente lo que ocurri\u00f3 con <strong>Aerie Fundaci\u00f3n Origen<\/strong>, una iniciativa que reuni\u00f3 comunidad, reflexi\u00f3n y acci\u00f3n en un encuentro especial en Ciudad de M\u00e9xico.<\/p>\n\n\n\n<p>La firma de ropa interior y lifestyle Aerie organiz\u00f3 un brunch que fue mucho m\u00e1s que una reuni\u00f3n social. En colaboraci\u00f3n con Fundaci\u00f3n Origen, el evento abri\u00f3 un espacio para hablar de bienestar, comunidad y el impacto que las mujeres pueden generar cuando se apoyan entre s\u00ed.<\/p>\n\n\n\n<p>En un momento cultural donde las conversaciones sobre igualdad, bienestar emocional y redes de apoyo son cada vez m\u00e1s relevantes, este encuentro demostr\u00f3 que la moda tambi\u00e9n puede convertirse en una plataforma para impulsar cambios reales.<\/p>\n\n\n<figure class=\"alignfull wp-block-post-featured-image\"><img data-recalc-dims=\"1\" decoding=\"async\" src=\"https:\/\/i0.wp.com\/zeromagazine.mx\/wp-content\/uploads\/2026\/03\/IMG_2920.heic?w=1165&#038;ssl=1\" class=\"attachment-post-thumbnail size-post-thumbnail wp-post-image\" alt=\"\" style=\"object-fit:cover;\" \/><\/figure>\n\n\n<h2 class=\"wp-block-heading\">Aerie Fundaci\u00f3n Origen y la fuerza de la comunidad<\/h2>\n\n\n\n<p>La alianza <strong>Aerie Fundaci\u00f3n Origen<\/strong> nace desde una idea muy clara: el empoderamiento no se construye en soledad. Por el contrario, surge cuando las mujeres crean redes de apoyo, comparten experiencias y encuentran espacios seguros para dialogar.<\/p>\n\n\n\n<p>Adem\u00e1s, el evento se realiz\u00f3 en un ambiente relajado que invitaba a la conversaci\u00f3n honesta. Entre caf\u00e9, brunch y momentos de reflexi\u00f3n, las asistentes compartieron historias y perspectivas sobre los retos y oportunidades que enfrentan las mujeres actualmente.<\/p>\n\n\n\n<p>Por otro lado, la filosof\u00eda de Aerie siempre ha estado ligada a promover la autenticidad. La marca ha construido una identidad basada en la confianza personal, la inclusi\u00f3n y la aceptaci\u00f3n del cuerpo tal como es. En ese sentido, colaborar con una organizaci\u00f3n que trabaja directamente con mujeres en situaciones vulnerables tiene todo el sentido.<\/p>\n\n\n\n<p>Asimismo, <strong>Aerie Fundaci\u00f3n Origen<\/strong> representa una forma concreta de llevar los valores de la marca a acciones reales dentro de la sociedad.<\/p>\n\n\n\n<figure class=\"wp-block-gallery alignfull has-nested-images columns-default is-cropped wp-block-gallery-1 is-layout-flex wp-block-gallery-is-layout-flex\">\n<figure class=\"wp-block-image size-large\"><img data-recalc-dims=\"1\" decoding=\"async\" data-id=\"116607\" src=\"https:\/\/i0.wp.com\/zeromagazine.mx\/wp-content\/uploads\/2026\/03\/IMG_3102.heic?w=1165&#038;ssl=1\" alt=\"\" class=\"wp-image-116607\"\/><\/figure>\n\n\n\n<figure class=\"wp-block-image size-large\"><img data-recalc-dims=\"1\" decoding=\"async\" data-id=\"116606\" src=\"https:\/\/i0.wp.com\/zeromagazine.mx\/wp-content\/uploads\/2026\/03\/IMG_3097.heic?w=1165&#038;ssl=1\" alt=\"\" class=\"wp-image-116606\"\/><\/figure>\n\n\n\n<figure class=\"wp-block-image size-large\"><img data-recalc-dims=\"1\" decoding=\"async\" data-id=\"116608\" src=\"https:\/\/i0.wp.com\/zeromagazine.mx\/wp-content\/uploads\/2026\/03\/IMG_3091.heic?w=1165&#038;ssl=1\" alt=\"\" class=\"wp-image-116608\"\/><\/figure>\n<\/figure>\n\n\n\n<h2 class=\"wp-block-heading\">Aerie Fundaci\u00f3n Origen impulsa impacto real<\/h2>\n\n\n\n<p>Detr\u00e1s de esta conversaci\u00f3n tambi\u00e9n hay una historia de impacto social importante. <strong>Fundaci\u00f3n Origen<\/strong> cuenta con m\u00e1s de dos d\u00e9cadas de trabajo brindando apoyo integral a mujeres en situaciones de violencia o vulnerabilidad.<\/p>\n\n\n\n<p>Adem\u00e1s, su modelo combina acompa\u00f1amiento emocional, orientaci\u00f3n legal y programas de desarrollo econ\u00f3mico. Esto permite que muchas mujeres encuentren herramientas para reconstruir su vida con mayor autonom\u00eda y dignidad.<\/p>\n\n\n\n<p>Mientras tanto, iniciativas como <strong>Aerie Fundaci\u00f3n Origen<\/strong> ayudan a amplificar ese trabajo. Al generar visibilidad y abrir espacios de di\u00e1logo, se logra que m\u00e1s personas conozcan las redes de apoyo disponibles y se sumen a la conversaci\u00f3n.<\/p>\n\n\n\n<p>Finalmente, uno de los momentos m\u00e1s relevantes del encuentro fue el anuncio de una donaci\u00f3n por parte de Aerie para fortalecer los programas de la fundaci\u00f3n. Este apoyo permitir\u00e1 ampliar el alcance de sus servicios y continuar brindando orientaci\u00f3n y acompa\u00f1amiento a quienes m\u00e1s lo necesitan.<\/p>\n\n\n\n<p>Lo que dej\u00f3 claro la iniciativa <strong>Aerie Fundaci\u00f3n Origen<\/strong> es que el cambio social no ocurre \u00fanicamente en grandes discursos. Muchas veces comienza con algo tan simple \u2014y tan poderoso\u2014 como escuchar.<\/p>\n\n\n\n<p>Adem\u00e1s, cuando una comunidad decide reunirse para compartir experiencias y reflexionar sobre el futuro, se crea un efecto multiplicador. Cada conversaci\u00f3n abre nuevas posibilidades, cada historia inspira a otra persona y cada gesto de apoyo fortalece la red colectiva.<\/p>\n\n\n\n<p>En un mundo donde las marcas tienen cada vez m\u00e1s influencia cultural, propuestas como <strong>Aerie Fundaci\u00f3n Origen<\/strong> demuestran que la moda tambi\u00e9n puede ser una herramienta para construir una sociedad m\u00e1s emp\u00e1tica, consciente y solidaria.<\/p>\n\n\n\n<p>Porque al final del d\u00eda, el verdadero poder aparece cuando las mujeres se acompa\u00f1an, se escuchan y avanzan juntas.<\/p>\n\n\n\n<figure class=\"wp-block-gallery alignfull has-nested-images columns-default is-cropped wp-block-gallery-2 is-layout-flex wp-block-gallery-is-layout-flex\">\n<figure class=\"wp-block-image size-large\"><img data-recalc-dims=\"1\" decoding=\"async\" data-id=\"116609\" src=\"https:\/\/i0.wp.com\/zeromagazine.mx\/wp-content\/uploads\/2026\/03\/IMG_2921.heic?w=1165&#038;ssl=1\" alt=\"\" class=\"wp-image-116609\"\/><\/figure>\n\n\n\n<figure class=\"wp-block-image size-large\"><img data-recalc-dims=\"1\" decoding=\"async\" data-id=\"116611\" src=\"https:\/\/i0.wp.com\/zeromagazine.mx\/wp-content\/uploads\/2026\/03\/IMG_2914.heic?w=1165&#038;ssl=1\" alt=\"\" class=\"wp-image-116611\"\/><\/figure>\n\n\n\n<figure class=\"wp-block-image size-large\"><img data-recalc-dims=\"1\" decoding=\"async\" data-id=\"116610\" src=\"https:\/\/i0.wp.com\/zeromagazine.mx\/wp-content\/uploads\/2026\/03\/IMG_2901.heic?w=1165&#038;ssl=1\" alt=\"\" class=\"wp-image-116610\"\/><\/figure>\n<\/figure>\n\n<!--themify_builder_content-->\n<div id=\"themify_builder_content-116604\" data-postid=\"116604\" class=\"themify_builder_content themify_builder_content-116604 themify_builder tf_clear\">\n    <\/div>\n<!--\/themify_builder_content-->","protected":false},"excerpt":{"rendered":"<p>Cuando una marca de moda decide ir m\u00e1s all\u00e1 de la est\u00e9tica y apostar por conversaciones reales, el resultado puede ser mucho m\u00e1s poderoso que cualquier tendencia. Eso es exactamente lo que ocurri\u00f3 con Aerie Fundaci\u00f3n Origen, una iniciativa que reuni\u00f3 comunidad, reflexi\u00f3n y acci\u00f3n en un encuentro especial en Ciudad de M\u00e9xico. La firma [&hellip;]<\/p>\n","protected":false},"author":2,"featured_media":116614,"comment_status":"open","ping_status":"open","sticky":false,"template":"","format":"standard","meta":{"_jetpack_memberships_contains_paid_content":false,"footnotes":"","jetpack_publicize_message":"","jetpack_publicize_feature_enabled":true,"jetpack_social_post_already_shared":true,"jetpack_social_options":{"image_generator_settings":{"template":"highway","default_image_id":0,"font":"","enabled":false},"version":2}},"categories":[67],"tags":[],"class_list":["post-116604","post","type-post","status-publish","format-standard","has-post-thumbnail","hentry","category-moda","has-post-title","has-post-date","has-post-category","has-post-tag","has-post-comment","has-post-author",""],"yoast_head":"<!-- This site is optimized with the Yoast SEO plugin v27.4 - https:\/\/yoast.com\/product\/yoast-seo-wordpress\/ -->\n<title>Aerie Fundaci\u00f3n Origen inspiran cambio - Zero Magazine<\/title>\n<meta name=\"description\" content=\"Aerie Fundaci\u00f3n Origen impulsa conversaciones sobre empoderamiento femenino y apoyo comunitario en un encuentro especial en Ciudad de M\u00e9xico.\" \/>\n<meta name=\"robots\" content=\"index, follow, max-snippet:-1, max-image-preview:large, max-video-preview:-1\" \/>\n<link rel=\"canonical\" href=\"https:\/\/zeromagazine.mx\/index.php\/2026\/03\/12\/aerie-fundacion-origen-empoderamiento-mujeres\/\" \/>\n<meta property=\"og:locale\" content=\"es_ES\" \/>\n<meta property=\"og:type\" content=\"article\" \/>\n<meta property=\"og:title\" content=\"Aerie Fundaci\u00f3n Origen inspiran cambio - Zero Magazine\" \/>\n<meta property=\"og:description\" content=\"Aerie Fundaci\u00f3n Origen impulsa conversaciones sobre empoderamiento femenino y apoyo comunitario en un encuentro especial en Ciudad de M\u00e9xico.\" \/>\n<meta property=\"og:url\" content=\"https:\/\/zeromagazine.mx\/index.php\/2026\/03\/12\/aerie-fundacion-origen-empoderamiento-mujeres\/\" \/>\n<meta property=\"og:site_name\" content=\"Zero Magazine\" \/>\n<meta property=\"article:published_time\" content=\"2026-03-12T23:50:30+00:00\" \/>\n<meta property=\"article:modified_time\" content=\"2026-03-12T23:51:46+00:00\" \/>\n<meta name=\"author\" content=\"zeromagazinemx\" \/>\n<meta name=\"twitter:card\" content=\"summary_large_image\" \/>\n<meta name=\"twitter:label1\" content=\"Escrito por\" \/>\n\t<meta name=\"twitter:data1\" content=\"zeromagazinemx\" \/>\n\t<meta name=\"twitter:label2\" content=\"Tiempo de lectura\" \/>\n\t<meta name=\"twitter:data2\" content=\"5 minutos\" \/>\n<script type=\"application\/ld+json\" class=\"yoast-schema-graph\">{\"@context\":\"https:\\\/\\\/schema.org\",\"@graph\":[{\"@type\":\"Article\",\"@id\":\"https:\\\/\\\/zeromagazine.mx\\\/index.php\\\/2026\\\/03\\\/12\\\/aerie-fundacion-origen-empoderamiento-mujeres\\\/#article\",\"isPartOf\":{\"@id\":\"https:\\\/\\\/zeromagazine.mx\\\/index.php\\\/2026\\\/03\\\/12\\\/aerie-fundacion-origen-empoderamiento-mujeres\\\/\"},\"author\":{\"name\":\"zeromagazinemx\",\"@id\":\"https:\\\/\\\/zeromagazine.mx\\\/#\\\/schema\\\/person\\\/9aed9f33a7c39af3a348b86d723f7773\"},\"headline\":\"Aerie Fundaci\u00f3n Origen inspiran cambio\",\"datePublished\":\"2026-03-12T23:50:30+00:00\",\"dateModified\":\"2026-03-12T23:51:46+00:00\",\"mainEntityOfPage\":{\"@id\":\"https:\\\/\\\/zeromagazine.mx\\\/index.php\\\/2026\\\/03\\\/12\\\/aerie-fundacion-origen-empoderamiento-mujeres\\\/\"},\"wordCount\":634,\"commentCount\":0,\"publisher\":{\"@id\":\"https:\\\/\\\/zeromagazine.mx\\\/#organization\"},\"image\":{\"@id\":\"https:\\\/\\\/zeromagazine.mx\\\/index.php\\\/2026\\\/03\\\/12\\\/aerie-fundacion-origen-empoderamiento-mujeres\\\/#primaryimage\"},\"thumbnailUrl\":\"https:\\\/\\\/i0.wp.com\\\/zeromagazine.mx\\\/wp-content\\\/uploads\\\/2026\\\/03\\\/IMG_2920.heic?fit=%2C&ssl=1\",\"articleSection\":[\"Moda\"],\"inLanguage\":\"es\",\"potentialAction\":[{\"@type\":\"CommentAction\",\"name\":\"Comment\",\"target\":[\"https:\\\/\\\/zeromagazine.mx\\\/index.php\\\/2026\\\/03\\\/12\\\/aerie-fundacion-origen-empoderamiento-mujeres\\\/#respond\"]}]},{\"@type\":\"WebPage\",\"@id\":\"https:\\\/\\\/zeromagazine.mx\\\/index.php\\\/2026\\\/03\\\/12\\\/aerie-fundacion-origen-empoderamiento-mujeres\\\/\",\"url\":\"https:\\\/\\\/zeromagazine.mx\\\/index.php\\\/2026\\\/03\\\/12\\\/aerie-fundacion-origen-empoderamiento-mujeres\\\/\",\"name\":\"Aerie Fundaci\u00f3n Origen inspiran cambio - Zero Magazine\",\"isPartOf\":{\"@id\":\"https:\\\/\\\/zeromagazine.mx\\\/#website\"},\"primaryImageOfPage\":{\"@id\":\"https:\\\/\\\/zeromagazine.mx\\\/index.php\\\/2026\\\/03\\\/12\\\/aerie-fundacion-origen-empoderamiento-mujeres\\\/#primaryimage\"},\"image\":{\"@id\":\"https:\\\/\\\/zeromagazine.mx\\\/index.php\\\/2026\\\/03\\\/12\\\/aerie-fundacion-origen-empoderamiento-mujeres\\\/#primaryimage\"},\"thumbnailUrl\":\"https:\\\/\\\/i0.wp.com\\\/zeromagazine.mx\\\/wp-content\\\/uploads\\\/2026\\\/03\\\/IMG_2920.heic?fit=%2C&ssl=1\",\"datePublished\":\"2026-03-12T23:50:30+00:00\",\"dateModified\":\"2026-03-12T23:51:46+00:00\",\"description\":\"Aerie Fundaci\u00f3n Origen impulsa conversaciones sobre empoderamiento femenino y apoyo comunitario en un encuentro especial en Ciudad de M\u00e9xico.\",\"breadcrumb\":{\"@id\":\"https:\\\/\\\/zeromagazine.mx\\\/index.php\\\/2026\\\/03\\\/12\\\/aerie-fundacion-origen-empoderamiento-mujeres\\\/#breadcrumb\"},\"inLanguage\":\"es\",\"potentialAction\":[{\"@type\":\"ReadAction\",\"target\":[\"https:\\\/\\\/zeromagazine.mx\\\/index.php\\\/2026\\\/03\\\/12\\\/aerie-fundacion-origen-empoderamiento-mujeres\\\/\"]}]},{\"@type\":\"ImageObject\",\"inLanguage\":\"es\",\"@id\":\"https:\\\/\\\/zeromagazine.mx\\\/index.php\\\/2026\\\/03\\\/12\\\/aerie-fundacion-origen-empoderamiento-mujeres\\\/#primaryimage\",\"url\":\"https:\\\/\\\/i0.wp.com\\\/zeromagazine.mx\\\/wp-content\\\/uploads\\\/2026\\\/03\\\/IMG_2920.heic?fit=%2C&ssl=1\",\"contentUrl\":\"https:\\\/\\\/i0.wp.com\\\/zeromagazine.mx\\\/wp-content\\\/uploads\\\/2026\\\/03\\\/IMG_2920.heic?fit=%2C&ssl=1\"},{\"@type\":\"BreadcrumbList\",\"@id\":\"https:\\\/\\\/zeromagazine.mx\\\/index.php\\\/2026\\\/03\\\/12\\\/aerie-fundacion-origen-empoderamiento-mujeres\\\/#breadcrumb\",\"itemListElement\":[{\"@type\":\"ListItem\",\"position\":1,\"name\":\"Portada\",\"item\":\"https:\\\/\\\/zeromagazine.mx\\\/\"},{\"@type\":\"ListItem\",\"position\":2,\"name\":\"Aerie Fundaci\u00f3n Origen inspiran cambio\"}]},{\"@type\":\"WebSite\",\"@id\":\"https:\\\/\\\/zeromagazine.mx\\\/#website\",\"url\":\"https:\\\/\\\/zeromagazine.mx\\\/\",\"name\":\"Zero Magazine\",\"description\":\"\",\"publisher\":{\"@id\":\"https:\\\/\\\/zeromagazine.mx\\\/#organization\"},\"potentialAction\":[{\"@type\":\"SearchAction\",\"target\":{\"@type\":\"EntryPoint\",\"urlTemplate\":\"https:\\\/\\\/zeromagazine.mx\\\/?s={search_term_string}\"},\"query-input\":{\"@type\":\"PropertyValueSpecification\",\"valueRequired\":true,\"valueName\":\"search_term_string\"}}],\"inLanguage\":\"es\"},{\"@type\":\"Organization\",\"@id\":\"https:\\\/\\\/zeromagazine.mx\\\/#organization\",\"name\":\"Zero Magazine\",\"url\":\"https:\\\/\\\/zeromagazine.mx\\\/\",\"logo\":{\"@type\":\"ImageObject\",\"inLanguage\":\"es\",\"@id\":\"https:\\\/\\\/zeromagazine.mx\\\/#\\\/schema\\\/logo\\\/image\\\/\",\"url\":\"https:\\\/\\\/i0.wp.com\\\/zeromagazine.mx\\\/wp-content\\\/uploads\\\/2025\\\/11\\\/1.jpeg?fit=1000%2C1000&ssl=1\",\"contentUrl\":\"https:\\\/\\\/i0.wp.com\\\/zeromagazine.mx\\\/wp-content\\\/uploads\\\/2025\\\/11\\\/1.jpeg?fit=1000%2C1000&ssl=1\",\"width\":1000,\"height\":1000,\"caption\":\"Zero Magazine\"},\"image\":{\"@id\":\"https:\\\/\\\/zeromagazine.mx\\\/#\\\/schema\\\/logo\\\/image\\\/\"},\"sameAs\":[\"https:\\\/\\\/instagram.com\\\/zeromagazinemx\"]},{\"@type\":\"Person\",\"@id\":\"https:\\\/\\\/zeromagazine.mx\\\/#\\\/schema\\\/person\\\/9aed9f33a7c39af3a348b86d723f7773\",\"name\":\"zeromagazinemx\",\"image\":{\"@type\":\"ImageObject\",\"inLanguage\":\"es\",\"@id\":\"https:\\\/\\\/zeromagazine.mx\\\/wp-content\\\/litespeed\\\/avatar\\\/f91dfe5410d5dcb1a576bf8c45983896.jpg?ver=1776966396\",\"url\":\"https:\\\/\\\/zeromagazine.mx\\\/wp-content\\\/litespeed\\\/avatar\\\/f91dfe5410d5dcb1a576bf8c45983896.jpg?ver=1776966396\",\"contentUrl\":\"https:\\\/\\\/zeromagazine.mx\\\/wp-content\\\/litespeed\\\/avatar\\\/f91dfe5410d5dcb1a576bf8c45983896.jpg?ver=1776966396\",\"caption\":\"zeromagazinemx\"},\"url\":\"https:\\\/\\\/zeromagazine.mx\\\/index.php\\\/author\\\/zeromagazinemx\\\/\"}]}<\/script>\n<!-- \/ Yoast SEO plugin. -->","yoast_head_json":{"title":"Aerie Fundaci\u00f3n Origen inspiran cambio - Zero Magazine","description":"Aerie Fundaci\u00f3n Origen impulsa conversaciones sobre empoderamiento femenino y apoyo comunitario en un encuentro especial en Ciudad de M\u00e9xico.","robots":{"index":"index","follow":"follow","max-snippet":"max-snippet:-1","max-image-preview":"max-image-preview:large","max-video-preview":"max-video-preview:-1"},"canonical":"https:\/\/zeromagazine.mx\/index.php\/2026\/03\/12\/aerie-fundacion-origen-empoderamiento-mujeres\/","og_locale":"es_ES","og_type":"article","og_title":"Aerie Fundaci\u00f3n Origen inspiran cambio - Zero Magazine","og_description":"Aerie Fundaci\u00f3n Origen impulsa conversaciones sobre empoderamiento femenino y apoyo comunitario en un encuentro especial en Ciudad de M\u00e9xico.","og_url":"https:\/\/zeromagazine.mx\/index.php\/2026\/03\/12\/aerie-fundacion-origen-empoderamiento-mujeres\/","og_site_name":"Zero Magazine","article_published_time":"2026-03-12T23:50:30+00:00","article_modified_time":"2026-03-12T23:51:46+00:00","author":"zeromagazinemx","twitter_card":"summary_large_image","twitter_misc":{"Escrito por":"zeromagazinemx","Tiempo de lectura":"5 minutos"},"schema":{"@context":"https:\/\/schema.org","@graph":[{"@type":"Article","@id":"https:\/\/zeromagazine.mx\/index.php\/2026\/03\/12\/aerie-fundacion-origen-empoderamiento-mujeres\/#article","isPartOf":{"@id":"https:\/\/zeromagazine.mx\/index.php\/2026\/03\/12\/aerie-fundacion-origen-empoderamiento-mujeres\/"},"author":{"name":"zeromagazinemx","@id":"https:\/\/zeromagazine.mx\/#\/schema\/person\/9aed9f33a7c39af3a348b86d723f7773"},"headline":"Aerie Fundaci\u00f3n Origen inspiran cambio","datePublished":"2026-03-12T23:50:30+00:00","dateModified":"2026-03-12T23:51:46+00:00","mainEntityOfPage":{"@id":"https:\/\/zeromagazine.mx\/index.php\/2026\/03\/12\/aerie-fundacion-origen-empoderamiento-mujeres\/"},"wordCount":634,"commentCount":0,"publisher":{"@id":"https:\/\/zeromagazine.mx\/#organization"},"image":{"@id":"https:\/\/zeromagazine.mx\/index.php\/2026\/03\/12\/aerie-fundacion-origen-empoderamiento-mujeres\/#primaryimage"},"thumbnailUrl":"https:\/\/i0.wp.com\/zeromagazine.mx\/wp-content\/uploads\/2026\/03\/IMG_2920.heic?fit=%2C&ssl=1","articleSection":["Moda"],"inLanguage":"es","potentialAction":[{"@type":"CommentAction","name":"Comment","target":["https:\/\/zeromagazine.mx\/index.php\/2026\/03\/12\/aerie-fundacion-origen-empoderamiento-mujeres\/#respond"]}]},{"@type":"WebPage","@id":"https:\/\/zeromagazine.mx\/index.php\/2026\/03\/12\/aerie-fundacion-origen-empoderamiento-mujeres\/","url":"https:\/\/zeromagazine.mx\/index.php\/2026\/03\/12\/aerie-fundacion-origen-empoderamiento-mujeres\/","name":"Aerie Fundaci\u00f3n Origen inspiran cambio - Zero Magazine","isPartOf":{"@id":"https:\/\/zeromagazine.mx\/#website"},"primaryImageOfPage":{"@id":"https:\/\/zeromagazine.mx\/index.php\/2026\/03\/12\/aerie-fundacion-origen-empoderamiento-mujeres\/#primaryimage"},"image":{"@id":"https:\/\/zeromagazine.mx\/index.php\/2026\/03\/12\/aerie-fundacion-origen-empoderamiento-mujeres\/#primaryimage"},"thumbnailUrl":"https:\/\/i0.wp.com\/zeromagazine.mx\/wp-content\/uploads\/2026\/03\/IMG_2920.heic?fit=%2C&ssl=1","datePublished":"2026-03-12T23:50:30+00:00","dateModified":"2026-03-12T23:51:46+00:00","description":"Aerie Fundaci\u00f3n Origen impulsa conversaciones sobre empoderamiento femenino y apoyo comunitario en un encuentro especial en Ciudad de M\u00e9xico.","breadcrumb":{"@id":"https:\/\/zeromagazine.mx\/index.php\/2026\/03\/12\/aerie-fundacion-origen-empoderamiento-mujeres\/#breadcrumb"},"inLanguage":"es","potentialAction":[{"@type":"ReadAction","target":["https:\/\/zeromagazine.mx\/index.php\/2026\/03\/12\/aerie-fundacion-origen-empoderamiento-mujeres\/"]}]},{"@type":"ImageObject","inLanguage":"es","@id":"https:\/\/zeromagazine.mx\/index.php\/2026\/03\/12\/aerie-fundacion-origen-empoderamiento-mujeres\/#primaryimage","url":"https:\/\/i0.wp.com\/zeromagazine.mx\/wp-content\/uploads\/2026\/03\/IMG_2920.heic?fit=%2C&ssl=1","contentUrl":"https:\/\/i0.wp.com\/zeromagazine.mx\/wp-content\/uploads\/2026\/03\/IMG_2920.heic?fit=%2C&ssl=1"},{"@type":"BreadcrumbList","@id":"https:\/\/zeromagazine.mx\/index.php\/2026\/03\/12\/aerie-fundacion-origen-empoderamiento-mujeres\/#breadcrumb","itemListElement":[{"@type":"ListItem","position":1,"name":"Portada","item":"https:\/\/zeromagazine.mx\/"},{"@type":"ListItem","position":2,"name":"Aerie Fundaci\u00f3n Origen inspiran cambio"}]},{"@type":"WebSite","@id":"https:\/\/zeromagazine.mx\/#website","url":"https:\/\/zeromagazine.mx\/","name":"Zero Magazine","description":"","publisher":{"@id":"https:\/\/zeromagazine.mx\/#organization"},"potentialAction":[{"@type":"SearchAction","target":{"@type":"EntryPoint","urlTemplate":"https:\/\/zeromagazine.mx\/?s={search_term_string}"},"query-input":{"@type":"PropertyValueSpecification","valueRequired":true,"valueName":"search_term_string"}}],"inLanguage":"es"},{"@type":"Organization","@id":"https:\/\/zeromagazine.mx\/#organization","name":"Zero Magazine","url":"https:\/\/zeromagazine.mx\/","logo":{"@type":"ImageObject","inLanguage":"es","@id":"https:\/\/zeromagazine.mx\/#\/schema\/logo\/image\/","url":"https:\/\/i0.wp.com\/zeromagazine.mx\/wp-content\/uploads\/2025\/11\/1.jpeg?fit=1000%2C1000&ssl=1","contentUrl":"https:\/\/i0.wp.com\/zeromagazine.mx\/wp-content\/uploads\/2025\/11\/1.jpeg?fit=1000%2C1000&ssl=1","width":1000,"height":1000,"caption":"Zero Magazine"},"image":{"@id":"https:\/\/zeromagazine.mx\/#\/schema\/logo\/image\/"},"sameAs":["https:\/\/instagram.com\/zeromagazinemx"]},{"@type":"Person","@id":"https:\/\/zeromagazine.mx\/#\/schema\/person\/9aed9f33a7c39af3a348b86d723f7773","name":"zeromagazinemx","image":{"@type":"ImageObject","inLanguage":"es","@id":"https:\/\/zeromagazine.mx\/wp-content\/litespeed\/avatar\/f91dfe5410d5dcb1a576bf8c45983896.jpg?ver=1776966396","url":"https:\/\/zeromagazine.mx\/wp-content\/litespeed\/avatar\/f91dfe5410d5dcb1a576bf8c45983896.jpg?ver=1776966396","contentUrl":"https:\/\/zeromagazine.mx\/wp-content\/litespeed\/avatar\/f91dfe5410d5dcb1a576bf8c45983896.jpg?ver=1776966396","caption":"zeromagazinemx"},"url":"https:\/\/zeromagazine.mx\/index.php\/author\/zeromagazinemx\/"}]}},"jetpack_publicize_connections":[],"jetpack_featured_media_url":"https:\/\/i0.wp.com\/zeromagazine.mx\/wp-content\/uploads\/2026\/03\/IMG_2920.heic?fit=%2C&ssl=1","jetpack-related-posts":[{"id":98426,"url":"https:\/\/zeromagazine.mx\/index.php\/2025\/03\/08\/uniendo-fuerzas-por-las-mujeres\/","url_meta":{"origin":116604,"position":0},"title":"Uniendo fuerzas por las mujeres","author":"David Morales","date":"8 de marzo de 2025","format":false,"excerpt":"hoy quiero hablarles de algo que va m\u00e1s all\u00e1 de una simple colaboraci\u00f3n: se trata de un movimiento que busca cambiar vidas. En el marco del D\u00eda Internacional de la Mujer, la marca Aerie y Fundaci\u00f3n Origen se unieron para llevar un mensaje de fuerza, autonom\u00eda y comunidad a todas\u2026","rel":"","context":"En \u00abModa\u00bb","block_context":{"text":"Moda","link":"https:\/\/zeromagazine.mx\/index.php\/category\/moda\/"},"img":{"alt_text":"","src":"https:\/\/i0.wp.com\/zeromagazine.mx\/wp-content\/uploads\/2025\/03\/IMG_3645-scaled.jpeg?fit=1200%2C675&ssl=1&resize=350%2C200","width":350,"height":200,"srcset":"https:\/\/i0.wp.com\/zeromagazine.mx\/wp-content\/uploads\/2025\/03\/IMG_3645-scaled.jpeg?fit=1200%2C675&ssl=1&resize=350%2C200 1x, https:\/\/i0.wp.com\/zeromagazine.mx\/wp-content\/uploads\/2025\/03\/IMG_3645-scaled.jpeg?fit=1200%2C675&ssl=1&resize=525%2C300 1.5x, https:\/\/i0.wp.com\/zeromagazine.mx\/wp-content\/uploads\/2025\/03\/IMG_3645-scaled.jpeg?fit=1200%2C675&ssl=1&resize=700%2C400 2x, https:\/\/i0.wp.com\/zeromagazine.mx\/wp-content\/uploads\/2025\/03\/IMG_3645-scaled.jpeg?fit=1200%2C675&ssl=1&resize=1050%2C600 3x"},"classes":[]},{"id":109398,"url":"https:\/\/zeromagazine.mx\/index.php\/2025\/10\/13\/aerie-fundacion-cima-alianza-vidas\/","url_meta":{"origin":116604,"position":1},"title":"Aerie x Fundaci\u00f3n CIMA: alianza que transforma vidas","author":"David Morales","date":"13 de octubre de 2025","format":false,"excerpt":"La alianza Aerie x Fundaci\u00f3n CIMA es un recordatorio poderoso de que hablar de c\u00e1ncer de mama no es solo cuesti\u00f3n de estad\u00edsticas, sino de historias reales que se transforman gracias a la detecci\u00f3n oportuna y al acompa\u00f1amiento integral. Por tercer a\u00f1o consecutivo, la marca Aerie refuerza su compromiso con\u2026","rel":"","context":"En \u00abModa\u00bb","block_context":{"text":"Moda","link":"https:\/\/zeromagazine.mx\/index.php\/category\/moda\/"},"img":{"alt_text":"","src":"https:\/\/i0.wp.com\/zeromagazine.mx\/wp-content\/uploads\/2025\/10\/img_0803.jpg?fit=1200%2C800&ssl=1&resize=350%2C200","width":350,"height":200,"srcset":"https:\/\/i0.wp.com\/zeromagazine.mx\/wp-content\/uploads\/2025\/10\/img_0803.jpg?fit=1200%2C800&ssl=1&resize=350%2C200 1x, https:\/\/i0.wp.com\/zeromagazine.mx\/wp-content\/uploads\/2025\/10\/img_0803.jpg?fit=1200%2C800&ssl=1&resize=525%2C300 1.5x, https:\/\/i0.wp.com\/zeromagazine.mx\/wp-content\/uploads\/2025\/10\/img_0803.jpg?fit=1200%2C800&ssl=1&resize=700%2C400 2x, https:\/\/i0.wp.com\/zeromagazine.mx\/wp-content\/uploads\/2025\/10\/img_0803.jpg?fit=1200%2C800&ssl=1&resize=1050%2C600 3x"},"classes":[]},{"id":88046,"url":"https:\/\/zeromagazine.mx\/index.php\/2024\/10\/22\/coleccion-con-causa-unidas-contra-el-cancer\/","url_meta":{"origin":116604,"position":2},"title":"Colecci\u00f3n con Causa: Unidas Contra el C\u00e1ncer","author":"zeromagazinemx","date":"22 de octubre de 2024","format":false,"excerpt":"Hola amigxs, esta semana quiero platicarles de algo s\u00faper importante que est\u00e1 pasando este octubre. Como saben, este mes es todo sobre la concientizaci\u00f3n del c\u00e1ncer de mama, y Aerie est\u00e1 haciendo una acci\u00f3n incre\u00edble al unirse, por segundo a\u00f1o consecutivo, con la Fundaci\u00f3n Cima. \u00a1S\u00ed, as\u00ed como lo oyen!\u2026","rel":"","context":"En \u00abModa\u00bb","block_context":{"text":"Moda","link":"https:\/\/zeromagazine.mx\/index.php\/category\/moda\/"},"img":{"alt_text":"","src":"https:\/\/i0.wp.com\/zeromagazine.mx\/wp-content\/uploads\/2024\/10\/0743_3399_612_f.jpg?fit=563%2C722&ssl=1&resize=350%2C200","width":350,"height":200,"srcset":"https:\/\/i0.wp.com\/zeromagazine.mx\/wp-content\/uploads\/2024\/10\/0743_3399_612_f.jpg?fit=563%2C722&ssl=1&resize=350%2C200 1x, https:\/\/i0.wp.com\/zeromagazine.mx\/wp-content\/uploads\/2024\/10\/0743_3399_612_f.jpg?fit=563%2C722&ssl=1&resize=525%2C300 1.5x"},"classes":[]},{"id":72074,"url":"https:\/\/zeromagazine.mx\/index.php\/2024\/03\/14\/empoderamiento-en-accion-aerie-y-el-movimiento-mas-real\/","url_meta":{"origin":116604,"position":3},"title":"Empoderamiento en Acci\u00f3n: Aerie y el Movimiento m\u00e1s Real","author":"zeromagazinemx","date":"14 de marzo de 2024","format":false,"excerpt":"En el mundo de la moda, hay marcas que van m\u00e1s all\u00e1 de simplemente vender ropa, y Aerie es una de ellas. Este movimiento, conocido como #AerieRealMX, no solo se trata de prendas de vestir, sino de empoderamiento y autenticidad para todas las mujeres. Cada a\u00f1o, cuando llega el mes\u2026","rel":"","context":"En \u00abBienestar\u00bb","block_context":{"text":"Bienestar","link":"https:\/\/zeromagazine.mx\/index.php\/category\/lifestyle\/bienestar\/"},"img":{"alt_text":"","src":"https:\/\/i0.wp.com\/zeromagazine.mx\/wp-content\/uploads\/2024\/03\/aerue.jpg?fit=1108%2C739&ssl=1&resize=350%2C200","width":350,"height":200,"srcset":"https:\/\/i0.wp.com\/zeromagazine.mx\/wp-content\/uploads\/2024\/03\/aerue.jpg?fit=1108%2C739&ssl=1&resize=350%2C200 1x, https:\/\/i0.wp.com\/zeromagazine.mx\/wp-content\/uploads\/2024\/03\/aerue.jpg?fit=1108%2C739&ssl=1&resize=525%2C300 1.5x, https:\/\/i0.wp.com\/zeromagazine.mx\/wp-content\/uploads\/2024\/03\/aerue.jpg?fit=1108%2C739&ssl=1&resize=700%2C400 2x, https:\/\/i0.wp.com\/zeromagazine.mx\/wp-content\/uploads\/2024\/03\/aerue.jpg?fit=1108%2C739&ssl=1&resize=1050%2C600 3x"},"classes":[]},{"id":112961,"url":"https:\/\/zeromagazine.mx\/index.php\/2026\/01\/09\/horoscopo-aerie-2026\/","url_meta":{"origin":116604,"position":4},"title":"Hor\u00f3scopo Aerie 2026 vibes","author":"Luis Trujano","date":"9 de enero de 2026","format":false,"excerpt":"El inicio del a\u00f1o siempre se siente como un reset c\u00f3smico. Una especie de portal donde todo puede cambiar: c\u00f3mo te sientes, c\u00f3mo te mueves por el mundo\u2026 y s\u00ed, c\u00f3mo te vistes. En ese mood exacto llega el Hor\u00f3scopo Aerie 2026, una gu\u00eda que mezcla astrolog\u00eda y estilo para\u2026","rel":"","context":"En \u00abModa\u00bb","block_context":{"text":"Moda","link":"https:\/\/zeromagazine.mx\/index.php\/category\/moda\/"},"img":{"alt_text":"","src":"https:\/\/i0.wp.com\/zeromagazine.mx\/wp-content\/uploads\/2026\/01\/IMG_6279.jpeg?fit=560%2C718&ssl=1&resize=350%2C200","width":350,"height":200,"srcset":"https:\/\/i0.wp.com\/zeromagazine.mx\/wp-content\/uploads\/2026\/01\/IMG_6279.jpeg?fit=560%2C718&ssl=1&resize=350%2C200 1x, https:\/\/i0.wp.com\/zeromagazine.mx\/wp-content\/uploads\/2026\/01\/IMG_6279.jpeg?fit=560%2C718&ssl=1&resize=525%2C300 1.5x"},"classes":[]},{"id":113604,"url":"https:\/\/zeromagazine.mx\/index.php\/2026\/01\/18\/aerie-goals-proposito-comodidad\/","url_meta":{"origin":116604,"position":5},"title":"Aerie Goals: empieza contigo","author":"zeromagazinemx","date":"18 de enero de 2026","format":false,"excerpt":"Hay prop\u00f3sitos que no se gritan, se sienten. Y este a\u00f1o, en lugar de obsesionarnos con versiones irreales de qui\u00e9n \u201cdeber\u00edamos ser\u201d, la conversaci\u00f3n gira hacia algo mucho m\u00e1s honesto: c\u00f3mo queremos sentirnos. Aerie Goals aparece justo en ese punto donde la moda se cruza con el autocuidado real, sin\u2026","rel":"","context":"En \u00abModa\u00bb","block_context":{"text":"Moda","link":"https:\/\/zeromagazine.mx\/index.php\/category\/moda\/"},"img":{"alt_text":"","src":"https:\/\/i0.wp.com\/zeromagazine.mx\/wp-content\/uploads\/2026\/01\/1000048106.webp?fit=937%2C1200&ssl=1&resize=350%2C200","width":350,"height":200,"srcset":"https:\/\/i0.wp.com\/zeromagazine.mx\/wp-content\/uploads\/2026\/01\/1000048106.webp?fit=937%2C1200&ssl=1&resize=350%2C200 1x, https:\/\/i0.wp.com\/zeromagazine.mx\/wp-content\/uploads\/2026\/01\/1000048106.webp?fit=937%2C1200&ssl=1&resize=525%2C300 1.5x, https:\/\/i0.wp.com\/zeromagazine.mx\/wp-content\/uploads\/2026\/01\/1000048106.webp?fit=937%2C1200&ssl=1&resize=700%2C400 2x"},"classes":[]}],"jetpack_sharing_enabled":true,"builder_content":"","_links":{"self":[{"href":"https:\/\/zeromagazine.mx\/index.php\/wp-json\/wp\/v2\/posts\/116604","targetHints":{"allow":["GET"]}}],"collection":[{"href":"https:\/\/zeromagazine.mx\/index.php\/wp-json\/wp\/v2\/posts"}],"about":[{"href":"https:\/\/zeromagazine.mx\/index.php\/wp-json\/wp\/v2\/types\/post"}],"author":[{"embeddable":true,"href":"https:\/\/zeromagazine.mx\/index.php\/wp-json\/wp\/v2\/users\/2"}],"replies":[{"embeddable":true,"href":"https:\/\/zeromagazine.mx\/index.php\/wp-json\/wp\/v2\/comments?post=116604"}],"version-history":[{"count":1,"href":"https:\/\/zeromagazine.mx\/index.php\/wp-json\/wp\/v2\/posts\/116604\/revisions"}],"predecessor-version":[{"id":116615,"href":"https:\/\/zeromagazine.mx\/index.php\/wp-json\/wp\/v2\/posts\/116604\/revisions\/116615"}],"wp:featuredmedia":[{"embeddable":true,"href":"https:\/\/zeromagazine.mx\/index.php\/wp-json\/wp\/v2\/media\/116614"}],"wp:attachment":[{"href":"https:\/\/zeromagazine.mx\/index.php\/wp-json\/wp\/v2\/media?parent=116604"}],"wp:term":[{"taxonomy":"category","embeddable":true,"href":"https:\/\/zeromagazine.mx\/index.php\/wp-json\/wp\/v2\/categories?post=116604"},{"taxonomy":"post_tag","embeddable":true,"href":"https:\/\/zeromagazine.mx\/index.php\/wp-json\/wp\/v2\/tags?post=116604"}],"curies":[{"name":"wp","href":"https:\/\/api.w.org\/{rel}","templated":true}]}}