{"id":116616,"date":"2026-03-12T17:55:50","date_gmt":"2026-03-12T23:55:50","guid":{"rendered":"https:\/\/zeromagazine.mx\/?p=116616"},"modified":"2026-03-12T17:56:48","modified_gmt":"2026-03-12T23:56:48","slug":"interiorismo-primavera-colores-casa","status":"publish","type":"post","link":"https:\/\/zeromagazine.mx\/index.php\/2026\/03\/12\/interiorismo-primavera-colores-casa\/","title":{"rendered":"Interiorismo primavera llena tu casa"},"content":{"rendered":"<p>Cuando cambia la temporada, tambi\u00e9n cambian las ganas de renovar nuestro espacio. Y si hay algo que transforma un ambiente casi de inmediato es el color. Este a\u00f1o, el <strong>interiorismo primavera<\/strong> llega con una vibra fresca, luminosa y muy conectada con la naturaleza. No se trata solo de pintar paredes: se trata de crear atm\u00f3sferas que te hagan sentir bien cada vez que entras a tu casa.<\/p>\n\n\n\n<p>Las tendencias de decoraci\u00f3n para esta temporada apuntan a algo muy claro: espacios que transmitan calma, personalidad y un toque natural. Y ah\u00ed es donde las paletas de color de marcas como Sherwin-Williams se convierten en grandes aliadas para renovar tu hogar sin necesidad de una remodelaci\u00f3n completa.<\/p>\n\n\n<figure class=\"alignfull wp-block-post-featured-image\"><img data-recalc-dims=\"1\" decoding=\"async\" width=\"486\" height=\"606\" src=\"https:\/\/i0.wp.com\/zeromagazine.mx\/wp-content\/uploads\/2026\/03\/Sea-Salt-SW-6204.webp?resize=486%2C606&#038;ssl=1\" class=\"attachment-post-thumbnail size-post-thumbnail wp-post-image\" alt=\"\" style=\"object-fit:cover;\" srcset=\"https:\/\/i0.wp.com\/zeromagazine.mx\/wp-content\/uploads\/2026\/03\/Sea-Salt-SW-6204.webp?w=486&amp;ssl=1 486w, https:\/\/i0.wp.com\/zeromagazine.mx\/wp-content\/uploads\/2026\/03\/Sea-Salt-SW-6204.webp?resize=241%2C300&amp;ssl=1 241w\" sizes=\"(max-width: 486px) 100vw, 486px\" \/><\/figure>\n\n\n<h2 class=\"wp-block-heading\">Interiorismo primavera: colores que cambian el mood<\/h2>\n\n\n\n<p>El <strong>interiorismo primavera<\/strong> est\u00e1 inspirado en la naturaleza y en la luz que llega con los d\u00edas m\u00e1s largos. Por eso, los tonos suaves y equilibrados son protagonistas en muchas propuestas de decoraci\u00f3n esta temporada.<\/p>\n\n\n\n<p>Por ejemplo, los azules claros y los verdes suaves ayudan a crear ambientes tranquilos que se sienten frescos sin ser fr\u00edos. Tonos como Aqueduct o Sea Salt funcionan perfecto para salas o ba\u00f1os porque reflejan la luz de una forma muy natural.<\/p>\n\n\n\n<p>Adem\u00e1s, los neutros c\u00e1lidos siguen dominando el interiorismo contempor\u00e1neo. Colores como Creamy o Alabaster aportan luminosidad y hacen que cualquier habitaci\u00f3n se vea m\u00e1s amplia. Son ideales si quieres una base elegante que despu\u00e9s puedas complementar con textiles o accesorios de temporada.<\/p>\n\n\n\n<p>Por otro lado, integrar estos tonos con materiales naturales como madera clara, lino o mimbre puede cambiar completamente la atm\u00f3sfera de un espacio. Esa mezcla crea un equilibrio visual que se siente relajado pero sofisticado.<\/p>\n\n\n\n<figure class=\"wp-block-gallery alignfull has-nested-images columns-default is-cropped wp-block-gallery-1 is-layout-flex wp-block-gallery-is-layout-flex\">\n<figure class=\"wp-block-image size-large\"><img data-recalc-dims=\"1\" decoding=\"async\" width=\"1024\" height=\"569\" data-id=\"116621\" src=\"https:\/\/i0.wp.com\/zeromagazine.mx\/wp-content\/uploads\/2026\/03\/Oakmoss-SW-6180-1024x569.jpg?resize=1024%2C569&#038;ssl=1\" alt=\"\" class=\"wp-image-116621\" srcset=\"https:\/\/i0.wp.com\/zeromagazine.mx\/wp-content\/uploads\/2026\/03\/Oakmoss-SW-6180.jpg?resize=1024%2C569&amp;ssl=1 1024w, https:\/\/i0.wp.com\/zeromagazine.mx\/wp-content\/uploads\/2026\/03\/Oakmoss-SW-6180.jpg?resize=300%2C167&amp;ssl=1 300w, https:\/\/i0.wp.com\/zeromagazine.mx\/wp-content\/uploads\/2026\/03\/Oakmoss-SW-6180.jpg?resize=768%2C427&amp;ssl=1 768w, https:\/\/i0.wp.com\/zeromagazine.mx\/wp-content\/uploads\/2026\/03\/Oakmoss-SW-6180.jpg?w=1476&amp;ssl=1 1476w\" sizes=\"(max-width: 1024px) 100vw, 1024px\" \/><\/figure>\n\n\n\n<figure class=\"wp-block-image size-large\"><img data-recalc-dims=\"1\" decoding=\"async\" width=\"1024\" height=\"799\" data-id=\"116620\" src=\"https:\/\/i0.wp.com\/zeromagazine.mx\/wp-content\/uploads\/2026\/03\/Grounded-SW-6089.jpg?resize=1024%2C799&#038;ssl=1\" alt=\"\" class=\"wp-image-116620\" srcset=\"https:\/\/i0.wp.com\/zeromagazine.mx\/wp-content\/uploads\/2026\/03\/Grounded-SW-6089.jpg?w=1024&amp;ssl=1 1024w, https:\/\/i0.wp.com\/zeromagazine.mx\/wp-content\/uploads\/2026\/03\/Grounded-SW-6089.jpg?resize=300%2C234&amp;ssl=1 300w, https:\/\/i0.wp.com\/zeromagazine.mx\/wp-content\/uploads\/2026\/03\/Grounded-SW-6089.jpg?resize=768%2C599&amp;ssl=1 768w\" sizes=\"(max-width: 1024px) 100vw, 1024px\" \/><\/figure>\n\n\n\n<figure class=\"wp-block-image size-large\"><img data-recalc-dims=\"1\" decoding=\"async\" width=\"1024\" height=\"1024\" data-id=\"116619\" src=\"https:\/\/i0.wp.com\/zeromagazine.mx\/wp-content\/uploads\/2026\/03\/Alabaster-SW-1024x1024.jpeg?resize=1024%2C1024&#038;ssl=1\" alt=\"\" class=\"wp-image-116619\" srcset=\"https:\/\/i0.wp.com\/zeromagazine.mx\/wp-content\/uploads\/2026\/03\/Alabaster-SW.jpeg?resize=1024%2C1024&amp;ssl=1 1024w, https:\/\/i0.wp.com\/zeromagazine.mx\/wp-content\/uploads\/2026\/03\/Alabaster-SW.jpeg?resize=300%2C300&amp;ssl=1 300w, https:\/\/i0.wp.com\/zeromagazine.mx\/wp-content\/uploads\/2026\/03\/Alabaster-SW.jpeg?resize=150%2C150&amp;ssl=1 150w, https:\/\/i0.wp.com\/zeromagazine.mx\/wp-content\/uploads\/2026\/03\/Alabaster-SW.jpeg?resize=768%2C768&amp;ssl=1 768w, https:\/\/i0.wp.com\/zeromagazine.mx\/wp-content\/uploads\/2026\/03\/Alabaster-SW.jpeg?w=1200&amp;ssl=1 1200w\" sizes=\"(max-width: 1024px) 100vw, 1024px\" \/><\/figure>\n\n\n\n<figure class=\"wp-block-image size-large\"><img data-recalc-dims=\"1\" decoding=\"async\" width=\"1024\" height=\"673\" data-id=\"116618\" src=\"https:\/\/i0.wp.com\/zeromagazine.mx\/wp-content\/uploads\/2026\/03\/Alabaster-SW-7008-1024x673.jpeg?resize=1024%2C673&#038;ssl=1\" alt=\"\" class=\"wp-image-116618\" srcset=\"https:\/\/i0.wp.com\/zeromagazine.mx\/wp-content\/uploads\/2026\/03\/Alabaster-SW-7008.jpeg?resize=1024%2C673&amp;ssl=1 1024w, https:\/\/i0.wp.com\/zeromagazine.mx\/wp-content\/uploads\/2026\/03\/Alabaster-SW-7008.jpeg?resize=300%2C197&amp;ssl=1 300w, https:\/\/i0.wp.com\/zeromagazine.mx\/wp-content\/uploads\/2026\/03\/Alabaster-SW-7008.jpeg?resize=768%2C505&amp;ssl=1 768w, https:\/\/i0.wp.com\/zeromagazine.mx\/wp-content\/uploads\/2026\/03\/Alabaster-SW-7008.jpeg?w=1056&amp;ssl=1 1056w\" sizes=\"(max-width: 1024px) 100vw, 1024px\" \/><\/figure>\n<\/figure>\n\n\n\n<h2 class=\"wp-block-heading\">Interiorismo primavera y el poder del color acento<\/h2>\n\n\n\n<p>Una de las estrategias favoritas en <strong>interiorismo primavera<\/strong> es usar un color dominante para transformar una habitaci\u00f3n sin necesidad de redecorarla por completo.<\/p>\n\n\n\n<p>En lugar de pintar todo el espacio, un solo muro puede convertirse en el protagonista del cuarto. Tonos como Grounded o Oakmoss funcionan muy bien para lograr ese efecto porque tienen profundidad y car\u00e1cter, pero siguen siendo f\u00e1ciles de combinar.<\/p>\n\n\n\n<p>Adem\u00e1s, los detalles peque\u00f1os tambi\u00e9n pueden marcar una gran diferencia. Pintar marcos de puertas, ventanas o muebles empotrados en tonos m\u00e1s oscuros \u2014como Urbane Bronze\u2014 puede darle personalidad a un espacio sin saturarlo visualmente.<\/p>\n\n\n\n<p>Mientras tanto, los gabinetes de cocina o closets en blancos suaves como Origami White crean una est\u00e9tica minimalista que se siente limpia y moderna. Esta combinaci\u00f3n entre neutros y acentos es una de las claves del <strong>interiorismo primavera<\/strong> actual.<\/p>\n\n\n\n<p>Sin embargo, antes de lanzarte a pintar toda tu casa, hay algunos tips que pueden ayudarte a elegir mejor los colores.<\/p>\n\n\n\n<p>Primero, prueba muestras en la pared. La luz natural cambia mucho la percepci\u00f3n del color durante el d\u00eda, as\u00ed que ver el tono en diferentes momentos puede evitar sorpresas.<\/p>\n\n\n\n<p>Adem\u00e1s, incorporar plantas es uno de los trucos m\u00e1s f\u00e1ciles para reforzar el ambiente primaveral. La vegetaci\u00f3n no solo aporta frescura visual, tambi\u00e9n ayuda a conectar el interior con el exterior.<\/p>\n\n\n\n<p>Finalmente, recuerda que la decoraci\u00f3n no tiene que ser complicada. El <strong>interiorismo primavera<\/strong> trata justamente de eso: peque\u00f1os cambios con gran impacto. Un nuevo color, algunas texturas naturales y una buena iluminaci\u00f3n pueden hacer que tu hogar se sienta completamente renovado.<\/p>\n\n\n\n<p>Porque al final, la primavera no solo transforma la naturaleza. Tambi\u00e9n es la excusa perfecta para darle nueva energ\u00eda a tu espacio favorito.<\/p>\n\n\n\n<figure class=\"wp-block-gallery alignfull has-nested-images columns-default is-cropped wp-block-gallery-2 is-layout-flex wp-block-gallery-is-layout-flex\">\n<figure class=\"wp-block-image size-large\"><img data-recalc-dims=\"1\" decoding=\"async\" width=\"550\" height=\"825\" data-id=\"116622\" src=\"https:\/\/i0.wp.com\/zeromagazine.mx\/wp-content\/uploads\/2026\/03\/Sea-Salt-2.jpg?resize=550%2C825&#038;ssl=1\" alt=\"\" class=\"wp-image-116622\" srcset=\"https:\/\/i0.wp.com\/zeromagazine.mx\/wp-content\/uploads\/2026\/03\/Sea-Salt-2.jpg?w=550&amp;ssl=1 550w, https:\/\/i0.wp.com\/zeromagazine.mx\/wp-content\/uploads\/2026\/03\/Sea-Salt-2.jpg?resize=200%2C300&amp;ssl=1 200w\" sizes=\"(max-width: 550px) 100vw, 550px\" \/><\/figure>\n\n\n\n<figure class=\"wp-block-image size-large\"><img data-recalc-dims=\"1\" decoding=\"async\" width=\"828\" height=\"1024\" data-id=\"116625\" src=\"https:\/\/i0.wp.com\/zeromagazine.mx\/wp-content\/uploads\/2026\/03\/Sea-Salt-SW-828x1024.png?resize=828%2C1024&#038;ssl=1\" alt=\"\" class=\"wp-image-116625\" srcset=\"https:\/\/i0.wp.com\/zeromagazine.mx\/wp-content\/uploads\/2026\/03\/Sea-Salt-SW.png?resize=828%2C1024&amp;ssl=1 828w, https:\/\/i0.wp.com\/zeromagazine.mx\/wp-content\/uploads\/2026\/03\/Sea-Salt-SW.png?resize=243%2C300&amp;ssl=1 243w, https:\/\/i0.wp.com\/zeromagazine.mx\/wp-content\/uploads\/2026\/03\/Sea-Salt-SW.png?resize=768%2C950&amp;ssl=1 768w, https:\/\/i0.wp.com\/zeromagazine.mx\/wp-content\/uploads\/2026\/03\/Sea-Salt-SW.png?w=1184&amp;ssl=1 1184w\" sizes=\"(max-width: 828px) 100vw, 828px\" \/><\/figure>\n\n\n\n<figure class=\"wp-block-image size-large\"><img data-recalc-dims=\"1\" decoding=\"async\" width=\"684\" height=\"1024\" data-id=\"116624\" src=\"https:\/\/i0.wp.com\/zeromagazine.mx\/wp-content\/uploads\/2026\/03\/Quietude-SW-684x1024.jpg?resize=684%2C1024&#038;ssl=1\" alt=\"\" class=\"wp-image-116624\" srcset=\"https:\/\/i0.wp.com\/zeromagazine.mx\/wp-content\/uploads\/2026\/03\/Quietude-SW.jpg?resize=684%2C1024&amp;ssl=1 684w, https:\/\/i0.wp.com\/zeromagazine.mx\/wp-content\/uploads\/2026\/03\/Quietude-SW.jpg?resize=201%2C300&amp;ssl=1 201w, https:\/\/i0.wp.com\/zeromagazine.mx\/wp-content\/uploads\/2026\/03\/Quietude-SW.jpg?resize=768%2C1149&amp;ssl=1 768w, https:\/\/i0.wp.com\/zeromagazine.mx\/wp-content\/uploads\/2026\/03\/Quietude-SW.jpg?w=1000&amp;ssl=1 1000w\" sizes=\"(max-width: 684px) 100vw, 684px\" \/><\/figure>\n\n\n\n<figure class=\"wp-block-image size-large\"><img data-recalc-dims=\"1\" decoding=\"async\" width=\"202\" height=\"250\" data-id=\"116623\" src=\"https:\/\/i0.wp.com\/zeromagazine.mx\/wp-content\/uploads\/2026\/03\/Quietude-SW-6212.jpeg?resize=202%2C250&#038;ssl=1\" alt=\"\" class=\"wp-image-116623\"\/><\/figure>\n<\/figure>\n\n<!--themify_builder_content-->\n<div id=\"themify_builder_content-116616\" data-postid=\"116616\" class=\"themify_builder_content themify_builder_content-116616 themify_builder tf_clear\">\n    <\/div>\n<!--\/themify_builder_content-->","protected":false},"excerpt":{"rendered":"<p>Cuando cambia la temporada, tambi\u00e9n cambian las ganas de renovar nuestro espacio. Y si hay algo que transforma un ambiente casi de inmediato es el color. Este a\u00f1o, el interiorismo primavera llega con una vibra fresca, luminosa y muy conectada con la naturaleza. No se trata solo de pintar paredes: se trata de crear atm\u00f3sferas [&hellip;]<\/p>\n","protected":false},"author":2,"featured_media":116617,"comment_status":"open","ping_status":"open","sticky":false,"template":"","format":"standard","meta":{"_jetpack_memberships_contains_paid_content":false,"footnotes":"","jetpack_publicize_message":"","jetpack_publicize_feature_enabled":true,"jetpack_social_post_already_shared":true,"jetpack_social_options":{"image_generator_settings":{"template":"highway","default_image_id":0,"font":"","enabled":false},"version":2}},"categories":[1403,63],"tags":[],"class_list":["post-116616","post","type-post","status-publish","format-standard","has-post-thumbnail","hentry","category-diseno","category-lifestyle","has-post-title","has-post-date","has-post-category","has-post-tag","has-post-comment","has-post-author",""],"yoast_head":"<!-- This site is optimized with the Yoast SEO plugin v27.4 - https:\/\/yoast.com\/product\/yoast-seo-wordpress\/ -->\n<title>Interiorismo primavera llena tu casa - Zero Magazine<\/title>\n<meta name=\"description\" content=\"Interiorismo primavera: descubre colores y tips para renovar tu casa con estilo, luz y frescura usando las paletas m\u00e1s actuales.\" \/>\n<meta name=\"robots\" content=\"index, follow, max-snippet:-1, max-image-preview:large, max-video-preview:-1\" \/>\n<link rel=\"canonical\" href=\"https:\/\/zeromagazine.mx\/index.php\/2026\/03\/12\/interiorismo-primavera-colores-casa\/\" \/>\n<meta property=\"og:locale\" content=\"es_ES\" \/>\n<meta property=\"og:type\" content=\"article\" \/>\n<meta property=\"og:title\" content=\"Interiorismo primavera llena tu casa - Zero Magazine\" \/>\n<meta property=\"og:description\" content=\"Interiorismo primavera: descubre colores y tips para renovar tu casa con estilo, luz y frescura usando las paletas m\u00e1s actuales.\" \/>\n<meta property=\"og:url\" content=\"https:\/\/zeromagazine.mx\/index.php\/2026\/03\/12\/interiorismo-primavera-colores-casa\/\" \/>\n<meta property=\"og:site_name\" content=\"Zero Magazine\" \/>\n<meta property=\"article:published_time\" content=\"2026-03-12T23:55:50+00:00\" \/>\n<meta property=\"article:modified_time\" content=\"2026-03-12T23:56:48+00:00\" \/>\n<meta property=\"og:image\" content=\"http:\/\/zeromagazine.mx\/wp-content\/uploads\/2026\/03\/Sea-Salt-SW-6204.webp\" \/>\n\t<meta property=\"og:image:width\" content=\"486\" \/>\n\t<meta property=\"og:image:height\" content=\"606\" \/>\n\t<meta property=\"og:image:type\" content=\"image\/webp\" \/>\n<meta name=\"author\" content=\"zeromagazinemx\" \/>\n<meta name=\"twitter:card\" content=\"summary_large_image\" \/>\n<meta name=\"twitter:label1\" content=\"Escrito por\" \/>\n\t<meta name=\"twitter:data1\" content=\"zeromagazinemx\" \/>\n\t<meta name=\"twitter:label2\" content=\"Tiempo de lectura\" \/>\n\t<meta name=\"twitter:data2\" content=\"5 minutos\" \/>\n<script type=\"application\/ld+json\" class=\"yoast-schema-graph\">{\"@context\":\"https:\\\/\\\/schema.org\",\"@graph\":[{\"@type\":\"Article\",\"@id\":\"https:\\\/\\\/zeromagazine.mx\\\/index.php\\\/2026\\\/03\\\/12\\\/interiorismo-primavera-colores-casa\\\/#article\",\"isPartOf\":{\"@id\":\"https:\\\/\\\/zeromagazine.mx\\\/index.php\\\/2026\\\/03\\\/12\\\/interiorismo-primavera-colores-casa\\\/\"},\"author\":{\"name\":\"zeromagazinemx\",\"@id\":\"https:\\\/\\\/zeromagazine.mx\\\/#\\\/schema\\\/person\\\/9aed9f33a7c39af3a348b86d723f7773\"},\"headline\":\"Interiorismo primavera llena tu casa\",\"datePublished\":\"2026-03-12T23:55:50+00:00\",\"dateModified\":\"2026-03-12T23:56:48+00:00\",\"mainEntityOfPage\":{\"@id\":\"https:\\\/\\\/zeromagazine.mx\\\/index.php\\\/2026\\\/03\\\/12\\\/interiorismo-primavera-colores-casa\\\/\"},\"wordCount\":608,\"commentCount\":0,\"publisher\":{\"@id\":\"https:\\\/\\\/zeromagazine.mx\\\/#organization\"},\"image\":{\"@id\":\"https:\\\/\\\/zeromagazine.mx\\\/index.php\\\/2026\\\/03\\\/12\\\/interiorismo-primavera-colores-casa\\\/#primaryimage\"},\"thumbnailUrl\":\"https:\\\/\\\/i0.wp.com\\\/zeromagazine.mx\\\/wp-content\\\/uploads\\\/2026\\\/03\\\/Sea-Salt-SW-6204.webp?fit=486%2C606&ssl=1\",\"articleSection\":[\"Dise\u00f1o\",\"Lifestyle\"],\"inLanguage\":\"es\",\"potentialAction\":[{\"@type\":\"CommentAction\",\"name\":\"Comment\",\"target\":[\"https:\\\/\\\/zeromagazine.mx\\\/index.php\\\/2026\\\/03\\\/12\\\/interiorismo-primavera-colores-casa\\\/#respond\"]}]},{\"@type\":\"WebPage\",\"@id\":\"https:\\\/\\\/zeromagazine.mx\\\/index.php\\\/2026\\\/03\\\/12\\\/interiorismo-primavera-colores-casa\\\/\",\"url\":\"https:\\\/\\\/zeromagazine.mx\\\/index.php\\\/2026\\\/03\\\/12\\\/interiorismo-primavera-colores-casa\\\/\",\"name\":\"Interiorismo primavera llena tu casa - Zero Magazine\",\"isPartOf\":{\"@id\":\"https:\\\/\\\/zeromagazine.mx\\\/#website\"},\"primaryImageOfPage\":{\"@id\":\"https:\\\/\\\/zeromagazine.mx\\\/index.php\\\/2026\\\/03\\\/12\\\/interiorismo-primavera-colores-casa\\\/#primaryimage\"},\"image\":{\"@id\":\"https:\\\/\\\/zeromagazine.mx\\\/index.php\\\/2026\\\/03\\\/12\\\/interiorismo-primavera-colores-casa\\\/#primaryimage\"},\"thumbnailUrl\":\"https:\\\/\\\/i0.wp.com\\\/zeromagazine.mx\\\/wp-content\\\/uploads\\\/2026\\\/03\\\/Sea-Salt-SW-6204.webp?fit=486%2C606&ssl=1\",\"datePublished\":\"2026-03-12T23:55:50+00:00\",\"dateModified\":\"2026-03-12T23:56:48+00:00\",\"description\":\"Interiorismo primavera: descubre colores y tips para renovar tu casa con estilo, luz y frescura usando las paletas m\u00e1s actuales.\",\"breadcrumb\":{\"@id\":\"https:\\\/\\\/zeromagazine.mx\\\/index.php\\\/2026\\\/03\\\/12\\\/interiorismo-primavera-colores-casa\\\/#breadcrumb\"},\"inLanguage\":\"es\",\"potentialAction\":[{\"@type\":\"ReadAction\",\"target\":[\"https:\\\/\\\/zeromagazine.mx\\\/index.php\\\/2026\\\/03\\\/12\\\/interiorismo-primavera-colores-casa\\\/\"]}]},{\"@type\":\"ImageObject\",\"inLanguage\":\"es\",\"@id\":\"https:\\\/\\\/zeromagazine.mx\\\/index.php\\\/2026\\\/03\\\/12\\\/interiorismo-primavera-colores-casa\\\/#primaryimage\",\"url\":\"https:\\\/\\\/i0.wp.com\\\/zeromagazine.mx\\\/wp-content\\\/uploads\\\/2026\\\/03\\\/Sea-Salt-SW-6204.webp?fit=486%2C606&ssl=1\",\"contentUrl\":\"https:\\\/\\\/i0.wp.com\\\/zeromagazine.mx\\\/wp-content\\\/uploads\\\/2026\\\/03\\\/Sea-Salt-SW-6204.webp?fit=486%2C606&ssl=1\",\"width\":486,\"height\":606},{\"@type\":\"BreadcrumbList\",\"@id\":\"https:\\\/\\\/zeromagazine.mx\\\/index.php\\\/2026\\\/03\\\/12\\\/interiorismo-primavera-colores-casa\\\/#breadcrumb\",\"itemListElement\":[{\"@type\":\"ListItem\",\"position\":1,\"name\":\"Portada\",\"item\":\"https:\\\/\\\/zeromagazine.mx\\\/\"},{\"@type\":\"ListItem\",\"position\":2,\"name\":\"Interiorismo primavera llena tu casa\"}]},{\"@type\":\"WebSite\",\"@id\":\"https:\\\/\\\/zeromagazine.mx\\\/#website\",\"url\":\"https:\\\/\\\/zeromagazine.mx\\\/\",\"name\":\"Zero Magazine\",\"description\":\"\",\"publisher\":{\"@id\":\"https:\\\/\\\/zeromagazine.mx\\\/#organization\"},\"potentialAction\":[{\"@type\":\"SearchAction\",\"target\":{\"@type\":\"EntryPoint\",\"urlTemplate\":\"https:\\\/\\\/zeromagazine.mx\\\/?s={search_term_string}\"},\"query-input\":{\"@type\":\"PropertyValueSpecification\",\"valueRequired\":true,\"valueName\":\"search_term_string\"}}],\"inLanguage\":\"es\"},{\"@type\":\"Organization\",\"@id\":\"https:\\\/\\\/zeromagazine.mx\\\/#organization\",\"name\":\"Zero Magazine\",\"url\":\"https:\\\/\\\/zeromagazine.mx\\\/\",\"logo\":{\"@type\":\"ImageObject\",\"inLanguage\":\"es\",\"@id\":\"https:\\\/\\\/zeromagazine.mx\\\/#\\\/schema\\\/logo\\\/image\\\/\",\"url\":\"https:\\\/\\\/i0.wp.com\\\/zeromagazine.mx\\\/wp-content\\\/uploads\\\/2025\\\/11\\\/1.jpeg?fit=1000%2C1000&ssl=1\",\"contentUrl\":\"https:\\\/\\\/i0.wp.com\\\/zeromagazine.mx\\\/wp-content\\\/uploads\\\/2025\\\/11\\\/1.jpeg?fit=1000%2C1000&ssl=1\",\"width\":1000,\"height\":1000,\"caption\":\"Zero Magazine\"},\"image\":{\"@id\":\"https:\\\/\\\/zeromagazine.mx\\\/#\\\/schema\\\/logo\\\/image\\\/\"},\"sameAs\":[\"https:\\\/\\\/instagram.com\\\/zeromagazinemx\"]},{\"@type\":\"Person\",\"@id\":\"https:\\\/\\\/zeromagazine.mx\\\/#\\\/schema\\\/person\\\/9aed9f33a7c39af3a348b86d723f7773\",\"name\":\"zeromagazinemx\",\"image\":{\"@type\":\"ImageObject\",\"inLanguage\":\"es\",\"@id\":\"https:\\\/\\\/zeromagazine.mx\\\/wp-content\\\/litespeed\\\/avatar\\\/f91dfe5410d5dcb1a576bf8c45983896.jpg?ver=1776966396\",\"url\":\"https:\\\/\\\/zeromagazine.mx\\\/wp-content\\\/litespeed\\\/avatar\\\/f91dfe5410d5dcb1a576bf8c45983896.jpg?ver=1776966396\",\"contentUrl\":\"https:\\\/\\\/zeromagazine.mx\\\/wp-content\\\/litespeed\\\/avatar\\\/f91dfe5410d5dcb1a576bf8c45983896.jpg?ver=1776966396\",\"caption\":\"zeromagazinemx\"},\"url\":\"https:\\\/\\\/zeromagazine.mx\\\/index.php\\\/author\\\/zeromagazinemx\\\/\"}]}<\/script>\n<!-- \/ Yoast SEO plugin. -->","yoast_head_json":{"title":"Interiorismo primavera llena tu casa - Zero Magazine","description":"Interiorismo primavera: descubre colores y tips para renovar tu casa con estilo, luz y frescura usando las paletas m\u00e1s actuales.","robots":{"index":"index","follow":"follow","max-snippet":"max-snippet:-1","max-image-preview":"max-image-preview:large","max-video-preview":"max-video-preview:-1"},"canonical":"https:\/\/zeromagazine.mx\/index.php\/2026\/03\/12\/interiorismo-primavera-colores-casa\/","og_locale":"es_ES","og_type":"article","og_title":"Interiorismo primavera llena tu casa - Zero Magazine","og_description":"Interiorismo primavera: descubre colores y tips para renovar tu casa con estilo, luz y frescura usando las paletas m\u00e1s actuales.","og_url":"https:\/\/zeromagazine.mx\/index.php\/2026\/03\/12\/interiorismo-primavera-colores-casa\/","og_site_name":"Zero Magazine","article_published_time":"2026-03-12T23:55:50+00:00","article_modified_time":"2026-03-12T23:56:48+00:00","og_image":[{"width":486,"height":606,"url":"http:\/\/zeromagazine.mx\/wp-content\/uploads\/2026\/03\/Sea-Salt-SW-6204.webp","type":"image\/webp"}],"author":"zeromagazinemx","twitter_card":"summary_large_image","twitter_misc":{"Escrito por":"zeromagazinemx","Tiempo de lectura":"5 minutos"},"schema":{"@context":"https:\/\/schema.org","@graph":[{"@type":"Article","@id":"https:\/\/zeromagazine.mx\/index.php\/2026\/03\/12\/interiorismo-primavera-colores-casa\/#article","isPartOf":{"@id":"https:\/\/zeromagazine.mx\/index.php\/2026\/03\/12\/interiorismo-primavera-colores-casa\/"},"author":{"name":"zeromagazinemx","@id":"https:\/\/zeromagazine.mx\/#\/schema\/person\/9aed9f33a7c39af3a348b86d723f7773"},"headline":"Interiorismo primavera llena tu casa","datePublished":"2026-03-12T23:55:50+00:00","dateModified":"2026-03-12T23:56:48+00:00","mainEntityOfPage":{"@id":"https:\/\/zeromagazine.mx\/index.php\/2026\/03\/12\/interiorismo-primavera-colores-casa\/"},"wordCount":608,"commentCount":0,"publisher":{"@id":"https:\/\/zeromagazine.mx\/#organization"},"image":{"@id":"https:\/\/zeromagazine.mx\/index.php\/2026\/03\/12\/interiorismo-primavera-colores-casa\/#primaryimage"},"thumbnailUrl":"https:\/\/i0.wp.com\/zeromagazine.mx\/wp-content\/uploads\/2026\/03\/Sea-Salt-SW-6204.webp?fit=486%2C606&ssl=1","articleSection":["Dise\u00f1o","Lifestyle"],"inLanguage":"es","potentialAction":[{"@type":"CommentAction","name":"Comment","target":["https:\/\/zeromagazine.mx\/index.php\/2026\/03\/12\/interiorismo-primavera-colores-casa\/#respond"]}]},{"@type":"WebPage","@id":"https:\/\/zeromagazine.mx\/index.php\/2026\/03\/12\/interiorismo-primavera-colores-casa\/","url":"https:\/\/zeromagazine.mx\/index.php\/2026\/03\/12\/interiorismo-primavera-colores-casa\/","name":"Interiorismo primavera llena tu casa - Zero Magazine","isPartOf":{"@id":"https:\/\/zeromagazine.mx\/#website"},"primaryImageOfPage":{"@id":"https:\/\/zeromagazine.mx\/index.php\/2026\/03\/12\/interiorismo-primavera-colores-casa\/#primaryimage"},"image":{"@id":"https:\/\/zeromagazine.mx\/index.php\/2026\/03\/12\/interiorismo-primavera-colores-casa\/#primaryimage"},"thumbnailUrl":"https:\/\/i0.wp.com\/zeromagazine.mx\/wp-content\/uploads\/2026\/03\/Sea-Salt-SW-6204.webp?fit=486%2C606&ssl=1","datePublished":"2026-03-12T23:55:50+00:00","dateModified":"2026-03-12T23:56:48+00:00","description":"Interiorismo primavera: descubre colores y tips para renovar tu casa con estilo, luz y frescura usando las paletas m\u00e1s actuales.","breadcrumb":{"@id":"https:\/\/zeromagazine.mx\/index.php\/2026\/03\/12\/interiorismo-primavera-colores-casa\/#breadcrumb"},"inLanguage":"es","potentialAction":[{"@type":"ReadAction","target":["https:\/\/zeromagazine.mx\/index.php\/2026\/03\/12\/interiorismo-primavera-colores-casa\/"]}]},{"@type":"ImageObject","inLanguage":"es","@id":"https:\/\/zeromagazine.mx\/index.php\/2026\/03\/12\/interiorismo-primavera-colores-casa\/#primaryimage","url":"https:\/\/i0.wp.com\/zeromagazine.mx\/wp-content\/uploads\/2026\/03\/Sea-Salt-SW-6204.webp?fit=486%2C606&ssl=1","contentUrl":"https:\/\/i0.wp.com\/zeromagazine.mx\/wp-content\/uploads\/2026\/03\/Sea-Salt-SW-6204.webp?fit=486%2C606&ssl=1","width":486,"height":606},{"@type":"BreadcrumbList","@id":"https:\/\/zeromagazine.mx\/index.php\/2026\/03\/12\/interiorismo-primavera-colores-casa\/#breadcrumb","itemListElement":[{"@type":"ListItem","position":1,"name":"Portada","item":"https:\/\/zeromagazine.mx\/"},{"@type":"ListItem","position":2,"name":"Interiorismo primavera llena tu casa"}]},{"@type":"WebSite","@id":"https:\/\/zeromagazine.mx\/#website","url":"https:\/\/zeromagazine.mx\/","name":"Zero Magazine","description":"","publisher":{"@id":"https:\/\/zeromagazine.mx\/#organization"},"potentialAction":[{"@type":"SearchAction","target":{"@type":"EntryPoint","urlTemplate":"https:\/\/zeromagazine.mx\/?s={search_term_string}"},"query-input":{"@type":"PropertyValueSpecification","valueRequired":true,"valueName":"search_term_string"}}],"inLanguage":"es"},{"@type":"Organization","@id":"https:\/\/zeromagazine.mx\/#organization","name":"Zero Magazine","url":"https:\/\/zeromagazine.mx\/","logo":{"@type":"ImageObject","inLanguage":"es","@id":"https:\/\/zeromagazine.mx\/#\/schema\/logo\/image\/","url":"https:\/\/i0.wp.com\/zeromagazine.mx\/wp-content\/uploads\/2025\/11\/1.jpeg?fit=1000%2C1000&ssl=1","contentUrl":"https:\/\/i0.wp.com\/zeromagazine.mx\/wp-content\/uploads\/2025\/11\/1.jpeg?fit=1000%2C1000&ssl=1","width":1000,"height":1000,"caption":"Zero Magazine"},"image":{"@id":"https:\/\/zeromagazine.mx\/#\/schema\/logo\/image\/"},"sameAs":["https:\/\/instagram.com\/zeromagazinemx"]},{"@type":"Person","@id":"https:\/\/zeromagazine.mx\/#\/schema\/person\/9aed9f33a7c39af3a348b86d723f7773","name":"zeromagazinemx","image":{"@type":"ImageObject","inLanguage":"es","@id":"https:\/\/zeromagazine.mx\/wp-content\/litespeed\/avatar\/f91dfe5410d5dcb1a576bf8c45983896.jpg?ver=1776966396","url":"https:\/\/zeromagazine.mx\/wp-content\/litespeed\/avatar\/f91dfe5410d5dcb1a576bf8c45983896.jpg?ver=1776966396","contentUrl":"https:\/\/zeromagazine.mx\/wp-content\/litespeed\/avatar\/f91dfe5410d5dcb1a576bf8c45983896.jpg?ver=1776966396","caption":"zeromagazinemx"},"url":"https:\/\/zeromagazine.mx\/index.php\/author\/zeromagazinemx\/"}]}},"jetpack_publicize_connections":[],"jetpack_featured_media_url":"https:\/\/i0.wp.com\/zeromagazine.mx\/wp-content\/uploads\/2026\/03\/Sea-Salt-SW-6204.webp?fit=486%2C606&ssl=1","jetpack-related-posts":[{"id":118753,"url":"https:\/\/zeromagazine.mx\/index.php\/2026\/04\/16\/espacios-exteriores-primavera-diseno-color\/","url_meta":{"origin":116616,"position":0},"title":"Espacios exteriores listos para primavera","author":"David Morales","date":"16 de abril de 2026","format":false,"excerpt":"La temporada invita a salir, respirar y redise\u00f1ar terrazas, balcones y jardines con una est\u00e9tica que se siente tan bien como se ve. Hay algo en abril que cambia el mood de todo.\u00a0La luz dura m\u00e1s, el aire se siente distinto y, de pronto, quedarse adentro ya no suena tan\u2026","rel":"","context":"En \u00abBlog\u00bb","block_context":{"text":"Blog","link":"https:\/\/zeromagazine.mx\/index.php\/category\/blog\/"},"img":{"alt_text":"","src":"https:\/\/i0.wp.com\/zeromagazine.mx\/wp-content\/uploads\/2026\/04\/IMG_2172.webp?fit=683%2C1024&ssl=1&resize=350%2C200","width":350,"height":200,"srcset":"https:\/\/i0.wp.com\/zeromagazine.mx\/wp-content\/uploads\/2026\/04\/IMG_2172.webp?fit=683%2C1024&ssl=1&resize=350%2C200 1x, https:\/\/i0.wp.com\/zeromagazine.mx\/wp-content\/uploads\/2026\/04\/IMG_2172.webp?fit=683%2C1024&ssl=1&resize=525%2C300 1.5x"},"classes":[]},{"id":72753,"url":"https:\/\/zeromagazine.mx\/index.php\/2024\/03\/28\/essentials-de-privalia-para-la-primavera-tu-piel-te-lo-agradecera\/","url_meta":{"origin":116616,"position":1},"title":"Essentials de Privalia para la primavera: \u00a1Tu piel te lo agradecer\u00e1!","author":"zeromagazinemx","date":"28 de marzo de 2024","format":false,"excerpt":"Con la temporada de cambios a la vuelta de la esquina, es hora de renovar nuestra rutina de cuidado personal y darle la bienvenida a una piel radiante. \u00bfY qu\u00e9 mejor manera de hacerlo que con una selecci\u00f3n exclusiva de productos de las mejores marcas disponibles en la secci\u00f3n de\u2026","rel":"","context":"En \u00abBienestar\u00bb","block_context":{"text":"Bienestar","link":"https:\/\/zeromagazine.mx\/index.php\/category\/lifestyle\/bienestar\/"},"img":{"alt_text":"","src":"https:\/\/i0.wp.com\/zeromagazine.mx\/wp-content\/uploads\/2024\/03\/hidratante.jpg?resize=350%2C200&ssl=1","width":350,"height":200,"srcset":"https:\/\/i0.wp.com\/zeromagazine.mx\/wp-content\/uploads\/2024\/03\/hidratante.jpg?resize=350%2C200&ssl=1 1x, https:\/\/i0.wp.com\/zeromagazine.mx\/wp-content\/uploads\/2024\/03\/hidratante.jpg?resize=525%2C300&ssl=1 1.5x"},"classes":[]},{"id":114419,"url":"https:\/\/zeromagazine.mx\/index.php\/2026\/01\/29\/american-eagle-primavera-estilo-2026\/","url_meta":{"origin":116616,"position":2},"title":"American Eagle primavera redefine tu cl\u00f3set","author":"zeromagazinemx","date":"29 de enero de 2026","format":false,"excerpt":"Cambiar de a\u00f1o siempre trae ese impulso casi m\u00e1gico de renovarlo todo: rutinas, playlists, mood\u2026 y claro, el cl\u00f3set. La primavera 2026 llega con una energ\u00eda fresca, m\u00e1s libre y cero r\u00edgida, y American Eagle primavera se convierte en ese punto de partida perfecto para darle un reset real a\u2026","rel":"","context":"En \u00abModa\u00bb","block_context":{"text":"Moda","link":"https:\/\/zeromagazine.mx\/index.php\/category\/moda\/"},"img":{"alt_text":"","src":"https:\/\/i0.wp.com\/zeromagazine.mx\/wp-content\/uploads\/2026\/01\/imgi_94_20251211-aehp-jeans-lg-scaled.jpeg?fit=1200%2C601&ssl=1&resize=350%2C200","width":350,"height":200,"srcset":"https:\/\/i0.wp.com\/zeromagazine.mx\/wp-content\/uploads\/2026\/01\/imgi_94_20251211-aehp-jeans-lg-scaled.jpeg?fit=1200%2C601&ssl=1&resize=350%2C200 1x, https:\/\/i0.wp.com\/zeromagazine.mx\/wp-content\/uploads\/2026\/01\/imgi_94_20251211-aehp-jeans-lg-scaled.jpeg?fit=1200%2C601&ssl=1&resize=525%2C300 1.5x, https:\/\/i0.wp.com\/zeromagazine.mx\/wp-content\/uploads\/2026\/01\/imgi_94_20251211-aehp-jeans-lg-scaled.jpeg?fit=1200%2C601&ssl=1&resize=700%2C400 2x, https:\/\/i0.wp.com\/zeromagazine.mx\/wp-content\/uploads\/2026\/01\/imgi_94_20251211-aehp-jeans-lg-scaled.jpeg?fit=1200%2C601&ssl=1&resize=1050%2C600 3x"},"classes":[]},{"id":114399,"url":"https:\/\/zeromagazine.mx\/index.php\/2026\/01\/29\/perfumes-de-primavera-esenciales-2026\/","url_meta":{"origin":116616,"position":3},"title":"Perfumes de primavera que obsesionan","author":"zeromagazinemx","date":"29 de enero de 2026","format":false,"excerpt":"Cambiar de estaci\u00f3n se siente como abrir las ventanas despu\u00e9s de un d\u00eda largo: entra aire nuevo, cambia la vibra y, s\u00ed, tambi\u00e9n dan ganas de oler diferente. Los perfumes de primavera son ese upgrade invisible que transforma todo tu mood sin necesidad de cambiar todo tu cl\u00f3set. Son m\u00e1s\u2026","rel":"","context":"En \u00abBeauty\u00bb","block_context":{"text":"Beauty","link":"https:\/\/zeromagazine.mx\/index.php\/category\/beauty\/"},"img":{"alt_text":"","src":"https:\/\/i0.wp.com\/zeromagazine.mx\/wp-content\/uploads\/2026\/01\/La-Panthere9.jpg?fit=960%2C1200&ssl=1&resize=350%2C200","width":350,"height":200,"srcset":"https:\/\/i0.wp.com\/zeromagazine.mx\/wp-content\/uploads\/2026\/01\/La-Panthere9.jpg?fit=960%2C1200&ssl=1&resize=350%2C200 1x, https:\/\/i0.wp.com\/zeromagazine.mx\/wp-content\/uploads\/2026\/01\/La-Panthere9.jpg?fit=960%2C1200&ssl=1&resize=525%2C300 1.5x, https:\/\/i0.wp.com\/zeromagazine.mx\/wp-content\/uploads\/2026\/01\/La-Panthere9.jpg?fit=960%2C1200&ssl=1&resize=700%2C400 2x"},"classes":[]},{"id":99899,"url":"https:\/\/zeromagazine.mx\/index.php\/2025\/03\/27\/viaja-con-estilo-de-primavera\/","url_meta":{"origin":116616,"position":4},"title":"Viaja Con Estilo De Primavera","author":"David Morales","date":"27 de marzo de 2025","format":false,"excerpt":"Amix, si andas buscando renovar tu guardarropa con algo que realmente grite estilo y libertad, esta temporada Primavera\/Verano 2025 est\u00e1 hecha para ti. La nueva colecci\u00f3n llega con toda la vibra viajera, fusionando paisajes evocadores con prendas que te har\u00e1n sentir libre y segura en cualquier destino. As\u00ed que, qu\u00e9date\u2026","rel":"","context":"En \u00abModa\u00bb","block_context":{"text":"Moda","link":"https:\/\/zeromagazine.mx\/index.php\/category\/moda\/"},"img":{"alt_text":"","src":"https:\/\/i0.wp.com\/zeromagazine.mx\/wp-content\/uploads\/2025\/03\/8447116880089_h3_00091-03-01-25-mujer.jpg?fit=1200%2C825&ssl=1&resize=350%2C200","width":350,"height":200,"srcset":"https:\/\/i0.wp.com\/zeromagazine.mx\/wp-content\/uploads\/2025\/03\/8447116880089_h3_00091-03-01-25-mujer.jpg?fit=1200%2C825&ssl=1&resize=350%2C200 1x, https:\/\/i0.wp.com\/zeromagazine.mx\/wp-content\/uploads\/2025\/03\/8447116880089_h3_00091-03-01-25-mujer.jpg?fit=1200%2C825&ssl=1&resize=525%2C300 1.5x, https:\/\/i0.wp.com\/zeromagazine.mx\/wp-content\/uploads\/2025\/03\/8447116880089_h3_00091-03-01-25-mujer.jpg?fit=1200%2C825&ssl=1&resize=700%2C400 2x, https:\/\/i0.wp.com\/zeromagazine.mx\/wp-content\/uploads\/2025\/03\/8447116880089_h3_00091-03-01-25-mujer.jpg?fit=1200%2C825&ssl=1&resize=1050%2C600 3x"},"classes":[]},{"id":116375,"url":"https:\/\/zeromagazine.mx\/index.php\/2026\/03\/04\/hogan-cool-sneakers-primavera\/","url_meta":{"origin":116616,"position":5},"title":"Hogan Cool dominan la primavera","author":"Luis Trujano","date":"4 de marzo de 2026","format":false,"excerpt":"Cuando llega la primavera, el mood cambia completamente. Las capas pesadas se guardan, el color vuelve al cl\u00f3set y los sneakers se convierten en la pieza clave de cualquier outfit. Esta temporada, Hogan trae justo lo que necesitamos para esa transici\u00f3n de energ\u00eda fresca: las Hogan Cool, un modelo que\u2026","rel":"","context":"En \u00abBlog\u00bb","block_context":{"text":"Blog","link":"https:\/\/zeromagazine.mx\/index.php\/category\/blog\/"},"img":{"alt_text":"","src":"https:\/\/i0.wp.com\/zeromagazine.mx\/wp-content\/uploads\/2026\/03\/IMG_6523.png?resize=350%2C200&ssl=1","width":350,"height":200,"srcset":"https:\/\/i0.wp.com\/zeromagazine.mx\/wp-content\/uploads\/2026\/03\/IMG_6523.png?resize=350%2C200&ssl=1 1x, https:\/\/i0.wp.com\/zeromagazine.mx\/wp-content\/uploads\/2026\/03\/IMG_6523.png?resize=525%2C300&ssl=1 1.5x, https:\/\/i0.wp.com\/zeromagazine.mx\/wp-content\/uploads\/2026\/03\/IMG_6523.png?resize=700%2C400&ssl=1 2x, https:\/\/i0.wp.com\/zeromagazine.mx\/wp-content\/uploads\/2026\/03\/IMG_6523.png?resize=1050%2C600&ssl=1 3x, https:\/\/i0.wp.com\/zeromagazine.mx\/wp-content\/uploads\/2026\/03\/IMG_6523.png?resize=1400%2C800&ssl=1 4x"},"classes":[]}],"jetpack_sharing_enabled":true,"builder_content":"","_links":{"self":[{"href":"https:\/\/zeromagazine.mx\/index.php\/wp-json\/wp\/v2\/posts\/116616","targetHints":{"allow":["GET"]}}],"collection":[{"href":"https:\/\/zeromagazine.mx\/index.php\/wp-json\/wp\/v2\/posts"}],"about":[{"href":"https:\/\/zeromagazine.mx\/index.php\/wp-json\/wp\/v2\/types\/post"}],"author":[{"embeddable":true,"href":"https:\/\/zeromagazine.mx\/index.php\/wp-json\/wp\/v2\/users\/2"}],"replies":[{"embeddable":true,"href":"https:\/\/zeromagazine.mx\/index.php\/wp-json\/wp\/v2\/comments?post=116616"}],"version-history":[{"count":1,"href":"https:\/\/zeromagazine.mx\/index.php\/wp-json\/wp\/v2\/posts\/116616\/revisions"}],"predecessor-version":[{"id":116626,"href":"https:\/\/zeromagazine.mx\/index.php\/wp-json\/wp\/v2\/posts\/116616\/revisions\/116626"}],"wp:featuredmedia":[{"embeddable":true,"href":"https:\/\/zeromagazine.mx\/index.php\/wp-json\/wp\/v2\/media\/116617"}],"wp:attachment":[{"href":"https:\/\/zeromagazine.mx\/index.php\/wp-json\/wp\/v2\/media?parent=116616"}],"wp:term":[{"taxonomy":"category","embeddable":true,"href":"https:\/\/zeromagazine.mx\/index.php\/wp-json\/wp\/v2\/categories?post=116616"},{"taxonomy":"post_tag","embeddable":true,"href":"https:\/\/zeromagazine.mx\/index.php\/wp-json\/wp\/v2\/tags?post=116616"}],"curies":[{"name":"wp","href":"https:\/\/api.w.org\/{rel}","templated":true}]}}