{"id":116673,"date":"2026-03-13T00:05:34","date_gmt":"2026-03-13T06:05:34","guid":{"rendered":"https:\/\/zeromagazine.mx\/?p=116673"},"modified":"2026-03-13T00:05:58","modified_gmt":"2026-03-13T06:05:58","slug":"en-el-valle-de-las-sombras-gael-garcia-bernal","status":"publish","type":"post","link":"https:\/\/zeromagazine.mx\/index.php\/2026\/03\/13\/en-el-valle-de-las-sombras-gael-garcia-bernal\/","title":{"rendered":"Un cl\u00e1sico de ciencia ficci\u00f3n reinterpretado para el cine"},"content":{"rendered":"<!--themify_builder_content-->\n<div id=\"themify_builder_content-116673\" data-postid=\"116673\" class=\"themify_builder_content themify_builder_content-116673 themify_builder tf_clear\">\n    <\/div>\n<!--\/themify_builder_content-->\n\n\n<p>La pel\u00edcula <strong>En el valle de las sombras<\/strong> ha finalizado oficialmente su rodaje en Colombia. La producci\u00f3n, inspirada en el cl\u00e1sico cuento <strong>The Country of the Blind<\/strong> de <strong>H. G. Wells<\/strong>, propone una reinterpretaci\u00f3n contempor\u00e1nea de esta inquietante historia sobre una comunidad aislada que ha vivido durante generaciones sin la capacidad de ver.<\/p>\n\n\n\n<p>La cinta est\u00e1 protagonizada por <strong>Gael Garc\u00eda Bernal<\/strong> y <strong>Natalia Reyes<\/strong>, con participaciones especiales de <strong>Margarita Rosa de Francisco<\/strong>, <strong>Diego V\u00e1squez<\/strong> y <strong>Claudio Cata\u00f1o<\/strong>.<\/p>\n\n\n\n<p>Dirigida por <strong>Sebasti\u00e1n Cordero<\/strong> y escrita por el propio Cordero junto a <strong>Mar\u00eda Camila Arias<\/strong>, la pel\u00edcula fue filmada en diversas locaciones naturales de Colombia, entre ellas <strong>Boyac\u00e1<\/strong> y <strong>Cundinamarca<\/strong>, incluyendo <strong>Santa Sof\u00eda<\/strong>, <strong>Suesca<\/strong>, el desierto de <strong>Tatacoita<\/strong> y <strong>Choach\u00ed<\/strong>.<\/p>\n\n\n\n<p>La producci\u00f3n corre a cargo de la reconocida compa\u00f1\u00eda <strong>Dynamo<\/strong> para <strong>Netflix<\/strong>. Antes de su estreno en la plataforma, la pel\u00edcula tendr\u00e1 <strong>un recorrido inicial en salas de cine<\/strong>.<\/p>\n\n\n\n<figure class=\"wp-block-image size-full\"><img data-recalc-dims=\"1\" decoding=\"async\" width=\"604\" height=\"407\" src=\"https:\/\/i0.wp.com\/zeromagazine.mx\/wp-content\/uploads\/2026\/03\/unnamed-13.png?resize=604%2C407&#038;ssl=1\" alt=\"\" class=\"wp-image-116674\" srcset=\"https:\/\/i0.wp.com\/zeromagazine.mx\/wp-content\/uploads\/2026\/03\/unnamed-13.png?w=604&amp;ssl=1 604w, https:\/\/i0.wp.com\/zeromagazine.mx\/wp-content\/uploads\/2026\/03\/unnamed-13.png?resize=300%2C202&amp;ssl=1 300w\" sizes=\"(max-width: 604px) 100vw, 604px\" \/><\/figure>\n\n\n\n<h2 class=\"wp-block-heading\">De qu\u00e9 trata <em>En el valle de las sombras<\/em><\/h2>\n\n\n\n<p>La historia sigue a \u00c1lvar Toledano, un monta\u00f1ista que accidentalmente cae en un valle remoto habitado por una comunidad de personas ciegas que ha vivido aislada durante generaciones.<\/p>\n\n\n\n<p>Convencido al principio de que su capacidad de ver le da una ventaja, \u00c1lvar pronto descubre que en ese lugar <strong>la vista es considerada una anomal\u00eda peligrosa<\/strong>. Mientras intenta adaptarse a las reglas de la comunidad, se enamora de Medina, la mujer encargada de cuidarlo.<\/p>\n\n\n\n<p>Sin embargo, la situaci\u00f3n se vuelve m\u00e1s compleja cuando algunos habitantes comienzan a recuperar la vista, algo que amenaza el equilibrio social del valle. Frente a una comunidad que prefiere eliminar lo diferente, \u00c1lvar deber\u00e1 decidir <strong>si renunciar a lo que es para pertenecer o aceptar que ver puede significar tener que escapar<\/strong>.<\/p>\n\n\n\n<h2 class=\"wp-block-heading\">Equipo creativo<\/h2>\n\n\n\n<p>Adem\u00e1s del elenco principal, la pel\u00edcula re\u00fane a un destacado equipo t\u00e9cnico:<\/p>\n\n\n\n<ul class=\"wp-block-list\">\n<li><strong>Direcci\u00f3n de fotograf\u00eda:<\/strong> Enrique Chediak<\/li>\n\n\n\n<li><strong>Dise\u00f1o de producci\u00f3n:<\/strong> Ang\u00e9lica Perea<\/li>\n\n\n\n<li><strong>Dise\u00f1o de vestuario:<\/strong> Luz Helena C\u00e1rdenas<\/li>\n\n\n\n<li><strong>Casting:<\/strong> John Bedoya<\/li>\n\n\n\n<li><strong>Producci\u00f3n ejecutiva:<\/strong> Mirlanda Torres<\/li>\n<\/ul>\n\n\n\n<p>Con una mezcla de <strong>ciencia ficci\u00f3n, drama y reflexi\u00f3n social<\/strong>, <em>En el valle de las sombras<\/em> busca actualizar una de las historias m\u00e1s inquietantes de la literatura fant\u00e1stica, explorando temas como la diferencia, la percepci\u00f3n y el miedo a lo desconocido.<\/p>","protected":false},"excerpt":{"rendered":"<p>La pel\u00edcula En el valle de las sombras ha finalizado oficialmente su rodaje en Colombia. La producci\u00f3n, inspirada en el cl\u00e1sico cuento The Country of the Blind de H. G. Wells, propone una reinterpretaci\u00f3n contempor\u00e1nea de esta inquietante historia sobre una comunidad aislada que ha vivido durante generaciones sin la capacidad de ver. La cinta [&hellip;]<\/p>\n","protected":false},"author":2,"featured_media":116675,"comment_status":"open","ping_status":"open","sticky":false,"template":"","format":"standard","meta":{"_jetpack_memberships_contains_paid_content":false,"footnotes":"","jetpack_publicize_message":"","jetpack_publicize_feature_enabled":true,"jetpack_social_post_already_shared":true,"jetpack_social_options":{"image_generator_settings":{"template":"highway","default_image_id":0,"font":"","enabled":false},"version":2}},"categories":[1,109,117],"tags":[],"class_list":["post-116673","post","type-post","status-publish","format-standard","has-post-thumbnail","hentry","category-blog","category-cine","category-entretenimiento","has-post-title","has-post-date","has-post-category","has-post-tag","has-post-comment","has-post-author",""],"yoast_head":"<!-- This site is optimized with the Yoast SEO plugin v27.4 - https:\/\/yoast.com\/product\/yoast-seo-wordpress\/ -->\n<title>Un cl\u00e1sico de ciencia ficci\u00f3n reinterpretado para el cine - Zero Magazine<\/title>\n<meta name=\"description\" content=\"La pel\u00edcula En el valle de las sombras, protagonizada por Gael Garc\u00eda Bernal y Natalia Reyes, termina su rodaje en Colombia. Basada en un cuento de H. G. Wells.\" \/>\n<meta name=\"robots\" content=\"index, follow, max-snippet:-1, max-image-preview:large, max-video-preview:-1\" \/>\n<link rel=\"canonical\" href=\"https:\/\/zeromagazine.mx\/index.php\/2026\/03\/13\/en-el-valle-de-las-sombras-gael-garcia-bernal\/\" \/>\n<meta property=\"og:locale\" content=\"es_ES\" \/>\n<meta property=\"og:type\" content=\"article\" \/>\n<meta property=\"og:title\" content=\"Un cl\u00e1sico de ciencia ficci\u00f3n reinterpretado para el cine - Zero Magazine\" \/>\n<meta property=\"og:description\" content=\"La pel\u00edcula En el valle de las sombras, protagonizada por Gael Garc\u00eda Bernal y Natalia Reyes, termina su rodaje en Colombia. Basada en un cuento de H. G. Wells.\" \/>\n<meta property=\"og:url\" content=\"https:\/\/zeromagazine.mx\/index.php\/2026\/03\/13\/en-el-valle-de-las-sombras-gael-garcia-bernal\/\" \/>\n<meta property=\"og:site_name\" content=\"Zero Magazine\" \/>\n<meta property=\"article:published_time\" content=\"2026-03-13T06:05:34+00:00\" \/>\n<meta property=\"article:modified_time\" content=\"2026-03-13T06:05:58+00:00\" \/>\n<meta property=\"og:image\" content=\"http:\/\/zeromagazine.mx\/wp-content\/uploads\/2026\/03\/EEVDLS_0.21_03_02_First-Look_R-scaled.jpg\" \/>\n\t<meta property=\"og:image:width\" content=\"2560\" \/>\n\t<meta property=\"og:image:height\" content=\"1773\" \/>\n\t<meta property=\"og:image:type\" content=\"image\/jpeg\" \/>\n<meta name=\"author\" content=\"zeromagazinemx\" \/>\n<meta name=\"twitter:card\" content=\"summary_large_image\" \/>\n<meta name=\"twitter:label1\" content=\"Escrito por\" \/>\n\t<meta name=\"twitter:data1\" content=\"zeromagazinemx\" \/>\n\t<meta name=\"twitter:label2\" content=\"Tiempo de lectura\" \/>\n\t<meta name=\"twitter:data2\" content=\"3 minutos\" \/>\n<script type=\"application\/ld+json\" class=\"yoast-schema-graph\">{\"@context\":\"https:\\\/\\\/schema.org\",\"@graph\":[{\"@type\":\"Article\",\"@id\":\"https:\\\/\\\/zeromagazine.mx\\\/index.php\\\/2026\\\/03\\\/13\\\/en-el-valle-de-las-sombras-gael-garcia-bernal\\\/#article\",\"isPartOf\":{\"@id\":\"https:\\\/\\\/zeromagazine.mx\\\/index.php\\\/2026\\\/03\\\/13\\\/en-el-valle-de-las-sombras-gael-garcia-bernal\\\/\"},\"author\":{\"name\":\"zeromagazinemx\",\"@id\":\"https:\\\/\\\/zeromagazine.mx\\\/#\\\/schema\\\/person\\\/9aed9f33a7c39af3a348b86d723f7773\"},\"headline\":\"Un cl\u00e1sico de ciencia ficci\u00f3n reinterpretado para el cine\",\"datePublished\":\"2026-03-13T06:05:34+00:00\",\"dateModified\":\"2026-03-13T06:05:58+00:00\",\"mainEntityOfPage\":{\"@id\":\"https:\\\/\\\/zeromagazine.mx\\\/index.php\\\/2026\\\/03\\\/13\\\/en-el-valle-de-las-sombras-gael-garcia-bernal\\\/\"},\"wordCount\":406,\"commentCount\":0,\"publisher\":{\"@id\":\"https:\\\/\\\/zeromagazine.mx\\\/#organization\"},\"image\":{\"@id\":\"https:\\\/\\\/zeromagazine.mx\\\/index.php\\\/2026\\\/03\\\/13\\\/en-el-valle-de-las-sombras-gael-garcia-bernal\\\/#primaryimage\"},\"thumbnailUrl\":\"https:\\\/\\\/i0.wp.com\\\/zeromagazine.mx\\\/wp-content\\\/uploads\\\/2026\\\/03\\\/EEVDLS_0.21_03_02_First-Look_R-scaled.jpg?fit=2560%2C1773&ssl=1\",\"articleSection\":[\"Blog\",\"Cine\",\"Entretenimiento\"],\"inLanguage\":\"es\",\"potentialAction\":[{\"@type\":\"CommentAction\",\"name\":\"Comment\",\"target\":[\"https:\\\/\\\/zeromagazine.mx\\\/index.php\\\/2026\\\/03\\\/13\\\/en-el-valle-de-las-sombras-gael-garcia-bernal\\\/#respond\"]}]},{\"@type\":\"WebPage\",\"@id\":\"https:\\\/\\\/zeromagazine.mx\\\/index.php\\\/2026\\\/03\\\/13\\\/en-el-valle-de-las-sombras-gael-garcia-bernal\\\/\",\"url\":\"https:\\\/\\\/zeromagazine.mx\\\/index.php\\\/2026\\\/03\\\/13\\\/en-el-valle-de-las-sombras-gael-garcia-bernal\\\/\",\"name\":\"Un cl\u00e1sico de ciencia ficci\u00f3n reinterpretado para el cine - Zero Magazine\",\"isPartOf\":{\"@id\":\"https:\\\/\\\/zeromagazine.mx\\\/#website\"},\"primaryImageOfPage\":{\"@id\":\"https:\\\/\\\/zeromagazine.mx\\\/index.php\\\/2026\\\/03\\\/13\\\/en-el-valle-de-las-sombras-gael-garcia-bernal\\\/#primaryimage\"},\"image\":{\"@id\":\"https:\\\/\\\/zeromagazine.mx\\\/index.php\\\/2026\\\/03\\\/13\\\/en-el-valle-de-las-sombras-gael-garcia-bernal\\\/#primaryimage\"},\"thumbnailUrl\":\"https:\\\/\\\/i0.wp.com\\\/zeromagazine.mx\\\/wp-content\\\/uploads\\\/2026\\\/03\\\/EEVDLS_0.21_03_02_First-Look_R-scaled.jpg?fit=2560%2C1773&ssl=1\",\"datePublished\":\"2026-03-13T06:05:34+00:00\",\"dateModified\":\"2026-03-13T06:05:58+00:00\",\"description\":\"La pel\u00edcula En el valle de las sombras, protagonizada por Gael Garc\u00eda Bernal y Natalia Reyes, termina su rodaje en Colombia. Basada en un cuento de H. G. Wells.\",\"breadcrumb\":{\"@id\":\"https:\\\/\\\/zeromagazine.mx\\\/index.php\\\/2026\\\/03\\\/13\\\/en-el-valle-de-las-sombras-gael-garcia-bernal\\\/#breadcrumb\"},\"inLanguage\":\"es\",\"potentialAction\":[{\"@type\":\"ReadAction\",\"target\":[\"https:\\\/\\\/zeromagazine.mx\\\/index.php\\\/2026\\\/03\\\/13\\\/en-el-valle-de-las-sombras-gael-garcia-bernal\\\/\"]}]},{\"@type\":\"ImageObject\",\"inLanguage\":\"es\",\"@id\":\"https:\\\/\\\/zeromagazine.mx\\\/index.php\\\/2026\\\/03\\\/13\\\/en-el-valle-de-las-sombras-gael-garcia-bernal\\\/#primaryimage\",\"url\":\"https:\\\/\\\/i0.wp.com\\\/zeromagazine.mx\\\/wp-content\\\/uploads\\\/2026\\\/03\\\/EEVDLS_0.21_03_02_First-Look_R-scaled.jpg?fit=2560%2C1773&ssl=1\",\"contentUrl\":\"https:\\\/\\\/i0.wp.com\\\/zeromagazine.mx\\\/wp-content\\\/uploads\\\/2026\\\/03\\\/EEVDLS_0.21_03_02_First-Look_R-scaled.jpg?fit=2560%2C1773&ssl=1\",\"width\":2560,\"height\":1773,\"caption\":\"En El Valle De Las Sombras. Gael Garc\u00eda in En El Valle de Las Sombras Cr. Courtesy of Netflix\\\/Netflix \u00a92026\"},{\"@type\":\"BreadcrumbList\",\"@id\":\"https:\\\/\\\/zeromagazine.mx\\\/index.php\\\/2026\\\/03\\\/13\\\/en-el-valle-de-las-sombras-gael-garcia-bernal\\\/#breadcrumb\",\"itemListElement\":[{\"@type\":\"ListItem\",\"position\":1,\"name\":\"Portada\",\"item\":\"https:\\\/\\\/zeromagazine.mx\\\/\"},{\"@type\":\"ListItem\",\"position\":2,\"name\":\"Un cl\u00e1sico de ciencia ficci\u00f3n reinterpretado para el cine\"}]},{\"@type\":\"WebSite\",\"@id\":\"https:\\\/\\\/zeromagazine.mx\\\/#website\",\"url\":\"https:\\\/\\\/zeromagazine.mx\\\/\",\"name\":\"Zero Magazine\",\"description\":\"\",\"publisher\":{\"@id\":\"https:\\\/\\\/zeromagazine.mx\\\/#organization\"},\"potentialAction\":[{\"@type\":\"SearchAction\",\"target\":{\"@type\":\"EntryPoint\",\"urlTemplate\":\"https:\\\/\\\/zeromagazine.mx\\\/?s={search_term_string}\"},\"query-input\":{\"@type\":\"PropertyValueSpecification\",\"valueRequired\":true,\"valueName\":\"search_term_string\"}}],\"inLanguage\":\"es\"},{\"@type\":\"Organization\",\"@id\":\"https:\\\/\\\/zeromagazine.mx\\\/#organization\",\"name\":\"Zero Magazine\",\"url\":\"https:\\\/\\\/zeromagazine.mx\\\/\",\"logo\":{\"@type\":\"ImageObject\",\"inLanguage\":\"es\",\"@id\":\"https:\\\/\\\/zeromagazine.mx\\\/#\\\/schema\\\/logo\\\/image\\\/\",\"url\":\"https:\\\/\\\/i0.wp.com\\\/zeromagazine.mx\\\/wp-content\\\/uploads\\\/2025\\\/11\\\/1.jpeg?fit=1000%2C1000&ssl=1\",\"contentUrl\":\"https:\\\/\\\/i0.wp.com\\\/zeromagazine.mx\\\/wp-content\\\/uploads\\\/2025\\\/11\\\/1.jpeg?fit=1000%2C1000&ssl=1\",\"width\":1000,\"height\":1000,\"caption\":\"Zero Magazine\"},\"image\":{\"@id\":\"https:\\\/\\\/zeromagazine.mx\\\/#\\\/schema\\\/logo\\\/image\\\/\"},\"sameAs\":[\"https:\\\/\\\/instagram.com\\\/zeromagazinemx\"]},{\"@type\":\"Person\",\"@id\":\"https:\\\/\\\/zeromagazine.mx\\\/#\\\/schema\\\/person\\\/9aed9f33a7c39af3a348b86d723f7773\",\"name\":\"zeromagazinemx\",\"image\":{\"@type\":\"ImageObject\",\"inLanguage\":\"es\",\"@id\":\"https:\\\/\\\/zeromagazine.mx\\\/wp-content\\\/litespeed\\\/avatar\\\/f91dfe5410d5dcb1a576bf8c45983896.jpg?ver=1776966396\",\"url\":\"https:\\\/\\\/zeromagazine.mx\\\/wp-content\\\/litespeed\\\/avatar\\\/f91dfe5410d5dcb1a576bf8c45983896.jpg?ver=1776966396\",\"contentUrl\":\"https:\\\/\\\/zeromagazine.mx\\\/wp-content\\\/litespeed\\\/avatar\\\/f91dfe5410d5dcb1a576bf8c45983896.jpg?ver=1776966396\",\"caption\":\"zeromagazinemx\"},\"url\":\"https:\\\/\\\/zeromagazine.mx\\\/index.php\\\/author\\\/zeromagazinemx\\\/\"}]}<\/script>\n<!-- \/ Yoast SEO plugin. -->","yoast_head_json":{"title":"Un cl\u00e1sico de ciencia ficci\u00f3n reinterpretado para el cine - Zero Magazine","description":"La pel\u00edcula En el valle de las sombras, protagonizada por Gael Garc\u00eda Bernal y Natalia Reyes, termina su rodaje en Colombia. Basada en un cuento de H. G. Wells.","robots":{"index":"index","follow":"follow","max-snippet":"max-snippet:-1","max-image-preview":"max-image-preview:large","max-video-preview":"max-video-preview:-1"},"canonical":"https:\/\/zeromagazine.mx\/index.php\/2026\/03\/13\/en-el-valle-de-las-sombras-gael-garcia-bernal\/","og_locale":"es_ES","og_type":"article","og_title":"Un cl\u00e1sico de ciencia ficci\u00f3n reinterpretado para el cine - Zero Magazine","og_description":"La pel\u00edcula En el valle de las sombras, protagonizada por Gael Garc\u00eda Bernal y Natalia Reyes, termina su rodaje en Colombia. Basada en un cuento de H. G. Wells.","og_url":"https:\/\/zeromagazine.mx\/index.php\/2026\/03\/13\/en-el-valle-de-las-sombras-gael-garcia-bernal\/","og_site_name":"Zero Magazine","article_published_time":"2026-03-13T06:05:34+00:00","article_modified_time":"2026-03-13T06:05:58+00:00","og_image":[{"width":2560,"height":1773,"url":"http:\/\/zeromagazine.mx\/wp-content\/uploads\/2026\/03\/EEVDLS_0.21_03_02_First-Look_R-scaled.jpg","type":"image\/jpeg"}],"author":"zeromagazinemx","twitter_card":"summary_large_image","twitter_misc":{"Escrito por":"zeromagazinemx","Tiempo de lectura":"3 minutos"},"schema":{"@context":"https:\/\/schema.org","@graph":[{"@type":"Article","@id":"https:\/\/zeromagazine.mx\/index.php\/2026\/03\/13\/en-el-valle-de-las-sombras-gael-garcia-bernal\/#article","isPartOf":{"@id":"https:\/\/zeromagazine.mx\/index.php\/2026\/03\/13\/en-el-valle-de-las-sombras-gael-garcia-bernal\/"},"author":{"name":"zeromagazinemx","@id":"https:\/\/zeromagazine.mx\/#\/schema\/person\/9aed9f33a7c39af3a348b86d723f7773"},"headline":"Un cl\u00e1sico de ciencia ficci\u00f3n reinterpretado para el cine","datePublished":"2026-03-13T06:05:34+00:00","dateModified":"2026-03-13T06:05:58+00:00","mainEntityOfPage":{"@id":"https:\/\/zeromagazine.mx\/index.php\/2026\/03\/13\/en-el-valle-de-las-sombras-gael-garcia-bernal\/"},"wordCount":406,"commentCount":0,"publisher":{"@id":"https:\/\/zeromagazine.mx\/#organization"},"image":{"@id":"https:\/\/zeromagazine.mx\/index.php\/2026\/03\/13\/en-el-valle-de-las-sombras-gael-garcia-bernal\/#primaryimage"},"thumbnailUrl":"https:\/\/i0.wp.com\/zeromagazine.mx\/wp-content\/uploads\/2026\/03\/EEVDLS_0.21_03_02_First-Look_R-scaled.jpg?fit=2560%2C1773&ssl=1","articleSection":["Blog","Cine","Entretenimiento"],"inLanguage":"es","potentialAction":[{"@type":"CommentAction","name":"Comment","target":["https:\/\/zeromagazine.mx\/index.php\/2026\/03\/13\/en-el-valle-de-las-sombras-gael-garcia-bernal\/#respond"]}]},{"@type":"WebPage","@id":"https:\/\/zeromagazine.mx\/index.php\/2026\/03\/13\/en-el-valle-de-las-sombras-gael-garcia-bernal\/","url":"https:\/\/zeromagazine.mx\/index.php\/2026\/03\/13\/en-el-valle-de-las-sombras-gael-garcia-bernal\/","name":"Un cl\u00e1sico de ciencia ficci\u00f3n reinterpretado para el cine - Zero Magazine","isPartOf":{"@id":"https:\/\/zeromagazine.mx\/#website"},"primaryImageOfPage":{"@id":"https:\/\/zeromagazine.mx\/index.php\/2026\/03\/13\/en-el-valle-de-las-sombras-gael-garcia-bernal\/#primaryimage"},"image":{"@id":"https:\/\/zeromagazine.mx\/index.php\/2026\/03\/13\/en-el-valle-de-las-sombras-gael-garcia-bernal\/#primaryimage"},"thumbnailUrl":"https:\/\/i0.wp.com\/zeromagazine.mx\/wp-content\/uploads\/2026\/03\/EEVDLS_0.21_03_02_First-Look_R-scaled.jpg?fit=2560%2C1773&ssl=1","datePublished":"2026-03-13T06:05:34+00:00","dateModified":"2026-03-13T06:05:58+00:00","description":"La pel\u00edcula En el valle de las sombras, protagonizada por Gael Garc\u00eda Bernal y Natalia Reyes, termina su rodaje en Colombia. Basada en un cuento de H. G. Wells.","breadcrumb":{"@id":"https:\/\/zeromagazine.mx\/index.php\/2026\/03\/13\/en-el-valle-de-las-sombras-gael-garcia-bernal\/#breadcrumb"},"inLanguage":"es","potentialAction":[{"@type":"ReadAction","target":["https:\/\/zeromagazine.mx\/index.php\/2026\/03\/13\/en-el-valle-de-las-sombras-gael-garcia-bernal\/"]}]},{"@type":"ImageObject","inLanguage":"es","@id":"https:\/\/zeromagazine.mx\/index.php\/2026\/03\/13\/en-el-valle-de-las-sombras-gael-garcia-bernal\/#primaryimage","url":"https:\/\/i0.wp.com\/zeromagazine.mx\/wp-content\/uploads\/2026\/03\/EEVDLS_0.21_03_02_First-Look_R-scaled.jpg?fit=2560%2C1773&ssl=1","contentUrl":"https:\/\/i0.wp.com\/zeromagazine.mx\/wp-content\/uploads\/2026\/03\/EEVDLS_0.21_03_02_First-Look_R-scaled.jpg?fit=2560%2C1773&ssl=1","width":2560,"height":1773,"caption":"En El Valle De Las Sombras. Gael Garc\u00eda in En El Valle de Las Sombras Cr. Courtesy of Netflix\/Netflix \u00a92026"},{"@type":"BreadcrumbList","@id":"https:\/\/zeromagazine.mx\/index.php\/2026\/03\/13\/en-el-valle-de-las-sombras-gael-garcia-bernal\/#breadcrumb","itemListElement":[{"@type":"ListItem","position":1,"name":"Portada","item":"https:\/\/zeromagazine.mx\/"},{"@type":"ListItem","position":2,"name":"Un cl\u00e1sico de ciencia ficci\u00f3n reinterpretado para el cine"}]},{"@type":"WebSite","@id":"https:\/\/zeromagazine.mx\/#website","url":"https:\/\/zeromagazine.mx\/","name":"Zero Magazine","description":"","publisher":{"@id":"https:\/\/zeromagazine.mx\/#organization"},"potentialAction":[{"@type":"SearchAction","target":{"@type":"EntryPoint","urlTemplate":"https:\/\/zeromagazine.mx\/?s={search_term_string}"},"query-input":{"@type":"PropertyValueSpecification","valueRequired":true,"valueName":"search_term_string"}}],"inLanguage":"es"},{"@type":"Organization","@id":"https:\/\/zeromagazine.mx\/#organization","name":"Zero Magazine","url":"https:\/\/zeromagazine.mx\/","logo":{"@type":"ImageObject","inLanguage":"es","@id":"https:\/\/zeromagazine.mx\/#\/schema\/logo\/image\/","url":"https:\/\/i0.wp.com\/zeromagazine.mx\/wp-content\/uploads\/2025\/11\/1.jpeg?fit=1000%2C1000&ssl=1","contentUrl":"https:\/\/i0.wp.com\/zeromagazine.mx\/wp-content\/uploads\/2025\/11\/1.jpeg?fit=1000%2C1000&ssl=1","width":1000,"height":1000,"caption":"Zero Magazine"},"image":{"@id":"https:\/\/zeromagazine.mx\/#\/schema\/logo\/image\/"},"sameAs":["https:\/\/instagram.com\/zeromagazinemx"]},{"@type":"Person","@id":"https:\/\/zeromagazine.mx\/#\/schema\/person\/9aed9f33a7c39af3a348b86d723f7773","name":"zeromagazinemx","image":{"@type":"ImageObject","inLanguage":"es","@id":"https:\/\/zeromagazine.mx\/wp-content\/litespeed\/avatar\/f91dfe5410d5dcb1a576bf8c45983896.jpg?ver=1776966396","url":"https:\/\/zeromagazine.mx\/wp-content\/litespeed\/avatar\/f91dfe5410d5dcb1a576bf8c45983896.jpg?ver=1776966396","contentUrl":"https:\/\/zeromagazine.mx\/wp-content\/litespeed\/avatar\/f91dfe5410d5dcb1a576bf8c45983896.jpg?ver=1776966396","caption":"zeromagazinemx"},"url":"https:\/\/zeromagazine.mx\/index.php\/author\/zeromagazinemx\/"}]}},"jetpack_publicize_connections":[],"jetpack_featured_media_url":"https:\/\/i0.wp.com\/zeromagazine.mx\/wp-content\/uploads\/2026\/03\/EEVDLS_0.21_03_02_First-Look_R-scaled.jpg?fit=2560%2C1773&ssl=1","jetpack-related-posts":[{"id":93052,"url":"https:\/\/zeromagazine.mx\/index.php\/2024\/12\/13\/mubi-cine-unico-en-diciembre\/","url_meta":{"origin":116673,"position":0},"title":"MUBI: Cine \u00danico en Diciembre","author":"zeromagazinemx","date":"13 de diciembre de 2024","format":false,"excerpt":"MUBI estrenos MUBI est\u00e1 aqu\u00ed, y con \u00e9l llegan las mejores excusas para quedarse en casa, bajo una manta, con una bebida caliente y, claro, una pantalla llena de cine incre\u00edble. Y si no tienes nada planeado, MUBI tiene la opci\u00f3n perfecta para ti: \u00a1un mes lleno de t\u00edtulos \u00e9picos\u2026","rel":"","context":"En \u00abCultura\u00bb","block_context":{"text":"Cultura","link":"https:\/\/zeromagazine.mx\/index.php\/category\/cultura\/"},"img":{"alt_text":"","src":"https:\/\/i0.wp.com\/zeromagazine.mx\/wp-content\/uploads\/2024\/12\/Lizzie-Borden-1986-Working-Girls.png?fit=1200%2C864&ssl=1&resize=350%2C200","width":350,"height":200,"srcset":"https:\/\/i0.wp.com\/zeromagazine.mx\/wp-content\/uploads\/2024\/12\/Lizzie-Borden-1986-Working-Girls.png?fit=1200%2C864&ssl=1&resize=350%2C200 1x, https:\/\/i0.wp.com\/zeromagazine.mx\/wp-content\/uploads\/2024\/12\/Lizzie-Borden-1986-Working-Girls.png?fit=1200%2C864&ssl=1&resize=525%2C300 1.5x, https:\/\/i0.wp.com\/zeromagazine.mx\/wp-content\/uploads\/2024\/12\/Lizzie-Borden-1986-Working-Girls.png?fit=1200%2C864&ssl=1&resize=700%2C400 2x, https:\/\/i0.wp.com\/zeromagazine.mx\/wp-content\/uploads\/2024\/12\/Lizzie-Borden-1986-Working-Girls.png?fit=1200%2C864&ssl=1&resize=1050%2C600 3x"},"classes":[]},{"id":83699,"url":"https:\/\/zeromagazine.mx\/index.php\/2024\/09\/11\/coraline-ultimos-dias-en-cines\/","url_meta":{"origin":116673,"position":1},"title":"Coraline: \u00a1\u00daltimos D\u00edas en Cines!","author":"zeromagazinemx","date":"11 de septiembre de 2024","format":false,"excerpt":"\u00bfQui\u00e9n no recuerda la primera vez que se top\u00f3 con Coraline? Esa peli que nos hizo preguntarnos qu\u00e9 se oculta detr\u00e1s de las puertas cerradas y nos dej\u00f3 con esa vibra entre creepy y super cool. \u00a1Pues ag\u00e1rrate! Para celebrar su 15\u00ba aniversario, est\u00e1 de vuelta en los cines y\u2026","rel":"","context":"En \u00abCultura\u00bb","block_context":{"text":"Cultura","link":"https:\/\/zeromagazine.mx\/index.php\/category\/cultura\/"},"img":{"alt_text":"","src":"https:\/\/i0.wp.com\/zeromagazine.mx\/wp-content\/uploads\/2024\/09\/image002-1.jpg?fit=1080%2C1080&ssl=1&resize=350%2C200","width":350,"height":200,"srcset":"https:\/\/i0.wp.com\/zeromagazine.mx\/wp-content\/uploads\/2024\/09\/image002-1.jpg?fit=1080%2C1080&ssl=1&resize=350%2C200 1x, https:\/\/i0.wp.com\/zeromagazine.mx\/wp-content\/uploads\/2024\/09\/image002-1.jpg?fit=1080%2C1080&ssl=1&resize=525%2C300 1.5x, https:\/\/i0.wp.com\/zeromagazine.mx\/wp-content\/uploads\/2024\/09\/image002-1.jpg?fit=1080%2C1080&ssl=1&resize=700%2C400 2x, https:\/\/i0.wp.com\/zeromagazine.mx\/wp-content\/uploads\/2024\/09\/image002-1.jpg?fit=1080%2C1080&ssl=1&resize=1050%2C600 3x"},"classes":[]},{"id":82277,"url":"https:\/\/zeromagazine.mx\/index.php\/2024\/08\/21\/coraline-exito-epico-en-mexico\/","url_meta":{"origin":116673,"position":2},"title":"\u00abCoraline: \u00c9xito \u00c9pico en M\u00e9xico\u00bb","author":"zeromagazinemx","date":"21 de agosto de 2024","format":false,"excerpt":"\u00a1Coraline est\u00e1 de vuelta y lo est\u00e1 rompiendo!\u00a0Este ic\u00f3nico filme de animaci\u00f3n stop-motion, que se estren\u00f3 en 2009, ha regresado a las salas de cine para celebrar su 15\u00ba aniversario con una versi\u00f3n remasterizada en 3D. \u00bfY adivinen qu\u00e9? \u00a1Est\u00e1 batiendo r\u00e9cords y se est\u00e1 llevando el premio a la\u2026","rel":"","context":"En \u00abCultura\u00bb","block_context":{"text":"Cultura","link":"https:\/\/zeromagazine.mx\/index.php\/category\/cultura\/"},"img":{"alt_text":"a man sitting on a chair in the woods","src":"https:\/\/i0.wp.com\/zeromagazine.mx\/wp-content\/uploads\/2024\/08\/pexels-photo-27875431.jpeg?fit=1200%2C800&ssl=1&resize=350%2C200","width":350,"height":200,"srcset":"https:\/\/i0.wp.com\/zeromagazine.mx\/wp-content\/uploads\/2024\/08\/pexels-photo-27875431.jpeg?fit=1200%2C800&ssl=1&resize=350%2C200 1x, https:\/\/i0.wp.com\/zeromagazine.mx\/wp-content\/uploads\/2024\/08\/pexels-photo-27875431.jpeg?fit=1200%2C800&ssl=1&resize=525%2C300 1.5x, https:\/\/i0.wp.com\/zeromagazine.mx\/wp-content\/uploads\/2024\/08\/pexels-photo-27875431.jpeg?fit=1200%2C800&ssl=1&resize=700%2C400 2x, https:\/\/i0.wp.com\/zeromagazine.mx\/wp-content\/uploads\/2024\/08\/pexels-photo-27875431.jpeg?fit=1200%2C800&ssl=1&resize=1050%2C600 3x"},"classes":[]},{"id":50206,"url":"https:\/\/zeromagazine.mx\/index.php\/2021\/07\/15\/disney-revela-el-primer-trailer-poster-y-elenco-de-la-version-en-ingles-de-encanto\/","url_meta":{"origin":116673,"position":3},"title":"Disney revela el primer tr\u00e1iler, p\u00f3ster y elenco de la versi\u00f3n en ingl\u00e9s de \u201cEncanto\u201d","author":"zeromagazinemx","date":"15 de julio de 2021","format":false,"excerpt":"Adelantos sobre la nueva pel\u00edcula original de Disney \u201cEncanto\u201d que se estrenar\u00e1 en cines en noviembre de 2021, te contamos m\u00e1s sobre \u201cEncanto\u201d. Por Moises Kushelevich \u201cEncanto\u201d cuenta la historia de los Madrigal, una familia extraordinaria que vive en las monta\u00f1as de Colombia, en una casa m\u00e1gica, en un pueblo\u2026","rel":"","context":"En \u00abCine\u00bb","block_context":{"text":"Cine","link":"https:\/\/zeromagazine.mx\/index.php\/category\/entretenimiento\/cine\/"},"img":{"alt_text":"","src":"https:\/\/i0.wp.com\/img.youtube.com\/vi\/MwY5Upn61FI\/0.jpg?resize=350%2C200","width":350,"height":200},"classes":[]},{"id":116719,"url":"https:\/\/zeromagazine.mx\/index.php\/2026\/03\/13\/san-diego-locaciones-cine\/","url_meta":{"origin":116673,"position":4},"title":"Donde el cine cobra vida: San Diego a trav\u00e9s de sus locaciones m\u00e1s memorables","author":"David Morales","date":"13 de marzo de 2026","format":false,"excerpt":"Si eres de las personas que ven una pel\u00edcula y luego quieren saber\u00a0d\u00f3nde se grab\u00f3, entonces\u00a0San Diego locaciones de cine\u00a0es el tipo de viaje que necesitas hacer al menos una vez. Esta ciudad del sur de California tiene algo que la hace perfecta para la pantalla grande: luz natural incre\u00edble,\u2026","rel":"","context":"En \u00abBlog\u00bb","block_context":{"text":"Blog","link":"https:\/\/zeromagazine.mx\/index.php\/category\/blog\/"},"img":{"alt_text":"","src":"https:\/\/i0.wp.com\/zeromagazine.mx\/wp-content\/uploads\/2026\/03\/IMG_1736.jpeg?fit=1120%2C735&ssl=1&resize=350%2C200","width":350,"height":200,"srcset":"https:\/\/i0.wp.com\/zeromagazine.mx\/wp-content\/uploads\/2026\/03\/IMG_1736.jpeg?fit=1120%2C735&ssl=1&resize=350%2C200 1x, https:\/\/i0.wp.com\/zeromagazine.mx\/wp-content\/uploads\/2026\/03\/IMG_1736.jpeg?fit=1120%2C735&ssl=1&resize=525%2C300 1.5x, https:\/\/i0.wp.com\/zeromagazine.mx\/wp-content\/uploads\/2026\/03\/IMG_1736.jpeg?fit=1120%2C735&ssl=1&resize=700%2C400 2x, https:\/\/i0.wp.com\/zeromagazine.mx\/wp-content\/uploads\/2026\/03\/IMG_1736.jpeg?fit=1120%2C735&ssl=1&resize=1050%2C600 3x"},"classes":[]},{"id":103709,"url":"https:\/\/zeromagazine.mx\/index.php\/2025\/04\/30\/mubi-sus-estrenos-de-cine-exclusivo-de-mayo\/","url_meta":{"origin":116673,"position":5},"title":"MUB &amp; Sus Estrenos De Cine Exclusivo De Mayo","author":"David Morales","date":"30 de abril de 2025","format":false,"excerpt":"Ey amix, si t\u00fa tambi\u00e9n eres de lxs que suspira por pel\u00edculas raras, intensas o simplemente bellas, prep\u00e1rate porque MUBI acaba de tirar la casa por la ventana. Mayo viene con estrenos exclusivos, ciclos est\u00e9ticos, s\u00e1tiras, \u00edconos como Cher y Eastwood, y joyitas del FICUNAM. O sea, es el mes\u2026","rel":"","context":"En \u00abCine\u00bb","block_context":{"text":"Cine","link":"https:\/\/zeromagazine.mx\/index.php\/category\/entretenimiento\/cine\/"},"img":{"alt_text":"","src":"https:\/\/i0.wp.com\/zeromagazine.mx\/wp-content\/uploads\/2025\/05\/Norman-Jewison_MOONSTRUCK.jpg?fit=856%2C482&ssl=1&resize=350%2C200","width":350,"height":200,"srcset":"https:\/\/i0.wp.com\/zeromagazine.mx\/wp-content\/uploads\/2025\/05\/Norman-Jewison_MOONSTRUCK.jpg?fit=856%2C482&ssl=1&resize=350%2C200 1x, https:\/\/i0.wp.com\/zeromagazine.mx\/wp-content\/uploads\/2025\/05\/Norman-Jewison_MOONSTRUCK.jpg?fit=856%2C482&ssl=1&resize=525%2C300 1.5x, https:\/\/i0.wp.com\/zeromagazine.mx\/wp-content\/uploads\/2025\/05\/Norman-Jewison_MOONSTRUCK.jpg?fit=856%2C482&ssl=1&resize=700%2C400 2x"},"classes":[]}],"jetpack_sharing_enabled":true,"builder_content":"","_links":{"self":[{"href":"https:\/\/zeromagazine.mx\/index.php\/wp-json\/wp\/v2\/posts\/116673","targetHints":{"allow":["GET"]}}],"collection":[{"href":"https:\/\/zeromagazine.mx\/index.php\/wp-json\/wp\/v2\/posts"}],"about":[{"href":"https:\/\/zeromagazine.mx\/index.php\/wp-json\/wp\/v2\/types\/post"}],"author":[{"embeddable":true,"href":"https:\/\/zeromagazine.mx\/index.php\/wp-json\/wp\/v2\/users\/2"}],"replies":[{"embeddable":true,"href":"https:\/\/zeromagazine.mx\/index.php\/wp-json\/wp\/v2\/comments?post=116673"}],"version-history":[{"count":2,"href":"https:\/\/zeromagazine.mx\/index.php\/wp-json\/wp\/v2\/posts\/116673\/revisions"}],"predecessor-version":[{"id":116677,"href":"https:\/\/zeromagazine.mx\/index.php\/wp-json\/wp\/v2\/posts\/116673\/revisions\/116677"}],"wp:featuredmedia":[{"embeddable":true,"href":"https:\/\/zeromagazine.mx\/index.php\/wp-json\/wp\/v2\/media\/116675"}],"wp:attachment":[{"href":"https:\/\/zeromagazine.mx\/index.php\/wp-json\/wp\/v2\/media?parent=116673"}],"wp:term":[{"taxonomy":"category","embeddable":true,"href":"https:\/\/zeromagazine.mx\/index.php\/wp-json\/wp\/v2\/categories?post=116673"},{"taxonomy":"post_tag","embeddable":true,"href":"https:\/\/zeromagazine.mx\/index.php\/wp-json\/wp\/v2\/tags?post=116673"}],"curies":[{"name":"wp","href":"https:\/\/api.w.org\/{rel}","templated":true}]}}