{"id":116728,"date":"2026-03-13T22:06:11","date_gmt":"2026-03-14T04:06:11","guid":{"rendered":"https:\/\/zeromagazine.mx\/?p=116728"},"modified":"2026-03-13T22:06:12","modified_gmt":"2026-03-14T04:06:12","slug":"asus-proart-gopro","status":"publish","type":"post","link":"https:\/\/zeromagazine.mx\/index.php\/2026\/03\/13\/asus-proart-gopro\/","title":{"rendered":"Llega a M\u00e9xico la nueva ASUS ProArt GoPro Edition en colaboraci\u00f3n con GoPro"},"content":{"rendered":"<!--themify_builder_content-->\n<div id=\"themify_builder_content-116728\" data-postid=\"116728\" class=\"themify_builder_content themify_builder_content-116728 themify_builder tf_clear\">\n    <\/div>\n<!--\/themify_builder_content-->\n\n\n<p>La&nbsp;<strong>ASUS ProArt GoPro Edition<\/strong>&nbsp;ya est\u00e1 en M\u00e9xico y no es una laptop cualquiera. Esta colaboraci\u00f3n entre&nbsp;ASUS&nbsp;y&nbsp;GoPro&nbsp;mezcla potencia, portabilidad y herramientas pensadas para creadores que editan, graban y producen contenido todo el tiempo. Presentada en el<br>CES 2026, esta edici\u00f3n limitada llega con funciones exclusivas, integraci\u00f3n con la nube y un dise\u00f1o que parece sacado de un setup profesional.<\/p>\n\n\n\n<p>Adem\u00e1s, la&nbsp;<strong>ASUS ProArt GoPro Edition<\/strong>&nbsp;no solo destaca por su estilo, tambi\u00e9n est\u00e1 hecha para flujos de trabajo reales, donde necesitas grabar, editar y publicar sin perder tiempo. Por eso incluye acceso directo a GoPro Cloud, inteligencia artificial integrada y un formato convertible que se adapta a cualquier situaci\u00f3n.<\/p>\n\n\n\n<h2 class=\"wp-block-heading\">ASUS ProArt GoPro Edition caracter\u00edsticas<\/h2>\n\n\n\n<p>Primero, la&nbsp;<strong>ASUS ProArt GoPro Edition<\/strong>&nbsp;est\u00e1 dise\u00f1ada para quienes viven creando contenido. Tiene una pantalla OLED 3K de 13.3 pulgadas, bisagra de 360\u00b0 y un cuerpo resistente con certificaci\u00f3n militar, lo que la hace perfecta para trabajar tanto en estudio como en exteriores.<\/p>\n\n\n\n<p>Adem\u00e1s, integra el procesador AMD Ryzen AI Max+ 395 con aceleraci\u00f3n de inteligencia artificial, lo que permite editar video, renderizar y trabajar con varias apps al mismo tiempo sin que el equipo se vuelva lento.<\/p>\n\n\n\n<figure class=\"wp-block-gallery has-nested-images columns-default is-cropped wp-block-gallery-1 is-layout-flex wp-block-gallery-is-layout-flex\">\n<figure class=\"wp-block-image size-large\"><img data-recalc-dims=\"1\" decoding=\"async\" width=\"894\" height=\"894\" data-id=\"116730\" src=\"https:\/\/i0.wp.com\/zeromagazine.mx\/wp-content\/uploads\/2026\/03\/ProArt-GoPro-Edition_Sleeve_Package.png?resize=894%2C894\" alt=\"ASUS ProArt GoPro port\u00e1til profesional para edici\u00f3n de video y fotograf\u00eda con IA integrada\n\" class=\"wp-image-116730\" srcset=\"https:\/\/i0.wp.com\/zeromagazine.mx\/wp-content\/uploads\/2026\/03\/ProArt-GoPro-Edition_Sleeve_Package.png?w=894&amp;ssl=1 894w, https:\/\/i0.wp.com\/zeromagazine.mx\/wp-content\/uploads\/2026\/03\/ProArt-GoPro-Edition_Sleeve_Package.png?resize=300%2C300&amp;ssl=1 300w, https:\/\/i0.wp.com\/zeromagazine.mx\/wp-content\/uploads\/2026\/03\/ProArt-GoPro-Edition_Sleeve_Package.png?resize=150%2C150&amp;ssl=1 150w, https:\/\/i0.wp.com\/zeromagazine.mx\/wp-content\/uploads\/2026\/03\/ProArt-GoPro-Edition_Sleeve_Package.png?resize=768%2C768&amp;ssl=1 768w\" sizes=\"(max-width: 894px) 100vw, 894px\" \/><\/figure>\n<\/figure>\n\n\n\n<p>Por otro lado, uno de los detalles m\u00e1s interesantes es el bot\u00f3n exclusivo de GoPro, que abre directamente las herramientas de edici\u00f3n y conecta el equipo con la nube sin pasos extra. Esto hace que la&nbsp;<strong>ASUS ProArt GoPro Edition<\/strong>&nbsp;funcione como un centro de control para todo el contenido.<\/p>\n\n\n\n<h2 class=\"wp-block-heading\">ASUS ProArt GoPro Edition para creadores<\/h2>\n\n\n\n<p>Sin embargo, lo que realmente hace especial a la&nbsp;<strong>ASUS ProArt GoPro Edition<\/strong>&nbsp;es la integraci\u00f3n con StoryCube y GoPro Cloud. Gracias a esto, los archivos se organizan solos usando inteligencia artificial, se sincronizan autom\u00e1ticamente y se pueden editar casi al instante.<\/p>\n\n\n\n<p>Adem\u00e1s, la laptop incluye 12 meses de GoPro Premium+, lo que permite guardar material en la nube sin preocuparse por el espacio. Esto es clave para quienes graban mucho video, sobre todo en 4K o en formato 360\u00b0.<\/p>\n\n\n\n<p>Asimismo, el ASUS DialPad y el soporte para stylus hacen que editar fotos, video o ilustraciones sea mucho m\u00e1s c\u00f3modo. Puedes ajustar exposici\u00f3n, cambiar herramientas o moverte en la l\u00ednea de tiempo sin usar solo el mouse.<\/p>\n\n\n\n<p>Finalmente, la&nbsp;<strong>ASUS ProArt GoPro Edition<\/strong>&nbsp;tambi\u00e9n apuesta por la portabilidad. Pesa poco m\u00e1s de un kilo, tiene un dise\u00f1o met\u00e1lico negro inspirado en GoPro y viene con funda especial, lo que la convierte en un equipo pensado para moverse todo el tiempo.<\/p>\n\n\n\n<h2 class=\"wp-block-heading\">ASUS ProArt GoPro Edition en M\u00e9xico<\/h2>\n\n\n\n<p>Por \u00faltimo, la&nbsp;<strong>ASUS ProArt GoPro Edition<\/strong>&nbsp;ya est\u00e1 disponible en M\u00e9xico con un precio aproximado desde $75,999 pesos, posicion\u00e1ndose como una laptop premium enfocada en creadores, editores, fot\u00f3grafos y personas que trabajan con contenido todos los d\u00edas.<\/p>\n\n\n\n<figure class=\"wp-block-gallery has-nested-images columns-default is-cropped wp-block-gallery-2 is-layout-flex wp-block-gallery-is-layout-flex\">\n<figure class=\"wp-block-image size-large\"><img data-recalc-dims=\"1\" decoding=\"async\" width=\"1024\" height=\"1024\" data-id=\"116731\" src=\"https:\/\/i0.wp.com\/zeromagazine.mx\/wp-content\/uploads\/2026\/03\/ASUS-ProArt-PX13-GoPro_Product-photo_Black_Web04.png?resize=1024%2C1024\" alt=\"ASUS ProArt GoPro Edition edici\u00f3n limitada con integraci\u00f3n GoPro Cloud y bot\u00f3n dedicado\" class=\"wp-image-116731\" srcset=\"https:\/\/i0.wp.com\/zeromagazine.mx\/wp-content\/uploads\/2026\/03\/ASUS-ProArt-PX13-GoPro_Product-photo_Black_Web04-scaled.png?resize=1024%2C1024&amp;ssl=1 1024w, https:\/\/i0.wp.com\/zeromagazine.mx\/wp-content\/uploads\/2026\/03\/ASUS-ProArt-PX13-GoPro_Product-photo_Black_Web04-scaled.png?resize=300%2C300&amp;ssl=1 300w, https:\/\/i0.wp.com\/zeromagazine.mx\/wp-content\/uploads\/2026\/03\/ASUS-ProArt-PX13-GoPro_Product-photo_Black_Web04-scaled.png?resize=150%2C150&amp;ssl=1 150w, https:\/\/i0.wp.com\/zeromagazine.mx\/wp-content\/uploads\/2026\/03\/ASUS-ProArt-PX13-GoPro_Product-photo_Black_Web04-scaled.png?resize=768%2C768&amp;ssl=1 768w, https:\/\/i0.wp.com\/zeromagazine.mx\/wp-content\/uploads\/2026\/03\/ASUS-ProArt-PX13-GoPro_Product-photo_Black_Web04-scaled.png?resize=1536%2C1536&amp;ssl=1 1536w, https:\/\/i0.wp.com\/zeromagazine.mx\/wp-content\/uploads\/2026\/03\/ASUS-ProArt-PX13-GoPro_Product-photo_Black_Web04-scaled.png?resize=2048%2C2048&amp;ssl=1 2048w, https:\/\/i0.wp.com\/zeromagazine.mx\/wp-content\/uploads\/2026\/03\/ASUS-ProArt-PX13-GoPro_Product-photo_Black_Web04-scaled.png?w=2330 2330w\" sizes=\"(max-width: 1024px) 100vw, 1024px\" \/><\/figure>\n<\/figure>\n\n\n\n<p>Adem\u00e1s, este lanzamiento confirma que las laptops para creadores est\u00e1n cambiando. Ya no se trata solo de potencia, sino de tener herramientas inteligentes que te ahorren tiempo y te permitan concentrarte en lo importante: crear.<\/p>\n\n\n\n<p>Y si algo deja claro esta colaboraci\u00f3n entre ASUS y GoPro, es que el futuro del contenido se hace en movimiento, no sentado en una oficina.<\/p>\n\n\n\n<p><\/p>","protected":false},"excerpt":{"rendered":"<p>La&nbsp;ASUS ProArt GoPro Edition&nbsp;ya est\u00e1 en M\u00e9xico y no es una laptop cualquiera. Esta colaboraci\u00f3n entre&nbsp;ASUS&nbsp;y&nbsp;GoPro&nbsp;mezcla potencia, portabilidad y herramientas pensadas para creadores que editan, graban y producen contenido todo el tiempo. Presentada en elCES 2026, esta edici\u00f3n limitada llega con funciones exclusivas, integraci\u00f3n con la nube y un dise\u00f1o que parece sacado de un [&hellip;]<\/p>\n","protected":false},"author":4,"featured_media":116729,"comment_status":"open","ping_status":"open","sticky":false,"template":"","format":"standard","meta":{"_jetpack_memberships_contains_paid_content":false,"footnotes":"","jetpack_publicize_message":"","jetpack_publicize_feature_enabled":true,"jetpack_social_post_already_shared":true,"jetpack_social_options":{"image_generator_settings":{"template":"highway","default_image_id":0,"font":"","enabled":false},"version":2}},"categories":[1],"tags":[],"class_list":["post-116728","post","type-post","status-publish","format-standard","has-post-thumbnail","hentry","category-blog","has-post-title","has-post-date","has-post-category","has-post-tag","has-post-comment","has-post-author",""],"yoast_head":"<!-- This site is optimized with the Yoast SEO plugin v27.5 - https:\/\/yoast.com\/product\/yoast-seo-wordpress\/ -->\n<title>Llega a M\u00e9xico la nueva ASUS ProArt GoPro Edition en colaboraci\u00f3n con GoPro - Zero Magazine<\/title>\n<meta name=\"description\" content=\"ASUS ProArt GoPro llega a M\u00e9xico con IA, pantalla OLED y acceso a GoPro Cloud. Conoce la ASUS ProArt GoPro para creadores de contenido.\" \/>\n<meta name=\"robots\" content=\"index, follow, max-snippet:-1, max-image-preview:large, max-video-preview:-1\" \/>\n<link rel=\"canonical\" href=\"https:\/\/zeromagazine.mx\/index.php\/2026\/03\/13\/asus-proart-gopro\/\" \/>\n<meta property=\"og:locale\" content=\"es_ES\" \/>\n<meta property=\"og:type\" content=\"article\" \/>\n<meta property=\"og:title\" content=\"Llega a M\u00e9xico la nueva ASUS ProArt GoPro Edition en colaboraci\u00f3n con GoPro - Zero Magazine\" \/>\n<meta property=\"og:description\" content=\"ASUS ProArt GoPro llega a M\u00e9xico con IA, pantalla OLED y acceso a GoPro Cloud. Conoce la ASUS ProArt GoPro para creadores de contenido.\" \/>\n<meta property=\"og:url\" content=\"https:\/\/zeromagazine.mx\/index.php\/2026\/03\/13\/asus-proart-gopro\/\" \/>\n<meta property=\"og:site_name\" content=\"Zero Magazine\" \/>\n<meta property=\"article:published_time\" content=\"2026-03-14T04:06:11+00:00\" \/>\n<meta property=\"article:modified_time\" content=\"2026-03-14T04:06:12+00:00\" \/>\n<meta property=\"og:image\" content=\"http:\/\/zeromagazine.mx\/wp-content\/uploads\/2026\/03\/ProArt-GoPro-Edition_03.jpeg\" \/>\n\t<meta property=\"og:image:width\" content=\"801\" \/>\n\t<meta property=\"og:image:height\" content=\"448\" \/>\n\t<meta property=\"og:image:type\" content=\"image\/jpeg\" \/>\n<meta name=\"author\" content=\"David Morales\" \/>\n<meta name=\"twitter:card\" content=\"summary_large_image\" \/>\n<meta name=\"twitter:label1\" content=\"Escrito por\" \/>\n\t<meta name=\"twitter:data1\" content=\"David Morales\" \/>\n\t<meta name=\"twitter:label2\" content=\"Tiempo de lectura\" \/>\n\t<meta name=\"twitter:data2\" content=\"3 minutos\" \/>\n<script type=\"application\/ld+json\" class=\"yoast-schema-graph\">{\"@context\":\"https:\\\/\\\/schema.org\",\"@graph\":[{\"@type\":\"Article\",\"@id\":\"https:\\\/\\\/zeromagazine.mx\\\/index.php\\\/2026\\\/03\\\/13\\\/asus-proart-gopro\\\/#article\",\"isPartOf\":{\"@id\":\"https:\\\/\\\/zeromagazine.mx\\\/index.php\\\/2026\\\/03\\\/13\\\/asus-proart-gopro\\\/\"},\"author\":{\"name\":\"David Morales\",\"@id\":\"https:\\\/\\\/zeromagazine.mx\\\/#\\\/schema\\\/person\\\/9f7f1a17c60ba8e9980e3e6677aabe5a\"},\"headline\":\"Llega a M\u00e9xico la nueva ASUS ProArt GoPro Edition en colaboraci\u00f3n con GoPro\",\"datePublished\":\"2026-03-14T04:06:11+00:00\",\"dateModified\":\"2026-03-14T04:06:12+00:00\",\"mainEntityOfPage\":{\"@id\":\"https:\\\/\\\/zeromagazine.mx\\\/index.php\\\/2026\\\/03\\\/13\\\/asus-proart-gopro\\\/\"},\"wordCount\":579,\"commentCount\":0,\"publisher\":{\"@id\":\"https:\\\/\\\/zeromagazine.mx\\\/#organization\"},\"image\":{\"@id\":\"https:\\\/\\\/zeromagazine.mx\\\/index.php\\\/2026\\\/03\\\/13\\\/asus-proart-gopro\\\/#primaryimage\"},\"thumbnailUrl\":\"https:\\\/\\\/i0.wp.com\\\/zeromagazine.mx\\\/wp-content\\\/uploads\\\/2026\\\/03\\\/ProArt-GoPro-Edition_03.jpeg?fit=801%2C448&ssl=1\",\"articleSection\":[\"Blog\"],\"inLanguage\":\"es\",\"potentialAction\":[{\"@type\":\"CommentAction\",\"name\":\"Comment\",\"target\":[\"https:\\\/\\\/zeromagazine.mx\\\/index.php\\\/2026\\\/03\\\/13\\\/asus-proart-gopro\\\/#respond\"]}]},{\"@type\":\"WebPage\",\"@id\":\"https:\\\/\\\/zeromagazine.mx\\\/index.php\\\/2026\\\/03\\\/13\\\/asus-proart-gopro\\\/\",\"url\":\"https:\\\/\\\/zeromagazine.mx\\\/index.php\\\/2026\\\/03\\\/13\\\/asus-proart-gopro\\\/\",\"name\":\"Llega a M\u00e9xico la nueva ASUS ProArt GoPro Edition en colaboraci\u00f3n con GoPro - Zero Magazine\",\"isPartOf\":{\"@id\":\"https:\\\/\\\/zeromagazine.mx\\\/#website\"},\"primaryImageOfPage\":{\"@id\":\"https:\\\/\\\/zeromagazine.mx\\\/index.php\\\/2026\\\/03\\\/13\\\/asus-proart-gopro\\\/#primaryimage\"},\"image\":{\"@id\":\"https:\\\/\\\/zeromagazine.mx\\\/index.php\\\/2026\\\/03\\\/13\\\/asus-proart-gopro\\\/#primaryimage\"},\"thumbnailUrl\":\"https:\\\/\\\/i0.wp.com\\\/zeromagazine.mx\\\/wp-content\\\/uploads\\\/2026\\\/03\\\/ProArt-GoPro-Edition_03.jpeg?fit=801%2C448&ssl=1\",\"datePublished\":\"2026-03-14T04:06:11+00:00\",\"dateModified\":\"2026-03-14T04:06:12+00:00\",\"description\":\"ASUS ProArt GoPro llega a M\u00e9xico con IA, pantalla OLED y acceso a GoPro Cloud. Conoce la ASUS ProArt GoPro para creadores de contenido.\",\"breadcrumb\":{\"@id\":\"https:\\\/\\\/zeromagazine.mx\\\/index.php\\\/2026\\\/03\\\/13\\\/asus-proart-gopro\\\/#breadcrumb\"},\"inLanguage\":\"es\",\"potentialAction\":[{\"@type\":\"ReadAction\",\"target\":[\"https:\\\/\\\/zeromagazine.mx\\\/index.php\\\/2026\\\/03\\\/13\\\/asus-proart-gopro\\\/\"]}]},{\"@type\":\"ImageObject\",\"inLanguage\":\"es\",\"@id\":\"https:\\\/\\\/zeromagazine.mx\\\/index.php\\\/2026\\\/03\\\/13\\\/asus-proart-gopro\\\/#primaryimage\",\"url\":\"https:\\\/\\\/i0.wp.com\\\/zeromagazine.mx\\\/wp-content\\\/uploads\\\/2026\\\/03\\\/ProArt-GoPro-Edition_03.jpeg?fit=801%2C448&ssl=1\",\"contentUrl\":\"https:\\\/\\\/i0.wp.com\\\/zeromagazine.mx\\\/wp-content\\\/uploads\\\/2026\\\/03\\\/ProArt-GoPro-Edition_03.jpeg?fit=801%2C448&ssl=1\",\"width\":801,\"height\":448,\"caption\":\"Laptop ASUS ProArt GoPro Edition con pantalla OLED y dise\u00f1o convertible para creadores de contenido\"},{\"@type\":\"BreadcrumbList\",\"@id\":\"https:\\\/\\\/zeromagazine.mx\\\/index.php\\\/2026\\\/03\\\/13\\\/asus-proart-gopro\\\/#breadcrumb\",\"itemListElement\":[{\"@type\":\"ListItem\",\"position\":1,\"name\":\"Portada\",\"item\":\"https:\\\/\\\/zeromagazine.mx\\\/\"},{\"@type\":\"ListItem\",\"position\":2,\"name\":\"Llega a M\u00e9xico la nueva ASUS ProArt GoPro Edition en colaboraci\u00f3n con GoPro\"}]},{\"@type\":\"WebSite\",\"@id\":\"https:\\\/\\\/zeromagazine.mx\\\/#website\",\"url\":\"https:\\\/\\\/zeromagazine.mx\\\/\",\"name\":\"Zero Magazine\",\"description\":\"\",\"publisher\":{\"@id\":\"https:\\\/\\\/zeromagazine.mx\\\/#organization\"},\"potentialAction\":[{\"@type\":\"SearchAction\",\"target\":{\"@type\":\"EntryPoint\",\"urlTemplate\":\"https:\\\/\\\/zeromagazine.mx\\\/?s={search_term_string}\"},\"query-input\":{\"@type\":\"PropertyValueSpecification\",\"valueRequired\":true,\"valueName\":\"search_term_string\"}}],\"inLanguage\":\"es\"},{\"@type\":\"Organization\",\"@id\":\"https:\\\/\\\/zeromagazine.mx\\\/#organization\",\"name\":\"Zero Magazine\",\"url\":\"https:\\\/\\\/zeromagazine.mx\\\/\",\"logo\":{\"@type\":\"ImageObject\",\"inLanguage\":\"es\",\"@id\":\"https:\\\/\\\/zeromagazine.mx\\\/#\\\/schema\\\/logo\\\/image\\\/\",\"url\":\"https:\\\/\\\/i0.wp.com\\\/zeromagazine.mx\\\/wp-content\\\/uploads\\\/2025\\\/11\\\/1.jpeg?fit=1000%2C1000&ssl=1\",\"contentUrl\":\"https:\\\/\\\/i0.wp.com\\\/zeromagazine.mx\\\/wp-content\\\/uploads\\\/2025\\\/11\\\/1.jpeg?fit=1000%2C1000&ssl=1\",\"width\":1000,\"height\":1000,\"caption\":\"Zero Magazine\"},\"image\":{\"@id\":\"https:\\\/\\\/zeromagazine.mx\\\/#\\\/schema\\\/logo\\\/image\\\/\"},\"sameAs\":[\"https:\\\/\\\/instagram.com\\\/zeromagazinemx\"]},{\"@type\":\"Person\",\"@id\":\"https:\\\/\\\/zeromagazine.mx\\\/#\\\/schema\\\/person\\\/9f7f1a17c60ba8e9980e3e6677aabe5a\",\"name\":\"David Morales\",\"image\":{\"@type\":\"ImageObject\",\"inLanguage\":\"es\",\"@id\":\"https:\\\/\\\/zeromagazine.mx\\\/wp-content\\\/litespeed\\\/avatar\\\/76069d2136bfc1c37dc34815bb67ca42.jpg?ver=1776966186\",\"url\":\"https:\\\/\\\/zeromagazine.mx\\\/wp-content\\\/litespeed\\\/avatar\\\/76069d2136bfc1c37dc34815bb67ca42.jpg?ver=1776966186\",\"contentUrl\":\"https:\\\/\\\/zeromagazine.mx\\\/wp-content\\\/litespeed\\\/avatar\\\/76069d2136bfc1c37dc34815bb67ca42.jpg?ver=1776966186\",\"caption\":\"David Morales\"},\"url\":\"https:\\\/\\\/zeromagazine.mx\\\/index.php\\\/author\\\/david\\\/\"}]}<\/script>\n<!-- \/ Yoast SEO plugin. -->","yoast_head_json":{"title":"Llega a M\u00e9xico la nueva ASUS ProArt GoPro Edition en colaboraci\u00f3n con GoPro - Zero Magazine","description":"ASUS ProArt GoPro llega a M\u00e9xico con IA, pantalla OLED y acceso a GoPro Cloud. Conoce la ASUS ProArt GoPro para creadores de contenido.","robots":{"index":"index","follow":"follow","max-snippet":"max-snippet:-1","max-image-preview":"max-image-preview:large","max-video-preview":"max-video-preview:-1"},"canonical":"https:\/\/zeromagazine.mx\/index.php\/2026\/03\/13\/asus-proart-gopro\/","og_locale":"es_ES","og_type":"article","og_title":"Llega a M\u00e9xico la nueva ASUS ProArt GoPro Edition en colaboraci\u00f3n con GoPro - Zero Magazine","og_description":"ASUS ProArt GoPro llega a M\u00e9xico con IA, pantalla OLED y acceso a GoPro Cloud. Conoce la ASUS ProArt GoPro para creadores de contenido.","og_url":"https:\/\/zeromagazine.mx\/index.php\/2026\/03\/13\/asus-proart-gopro\/","og_site_name":"Zero Magazine","article_published_time":"2026-03-14T04:06:11+00:00","article_modified_time":"2026-03-14T04:06:12+00:00","og_image":[{"width":801,"height":448,"url":"http:\/\/zeromagazine.mx\/wp-content\/uploads\/2026\/03\/ProArt-GoPro-Edition_03.jpeg","type":"image\/jpeg"}],"author":"David Morales","twitter_card":"summary_large_image","twitter_misc":{"Escrito por":"David Morales","Tiempo de lectura":"3 minutos"},"schema":{"@context":"https:\/\/schema.org","@graph":[{"@type":"Article","@id":"https:\/\/zeromagazine.mx\/index.php\/2026\/03\/13\/asus-proart-gopro\/#article","isPartOf":{"@id":"https:\/\/zeromagazine.mx\/index.php\/2026\/03\/13\/asus-proart-gopro\/"},"author":{"name":"David Morales","@id":"https:\/\/zeromagazine.mx\/#\/schema\/person\/9f7f1a17c60ba8e9980e3e6677aabe5a"},"headline":"Llega a M\u00e9xico la nueva ASUS ProArt GoPro Edition en colaboraci\u00f3n con GoPro","datePublished":"2026-03-14T04:06:11+00:00","dateModified":"2026-03-14T04:06:12+00:00","mainEntityOfPage":{"@id":"https:\/\/zeromagazine.mx\/index.php\/2026\/03\/13\/asus-proart-gopro\/"},"wordCount":579,"commentCount":0,"publisher":{"@id":"https:\/\/zeromagazine.mx\/#organization"},"image":{"@id":"https:\/\/zeromagazine.mx\/index.php\/2026\/03\/13\/asus-proart-gopro\/#primaryimage"},"thumbnailUrl":"https:\/\/i0.wp.com\/zeromagazine.mx\/wp-content\/uploads\/2026\/03\/ProArt-GoPro-Edition_03.jpeg?fit=801%2C448&ssl=1","articleSection":["Blog"],"inLanguage":"es","potentialAction":[{"@type":"CommentAction","name":"Comment","target":["https:\/\/zeromagazine.mx\/index.php\/2026\/03\/13\/asus-proart-gopro\/#respond"]}]},{"@type":"WebPage","@id":"https:\/\/zeromagazine.mx\/index.php\/2026\/03\/13\/asus-proart-gopro\/","url":"https:\/\/zeromagazine.mx\/index.php\/2026\/03\/13\/asus-proart-gopro\/","name":"Llega a M\u00e9xico la nueva ASUS ProArt GoPro Edition en colaboraci\u00f3n con GoPro - Zero Magazine","isPartOf":{"@id":"https:\/\/zeromagazine.mx\/#website"},"primaryImageOfPage":{"@id":"https:\/\/zeromagazine.mx\/index.php\/2026\/03\/13\/asus-proart-gopro\/#primaryimage"},"image":{"@id":"https:\/\/zeromagazine.mx\/index.php\/2026\/03\/13\/asus-proart-gopro\/#primaryimage"},"thumbnailUrl":"https:\/\/i0.wp.com\/zeromagazine.mx\/wp-content\/uploads\/2026\/03\/ProArt-GoPro-Edition_03.jpeg?fit=801%2C448&ssl=1","datePublished":"2026-03-14T04:06:11+00:00","dateModified":"2026-03-14T04:06:12+00:00","description":"ASUS ProArt GoPro llega a M\u00e9xico con IA, pantalla OLED y acceso a GoPro Cloud. Conoce la ASUS ProArt GoPro para creadores de contenido.","breadcrumb":{"@id":"https:\/\/zeromagazine.mx\/index.php\/2026\/03\/13\/asus-proart-gopro\/#breadcrumb"},"inLanguage":"es","potentialAction":[{"@type":"ReadAction","target":["https:\/\/zeromagazine.mx\/index.php\/2026\/03\/13\/asus-proart-gopro\/"]}]},{"@type":"ImageObject","inLanguage":"es","@id":"https:\/\/zeromagazine.mx\/index.php\/2026\/03\/13\/asus-proart-gopro\/#primaryimage","url":"https:\/\/i0.wp.com\/zeromagazine.mx\/wp-content\/uploads\/2026\/03\/ProArt-GoPro-Edition_03.jpeg?fit=801%2C448&ssl=1","contentUrl":"https:\/\/i0.wp.com\/zeromagazine.mx\/wp-content\/uploads\/2026\/03\/ProArt-GoPro-Edition_03.jpeg?fit=801%2C448&ssl=1","width":801,"height":448,"caption":"Laptop ASUS ProArt GoPro Edition con pantalla OLED y dise\u00f1o convertible para creadores de contenido"},{"@type":"BreadcrumbList","@id":"https:\/\/zeromagazine.mx\/index.php\/2026\/03\/13\/asus-proart-gopro\/#breadcrumb","itemListElement":[{"@type":"ListItem","position":1,"name":"Portada","item":"https:\/\/zeromagazine.mx\/"},{"@type":"ListItem","position":2,"name":"Llega a M\u00e9xico la nueva ASUS ProArt GoPro Edition en colaboraci\u00f3n con GoPro"}]},{"@type":"WebSite","@id":"https:\/\/zeromagazine.mx\/#website","url":"https:\/\/zeromagazine.mx\/","name":"Zero Magazine","description":"","publisher":{"@id":"https:\/\/zeromagazine.mx\/#organization"},"potentialAction":[{"@type":"SearchAction","target":{"@type":"EntryPoint","urlTemplate":"https:\/\/zeromagazine.mx\/?s={search_term_string}"},"query-input":{"@type":"PropertyValueSpecification","valueRequired":true,"valueName":"search_term_string"}}],"inLanguage":"es"},{"@type":"Organization","@id":"https:\/\/zeromagazine.mx\/#organization","name":"Zero Magazine","url":"https:\/\/zeromagazine.mx\/","logo":{"@type":"ImageObject","inLanguage":"es","@id":"https:\/\/zeromagazine.mx\/#\/schema\/logo\/image\/","url":"https:\/\/i0.wp.com\/zeromagazine.mx\/wp-content\/uploads\/2025\/11\/1.jpeg?fit=1000%2C1000&ssl=1","contentUrl":"https:\/\/i0.wp.com\/zeromagazine.mx\/wp-content\/uploads\/2025\/11\/1.jpeg?fit=1000%2C1000&ssl=1","width":1000,"height":1000,"caption":"Zero Magazine"},"image":{"@id":"https:\/\/zeromagazine.mx\/#\/schema\/logo\/image\/"},"sameAs":["https:\/\/instagram.com\/zeromagazinemx"]},{"@type":"Person","@id":"https:\/\/zeromagazine.mx\/#\/schema\/person\/9f7f1a17c60ba8e9980e3e6677aabe5a","name":"David Morales","image":{"@type":"ImageObject","inLanguage":"es","@id":"https:\/\/zeromagazine.mx\/wp-content\/litespeed\/avatar\/76069d2136bfc1c37dc34815bb67ca42.jpg?ver=1776966186","url":"https:\/\/zeromagazine.mx\/wp-content\/litespeed\/avatar\/76069d2136bfc1c37dc34815bb67ca42.jpg?ver=1776966186","contentUrl":"https:\/\/zeromagazine.mx\/wp-content\/litespeed\/avatar\/76069d2136bfc1c37dc34815bb67ca42.jpg?ver=1776966186","caption":"David Morales"},"url":"https:\/\/zeromagazine.mx\/index.php\/author\/david\/"}]}},"jetpack_publicize_connections":[],"jetpack_featured_media_url":"https:\/\/i0.wp.com\/zeromagazine.mx\/wp-content\/uploads\/2026\/03\/ProArt-GoPro-Edition_03.jpeg?fit=801%2C448&ssl=1","jetpack-related-posts":[{"id":113012,"url":"https:\/\/zeromagazine.mx\/index.php\/2026\/01\/09\/proart-gopro-edition-laptop-creadores\/","url_meta":{"origin":116728,"position":0},"title":"ASUS anuncia la edici\u00f3n ProArt GoPro (PX13), una colaboraci\u00f3n con GoPro","author":"David Morales","date":"9 de enero de 2026","format":false,"excerpt":"Crear contenido ya no es algo que pase solo frente a un escritorio. Hoy se graba en la monta\u00f1a, se edita en el aeropuerto y se publica desde cualquier lugar. En ese mood llega la\u00a0ProArt GoPro Edition, una laptop de edici\u00f3n limitada que nace de la colaboraci\u00f3n entre ASUS y\u2026","rel":"","context":"En \u00abBlog\u00bb","block_context":{"text":"Blog","link":"https:\/\/zeromagazine.mx\/index.php\/category\/blog\/"},"img":{"alt_text":"","src":"https:\/\/i0.wp.com\/zeromagazine.mx\/wp-content\/uploads\/2026\/01\/ProArt-GoPro-Edition_Sleeve_Package.png?resize=350%2C200","width":350,"height":200,"srcset":"https:\/\/i0.wp.com\/zeromagazine.mx\/wp-content\/uploads\/2026\/01\/ProArt-GoPro-Edition_Sleeve_Package.png?resize=350%2C200 1x, https:\/\/i0.wp.com\/zeromagazine.mx\/wp-content\/uploads\/2026\/01\/ProArt-GoPro-Edition_Sleeve_Package.png?resize=525%2C300 1.5x, https:\/\/i0.wp.com\/zeromagazine.mx\/wp-content\/uploads\/2026\/01\/ProArt-GoPro-Edition_Sleeve_Package.png?resize=700%2C400 2x"},"classes":[]},{"id":112342,"url":"https:\/\/zeromagazine.mx\/index.php\/2025\/12\/29\/asus-proart-p16-laptop-creadores\/","url_meta":{"origin":116728,"position":1},"title":"ASUS ProArt P16: m\u00e1s que una laptop, el nuevo est\u00e1ndar para creadores sin l\u00edmites.","author":"David Morales","date":"29 de diciembre de 2025","format":false,"excerpt":"Crear sin l\u00edmites ya no es una promesa, es una realidad port\u00e1til.\u00a0ASUS ProArt P16\u00a0llega para marcar un nuevo est\u00e1ndar en el mundo creativo, combinando potencia extrema, dise\u00f1o premium y herramientas de inteligencia artificial pensadas para quienes viven de convertir ideas en proyectos reales. Esta laptop no busca encajar: busca liderar.\u2026","rel":"","context":"En \u00abBlog\u00bb","block_context":{"text":"Blog","link":"https:\/\/zeromagazine.mx\/index.php\/category\/blog\/"},"img":{"alt_text":"","src":"https:\/\/i0.wp.com\/zeromagazine.mx\/wp-content\/uploads\/2025\/12\/ProArt-P16_H7606_scenario-photo_01-scaled.jpeg?fit=1200%2C759&ssl=1&resize=350%2C200","width":350,"height":200,"srcset":"https:\/\/i0.wp.com\/zeromagazine.mx\/wp-content\/uploads\/2025\/12\/ProArt-P16_H7606_scenario-photo_01-scaled.jpeg?fit=1200%2C759&ssl=1&resize=350%2C200 1x, https:\/\/i0.wp.com\/zeromagazine.mx\/wp-content\/uploads\/2025\/12\/ProArt-P16_H7606_scenario-photo_01-scaled.jpeg?fit=1200%2C759&ssl=1&resize=525%2C300 1.5x, https:\/\/i0.wp.com\/zeromagazine.mx\/wp-content\/uploads\/2025\/12\/ProArt-P16_H7606_scenario-photo_01-scaled.jpeg?fit=1200%2C759&ssl=1&resize=700%2C400 2x, https:\/\/i0.wp.com\/zeromagazine.mx\/wp-content\/uploads\/2025\/12\/ProArt-P16_H7606_scenario-photo_01-scaled.jpeg?fit=1200%2C759&ssl=1&resize=1050%2C600 3x"},"classes":[]},{"id":113080,"url":"https:\/\/zeromagazine.mx\/index.php\/2026\/01\/12\/asus-ces-2026-lanzamientos\/","url_meta":{"origin":116728,"position":2},"title":"CES 2026: los lanzamientos de ASUS y ROG que debes conocer","author":"David Morales","date":"12 de enero de 2026","format":false,"excerpt":"El CES siempre es ese momento del a\u00f1o donde la tecnolog\u00eda se pone creativa, ambiciosa y un poco futurista. Y en esta edici\u00f3n,\u00a0ASUS CES 2026\u00a0no lleg\u00f3 a improvisar: lleg\u00f3 a marcar territorio. Bajo su visi\u00f3n \u201cAlways Incredible\u201d, la marca mostr\u00f3 c\u00f3mo la inteligencia artificial ya no es solo una funci\u00f3n\u2026","rel":"","context":"En \u00abTech\u00bb","block_context":{"text":"Tech","link":"https:\/\/zeromagazine.mx\/index.php\/category\/tech\/"},"img":{"alt_text":"","src":"https:\/\/i0.wp.com\/zeromagazine.mx\/wp-content\/uploads\/2026\/01\/IMG_0893.jpeg?fit=800%2C533&ssl=1&resize=350%2C200","width":350,"height":200,"srcset":"https:\/\/i0.wp.com\/zeromagazine.mx\/wp-content\/uploads\/2026\/01\/IMG_0893.jpeg?fit=800%2C533&ssl=1&resize=350%2C200 1x, https:\/\/i0.wp.com\/zeromagazine.mx\/wp-content\/uploads\/2026\/01\/IMG_0893.jpeg?fit=800%2C533&ssl=1&resize=525%2C300 1.5x, https:\/\/i0.wp.com\/zeromagazine.mx\/wp-content\/uploads\/2026\/01\/IMG_0893.jpeg?fit=800%2C533&ssl=1&resize=700%2C400 2x"},"classes":[]},{"id":100596,"url":"https:\/\/zeromagazine.mx\/index.php\/2025\/03\/04\/aventura-sin-limite\/","url_meta":{"origin":116728,"position":3},"title":"Aventura Sin L\u00edmite","author":"David Morales","date":"4 de marzo de 2025","format":false,"excerpt":"Amix, \u00bfubican esas campa\u00f1as que s\u00ed se rifan y no son puro filtro? Pues Nissan y GoPro se juntaron para mostrar lo que es ser PRO de verdad. No se trata de posar en un desierto para la foto, sino de llevar las cosas al l\u00edmite y grabarlo todo. Con\u2026","rel":"","context":"En \u00abTech\u00bb","block_context":{"text":"Tech","link":"https:\/\/zeromagazine.mx\/index.php\/category\/tech\/"},"img":{"alt_text":"","src":"https:\/\/i0.wp.com\/zeromagazine.mx\/wp-content\/uploads\/2025\/04\/preview-928x522-1.jpg?fit=928%2C522&ssl=1&resize=350%2C200","width":350,"height":200,"srcset":"https:\/\/i0.wp.com\/zeromagazine.mx\/wp-content\/uploads\/2025\/04\/preview-928x522-1.jpg?fit=928%2C522&ssl=1&resize=350%2C200 1x, https:\/\/i0.wp.com\/zeromagazine.mx\/wp-content\/uploads\/2025\/04\/preview-928x522-1.jpg?fit=928%2C522&ssl=1&resize=525%2C300 1.5x, https:\/\/i0.wp.com\/zeromagazine.mx\/wp-content\/uploads\/2025\/04\/preview-928x522-1.jpg?fit=928%2C522&ssl=1&resize=700%2C400 2x"},"classes":[]},{"id":105211,"url":"https:\/\/zeromagazine.mx\/index.php\/2025\/05\/26\/hot-sale-gopro-y-su-calidad-para-capturar-momentos\/","url_meta":{"origin":116728,"position":4},"title":"Hot Sale GoPro &amp; Su Calidad Para Capturar Momentos","author":"David Morales","date":"26 de mayo de 2025","format":false,"excerpt":"Amix, si andas en mood de upgrade y te urge documentar cada segundo de tus d\u00edas con la mejor calidad, este es tu momento; porque Hot Sale GoPro est\u00e1 on fire, pues te trae los equipos m\u00e1s pro para que captures tus aventuras sin miedo al \u00e9xito y sin miedo\u2026","rel":"","context":"En \u00abTech\u00bb","block_context":{"text":"Tech","link":"https:\/\/zeromagazine.mx\/index.php\/category\/tech\/"},"img":{"alt_text":"","src":"https:\/\/i0.wp.com\/zeromagazine.mx\/wp-content\/uploads\/2025\/05\/unnamed-1-3.png?fit=1200%2C1200&ssl=1&resize=350%2C200","width":350,"height":200,"srcset":"https:\/\/i0.wp.com\/zeromagazine.mx\/wp-content\/uploads\/2025\/05\/unnamed-1-3.png?fit=1200%2C1200&ssl=1&resize=350%2C200 1x, https:\/\/i0.wp.com\/zeromagazine.mx\/wp-content\/uploads\/2025\/05\/unnamed-1-3.png?fit=1200%2C1200&ssl=1&resize=525%2C300 1.5x, https:\/\/i0.wp.com\/zeromagazine.mx\/wp-content\/uploads\/2025\/05\/unnamed-1-3.png?fit=1200%2C1200&ssl=1&resize=700%2C400 2x, https:\/\/i0.wp.com\/zeromagazine.mx\/wp-content\/uploads\/2025\/05\/unnamed-1-3.png?fit=1200%2C1200&ssl=1&resize=1050%2C600 3x"},"classes":[]},{"id":105906,"url":"https:\/\/zeromagazine.mx\/index.php\/2025\/06\/11\/asus-sorprende-a-papa-con-laptops-de-poder-tech\/","url_meta":{"origin":116728,"position":5},"title":"ASUS sorprende a pap\u00e1 con laptops de poder tech","author":"David Morales","date":"11 de junio de 2025","format":false,"excerpt":"Amix, si est\u00e1s buscando un regalo con el que tu pap\u00e1 literalmente diga \u201cwow\u201d, este chisme es para ti. ASUS sorprende a pap\u00e1 con una l\u00ednea de laptops que lo tienen todo: dise\u00f1o fresa, inteligencia artificial y poder para cualquier mood, ya sea god\u00edn, gamer, creativo o viajero. As\u00ed, que\u2026","rel":"","context":"En \u00abTech\u00bb","block_context":{"text":"Tech","link":"https:\/\/zeromagazine.mx\/index.php\/category\/tech\/"},"img":{"alt_text":"","src":"https:\/\/i0.wp.com\/zeromagazine.mx\/wp-content\/uploads\/2025\/06\/Dia-de-padre-ROG-STRIX.png?fit=1075%2C703&ssl=1&resize=350%2C200","width":350,"height":200,"srcset":"https:\/\/i0.wp.com\/zeromagazine.mx\/wp-content\/uploads\/2025\/06\/Dia-de-padre-ROG-STRIX.png?fit=1075%2C703&ssl=1&resize=350%2C200 1x, https:\/\/i0.wp.com\/zeromagazine.mx\/wp-content\/uploads\/2025\/06\/Dia-de-padre-ROG-STRIX.png?fit=1075%2C703&ssl=1&resize=525%2C300 1.5x, https:\/\/i0.wp.com\/zeromagazine.mx\/wp-content\/uploads\/2025\/06\/Dia-de-padre-ROG-STRIX.png?fit=1075%2C703&ssl=1&resize=700%2C400 2x, https:\/\/i0.wp.com\/zeromagazine.mx\/wp-content\/uploads\/2025\/06\/Dia-de-padre-ROG-STRIX.png?fit=1075%2C703&ssl=1&resize=1050%2C600 3x"},"classes":[]}],"jetpack_sharing_enabled":true,"builder_content":"","_links":{"self":[{"href":"https:\/\/zeromagazine.mx\/index.php\/wp-json\/wp\/v2\/posts\/116728","targetHints":{"allow":["GET"]}}],"collection":[{"href":"https:\/\/zeromagazine.mx\/index.php\/wp-json\/wp\/v2\/posts"}],"about":[{"href":"https:\/\/zeromagazine.mx\/index.php\/wp-json\/wp\/v2\/types\/post"}],"author":[{"embeddable":true,"href":"https:\/\/zeromagazine.mx\/index.php\/wp-json\/wp\/v2\/users\/4"}],"replies":[{"embeddable":true,"href":"https:\/\/zeromagazine.mx\/index.php\/wp-json\/wp\/v2\/comments?post=116728"}],"version-history":[{"count":1,"href":"https:\/\/zeromagazine.mx\/index.php\/wp-json\/wp\/v2\/posts\/116728\/revisions"}],"predecessor-version":[{"id":116732,"href":"https:\/\/zeromagazine.mx\/index.php\/wp-json\/wp\/v2\/posts\/116728\/revisions\/116732"}],"wp:featuredmedia":[{"embeddable":true,"href":"https:\/\/zeromagazine.mx\/index.php\/wp-json\/wp\/v2\/media\/116729"}],"wp:attachment":[{"href":"https:\/\/zeromagazine.mx\/index.php\/wp-json\/wp\/v2\/media?parent=116728"}],"wp:term":[{"taxonomy":"category","embeddable":true,"href":"https:\/\/zeromagazine.mx\/index.php\/wp-json\/wp\/v2\/categories?post=116728"},{"taxonomy":"post_tag","embeddable":true,"href":"https:\/\/zeromagazine.mx\/index.php\/wp-json\/wp\/v2\/tags?post=116728"}],"curies":[{"name":"wp","href":"https:\/\/api.w.org\/{rel}","templated":true}]}}