{"id":116741,"date":"2026-03-14T12:50:43","date_gmt":"2026-03-14T18:50:43","guid":{"rendered":"https:\/\/zeromagazine.mx\/?p=116741"},"modified":"2026-03-14T12:50:44","modified_gmt":"2026-03-14T18:50:44","slug":"sastreria-valentino-primavera-verano-estilo","status":"publish","type":"post","link":"https:\/\/zeromagazine.mx\/index.php\/2026\/03\/14\/sastreria-valentino-primavera-verano-estilo\/","title":{"rendered":"Sastrer\u00eda Valentino que redefine primavera"},"content":{"rendered":"\n<p>La primavera ya no se trata solo de camisetas ligeras o prendas relajadas. Esta temporada, la <strong>sastrer\u00eda<\/strong> vuelve con fuerza, y <strong>Valentino<\/strong> demuestra que un blazer bien construido puede ser tan fresco como cualquier look veraniego. Entre tejidos ligeros, patrones elegantes y cortes que estilizan la silueta, la nueva propuesta de <strong>sastrer\u00eda Valentino<\/strong> demuestra que el tailoring tambi\u00e9n puede sentirse moderno, din\u00e1mico y totalmente actual.<\/p>\n\n\n\n<p>Hoy m\u00e1s que nunca, el guardarropa masculino est\u00e1 jugando con la idea de mezclar formalidad con naturalidad. Y justo ah\u00ed es donde estas chaquetas brillan: funcionan tanto para un evento elegante como para elevar un outfit m\u00e1s casual con pantalones amplios o denim.<\/p>\n\n\n\n<p>Adem\u00e1s, hay algo especial en c\u00f3mo la casa italiana mantiene su esencia cl\u00e1sica mientras introduce detalles que hacen que cada pieza se sienta relevante para el momento actual.<\/p>\n\n\n\n<figure class=\"wp-block-image size-full\"><img data-recalc-dims=\"1\" decoding=\"async\" width=\"1165\" height=\"1474\" src=\"https:\/\/i0.wp.com\/zeromagazine.mx\/wp-content\/uploads\/2026\/03\/MX_VALENTINO-2.png?resize=1165%2C1474&#038;ssl=1\" alt=\"\" class=\"wp-image-116742\" srcset=\"https:\/\/i0.wp.com\/zeromagazine.mx\/wp-content\/uploads\/2026\/03\/MX_VALENTINO-2.png?w=2000&amp;ssl=1 2000w, https:\/\/i0.wp.com\/zeromagazine.mx\/wp-content\/uploads\/2026\/03\/MX_VALENTINO-2.png?resize=237%2C300&amp;ssl=1 237w, https:\/\/i0.wp.com\/zeromagazine.mx\/wp-content\/uploads\/2026\/03\/MX_VALENTINO-2.png?resize=809%2C1024&amp;ssl=1 809w, https:\/\/i0.wp.com\/zeromagazine.mx\/wp-content\/uploads\/2026\/03\/MX_VALENTINO-2.png?resize=768%2C972&amp;ssl=1 768w, https:\/\/i0.wp.com\/zeromagazine.mx\/wp-content\/uploads\/2026\/03\/MX_VALENTINO-2.png?resize=1214%2C1536&amp;ssl=1 1214w, https:\/\/i0.wp.com\/zeromagazine.mx\/wp-content\/uploads\/2026\/03\/MX_VALENTINO-2.png?resize=1618%2C2048&amp;ssl=1 1618w\" sizes=\"(max-width: 1165px) 100vw, 1165px\" \/><\/figure>\n\n\n\n<h2 class=\"wp-block-heading\"><strong>Sastrer\u00eda Valentino: ligereza y textura<\/strong><\/h2>\n\n\n\n<p>Primero, la temporada abre con una chaqueta de seda cruzada que demuestra que la <strong>sastrer\u00eda Valentino<\/strong> puede ser tan ligera como sofisticada. El tejido jacquard con patr\u00f3n <em>plusdepois<\/em> crea una textura visual muy interesante sin sentirse exagerado.<\/p>\n\n\n\n<p>El frente cruzado aporta estructura, pero la seda mantiene la prenda fluida y adaptable a diferentes estilos. Es el tipo de pieza que puedes usar con pantalones de vestir para un look elegante o incluso con un outfit m\u00e1s relajado si quieres darle un giro inesperado a tu estilo.<\/p>\n\n\n\n<p>Adem\u00e1s, este tipo de texturas aporta profundidad al outfit sin necesidad de demasiados accesorios. Es ese equilibrio perfecto entre minimalismo y lujo silencioso que domina muchas pasarelas actuales.<\/p>\n\n\n\n<figure class=\"wp-block-image size-full\"><img data-recalc-dims=\"1\" decoding=\"async\" width=\"1165\" height=\"1474\" src=\"https:\/\/i0.wp.com\/zeromagazine.mx\/wp-content\/uploads\/2026\/03\/MX_VALENTINO-1.png?resize=1165%2C1474&#038;ssl=1\" alt=\"\" class=\"wp-image-116743\" srcset=\"https:\/\/i0.wp.com\/zeromagazine.mx\/wp-content\/uploads\/2026\/03\/MX_VALENTINO-1.png?w=2000&amp;ssl=1 2000w, https:\/\/i0.wp.com\/zeromagazine.mx\/wp-content\/uploads\/2026\/03\/MX_VALENTINO-1.png?resize=237%2C300&amp;ssl=1 237w, https:\/\/i0.wp.com\/zeromagazine.mx\/wp-content\/uploads\/2026\/03\/MX_VALENTINO-1.png?resize=809%2C1024&amp;ssl=1 809w, https:\/\/i0.wp.com\/zeromagazine.mx\/wp-content\/uploads\/2026\/03\/MX_VALENTINO-1.png?resize=768%2C972&amp;ssl=1 768w, https:\/\/i0.wp.com\/zeromagazine.mx\/wp-content\/uploads\/2026\/03\/MX_VALENTINO-1.png?resize=1214%2C1536&amp;ssl=1 1214w, https:\/\/i0.wp.com\/zeromagazine.mx\/wp-content\/uploads\/2026\/03\/MX_VALENTINO-1.png?resize=1618%2C2048&amp;ssl=1 1618w\" sizes=\"(max-width: 1165px) 100vw, 1165px\" \/><\/figure>\n\n\n\n<h2 class=\"wp-block-heading\"><strong>Sastrer\u00eda Valentino: cl\u00e1sicos que evolucionan<\/strong><\/h2>\n\n\n\n<p>Por otro lado, la propuesta tambi\u00e9n incluye una chaqueta de lana con patr\u00f3n a cuadros que reinterpreta uno de los dise\u00f1os m\u00e1s ic\u00f3nicos del tailoring. El estampado agrega movimiento visual, mientras que su estructura mantiene ese aire sofisticado que caracteriza a <strong>Valentino<\/strong>.<\/p>\n\n\n\n<p>Luego aparece una chaqueta de lana moulin\u00e9 que lleva la textura a otro nivel. Este tejido mezcla diferentes tonos en el hilo, lo que genera una profundidad visual muy rica. En otras palabras: es una pieza que parece simple a primera vista, pero que revela muchos detalles cuando la observas de cerca.<\/p>\n\n\n\n<p>Finalmente, la selecci\u00f3n se cierra con una chaqueta de lana a rayas que introduce un elemento gr\u00e1fico dentro de la colecci\u00f3n. Las rayas verticales estilizan la silueta y aportan un aire cl\u00e1sico, mientras que los contrastes en el dise\u00f1o hacen que la pieza se sienta completamente actual.<\/p>\n\n\n\n<figure class=\"wp-block-image size-full\"><img data-recalc-dims=\"1\" decoding=\"async\" width=\"1165\" height=\"1474\" src=\"https:\/\/i0.wp.com\/zeromagazine.mx\/wp-content\/uploads\/2026\/03\/MX_VALENTINO.png?resize=1165%2C1474&#038;ssl=1\" alt=\"\" class=\"wp-image-116744\" srcset=\"https:\/\/i0.wp.com\/zeromagazine.mx\/wp-content\/uploads\/2026\/03\/MX_VALENTINO.png?w=2000&amp;ssl=1 2000w, https:\/\/i0.wp.com\/zeromagazine.mx\/wp-content\/uploads\/2026\/03\/MX_VALENTINO.png?resize=237%2C300&amp;ssl=1 237w, https:\/\/i0.wp.com\/zeromagazine.mx\/wp-content\/uploads\/2026\/03\/MX_VALENTINO.png?resize=809%2C1024&amp;ssl=1 809w, https:\/\/i0.wp.com\/zeromagazine.mx\/wp-content\/uploads\/2026\/03\/MX_VALENTINO.png?resize=768%2C972&amp;ssl=1 768w, https:\/\/i0.wp.com\/zeromagazine.mx\/wp-content\/uploads\/2026\/03\/MX_VALENTINO.png?resize=1214%2C1536&amp;ssl=1 1214w, https:\/\/i0.wp.com\/zeromagazine.mx\/wp-content\/uploads\/2026\/03\/MX_VALENTINO.png?resize=1618%2C2048&amp;ssl=1 1618w\" sizes=\"(max-width: 1165px) 100vw, 1165px\" \/><\/figure>\n\n\n\n<p>En conjunto, la <strong>sastrer\u00eda Valentino<\/strong> demuestra que el tailoring masculino sigue evolucionando. No se trata solo de trajes formales, sino de prendas vers\u00e1tiles que pueden integrarse f\u00e1cilmente en el estilo cotidiano.<\/p>\n\n\n\n<p>Adem\u00e1s, la combinaci\u00f3n de materiales ligeros, patrones refinados y cortes impecables confirma algo importante: una buena chaqueta puede transformar por completo cualquier outfit. Y cuando viene de una casa como <strong>Valentino<\/strong>, ese impacto es todav\u00eda mayor.<\/p>\n\n\n\n<p>Al final del d\u00eda, la <strong>sastrer\u00eda Valentino<\/strong> logra algo que pocas marcas consiguen con tanta naturalidad: hacer que lo cl\u00e1sico se sienta emocionante otra vez.<\/p>\n<!--themify_builder_content-->\n<div id=\"themify_builder_content-116741\" data-postid=\"116741\" class=\"themify_builder_content themify_builder_content-116741 themify_builder tf_clear\">\n    <\/div>\n<!--\/themify_builder_content-->\n","protected":false},"excerpt":{"rendered":"<p>La primavera ya no se trata solo de camisetas ligeras o prendas relajadas. Esta temporada, la sastrer\u00eda vuelve con fuerza, y Valentino demuestra que un blazer bien construido puede ser tan fresco como cualquier look veraniego. Entre tejidos ligeros, patrones elegantes y cortes que estilizan la silueta, la nueva propuesta de sastrer\u00eda Valentino demuestra que [&hellip;]<\/p>\n","protected":false},"author":2,"featured_media":116745,"comment_status":"open","ping_status":"open","sticky":false,"template":"","format":"standard","meta":{"_jetpack_memberships_contains_paid_content":false,"footnotes":"","jetpack_publicize_message":"","jetpack_publicize_feature_enabled":true,"jetpack_social_post_already_shared":true,"jetpack_social_options":{"image_generator_settings":{"template":"highway","default_image_id":0,"font":"","enabled":false},"version":2}},"categories":[67],"tags":[],"class_list":["post-116741","post","type-post","status-publish","format-standard","has-post-thumbnail","hentry","category-moda","has-post-title","has-post-date","has-post-category","has-post-tag","has-post-comment","has-post-author",""],"yoast_head":"<!-- This site is optimized with the Yoast SEO plugin v27.5 - https:\/\/yoast.com\/product\/yoast-seo-wordpress\/ -->\n<title>Sastrer\u00eda Valentino que redefine primavera - Zero Magazine<\/title>\n<meta name=\"description\" content=\"Descubre la sastrer\u00eda Valentino para primavera: chaquetas elegantes, ligeras y modernas que redefinen el estilo masculino.\" \/>\n<meta name=\"robots\" content=\"index, follow, max-snippet:-1, max-image-preview:large, max-video-preview:-1\" \/>\n<link rel=\"canonical\" href=\"https:\/\/zeromagazine.mx\/index.php\/2026\/03\/14\/sastreria-valentino-primavera-verano-estilo\/\" \/>\n<meta property=\"og:locale\" content=\"es_ES\" \/>\n<meta property=\"og:type\" content=\"article\" \/>\n<meta property=\"og:title\" content=\"Sastrer\u00eda Valentino que redefine primavera - Zero Magazine\" \/>\n<meta property=\"og:description\" content=\"Descubre la sastrer\u00eda Valentino para primavera: chaquetas elegantes, ligeras y modernas que redefinen el estilo masculino.\" \/>\n<meta property=\"og:url\" content=\"https:\/\/zeromagazine.mx\/index.php\/2026\/03\/14\/sastreria-valentino-primavera-verano-estilo\/\" \/>\n<meta property=\"og:site_name\" content=\"Zero Magazine\" \/>\n<meta property=\"article:published_time\" content=\"2026-03-14T18:50:43+00:00\" \/>\n<meta property=\"article:modified_time\" content=\"2026-03-14T18:50:44+00:00\" \/>\n<meta property=\"og:image\" content=\"http:\/\/zeromagazine.mx\/wp-content\/uploads\/2026\/03\/MX_VALENTINO-3-809x1024.png\" \/>\n\t<meta property=\"og:image:width\" content=\"809\" \/>\n\t<meta property=\"og:image:height\" content=\"1024\" \/>\n\t<meta property=\"og:image:type\" content=\"image\/png\" \/>\n<meta name=\"author\" content=\"zeromagazinemx\" \/>\n<meta name=\"twitter:card\" content=\"summary_large_image\" \/>\n<meta name=\"twitter:label1\" content=\"Escrito por\" \/>\n\t<meta name=\"twitter:data1\" content=\"zeromagazinemx\" \/>\n\t<meta name=\"twitter:label2\" content=\"Tiempo de lectura\" \/>\n\t<meta name=\"twitter:data2\" content=\"4 minutos\" \/>\n<script type=\"application\/ld+json\" class=\"yoast-schema-graph\">{\"@context\":\"https:\\\/\\\/schema.org\",\"@graph\":[{\"@type\":\"Article\",\"@id\":\"https:\\\/\\\/zeromagazine.mx\\\/index.php\\\/2026\\\/03\\\/14\\\/sastreria-valentino-primavera-verano-estilo\\\/#article\",\"isPartOf\":{\"@id\":\"https:\\\/\\\/zeromagazine.mx\\\/index.php\\\/2026\\\/03\\\/14\\\/sastreria-valentino-primavera-verano-estilo\\\/\"},\"author\":{\"name\":\"zeromagazinemx\",\"@id\":\"https:\\\/\\\/zeromagazine.mx\\\/#\\\/schema\\\/person\\\/9aed9f33a7c39af3a348b86d723f7773\"},\"headline\":\"Sastrer\u00eda Valentino que redefine primavera\",\"datePublished\":\"2026-03-14T18:50:43+00:00\",\"dateModified\":\"2026-03-14T18:50:44+00:00\",\"mainEntityOfPage\":{\"@id\":\"https:\\\/\\\/zeromagazine.mx\\\/index.php\\\/2026\\\/03\\\/14\\\/sastreria-valentino-primavera-verano-estilo\\\/\"},\"wordCount\":534,\"commentCount\":0,\"publisher\":{\"@id\":\"https:\\\/\\\/zeromagazine.mx\\\/#organization\"},\"image\":{\"@id\":\"https:\\\/\\\/zeromagazine.mx\\\/index.php\\\/2026\\\/03\\\/14\\\/sastreria-valentino-primavera-verano-estilo\\\/#primaryimage\"},\"thumbnailUrl\":\"https:\\\/\\\/i0.wp.com\\\/zeromagazine.mx\\\/wp-content\\\/uploads\\\/2026\\\/03\\\/MX_VALENTINO-3.png?fit=2000%2C2531&ssl=1\",\"articleSection\":[\"Moda\"],\"inLanguage\":\"es\",\"potentialAction\":[{\"@type\":\"CommentAction\",\"name\":\"Comment\",\"target\":[\"https:\\\/\\\/zeromagazine.mx\\\/index.php\\\/2026\\\/03\\\/14\\\/sastreria-valentino-primavera-verano-estilo\\\/#respond\"]}]},{\"@type\":\"WebPage\",\"@id\":\"https:\\\/\\\/zeromagazine.mx\\\/index.php\\\/2026\\\/03\\\/14\\\/sastreria-valentino-primavera-verano-estilo\\\/\",\"url\":\"https:\\\/\\\/zeromagazine.mx\\\/index.php\\\/2026\\\/03\\\/14\\\/sastreria-valentino-primavera-verano-estilo\\\/\",\"name\":\"Sastrer\u00eda Valentino que redefine primavera - Zero Magazine\",\"isPartOf\":{\"@id\":\"https:\\\/\\\/zeromagazine.mx\\\/#website\"},\"primaryImageOfPage\":{\"@id\":\"https:\\\/\\\/zeromagazine.mx\\\/index.php\\\/2026\\\/03\\\/14\\\/sastreria-valentino-primavera-verano-estilo\\\/#primaryimage\"},\"image\":{\"@id\":\"https:\\\/\\\/zeromagazine.mx\\\/index.php\\\/2026\\\/03\\\/14\\\/sastreria-valentino-primavera-verano-estilo\\\/#primaryimage\"},\"thumbnailUrl\":\"https:\\\/\\\/i0.wp.com\\\/zeromagazine.mx\\\/wp-content\\\/uploads\\\/2026\\\/03\\\/MX_VALENTINO-3.png?fit=2000%2C2531&ssl=1\",\"datePublished\":\"2026-03-14T18:50:43+00:00\",\"dateModified\":\"2026-03-14T18:50:44+00:00\",\"description\":\"Descubre la sastrer\u00eda Valentino para primavera: chaquetas elegantes, ligeras y modernas que redefinen el estilo masculino.\",\"breadcrumb\":{\"@id\":\"https:\\\/\\\/zeromagazine.mx\\\/index.php\\\/2026\\\/03\\\/14\\\/sastreria-valentino-primavera-verano-estilo\\\/#breadcrumb\"},\"inLanguage\":\"es\",\"potentialAction\":[{\"@type\":\"ReadAction\",\"target\":[\"https:\\\/\\\/zeromagazine.mx\\\/index.php\\\/2026\\\/03\\\/14\\\/sastreria-valentino-primavera-verano-estilo\\\/\"]}]},{\"@type\":\"ImageObject\",\"inLanguage\":\"es\",\"@id\":\"https:\\\/\\\/zeromagazine.mx\\\/index.php\\\/2026\\\/03\\\/14\\\/sastreria-valentino-primavera-verano-estilo\\\/#primaryimage\",\"url\":\"https:\\\/\\\/i0.wp.com\\\/zeromagazine.mx\\\/wp-content\\\/uploads\\\/2026\\\/03\\\/MX_VALENTINO-3.png?fit=2000%2C2531&ssl=1\",\"contentUrl\":\"https:\\\/\\\/i0.wp.com\\\/zeromagazine.mx\\\/wp-content\\\/uploads\\\/2026\\\/03\\\/MX_VALENTINO-3.png?fit=2000%2C2531&ssl=1\",\"width\":2000,\"height\":2531},{\"@type\":\"BreadcrumbList\",\"@id\":\"https:\\\/\\\/zeromagazine.mx\\\/index.php\\\/2026\\\/03\\\/14\\\/sastreria-valentino-primavera-verano-estilo\\\/#breadcrumb\",\"itemListElement\":[{\"@type\":\"ListItem\",\"position\":1,\"name\":\"Portada\",\"item\":\"https:\\\/\\\/zeromagazine.mx\\\/\"},{\"@type\":\"ListItem\",\"position\":2,\"name\":\"Sastrer\u00eda Valentino que redefine primavera\"}]},{\"@type\":\"WebSite\",\"@id\":\"https:\\\/\\\/zeromagazine.mx\\\/#website\",\"url\":\"https:\\\/\\\/zeromagazine.mx\\\/\",\"name\":\"Zero Magazine\",\"description\":\"\",\"publisher\":{\"@id\":\"https:\\\/\\\/zeromagazine.mx\\\/#organization\"},\"potentialAction\":[{\"@type\":\"SearchAction\",\"target\":{\"@type\":\"EntryPoint\",\"urlTemplate\":\"https:\\\/\\\/zeromagazine.mx\\\/?s={search_term_string}\"},\"query-input\":{\"@type\":\"PropertyValueSpecification\",\"valueRequired\":true,\"valueName\":\"search_term_string\"}}],\"inLanguage\":\"es\"},{\"@type\":\"Organization\",\"@id\":\"https:\\\/\\\/zeromagazine.mx\\\/#organization\",\"name\":\"Zero Magazine\",\"url\":\"https:\\\/\\\/zeromagazine.mx\\\/\",\"logo\":{\"@type\":\"ImageObject\",\"inLanguage\":\"es\",\"@id\":\"https:\\\/\\\/zeromagazine.mx\\\/#\\\/schema\\\/logo\\\/image\\\/\",\"url\":\"https:\\\/\\\/i0.wp.com\\\/zeromagazine.mx\\\/wp-content\\\/uploads\\\/2025\\\/11\\\/1.jpeg?fit=1000%2C1000&ssl=1\",\"contentUrl\":\"https:\\\/\\\/i0.wp.com\\\/zeromagazine.mx\\\/wp-content\\\/uploads\\\/2025\\\/11\\\/1.jpeg?fit=1000%2C1000&ssl=1\",\"width\":1000,\"height\":1000,\"caption\":\"Zero Magazine\"},\"image\":{\"@id\":\"https:\\\/\\\/zeromagazine.mx\\\/#\\\/schema\\\/logo\\\/image\\\/\"},\"sameAs\":[\"https:\\\/\\\/instagram.com\\\/zeromagazinemx\"]},{\"@type\":\"Person\",\"@id\":\"https:\\\/\\\/zeromagazine.mx\\\/#\\\/schema\\\/person\\\/9aed9f33a7c39af3a348b86d723f7773\",\"name\":\"zeromagazinemx\",\"image\":{\"@type\":\"ImageObject\",\"inLanguage\":\"es\",\"@id\":\"https:\\\/\\\/zeromagazine.mx\\\/wp-content\\\/litespeed\\\/avatar\\\/f91dfe5410d5dcb1a576bf8c45983896.jpg?ver=1776966396\",\"url\":\"https:\\\/\\\/zeromagazine.mx\\\/wp-content\\\/litespeed\\\/avatar\\\/f91dfe5410d5dcb1a576bf8c45983896.jpg?ver=1776966396\",\"contentUrl\":\"https:\\\/\\\/zeromagazine.mx\\\/wp-content\\\/litespeed\\\/avatar\\\/f91dfe5410d5dcb1a576bf8c45983896.jpg?ver=1776966396\",\"caption\":\"zeromagazinemx\"},\"url\":\"https:\\\/\\\/zeromagazine.mx\\\/index.php\\\/author\\\/zeromagazinemx\\\/\"}]}<\/script>\n<!-- \/ Yoast SEO plugin. -->","yoast_head_json":{"title":"Sastrer\u00eda Valentino que redefine primavera - Zero Magazine","description":"Descubre la sastrer\u00eda Valentino para primavera: chaquetas elegantes, ligeras y modernas que redefinen el estilo masculino.","robots":{"index":"index","follow":"follow","max-snippet":"max-snippet:-1","max-image-preview":"max-image-preview:large","max-video-preview":"max-video-preview:-1"},"canonical":"https:\/\/zeromagazine.mx\/index.php\/2026\/03\/14\/sastreria-valentino-primavera-verano-estilo\/","og_locale":"es_ES","og_type":"article","og_title":"Sastrer\u00eda Valentino que redefine primavera - Zero Magazine","og_description":"Descubre la sastrer\u00eda Valentino para primavera: chaquetas elegantes, ligeras y modernas que redefinen el estilo masculino.","og_url":"https:\/\/zeromagazine.mx\/index.php\/2026\/03\/14\/sastreria-valentino-primavera-verano-estilo\/","og_site_name":"Zero Magazine","article_published_time":"2026-03-14T18:50:43+00:00","article_modified_time":"2026-03-14T18:50:44+00:00","og_image":[{"width":809,"height":1024,"url":"http:\/\/zeromagazine.mx\/wp-content\/uploads\/2026\/03\/MX_VALENTINO-3-809x1024.png","type":"image\/png"}],"author":"zeromagazinemx","twitter_card":"summary_large_image","twitter_misc":{"Escrito por":"zeromagazinemx","Tiempo de lectura":"4 minutos"},"schema":{"@context":"https:\/\/schema.org","@graph":[{"@type":"Article","@id":"https:\/\/zeromagazine.mx\/index.php\/2026\/03\/14\/sastreria-valentino-primavera-verano-estilo\/#article","isPartOf":{"@id":"https:\/\/zeromagazine.mx\/index.php\/2026\/03\/14\/sastreria-valentino-primavera-verano-estilo\/"},"author":{"name":"zeromagazinemx","@id":"https:\/\/zeromagazine.mx\/#\/schema\/person\/9aed9f33a7c39af3a348b86d723f7773"},"headline":"Sastrer\u00eda Valentino que redefine primavera","datePublished":"2026-03-14T18:50:43+00:00","dateModified":"2026-03-14T18:50:44+00:00","mainEntityOfPage":{"@id":"https:\/\/zeromagazine.mx\/index.php\/2026\/03\/14\/sastreria-valentino-primavera-verano-estilo\/"},"wordCount":534,"commentCount":0,"publisher":{"@id":"https:\/\/zeromagazine.mx\/#organization"},"image":{"@id":"https:\/\/zeromagazine.mx\/index.php\/2026\/03\/14\/sastreria-valentino-primavera-verano-estilo\/#primaryimage"},"thumbnailUrl":"https:\/\/i0.wp.com\/zeromagazine.mx\/wp-content\/uploads\/2026\/03\/MX_VALENTINO-3.png?fit=2000%2C2531&ssl=1","articleSection":["Moda"],"inLanguage":"es","potentialAction":[{"@type":"CommentAction","name":"Comment","target":["https:\/\/zeromagazine.mx\/index.php\/2026\/03\/14\/sastreria-valentino-primavera-verano-estilo\/#respond"]}]},{"@type":"WebPage","@id":"https:\/\/zeromagazine.mx\/index.php\/2026\/03\/14\/sastreria-valentino-primavera-verano-estilo\/","url":"https:\/\/zeromagazine.mx\/index.php\/2026\/03\/14\/sastreria-valentino-primavera-verano-estilo\/","name":"Sastrer\u00eda Valentino que redefine primavera - Zero Magazine","isPartOf":{"@id":"https:\/\/zeromagazine.mx\/#website"},"primaryImageOfPage":{"@id":"https:\/\/zeromagazine.mx\/index.php\/2026\/03\/14\/sastreria-valentino-primavera-verano-estilo\/#primaryimage"},"image":{"@id":"https:\/\/zeromagazine.mx\/index.php\/2026\/03\/14\/sastreria-valentino-primavera-verano-estilo\/#primaryimage"},"thumbnailUrl":"https:\/\/i0.wp.com\/zeromagazine.mx\/wp-content\/uploads\/2026\/03\/MX_VALENTINO-3.png?fit=2000%2C2531&ssl=1","datePublished":"2026-03-14T18:50:43+00:00","dateModified":"2026-03-14T18:50:44+00:00","description":"Descubre la sastrer\u00eda Valentino para primavera: chaquetas elegantes, ligeras y modernas que redefinen el estilo masculino.","breadcrumb":{"@id":"https:\/\/zeromagazine.mx\/index.php\/2026\/03\/14\/sastreria-valentino-primavera-verano-estilo\/#breadcrumb"},"inLanguage":"es","potentialAction":[{"@type":"ReadAction","target":["https:\/\/zeromagazine.mx\/index.php\/2026\/03\/14\/sastreria-valentino-primavera-verano-estilo\/"]}]},{"@type":"ImageObject","inLanguage":"es","@id":"https:\/\/zeromagazine.mx\/index.php\/2026\/03\/14\/sastreria-valentino-primavera-verano-estilo\/#primaryimage","url":"https:\/\/i0.wp.com\/zeromagazine.mx\/wp-content\/uploads\/2026\/03\/MX_VALENTINO-3.png?fit=2000%2C2531&ssl=1","contentUrl":"https:\/\/i0.wp.com\/zeromagazine.mx\/wp-content\/uploads\/2026\/03\/MX_VALENTINO-3.png?fit=2000%2C2531&ssl=1","width":2000,"height":2531},{"@type":"BreadcrumbList","@id":"https:\/\/zeromagazine.mx\/index.php\/2026\/03\/14\/sastreria-valentino-primavera-verano-estilo\/#breadcrumb","itemListElement":[{"@type":"ListItem","position":1,"name":"Portada","item":"https:\/\/zeromagazine.mx\/"},{"@type":"ListItem","position":2,"name":"Sastrer\u00eda Valentino que redefine primavera"}]},{"@type":"WebSite","@id":"https:\/\/zeromagazine.mx\/#website","url":"https:\/\/zeromagazine.mx\/","name":"Zero Magazine","description":"","publisher":{"@id":"https:\/\/zeromagazine.mx\/#organization"},"potentialAction":[{"@type":"SearchAction","target":{"@type":"EntryPoint","urlTemplate":"https:\/\/zeromagazine.mx\/?s={search_term_string}"},"query-input":{"@type":"PropertyValueSpecification","valueRequired":true,"valueName":"search_term_string"}}],"inLanguage":"es"},{"@type":"Organization","@id":"https:\/\/zeromagazine.mx\/#organization","name":"Zero Magazine","url":"https:\/\/zeromagazine.mx\/","logo":{"@type":"ImageObject","inLanguage":"es","@id":"https:\/\/zeromagazine.mx\/#\/schema\/logo\/image\/","url":"https:\/\/i0.wp.com\/zeromagazine.mx\/wp-content\/uploads\/2025\/11\/1.jpeg?fit=1000%2C1000&ssl=1","contentUrl":"https:\/\/i0.wp.com\/zeromagazine.mx\/wp-content\/uploads\/2025\/11\/1.jpeg?fit=1000%2C1000&ssl=1","width":1000,"height":1000,"caption":"Zero Magazine"},"image":{"@id":"https:\/\/zeromagazine.mx\/#\/schema\/logo\/image\/"},"sameAs":["https:\/\/instagram.com\/zeromagazinemx"]},{"@type":"Person","@id":"https:\/\/zeromagazine.mx\/#\/schema\/person\/9aed9f33a7c39af3a348b86d723f7773","name":"zeromagazinemx","image":{"@type":"ImageObject","inLanguage":"es","@id":"https:\/\/zeromagazine.mx\/wp-content\/litespeed\/avatar\/f91dfe5410d5dcb1a576bf8c45983896.jpg?ver=1776966396","url":"https:\/\/zeromagazine.mx\/wp-content\/litespeed\/avatar\/f91dfe5410d5dcb1a576bf8c45983896.jpg?ver=1776966396","contentUrl":"https:\/\/zeromagazine.mx\/wp-content\/litespeed\/avatar\/f91dfe5410d5dcb1a576bf8c45983896.jpg?ver=1776966396","caption":"zeromagazinemx"},"url":"https:\/\/zeromagazine.mx\/index.php\/author\/zeromagazinemx\/"}]}},"jetpack_publicize_connections":[],"jetpack_featured_media_url":"https:\/\/i0.wp.com\/zeromagazine.mx\/wp-content\/uploads\/2026\/03\/MX_VALENTINO-3.png?fit=2000%2C2531&ssl=1","jetpack-related-posts":[{"id":116838,"url":"https:\/\/zeromagazine.mx\/index.php\/2026\/03\/17\/valentino-interferenze-fw26\/","url_meta":{"origin":116741,"position":0},"title":"Valentino Interferenze redefine la moda","author":"Luis Trujano","date":"17 de marzo de 2026","format":false,"excerpt":"Si algo est\u00e1 claro en este momento es que la moda ya no vive en extremos. Y justo eso es lo que propone la nueva colecci\u00f3n de Valentino: un balance entre estructura y libertad que se siente tan poderoso como visualmente impactante. Bajo el nombre \u201cInterferenze\u201d, esta propuesta FW26\/27 no\u2026","rel":"","context":"En \u00abModa\u00bb","block_context":{"text":"Moda","link":"https:\/\/zeromagazine.mx\/index.php\/category\/moda\/"},"img":{"alt_text":"","src":"https:\/\/i0.wp.com\/zeromagazine.mx\/wp-content\/uploads\/2026\/03\/IMG_6572-scaled.jpeg?fit=800%2C1200&ssl=1&resize=350%2C200","width":350,"height":200,"srcset":"https:\/\/i0.wp.com\/zeromagazine.mx\/wp-content\/uploads\/2026\/03\/IMG_6572-scaled.jpeg?fit=800%2C1200&ssl=1&resize=350%2C200 1x, https:\/\/i0.wp.com\/zeromagazine.mx\/wp-content\/uploads\/2026\/03\/IMG_6572-scaled.jpeg?fit=800%2C1200&ssl=1&resize=525%2C300 1.5x, https:\/\/i0.wp.com\/zeromagazine.mx\/wp-content\/uploads\/2026\/03\/IMG_6572-scaled.jpeg?fit=800%2C1200&ssl=1&resize=700%2C400 2x"},"classes":[]},{"id":114059,"url":"https:\/\/zeromagazine.mx\/index.php\/2026\/01\/23\/estilo-valentino-moda-2026-tendencias\/","url_meta":{"origin":116741,"position":1},"title":"Estilo Valentino que rompe reglas","author":"zeromagazinemx","date":"23 de enero de 2026","format":false,"excerpt":"Si este a\u00f1o quieres que tu ropa hable antes que t\u00fa, el estilo Valentino llega como ese plot twist que tu cl\u00f3set estaba esperando. La moda deja de ser solo \u201cqu\u00e9 me pongo\u201d y se convierte en \u201cas\u00ed me siento hoy\u201d. Drama, romance, rebeld\u00eda y arte conviven en una misma\u2026","rel":"","context":"En \u00abModa\u00bb","block_context":{"text":"Moda","link":"https:\/\/zeromagazine.mx\/index.php\/category\/moda\/"},"img":{"alt_text":"","src":"https:\/\/i0.wp.com\/zeromagazine.mx\/wp-content\/uploads\/2026\/01\/1000048655.jpg?fit=960%2C1200&ssl=1&resize=350%2C200","width":350,"height":200,"srcset":"https:\/\/i0.wp.com\/zeromagazine.mx\/wp-content\/uploads\/2026\/01\/1000048655.jpg?fit=960%2C1200&ssl=1&resize=350%2C200 1x, https:\/\/i0.wp.com\/zeromagazine.mx\/wp-content\/uploads\/2026\/01\/1000048655.jpg?fit=960%2C1200&ssl=1&resize=525%2C300 1.5x, https:\/\/i0.wp.com\/zeromagazine.mx\/wp-content\/uploads\/2026\/01\/1000048655.jpg?fit=960%2C1200&ssl=1&resize=700%2C400 2x"},"classes":[]},{"id":107972,"url":"https:\/\/zeromagazine.mx\/index.php\/2025\/09\/08\/zegna-fw25-torino-sastreria\/","url_meta":{"origin":116741,"position":2},"title":"Torino, la nueva era de ZEGNA","author":"David Morales","date":"8 de septiembre de 2025","format":false,"excerpt":"En la moda hay piezas que trascienden temporadas y otras que definen un legado. ZEGNA, la casa italiana que lleva m\u00e1s de un siglo perfeccionando el arte de la sastrer\u00eda, regresa este Oto\u00f1o\/Invierno 2025 con una propuesta que no es simplemente un traje: es una declaraci\u00f3n. Se llama\u00a0Torino, y es\u2026","rel":"","context":"En \u00abModa\u00bb","block_context":{"text":"Moda","link":"https:\/\/zeromagazine.mx\/index.php\/category\/moda\/"},"img":{"alt_text":"","src":"https:\/\/i0.wp.com\/zeromagazine.mx\/wp-content\/uploads\/2025\/09\/MADS-MIKKELSEN_ZEGNA-WINTER-2025-ADV-CAMPAIGN-2.jpeg?fit=910%2C1200&ssl=1&resize=350%2C200","width":350,"height":200,"srcset":"https:\/\/i0.wp.com\/zeromagazine.mx\/wp-content\/uploads\/2025\/09\/MADS-MIKKELSEN_ZEGNA-WINTER-2025-ADV-CAMPAIGN-2.jpeg?fit=910%2C1200&ssl=1&resize=350%2C200 1x, https:\/\/i0.wp.com\/zeromagazine.mx\/wp-content\/uploads\/2025\/09\/MADS-MIKKELSEN_ZEGNA-WINTER-2025-ADV-CAMPAIGN-2.jpeg?fit=910%2C1200&ssl=1&resize=525%2C300 1.5x, https:\/\/i0.wp.com\/zeromagazine.mx\/wp-content\/uploads\/2025\/09\/MADS-MIKKELSEN_ZEGNA-WINTER-2025-ADV-CAMPAIGN-2.jpeg?fit=910%2C1200&ssl=1&resize=700%2C400 2x"},"classes":[]},{"id":79092,"url":"https:\/\/zeromagazine.mx\/index.php\/2024\/06\/21\/amiri-primavera-verano-2025-una-fusion-de-glamour-y-arte-escenico\/","url_meta":{"origin":116741,"position":3},"title":"AMIRI Primavera-Verano 2025: Una Fusi\u00f3n de Glamour y Arte Esc\u00e9nico","author":"zeromagazinemx","date":"21 de junio de 2024","format":false,"excerpt":"Si eres de les que aman la moda y el arte, prep\u00e1rate porque la colecci\u00f3n Primavera-Verano 2025 de AMIRI te va a volar la cabeza. Este nuevo cap\u00edtulo en la historia de la marca, dirigido por Mike Amiri, trae a sus ic\u00f3niques personajes de Hollywood a la luz del d\u00eda,\u2026","rel":"","context":"En \u00abModa\u00bb","block_context":{"text":"Moda","link":"https:\/\/zeromagazine.mx\/index.php\/category\/moda\/"},"img":{"alt_text":"","src":"https:\/\/i0.wp.com\/zeromagazine.mx\/wp-content\/uploads\/2024\/06\/AMIRI_SS25_4-5_LOOK_16-scaled.jpg?fit=960%2C1200&ssl=1&resize=350%2C200","width":350,"height":200,"srcset":"https:\/\/i0.wp.com\/zeromagazine.mx\/wp-content\/uploads\/2024\/06\/AMIRI_SS25_4-5_LOOK_16-scaled.jpg?fit=960%2C1200&ssl=1&resize=350%2C200 1x, https:\/\/i0.wp.com\/zeromagazine.mx\/wp-content\/uploads\/2024\/06\/AMIRI_SS25_4-5_LOOK_16-scaled.jpg?fit=960%2C1200&ssl=1&resize=525%2C300 1.5x, https:\/\/i0.wp.com\/zeromagazine.mx\/wp-content\/uploads\/2024\/06\/AMIRI_SS25_4-5_LOOK_16-scaled.jpg?fit=960%2C1200&ssl=1&resize=700%2C400 2x"},"classes":[]},{"id":115260,"url":"https:\/\/zeromagazine.mx\/index.php\/2026\/02\/12\/il-conte-jacket-zegna-elegancia-versatil\/","url_meta":{"origin":116741,"position":4},"title":"Il Conte Jacket eleva elegancia diaria","author":"Luis Trujano","date":"12 de febrero de 2026","format":false,"excerpt":"La moda masculina est\u00e1 viviendo un momento donde el lujo ya no se trata solo de verse impecable, sino de sentirse c\u00f3modo mientras el estilo fluye con la rutina real. Justo ah\u00ed entra la Il Conte Jacket de ZEGNA, una pieza que demuestra que la sastrer\u00eda contempor\u00e1nea puede ser flexible,\u2026","rel":"","context":"En \u00abModa\u00bb","block_context":{"text":"Moda","link":"https:\/\/zeromagazine.mx\/index.php\/category\/moda\/"},"img":{"alt_text":"","src":"https:\/\/i0.wp.com\/zeromagazine.mx\/wp-content\/uploads\/2026\/02\/IMG_6472.jpeg?fit=1200%2C900&ssl=1&resize=350%2C200","width":350,"height":200,"srcset":"https:\/\/i0.wp.com\/zeromagazine.mx\/wp-content\/uploads\/2026\/02\/IMG_6472.jpeg?fit=1200%2C900&ssl=1&resize=350%2C200 1x, https:\/\/i0.wp.com\/zeromagazine.mx\/wp-content\/uploads\/2026\/02\/IMG_6472.jpeg?fit=1200%2C900&ssl=1&resize=525%2C300 1.5x, https:\/\/i0.wp.com\/zeromagazine.mx\/wp-content\/uploads\/2026\/02\/IMG_6472.jpeg?fit=1200%2C900&ssl=1&resize=700%2C400 2x, https:\/\/i0.wp.com\/zeromagazine.mx\/wp-content\/uploads\/2026\/02\/IMG_6472.jpeg?fit=1200%2C900&ssl=1&resize=1050%2C600 3x"},"classes":[]},{"id":72413,"url":"https:\/\/zeromagazine.mx\/index.php\/2024\/03\/25\/sofitel-mexico-city-reforma-y-valentino-beauty-la-bienvenida-a-la-primavera-con-born-in-roma\/","url_meta":{"origin":116741,"position":5},"title":"Sofitel Mexico City Reforma y Valentino Beauty: La bienvenida a la Primavera con \u00abBorn in Roma\u00bb","author":"zeromagazinemx","date":"25 de marzo de 2024","format":false,"excerpt":"La fusi\u00f3n entre el lujo y la sofisticaci\u00f3n se hace presente en Sofitel Mexico City Reforma, donde se alza como escenario principal para una experiencia sensorial sin igual. Desde el 21 de marzo hasta el 27 de abril, este ic\u00f3nico hotel se une a Valentino Beauty para presentar el pop-up\u2026","rel":"","context":"En \u00abBlog\u00bb","block_context":{"text":"Blog","link":"https:\/\/zeromagazine.mx\/index.php\/category\/blog\/"},"img":{"alt_text":"","src":"https:\/\/i0.wp.com\/zeromagazine.mx\/wp-content\/uploads\/2024\/03\/SOF-Valentino-Pop-up-22-scaled.jpg?resize=350%2C200&ssl=1","width":350,"height":200,"srcset":"https:\/\/i0.wp.com\/zeromagazine.mx\/wp-content\/uploads\/2024\/03\/SOF-Valentino-Pop-up-22-scaled.jpg?resize=350%2C200&ssl=1 1x, https:\/\/i0.wp.com\/zeromagazine.mx\/wp-content\/uploads\/2024\/03\/SOF-Valentino-Pop-up-22-scaled.jpg?resize=525%2C300&ssl=1 1.5x, https:\/\/i0.wp.com\/zeromagazine.mx\/wp-content\/uploads\/2024\/03\/SOF-Valentino-Pop-up-22-scaled.jpg?resize=700%2C400&ssl=1 2x, https:\/\/i0.wp.com\/zeromagazine.mx\/wp-content\/uploads\/2024\/03\/SOF-Valentino-Pop-up-22-scaled.jpg?resize=1050%2C600&ssl=1 3x, https:\/\/i0.wp.com\/zeromagazine.mx\/wp-content\/uploads\/2024\/03\/SOF-Valentino-Pop-up-22-scaled.jpg?resize=1400%2C800&ssl=1 4x"},"classes":[]}],"jetpack_sharing_enabled":true,"builder_content":"","_links":{"self":[{"href":"https:\/\/zeromagazine.mx\/index.php\/wp-json\/wp\/v2\/posts\/116741","targetHints":{"allow":["GET"]}}],"collection":[{"href":"https:\/\/zeromagazine.mx\/index.php\/wp-json\/wp\/v2\/posts"}],"about":[{"href":"https:\/\/zeromagazine.mx\/index.php\/wp-json\/wp\/v2\/types\/post"}],"author":[{"embeddable":true,"href":"https:\/\/zeromagazine.mx\/index.php\/wp-json\/wp\/v2\/users\/2"}],"replies":[{"embeddable":true,"href":"https:\/\/zeromagazine.mx\/index.php\/wp-json\/wp\/v2\/comments?post=116741"}],"version-history":[{"count":2,"href":"https:\/\/zeromagazine.mx\/index.php\/wp-json\/wp\/v2\/posts\/116741\/revisions"}],"predecessor-version":[{"id":116747,"href":"https:\/\/zeromagazine.mx\/index.php\/wp-json\/wp\/v2\/posts\/116741\/revisions\/116747"}],"wp:featuredmedia":[{"embeddable":true,"href":"https:\/\/zeromagazine.mx\/index.php\/wp-json\/wp\/v2\/media\/116745"}],"wp:attachment":[{"href":"https:\/\/zeromagazine.mx\/index.php\/wp-json\/wp\/v2\/media?parent=116741"}],"wp:term":[{"taxonomy":"category","embeddable":true,"href":"https:\/\/zeromagazine.mx\/index.php\/wp-json\/wp\/v2\/categories?post=116741"},{"taxonomy":"post_tag","embeddable":true,"href":"https:\/\/zeromagazine.mx\/index.php\/wp-json\/wp\/v2\/tags?post=116741"}],"curies":[{"name":"wp","href":"https:\/\/api.w.org\/{rel}","templated":true}]}}