{"id":116748,"date":"2026-03-15T14:30:13","date_gmt":"2026-03-15T20:30:13","guid":{"rendered":"https:\/\/zeromagazine.mx\/?p=116748"},"modified":"2026-03-15T14:30:15","modified_gmt":"2026-03-15T20:30:15","slug":"edicion-de-festival-hm-coleccion-festivales","status":"publish","type":"post","link":"https:\/\/zeromagazine.mx\/index.php\/2026\/03\/15\/edicion-de-festival-hm-coleccion-festivales\/","title":{"rendered":"Edici\u00f3n de Festival H&amp;M: vibra"},"content":{"rendered":"\n<p>La temporada de festivales ya est\u00e1 aqu\u00ed y, con ella, una de las colecciones m\u00e1s esperadas por quienes aman mezclar m\u00fasica, moda y actitud. La <strong>Edici\u00f3n de Festival H&amp;M<\/strong> llega justo a tiempo para los d\u00edas (y noches) donde el outfit se vuelve parte del espect\u00e1culo. Con una propuesta pensada para looks libres, creativos y llenos de personalidad, la marca vuelve a conectar con la escena musical que vibra en eventos como el Tecate Pa\u2019l Norte.<\/p>\n\n\n\n<p>Cada a\u00f1o, H&amp;M aprovecha la temporada de conciertos para lanzar piezas que capturan esa energ\u00eda \u00fanica que se vive entre escenarios, luces y multitudes. Pero esta vez la propuesta va un paso m\u00e1s all\u00e1: no se trata solo de ropa para un festival, sino de prendas que tambi\u00e9n funcionan para tu d\u00eda a d\u00eda si sabes c\u00f3mo combinarlas.<\/p>\n\n\n\n<p>El resultado es una colecci\u00f3n que mezcla est\u00e9tica cool, comodidad y piezas statement capaces de transformar cualquier outfit en algo digno de fotografiar frente al escenario principal.<\/p>\n\n\n\n<figure class=\"wp-block-image size-full\"><img decoding=\"async\" width=\"1707\" height=\"2560\" src=\"https:\/\/zeromagazine.mx\/wp-content\/uploads\/2026\/03\/FESTIVAL-10-scaled.avif\" alt=\"\" class=\"wp-image-116749\" srcset=\"https:\/\/zeromagazine.mx\/wp-content\/uploads\/2026\/03\/FESTIVAL-10-scaled.avif 1707w, https:\/\/zeromagazine.mx\/wp-content\/uploads\/2026\/03\/FESTIVAL-10-200x300.avif 200w, https:\/\/zeromagazine.mx\/wp-content\/uploads\/2026\/03\/FESTIVAL-10-683x1024.avif 683w, https:\/\/zeromagazine.mx\/wp-content\/uploads\/2026\/03\/FESTIVAL-10-768x1152.avif 768w, https:\/\/zeromagazine.mx\/wp-content\/uploads\/2026\/03\/FESTIVAL-10-1024x1536.avif 1024w, https:\/\/zeromagazine.mx\/wp-content\/uploads\/2026\/03\/FESTIVAL-10-1365x2048.avif 1365w\" sizes=\"(max-width: 1165px) 100vw, 1165px\" \/><\/figure>\n\n\n\n<h2 class=\"wp-block-heading\">Edici\u00f3n de Festival H&amp;M y la nueva est\u00e9tica de los conciertos<\/h2>\n\n\n\n<p>La <strong>Edici\u00f3n de Festival H&amp;M<\/strong> entiende perfectamente algo que muchos fans de la m\u00fasica ya saben: el festival empieza desde el outfit. Antes de que suene la primera canci\u00f3n, la gente ya est\u00e1 expresando su estilo entre mezclilla reinventada, transparencias y accesorios que elevan cualquier look.<\/p>\n\n\n\n<p>Adem\u00e1s, esta colecci\u00f3n juega con capas ligeras, texturas y siluetas relajadas que funcionan perfecto para largas jornadas de m\u00fasica. Piensa en shorts de denim con actitud vintage, tops con transparencias, camisetas oversized y accesorios que agregan ese toque extra de personalidad.<\/p>\n\n\n\n<p>La idea es clara: crear combinaciones que se sientan aut\u00e9nticas. Un top transparente sobre un bralette, botas chunky con falda ligera o una chamarra de mezclilla que puedes amarrar a la cintura cuando suba la temperatura del crowd.<\/p>\n\n\n\n<p>Por otro lado, lo m\u00e1s interesante de la <strong>Edici\u00f3n de Festival H&amp;M<\/strong> es que no intenta imponer un solo estilo. Al contrario, funciona como una especie de kit creativo para experimentar con tu identidad visual. Puedes ir desde un look inspirado en el indie rock hasta algo m\u00e1s cercano al pop o al streetwear.<\/p>\n\n\n\n<figure class=\"wp-block-image size-full\"><img decoding=\"async\" width=\"1707\" height=\"2560\" src=\"https:\/\/zeromagazine.mx\/wp-content\/uploads\/2026\/03\/FESTIVAL-2-scaled.avif\" alt=\"\" class=\"wp-image-116750\" srcset=\"https:\/\/zeromagazine.mx\/wp-content\/uploads\/2026\/03\/FESTIVAL-2-scaled.avif 1707w, https:\/\/zeromagazine.mx\/wp-content\/uploads\/2026\/03\/FESTIVAL-2-200x300.avif 200w, https:\/\/zeromagazine.mx\/wp-content\/uploads\/2026\/03\/FESTIVAL-2-683x1024.avif 683w, https:\/\/zeromagazine.mx\/wp-content\/uploads\/2026\/03\/FESTIVAL-2-768x1152.avif 768w, https:\/\/zeromagazine.mx\/wp-content\/uploads\/2026\/03\/FESTIVAL-2-1024x1536.avif 1024w, https:\/\/zeromagazine.mx\/wp-content\/uploads\/2026\/03\/FESTIVAL-2-1365x2048.avif 1365w\" sizes=\"(max-width: 1165px) 100vw, 1165px\" \/><\/figure>\n\n\n\n<h2 class=\"wp-block-heading\">Edici\u00f3n de Festival H&amp;M: piezas clave<\/h2>\n\n\n\n<p>La <strong>Edici\u00f3n de Festival H&amp;M<\/strong> tambi\u00e9n destaca por algo que muchas colecciones de temporada olvidan: la versatilidad. Estas prendas no se quedan guardadas despu\u00e9s del festival; son piezas que puedes reutilizar f\u00e1cilmente durante toda la primavera y el verano.<\/p>\n\n\n\n<p>Entre los favoritos de la colecci\u00f3n aparecen:<\/p>\n\n\n\n<ul class=\"wp-block-list\">\n<li>Denim actualizado con cortes m\u00e1s relajados<\/li>\n\n\n\n<li>Tops con transparencias y telas ligeras<\/li>\n\n\n\n<li>Prendas en capas para jugar con el styling<\/li>\n\n\n\n<li>Accesorios statement que cambian todo el look<\/li>\n<\/ul>\n\n\n\n<p>Adem\u00e1s, la paleta y las texturas est\u00e1n pensadas para destacar en fotos y videos, algo que hoy forma parte esencial de la experiencia festivalera.<\/p>\n\n\n\n<p>Finalmente, lo que hace especial a la <strong>Edici\u00f3n de Festival H&amp;M<\/strong> es su capacidad para capturar ese momento donde la m\u00fasica, la moda y la comunidad se mezclan. No importa si est\u00e1s frente al escenario principal o caminando entre food trucks: tu outfit tambi\u00e9n cuenta la historia del festival.<\/p>\n\n\n\n<p>Y si algo est\u00e1 claro es que esta temporada los festivales no solo se escuchan\u2026 tambi\u00e9n se visten.<\/p>\n\n\n\n<figure class=\"wp-block-image size-full\"><img decoding=\"async\" width=\"1707\" height=\"2560\" src=\"https:\/\/zeromagazine.mx\/wp-content\/uploads\/2026\/03\/FESTIVAL-5-scaled.avif\" alt=\"\" class=\"wp-image-116752\" srcset=\"https:\/\/zeromagazine.mx\/wp-content\/uploads\/2026\/03\/FESTIVAL-5-scaled.avif 1707w, https:\/\/zeromagazine.mx\/wp-content\/uploads\/2026\/03\/FESTIVAL-5-200x300.avif 200w, https:\/\/zeromagazine.mx\/wp-content\/uploads\/2026\/03\/FESTIVAL-5-683x1024.avif 683w, https:\/\/zeromagazine.mx\/wp-content\/uploads\/2026\/03\/FESTIVAL-5-768x1152.avif 768w, https:\/\/zeromagazine.mx\/wp-content\/uploads\/2026\/03\/FESTIVAL-5-1024x1536.avif 1024w, https:\/\/zeromagazine.mx\/wp-content\/uploads\/2026\/03\/FESTIVAL-5-1365x2048.avif 1365w\" sizes=\"(max-width: 1165px) 100vw, 1165px\" \/><\/figure>\n<!--themify_builder_content-->\n<div id=\"themify_builder_content-116748\" data-postid=\"116748\" class=\"themify_builder_content themify_builder_content-116748 themify_builder tf_clear\">\n    <\/div>\n<!--\/themify_builder_content-->\n","protected":false},"excerpt":{"rendered":"<p>La temporada de festivales ya est\u00e1 aqu\u00ed y, con ella, una de las colecciones m\u00e1s esperadas por quienes aman mezclar m\u00fasica, moda y actitud. La Edici\u00f3n de Festival H&amp;M llega justo a tiempo para los d\u00edas (y noches) donde el outfit se vuelve parte del espect\u00e1culo. Con una propuesta pensada para looks libres, creativos y [&hellip;]<\/p>\n","protected":false},"author":2,"featured_media":116751,"comment_status":"open","ping_status":"open","sticky":false,"template":"","format":"standard","meta":{"_jetpack_memberships_contains_paid_content":false,"footnotes":"","jetpack_publicize_message":"","jetpack_publicize_feature_enabled":true,"jetpack_social_post_already_shared":true,"jetpack_social_options":{"image_generator_settings":{"template":"highway","default_image_id":0,"font":"","enabled":false},"version":2}},"categories":[14133,67],"tags":[],"class_list":["post-116748","post","type-post","status-publish","format-standard","has-post-thumbnail","hentry","category-concierto","category-moda","has-post-title","has-post-date","has-post-category","has-post-tag","has-post-comment","has-post-author",""],"yoast_head":"<!-- This site is optimized with the Yoast SEO plugin v27.5 - https:\/\/yoast.com\/product\/yoast-seo-wordpress\/ -->\n<title>Edici\u00f3n de Festival H&amp;M: vibra - Zero Magazine<\/title>\n<meta name=\"description\" content=\"Edici\u00f3n de Festival H&amp;M: la colecci\u00f3n inspirada en conciertos y festivales con denim, transparencias y looks perfectos para la temporada musical.\" \/>\n<meta name=\"robots\" content=\"index, follow, max-snippet:-1, max-image-preview:large, max-video-preview:-1\" \/>\n<link rel=\"canonical\" href=\"https:\/\/zeromagazine.mx\/index.php\/2026\/03\/15\/edicion-de-festival-hm-coleccion-festivales\/\" \/>\n<meta property=\"og:locale\" content=\"es_ES\" \/>\n<meta property=\"og:type\" content=\"article\" \/>\n<meta property=\"og:title\" content=\"Edici\u00f3n de Festival H&amp;M: vibra - Zero Magazine\" \/>\n<meta property=\"og:description\" content=\"Edici\u00f3n de Festival H&amp;M: la colecci\u00f3n inspirada en conciertos y festivales con denim, transparencias y looks perfectos para la temporada musical.\" \/>\n<meta property=\"og:url\" content=\"https:\/\/zeromagazine.mx\/index.php\/2026\/03\/15\/edicion-de-festival-hm-coleccion-festivales\/\" \/>\n<meta property=\"og:site_name\" content=\"Zero Magazine\" \/>\n<meta property=\"article:published_time\" content=\"2026-03-15T20:30:13+00:00\" \/>\n<meta property=\"article:modified_time\" content=\"2026-03-15T20:30:15+00:00\" \/>\n<meta name=\"author\" content=\"zeromagazinemx\" \/>\n<meta name=\"twitter:card\" content=\"summary_large_image\" \/>\n<meta name=\"twitter:label1\" content=\"Escrito por\" \/>\n\t<meta name=\"twitter:data1\" content=\"zeromagazinemx\" \/>\n\t<meta name=\"twitter:label2\" content=\"Tiempo de lectura\" \/>\n\t<meta name=\"twitter:data2\" content=\"4 minutos\" \/>\n<script type=\"application\/ld+json\" class=\"yoast-schema-graph\">{\"@context\":\"https:\\\/\\\/schema.org\",\"@graph\":[{\"@type\":\"Article\",\"@id\":\"https:\\\/\\\/zeromagazine.mx\\\/index.php\\\/2026\\\/03\\\/15\\\/edicion-de-festival-hm-coleccion-festivales\\\/#article\",\"isPartOf\":{\"@id\":\"https:\\\/\\\/zeromagazine.mx\\\/index.php\\\/2026\\\/03\\\/15\\\/edicion-de-festival-hm-coleccion-festivales\\\/\"},\"author\":{\"name\":\"zeromagazinemx\",\"@id\":\"https:\\\/\\\/zeromagazine.mx\\\/#\\\/schema\\\/person\\\/9aed9f33a7c39af3a348b86d723f7773\"},\"headline\":\"Edici\u00f3n de Festival H&amp;M: vibra\",\"datePublished\":\"2026-03-15T20:30:13+00:00\",\"dateModified\":\"2026-03-15T20:30:15+00:00\",\"mainEntityOfPage\":{\"@id\":\"https:\\\/\\\/zeromagazine.mx\\\/index.php\\\/2026\\\/03\\\/15\\\/edicion-de-festival-hm-coleccion-festivales\\\/\"},\"wordCount\":586,\"commentCount\":0,\"publisher\":{\"@id\":\"https:\\\/\\\/zeromagazine.mx\\\/#organization\"},\"image\":{\"@id\":\"https:\\\/\\\/zeromagazine.mx\\\/index.php\\\/2026\\\/03\\\/15\\\/edicion-de-festival-hm-coleccion-festivales\\\/#primaryimage\"},\"thumbnailUrl\":\"https:\\\/\\\/zeromagazine.mx\\\/wp-content\\\/uploads\\\/2026\\\/03\\\/FESTIVAL-1-scaled.avif\",\"articleSection\":[\"Concierto\",\"Moda\"],\"inLanguage\":\"es\",\"potentialAction\":[{\"@type\":\"CommentAction\",\"name\":\"Comment\",\"target\":[\"https:\\\/\\\/zeromagazine.mx\\\/index.php\\\/2026\\\/03\\\/15\\\/edicion-de-festival-hm-coleccion-festivales\\\/#respond\"]}]},{\"@type\":\"WebPage\",\"@id\":\"https:\\\/\\\/zeromagazine.mx\\\/index.php\\\/2026\\\/03\\\/15\\\/edicion-de-festival-hm-coleccion-festivales\\\/\",\"url\":\"https:\\\/\\\/zeromagazine.mx\\\/index.php\\\/2026\\\/03\\\/15\\\/edicion-de-festival-hm-coleccion-festivales\\\/\",\"name\":\"Edici\u00f3n de Festival H&amp;M: vibra - Zero Magazine\",\"isPartOf\":{\"@id\":\"https:\\\/\\\/zeromagazine.mx\\\/#website\"},\"primaryImageOfPage\":{\"@id\":\"https:\\\/\\\/zeromagazine.mx\\\/index.php\\\/2026\\\/03\\\/15\\\/edicion-de-festival-hm-coleccion-festivales\\\/#primaryimage\"},\"image\":{\"@id\":\"https:\\\/\\\/zeromagazine.mx\\\/index.php\\\/2026\\\/03\\\/15\\\/edicion-de-festival-hm-coleccion-festivales\\\/#primaryimage\"},\"thumbnailUrl\":\"https:\\\/\\\/zeromagazine.mx\\\/wp-content\\\/uploads\\\/2026\\\/03\\\/FESTIVAL-1-scaled.avif\",\"datePublished\":\"2026-03-15T20:30:13+00:00\",\"dateModified\":\"2026-03-15T20:30:15+00:00\",\"description\":\"Edici\u00f3n de Festival H&M: la colecci\u00f3n inspirada en conciertos y festivales con denim, transparencias y looks perfectos para la temporada musical.\",\"breadcrumb\":{\"@id\":\"https:\\\/\\\/zeromagazine.mx\\\/index.php\\\/2026\\\/03\\\/15\\\/edicion-de-festival-hm-coleccion-festivales\\\/#breadcrumb\"},\"inLanguage\":\"es\",\"potentialAction\":[{\"@type\":\"ReadAction\",\"target\":[\"https:\\\/\\\/zeromagazine.mx\\\/index.php\\\/2026\\\/03\\\/15\\\/edicion-de-festival-hm-coleccion-festivales\\\/\"]}]},{\"@type\":\"ImageObject\",\"inLanguage\":\"es\",\"@id\":\"https:\\\/\\\/zeromagazine.mx\\\/index.php\\\/2026\\\/03\\\/15\\\/edicion-de-festival-hm-coleccion-festivales\\\/#primaryimage\",\"url\":\"https:\\\/\\\/zeromagazine.mx\\\/wp-content\\\/uploads\\\/2026\\\/03\\\/FESTIVAL-1-scaled.avif\",\"contentUrl\":\"https:\\\/\\\/zeromagazine.mx\\\/wp-content\\\/uploads\\\/2026\\\/03\\\/FESTIVAL-1-scaled.avif\",\"width\":1707,\"height\":2560},{\"@type\":\"BreadcrumbList\",\"@id\":\"https:\\\/\\\/zeromagazine.mx\\\/index.php\\\/2026\\\/03\\\/15\\\/edicion-de-festival-hm-coleccion-festivales\\\/#breadcrumb\",\"itemListElement\":[{\"@type\":\"ListItem\",\"position\":1,\"name\":\"Portada\",\"item\":\"https:\\\/\\\/zeromagazine.mx\\\/\"},{\"@type\":\"ListItem\",\"position\":2,\"name\":\"Edici\u00f3n de Festival H&amp;M: vibra\"}]},{\"@type\":\"WebSite\",\"@id\":\"https:\\\/\\\/zeromagazine.mx\\\/#website\",\"url\":\"https:\\\/\\\/zeromagazine.mx\\\/\",\"name\":\"Zero Magazine\",\"description\":\"\",\"publisher\":{\"@id\":\"https:\\\/\\\/zeromagazine.mx\\\/#organization\"},\"potentialAction\":[{\"@type\":\"SearchAction\",\"target\":{\"@type\":\"EntryPoint\",\"urlTemplate\":\"https:\\\/\\\/zeromagazine.mx\\\/?s={search_term_string}\"},\"query-input\":{\"@type\":\"PropertyValueSpecification\",\"valueRequired\":true,\"valueName\":\"search_term_string\"}}],\"inLanguage\":\"es\"},{\"@type\":\"Organization\",\"@id\":\"https:\\\/\\\/zeromagazine.mx\\\/#organization\",\"name\":\"Zero Magazine\",\"url\":\"https:\\\/\\\/zeromagazine.mx\\\/\",\"logo\":{\"@type\":\"ImageObject\",\"inLanguage\":\"es\",\"@id\":\"https:\\\/\\\/zeromagazine.mx\\\/#\\\/schema\\\/logo\\\/image\\\/\",\"url\":\"https:\\\/\\\/i0.wp.com\\\/zeromagazine.mx\\\/wp-content\\\/uploads\\\/2025\\\/11\\\/1.jpeg?fit=1000%2C1000&ssl=1\",\"contentUrl\":\"https:\\\/\\\/i0.wp.com\\\/zeromagazine.mx\\\/wp-content\\\/uploads\\\/2025\\\/11\\\/1.jpeg?fit=1000%2C1000&ssl=1\",\"width\":1000,\"height\":1000,\"caption\":\"Zero Magazine\"},\"image\":{\"@id\":\"https:\\\/\\\/zeromagazine.mx\\\/#\\\/schema\\\/logo\\\/image\\\/\"},\"sameAs\":[\"https:\\\/\\\/instagram.com\\\/zeromagazinemx\"]},{\"@type\":\"Person\",\"@id\":\"https:\\\/\\\/zeromagazine.mx\\\/#\\\/schema\\\/person\\\/9aed9f33a7c39af3a348b86d723f7773\",\"name\":\"zeromagazinemx\",\"image\":{\"@type\":\"ImageObject\",\"inLanguage\":\"es\",\"@id\":\"https:\\\/\\\/zeromagazine.mx\\\/wp-content\\\/litespeed\\\/avatar\\\/f91dfe5410d5dcb1a576bf8c45983896.jpg?ver=1776966396\",\"url\":\"https:\\\/\\\/zeromagazine.mx\\\/wp-content\\\/litespeed\\\/avatar\\\/f91dfe5410d5dcb1a576bf8c45983896.jpg?ver=1776966396\",\"contentUrl\":\"https:\\\/\\\/zeromagazine.mx\\\/wp-content\\\/litespeed\\\/avatar\\\/f91dfe5410d5dcb1a576bf8c45983896.jpg?ver=1776966396\",\"caption\":\"zeromagazinemx\"},\"url\":\"https:\\\/\\\/zeromagazine.mx\\\/index.php\\\/author\\\/zeromagazinemx\\\/\"}]}<\/script>\n<!-- \/ Yoast SEO plugin. -->","yoast_head_json":{"title":"Edici\u00f3n de Festival H&amp;M: vibra - Zero Magazine","description":"Edici\u00f3n de Festival H&M: la colecci\u00f3n inspirada en conciertos y festivales con denim, transparencias y looks perfectos para la temporada musical.","robots":{"index":"index","follow":"follow","max-snippet":"max-snippet:-1","max-image-preview":"max-image-preview:large","max-video-preview":"max-video-preview:-1"},"canonical":"https:\/\/zeromagazine.mx\/index.php\/2026\/03\/15\/edicion-de-festival-hm-coleccion-festivales\/","og_locale":"es_ES","og_type":"article","og_title":"Edici\u00f3n de Festival H&amp;M: vibra - Zero Magazine","og_description":"Edici\u00f3n de Festival H&M: la colecci\u00f3n inspirada en conciertos y festivales con denim, transparencias y looks perfectos para la temporada musical.","og_url":"https:\/\/zeromagazine.mx\/index.php\/2026\/03\/15\/edicion-de-festival-hm-coleccion-festivales\/","og_site_name":"Zero Magazine","article_published_time":"2026-03-15T20:30:13+00:00","article_modified_time":"2026-03-15T20:30:15+00:00","author":"zeromagazinemx","twitter_card":"summary_large_image","twitter_misc":{"Escrito por":"zeromagazinemx","Tiempo de lectura":"4 minutos"},"schema":{"@context":"https:\/\/schema.org","@graph":[{"@type":"Article","@id":"https:\/\/zeromagazine.mx\/index.php\/2026\/03\/15\/edicion-de-festival-hm-coleccion-festivales\/#article","isPartOf":{"@id":"https:\/\/zeromagazine.mx\/index.php\/2026\/03\/15\/edicion-de-festival-hm-coleccion-festivales\/"},"author":{"name":"zeromagazinemx","@id":"https:\/\/zeromagazine.mx\/#\/schema\/person\/9aed9f33a7c39af3a348b86d723f7773"},"headline":"Edici\u00f3n de Festival H&amp;M: vibra","datePublished":"2026-03-15T20:30:13+00:00","dateModified":"2026-03-15T20:30:15+00:00","mainEntityOfPage":{"@id":"https:\/\/zeromagazine.mx\/index.php\/2026\/03\/15\/edicion-de-festival-hm-coleccion-festivales\/"},"wordCount":586,"commentCount":0,"publisher":{"@id":"https:\/\/zeromagazine.mx\/#organization"},"image":{"@id":"https:\/\/zeromagazine.mx\/index.php\/2026\/03\/15\/edicion-de-festival-hm-coleccion-festivales\/#primaryimage"},"thumbnailUrl":"https:\/\/zeromagazine.mx\/wp-content\/uploads\/2026\/03\/FESTIVAL-1-scaled.avif","articleSection":["Concierto","Moda"],"inLanguage":"es","potentialAction":[{"@type":"CommentAction","name":"Comment","target":["https:\/\/zeromagazine.mx\/index.php\/2026\/03\/15\/edicion-de-festival-hm-coleccion-festivales\/#respond"]}]},{"@type":"WebPage","@id":"https:\/\/zeromagazine.mx\/index.php\/2026\/03\/15\/edicion-de-festival-hm-coleccion-festivales\/","url":"https:\/\/zeromagazine.mx\/index.php\/2026\/03\/15\/edicion-de-festival-hm-coleccion-festivales\/","name":"Edici\u00f3n de Festival H&amp;M: vibra - Zero Magazine","isPartOf":{"@id":"https:\/\/zeromagazine.mx\/#website"},"primaryImageOfPage":{"@id":"https:\/\/zeromagazine.mx\/index.php\/2026\/03\/15\/edicion-de-festival-hm-coleccion-festivales\/#primaryimage"},"image":{"@id":"https:\/\/zeromagazine.mx\/index.php\/2026\/03\/15\/edicion-de-festival-hm-coleccion-festivales\/#primaryimage"},"thumbnailUrl":"https:\/\/zeromagazine.mx\/wp-content\/uploads\/2026\/03\/FESTIVAL-1-scaled.avif","datePublished":"2026-03-15T20:30:13+00:00","dateModified":"2026-03-15T20:30:15+00:00","description":"Edici\u00f3n de Festival H&M: la colecci\u00f3n inspirada en conciertos y festivales con denim, transparencias y looks perfectos para la temporada musical.","breadcrumb":{"@id":"https:\/\/zeromagazine.mx\/index.php\/2026\/03\/15\/edicion-de-festival-hm-coleccion-festivales\/#breadcrumb"},"inLanguage":"es","potentialAction":[{"@type":"ReadAction","target":["https:\/\/zeromagazine.mx\/index.php\/2026\/03\/15\/edicion-de-festival-hm-coleccion-festivales\/"]}]},{"@type":"ImageObject","inLanguage":"es","@id":"https:\/\/zeromagazine.mx\/index.php\/2026\/03\/15\/edicion-de-festival-hm-coleccion-festivales\/#primaryimage","url":"https:\/\/zeromagazine.mx\/wp-content\/uploads\/2026\/03\/FESTIVAL-1-scaled.avif","contentUrl":"https:\/\/zeromagazine.mx\/wp-content\/uploads\/2026\/03\/FESTIVAL-1-scaled.avif","width":1707,"height":2560},{"@type":"BreadcrumbList","@id":"https:\/\/zeromagazine.mx\/index.php\/2026\/03\/15\/edicion-de-festival-hm-coleccion-festivales\/#breadcrumb","itemListElement":[{"@type":"ListItem","position":1,"name":"Portada","item":"https:\/\/zeromagazine.mx\/"},{"@type":"ListItem","position":2,"name":"Edici\u00f3n de Festival H&amp;M: vibra"}]},{"@type":"WebSite","@id":"https:\/\/zeromagazine.mx\/#website","url":"https:\/\/zeromagazine.mx\/","name":"Zero Magazine","description":"","publisher":{"@id":"https:\/\/zeromagazine.mx\/#organization"},"potentialAction":[{"@type":"SearchAction","target":{"@type":"EntryPoint","urlTemplate":"https:\/\/zeromagazine.mx\/?s={search_term_string}"},"query-input":{"@type":"PropertyValueSpecification","valueRequired":true,"valueName":"search_term_string"}}],"inLanguage":"es"},{"@type":"Organization","@id":"https:\/\/zeromagazine.mx\/#organization","name":"Zero Magazine","url":"https:\/\/zeromagazine.mx\/","logo":{"@type":"ImageObject","inLanguage":"es","@id":"https:\/\/zeromagazine.mx\/#\/schema\/logo\/image\/","url":"https:\/\/i0.wp.com\/zeromagazine.mx\/wp-content\/uploads\/2025\/11\/1.jpeg?fit=1000%2C1000&ssl=1","contentUrl":"https:\/\/i0.wp.com\/zeromagazine.mx\/wp-content\/uploads\/2025\/11\/1.jpeg?fit=1000%2C1000&ssl=1","width":1000,"height":1000,"caption":"Zero Magazine"},"image":{"@id":"https:\/\/zeromagazine.mx\/#\/schema\/logo\/image\/"},"sameAs":["https:\/\/instagram.com\/zeromagazinemx"]},{"@type":"Person","@id":"https:\/\/zeromagazine.mx\/#\/schema\/person\/9aed9f33a7c39af3a348b86d723f7773","name":"zeromagazinemx","image":{"@type":"ImageObject","inLanguage":"es","@id":"https:\/\/zeromagazine.mx\/wp-content\/litespeed\/avatar\/f91dfe5410d5dcb1a576bf8c45983896.jpg?ver=1776966396","url":"https:\/\/zeromagazine.mx\/wp-content\/litespeed\/avatar\/f91dfe5410d5dcb1a576bf8c45983896.jpg?ver=1776966396","contentUrl":"https:\/\/zeromagazine.mx\/wp-content\/litespeed\/avatar\/f91dfe5410d5dcb1a576bf8c45983896.jpg?ver=1776966396","caption":"zeromagazinemx"},"url":"https:\/\/zeromagazine.mx\/index.php\/author\/zeromagazinemx\/"}]}},"jetpack_publicize_connections":[],"jetpack_featured_media_url":"https:\/\/zeromagazine.mx\/wp-content\/uploads\/2026\/03\/FESTIVAL-1-scaled.avif","jetpack-related-posts":[{"id":99735,"url":"https:\/\/zeromagazine.mx\/index.php\/2025\/03\/26\/hm-s-s-2025-moda-y-libertad\/","url_meta":{"origin":116748,"position":0},"title":"H&amp;M S\/S 2025: Moda y Libertad","author":"David Morales","date":"26 de marzo de 2025","format":false,"excerpt":"Amix, prep\u00e1rense para dejarse llevar por la vibra festivalera porque H&M acaba de soltar una colecci\u00f3n brutal para la primavera-verano 2025. Esta vez, la marca nos trae un mood lleno de feminidad, libertad y un rollo bohemio que te har\u00e1 sentir imparable. Adem\u00e1s, lo mejor es que cada uno de\u2026","rel":"","context":"En \u00abModa\u00bb","block_context":{"text":"Moda","link":"https:\/\/zeromagazine.mx\/index.php\/category\/moda\/"},"img":{"alt_text":"","src":"https:\/\/i0.wp.com\/zeromagazine.mx\/wp-content\/uploads\/2025\/03\/1011B-Spring-Portrait-300ppi-05-scaled.jpg?fit=928%2C1200&ssl=1&resize=350%2C200","width":350,"height":200,"srcset":"https:\/\/i0.wp.com\/zeromagazine.mx\/wp-content\/uploads\/2025\/03\/1011B-Spring-Portrait-300ppi-05-scaled.jpg?fit=928%2C1200&ssl=1&resize=350%2C200 1x, https:\/\/i0.wp.com\/zeromagazine.mx\/wp-content\/uploads\/2025\/03\/1011B-Spring-Portrait-300ppi-05-scaled.jpg?fit=928%2C1200&ssl=1&resize=525%2C300 1.5x, https:\/\/i0.wp.com\/zeromagazine.mx\/wp-content\/uploads\/2025\/03\/1011B-Spring-Portrait-300ppi-05-scaled.jpg?fit=928%2C1200&ssl=1&resize=700%2C400 2x"},"classes":[]},{"id":99186,"url":"https:\/\/zeromagazine.mx\/index.php\/2025\/03\/20\/hm-y-pal-norte-combo-ganador\/","url_meta":{"origin":116748,"position":1},"title":"H&amp;M y Pal Norte: Combo Ganador","author":"David Morales","date":"20 de marzo de 2025","format":false,"excerpt":"Amix, si hay algo que nos mueve es la m\u00fasica y, obvio, la moda. Y si alguien sabe c\u00f3mo fusionar estos dos mundos, es H&M. Este a\u00f1o, la marca regresa a uno de los festivales m\u00e1s ic\u00f3nicos de M\u00e9xico: el Tecate Pal Norte. \u00bfEl objetivo? Llevar la autoexpresi\u00f3n al siguiente\u2026","rel":"","context":"En \u00abBlog\u00bb","block_context":{"text":"Blog","link":"https:\/\/zeromagazine.mx\/index.php\/category\/blog\/"},"img":{"alt_text":"","src":"https:\/\/i0.wp.com\/zeromagazine.mx\/wp-content\/uploads\/2025\/03\/Captura-de-pantalla-2025-03-20-103741.png?fit=322%2C319&ssl=1&resize=350%2C200","width":350,"height":200},"classes":[]},{"id":116991,"url":"https:\/\/zeromagazine.mx\/index.php\/2026\/03\/19\/festivales-en-estados-unidos-2026\/","url_meta":{"origin":116748,"position":2},"title":"La ruta de festivales en Estados Unidos que definir\u00e1 el verano 2026","author":"David Morales","date":"19 de marzo de 2026","format":false,"excerpt":"Seguir la m\u00fasica como si fuera un mapa es el plan perfecto para el verano, y los\u00a0festivales en Estados Unidos\u00a0lo hacen posible. Entre abril y septiembre, el pa\u00eds se llena de escenarios gigantes, viajes improvisados y outfits pensados para sobrevivir al clima, al polvo y a las horas de baile.\u2026","rel":"","context":"En \u00abBlog\u00bb","block_context":{"text":"Blog","link":"https:\/\/zeromagazine.mx\/index.php\/category\/blog\/"},"img":{"alt_text":"","src":"https:\/\/i0.wp.com\/zeromagazine.mx\/wp-content\/uploads\/2026\/03\/IMG_1784-scaled.png?fit=1200%2C740&ssl=1&resize=350%2C200","width":350,"height":200,"srcset":"https:\/\/i0.wp.com\/zeromagazine.mx\/wp-content\/uploads\/2026\/03\/IMG_1784-scaled.png?fit=1200%2C740&ssl=1&resize=350%2C200 1x, https:\/\/i0.wp.com\/zeromagazine.mx\/wp-content\/uploads\/2026\/03\/IMG_1784-scaled.png?fit=1200%2C740&ssl=1&resize=525%2C300 1.5x, https:\/\/i0.wp.com\/zeromagazine.mx\/wp-content\/uploads\/2026\/03\/IMG_1784-scaled.png?fit=1200%2C740&ssl=1&resize=700%2C400 2x, https:\/\/i0.wp.com\/zeromagazine.mx\/wp-content\/uploads\/2026\/03\/IMG_1784-scaled.png?fit=1200%2C740&ssl=1&resize=1050%2C600 3x"},"classes":[]},{"id":109366,"url":"https:\/\/zeromagazine.mx\/index.php\/2025\/10\/10\/american-eagle-guia-de-estilo-festivalera\/","url_meta":{"origin":116748,"position":3},"title":"American Eagle gu\u00eda de estilo: vibra con cada festival","author":"zeromagazinemx","date":"10 de octubre de 2025","format":false,"excerpt":"Si hay algo que define a los festivales, es la energ\u00eda. M\u00fasica, luces, outfits y memorias que se quedan pegadas en la piel. Y American Eagle gu\u00eda de estilo llega justo para eso: para que tu look se mueva contigo, sin perder el toque effortless pero lleno de personalidad. Esta\u2026","rel":"","context":"En \u00abModa\u00bb","block_context":{"text":"Moda","link":"https:\/\/zeromagazine.mx\/index.php\/category\/moda\/"},"img":{"alt_text":"","src":"https:\/\/i0.wp.com\/zeromagazine.mx\/wp-content\/uploads\/2025\/10\/imgi_32_0387_3757_001_ob.webp?fit=936%2C1200&ssl=1&resize=350%2C200","width":350,"height":200,"srcset":"https:\/\/i0.wp.com\/zeromagazine.mx\/wp-content\/uploads\/2025\/10\/imgi_32_0387_3757_001_ob.webp?fit=936%2C1200&ssl=1&resize=350%2C200 1x, https:\/\/i0.wp.com\/zeromagazine.mx\/wp-content\/uploads\/2025\/10\/imgi_32_0387_3757_001_ob.webp?fit=936%2C1200&ssl=1&resize=525%2C300 1.5x, https:\/\/i0.wp.com\/zeromagazine.mx\/wp-content\/uploads\/2025\/10\/imgi_32_0387_3757_001_ob.webp?fit=936%2C1200&ssl=1&resize=700%2C400 2x"},"classes":[]},{"id":83519,"url":"https:\/\/zeromagazine.mx\/index.php\/2024\/09\/06\/buchanans-y-mancandy-festival\/","url_meta":{"origin":116748,"position":4},"title":"\u00ab\u00a1Buchanan&#8217;s y Mancandy: Festival !\u00bb","author":"zeromagazinemx","date":"6 de septiembre de 2024","format":false,"excerpt":"Si eres fan de la m\u00fasica regional mexicana y te late el estilo urbano, te tengo news bien chidas. Buchanan\u2019s se une otra vez a uno de los festivales m\u00e1s \u00e9picos del a\u00f1o en la CDMX, y trae toda una vibe que mezcla la m\u00fasica, el fashion y los coctelitos\u2026","rel":"","context":"En \u00abModa\u00bb","block_context":{"text":"Moda","link":"https:\/\/zeromagazine.mx\/index.php\/category\/moda\/"},"img":{"alt_text":"","src":"https:\/\/i0.wp.com\/zeromagazine.mx\/wp-content\/uploads\/2024\/09\/BUCHANANS-X-MANCANDY.jpeg?fit=870%2C1182&ssl=1&resize=350%2C200","width":350,"height":200,"srcset":"https:\/\/i0.wp.com\/zeromagazine.mx\/wp-content\/uploads\/2024\/09\/BUCHANANS-X-MANCANDY.jpeg?fit=870%2C1182&ssl=1&resize=350%2C200 1x, https:\/\/i0.wp.com\/zeromagazine.mx\/wp-content\/uploads\/2024\/09\/BUCHANANS-X-MANCANDY.jpeg?fit=870%2C1182&ssl=1&resize=525%2C300 1.5x, https:\/\/i0.wp.com\/zeromagazine.mx\/wp-content\/uploads\/2024\/09\/BUCHANANS-X-MANCANDY.jpeg?fit=870%2C1182&ssl=1&resize=700%2C400 2x"},"classes":[]},{"id":116928,"url":"https:\/\/zeromagazine.mx\/index.php\/2026\/03\/18\/vive-latino-2026-festival-mexico\/","url_meta":{"origin":116748,"position":5},"title":"Vive Latino 2026 arras\u00f3 en CDMX","author":"David Morales","date":"18 de marzo de 2026","format":false,"excerpt":"El\u00a0Vive Latino 2026\u00a0dej\u00f3 claro por qu\u00e9 sigue siendo uno de los festivales m\u00e1s importantes de Am\u00e9rica Latina. Durante dos d\u00edas intensos de m\u00fasica, energ\u00eda colectiva y momentos inesperados, el\u00a0Vive Latino\u00a0volvi\u00f3 a convertir a la Ciudad de M\u00e9xico en el punto de encuentro para miles de fans que llegaron listos para\u2026","rel":"","context":"En \u00abBlog\u00bb","block_context":{"text":"Blog","link":"https:\/\/zeromagazine.mx\/index.php\/category\/blog\/"},"img":{"alt_text":"vive latino 2026 escenario principal del festival","src":"https:\/\/i0.wp.com\/zeromagazine.mx\/wp-content\/uploads\/2026\/03\/IMG_1770-scaled.jpeg?fit=1200%2C800&ssl=1&resize=350%2C200","width":350,"height":200,"srcset":"https:\/\/i0.wp.com\/zeromagazine.mx\/wp-content\/uploads\/2026\/03\/IMG_1770-scaled.jpeg?fit=1200%2C800&ssl=1&resize=350%2C200 1x, https:\/\/i0.wp.com\/zeromagazine.mx\/wp-content\/uploads\/2026\/03\/IMG_1770-scaled.jpeg?fit=1200%2C800&ssl=1&resize=525%2C300 1.5x, https:\/\/i0.wp.com\/zeromagazine.mx\/wp-content\/uploads\/2026\/03\/IMG_1770-scaled.jpeg?fit=1200%2C800&ssl=1&resize=700%2C400 2x, https:\/\/i0.wp.com\/zeromagazine.mx\/wp-content\/uploads\/2026\/03\/IMG_1770-scaled.jpeg?fit=1200%2C800&ssl=1&resize=1050%2C600 3x"},"classes":[]}],"jetpack_sharing_enabled":true,"builder_content":"","_links":{"self":[{"href":"https:\/\/zeromagazine.mx\/index.php\/wp-json\/wp\/v2\/posts\/116748","targetHints":{"allow":["GET"]}}],"collection":[{"href":"https:\/\/zeromagazine.mx\/index.php\/wp-json\/wp\/v2\/posts"}],"about":[{"href":"https:\/\/zeromagazine.mx\/index.php\/wp-json\/wp\/v2\/types\/post"}],"author":[{"embeddable":true,"href":"https:\/\/zeromagazine.mx\/index.php\/wp-json\/wp\/v2\/users\/2"}],"replies":[{"embeddable":true,"href":"https:\/\/zeromagazine.mx\/index.php\/wp-json\/wp\/v2\/comments?post=116748"}],"version-history":[{"count":2,"href":"https:\/\/zeromagazine.mx\/index.php\/wp-json\/wp\/v2\/posts\/116748\/revisions"}],"predecessor-version":[{"id":116754,"href":"https:\/\/zeromagazine.mx\/index.php\/wp-json\/wp\/v2\/posts\/116748\/revisions\/116754"}],"wp:featuredmedia":[{"embeddable":true,"href":"https:\/\/zeromagazine.mx\/index.php\/wp-json\/wp\/v2\/media\/116751"}],"wp:attachment":[{"href":"https:\/\/zeromagazine.mx\/index.php\/wp-json\/wp\/v2\/media?parent=116748"}],"wp:term":[{"taxonomy":"category","embeddable":true,"href":"https:\/\/zeromagazine.mx\/index.php\/wp-json\/wp\/v2\/categories?post=116748"},{"taxonomy":"post_tag","embeddable":true,"href":"https:\/\/zeromagazine.mx\/index.php\/wp-json\/wp\/v2\/tags?post=116748"}],"curies":[{"name":"wp","href":"https:\/\/api.w.org\/{rel}","templated":true}]}}