{"id":116762,"date":"2026-03-15T16:09:45","date_gmt":"2026-03-15T22:09:45","guid":{"rendered":"https:\/\/zeromagazine.mx\/?p=116762"},"modified":"2026-03-15T16:09:46","modified_gmt":"2026-03-15T22:09:46","slug":"zegna-biennale-venezia-arte-2026","status":"publish","type":"post","link":"https:\/\/zeromagazine.mx\/index.php\/2026\/03\/15\/zegna-biennale-venezia-arte-2026\/","title":{"rendered":"ZEGNA Biennale Venezia: arte vivo"},"content":{"rendered":"\n<p>La relaci\u00f3n entre moda, arte y paisaje acaba de sumar un nuevo cap\u00edtulo \u00e9pico. La marca italiana ZEGNA acaba de anunciar que ser\u00e1 el patrocinador principal del Pabell\u00f3n de Italia en la La Biennale di Venezia 2026, uno de los eventos de arte contempor\u00e1neo m\u00e1s influyentes del planeta. Y s\u00ed: si amas la moda que conecta con cultura, naturaleza y creatividad real, este momento merece toda tu atenci\u00f3n.<\/p>\n\n\n\n<p>Porque la <strong>ZEGNA Biennale Venezia<\/strong> no es solo un patrocinio m\u00e1s dentro del circuito art\u00edstico internacional. Es una declaraci\u00f3n de principios sobre c\u00f3mo la moda puede involucrarse en conversaciones culturales profundas, apoyar a artistas y, al mismo tiempo, construir una narrativa que va mucho m\u00e1s all\u00e1 de la pasarela.<\/p>\n\n\n\n<p>El proyecto elegido para el Pabell\u00f3n de Italia se llama <em>Con te con tutto<\/em> y est\u00e1 creado por la artista Chiara Camoni, con curadur\u00eda de Cecilia Canziani. La propuesta explora algo que resuena much\u00edsimo con el momento actual: c\u00f3mo nos relacionamos con el mundo, con la naturaleza y con los materiales que nos rodean.<\/p>\n\n\n\n<figure class=\"wp-block-image size-full\"><img data-recalc-dims=\"1\" decoding=\"async\" width=\"1165\" height=\"1747\" src=\"https:\/\/i0.wp.com\/zeromagazine.mx\/wp-content\/uploads\/2026\/03\/Cecilia-Canziani-Chiara-Camoni-scaled.jpg?resize=1165%2C1747&#038;ssl=1\" alt=\"\" class=\"wp-image-116763\" srcset=\"https:\/\/i0.wp.com\/zeromagazine.mx\/wp-content\/uploads\/2026\/03\/Cecilia-Canziani-Chiara-Camoni-scaled.jpg?w=1707&amp;ssl=1 1707w, https:\/\/i0.wp.com\/zeromagazine.mx\/wp-content\/uploads\/2026\/03\/Cecilia-Canziani-Chiara-Camoni-scaled.jpg?resize=200%2C300&amp;ssl=1 200w, https:\/\/i0.wp.com\/zeromagazine.mx\/wp-content\/uploads\/2026\/03\/Cecilia-Canziani-Chiara-Camoni-scaled.jpg?resize=683%2C1024&amp;ssl=1 683w, https:\/\/i0.wp.com\/zeromagazine.mx\/wp-content\/uploads\/2026\/03\/Cecilia-Canziani-Chiara-Camoni-scaled.jpg?resize=768%2C1151&amp;ssl=1 768w, https:\/\/i0.wp.com\/zeromagazine.mx\/wp-content\/uploads\/2026\/03\/Cecilia-Canziani-Chiara-Camoni-scaled.jpg?resize=1024%2C1536&amp;ssl=1 1024w, https:\/\/i0.wp.com\/zeromagazine.mx\/wp-content\/uploads\/2026\/03\/Cecilia-Canziani-Chiara-Camoni-scaled.jpg?resize=1366%2C2048&amp;ssl=1 1366w\" sizes=\"(max-width: 1165px) 100vw, 1165px\" \/><\/figure>\n\n\n\n<h2 class=\"wp-block-heading\">ZEGNA Biennale Venezia y el arte como di\u00e1logo<\/h2>\n\n\n\n<p>Primero, hay que entender por qu\u00e9 esta colaboraci\u00f3n importa. La <strong>ZEGNA Biennale Venezia<\/strong> conecta d\u00e9cadas de historia cultural de la marca con una de las plataformas m\u00e1s importantes para el arte contempor\u00e1neo.<\/p>\n\n\n\n<p>Desde sus inicios, ZEGNA ha tenido una relaci\u00f3n muy estrecha con el territorio y la naturaleza. Un ejemplo claro es Oasi Zegna, un enorme proyecto natural en el norte de Italia que mezcla paisaje, sostenibilidad y cultura. Ese lugar, de hecho, influye directamente en la obra de Camoni.<\/p>\n\n\n\n<p>Adem\u00e1s, el proyecto art\u00edstico incorpora elementos bot\u00e1nicos, minerales y textiles vinculados al ecosistema creativo de la marca. Es decir: el arte literalmente dialoga con el paisaje y con la tradici\u00f3n textil italiana.<\/p>\n\n\n\n<p>Mientras tanto, la conexi\u00f3n entre Camoni y Canziani con ZEGNA no surgi\u00f3 ayer. Su relaci\u00f3n se remonta a m\u00e1s de una d\u00e9cada, cuando colaboraron dentro de iniciativas culturales como ZegnArt y proyectos impulsados por la fundaci\u00f3n de la marca.<\/p>\n\n\n\n<p>Por eso, verlas liderar el Pabell\u00f3n de Italia ahora se siente como la evoluci\u00f3n natural de un proceso creativo que ha madurado durante a\u00f1os.<\/p>\n\n\n\n<p><\/p>\n\n\n\n<h2 class=\"wp-block-heading\">ZEGNA Biennale Venezia y el futuro cultural<\/h2>\n\n\n\n<p>Adem\u00e1s, la <strong>ZEGNA Biennale Venezia<\/strong> no se limita al evento en Venecia. En paralelo a la exposici\u00f3n internacional, la artista tambi\u00e9n presentar\u00e1 una muestra individual en Oasi Zegna, curada por Ilaria Bonacossa.<\/p>\n\n\n\n<p>Este movimiento ampl\u00eda el proyecto m\u00e1s all\u00e1 del circuito tradicional del arte. En lugar de quedarse solo dentro de la Bienal, la obra contin\u00faa su di\u00e1logo con la naturaleza y el paisaje real que inspir\u00f3 parte de su proceso creativo.<\/p>\n\n\n\n<p>Por otro lado, esta colaboraci\u00f3n tambi\u00e9n refleja la visi\u00f3n del actual liderazgo de la marca. Gildo Zegna, presidente ejecutivo del grupo, ha se\u00f1alado que apoyar el Pabell\u00f3n italiano es parte de una tradici\u00f3n que la empresa ha mantenido por m\u00e1s de un siglo: invertir en cultura, artesan\u00eda y creatividad italiana.<\/p>\n\n\n\n<p>Finalmente, la <strong>ZEGNA Biennale Venezia<\/strong> demuestra algo que cada vez vemos m\u00e1s claro en la moda contempor\u00e1nea: las marcas m\u00e1s interesantes ya no solo dise\u00f1an ropa. Tambi\u00e9n participan en conversaciones culturales, apoyan artistas y crean plataformas para nuevas ideas.<\/p>\n\n\n\n<p>Y cuando esa conversaci\u00f3n sucede en un evento tan influyente como la Bienal de Venecia, el impacto se siente en todo el mundo creativo.<\/p>\n\n\n\n<figure class=\"wp-block-image size-full\"><img data-recalc-dims=\"1\" decoding=\"async\" width=\"1165\" height=\"1664\" src=\"https:\/\/i0.wp.com\/zeromagazine.mx\/wp-content\/uploads\/2026\/03\/Con.te_.con_.tutto_-scaled.jpg?resize=1165%2C1664&#038;ssl=1\" alt=\"\" class=\"wp-image-116764\" srcset=\"https:\/\/i0.wp.com\/zeromagazine.mx\/wp-content\/uploads\/2026\/03\/Con.te_.con_.tutto_-scaled.jpg?w=1792&amp;ssl=1 1792w, https:\/\/i0.wp.com\/zeromagazine.mx\/wp-content\/uploads\/2026\/03\/Con.te_.con_.tutto_-scaled.jpg?resize=210%2C300&amp;ssl=1 210w, https:\/\/i0.wp.com\/zeromagazine.mx\/wp-content\/uploads\/2026\/03\/Con.te_.con_.tutto_-scaled.jpg?resize=717%2C1024&amp;ssl=1 717w, https:\/\/i0.wp.com\/zeromagazine.mx\/wp-content\/uploads\/2026\/03\/Con.te_.con_.tutto_-scaled.jpg?resize=768%2C1097&amp;ssl=1 768w, https:\/\/i0.wp.com\/zeromagazine.mx\/wp-content\/uploads\/2026\/03\/Con.te_.con_.tutto_-scaled.jpg?resize=1075%2C1536&amp;ssl=1 1075w, https:\/\/i0.wp.com\/zeromagazine.mx\/wp-content\/uploads\/2026\/03\/Con.te_.con_.tutto_-scaled.jpg?resize=1434%2C2048&amp;ssl=1 1434w\" sizes=\"(max-width: 1165px) 100vw, 1165px\" \/><\/figure>\n<!--themify_builder_content-->\n<div id=\"themify_builder_content-116762\" data-postid=\"116762\" class=\"themify_builder_content themify_builder_content-116762 themify_builder tf_clear\">\n    <\/div>\n<!--\/themify_builder_content-->\n","protected":false},"excerpt":{"rendered":"<p>La relaci\u00f3n entre moda, arte y paisaje acaba de sumar un nuevo cap\u00edtulo \u00e9pico. La marca italiana ZEGNA acaba de anunciar que ser\u00e1 el patrocinador principal del Pabell\u00f3n de Italia en la La Biennale di Venezia 2026, uno de los eventos de arte contempor\u00e1neo m\u00e1s influyentes del planeta. Y s\u00ed: si amas la moda que [&hellip;]<\/p>\n","protected":false},"author":2,"featured_media":116764,"comment_status":"open","ping_status":"open","sticky":false,"template":"","format":"standard","meta":{"_jetpack_memberships_contains_paid_content":false,"footnotes":"","jetpack_publicize_message":"","jetpack_publicize_feature_enabled":true,"jetpack_social_post_already_shared":true,"jetpack_social_options":{"image_generator_settings":{"template":"highway","default_image_id":0,"font":"","enabled":false},"version":2}},"categories":[1403],"tags":[],"class_list":["post-116762","post","type-post","status-publish","format-standard","has-post-thumbnail","hentry","category-diseno","has-post-title","has-post-date","has-post-category","has-post-tag","has-post-comment","has-post-author",""],"yoast_head":"<!-- This site is optimized with the Yoast SEO plugin v27.5 - https:\/\/yoast.com\/product\/yoast-seo-wordpress\/ -->\n<title>ZEGNA Biennale Venezia: arte vivo - Zero Magazine<\/title>\n<meta name=\"description\" content=\"ZEGNA Biennale Venezia: la marca patrocina el Pabell\u00f3n de Italia con el proyecto de Chiara Camoni en la Biennale di Venezia 2026.\" \/>\n<meta name=\"robots\" content=\"index, follow, max-snippet:-1, max-image-preview:large, max-video-preview:-1\" \/>\n<link rel=\"canonical\" href=\"https:\/\/zeromagazine.mx\/index.php\/2026\/03\/15\/zegna-biennale-venezia-arte-2026\/\" \/>\n<meta property=\"og:locale\" content=\"es_ES\" \/>\n<meta property=\"og:type\" content=\"article\" \/>\n<meta property=\"og:title\" content=\"ZEGNA Biennale Venezia: arte vivo - Zero Magazine\" \/>\n<meta property=\"og:description\" content=\"ZEGNA Biennale Venezia: la marca patrocina el Pabell\u00f3n de Italia con el proyecto de Chiara Camoni en la Biennale di Venezia 2026.\" \/>\n<meta property=\"og:url\" content=\"https:\/\/zeromagazine.mx\/index.php\/2026\/03\/15\/zegna-biennale-venezia-arte-2026\/\" \/>\n<meta property=\"og:site_name\" content=\"Zero Magazine\" \/>\n<meta property=\"article:published_time\" content=\"2026-03-15T22:09:45+00:00\" \/>\n<meta property=\"article:modified_time\" content=\"2026-03-15T22:09:46+00:00\" \/>\n<meta property=\"og:image\" content=\"http:\/\/zeromagazine.mx\/wp-content\/uploads\/2026\/03\/Con.te_.con_.tutto_-scaled.jpg\" \/>\n\t<meta property=\"og:image:width\" content=\"1792\" \/>\n\t<meta property=\"og:image:height\" content=\"2560\" \/>\n\t<meta property=\"og:image:type\" content=\"image\/jpeg\" \/>\n<meta name=\"author\" content=\"zeromagazinemx\" \/>\n<meta name=\"twitter:card\" content=\"summary_large_image\" \/>\n<meta name=\"twitter:label1\" content=\"Escrito por\" \/>\n\t<meta name=\"twitter:data1\" content=\"zeromagazinemx\" \/>\n\t<meta name=\"twitter:label2\" content=\"Tiempo de lectura\" \/>\n\t<meta name=\"twitter:data2\" content=\"4 minutos\" \/>\n<script type=\"application\/ld+json\" class=\"yoast-schema-graph\">{\"@context\":\"https:\\\/\\\/schema.org\",\"@graph\":[{\"@type\":\"Article\",\"@id\":\"https:\\\/\\\/zeromagazine.mx\\\/index.php\\\/2026\\\/03\\\/15\\\/zegna-biennale-venezia-arte-2026\\\/#article\",\"isPartOf\":{\"@id\":\"https:\\\/\\\/zeromagazine.mx\\\/index.php\\\/2026\\\/03\\\/15\\\/zegna-biennale-venezia-arte-2026\\\/\"},\"author\":{\"name\":\"zeromagazinemx\",\"@id\":\"https:\\\/\\\/zeromagazine.mx\\\/#\\\/schema\\\/person\\\/9aed9f33a7c39af3a348b86d723f7773\"},\"headline\":\"ZEGNA Biennale Venezia: arte vivo\",\"datePublished\":\"2026-03-15T22:09:45+00:00\",\"dateModified\":\"2026-03-15T22:09:46+00:00\",\"mainEntityOfPage\":{\"@id\":\"https:\\\/\\\/zeromagazine.mx\\\/index.php\\\/2026\\\/03\\\/15\\\/zegna-biennale-venezia-arte-2026\\\/\"},\"wordCount\":604,\"commentCount\":0,\"publisher\":{\"@id\":\"https:\\\/\\\/zeromagazine.mx\\\/#organization\"},\"image\":{\"@id\":\"https:\\\/\\\/zeromagazine.mx\\\/index.php\\\/2026\\\/03\\\/15\\\/zegna-biennale-venezia-arte-2026\\\/#primaryimage\"},\"thumbnailUrl\":\"https:\\\/\\\/i0.wp.com\\\/zeromagazine.mx\\\/wp-content\\\/uploads\\\/2026\\\/03\\\/Con.te_.con_.tutto_-scaled.jpg?fit=1792%2C2560&ssl=1\",\"articleSection\":[\"Dise\u00f1o\"],\"inLanguage\":\"es\",\"potentialAction\":[{\"@type\":\"CommentAction\",\"name\":\"Comment\",\"target\":[\"https:\\\/\\\/zeromagazine.mx\\\/index.php\\\/2026\\\/03\\\/15\\\/zegna-biennale-venezia-arte-2026\\\/#respond\"]}]},{\"@type\":\"WebPage\",\"@id\":\"https:\\\/\\\/zeromagazine.mx\\\/index.php\\\/2026\\\/03\\\/15\\\/zegna-biennale-venezia-arte-2026\\\/\",\"url\":\"https:\\\/\\\/zeromagazine.mx\\\/index.php\\\/2026\\\/03\\\/15\\\/zegna-biennale-venezia-arte-2026\\\/\",\"name\":\"ZEGNA Biennale Venezia: arte vivo - Zero Magazine\",\"isPartOf\":{\"@id\":\"https:\\\/\\\/zeromagazine.mx\\\/#website\"},\"primaryImageOfPage\":{\"@id\":\"https:\\\/\\\/zeromagazine.mx\\\/index.php\\\/2026\\\/03\\\/15\\\/zegna-biennale-venezia-arte-2026\\\/#primaryimage\"},\"image\":{\"@id\":\"https:\\\/\\\/zeromagazine.mx\\\/index.php\\\/2026\\\/03\\\/15\\\/zegna-biennale-venezia-arte-2026\\\/#primaryimage\"},\"thumbnailUrl\":\"https:\\\/\\\/i0.wp.com\\\/zeromagazine.mx\\\/wp-content\\\/uploads\\\/2026\\\/03\\\/Con.te_.con_.tutto_-scaled.jpg?fit=1792%2C2560&ssl=1\",\"datePublished\":\"2026-03-15T22:09:45+00:00\",\"dateModified\":\"2026-03-15T22:09:46+00:00\",\"description\":\"ZEGNA Biennale Venezia: la marca patrocina el Pabell\u00f3n de Italia con el proyecto de Chiara Camoni en la Biennale di Venezia 2026.\",\"breadcrumb\":{\"@id\":\"https:\\\/\\\/zeromagazine.mx\\\/index.php\\\/2026\\\/03\\\/15\\\/zegna-biennale-venezia-arte-2026\\\/#breadcrumb\"},\"inLanguage\":\"es\",\"potentialAction\":[{\"@type\":\"ReadAction\",\"target\":[\"https:\\\/\\\/zeromagazine.mx\\\/index.php\\\/2026\\\/03\\\/15\\\/zegna-biennale-venezia-arte-2026\\\/\"]}]},{\"@type\":\"ImageObject\",\"inLanguage\":\"es\",\"@id\":\"https:\\\/\\\/zeromagazine.mx\\\/index.php\\\/2026\\\/03\\\/15\\\/zegna-biennale-venezia-arte-2026\\\/#primaryimage\",\"url\":\"https:\\\/\\\/i0.wp.com\\\/zeromagazine.mx\\\/wp-content\\\/uploads\\\/2026\\\/03\\\/Con.te_.con_.tutto_-scaled.jpg?fit=1792%2C2560&ssl=1\",\"contentUrl\":\"https:\\\/\\\/i0.wp.com\\\/zeromagazine.mx\\\/wp-content\\\/uploads\\\/2026\\\/03\\\/Con.te_.con_.tutto_-scaled.jpg?fit=1792%2C2560&ssl=1\",\"width\":1792,\"height\":2560},{\"@type\":\"BreadcrumbList\",\"@id\":\"https:\\\/\\\/zeromagazine.mx\\\/index.php\\\/2026\\\/03\\\/15\\\/zegna-biennale-venezia-arte-2026\\\/#breadcrumb\",\"itemListElement\":[{\"@type\":\"ListItem\",\"position\":1,\"name\":\"Portada\",\"item\":\"https:\\\/\\\/zeromagazine.mx\\\/\"},{\"@type\":\"ListItem\",\"position\":2,\"name\":\"ZEGNA Biennale Venezia: arte vivo\"}]},{\"@type\":\"WebSite\",\"@id\":\"https:\\\/\\\/zeromagazine.mx\\\/#website\",\"url\":\"https:\\\/\\\/zeromagazine.mx\\\/\",\"name\":\"Zero Magazine\",\"description\":\"\",\"publisher\":{\"@id\":\"https:\\\/\\\/zeromagazine.mx\\\/#organization\"},\"potentialAction\":[{\"@type\":\"SearchAction\",\"target\":{\"@type\":\"EntryPoint\",\"urlTemplate\":\"https:\\\/\\\/zeromagazine.mx\\\/?s={search_term_string}\"},\"query-input\":{\"@type\":\"PropertyValueSpecification\",\"valueRequired\":true,\"valueName\":\"search_term_string\"}}],\"inLanguage\":\"es\"},{\"@type\":\"Organization\",\"@id\":\"https:\\\/\\\/zeromagazine.mx\\\/#organization\",\"name\":\"Zero Magazine\",\"url\":\"https:\\\/\\\/zeromagazine.mx\\\/\",\"logo\":{\"@type\":\"ImageObject\",\"inLanguage\":\"es\",\"@id\":\"https:\\\/\\\/zeromagazine.mx\\\/#\\\/schema\\\/logo\\\/image\\\/\",\"url\":\"https:\\\/\\\/i0.wp.com\\\/zeromagazine.mx\\\/wp-content\\\/uploads\\\/2025\\\/11\\\/1.jpeg?fit=1000%2C1000&ssl=1\",\"contentUrl\":\"https:\\\/\\\/i0.wp.com\\\/zeromagazine.mx\\\/wp-content\\\/uploads\\\/2025\\\/11\\\/1.jpeg?fit=1000%2C1000&ssl=1\",\"width\":1000,\"height\":1000,\"caption\":\"Zero Magazine\"},\"image\":{\"@id\":\"https:\\\/\\\/zeromagazine.mx\\\/#\\\/schema\\\/logo\\\/image\\\/\"},\"sameAs\":[\"https:\\\/\\\/instagram.com\\\/zeromagazinemx\"]},{\"@type\":\"Person\",\"@id\":\"https:\\\/\\\/zeromagazine.mx\\\/#\\\/schema\\\/person\\\/9aed9f33a7c39af3a348b86d723f7773\",\"name\":\"zeromagazinemx\",\"image\":{\"@type\":\"ImageObject\",\"inLanguage\":\"es\",\"@id\":\"https:\\\/\\\/zeromagazine.mx\\\/wp-content\\\/litespeed\\\/avatar\\\/f91dfe5410d5dcb1a576bf8c45983896.jpg?ver=1776966396\",\"url\":\"https:\\\/\\\/zeromagazine.mx\\\/wp-content\\\/litespeed\\\/avatar\\\/f91dfe5410d5dcb1a576bf8c45983896.jpg?ver=1776966396\",\"contentUrl\":\"https:\\\/\\\/zeromagazine.mx\\\/wp-content\\\/litespeed\\\/avatar\\\/f91dfe5410d5dcb1a576bf8c45983896.jpg?ver=1776966396\",\"caption\":\"zeromagazinemx\"},\"url\":\"https:\\\/\\\/zeromagazine.mx\\\/index.php\\\/author\\\/zeromagazinemx\\\/\"}]}<\/script>\n<!-- \/ Yoast SEO plugin. -->","yoast_head_json":{"title":"ZEGNA Biennale Venezia: arte vivo - Zero Magazine","description":"ZEGNA Biennale Venezia: la marca patrocina el Pabell\u00f3n de Italia con el proyecto de Chiara Camoni en la Biennale di Venezia 2026.","robots":{"index":"index","follow":"follow","max-snippet":"max-snippet:-1","max-image-preview":"max-image-preview:large","max-video-preview":"max-video-preview:-1"},"canonical":"https:\/\/zeromagazine.mx\/index.php\/2026\/03\/15\/zegna-biennale-venezia-arte-2026\/","og_locale":"es_ES","og_type":"article","og_title":"ZEGNA Biennale Venezia: arte vivo - Zero Magazine","og_description":"ZEGNA Biennale Venezia: la marca patrocina el Pabell\u00f3n de Italia con el proyecto de Chiara Camoni en la Biennale di Venezia 2026.","og_url":"https:\/\/zeromagazine.mx\/index.php\/2026\/03\/15\/zegna-biennale-venezia-arte-2026\/","og_site_name":"Zero Magazine","article_published_time":"2026-03-15T22:09:45+00:00","article_modified_time":"2026-03-15T22:09:46+00:00","og_image":[{"width":1792,"height":2560,"url":"http:\/\/zeromagazine.mx\/wp-content\/uploads\/2026\/03\/Con.te_.con_.tutto_-scaled.jpg","type":"image\/jpeg"}],"author":"zeromagazinemx","twitter_card":"summary_large_image","twitter_misc":{"Escrito por":"zeromagazinemx","Tiempo de lectura":"4 minutos"},"schema":{"@context":"https:\/\/schema.org","@graph":[{"@type":"Article","@id":"https:\/\/zeromagazine.mx\/index.php\/2026\/03\/15\/zegna-biennale-venezia-arte-2026\/#article","isPartOf":{"@id":"https:\/\/zeromagazine.mx\/index.php\/2026\/03\/15\/zegna-biennale-venezia-arte-2026\/"},"author":{"name":"zeromagazinemx","@id":"https:\/\/zeromagazine.mx\/#\/schema\/person\/9aed9f33a7c39af3a348b86d723f7773"},"headline":"ZEGNA Biennale Venezia: arte vivo","datePublished":"2026-03-15T22:09:45+00:00","dateModified":"2026-03-15T22:09:46+00:00","mainEntityOfPage":{"@id":"https:\/\/zeromagazine.mx\/index.php\/2026\/03\/15\/zegna-biennale-venezia-arte-2026\/"},"wordCount":604,"commentCount":0,"publisher":{"@id":"https:\/\/zeromagazine.mx\/#organization"},"image":{"@id":"https:\/\/zeromagazine.mx\/index.php\/2026\/03\/15\/zegna-biennale-venezia-arte-2026\/#primaryimage"},"thumbnailUrl":"https:\/\/i0.wp.com\/zeromagazine.mx\/wp-content\/uploads\/2026\/03\/Con.te_.con_.tutto_-scaled.jpg?fit=1792%2C2560&ssl=1","articleSection":["Dise\u00f1o"],"inLanguage":"es","potentialAction":[{"@type":"CommentAction","name":"Comment","target":["https:\/\/zeromagazine.mx\/index.php\/2026\/03\/15\/zegna-biennale-venezia-arte-2026\/#respond"]}]},{"@type":"WebPage","@id":"https:\/\/zeromagazine.mx\/index.php\/2026\/03\/15\/zegna-biennale-venezia-arte-2026\/","url":"https:\/\/zeromagazine.mx\/index.php\/2026\/03\/15\/zegna-biennale-venezia-arte-2026\/","name":"ZEGNA Biennale Venezia: arte vivo - Zero Magazine","isPartOf":{"@id":"https:\/\/zeromagazine.mx\/#website"},"primaryImageOfPage":{"@id":"https:\/\/zeromagazine.mx\/index.php\/2026\/03\/15\/zegna-biennale-venezia-arte-2026\/#primaryimage"},"image":{"@id":"https:\/\/zeromagazine.mx\/index.php\/2026\/03\/15\/zegna-biennale-venezia-arte-2026\/#primaryimage"},"thumbnailUrl":"https:\/\/i0.wp.com\/zeromagazine.mx\/wp-content\/uploads\/2026\/03\/Con.te_.con_.tutto_-scaled.jpg?fit=1792%2C2560&ssl=1","datePublished":"2026-03-15T22:09:45+00:00","dateModified":"2026-03-15T22:09:46+00:00","description":"ZEGNA Biennale Venezia: la marca patrocina el Pabell\u00f3n de Italia con el proyecto de Chiara Camoni en la Biennale di Venezia 2026.","breadcrumb":{"@id":"https:\/\/zeromagazine.mx\/index.php\/2026\/03\/15\/zegna-biennale-venezia-arte-2026\/#breadcrumb"},"inLanguage":"es","potentialAction":[{"@type":"ReadAction","target":["https:\/\/zeromagazine.mx\/index.php\/2026\/03\/15\/zegna-biennale-venezia-arte-2026\/"]}]},{"@type":"ImageObject","inLanguage":"es","@id":"https:\/\/zeromagazine.mx\/index.php\/2026\/03\/15\/zegna-biennale-venezia-arte-2026\/#primaryimage","url":"https:\/\/i0.wp.com\/zeromagazine.mx\/wp-content\/uploads\/2026\/03\/Con.te_.con_.tutto_-scaled.jpg?fit=1792%2C2560&ssl=1","contentUrl":"https:\/\/i0.wp.com\/zeromagazine.mx\/wp-content\/uploads\/2026\/03\/Con.te_.con_.tutto_-scaled.jpg?fit=1792%2C2560&ssl=1","width":1792,"height":2560},{"@type":"BreadcrumbList","@id":"https:\/\/zeromagazine.mx\/index.php\/2026\/03\/15\/zegna-biennale-venezia-arte-2026\/#breadcrumb","itemListElement":[{"@type":"ListItem","position":1,"name":"Portada","item":"https:\/\/zeromagazine.mx\/"},{"@type":"ListItem","position":2,"name":"ZEGNA Biennale Venezia: arte vivo"}]},{"@type":"WebSite","@id":"https:\/\/zeromagazine.mx\/#website","url":"https:\/\/zeromagazine.mx\/","name":"Zero Magazine","description":"","publisher":{"@id":"https:\/\/zeromagazine.mx\/#organization"},"potentialAction":[{"@type":"SearchAction","target":{"@type":"EntryPoint","urlTemplate":"https:\/\/zeromagazine.mx\/?s={search_term_string}"},"query-input":{"@type":"PropertyValueSpecification","valueRequired":true,"valueName":"search_term_string"}}],"inLanguage":"es"},{"@type":"Organization","@id":"https:\/\/zeromagazine.mx\/#organization","name":"Zero Magazine","url":"https:\/\/zeromagazine.mx\/","logo":{"@type":"ImageObject","inLanguage":"es","@id":"https:\/\/zeromagazine.mx\/#\/schema\/logo\/image\/","url":"https:\/\/i0.wp.com\/zeromagazine.mx\/wp-content\/uploads\/2025\/11\/1.jpeg?fit=1000%2C1000&ssl=1","contentUrl":"https:\/\/i0.wp.com\/zeromagazine.mx\/wp-content\/uploads\/2025\/11\/1.jpeg?fit=1000%2C1000&ssl=1","width":1000,"height":1000,"caption":"Zero Magazine"},"image":{"@id":"https:\/\/zeromagazine.mx\/#\/schema\/logo\/image\/"},"sameAs":["https:\/\/instagram.com\/zeromagazinemx"]},{"@type":"Person","@id":"https:\/\/zeromagazine.mx\/#\/schema\/person\/9aed9f33a7c39af3a348b86d723f7773","name":"zeromagazinemx","image":{"@type":"ImageObject","inLanguage":"es","@id":"https:\/\/zeromagazine.mx\/wp-content\/litespeed\/avatar\/f91dfe5410d5dcb1a576bf8c45983896.jpg?ver=1776966396","url":"https:\/\/zeromagazine.mx\/wp-content\/litespeed\/avatar\/f91dfe5410d5dcb1a576bf8c45983896.jpg?ver=1776966396","contentUrl":"https:\/\/zeromagazine.mx\/wp-content\/litespeed\/avatar\/f91dfe5410d5dcb1a576bf8c45983896.jpg?ver=1776966396","caption":"zeromagazinemx"},"url":"https:\/\/zeromagazine.mx\/index.php\/author\/zeromagazinemx\/"}]}},"jetpack_publicize_connections":[],"jetpack_featured_media_url":"https:\/\/i0.wp.com\/zeromagazine.mx\/wp-content\/uploads\/2026\/03\/Con.te_.con_.tutto_-scaled.jpg?fit=1792%2C2560&ssl=1","jetpack-related-posts":[{"id":83682,"url":"https:\/\/zeromagazine.mx\/index.php\/2024\/09\/11\/villa-zegna-nycs-fashion-immersion\/","url_meta":{"origin":116762,"position":0},"title":"VILLA ZEGNA: NYC\u2019s Fashion Immersion","author":"zeromagazinemx","date":"11 de septiembre de 2024","format":false,"excerpt":"\u00a1Holaaa Fashionistas! Si est\u00e1n buscando la \u00faltima novedad en el mundo del lujo y la moda, prep\u00e1rense para lo que ZEGNA est\u00e1 lanzando en la Gran Manzana. La ic\u00f3nica marca de moda italiana est\u00e1 llevando su experiencia \u201cVILLA ZEGNA\u201d a Nueva York, y cr\u00e9anme, no querr\u00e1n perderse esto. \u00bfListxs para\u2026","rel":"","context":"En \u00abEntretenimiento\u00bb","block_context":{"text":"Entretenimiento","link":"https:\/\/zeromagazine.mx\/index.php\/category\/entretenimiento\/"},"img":{"alt_text":"","src":"https:\/\/i0.wp.com\/zeromagazine.mx\/wp-content\/uploads\/2024\/09\/VILLA-ZEGNA-NYC_ELEVATOR.jpg?fit=1200%2C675&ssl=1&resize=350%2C200","width":350,"height":200,"srcset":"https:\/\/i0.wp.com\/zeromagazine.mx\/wp-content\/uploads\/2024\/09\/VILLA-ZEGNA-NYC_ELEVATOR.jpg?fit=1200%2C675&ssl=1&resize=350%2C200 1x, https:\/\/i0.wp.com\/zeromagazine.mx\/wp-content\/uploads\/2024\/09\/VILLA-ZEGNA-NYC_ELEVATOR.jpg?fit=1200%2C675&ssl=1&resize=525%2C300 1.5x, https:\/\/i0.wp.com\/zeromagazine.mx\/wp-content\/uploads\/2024\/09\/VILLA-ZEGNA-NYC_ELEVATOR.jpg?fit=1200%2C675&ssl=1&resize=700%2C400 2x, https:\/\/i0.wp.com\/zeromagazine.mx\/wp-content\/uploads\/2024\/09\/VILLA-ZEGNA-NYC_ELEVATOR.jpg?fit=1200%2C675&ssl=1&resize=1050%2C600 3x"},"classes":[]},{"id":109966,"url":"https:\/\/zeromagazine.mx\/index.php\/2025\/11\/03\/zegna-monterrey-reapertura-lujo\/","url_meta":{"origin":116762,"position":1},"title":"ZEGNA Monterrey: el nuevo lujo con alma italiana","author":"zeromagazinemx","date":"3 de noviembre de 2025","format":false,"excerpt":"Cuando el lujo se siente, se nota. Y eso es justo lo que logra ZEGNA Monterrey, la nueva versi\u00f3n del ic\u00f3nico Negozio que acaba de reabrir sus puertas en una de las ciudades m\u00e1s vibrantes de M\u00e9xico. Este espacio no solo es una tienda, es una experiencia que mezcla dise\u00f1o,\u2026","rel":"","context":"En \u00abModa\u00bb","block_context":{"text":"Moda","link":"https:\/\/zeromagazine.mx\/index.php\/category\/moda\/"},"img":{"alt_text":"","src":"https:\/\/i0.wp.com\/zeromagazine.mx\/wp-content\/uploads\/2025\/11\/1000038785-1-scaled.jpg?fit=800%2C1200&ssl=1&resize=350%2C200","width":350,"height":200,"srcset":"https:\/\/i0.wp.com\/zeromagazine.mx\/wp-content\/uploads\/2025\/11\/1000038785-1-scaled.jpg?fit=800%2C1200&ssl=1&resize=350%2C200 1x, https:\/\/i0.wp.com\/zeromagazine.mx\/wp-content\/uploads\/2025\/11\/1000038785-1-scaled.jpg?fit=800%2C1200&ssl=1&resize=525%2C300 1.5x, https:\/\/i0.wp.com\/zeromagazine.mx\/wp-content\/uploads\/2025\/11\/1000038785-1-scaled.jpg?fit=800%2C1200&ssl=1&resize=700%2C400 2x"},"classes":[]},{"id":93106,"url":"https:\/\/zeromagazine.mx\/index.php\/2024\/12\/13\/zegna-pequenos-lujos\/","url_meta":{"origin":116762,"position":2},"title":"Zegna Peque\u00f1os Lujos","author":"zeromagazinemx","date":"13 de diciembre de 2024","format":false,"excerpt":"Peque\u00f1os Lujos Zegna Amix, peque\u00f1os lujos Zegna tiene para ti La temporada de fiestas siempre est\u00e1 llena de magia, pero lo que realmente marca la diferencia son esos peque\u00f1os detalles que hacen que todo se sienta m\u00e1s especial. Este a\u00f1o, Zegna ha lanzado una selecci\u00f3n exclusiva de\u00a0Peque\u00f1os Lujos, dise\u00f1ados para\u2026","rel":"","context":"En \u00abModa\u00bb","block_context":{"text":"Moda","link":"https:\/\/zeromagazine.mx\/index.php\/category\/moda\/"},"img":{"alt_text":"","src":"https:\/\/i0.wp.com\/zeromagazine.mx\/wp-content\/uploads\/2024\/12\/EZ0252-5147E-F.jpg?fit=900%2C1200&ssl=1&resize=350%2C200","width":350,"height":200,"srcset":"https:\/\/i0.wp.com\/zeromagazine.mx\/wp-content\/uploads\/2024\/12\/EZ0252-5147E-F.jpg?fit=900%2C1200&ssl=1&resize=350%2C200 1x, https:\/\/i0.wp.com\/zeromagazine.mx\/wp-content\/uploads\/2024\/12\/EZ0252-5147E-F.jpg?fit=900%2C1200&ssl=1&resize=525%2C300 1.5x, https:\/\/i0.wp.com\/zeromagazine.mx\/wp-content\/uploads\/2024\/12\/EZ0252-5147E-F.jpg?fit=900%2C1200&ssl=1&resize=700%2C400 2x"},"classes":[]},{"id":118940,"url":"https:\/\/zeromagazine.mx\/index.php\/2026\/04\/18\/zegna-verano-italiano-2026\/","url_meta":{"origin":116762,"position":3},"title":"ZEGNA verano italiano perfecto","author":"Luis Trujano","date":"18 de abril de 2026","format":false,"excerpt":"Hay veranos\u2026 y luego est\u00e1 el ZEGNA verano italiano, que b\u00e1sicamente redefine todo lo que cre\u00edamos saber sobre lujo relajado. No es solo ropa bonita, es una vibra completa: lenta, elegante y sin esfuerzo. Esta temporada, ZEGNA nos transporta directo al Lago Maggiore, ese spot donde el tiempo parece moverse\u2026","rel":"","context":"En \u00abModa\u00bb","block_context":{"text":"Moda","link":"https:\/\/zeromagazine.mx\/index.php\/category\/moda\/"},"img":{"alt_text":"","src":"https:\/\/i0.wp.com\/zeromagazine.mx\/wp-content\/uploads\/2026\/04\/IMG_6713.jpeg?fit=960%2C1200&ssl=1&resize=350%2C200","width":350,"height":200,"srcset":"https:\/\/i0.wp.com\/zeromagazine.mx\/wp-content\/uploads\/2026\/04\/IMG_6713.jpeg?fit=960%2C1200&ssl=1&resize=350%2C200 1x, https:\/\/i0.wp.com\/zeromagazine.mx\/wp-content\/uploads\/2026\/04\/IMG_6713.jpeg?fit=960%2C1200&ssl=1&resize=525%2C300 1.5x, https:\/\/i0.wp.com\/zeromagazine.mx\/wp-content\/uploads\/2026\/04\/IMG_6713.jpeg?fit=960%2C1200&ssl=1&resize=700%2C400 2x"},"classes":[]},{"id":107972,"url":"https:\/\/zeromagazine.mx\/index.php\/2025\/09\/08\/zegna-fw25-torino-sastreria\/","url_meta":{"origin":116762,"position":4},"title":"Torino, la nueva era de ZEGNA","author":"David Morales","date":"8 de septiembre de 2025","format":false,"excerpt":"En la moda hay piezas que trascienden temporadas y otras que definen un legado. ZEGNA, la casa italiana que lleva m\u00e1s de un siglo perfeccionando el arte de la sastrer\u00eda, regresa este Oto\u00f1o\/Invierno 2025 con una propuesta que no es simplemente un traje: es una declaraci\u00f3n. Se llama\u00a0Torino, y es\u2026","rel":"","context":"En \u00abModa\u00bb","block_context":{"text":"Moda","link":"https:\/\/zeromagazine.mx\/index.php\/category\/moda\/"},"img":{"alt_text":"","src":"https:\/\/i0.wp.com\/zeromagazine.mx\/wp-content\/uploads\/2025\/09\/MADS-MIKKELSEN_ZEGNA-WINTER-2025-ADV-CAMPAIGN-2.jpeg?fit=910%2C1200&ssl=1&resize=350%2C200","width":350,"height":200,"srcset":"https:\/\/i0.wp.com\/zeromagazine.mx\/wp-content\/uploads\/2025\/09\/MADS-MIKKELSEN_ZEGNA-WINTER-2025-ADV-CAMPAIGN-2.jpeg?fit=910%2C1200&ssl=1&resize=350%2C200 1x, https:\/\/i0.wp.com\/zeromagazine.mx\/wp-content\/uploads\/2025\/09\/MADS-MIKKELSEN_ZEGNA-WINTER-2025-ADV-CAMPAIGN-2.jpeg?fit=910%2C1200&ssl=1&resize=525%2C300 1.5x, https:\/\/i0.wp.com\/zeromagazine.mx\/wp-content\/uploads\/2025\/09\/MADS-MIKKELSEN_ZEGNA-WINTER-2025-ADV-CAMPAIGN-2.jpeg?fit=910%2C1200&ssl=1&resize=700%2C400 2x"},"classes":[]},{"id":98820,"url":"https:\/\/zeromagazine.mx\/index.php\/2025\/03\/18\/primavera-al-estilo-zegna\/","url_meta":{"origin":116762,"position":5},"title":"Primavera Al Estilo ZEGNA","author":"David Morales","date":"18 de marzo de 2025","format":false,"excerpt":"Amix, ZEGNA nos traer una moda de primavera que redefine lo cl\u00e1sico sin perder sofisticaci\u00f3n; pues la marca celebra la temporada con una nueva colecci\u00f3n, compuesta por prendas artesanales que capturan la esencia del lujo discreto. As\u00ed que, si buscas un estilo que nunca falla con piezas atemporales y vers\u00e1tiles,\u2026","rel":"","context":"En \u00abModa\u00bb","block_context":{"text":"Moda","link":"https:\/\/zeromagazine.mx\/index.php\/category\/moda\/"},"img":{"alt_text":"","src":"https:\/\/i0.wp.com\/zeromagazine.mx\/wp-content\/uploads\/2025\/03\/UFH92A9-143-100-D.jpg?fit=900%2C1200&ssl=1&resize=350%2C200","width":350,"height":200,"srcset":"https:\/\/i0.wp.com\/zeromagazine.mx\/wp-content\/uploads\/2025\/03\/UFH92A9-143-100-D.jpg?fit=900%2C1200&ssl=1&resize=350%2C200 1x, https:\/\/i0.wp.com\/zeromagazine.mx\/wp-content\/uploads\/2025\/03\/UFH92A9-143-100-D.jpg?fit=900%2C1200&ssl=1&resize=525%2C300 1.5x, https:\/\/i0.wp.com\/zeromagazine.mx\/wp-content\/uploads\/2025\/03\/UFH92A9-143-100-D.jpg?fit=900%2C1200&ssl=1&resize=700%2C400 2x"},"classes":[]}],"jetpack_sharing_enabled":true,"builder_content":"","_links":{"self":[{"href":"https:\/\/zeromagazine.mx\/index.php\/wp-json\/wp\/v2\/posts\/116762","targetHints":{"allow":["GET"]}}],"collection":[{"href":"https:\/\/zeromagazine.mx\/index.php\/wp-json\/wp\/v2\/posts"}],"about":[{"href":"https:\/\/zeromagazine.mx\/index.php\/wp-json\/wp\/v2\/types\/post"}],"author":[{"embeddable":true,"href":"https:\/\/zeromagazine.mx\/index.php\/wp-json\/wp\/v2\/users\/2"}],"replies":[{"embeddable":true,"href":"https:\/\/zeromagazine.mx\/index.php\/wp-json\/wp\/v2\/comments?post=116762"}],"version-history":[{"count":1,"href":"https:\/\/zeromagazine.mx\/index.php\/wp-json\/wp\/v2\/posts\/116762\/revisions"}],"predecessor-version":[{"id":116765,"href":"https:\/\/zeromagazine.mx\/index.php\/wp-json\/wp\/v2\/posts\/116762\/revisions\/116765"}],"wp:featuredmedia":[{"embeddable":true,"href":"https:\/\/zeromagazine.mx\/index.php\/wp-json\/wp\/v2\/media\/116764"}],"wp:attachment":[{"href":"https:\/\/zeromagazine.mx\/index.php\/wp-json\/wp\/v2\/media?parent=116762"}],"wp:term":[{"taxonomy":"category","embeddable":true,"href":"https:\/\/zeromagazine.mx\/index.php\/wp-json\/wp\/v2\/categories?post=116762"},{"taxonomy":"post_tag","embeddable":true,"href":"https:\/\/zeromagazine.mx\/index.php\/wp-json\/wp\/v2\/tags?post=116762"}],"curies":[{"name":"wp","href":"https:\/\/api.w.org\/{rel}","templated":true}]}}