{"id":116779,"date":"2026-03-15T16:33:57","date_gmt":"2026-03-15T22:33:57","guid":{"rendered":"https:\/\/zeromagazine.mx\/?p=116779"},"modified":"2026-03-15T16:33:58","modified_gmt":"2026-03-15T22:33:58","slug":"birkenstock-utti-lace-zapato-urbano","status":"publish","type":"post","link":"https:\/\/zeromagazine.mx\/index.php\/2026\/03\/15\/birkenstock-utti-lace-zapato-urbano\/","title":{"rendered":"Birkenstock Utti Lace conquista la ciudad"},"content":{"rendered":"\n<p>Durante a\u00f1os, cuando pens\u00e1bamos en Birkenstock, la imagen era clara: sandalias c\u00f3modas, correas gruesas y una vibra effortless que parec\u00eda vivir eternamente entre verano y vacaciones. Pero el universo de la marca lleva tiempo evolucionando y ahora lo vuelve a demostrar con el lanzamiento de Birkenstock Utti Lace, un modelo que mezcla la est\u00e9tica cl\u00e1sica del mocas\u00edn con la comodidad anat\u00f3mica que hizo famosa a la firma alemana.<\/p>\n\n\n\n<p>Este nuevo par llega justo cuando el street style est\u00e1 obsesionado con el calzado h\u00edbrido: piezas que funcionan para caminar toda la ciudad, pero que tambi\u00e9n elevan un look sin demasiado esfuerzo. El resultado es un zapato cerrado con actitud relajada, pero con suficiente personalidad para convertirse en uno de los favoritos del a\u00f1o.<\/p>\n\n\n\n<p>Adem\u00e1s, si algo define este momento de la moda es la b\u00fasqueda de piezas vers\u00e1tiles. Nadie quiere un zapato que solo funcione en una ocasi\u00f3n espec\u00edfica. Por eso, el Utti Lace se presenta como esa pieza que se adapta a diferentes moods: desde outfits minimalistas hasta combinaciones m\u00e1s experimentales.<\/p>\n\n\n\n<figure class=\"wp-block-image size-full\"><img data-recalc-dims=\"1\" decoding=\"async\" width=\"1165\" height=\"1747\" src=\"https:\/\/i0.wp.com\/zeromagazine.mx\/wp-content\/uploads\/2026\/03\/26SS_HowToWear_OM_1030035_076-scaled.jpg?resize=1165%2C1747&#038;ssl=1\" alt=\"\" class=\"wp-image-116780\" srcset=\"https:\/\/i0.wp.com\/zeromagazine.mx\/wp-content\/uploads\/2026\/03\/26SS_HowToWear_OM_1030035_076-scaled.jpg?w=1707&amp;ssl=1 1707w, https:\/\/i0.wp.com\/zeromagazine.mx\/wp-content\/uploads\/2026\/03\/26SS_HowToWear_OM_1030035_076-scaled.jpg?resize=200%2C300&amp;ssl=1 200w, https:\/\/i0.wp.com\/zeromagazine.mx\/wp-content\/uploads\/2026\/03\/26SS_HowToWear_OM_1030035_076-scaled.jpg?resize=683%2C1024&amp;ssl=1 683w, https:\/\/i0.wp.com\/zeromagazine.mx\/wp-content\/uploads\/2026\/03\/26SS_HowToWear_OM_1030035_076-scaled.jpg?resize=768%2C1152&amp;ssl=1 768w, https:\/\/i0.wp.com\/zeromagazine.mx\/wp-content\/uploads\/2026\/03\/26SS_HowToWear_OM_1030035_076-scaled.jpg?resize=1024%2C1536&amp;ssl=1 1024w, https:\/\/i0.wp.com\/zeromagazine.mx\/wp-content\/uploads\/2026\/03\/26SS_HowToWear_OM_1030035_076-scaled.jpg?resize=1365%2C2048&amp;ssl=1 1365w\" sizes=\"(max-width: 1165px) 100vw, 1165px\" \/><figcaption class=\"wp-element-caption\">r1030035  n1030132<br>UTTI LACE<br>BASALT GRAY | SUEDE LEATHER<\/figcaption><\/figure>\n\n\n\n<h2 class=\"wp-block-heading\"><strong>Birkenstock Utti Lace: el mocas\u00edn que se vuelve urbano<\/strong><\/h2>\n\n\n\n<p>El <strong>Birkenstock Utti Lace<\/strong> toma inspiraci\u00f3n directa del mocas\u00edn tradicional, pero lo reinterpreta con un enfoque contempor\u00e1neo. La silueta es suave, org\u00e1nica y pensada para seguir la forma natural del pie. El resultado: un zapato que se siente tan c\u00f3modo como se ve cool.<\/p>\n\n\n\n<p>La construcci\u00f3n en piel de ante de alta calidad le da un aire relajado pero sofisticado. A esto se suman costuras visibles que evocan un trabajo artesanal un detalle que conecta con la tendencia actual de valorar procesos y materiales m\u00e1s duraderos.<\/p>\n\n\n\n<p>Por otro lado, el interior del zapato integra la plantilla <strong>Deep Blue<\/strong>, un sistema multicapa dise\u00f1ado para reproducir la forma natural del pie y ofrecer una pisada m\u00e1s ergon\u00f3mica. En t\u00e9rminos simples: es el tipo de calzado que puedes usar durante horas sin pensar demasiado en \u00e9l.<\/p>\n\n\n\n<p>Y eso es justo lo que lo hace tan relevante hoy.<\/p>\n\n\n\n<figure class=\"wp-block-image size-full\"><img data-recalc-dims=\"1\" decoding=\"async\" width=\"1165\" height=\"777\" src=\"https:\/\/i0.wp.com\/zeromagazine.mx\/wp-content\/uploads\/2026\/03\/26SS_HowToWear_OM_1030035_112-scaled.jpg?resize=1165%2C777&#038;ssl=1\" alt=\"\" class=\"wp-image-116781\" srcset=\"https:\/\/i0.wp.com\/zeromagazine.mx\/wp-content\/uploads\/2026\/03\/26SS_HowToWear_OM_1030035_112-scaled.jpg?w=2560&amp;ssl=1 2560w, https:\/\/i0.wp.com\/zeromagazine.mx\/wp-content\/uploads\/2026\/03\/26SS_HowToWear_OM_1030035_112-scaled.jpg?resize=300%2C200&amp;ssl=1 300w, https:\/\/i0.wp.com\/zeromagazine.mx\/wp-content\/uploads\/2026\/03\/26SS_HowToWear_OM_1030035_112-scaled.jpg?resize=1024%2C683&amp;ssl=1 1024w, https:\/\/i0.wp.com\/zeromagazine.mx\/wp-content\/uploads\/2026\/03\/26SS_HowToWear_OM_1030035_112-scaled.jpg?resize=768%2C512&amp;ssl=1 768w, https:\/\/i0.wp.com\/zeromagazine.mx\/wp-content\/uploads\/2026\/03\/26SS_HowToWear_OM_1030035_112-scaled.jpg?resize=1536%2C1024&amp;ssl=1 1536w, https:\/\/i0.wp.com\/zeromagazine.mx\/wp-content\/uploads\/2026\/03\/26SS_HowToWear_OM_1030035_112-scaled.jpg?resize=2048%2C1365&amp;ssl=1 2048w, https:\/\/i0.wp.com\/zeromagazine.mx\/wp-content\/uploads\/2026\/03\/26SS_HowToWear_OM_1030035_112-scaled.jpg?w=2330 2330w\" sizes=\"(max-width: 1165px) 100vw, 1165px\" \/><figcaption class=\"wp-element-caption\">r1030035  n1030132<br>UTTI LACE<br>BASALT GRAY | SUEDE LEATHER<\/figcaption><\/figure>\n\n\n\n<h2 class=\"wp-block-heading\"><strong>Birkenstock Utti Lace y la tendencia h\u00edbrida<\/strong><\/h2>\n\n\n\n<p>Actualmente, el mercado del calzado vive una especie de fusi\u00f3n est\u00e9tica. Sneakers, loafers y slip-ons se mezclan en siluetas nuevas que priorizan comodidad y estilo al mismo tiempo. El <strong>Birkenstock Utti Lace<\/strong> entra exactamente en ese territorio.<\/p>\n\n\n\n<p>Su dise\u00f1o unisex permite que funcione con diferentes estilos personales. Puede verse incre\u00edble con denim relajado, pantalones utilitarios o incluso con sastrer\u00eda m\u00e1s casual. Es ese tipo de pieza que parece sencilla, pero que termina transformando todo el outfit.<\/p>\n\n\n\n<p>Adem\u00e1s, la versatilidad del modelo encaja perfectamente con el ritmo urbano actual. Entre d\u00edas largos, traslados por la ciudad y planes espont\u00e1neos, tener un zapato que se adapte a diferentes escenarios se vuelve casi esencial.<\/p>\n\n\n\n<p>Finalmente, el Utti Lace confirma algo que la moda lleva tiempo se\u00f1alando: la comodidad dej\u00f3 de ser un extra para convertirse en parte central del estilo. Ya no se trata solo de verse bien, sino de sentirse bien mientras lo haces.<\/p>\n\n\n\n<p>Y si hay algo que Birkenstock sabe hacer, es exactamente eso.<\/p>\n\n\n\n<figure class=\"wp-block-image size-full\"><img data-recalc-dims=\"1\" decoding=\"async\" width=\"1165\" height=\"777\" src=\"https:\/\/i0.wp.com\/zeromagazine.mx\/wp-content\/uploads\/2026\/03\/26SS_HowToWear_OM_1030035_089-scaled.jpg?resize=1165%2C777&#038;ssl=1\" alt=\"\" class=\"wp-image-116782\" srcset=\"https:\/\/i0.wp.com\/zeromagazine.mx\/wp-content\/uploads\/2026\/03\/26SS_HowToWear_OM_1030035_089-scaled.jpg?w=2560&amp;ssl=1 2560w, https:\/\/i0.wp.com\/zeromagazine.mx\/wp-content\/uploads\/2026\/03\/26SS_HowToWear_OM_1030035_089-scaled.jpg?resize=300%2C200&amp;ssl=1 300w, https:\/\/i0.wp.com\/zeromagazine.mx\/wp-content\/uploads\/2026\/03\/26SS_HowToWear_OM_1030035_089-scaled.jpg?resize=1024%2C683&amp;ssl=1 1024w, https:\/\/i0.wp.com\/zeromagazine.mx\/wp-content\/uploads\/2026\/03\/26SS_HowToWear_OM_1030035_089-scaled.jpg?resize=768%2C512&amp;ssl=1 768w, https:\/\/i0.wp.com\/zeromagazine.mx\/wp-content\/uploads\/2026\/03\/26SS_HowToWear_OM_1030035_089-scaled.jpg?resize=1536%2C1024&amp;ssl=1 1536w, https:\/\/i0.wp.com\/zeromagazine.mx\/wp-content\/uploads\/2026\/03\/26SS_HowToWear_OM_1030035_089-scaled.jpg?resize=2048%2C1365&amp;ssl=1 2048w, https:\/\/i0.wp.com\/zeromagazine.mx\/wp-content\/uploads\/2026\/03\/26SS_HowToWear_OM_1030035_089-scaled.jpg?w=2330 2330w\" sizes=\"(max-width: 1165px) 100vw, 1165px\" \/><figcaption class=\"wp-element-caption\">r1030035  n1030132<br>UTTI LACE<br>BASALT GRAY | SUEDE LEATHER<\/figcaption><\/figure>\n<!--themify_builder_content-->\n<div id=\"themify_builder_content-116779\" data-postid=\"116779\" class=\"themify_builder_content themify_builder_content-116779 themify_builder tf_clear\">\n    <\/div>\n<!--\/themify_builder_content-->\n","protected":false},"excerpt":{"rendered":"<p>Durante a\u00f1os, cuando pens\u00e1bamos en Birkenstock, la imagen era clara: sandalias c\u00f3modas, correas gruesas y una vibra effortless que parec\u00eda vivir eternamente entre verano y vacaciones. Pero el universo de la marca lleva tiempo evolucionando y ahora lo vuelve a demostrar con el lanzamiento de Birkenstock Utti Lace, un modelo que mezcla la est\u00e9tica cl\u00e1sica [&hellip;]<\/p>\n","protected":false},"author":2,"featured_media":116781,"comment_status":"open","ping_status":"open","sticky":false,"template":"","format":"standard","meta":{"_jetpack_memberships_contains_paid_content":false,"footnotes":"","jetpack_publicize_message":"","jetpack_publicize_feature_enabled":true,"jetpack_social_post_already_shared":true,"jetpack_social_options":{"image_generator_settings":{"template":"highway","default_image_id":0,"font":"","enabled":false},"version":2}},"categories":[67],"tags":[],"class_list":["post-116779","post","type-post","status-publish","format-standard","has-post-thumbnail","hentry","category-moda","has-post-title","has-post-date","has-post-category","has-post-tag","has-post-comment","has-post-author",""],"yoast_head":"<!-- This site is optimized with the Yoast SEO plugin v27.5 - https:\/\/yoast.com\/product\/yoast-seo-wordpress\/ -->\n<title>Birkenstock Utti Lace conquista la ciudad - Zero Magazine<\/title>\n<meta name=\"description\" content=\"Birkenstock Utti Lace redefine el mocas\u00edn urbano con comodidad ic\u00f3nica y estilo vers\u00e1til para los looks m\u00e1s cool del a\u00f1o.\" \/>\n<meta name=\"robots\" content=\"index, follow, max-snippet:-1, max-image-preview:large, max-video-preview:-1\" \/>\n<link rel=\"canonical\" href=\"https:\/\/zeromagazine.mx\/index.php\/2026\/03\/15\/birkenstock-utti-lace-zapato-urbano\/\" \/>\n<meta property=\"og:locale\" content=\"es_ES\" \/>\n<meta property=\"og:type\" content=\"article\" \/>\n<meta property=\"og:title\" content=\"Birkenstock Utti Lace conquista la ciudad - Zero Magazine\" \/>\n<meta property=\"og:description\" content=\"Birkenstock Utti Lace redefine el mocas\u00edn urbano con comodidad ic\u00f3nica y estilo vers\u00e1til para los looks m\u00e1s cool del a\u00f1o.\" \/>\n<meta property=\"og:url\" content=\"https:\/\/zeromagazine.mx\/index.php\/2026\/03\/15\/birkenstock-utti-lace-zapato-urbano\/\" \/>\n<meta property=\"og:site_name\" content=\"Zero Magazine\" \/>\n<meta property=\"article:published_time\" content=\"2026-03-15T22:33:57+00:00\" \/>\n<meta property=\"article:modified_time\" content=\"2026-03-15T22:33:58+00:00\" \/>\n<meta property=\"og:image\" content=\"http:\/\/zeromagazine.mx\/wp-content\/uploads\/2026\/03\/26SS_HowToWear_OM_1030035_112-scaled.jpg\" \/>\n\t<meta property=\"og:image:width\" content=\"2560\" \/>\n\t<meta property=\"og:image:height\" content=\"1707\" \/>\n\t<meta property=\"og:image:type\" content=\"image\/jpeg\" \/>\n<meta name=\"author\" content=\"zeromagazinemx\" \/>\n<meta name=\"twitter:card\" content=\"summary_large_image\" \/>\n<meta name=\"twitter:label1\" content=\"Escrito por\" \/>\n\t<meta name=\"twitter:data1\" content=\"zeromagazinemx\" \/>\n\t<meta name=\"twitter:label2\" content=\"Tiempo de lectura\" \/>\n\t<meta name=\"twitter:data2\" content=\"4 minutos\" \/>\n<script type=\"application\/ld+json\" class=\"yoast-schema-graph\">{\"@context\":\"https:\\\/\\\/schema.org\",\"@graph\":[{\"@type\":\"Article\",\"@id\":\"https:\\\/\\\/zeromagazine.mx\\\/index.php\\\/2026\\\/03\\\/15\\\/birkenstock-utti-lace-zapato-urbano\\\/#article\",\"isPartOf\":{\"@id\":\"https:\\\/\\\/zeromagazine.mx\\\/index.php\\\/2026\\\/03\\\/15\\\/birkenstock-utti-lace-zapato-urbano\\\/\"},\"author\":{\"name\":\"zeromagazinemx\",\"@id\":\"https:\\\/\\\/zeromagazine.mx\\\/#\\\/schema\\\/person\\\/9aed9f33a7c39af3a348b86d723f7773\"},\"headline\":\"Birkenstock Utti Lace conquista la ciudad\",\"datePublished\":\"2026-03-15T22:33:57+00:00\",\"dateModified\":\"2026-03-15T22:33:58+00:00\",\"mainEntityOfPage\":{\"@id\":\"https:\\\/\\\/zeromagazine.mx\\\/index.php\\\/2026\\\/03\\\/15\\\/birkenstock-utti-lace-zapato-urbano\\\/\"},\"wordCount\":561,\"commentCount\":0,\"publisher\":{\"@id\":\"https:\\\/\\\/zeromagazine.mx\\\/#organization\"},\"image\":{\"@id\":\"https:\\\/\\\/zeromagazine.mx\\\/index.php\\\/2026\\\/03\\\/15\\\/birkenstock-utti-lace-zapato-urbano\\\/#primaryimage\"},\"thumbnailUrl\":\"https:\\\/\\\/i0.wp.com\\\/zeromagazine.mx\\\/wp-content\\\/uploads\\\/2026\\\/03\\\/26SS_HowToWear_OM_1030035_112-scaled.jpg?fit=2560%2C1707&ssl=1\",\"articleSection\":[\"Moda\"],\"inLanguage\":\"es\",\"potentialAction\":[{\"@type\":\"CommentAction\",\"name\":\"Comment\",\"target\":[\"https:\\\/\\\/zeromagazine.mx\\\/index.php\\\/2026\\\/03\\\/15\\\/birkenstock-utti-lace-zapato-urbano\\\/#respond\"]}]},{\"@type\":\"WebPage\",\"@id\":\"https:\\\/\\\/zeromagazine.mx\\\/index.php\\\/2026\\\/03\\\/15\\\/birkenstock-utti-lace-zapato-urbano\\\/\",\"url\":\"https:\\\/\\\/zeromagazine.mx\\\/index.php\\\/2026\\\/03\\\/15\\\/birkenstock-utti-lace-zapato-urbano\\\/\",\"name\":\"Birkenstock Utti Lace conquista la ciudad - Zero Magazine\",\"isPartOf\":{\"@id\":\"https:\\\/\\\/zeromagazine.mx\\\/#website\"},\"primaryImageOfPage\":{\"@id\":\"https:\\\/\\\/zeromagazine.mx\\\/index.php\\\/2026\\\/03\\\/15\\\/birkenstock-utti-lace-zapato-urbano\\\/#primaryimage\"},\"image\":{\"@id\":\"https:\\\/\\\/zeromagazine.mx\\\/index.php\\\/2026\\\/03\\\/15\\\/birkenstock-utti-lace-zapato-urbano\\\/#primaryimage\"},\"thumbnailUrl\":\"https:\\\/\\\/i0.wp.com\\\/zeromagazine.mx\\\/wp-content\\\/uploads\\\/2026\\\/03\\\/26SS_HowToWear_OM_1030035_112-scaled.jpg?fit=2560%2C1707&ssl=1\",\"datePublished\":\"2026-03-15T22:33:57+00:00\",\"dateModified\":\"2026-03-15T22:33:58+00:00\",\"description\":\"Birkenstock Utti Lace redefine el mocas\u00edn urbano con comodidad ic\u00f3nica y estilo vers\u00e1til para los looks m\u00e1s cool del a\u00f1o.\",\"breadcrumb\":{\"@id\":\"https:\\\/\\\/zeromagazine.mx\\\/index.php\\\/2026\\\/03\\\/15\\\/birkenstock-utti-lace-zapato-urbano\\\/#breadcrumb\"},\"inLanguage\":\"es\",\"potentialAction\":[{\"@type\":\"ReadAction\",\"target\":[\"https:\\\/\\\/zeromagazine.mx\\\/index.php\\\/2026\\\/03\\\/15\\\/birkenstock-utti-lace-zapato-urbano\\\/\"]}]},{\"@type\":\"ImageObject\",\"inLanguage\":\"es\",\"@id\":\"https:\\\/\\\/zeromagazine.mx\\\/index.php\\\/2026\\\/03\\\/15\\\/birkenstock-utti-lace-zapato-urbano\\\/#primaryimage\",\"url\":\"https:\\\/\\\/i0.wp.com\\\/zeromagazine.mx\\\/wp-content\\\/uploads\\\/2026\\\/03\\\/26SS_HowToWear_OM_1030035_112-scaled.jpg?fit=2560%2C1707&ssl=1\",\"contentUrl\":\"https:\\\/\\\/i0.wp.com\\\/zeromagazine.mx\\\/wp-content\\\/uploads\\\/2026\\\/03\\\/26SS_HowToWear_OM_1030035_112-scaled.jpg?fit=2560%2C1707&ssl=1\",\"width\":2560,\"height\":1707,\"caption\":\"r1030035 n1030132 UTTI LACE BASALT GRAY | SUEDE LEATHER\"},{\"@type\":\"BreadcrumbList\",\"@id\":\"https:\\\/\\\/zeromagazine.mx\\\/index.php\\\/2026\\\/03\\\/15\\\/birkenstock-utti-lace-zapato-urbano\\\/#breadcrumb\",\"itemListElement\":[{\"@type\":\"ListItem\",\"position\":1,\"name\":\"Portada\",\"item\":\"https:\\\/\\\/zeromagazine.mx\\\/\"},{\"@type\":\"ListItem\",\"position\":2,\"name\":\"Birkenstock Utti Lace conquista la ciudad\"}]},{\"@type\":\"WebSite\",\"@id\":\"https:\\\/\\\/zeromagazine.mx\\\/#website\",\"url\":\"https:\\\/\\\/zeromagazine.mx\\\/\",\"name\":\"Zero Magazine\",\"description\":\"\",\"publisher\":{\"@id\":\"https:\\\/\\\/zeromagazine.mx\\\/#organization\"},\"potentialAction\":[{\"@type\":\"SearchAction\",\"target\":{\"@type\":\"EntryPoint\",\"urlTemplate\":\"https:\\\/\\\/zeromagazine.mx\\\/?s={search_term_string}\"},\"query-input\":{\"@type\":\"PropertyValueSpecification\",\"valueRequired\":true,\"valueName\":\"search_term_string\"}}],\"inLanguage\":\"es\"},{\"@type\":\"Organization\",\"@id\":\"https:\\\/\\\/zeromagazine.mx\\\/#organization\",\"name\":\"Zero Magazine\",\"url\":\"https:\\\/\\\/zeromagazine.mx\\\/\",\"logo\":{\"@type\":\"ImageObject\",\"inLanguage\":\"es\",\"@id\":\"https:\\\/\\\/zeromagazine.mx\\\/#\\\/schema\\\/logo\\\/image\\\/\",\"url\":\"https:\\\/\\\/i0.wp.com\\\/zeromagazine.mx\\\/wp-content\\\/uploads\\\/2025\\\/11\\\/1.jpeg?fit=1000%2C1000&ssl=1\",\"contentUrl\":\"https:\\\/\\\/i0.wp.com\\\/zeromagazine.mx\\\/wp-content\\\/uploads\\\/2025\\\/11\\\/1.jpeg?fit=1000%2C1000&ssl=1\",\"width\":1000,\"height\":1000,\"caption\":\"Zero Magazine\"},\"image\":{\"@id\":\"https:\\\/\\\/zeromagazine.mx\\\/#\\\/schema\\\/logo\\\/image\\\/\"},\"sameAs\":[\"https:\\\/\\\/instagram.com\\\/zeromagazinemx\"]},{\"@type\":\"Person\",\"@id\":\"https:\\\/\\\/zeromagazine.mx\\\/#\\\/schema\\\/person\\\/9aed9f33a7c39af3a348b86d723f7773\",\"name\":\"zeromagazinemx\",\"image\":{\"@type\":\"ImageObject\",\"inLanguage\":\"es\",\"@id\":\"https:\\\/\\\/zeromagazine.mx\\\/wp-content\\\/litespeed\\\/avatar\\\/f91dfe5410d5dcb1a576bf8c45983896.jpg?ver=1776966396\",\"url\":\"https:\\\/\\\/zeromagazine.mx\\\/wp-content\\\/litespeed\\\/avatar\\\/f91dfe5410d5dcb1a576bf8c45983896.jpg?ver=1776966396\",\"contentUrl\":\"https:\\\/\\\/zeromagazine.mx\\\/wp-content\\\/litespeed\\\/avatar\\\/f91dfe5410d5dcb1a576bf8c45983896.jpg?ver=1776966396\",\"caption\":\"zeromagazinemx\"},\"url\":\"https:\\\/\\\/zeromagazine.mx\\\/index.php\\\/author\\\/zeromagazinemx\\\/\"}]}<\/script>\n<!-- \/ Yoast SEO plugin. -->","yoast_head_json":{"title":"Birkenstock Utti Lace conquista la ciudad - Zero Magazine","description":"Birkenstock Utti Lace redefine el mocas\u00edn urbano con comodidad ic\u00f3nica y estilo vers\u00e1til para los looks m\u00e1s cool del a\u00f1o.","robots":{"index":"index","follow":"follow","max-snippet":"max-snippet:-1","max-image-preview":"max-image-preview:large","max-video-preview":"max-video-preview:-1"},"canonical":"https:\/\/zeromagazine.mx\/index.php\/2026\/03\/15\/birkenstock-utti-lace-zapato-urbano\/","og_locale":"es_ES","og_type":"article","og_title":"Birkenstock Utti Lace conquista la ciudad - Zero Magazine","og_description":"Birkenstock Utti Lace redefine el mocas\u00edn urbano con comodidad ic\u00f3nica y estilo vers\u00e1til para los looks m\u00e1s cool del a\u00f1o.","og_url":"https:\/\/zeromagazine.mx\/index.php\/2026\/03\/15\/birkenstock-utti-lace-zapato-urbano\/","og_site_name":"Zero Magazine","article_published_time":"2026-03-15T22:33:57+00:00","article_modified_time":"2026-03-15T22:33:58+00:00","og_image":[{"width":2560,"height":1707,"url":"http:\/\/zeromagazine.mx\/wp-content\/uploads\/2026\/03\/26SS_HowToWear_OM_1030035_112-scaled.jpg","type":"image\/jpeg"}],"author":"zeromagazinemx","twitter_card":"summary_large_image","twitter_misc":{"Escrito por":"zeromagazinemx","Tiempo de lectura":"4 minutos"},"schema":{"@context":"https:\/\/schema.org","@graph":[{"@type":"Article","@id":"https:\/\/zeromagazine.mx\/index.php\/2026\/03\/15\/birkenstock-utti-lace-zapato-urbano\/#article","isPartOf":{"@id":"https:\/\/zeromagazine.mx\/index.php\/2026\/03\/15\/birkenstock-utti-lace-zapato-urbano\/"},"author":{"name":"zeromagazinemx","@id":"https:\/\/zeromagazine.mx\/#\/schema\/person\/9aed9f33a7c39af3a348b86d723f7773"},"headline":"Birkenstock Utti Lace conquista la ciudad","datePublished":"2026-03-15T22:33:57+00:00","dateModified":"2026-03-15T22:33:58+00:00","mainEntityOfPage":{"@id":"https:\/\/zeromagazine.mx\/index.php\/2026\/03\/15\/birkenstock-utti-lace-zapato-urbano\/"},"wordCount":561,"commentCount":0,"publisher":{"@id":"https:\/\/zeromagazine.mx\/#organization"},"image":{"@id":"https:\/\/zeromagazine.mx\/index.php\/2026\/03\/15\/birkenstock-utti-lace-zapato-urbano\/#primaryimage"},"thumbnailUrl":"https:\/\/i0.wp.com\/zeromagazine.mx\/wp-content\/uploads\/2026\/03\/26SS_HowToWear_OM_1030035_112-scaled.jpg?fit=2560%2C1707&ssl=1","articleSection":["Moda"],"inLanguage":"es","potentialAction":[{"@type":"CommentAction","name":"Comment","target":["https:\/\/zeromagazine.mx\/index.php\/2026\/03\/15\/birkenstock-utti-lace-zapato-urbano\/#respond"]}]},{"@type":"WebPage","@id":"https:\/\/zeromagazine.mx\/index.php\/2026\/03\/15\/birkenstock-utti-lace-zapato-urbano\/","url":"https:\/\/zeromagazine.mx\/index.php\/2026\/03\/15\/birkenstock-utti-lace-zapato-urbano\/","name":"Birkenstock Utti Lace conquista la ciudad - Zero Magazine","isPartOf":{"@id":"https:\/\/zeromagazine.mx\/#website"},"primaryImageOfPage":{"@id":"https:\/\/zeromagazine.mx\/index.php\/2026\/03\/15\/birkenstock-utti-lace-zapato-urbano\/#primaryimage"},"image":{"@id":"https:\/\/zeromagazine.mx\/index.php\/2026\/03\/15\/birkenstock-utti-lace-zapato-urbano\/#primaryimage"},"thumbnailUrl":"https:\/\/i0.wp.com\/zeromagazine.mx\/wp-content\/uploads\/2026\/03\/26SS_HowToWear_OM_1030035_112-scaled.jpg?fit=2560%2C1707&ssl=1","datePublished":"2026-03-15T22:33:57+00:00","dateModified":"2026-03-15T22:33:58+00:00","description":"Birkenstock Utti Lace redefine el mocas\u00edn urbano con comodidad ic\u00f3nica y estilo vers\u00e1til para los looks m\u00e1s cool del a\u00f1o.","breadcrumb":{"@id":"https:\/\/zeromagazine.mx\/index.php\/2026\/03\/15\/birkenstock-utti-lace-zapato-urbano\/#breadcrumb"},"inLanguage":"es","potentialAction":[{"@type":"ReadAction","target":["https:\/\/zeromagazine.mx\/index.php\/2026\/03\/15\/birkenstock-utti-lace-zapato-urbano\/"]}]},{"@type":"ImageObject","inLanguage":"es","@id":"https:\/\/zeromagazine.mx\/index.php\/2026\/03\/15\/birkenstock-utti-lace-zapato-urbano\/#primaryimage","url":"https:\/\/i0.wp.com\/zeromagazine.mx\/wp-content\/uploads\/2026\/03\/26SS_HowToWear_OM_1030035_112-scaled.jpg?fit=2560%2C1707&ssl=1","contentUrl":"https:\/\/i0.wp.com\/zeromagazine.mx\/wp-content\/uploads\/2026\/03\/26SS_HowToWear_OM_1030035_112-scaled.jpg?fit=2560%2C1707&ssl=1","width":2560,"height":1707,"caption":"r1030035 n1030132 UTTI LACE BASALT GRAY | SUEDE LEATHER"},{"@type":"BreadcrumbList","@id":"https:\/\/zeromagazine.mx\/index.php\/2026\/03\/15\/birkenstock-utti-lace-zapato-urbano\/#breadcrumb","itemListElement":[{"@type":"ListItem","position":1,"name":"Portada","item":"https:\/\/zeromagazine.mx\/"},{"@type":"ListItem","position":2,"name":"Birkenstock Utti Lace conquista la ciudad"}]},{"@type":"WebSite","@id":"https:\/\/zeromagazine.mx\/#website","url":"https:\/\/zeromagazine.mx\/","name":"Zero Magazine","description":"","publisher":{"@id":"https:\/\/zeromagazine.mx\/#organization"},"potentialAction":[{"@type":"SearchAction","target":{"@type":"EntryPoint","urlTemplate":"https:\/\/zeromagazine.mx\/?s={search_term_string}"},"query-input":{"@type":"PropertyValueSpecification","valueRequired":true,"valueName":"search_term_string"}}],"inLanguage":"es"},{"@type":"Organization","@id":"https:\/\/zeromagazine.mx\/#organization","name":"Zero Magazine","url":"https:\/\/zeromagazine.mx\/","logo":{"@type":"ImageObject","inLanguage":"es","@id":"https:\/\/zeromagazine.mx\/#\/schema\/logo\/image\/","url":"https:\/\/i0.wp.com\/zeromagazine.mx\/wp-content\/uploads\/2025\/11\/1.jpeg?fit=1000%2C1000&ssl=1","contentUrl":"https:\/\/i0.wp.com\/zeromagazine.mx\/wp-content\/uploads\/2025\/11\/1.jpeg?fit=1000%2C1000&ssl=1","width":1000,"height":1000,"caption":"Zero Magazine"},"image":{"@id":"https:\/\/zeromagazine.mx\/#\/schema\/logo\/image\/"},"sameAs":["https:\/\/instagram.com\/zeromagazinemx"]},{"@type":"Person","@id":"https:\/\/zeromagazine.mx\/#\/schema\/person\/9aed9f33a7c39af3a348b86d723f7773","name":"zeromagazinemx","image":{"@type":"ImageObject","inLanguage":"es","@id":"https:\/\/zeromagazine.mx\/wp-content\/litespeed\/avatar\/f91dfe5410d5dcb1a576bf8c45983896.jpg?ver=1776966396","url":"https:\/\/zeromagazine.mx\/wp-content\/litespeed\/avatar\/f91dfe5410d5dcb1a576bf8c45983896.jpg?ver=1776966396","contentUrl":"https:\/\/zeromagazine.mx\/wp-content\/litespeed\/avatar\/f91dfe5410d5dcb1a576bf8c45983896.jpg?ver=1776966396","caption":"zeromagazinemx"},"url":"https:\/\/zeromagazine.mx\/index.php\/author\/zeromagazinemx\/"}]}},"jetpack_publicize_connections":[],"jetpack_featured_media_url":"https:\/\/i0.wp.com\/zeromagazine.mx\/wp-content\/uploads\/2026\/03\/26SS_HowToWear_OM_1030035_112-scaled.jpg?fit=2560%2C1707&ssl=1","jetpack-related-posts":[{"id":116366,"url":"https:\/\/zeromagazine.mx\/index.php\/2026\/03\/04\/birkenstock-san-pedro-boutique-monterrey\/","url_meta":{"origin":116779,"position":0},"title":"Birkenstock San Pedro redefine el shopping premium","author":"Luis Trujano","date":"4 de marzo de 2026","format":false,"excerpt":"Si eres de quienes creen que la comodidad y el estilo s\u00ed pueden coexistir, hay una noticia que definitivamente te va a interesar. La ic\u00f3nica marca alemana Birkenstock acaba de abrir una nueva boutique en San Pedro Garza Garc\u00eda, dentro del elegante Paseo San Pedro, y el resultado es un\u2026","rel":"","context":"En \u00abModa\u00bb","block_context":{"text":"Moda","link":"https:\/\/zeromagazine.mx\/index.php\/category\/moda\/"},"img":{"alt_text":"","src":"https:\/\/i0.wp.com\/zeromagazine.mx\/wp-content\/uploads\/2026\/03\/IMG_6519.jpeg?fit=1200%2C800&ssl=1&resize=350%2C200","width":350,"height":200,"srcset":"https:\/\/i0.wp.com\/zeromagazine.mx\/wp-content\/uploads\/2026\/03\/IMG_6519.jpeg?fit=1200%2C800&ssl=1&resize=350%2C200 1x, https:\/\/i0.wp.com\/zeromagazine.mx\/wp-content\/uploads\/2026\/03\/IMG_6519.jpeg?fit=1200%2C800&ssl=1&resize=525%2C300 1.5x, https:\/\/i0.wp.com\/zeromagazine.mx\/wp-content\/uploads\/2026\/03\/IMG_6519.jpeg?fit=1200%2C800&ssl=1&resize=700%2C400 2x, https:\/\/i0.wp.com\/zeromagazine.mx\/wp-content\/uploads\/2026\/03\/IMG_6519.jpeg?fit=1200%2C800&ssl=1&resize=1050%2C600 3x"},"classes":[]},{"id":109832,"url":"https:\/\/zeromagazine.mx\/index.php\/2025\/11\/01\/boston-birkenstock-icono-de-comodidad\/","url_meta":{"origin":116779,"position":1},"title":"Boston Birkenstock: m\u00e1s que un clog, una actitud","author":"zeromagazinemx","date":"1 de noviembre de 2025","format":false,"excerpt":"El Boston Birkenstock no es solo un zapato. Es una vibra. Es ese momento en que entiendes que la moda ya no es solo verse bien, sino sentirse bien. Lo que empez\u00f3 como un modelo pr\u00e1ctico de los 70s se ha convertido en el calzado m\u00e1s deseado del 2025. Ni\u2026","rel":"","context":"En \u00abModa\u00bb","block_context":{"text":"Moda","link":"https:\/\/zeromagazine.mx\/index.php\/category\/moda\/"},"img":{"alt_text":"","src":"https:\/\/i0.wp.com\/zeromagazine.mx\/wp-content\/uploads\/2025\/11\/1000038365-scaled.jpg?fit=1200%2C800&ssl=1&resize=350%2C200","width":350,"height":200,"srcset":"https:\/\/i0.wp.com\/zeromagazine.mx\/wp-content\/uploads\/2025\/11\/1000038365-scaled.jpg?fit=1200%2C800&ssl=1&resize=350%2C200 1x, https:\/\/i0.wp.com\/zeromagazine.mx\/wp-content\/uploads\/2025\/11\/1000038365-scaled.jpg?fit=1200%2C800&ssl=1&resize=525%2C300 1.5x, https:\/\/i0.wp.com\/zeromagazine.mx\/wp-content\/uploads\/2025\/11\/1000038365-scaled.jpg?fit=1200%2C800&ssl=1&resize=700%2C400 2x, https:\/\/i0.wp.com\/zeromagazine.mx\/wp-content\/uploads\/2025\/11\/1000038365-scaled.jpg?fit=1200%2C800&ssl=1&resize=1050%2C600 3x"},"classes":[]},{"id":117681,"url":"https:\/\/zeromagazine.mx\/index.php\/2026\/04\/01\/sandalias-birkenstock-vacaciones-semana-santa\/","url_meta":{"origin":116779,"position":2},"title":"Sandalias Birkenstock vacaciones perfectas","author":"Luis Trujano","date":"1 de abril de 2026","format":false,"excerpt":"Seamos honestos: armar la maleta para vacaciones siempre es un caos\u2026 pero si hay algo que puede salvar TODO tu look (y tus pies), son unas buenas sandalias Birkenstock. Porque s\u00ed, ya no es solo comodidad, ahora tambi\u00e9n son full fashion moment. Esta temporada, la marca vuelve a posicionarse como\u2026","rel":"","context":"En \u00abModa\u00bb","block_context":{"text":"Moda","link":"https:\/\/zeromagazine.mx\/index.php\/category\/moda\/"},"img":{"alt_text":"","src":"https:\/\/i0.wp.com\/zeromagazine.mx\/wp-content\/uploads\/2026\/04\/IMG_6612.png?fit=1200%2C723&ssl=1&resize=350%2C200","width":350,"height":200,"srcset":"https:\/\/i0.wp.com\/zeromagazine.mx\/wp-content\/uploads\/2026\/04\/IMG_6612.png?fit=1200%2C723&ssl=1&resize=350%2C200 1x, https:\/\/i0.wp.com\/zeromagazine.mx\/wp-content\/uploads\/2026\/04\/IMG_6612.png?fit=1200%2C723&ssl=1&resize=525%2C300 1.5x, https:\/\/i0.wp.com\/zeromagazine.mx\/wp-content\/uploads\/2026\/04\/IMG_6612.png?fit=1200%2C723&ssl=1&resize=700%2C400 2x, https:\/\/i0.wp.com\/zeromagazine.mx\/wp-content\/uploads\/2026\/04\/IMG_6612.png?fit=1200%2C723&ssl=1&resize=1050%2C600 3x"},"classes":[]},{"id":117158,"url":"https:\/\/zeromagazine.mx\/index.php\/2026\/03\/23\/birkenstock-theda-sandalias-plataforma-2026\/","url_meta":{"origin":116779,"position":3},"title":"Birkenstock Theda est\u00e1 de vuelta","author":"Luis Trujano","date":"23 de marzo de 2026","format":false,"excerpt":"Si pensabas que ya hab\u00edamos visto todas las versiones posibles de sandalias chunky, Birkenstock Theda llega para demostrar que el confort tambi\u00e9n puede sentirse elevado \u2014literalmente. Este relanzamiento no es solo un throwback, es una reinterpretaci\u00f3n inteligente de lo que significa estilo en 2026. Adem\u00e1s, en un momento donde lo\u2026","rel":"","context":"En \u00abModa\u00bb","block_context":{"text":"Moda","link":"https:\/\/zeromagazine.mx\/index.php\/category\/moda\/"},"img":{"alt_text":"","src":"https:\/\/i0.wp.com\/zeromagazine.mx\/wp-content\/uploads\/2026\/03\/IMG_6583.png?fit=1200%2C753&ssl=1&resize=350%2C200","width":350,"height":200,"srcset":"https:\/\/i0.wp.com\/zeromagazine.mx\/wp-content\/uploads\/2026\/03\/IMG_6583.png?fit=1200%2C753&ssl=1&resize=350%2C200 1x, https:\/\/i0.wp.com\/zeromagazine.mx\/wp-content\/uploads\/2026\/03\/IMG_6583.png?fit=1200%2C753&ssl=1&resize=525%2C300 1.5x, https:\/\/i0.wp.com\/zeromagazine.mx\/wp-content\/uploads\/2026\/03\/IMG_6583.png?fit=1200%2C753&ssl=1&resize=700%2C400 2x, https:\/\/i0.wp.com\/zeromagazine.mx\/wp-content\/uploads\/2026\/03\/IMG_6583.png?fit=1200%2C753&ssl=1&resize=1050%2C600 3x"},"classes":[]},{"id":112637,"url":"https:\/\/zeromagazine.mx\/index.php\/2026\/01\/05\/birkenstock-kids-reyes-regalos\/","url_meta":{"origin":116779,"position":4},"title":"Birkenstock Kids Reyes","author":"Luis Trujano","date":"5 de enero de 2026","format":false,"excerpt":"\u00a0que s\u00ed valen la pena Hay regalos que se sienten incre\u00edbles el momento en que se abren\u2026 y hay otros que siguen dando puntos durante todo el a\u00f1o. Justo ah\u00ed entra Birkenstock Kids Reyes, una idea que mezcla estilo, comodidad y ese \u201calgo\u201d pr\u00e1ctico que agradecen tanto ni\u00f1os como adultos\u2026","rel":"","context":"En \u00abModa\u00bb","block_context":{"text":"Moda","link":"https:\/\/zeromagazine.mx\/index.php\/category\/moda\/"},"img":{"alt_text":"","src":"https:\/\/i0.wp.com\/zeromagazine.mx\/wp-content\/uploads\/2026\/01\/IMG_6275.png?fit=1100%2C834&ssl=1&resize=350%2C200","width":350,"height":200,"srcset":"https:\/\/i0.wp.com\/zeromagazine.mx\/wp-content\/uploads\/2026\/01\/IMG_6275.png?fit=1100%2C834&ssl=1&resize=350%2C200 1x, https:\/\/i0.wp.com\/zeromagazine.mx\/wp-content\/uploads\/2026\/01\/IMG_6275.png?fit=1100%2C834&ssl=1&resize=525%2C300 1.5x, https:\/\/i0.wp.com\/zeromagazine.mx\/wp-content\/uploads\/2026\/01\/IMG_6275.png?fit=1100%2C834&ssl=1&resize=700%2C400 2x, https:\/\/i0.wp.com\/zeromagazine.mx\/wp-content\/uploads\/2026\/01\/IMG_6275.png?fit=1100%2C834&ssl=1&resize=1050%2C600 3x"},"classes":[]},{"id":111784,"url":"https:\/\/zeromagazine.mx\/index.php\/2025\/12\/21\/sandalia-invernal-birkenstock-solana-shearling\/","url_meta":{"origin":116779,"position":5},"title":"Sandalia invernal Birkenstock redefine el invierno","author":"zeromagazinemx","date":"21 de diciembre de 2025","format":false,"excerpt":"Durante a\u00f1os nos dijeron que las sandalias ten\u00edan temporada y que el fr\u00edo era territorio exclusivo de botas pesadas y sneakers acolchonados. Spoiler: ya no. La sandalia invernal Birkenstock llega a M\u00e9xico para romper reglas, looks y prejuicios con el modelo Solana Shearling, una pieza que se siente tan c\u00f3moda\u2026","rel":"","context":"En \u00abModa\u00bb","block_context":{"text":"Moda","link":"https:\/\/zeromagazine.mx\/index.php\/category\/moda\/"},"img":{"alt_text":"","src":"https:\/\/i0.wp.com\/zeromagazine.mx\/wp-content\/uploads\/2025\/12\/1000045315-scaled.jpg?fit=1200%2C800&ssl=1&resize=350%2C200","width":350,"height":200,"srcset":"https:\/\/i0.wp.com\/zeromagazine.mx\/wp-content\/uploads\/2025\/12\/1000045315-scaled.jpg?fit=1200%2C800&ssl=1&resize=350%2C200 1x, https:\/\/i0.wp.com\/zeromagazine.mx\/wp-content\/uploads\/2025\/12\/1000045315-scaled.jpg?fit=1200%2C800&ssl=1&resize=525%2C300 1.5x, https:\/\/i0.wp.com\/zeromagazine.mx\/wp-content\/uploads\/2025\/12\/1000045315-scaled.jpg?fit=1200%2C800&ssl=1&resize=700%2C400 2x, https:\/\/i0.wp.com\/zeromagazine.mx\/wp-content\/uploads\/2025\/12\/1000045315-scaled.jpg?fit=1200%2C800&ssl=1&resize=1050%2C600 3x"},"classes":[]}],"jetpack_sharing_enabled":true,"builder_content":"","_links":{"self":[{"href":"https:\/\/zeromagazine.mx\/index.php\/wp-json\/wp\/v2\/posts\/116779","targetHints":{"allow":["GET"]}}],"collection":[{"href":"https:\/\/zeromagazine.mx\/index.php\/wp-json\/wp\/v2\/posts"}],"about":[{"href":"https:\/\/zeromagazine.mx\/index.php\/wp-json\/wp\/v2\/types\/post"}],"author":[{"embeddable":true,"href":"https:\/\/zeromagazine.mx\/index.php\/wp-json\/wp\/v2\/users\/2"}],"replies":[{"embeddable":true,"href":"https:\/\/zeromagazine.mx\/index.php\/wp-json\/wp\/v2\/comments?post=116779"}],"version-history":[{"count":2,"href":"https:\/\/zeromagazine.mx\/index.php\/wp-json\/wp\/v2\/posts\/116779\/revisions"}],"predecessor-version":[{"id":116784,"href":"https:\/\/zeromagazine.mx\/index.php\/wp-json\/wp\/v2\/posts\/116779\/revisions\/116784"}],"wp:featuredmedia":[{"embeddable":true,"href":"https:\/\/zeromagazine.mx\/index.php\/wp-json\/wp\/v2\/media\/116781"}],"wp:attachment":[{"href":"https:\/\/zeromagazine.mx\/index.php\/wp-json\/wp\/v2\/media?parent=116779"}],"wp:term":[{"taxonomy":"category","embeddable":true,"href":"https:\/\/zeromagazine.mx\/index.php\/wp-json\/wp\/v2\/categories?post=116779"},{"taxonomy":"post_tag","embeddable":true,"href":"https:\/\/zeromagazine.mx\/index.php\/wp-json\/wp\/v2\/tags?post=116779"}],"curies":[{"name":"wp","href":"https:\/\/api.w.org\/{rel}","templated":true}]}}