{"id":116794,"date":"2026-03-16T11:20:34","date_gmt":"2026-03-16T17:20:34","guid":{"rendered":"https:\/\/zeromagazine.mx\/?p=116794"},"modified":"2026-03-16T11:29:12","modified_gmt":"2026-03-16T17:29:12","slug":"matilda-el-musical-gloria-aura-miss-honey","status":"publish","type":"post","link":"https:\/\/zeromagazine.mx\/index.php\/2026\/03\/16\/matilda-el-musical-gloria-aura-miss-honey\/","title":{"rendered":"Gloria Aura regresa al teatro como Miss Honey en Matilda: El musical.\u00a0"},"content":{"rendered":"<!--themify_builder_content-->\n<div id=\"themify_builder_content-116794\" data-postid=\"116794\" class=\"themify_builder_content themify_builder_content-116794 themify_builder tf_clear\">\n    <\/div>\n<!--\/themify_builder_content-->\n\n\n<p>\u00a0\u00a1Hola,\u00a0gente guape! Estoy brincando de la emoci\u00f3n porque\u00a0<em>Matilda<\/em>\u00a0vuelve a ser tema de conversaci\u00f3n, esta vez en su fascinante formato de musical. Esta puesta en escena, inspirada en la obra original\u00a0literaria\u00a0de Roald Dahl \u2014un \u00e9xito de ventas en los ochenta\u2014, retoma la magia que en los noventa nos cautiv\u00f3 con su ic\u00f3nica adaptaci\u00f3n cinematogr\u00e1fica.\u00a0<br><\/p>\n\n\n\n<p><em>Matilda<\/em>\u00a0se ha consolidado como una historia llena de ense\u00f1anzas para todas las edades, y a partir del viernes 13 de marzo, llega al Centro Cultural Teatro 1 (CCT1) en el formato que a tantos nos fascina: el teatro musical.<\/p>\n\n\n\n<p>Por\u00a0<strong><em>CRIS AVENDA\u00d1O<\/em><\/strong><\/p>\n\n\n\n<figure class=\"wp-block-image size-full\"><img data-recalc-dims=\"1\" decoding=\"async\" width=\"1165\" height=\"1508\" src=\"https:\/\/i0.wp.com\/zeromagazine.mx\/wp-content\/uploads\/2026\/03\/IMG_7329-scaled.jpeg?resize=1165%2C1508&#038;ssl=1\" alt=\"\" class=\"wp-image-116795\" srcset=\"https:\/\/i0.wp.com\/zeromagazine.mx\/wp-content\/uploads\/2026\/03\/IMG_7329-scaled.jpeg?w=1978&amp;ssl=1 1978w, https:\/\/i0.wp.com\/zeromagazine.mx\/wp-content\/uploads\/2026\/03\/IMG_7329-scaled.jpeg?resize=232%2C300&amp;ssl=1 232w, https:\/\/i0.wp.com\/zeromagazine.mx\/wp-content\/uploads\/2026\/03\/IMG_7329-scaled.jpeg?resize=791%2C1024&amp;ssl=1 791w, https:\/\/i0.wp.com\/zeromagazine.mx\/wp-content\/uploads\/2026\/03\/IMG_7329-scaled.jpeg?resize=768%2C994&amp;ssl=1 768w, https:\/\/i0.wp.com\/zeromagazine.mx\/wp-content\/uploads\/2026\/03\/IMG_7329-scaled.jpeg?resize=1187%2C1536&amp;ssl=1 1187w, https:\/\/i0.wp.com\/zeromagazine.mx\/wp-content\/uploads\/2026\/03\/IMG_7329-scaled.jpeg?resize=1583%2C2048&amp;ssl=1 1583w\" sizes=\"(max-width: 1165px) 100vw, 1165px\" \/><\/figure>\n\n\n\n<h2 class=\"wp-block-heading\"><br><strong>\u00a1Ad\u00f3pteme, maestra!<\/strong>\u00a0<\/h2>\n\n\n\n<p>Esta producci\u00f3n contar\u00e1 con la participaci\u00f3n estelar de Elena, Emilia, Rafaela y Lara Campos como actriz especial, quienes encarnar\u00e1n a Matilda. El elenco adulto no se queda atr\u00e1s, con la participaci\u00f3n de Jaime Camil como la temible Miss Trunchbull, Vero Jaspeado, Ricardo Margalef, Gicela Sehedi y, en el papel de Miss Honey, alternando funciones, Mar\u00eda Elisa Gallegos y Gloria Aura.<\/p>\n\n\n\n<p>Para adentrarnos en la historia de Matilda Wormwood, tuvimos la oportunidad de conversar con Gloria Aura, un referente del teatro musical mexicano desde muy joven, quien ha protagonizado obras como&nbsp;<em>El diluvio que viene<\/em>,&nbsp;<em>Verdad o reto<\/em>,&nbsp;<em>El show de terror de Rocky<\/em>,&nbsp;<em>Los locos Addams<\/em>,&nbsp;<em>Hello, Dolly!<\/em>&nbsp;y&nbsp;<em>Mamma Mia!<\/em>, entre otros. Despu\u00e9s de varios a\u00f1os de ausencia, Gloria regresa para interpretar a la entra\u00f1able amiga y protectora de nuestra querida Matilda.<\/p>\n\n\n\n<p><strong>\u00bfQu\u00e9 se siente regresar a los escenarios con un musical de esta magnitud, reconocido mundialmente?<\/strong><\/p>\n\n\n\n<p>Me siento muy bendecida, porque ya ten\u00eda cuatro a\u00f1os que no hac\u00eda teatro musical y, la verdad, es mi lugar favorito en el mundo. Lo atesoro much\u00edsimo, m\u00e1s cuando se trata de un t\u00edtulo tan ic\u00f3nico como\u00a0<em>Matilda<\/em>. Todos los teatreros mexicanos est\u00e1bamos ansiosos de que la trajeran a M\u00e9xico, lo que sabemos que es algo muy complicado. <br><\/p>\n\n\n\n<p>Se necesitan muchos ni\u00f1os muy talentosos, y no siempre es f\u00e1cil tener un elenco en el que todos cumplan con las caracter\u00edsticas necesarias. Se tuvo que invertir en una academia donde se prepar\u00f3 a estos ni\u00f1os para el nivel de desgaste art\u00edstico, f\u00edsico y mental que una obra como\u00a0<em>Matilda<\/em>\u00a0requiere; exige tener dos elencos. <br><\/p>\n\n\n\n<p>Es una inversi\u00f3n enorme para un musical,\u00a0y nuestro productor, Alex Gou, ha venido preparando este terreno minuciosamente desde\u00a0<em>Billy Elliot<\/em>. Entonces, creo que va a ser algo memorable para los teatreros mexicanos y, para todo el p\u00fablico en general, ser\u00e1 padr\u00edsimo. Nos van a tener al filo de la butaca.<\/p>\n\n\n\n<p><strong>El elenco es espectacular y lleno de nostalgia. Vuelves a compartir escenario con Jaime Camil, con quien estuviste en&nbsp;<\/strong><strong><em>El diluvio que viene<\/em><\/strong><strong>. \u00bfC\u00f3mo es reencontrarse y conectar esa primera experiencia con este nuevo proyecto?<\/strong><\/p>\n\n\n\n<p>\u00a1No manches, s\u00ed! Fue mi primer musical. Yo me hab\u00eda ido a vivir a Estados Unidos, estaba explorando otras cosas y, de pronto, me lleg\u00f3 esta oportunidad de hacer un musical, que era realmente mi sue\u00f1o desde ni\u00f1a. <br><\/p>\n\n\n\n<p>Yo siempre fui una\u00a0<em>theatre kid<\/em>; le rogaba a mi mam\u00e1 que me llevara a ver lo que fuera. Me la pasaba viendo las obras de Angeliquita Vale en el teatro Aldama porque era lo que hab\u00eda. De repente apareci\u00f3 un\u00a0<em>Cats<\/em>, luego un\u00a0<em>\u00a1Qu\u00e9 plant\u00f3n!<\/em>, y despu\u00e9s un\u00a0<em>La Bella y la Bestia<\/em>. <\/p>\n\n\n\n<p>Siempre fui una fan\u00e1tica loca del teatro musical, pero pens\u00e9 que era algo inalcanzable para m\u00ed. Yo dec\u00eda: \u201cla gente que hace eso es extraterrestre\u201d. Y lleg\u00f3 esta oportunidad de estrenarme al lado de Jaime Camil en\u00a0<em>El diluvio que viene<\/em>.<\/p>\n\n\n\n<figure class=\"wp-block-image size-full\"><img decoding=\"async\" src=\"https:\/\/zeromagazine.mx\/wp-content\/uploads\/2026\/03\/2M6A2914.tiff\" alt=\"\" class=\"wp-image-116799\"\/><\/figure>\n\n\n\n<p>Con \u00e9l especialmente, se lo dije el otro d\u00eda, he visto su evoluci\u00f3n como artista desde\u00a0<em>El diluvio<\/em>\u00a0a la fecha. Est\u00e1 cantando impresionante, est\u00e1 creando un personaje incre\u00edble. Es una persona en la que se nota que ha trabajado mucho su presencia esc\u00e9nica, su voz, su calidad actoral, todo. <br><\/p>\n\n\n\n<p>Yo viv\u00ed su proceso de ensayos en\u00a0<em>El diluvio<\/em>\u00a0hace 17 a\u00f1os; siempre fue talentoso, pero hoy de verdad est\u00e1 en un nivel realmente profesional, y estoy orgullosa de poder volver a compartir con \u00e9l porque creo que es un gran l\u00edder.<\/p>\n\n\n\n<p>Para esta obra, \u00e9l tiene una presencia contundente y una gran preparaci\u00f3n como actor de teatro musical. Est\u00e1 en un papel totalmente diferente al que tuvimos juntos hace a\u00f1os: la gran Tronchatoro, la que te va a meter el pie, la que te va a imponer, la que nos va a dar ese saz\u00f3n antag\u00f3nico a la historia. Su personaje y el m\u00edo son enemigas absolutas, pero est\u00e1n \u00edntimamente relacionadas.<\/p>\n\n\n\n<p><strong>Hablando del proceso creativo, uno de los momentos m\u00e1s reveladores para un actor es el primer encuentro con el vestuario. Cu\u00e9ntanos sobre la primera vez que te pusiste el traje de Miss Honey. \u00bfQu\u00e9 sentiste al verte en el espejo y encarnar al personaje por completo?<\/strong><\/p>\n\n\n\n<p>\u00a1Ay, no, fue incre\u00edble! Est\u00e1bamos tom\u00e1ndonos fotos en uno de los salones con Uriel Santana, uno de los fot\u00f3grafos m\u00e1s reconocidos en M\u00e9xico, y est\u00e1bamos todos bastante conmovidos de vernos en nuestros vestuarios por primera vez, de ver al personaje tomar vida ya con todos los elementos. <br><\/p>\n\n\n\n<p>Es incre\u00edble lo que se siente. Ese es uno de los momentos\u00a0m\u00e1s lindos en el proceso de creaci\u00f3n de un musical: cuando por primera vez te ponen la peluca, el vestuario, los elementos&#8230; es realmente hermoso, es un gran momento.<\/p>\n\n\n\n<p>Empezamos a tomarnos las fotos y yo estaba justo con las Matildas, cuando de repente entra Jaime ya caracterizado de Troncha Toro. No, no sabes la reacci\u00f3n. Toda la compa\u00f1\u00eda ten\u00eda que ver con \u00e9l. De por s\u00ed, Jaime es una persona imponente, es muy alto, y fue realmente impresionante lo que vivimos. <br><\/p>\n\n\n\n<p>Cuando termin\u00f3 de tomarse las fotos, nosotras ya est\u00e1bamos de regreso en el sal\u00f3n de ensayos, pasando una escena con todos los ni\u00f1os. En eso entr\u00f3 Jaime al ensayo sin que nadie lo esperara y fue una joya ver la reacci\u00f3n de los ni\u00f1os, fue espectacular.<\/p>\n\n\n\n<figure class=\"wp-block-image size-large\"><img data-recalc-dims=\"1\" decoding=\"async\" width=\"683\" height=\"1024\" src=\"https:\/\/i0.wp.com\/zeromagazine.mx\/wp-content\/uploads\/2026\/03\/IMG_7331-683x1024.jpeg?resize=683%2C1024&#038;ssl=1\" alt=\"\" class=\"wp-image-116797\" srcset=\"https:\/\/i0.wp.com\/zeromagazine.mx\/wp-content\/uploads\/2026\/03\/IMG_7331-scaled.jpeg?resize=683%2C1024&amp;ssl=1 683w, https:\/\/i0.wp.com\/zeromagazine.mx\/wp-content\/uploads\/2026\/03\/IMG_7331-scaled.jpeg?resize=200%2C300&amp;ssl=1 200w, https:\/\/i0.wp.com\/zeromagazine.mx\/wp-content\/uploads\/2026\/03\/IMG_7331-scaled.jpeg?resize=768%2C1152&amp;ssl=1 768w, https:\/\/i0.wp.com\/zeromagazine.mx\/wp-content\/uploads\/2026\/03\/IMG_7331-scaled.jpeg?resize=1024%2C1536&amp;ssl=1 1024w, https:\/\/i0.wp.com\/zeromagazine.mx\/wp-content\/uploads\/2026\/03\/IMG_7331-scaled.jpeg?resize=1365%2C2048&amp;ssl=1 1365w, https:\/\/i0.wp.com\/zeromagazine.mx\/wp-content\/uploads\/2026\/03\/IMG_7331-scaled.jpeg?w=1707&amp;ssl=1 1707w\" sizes=\"(max-width: 683px) 100vw, 683px\" \/><\/figure>\n\n\n\n<p>Tambi\u00e9n los Wormwood, los pap\u00e1s y el hermano de Matilda, est\u00e1n haciendo un trabajo precioso como actores de comedia, porque los Wormwood tienen esta particularidad de ser personajes casi llegados al\u00a0<em>clown<\/em>. Ellos hacen contrapeso, porque la historia tiene un punto de conflicto que, de otra forma, podr\u00eda ser un poco pesado. <br><\/p>\n\n\n\n<p>Creo que es una elecci\u00f3n maravillosa de parte de Alex, el director, elegir a Margaleff y a Vero Jaspeado, que son personas muy completas en cuanto a baile y canto, pero que adem\u00e1s tienen el don de la comedia y el cari\u00f1o de la gente. Es una bendici\u00f3n que sean ellos.<\/p>\n\n\n\n<p><strong>Hay una escena clave para el p\u00fablico adulto, donde se habla de enfrentar nuestros miedos al crecer. Tu personaje, Jenny, se siente atrapada y temerosa de Tronchatoro. Llevando esto a un plano personal, \u00bfhas vivido una experiencia similar en tu vida adulta donde has tenido que confrontar un gran miedo?<\/strong><\/p>\n\n\n\n<p>Tuve una infancia particular porque fui ni\u00f1a artista desde muy joven; desde los once a\u00f1os estuve expuesta a la aprobaci\u00f3n de la gente. Yo hac\u00eda shows en vivo a los doce y giras a los quince. Enfrentarte al p\u00fablico en vivo, en diferentes lugares, a veces era muy bonito y a veces no; en ocasiones no funcionaba, la gente estaba muy hostil.<\/p>\n\n\n\n<p>Siempre tuve una necesidad de aprobaci\u00f3n. Trabaj\u00e1ndome hoy en d\u00eda en terapia, me doy cuenta de que se crearon heridas de rechazo, y esas cosas son las que finalmente marcan tu vida de adulto. De pronto te preguntas: \u201c\u00bfC\u00f3mo es que ahora soy un adulto funcional?\u201d despu\u00e9s de haber pasado tantas cosas que no son para una infante. <br><\/p>\n\n\n\n<p>Todos los ni\u00f1os deber\u00edan tener infancias tranquilas y ser felices, vivirlas de la manera m\u00e1s normal, pero muchas veces hay circunstancias que sobrepasan esa normalidad. Por ejemplo, lo veo con los ni\u00f1os que trabajan en\u00a0<em>Matilda<\/em>. Son ni\u00f1os artistas y su circunstancia de vida no es la m\u00e1s ordinaria. <\/p>\n\n\n\n<p>Obviamente ellos adoran estar ah\u00ed, los ves felices, pero este tipo de trabajo, cuando eres ni\u00f1o, hace que recaiga sobre ti una cierta presi\u00f3n de cumplir con algo que te est\u00e1n pidiendo, de llenar una expectativa. Creo que el acompa\u00f1amiento del adulto en ese momento es muy importante para guiarte y que no sientas que deja de ser un juego.<\/p>\n\n\n\n<figure class=\"wp-block-image size-large\"><img data-recalc-dims=\"1\" decoding=\"async\" width=\"683\" height=\"1024\" src=\"https:\/\/i0.wp.com\/zeromagazine.mx\/wp-content\/uploads\/2026\/03\/IMG_7332-683x1024.jpeg?resize=683%2C1024&#038;ssl=1\" alt=\"\" class=\"wp-image-116798\" srcset=\"https:\/\/i0.wp.com\/zeromagazine.mx\/wp-content\/uploads\/2026\/03\/IMG_7332-scaled.jpeg?resize=683%2C1024&amp;ssl=1 683w, https:\/\/i0.wp.com\/zeromagazine.mx\/wp-content\/uploads\/2026\/03\/IMG_7332-scaled.jpeg?resize=200%2C300&amp;ssl=1 200w, https:\/\/i0.wp.com\/zeromagazine.mx\/wp-content\/uploads\/2026\/03\/IMG_7332-scaled.jpeg?resize=768%2C1152&amp;ssl=1 768w, https:\/\/i0.wp.com\/zeromagazine.mx\/wp-content\/uploads\/2026\/03\/IMG_7332-scaled.jpeg?resize=1024%2C1536&amp;ssl=1 1024w, https:\/\/i0.wp.com\/zeromagazine.mx\/wp-content\/uploads\/2026\/03\/IMG_7332-scaled.jpeg?resize=1365%2C2048&amp;ssl=1 1365w, https:\/\/i0.wp.com\/zeromagazine.mx\/wp-content\/uploads\/2026\/03\/IMG_7332-scaled.jpeg?w=1707&amp;ssl=1 1707w\" sizes=\"(max-width: 683px) 100vw, 683px\" \/><\/figure>\n\n\n\n<p>Cuando creces as\u00ed, de pronto dices: \u201cbueno, ya soy un adulto y hubo un chorro de cosas que no fueron normales en mi infancia\u201d. Pero a veces me cacho siendo adulto y teniendo ciertas actitudes un poco infantiles, de ni\u00f1a con herida de rechazo que necesita aprobaci\u00f3n. En eso siento que s\u00ed me relaciono mucho con Miss Honey. Obviamente, la infancia de ella fue bastante terrible; hay un mont\u00f3n de cosas por las que se deja someter y vive con miedo por Tronchatoro, que tienen que ver con el contexto en el que creci\u00f3. La verdad es que es raro que alguien te diga que su infancia fue perfecta. Todos pasamos por cosas dif\u00edciles; desde un divorcio, la muerte de un familiar, la separaci\u00f3n de alguien que quer\u00edas mucho. Hay muchas cosas que te pueden pasar y que s\u00ed o s\u00ed te van a afectar de adulto.<\/p>\n\n\n\n<p>Matilda est\u00e1 viviendo una situaci\u00f3n de maltrato; sin embargo, elige empoderarse, ser resiliente y reconocer su poder interior para cambiar su realidad. Y eso es un poco de lo que habla la obra. Ella tiene poderes, y el autor nos presenta que, m\u00e1gicamente, todos tenemos la posibilidad de cambiar nuestra realidad, que tenemos un poder interior inmenso.<\/p>\n\n\n\n<p><strong>Se rumora que la producci\u00f3n es de una escala monumental, incluso m\u00e1s grande que las versiones de West End o Broadway. \u00bfYa han tenido la oportunidad de ver el escenario?<\/strong><\/p>\n\n\n\n<p>Al momento no lo hemos visto, pero ya vimos algunos&nbsp;<em>renders<\/em>, dibujos y una presentaci\u00f3n en computadora, y eso nos tiene muy emocionados. Ser\u00e1 una producci\u00f3n nunca antes vista en ninguna otra parte del mundo. Lo que Alex quiere es crear un referente para que esta producci\u00f3n se pueda replicar en otras partes, para que la producci\u00f3n de&nbsp;<em>Matilda<\/em>&nbsp;crezca.<\/p>\n\n\n\n<p>Hay una producci\u00f3n m\u00e1s peque\u00f1a en el West End que para contar la historia funciona y es maravillosa, pero est\u00e1 hecha para un teatro muy peque\u00f1o, una producci\u00f3n reducida. Aqu\u00ed hay m\u00e1s: m\u00e1s elenco, m\u00e1s escenograf\u00eda, todo es enorme. Y aun as\u00ed, creo que le hace mucha justicia, por lo que nos platicaron.<\/p>\n\n\n\n<p><strong>Gloria, muchas gracias por tu sensibilidad al tocar los temas tan profundos que&nbsp;<\/strong><strong><em>Matilda<\/em><\/strong><strong>&nbsp;nos presenta. La gente podr\u00eda pensar que es una obra infantil, pero tiene lecciones para todos. Para terminar, por favor, invita a nuestros lectores a vivir esta incre\u00edble experiencia.<\/strong><\/p>\n\n\n\n<p>Claro que s\u00ed, no se la pueden perder. Estamos a partir del 13 de marzo en el Centro Cultural Teatro 1. Es una obra familiar que toca temas bien profundos. A los adultos que lleven a sus hijos, les vamos a tocar fibras muy distintas a las que les tocaremos a ellos.<\/p>\n\n\n\n<p>Es una obra que tiene ingredientes para que todos salgamos de ah\u00ed con una reflexi\u00f3n nueva, con ganas de salir y de reconocer qu\u00e9 bello es ver la vida de una manera positiva a pesar de los obst\u00e1culos. Siempre existe la esperanza de salir adelante con resiliencia, amor y dulzura. Se trata del amor gan\u00e1ndole al odio y de combatir el odio con amor; eso es lo importante. Estamos muy emocionados.<\/p>\n\n\n\n<p><\/p>","protected":false},"excerpt":{"rendered":"<p>\u00a0\u00a1Hola,\u00a0gente guape! Estoy brincando de la emoci\u00f3n porque\u00a0Matilda\u00a0vuelve a ser tema de conversaci\u00f3n, esta vez en su fascinante formato de musical. Esta puesta en escena, inspirada en la obra original\u00a0literaria\u00a0de Roald Dahl \u2014un \u00e9xito de ventas en los ochenta\u2014, retoma la magia que en los noventa nos cautiv\u00f3 con su ic\u00f3nica adaptaci\u00f3n cinematogr\u00e1fica.\u00a0 Matilda\u00a0se ha [&hellip;]<\/p>\n","protected":false},"author":4,"featured_media":116795,"comment_status":"open","ping_status":"open","sticky":false,"template":"","format":"standard","meta":{"_jetpack_memberships_contains_paid_content":false,"footnotes":"","jetpack_publicize_message":"","jetpack_publicize_feature_enabled":true,"jetpack_social_post_already_shared":true,"jetpack_social_options":{"image_generator_settings":{"template":"highway","default_image_id":0,"font":"","enabled":false},"version":2}},"categories":[98],"tags":[],"class_list":["post-116794","post","type-post","status-publish","format-standard","has-post-thumbnail","hentry","category-portada","has-post-title","has-post-date","has-post-category","has-post-tag","has-post-comment","has-post-author",""],"yoast_head":"<!-- This site is optimized with the Yoast SEO plugin v27.5 - https:\/\/yoast.com\/product\/yoast-seo-wordpress\/ -->\n<title>Gloria Aura regresa al teatro como Miss Honey en Matilda: El musical.\u00a0 - Zero Magazine<\/title>\n<meta name=\"description\" content=\"Gloria Aura regresa al teatro interpretando el personaje de Miss Honey en Matilda: El Musical\" \/>\n<meta name=\"robots\" content=\"index, follow, max-snippet:-1, max-image-preview:large, max-video-preview:-1\" \/>\n<link rel=\"canonical\" href=\"https:\/\/zeromagazine.mx\/index.php\/2026\/03\/16\/matilda-el-musical-gloria-aura-miss-honey\/\" \/>\n<meta property=\"og:locale\" content=\"es_ES\" \/>\n<meta property=\"og:type\" content=\"article\" \/>\n<meta property=\"og:title\" content=\"Gloria Aura regresa al teatro como Miss Honey en Matilda: El musical.\u00a0 - Zero Magazine\" \/>\n<meta property=\"og:description\" content=\"Gloria Aura regresa al teatro interpretando el personaje de Miss Honey en Matilda: El Musical\" \/>\n<meta property=\"og:url\" content=\"https:\/\/zeromagazine.mx\/index.php\/2026\/03\/16\/matilda-el-musical-gloria-aura-miss-honey\/\" \/>\n<meta property=\"og:site_name\" content=\"Zero Magazine\" \/>\n<meta property=\"article:published_time\" content=\"2026-03-16T17:20:34+00:00\" \/>\n<meta property=\"article:modified_time\" content=\"2026-03-16T17:29:12+00:00\" \/>\n<meta property=\"og:image\" content=\"http:\/\/zeromagazine.mx\/wp-content\/uploads\/2026\/03\/IMG_7329-scaled.jpeg\" \/>\n\t<meta property=\"og:image:width\" content=\"1978\" \/>\n\t<meta property=\"og:image:height\" content=\"2560\" \/>\n\t<meta property=\"og:image:type\" content=\"image\/jpeg\" \/>\n<meta name=\"author\" content=\"David Morales\" \/>\n<meta name=\"twitter:card\" content=\"summary_large_image\" \/>\n<meta name=\"twitter:label1\" content=\"Escrito por\" \/>\n\t<meta name=\"twitter:data1\" content=\"David Morales\" \/>\n\t<meta name=\"twitter:label2\" content=\"Tiempo de lectura\" \/>\n\t<meta name=\"twitter:data2\" content=\"10 minutos\" \/>\n<script type=\"application\/ld+json\" class=\"yoast-schema-graph\">{\"@context\":\"https:\\\/\\\/schema.org\",\"@graph\":[{\"@type\":\"Article\",\"@id\":\"https:\\\/\\\/zeromagazine.mx\\\/index.php\\\/2026\\\/03\\\/16\\\/matilda-el-musical-gloria-aura-miss-honey\\\/#article\",\"isPartOf\":{\"@id\":\"https:\\\/\\\/zeromagazine.mx\\\/index.php\\\/2026\\\/03\\\/16\\\/matilda-el-musical-gloria-aura-miss-honey\\\/\"},\"author\":{\"name\":\"David Morales\",\"@id\":\"https:\\\/\\\/zeromagazine.mx\\\/#\\\/schema\\\/person\\\/9f7f1a17c60ba8e9980e3e6677aabe5a\"},\"headline\":\"Gloria Aura regresa al teatro como Miss Honey en Matilda: El musical.\u00a0\",\"datePublished\":\"2026-03-16T17:20:34+00:00\",\"dateModified\":\"2026-03-16T17:29:12+00:00\",\"mainEntityOfPage\":{\"@id\":\"https:\\\/\\\/zeromagazine.mx\\\/index.php\\\/2026\\\/03\\\/16\\\/matilda-el-musical-gloria-aura-miss-honey\\\/\"},\"wordCount\":2026,\"commentCount\":0,\"publisher\":{\"@id\":\"https:\\\/\\\/zeromagazine.mx\\\/#organization\"},\"image\":{\"@id\":\"https:\\\/\\\/zeromagazine.mx\\\/index.php\\\/2026\\\/03\\\/16\\\/matilda-el-musical-gloria-aura-miss-honey\\\/#primaryimage\"},\"thumbnailUrl\":\"https:\\\/\\\/i0.wp.com\\\/zeromagazine.mx\\\/wp-content\\\/uploads\\\/2026\\\/03\\\/IMG_7329-scaled.jpeg?fit=1978%2C2560&ssl=1\",\"articleSection\":[\"Portada\"],\"inLanguage\":\"es\",\"potentialAction\":[{\"@type\":\"CommentAction\",\"name\":\"Comment\",\"target\":[\"https:\\\/\\\/zeromagazine.mx\\\/index.php\\\/2026\\\/03\\\/16\\\/matilda-el-musical-gloria-aura-miss-honey\\\/#respond\"]}]},{\"@type\":\"WebPage\",\"@id\":\"https:\\\/\\\/zeromagazine.mx\\\/index.php\\\/2026\\\/03\\\/16\\\/matilda-el-musical-gloria-aura-miss-honey\\\/\",\"url\":\"https:\\\/\\\/zeromagazine.mx\\\/index.php\\\/2026\\\/03\\\/16\\\/matilda-el-musical-gloria-aura-miss-honey\\\/\",\"name\":\"Gloria Aura regresa al teatro como Miss Honey en Matilda: El musical.\u00a0 - Zero Magazine\",\"isPartOf\":{\"@id\":\"https:\\\/\\\/zeromagazine.mx\\\/#website\"},\"primaryImageOfPage\":{\"@id\":\"https:\\\/\\\/zeromagazine.mx\\\/index.php\\\/2026\\\/03\\\/16\\\/matilda-el-musical-gloria-aura-miss-honey\\\/#primaryimage\"},\"image\":{\"@id\":\"https:\\\/\\\/zeromagazine.mx\\\/index.php\\\/2026\\\/03\\\/16\\\/matilda-el-musical-gloria-aura-miss-honey\\\/#primaryimage\"},\"thumbnailUrl\":\"https:\\\/\\\/i0.wp.com\\\/zeromagazine.mx\\\/wp-content\\\/uploads\\\/2026\\\/03\\\/IMG_7329-scaled.jpeg?fit=1978%2C2560&ssl=1\",\"datePublished\":\"2026-03-16T17:20:34+00:00\",\"dateModified\":\"2026-03-16T17:29:12+00:00\",\"description\":\"Gloria Aura regresa al teatro interpretando el personaje de Miss Honey en Matilda: El Musical\",\"breadcrumb\":{\"@id\":\"https:\\\/\\\/zeromagazine.mx\\\/index.php\\\/2026\\\/03\\\/16\\\/matilda-el-musical-gloria-aura-miss-honey\\\/#breadcrumb\"},\"inLanguage\":\"es\",\"potentialAction\":[{\"@type\":\"ReadAction\",\"target\":[\"https:\\\/\\\/zeromagazine.mx\\\/index.php\\\/2026\\\/03\\\/16\\\/matilda-el-musical-gloria-aura-miss-honey\\\/\"]}]},{\"@type\":\"ImageObject\",\"inLanguage\":\"es\",\"@id\":\"https:\\\/\\\/zeromagazine.mx\\\/index.php\\\/2026\\\/03\\\/16\\\/matilda-el-musical-gloria-aura-miss-honey\\\/#primaryimage\",\"url\":\"https:\\\/\\\/i0.wp.com\\\/zeromagazine.mx\\\/wp-content\\\/uploads\\\/2026\\\/03\\\/IMG_7329-scaled.jpeg?fit=1978%2C2560&ssl=1\",\"contentUrl\":\"https:\\\/\\\/i0.wp.com\\\/zeromagazine.mx\\\/wp-content\\\/uploads\\\/2026\\\/03\\\/IMG_7329-scaled.jpeg?fit=1978%2C2560&ssl=1\",\"width\":1978,\"height\":2560},{\"@type\":\"BreadcrumbList\",\"@id\":\"https:\\\/\\\/zeromagazine.mx\\\/index.php\\\/2026\\\/03\\\/16\\\/matilda-el-musical-gloria-aura-miss-honey\\\/#breadcrumb\",\"itemListElement\":[{\"@type\":\"ListItem\",\"position\":1,\"name\":\"Portada\",\"item\":\"https:\\\/\\\/zeromagazine.mx\\\/\"},{\"@type\":\"ListItem\",\"position\":2,\"name\":\"Gloria Aura regresa al teatro como Miss Honey en Matilda: El musical.\u00a0\"}]},{\"@type\":\"WebSite\",\"@id\":\"https:\\\/\\\/zeromagazine.mx\\\/#website\",\"url\":\"https:\\\/\\\/zeromagazine.mx\\\/\",\"name\":\"Zero Magazine\",\"description\":\"\",\"publisher\":{\"@id\":\"https:\\\/\\\/zeromagazine.mx\\\/#organization\"},\"potentialAction\":[{\"@type\":\"SearchAction\",\"target\":{\"@type\":\"EntryPoint\",\"urlTemplate\":\"https:\\\/\\\/zeromagazine.mx\\\/?s={search_term_string}\"},\"query-input\":{\"@type\":\"PropertyValueSpecification\",\"valueRequired\":true,\"valueName\":\"search_term_string\"}}],\"inLanguage\":\"es\"},{\"@type\":\"Organization\",\"@id\":\"https:\\\/\\\/zeromagazine.mx\\\/#organization\",\"name\":\"Zero Magazine\",\"url\":\"https:\\\/\\\/zeromagazine.mx\\\/\",\"logo\":{\"@type\":\"ImageObject\",\"inLanguage\":\"es\",\"@id\":\"https:\\\/\\\/zeromagazine.mx\\\/#\\\/schema\\\/logo\\\/image\\\/\",\"url\":\"https:\\\/\\\/i0.wp.com\\\/zeromagazine.mx\\\/wp-content\\\/uploads\\\/2025\\\/11\\\/1.jpeg?fit=1000%2C1000&ssl=1\",\"contentUrl\":\"https:\\\/\\\/i0.wp.com\\\/zeromagazine.mx\\\/wp-content\\\/uploads\\\/2025\\\/11\\\/1.jpeg?fit=1000%2C1000&ssl=1\",\"width\":1000,\"height\":1000,\"caption\":\"Zero Magazine\"},\"image\":{\"@id\":\"https:\\\/\\\/zeromagazine.mx\\\/#\\\/schema\\\/logo\\\/image\\\/\"},\"sameAs\":[\"https:\\\/\\\/instagram.com\\\/zeromagazinemx\"]},{\"@type\":\"Person\",\"@id\":\"https:\\\/\\\/zeromagazine.mx\\\/#\\\/schema\\\/person\\\/9f7f1a17c60ba8e9980e3e6677aabe5a\",\"name\":\"David Morales\",\"image\":{\"@type\":\"ImageObject\",\"inLanguage\":\"es\",\"@id\":\"https:\\\/\\\/zeromagazine.mx\\\/wp-content\\\/litespeed\\\/avatar\\\/76069d2136bfc1c37dc34815bb67ca42.jpg?ver=1777571067\",\"url\":\"https:\\\/\\\/zeromagazine.mx\\\/wp-content\\\/litespeed\\\/avatar\\\/76069d2136bfc1c37dc34815bb67ca42.jpg?ver=1777571067\",\"contentUrl\":\"https:\\\/\\\/zeromagazine.mx\\\/wp-content\\\/litespeed\\\/avatar\\\/76069d2136bfc1c37dc34815bb67ca42.jpg?ver=1777571067\",\"caption\":\"David Morales\"},\"url\":\"https:\\\/\\\/zeromagazine.mx\\\/index.php\\\/author\\\/david\\\/\"}]}<\/script>\n<!-- \/ Yoast SEO plugin. -->","yoast_head_json":{"title":"Gloria Aura regresa al teatro como Miss Honey en Matilda: El musical.\u00a0 - Zero Magazine","description":"Gloria Aura regresa al teatro interpretando el personaje de Miss Honey en Matilda: El Musical","robots":{"index":"index","follow":"follow","max-snippet":"max-snippet:-1","max-image-preview":"max-image-preview:large","max-video-preview":"max-video-preview:-1"},"canonical":"https:\/\/zeromagazine.mx\/index.php\/2026\/03\/16\/matilda-el-musical-gloria-aura-miss-honey\/","og_locale":"es_ES","og_type":"article","og_title":"Gloria Aura regresa al teatro como Miss Honey en Matilda: El musical.\u00a0 - Zero Magazine","og_description":"Gloria Aura regresa al teatro interpretando el personaje de Miss Honey en Matilda: El Musical","og_url":"https:\/\/zeromagazine.mx\/index.php\/2026\/03\/16\/matilda-el-musical-gloria-aura-miss-honey\/","og_site_name":"Zero Magazine","article_published_time":"2026-03-16T17:20:34+00:00","article_modified_time":"2026-03-16T17:29:12+00:00","og_image":[{"width":1978,"height":2560,"url":"http:\/\/zeromagazine.mx\/wp-content\/uploads\/2026\/03\/IMG_7329-scaled.jpeg","type":"image\/jpeg"}],"author":"David Morales","twitter_card":"summary_large_image","twitter_misc":{"Escrito por":"David Morales","Tiempo de lectura":"10 minutos"},"schema":{"@context":"https:\/\/schema.org","@graph":[{"@type":"Article","@id":"https:\/\/zeromagazine.mx\/index.php\/2026\/03\/16\/matilda-el-musical-gloria-aura-miss-honey\/#article","isPartOf":{"@id":"https:\/\/zeromagazine.mx\/index.php\/2026\/03\/16\/matilda-el-musical-gloria-aura-miss-honey\/"},"author":{"name":"David Morales","@id":"https:\/\/zeromagazine.mx\/#\/schema\/person\/9f7f1a17c60ba8e9980e3e6677aabe5a"},"headline":"Gloria Aura regresa al teatro como Miss Honey en Matilda: El musical.\u00a0","datePublished":"2026-03-16T17:20:34+00:00","dateModified":"2026-03-16T17:29:12+00:00","mainEntityOfPage":{"@id":"https:\/\/zeromagazine.mx\/index.php\/2026\/03\/16\/matilda-el-musical-gloria-aura-miss-honey\/"},"wordCount":2026,"commentCount":0,"publisher":{"@id":"https:\/\/zeromagazine.mx\/#organization"},"image":{"@id":"https:\/\/zeromagazine.mx\/index.php\/2026\/03\/16\/matilda-el-musical-gloria-aura-miss-honey\/#primaryimage"},"thumbnailUrl":"https:\/\/i0.wp.com\/zeromagazine.mx\/wp-content\/uploads\/2026\/03\/IMG_7329-scaled.jpeg?fit=1978%2C2560&ssl=1","articleSection":["Portada"],"inLanguage":"es","potentialAction":[{"@type":"CommentAction","name":"Comment","target":["https:\/\/zeromagazine.mx\/index.php\/2026\/03\/16\/matilda-el-musical-gloria-aura-miss-honey\/#respond"]}]},{"@type":"WebPage","@id":"https:\/\/zeromagazine.mx\/index.php\/2026\/03\/16\/matilda-el-musical-gloria-aura-miss-honey\/","url":"https:\/\/zeromagazine.mx\/index.php\/2026\/03\/16\/matilda-el-musical-gloria-aura-miss-honey\/","name":"Gloria Aura regresa al teatro como Miss Honey en Matilda: El musical.\u00a0 - Zero Magazine","isPartOf":{"@id":"https:\/\/zeromagazine.mx\/#website"},"primaryImageOfPage":{"@id":"https:\/\/zeromagazine.mx\/index.php\/2026\/03\/16\/matilda-el-musical-gloria-aura-miss-honey\/#primaryimage"},"image":{"@id":"https:\/\/zeromagazine.mx\/index.php\/2026\/03\/16\/matilda-el-musical-gloria-aura-miss-honey\/#primaryimage"},"thumbnailUrl":"https:\/\/i0.wp.com\/zeromagazine.mx\/wp-content\/uploads\/2026\/03\/IMG_7329-scaled.jpeg?fit=1978%2C2560&ssl=1","datePublished":"2026-03-16T17:20:34+00:00","dateModified":"2026-03-16T17:29:12+00:00","description":"Gloria Aura regresa al teatro interpretando el personaje de Miss Honey en Matilda: El Musical","breadcrumb":{"@id":"https:\/\/zeromagazine.mx\/index.php\/2026\/03\/16\/matilda-el-musical-gloria-aura-miss-honey\/#breadcrumb"},"inLanguage":"es","potentialAction":[{"@type":"ReadAction","target":["https:\/\/zeromagazine.mx\/index.php\/2026\/03\/16\/matilda-el-musical-gloria-aura-miss-honey\/"]}]},{"@type":"ImageObject","inLanguage":"es","@id":"https:\/\/zeromagazine.mx\/index.php\/2026\/03\/16\/matilda-el-musical-gloria-aura-miss-honey\/#primaryimage","url":"https:\/\/i0.wp.com\/zeromagazine.mx\/wp-content\/uploads\/2026\/03\/IMG_7329-scaled.jpeg?fit=1978%2C2560&ssl=1","contentUrl":"https:\/\/i0.wp.com\/zeromagazine.mx\/wp-content\/uploads\/2026\/03\/IMG_7329-scaled.jpeg?fit=1978%2C2560&ssl=1","width":1978,"height":2560},{"@type":"BreadcrumbList","@id":"https:\/\/zeromagazine.mx\/index.php\/2026\/03\/16\/matilda-el-musical-gloria-aura-miss-honey\/#breadcrumb","itemListElement":[{"@type":"ListItem","position":1,"name":"Portada","item":"https:\/\/zeromagazine.mx\/"},{"@type":"ListItem","position":2,"name":"Gloria Aura regresa al teatro como Miss Honey en Matilda: El musical.\u00a0"}]},{"@type":"WebSite","@id":"https:\/\/zeromagazine.mx\/#website","url":"https:\/\/zeromagazine.mx\/","name":"Zero Magazine","description":"","publisher":{"@id":"https:\/\/zeromagazine.mx\/#organization"},"potentialAction":[{"@type":"SearchAction","target":{"@type":"EntryPoint","urlTemplate":"https:\/\/zeromagazine.mx\/?s={search_term_string}"},"query-input":{"@type":"PropertyValueSpecification","valueRequired":true,"valueName":"search_term_string"}}],"inLanguage":"es"},{"@type":"Organization","@id":"https:\/\/zeromagazine.mx\/#organization","name":"Zero Magazine","url":"https:\/\/zeromagazine.mx\/","logo":{"@type":"ImageObject","inLanguage":"es","@id":"https:\/\/zeromagazine.mx\/#\/schema\/logo\/image\/","url":"https:\/\/i0.wp.com\/zeromagazine.mx\/wp-content\/uploads\/2025\/11\/1.jpeg?fit=1000%2C1000&ssl=1","contentUrl":"https:\/\/i0.wp.com\/zeromagazine.mx\/wp-content\/uploads\/2025\/11\/1.jpeg?fit=1000%2C1000&ssl=1","width":1000,"height":1000,"caption":"Zero Magazine"},"image":{"@id":"https:\/\/zeromagazine.mx\/#\/schema\/logo\/image\/"},"sameAs":["https:\/\/instagram.com\/zeromagazinemx"]},{"@type":"Person","@id":"https:\/\/zeromagazine.mx\/#\/schema\/person\/9f7f1a17c60ba8e9980e3e6677aabe5a","name":"David Morales","image":{"@type":"ImageObject","inLanguage":"es","@id":"https:\/\/zeromagazine.mx\/wp-content\/litespeed\/avatar\/76069d2136bfc1c37dc34815bb67ca42.jpg?ver=1777571067","url":"https:\/\/zeromagazine.mx\/wp-content\/litespeed\/avatar\/76069d2136bfc1c37dc34815bb67ca42.jpg?ver=1777571067","contentUrl":"https:\/\/zeromagazine.mx\/wp-content\/litespeed\/avatar\/76069d2136bfc1c37dc34815bb67ca42.jpg?ver=1777571067","caption":"David Morales"},"url":"https:\/\/zeromagazine.mx\/index.php\/author\/david\/"}]}},"jetpack_publicize_connections":[],"jetpack_featured_media_url":"https:\/\/i0.wp.com\/zeromagazine.mx\/wp-content\/uploads\/2026\/03\/IMG_7329-scaled.jpeg?fit=1978%2C2560&ssl=1","jetpack-related-posts":[{"id":117247,"url":"https:\/\/zeromagazine.mx\/index.php\/2026\/03\/24\/dia-mundial-teatro\/","url_meta":{"origin":116794,"position":0},"title":"Escenarios que laten: Celebraci\u00f3n del D\u00eda Mundial del teatro","author":"David Morales","date":"24 de marzo de 2026","format":false,"excerpt":"Cada a\u00f1o, el\u00a0d\u00eda mundial teatro\u00a0se convierte en el pretexto perfecto para recordar por qu\u00e9 las artes esc\u00e9nicas siguen m\u00e1s vivas que nunca. En la Ciudad de M\u00e9xico, esta celebraci\u00f3n no pasa desapercibida, porque los escenarios laten con fuerza gracias a una cartelera que mezcla grandes producciones, teatro independiente y propuestas\u2026","rel":"","context":"En \u00abBlog\u00bb","block_context":{"text":"Blog","link":"https:\/\/zeromagazine.mx\/index.php\/category\/blog\/"},"img":{"alt_text":"","src":"https:\/\/i0.wp.com\/zeromagazine.mx\/wp-content\/uploads\/2026\/03\/Matilda-scaled.jpeg?fit=1200%2C651&ssl=1&resize=350%2C200","width":350,"height":200,"srcset":"https:\/\/i0.wp.com\/zeromagazine.mx\/wp-content\/uploads\/2026\/03\/Matilda-scaled.jpeg?fit=1200%2C651&ssl=1&resize=350%2C200 1x, https:\/\/i0.wp.com\/zeromagazine.mx\/wp-content\/uploads\/2026\/03\/Matilda-scaled.jpeg?fit=1200%2C651&ssl=1&resize=525%2C300 1.5x, https:\/\/i0.wp.com\/zeromagazine.mx\/wp-content\/uploads\/2026\/03\/Matilda-scaled.jpeg?fit=1200%2C651&ssl=1&resize=700%2C400 2x, https:\/\/i0.wp.com\/zeromagazine.mx\/wp-content\/uploads\/2026\/03\/Matilda-scaled.jpeg?fit=1200%2C651&ssl=1&resize=1050%2C600 3x"},"classes":[]},{"id":72263,"url":"https:\/\/zeromagazine.mx\/index.php\/2024\/03\/19\/beetlejuice-el-musical-mas-amado-de-broadway-llega-a-ciudad-de-mexico\/","url_meta":{"origin":116794,"position":1},"title":"BEETLEJUICE: El Musical M\u00e1s Amado de Broadway Llega a Ciudad de M\u00e9xico","author":"zeromagazinemx","date":"19 de marzo de 2024","format":false,"excerpt":"\u00a1Prep\u00e1rense para una experiencia teatral fuera de este mundo! El fen\u00f3meno m\u00e1s esperado de Broadway, BEETLEJUICE, est\u00e1 a punto de hacer su grandioso debut en tierras mexicanas este verano. Con m\u00fasica y letras impresionantes de Eddie Perfect, un libreto ingenioso de Scott Brown y Anthony King, y una direcci\u00f3n magistral\u2026","rel":"","context":"En \u00abEntretenimiento\u00bb","block_context":{"text":"Entretenimiento","link":"https:\/\/zeromagazine.mx\/index.php\/category\/entretenimiento\/"},"img":{"alt_text":"","src":"https:\/\/i0.wp.com\/zeromagazine.mx\/wp-content\/uploads\/2024\/03\/WhatsApp-Image-2024-03-18-at-11.49.06-1.jpeg?fit=1198%2C1200&ssl=1&resize=350%2C200","width":350,"height":200,"srcset":"https:\/\/i0.wp.com\/zeromagazine.mx\/wp-content\/uploads\/2024\/03\/WhatsApp-Image-2024-03-18-at-11.49.06-1.jpeg?fit=1198%2C1200&ssl=1&resize=350%2C200 1x, https:\/\/i0.wp.com\/zeromagazine.mx\/wp-content\/uploads\/2024\/03\/WhatsApp-Image-2024-03-18-at-11.49.06-1.jpeg?fit=1198%2C1200&ssl=1&resize=525%2C300 1.5x, https:\/\/i0.wp.com\/zeromagazine.mx\/wp-content\/uploads\/2024\/03\/WhatsApp-Image-2024-03-18-at-11.49.06-1.jpeg?fit=1198%2C1200&ssl=1&resize=700%2C400 2x, https:\/\/i0.wp.com\/zeromagazine.mx\/wp-content\/uploads\/2024\/03\/WhatsApp-Image-2024-03-18-at-11.49.06-1.jpeg?fit=1198%2C1200&ssl=1&resize=1050%2C600 3x"},"classes":[]},{"id":50214,"url":"https:\/\/zeromagazine.mx\/index.php\/2021\/07\/15\/llega-a-los-teatros-the-prom-el-musical\/","url_meta":{"origin":116794,"position":2},"title":"Llega a los teatros \u201cThe Prom\u201d, el musical","author":"zeromagazinemx","date":"15 de julio de 2021","format":false,"excerpt":"Llega a M\u00e9xico The Prom, un musical que toca temas de inclusi\u00f3n y diversidad sexual. Por Mayra Torres Chema Verduzco y Marte Calder\u00f3n traen a la Ciudad de M\u00e9xico la puesta en escena The Prom, una obra que ha tenido gran \u00e9xito en Broadway y ha obtenido 7 nominaciones a\u2026","rel":"","context":"En \u00abEntretenimiento\u00bb","block_context":{"text":"Entretenimiento","link":"https:\/\/zeromagazine.mx\/index.php\/category\/entretenimiento\/"},"img":{"alt_text":"","src":"","width":0,"height":0},"classes":[]},{"id":88125,"url":"https:\/\/zeromagazine.mx\/index.php\/2024\/10\/22\/premios-metropolitanos-nominaciones-que-sorprenden\/","url_meta":{"origin":116794,"position":3},"title":"Premios Metropolitanos: Nominaciones que Sorprenden","author":"zeromagazinemx","date":"22 de octubre de 2024","format":false,"excerpt":"\u00bfSab\u00edas que el teatro en M\u00e9xico est\u00e1 viviendo una etapa de puro crecimiento? En serio, cada vez hay m\u00e1s producciones que nos dejan boquiabiertos y, por supuesto, los Premios Metropolitanos de Teatro se han vuelto el evento m\u00e1s esperado del a\u00f1o. Es como la noche de los \u00d3scar, pero para\u2026","rel":"","context":"En \u00abCultura\u00bb","block_context":{"text":"Cultura","link":"https:\/\/zeromagazine.mx\/index.php\/category\/cultura\/"},"img":{"alt_text":"","src":"https:\/\/i0.wp.com\/zeromagazine.mx\/wp-content\/uploads\/2024\/10\/Los-Premios-Metropolitanos-de-Teatro-anuncian-sus-nominaciones-2024.jpg?fit=1100%2C742&ssl=1&resize=350%2C200","width":350,"height":200,"srcset":"https:\/\/i0.wp.com\/zeromagazine.mx\/wp-content\/uploads\/2024\/10\/Los-Premios-Metropolitanos-de-Teatro-anuncian-sus-nominaciones-2024.jpg?fit=1100%2C742&ssl=1&resize=350%2C200 1x, https:\/\/i0.wp.com\/zeromagazine.mx\/wp-content\/uploads\/2024\/10\/Los-Premios-Metropolitanos-de-Teatro-anuncian-sus-nominaciones-2024.jpg?fit=1100%2C742&ssl=1&resize=525%2C300 1.5x, https:\/\/i0.wp.com\/zeromagazine.mx\/wp-content\/uploads\/2024\/10\/Los-Premios-Metropolitanos-de-Teatro-anuncian-sus-nominaciones-2024.jpg?fit=1100%2C742&ssl=1&resize=700%2C400 2x, https:\/\/i0.wp.com\/zeromagazine.mx\/wp-content\/uploads\/2024\/10\/Los-Premios-Metropolitanos-de-Teatro-anuncian-sus-nominaciones-2024.jpg?fit=1100%2C742&ssl=1&resize=1050%2C600 3x"},"classes":[]},{"id":99595,"url":"https:\/\/zeromagazine.mx\/index.php\/2025\/03\/25\/ultimos-dias-de-un-musical-iconico\/","url_meta":{"origin":116794,"position":4},"title":"\u00daltimos Dias de Un Musical Ic\u00f3nico","author":"David Morales","date":"25 de marzo de 2025","format":false,"excerpt":"Amix, si eres fan de los musicales o simplemente te gusta pasar un buen rato en el teatro, no puedes perderte La Tiendita de los Horrores en el Teatro Hidalgo. Esta joyita de la comedia musical est\u00e1 a punto de despedirse, ya que el pr\u00f3ximo 6 de abril ser\u00e1 su\u2026","rel":"","context":"En \u00abCultura\u00bb","block_context":{"text":"Cultura","link":"https:\/\/zeromagazine.mx\/index.php\/category\/cultura\/"},"img":{"alt_text":"","src":"https:\/\/i0.wp.com\/zeromagazine.mx\/wp-content\/uploads\/2025\/03\/Captura-de-pantalla-2025-03-25-210436.png?fit=883%2C609&ssl=1&resize=350%2C200","width":350,"height":200,"srcset":"https:\/\/i0.wp.com\/zeromagazine.mx\/wp-content\/uploads\/2025\/03\/Captura-de-pantalla-2025-03-25-210436.png?fit=883%2C609&ssl=1&resize=350%2C200 1x, https:\/\/i0.wp.com\/zeromagazine.mx\/wp-content\/uploads\/2025\/03\/Captura-de-pantalla-2025-03-25-210436.png?fit=883%2C609&ssl=1&resize=525%2C300 1.5x, https:\/\/i0.wp.com\/zeromagazine.mx\/wp-content\/uploads\/2025\/03\/Captura-de-pantalla-2025-03-25-210436.png?fit=883%2C609&ssl=1&resize=700%2C400 2x"},"classes":[]},{"id":93395,"url":"https:\/\/zeromagazine.mx\/index.php\/2024\/12\/18\/cabaret-vuelve-a-cdmx\/","url_meta":{"origin":116794,"position":5},"title":"Cabaret Regresa a CDMX con Kika Edgar","author":"zeromagazinemx","date":"18 de diciembre de 2024","format":false,"excerpt":"Amix, ya sabemos que la CDMX siempre tiene algo que ofrecer, pero en diciembre, el Teatro de los Insurgentes se lleva la corona (y las luces de ne\u00f3n) con el regreso de Cabaret. S\u00ed, ese musical ic\u00f3nico que lleva 20 a\u00f1os conquistando corazones vuelve a estar en boca de todos.\u2026","rel":"","context":"En \u00abCultura\u00bb","block_context":{"text":"Cultura","link":"https:\/\/zeromagazine.mx\/index.php\/category\/cultura\/"},"img":{"alt_text":"","src":"https:\/\/i0.wp.com\/zeromagazine.mx\/wp-content\/uploads\/2024\/12\/WhatsApp-Image-2024-12-18-at-9.48.41-AM.jpeg?fit=1080%2C1080&ssl=1&resize=350%2C200","width":350,"height":200,"srcset":"https:\/\/i0.wp.com\/zeromagazine.mx\/wp-content\/uploads\/2024\/12\/WhatsApp-Image-2024-12-18-at-9.48.41-AM.jpeg?fit=1080%2C1080&ssl=1&resize=350%2C200 1x, https:\/\/i0.wp.com\/zeromagazine.mx\/wp-content\/uploads\/2024\/12\/WhatsApp-Image-2024-12-18-at-9.48.41-AM.jpeg?fit=1080%2C1080&ssl=1&resize=525%2C300 1.5x, https:\/\/i0.wp.com\/zeromagazine.mx\/wp-content\/uploads\/2024\/12\/WhatsApp-Image-2024-12-18-at-9.48.41-AM.jpeg?fit=1080%2C1080&ssl=1&resize=700%2C400 2x, https:\/\/i0.wp.com\/zeromagazine.mx\/wp-content\/uploads\/2024\/12\/WhatsApp-Image-2024-12-18-at-9.48.41-AM.jpeg?fit=1080%2C1080&ssl=1&resize=1050%2C600 3x"},"classes":[]}],"jetpack_sharing_enabled":true,"builder_content":"","_links":{"self":[{"href":"https:\/\/zeromagazine.mx\/index.php\/wp-json\/wp\/v2\/posts\/116794","targetHints":{"allow":["GET"]}}],"collection":[{"href":"https:\/\/zeromagazine.mx\/index.php\/wp-json\/wp\/v2\/posts"}],"about":[{"href":"https:\/\/zeromagazine.mx\/index.php\/wp-json\/wp\/v2\/types\/post"}],"author":[{"embeddable":true,"href":"https:\/\/zeromagazine.mx\/index.php\/wp-json\/wp\/v2\/users\/4"}],"replies":[{"embeddable":true,"href":"https:\/\/zeromagazine.mx\/index.php\/wp-json\/wp\/v2\/comments?post=116794"}],"version-history":[{"count":4,"href":"https:\/\/zeromagazine.mx\/index.php\/wp-json\/wp\/v2\/posts\/116794\/revisions"}],"predecessor-version":[{"id":116803,"href":"https:\/\/zeromagazine.mx\/index.php\/wp-json\/wp\/v2\/posts\/116794\/revisions\/116803"}],"wp:featuredmedia":[{"embeddable":true,"href":"https:\/\/zeromagazine.mx\/index.php\/wp-json\/wp\/v2\/media\/116795"}],"wp:attachment":[{"href":"https:\/\/zeromagazine.mx\/index.php\/wp-json\/wp\/v2\/media?parent=116794"}],"wp:term":[{"taxonomy":"category","embeddable":true,"href":"https:\/\/zeromagazine.mx\/index.php\/wp-json\/wp\/v2\/categories?post=116794"},{"taxonomy":"post_tag","embeddable":true,"href":"https:\/\/zeromagazine.mx\/index.php\/wp-json\/wp\/v2\/tags?post=116794"}],"curies":[{"name":"wp","href":"https:\/\/api.w.org\/{rel}","templated":true}]}}