{"id":116856,"date":"2026-03-17T16:36:37","date_gmt":"2026-03-17T22:36:37","guid":{"rendered":"https:\/\/zeromagazine.mx\/?p=116856"},"modified":"2026-03-17T16:37:29","modified_gmt":"2026-03-17T22:37:29","slug":"proyecto-fin-del-mundo-estreno-mexico","status":"publish","type":"post","link":"https:\/\/zeromagazine.mx\/index.php\/2026\/03\/17\/proyecto-fin-del-mundo-estreno-mexico\/","title":{"rendered":"Proyecto Fin del Mundo estreno M\u00e9xico"},"content":{"rendered":"<!--themify_builder_content-->\n<div id=\"themify_builder_content-116856\" data-postid=\"116856\" class=\"themify_builder_content themify_builder_content-116856 themify_builder tf_clear\">\n    <\/div>\n<!--\/themify_builder_content-->\n\n\n<p>Hay premieres\u2026 y luego est\u00e1n las que se sienten como evento cultural. <em><a href=\"https:\/\/youtu.be\/448usLAnZr4?si=cik06q6ZgnMT9SMY\">Proyecto Fin del Mundo<\/a><\/em> lleg\u00f3 a la Ciudad de M\u00e9xico con todo: alfombra roja, formato IMAX y la presencia de Ryan Gosling junto a los directores Phil Lord y Christopher Miller. S\u00ed, literalmente una misi\u00f3n espacial aterrizando en CDMX.<\/p>\n\n\n\n<p>La pel\u00edcula, basada en la novela <em>Proyecto Hail Mary<\/em> de Andy Weir, no solo viene con hype de bestseller, sino con una propuesta sci-fi que mezcla ciencia, emoci\u00f3n y algo que no esperabas: amistad en el espacio.<\/p>\n\n\n\n<p>Adem\u00e1s, la vibra del evento dej\u00f3 claro que no estamos ante un estreno cualquiera. Esto es cine espect\u00e1culo, pero con cerebro.<\/p>\n\n\n\n<figure class=\"wp-block-image size-full\"><img data-recalc-dims=\"1\" decoding=\"async\" width=\"924\" height=\"625\" src=\"https:\/\/i0.wp.com\/zeromagazine.mx\/wp-content\/uploads\/2026\/03\/unnamed-14.png?resize=924%2C625\" alt=\"\" class=\"wp-image-116864\" srcset=\"https:\/\/i0.wp.com\/zeromagazine.mx\/wp-content\/uploads\/2026\/03\/unnamed-14.png?w=924&amp;ssl=1 924w, https:\/\/i0.wp.com\/zeromagazine.mx\/wp-content\/uploads\/2026\/03\/unnamed-14.png?resize=300%2C203&amp;ssl=1 300w, https:\/\/i0.wp.com\/zeromagazine.mx\/wp-content\/uploads\/2026\/03\/unnamed-14.png?resize=768%2C519&amp;ssl=1 768w\" sizes=\"(max-width: 924px) 100vw, 924px\" \/><\/figure>\n\n\n\n<h2 class=\"wp-block-heading\"><strong>Proyecto Fin del Mundo estreno M\u00e9xico en grande<\/strong><\/h2>\n\n\n\n<p><em><a href=\"https:\/\/youtu.be\/448usLAnZr4?si=cik06q6ZgnMT9SMY\">Proyecto Fin del Mundo<\/a> estreno M\u00e9xico<\/em> se present\u00f3 en una de las premieres m\u00e1s grandes del a\u00f1o, con fans, medios y una experiencia pensada para sentirse inmersiva desde antes de entrar a la sala.<\/p>\n\n\n\n<p>La jornada comenz\u00f3 en el Papalote Museo del Ni\u00f1o, donde el cast comparti\u00f3 detalles sobre la pel\u00edcula en un espacio que conecta perfecto con el tema cient\u00edfico de la historia. Porque s\u00ed, aqu\u00ed la ciencia importa tanto como la emoci\u00f3n.<\/p>\n\n\n\n<p>Sin embargo, el momento m\u00e1s ic\u00f3nico lleg\u00f3 en Cinemex Antara, donde la alfombra roja y la proyecci\u00f3n en IMAX elevaron la experiencia. No es lo mismo ver una pel\u00edcula del espacio\u2026 que sentirla.<\/p>\n\n\n\n<p>Por otro lado, el detalle de las estrellas formando la constelaci\u00f3n \u201cR+G Save the stars\u201d fue ese tipo de gesto que mezcla marketing con narrativa. Todo suma a la experiencia.<\/p>\n\n\n\n<figure class=\"wp-block-image size-large\"><img data-recalc-dims=\"1\" decoding=\"async\" width=\"1024\" height=\"678\" src=\"https:\/\/i0.wp.com\/zeromagazine.mx\/wp-content\/uploads\/2026\/03\/unnamed-23.jpg?resize=1024%2C678\" alt=\"\" class=\"wp-image-116861\" srcset=\"https:\/\/i0.wp.com\/zeromagazine.mx\/wp-content\/uploads\/2026\/03\/unnamed-23-scaled.jpg?resize=1024%2C678&amp;ssl=1 1024w, https:\/\/i0.wp.com\/zeromagazine.mx\/wp-content\/uploads\/2026\/03\/unnamed-23-scaled.jpg?resize=300%2C199&amp;ssl=1 300w, https:\/\/i0.wp.com\/zeromagazine.mx\/wp-content\/uploads\/2026\/03\/unnamed-23-scaled.jpg?resize=768%2C509&amp;ssl=1 768w, https:\/\/i0.wp.com\/zeromagazine.mx\/wp-content\/uploads\/2026\/03\/unnamed-23-scaled.jpg?resize=1536%2C1017&amp;ssl=1 1536w, https:\/\/i0.wp.com\/zeromagazine.mx\/wp-content\/uploads\/2026\/03\/unnamed-23-scaled.jpg?resize=2048%2C1356&amp;ssl=1 2048w, https:\/\/i0.wp.com\/zeromagazine.mx\/wp-content\/uploads\/2026\/03\/unnamed-23-scaled.jpg?w=2330 2330w\" sizes=\"(max-width: 1024px) 100vw, 1024px\" \/><\/figure>\n\n\n\n<h2 class=\"wp-block-heading\"><strong>Proyecto Fin del Mundo estreno M\u00e9xico y la historia<\/strong><\/h2>\n\n\n\n<p>Adem\u00e1s, <em><a href=\"https:\/\/youtu.be\/448usLAnZr4?si=cik06q6ZgnMT9SMY\">Proyecto Fin del Mundo<\/a> estreno M\u00e9xico<\/em> llega con una premisa que engancha desde el primer segundo: un cient\u00edfico despierta solo en el espacio, sin memoria, y con la misi\u00f3n de salvar a la humanidad.<\/p>\n\n\n\n<p>El personaje de Ryan Gosling, Ryland Grace, no es el t\u00edpico h\u00e9roe. Es m\u00e1s humano, m\u00e1s confundido, m\u00e1s improvisado. Y justo ah\u00ed est\u00e1 lo interesante.<\/p>\n\n\n\n<p>Asimismo, la pel\u00edcula mezcla tensi\u00f3n cient\u00edfica con una historia emocional inesperada. Porque m\u00e1s all\u00e1 del fin del mundo, lo que realmente sostiene la narrativa es la conexi\u00f3n que surge en el camino.<\/p>\n\n\n\n<p>El sello de los directores \u2014conocidos por equilibrar humor e inteligencia narrativa\u2014 hace que <em><a href=\"https:\/\/youtu.be\/448usLAnZr4?si=cik06q6ZgnMT9SMY\">Proyecto Fin del Mundo<\/a> estreno M\u00e9xico<\/em> no se sienta pesada, sino din\u00e1mica y accesible incluso para quienes no son fans hardcore de la ciencia ficci\u00f3n.<\/p>\n\n\n\n<p>Y eso es clave: logra ser espectacular sin perder cercan\u00eda.<\/p>\n\n\n\n<p>Adem\u00e1s, el estreno este <strong>19 de marzo<\/strong> en formatos como IMAX, 4DX, Dolby Atmos y ScreenX confirma que esta pel\u00edcula est\u00e1 pensada para vivirse, no solo verse.<\/p>\n\n\n\n<p>Si buscas una historia que combine ciencia, emoci\u00f3n y un viaje existencial (literalmente fuera de este planeta), <em><a href=\"https:\/\/youtu.be\/448usLAnZr4?si=cik06q6ZgnMT9SMY\">Proyecto Fin del Mundo<\/a> estreno M\u00e9xico<\/em> es el plan.<\/p>\n\n\n\n<figure class=\"wp-block-image size-full\"><a href=\"https:\/\/youtu.be\/448usLAnZr4?si=cik06q6ZgnMT9SMY\"><img data-recalc-dims=\"1\" decoding=\"async\" width=\"640\" height=\"360\" src=\"https:\/\/i0.wp.com\/zeromagazine.mx\/wp-content\/uploads\/2026\/03\/unnamed.png?resize=640%2C360&#038;ssl=1\" alt=\"\" class=\"wp-image-116860\" srcset=\"https:\/\/i0.wp.com\/zeromagazine.mx\/wp-content\/uploads\/2026\/03\/unnamed.png?w=640&amp;ssl=1 640w, https:\/\/i0.wp.com\/zeromagazine.mx\/wp-content\/uploads\/2026\/03\/unnamed.png?resize=300%2C169&amp;ssl=1 300w\" sizes=\"(max-width: 640px) 100vw, 640px\" \/><\/a><\/figure>","protected":false},"excerpt":{"rendered":"<p>Hay premieres\u2026 y luego est\u00e1n las que se sienten como evento cultural. Proyecto Fin del Mundo lleg\u00f3 a la Ciudad de M\u00e9xico con todo: alfombra roja, formato IMAX y la presencia de Ryan Gosling junto a los directores Phil Lord y Christopher Miller. S\u00ed, literalmente una misi\u00f3n espacial aterrizando en CDMX. La pel\u00edcula, basada en [&hellip;]<\/p>\n","protected":false},"author":2,"featured_media":116863,"comment_status":"open","ping_status":"open","sticky":false,"template":"","format":"standard","meta":{"_jetpack_memberships_contains_paid_content":false,"footnotes":"","jetpack_publicize_message":"","jetpack_publicize_feature_enabled":true,"jetpack_social_post_already_shared":true,"jetpack_social_options":{"image_generator_settings":{"template":"highway","default_image_id":0,"font":"","enabled":false},"version":2}},"categories":[1,109,117],"tags":[],"class_list":["post-116856","post","type-post","status-publish","format-standard","has-post-thumbnail","hentry","category-blog","category-cine","category-entretenimiento","has-post-title","has-post-date","has-post-category","has-post-tag","has-post-comment","has-post-author",""],"yoast_head":"<!-- This site is optimized with the Yoast SEO plugin v27.5 - https:\/\/yoast.com\/product\/yoast-seo-wordpress\/ -->\n<title>Proyecto Fin del Mundo estreno M\u00e9xico - Zero Magazine<\/title>\n<meta name=\"description\" content=\"Proyecto Fin del Mundo estreno M\u00e9xico con Ryan Gosling llega a cines el 19 de marzo en IMAX y formatos premium.\" \/>\n<meta name=\"robots\" content=\"index, follow, max-snippet:-1, max-image-preview:large, max-video-preview:-1\" \/>\n<link rel=\"canonical\" href=\"https:\/\/zeromagazine.mx\/index.php\/2026\/03\/17\/proyecto-fin-del-mundo-estreno-mexico\/\" \/>\n<meta property=\"og:locale\" content=\"es_ES\" \/>\n<meta property=\"og:type\" content=\"article\" \/>\n<meta property=\"og:title\" content=\"Proyecto Fin del Mundo estreno M\u00e9xico - Zero Magazine\" \/>\n<meta property=\"og:description\" content=\"Proyecto Fin del Mundo estreno M\u00e9xico con Ryan Gosling llega a cines el 19 de marzo en IMAX y formatos premium.\" \/>\n<meta property=\"og:url\" content=\"https:\/\/zeromagazine.mx\/index.php\/2026\/03\/17\/proyecto-fin-del-mundo-estreno-mexico\/\" \/>\n<meta property=\"og:site_name\" content=\"Zero Magazine\" \/>\n<meta property=\"article:published_time\" content=\"2026-03-17T22:36:37+00:00\" \/>\n<meta property=\"article:modified_time\" content=\"2026-03-17T22:37:29+00:00\" \/>\n<meta property=\"og:image\" content=\"http:\/\/zeromagazine.mx\/wp-content\/uploads\/2026\/03\/unnamed-22-scaled.jpg\" \/>\n\t<meta property=\"og:image:width\" content=\"2560\" \/>\n\t<meta property=\"og:image:height\" content=\"1707\" \/>\n\t<meta property=\"og:image:type\" content=\"image\/jpeg\" \/>\n<meta name=\"author\" content=\"zeromagazinemx\" \/>\n<meta name=\"twitter:card\" content=\"summary_large_image\" \/>\n<meta name=\"twitter:label1\" content=\"Escrito por\" \/>\n\t<meta name=\"twitter:data1\" content=\"zeromagazinemx\" \/>\n\t<meta name=\"twitter:label2\" content=\"Tiempo de lectura\" \/>\n\t<meta name=\"twitter:data2\" content=\"3 minutos\" \/>\n<script type=\"application\/ld+json\" class=\"yoast-schema-graph\">{\"@context\":\"https:\\\/\\\/schema.org\",\"@graph\":[{\"@type\":\"Article\",\"@id\":\"https:\\\/\\\/zeromagazine.mx\\\/index.php\\\/2026\\\/03\\\/17\\\/proyecto-fin-del-mundo-estreno-mexico\\\/#article\",\"isPartOf\":{\"@id\":\"https:\\\/\\\/zeromagazine.mx\\\/index.php\\\/2026\\\/03\\\/17\\\/proyecto-fin-del-mundo-estreno-mexico\\\/\"},\"author\":{\"name\":\"zeromagazinemx\",\"@id\":\"https:\\\/\\\/zeromagazine.mx\\\/#\\\/schema\\\/person\\\/9aed9f33a7c39af3a348b86d723f7773\"},\"headline\":\"Proyecto Fin del Mundo estreno M\u00e9xico\",\"datePublished\":\"2026-03-17T22:36:37+00:00\",\"dateModified\":\"2026-03-17T22:37:29+00:00\",\"mainEntityOfPage\":{\"@id\":\"https:\\\/\\\/zeromagazine.mx\\\/index.php\\\/2026\\\/03\\\/17\\\/proyecto-fin-del-mundo-estreno-mexico\\\/\"},\"wordCount\":507,\"commentCount\":0,\"publisher\":{\"@id\":\"https:\\\/\\\/zeromagazine.mx\\\/#organization\"},\"image\":{\"@id\":\"https:\\\/\\\/zeromagazine.mx\\\/index.php\\\/2026\\\/03\\\/17\\\/proyecto-fin-del-mundo-estreno-mexico\\\/#primaryimage\"},\"thumbnailUrl\":\"https:\\\/\\\/i0.wp.com\\\/zeromagazine.mx\\\/wp-content\\\/uploads\\\/2026\\\/03\\\/unnamed-22-scaled.jpg?fit=2560%2C1707&ssl=1\",\"articleSection\":[\"Blog\",\"Cine\",\"Entretenimiento\"],\"inLanguage\":\"es\",\"potentialAction\":[{\"@type\":\"CommentAction\",\"name\":\"Comment\",\"target\":[\"https:\\\/\\\/zeromagazine.mx\\\/index.php\\\/2026\\\/03\\\/17\\\/proyecto-fin-del-mundo-estreno-mexico\\\/#respond\"]}]},{\"@type\":\"WebPage\",\"@id\":\"https:\\\/\\\/zeromagazine.mx\\\/index.php\\\/2026\\\/03\\\/17\\\/proyecto-fin-del-mundo-estreno-mexico\\\/\",\"url\":\"https:\\\/\\\/zeromagazine.mx\\\/index.php\\\/2026\\\/03\\\/17\\\/proyecto-fin-del-mundo-estreno-mexico\\\/\",\"name\":\"Proyecto Fin del Mundo estreno M\u00e9xico - Zero Magazine\",\"isPartOf\":{\"@id\":\"https:\\\/\\\/zeromagazine.mx\\\/#website\"},\"primaryImageOfPage\":{\"@id\":\"https:\\\/\\\/zeromagazine.mx\\\/index.php\\\/2026\\\/03\\\/17\\\/proyecto-fin-del-mundo-estreno-mexico\\\/#primaryimage\"},\"image\":{\"@id\":\"https:\\\/\\\/zeromagazine.mx\\\/index.php\\\/2026\\\/03\\\/17\\\/proyecto-fin-del-mundo-estreno-mexico\\\/#primaryimage\"},\"thumbnailUrl\":\"https:\\\/\\\/i0.wp.com\\\/zeromagazine.mx\\\/wp-content\\\/uploads\\\/2026\\\/03\\\/unnamed-22-scaled.jpg?fit=2560%2C1707&ssl=1\",\"datePublished\":\"2026-03-17T22:36:37+00:00\",\"dateModified\":\"2026-03-17T22:37:29+00:00\",\"description\":\"Proyecto Fin del Mundo estreno M\u00e9xico con Ryan Gosling llega a cines el 19 de marzo en IMAX y formatos premium.\",\"breadcrumb\":{\"@id\":\"https:\\\/\\\/zeromagazine.mx\\\/index.php\\\/2026\\\/03\\\/17\\\/proyecto-fin-del-mundo-estreno-mexico\\\/#breadcrumb\"},\"inLanguage\":\"es\",\"potentialAction\":[{\"@type\":\"ReadAction\",\"target\":[\"https:\\\/\\\/zeromagazine.mx\\\/index.php\\\/2026\\\/03\\\/17\\\/proyecto-fin-del-mundo-estreno-mexico\\\/\"]}]},{\"@type\":\"ImageObject\",\"inLanguage\":\"es\",\"@id\":\"https:\\\/\\\/zeromagazine.mx\\\/index.php\\\/2026\\\/03\\\/17\\\/proyecto-fin-del-mundo-estreno-mexico\\\/#primaryimage\",\"url\":\"https:\\\/\\\/i0.wp.com\\\/zeromagazine.mx\\\/wp-content\\\/uploads\\\/2026\\\/03\\\/unnamed-22-scaled.jpg?fit=2560%2C1707&ssl=1\",\"contentUrl\":\"https:\\\/\\\/i0.wp.com\\\/zeromagazine.mx\\\/wp-content\\\/uploads\\\/2026\\\/03\\\/unnamed-22-scaled.jpg?fit=2560%2C1707&ssl=1\",\"width\":2560,\"height\":1707},{\"@type\":\"BreadcrumbList\",\"@id\":\"https:\\\/\\\/zeromagazine.mx\\\/index.php\\\/2026\\\/03\\\/17\\\/proyecto-fin-del-mundo-estreno-mexico\\\/#breadcrumb\",\"itemListElement\":[{\"@type\":\"ListItem\",\"position\":1,\"name\":\"Portada\",\"item\":\"https:\\\/\\\/zeromagazine.mx\\\/\"},{\"@type\":\"ListItem\",\"position\":2,\"name\":\"Proyecto Fin del Mundo estreno M\u00e9xico\"}]},{\"@type\":\"WebSite\",\"@id\":\"https:\\\/\\\/zeromagazine.mx\\\/#website\",\"url\":\"https:\\\/\\\/zeromagazine.mx\\\/\",\"name\":\"Zero Magazine\",\"description\":\"\",\"publisher\":{\"@id\":\"https:\\\/\\\/zeromagazine.mx\\\/#organization\"},\"potentialAction\":[{\"@type\":\"SearchAction\",\"target\":{\"@type\":\"EntryPoint\",\"urlTemplate\":\"https:\\\/\\\/zeromagazine.mx\\\/?s={search_term_string}\"},\"query-input\":{\"@type\":\"PropertyValueSpecification\",\"valueRequired\":true,\"valueName\":\"search_term_string\"}}],\"inLanguage\":\"es\"},{\"@type\":\"Organization\",\"@id\":\"https:\\\/\\\/zeromagazine.mx\\\/#organization\",\"name\":\"Zero Magazine\",\"url\":\"https:\\\/\\\/zeromagazine.mx\\\/\",\"logo\":{\"@type\":\"ImageObject\",\"inLanguage\":\"es\",\"@id\":\"https:\\\/\\\/zeromagazine.mx\\\/#\\\/schema\\\/logo\\\/image\\\/\",\"url\":\"https:\\\/\\\/i0.wp.com\\\/zeromagazine.mx\\\/wp-content\\\/uploads\\\/2025\\\/11\\\/1.jpeg?fit=1000%2C1000&ssl=1\",\"contentUrl\":\"https:\\\/\\\/i0.wp.com\\\/zeromagazine.mx\\\/wp-content\\\/uploads\\\/2025\\\/11\\\/1.jpeg?fit=1000%2C1000&ssl=1\",\"width\":1000,\"height\":1000,\"caption\":\"Zero Magazine\"},\"image\":{\"@id\":\"https:\\\/\\\/zeromagazine.mx\\\/#\\\/schema\\\/logo\\\/image\\\/\"},\"sameAs\":[\"https:\\\/\\\/instagram.com\\\/zeromagazinemx\"]},{\"@type\":\"Person\",\"@id\":\"https:\\\/\\\/zeromagazine.mx\\\/#\\\/schema\\\/person\\\/9aed9f33a7c39af3a348b86d723f7773\",\"name\":\"zeromagazinemx\",\"image\":{\"@type\":\"ImageObject\",\"inLanguage\":\"es\",\"@id\":\"https:\\\/\\\/zeromagazine.mx\\\/wp-content\\\/litespeed\\\/avatar\\\/f91dfe5410d5dcb1a576bf8c45983896.jpg?ver=1777571230\",\"url\":\"https:\\\/\\\/zeromagazine.mx\\\/wp-content\\\/litespeed\\\/avatar\\\/f91dfe5410d5dcb1a576bf8c45983896.jpg?ver=1777571230\",\"contentUrl\":\"https:\\\/\\\/zeromagazine.mx\\\/wp-content\\\/litespeed\\\/avatar\\\/f91dfe5410d5dcb1a576bf8c45983896.jpg?ver=1777571230\",\"caption\":\"zeromagazinemx\"},\"url\":\"https:\\\/\\\/zeromagazine.mx\\\/index.php\\\/author\\\/zeromagazinemx\\\/\"}]}<\/script>\n<!-- \/ Yoast SEO plugin. -->","yoast_head_json":{"title":"Proyecto Fin del Mundo estreno M\u00e9xico - Zero Magazine","description":"Proyecto Fin del Mundo estreno M\u00e9xico con Ryan Gosling llega a cines el 19 de marzo en IMAX y formatos premium.","robots":{"index":"index","follow":"follow","max-snippet":"max-snippet:-1","max-image-preview":"max-image-preview:large","max-video-preview":"max-video-preview:-1"},"canonical":"https:\/\/zeromagazine.mx\/index.php\/2026\/03\/17\/proyecto-fin-del-mundo-estreno-mexico\/","og_locale":"es_ES","og_type":"article","og_title":"Proyecto Fin del Mundo estreno M\u00e9xico - Zero Magazine","og_description":"Proyecto Fin del Mundo estreno M\u00e9xico con Ryan Gosling llega a cines el 19 de marzo en IMAX y formatos premium.","og_url":"https:\/\/zeromagazine.mx\/index.php\/2026\/03\/17\/proyecto-fin-del-mundo-estreno-mexico\/","og_site_name":"Zero Magazine","article_published_time":"2026-03-17T22:36:37+00:00","article_modified_time":"2026-03-17T22:37:29+00:00","og_image":[{"width":2560,"height":1707,"url":"http:\/\/zeromagazine.mx\/wp-content\/uploads\/2026\/03\/unnamed-22-scaled.jpg","type":"image\/jpeg"}],"author":"zeromagazinemx","twitter_card":"summary_large_image","twitter_misc":{"Escrito por":"zeromagazinemx","Tiempo de lectura":"3 minutos"},"schema":{"@context":"https:\/\/schema.org","@graph":[{"@type":"Article","@id":"https:\/\/zeromagazine.mx\/index.php\/2026\/03\/17\/proyecto-fin-del-mundo-estreno-mexico\/#article","isPartOf":{"@id":"https:\/\/zeromagazine.mx\/index.php\/2026\/03\/17\/proyecto-fin-del-mundo-estreno-mexico\/"},"author":{"name":"zeromagazinemx","@id":"https:\/\/zeromagazine.mx\/#\/schema\/person\/9aed9f33a7c39af3a348b86d723f7773"},"headline":"Proyecto Fin del Mundo estreno M\u00e9xico","datePublished":"2026-03-17T22:36:37+00:00","dateModified":"2026-03-17T22:37:29+00:00","mainEntityOfPage":{"@id":"https:\/\/zeromagazine.mx\/index.php\/2026\/03\/17\/proyecto-fin-del-mundo-estreno-mexico\/"},"wordCount":507,"commentCount":0,"publisher":{"@id":"https:\/\/zeromagazine.mx\/#organization"},"image":{"@id":"https:\/\/zeromagazine.mx\/index.php\/2026\/03\/17\/proyecto-fin-del-mundo-estreno-mexico\/#primaryimage"},"thumbnailUrl":"https:\/\/i0.wp.com\/zeromagazine.mx\/wp-content\/uploads\/2026\/03\/unnamed-22-scaled.jpg?fit=2560%2C1707&ssl=1","articleSection":["Blog","Cine","Entretenimiento"],"inLanguage":"es","potentialAction":[{"@type":"CommentAction","name":"Comment","target":["https:\/\/zeromagazine.mx\/index.php\/2026\/03\/17\/proyecto-fin-del-mundo-estreno-mexico\/#respond"]}]},{"@type":"WebPage","@id":"https:\/\/zeromagazine.mx\/index.php\/2026\/03\/17\/proyecto-fin-del-mundo-estreno-mexico\/","url":"https:\/\/zeromagazine.mx\/index.php\/2026\/03\/17\/proyecto-fin-del-mundo-estreno-mexico\/","name":"Proyecto Fin del Mundo estreno M\u00e9xico - Zero Magazine","isPartOf":{"@id":"https:\/\/zeromagazine.mx\/#website"},"primaryImageOfPage":{"@id":"https:\/\/zeromagazine.mx\/index.php\/2026\/03\/17\/proyecto-fin-del-mundo-estreno-mexico\/#primaryimage"},"image":{"@id":"https:\/\/zeromagazine.mx\/index.php\/2026\/03\/17\/proyecto-fin-del-mundo-estreno-mexico\/#primaryimage"},"thumbnailUrl":"https:\/\/i0.wp.com\/zeromagazine.mx\/wp-content\/uploads\/2026\/03\/unnamed-22-scaled.jpg?fit=2560%2C1707&ssl=1","datePublished":"2026-03-17T22:36:37+00:00","dateModified":"2026-03-17T22:37:29+00:00","description":"Proyecto Fin del Mundo estreno M\u00e9xico con Ryan Gosling llega a cines el 19 de marzo en IMAX y formatos premium.","breadcrumb":{"@id":"https:\/\/zeromagazine.mx\/index.php\/2026\/03\/17\/proyecto-fin-del-mundo-estreno-mexico\/#breadcrumb"},"inLanguage":"es","potentialAction":[{"@type":"ReadAction","target":["https:\/\/zeromagazine.mx\/index.php\/2026\/03\/17\/proyecto-fin-del-mundo-estreno-mexico\/"]}]},{"@type":"ImageObject","inLanguage":"es","@id":"https:\/\/zeromagazine.mx\/index.php\/2026\/03\/17\/proyecto-fin-del-mundo-estreno-mexico\/#primaryimage","url":"https:\/\/i0.wp.com\/zeromagazine.mx\/wp-content\/uploads\/2026\/03\/unnamed-22-scaled.jpg?fit=2560%2C1707&ssl=1","contentUrl":"https:\/\/i0.wp.com\/zeromagazine.mx\/wp-content\/uploads\/2026\/03\/unnamed-22-scaled.jpg?fit=2560%2C1707&ssl=1","width":2560,"height":1707},{"@type":"BreadcrumbList","@id":"https:\/\/zeromagazine.mx\/index.php\/2026\/03\/17\/proyecto-fin-del-mundo-estreno-mexico\/#breadcrumb","itemListElement":[{"@type":"ListItem","position":1,"name":"Portada","item":"https:\/\/zeromagazine.mx\/"},{"@type":"ListItem","position":2,"name":"Proyecto Fin del Mundo estreno M\u00e9xico"}]},{"@type":"WebSite","@id":"https:\/\/zeromagazine.mx\/#website","url":"https:\/\/zeromagazine.mx\/","name":"Zero Magazine","description":"","publisher":{"@id":"https:\/\/zeromagazine.mx\/#organization"},"potentialAction":[{"@type":"SearchAction","target":{"@type":"EntryPoint","urlTemplate":"https:\/\/zeromagazine.mx\/?s={search_term_string}"},"query-input":{"@type":"PropertyValueSpecification","valueRequired":true,"valueName":"search_term_string"}}],"inLanguage":"es"},{"@type":"Organization","@id":"https:\/\/zeromagazine.mx\/#organization","name":"Zero Magazine","url":"https:\/\/zeromagazine.mx\/","logo":{"@type":"ImageObject","inLanguage":"es","@id":"https:\/\/zeromagazine.mx\/#\/schema\/logo\/image\/","url":"https:\/\/i0.wp.com\/zeromagazine.mx\/wp-content\/uploads\/2025\/11\/1.jpeg?fit=1000%2C1000&ssl=1","contentUrl":"https:\/\/i0.wp.com\/zeromagazine.mx\/wp-content\/uploads\/2025\/11\/1.jpeg?fit=1000%2C1000&ssl=1","width":1000,"height":1000,"caption":"Zero Magazine"},"image":{"@id":"https:\/\/zeromagazine.mx\/#\/schema\/logo\/image\/"},"sameAs":["https:\/\/instagram.com\/zeromagazinemx"]},{"@type":"Person","@id":"https:\/\/zeromagazine.mx\/#\/schema\/person\/9aed9f33a7c39af3a348b86d723f7773","name":"zeromagazinemx","image":{"@type":"ImageObject","inLanguage":"es","@id":"https:\/\/zeromagazine.mx\/wp-content\/litespeed\/avatar\/f91dfe5410d5dcb1a576bf8c45983896.jpg?ver=1777571230","url":"https:\/\/zeromagazine.mx\/wp-content\/litespeed\/avatar\/f91dfe5410d5dcb1a576bf8c45983896.jpg?ver=1777571230","contentUrl":"https:\/\/zeromagazine.mx\/wp-content\/litespeed\/avatar\/f91dfe5410d5dcb1a576bf8c45983896.jpg?ver=1777571230","caption":"zeromagazinemx"},"url":"https:\/\/zeromagazine.mx\/index.php\/author\/zeromagazinemx\/"}]}},"jetpack_publicize_connections":[],"jetpack_featured_media_url":"https:\/\/i0.wp.com\/zeromagazine.mx\/wp-content\/uploads\/2026\/03\/unnamed-22-scaled.jpg?fit=2560%2C1707&ssl=1","jetpack-related-posts":[{"id":114327,"url":"https:\/\/zeromagazine.mx\/index.php\/2026\/01\/29\/ficm-2026-fechas-festival-cine-morelia\/","url_meta":{"origin":116856,"position":0},"title":"FICM 2026: Fechas Oficiales Reveladas","author":"zeromagazinemx","date":"29 de enero de 2026","format":false,"excerpt":"Si amas el cine mexicano, los festivales con vibe cultural y los eventos donde se mezclan estrenos, talento emergente y glamour cin\u00e9filo, el FICM 2026 ya tiene fechas \u2014y s\u00ed, es momento de ir apartando octubre en tu calendario. El Festival Internacional de Cine de Morelia (FICM) celebrar\u00e1 su 24a\u2026","rel":"","context":"En \u00abCine\u00bb","block_context":{"text":"Cine","link":"https:\/\/zeromagazine.mx\/index.php\/category\/entretenimiento\/cine\/"},"img":{"alt_text":"","src":"","width":0,"height":0},"classes":[]},{"id":113974,"url":"https:\/\/zeromagazine.mx\/index.php\/2026\/01\/22\/sirat-estreno-mexico-trance-desierto-cines\/","url_meta":{"origin":116856,"position":1},"title":"Sir\u00e1t estreno M\u00e9xico: cine hipn\u00f3tico","author":"zeromagazinemx","date":"22 de enero de 2026","format":false,"excerpt":"Si este a\u00f1o buscas una experiencia cinematogr\u00e1fica que vaya m\u00e1s all\u00e1 de lo convencional, Sir\u00e1t estreno M\u00e9xico es el evento f\u00edlmico que no puedes ignorar. Hoy llega a las salas del pa\u00eds Sir\u00e1t: Trance en el desierto, la pel\u00edcula del director Oliver Laxe que ha conquistado a la cr\u00edtica internacional,\u2026","rel":"","context":"En \u00abCine\u00bb","block_context":{"text":"Cine","link":"https:\/\/zeromagazine.mx\/index.php\/category\/entretenimiento\/cine\/"},"img":{"alt_text":"","src":"https:\/\/i0.wp.com\/zeromagazine.mx\/wp-content\/uploads\/2026\/01\/Poster-SIRAT-v2-scaled.jpg?fit=818%2C1200&ssl=1&resize=350%2C200","width":350,"height":200,"srcset":"https:\/\/i0.wp.com\/zeromagazine.mx\/wp-content\/uploads\/2026\/01\/Poster-SIRAT-v2-scaled.jpg?fit=818%2C1200&ssl=1&resize=350%2C200 1x, https:\/\/i0.wp.com\/zeromagazine.mx\/wp-content\/uploads\/2026\/01\/Poster-SIRAT-v2-scaled.jpg?fit=818%2C1200&ssl=1&resize=525%2C300 1.5x, https:\/\/i0.wp.com\/zeromagazine.mx\/wp-content\/uploads\/2026\/01\/Poster-SIRAT-v2-scaled.jpg?fit=818%2C1200&ssl=1&resize=700%2C400 2x"},"classes":[]},{"id":90968,"url":"https:\/\/zeromagazine.mx\/index.php\/2024\/11\/15\/cine-270-vip-solo-aqui\/","url_meta":{"origin":116856,"position":2},"title":"\u00ab\u00a1Cine 270\u00b0 VIP, Solo Aqu\u00ed!\u00bb","author":"zeromagazinemx","date":"15 de noviembre de 2024","format":false,"excerpt":"Hola a\u00a0tod@s.\u00a0Si eres de los que les encanta ir al cine, pero ya est\u00e1s cansado de las mismas experiencias, prep\u00e1rate porque Cin\u00e9polis acaba de subir el nivel de lo que significa ver una peli en grande. \u00a1S\u00ed, as\u00ed como lo lees! Ahora, en el Cin\u00e9polis Samara VIP de la Ciudad\u2026","rel":"","context":"En \u00abCultura\u00bb","block_context":{"text":"Cultura","link":"https:\/\/zeromagazine.mx\/index.php\/category\/cultura\/"},"img":{"alt_text":"","src":"https:\/\/i0.wp.com\/zeromagazine.mx\/wp-content\/uploads\/2024\/11\/VIP-ScreenX-5.jpg?fit=1200%2C675&ssl=1&resize=350%2C200","width":350,"height":200,"srcset":"https:\/\/i0.wp.com\/zeromagazine.mx\/wp-content\/uploads\/2024\/11\/VIP-ScreenX-5.jpg?fit=1200%2C675&ssl=1&resize=350%2C200 1x, https:\/\/i0.wp.com\/zeromagazine.mx\/wp-content\/uploads\/2024\/11\/VIP-ScreenX-5.jpg?fit=1200%2C675&ssl=1&resize=525%2C300 1.5x, https:\/\/i0.wp.com\/zeromagazine.mx\/wp-content\/uploads\/2024\/11\/VIP-ScreenX-5.jpg?fit=1200%2C675&ssl=1&resize=700%2C400 2x, https:\/\/i0.wp.com\/zeromagazine.mx\/wp-content\/uploads\/2024\/11\/VIP-ScreenX-5.jpg?fit=1200%2C675&ssl=1&resize=1050%2C600 3x"},"classes":[]},{"id":102768,"url":"https:\/\/zeromagazine.mx\/index.php\/2025\/04\/30\/mision-imposible-la-sentencia-final-se-estrena-pronto-en-cines\/","url_meta":{"origin":116856,"position":3},"title":"Misi\u00f3n: Imposible -La Sentencia Final, Se Estrena Pronto En Cines","author":"David Morales","date":"30 de abril de 2025","format":false,"excerpt":"Amix, si t\u00fa tambi\u00e9n creciste viendo a Ethan Hunt colgado de aviones, corriendo en trajes negros por techos imposibles y salvando al mundo cada dos a\u00f1os, prep\u00e1rate porque ya viene lo nuevo. Este 22 de mayo de 2025, llega a cines Misi\u00f3n: Imposible \u2013 La Sentencia Final, y s\u00ed, se\u2026","rel":"","context":"En \u00abEntretenimiento\u00bb","block_context":{"text":"Entretenimiento","link":"https:\/\/zeromagazine.mx\/index.php\/category\/entretenimiento\/"},"img":{"alt_text":"","src":"https:\/\/i0.wp.com\/zeromagazine.mx\/wp-content\/uploads\/2025\/04\/Captura-de-pantalla-2025-04-30-120351.png?fit=1200%2C636&ssl=1&resize=350%2C200","width":350,"height":200,"srcset":"https:\/\/i0.wp.com\/zeromagazine.mx\/wp-content\/uploads\/2025\/04\/Captura-de-pantalla-2025-04-30-120351.png?fit=1200%2C636&ssl=1&resize=350%2C200 1x, https:\/\/i0.wp.com\/zeromagazine.mx\/wp-content\/uploads\/2025\/04\/Captura-de-pantalla-2025-04-30-120351.png?fit=1200%2C636&ssl=1&resize=525%2C300 1.5x, https:\/\/i0.wp.com\/zeromagazine.mx\/wp-content\/uploads\/2025\/04\/Captura-de-pantalla-2025-04-30-120351.png?fit=1200%2C636&ssl=1&resize=700%2C400 2x, https:\/\/i0.wp.com\/zeromagazine.mx\/wp-content\/uploads\/2025\/04\/Captura-de-pantalla-2025-04-30-120351.png?fit=1200%2C636&ssl=1&resize=1050%2C600 3x"},"classes":[]},{"id":118997,"url":"https:\/\/zeromagazine.mx\/index.php\/2026\/04\/18\/billie-eilish-tour-cines-3d-mexico\/","url_meta":{"origin":116856,"position":4},"title":"Billie Eilish tour en cines","author":"zeromagazinemx","date":"18 de abril de 2026","format":false,"excerpt":"Si no conseguiste boletos para verla en vivo (o quieres revivirlo todo con m\u00e1s drama visual), esto te interesa: Billie Eilish tour en cines llega en versi\u00f3n 3D y promete ser una experiencia que va m\u00e1s all\u00e1 de un simple concierto grabado. Hablamos de BILLIE EILISH HIT ME HARD AND\u2026","rel":"","context":"En \u00abBlog\u00bb","block_context":{"text":"Blog","link":"https:\/\/zeromagazine.mx\/index.php\/category\/blog\/"},"img":{"alt_text":"","src":"https:\/\/i0.wp.com\/zeromagazine.mx\/wp-content\/uploads\/2026\/04\/BE_DOM_1080x1350_ONLINE_Teaser_1_Sheet_RealD3D_B_LAS.jpg?fit=960%2C1200&ssl=1&resize=350%2C200","width":350,"height":200,"srcset":"https:\/\/i0.wp.com\/zeromagazine.mx\/wp-content\/uploads\/2026\/04\/BE_DOM_1080x1350_ONLINE_Teaser_1_Sheet_RealD3D_B_LAS.jpg?fit=960%2C1200&ssl=1&resize=350%2C200 1x, https:\/\/i0.wp.com\/zeromagazine.mx\/wp-content\/uploads\/2026\/04\/BE_DOM_1080x1350_ONLINE_Teaser_1_Sheet_RealD3D_B_LAS.jpg?fit=960%2C1200&ssl=1&resize=525%2C300 1.5x, https:\/\/i0.wp.com\/zeromagazine.mx\/wp-content\/uploads\/2026\/04\/BE_DOM_1080x1350_ONLINE_Teaser_1_Sheet_RealD3D_B_LAS.jpg?fit=960%2C1200&ssl=1&resize=700%2C400 2x"},"classes":[]},{"id":119013,"url":"https:\/\/zeromagazine.mx\/index.php\/2026\/04\/18\/disney-cinemacon-2026-estrenos\/","url_meta":{"origin":116856,"position":5},"title":"Disney CinemaCon 2026 arrasa","author":"zeromagazinemx","date":"18 de abril de 2026","format":false,"excerpt":"Si hab\u00eda dudas de qui\u00e9n domina el cine global, The Walt Disney Studios lleg\u00f3 a CinemaCon 2026 a dejarlo clar\u00edsimo: vienen con TODO. Entre anuncios, adelantos exclusivos y apariciones sorpresa, el estudio solt\u00f3 una alineaci\u00f3n que mezcla nostalgia, franquicias gigantes y nuevas apuestas que ya est\u00e1n generando hype. Y s\u00ed,\u2026","rel":"","context":"En \u00abBlog\u00bb","block_context":{"text":"Blog","link":"https:\/\/zeromagazine.mx\/index.php\/category\/blog\/"},"img":{"alt_text":"","src":"https:\/\/i0.wp.com\/zeromagazine.mx\/wp-content\/uploads\/2026\/04\/image-6.png?resize=350%2C200&ssl=1","width":350,"height":200,"srcset":"https:\/\/i0.wp.com\/zeromagazine.mx\/wp-content\/uploads\/2026\/04\/image-6.png?resize=350%2C200&ssl=1 1x, https:\/\/i0.wp.com\/zeromagazine.mx\/wp-content\/uploads\/2026\/04\/image-6.png?resize=525%2C300&ssl=1 1.5x, https:\/\/i0.wp.com\/zeromagazine.mx\/wp-content\/uploads\/2026\/04\/image-6.png?resize=700%2C400&ssl=1 2x"},"classes":[]}],"jetpack_sharing_enabled":true,"builder_content":"","_links":{"self":[{"href":"https:\/\/zeromagazine.mx\/index.php\/wp-json\/wp\/v2\/posts\/116856","targetHints":{"allow":["GET"]}}],"collection":[{"href":"https:\/\/zeromagazine.mx\/index.php\/wp-json\/wp\/v2\/posts"}],"about":[{"href":"https:\/\/zeromagazine.mx\/index.php\/wp-json\/wp\/v2\/types\/post"}],"author":[{"embeddable":true,"href":"https:\/\/zeromagazine.mx\/index.php\/wp-json\/wp\/v2\/users\/2"}],"replies":[{"embeddable":true,"href":"https:\/\/zeromagazine.mx\/index.php\/wp-json\/wp\/v2\/comments?post=116856"}],"version-history":[{"count":2,"href":"https:\/\/zeromagazine.mx\/index.php\/wp-json\/wp\/v2\/posts\/116856\/revisions"}],"predecessor-version":[{"id":116873,"href":"https:\/\/zeromagazine.mx\/index.php\/wp-json\/wp\/v2\/posts\/116856\/revisions\/116873"}],"wp:featuredmedia":[{"embeddable":true,"href":"https:\/\/zeromagazine.mx\/index.php\/wp-json\/wp\/v2\/media\/116863"}],"wp:attachment":[{"href":"https:\/\/zeromagazine.mx\/index.php\/wp-json\/wp\/v2\/media?parent=116856"}],"wp:term":[{"taxonomy":"category","embeddable":true,"href":"https:\/\/zeromagazine.mx\/index.php\/wp-json\/wp\/v2\/categories?post=116856"},{"taxonomy":"post_tag","embeddable":true,"href":"https:\/\/zeromagazine.mx\/index.php\/wp-json\/wp\/v2\/tags?post=116856"}],"curies":[{"name":"wp","href":"https:\/\/api.w.org\/{rel}","templated":true}]}}