{"id":116874,"date":"2026-03-17T16:59:23","date_gmt":"2026-03-17T22:59:23","guid":{"rendered":"https:\/\/zeromagazine.mx\/?p=116874"},"modified":"2026-03-17T16:59:25","modified_gmt":"2026-03-17T22:59:25","slug":"sala-de-arte-cinepolis-marzo-estrenos","status":"publish","type":"post","link":"https:\/\/zeromagazine.mx\/index.php\/2026\/03\/17\/sala-de-arte-cinepolis-marzo-estrenos\/","title":{"rendered":"Sala de Arte Cin\u00e9polis marzo imperdible"},"content":{"rendered":"<!--themify_builder_content-->\n<div id=\"themify_builder_content-116874\" data-postid=\"116874\" class=\"themify_builder_content themify_builder_content-116874 themify_builder tf_clear\">\n    <\/div>\n<!--\/themify_builder_content-->\n\n\n<p>Si \u00faltimamente sientes que el cine comercial ya no te sorprende tanto, marzo trae justo lo que necesitas. La curadur\u00eda de Cin\u00e9polis en su Sala de Arte est\u00e1 apostando por historias m\u00e1s \u00edntimas, m\u00e1s inc\u00f3modas\u2026 y mucho m\u00e1s reales.<\/p>\n\n\n\n<p>Este mes no se trata de explosiones ni CGI. Se trata de emociones que pesan, decisiones que duelen y relaciones que no siempre son f\u00e1ciles de entender. B\u00e1sicamente, cine que s\u00ed te deja pensando cuando sales de la sala.<\/p>\n\n\n\n<p>Adem\u00e1s, la selecci\u00f3n no es casualidad. Son pel\u00edculas que vienen de festivales importantes y que est\u00e1n construyendo conversaci\u00f3n global desde lo personal.<\/p>\n\n\n\n<h2 class=\"wp-block-heading\"><strong>Sala de Arte Cin\u00e9polis marzo estrenos destacados<\/strong><\/h2>\n\n\n\n<p>Primero, hay que hablar de <em>Si pudiera, te patear\u00eda<\/em>, una pel\u00edcula que no es f\u00e1cil de ver\u2026 pero justo por eso es necesaria. Dirigida por Mary Bronstein y protagonizada por Rose Byrne, la historia se mete de lleno en el agotamiento emocional de la maternidad.<\/p>\n\n\n\n<p>Sin embargo, no lo hace desde un lugar bonito o idealizado. Aqu\u00ed todo es ca\u00f3tico, inc\u00f3modo y muy real. La pel\u00edcula juega con elementos de thriller psicol\u00f3gico para mostrar c\u00f3mo alguien puede romperse mientras intenta sostenerlo todo.<\/p>\n\n\n\n<figure class=\"wp-block-image size-full\"><img data-recalc-dims=\"1\" decoding=\"async\" width=\"280\" height=\"400\" src=\"https:\/\/i0.wp.com\/zeromagazine.mx\/wp-content\/uploads\/2026\/03\/Si-Pudiera-Te-Patearia.png?resize=280%2C400\" alt=\"\" class=\"wp-image-116885\" srcset=\"https:\/\/i0.wp.com\/zeromagazine.mx\/wp-content\/uploads\/2026\/03\/Si-Pudiera-Te-Patearia.png?w=280&amp;ssl=1 280w, https:\/\/i0.wp.com\/zeromagazine.mx\/wp-content\/uploads\/2026\/03\/Si-Pudiera-Te-Patearia.png?resize=210%2C300&amp;ssl=1 210w\" sizes=\"(max-width: 280px) 100vw, 280px\" \/><\/figure>\n\n\n\n<p>Por otro lado, tenemos <em>La Grazia: La Belleza de la Duda<\/em>, dirigida por Paolo Sorrentino, que cambia completamente el tono. Aqu\u00ed el enfoque es m\u00e1s contemplativo, m\u00e1s elegante, pero igual de profundo.<\/p>\n\n\n\n<p>Adem\u00e1s, con Toni Servillo al frente, la pel\u00edcula explora el poder, la familia y las decisiones que definen qui\u00e9n eres. Es de esas historias que se sienten como poes\u00eda visual.<\/p>\n\n\n\n<figure class=\"wp-block-image size-full\"><img data-recalc-dims=\"1\" decoding=\"async\" width=\"271\" height=\"405\" src=\"https:\/\/i0.wp.com\/zeromagazine.mx\/wp-content\/uploads\/2026\/03\/La-Grazia-.png?resize=271%2C405\" alt=\"\" class=\"wp-image-116883\" srcset=\"https:\/\/i0.wp.com\/zeromagazine.mx\/wp-content\/uploads\/2026\/03\/La-Grazia-.png?w=271&amp;ssl=1 271w, https:\/\/i0.wp.com\/zeromagazine.mx\/wp-content\/uploads\/2026\/03\/La-Grazia-.png?resize=201%2C300&amp;ssl=1 201w\" sizes=\"(max-width: 271px) 100vw, 271px\" \/><\/figure>\n\n\n\n<h2 class=\"wp-block-heading\"><strong>Sala de Arte Cin\u00e9polis marzo cine emocional<\/strong><\/h2>\n\n\n\n<p>Finalmente, <em>Los Lazos Que Nos Unen<\/em> baja todo a tierra. Dirigida por Carine Tardieu y protagonizada por Valeria Bruni Tedeschi, esta pel\u00edcula se enfoca en algo muy simple pero poderoso: c\u00f3mo se construyen los v\u00ednculos.<\/p>\n\n\n\n<p>Asimismo, la historia plantea una idea que cada vez resuena m\u00e1s: la familia no siempre es la que te toca, sino la que eliges (o la que aparece inesperadamente).<\/p>\n\n\n\n<p>Adem\u00e1s, lo que hace especial a esta pel\u00edcula es su ritmo. No hay grandes giros dram\u00e1ticos, pero s\u00ed peque\u00f1os momentos que se sienten incre\u00edblemente reales.<\/p>\n\n\n\n<figure class=\"wp-block-image size-full\"><img data-recalc-dims=\"1\" decoding=\"async\" width=\"279\" height=\"399\" src=\"https:\/\/i0.wp.com\/zeromagazine.mx\/wp-content\/uploads\/2026\/03\/image-4.png?resize=279%2C399\" alt=\"\" class=\"wp-image-116884\" srcset=\"https:\/\/i0.wp.com\/zeromagazine.mx\/wp-content\/uploads\/2026\/03\/image-4.png?w=279&amp;ssl=1 279w, https:\/\/i0.wp.com\/zeromagazine.mx\/wp-content\/uploads\/2026\/03\/image-4.png?resize=210%2C300&amp;ssl=1 210w\" sizes=\"(max-width: 279px) 100vw, 279px\" \/><\/figure>\n\n\n\n<p><em>Sala de Arte Cin\u00e9polis marzo<\/em> se siente como una pausa necesaria dentro del ruido del cine comercial. Es una invitaci\u00f3n a ver historias m\u00e1s humanas, m\u00e1s cercanas y, a veces, m\u00e1s inc\u00f3modas de lo que nos gustar\u00eda admitir.<\/p>\n\n\n\n<p>Si est\u00e1s buscando algo diferente, esto no es solo una cartelera: es una curadur\u00eda que vale la pena experimentar.<\/p>","protected":false},"excerpt":{"rendered":"<p>Si \u00faltimamente sientes que el cine comercial ya no te sorprende tanto, marzo trae justo lo que necesitas. La curadur\u00eda de Cin\u00e9polis en su Sala de Arte est\u00e1 apostando por historias m\u00e1s \u00edntimas, m\u00e1s inc\u00f3modas\u2026 y mucho m\u00e1s reales. Este mes no se trata de explosiones ni CGI. Se trata de emociones que pesan, decisiones [&hellip;]<\/p>\n","protected":false},"author":2,"featured_media":0,"comment_status":"open","ping_status":"open","sticky":false,"template":"","format":"standard","meta":{"_jetpack_memberships_contains_paid_content":false,"footnotes":"","jetpack_publicize_message":"","jetpack_publicize_feature_enabled":true,"jetpack_social_post_already_shared":true,"jetpack_social_options":{"image_generator_settings":{"template":"highway","default_image_id":0,"font":"","enabled":false},"version":2}},"categories":[1,109,117],"tags":[],"class_list":["post-116874","post","type-post","status-publish","format-standard","hentry","category-blog","category-cine","category-entretenimiento","has-post-title","has-post-date","has-post-category","has-post-tag","has-post-comment","has-post-author",""],"yoast_head":"<!-- This site is optimized with the Yoast SEO plugin v27.5 - https:\/\/yoast.com\/product\/yoast-seo-wordpress\/ -->\n<title>Sala de Arte Cin\u00e9polis marzo imperdible - Zero Magazine<\/title>\n<meta name=\"description\" content=\"Sala de Arte Cin\u00e9polis marzo presenta estrenos internacionales con historias emocionales y cine de autor imperdible.\" \/>\n<meta name=\"robots\" content=\"index, follow, max-snippet:-1, max-image-preview:large, max-video-preview:-1\" \/>\n<link rel=\"canonical\" href=\"https:\/\/zeromagazine.mx\/index.php\/2026\/03\/17\/sala-de-arte-cinepolis-marzo-estrenos\/\" \/>\n<meta property=\"og:locale\" content=\"es_ES\" \/>\n<meta property=\"og:type\" content=\"article\" \/>\n<meta property=\"og:title\" content=\"Sala de Arte Cin\u00e9polis marzo imperdible - Zero Magazine\" \/>\n<meta property=\"og:description\" content=\"Sala de Arte Cin\u00e9polis marzo presenta estrenos internacionales con historias emocionales y cine de autor imperdible.\" \/>\n<meta property=\"og:url\" content=\"https:\/\/zeromagazine.mx\/index.php\/2026\/03\/17\/sala-de-arte-cinepolis-marzo-estrenos\/\" \/>\n<meta property=\"og:site_name\" content=\"Zero Magazine\" \/>\n<meta property=\"article:published_time\" content=\"2026-03-17T22:59:23+00:00\" \/>\n<meta property=\"article:modified_time\" content=\"2026-03-17T22:59:25+00:00\" \/>\n<meta property=\"og:image\" content=\"http:\/\/zeromagazine.mx\/wp-content\/uploads\/2026\/03\/Si-Pudiera-Te-Patearia.png\" \/>\n<meta name=\"author\" content=\"zeromagazinemx\" \/>\n<meta name=\"twitter:card\" content=\"summary_large_image\" \/>\n<meta name=\"twitter:label1\" content=\"Escrito por\" \/>\n\t<meta name=\"twitter:data1\" content=\"zeromagazinemx\" \/>\n\t<meta name=\"twitter:label2\" content=\"Tiempo de lectura\" \/>\n\t<meta name=\"twitter:data2\" content=\"3 minutos\" \/>\n<script type=\"application\/ld+json\" class=\"yoast-schema-graph\">{\"@context\":\"https:\\\/\\\/schema.org\",\"@graph\":[{\"@type\":\"Article\",\"@id\":\"https:\\\/\\\/zeromagazine.mx\\\/index.php\\\/2026\\\/03\\\/17\\\/sala-de-arte-cinepolis-marzo-estrenos\\\/#article\",\"isPartOf\":{\"@id\":\"https:\\\/\\\/zeromagazine.mx\\\/index.php\\\/2026\\\/03\\\/17\\\/sala-de-arte-cinepolis-marzo-estrenos\\\/\"},\"author\":{\"name\":\"zeromagazinemx\",\"@id\":\"https:\\\/\\\/zeromagazine.mx\\\/#\\\/schema\\\/person\\\/9aed9f33a7c39af3a348b86d723f7773\"},\"headline\":\"Sala de Arte Cin\u00e9polis marzo imperdible\",\"datePublished\":\"2026-03-17T22:59:23+00:00\",\"dateModified\":\"2026-03-17T22:59:25+00:00\",\"mainEntityOfPage\":{\"@id\":\"https:\\\/\\\/zeromagazine.mx\\\/index.php\\\/2026\\\/03\\\/17\\\/sala-de-arte-cinepolis-marzo-estrenos\\\/\"},\"wordCount\":458,\"commentCount\":0,\"publisher\":{\"@id\":\"https:\\\/\\\/zeromagazine.mx\\\/#organization\"},\"image\":{\"@id\":\"https:\\\/\\\/zeromagazine.mx\\\/index.php\\\/2026\\\/03\\\/17\\\/sala-de-arte-cinepolis-marzo-estrenos\\\/#primaryimage\"},\"thumbnailUrl\":\"http:\\\/\\\/zeromagazine.mx\\\/wp-content\\\/uploads\\\/2026\\\/03\\\/Si-Pudiera-Te-Patearia.png\",\"articleSection\":[\"Blog\",\"Cine\",\"Entretenimiento\"],\"inLanguage\":\"es\",\"potentialAction\":[{\"@type\":\"CommentAction\",\"name\":\"Comment\",\"target\":[\"https:\\\/\\\/zeromagazine.mx\\\/index.php\\\/2026\\\/03\\\/17\\\/sala-de-arte-cinepolis-marzo-estrenos\\\/#respond\"]}]},{\"@type\":\"WebPage\",\"@id\":\"https:\\\/\\\/zeromagazine.mx\\\/index.php\\\/2026\\\/03\\\/17\\\/sala-de-arte-cinepolis-marzo-estrenos\\\/\",\"url\":\"https:\\\/\\\/zeromagazine.mx\\\/index.php\\\/2026\\\/03\\\/17\\\/sala-de-arte-cinepolis-marzo-estrenos\\\/\",\"name\":\"Sala de Arte Cin\u00e9polis marzo imperdible - Zero Magazine\",\"isPartOf\":{\"@id\":\"https:\\\/\\\/zeromagazine.mx\\\/#website\"},\"primaryImageOfPage\":{\"@id\":\"https:\\\/\\\/zeromagazine.mx\\\/index.php\\\/2026\\\/03\\\/17\\\/sala-de-arte-cinepolis-marzo-estrenos\\\/#primaryimage\"},\"image\":{\"@id\":\"https:\\\/\\\/zeromagazine.mx\\\/index.php\\\/2026\\\/03\\\/17\\\/sala-de-arte-cinepolis-marzo-estrenos\\\/#primaryimage\"},\"thumbnailUrl\":\"http:\\\/\\\/zeromagazine.mx\\\/wp-content\\\/uploads\\\/2026\\\/03\\\/Si-Pudiera-Te-Patearia.png\",\"datePublished\":\"2026-03-17T22:59:23+00:00\",\"dateModified\":\"2026-03-17T22:59:25+00:00\",\"description\":\"Sala de Arte Cin\u00e9polis marzo presenta estrenos internacionales con historias emocionales y cine de autor imperdible.\",\"breadcrumb\":{\"@id\":\"https:\\\/\\\/zeromagazine.mx\\\/index.php\\\/2026\\\/03\\\/17\\\/sala-de-arte-cinepolis-marzo-estrenos\\\/#breadcrumb\"},\"inLanguage\":\"es\",\"potentialAction\":[{\"@type\":\"ReadAction\",\"target\":[\"https:\\\/\\\/zeromagazine.mx\\\/index.php\\\/2026\\\/03\\\/17\\\/sala-de-arte-cinepolis-marzo-estrenos\\\/\"]}]},{\"@type\":\"ImageObject\",\"inLanguage\":\"es\",\"@id\":\"https:\\\/\\\/zeromagazine.mx\\\/index.php\\\/2026\\\/03\\\/17\\\/sala-de-arte-cinepolis-marzo-estrenos\\\/#primaryimage\",\"url\":\"https:\\\/\\\/i0.wp.com\\\/zeromagazine.mx\\\/wp-content\\\/uploads\\\/2026\\\/03\\\/Si-Pudiera-Te-Patearia.png?fit=280%2C400&ssl=1\",\"contentUrl\":\"https:\\\/\\\/i0.wp.com\\\/zeromagazine.mx\\\/wp-content\\\/uploads\\\/2026\\\/03\\\/Si-Pudiera-Te-Patearia.png?fit=280%2C400&ssl=1\",\"width\":280,\"height\":400},{\"@type\":\"BreadcrumbList\",\"@id\":\"https:\\\/\\\/zeromagazine.mx\\\/index.php\\\/2026\\\/03\\\/17\\\/sala-de-arte-cinepolis-marzo-estrenos\\\/#breadcrumb\",\"itemListElement\":[{\"@type\":\"ListItem\",\"position\":1,\"name\":\"Portada\",\"item\":\"https:\\\/\\\/zeromagazine.mx\\\/\"},{\"@type\":\"ListItem\",\"position\":2,\"name\":\"Sala de Arte Cin\u00e9polis marzo imperdible\"}]},{\"@type\":\"WebSite\",\"@id\":\"https:\\\/\\\/zeromagazine.mx\\\/#website\",\"url\":\"https:\\\/\\\/zeromagazine.mx\\\/\",\"name\":\"Zero Magazine\",\"description\":\"\",\"publisher\":{\"@id\":\"https:\\\/\\\/zeromagazine.mx\\\/#organization\"},\"potentialAction\":[{\"@type\":\"SearchAction\",\"target\":{\"@type\":\"EntryPoint\",\"urlTemplate\":\"https:\\\/\\\/zeromagazine.mx\\\/?s={search_term_string}\"},\"query-input\":{\"@type\":\"PropertyValueSpecification\",\"valueRequired\":true,\"valueName\":\"search_term_string\"}}],\"inLanguage\":\"es\"},{\"@type\":\"Organization\",\"@id\":\"https:\\\/\\\/zeromagazine.mx\\\/#organization\",\"name\":\"Zero Magazine\",\"url\":\"https:\\\/\\\/zeromagazine.mx\\\/\",\"logo\":{\"@type\":\"ImageObject\",\"inLanguage\":\"es\",\"@id\":\"https:\\\/\\\/zeromagazine.mx\\\/#\\\/schema\\\/logo\\\/image\\\/\",\"url\":\"https:\\\/\\\/i0.wp.com\\\/zeromagazine.mx\\\/wp-content\\\/uploads\\\/2025\\\/11\\\/1.jpeg?fit=1000%2C1000&ssl=1\",\"contentUrl\":\"https:\\\/\\\/i0.wp.com\\\/zeromagazine.mx\\\/wp-content\\\/uploads\\\/2025\\\/11\\\/1.jpeg?fit=1000%2C1000&ssl=1\",\"width\":1000,\"height\":1000,\"caption\":\"Zero Magazine\"},\"image\":{\"@id\":\"https:\\\/\\\/zeromagazine.mx\\\/#\\\/schema\\\/logo\\\/image\\\/\"},\"sameAs\":[\"https:\\\/\\\/instagram.com\\\/zeromagazinemx\"]},{\"@type\":\"Person\",\"@id\":\"https:\\\/\\\/zeromagazine.mx\\\/#\\\/schema\\\/person\\\/9aed9f33a7c39af3a348b86d723f7773\",\"name\":\"zeromagazinemx\",\"image\":{\"@type\":\"ImageObject\",\"inLanguage\":\"es\",\"@id\":\"https:\\\/\\\/zeromagazine.mx\\\/wp-content\\\/litespeed\\\/avatar\\\/f91dfe5410d5dcb1a576bf8c45983896.jpg?ver=1777571230\",\"url\":\"https:\\\/\\\/zeromagazine.mx\\\/wp-content\\\/litespeed\\\/avatar\\\/f91dfe5410d5dcb1a576bf8c45983896.jpg?ver=1777571230\",\"contentUrl\":\"https:\\\/\\\/zeromagazine.mx\\\/wp-content\\\/litespeed\\\/avatar\\\/f91dfe5410d5dcb1a576bf8c45983896.jpg?ver=1777571230\",\"caption\":\"zeromagazinemx\"},\"url\":\"https:\\\/\\\/zeromagazine.mx\\\/index.php\\\/author\\\/zeromagazinemx\\\/\"}]}<\/script>\n<!-- \/ Yoast SEO plugin. -->","yoast_head_json":{"title":"Sala de Arte Cin\u00e9polis marzo imperdible - Zero Magazine","description":"Sala de Arte Cin\u00e9polis marzo presenta estrenos internacionales con historias emocionales y cine de autor imperdible.","robots":{"index":"index","follow":"follow","max-snippet":"max-snippet:-1","max-image-preview":"max-image-preview:large","max-video-preview":"max-video-preview:-1"},"canonical":"https:\/\/zeromagazine.mx\/index.php\/2026\/03\/17\/sala-de-arte-cinepolis-marzo-estrenos\/","og_locale":"es_ES","og_type":"article","og_title":"Sala de Arte Cin\u00e9polis marzo imperdible - Zero Magazine","og_description":"Sala de Arte Cin\u00e9polis marzo presenta estrenos internacionales con historias emocionales y cine de autor imperdible.","og_url":"https:\/\/zeromagazine.mx\/index.php\/2026\/03\/17\/sala-de-arte-cinepolis-marzo-estrenos\/","og_site_name":"Zero Magazine","article_published_time":"2026-03-17T22:59:23+00:00","article_modified_time":"2026-03-17T22:59:25+00:00","og_image":[{"url":"http:\/\/zeromagazine.mx\/wp-content\/uploads\/2026\/03\/Si-Pudiera-Te-Patearia.png","type":"","width":"","height":""}],"author":"zeromagazinemx","twitter_card":"summary_large_image","twitter_misc":{"Escrito por":"zeromagazinemx","Tiempo de lectura":"3 minutos"},"schema":{"@context":"https:\/\/schema.org","@graph":[{"@type":"Article","@id":"https:\/\/zeromagazine.mx\/index.php\/2026\/03\/17\/sala-de-arte-cinepolis-marzo-estrenos\/#article","isPartOf":{"@id":"https:\/\/zeromagazine.mx\/index.php\/2026\/03\/17\/sala-de-arte-cinepolis-marzo-estrenos\/"},"author":{"name":"zeromagazinemx","@id":"https:\/\/zeromagazine.mx\/#\/schema\/person\/9aed9f33a7c39af3a348b86d723f7773"},"headline":"Sala de Arte Cin\u00e9polis marzo imperdible","datePublished":"2026-03-17T22:59:23+00:00","dateModified":"2026-03-17T22:59:25+00:00","mainEntityOfPage":{"@id":"https:\/\/zeromagazine.mx\/index.php\/2026\/03\/17\/sala-de-arte-cinepolis-marzo-estrenos\/"},"wordCount":458,"commentCount":0,"publisher":{"@id":"https:\/\/zeromagazine.mx\/#organization"},"image":{"@id":"https:\/\/zeromagazine.mx\/index.php\/2026\/03\/17\/sala-de-arte-cinepolis-marzo-estrenos\/#primaryimage"},"thumbnailUrl":"http:\/\/zeromagazine.mx\/wp-content\/uploads\/2026\/03\/Si-Pudiera-Te-Patearia.png","articleSection":["Blog","Cine","Entretenimiento"],"inLanguage":"es","potentialAction":[{"@type":"CommentAction","name":"Comment","target":["https:\/\/zeromagazine.mx\/index.php\/2026\/03\/17\/sala-de-arte-cinepolis-marzo-estrenos\/#respond"]}]},{"@type":"WebPage","@id":"https:\/\/zeromagazine.mx\/index.php\/2026\/03\/17\/sala-de-arte-cinepolis-marzo-estrenos\/","url":"https:\/\/zeromagazine.mx\/index.php\/2026\/03\/17\/sala-de-arte-cinepolis-marzo-estrenos\/","name":"Sala de Arte Cin\u00e9polis marzo imperdible - Zero Magazine","isPartOf":{"@id":"https:\/\/zeromagazine.mx\/#website"},"primaryImageOfPage":{"@id":"https:\/\/zeromagazine.mx\/index.php\/2026\/03\/17\/sala-de-arte-cinepolis-marzo-estrenos\/#primaryimage"},"image":{"@id":"https:\/\/zeromagazine.mx\/index.php\/2026\/03\/17\/sala-de-arte-cinepolis-marzo-estrenos\/#primaryimage"},"thumbnailUrl":"http:\/\/zeromagazine.mx\/wp-content\/uploads\/2026\/03\/Si-Pudiera-Te-Patearia.png","datePublished":"2026-03-17T22:59:23+00:00","dateModified":"2026-03-17T22:59:25+00:00","description":"Sala de Arte Cin\u00e9polis marzo presenta estrenos internacionales con historias emocionales y cine de autor imperdible.","breadcrumb":{"@id":"https:\/\/zeromagazine.mx\/index.php\/2026\/03\/17\/sala-de-arte-cinepolis-marzo-estrenos\/#breadcrumb"},"inLanguage":"es","potentialAction":[{"@type":"ReadAction","target":["https:\/\/zeromagazine.mx\/index.php\/2026\/03\/17\/sala-de-arte-cinepolis-marzo-estrenos\/"]}]},{"@type":"ImageObject","inLanguage":"es","@id":"https:\/\/zeromagazine.mx\/index.php\/2026\/03\/17\/sala-de-arte-cinepolis-marzo-estrenos\/#primaryimage","url":"https:\/\/i0.wp.com\/zeromagazine.mx\/wp-content\/uploads\/2026\/03\/Si-Pudiera-Te-Patearia.png?fit=280%2C400&ssl=1","contentUrl":"https:\/\/i0.wp.com\/zeromagazine.mx\/wp-content\/uploads\/2026\/03\/Si-Pudiera-Te-Patearia.png?fit=280%2C400&ssl=1","width":280,"height":400},{"@type":"BreadcrumbList","@id":"https:\/\/zeromagazine.mx\/index.php\/2026\/03\/17\/sala-de-arte-cinepolis-marzo-estrenos\/#breadcrumb","itemListElement":[{"@type":"ListItem","position":1,"name":"Portada","item":"https:\/\/zeromagazine.mx\/"},{"@type":"ListItem","position":2,"name":"Sala de Arte Cin\u00e9polis marzo imperdible"}]},{"@type":"WebSite","@id":"https:\/\/zeromagazine.mx\/#website","url":"https:\/\/zeromagazine.mx\/","name":"Zero Magazine","description":"","publisher":{"@id":"https:\/\/zeromagazine.mx\/#organization"},"potentialAction":[{"@type":"SearchAction","target":{"@type":"EntryPoint","urlTemplate":"https:\/\/zeromagazine.mx\/?s={search_term_string}"},"query-input":{"@type":"PropertyValueSpecification","valueRequired":true,"valueName":"search_term_string"}}],"inLanguage":"es"},{"@type":"Organization","@id":"https:\/\/zeromagazine.mx\/#organization","name":"Zero Magazine","url":"https:\/\/zeromagazine.mx\/","logo":{"@type":"ImageObject","inLanguage":"es","@id":"https:\/\/zeromagazine.mx\/#\/schema\/logo\/image\/","url":"https:\/\/i0.wp.com\/zeromagazine.mx\/wp-content\/uploads\/2025\/11\/1.jpeg?fit=1000%2C1000&ssl=1","contentUrl":"https:\/\/i0.wp.com\/zeromagazine.mx\/wp-content\/uploads\/2025\/11\/1.jpeg?fit=1000%2C1000&ssl=1","width":1000,"height":1000,"caption":"Zero Magazine"},"image":{"@id":"https:\/\/zeromagazine.mx\/#\/schema\/logo\/image\/"},"sameAs":["https:\/\/instagram.com\/zeromagazinemx"]},{"@type":"Person","@id":"https:\/\/zeromagazine.mx\/#\/schema\/person\/9aed9f33a7c39af3a348b86d723f7773","name":"zeromagazinemx","image":{"@type":"ImageObject","inLanguage":"es","@id":"https:\/\/zeromagazine.mx\/wp-content\/litespeed\/avatar\/f91dfe5410d5dcb1a576bf8c45983896.jpg?ver=1777571230","url":"https:\/\/zeromagazine.mx\/wp-content\/litespeed\/avatar\/f91dfe5410d5dcb1a576bf8c45983896.jpg?ver=1777571230","contentUrl":"https:\/\/zeromagazine.mx\/wp-content\/litespeed\/avatar\/f91dfe5410d5dcb1a576bf8c45983896.jpg?ver=1777571230","caption":"zeromagazinemx"},"url":"https:\/\/zeromagazine.mx\/index.php\/author\/zeromagazinemx\/"}]}},"jetpack_publicize_connections":[],"jetpack_featured_media_url":"","jetpack-related-posts":[{"id":117589,"url":"https:\/\/zeromagazine.mx\/index.php\/2026\/03\/31\/sala-de-arte-cinepolis-abril-estrenos\/","url_meta":{"origin":116874,"position":0},"title":"Sala de Arte Cin\u00e9polis abril estrenos","author":"zeromagazinemx","date":"31 de marzo de 2026","format":false,"excerpt":"Si estabas esperando una excusa para salirte del cine comercial y ver algo que realmente te deje pensando, abril acaba de resolverte el plan. La curadur\u00eda de Cin\u00e9polis en Sala de Arte llega con pel\u00edculas que no buscan gustarte f\u00e1cil\u2026 buscan moverte. Este mes no es sobre blockbusters, es sobre\u2026","rel":"","context":"En \u00abBlog\u00bb","block_context":{"text":"Blog","link":"https:\/\/zeromagazine.mx\/index.php\/category\/blog\/"},"img":{"alt_text":"","src":"","width":0,"height":0},"classes":[]},{"id":114302,"url":"https:\/\/zeromagazine.mx\/index.php\/2026\/01\/28\/sala-de-arte-cinepolis-febrero-2026\/","url_meta":{"origin":116874,"position":1},"title":"Sala de Arte Cin\u00e9polis: Febrero Imperdible","author":"zeromagazinemx","date":"28 de enero de 2026","format":false,"excerpt":"Febrero se siente como ese mes donde el cine se pone intenso, art\u00edstico y emocional, y Sala de Arte Cin\u00e9polis llega justo con la vibra correcta: pel\u00edculas internacionales que no solo entretienen, sino que te dejan pensando, cuestionando y, a veces, llorando en silencio. Si te gusta el cine que\u2026","rel":"","context":"En \u00abCine\u00bb","block_context":{"text":"Cine","link":"https:\/\/zeromagazine.mx\/index.php\/category\/entretenimiento\/cine\/"},"img":{"alt_text":"","src":"https:\/\/i0.wp.com\/zeromagazine.mx\/wp-content\/uploads\/2026\/01\/image002-2.jpg?resize=350%2C200","width":350,"height":200},"classes":[]},{"id":114250,"url":"https:\/\/zeromagazine.mx\/index.php\/2026\/01\/26\/temporada-de-premios-cinepolis-2026\/","url_meta":{"origin":116874,"position":2},"title":"Temporada de Premios Cin\u00e9polis 2026: cine top","author":"zeromagazinemx","date":"26 de enero de 2026","format":false,"excerpt":"Si tu personalidad completa es decir \u201cyo s\u00ed veo las nominadas antes de los premios\u201d, esto es para ti. La Temporada de Premios Cin\u00e9polis 2026 llega como el plan definitivo para vivir las pel\u00edculas m\u00e1s aclamadas del a\u00f1o en pantalla grande, con vibes de festival internacional y un Cinebono que\u2026","rel":"","context":"En \u00abCine\u00bb","block_context":{"text":"Cine","link":"https:\/\/zeromagazine.mx\/index.php\/category\/entretenimiento\/cine\/"},"img":{"alt_text":"","src":"https:\/\/i0.wp.com\/zeromagazine.mx\/wp-content\/uploads\/2026\/01\/image-10.png?fit=567%2C567&ssl=1&resize=350%2C200","width":350,"height":200,"srcset":"https:\/\/i0.wp.com\/zeromagazine.mx\/wp-content\/uploads\/2026\/01\/image-10.png?fit=567%2C567&ssl=1&resize=350%2C200 1x, https:\/\/i0.wp.com\/zeromagazine.mx\/wp-content\/uploads\/2026\/01\/image-10.png?fit=567%2C567&ssl=1&resize=525%2C300 1.5x"},"classes":[]},{"id":82897,"url":"https:\/\/zeromagazine.mx\/index.php\/2024\/08\/31\/cine-imperdible-drama-y-nostalgia\/","url_meta":{"origin":116874,"position":3},"title":"\u00abCine Imperdible: Drama y Nostalgia\u00bb","author":"zeromagazinemx","date":"31 de agosto de 2024","format":false,"excerpt":"Este septiembre, la Sala de Arte Cin\u00e9polis\u00ae nos tiene dos estrenos que est\u00e1n incre\u00edbles que no querr\u00e1s perder. Prep\u00e1rate para un rollercoaster emocional con\u00a0Cielo Rojo\u00a0y un paseo\u00a0con Madeleine. Estas pelis est\u00e1n llenas de drama, conexiones profundas y momentos que van a dejarte pensando por d\u00edas. As\u00ed que, si est\u00e1s buscando\u2026","rel":"","context":"En \u00abCultura\u00bb","block_context":{"text":"Cultura","link":"https:\/\/zeromagazine.mx\/index.php\/category\/cultura\/"},"img":{"alt_text":"","src":"https:\/\/i0.wp.com\/zeromagazine.mx\/wp-content\/uploads\/2024\/08\/image002.png?resize=350%2C200&ssl=1","width":350,"height":200},"classes":[]},{"id":90968,"url":"https:\/\/zeromagazine.mx\/index.php\/2024\/11\/15\/cine-270-vip-solo-aqui\/","url_meta":{"origin":116874,"position":4},"title":"\u00ab\u00a1Cine 270\u00b0 VIP, Solo Aqu\u00ed!\u00bb","author":"zeromagazinemx","date":"15 de noviembre de 2024","format":false,"excerpt":"Hola a\u00a0tod@s.\u00a0Si eres de los que les encanta ir al cine, pero ya est\u00e1s cansado de las mismas experiencias, prep\u00e1rate porque Cin\u00e9polis acaba de subir el nivel de lo que significa ver una peli en grande. \u00a1S\u00ed, as\u00ed como lo lees! Ahora, en el Cin\u00e9polis Samara VIP de la Ciudad\u2026","rel":"","context":"En \u00abCultura\u00bb","block_context":{"text":"Cultura","link":"https:\/\/zeromagazine.mx\/index.php\/category\/cultura\/"},"img":{"alt_text":"","src":"https:\/\/i0.wp.com\/zeromagazine.mx\/wp-content\/uploads\/2024\/11\/VIP-ScreenX-5.jpg?fit=1200%2C675&ssl=1&resize=350%2C200","width":350,"height":200,"srcset":"https:\/\/i0.wp.com\/zeromagazine.mx\/wp-content\/uploads\/2024\/11\/VIP-ScreenX-5.jpg?fit=1200%2C675&ssl=1&resize=350%2C200 1x, https:\/\/i0.wp.com\/zeromagazine.mx\/wp-content\/uploads\/2024\/11\/VIP-ScreenX-5.jpg?fit=1200%2C675&ssl=1&resize=525%2C300 1.5x, https:\/\/i0.wp.com\/zeromagazine.mx\/wp-content\/uploads\/2024\/11\/VIP-ScreenX-5.jpg?fit=1200%2C675&ssl=1&resize=700%2C400 2x, https:\/\/i0.wp.com\/zeromagazine.mx\/wp-content\/uploads\/2024\/11\/VIP-ScreenX-5.jpg?fit=1200%2C675&ssl=1&resize=1050%2C600 3x"},"classes":[]},{"id":95781,"url":"https:\/\/zeromagazine.mx\/index.php\/2025\/02\/06\/revive-una-joya-de-studio-ghibli-en-cinepolis\/","url_meta":{"origin":116874,"position":5},"title":"Revive una Joya de Studio Ghibli en Cin\u00e9polis","author":"David Morales","date":"6 de febrero de 2025","format":false,"excerpt":"Revive La Emoci\u00f3n en Cin\u00e9polis La nostalgia y el arte de la animaci\u00f3n japonesa regresan a las salas de mexicanas con una historia que deja huella. Amix, si alguna vez sintieron que el cine puede tocar el alma, es momento de revivir la emoci\u00f3n en el cine. El reestreno de\u2026","rel":"","context":"En \u00abCine\u00bb","block_context":{"text":"Cine","link":"https:\/\/zeromagazine.mx\/index.php\/category\/entretenimiento\/cine\/"},"img":{"alt_text":"","src":"https:\/\/i0.wp.com\/zeromagazine.mx\/wp-content\/uploads\/2025\/02\/image002.jpg?fit=571%2C815&ssl=1&resize=350%2C200","width":350,"height":200,"srcset":"https:\/\/i0.wp.com\/zeromagazine.mx\/wp-content\/uploads\/2025\/02\/image002.jpg?fit=571%2C815&ssl=1&resize=350%2C200 1x, https:\/\/i0.wp.com\/zeromagazine.mx\/wp-content\/uploads\/2025\/02\/image002.jpg?fit=571%2C815&ssl=1&resize=525%2C300 1.5x"},"classes":[]}],"jetpack_sharing_enabled":true,"builder_content":"","_links":{"self":[{"href":"https:\/\/zeromagazine.mx\/index.php\/wp-json\/wp\/v2\/posts\/116874","targetHints":{"allow":["GET"]}}],"collection":[{"href":"https:\/\/zeromagazine.mx\/index.php\/wp-json\/wp\/v2\/posts"}],"about":[{"href":"https:\/\/zeromagazine.mx\/index.php\/wp-json\/wp\/v2\/types\/post"}],"author":[{"embeddable":true,"href":"https:\/\/zeromagazine.mx\/index.php\/wp-json\/wp\/v2\/users\/2"}],"replies":[{"embeddable":true,"href":"https:\/\/zeromagazine.mx\/index.php\/wp-json\/wp\/v2\/comments?post=116874"}],"version-history":[{"count":1,"href":"https:\/\/zeromagazine.mx\/index.php\/wp-json\/wp\/v2\/posts\/116874\/revisions"}],"predecessor-version":[{"id":116892,"href":"https:\/\/zeromagazine.mx\/index.php\/wp-json\/wp\/v2\/posts\/116874\/revisions\/116892"}],"wp:attachment":[{"href":"https:\/\/zeromagazine.mx\/index.php\/wp-json\/wp\/v2\/media?parent=116874"}],"wp:term":[{"taxonomy":"category","embeddable":true,"href":"https:\/\/zeromagazine.mx\/index.php\/wp-json\/wp\/v2\/categories?post=116874"},{"taxonomy":"post_tag","embeddable":true,"href":"https:\/\/zeromagazine.mx\/index.php\/wp-json\/wp\/v2\/tags?post=116874"}],"curies":[{"name":"wp","href":"https:\/\/api.w.org\/{rel}","templated":true}]}}