{"id":119524,"date":"2026-04-27T16:29:34","date_gmt":"2026-04-27T22:29:34","guid":{"rendered":"https:\/\/zeromagazine.mx\/?p=119524"},"modified":"2026-04-27T16:29:35","modified_gmt":"2026-04-27T22:29:35","slug":"starbucks-diablo-moda-menu","status":"publish","type":"post","link":"https:\/\/zeromagazine.mx\/index.php\/2026\/04\/27\/starbucks-diablo-moda-menu\/","title":{"rendered":"El diablo viste a la moda 2 llega al men\u00fa de Starbucks"},"content":{"rendered":"<!--themify_builder_content-->\n<div id=\"themify_builder_content-119524\" data-postid=\"119524\" class=\"themify_builder_content themify_builder_content-119524 themify_builder tf_clear\">\n    <\/div>\n<!--\/themify_builder_content-->\n\n\n<p>Cuatro bebidas, cuatro personalidades y una sola misi\u00f3n: convertir tu order del d\u00eda en un momento digno de Runway.<\/p>\n\n\n\n<p>Hay colaboraciones que simplemente tienen sentido\u2026 y luego est\u00e1n las que elevan el mood completo. La uni\u00f3n entre&nbsp;Starbucks&nbsp;y&nbsp;El diablo viste a la moda 2&nbsp;entra directo en esa segunda categor\u00eda: una mezcla de nostalgia, moda y caf\u00e9 que se siente tan ic\u00f3nica como una mirada de Miranda Priestly.<\/p>\n\n\n\n<h3 class=\"wp-block-heading\">Starbucks El diablo viste a la moda 2: caf\u00e9 con actitud<\/h3>\n\n\n\n<p>En realidad, esta colaboraci\u00f3n no solo lanza bebidas, construye personajes en forma de caf\u00e9. A partir del 28 de abril, la app de Starbucks desbloquea un men\u00fa inspirado en las figuras m\u00e1s memorables del universo Runway, convirtiendo tu rutina diaria en una peque\u00f1a escena cinematogr\u00e1fica.<\/p>\n\n\n\n<figure class=\"wp-block-gallery has-nested-images columns-default is-cropped wp-block-gallery-1 is-layout-flex wp-block-gallery-is-layout-flex\">\n<figure class=\"wp-block-image size-large\"><img data-recalc-dims=\"1\" decoding=\"async\" width=\"798\" height=\"1024\" data-id=\"119526\" src=\"https:\/\/i0.wp.com\/zeromagazine.mx\/wp-content\/uploads\/2026\/04\/IMG_2388-798x1024.jpeg?resize=798%2C1024&#038;ssl=1\" alt=\"\" class=\"wp-image-119526\" srcset=\"https:\/\/i0.wp.com\/zeromagazine.mx\/wp-content\/uploads\/2026\/04\/IMG_2388.jpeg?resize=798%2C1024&amp;ssl=1 798w, https:\/\/i0.wp.com\/zeromagazine.mx\/wp-content\/uploads\/2026\/04\/IMG_2388.jpeg?resize=234%2C300&amp;ssl=1 234w, https:\/\/i0.wp.com\/zeromagazine.mx\/wp-content\/uploads\/2026\/04\/IMG_2388.jpeg?resize=768%2C985&amp;ssl=1 768w, https:\/\/i0.wp.com\/zeromagazine.mx\/wp-content\/uploads\/2026\/04\/IMG_2388.jpeg?w=831&amp;ssl=1 831w\" sizes=\"(max-width: 798px) 100vw, 798px\" \/><\/figure>\n<\/figure>\n\n\n\n<p>Adem\u00e1s, cada bebida est\u00e1 dise\u00f1ada para reflejar una personalidad espec\u00edfica. No es solo sabor, es narrativa l\u00edquida. Desde decisiones minimalistas hasta combinaciones m\u00e1s indulgentes, todo tiene intenci\u00f3n.<\/p>\n\n\n\n<p>Por otro lado, esta alianza conecta con algo m\u00e1s profundo: la manera en que el caf\u00e9 \u2014s\u00ed, ese ritual diario\u2014 tambi\u00e9n forma parte de nuestra identidad. \u00bfQu\u00e9 pides dice algo de ti? Probablemente s\u00ed.<\/p>\n\n\n\n<h3 class=\"wp-block-heading\">Starbucks El diablo viste a la moda 2: el men\u00fa que dicta tendencia<\/h3>\n\n\n\n<p>Ahora bien, hablemos de lo importante: el men\u00fa. Cuatro bebidas, cuatro moods:<\/p>\n\n\n\n<p>\u2014&nbsp;<strong>La de Miranda Latte<\/strong>: sin espuma, extra caliente y con un shot adicional. Precisa, exigente y cero negociable.<br>\u2014&nbsp;<strong>La de Andy Cappuccino<\/strong>: con avena, caramelo y canela. Una mezcla en transici\u00f3n, suave pero con car\u00e1cter.<br>\u2014&nbsp;<strong>La de Nigel Doppio Espresso con Panna<\/strong>: intenso, con mocha. Dram\u00e1tico, elegante, imposible de ignorar.<br>\u2014&nbsp;<strong>La de Emily Chai Latte Fr\u00edo<\/strong>: con almendra y caramelo. Refinado, pero con ese edge ligeramente ca\u00f3tico.<\/p>\n\n\n\n<figure class=\"wp-block-gallery has-nested-images columns-default is-cropped wp-block-gallery-2 is-layout-flex wp-block-gallery-is-layout-flex\">\n<figure class=\"wp-block-image size-large\"><img data-recalc-dims=\"1\" decoding=\"async\" width=\"602\" height=\"1024\" data-id=\"119527\" src=\"https:\/\/i0.wp.com\/zeromagazine.mx\/wp-content\/uploads\/2026\/04\/IMG_2390-602x1024.jpeg?resize=602%2C1024&#038;ssl=1\" alt=\"\" class=\"wp-image-119527\" srcset=\"https:\/\/i0.wp.com\/zeromagazine.mx\/wp-content\/uploads\/2026\/04\/IMG_2390.jpeg?resize=602%2C1024&amp;ssl=1 602w, https:\/\/i0.wp.com\/zeromagazine.mx\/wp-content\/uploads\/2026\/04\/IMG_2390.jpeg?resize=176%2C300&amp;ssl=1 176w, https:\/\/i0.wp.com\/zeromagazine.mx\/wp-content\/uploads\/2026\/04\/IMG_2390.jpeg?resize=768%2C1307&amp;ssl=1 768w, https:\/\/i0.wp.com\/zeromagazine.mx\/wp-content\/uploads\/2026\/04\/IMG_2390.jpeg?w=770&amp;ssl=1 770w\" sizes=\"(max-width: 602px) 100vw, 602px\" \/><\/figure>\n<\/figure>\n\n\n\n<p>Adem\u00e1s, esta selecci\u00f3n no solo busca ser aesthetic, sino tambi\u00e9n funcional. Puedes personalizarlas desde la app, adaptarlas a tu mood o reinterpretarlas seg\u00fan tu vibe del d\u00eda.<\/p>\n\n\n\n<p>En realidad, el lujo aqu\u00ed est\u00e1 en el detalle: elegir c\u00f3mo quieres empezar tu ma\u00f1ana o sobrevivir tu tarde\u2026 con estilo.<\/p>\n\n\n\n<h3 class=\"wp-block-heading\">Moda, cine y caf\u00e9: el crossover que necesit\u00e1bamos<\/h3>\n\n\n\n<p>Por otro lado, esta colaboraci\u00f3n va m\u00e1s all\u00e1 del men\u00fa. Como parte del lanzamiento, Starbucks tendr\u00e1 presencia dentro de la pel\u00edcula, reforzando ese v\u00ednculo que ya exist\u00eda desde la primera entrega (porque s\u00ed, Andy corriendo por caf\u00e9s es b\u00e1sicamente parte del ADN de la historia).<\/p>\n\n\n\n<p>Adem\u00e1s, en&nbsp;Empire State Building, espec\u00edficamente en la tienda Starbucks Reserve, habr\u00e1 una edici\u00f3n limitada de Runway Magazine. Un gui\u00f1o directo al universo fashion que convirti\u00f3 esta historia en un referente cultural.<\/p>\n\n\n\n<p>Ahora bien, todo esto llega en un momento donde las colaboraciones entre entretenimiento y lifestyle est\u00e1n redefiniendo la experiencia del consumidor. Ya no se trata solo de consumir, sino de vivir la historia.<\/p>\n\n\n\n<h3 class=\"wp-block-heading\">El caf\u00e9 tambi\u00e9n puede ser fashion<\/h3>\n\n\n\n<p>En un mundo donde todo busca ser tendencia, esta colaboraci\u00f3n logra algo m\u00e1s interesante: ser relevante sin esfuerzo. Es divertida, es nost\u00e1lgica y, sobre todo, es muy f\u00e1cil de integrar en tu d\u00eda a d\u00eda.<\/p>\n\n\n\n<figure class=\"wp-block-gallery has-nested-images columns-default is-cropped wp-block-gallery-3 is-layout-flex wp-block-gallery-is-layout-flex\">\n<figure class=\"wp-block-image size-large\"><img data-recalc-dims=\"1\" decoding=\"async\" width=\"1024\" height=\"1024\" data-id=\"119528\" src=\"https:\/\/i0.wp.com\/zeromagazine.mx\/wp-content\/uploads\/2026\/04\/IMG_2391-1024x1024.jpeg?resize=1024%2C1024&#038;ssl=1\" alt=\"\" class=\"wp-image-119528\" srcset=\"https:\/\/i0.wp.com\/zeromagazine.mx\/wp-content\/uploads\/2026\/04\/IMG_2391.jpeg?resize=1024%2C1024&amp;ssl=1 1024w, https:\/\/i0.wp.com\/zeromagazine.mx\/wp-content\/uploads\/2026\/04\/IMG_2391.jpeg?resize=300%2C300&amp;ssl=1 300w, https:\/\/i0.wp.com\/zeromagazine.mx\/wp-content\/uploads\/2026\/04\/IMG_2391.jpeg?resize=150%2C150&amp;ssl=1 150w, https:\/\/i0.wp.com\/zeromagazine.mx\/wp-content\/uploads\/2026\/04\/IMG_2391.jpeg?resize=768%2C768&amp;ssl=1 768w, https:\/\/i0.wp.com\/zeromagazine.mx\/wp-content\/uploads\/2026\/04\/IMG_2391.jpeg?w=1284&amp;ssl=1 1284w\" sizes=\"(max-width: 1024px) 100vw, 1024px\" \/><\/figure>\n<\/figure>\n\n\n\n<p>Porque al final, no necesitas estar en Par\u00eds Fashion Week para sentirte parte del universo Runway. A veces basta con elegir bien tu caf\u00e9.<\/p>\n\n\n\n<p>Y s\u00ed, probablemente Miranda dir\u00eda que no es una simple bebida\u2026 es una decisi\u00f3n.<\/p>\n\n\n\n<p><\/p>","protected":false},"excerpt":{"rendered":"<p>Cuatro bebidas, cuatro personalidades y una sola misi\u00f3n: convertir tu order del d\u00eda en un momento digno de Runway. Hay colaboraciones que simplemente tienen sentido\u2026 y luego est\u00e1n las que elevan el mood completo. La uni\u00f3n entre&nbsp;Starbucks&nbsp;y&nbsp;El diablo viste a la moda 2&nbsp;entra directo en esa segunda categor\u00eda: una mezcla de nostalgia, moda y caf\u00e9 [&hellip;]<\/p>\n","protected":false},"author":4,"featured_media":119525,"comment_status":"open","ping_status":"open","sticky":false,"template":"","format":"standard","meta":{"_jetpack_memberships_contains_paid_content":false,"footnotes":"","jetpack_publicize_message":"","jetpack_publicize_feature_enabled":true,"jetpack_social_post_already_shared":true,"jetpack_social_options":{"image_generator_settings":{"template":"highway","default_image_id":0,"font":"","enabled":false},"version":2}},"categories":[1,6870],"tags":[],"class_list":["post-119524","post","type-post","status-publish","format-standard","has-post-thumbnail","hentry","category-blog","category-foodie","has-post-title","has-post-date","has-post-category","has-post-tag","has-post-comment","has-post-author",""],"yoast_head":"<!-- This site is optimized with the Yoast SEO plugin v27.4 - https:\/\/yoast.com\/product\/yoast-seo-wordpress\/ -->\n<title>El diablo viste a la moda 2 llega al men\u00fa de Starbucks - Zero Magazine<\/title>\n<meta name=\"description\" content=\"Starbucks Diablo Moda: el nuevo men\u00fa inspirado en la pel\u00edcula llega con bebidas ic\u00f3nicas y estilo fashion.\" \/>\n<meta name=\"robots\" content=\"index, follow, max-snippet:-1, max-image-preview:large, max-video-preview:-1\" \/>\n<link rel=\"canonical\" href=\"https:\/\/zeromagazine.mx\/index.php\/2026\/04\/27\/starbucks-diablo-moda-menu\/\" \/>\n<meta property=\"og:locale\" content=\"es_ES\" \/>\n<meta property=\"og:type\" content=\"article\" \/>\n<meta property=\"og:title\" content=\"El diablo viste a la moda 2 llega al men\u00fa de Starbucks - Zero Magazine\" \/>\n<meta property=\"og:description\" content=\"Starbucks Diablo Moda: el nuevo men\u00fa inspirado en la pel\u00edcula llega con bebidas ic\u00f3nicas y estilo fashion.\" \/>\n<meta property=\"og:url\" content=\"https:\/\/zeromagazine.mx\/index.php\/2026\/04\/27\/starbucks-diablo-moda-menu\/\" \/>\n<meta property=\"og:site_name\" content=\"Zero Magazine\" \/>\n<meta property=\"article:published_time\" content=\"2026-04-27T22:29:34+00:00\" \/>\n<meta property=\"article:modified_time\" content=\"2026-04-27T22:29:35+00:00\" \/>\n<meta property=\"og:image\" content=\"http:\/\/zeromagazine.mx\/wp-content\/uploads\/2026\/04\/IMG_2387.jpeg\" \/>\n\t<meta property=\"og:image:width\" content=\"1600\" \/>\n\t<meta property=\"og:image:height\" content=\"900\" \/>\n\t<meta property=\"og:image:type\" content=\"image\/jpeg\" \/>\n<meta name=\"author\" content=\"David Morales\" \/>\n<meta name=\"twitter:card\" content=\"summary_large_image\" \/>\n<meta name=\"twitter:label1\" content=\"Escrito por\" \/>\n\t<meta name=\"twitter:data1\" content=\"David Morales\" \/>\n\t<meta name=\"twitter:label2\" content=\"Tiempo de lectura\" \/>\n\t<meta name=\"twitter:data2\" content=\"4 minutos\" \/>\n<script type=\"application\/ld+json\" class=\"yoast-schema-graph\">{\"@context\":\"https:\\\/\\\/schema.org\",\"@graph\":[{\"@type\":\"Article\",\"@id\":\"https:\\\/\\\/zeromagazine.mx\\\/index.php\\\/2026\\\/04\\\/27\\\/starbucks-diablo-moda-menu\\\/#article\",\"isPartOf\":{\"@id\":\"https:\\\/\\\/zeromagazine.mx\\\/index.php\\\/2026\\\/04\\\/27\\\/starbucks-diablo-moda-menu\\\/\"},\"author\":{\"name\":\"David Morales\",\"@id\":\"https:\\\/\\\/zeromagazine.mx\\\/#\\\/schema\\\/person\\\/9f7f1a17c60ba8e9980e3e6677aabe5a\"},\"headline\":\"El diablo viste a la moda 2 llega al men\u00fa de Starbucks\",\"datePublished\":\"2026-04-27T22:29:34+00:00\",\"dateModified\":\"2026-04-27T22:29:35+00:00\",\"mainEntityOfPage\":{\"@id\":\"https:\\\/\\\/zeromagazine.mx\\\/index.php\\\/2026\\\/04\\\/27\\\/starbucks-diablo-moda-menu\\\/\"},\"wordCount\":593,\"commentCount\":0,\"publisher\":{\"@id\":\"https:\\\/\\\/zeromagazine.mx\\\/#organization\"},\"image\":{\"@id\":\"https:\\\/\\\/zeromagazine.mx\\\/index.php\\\/2026\\\/04\\\/27\\\/starbucks-diablo-moda-menu\\\/#primaryimage\"},\"thumbnailUrl\":\"https:\\\/\\\/i0.wp.com\\\/zeromagazine.mx\\\/wp-content\\\/uploads\\\/2026\\\/04\\\/IMG_2387.jpeg?fit=1600%2C900&ssl=1\",\"articleSection\":[\"Blog\",\"Foodie\"],\"inLanguage\":\"es\",\"potentialAction\":[{\"@type\":\"CommentAction\",\"name\":\"Comment\",\"target\":[\"https:\\\/\\\/zeromagazine.mx\\\/index.php\\\/2026\\\/04\\\/27\\\/starbucks-diablo-moda-menu\\\/#respond\"]}]},{\"@type\":\"WebPage\",\"@id\":\"https:\\\/\\\/zeromagazine.mx\\\/index.php\\\/2026\\\/04\\\/27\\\/starbucks-diablo-moda-menu\\\/\",\"url\":\"https:\\\/\\\/zeromagazine.mx\\\/index.php\\\/2026\\\/04\\\/27\\\/starbucks-diablo-moda-menu\\\/\",\"name\":\"El diablo viste a la moda 2 llega al men\u00fa de Starbucks - Zero Magazine\",\"isPartOf\":{\"@id\":\"https:\\\/\\\/zeromagazine.mx\\\/#website\"},\"primaryImageOfPage\":{\"@id\":\"https:\\\/\\\/zeromagazine.mx\\\/index.php\\\/2026\\\/04\\\/27\\\/starbucks-diablo-moda-menu\\\/#primaryimage\"},\"image\":{\"@id\":\"https:\\\/\\\/zeromagazine.mx\\\/index.php\\\/2026\\\/04\\\/27\\\/starbucks-diablo-moda-menu\\\/#primaryimage\"},\"thumbnailUrl\":\"https:\\\/\\\/i0.wp.com\\\/zeromagazine.mx\\\/wp-content\\\/uploads\\\/2026\\\/04\\\/IMG_2387.jpeg?fit=1600%2C900&ssl=1\",\"datePublished\":\"2026-04-27T22:29:34+00:00\",\"dateModified\":\"2026-04-27T22:29:35+00:00\",\"description\":\"Starbucks Diablo Moda: el nuevo men\u00fa inspirado en la pel\u00edcula llega con bebidas ic\u00f3nicas y estilo fashion.\",\"breadcrumb\":{\"@id\":\"https:\\\/\\\/zeromagazine.mx\\\/index.php\\\/2026\\\/04\\\/27\\\/starbucks-diablo-moda-menu\\\/#breadcrumb\"},\"inLanguage\":\"es\",\"potentialAction\":[{\"@type\":\"ReadAction\",\"target\":[\"https:\\\/\\\/zeromagazine.mx\\\/index.php\\\/2026\\\/04\\\/27\\\/starbucks-diablo-moda-menu\\\/\"]}]},{\"@type\":\"ImageObject\",\"inLanguage\":\"es\",\"@id\":\"https:\\\/\\\/zeromagazine.mx\\\/index.php\\\/2026\\\/04\\\/27\\\/starbucks-diablo-moda-menu\\\/#primaryimage\",\"url\":\"https:\\\/\\\/i0.wp.com\\\/zeromagazine.mx\\\/wp-content\\\/uploads\\\/2026\\\/04\\\/IMG_2387.jpeg?fit=1600%2C900&ssl=1\",\"contentUrl\":\"https:\\\/\\\/i0.wp.com\\\/zeromagazine.mx\\\/wp-content\\\/uploads\\\/2026\\\/04\\\/IMG_2387.jpeg?fit=1600%2C900&ssl=1\",\"width\":1600,\"height\":900},{\"@type\":\"BreadcrumbList\",\"@id\":\"https:\\\/\\\/zeromagazine.mx\\\/index.php\\\/2026\\\/04\\\/27\\\/starbucks-diablo-moda-menu\\\/#breadcrumb\",\"itemListElement\":[{\"@type\":\"ListItem\",\"position\":1,\"name\":\"Portada\",\"item\":\"https:\\\/\\\/zeromagazine.mx\\\/\"},{\"@type\":\"ListItem\",\"position\":2,\"name\":\"El diablo viste a la moda 2 llega al men\u00fa de Starbucks\"}]},{\"@type\":\"WebSite\",\"@id\":\"https:\\\/\\\/zeromagazine.mx\\\/#website\",\"url\":\"https:\\\/\\\/zeromagazine.mx\\\/\",\"name\":\"Zero Magazine\",\"description\":\"\",\"publisher\":{\"@id\":\"https:\\\/\\\/zeromagazine.mx\\\/#organization\"},\"potentialAction\":[{\"@type\":\"SearchAction\",\"target\":{\"@type\":\"EntryPoint\",\"urlTemplate\":\"https:\\\/\\\/zeromagazine.mx\\\/?s={search_term_string}\"},\"query-input\":{\"@type\":\"PropertyValueSpecification\",\"valueRequired\":true,\"valueName\":\"search_term_string\"}}],\"inLanguage\":\"es\"},{\"@type\":\"Organization\",\"@id\":\"https:\\\/\\\/zeromagazine.mx\\\/#organization\",\"name\":\"Zero Magazine\",\"url\":\"https:\\\/\\\/zeromagazine.mx\\\/\",\"logo\":{\"@type\":\"ImageObject\",\"inLanguage\":\"es\",\"@id\":\"https:\\\/\\\/zeromagazine.mx\\\/#\\\/schema\\\/logo\\\/image\\\/\",\"url\":\"https:\\\/\\\/i0.wp.com\\\/zeromagazine.mx\\\/wp-content\\\/uploads\\\/2025\\\/11\\\/1.jpeg?fit=1000%2C1000&ssl=1\",\"contentUrl\":\"https:\\\/\\\/i0.wp.com\\\/zeromagazine.mx\\\/wp-content\\\/uploads\\\/2025\\\/11\\\/1.jpeg?fit=1000%2C1000&ssl=1\",\"width\":1000,\"height\":1000,\"caption\":\"Zero Magazine\"},\"image\":{\"@id\":\"https:\\\/\\\/zeromagazine.mx\\\/#\\\/schema\\\/logo\\\/image\\\/\"},\"sameAs\":[\"https:\\\/\\\/instagram.com\\\/zeromagazinemx\"]},{\"@type\":\"Person\",\"@id\":\"https:\\\/\\\/zeromagazine.mx\\\/#\\\/schema\\\/person\\\/9f7f1a17c60ba8e9980e3e6677aabe5a\",\"name\":\"David Morales\",\"image\":{\"@type\":\"ImageObject\",\"inLanguage\":\"es\",\"@id\":\"https:\\\/\\\/zeromagazine.mx\\\/wp-content\\\/litespeed\\\/avatar\\\/76069d2136bfc1c37dc34815bb67ca42.jpg?ver=1776966186\",\"url\":\"https:\\\/\\\/zeromagazine.mx\\\/wp-content\\\/litespeed\\\/avatar\\\/76069d2136bfc1c37dc34815bb67ca42.jpg?ver=1776966186\",\"contentUrl\":\"https:\\\/\\\/zeromagazine.mx\\\/wp-content\\\/litespeed\\\/avatar\\\/76069d2136bfc1c37dc34815bb67ca42.jpg?ver=1776966186\",\"caption\":\"David Morales\"},\"url\":\"https:\\\/\\\/zeromagazine.mx\\\/index.php\\\/author\\\/david\\\/\"}]}<\/script>\n<!-- \/ Yoast SEO plugin. -->","yoast_head_json":{"title":"El diablo viste a la moda 2 llega al men\u00fa de Starbucks - Zero Magazine","description":"Starbucks Diablo Moda: el nuevo men\u00fa inspirado en la pel\u00edcula llega con bebidas ic\u00f3nicas y estilo fashion.","robots":{"index":"index","follow":"follow","max-snippet":"max-snippet:-1","max-image-preview":"max-image-preview:large","max-video-preview":"max-video-preview:-1"},"canonical":"https:\/\/zeromagazine.mx\/index.php\/2026\/04\/27\/starbucks-diablo-moda-menu\/","og_locale":"es_ES","og_type":"article","og_title":"El diablo viste a la moda 2 llega al men\u00fa de Starbucks - Zero Magazine","og_description":"Starbucks Diablo Moda: el nuevo men\u00fa inspirado en la pel\u00edcula llega con bebidas ic\u00f3nicas y estilo fashion.","og_url":"https:\/\/zeromagazine.mx\/index.php\/2026\/04\/27\/starbucks-diablo-moda-menu\/","og_site_name":"Zero Magazine","article_published_time":"2026-04-27T22:29:34+00:00","article_modified_time":"2026-04-27T22:29:35+00:00","og_image":[{"width":1600,"height":900,"url":"http:\/\/zeromagazine.mx\/wp-content\/uploads\/2026\/04\/IMG_2387.jpeg","type":"image\/jpeg"}],"author":"David Morales","twitter_card":"summary_large_image","twitter_misc":{"Escrito por":"David Morales","Tiempo de lectura":"4 minutos"},"schema":{"@context":"https:\/\/schema.org","@graph":[{"@type":"Article","@id":"https:\/\/zeromagazine.mx\/index.php\/2026\/04\/27\/starbucks-diablo-moda-menu\/#article","isPartOf":{"@id":"https:\/\/zeromagazine.mx\/index.php\/2026\/04\/27\/starbucks-diablo-moda-menu\/"},"author":{"name":"David Morales","@id":"https:\/\/zeromagazine.mx\/#\/schema\/person\/9f7f1a17c60ba8e9980e3e6677aabe5a"},"headline":"El diablo viste a la moda 2 llega al men\u00fa de Starbucks","datePublished":"2026-04-27T22:29:34+00:00","dateModified":"2026-04-27T22:29:35+00:00","mainEntityOfPage":{"@id":"https:\/\/zeromagazine.mx\/index.php\/2026\/04\/27\/starbucks-diablo-moda-menu\/"},"wordCount":593,"commentCount":0,"publisher":{"@id":"https:\/\/zeromagazine.mx\/#organization"},"image":{"@id":"https:\/\/zeromagazine.mx\/index.php\/2026\/04\/27\/starbucks-diablo-moda-menu\/#primaryimage"},"thumbnailUrl":"https:\/\/i0.wp.com\/zeromagazine.mx\/wp-content\/uploads\/2026\/04\/IMG_2387.jpeg?fit=1600%2C900&ssl=1","articleSection":["Blog","Foodie"],"inLanguage":"es","potentialAction":[{"@type":"CommentAction","name":"Comment","target":["https:\/\/zeromagazine.mx\/index.php\/2026\/04\/27\/starbucks-diablo-moda-menu\/#respond"]}]},{"@type":"WebPage","@id":"https:\/\/zeromagazine.mx\/index.php\/2026\/04\/27\/starbucks-diablo-moda-menu\/","url":"https:\/\/zeromagazine.mx\/index.php\/2026\/04\/27\/starbucks-diablo-moda-menu\/","name":"El diablo viste a la moda 2 llega al men\u00fa de Starbucks - Zero Magazine","isPartOf":{"@id":"https:\/\/zeromagazine.mx\/#website"},"primaryImageOfPage":{"@id":"https:\/\/zeromagazine.mx\/index.php\/2026\/04\/27\/starbucks-diablo-moda-menu\/#primaryimage"},"image":{"@id":"https:\/\/zeromagazine.mx\/index.php\/2026\/04\/27\/starbucks-diablo-moda-menu\/#primaryimage"},"thumbnailUrl":"https:\/\/i0.wp.com\/zeromagazine.mx\/wp-content\/uploads\/2026\/04\/IMG_2387.jpeg?fit=1600%2C900&ssl=1","datePublished":"2026-04-27T22:29:34+00:00","dateModified":"2026-04-27T22:29:35+00:00","description":"Starbucks Diablo Moda: el nuevo men\u00fa inspirado en la pel\u00edcula llega con bebidas ic\u00f3nicas y estilo fashion.","breadcrumb":{"@id":"https:\/\/zeromagazine.mx\/index.php\/2026\/04\/27\/starbucks-diablo-moda-menu\/#breadcrumb"},"inLanguage":"es","potentialAction":[{"@type":"ReadAction","target":["https:\/\/zeromagazine.mx\/index.php\/2026\/04\/27\/starbucks-diablo-moda-menu\/"]}]},{"@type":"ImageObject","inLanguage":"es","@id":"https:\/\/zeromagazine.mx\/index.php\/2026\/04\/27\/starbucks-diablo-moda-menu\/#primaryimage","url":"https:\/\/i0.wp.com\/zeromagazine.mx\/wp-content\/uploads\/2026\/04\/IMG_2387.jpeg?fit=1600%2C900&ssl=1","contentUrl":"https:\/\/i0.wp.com\/zeromagazine.mx\/wp-content\/uploads\/2026\/04\/IMG_2387.jpeg?fit=1600%2C900&ssl=1","width":1600,"height":900},{"@type":"BreadcrumbList","@id":"https:\/\/zeromagazine.mx\/index.php\/2026\/04\/27\/starbucks-diablo-moda-menu\/#breadcrumb","itemListElement":[{"@type":"ListItem","position":1,"name":"Portada","item":"https:\/\/zeromagazine.mx\/"},{"@type":"ListItem","position":2,"name":"El diablo viste a la moda 2 llega al men\u00fa de Starbucks"}]},{"@type":"WebSite","@id":"https:\/\/zeromagazine.mx\/#website","url":"https:\/\/zeromagazine.mx\/","name":"Zero Magazine","description":"","publisher":{"@id":"https:\/\/zeromagazine.mx\/#organization"},"potentialAction":[{"@type":"SearchAction","target":{"@type":"EntryPoint","urlTemplate":"https:\/\/zeromagazine.mx\/?s={search_term_string}"},"query-input":{"@type":"PropertyValueSpecification","valueRequired":true,"valueName":"search_term_string"}}],"inLanguage":"es"},{"@type":"Organization","@id":"https:\/\/zeromagazine.mx\/#organization","name":"Zero Magazine","url":"https:\/\/zeromagazine.mx\/","logo":{"@type":"ImageObject","inLanguage":"es","@id":"https:\/\/zeromagazine.mx\/#\/schema\/logo\/image\/","url":"https:\/\/i0.wp.com\/zeromagazine.mx\/wp-content\/uploads\/2025\/11\/1.jpeg?fit=1000%2C1000&ssl=1","contentUrl":"https:\/\/i0.wp.com\/zeromagazine.mx\/wp-content\/uploads\/2025\/11\/1.jpeg?fit=1000%2C1000&ssl=1","width":1000,"height":1000,"caption":"Zero Magazine"},"image":{"@id":"https:\/\/zeromagazine.mx\/#\/schema\/logo\/image\/"},"sameAs":["https:\/\/instagram.com\/zeromagazinemx"]},{"@type":"Person","@id":"https:\/\/zeromagazine.mx\/#\/schema\/person\/9f7f1a17c60ba8e9980e3e6677aabe5a","name":"David Morales","image":{"@type":"ImageObject","inLanguage":"es","@id":"https:\/\/zeromagazine.mx\/wp-content\/litespeed\/avatar\/76069d2136bfc1c37dc34815bb67ca42.jpg?ver=1776966186","url":"https:\/\/zeromagazine.mx\/wp-content\/litespeed\/avatar\/76069d2136bfc1c37dc34815bb67ca42.jpg?ver=1776966186","contentUrl":"https:\/\/zeromagazine.mx\/wp-content\/litespeed\/avatar\/76069d2136bfc1c37dc34815bb67ca42.jpg?ver=1776966186","caption":"David Morales"},"url":"https:\/\/zeromagazine.mx\/index.php\/author\/david\/"}]}},"jetpack_publicize_connections":[],"jetpack_featured_media_url":"https:\/\/i0.wp.com\/zeromagazine.mx\/wp-content\/uploads\/2026\/04\/IMG_2387.jpeg?fit=1600%2C900&ssl=1","jetpack-related-posts":[{"id":89586,"url":"https:\/\/zeromagazine.mx\/index.php\/2024\/11\/06\/89586\/","url_meta":{"origin":119524,"position":0},"title":"\u00ab\u00a1Vasito Rojo, Navidad y Caf\u00e9!\u00bb","author":"zeromagazinemx","date":"6 de noviembre de 2024","format":false,"excerpt":"\u00a1Ya casi llega esa \u00e9poca del a\u00f1o que todos amamos: la Navidad! las luces, los regalos, las cenas con amigos y familiares y claro, \u00a1las bebidas de temporada en Starbucks! Este a\u00f1o, Starbucks no solo nos trae su cl\u00e1sico vaso rojo, sino que adem\u00e1s nos invita a vivir una experiencia\u2026","rel":"","context":"En \u00abFoodie\u00bb","block_context":{"text":"Foodie","link":"https:\/\/zeromagazine.mx\/index.php\/category\/lifestyle\/foodie\/"},"img":{"alt_text":"","src":"https:\/\/i0.wp.com\/zeromagazine.mx\/wp-content\/uploads\/2024\/11\/Holiday-2024-2.jpg?resize=350%2C200&ssl=1","width":350,"height":200},"classes":[]},{"id":116938,"url":"https:\/\/zeromagazine.mx\/index.php\/2026\/03\/18\/starbucks-proteina-bebidas-mexico\/","url_meta":{"origin":119524,"position":1},"title":"Starbucks M\u00e9xico presenta su nueva l\u00ednea de bebidas con prote\u00edna","author":"David Morales","date":"18 de marzo de 2026","format":false,"excerpt":"El mundo del caf\u00e9 est\u00e1 cambiando, y no solo por nuevos sabores, sino por la forma en que se adapta a los estilos de vida actuales. La tendencia de consumir m\u00e1s prote\u00edna en el d\u00eda ya no es exclusiva del gimnasio, ahora tambi\u00e9n forma parte de lo que tomas en\u2026","rel":"","context":"En \u00abBlog\u00bb","block_context":{"text":"Blog","link":"https:\/\/zeromagazine.mx\/index.php\/category\/blog\/"},"img":{"alt_text":"","src":"https:\/\/i0.wp.com\/zeromagazine.mx\/wp-content\/uploads\/2026\/03\/Protein-Latte-1128-scaled.jpeg?fit=1200%2C800&ssl=1&resize=350%2C200","width":350,"height":200,"srcset":"https:\/\/i0.wp.com\/zeromagazine.mx\/wp-content\/uploads\/2026\/03\/Protein-Latte-1128-scaled.jpeg?fit=1200%2C800&ssl=1&resize=350%2C200 1x, https:\/\/i0.wp.com\/zeromagazine.mx\/wp-content\/uploads\/2026\/03\/Protein-Latte-1128-scaled.jpeg?fit=1200%2C800&ssl=1&resize=525%2C300 1.5x, https:\/\/i0.wp.com\/zeromagazine.mx\/wp-content\/uploads\/2026\/03\/Protein-Latte-1128-scaled.jpeg?fit=1200%2C800&ssl=1&resize=700%2C400 2x, https:\/\/i0.wp.com\/zeromagazine.mx\/wp-content\/uploads\/2026\/03\/Protein-Latte-1128-scaled.jpeg?fit=1200%2C800&ssl=1&resize=1050%2C600 3x"},"classes":[]},{"id":118474,"url":"https:\/\/zeromagazine.mx\/index.php\/2026\/04\/15\/starbucks-mexico-new-era-colaboracion-streetwear\/","url_meta":{"origin":119524,"position":2},"title":"Starbucks M\u00e9xico y New Era\u00ae se unen para celebrar el caf\u00e9 y la autoexpresi\u00f3n","author":"David Morales","date":"15 de abril de 2026","format":false,"excerpt":"Una colaboraci\u00f3n que lleva el ritual diario directo al streetwear (y lo hace ver mejor que nunca). El caf\u00e9 ya no es solo caf\u00e9. Es rutina, es identidad, es ese peque\u00f1o statement diario que dice m\u00e1s de ti de lo que crees. Ahora,\u00a0Starbucks M\u00e9xico\u00a0lo lleva un paso m\u00e1s all\u00e1 con\u2026","rel":"","context":"En \u00abBlog\u00bb","block_context":{"text":"Blog","link":"https:\/\/zeromagazine.mx\/index.php\/category\/blog\/"},"img":{"alt_text":"","src":"https:\/\/i0.wp.com\/zeromagazine.mx\/wp-content\/uploads\/2026\/04\/Starbucks-x-New-Era-_4-scaled.jpeg?fit=1200%2C801&ssl=1&resize=350%2C200","width":350,"height":200,"srcset":"https:\/\/i0.wp.com\/zeromagazine.mx\/wp-content\/uploads\/2026\/04\/Starbucks-x-New-Era-_4-scaled.jpeg?fit=1200%2C801&ssl=1&resize=350%2C200 1x, https:\/\/i0.wp.com\/zeromagazine.mx\/wp-content\/uploads\/2026\/04\/Starbucks-x-New-Era-_4-scaled.jpeg?fit=1200%2C801&ssl=1&resize=525%2C300 1.5x, https:\/\/i0.wp.com\/zeromagazine.mx\/wp-content\/uploads\/2026\/04\/Starbucks-x-New-Era-_4-scaled.jpeg?fit=1200%2C801&ssl=1&resize=700%2C400 2x, https:\/\/i0.wp.com\/zeromagazine.mx\/wp-content\/uploads\/2026\/04\/Starbucks-x-New-Era-_4-scaled.jpeg?fit=1200%2C801&ssl=1&resize=1050%2C600 3x"},"classes":[]},{"id":113072,"url":"https:\/\/zeromagazine.mx\/index.php\/2026\/01\/12\/sabores-reconfortantes-starbucks-invierno-2026\/","url_meta":{"origin":119524,"position":3},"title":"Sabores que reconfortan: Starbucks\u00ae presenta sus nuevas bebidas esta temporada de invierno","author":"David Morales","date":"12 de enero de 2026","format":false,"excerpt":"El invierno tiene ese talento especial para pedir pausas. Pausas para bajar el ritmo, para reconectar y, claro, para tomar algo que se sienta como un abrazo en taza. En ese mood, Starbucks arranca la temporada con una propuesta que combina nostalgia, novedad y mucha vibra cozy: nuevas bebidas de\u2026","rel":"","context":"En \u00abFoodie\u00bb","block_context":{"text":"Foodie","link":"https:\/\/zeromagazine.mx\/index.php\/category\/lifestyle\/foodie\/"},"img":{"alt_text":"","src":"https:\/\/i0.wp.com\/zeromagazine.mx\/wp-content\/uploads\/2026\/01\/Stb-dia-10898-scaled.jpeg?fit=1200%2C800&ssl=1&resize=350%2C200","width":350,"height":200,"srcset":"https:\/\/i0.wp.com\/zeromagazine.mx\/wp-content\/uploads\/2026\/01\/Stb-dia-10898-scaled.jpeg?fit=1200%2C800&ssl=1&resize=350%2C200 1x, https:\/\/i0.wp.com\/zeromagazine.mx\/wp-content\/uploads\/2026\/01\/Stb-dia-10898-scaled.jpeg?fit=1200%2C800&ssl=1&resize=525%2C300 1.5x, https:\/\/i0.wp.com\/zeromagazine.mx\/wp-content\/uploads\/2026\/01\/Stb-dia-10898-scaled.jpeg?fit=1200%2C800&ssl=1&resize=700%2C400 2x, https:\/\/i0.wp.com\/zeromagazine.mx\/wp-content\/uploads\/2026\/01\/Stb-dia-10898-scaled.jpeg?fit=1200%2C800&ssl=1&resize=1050%2C600 3x"},"classes":[]},{"id":83976,"url":"https:\/\/zeromagazine.mx\/index.php\/2024\/09\/17\/starbucks-rewards-gana-disfruta-y-repite\/","url_meta":{"origin":119524,"position":4},"title":"\u00abStarbucks Rewards: Gana, Disfruta y Repite\u00bb","author":"zeromagazinemx","date":"17 de septiembre de 2024","format":false,"excerpt":"\u00bfQui\u00e9n no ama un buen cafecito? Pero ahora Starbucks no solo te da tu dosis de cafe\u00edna, tambi\u00e9n te recompensa por ello. Y s\u00ed, ya sabemos que el Starbucks\u00ae Rewards est\u00e1 everywhere, pero si todav\u00eda no lo tienes claro o no te has unido al hype, aqu\u00ed te cuento los\u2026","rel":"","context":"En \u00abFoodie\u00bb","block_context":{"text":"Foodie","link":"https:\/\/zeromagazine.mx\/index.php\/category\/lifestyle\/foodie\/"},"img":{"alt_text":"","src":"https:\/\/i0.wp.com\/zeromagazine.mx\/wp-content\/uploads\/2024\/09\/SR-1.jpg?resize=350%2C200&ssl=1","width":350,"height":200},"classes":[]},{"id":88926,"url":"https:\/\/zeromagazine.mx\/index.php\/2024\/10\/31\/spooky-frappuccino-halloween-en-tu-bebida\/","url_meta":{"origin":119524,"position":5},"title":"\u00abSpooky Frappuccino: Halloween en tu Bebida\u00bb","author":"zeromagazinemx","date":"31 de octubre de 2024","format":false,"excerpt":"Amigxs, halloween ya casi est\u00e1 aqu\u00ed y, aunque a muchos les encanta lo aterrador, hay otros que preferimos lo sabroso. \u00bfY qu\u00e9 mejor manera de celebrar esta temporada que con algo que no solo suena spooky, sino que tambi\u00e9n est\u00e1 de muerte? Hablo del nuevo Spooky Frappuccino\u00ae\ufe0f de Starbucks. Este\u2026","rel":"","context":"En \u00abFoodie\u00bb","block_context":{"text":"Foodie","link":"https:\/\/zeromagazine.mx\/index.php\/category\/lifestyle\/foodie\/"},"img":{"alt_text":"","src":"https:\/\/i0.wp.com\/zeromagazine.mx\/wp-content\/uploads\/2024\/10\/FALL_24_SPOOKY_DIA5_4x5_02-scaled.jpg?fit=960%2C1200&ssl=1&resize=350%2C200","width":350,"height":200,"srcset":"https:\/\/i0.wp.com\/zeromagazine.mx\/wp-content\/uploads\/2024\/10\/FALL_24_SPOOKY_DIA5_4x5_02-scaled.jpg?fit=960%2C1200&ssl=1&resize=350%2C200 1x, https:\/\/i0.wp.com\/zeromagazine.mx\/wp-content\/uploads\/2024\/10\/FALL_24_SPOOKY_DIA5_4x5_02-scaled.jpg?fit=960%2C1200&ssl=1&resize=525%2C300 1.5x, https:\/\/i0.wp.com\/zeromagazine.mx\/wp-content\/uploads\/2024\/10\/FALL_24_SPOOKY_DIA5_4x5_02-scaled.jpg?fit=960%2C1200&ssl=1&resize=700%2C400 2x"},"classes":[]}],"jetpack_sharing_enabled":true,"builder_content":"","_links":{"self":[{"href":"https:\/\/zeromagazine.mx\/index.php\/wp-json\/wp\/v2\/posts\/119524","targetHints":{"allow":["GET"]}}],"collection":[{"href":"https:\/\/zeromagazine.mx\/index.php\/wp-json\/wp\/v2\/posts"}],"about":[{"href":"https:\/\/zeromagazine.mx\/index.php\/wp-json\/wp\/v2\/types\/post"}],"author":[{"embeddable":true,"href":"https:\/\/zeromagazine.mx\/index.php\/wp-json\/wp\/v2\/users\/4"}],"replies":[{"embeddable":true,"href":"https:\/\/zeromagazine.mx\/index.php\/wp-json\/wp\/v2\/comments?post=119524"}],"version-history":[{"count":2,"href":"https:\/\/zeromagazine.mx\/index.php\/wp-json\/wp\/v2\/posts\/119524\/revisions"}],"predecessor-version":[{"id":119530,"href":"https:\/\/zeromagazine.mx\/index.php\/wp-json\/wp\/v2\/posts\/119524\/revisions\/119530"}],"wp:featuredmedia":[{"embeddable":true,"href":"https:\/\/zeromagazine.mx\/index.php\/wp-json\/wp\/v2\/media\/119525"}],"wp:attachment":[{"href":"https:\/\/zeromagazine.mx\/index.php\/wp-json\/wp\/v2\/media?parent=119524"}],"wp:term":[{"taxonomy":"category","embeddable":true,"href":"https:\/\/zeromagazine.mx\/index.php\/wp-json\/wp\/v2\/categories?post=119524"},{"taxonomy":"post_tag","embeddable":true,"href":"https:\/\/zeromagazine.mx\/index.php\/wp-json\/wp\/v2\/tags?post=119524"}],"curies":[{"name":"wp","href":"https:\/\/api.w.org\/{rel}","templated":true}]}}