{"id":119540,"date":"2026-04-27T17:33:57","date_gmt":"2026-04-27T23:33:57","guid":{"rendered":"https:\/\/zeromagazine.mx\/?p=119540"},"modified":"2026-04-27T17:38:41","modified_gmt":"2026-04-27T23:38:41","slug":"dando-vueltas-rauw-alejandro-cancion","status":"publish","type":"post","link":"https:\/\/zeromagazine.mx\/index.php\/2026\/04\/27\/dando-vueltas-rauw-alejandro-cancion\/","title":{"rendered":"Rauw Alejandro y Buchanan\u2019s ponen a girar la cultura latina con \u201cDando Vueltas\u201d"},"content":{"rendered":"<!--themify_builder_content-->\n<div id=\"themify_builder_content-119540\" data-postid=\"119540\" class=\"themify_builder_content themify_builder_content-119540 themify_builder tf_clear\">\n    <\/div>\n<!--\/themify_builder_content-->\n\n\n<p>Un track, un mood y una campa\u00f1a que convierte cada encuentro en celebraci\u00f3n \u2014porque el ritmo tambi\u00e9n se juega en comunidad.<\/p>\n\n\n\n<p>Hay canciones que suenan bien\u2026 y otras que se sienten. \u201cDando Vueltas\u201d entra directo en la segunda categor\u00eda. El nuevo lanzamiento de&nbsp;Rauw Alejandro&nbsp;junto a&nbsp;Buchanan\u2019s Blended Scotch Whisky&nbsp;no solo marca una colaboraci\u00f3n, sino un momento cultural que mezcla m\u00fasica, identidad y ese vibe latino que no se explica, se vive.<\/p>\n\n\n\n<h3 class=\"wp-block-heading\">Dando Vueltas Rauw Alejandro: ritmo que conecta culturas<\/h3>\n\n\n\n<p>En realidad,&nbsp;<strong>Dando Vueltas Rauw Alejandro<\/strong>&nbsp;no es solo una canci\u00f3n, es una declaraci\u00f3n. Creada en colaboraci\u00f3n con nombres clave como Eduardo Cabra, Edgar Barrera, R\u00edos y Sebasti\u00e1n Otero, el track captura ese pulso colectivo que aparece cuando la m\u00fasica y el deporte se cruzan.<\/p>\n\n\n\n<figure class=\"wp-block-gallery has-nested-images columns-default is-cropped wp-block-gallery-1 is-layout-flex wp-block-gallery-is-layout-flex\">\n<figure class=\"wp-block-image size-large\"><img data-recalc-dims=\"1\" decoding=\"async\" width=\"683\" height=\"1024\" data-id=\"119542\" src=\"https:\/\/i0.wp.com\/zeromagazine.mx\/wp-content\/uploads\/2026\/04\/Rauw-Alejandro-and-Planta-Industrial-celebrate-the-premiere-of-Dando-Vueltas-with-Buchanans-Whisky-in-NYC.-Photo-Credit-BFA-683x1024.jpeg?resize=683%2C1024&#038;ssl=1\" alt=\"\" class=\"wp-image-119542\" srcset=\"https:\/\/i0.wp.com\/zeromagazine.mx\/wp-content\/uploads\/2026\/04\/Rauw-Alejandro-and-Planta-Industrial-celebrate-the-premiere-of-Dando-Vueltas-with-Buchanans-Whisky-in-NYC.-Photo-Credit-BFA.jpeg?resize=683%2C1024&amp;ssl=1 683w, https:\/\/i0.wp.com\/zeromagazine.mx\/wp-content\/uploads\/2026\/04\/Rauw-Alejandro-and-Planta-Industrial-celebrate-the-premiere-of-Dando-Vueltas-with-Buchanans-Whisky-in-NYC.-Photo-Credit-BFA.jpeg?resize=200%2C300&amp;ssl=1 200w, https:\/\/i0.wp.com\/zeromagazine.mx\/wp-content\/uploads\/2026\/04\/Rauw-Alejandro-and-Planta-Industrial-celebrate-the-premiere-of-Dando-Vueltas-with-Buchanans-Whisky-in-NYC.-Photo-Credit-BFA.jpeg?resize=768%2C1152&amp;ssl=1 768w, https:\/\/i0.wp.com\/zeromagazine.mx\/wp-content\/uploads\/2026\/04\/Rauw-Alejandro-and-Planta-Industrial-celebrate-the-premiere-of-Dando-Vueltas-with-Buchanans-Whisky-in-NYC.-Photo-Credit-BFA.jpeg?w=800&amp;ssl=1 800w\" sizes=\"(max-width: 683px) 100vw, 683px\" \/><\/figure>\n<\/figure>\n\n\n\n<p>Adem\u00e1s, la canci\u00f3n llega en un contexto donde la celebraci\u00f3n va m\u00e1s all\u00e1 de la cancha. Para Buchanan\u2019s, este momento representa algo m\u00e1s profundo: la forma en que la comunidad latina transforma cualquier reuni\u00f3n en una experiencia cargada de energ\u00eda, sabor y conexi\u00f3n real.<\/p>\n\n\n\n<p>Por otro lado, el estreno global en Nueva York no fue casualidad. Fue un statement. Un punto de encuentro simb\u00f3lico donde la cultura latina se amplifica y se proyecta al mundo.<\/p>\n\n\n\n<h3 class=\"wp-block-heading\">Dando Vueltas Rauw Alejandro: visuales, baile y orgullo<\/h3>\n\n\n\n<p>Ahora bien, si el track ya tiene fuerza, el video eleva todo.&nbsp;<strong>Dando Vueltas Rauw Alejandro<\/strong>&nbsp;se presenta como una pieza cinematogr\u00e1fica que mezcla storytelling con identidad cultural. Aqu\u00ed no hay clich\u00e9s: hay narrativa, hay est\u00e9tica y hay intenci\u00f3n.<\/p>\n\n\n\n<p>Adem\u00e1s, la participaci\u00f3n de los core\u00f3grafos&nbsp;Rich+Tone&nbsp;suma un layer ic\u00f3nico. Sus movimientos, reconocidos globalmente, conectan el pasado con el presente, creando una coreograf\u00eda que se siente tanto contempor\u00e1nea como hist\u00f3rica.<\/p>\n\n\n\n<p>En realidad, el video funciona como un homenaje a la clase trabajadora latinoamericana. Personas reales, historias reales y una energ\u00eda colectiva que recuerda que la cultura tambi\u00e9n se construye desde lo cotidiano.<\/p>\n\n\n\n<h3 class=\"wp-block-heading\">Dando Vueltas Rauw Alejandro: m\u00e1s que m\u00fasica, una experiencia<\/h3>\n\n\n\n<p>Por otro lado, esta colaboraci\u00f3n no se queda en el streaming. Forma parte de una campa\u00f1a m\u00e1s amplia que se desplegar\u00e1 en distintas capas culturales.<\/p>\n\n\n\n<figure class=\"wp-block-gallery has-nested-images columns-default is-cropped wp-block-gallery-2 is-layout-flex wp-block-gallery-is-layout-flex\">\n<figure class=\"wp-block-image size-large\"><img data-recalc-dims=\"1\" decoding=\"async\" width=\"1024\" height=\"819\" data-id=\"119543\" src=\"https:\/\/i0.wp.com\/zeromagazine.mx\/wp-content\/uploads\/2026\/04\/BFA_54046_7859301_Press-Release-Still-2-1-1024x819.jpeg?resize=1024%2C819&#038;ssl=1\" alt=\"\" class=\"wp-image-119543\" srcset=\"https:\/\/i0.wp.com\/zeromagazine.mx\/wp-content\/uploads\/2026\/04\/BFA_54046_7859301_Press-Release-Still-2-1-scaled.jpeg?resize=1024%2C819&amp;ssl=1 1024w, https:\/\/i0.wp.com\/zeromagazine.mx\/wp-content\/uploads\/2026\/04\/BFA_54046_7859301_Press-Release-Still-2-1-scaled.jpeg?resize=300%2C240&amp;ssl=1 300w, https:\/\/i0.wp.com\/zeromagazine.mx\/wp-content\/uploads\/2026\/04\/BFA_54046_7859301_Press-Release-Still-2-1-scaled.jpeg?resize=768%2C614&amp;ssl=1 768w, https:\/\/i0.wp.com\/zeromagazine.mx\/wp-content\/uploads\/2026\/04\/BFA_54046_7859301_Press-Release-Still-2-1-scaled.jpeg?resize=1536%2C1229&amp;ssl=1 1536w, https:\/\/i0.wp.com\/zeromagazine.mx\/wp-content\/uploads\/2026\/04\/BFA_54046_7859301_Press-Release-Still-2-1-scaled.jpeg?resize=2048%2C1638&amp;ssl=1 2048w, https:\/\/i0.wp.com\/zeromagazine.mx\/wp-content\/uploads\/2026\/04\/BFA_54046_7859301_Press-Release-Still-2-1-scaled.jpeg?w=2330 2330w\" sizes=\"(max-width: 1024px) 100vw, 1024px\" \/><\/figure>\n<\/figure>\n\n\n\n<p>Adem\u00e1s, Buchanan\u2019s apuesta por experiencias que van desde contenido exclusivo con el artista hasta una botella de edici\u00f3n limitada creada con el colectivo&nbsp;Kids of Immigrants, celebrando identidad, pertenencia y ra\u00edces.<\/p>\n\n\n\n<p>Ahora bien, tambi\u00e9n habr\u00e1 presencia en encuentros, fiestas y espacios donde la gente realmente se re\u00fane. Desde activaciones hasta cocteler\u00eda insignia \u2014como la cl\u00e1sica Buchanita con pi\u00f1a\u2014 todo est\u00e1 dise\u00f1ado para amplificar ese momento previo al gran evento global que une al mundo.<\/p>\n\n\n\n<h3 class=\"wp-block-heading\">El sonido de una generaci\u00f3n que no se detiene<\/h3>\n\n\n\n<p>En un panorama donde todo cambia r\u00e1pido,&nbsp;<strong>Dando Vueltas Rauw Alejandro<\/strong>&nbsp;logra algo poco com\u00fan: capturar un sentimiento colectivo sin perder autenticidad.<\/p>\n\n\n\n<p>No es solo m\u00fasica para escuchar, es m\u00fasica para compartir. Para bailar, para reunirse, para recordar que \u2014sin importar d\u00f3nde est\u00e9s\u2014 el ritmo siempre encuentra la forma de unir.<\/p>\n\n\n\n<p>Y si algo deja claro este lanzamiento, es que cuando la cultura latina entra en escena\u2026 nadie se queda quieto.<\/p>\n\n\n\n<figure class=\"wp-block-gallery has-nested-images columns-default is-cropped wp-block-gallery-3 is-layout-flex wp-block-gallery-is-layout-flex\">\n<figure class=\"wp-block-image size-large\"><img data-recalc-dims=\"1\" decoding=\"async\" width=\"683\" height=\"1024\" data-id=\"119544\" src=\"https:\/\/i0.wp.com\/zeromagazine.mx\/wp-content\/uploads\/2026\/04\/Rauw-Alejandro-toasts-with-a-Buchanita-cocktail-to-the-premiere-of-Dando-Vueltas-with-Buchanans-Whisky-in-NYC.-Photo-Credit-BFA-683x1024.jpeg?resize=683%2C1024&#038;ssl=1\" alt=\"\" class=\"wp-image-119544\" srcset=\"https:\/\/i0.wp.com\/zeromagazine.mx\/wp-content\/uploads\/2026\/04\/Rauw-Alejandro-toasts-with-a-Buchanita-cocktail-to-the-premiere-of-Dando-Vueltas-with-Buchanans-Whisky-in-NYC.-Photo-Credit-BFA-scaled.jpeg?resize=683%2C1024&amp;ssl=1 683w, https:\/\/i0.wp.com\/zeromagazine.mx\/wp-content\/uploads\/2026\/04\/Rauw-Alejandro-toasts-with-a-Buchanita-cocktail-to-the-premiere-of-Dando-Vueltas-with-Buchanans-Whisky-in-NYC.-Photo-Credit-BFA-scaled.jpeg?resize=200%2C300&amp;ssl=1 200w, https:\/\/i0.wp.com\/zeromagazine.mx\/wp-content\/uploads\/2026\/04\/Rauw-Alejandro-toasts-with-a-Buchanita-cocktail-to-the-premiere-of-Dando-Vueltas-with-Buchanans-Whisky-in-NYC.-Photo-Credit-BFA-scaled.jpeg?resize=768%2C1152&amp;ssl=1 768w, https:\/\/i0.wp.com\/zeromagazine.mx\/wp-content\/uploads\/2026\/04\/Rauw-Alejandro-toasts-with-a-Buchanita-cocktail-to-the-premiere-of-Dando-Vueltas-with-Buchanans-Whisky-in-NYC.-Photo-Credit-BFA-scaled.jpeg?resize=1024%2C1536&amp;ssl=1 1024w, https:\/\/i0.wp.com\/zeromagazine.mx\/wp-content\/uploads\/2026\/04\/Rauw-Alejandro-toasts-with-a-Buchanita-cocktail-to-the-premiere-of-Dando-Vueltas-with-Buchanans-Whisky-in-NYC.-Photo-Credit-BFA-scaled.jpeg?resize=1365%2C2048&amp;ssl=1 1365w, https:\/\/i0.wp.com\/zeromagazine.mx\/wp-content\/uploads\/2026\/04\/Rauw-Alejandro-toasts-with-a-Buchanita-cocktail-to-the-premiere-of-Dando-Vueltas-with-Buchanans-Whisky-in-NYC.-Photo-Credit-BFA-scaled.jpeg?w=1707&amp;ssl=1 1707w\" sizes=\"(max-width: 683px) 100vw, 683px\" \/><\/figure>\n<\/figure>\n\n\n\n<p><\/p>","protected":false},"excerpt":{"rendered":"<p>Un track, un mood y una campa\u00f1a que convierte cada encuentro en celebraci\u00f3n \u2014porque el ritmo tambi\u00e9n se juega en comunidad. Hay canciones que suenan bien\u2026 y otras que se sienten. \u201cDando Vueltas\u201d entra directo en la segunda categor\u00eda. El nuevo lanzamiento de&nbsp;Rauw Alejandro&nbsp;junto a&nbsp;Buchanan\u2019s Blended Scotch Whisky&nbsp;no solo marca una colaboraci\u00f3n, sino un momento [&hellip;]<\/p>\n","protected":false},"author":4,"featured_media":119549,"comment_status":"open","ping_status":"open","sticky":false,"template":"","format":"standard","meta":{"_jetpack_memberships_contains_paid_content":false,"footnotes":"","jetpack_publicize_message":"","jetpack_publicize_feature_enabled":true,"jetpack_social_post_already_shared":true,"jetpack_social_options":{"image_generator_settings":{"template":"highway","default_image_id":0,"font":"","enabled":false},"version":2}},"categories":[1,117,14134],"tags":[],"class_list":["post-119540","post","type-post","status-publish","format-standard","has-post-thumbnail","hentry","category-blog","category-entretenimiento","category-musica","has-post-title","has-post-date","has-post-category","has-post-tag","has-post-comment","has-post-author",""],"yoast_head":"<!-- This site is optimized with the Yoast SEO plugin v27.4 - https:\/\/yoast.com\/product\/yoast-seo-wordpress\/ -->\n<title>Rauw Alejandro y Buchanan\u2019s ponen a girar la cultura latina con \u201cDando Vueltas\u201d - Zero Magazine<\/title>\n<meta name=\"description\" content=\"Dando Vueltas Rauw Alejandro: la nueva canci\u00f3n junto a Buchanan\u2019s celebra cultura, ritmo y conexi\u00f3n latina.\" \/>\n<meta name=\"robots\" content=\"index, follow, max-snippet:-1, max-image-preview:large, max-video-preview:-1\" \/>\n<link rel=\"canonical\" href=\"https:\/\/zeromagazine.mx\/index.php\/2026\/04\/27\/dando-vueltas-rauw-alejandro-cancion\/\" \/>\n<meta property=\"og:locale\" content=\"es_ES\" \/>\n<meta property=\"og:type\" content=\"article\" \/>\n<meta property=\"og:title\" content=\"Rauw Alejandro y Buchanan\u2019s ponen a girar la cultura latina con \u201cDando Vueltas\u201d - Zero Magazine\" \/>\n<meta property=\"og:description\" content=\"Dando Vueltas Rauw Alejandro: la nueva canci\u00f3n junto a Buchanan\u2019s celebra cultura, ritmo y conexi\u00f3n latina.\" \/>\n<meta property=\"og:url\" content=\"https:\/\/zeromagazine.mx\/index.php\/2026\/04\/27\/dando-vueltas-rauw-alejandro-cancion\/\" \/>\n<meta property=\"og:site_name\" content=\"Zero Magazine\" \/>\n<meta property=\"article:published_time\" content=\"2026-04-27T23:33:57+00:00\" \/>\n<meta property=\"article:modified_time\" content=\"2026-04-27T23:38:41+00:00\" \/>\n<meta property=\"og:image\" content=\"http:\/\/zeromagazine.mx\/wp-content\/uploads\/2026\/04\/RAUW-LA-07459-3-Press-release-image-4-scaled.jpeg\" \/>\n\t<meta property=\"og:image:width\" content=\"2560\" \/>\n\t<meta property=\"og:image:height\" content=\"1707\" \/>\n\t<meta property=\"og:image:type\" content=\"image\/jpeg\" \/>\n<meta name=\"author\" content=\"David Morales\" \/>\n<meta name=\"twitter:card\" content=\"summary_large_image\" \/>\n<meta name=\"twitter:label1\" content=\"Escrito por\" \/>\n\t<meta name=\"twitter:data1\" content=\"David Morales\" \/>\n\t<meta name=\"twitter:label2\" content=\"Tiempo de lectura\" \/>\n\t<meta name=\"twitter:data2\" content=\"4 minutos\" \/>\n<script type=\"application\/ld+json\" class=\"yoast-schema-graph\">{\"@context\":\"https:\\\/\\\/schema.org\",\"@graph\":[{\"@type\":\"Article\",\"@id\":\"https:\\\/\\\/zeromagazine.mx\\\/index.php\\\/2026\\\/04\\\/27\\\/dando-vueltas-rauw-alejandro-cancion\\\/#article\",\"isPartOf\":{\"@id\":\"https:\\\/\\\/zeromagazine.mx\\\/index.php\\\/2026\\\/04\\\/27\\\/dando-vueltas-rauw-alejandro-cancion\\\/\"},\"author\":{\"name\":\"David Morales\",\"@id\":\"https:\\\/\\\/zeromagazine.mx\\\/#\\\/schema\\\/person\\\/9f7f1a17c60ba8e9980e3e6677aabe5a\"},\"headline\":\"Rauw Alejandro y Buchanan\u2019s ponen a girar la cultura latina con \u201cDando Vueltas\u201d\",\"datePublished\":\"2026-04-27T23:33:57+00:00\",\"dateModified\":\"2026-04-27T23:38:41+00:00\",\"mainEntityOfPage\":{\"@id\":\"https:\\\/\\\/zeromagazine.mx\\\/index.php\\\/2026\\\/04\\\/27\\\/dando-vueltas-rauw-alejandro-cancion\\\/\"},\"wordCount\":586,\"commentCount\":0,\"publisher\":{\"@id\":\"https:\\\/\\\/zeromagazine.mx\\\/#organization\"},\"image\":{\"@id\":\"https:\\\/\\\/zeromagazine.mx\\\/index.php\\\/2026\\\/04\\\/27\\\/dando-vueltas-rauw-alejandro-cancion\\\/#primaryimage\"},\"thumbnailUrl\":\"https:\\\/\\\/i0.wp.com\\\/zeromagazine.mx\\\/wp-content\\\/uploads\\\/2026\\\/04\\\/RAUW-LA-07459-3-Press-release-image-4-scaled.jpeg?fit=2560%2C1707&ssl=1\",\"articleSection\":[\"Blog\",\"Entretenimiento\",\"M\u00fasica\"],\"inLanguage\":\"es\",\"potentialAction\":[{\"@type\":\"CommentAction\",\"name\":\"Comment\",\"target\":[\"https:\\\/\\\/zeromagazine.mx\\\/index.php\\\/2026\\\/04\\\/27\\\/dando-vueltas-rauw-alejandro-cancion\\\/#respond\"]}]},{\"@type\":\"WebPage\",\"@id\":\"https:\\\/\\\/zeromagazine.mx\\\/index.php\\\/2026\\\/04\\\/27\\\/dando-vueltas-rauw-alejandro-cancion\\\/\",\"url\":\"https:\\\/\\\/zeromagazine.mx\\\/index.php\\\/2026\\\/04\\\/27\\\/dando-vueltas-rauw-alejandro-cancion\\\/\",\"name\":\"Rauw Alejandro y Buchanan\u2019s ponen a girar la cultura latina con \u201cDando Vueltas\u201d - Zero Magazine\",\"isPartOf\":{\"@id\":\"https:\\\/\\\/zeromagazine.mx\\\/#website\"},\"primaryImageOfPage\":{\"@id\":\"https:\\\/\\\/zeromagazine.mx\\\/index.php\\\/2026\\\/04\\\/27\\\/dando-vueltas-rauw-alejandro-cancion\\\/#primaryimage\"},\"image\":{\"@id\":\"https:\\\/\\\/zeromagazine.mx\\\/index.php\\\/2026\\\/04\\\/27\\\/dando-vueltas-rauw-alejandro-cancion\\\/#primaryimage\"},\"thumbnailUrl\":\"https:\\\/\\\/i0.wp.com\\\/zeromagazine.mx\\\/wp-content\\\/uploads\\\/2026\\\/04\\\/RAUW-LA-07459-3-Press-release-image-4-scaled.jpeg?fit=2560%2C1707&ssl=1\",\"datePublished\":\"2026-04-27T23:33:57+00:00\",\"dateModified\":\"2026-04-27T23:38:41+00:00\",\"description\":\"Dando Vueltas Rauw Alejandro: la nueva canci\u00f3n junto a Buchanan\u2019s celebra cultura, ritmo y conexi\u00f3n latina.\",\"breadcrumb\":{\"@id\":\"https:\\\/\\\/zeromagazine.mx\\\/index.php\\\/2026\\\/04\\\/27\\\/dando-vueltas-rauw-alejandro-cancion\\\/#breadcrumb\"},\"inLanguage\":\"es\",\"potentialAction\":[{\"@type\":\"ReadAction\",\"target\":[\"https:\\\/\\\/zeromagazine.mx\\\/index.php\\\/2026\\\/04\\\/27\\\/dando-vueltas-rauw-alejandro-cancion\\\/\"]}]},{\"@type\":\"ImageObject\",\"inLanguage\":\"es\",\"@id\":\"https:\\\/\\\/zeromagazine.mx\\\/index.php\\\/2026\\\/04\\\/27\\\/dando-vueltas-rauw-alejandro-cancion\\\/#primaryimage\",\"url\":\"https:\\\/\\\/i0.wp.com\\\/zeromagazine.mx\\\/wp-content\\\/uploads\\\/2026\\\/04\\\/RAUW-LA-07459-3-Press-release-image-4-scaled.jpeg?fit=2560%2C1707&ssl=1\",\"contentUrl\":\"https:\\\/\\\/i0.wp.com\\\/zeromagazine.mx\\\/wp-content\\\/uploads\\\/2026\\\/04\\\/RAUW-LA-07459-3-Press-release-image-4-scaled.jpeg?fit=2560%2C1707&ssl=1\",\"width\":2560,\"height\":1707},{\"@type\":\"BreadcrumbList\",\"@id\":\"https:\\\/\\\/zeromagazine.mx\\\/index.php\\\/2026\\\/04\\\/27\\\/dando-vueltas-rauw-alejandro-cancion\\\/#breadcrumb\",\"itemListElement\":[{\"@type\":\"ListItem\",\"position\":1,\"name\":\"Portada\",\"item\":\"https:\\\/\\\/zeromagazine.mx\\\/\"},{\"@type\":\"ListItem\",\"position\":2,\"name\":\"Rauw Alejandro y Buchanan\u2019s ponen a girar la cultura latina con \u201cDando Vueltas\u201d\"}]},{\"@type\":\"WebSite\",\"@id\":\"https:\\\/\\\/zeromagazine.mx\\\/#website\",\"url\":\"https:\\\/\\\/zeromagazine.mx\\\/\",\"name\":\"Zero Magazine\",\"description\":\"\",\"publisher\":{\"@id\":\"https:\\\/\\\/zeromagazine.mx\\\/#organization\"},\"potentialAction\":[{\"@type\":\"SearchAction\",\"target\":{\"@type\":\"EntryPoint\",\"urlTemplate\":\"https:\\\/\\\/zeromagazine.mx\\\/?s={search_term_string}\"},\"query-input\":{\"@type\":\"PropertyValueSpecification\",\"valueRequired\":true,\"valueName\":\"search_term_string\"}}],\"inLanguage\":\"es\"},{\"@type\":\"Organization\",\"@id\":\"https:\\\/\\\/zeromagazine.mx\\\/#organization\",\"name\":\"Zero Magazine\",\"url\":\"https:\\\/\\\/zeromagazine.mx\\\/\",\"logo\":{\"@type\":\"ImageObject\",\"inLanguage\":\"es\",\"@id\":\"https:\\\/\\\/zeromagazine.mx\\\/#\\\/schema\\\/logo\\\/image\\\/\",\"url\":\"https:\\\/\\\/i0.wp.com\\\/zeromagazine.mx\\\/wp-content\\\/uploads\\\/2025\\\/11\\\/1.jpeg?fit=1000%2C1000&ssl=1\",\"contentUrl\":\"https:\\\/\\\/i0.wp.com\\\/zeromagazine.mx\\\/wp-content\\\/uploads\\\/2025\\\/11\\\/1.jpeg?fit=1000%2C1000&ssl=1\",\"width\":1000,\"height\":1000,\"caption\":\"Zero Magazine\"},\"image\":{\"@id\":\"https:\\\/\\\/zeromagazine.mx\\\/#\\\/schema\\\/logo\\\/image\\\/\"},\"sameAs\":[\"https:\\\/\\\/instagram.com\\\/zeromagazinemx\"]},{\"@type\":\"Person\",\"@id\":\"https:\\\/\\\/zeromagazine.mx\\\/#\\\/schema\\\/person\\\/9f7f1a17c60ba8e9980e3e6677aabe5a\",\"name\":\"David Morales\",\"image\":{\"@type\":\"ImageObject\",\"inLanguage\":\"es\",\"@id\":\"https:\\\/\\\/zeromagazine.mx\\\/wp-content\\\/litespeed\\\/avatar\\\/76069d2136bfc1c37dc34815bb67ca42.jpg?ver=1776966186\",\"url\":\"https:\\\/\\\/zeromagazine.mx\\\/wp-content\\\/litespeed\\\/avatar\\\/76069d2136bfc1c37dc34815bb67ca42.jpg?ver=1776966186\",\"contentUrl\":\"https:\\\/\\\/zeromagazine.mx\\\/wp-content\\\/litespeed\\\/avatar\\\/76069d2136bfc1c37dc34815bb67ca42.jpg?ver=1776966186\",\"caption\":\"David Morales\"},\"url\":\"https:\\\/\\\/zeromagazine.mx\\\/index.php\\\/author\\\/david\\\/\"}]}<\/script>\n<!-- \/ Yoast SEO plugin. -->","yoast_head_json":{"title":"Rauw Alejandro y Buchanan\u2019s ponen a girar la cultura latina con \u201cDando Vueltas\u201d - Zero Magazine","description":"Dando Vueltas Rauw Alejandro: la nueva canci\u00f3n junto a Buchanan\u2019s celebra cultura, ritmo y conexi\u00f3n latina.","robots":{"index":"index","follow":"follow","max-snippet":"max-snippet:-1","max-image-preview":"max-image-preview:large","max-video-preview":"max-video-preview:-1"},"canonical":"https:\/\/zeromagazine.mx\/index.php\/2026\/04\/27\/dando-vueltas-rauw-alejandro-cancion\/","og_locale":"es_ES","og_type":"article","og_title":"Rauw Alejandro y Buchanan\u2019s ponen a girar la cultura latina con \u201cDando Vueltas\u201d - Zero Magazine","og_description":"Dando Vueltas Rauw Alejandro: la nueva canci\u00f3n junto a Buchanan\u2019s celebra cultura, ritmo y conexi\u00f3n latina.","og_url":"https:\/\/zeromagazine.mx\/index.php\/2026\/04\/27\/dando-vueltas-rauw-alejandro-cancion\/","og_site_name":"Zero Magazine","article_published_time":"2026-04-27T23:33:57+00:00","article_modified_time":"2026-04-27T23:38:41+00:00","og_image":[{"width":2560,"height":1707,"url":"http:\/\/zeromagazine.mx\/wp-content\/uploads\/2026\/04\/RAUW-LA-07459-3-Press-release-image-4-scaled.jpeg","type":"image\/jpeg"}],"author":"David Morales","twitter_card":"summary_large_image","twitter_misc":{"Escrito por":"David Morales","Tiempo de lectura":"4 minutos"},"schema":{"@context":"https:\/\/schema.org","@graph":[{"@type":"Article","@id":"https:\/\/zeromagazine.mx\/index.php\/2026\/04\/27\/dando-vueltas-rauw-alejandro-cancion\/#article","isPartOf":{"@id":"https:\/\/zeromagazine.mx\/index.php\/2026\/04\/27\/dando-vueltas-rauw-alejandro-cancion\/"},"author":{"name":"David Morales","@id":"https:\/\/zeromagazine.mx\/#\/schema\/person\/9f7f1a17c60ba8e9980e3e6677aabe5a"},"headline":"Rauw Alejandro y Buchanan\u2019s ponen a girar la cultura latina con \u201cDando Vueltas\u201d","datePublished":"2026-04-27T23:33:57+00:00","dateModified":"2026-04-27T23:38:41+00:00","mainEntityOfPage":{"@id":"https:\/\/zeromagazine.mx\/index.php\/2026\/04\/27\/dando-vueltas-rauw-alejandro-cancion\/"},"wordCount":586,"commentCount":0,"publisher":{"@id":"https:\/\/zeromagazine.mx\/#organization"},"image":{"@id":"https:\/\/zeromagazine.mx\/index.php\/2026\/04\/27\/dando-vueltas-rauw-alejandro-cancion\/#primaryimage"},"thumbnailUrl":"https:\/\/i0.wp.com\/zeromagazine.mx\/wp-content\/uploads\/2026\/04\/RAUW-LA-07459-3-Press-release-image-4-scaled.jpeg?fit=2560%2C1707&ssl=1","articleSection":["Blog","Entretenimiento","M\u00fasica"],"inLanguage":"es","potentialAction":[{"@type":"CommentAction","name":"Comment","target":["https:\/\/zeromagazine.mx\/index.php\/2026\/04\/27\/dando-vueltas-rauw-alejandro-cancion\/#respond"]}]},{"@type":"WebPage","@id":"https:\/\/zeromagazine.mx\/index.php\/2026\/04\/27\/dando-vueltas-rauw-alejandro-cancion\/","url":"https:\/\/zeromagazine.mx\/index.php\/2026\/04\/27\/dando-vueltas-rauw-alejandro-cancion\/","name":"Rauw Alejandro y Buchanan\u2019s ponen a girar la cultura latina con \u201cDando Vueltas\u201d - Zero Magazine","isPartOf":{"@id":"https:\/\/zeromagazine.mx\/#website"},"primaryImageOfPage":{"@id":"https:\/\/zeromagazine.mx\/index.php\/2026\/04\/27\/dando-vueltas-rauw-alejandro-cancion\/#primaryimage"},"image":{"@id":"https:\/\/zeromagazine.mx\/index.php\/2026\/04\/27\/dando-vueltas-rauw-alejandro-cancion\/#primaryimage"},"thumbnailUrl":"https:\/\/i0.wp.com\/zeromagazine.mx\/wp-content\/uploads\/2026\/04\/RAUW-LA-07459-3-Press-release-image-4-scaled.jpeg?fit=2560%2C1707&ssl=1","datePublished":"2026-04-27T23:33:57+00:00","dateModified":"2026-04-27T23:38:41+00:00","description":"Dando Vueltas Rauw Alejandro: la nueva canci\u00f3n junto a Buchanan\u2019s celebra cultura, ritmo y conexi\u00f3n latina.","breadcrumb":{"@id":"https:\/\/zeromagazine.mx\/index.php\/2026\/04\/27\/dando-vueltas-rauw-alejandro-cancion\/#breadcrumb"},"inLanguage":"es","potentialAction":[{"@type":"ReadAction","target":["https:\/\/zeromagazine.mx\/index.php\/2026\/04\/27\/dando-vueltas-rauw-alejandro-cancion\/"]}]},{"@type":"ImageObject","inLanguage":"es","@id":"https:\/\/zeromagazine.mx\/index.php\/2026\/04\/27\/dando-vueltas-rauw-alejandro-cancion\/#primaryimage","url":"https:\/\/i0.wp.com\/zeromagazine.mx\/wp-content\/uploads\/2026\/04\/RAUW-LA-07459-3-Press-release-image-4-scaled.jpeg?fit=2560%2C1707&ssl=1","contentUrl":"https:\/\/i0.wp.com\/zeromagazine.mx\/wp-content\/uploads\/2026\/04\/RAUW-LA-07459-3-Press-release-image-4-scaled.jpeg?fit=2560%2C1707&ssl=1","width":2560,"height":1707},{"@type":"BreadcrumbList","@id":"https:\/\/zeromagazine.mx\/index.php\/2026\/04\/27\/dando-vueltas-rauw-alejandro-cancion\/#breadcrumb","itemListElement":[{"@type":"ListItem","position":1,"name":"Portada","item":"https:\/\/zeromagazine.mx\/"},{"@type":"ListItem","position":2,"name":"Rauw Alejandro y Buchanan\u2019s ponen a girar la cultura latina con \u201cDando Vueltas\u201d"}]},{"@type":"WebSite","@id":"https:\/\/zeromagazine.mx\/#website","url":"https:\/\/zeromagazine.mx\/","name":"Zero Magazine","description":"","publisher":{"@id":"https:\/\/zeromagazine.mx\/#organization"},"potentialAction":[{"@type":"SearchAction","target":{"@type":"EntryPoint","urlTemplate":"https:\/\/zeromagazine.mx\/?s={search_term_string}"},"query-input":{"@type":"PropertyValueSpecification","valueRequired":true,"valueName":"search_term_string"}}],"inLanguage":"es"},{"@type":"Organization","@id":"https:\/\/zeromagazine.mx\/#organization","name":"Zero Magazine","url":"https:\/\/zeromagazine.mx\/","logo":{"@type":"ImageObject","inLanguage":"es","@id":"https:\/\/zeromagazine.mx\/#\/schema\/logo\/image\/","url":"https:\/\/i0.wp.com\/zeromagazine.mx\/wp-content\/uploads\/2025\/11\/1.jpeg?fit=1000%2C1000&ssl=1","contentUrl":"https:\/\/i0.wp.com\/zeromagazine.mx\/wp-content\/uploads\/2025\/11\/1.jpeg?fit=1000%2C1000&ssl=1","width":1000,"height":1000,"caption":"Zero Magazine"},"image":{"@id":"https:\/\/zeromagazine.mx\/#\/schema\/logo\/image\/"},"sameAs":["https:\/\/instagram.com\/zeromagazinemx"]},{"@type":"Person","@id":"https:\/\/zeromagazine.mx\/#\/schema\/person\/9f7f1a17c60ba8e9980e3e6677aabe5a","name":"David Morales","image":{"@type":"ImageObject","inLanguage":"es","@id":"https:\/\/zeromagazine.mx\/wp-content\/litespeed\/avatar\/76069d2136bfc1c37dc34815bb67ca42.jpg?ver=1776966186","url":"https:\/\/zeromagazine.mx\/wp-content\/litespeed\/avatar\/76069d2136bfc1c37dc34815bb67ca42.jpg?ver=1776966186","contentUrl":"https:\/\/zeromagazine.mx\/wp-content\/litespeed\/avatar\/76069d2136bfc1c37dc34815bb67ca42.jpg?ver=1776966186","caption":"David Morales"},"url":"https:\/\/zeromagazine.mx\/index.php\/author\/david\/"}]}},"jetpack_publicize_connections":[],"jetpack_featured_media_url":"https:\/\/i0.wp.com\/zeromagazine.mx\/wp-content\/uploads\/2026\/04\/RAUW-LA-07459-3-Press-release-image-4-scaled.jpeg?fit=2560%2C1707&ssl=1","jetpack-related-posts":[{"id":91748,"url":"https:\/\/zeromagazine.mx\/index.php\/2024\/11\/26\/rauw-y-latin-mafia-rompen-el-flow-fest\/","url_meta":{"origin":119540,"position":0},"title":"Rauw y Latin Mafia Rompen el Flow Fest","author":"zeromagazinemx","date":"26 de noviembre de 2024","format":false,"excerpt":"Este s\u00e1bado, el Coca-Cola FLOW FEST 2024 se volvi\u00f3 una locura. Los hermanos de Latin Mafia, con su energ\u00eda desbordante y su estilo \u00fanico, nos sorprendieron al unirse a Rauw Alejandro para una colaboraci\u00f3n que fue una bomba. Y te juro que no estamos exagerando, el combo de estos dos\u2026","rel":"","context":"En \u00abEntretenimiento\u00bb","block_context":{"text":"Entretenimiento","link":"https:\/\/zeromagazine.mx\/index.php\/category\/entretenimiento\/"},"img":{"alt_text":"","src":"https:\/\/i0.wp.com\/zeromagazine.mx\/wp-content\/uploads\/2024\/11\/unnamed-24.jpg?fit=1200%2C799&ssl=1&resize=350%2C200","width":350,"height":200,"srcset":"https:\/\/i0.wp.com\/zeromagazine.mx\/wp-content\/uploads\/2024\/11\/unnamed-24.jpg?fit=1200%2C799&ssl=1&resize=350%2C200 1x, https:\/\/i0.wp.com\/zeromagazine.mx\/wp-content\/uploads\/2024\/11\/unnamed-24.jpg?fit=1200%2C799&ssl=1&resize=525%2C300 1.5x, https:\/\/i0.wp.com\/zeromagazine.mx\/wp-content\/uploads\/2024\/11\/unnamed-24.jpg?fit=1200%2C799&ssl=1&resize=700%2C400 2x, https:\/\/i0.wp.com\/zeromagazine.mx\/wp-content\/uploads\/2024\/11\/unnamed-24.jpg?fit=1200%2C799&ssl=1&resize=1050%2C600 3x"},"classes":[]},{"id":80584,"url":"https:\/\/zeromagazine.mx\/index.php\/2024\/07\/20\/dejame-entrar-el-nuevo-exito-de-rauw\/","url_meta":{"origin":119540,"position":1},"title":"D\u00e9jame Entrar: El Nuevo \u00c9xito de Rauw","author":"zeromagazinemx","date":"20 de julio de 2024","format":false,"excerpt":"\u00bfYa escucharon el nuevo sencillo de Rauw? El cantante y compositor puertorrique\u00f1o, que ha ganado un Latin GRAMMY\u00ae\ufe0f y ha sido nominado al GRAMMY\u00ae\ufe0f en cuatro ocasiones, acaba de lanzar su m\u00e1s reciente hit: \u201cD\u00e9jame Entrar\u201d. Este tema es una mezcla explosiva de sonidos latinos, afro beat, reggaet\u00f3n y dancehall,\u2026","rel":"","context":"En \u00abEntretenimiento\u00bb","block_context":{"text":"Entretenimiento","link":"https:\/\/zeromagazine.mx\/index.php\/category\/entretenimiento\/"},"img":{"alt_text":"","src":"https:\/\/i0.wp.com\/zeromagazine.mx\/wp-content\/uploads\/2024\/07\/Dejame-Entrar-Portada-Cover-Cancion-76-scaled.jpg?fit=1200%2C1200&ssl=1&resize=350%2C200","width":350,"height":200,"srcset":"https:\/\/i0.wp.com\/zeromagazine.mx\/wp-content\/uploads\/2024\/07\/Dejame-Entrar-Portada-Cover-Cancion-76-scaled.jpg?fit=1200%2C1200&ssl=1&resize=350%2C200 1x, https:\/\/i0.wp.com\/zeromagazine.mx\/wp-content\/uploads\/2024\/07\/Dejame-Entrar-Portada-Cover-Cancion-76-scaled.jpg?fit=1200%2C1200&ssl=1&resize=525%2C300 1.5x, https:\/\/i0.wp.com\/zeromagazine.mx\/wp-content\/uploads\/2024\/07\/Dejame-Entrar-Portada-Cover-Cancion-76-scaled.jpg?fit=1200%2C1200&ssl=1&resize=700%2C400 2x, https:\/\/i0.wp.com\/zeromagazine.mx\/wp-content\/uploads\/2024\/07\/Dejame-Entrar-Portada-Cover-Cancion-76-scaled.jpg?fit=1200%2C1200&ssl=1&resize=1050%2C600 3x"},"classes":[]},{"id":77489,"url":"https:\/\/zeromagazine.mx\/index.php\/2024\/06\/08\/preparate-para-bailar-la-septima-edicion-del-coca-cola-flow-fest-llega-con-todo-el-ritmo\/","url_meta":{"origin":119540,"position":2},"title":"\u00a1Prep\u00e1rate para Bailar! La S\u00e9ptima Edici\u00f3n del Coca-Cola Flow Fest Llega con Todo el Ritmo","author":"David Morales","date":"8 de junio de 2024","format":false,"excerpt":"\u00a1Amix, frikitonas y giales acicalados! \u00bfListos para el perreito intenso? El Coca-Cola Flow Fest est\u00e1 de vuelta, \u00a1y esta s\u00e9ptima edici\u00f3n promete ser \u00e9pica! Desde su inicio, este festival se ha convertido en el epicentro del dembow, blin blin y perreo pa\u2019 las nenas y los nenes, reuniendo a los\u2026","rel":"","context":"En \u00abBlog\u00bb","block_context":{"text":"Blog","link":"https:\/\/zeromagazine.mx\/index.php\/category\/blog\/"},"img":{"alt_text":"","src":"https:\/\/i0.wp.com\/zeromagazine.mx\/wp-content\/uploads\/2024\/06\/image_processing20240607-9-o2v1y6.jpg?resize=350%2C200&ssl=1","width":350,"height":200,"srcset":"https:\/\/i0.wp.com\/zeromagazine.mx\/wp-content\/uploads\/2024\/06\/image_processing20240607-9-o2v1y6.jpg?resize=350%2C200&ssl=1 1x, https:\/\/i0.wp.com\/zeromagazine.mx\/wp-content\/uploads\/2024\/06\/image_processing20240607-9-o2v1y6.jpg?resize=525%2C300&ssl=1 1.5x, https:\/\/i0.wp.com\/zeromagazine.mx\/wp-content\/uploads\/2024\/06\/image_processing20240607-9-o2v1y6.jpg?resize=700%2C400&ssl=1 2x, https:\/\/i0.wp.com\/zeromagazine.mx\/wp-content\/uploads\/2024\/06\/image_processing20240607-9-o2v1y6.jpg?resize=1050%2C600&ssl=1 3x, https:\/\/i0.wp.com\/zeromagazine.mx\/wp-content\/uploads\/2024\/06\/image_processing20240607-9-o2v1y6.jpg?resize=1400%2C800&ssl=1 4x"},"classes":[]},{"id":82190,"url":"https:\/\/zeromagazine.mx\/index.php\/2024\/08\/20\/perreo-epico-en-dale-mixx-2024\/","url_meta":{"origin":119540,"position":3},"title":"\u00abPerreo \u00c9pico en Dale Mixx 2024\u00bb","author":"zeromagazinemx","date":"20 de agosto de 2024","format":false,"excerpt":"Este s\u00e1bado 17 de agosto en Monterrey, Dale Mixx 2024 lleg\u00f3, vio, y venci\u00f3. Este festival urbano no solo cumpli\u00f3 con las expectativas; las revent\u00f3 en mil pedazos. Con 60 mil souls listos pa' darle duro al perreo, el Parque Fundidora se convirti\u00f3 en el epicentro del reggaet\u00f3n, trap, dembow,\u2026","rel":"","context":"En \u00abEntretenimiento\u00bb","block_context":{"text":"Entretenimiento","link":"https:\/\/zeromagazine.mx\/index.php\/category\/entretenimiento\/"},"img":{"alt_text":"","src":"https:\/\/i0.wp.com\/zeromagazine.mx\/wp-content\/uploads\/2024\/08\/DALEMIXX2024_0817_152648-0050_IBG-scaled.jpg?fit=1200%2C800&ssl=1&resize=350%2C200","width":350,"height":200,"srcset":"https:\/\/i0.wp.com\/zeromagazine.mx\/wp-content\/uploads\/2024\/08\/DALEMIXX2024_0817_152648-0050_IBG-scaled.jpg?fit=1200%2C800&ssl=1&resize=350%2C200 1x, https:\/\/i0.wp.com\/zeromagazine.mx\/wp-content\/uploads\/2024\/08\/DALEMIXX2024_0817_152648-0050_IBG-scaled.jpg?fit=1200%2C800&ssl=1&resize=525%2C300 1.5x, https:\/\/i0.wp.com\/zeromagazine.mx\/wp-content\/uploads\/2024\/08\/DALEMIXX2024_0817_152648-0050_IBG-scaled.jpg?fit=1200%2C800&ssl=1&resize=700%2C400 2x, https:\/\/i0.wp.com\/zeromagazine.mx\/wp-content\/uploads\/2024\/08\/DALEMIXX2024_0817_152648-0050_IBG-scaled.jpg?fit=1200%2C800&ssl=1&resize=1050%2C600 3x"},"classes":[]},{"id":73766,"url":"https:\/\/zeromagazine.mx\/index.php\/2024\/04\/11\/dale-mixx-el-festival-urbano-del-ano\/","url_meta":{"origin":119540,"position":4},"title":"Dale Mixx: \u00a1El Festival Urbano del A\u00f1o!","author":"zeromagazinemx","date":"11 de abril de 2024","format":false,"excerpt":"Prep\u00e1rense para el festival m\u00e1s \u00e9pico del a\u00f1o! Dale Mixx est\u00e1 de vuelta en Monterrey y viene recargado con una alineaci\u00f3n que te har\u00e1 perrear sin parar. Desde Rauw Alejandro hasta Iza TKM, este evento promete ser una experiencia inolvidable que celebrar\u00e1 la cultura urbana en grande. Primero que nada,\u2026","rel":"","context":"En \u00abEntretenimiento\u00bb","block_context":{"text":"Entretenimiento","link":"https:\/\/zeromagazine.mx\/index.php\/category\/entretenimiento\/"},"img":{"alt_text":"","src":"https:\/\/i0.wp.com\/zeromagazine.mx\/wp-content\/uploads\/2024\/04\/434650941_17948999753784935_1986989541161046656_n.jpg?fit=1080%2C720&ssl=1&resize=350%2C200","width":350,"height":200,"srcset":"https:\/\/i0.wp.com\/zeromagazine.mx\/wp-content\/uploads\/2024\/04\/434650941_17948999753784935_1986989541161046656_n.jpg?fit=1080%2C720&ssl=1&resize=350%2C200 1x, https:\/\/i0.wp.com\/zeromagazine.mx\/wp-content\/uploads\/2024\/04\/434650941_17948999753784935_1986989541161046656_n.jpg?fit=1080%2C720&ssl=1&resize=525%2C300 1.5x, https:\/\/i0.wp.com\/zeromagazine.mx\/wp-content\/uploads\/2024\/04\/434650941_17948999753784935_1986989541161046656_n.jpg?fit=1080%2C720&ssl=1&resize=700%2C400 2x, https:\/\/i0.wp.com\/zeromagazine.mx\/wp-content\/uploads\/2024\/04\/434650941_17948999753784935_1986989541161046656_n.jpg?fit=1080%2C720&ssl=1&resize=1050%2C600 3x"},"classes":[]},{"id":93354,"url":"https:\/\/zeromagazine.mx\/index.php\/2024\/12\/18\/buchanans-x-bizarrap\/","url_meta":{"origin":119540,"position":5},"title":"Buchanan\u2019s x Bizarrap","author":"zeromagazinemx","date":"18 de diciembre de 2024","format":false,"excerpt":"\u00bfQui\u00e9n dijo que las reuniones familiares no pueden tener buen ritmo y mejor sabor? Si eres de lxs que piensan que lo \u00fanico que falta en una buena reuni\u00f3n con tus amix es algo de m\u00fasica, una bebida que combine perfecto y un toque exclusivo que le d\u00e9 personalidad al\u2026","rel":"","context":"En \u00abFoodie\u00bb","block_context":{"text":"Foodie","link":"https:\/\/zeromagazine.mx\/index.php\/category\/lifestyle\/foodie\/"},"img":{"alt_text":"","src":"https:\/\/i0.wp.com\/zeromagazine.mx\/wp-content\/uploads\/2024\/12\/241022_BUCHANANS_BZRP_Image1_7K-scaled.jpg?fit=1200%2C1200&ssl=1&resize=350%2C200","width":350,"height":200,"srcset":"https:\/\/i0.wp.com\/zeromagazine.mx\/wp-content\/uploads\/2024\/12\/241022_BUCHANANS_BZRP_Image1_7K-scaled.jpg?fit=1200%2C1200&ssl=1&resize=350%2C200 1x, https:\/\/i0.wp.com\/zeromagazine.mx\/wp-content\/uploads\/2024\/12\/241022_BUCHANANS_BZRP_Image1_7K-scaled.jpg?fit=1200%2C1200&ssl=1&resize=525%2C300 1.5x, https:\/\/i0.wp.com\/zeromagazine.mx\/wp-content\/uploads\/2024\/12\/241022_BUCHANANS_BZRP_Image1_7K-scaled.jpg?fit=1200%2C1200&ssl=1&resize=700%2C400 2x, https:\/\/i0.wp.com\/zeromagazine.mx\/wp-content\/uploads\/2024\/12\/241022_BUCHANANS_BZRP_Image1_7K-scaled.jpg?fit=1200%2C1200&ssl=1&resize=1050%2C600 3x"},"classes":[]}],"jetpack_sharing_enabled":true,"builder_content":"","_links":{"self":[{"href":"https:\/\/zeromagazine.mx\/index.php\/wp-json\/wp\/v2\/posts\/119540","targetHints":{"allow":["GET"]}}],"collection":[{"href":"https:\/\/zeromagazine.mx\/index.php\/wp-json\/wp\/v2\/posts"}],"about":[{"href":"https:\/\/zeromagazine.mx\/index.php\/wp-json\/wp\/v2\/types\/post"}],"author":[{"embeddable":true,"href":"https:\/\/zeromagazine.mx\/index.php\/wp-json\/wp\/v2\/users\/4"}],"replies":[{"embeddable":true,"href":"https:\/\/zeromagazine.mx\/index.php\/wp-json\/wp\/v2\/comments?post=119540"}],"version-history":[{"count":4,"href":"https:\/\/zeromagazine.mx\/index.php\/wp-json\/wp\/v2\/posts\/119540\/revisions"}],"predecessor-version":[{"id":119551,"href":"https:\/\/zeromagazine.mx\/index.php\/wp-json\/wp\/v2\/posts\/119540\/revisions\/119551"}],"wp:featuredmedia":[{"embeddable":true,"href":"https:\/\/zeromagazine.mx\/index.php\/wp-json\/wp\/v2\/media\/119549"}],"wp:attachment":[{"href":"https:\/\/zeromagazine.mx\/index.php\/wp-json\/wp\/v2\/media?parent=119540"}],"wp:term":[{"taxonomy":"category","embeddable":true,"href":"https:\/\/zeromagazine.mx\/index.php\/wp-json\/wp\/v2\/categories?post=119540"},{"taxonomy":"post_tag","embeddable":true,"href":"https:\/\/zeromagazine.mx\/index.php\/wp-json\/wp\/v2\/tags?post=119540"}],"curies":[{"name":"wp","href":"https:\/\/api.w.org\/{rel}","templated":true}]}}