{"id":119552,"date":"2026-04-27T17:45:39","date_gmt":"2026-04-27T23:45:39","guid":{"rendered":"https:\/\/zeromagazine.mx\/?p=119552"},"modified":"2026-04-27T17:47:26","modified_gmt":"2026-04-27T23:47:26","slug":"la-cantadera-cdmx-karaoke-show","status":"publish","type":"post","link":"https:\/\/zeromagazine.mx\/index.php\/2026\/04\/27\/la-cantadera-cdmx-karaoke-show\/","title":{"rendered":"La Cantadera: karaoke, show y fiesta en una experiencia \u00fanica en la CDMX"},"content":{"rendered":"<!--themify_builder_content-->\n<div id=\"themify_builder_content-119552\" data-postid=\"119552\" class=\"themify_builder_content themify_builder_content-119552 themify_builder tf_clear\">\n    <\/div>\n<!--\/themify_builder_content-->\n\n\n<p>Karaoke, show en vivo y fiesta en una sola noche: as\u00ed se vive la experiencia m\u00e1s divertida de la CDMX.<\/p>\n\n\n\n<p>Hay noches que empiezan con \u201csolo vamos a ver qu\u00e9 tal\u201d\u2026 y terminan cantando a todo pulm\u00f3n como si estuvieras en tu propio concierto. As\u00ed es&nbsp;<strong>La Cantadera<\/strong>, el nuevo hotspot nocturno que est\u00e1 cambiando las reglas del entretenimiento en la ciudad.<\/p>\n\n\n\n<p>Con funciones en el ic\u00f3nico&nbsp;Foro Stelaris, este concepto mezcla karaoke, performance en vivo y fiesta en una experiencia que no se explica, se vive.<\/p>\n\n\n\n<h3 class=\"wp-block-heading\">La Cantadera CDMX: karaoke pero elevado<\/h3>\n\n\n\n<p>En realidad,&nbsp;<strong>La Cantadera CDMX<\/strong>&nbsp;no es el t\u00edpico karaoke de micr\u00f3fono t\u00edmido y pantallas gen\u00e9ricas. Aqu\u00ed todo est\u00e1 dise\u00f1ado para que te sueltes. Desde el momento en que llegas, el mood es claro: nadie vino a juzgar, todos vinieron a pasarla bien.<\/p>\n\n\n\n<p>Adem\u00e1s, la din\u00e1mica rompe con lo convencional. No hay escenario distante ni p\u00fablico pasivo. Est\u00e1s dentro del show, rodeado de m\u00fasicos y performers que elevan cada canci\u00f3n a otro nivel.<\/p>\n\n\n\n<figure class=\"wp-block-gallery has-nested-images columns-default is-cropped wp-block-gallery-1 is-layout-flex wp-block-gallery-is-layout-flex\">\n<figure class=\"wp-block-image size-large\"><img data-recalc-dims=\"1\" decoding=\"async\" width=\"1024\" height=\"683\" data-id=\"119555\" src=\"https:\/\/i0.wp.com\/zeromagazine.mx\/wp-content\/uploads\/2026\/04\/La-Cantadera-1-1024x683.jpeg?resize=1024%2C683&#038;ssl=1\" alt=\"\" class=\"wp-image-119555\" srcset=\"https:\/\/i0.wp.com\/zeromagazine.mx\/wp-content\/uploads\/2026\/04\/La-Cantadera-1-scaled.jpeg?resize=1024%2C683&amp;ssl=1 1024w, https:\/\/i0.wp.com\/zeromagazine.mx\/wp-content\/uploads\/2026\/04\/La-Cantadera-1-scaled.jpeg?resize=300%2C200&amp;ssl=1 300w, https:\/\/i0.wp.com\/zeromagazine.mx\/wp-content\/uploads\/2026\/04\/La-Cantadera-1-scaled.jpeg?resize=768%2C512&amp;ssl=1 768w, https:\/\/i0.wp.com\/zeromagazine.mx\/wp-content\/uploads\/2026\/04\/La-Cantadera-1-scaled.jpeg?resize=1536%2C1024&amp;ssl=1 1536w, https:\/\/i0.wp.com\/zeromagazine.mx\/wp-content\/uploads\/2026\/04\/La-Cantadera-1-scaled.jpeg?resize=2048%2C1365&amp;ssl=1 2048w, https:\/\/i0.wp.com\/zeromagazine.mx\/wp-content\/uploads\/2026\/04\/La-Cantadera-1-scaled.jpeg?w=2330 2330w\" sizes=\"(max-width: 1024px) 100vw, 1024px\" \/><\/figure>\n<\/figure>\n\n\n\n<p>Por otro lado, el concepto apuesta por algo clave en 2026: experiencias compartidas. No vienes solo a cantar, vienes a conectar, a re\u00edr, a perder la pena (aunque sea despu\u00e9s de un par de drinks).<\/p>\n\n\n\n<h3 class=\"wp-block-heading\">La Cantadera CDMX: un show que se construye contigo<\/h3>\n\n\n\n<p>Ahora bien, lo que realmente hace especial a&nbsp;<strong>La Cantadera CDMX<\/strong>&nbsp;es su capacidad de volverse impredecible. Cada funci\u00f3n cambia, cada noche tiene su propia energ\u00eda.<\/p>\n\n\n\n<p>Adem\u00e1s, el elenco suma ese toque de caos bien coreografiado. Con figuras como&nbsp;Daniel Vives, junto a Maite Olalde, Ricardo Bonilla, Garo, Pahola Escalera, Arturo Zurita e Itzel Gayt\u00e1n, el show fluye entre humor, interacci\u00f3n y momentos espont\u00e1neos que simplemente no se pueden replicar.<\/p>\n\n\n\n<p>En realidad, aqu\u00ed el protagonista eres t\u00fa. Cantes bien, mal o \u201ccon sentimiento\u201d, todo suma a una atm\u00f3sfera donde lo importante es soltar.<\/p>\n\n\n\n<h3 class=\"wp-block-heading\">La Cantadera CDMX: vistas, m\u00fasica y energ\u00eda colectiva<\/h3>\n\n\n\n<p>Por otro lado, el venue no se queda atr\u00e1s. El&nbsp;Foro Stelaris&nbsp;aporta una vista privilegiada de la ciudad que eleva toda la experiencia. Porque s\u00ed, cantar con skyline de fondo pega diferente.<\/p>\n\n\n\n<figure class=\"wp-block-gallery has-nested-images columns-default is-cropped wp-block-gallery-2 is-layout-flex wp-block-gallery-is-layout-flex\">\n<figure class=\"wp-block-image size-large\"><img data-recalc-dims=\"1\" decoding=\"async\" width=\"683\" height=\"1024\" data-id=\"119558\" src=\"https:\/\/i0.wp.com\/zeromagazine.mx\/wp-content\/uploads\/2026\/04\/La-Cantadera-2-683x1024.jpeg?resize=683%2C1024&#038;ssl=1\" alt=\"\" class=\"wp-image-119558\" srcset=\"https:\/\/i0.wp.com\/zeromagazine.mx\/wp-content\/uploads\/2026\/04\/La-Cantadera-2-scaled.jpeg?resize=683%2C1024&amp;ssl=1 683w, https:\/\/i0.wp.com\/zeromagazine.mx\/wp-content\/uploads\/2026\/04\/La-Cantadera-2-scaled.jpeg?resize=200%2C300&amp;ssl=1 200w, https:\/\/i0.wp.com\/zeromagazine.mx\/wp-content\/uploads\/2026\/04\/La-Cantadera-2-scaled.jpeg?resize=768%2C1152&amp;ssl=1 768w, https:\/\/i0.wp.com\/zeromagazine.mx\/wp-content\/uploads\/2026\/04\/La-Cantadera-2-scaled.jpeg?resize=1024%2C1536&amp;ssl=1 1024w, https:\/\/i0.wp.com\/zeromagazine.mx\/wp-content\/uploads\/2026\/04\/La-Cantadera-2-scaled.jpeg?resize=1365%2C2048&amp;ssl=1 1365w, https:\/\/i0.wp.com\/zeromagazine.mx\/wp-content\/uploads\/2026\/04\/La-Cantadera-2-scaled.jpeg?w=1707&amp;ssl=1 1707w\" sizes=\"(max-width: 683px) 100vw, 683px\" \/><\/figure>\n<\/figure>\n\n\n\n<p>Adem\u00e1s, detr\u00e1s del espect\u00e1culo hay una producci\u00f3n s\u00f3lida liderada por creativos como Ricky Berdichevsky, Nacho Carral y \u00d3scar Carapia, con direcci\u00f3n musical de David Federico Suzawa y un dise\u00f1o sonoro e iluminaci\u00f3n que envuelven cada momento.<\/p>\n\n\n\n<p>Ahora bien, todo esto se traduce en una experiencia inmersiva donde no hay pausas inc\u00f3modas ni momentos muertos. Aqu\u00ed la noche siempre est\u00e1 pasando algo.<\/p>\n\n\n\n<h3 class=\"wp-block-heading\">El nuevo ritual de viernes en la ciudad<\/h3>\n\n\n\n<p><strong>La Cantadera CDMX<\/strong>&nbsp;se presenta todos los viernes desde el 17 de abril de 2026. Puertas abren a las 8:30 PM y el show arranca a las 9:30 PM, con boletos ya disponibles en taquilla y en l\u00ednea.<\/p>\n\n\n\n<figure class=\"wp-block-gallery has-nested-images columns-default is-cropped wp-block-gallery-3 is-layout-flex wp-block-gallery-is-layout-flex\">\n<figure class=\"wp-block-image size-large\"><img data-recalc-dims=\"1\" decoding=\"async\" width=\"1024\" height=\"1024\" data-id=\"119554\" src=\"https:\/\/i0.wp.com\/zeromagazine.mx\/wp-content\/uploads\/2026\/04\/ARTES-REDES1_1-2-1024x1024.png?resize=1024%2C1024&#038;ssl=1\" alt=\"\" class=\"wp-image-119554\" srcset=\"https:\/\/i0.wp.com\/zeromagazine.mx\/wp-content\/uploads\/2026\/04\/ARTES-REDES1_1-2.png?resize=1024%2C1024&amp;ssl=1 1024w, https:\/\/i0.wp.com\/zeromagazine.mx\/wp-content\/uploads\/2026\/04\/ARTES-REDES1_1-2.png?resize=300%2C300&amp;ssl=1 300w, https:\/\/i0.wp.com\/zeromagazine.mx\/wp-content\/uploads\/2026\/04\/ARTES-REDES1_1-2.png?resize=150%2C150&amp;ssl=1 150w, https:\/\/i0.wp.com\/zeromagazine.mx\/wp-content\/uploads\/2026\/04\/ARTES-REDES1_1-2.png?resize=768%2C768&amp;ssl=1 768w, https:\/\/i0.wp.com\/zeromagazine.mx\/wp-content\/uploads\/2026\/04\/ARTES-REDES1_1-2.png?w=1080&amp;ssl=1 1080w\" sizes=\"(max-width: 1024px) 100vw, 1024px\" \/><\/figure>\n<\/figure>\n\n\n\n<p>Adem\u00e1s, es el plan perfecto para cumplea\u00f1os, citas poco convencionales o simplemente para romper la rutina con amigos.<\/p>\n\n\n\n<p>Porque al final, en una ciudad que nunca duerme, hac\u00eda falta un lugar donde cantar sin pena fuera el verdadero lujo.<\/p>\n\n\n\n<p>Y s\u00ed, aqu\u00ed s\u00ed aplica: canta como si nadie te escuchara\u2026 aunque todos lo est\u00e9n haciendo contigo.<\/p>","protected":false},"excerpt":{"rendered":"<p>Karaoke, show en vivo y fiesta en una sola noche: as\u00ed se vive la experiencia m\u00e1s divertida de la CDMX. Hay noches que empiezan con \u201csolo vamos a ver qu\u00e9 tal\u201d\u2026 y terminan cantando a todo pulm\u00f3n como si estuvieras en tu propio concierto. As\u00ed es&nbsp;La Cantadera, el nuevo hotspot nocturno que est\u00e1 cambiando las [&hellip;]<\/p>\n","protected":false},"author":4,"featured_media":119553,"comment_status":"open","ping_status":"open","sticky":false,"template":"","format":"standard","meta":{"_jetpack_memberships_contains_paid_content":false,"footnotes":"","jetpack_publicize_message":"","jetpack_publicize_feature_enabled":true,"jetpack_social_post_already_shared":true,"jetpack_social_options":{"image_generator_settings":{"template":"highway","default_image_id":0,"font":"","enabled":false},"version":2}},"categories":[1,117,311],"tags":[],"class_list":["post-119552","post","type-post","status-publish","format-standard","has-post-thumbnail","hentry","category-blog","category-entretenimiento","category-teatro","has-post-title","has-post-date","has-post-category","has-post-tag","has-post-comment","has-post-author",""],"yoast_head":"<!-- This site is optimized with the Yoast SEO plugin v27.4 - https:\/\/yoast.com\/product\/yoast-seo-wordpress\/ -->\n<title>La Cantadera: karaoke, show y fiesta en una experiencia \u00fanica en la CDMX - Zero Magazine<\/title>\n<meta name=\"description\" content=\"La Cantadera CDMX: karaoke, show en vivo y fiesta en una experiencia \u00fanica para cantar y celebrar en la ciudad.\" \/>\n<meta name=\"robots\" content=\"index, follow, max-snippet:-1, max-image-preview:large, max-video-preview:-1\" \/>\n<link rel=\"canonical\" href=\"https:\/\/zeromagazine.mx\/index.php\/2026\/04\/27\/la-cantadera-cdmx-karaoke-show\/\" \/>\n<meta property=\"og:locale\" content=\"es_ES\" \/>\n<meta property=\"og:type\" content=\"article\" \/>\n<meta property=\"og:title\" content=\"La Cantadera: karaoke, show y fiesta en una experiencia \u00fanica en la CDMX - Zero Magazine\" \/>\n<meta property=\"og:description\" content=\"La Cantadera CDMX: karaoke, show en vivo y fiesta en una experiencia \u00fanica para cantar y celebrar en la ciudad.\" \/>\n<meta property=\"og:url\" content=\"https:\/\/zeromagazine.mx\/index.php\/2026\/04\/27\/la-cantadera-cdmx-karaoke-show\/\" \/>\n<meta property=\"og:site_name\" content=\"Zero Magazine\" \/>\n<meta property=\"article:published_time\" content=\"2026-04-27T23:45:39+00:00\" \/>\n<meta property=\"article:modified_time\" content=\"2026-04-27T23:47:26+00:00\" \/>\n<meta property=\"og:image\" content=\"http:\/\/zeromagazine.mx\/wp-content\/uploads\/2026\/04\/La-Cantadera-scaled.jpeg\" \/>\n\t<meta property=\"og:image:width\" content=\"1940\" \/>\n\t<meta property=\"og:image:height\" content=\"2560\" \/>\n\t<meta property=\"og:image:type\" content=\"image\/jpeg\" \/>\n<meta name=\"author\" content=\"David Morales\" \/>\n<meta name=\"twitter:card\" content=\"summary_large_image\" \/>\n<meta name=\"twitter:label1\" content=\"Escrito por\" \/>\n\t<meta name=\"twitter:data1\" content=\"David Morales\" \/>\n\t<meta name=\"twitter:label2\" content=\"Tiempo de lectura\" \/>\n\t<meta name=\"twitter:data2\" content=\"4 minutos\" \/>\n<script type=\"application\/ld+json\" class=\"yoast-schema-graph\">{\"@context\":\"https:\\\/\\\/schema.org\",\"@graph\":[{\"@type\":\"Article\",\"@id\":\"https:\\\/\\\/zeromagazine.mx\\\/index.php\\\/2026\\\/04\\\/27\\\/la-cantadera-cdmx-karaoke-show\\\/#article\",\"isPartOf\":{\"@id\":\"https:\\\/\\\/zeromagazine.mx\\\/index.php\\\/2026\\\/04\\\/27\\\/la-cantadera-cdmx-karaoke-show\\\/\"},\"author\":{\"name\":\"David Morales\",\"@id\":\"https:\\\/\\\/zeromagazine.mx\\\/#\\\/schema\\\/person\\\/9f7f1a17c60ba8e9980e3e6677aabe5a\"},\"headline\":\"La Cantadera: karaoke, show y fiesta en una experiencia \u00fanica en la CDMX\",\"datePublished\":\"2026-04-27T23:45:39+00:00\",\"dateModified\":\"2026-04-27T23:47:26+00:00\",\"mainEntityOfPage\":{\"@id\":\"https:\\\/\\\/zeromagazine.mx\\\/index.php\\\/2026\\\/04\\\/27\\\/la-cantadera-cdmx-karaoke-show\\\/\"},\"wordCount\":565,\"commentCount\":0,\"publisher\":{\"@id\":\"https:\\\/\\\/zeromagazine.mx\\\/#organization\"},\"image\":{\"@id\":\"https:\\\/\\\/zeromagazine.mx\\\/index.php\\\/2026\\\/04\\\/27\\\/la-cantadera-cdmx-karaoke-show\\\/#primaryimage\"},\"thumbnailUrl\":\"https:\\\/\\\/i0.wp.com\\\/zeromagazine.mx\\\/wp-content\\\/uploads\\\/2026\\\/04\\\/La-Cantadera-scaled.jpeg?fit=1940%2C2560&ssl=1\",\"articleSection\":[\"Blog\",\"Entretenimiento\",\"Teatro\"],\"inLanguage\":\"es\",\"potentialAction\":[{\"@type\":\"CommentAction\",\"name\":\"Comment\",\"target\":[\"https:\\\/\\\/zeromagazine.mx\\\/index.php\\\/2026\\\/04\\\/27\\\/la-cantadera-cdmx-karaoke-show\\\/#respond\"]}]},{\"@type\":\"WebPage\",\"@id\":\"https:\\\/\\\/zeromagazine.mx\\\/index.php\\\/2026\\\/04\\\/27\\\/la-cantadera-cdmx-karaoke-show\\\/\",\"url\":\"https:\\\/\\\/zeromagazine.mx\\\/index.php\\\/2026\\\/04\\\/27\\\/la-cantadera-cdmx-karaoke-show\\\/\",\"name\":\"La Cantadera: karaoke, show y fiesta en una experiencia \u00fanica en la CDMX - Zero Magazine\",\"isPartOf\":{\"@id\":\"https:\\\/\\\/zeromagazine.mx\\\/#website\"},\"primaryImageOfPage\":{\"@id\":\"https:\\\/\\\/zeromagazine.mx\\\/index.php\\\/2026\\\/04\\\/27\\\/la-cantadera-cdmx-karaoke-show\\\/#primaryimage\"},\"image\":{\"@id\":\"https:\\\/\\\/zeromagazine.mx\\\/index.php\\\/2026\\\/04\\\/27\\\/la-cantadera-cdmx-karaoke-show\\\/#primaryimage\"},\"thumbnailUrl\":\"https:\\\/\\\/i0.wp.com\\\/zeromagazine.mx\\\/wp-content\\\/uploads\\\/2026\\\/04\\\/La-Cantadera-scaled.jpeg?fit=1940%2C2560&ssl=1\",\"datePublished\":\"2026-04-27T23:45:39+00:00\",\"dateModified\":\"2026-04-27T23:47:26+00:00\",\"description\":\"La Cantadera CDMX: karaoke, show en vivo y fiesta en una experiencia \u00fanica para cantar y celebrar en la ciudad.\",\"breadcrumb\":{\"@id\":\"https:\\\/\\\/zeromagazine.mx\\\/index.php\\\/2026\\\/04\\\/27\\\/la-cantadera-cdmx-karaoke-show\\\/#breadcrumb\"},\"inLanguage\":\"es\",\"potentialAction\":[{\"@type\":\"ReadAction\",\"target\":[\"https:\\\/\\\/zeromagazine.mx\\\/index.php\\\/2026\\\/04\\\/27\\\/la-cantadera-cdmx-karaoke-show\\\/\"]}]},{\"@type\":\"ImageObject\",\"inLanguage\":\"es\",\"@id\":\"https:\\\/\\\/zeromagazine.mx\\\/index.php\\\/2026\\\/04\\\/27\\\/la-cantadera-cdmx-karaoke-show\\\/#primaryimage\",\"url\":\"https:\\\/\\\/i0.wp.com\\\/zeromagazine.mx\\\/wp-content\\\/uploads\\\/2026\\\/04\\\/La-Cantadera-scaled.jpeg?fit=1940%2C2560&ssl=1\",\"contentUrl\":\"https:\\\/\\\/i0.wp.com\\\/zeromagazine.mx\\\/wp-content\\\/uploads\\\/2026\\\/04\\\/La-Cantadera-scaled.jpeg?fit=1940%2C2560&ssl=1\",\"width\":1940,\"height\":2560},{\"@type\":\"BreadcrumbList\",\"@id\":\"https:\\\/\\\/zeromagazine.mx\\\/index.php\\\/2026\\\/04\\\/27\\\/la-cantadera-cdmx-karaoke-show\\\/#breadcrumb\",\"itemListElement\":[{\"@type\":\"ListItem\",\"position\":1,\"name\":\"Portada\",\"item\":\"https:\\\/\\\/zeromagazine.mx\\\/\"},{\"@type\":\"ListItem\",\"position\":2,\"name\":\"La Cantadera: karaoke, show y fiesta en una experiencia \u00fanica en la CDMX\"}]},{\"@type\":\"WebSite\",\"@id\":\"https:\\\/\\\/zeromagazine.mx\\\/#website\",\"url\":\"https:\\\/\\\/zeromagazine.mx\\\/\",\"name\":\"Zero Magazine\",\"description\":\"\",\"publisher\":{\"@id\":\"https:\\\/\\\/zeromagazine.mx\\\/#organization\"},\"potentialAction\":[{\"@type\":\"SearchAction\",\"target\":{\"@type\":\"EntryPoint\",\"urlTemplate\":\"https:\\\/\\\/zeromagazine.mx\\\/?s={search_term_string}\"},\"query-input\":{\"@type\":\"PropertyValueSpecification\",\"valueRequired\":true,\"valueName\":\"search_term_string\"}}],\"inLanguage\":\"es\"},{\"@type\":\"Organization\",\"@id\":\"https:\\\/\\\/zeromagazine.mx\\\/#organization\",\"name\":\"Zero Magazine\",\"url\":\"https:\\\/\\\/zeromagazine.mx\\\/\",\"logo\":{\"@type\":\"ImageObject\",\"inLanguage\":\"es\",\"@id\":\"https:\\\/\\\/zeromagazine.mx\\\/#\\\/schema\\\/logo\\\/image\\\/\",\"url\":\"https:\\\/\\\/i0.wp.com\\\/zeromagazine.mx\\\/wp-content\\\/uploads\\\/2025\\\/11\\\/1.jpeg?fit=1000%2C1000&ssl=1\",\"contentUrl\":\"https:\\\/\\\/i0.wp.com\\\/zeromagazine.mx\\\/wp-content\\\/uploads\\\/2025\\\/11\\\/1.jpeg?fit=1000%2C1000&ssl=1\",\"width\":1000,\"height\":1000,\"caption\":\"Zero Magazine\"},\"image\":{\"@id\":\"https:\\\/\\\/zeromagazine.mx\\\/#\\\/schema\\\/logo\\\/image\\\/\"},\"sameAs\":[\"https:\\\/\\\/instagram.com\\\/zeromagazinemx\"]},{\"@type\":\"Person\",\"@id\":\"https:\\\/\\\/zeromagazine.mx\\\/#\\\/schema\\\/person\\\/9f7f1a17c60ba8e9980e3e6677aabe5a\",\"name\":\"David Morales\",\"image\":{\"@type\":\"ImageObject\",\"inLanguage\":\"es\",\"@id\":\"https:\\\/\\\/zeromagazine.mx\\\/wp-content\\\/litespeed\\\/avatar\\\/76069d2136bfc1c37dc34815bb67ca42.jpg?ver=1776966186\",\"url\":\"https:\\\/\\\/zeromagazine.mx\\\/wp-content\\\/litespeed\\\/avatar\\\/76069d2136bfc1c37dc34815bb67ca42.jpg?ver=1776966186\",\"contentUrl\":\"https:\\\/\\\/zeromagazine.mx\\\/wp-content\\\/litespeed\\\/avatar\\\/76069d2136bfc1c37dc34815bb67ca42.jpg?ver=1776966186\",\"caption\":\"David Morales\"},\"url\":\"https:\\\/\\\/zeromagazine.mx\\\/index.php\\\/author\\\/david\\\/\"}]}<\/script>\n<!-- \/ Yoast SEO plugin. -->","yoast_head_json":{"title":"La Cantadera: karaoke, show y fiesta en una experiencia \u00fanica en la CDMX - Zero Magazine","description":"La Cantadera CDMX: karaoke, show en vivo y fiesta en una experiencia \u00fanica para cantar y celebrar en la ciudad.","robots":{"index":"index","follow":"follow","max-snippet":"max-snippet:-1","max-image-preview":"max-image-preview:large","max-video-preview":"max-video-preview:-1"},"canonical":"https:\/\/zeromagazine.mx\/index.php\/2026\/04\/27\/la-cantadera-cdmx-karaoke-show\/","og_locale":"es_ES","og_type":"article","og_title":"La Cantadera: karaoke, show y fiesta en una experiencia \u00fanica en la CDMX - Zero Magazine","og_description":"La Cantadera CDMX: karaoke, show en vivo y fiesta en una experiencia \u00fanica para cantar y celebrar en la ciudad.","og_url":"https:\/\/zeromagazine.mx\/index.php\/2026\/04\/27\/la-cantadera-cdmx-karaoke-show\/","og_site_name":"Zero Magazine","article_published_time":"2026-04-27T23:45:39+00:00","article_modified_time":"2026-04-27T23:47:26+00:00","og_image":[{"width":1940,"height":2560,"url":"http:\/\/zeromagazine.mx\/wp-content\/uploads\/2026\/04\/La-Cantadera-scaled.jpeg","type":"image\/jpeg"}],"author":"David Morales","twitter_card":"summary_large_image","twitter_misc":{"Escrito por":"David Morales","Tiempo de lectura":"4 minutos"},"schema":{"@context":"https:\/\/schema.org","@graph":[{"@type":"Article","@id":"https:\/\/zeromagazine.mx\/index.php\/2026\/04\/27\/la-cantadera-cdmx-karaoke-show\/#article","isPartOf":{"@id":"https:\/\/zeromagazine.mx\/index.php\/2026\/04\/27\/la-cantadera-cdmx-karaoke-show\/"},"author":{"name":"David Morales","@id":"https:\/\/zeromagazine.mx\/#\/schema\/person\/9f7f1a17c60ba8e9980e3e6677aabe5a"},"headline":"La Cantadera: karaoke, show y fiesta en una experiencia \u00fanica en la CDMX","datePublished":"2026-04-27T23:45:39+00:00","dateModified":"2026-04-27T23:47:26+00:00","mainEntityOfPage":{"@id":"https:\/\/zeromagazine.mx\/index.php\/2026\/04\/27\/la-cantadera-cdmx-karaoke-show\/"},"wordCount":565,"commentCount":0,"publisher":{"@id":"https:\/\/zeromagazine.mx\/#organization"},"image":{"@id":"https:\/\/zeromagazine.mx\/index.php\/2026\/04\/27\/la-cantadera-cdmx-karaoke-show\/#primaryimage"},"thumbnailUrl":"https:\/\/i0.wp.com\/zeromagazine.mx\/wp-content\/uploads\/2026\/04\/La-Cantadera-scaled.jpeg?fit=1940%2C2560&ssl=1","articleSection":["Blog","Entretenimiento","Teatro"],"inLanguage":"es","potentialAction":[{"@type":"CommentAction","name":"Comment","target":["https:\/\/zeromagazine.mx\/index.php\/2026\/04\/27\/la-cantadera-cdmx-karaoke-show\/#respond"]}]},{"@type":"WebPage","@id":"https:\/\/zeromagazine.mx\/index.php\/2026\/04\/27\/la-cantadera-cdmx-karaoke-show\/","url":"https:\/\/zeromagazine.mx\/index.php\/2026\/04\/27\/la-cantadera-cdmx-karaoke-show\/","name":"La Cantadera: karaoke, show y fiesta en una experiencia \u00fanica en la CDMX - Zero Magazine","isPartOf":{"@id":"https:\/\/zeromagazine.mx\/#website"},"primaryImageOfPage":{"@id":"https:\/\/zeromagazine.mx\/index.php\/2026\/04\/27\/la-cantadera-cdmx-karaoke-show\/#primaryimage"},"image":{"@id":"https:\/\/zeromagazine.mx\/index.php\/2026\/04\/27\/la-cantadera-cdmx-karaoke-show\/#primaryimage"},"thumbnailUrl":"https:\/\/i0.wp.com\/zeromagazine.mx\/wp-content\/uploads\/2026\/04\/La-Cantadera-scaled.jpeg?fit=1940%2C2560&ssl=1","datePublished":"2026-04-27T23:45:39+00:00","dateModified":"2026-04-27T23:47:26+00:00","description":"La Cantadera CDMX: karaoke, show en vivo y fiesta en una experiencia \u00fanica para cantar y celebrar en la ciudad.","breadcrumb":{"@id":"https:\/\/zeromagazine.mx\/index.php\/2026\/04\/27\/la-cantadera-cdmx-karaoke-show\/#breadcrumb"},"inLanguage":"es","potentialAction":[{"@type":"ReadAction","target":["https:\/\/zeromagazine.mx\/index.php\/2026\/04\/27\/la-cantadera-cdmx-karaoke-show\/"]}]},{"@type":"ImageObject","inLanguage":"es","@id":"https:\/\/zeromagazine.mx\/index.php\/2026\/04\/27\/la-cantadera-cdmx-karaoke-show\/#primaryimage","url":"https:\/\/i0.wp.com\/zeromagazine.mx\/wp-content\/uploads\/2026\/04\/La-Cantadera-scaled.jpeg?fit=1940%2C2560&ssl=1","contentUrl":"https:\/\/i0.wp.com\/zeromagazine.mx\/wp-content\/uploads\/2026\/04\/La-Cantadera-scaled.jpeg?fit=1940%2C2560&ssl=1","width":1940,"height":2560},{"@type":"BreadcrumbList","@id":"https:\/\/zeromagazine.mx\/index.php\/2026\/04\/27\/la-cantadera-cdmx-karaoke-show\/#breadcrumb","itemListElement":[{"@type":"ListItem","position":1,"name":"Portada","item":"https:\/\/zeromagazine.mx\/"},{"@type":"ListItem","position":2,"name":"La Cantadera: karaoke, show y fiesta en una experiencia \u00fanica en la CDMX"}]},{"@type":"WebSite","@id":"https:\/\/zeromagazine.mx\/#website","url":"https:\/\/zeromagazine.mx\/","name":"Zero Magazine","description":"","publisher":{"@id":"https:\/\/zeromagazine.mx\/#organization"},"potentialAction":[{"@type":"SearchAction","target":{"@type":"EntryPoint","urlTemplate":"https:\/\/zeromagazine.mx\/?s={search_term_string}"},"query-input":{"@type":"PropertyValueSpecification","valueRequired":true,"valueName":"search_term_string"}}],"inLanguage":"es"},{"@type":"Organization","@id":"https:\/\/zeromagazine.mx\/#organization","name":"Zero Magazine","url":"https:\/\/zeromagazine.mx\/","logo":{"@type":"ImageObject","inLanguage":"es","@id":"https:\/\/zeromagazine.mx\/#\/schema\/logo\/image\/","url":"https:\/\/i0.wp.com\/zeromagazine.mx\/wp-content\/uploads\/2025\/11\/1.jpeg?fit=1000%2C1000&ssl=1","contentUrl":"https:\/\/i0.wp.com\/zeromagazine.mx\/wp-content\/uploads\/2025\/11\/1.jpeg?fit=1000%2C1000&ssl=1","width":1000,"height":1000,"caption":"Zero Magazine"},"image":{"@id":"https:\/\/zeromagazine.mx\/#\/schema\/logo\/image\/"},"sameAs":["https:\/\/instagram.com\/zeromagazinemx"]},{"@type":"Person","@id":"https:\/\/zeromagazine.mx\/#\/schema\/person\/9f7f1a17c60ba8e9980e3e6677aabe5a","name":"David Morales","image":{"@type":"ImageObject","inLanguage":"es","@id":"https:\/\/zeromagazine.mx\/wp-content\/litespeed\/avatar\/76069d2136bfc1c37dc34815bb67ca42.jpg?ver=1776966186","url":"https:\/\/zeromagazine.mx\/wp-content\/litespeed\/avatar\/76069d2136bfc1c37dc34815bb67ca42.jpg?ver=1776966186","contentUrl":"https:\/\/zeromagazine.mx\/wp-content\/litespeed\/avatar\/76069d2136bfc1c37dc34815bb67ca42.jpg?ver=1776966186","caption":"David Morales"},"url":"https:\/\/zeromagazine.mx\/index.php\/author\/david\/"}]}},"jetpack_publicize_connections":[],"jetpack_featured_media_url":"https:\/\/i0.wp.com\/zeromagazine.mx\/wp-content\/uploads\/2026\/04\/La-Cantadera-scaled.jpeg?fit=1940%2C2560&ssl=1","jetpack-related-posts":[{"id":108962,"url":"https:\/\/zeromagazine.mx\/index.php\/2025\/09\/24\/el-comedor-de-los-milagros-karaoke\/","url_meta":{"origin":119552,"position":0},"title":"El Comedor de los Milagros: Karaoke, sabores y adrenalina","author":"David Morales","date":"24 de septiembre de 2025","format":false,"excerpt":"Ir a\u00a0El Comedor de los Milagros\u00a0en la Roma Sur no es solo comer, es vivir Latinoam\u00e9rica en un mismo lugar. Su propuesta de cocina re\u00fane lo mejor de 6 pa\u00edses en un ambiente lleno de murales, m\u00fasica y energ\u00eda. Pero si de verdad quieres vivir la experiencia completa, tienes que\u2026","rel":"","context":"En \u00abBlog\u00bb","block_context":{"text":"Blog","link":"https:\/\/zeromagazine.mx\/index.php\/category\/blog\/"},"img":{"alt_text":"","src":"https:\/\/i0.wp.com\/zeromagazine.mx\/wp-content\/uploads\/2025\/09\/IMG_6331.jpeg?fit=1117%2C808&ssl=1&resize=350%2C200","width":350,"height":200,"srcset":"https:\/\/i0.wp.com\/zeromagazine.mx\/wp-content\/uploads\/2025\/09\/IMG_6331.jpeg?fit=1117%2C808&ssl=1&resize=350%2C200 1x, https:\/\/i0.wp.com\/zeromagazine.mx\/wp-content\/uploads\/2025\/09\/IMG_6331.jpeg?fit=1117%2C808&ssl=1&resize=525%2C300 1.5x, https:\/\/i0.wp.com\/zeromagazine.mx\/wp-content\/uploads\/2025\/09\/IMG_6331.jpeg?fit=1117%2C808&ssl=1&resize=700%2C400 2x, https:\/\/i0.wp.com\/zeromagazine.mx\/wp-content\/uploads\/2025\/09\/IMG_6331.jpeg?fit=1117%2C808&ssl=1&resize=1050%2C600 3x"},"classes":[]},{"id":105520,"url":"https:\/\/zeromagazine.mx\/index.php\/2025\/06\/03\/alive-una-fiesta-en-el-tiempo\/","url_meta":{"origin":119552,"position":1},"title":"ALIVE Una Fiesta En El Tiempo","author":"zeromagazinemx","date":"3 de junio de 2025","format":false,"excerpt":"ALIVE: La nostalgia se baila En esta ciudad que nunca duerme, todos buscamos algo que nos saque de la rutina y nos haga sentir vivos. Y justo ah\u00ed entra ALIVE, el rave m\u00e1s emocional de la CDMX. S\u00ed, as\u00ed como lo lees: emociones, luces, beats y canciones que marcaron tu\u2026","rel":"","context":"En \u00abCultura\u00bb","block_context":{"text":"Cultura","link":"https:\/\/zeromagazine.mx\/index.php\/category\/cultura\/"},"img":{"alt_text":"","src":"https:\/\/i0.wp.com\/zeromagazine.mx\/wp-content\/uploads\/2025\/06\/Alive-2.jpeg?fit=1200%2C900&ssl=1&resize=350%2C200","width":350,"height":200,"srcset":"https:\/\/i0.wp.com\/zeromagazine.mx\/wp-content\/uploads\/2025\/06\/Alive-2.jpeg?fit=1200%2C900&ssl=1&resize=350%2C200 1x, https:\/\/i0.wp.com\/zeromagazine.mx\/wp-content\/uploads\/2025\/06\/Alive-2.jpeg?fit=1200%2C900&ssl=1&resize=525%2C300 1.5x, https:\/\/i0.wp.com\/zeromagazine.mx\/wp-content\/uploads\/2025\/06\/Alive-2.jpeg?fit=1200%2C900&ssl=1&resize=700%2C400 2x, https:\/\/i0.wp.com\/zeromagazine.mx\/wp-content\/uploads\/2025\/06\/Alive-2.jpeg?fit=1200%2C900&ssl=1&resize=1050%2C600 3x"},"classes":[]},{"id":106291,"url":"https:\/\/zeromagazine.mx\/index.php\/2025\/06\/26\/alive-pride-la-fiesta-que-ilumina-el-cielo\/","url_meta":{"origin":119552,"position":2},"title":"Alive Pride, la fiesta que ilumina el cielo de la CDMX","author":"David Morales","date":"26 de junio de 2025","format":false,"excerpt":"Amix la neta, no hay nada m\u00e1s ic\u00f3nico que celebrar el orgullo siendo t\u00fa misme, libre, amando sin miedo y gritando qui\u00e9n eres al universo. Y si encima lo haces desde el piso 25 con la CDMX iluminada a tus pies\u2026 \u00a1uff! Entonces llegaste a Alive Pride, la fiesta m\u00e1s\u2026","rel":"","context":"En \u00abCultura\u00bb","block_context":{"text":"Cultura","link":"https:\/\/zeromagazine.mx\/index.php\/category\/cultura\/"},"img":{"alt_text":"","src":"https:\/\/i0.wp.com\/zeromagazine.mx\/wp-content\/uploads\/2025\/06\/ALIVE-6.png?fit=1200%2C800&ssl=1&resize=350%2C200","width":350,"height":200,"srcset":"https:\/\/i0.wp.com\/zeromagazine.mx\/wp-content\/uploads\/2025\/06\/ALIVE-6.png?fit=1200%2C800&ssl=1&resize=350%2C200 1x, https:\/\/i0.wp.com\/zeromagazine.mx\/wp-content\/uploads\/2025\/06\/ALIVE-6.png?fit=1200%2C800&ssl=1&resize=525%2C300 1.5x, https:\/\/i0.wp.com\/zeromagazine.mx\/wp-content\/uploads\/2025\/06\/ALIVE-6.png?fit=1200%2C800&ssl=1&resize=700%2C400 2x, https:\/\/i0.wp.com\/zeromagazine.mx\/wp-content\/uploads\/2025\/06\/ALIVE-6.png?fit=1200%2C800&ssl=1&resize=1050%2C600 3x"},"classes":[]},{"id":109454,"url":"https:\/\/zeromagazine.mx\/index.php\/2025\/10\/02\/jbl-pop-up-store\/","url_meta":{"origin":119552,"position":3},"title":"JBL Pop-Up Store: donde el sonido se vuelve plan","author":"Luis Trujano","date":"2 de octubre de 2025","format":false,"excerpt":"Hay experiencias que se escuchan, y otras que se sienten. La nueva JBL Pop-Up Store llega a la CDMX para demostrar que el audio puede ser toda una aventura. Por primera vez, la marca abre un espacio temporal dentro de Liverpool Interlomas \u2014disponible del 29 de septiembre al 29 de\u2026","rel":"","context":"En \u00abBlog\u00bb","block_context":{"text":"Blog","link":"https:\/\/zeromagazine.mx\/index.php\/category\/blog\/"},"img":{"alt_text":"","src":"https:\/\/i0.wp.com\/zeromagazine.mx\/wp-content\/uploads\/2025\/10\/1000062009.jpg?fit=900%2C1200&ssl=1&resize=350%2C200","width":350,"height":200,"srcset":"https:\/\/i0.wp.com\/zeromagazine.mx\/wp-content\/uploads\/2025\/10\/1000062009.jpg?fit=900%2C1200&ssl=1&resize=350%2C200 1x, https:\/\/i0.wp.com\/zeromagazine.mx\/wp-content\/uploads\/2025\/10\/1000062009.jpg?fit=900%2C1200&ssl=1&resize=525%2C300 1.5x, https:\/\/i0.wp.com\/zeromagazine.mx\/wp-content\/uploads\/2025\/10\/1000062009.jpg?fit=900%2C1200&ssl=1&resize=700%2C400 2x"},"classes":[]},{"id":106979,"url":"https:\/\/zeromagazine.mx\/index.php\/2025\/07\/28\/power-block-bocinas-portatiles\/","url_meta":{"origin":119552,"position":4},"title":"Power Block: la bocina que prende la fiesta","author":"David Morales","date":"28 de julio de 2025","format":false,"excerpt":"Este verano, que no te falte ni m\u00fasica ni potencia. Las bocinas Power Block llegaron para prender el ambiente desde el primer beat, con un sonido tan potente que no hay pretexto para que tu fiesta se quede a medias. No importa si est\u00e1s organizando un karaoke improvisado, un asado\u2026","rel":"","context":"En \u00abTech\u00bb","block_context":{"text":"Tech","link":"https:\/\/zeromagazine.mx\/index.php\/category\/tech\/"},"img":{"alt_text":"","src":"https:\/\/i0.wp.com\/zeromagazine.mx\/wp-content\/uploads\/2025\/07\/FOTO-10.webp?fit=1000%2C1000&ssl=1&resize=350%2C200","width":350,"height":200,"srcset":"https:\/\/i0.wp.com\/zeromagazine.mx\/wp-content\/uploads\/2025\/07\/FOTO-10.webp?fit=1000%2C1000&ssl=1&resize=350%2C200 1x, https:\/\/i0.wp.com\/zeromagazine.mx\/wp-content\/uploads\/2025\/07\/FOTO-10.webp?fit=1000%2C1000&ssl=1&resize=525%2C300 1.5x, https:\/\/i0.wp.com\/zeromagazine.mx\/wp-content\/uploads\/2025\/07\/FOTO-10.webp?fit=1000%2C1000&ssl=1&resize=700%2C400 2x"},"classes":[]},{"id":83286,"url":"https:\/\/zeromagazine.mx\/index.php\/2024\/09\/05\/technoboys-el-regreso-epico\/","url_meta":{"origin":119552,"position":5},"title":"\u00ab\u00a1Technoboys: El Regreso \u00c9pico!\u00bb","author":"zeromagazinemx","date":"5 de septiembre de 2024","format":false,"excerpt":"Prep\u00e1rense para una mega dosis de nostalgia noventera porque\u00a0Technoboys\u00a0est\u00e1 a punto de hacer su regreso triunfal, y es m\u00e1s \u00e9pico de lo que podr\u00edas imaginar.\u00a0La nueva pel\u00edcula de este ic\u00f3nico grupo de boyband est\u00e1 a punto de aterrizar en Netflix el 11 de septiembre, y ya se siente la vibra\u2026","rel":"","context":"En \u00abEntretenimiento\u00bb","block_context":{"text":"Entretenimiento","link":"https:\/\/zeromagazine.mx\/index.php\/category\/entretenimiento\/"},"img":{"alt_text":"","src":"https:\/\/i0.wp.com\/zeromagazine.mx\/wp-content\/uploads\/2024\/09\/00-TB_EVENT2024_JH_199.jpg?fit=1200%2C751&ssl=1&resize=350%2C200","width":350,"height":200,"srcset":"https:\/\/i0.wp.com\/zeromagazine.mx\/wp-content\/uploads\/2024\/09\/00-TB_EVENT2024_JH_199.jpg?fit=1200%2C751&ssl=1&resize=350%2C200 1x, https:\/\/i0.wp.com\/zeromagazine.mx\/wp-content\/uploads\/2024\/09\/00-TB_EVENT2024_JH_199.jpg?fit=1200%2C751&ssl=1&resize=525%2C300 1.5x, https:\/\/i0.wp.com\/zeromagazine.mx\/wp-content\/uploads\/2024\/09\/00-TB_EVENT2024_JH_199.jpg?fit=1200%2C751&ssl=1&resize=700%2C400 2x, https:\/\/i0.wp.com\/zeromagazine.mx\/wp-content\/uploads\/2024\/09\/00-TB_EVENT2024_JH_199.jpg?fit=1200%2C751&ssl=1&resize=1050%2C600 3x"},"classes":[]}],"jetpack_sharing_enabled":true,"builder_content":"","_links":{"self":[{"href":"https:\/\/zeromagazine.mx\/index.php\/wp-json\/wp\/v2\/posts\/119552","targetHints":{"allow":["GET"]}}],"collection":[{"href":"https:\/\/zeromagazine.mx\/index.php\/wp-json\/wp\/v2\/posts"}],"about":[{"href":"https:\/\/zeromagazine.mx\/index.php\/wp-json\/wp\/v2\/types\/post"}],"author":[{"embeddable":true,"href":"https:\/\/zeromagazine.mx\/index.php\/wp-json\/wp\/v2\/users\/4"}],"replies":[{"embeddable":true,"href":"https:\/\/zeromagazine.mx\/index.php\/wp-json\/wp\/v2\/comments?post=119552"}],"version-history":[{"count":4,"href":"https:\/\/zeromagazine.mx\/index.php\/wp-json\/wp\/v2\/posts\/119552\/revisions"}],"predecessor-version":[{"id":119560,"href":"https:\/\/zeromagazine.mx\/index.php\/wp-json\/wp\/v2\/posts\/119552\/revisions\/119560"}],"wp:featuredmedia":[{"embeddable":true,"href":"https:\/\/zeromagazine.mx\/index.php\/wp-json\/wp\/v2\/media\/119553"}],"wp:attachment":[{"href":"https:\/\/zeromagazine.mx\/index.php\/wp-json\/wp\/v2\/media?parent=119552"}],"wp:term":[{"taxonomy":"category","embeddable":true,"href":"https:\/\/zeromagazine.mx\/index.php\/wp-json\/wp\/v2\/categories?post=119552"},{"taxonomy":"post_tag","embeddable":true,"href":"https:\/\/zeromagazine.mx\/index.php\/wp-json\/wp\/v2\/tags?post=119552"}],"curies":[{"name":"wp","href":"https:\/\/api.w.org\/{rel}","templated":true}]}}