{"id":119579,"date":"2026-04-27T23:55:20","date_gmt":"2026-04-28T05:55:20","guid":{"rendered":"https:\/\/zeromagazine.mx\/?p=119579"},"modified":"2026-04-27T23:55:21","modified_gmt":"2026-04-28T05:55:21","slug":"jeans-roccia-zegna-denim-lujo","status":"publish","type":"post","link":"https:\/\/zeromagazine.mx\/index.php\/2026\/04\/27\/jeans-roccia-zegna-denim-lujo\/","title":{"rendered":"Jeans Roccia ZEGNA: denim elevado"},"content":{"rendered":"<!--themify_builder_content-->\n<div id=\"themify_builder_content-119579\" data-postid=\"119579\" class=\"themify_builder_content themify_builder_content-119579 themify_builder tf_clear\">\n    <\/div>\n<!--\/themify_builder_content-->\n\n\n<p>Si pensabas que el denim ya no pod\u00eda sorprenderte, <a href=\"\/\/generic-entity?number=0\">ZEGNA<\/a> acaba de cambiar la narrativa. Los jeans Roccia ZEGNA no vienen a competir con tus b\u00e1sicos\u2026 vienen a reemplazarlos. Porque esto no es solo mezclilla, es sastrer\u00eda disfrazada de algo casual.<\/p>\n\n\n\n<figure class=\"wp-block-image size-full\"><img data-recalc-dims=\"1\" decoding=\"async\" width=\"1165\" height=\"1553\" src=\"https:\/\/i0.wp.com\/zeromagazine.mx\/wp-content\/uploads\/2026\/04\/IMG_6732.jpeg?resize=1165%2C1553&#038;ssl=1\" alt=\"\" class=\"wp-image-119580\" srcset=\"https:\/\/i0.wp.com\/zeromagazine.mx\/wp-content\/uploads\/2026\/04\/IMG_6732.jpeg?w=1440&amp;ssl=1 1440w, https:\/\/i0.wp.com\/zeromagazine.mx\/wp-content\/uploads\/2026\/04\/IMG_6732.jpeg?resize=225%2C300&amp;ssl=1 225w, https:\/\/i0.wp.com\/zeromagazine.mx\/wp-content\/uploads\/2026\/04\/IMG_6732.jpeg?resize=768%2C1024&amp;ssl=1 768w, https:\/\/i0.wp.com\/zeromagazine.mx\/wp-content\/uploads\/2026\/04\/IMG_6732.jpeg?resize=1152%2C1536&amp;ssl=1 1152w\" sizes=\"(max-width: 1165px) 100vw, 1165px\" \/><\/figure>\n\n\n\n<p>Adem\u00e1s, hay algo muy claro aqu\u00ed: el lujo ya no se trata de lo r\u00edgido o lo inalcanzable, sino de c\u00f3mo se integra a tu rutina sin hacer ruido. Y justo ah\u00ed es donde estos jeans entran perfecto. Se sienten elevados, pero no exagerados. Refinados, pero cero pretenciosos.<\/p>\n\n\n\n<p><strong>Jeans Roccia ZEGNA redefinen el denim<\/strong><\/p>\n\n\n\n<p>Primero, el fit. Aqu\u00ed no hay espacio para errores. Los jeans Roccia ZEGNA est\u00e1n dise\u00f1ados con una precisi\u00f3n que normalmente solo ver\u00edas en pantalones de vestir. Cortes slim, rectos y proporciones limpias que estilizan sin hacerte sentir inc\u00f3modo. Es ese tipo de fit que te hace verte m\u00e1s estructurado sin sacrificar movilidad.<\/p>\n\n\n\n<figure class=\"wp-block-image size-full\"><img data-recalc-dims=\"1\" decoding=\"async\" width=\"720\" height=\"960\" src=\"https:\/\/i0.wp.com\/zeromagazine.mx\/wp-content\/uploads\/2026\/04\/IMG_6734.jpeg?resize=720%2C960&#038;ssl=1\" alt=\"\" class=\"wp-image-119581\" srcset=\"https:\/\/i0.wp.com\/zeromagazine.mx\/wp-content\/uploads\/2026\/04\/IMG_6734.jpeg?w=720&amp;ssl=1 720w, https:\/\/i0.wp.com\/zeromagazine.mx\/wp-content\/uploads\/2026\/04\/IMG_6734.jpeg?resize=225%2C300&amp;ssl=1 225w\" sizes=\"(max-width: 720px) 100vw, 720px\" \/><\/figure>\n\n\n\n<p>Luego, el material hace todo el trabajo silencioso. Algod\u00f3n de alta calidad, acabados stone-wash que le dan profundidad visual y ese efecto \u201cya vivido\u201d pero en versi\u00f3n pulida. Es como si ya fueran tus jeans favoritos\u2026 pero mejorados.<\/p>\n\n\n\n<p>Tambi\u00e9n, los detalles cuentan (y mucho). La cl\u00e1sica construcci\u00f3n de cinco bolsillos, cierres impecables y acabados definidos hacen que cada pieza se sienta intencional. Nada est\u00e1 ah\u00ed por accidente. Todo suma a una est\u00e9tica que se mueve entre lo funcional y lo sofisticado.<\/p>\n\n\n\n<p><strong>Jeans Roccia ZEGNA y el nuevo lujo relajado<\/strong><\/p>\n\n\n\n<p>Por otro lado, lo m\u00e1s interesante de los jeans Roccia ZEGNA es c\u00f3mo encajan en diferentes escenarios sin esfuerzo. Puedes usarlos con una camisa relajada para un plan casual o elevarlos con un look m\u00e1s estructurado sin que se sientan fuera de lugar. Son ese punto medio perfecto que todos estamos buscando.<\/p>\n\n\n\n<figure class=\"wp-block-image size-full\"><img data-recalc-dims=\"1\" decoding=\"async\" width=\"720\" height=\"960\" src=\"https:\/\/i0.wp.com\/zeromagazine.mx\/wp-content\/uploads\/2026\/04\/IMG_6733.jpeg?resize=720%2C960&#038;ssl=1\" alt=\"\" class=\"wp-image-119582\" srcset=\"https:\/\/i0.wp.com\/zeromagazine.mx\/wp-content\/uploads\/2026\/04\/IMG_6733.jpeg?w=720&amp;ssl=1 720w, https:\/\/i0.wp.com\/zeromagazine.mx\/wp-content\/uploads\/2026\/04\/IMG_6733.jpeg?resize=225%2C300&amp;ssl=1 225w\" sizes=\"(max-width: 720px) 100vw, 720px\" \/><\/figure>\n\n\n\n<p>Despu\u00e9s, est\u00e1 la inspiraci\u00f3n detr\u00e1s: el esp\u00edritu workwear mezclado con la esencia natural de Oasi Zegna. S\u00ed, suena profundo, pero en la pr\u00e1ctica se traduce en algo muy claro: ropa que aguanta el ritmo real de tu vida, pero con est\u00e9tica impecable.<\/p>\n\n\n\n<p>Igualmente, hay una intenci\u00f3n m\u00e1s grande detr\u00e1s de todo esto. La marca lleva a\u00f1os construyendo una visi\u00f3n donde la calidad, la trazabilidad y el respeto por el entorno no son opcionales. Y aunque no lo veas a simple vista, est\u00e1 presente en cada fibra.<\/p>\n\n\n\n<p>Finalmente, los jeans Roccia ZEGNA dejan algo claro: el denim ya no es solo un b\u00e1sico. Es una declaraci\u00f3n silenciosa. Es elegir piezas que funcionan en todos los niveles \u2014est\u00e9tico, pr\u00e1ctico y hasta emocional\u2014 sin tener que pensarlo demasiado.<\/p>","protected":false},"excerpt":{"rendered":"<p>Si pensabas que el denim ya no pod\u00eda sorprenderte, ZEGNA acaba de cambiar la narrativa. Los jeans Roccia ZEGNA no vienen a competir con tus b\u00e1sicos\u2026 vienen a reemplazarlos. Porque esto no es solo mezclilla, es sastrer\u00eda disfrazada de algo casual. Adem\u00e1s, hay algo muy claro aqu\u00ed: el lujo ya no se trata de lo [&hellip;]<\/p>\n","protected":false},"author":6,"featured_media":119582,"comment_status":"open","ping_status":"open","sticky":false,"template":"","format":"standard","meta":{"_jetpack_memberships_contains_paid_content":false,"footnotes":"","jetpack_publicize_message":"","jetpack_publicize_feature_enabled":true,"jetpack_social_post_already_shared":true,"jetpack_social_options":{"image_generator_settings":{"template":"highway","default_image_id":0,"font":"","enabled":false},"version":2}},"categories":[67],"tags":[],"class_list":["post-119579","post","type-post","status-publish","format-standard","has-post-thumbnail","hentry","category-moda","has-post-title","has-post-date","has-post-category","has-post-tag","has-post-comment","has-post-author",""],"yoast_head":"<!-- This site is optimized with the Yoast SEO plugin v27.4 - https:\/\/yoast.com\/product\/yoast-seo-wordpress\/ -->\n<title>Jeans Roccia ZEGNA: denim elevado - Zero Magazine<\/title>\n<meta name=\"description\" content=\"Jeans Roccia ZEGNA redefine el denim con fits precisos, lujo relajado y estilo vers\u00e1til para el d\u00eda a d\u00eda.\" \/>\n<meta name=\"robots\" content=\"index, follow, max-snippet:-1, max-image-preview:large, max-video-preview:-1\" \/>\n<link rel=\"canonical\" href=\"https:\/\/zeromagazine.mx\/index.php\/2026\/04\/27\/jeans-roccia-zegna-denim-lujo\/\" \/>\n<meta property=\"og:locale\" content=\"es_ES\" \/>\n<meta property=\"og:type\" content=\"article\" \/>\n<meta property=\"og:title\" content=\"Jeans Roccia ZEGNA: denim elevado - Zero Magazine\" \/>\n<meta property=\"og:description\" content=\"Jeans Roccia ZEGNA redefine el denim con fits precisos, lujo relajado y estilo vers\u00e1til para el d\u00eda a d\u00eda.\" \/>\n<meta property=\"og:url\" content=\"https:\/\/zeromagazine.mx\/index.php\/2026\/04\/27\/jeans-roccia-zegna-denim-lujo\/\" \/>\n<meta property=\"og:site_name\" content=\"Zero Magazine\" \/>\n<meta property=\"article:published_time\" content=\"2026-04-28T05:55:20+00:00\" \/>\n<meta property=\"article:modified_time\" content=\"2026-04-28T05:55:21+00:00\" \/>\n<meta property=\"og:image\" content=\"http:\/\/zeromagazine.mx\/wp-content\/uploads\/2026\/04\/IMG_6733.jpeg\" \/>\n\t<meta property=\"og:image:width\" content=\"720\" \/>\n\t<meta property=\"og:image:height\" content=\"960\" \/>\n\t<meta property=\"og:image:type\" content=\"image\/jpeg\" \/>\n<meta name=\"author\" content=\"Luis Trujano\" \/>\n<meta name=\"twitter:card\" content=\"summary_large_image\" \/>\n<meta name=\"twitter:label1\" content=\"Escrito por\" \/>\n\t<meta name=\"twitter:data1\" content=\"Luis Trujano\" \/>\n\t<meta name=\"twitter:label2\" content=\"Tiempo de lectura\" \/>\n\t<meta name=\"twitter:data2\" content=\"3 minutos\" \/>\n<script type=\"application\/ld+json\" class=\"yoast-schema-graph\">{\"@context\":\"https:\\\/\\\/schema.org\",\"@graph\":[{\"@type\":\"Article\",\"@id\":\"https:\\\/\\\/zeromagazine.mx\\\/index.php\\\/2026\\\/04\\\/27\\\/jeans-roccia-zegna-denim-lujo\\\/#article\",\"isPartOf\":{\"@id\":\"https:\\\/\\\/zeromagazine.mx\\\/index.php\\\/2026\\\/04\\\/27\\\/jeans-roccia-zegna-denim-lujo\\\/\"},\"author\":{\"name\":\"Luis Trujano\",\"@id\":\"https:\\\/\\\/zeromagazine.mx\\\/#\\\/schema\\\/person\\\/118d2dc27eca6f07b968c953d12daa6b\"},\"headline\":\"Jeans Roccia ZEGNA: denim elevado\",\"datePublished\":\"2026-04-28T05:55:20+00:00\",\"dateModified\":\"2026-04-28T05:55:21+00:00\",\"mainEntityOfPage\":{\"@id\":\"https:\\\/\\\/zeromagazine.mx\\\/index.php\\\/2026\\\/04\\\/27\\\/jeans-roccia-zegna-denim-lujo\\\/\"},\"wordCount\":454,\"commentCount\":0,\"publisher\":{\"@id\":\"https:\\\/\\\/zeromagazine.mx\\\/#organization\"},\"image\":{\"@id\":\"https:\\\/\\\/zeromagazine.mx\\\/index.php\\\/2026\\\/04\\\/27\\\/jeans-roccia-zegna-denim-lujo\\\/#primaryimage\"},\"thumbnailUrl\":\"https:\\\/\\\/i0.wp.com\\\/zeromagazine.mx\\\/wp-content\\\/uploads\\\/2026\\\/04\\\/IMG_6733.jpeg?fit=720%2C960&ssl=1\",\"articleSection\":[\"Moda\"],\"inLanguage\":\"es\",\"potentialAction\":[{\"@type\":\"CommentAction\",\"name\":\"Comment\",\"target\":[\"https:\\\/\\\/zeromagazine.mx\\\/index.php\\\/2026\\\/04\\\/27\\\/jeans-roccia-zegna-denim-lujo\\\/#respond\"]}]},{\"@type\":\"WebPage\",\"@id\":\"https:\\\/\\\/zeromagazine.mx\\\/index.php\\\/2026\\\/04\\\/27\\\/jeans-roccia-zegna-denim-lujo\\\/\",\"url\":\"https:\\\/\\\/zeromagazine.mx\\\/index.php\\\/2026\\\/04\\\/27\\\/jeans-roccia-zegna-denim-lujo\\\/\",\"name\":\"Jeans Roccia ZEGNA: denim elevado - Zero Magazine\",\"isPartOf\":{\"@id\":\"https:\\\/\\\/zeromagazine.mx\\\/#website\"},\"primaryImageOfPage\":{\"@id\":\"https:\\\/\\\/zeromagazine.mx\\\/index.php\\\/2026\\\/04\\\/27\\\/jeans-roccia-zegna-denim-lujo\\\/#primaryimage\"},\"image\":{\"@id\":\"https:\\\/\\\/zeromagazine.mx\\\/index.php\\\/2026\\\/04\\\/27\\\/jeans-roccia-zegna-denim-lujo\\\/#primaryimage\"},\"thumbnailUrl\":\"https:\\\/\\\/i0.wp.com\\\/zeromagazine.mx\\\/wp-content\\\/uploads\\\/2026\\\/04\\\/IMG_6733.jpeg?fit=720%2C960&ssl=1\",\"datePublished\":\"2026-04-28T05:55:20+00:00\",\"dateModified\":\"2026-04-28T05:55:21+00:00\",\"description\":\"Jeans Roccia ZEGNA redefine el denim con fits precisos, lujo relajado y estilo vers\u00e1til para el d\u00eda a d\u00eda.\",\"breadcrumb\":{\"@id\":\"https:\\\/\\\/zeromagazine.mx\\\/index.php\\\/2026\\\/04\\\/27\\\/jeans-roccia-zegna-denim-lujo\\\/#breadcrumb\"},\"inLanguage\":\"es\",\"potentialAction\":[{\"@type\":\"ReadAction\",\"target\":[\"https:\\\/\\\/zeromagazine.mx\\\/index.php\\\/2026\\\/04\\\/27\\\/jeans-roccia-zegna-denim-lujo\\\/\"]}]},{\"@type\":\"ImageObject\",\"inLanguage\":\"es\",\"@id\":\"https:\\\/\\\/zeromagazine.mx\\\/index.php\\\/2026\\\/04\\\/27\\\/jeans-roccia-zegna-denim-lujo\\\/#primaryimage\",\"url\":\"https:\\\/\\\/i0.wp.com\\\/zeromagazine.mx\\\/wp-content\\\/uploads\\\/2026\\\/04\\\/IMG_6733.jpeg?fit=720%2C960&ssl=1\",\"contentUrl\":\"https:\\\/\\\/i0.wp.com\\\/zeromagazine.mx\\\/wp-content\\\/uploads\\\/2026\\\/04\\\/IMG_6733.jpeg?fit=720%2C960&ssl=1\",\"width\":720,\"height\":960},{\"@type\":\"BreadcrumbList\",\"@id\":\"https:\\\/\\\/zeromagazine.mx\\\/index.php\\\/2026\\\/04\\\/27\\\/jeans-roccia-zegna-denim-lujo\\\/#breadcrumb\",\"itemListElement\":[{\"@type\":\"ListItem\",\"position\":1,\"name\":\"Portada\",\"item\":\"https:\\\/\\\/zeromagazine.mx\\\/\"},{\"@type\":\"ListItem\",\"position\":2,\"name\":\"Jeans Roccia ZEGNA: denim elevado\"}]},{\"@type\":\"WebSite\",\"@id\":\"https:\\\/\\\/zeromagazine.mx\\\/#website\",\"url\":\"https:\\\/\\\/zeromagazine.mx\\\/\",\"name\":\"Zero Magazine\",\"description\":\"\",\"publisher\":{\"@id\":\"https:\\\/\\\/zeromagazine.mx\\\/#organization\"},\"potentialAction\":[{\"@type\":\"SearchAction\",\"target\":{\"@type\":\"EntryPoint\",\"urlTemplate\":\"https:\\\/\\\/zeromagazine.mx\\\/?s={search_term_string}\"},\"query-input\":{\"@type\":\"PropertyValueSpecification\",\"valueRequired\":true,\"valueName\":\"search_term_string\"}}],\"inLanguage\":\"es\"},{\"@type\":\"Organization\",\"@id\":\"https:\\\/\\\/zeromagazine.mx\\\/#organization\",\"name\":\"Zero Magazine\",\"url\":\"https:\\\/\\\/zeromagazine.mx\\\/\",\"logo\":{\"@type\":\"ImageObject\",\"inLanguage\":\"es\",\"@id\":\"https:\\\/\\\/zeromagazine.mx\\\/#\\\/schema\\\/logo\\\/image\\\/\",\"url\":\"https:\\\/\\\/i0.wp.com\\\/zeromagazine.mx\\\/wp-content\\\/uploads\\\/2025\\\/11\\\/1.jpeg?fit=1000%2C1000&ssl=1\",\"contentUrl\":\"https:\\\/\\\/i0.wp.com\\\/zeromagazine.mx\\\/wp-content\\\/uploads\\\/2025\\\/11\\\/1.jpeg?fit=1000%2C1000&ssl=1\",\"width\":1000,\"height\":1000,\"caption\":\"Zero Magazine\"},\"image\":{\"@id\":\"https:\\\/\\\/zeromagazine.mx\\\/#\\\/schema\\\/logo\\\/image\\\/\"},\"sameAs\":[\"https:\\\/\\\/instagram.com\\\/zeromagazinemx\"]},{\"@type\":\"Person\",\"@id\":\"https:\\\/\\\/zeromagazine.mx\\\/#\\\/schema\\\/person\\\/118d2dc27eca6f07b968c953d12daa6b\",\"name\":\"Luis Trujano\",\"image\":{\"@type\":\"ImageObject\",\"inLanguage\":\"es\",\"@id\":\"https:\\\/\\\/zeromagazine.mx\\\/wp-content\\\/litespeed\\\/avatar\\\/fbd9d1d6aa4d21e2bb5be8b3155046c9.jpg?ver=1776970654\",\"url\":\"https:\\\/\\\/zeromagazine.mx\\\/wp-content\\\/litespeed\\\/avatar\\\/fbd9d1d6aa4d21e2bb5be8b3155046c9.jpg?ver=1776970654\",\"contentUrl\":\"https:\\\/\\\/zeromagazine.mx\\\/wp-content\\\/litespeed\\\/avatar\\\/fbd9d1d6aa4d21e2bb5be8b3155046c9.jpg?ver=1776970654\",\"caption\":\"Luis Trujano\"},\"url\":\"https:\\\/\\\/zeromagazine.mx\\\/index.php\\\/author\\\/luis-trujano\\\/\"}]}<\/script>\n<!-- \/ Yoast SEO plugin. -->","yoast_head_json":{"title":"Jeans Roccia ZEGNA: denim elevado - Zero Magazine","description":"Jeans Roccia ZEGNA redefine el denim con fits precisos, lujo relajado y estilo vers\u00e1til para el d\u00eda a d\u00eda.","robots":{"index":"index","follow":"follow","max-snippet":"max-snippet:-1","max-image-preview":"max-image-preview:large","max-video-preview":"max-video-preview:-1"},"canonical":"https:\/\/zeromagazine.mx\/index.php\/2026\/04\/27\/jeans-roccia-zegna-denim-lujo\/","og_locale":"es_ES","og_type":"article","og_title":"Jeans Roccia ZEGNA: denim elevado - Zero Magazine","og_description":"Jeans Roccia ZEGNA redefine el denim con fits precisos, lujo relajado y estilo vers\u00e1til para el d\u00eda a d\u00eda.","og_url":"https:\/\/zeromagazine.mx\/index.php\/2026\/04\/27\/jeans-roccia-zegna-denim-lujo\/","og_site_name":"Zero Magazine","article_published_time":"2026-04-28T05:55:20+00:00","article_modified_time":"2026-04-28T05:55:21+00:00","og_image":[{"width":720,"height":960,"url":"http:\/\/zeromagazine.mx\/wp-content\/uploads\/2026\/04\/IMG_6733.jpeg","type":"image\/jpeg"}],"author":"Luis Trujano","twitter_card":"summary_large_image","twitter_misc":{"Escrito por":"Luis Trujano","Tiempo de lectura":"3 minutos"},"schema":{"@context":"https:\/\/schema.org","@graph":[{"@type":"Article","@id":"https:\/\/zeromagazine.mx\/index.php\/2026\/04\/27\/jeans-roccia-zegna-denim-lujo\/#article","isPartOf":{"@id":"https:\/\/zeromagazine.mx\/index.php\/2026\/04\/27\/jeans-roccia-zegna-denim-lujo\/"},"author":{"name":"Luis Trujano","@id":"https:\/\/zeromagazine.mx\/#\/schema\/person\/118d2dc27eca6f07b968c953d12daa6b"},"headline":"Jeans Roccia ZEGNA: denim elevado","datePublished":"2026-04-28T05:55:20+00:00","dateModified":"2026-04-28T05:55:21+00:00","mainEntityOfPage":{"@id":"https:\/\/zeromagazine.mx\/index.php\/2026\/04\/27\/jeans-roccia-zegna-denim-lujo\/"},"wordCount":454,"commentCount":0,"publisher":{"@id":"https:\/\/zeromagazine.mx\/#organization"},"image":{"@id":"https:\/\/zeromagazine.mx\/index.php\/2026\/04\/27\/jeans-roccia-zegna-denim-lujo\/#primaryimage"},"thumbnailUrl":"https:\/\/i0.wp.com\/zeromagazine.mx\/wp-content\/uploads\/2026\/04\/IMG_6733.jpeg?fit=720%2C960&ssl=1","articleSection":["Moda"],"inLanguage":"es","potentialAction":[{"@type":"CommentAction","name":"Comment","target":["https:\/\/zeromagazine.mx\/index.php\/2026\/04\/27\/jeans-roccia-zegna-denim-lujo\/#respond"]}]},{"@type":"WebPage","@id":"https:\/\/zeromagazine.mx\/index.php\/2026\/04\/27\/jeans-roccia-zegna-denim-lujo\/","url":"https:\/\/zeromagazine.mx\/index.php\/2026\/04\/27\/jeans-roccia-zegna-denim-lujo\/","name":"Jeans Roccia ZEGNA: denim elevado - Zero Magazine","isPartOf":{"@id":"https:\/\/zeromagazine.mx\/#website"},"primaryImageOfPage":{"@id":"https:\/\/zeromagazine.mx\/index.php\/2026\/04\/27\/jeans-roccia-zegna-denim-lujo\/#primaryimage"},"image":{"@id":"https:\/\/zeromagazine.mx\/index.php\/2026\/04\/27\/jeans-roccia-zegna-denim-lujo\/#primaryimage"},"thumbnailUrl":"https:\/\/i0.wp.com\/zeromagazine.mx\/wp-content\/uploads\/2026\/04\/IMG_6733.jpeg?fit=720%2C960&ssl=1","datePublished":"2026-04-28T05:55:20+00:00","dateModified":"2026-04-28T05:55:21+00:00","description":"Jeans Roccia ZEGNA redefine el denim con fits precisos, lujo relajado y estilo vers\u00e1til para el d\u00eda a d\u00eda.","breadcrumb":{"@id":"https:\/\/zeromagazine.mx\/index.php\/2026\/04\/27\/jeans-roccia-zegna-denim-lujo\/#breadcrumb"},"inLanguage":"es","potentialAction":[{"@type":"ReadAction","target":["https:\/\/zeromagazine.mx\/index.php\/2026\/04\/27\/jeans-roccia-zegna-denim-lujo\/"]}]},{"@type":"ImageObject","inLanguage":"es","@id":"https:\/\/zeromagazine.mx\/index.php\/2026\/04\/27\/jeans-roccia-zegna-denim-lujo\/#primaryimage","url":"https:\/\/i0.wp.com\/zeromagazine.mx\/wp-content\/uploads\/2026\/04\/IMG_6733.jpeg?fit=720%2C960&ssl=1","contentUrl":"https:\/\/i0.wp.com\/zeromagazine.mx\/wp-content\/uploads\/2026\/04\/IMG_6733.jpeg?fit=720%2C960&ssl=1","width":720,"height":960},{"@type":"BreadcrumbList","@id":"https:\/\/zeromagazine.mx\/index.php\/2026\/04\/27\/jeans-roccia-zegna-denim-lujo\/#breadcrumb","itemListElement":[{"@type":"ListItem","position":1,"name":"Portada","item":"https:\/\/zeromagazine.mx\/"},{"@type":"ListItem","position":2,"name":"Jeans Roccia ZEGNA: denim elevado"}]},{"@type":"WebSite","@id":"https:\/\/zeromagazine.mx\/#website","url":"https:\/\/zeromagazine.mx\/","name":"Zero Magazine","description":"","publisher":{"@id":"https:\/\/zeromagazine.mx\/#organization"},"potentialAction":[{"@type":"SearchAction","target":{"@type":"EntryPoint","urlTemplate":"https:\/\/zeromagazine.mx\/?s={search_term_string}"},"query-input":{"@type":"PropertyValueSpecification","valueRequired":true,"valueName":"search_term_string"}}],"inLanguage":"es"},{"@type":"Organization","@id":"https:\/\/zeromagazine.mx\/#organization","name":"Zero Magazine","url":"https:\/\/zeromagazine.mx\/","logo":{"@type":"ImageObject","inLanguage":"es","@id":"https:\/\/zeromagazine.mx\/#\/schema\/logo\/image\/","url":"https:\/\/i0.wp.com\/zeromagazine.mx\/wp-content\/uploads\/2025\/11\/1.jpeg?fit=1000%2C1000&ssl=1","contentUrl":"https:\/\/i0.wp.com\/zeromagazine.mx\/wp-content\/uploads\/2025\/11\/1.jpeg?fit=1000%2C1000&ssl=1","width":1000,"height":1000,"caption":"Zero Magazine"},"image":{"@id":"https:\/\/zeromagazine.mx\/#\/schema\/logo\/image\/"},"sameAs":["https:\/\/instagram.com\/zeromagazinemx"]},{"@type":"Person","@id":"https:\/\/zeromagazine.mx\/#\/schema\/person\/118d2dc27eca6f07b968c953d12daa6b","name":"Luis Trujano","image":{"@type":"ImageObject","inLanguage":"es","@id":"https:\/\/zeromagazine.mx\/wp-content\/litespeed\/avatar\/fbd9d1d6aa4d21e2bb5be8b3155046c9.jpg?ver=1776970654","url":"https:\/\/zeromagazine.mx\/wp-content\/litespeed\/avatar\/fbd9d1d6aa4d21e2bb5be8b3155046c9.jpg?ver=1776970654","contentUrl":"https:\/\/zeromagazine.mx\/wp-content\/litespeed\/avatar\/fbd9d1d6aa4d21e2bb5be8b3155046c9.jpg?ver=1776970654","caption":"Luis Trujano"},"url":"https:\/\/zeromagazine.mx\/index.php\/author\/luis-trujano\/"}]}},"jetpack_publicize_connections":[],"jetpack_featured_media_url":"https:\/\/i0.wp.com\/zeromagazine.mx\/wp-content\/uploads\/2026\/04\/IMG_6733.jpeg?fit=720%2C960&ssl=1","jetpack-related-posts":[{"id":97684,"url":"https:\/\/zeromagazine.mx\/index.php\/2025\/02\/26\/denim-zegna\/","url_meta":{"origin":119579,"position":0},"title":"Denim Zegna","author":"David Morales","date":"26 de febrero de 2025","format":false,"excerpt":"En un mundo donde la moda cambia cada cinco minutos, hay prendas que simplemente no pasan de moda. Ah\u00ed es donde entra el denim premium de Zegna, esa joyita que se adapta a todo y a todos. Si alguna vez te has preguntado qu\u00e9 hace que unos jeans sean verdaderamente\u2026","rel":"","context":"En \u00abModa\u00bb","block_context":{"text":"Moda","link":"https:\/\/zeromagazine.mx\/index.php\/category\/moda\/"},"img":{"alt_text":"","src":"https:\/\/i0.wp.com\/zeromagazine.mx\/wp-content\/uploads\/2025\/02\/SS-VELLUS-AREUM-CAMPAIGN-.png?fit=951%2C1200&ssl=1&resize=350%2C200","width":350,"height":200,"srcset":"https:\/\/i0.wp.com\/zeromagazine.mx\/wp-content\/uploads\/2025\/02\/SS-VELLUS-AREUM-CAMPAIGN-.png?fit=951%2C1200&ssl=1&resize=350%2C200 1x, https:\/\/i0.wp.com\/zeromagazine.mx\/wp-content\/uploads\/2025\/02\/SS-VELLUS-AREUM-CAMPAIGN-.png?fit=951%2C1200&ssl=1&resize=525%2C300 1.5x, https:\/\/i0.wp.com\/zeromagazine.mx\/wp-content\/uploads\/2025\/02\/SS-VELLUS-AREUM-CAMPAIGN-.png?fit=951%2C1200&ssl=1&resize=700%2C400 2x"},"classes":[]},{"id":84554,"url":"https:\/\/zeromagazine.mx\/index.php\/2024\/09\/25\/zegna-fall-vibes-looks-fire\/","url_meta":{"origin":119579,"position":1},"title":"\u00abZegna Fall Vibes: Looks Fire\u00bb","author":"zeromagazinemx","date":"25 de septiembre de 2024","format":false,"excerpt":"Esta semana, Zegna est\u00e1 redefiniendo el estilo masculino con una mezcla de sofisticaci\u00f3n y ese toque chill que se siente justo para la temporada. Lo mejor de todo es que se est\u00e1n lanzando unos trends que nos van a dejar ready para cualquier situaci\u00f3n, desde un brunch hasta una salida\u2026","rel":"","context":"En \u00abModa\u00bb","block_context":{"text":"Moda","link":"https:\/\/zeromagazine.mx\/index.php\/category\/moda\/"},"img":{"alt_text":"","src":"https:\/\/i0.wp.com\/zeromagazine.mx\/wp-content\/uploads\/2024\/09\/LHOTA-S5207Z-BUR-D.jpg?fit=900%2C1200&ssl=1&resize=350%2C200","width":350,"height":200,"srcset":"https:\/\/i0.wp.com\/zeromagazine.mx\/wp-content\/uploads\/2024\/09\/LHOTA-S5207Z-BUR-D.jpg?fit=900%2C1200&ssl=1&resize=350%2C200 1x, https:\/\/i0.wp.com\/zeromagazine.mx\/wp-content\/uploads\/2024\/09\/LHOTA-S5207Z-BUR-D.jpg?fit=900%2C1200&ssl=1&resize=525%2C300 1.5x, https:\/\/i0.wp.com\/zeromagazine.mx\/wp-content\/uploads\/2024\/09\/LHOTA-S5207Z-BUR-D.jpg?fit=900%2C1200&ssl=1&resize=700%2C400 2x"},"classes":[]},{"id":98820,"url":"https:\/\/zeromagazine.mx\/index.php\/2025\/03\/18\/primavera-al-estilo-zegna\/","url_meta":{"origin":119579,"position":2},"title":"Primavera Al Estilo ZEGNA","author":"David Morales","date":"18 de marzo de 2025","format":false,"excerpt":"Amix, ZEGNA nos traer una moda de primavera que redefine lo cl\u00e1sico sin perder sofisticaci\u00f3n; pues la marca celebra la temporada con una nueva colecci\u00f3n, compuesta por prendas artesanales que capturan la esencia del lujo discreto. As\u00ed que, si buscas un estilo que nunca falla con piezas atemporales y vers\u00e1tiles,\u2026","rel":"","context":"En \u00abModa\u00bb","block_context":{"text":"Moda","link":"https:\/\/zeromagazine.mx\/index.php\/category\/moda\/"},"img":{"alt_text":"","src":"https:\/\/i0.wp.com\/zeromagazine.mx\/wp-content\/uploads\/2025\/03\/UFH92A9-143-100-D.jpg?fit=900%2C1200&ssl=1&resize=350%2C200","width":350,"height":200,"srcset":"https:\/\/i0.wp.com\/zeromagazine.mx\/wp-content\/uploads\/2025\/03\/UFH92A9-143-100-D.jpg?fit=900%2C1200&ssl=1&resize=350%2C200 1x, https:\/\/i0.wp.com\/zeromagazine.mx\/wp-content\/uploads\/2025\/03\/UFH92A9-143-100-D.jpg?fit=900%2C1200&ssl=1&resize=525%2C300 1.5x, https:\/\/i0.wp.com\/zeromagazine.mx\/wp-content\/uploads\/2025\/03\/UFH92A9-143-100-D.jpg?fit=900%2C1200&ssl=1&resize=700%2C400 2x"},"classes":[]},{"id":83597,"url":"https:\/\/zeromagazine.mx\/index.php\/2024\/09\/10\/5-colores-trendy-para-otono\/","url_meta":{"origin":119579,"position":3},"title":"5 Colores Trendy Para Oto\u00f1o","author":"zeromagazinemx","date":"10 de septiembre de 2024","format":false,"excerpt":"\u00a1Hola, fashionistas y trendsetters! Esta semana les quiero hablar de algo que seguro ya has visto rondando en redes o en las tiendas m\u00e1s nice de la ciudad \"la nueva colecci\u00f3n de oto\u00f1o de Zegna\". Y s\u00ed, si eres de los que piensan que el oto\u00f1o es la mejor \u00e9poca\u2026","rel":"","context":"En \u00abModa\u00bb","block_context":{"text":"Moda","link":"https:\/\/zeromagazine.mx\/index.php\/category\/moda\/"},"img":{"alt_text":"","src":"https:\/\/i0.wp.com\/zeromagazine.mx\/wp-content\/uploads\/2024\/09\/E8K10-110-N95-D.jpg?fit=900%2C1200&ssl=1&resize=350%2C200","width":350,"height":200,"srcset":"https:\/\/i0.wp.com\/zeromagazine.mx\/wp-content\/uploads\/2024\/09\/E8K10-110-N95-D.jpg?fit=900%2C1200&ssl=1&resize=350%2C200 1x, https:\/\/i0.wp.com\/zeromagazine.mx\/wp-content\/uploads\/2024\/09\/E8K10-110-N95-D.jpg?fit=900%2C1200&ssl=1&resize=525%2C300 1.5x, https:\/\/i0.wp.com\/zeromagazine.mx\/wp-content\/uploads\/2024\/09\/E8K10-110-N95-D.jpg?fit=900%2C1200&ssl=1&resize=700%2C400 2x"},"classes":[]},{"id":116141,"url":"https:\/\/zeromagazine.mx\/index.php\/2026\/03\/03\/zegna-t-shirts-lujo-minimalista-2026\/","url_meta":{"origin":119579,"position":4},"title":"Zegna T-Shirts Elevated","author":"zeromagazinemx","date":"3 de marzo de 2026","format":false,"excerpt":"La cl\u00e1sica camiseta blanca acaba de subir de nivel\u2026 y no, no estamos exagerando. Esta temporada, Zegna T-shirts redefine por completo lo que entend\u00edamos como \u201cb\u00e1sico\u201d y lo convierte en el centro absoluto del look. S\u00ed, esa prenda que usas para todo ahora tambi\u00e9n puede jugar en la liga del\u2026","rel":"","context":"En \u00abModa\u00bb","block_context":{"text":"Moda","link":"https:\/\/zeromagazine.mx\/index.php\/category\/moda\/"},"img":{"alt_text":"","src":"https:\/\/i0.wp.com\/zeromagazine.mx\/wp-content\/uploads\/2026\/03\/MX_ZEGNA-3.jpg?fit=900%2C1200&ssl=1&resize=350%2C200","width":350,"height":200,"srcset":"https:\/\/i0.wp.com\/zeromagazine.mx\/wp-content\/uploads\/2026\/03\/MX_ZEGNA-3.jpg?fit=900%2C1200&ssl=1&resize=350%2C200 1x, https:\/\/i0.wp.com\/zeromagazine.mx\/wp-content\/uploads\/2026\/03\/MX_ZEGNA-3.jpg?fit=900%2C1200&ssl=1&resize=525%2C300 1.5x, https:\/\/i0.wp.com\/zeromagazine.mx\/wp-content\/uploads\/2026\/03\/MX_ZEGNA-3.jpg?fit=900%2C1200&ssl=1&resize=700%2C400 2x"},"classes":[]},{"id":83247,"url":"https:\/\/zeromagazine.mx\/index.php\/2024\/09\/05\/lujo-invernal-con-zegna-vibes\/","url_meta":{"origin":119579,"position":5},"title":"\u00abLujo Invernal con ZEGNA Vibes\u00bb","author":"zeromagazinemx","date":"5 de septiembre de 2024","format":false,"excerpt":"\u00a1Hola a tod@s! D\u00e9jame contarte un poco sobre la moda masculina m\u00e1s incre\u00edble del momento.\u00a0ZEGNA FW24\u00a0no es solo otra colecci\u00f3n; es un viaje hacia las ra\u00edces de la marca, donde\u00a0Mads Mikkelsen\u00a0y\u00a0Wu Lei\u00a0te llevan de paseo por\u00a0Oasi Zegna, el coraz\u00f3n de todo lo que representa este ic\u00f3nico nombre en la moda\u2026","rel":"","context":"En \u00abModa\u00bb","block_context":{"text":"Moda","link":"https:\/\/zeromagazine.mx\/index.php\/category\/moda\/"},"img":{"alt_text":"","src":"https:\/\/i0.wp.com\/zeromagazine.mx\/wp-content\/uploads\/2024\/09\/ZEGNA-HERO-6_ADV-CAMPAIGN_WU-LEI.jpg?fit=1200%2C838&ssl=1&resize=350%2C200","width":350,"height":200,"srcset":"https:\/\/i0.wp.com\/zeromagazine.mx\/wp-content\/uploads\/2024\/09\/ZEGNA-HERO-6_ADV-CAMPAIGN_WU-LEI.jpg?fit=1200%2C838&ssl=1&resize=350%2C200 1x, https:\/\/i0.wp.com\/zeromagazine.mx\/wp-content\/uploads\/2024\/09\/ZEGNA-HERO-6_ADV-CAMPAIGN_WU-LEI.jpg?fit=1200%2C838&ssl=1&resize=525%2C300 1.5x, https:\/\/i0.wp.com\/zeromagazine.mx\/wp-content\/uploads\/2024\/09\/ZEGNA-HERO-6_ADV-CAMPAIGN_WU-LEI.jpg?fit=1200%2C838&ssl=1&resize=700%2C400 2x, https:\/\/i0.wp.com\/zeromagazine.mx\/wp-content\/uploads\/2024\/09\/ZEGNA-HERO-6_ADV-CAMPAIGN_WU-LEI.jpg?fit=1200%2C838&ssl=1&resize=1050%2C600 3x"},"classes":[]}],"jetpack_sharing_enabled":true,"builder_content":"","_links":{"self":[{"href":"https:\/\/zeromagazine.mx\/index.php\/wp-json\/wp\/v2\/posts\/119579","targetHints":{"allow":["GET"]}}],"collection":[{"href":"https:\/\/zeromagazine.mx\/index.php\/wp-json\/wp\/v2\/posts"}],"about":[{"href":"https:\/\/zeromagazine.mx\/index.php\/wp-json\/wp\/v2\/types\/post"}],"author":[{"embeddable":true,"href":"https:\/\/zeromagazine.mx\/index.php\/wp-json\/wp\/v2\/users\/6"}],"replies":[{"embeddable":true,"href":"https:\/\/zeromagazine.mx\/index.php\/wp-json\/wp\/v2\/comments?post=119579"}],"version-history":[{"count":2,"href":"https:\/\/zeromagazine.mx\/index.php\/wp-json\/wp\/v2\/posts\/119579\/revisions"}],"predecessor-version":[{"id":119584,"href":"https:\/\/zeromagazine.mx\/index.php\/wp-json\/wp\/v2\/posts\/119579\/revisions\/119584"}],"wp:featuredmedia":[{"embeddable":true,"href":"https:\/\/zeromagazine.mx\/index.php\/wp-json\/wp\/v2\/media\/119582"}],"wp:attachment":[{"href":"https:\/\/zeromagazine.mx\/index.php\/wp-json\/wp\/v2\/media?parent=119579"}],"wp:term":[{"taxonomy":"category","embeddable":true,"href":"https:\/\/zeromagazine.mx\/index.php\/wp-json\/wp\/v2\/categories?post=119579"},{"taxonomy":"post_tag","embeddable":true,"href":"https:\/\/zeromagazine.mx\/index.php\/wp-json\/wp\/v2\/tags?post=119579"}],"curies":[{"name":"wp","href":"https:\/\/api.w.org\/{rel}","templated":true}]}}