{"id":119613,"date":"2026-04-28T00:17:34","date_gmt":"2026-04-28T06:17:34","guid":{"rendered":"https:\/\/zeromagazine.mx\/?p=119613"},"modified":"2026-04-28T00:17:34","modified_gmt":"2026-04-28T06:17:34","slug":"cloe-dia-de-las-madres-legado-estilo","status":"publish","type":"post","link":"https:\/\/zeromagazine.mx\/index.php\/2026\/04\/28\/cloe-dia-de-las-madres-legado-estilo\/","title":{"rendered":"Cloe D\u00eda de las Madres legado"},"content":{"rendered":"<!--themify_builder_content-->\n<div id=\"themify_builder_content-119613\" data-postid=\"119613\" class=\"themify_builder_content themify_builder_content-119613 themify_builder tf_clear\">\n    <\/div>\n<!--\/themify_builder_content-->\n\n\n<p>Hay campa\u00f1as bonitas\u2026 y luego est\u00e1n las que s\u00ed te hacen sentir algo. <a href=\"\/\/generic-entity?number=0\">Cloe<\/a> acaba de lanzar una de esas con Cloe D\u00eda de las Madres, una propuesta que va mucho m\u00e1s all\u00e1 de regalar algo f\u00edsico. Aqu\u00ed el foco no est\u00e1 en el objeto, sino en lo que se hereda sin darte cuenta.<\/p>\n\n\n\n<figure class=\"wp-block-image size-full\"><img data-recalc-dims=\"1\" decoding=\"async\" width=\"1165\" height=\"1165\" src=\"https:\/\/i0.wp.com\/zeromagazine.mx\/wp-content\/uploads\/2026\/04\/IMG_6745.jpeg?resize=1165%2C1165&#038;ssl=1\" alt=\"\" class=\"wp-image-119614\" srcset=\"https:\/\/i0.wp.com\/zeromagazine.mx\/wp-content\/uploads\/2026\/04\/IMG_6745.jpeg?w=1280&amp;ssl=1 1280w, https:\/\/i0.wp.com\/zeromagazine.mx\/wp-content\/uploads\/2026\/04\/IMG_6745.jpeg?resize=300%2C300&amp;ssl=1 300w, https:\/\/i0.wp.com\/zeromagazine.mx\/wp-content\/uploads\/2026\/04\/IMG_6745.jpeg?resize=1024%2C1024&amp;ssl=1 1024w, https:\/\/i0.wp.com\/zeromagazine.mx\/wp-content\/uploads\/2026\/04\/IMG_6745.jpeg?resize=150%2C150&amp;ssl=1 150w, https:\/\/i0.wp.com\/zeromagazine.mx\/wp-content\/uploads\/2026\/04\/IMG_6745.jpeg?resize=768%2C768&amp;ssl=1 768w\" sizes=\"(max-width: 1165px) 100vw, 1165px\" \/><\/figure>\n\n\n\n<p>Adem\u00e1s, hay algo que conecta de inmediato: la idea de que el estilo no solo se aprende, se transmite. No en palabras, sino en detalles. En c\u00f3mo alguien entra a un lugar, en c\u00f3mo combina algo simple y lo hace ver especial, en c\u00f3mo se siente segura con lo que lleva.<\/p>\n\n\n\n<p><strong>Cloe D\u00eda de las Madres y el poder del legado<\/strong><\/p>\n\n\n\n<p>Primero, hablemos de la historia detr\u00e1s. La campa\u00f1a re\u00fane a <a href=\"\/\/generic-entity?number=1\">Celina del Villar<\/a> y <a href=\"\/\/generic-entity?number=2\">Mar\u00eda Ibarra<\/a>, madre e hija, en una narrativa que se siente real, no forzada. No es solo est\u00e9tica, es conexi\u00f3n. Es ver c\u00f3mo ciertas cosas pasan de una generaci\u00f3n a otra sin necesidad de explicarse.<\/p>\n\n\n\n<figure class=\"wp-block-image size-full\"><img data-recalc-dims=\"1\" decoding=\"async\" width=\"1165\" height=\"1165\" src=\"https:\/\/i0.wp.com\/zeromagazine.mx\/wp-content\/uploads\/2026\/04\/IMG_6744.jpeg?resize=1165%2C1165&#038;ssl=1\" alt=\"\" class=\"wp-image-119615\" srcset=\"https:\/\/i0.wp.com\/zeromagazine.mx\/wp-content\/uploads\/2026\/04\/IMG_6744.jpeg?w=1280&amp;ssl=1 1280w, https:\/\/i0.wp.com\/zeromagazine.mx\/wp-content\/uploads\/2026\/04\/IMG_6744.jpeg?resize=300%2C300&amp;ssl=1 300w, https:\/\/i0.wp.com\/zeromagazine.mx\/wp-content\/uploads\/2026\/04\/IMG_6744.jpeg?resize=1024%2C1024&amp;ssl=1 1024w, https:\/\/i0.wp.com\/zeromagazine.mx\/wp-content\/uploads\/2026\/04\/IMG_6744.jpeg?resize=150%2C150&amp;ssl=1 150w, https:\/\/i0.wp.com\/zeromagazine.mx\/wp-content\/uploads\/2026\/04\/IMG_6744.jpeg?resize=768%2C768&amp;ssl=1 768w\" sizes=\"(max-width: 1165px) 100vw, 1165px\" \/><\/figure>\n\n\n\n<p>Luego, el concepto de \u201cherencia invisible\u201d lo cambia todo. Porque s\u00ed, hay cosas que no puedes guardar, pero que se quedan contigo para siempre. La forma de elegir, de moverte, de entender el mundo. Y justo eso es lo que Cloe D\u00eda de las Madres pone en el centro.<\/p>\n\n\n\n<p>Tambi\u00e9n, esta campa\u00f1a deja claro que el estilo es una extensi\u00f3n de esa herencia. No se trata de copiar, sino de reinterpretar. De tomar lo que recibiste y hacerlo tuyo, con tu propio giro.<\/p>\n\n\n\n<p><strong>Cloe D\u00eda de las Madres redefine el estilo compartido<\/strong><\/p>\n\n\n\n<p>Por otro lado, la colecci\u00f3n acompa\u00f1a esta narrativa con piezas que se sienten igual de atemporales que la idea que representan. La silueta FORTUNATA regresa como ese cl\u00e1sico que nunca falla: estructurada, elegante y con presencia.<\/p>\n\n\n\n<figure class=\"wp-block-image size-full\"><img data-recalc-dims=\"1\" decoding=\"async\" width=\"1165\" height=\"1165\" src=\"https:\/\/i0.wp.com\/zeromagazine.mx\/wp-content\/uploads\/2026\/04\/IMG_6743.jpeg?resize=1165%2C1165&#038;ssl=1\" alt=\"\" class=\"wp-image-119616\" srcset=\"https:\/\/i0.wp.com\/zeromagazine.mx\/wp-content\/uploads\/2026\/04\/IMG_6743.jpeg?w=1280&amp;ssl=1 1280w, https:\/\/i0.wp.com\/zeromagazine.mx\/wp-content\/uploads\/2026\/04\/IMG_6743.jpeg?resize=300%2C300&amp;ssl=1 300w, https:\/\/i0.wp.com\/zeromagazine.mx\/wp-content\/uploads\/2026\/04\/IMG_6743.jpeg?resize=1024%2C1024&amp;ssl=1 1024w, https:\/\/i0.wp.com\/zeromagazine.mx\/wp-content\/uploads\/2026\/04\/IMG_6743.jpeg?resize=150%2C150&amp;ssl=1 150w, https:\/\/i0.wp.com\/zeromagazine.mx\/wp-content\/uploads\/2026\/04\/IMG_6743.jpeg?resize=768%2C768&amp;ssl=1 768w, https:\/\/i0.wp.com\/zeromagazine.mx\/wp-content\/uploads\/2026\/04\/IMG_6743.jpeg?resize=70%2C70&amp;ssl=1 70w\" sizes=\"(max-width: 1165px) 100vw, 1165px\" \/><\/figure>\n\n\n\n<p>Despu\u00e9s, llega FORTUNATA SOFT, que b\u00e1sicamente es su versi\u00f3n m\u00e1s relajada. M\u00e1s ligera, m\u00e1s fresca, m\u00e1s alineada con una forma de vivir el estilo sin tanta rigidez. Es el mismo ADN, pero adaptado a una nueva energ\u00eda.<\/p>\n\n\n\n<p>Igualmente, aqu\u00ed es donde todo cobra sentido: no est\u00e1s eligiendo entre pasado o presente, est\u00e1s mezclando ambos. Y eso es justo lo que hace que el estilo evolucione sin perder identidad.<\/p>\n\n\n\n<p>Adem\u00e1s, hay algo muy interesante en c\u00f3mo Cloe D\u00eda de las Madres aterriza el lujo. No lo hace inaccesible, lo hace emocional. Lo convierte en algo que puedes usar, vivir y sentir todos los d\u00edas.<\/p>\n\n\n\n<p>Finalmente, esta campa\u00f1a deja una idea clara: lo m\u00e1s valioso no siempre se ve. Y a veces, el mejor regalo no es algo nuevo, sino algo que ya estaba ah\u00ed\u2026 solo que ahora lo reconoces.<\/p>\n\n\n\n<p><\/p>","protected":false},"excerpt":{"rendered":"<p>Hay campa\u00f1as bonitas\u2026 y luego est\u00e1n las que s\u00ed te hacen sentir algo. Cloe acaba de lanzar una de esas con Cloe D\u00eda de las Madres, una propuesta que va mucho m\u00e1s all\u00e1 de regalar algo f\u00edsico. Aqu\u00ed el foco no est\u00e1 en el objeto, sino en lo que se hereda sin darte cuenta. Adem\u00e1s, [&hellip;]<\/p>\n","protected":false},"author":6,"featured_media":119616,"comment_status":"open","ping_status":"open","sticky":false,"template":"","format":"standard","meta":{"_jetpack_memberships_contains_paid_content":false,"footnotes":"","jetpack_publicize_message":"","jetpack_publicize_feature_enabled":true,"jetpack_social_post_already_shared":true,"jetpack_social_options":{"image_generator_settings":{"template":"highway","default_image_id":0,"font":"","enabled":false},"version":2}},"categories":[67],"tags":[],"class_list":["post-119613","post","type-post","status-publish","format-standard","has-post-thumbnail","hentry","category-moda","has-post-title","has-post-date","has-post-category","has-post-tag","has-post-comment","has-post-author",""],"yoast_head":"<!-- This site is optimized with the Yoast SEO plugin v27.4 - https:\/\/yoast.com\/product\/yoast-seo-wordpress\/ -->\n<title>Cloe D\u00eda de las Madres legado - Zero Magazine<\/title>\n<meta name=\"description\" content=\"Cloe D\u00eda de las Madres celebra el legado entre generaciones con estilo, herencia invisible y piezas atemporales.\" \/>\n<meta name=\"robots\" content=\"index, follow, max-snippet:-1, max-image-preview:large, max-video-preview:-1\" \/>\n<link rel=\"canonical\" href=\"https:\/\/zeromagazine.mx\/index.php\/2026\/04\/28\/cloe-dia-de-las-madres-legado-estilo\/\" \/>\n<meta property=\"og:locale\" content=\"es_ES\" \/>\n<meta property=\"og:type\" content=\"article\" \/>\n<meta property=\"og:title\" content=\"Cloe D\u00eda de las Madres legado - Zero Magazine\" \/>\n<meta property=\"og:description\" content=\"Cloe D\u00eda de las Madres celebra el legado entre generaciones con estilo, herencia invisible y piezas atemporales.\" \/>\n<meta property=\"og:url\" content=\"https:\/\/zeromagazine.mx\/index.php\/2026\/04\/28\/cloe-dia-de-las-madres-legado-estilo\/\" \/>\n<meta property=\"og:site_name\" content=\"Zero Magazine\" \/>\n<meta property=\"article:published_time\" content=\"2026-04-28T06:17:34+00:00\" \/>\n<meta property=\"og:image\" content=\"http:\/\/zeromagazine.mx\/wp-content\/uploads\/2026\/04\/IMG_6743.jpeg\" \/>\n\t<meta property=\"og:image:width\" content=\"1280\" \/>\n\t<meta property=\"og:image:height\" content=\"1280\" \/>\n\t<meta property=\"og:image:type\" content=\"image\/jpeg\" \/>\n<meta name=\"author\" content=\"Luis Trujano\" \/>\n<meta name=\"twitter:card\" content=\"summary_large_image\" \/>\n<meta name=\"twitter:label1\" content=\"Escrito por\" \/>\n\t<meta name=\"twitter:data1\" content=\"Luis Trujano\" \/>\n\t<meta name=\"twitter:label2\" content=\"Tiempo de lectura\" \/>\n\t<meta name=\"twitter:data2\" content=\"3 minutos\" \/>\n<script type=\"application\/ld+json\" class=\"yoast-schema-graph\">{\"@context\":\"https:\\\/\\\/schema.org\",\"@graph\":[{\"@type\":\"Article\",\"@id\":\"https:\\\/\\\/zeromagazine.mx\\\/index.php\\\/2026\\\/04\\\/28\\\/cloe-dia-de-las-madres-legado-estilo\\\/#article\",\"isPartOf\":{\"@id\":\"https:\\\/\\\/zeromagazine.mx\\\/index.php\\\/2026\\\/04\\\/28\\\/cloe-dia-de-las-madres-legado-estilo\\\/\"},\"author\":{\"name\":\"Luis Trujano\",\"@id\":\"https:\\\/\\\/zeromagazine.mx\\\/#\\\/schema\\\/person\\\/118d2dc27eca6f07b968c953d12daa6b\"},\"headline\":\"Cloe D\u00eda de las Madres legado\",\"datePublished\":\"2026-04-28T06:17:34+00:00\",\"mainEntityOfPage\":{\"@id\":\"https:\\\/\\\/zeromagazine.mx\\\/index.php\\\/2026\\\/04\\\/28\\\/cloe-dia-de-las-madres-legado-estilo\\\/\"},\"wordCount\":479,\"commentCount\":0,\"publisher\":{\"@id\":\"https:\\\/\\\/zeromagazine.mx\\\/#organization\"},\"image\":{\"@id\":\"https:\\\/\\\/zeromagazine.mx\\\/index.php\\\/2026\\\/04\\\/28\\\/cloe-dia-de-las-madres-legado-estilo\\\/#primaryimage\"},\"thumbnailUrl\":\"https:\\\/\\\/i0.wp.com\\\/zeromagazine.mx\\\/wp-content\\\/uploads\\\/2026\\\/04\\\/IMG_6743.jpeg?fit=1280%2C1280&ssl=1\",\"articleSection\":[\"Moda\"],\"inLanguage\":\"es\",\"potentialAction\":[{\"@type\":\"CommentAction\",\"name\":\"Comment\",\"target\":[\"https:\\\/\\\/zeromagazine.mx\\\/index.php\\\/2026\\\/04\\\/28\\\/cloe-dia-de-las-madres-legado-estilo\\\/#respond\"]}]},{\"@type\":\"WebPage\",\"@id\":\"https:\\\/\\\/zeromagazine.mx\\\/index.php\\\/2026\\\/04\\\/28\\\/cloe-dia-de-las-madres-legado-estilo\\\/\",\"url\":\"https:\\\/\\\/zeromagazine.mx\\\/index.php\\\/2026\\\/04\\\/28\\\/cloe-dia-de-las-madres-legado-estilo\\\/\",\"name\":\"Cloe D\u00eda de las Madres legado - Zero Magazine\",\"isPartOf\":{\"@id\":\"https:\\\/\\\/zeromagazine.mx\\\/#website\"},\"primaryImageOfPage\":{\"@id\":\"https:\\\/\\\/zeromagazine.mx\\\/index.php\\\/2026\\\/04\\\/28\\\/cloe-dia-de-las-madres-legado-estilo\\\/#primaryimage\"},\"image\":{\"@id\":\"https:\\\/\\\/zeromagazine.mx\\\/index.php\\\/2026\\\/04\\\/28\\\/cloe-dia-de-las-madres-legado-estilo\\\/#primaryimage\"},\"thumbnailUrl\":\"https:\\\/\\\/i0.wp.com\\\/zeromagazine.mx\\\/wp-content\\\/uploads\\\/2026\\\/04\\\/IMG_6743.jpeg?fit=1280%2C1280&ssl=1\",\"datePublished\":\"2026-04-28T06:17:34+00:00\",\"description\":\"Cloe D\u00eda de las Madres celebra el legado entre generaciones con estilo, herencia invisible y piezas atemporales.\",\"breadcrumb\":{\"@id\":\"https:\\\/\\\/zeromagazine.mx\\\/index.php\\\/2026\\\/04\\\/28\\\/cloe-dia-de-las-madres-legado-estilo\\\/#breadcrumb\"},\"inLanguage\":\"es\",\"potentialAction\":[{\"@type\":\"ReadAction\",\"target\":[\"https:\\\/\\\/zeromagazine.mx\\\/index.php\\\/2026\\\/04\\\/28\\\/cloe-dia-de-las-madres-legado-estilo\\\/\"]}]},{\"@type\":\"ImageObject\",\"inLanguage\":\"es\",\"@id\":\"https:\\\/\\\/zeromagazine.mx\\\/index.php\\\/2026\\\/04\\\/28\\\/cloe-dia-de-las-madres-legado-estilo\\\/#primaryimage\",\"url\":\"https:\\\/\\\/i0.wp.com\\\/zeromagazine.mx\\\/wp-content\\\/uploads\\\/2026\\\/04\\\/IMG_6743.jpeg?fit=1280%2C1280&ssl=1\",\"contentUrl\":\"https:\\\/\\\/i0.wp.com\\\/zeromagazine.mx\\\/wp-content\\\/uploads\\\/2026\\\/04\\\/IMG_6743.jpeg?fit=1280%2C1280&ssl=1\",\"width\":1280,\"height\":1280},{\"@type\":\"BreadcrumbList\",\"@id\":\"https:\\\/\\\/zeromagazine.mx\\\/index.php\\\/2026\\\/04\\\/28\\\/cloe-dia-de-las-madres-legado-estilo\\\/#breadcrumb\",\"itemListElement\":[{\"@type\":\"ListItem\",\"position\":1,\"name\":\"Portada\",\"item\":\"https:\\\/\\\/zeromagazine.mx\\\/\"},{\"@type\":\"ListItem\",\"position\":2,\"name\":\"Cloe D\u00eda de las Madres legado\"}]},{\"@type\":\"WebSite\",\"@id\":\"https:\\\/\\\/zeromagazine.mx\\\/#website\",\"url\":\"https:\\\/\\\/zeromagazine.mx\\\/\",\"name\":\"Zero Magazine\",\"description\":\"\",\"publisher\":{\"@id\":\"https:\\\/\\\/zeromagazine.mx\\\/#organization\"},\"potentialAction\":[{\"@type\":\"SearchAction\",\"target\":{\"@type\":\"EntryPoint\",\"urlTemplate\":\"https:\\\/\\\/zeromagazine.mx\\\/?s={search_term_string}\"},\"query-input\":{\"@type\":\"PropertyValueSpecification\",\"valueRequired\":true,\"valueName\":\"search_term_string\"}}],\"inLanguage\":\"es\"},{\"@type\":\"Organization\",\"@id\":\"https:\\\/\\\/zeromagazine.mx\\\/#organization\",\"name\":\"Zero Magazine\",\"url\":\"https:\\\/\\\/zeromagazine.mx\\\/\",\"logo\":{\"@type\":\"ImageObject\",\"inLanguage\":\"es\",\"@id\":\"https:\\\/\\\/zeromagazine.mx\\\/#\\\/schema\\\/logo\\\/image\\\/\",\"url\":\"https:\\\/\\\/i0.wp.com\\\/zeromagazine.mx\\\/wp-content\\\/uploads\\\/2025\\\/11\\\/1.jpeg?fit=1000%2C1000&ssl=1\",\"contentUrl\":\"https:\\\/\\\/i0.wp.com\\\/zeromagazine.mx\\\/wp-content\\\/uploads\\\/2025\\\/11\\\/1.jpeg?fit=1000%2C1000&ssl=1\",\"width\":1000,\"height\":1000,\"caption\":\"Zero Magazine\"},\"image\":{\"@id\":\"https:\\\/\\\/zeromagazine.mx\\\/#\\\/schema\\\/logo\\\/image\\\/\"},\"sameAs\":[\"https:\\\/\\\/instagram.com\\\/zeromagazinemx\"]},{\"@type\":\"Person\",\"@id\":\"https:\\\/\\\/zeromagazine.mx\\\/#\\\/schema\\\/person\\\/118d2dc27eca6f07b968c953d12daa6b\",\"name\":\"Luis Trujano\",\"image\":{\"@type\":\"ImageObject\",\"inLanguage\":\"es\",\"@id\":\"https:\\\/\\\/zeromagazine.mx\\\/wp-content\\\/litespeed\\\/avatar\\\/fbd9d1d6aa4d21e2bb5be8b3155046c9.jpg?ver=1776970654\",\"url\":\"https:\\\/\\\/zeromagazine.mx\\\/wp-content\\\/litespeed\\\/avatar\\\/fbd9d1d6aa4d21e2bb5be8b3155046c9.jpg?ver=1776970654\",\"contentUrl\":\"https:\\\/\\\/zeromagazine.mx\\\/wp-content\\\/litespeed\\\/avatar\\\/fbd9d1d6aa4d21e2bb5be8b3155046c9.jpg?ver=1776970654\",\"caption\":\"Luis Trujano\"},\"url\":\"https:\\\/\\\/zeromagazine.mx\\\/index.php\\\/author\\\/luis-trujano\\\/\"}]}<\/script>\n<!-- \/ Yoast SEO plugin. -->","yoast_head_json":{"title":"Cloe D\u00eda de las Madres legado - Zero Magazine","description":"Cloe D\u00eda de las Madres celebra el legado entre generaciones con estilo, herencia invisible y piezas atemporales.","robots":{"index":"index","follow":"follow","max-snippet":"max-snippet:-1","max-image-preview":"max-image-preview:large","max-video-preview":"max-video-preview:-1"},"canonical":"https:\/\/zeromagazine.mx\/index.php\/2026\/04\/28\/cloe-dia-de-las-madres-legado-estilo\/","og_locale":"es_ES","og_type":"article","og_title":"Cloe D\u00eda de las Madres legado - Zero Magazine","og_description":"Cloe D\u00eda de las Madres celebra el legado entre generaciones con estilo, herencia invisible y piezas atemporales.","og_url":"https:\/\/zeromagazine.mx\/index.php\/2026\/04\/28\/cloe-dia-de-las-madres-legado-estilo\/","og_site_name":"Zero Magazine","article_published_time":"2026-04-28T06:17:34+00:00","og_image":[{"width":1280,"height":1280,"url":"http:\/\/zeromagazine.mx\/wp-content\/uploads\/2026\/04\/IMG_6743.jpeg","type":"image\/jpeg"}],"author":"Luis Trujano","twitter_card":"summary_large_image","twitter_misc":{"Escrito por":"Luis Trujano","Tiempo de lectura":"3 minutos"},"schema":{"@context":"https:\/\/schema.org","@graph":[{"@type":"Article","@id":"https:\/\/zeromagazine.mx\/index.php\/2026\/04\/28\/cloe-dia-de-las-madres-legado-estilo\/#article","isPartOf":{"@id":"https:\/\/zeromagazine.mx\/index.php\/2026\/04\/28\/cloe-dia-de-las-madres-legado-estilo\/"},"author":{"name":"Luis Trujano","@id":"https:\/\/zeromagazine.mx\/#\/schema\/person\/118d2dc27eca6f07b968c953d12daa6b"},"headline":"Cloe D\u00eda de las Madres legado","datePublished":"2026-04-28T06:17:34+00:00","mainEntityOfPage":{"@id":"https:\/\/zeromagazine.mx\/index.php\/2026\/04\/28\/cloe-dia-de-las-madres-legado-estilo\/"},"wordCount":479,"commentCount":0,"publisher":{"@id":"https:\/\/zeromagazine.mx\/#organization"},"image":{"@id":"https:\/\/zeromagazine.mx\/index.php\/2026\/04\/28\/cloe-dia-de-las-madres-legado-estilo\/#primaryimage"},"thumbnailUrl":"https:\/\/i0.wp.com\/zeromagazine.mx\/wp-content\/uploads\/2026\/04\/IMG_6743.jpeg?fit=1280%2C1280&ssl=1","articleSection":["Moda"],"inLanguage":"es","potentialAction":[{"@type":"CommentAction","name":"Comment","target":["https:\/\/zeromagazine.mx\/index.php\/2026\/04\/28\/cloe-dia-de-las-madres-legado-estilo\/#respond"]}]},{"@type":"WebPage","@id":"https:\/\/zeromagazine.mx\/index.php\/2026\/04\/28\/cloe-dia-de-las-madres-legado-estilo\/","url":"https:\/\/zeromagazine.mx\/index.php\/2026\/04\/28\/cloe-dia-de-las-madres-legado-estilo\/","name":"Cloe D\u00eda de las Madres legado - Zero Magazine","isPartOf":{"@id":"https:\/\/zeromagazine.mx\/#website"},"primaryImageOfPage":{"@id":"https:\/\/zeromagazine.mx\/index.php\/2026\/04\/28\/cloe-dia-de-las-madres-legado-estilo\/#primaryimage"},"image":{"@id":"https:\/\/zeromagazine.mx\/index.php\/2026\/04\/28\/cloe-dia-de-las-madres-legado-estilo\/#primaryimage"},"thumbnailUrl":"https:\/\/i0.wp.com\/zeromagazine.mx\/wp-content\/uploads\/2026\/04\/IMG_6743.jpeg?fit=1280%2C1280&ssl=1","datePublished":"2026-04-28T06:17:34+00:00","description":"Cloe D\u00eda de las Madres celebra el legado entre generaciones con estilo, herencia invisible y piezas atemporales.","breadcrumb":{"@id":"https:\/\/zeromagazine.mx\/index.php\/2026\/04\/28\/cloe-dia-de-las-madres-legado-estilo\/#breadcrumb"},"inLanguage":"es","potentialAction":[{"@type":"ReadAction","target":["https:\/\/zeromagazine.mx\/index.php\/2026\/04\/28\/cloe-dia-de-las-madres-legado-estilo\/"]}]},{"@type":"ImageObject","inLanguage":"es","@id":"https:\/\/zeromagazine.mx\/index.php\/2026\/04\/28\/cloe-dia-de-las-madres-legado-estilo\/#primaryimage","url":"https:\/\/i0.wp.com\/zeromagazine.mx\/wp-content\/uploads\/2026\/04\/IMG_6743.jpeg?fit=1280%2C1280&ssl=1","contentUrl":"https:\/\/i0.wp.com\/zeromagazine.mx\/wp-content\/uploads\/2026\/04\/IMG_6743.jpeg?fit=1280%2C1280&ssl=1","width":1280,"height":1280},{"@type":"BreadcrumbList","@id":"https:\/\/zeromagazine.mx\/index.php\/2026\/04\/28\/cloe-dia-de-las-madres-legado-estilo\/#breadcrumb","itemListElement":[{"@type":"ListItem","position":1,"name":"Portada","item":"https:\/\/zeromagazine.mx\/"},{"@type":"ListItem","position":2,"name":"Cloe D\u00eda de las Madres legado"}]},{"@type":"WebSite","@id":"https:\/\/zeromagazine.mx\/#website","url":"https:\/\/zeromagazine.mx\/","name":"Zero Magazine","description":"","publisher":{"@id":"https:\/\/zeromagazine.mx\/#organization"},"potentialAction":[{"@type":"SearchAction","target":{"@type":"EntryPoint","urlTemplate":"https:\/\/zeromagazine.mx\/?s={search_term_string}"},"query-input":{"@type":"PropertyValueSpecification","valueRequired":true,"valueName":"search_term_string"}}],"inLanguage":"es"},{"@type":"Organization","@id":"https:\/\/zeromagazine.mx\/#organization","name":"Zero Magazine","url":"https:\/\/zeromagazine.mx\/","logo":{"@type":"ImageObject","inLanguage":"es","@id":"https:\/\/zeromagazine.mx\/#\/schema\/logo\/image\/","url":"https:\/\/i0.wp.com\/zeromagazine.mx\/wp-content\/uploads\/2025\/11\/1.jpeg?fit=1000%2C1000&ssl=1","contentUrl":"https:\/\/i0.wp.com\/zeromagazine.mx\/wp-content\/uploads\/2025\/11\/1.jpeg?fit=1000%2C1000&ssl=1","width":1000,"height":1000,"caption":"Zero Magazine"},"image":{"@id":"https:\/\/zeromagazine.mx\/#\/schema\/logo\/image\/"},"sameAs":["https:\/\/instagram.com\/zeromagazinemx"]},{"@type":"Person","@id":"https:\/\/zeromagazine.mx\/#\/schema\/person\/118d2dc27eca6f07b968c953d12daa6b","name":"Luis Trujano","image":{"@type":"ImageObject","inLanguage":"es","@id":"https:\/\/zeromagazine.mx\/wp-content\/litespeed\/avatar\/fbd9d1d6aa4d21e2bb5be8b3155046c9.jpg?ver=1776970654","url":"https:\/\/zeromagazine.mx\/wp-content\/litespeed\/avatar\/fbd9d1d6aa4d21e2bb5be8b3155046c9.jpg?ver=1776970654","contentUrl":"https:\/\/zeromagazine.mx\/wp-content\/litespeed\/avatar\/fbd9d1d6aa4d21e2bb5be8b3155046c9.jpg?ver=1776970654","caption":"Luis Trujano"},"url":"https:\/\/zeromagazine.mx\/index.php\/author\/luis-trujano\/"}]}},"jetpack_publicize_connections":[],"jetpack_featured_media_url":"https:\/\/i0.wp.com\/zeromagazine.mx\/wp-content\/uploads\/2026\/04\/IMG_6743.jpeg?fit=1280%2C1280&ssl=1","jetpack-related-posts":[{"id":116785,"url":"https:\/\/zeromagazine.mx\/index.php\/2026\/03\/15\/cloe-x-ricardo-cavolo-coleccion\/","url_meta":{"origin":119613,"position":0},"title":"Cloe x Ricardo Cavolo despega","author":"zeromagazinemx","date":"15 de marzo de 2026","format":false,"excerpt":"El cruce entre moda y arte est\u00e1 viviendo uno de sus momentos m\u00e1s interesantes, y la nueva colaboraci\u00f3n Cloe x Ricardo Cavolo es prueba de ello. La marca mexicana acaba de lanzar una colecci\u00f3n que convierte accesorios cotidianos en peque\u00f1as obras port\u00e1tiles llenas de simbolismo, color y energ\u00eda creativa. La\u2026","rel":"","context":"En \u00abDise\u00f1o\u00bb","block_context":{"text":"Dise\u00f1o","link":"https:\/\/zeromagazine.mx\/index.php\/category\/diseno\/"},"img":{"alt_text":"","src":"https:\/\/i0.wp.com\/zeromagazine.mx\/wp-content\/uploads\/2026\/03\/PHOTO-2026-03-12-13-29-59.jpg?fit=1200%2C735&ssl=1&resize=350%2C200","width":350,"height":200,"srcset":"https:\/\/i0.wp.com\/zeromagazine.mx\/wp-content\/uploads\/2026\/03\/PHOTO-2026-03-12-13-29-59.jpg?fit=1200%2C735&ssl=1&resize=350%2C200 1x, https:\/\/i0.wp.com\/zeromagazine.mx\/wp-content\/uploads\/2026\/03\/PHOTO-2026-03-12-13-29-59.jpg?fit=1200%2C735&ssl=1&resize=525%2C300 1.5x, https:\/\/i0.wp.com\/zeromagazine.mx\/wp-content\/uploads\/2026\/03\/PHOTO-2026-03-12-13-29-59.jpg?fit=1200%2C735&ssl=1&resize=700%2C400 2x, https:\/\/i0.wp.com\/zeromagazine.mx\/wp-content\/uploads\/2026\/03\/PHOTO-2026-03-12-13-29-59.jpg?fit=1200%2C735&ssl=1&resize=1050%2C600 3x"},"classes":[]},{"id":48546,"url":"https:\/\/zeromagazine.mx\/index.php\/2021\/06\/23\/hora-de-viajar-con-cloe-verano-2021\/","url_meta":{"origin":119613,"position":1},"title":"Hora de viajar con Cloe Verano 2021","author":"zeromagazinemx","date":"23 de junio de 2021","format":false,"excerpt":"El verano est\u00e1 por llegar y es fundamental tener el outfit perfecto para la Hora de Viajar con Cloe Verano 2021. Por Moises Kushelevich Verano 2021, un verano para valorar cada segundo y en CLOE encontrar\u00e1s todos lo necesario para tener los mejores accesorios para tu outfit y lo podr\u00e1s\u2026","rel":"","context":"En \u00abLifestyle\u00bb","block_context":{"text":"Lifestyle","link":"https:\/\/zeromagazine.mx\/index.php\/category\/lifestyle\/"},"img":{"alt_text":"","src":"","width":0,"height":0},"classes":[]},{"id":79538,"url":"https:\/\/zeromagazine.mx\/index.php\/2024\/06\/27\/accesorios-de-agatha-ruiz-de-la-prada-y-cloe-para-celebrar-tu-individualidad\/","url_meta":{"origin":119613,"position":2},"title":"Accesorios de Agatha Ruiz de la Prada y Cloe para Celebrar tu Individualidad","author":"zeromagazinemx","date":"27 de junio de 2024","format":false,"excerpt":"\u00bfListxs para celebrar nuestra individualidad con estilo este 2024? Cloe y Agatha Ruiz de la Prada nos traen una colaboraci\u00f3n explosiva que redefine el concepto de color y autenticidad en accesorios. Para empezar, \u00bfQu\u00e9 tal una salida con amigas? Imagina llevar una cartera en rosa palo, verde o azul que\u2026","rel":"","context":"En \u00abModa\u00bb","block_context":{"text":"Moda","link":"https:\/\/zeromagazine.mx\/index.php\/category\/moda\/"},"img":{"alt_text":"","src":"https:\/\/i0.wp.com\/zeromagazine.mx\/wp-content\/uploads\/2024\/06\/unnamed-18-1.png?fit=1200%2C600&ssl=1&resize=350%2C200","width":350,"height":200,"srcset":"https:\/\/i0.wp.com\/zeromagazine.mx\/wp-content\/uploads\/2024\/06\/unnamed-18-1.png?fit=1200%2C600&ssl=1&resize=350%2C200 1x, https:\/\/i0.wp.com\/zeromagazine.mx\/wp-content\/uploads\/2024\/06\/unnamed-18-1.png?fit=1200%2C600&ssl=1&resize=525%2C300 1.5x, https:\/\/i0.wp.com\/zeromagazine.mx\/wp-content\/uploads\/2024\/06\/unnamed-18-1.png?fit=1200%2C600&ssl=1&resize=700%2C400 2x, https:\/\/i0.wp.com\/zeromagazine.mx\/wp-content\/uploads\/2024\/06\/unnamed-18-1.png?fit=1200%2C600&ssl=1&resize=1050%2C600 3x"},"classes":[]},{"id":92045,"url":"https:\/\/zeromagazine.mx\/index.php\/2024\/12\/02\/hello-kitty-x-cloe-iconic-collab\/","url_meta":{"origin":119613,"position":3},"title":"\u00abHello Kitty x Cloe: Iconic Collab\u00bb","author":"zeromagazinemx","date":"2 de diciembre de 2024","format":false,"excerpt":"\u00bfEst\u00e1s ready para un momento\u00a0so iconic? Cloe y Hello Kitty acaban de soltar la bomba del a\u00f1o con una collab que est\u00e1 on fire. En honor al 50 aniversario de nuestra fave Sanrio queen, Hello Kitty, esta colecci\u00f3n viene cargada de\u00a0elegancia, ternura y vibes ultra chic. Si eres fan de\u2026","rel":"","context":"En \u00abModa\u00bb","block_context":{"text":"Moda","link":"https:\/\/zeromagazine.mx\/index.php\/category\/moda\/"},"img":{"alt_text":"","src":"https:\/\/i0.wp.com\/zeromagazine.mx\/wp-content\/uploads\/2024\/12\/Captura-de-Pantalla-2024-11-19-a-las-9.51.29.png?fit=943%2C528&ssl=1&resize=350%2C200","width":350,"height":200,"srcset":"https:\/\/i0.wp.com\/zeromagazine.mx\/wp-content\/uploads\/2024\/12\/Captura-de-Pantalla-2024-11-19-a-las-9.51.29.png?fit=943%2C528&ssl=1&resize=350%2C200 1x, https:\/\/i0.wp.com\/zeromagazine.mx\/wp-content\/uploads\/2024\/12\/Captura-de-Pantalla-2024-11-19-a-las-9.51.29.png?fit=943%2C528&ssl=1&resize=525%2C300 1.5x, https:\/\/i0.wp.com\/zeromagazine.mx\/wp-content\/uploads\/2024\/12\/Captura-de-Pantalla-2024-11-19-a-las-9.51.29.png?fit=943%2C528&ssl=1&resize=700%2C400 2x"},"classes":[]},{"id":51437,"url":"https:\/\/zeromagazine.mx\/index.php\/2021\/08\/03\/aura-mist-la-nueva-linea-de-cuidado-personal-de-cloe\/","url_meta":{"origin":119613,"position":4},"title":"AURA MIST, la nueva l\u00ednea de cuidado personal de CLOE","author":"zeromagazinemx","date":"3 de agosto de 2021","format":false,"excerpt":"CLOE presenta su nueva l\u00ednea de cuidado personal para refrescarse durante el verano. Por Mayra Torres AURA MIST es la nueva l\u00ednea de cuidado personal de CLOE CARE, una l\u00ednea de brisas corporales humectantes que se adaptan a cada personalidad, logrando un aura seductora al mismo tiempo que hidratan la\u2026","rel":"","context":"En \u00abLifestyle\u00bb","block_context":{"text":"Lifestyle","link":"https:\/\/zeromagazine.mx\/index.php\/category\/lifestyle\/"},"img":{"alt_text":"","src":"","width":0,"height":0},"classes":[]},{"id":117164,"url":"https:\/\/zeromagazine.mx\/index.php\/2026\/03\/23\/volvo-fashion-week-mexico-enciende-guadalajara\/","url_meta":{"origin":119613,"position":5},"title":"Volvo Fashion Week M\u00e9xico enciende Guadalajara","author":"Luis Trujano","date":"23 de marzo de 2026","format":false,"excerpt":"La moda mexicana est\u00e1 entrando en una nueva era, y Volvo Fashion Week M\u00e9xico lo est\u00e1 dejando clar\u00edsimo. Esta vez, el epicentro no es Ciudad de M\u00e9xico, sino Guadalajara, que del 14 al 17 de abril se convierte en el punto de encuentro donde dise\u00f1o, cultura y turismo se mezclan\u2026","rel":"","context":"En \u00abBlog\u00bb","block_context":{"text":"Blog","link":"https:\/\/zeromagazine.mx\/index.php\/category\/blog\/"},"img":{"alt_text":"","src":"https:\/\/i0.wp.com\/zeromagazine.mx\/wp-content\/uploads\/2026\/03\/IMG_6579-2.jpeg?fit=1200%2C800&ssl=1&resize=350%2C200","width":350,"height":200,"srcset":"https:\/\/i0.wp.com\/zeromagazine.mx\/wp-content\/uploads\/2026\/03\/IMG_6579-2.jpeg?fit=1200%2C800&ssl=1&resize=350%2C200 1x, https:\/\/i0.wp.com\/zeromagazine.mx\/wp-content\/uploads\/2026\/03\/IMG_6579-2.jpeg?fit=1200%2C800&ssl=1&resize=525%2C300 1.5x, https:\/\/i0.wp.com\/zeromagazine.mx\/wp-content\/uploads\/2026\/03\/IMG_6579-2.jpeg?fit=1200%2C800&ssl=1&resize=700%2C400 2x, https:\/\/i0.wp.com\/zeromagazine.mx\/wp-content\/uploads\/2026\/03\/IMG_6579-2.jpeg?fit=1200%2C800&ssl=1&resize=1050%2C600 3x"},"classes":[]}],"jetpack_sharing_enabled":true,"builder_content":"","_links":{"self":[{"href":"https:\/\/zeromagazine.mx\/index.php\/wp-json\/wp\/v2\/posts\/119613","targetHints":{"allow":["GET"]}}],"collection":[{"href":"https:\/\/zeromagazine.mx\/index.php\/wp-json\/wp\/v2\/posts"}],"about":[{"href":"https:\/\/zeromagazine.mx\/index.php\/wp-json\/wp\/v2\/types\/post"}],"author":[{"embeddable":true,"href":"https:\/\/zeromagazine.mx\/index.php\/wp-json\/wp\/v2\/users\/6"}],"replies":[{"embeddable":true,"href":"https:\/\/zeromagazine.mx\/index.php\/wp-json\/wp\/v2\/comments?post=119613"}],"version-history":[{"count":1,"href":"https:\/\/zeromagazine.mx\/index.php\/wp-json\/wp\/v2\/posts\/119613\/revisions"}],"predecessor-version":[{"id":119617,"href":"https:\/\/zeromagazine.mx\/index.php\/wp-json\/wp\/v2\/posts\/119613\/revisions\/119617"}],"wp:featuredmedia":[{"embeddable":true,"href":"https:\/\/zeromagazine.mx\/index.php\/wp-json\/wp\/v2\/media\/119616"}],"wp:attachment":[{"href":"https:\/\/zeromagazine.mx\/index.php\/wp-json\/wp\/v2\/media?parent=119613"}],"wp:term":[{"taxonomy":"category","embeddable":true,"href":"https:\/\/zeromagazine.mx\/index.php\/wp-json\/wp\/v2\/categories?post=119613"},{"taxonomy":"post_tag","embeddable":true,"href":"https:\/\/zeromagazine.mx\/index.php\/wp-json\/wp\/v2\/tags?post=119613"}],"curies":[{"name":"wp","href":"https:\/\/api.w.org\/{rel}","templated":true}]}}