{"id":119618,"date":"2026-04-28T08:18:20","date_gmt":"2026-04-28T14:18:20","guid":{"rendered":"https:\/\/zeromagazine.mx\/?p=119618"},"modified":"2026-04-28T08:18:21","modified_gmt":"2026-04-28T14:18:21","slug":"palette-naturals-tinte-casa-experiencia","status":"publish","type":"post","link":"https:\/\/zeromagazine.mx\/index.php\/2026\/04\/28\/palette-naturals-tinte-casa-experiencia\/","title":{"rendered":"La nueva belleza no se aplica. Se vive."},"content":{"rendered":"\n<h3 class=\"wp-block-heading\">Palette Naturals llega a M\u00e9xico con una promesa clara: te\u00f1irse el pelo ya no es solo cambiar de look, es tener un momento contigo.<\/h3>\n\n\n\n<p>Hay algo que cambi\u00f3 en la forma en la que hablamos de belleza.<br>Y no tiene que ver con tendencias, colores o t\u00e9cnicas.<\/p>\n\n\n\n<p>Tiene que ver con c\u00f3mo queremos sentirnos.<\/p>\n\n\n\n<p>El lanzamiento de Palette Naturals la nueva l\u00ednea sin amoniaco de Palette no es solo una expansi\u00f3n de portafolio. Es una se\u00f1al bastante clara de hacia d\u00f3nde se est\u00e1 moviendo toda la industria: de la transformaci\u00f3n est\u00e9tica al ritual personal.<\/p>\n\n\n\n<p>Porque s\u00ed, te\u00f1irse el pelo sigue siendo una decisi\u00f3n visual.<br>Pero cada vez m\u00e1s, tambi\u00e9n es una experiencia emocional.<\/p>\n\n\n\n<h2 class=\"wp-block-heading\">Te\u00f1irse en casa ya no es lo mismo<\/h2>\n\n\n\n<p>En M\u00e9xico, cerca del 90% de las personas se ti\u00f1e el cabello por su cuenta. Eso cambia completamente el juego.<\/p>\n\n\n\n<p>Antes, el enfoque estaba en el resultado:<br>cubrir canas, lograr el tono, que dure.<\/p>\n\n\n\n<p>Ahora, el proceso importa tanto como el resultado.<\/p>\n\n\n\n<p>La textura.<br>El aroma.<br>El tiempo contigo.<\/p>\n\n\n\n<p>Todo eso se convierte en parte de la experiencia.<\/p>\n\n\n\n<p>Y eso fue justamente lo que vivimos de primera mano cuando fuimos invitados a experimentar el universo de Palette Naturals: un espacio pensado no solo para mostrar el producto, sino para cambiar la forma en la que se percibe la coloraci\u00f3n en casa.<\/p>\n\n\n\n<p>En ese contexto, tambi\u00e9n surgi\u00f3 una pregunta clave: \u00bfc\u00f3mo se est\u00e1 acercando la marca a las nuevas generaciones?<\/p>\n\n\n\n<p>La respuesta fue clara: hoy, el p\u00fablico m\u00e1s joven no solo busca cambiar de look, busca hacerlo sin comprometer la salud de su cabello. Y ah\u00ed es donde propuestas como Palette Naturals encuentran su lugar: como una primera experiencia de coloraci\u00f3n m\u00e1s consciente, m\u00e1s amable y menos agresiva.<\/p>\n\n\n\n<figure class=\"wp-block-image size-full\"><img data-recalc-dims=\"1\" decoding=\"async\" width=\"726\" height=\"419\" src=\"https:\/\/i0.wp.com\/zeromagazine.mx\/wp-content\/uploads\/2026\/04\/Imagen-Maite-Perroni-Palette-Naturals-1.jpg?resize=726%2C419&#038;ssl=1\" alt=\"\" class=\"wp-image-119620\" srcset=\"https:\/\/i0.wp.com\/zeromagazine.mx\/wp-content\/uploads\/2026\/04\/Imagen-Maite-Perroni-Palette-Naturals-1.jpg?w=726&amp;ssl=1 726w, https:\/\/i0.wp.com\/zeromagazine.mx\/wp-content\/uploads\/2026\/04\/Imagen-Maite-Perroni-Palette-Naturals-1.jpg?resize=300%2C173&amp;ssl=1 300w\" sizes=\"(max-width: 726px) 100vw, 726px\" \/><\/figure>\n\n\n\n<h2 class=\"wp-block-heading\">De est\u00e9tica a bienestar<\/h2>\n\n\n\n<p>Decir que un tinte tiene 89% de ingredientes de origen natural ya no sorprende.<br>Decir que es vegano tampoco.<\/p>\n\n\n\n<p>Lo interesante es por qu\u00e9 eso importa.<\/p>\n\n\n\n<p>Hoy, el 79% de las personas considera lo \u201cnatural\u201d como un factor clave de compra. Pero eso no es solo una preferencia est\u00e9tica, es una decisi\u00f3n emocional.<\/p>\n\n\n\n<p>Elegir productos m\u00e1s \u201climpios\u201d se siente como:<\/p>\n\n\n\n<ul class=\"wp-block-list\">\n<li>cuidarte mejor<\/li>\n\n\n\n<li>tomar decisiones m\u00e1s conscientes<\/li>\n\n\n\n<li>tener control sobre lo que usas<\/li>\n<\/ul>\n\n\n\n<p>Y en una rutina tan \u00edntima como te\u00f1irte el cabello, eso pesa m\u00e1s.<\/p>\n\n\n\n<p>Porque no se trata solo de c\u00f3mo te ves cuando terminas,<br>sino de c\u00f3mo te sientes mientras lo haces.<\/p>\n\n\n\n<h2 class=\"wp-block-heading\">El nuevo lujo: el momento contigo<\/h2>\n\n\n\n<p>Durante a\u00f1os, la belleza aspiraba hacia afuera:<br>m\u00e1s perfecto, m\u00e1s pulido, m\u00e1s ideal.<\/p>\n\n\n\n<p>Hoy, la aspiraci\u00f3n cambi\u00f3 de direcci\u00f3n.<\/p>\n\n\n\n<p>Es m\u00e1s silenciosa. M\u00e1s personal. M\u00e1s real.<\/p>\n\n\n\n<p>El lujo ya no est\u00e1 en ir al sal\u00f3n,<br>est\u00e1 en tener un momento contigo en casa.<\/p>\n\n\n\n<p>Sin prisa. Sin presi\u00f3n. Sin performance.<\/p>\n\n\n\n<p>Y eso explica por qu\u00e9 conceptos como \u201cexperiencia sensorial\u201d empiezan a aparecer en categor\u00edas que antes eran completamente funcionales.<\/p>\n\n\n\n<p>Porque el consumidor ya no quiere solo un producto que funcione.<br>Quiere un producto que se sienta bien.<\/p>\n\n\n\n<figure class=\"wp-block-image size-full\"><img data-recalc-dims=\"1\" decoding=\"async\" width=\"466\" height=\"875\" src=\"https:\/\/i0.wp.com\/zeromagazine.mx\/wp-content\/uploads\/2026\/04\/Imagen-Producto-Palette-Naturals.jpg?resize=466%2C875&#038;ssl=1\" alt=\"\" class=\"wp-image-119621\" srcset=\"https:\/\/i0.wp.com\/zeromagazine.mx\/wp-content\/uploads\/2026\/04\/Imagen-Producto-Palette-Naturals.jpg?w=466&amp;ssl=1 466w, https:\/\/i0.wp.com\/zeromagazine.mx\/wp-content\/uploads\/2026\/04\/Imagen-Producto-Palette-Naturals.jpg?resize=160%2C300&amp;ssl=1 160w\" sizes=\"(max-width: 466px) 100vw, 466px\" \/><\/figure>\n\n\n\n<h2 class=\"wp-block-heading\">Entonces, \u00bfqu\u00e9 est\u00e1 cambiando realmente?<\/h2>\n\n\n\n<p>No es el tinte.<br>No es la f\u00f3rmula.<br>No es el packaging.<\/p>\n\n\n\n<p>Es la forma en la que entendemos la belleza.<\/p>\n\n\n\n<p>Hoy, cambiar de color ya no es solo cambiar de imagen.<br>Es reafirmar identidad.<br>Es tomar control.<br>Es darte un momento.<\/p>\n\n\n\n<p>Y en ese contexto, propuestas como Palette Naturals no solo llegan a competir en el mercado.<\/p>\n\n\n\n<p>Llegan a responder a algo mucho m\u00e1s grande: una generaci\u00f3n que quiere experimentar con su imagen, pero tambi\u00e9n cuidar lo que es suyo desde el inicio.<\/p>\n\n\n\n<p>La nueva belleza ya no se mide solo en el espejo.<\/p>\n\n\n\n<p>Se mide en el tiempo que te das,<br>en c\u00f3mo te cuidas,<br>y en c\u00f3mo decides vivir incluso los peque\u00f1os rituales.<\/p>\n\n\n\n<p>Porque al final, ya no se trata solo de c\u00f3mo te ves.<\/p>\n\n\n\n<p>Se trata de c\u00f3mo lo vives.<\/p>\n<!--themify_builder_content-->\n<div id=\"themify_builder_content-119618\" data-postid=\"119618\" class=\"themify_builder_content themify_builder_content-119618 themify_builder tf_clear\">\n    <\/div>\n<!--\/themify_builder_content-->\n","protected":false},"excerpt":{"rendered":"<p>Palette Naturals llega a M\u00e9xico con una promesa clara: te\u00f1irse el pelo ya no es solo cambiar de look, es tener un momento contigo. Hay algo que cambi\u00f3 en la forma en la que hablamos de belleza.Y no tiene que ver con tendencias, colores o t\u00e9cnicas. Tiene que ver con c\u00f3mo queremos sentirnos. El lanzamiento [&hellip;]<\/p>\n","protected":false},"author":2,"featured_media":119619,"comment_status":"open","ping_status":"open","sticky":false,"template":"","format":"standard","meta":{"_jetpack_memberships_contains_paid_content":false,"footnotes":"","jetpack_publicize_message":"","jetpack_publicize_feature_enabled":true,"jetpack_social_post_already_shared":true,"jetpack_social_options":{"image_generator_settings":{"template":"highway","default_image_id":0,"font":"","enabled":false},"version":2}},"categories":[9858],"tags":[],"class_list":["post-119618","post","type-post","status-publish","format-standard","has-post-thumbnail","hentry","category-beauty","has-post-title","has-post-date","has-post-category","has-post-tag","has-post-comment","has-post-author",""],"yoast_head":"<!-- This site is optimized with the Yoast SEO plugin v27.4 - https:\/\/yoast.com\/product\/yoast-seo-wordpress\/ -->\n<title>La nueva belleza no se aplica. Se vive. - Zero Magazine<\/title>\n<meta name=\"description\" content=\"Palette Naturals redefine te\u00f1irse en casa con una experiencia m\u00e1s consciente, sensorial y alineada al bienestar.\" \/>\n<meta name=\"robots\" content=\"index, follow, max-snippet:-1, max-image-preview:large, max-video-preview:-1\" \/>\n<link rel=\"canonical\" href=\"https:\/\/zeromagazine.mx\/index.php\/2026\/04\/28\/palette-naturals-tinte-casa-experiencia\/\" \/>\n<meta property=\"og:locale\" content=\"es_ES\" \/>\n<meta property=\"og:type\" content=\"article\" \/>\n<meta property=\"og:title\" content=\"La nueva belleza no se aplica. Se vive. - Zero Magazine\" \/>\n<meta property=\"og:description\" content=\"Palette Naturals redefine te\u00f1irse en casa con una experiencia m\u00e1s consciente, sensorial y alineada al bienestar.\" \/>\n<meta property=\"og:url\" content=\"https:\/\/zeromagazine.mx\/index.php\/2026\/04\/28\/palette-naturals-tinte-casa-experiencia\/\" \/>\n<meta property=\"og:site_name\" content=\"Zero Magazine\" \/>\n<meta property=\"article:published_time\" content=\"2026-04-28T14:18:20+00:00\" \/>\n<meta property=\"article:modified_time\" content=\"2026-04-28T14:18:21+00:00\" \/>\n<meta property=\"og:image\" content=\"http:\/\/zeromagazine.mx\/wp-content\/uploads\/2026\/04\/Imagen-Maite-Perroni-Palette-Naturals.jpg\" \/>\n\t<meta property=\"og:image:width\" content=\"726\" \/>\n\t<meta property=\"og:image:height\" content=\"419\" \/>\n\t<meta property=\"og:image:type\" content=\"image\/jpeg\" \/>\n<meta name=\"author\" content=\"zeromagazinemx\" \/>\n<meta name=\"twitter:card\" content=\"summary_large_image\" \/>\n<meta name=\"twitter:label1\" content=\"Escrito por\" \/>\n\t<meta name=\"twitter:data1\" content=\"zeromagazinemx\" \/>\n\t<meta name=\"twitter:label2\" content=\"Tiempo de lectura\" \/>\n\t<meta name=\"twitter:data2\" content=\"4 minutos\" \/>\n<script type=\"application\/ld+json\" class=\"yoast-schema-graph\">{\"@context\":\"https:\\\/\\\/schema.org\",\"@graph\":[{\"@type\":\"Article\",\"@id\":\"https:\\\/\\\/zeromagazine.mx\\\/index.php\\\/2026\\\/04\\\/28\\\/palette-naturals-tinte-casa-experiencia\\\/#article\",\"isPartOf\":{\"@id\":\"https:\\\/\\\/zeromagazine.mx\\\/index.php\\\/2026\\\/04\\\/28\\\/palette-naturals-tinte-casa-experiencia\\\/\"},\"author\":{\"name\":\"zeromagazinemx\",\"@id\":\"https:\\\/\\\/zeromagazine.mx\\\/#\\\/schema\\\/person\\\/9aed9f33a7c39af3a348b86d723f7773\"},\"headline\":\"La nueva belleza no se aplica. Se vive.\",\"datePublished\":\"2026-04-28T14:18:20+00:00\",\"dateModified\":\"2026-04-28T14:18:21+00:00\",\"mainEntityOfPage\":{\"@id\":\"https:\\\/\\\/zeromagazine.mx\\\/index.php\\\/2026\\\/04\\\/28\\\/palette-naturals-tinte-casa-experiencia\\\/\"},\"wordCount\":687,\"commentCount\":0,\"publisher\":{\"@id\":\"https:\\\/\\\/zeromagazine.mx\\\/#organization\"},\"image\":{\"@id\":\"https:\\\/\\\/zeromagazine.mx\\\/index.php\\\/2026\\\/04\\\/28\\\/palette-naturals-tinte-casa-experiencia\\\/#primaryimage\"},\"thumbnailUrl\":\"https:\\\/\\\/i0.wp.com\\\/zeromagazine.mx\\\/wp-content\\\/uploads\\\/2026\\\/04\\\/Imagen-Maite-Perroni-Palette-Naturals.jpg?fit=726%2C419&ssl=1\",\"articleSection\":[\"Beauty\"],\"inLanguage\":\"es\",\"potentialAction\":[{\"@type\":\"CommentAction\",\"name\":\"Comment\",\"target\":[\"https:\\\/\\\/zeromagazine.mx\\\/index.php\\\/2026\\\/04\\\/28\\\/palette-naturals-tinte-casa-experiencia\\\/#respond\"]}]},{\"@type\":\"WebPage\",\"@id\":\"https:\\\/\\\/zeromagazine.mx\\\/index.php\\\/2026\\\/04\\\/28\\\/palette-naturals-tinte-casa-experiencia\\\/\",\"url\":\"https:\\\/\\\/zeromagazine.mx\\\/index.php\\\/2026\\\/04\\\/28\\\/palette-naturals-tinte-casa-experiencia\\\/\",\"name\":\"La nueva belleza no se aplica. Se vive. - Zero Magazine\",\"isPartOf\":{\"@id\":\"https:\\\/\\\/zeromagazine.mx\\\/#website\"},\"primaryImageOfPage\":{\"@id\":\"https:\\\/\\\/zeromagazine.mx\\\/index.php\\\/2026\\\/04\\\/28\\\/palette-naturals-tinte-casa-experiencia\\\/#primaryimage\"},\"image\":{\"@id\":\"https:\\\/\\\/zeromagazine.mx\\\/index.php\\\/2026\\\/04\\\/28\\\/palette-naturals-tinte-casa-experiencia\\\/#primaryimage\"},\"thumbnailUrl\":\"https:\\\/\\\/i0.wp.com\\\/zeromagazine.mx\\\/wp-content\\\/uploads\\\/2026\\\/04\\\/Imagen-Maite-Perroni-Palette-Naturals.jpg?fit=726%2C419&ssl=1\",\"datePublished\":\"2026-04-28T14:18:20+00:00\",\"dateModified\":\"2026-04-28T14:18:21+00:00\",\"description\":\"Palette Naturals redefine te\u00f1irse en casa con una experiencia m\u00e1s consciente, sensorial y alineada al bienestar.\",\"breadcrumb\":{\"@id\":\"https:\\\/\\\/zeromagazine.mx\\\/index.php\\\/2026\\\/04\\\/28\\\/palette-naturals-tinte-casa-experiencia\\\/#breadcrumb\"},\"inLanguage\":\"es\",\"potentialAction\":[{\"@type\":\"ReadAction\",\"target\":[\"https:\\\/\\\/zeromagazine.mx\\\/index.php\\\/2026\\\/04\\\/28\\\/palette-naturals-tinte-casa-experiencia\\\/\"]}]},{\"@type\":\"ImageObject\",\"inLanguage\":\"es\",\"@id\":\"https:\\\/\\\/zeromagazine.mx\\\/index.php\\\/2026\\\/04\\\/28\\\/palette-naturals-tinte-casa-experiencia\\\/#primaryimage\",\"url\":\"https:\\\/\\\/i0.wp.com\\\/zeromagazine.mx\\\/wp-content\\\/uploads\\\/2026\\\/04\\\/Imagen-Maite-Perroni-Palette-Naturals.jpg?fit=726%2C419&ssl=1\",\"contentUrl\":\"https:\\\/\\\/i0.wp.com\\\/zeromagazine.mx\\\/wp-content\\\/uploads\\\/2026\\\/04\\\/Imagen-Maite-Perroni-Palette-Naturals.jpg?fit=726%2C419&ssl=1\",\"width\":726,\"height\":419},{\"@type\":\"BreadcrumbList\",\"@id\":\"https:\\\/\\\/zeromagazine.mx\\\/index.php\\\/2026\\\/04\\\/28\\\/palette-naturals-tinte-casa-experiencia\\\/#breadcrumb\",\"itemListElement\":[{\"@type\":\"ListItem\",\"position\":1,\"name\":\"Portada\",\"item\":\"https:\\\/\\\/zeromagazine.mx\\\/\"},{\"@type\":\"ListItem\",\"position\":2,\"name\":\"La nueva belleza no se aplica. Se vive.\"}]},{\"@type\":\"WebSite\",\"@id\":\"https:\\\/\\\/zeromagazine.mx\\\/#website\",\"url\":\"https:\\\/\\\/zeromagazine.mx\\\/\",\"name\":\"Zero Magazine\",\"description\":\"\",\"publisher\":{\"@id\":\"https:\\\/\\\/zeromagazine.mx\\\/#organization\"},\"potentialAction\":[{\"@type\":\"SearchAction\",\"target\":{\"@type\":\"EntryPoint\",\"urlTemplate\":\"https:\\\/\\\/zeromagazine.mx\\\/?s={search_term_string}\"},\"query-input\":{\"@type\":\"PropertyValueSpecification\",\"valueRequired\":true,\"valueName\":\"search_term_string\"}}],\"inLanguage\":\"es\"},{\"@type\":\"Organization\",\"@id\":\"https:\\\/\\\/zeromagazine.mx\\\/#organization\",\"name\":\"Zero Magazine\",\"url\":\"https:\\\/\\\/zeromagazine.mx\\\/\",\"logo\":{\"@type\":\"ImageObject\",\"inLanguage\":\"es\",\"@id\":\"https:\\\/\\\/zeromagazine.mx\\\/#\\\/schema\\\/logo\\\/image\\\/\",\"url\":\"https:\\\/\\\/i0.wp.com\\\/zeromagazine.mx\\\/wp-content\\\/uploads\\\/2025\\\/11\\\/1.jpeg?fit=1000%2C1000&ssl=1\",\"contentUrl\":\"https:\\\/\\\/i0.wp.com\\\/zeromagazine.mx\\\/wp-content\\\/uploads\\\/2025\\\/11\\\/1.jpeg?fit=1000%2C1000&ssl=1\",\"width\":1000,\"height\":1000,\"caption\":\"Zero Magazine\"},\"image\":{\"@id\":\"https:\\\/\\\/zeromagazine.mx\\\/#\\\/schema\\\/logo\\\/image\\\/\"},\"sameAs\":[\"https:\\\/\\\/instagram.com\\\/zeromagazinemx\"]},{\"@type\":\"Person\",\"@id\":\"https:\\\/\\\/zeromagazine.mx\\\/#\\\/schema\\\/person\\\/9aed9f33a7c39af3a348b86d723f7773\",\"name\":\"zeromagazinemx\",\"image\":{\"@type\":\"ImageObject\",\"inLanguage\":\"es\",\"@id\":\"https:\\\/\\\/zeromagazine.mx\\\/wp-content\\\/litespeed\\\/avatar\\\/f91dfe5410d5dcb1a576bf8c45983896.jpg?ver=1776966396\",\"url\":\"https:\\\/\\\/zeromagazine.mx\\\/wp-content\\\/litespeed\\\/avatar\\\/f91dfe5410d5dcb1a576bf8c45983896.jpg?ver=1776966396\",\"contentUrl\":\"https:\\\/\\\/zeromagazine.mx\\\/wp-content\\\/litespeed\\\/avatar\\\/f91dfe5410d5dcb1a576bf8c45983896.jpg?ver=1776966396\",\"caption\":\"zeromagazinemx\"},\"url\":\"https:\\\/\\\/zeromagazine.mx\\\/index.php\\\/author\\\/zeromagazinemx\\\/\"}]}<\/script>\n<!-- \/ Yoast SEO plugin. -->","yoast_head_json":{"title":"La nueva belleza no se aplica. Se vive. - Zero Magazine","description":"Palette Naturals redefine te\u00f1irse en casa con una experiencia m\u00e1s consciente, sensorial y alineada al bienestar.","robots":{"index":"index","follow":"follow","max-snippet":"max-snippet:-1","max-image-preview":"max-image-preview:large","max-video-preview":"max-video-preview:-1"},"canonical":"https:\/\/zeromagazine.mx\/index.php\/2026\/04\/28\/palette-naturals-tinte-casa-experiencia\/","og_locale":"es_ES","og_type":"article","og_title":"La nueva belleza no se aplica. Se vive. - Zero Magazine","og_description":"Palette Naturals redefine te\u00f1irse en casa con una experiencia m\u00e1s consciente, sensorial y alineada al bienestar.","og_url":"https:\/\/zeromagazine.mx\/index.php\/2026\/04\/28\/palette-naturals-tinte-casa-experiencia\/","og_site_name":"Zero Magazine","article_published_time":"2026-04-28T14:18:20+00:00","article_modified_time":"2026-04-28T14:18:21+00:00","og_image":[{"width":726,"height":419,"url":"http:\/\/zeromagazine.mx\/wp-content\/uploads\/2026\/04\/Imagen-Maite-Perroni-Palette-Naturals.jpg","type":"image\/jpeg"}],"author":"zeromagazinemx","twitter_card":"summary_large_image","twitter_misc":{"Escrito por":"zeromagazinemx","Tiempo de lectura":"4 minutos"},"schema":{"@context":"https:\/\/schema.org","@graph":[{"@type":"Article","@id":"https:\/\/zeromagazine.mx\/index.php\/2026\/04\/28\/palette-naturals-tinte-casa-experiencia\/#article","isPartOf":{"@id":"https:\/\/zeromagazine.mx\/index.php\/2026\/04\/28\/palette-naturals-tinte-casa-experiencia\/"},"author":{"name":"zeromagazinemx","@id":"https:\/\/zeromagazine.mx\/#\/schema\/person\/9aed9f33a7c39af3a348b86d723f7773"},"headline":"La nueva belleza no se aplica. Se vive.","datePublished":"2026-04-28T14:18:20+00:00","dateModified":"2026-04-28T14:18:21+00:00","mainEntityOfPage":{"@id":"https:\/\/zeromagazine.mx\/index.php\/2026\/04\/28\/palette-naturals-tinte-casa-experiencia\/"},"wordCount":687,"commentCount":0,"publisher":{"@id":"https:\/\/zeromagazine.mx\/#organization"},"image":{"@id":"https:\/\/zeromagazine.mx\/index.php\/2026\/04\/28\/palette-naturals-tinte-casa-experiencia\/#primaryimage"},"thumbnailUrl":"https:\/\/i0.wp.com\/zeromagazine.mx\/wp-content\/uploads\/2026\/04\/Imagen-Maite-Perroni-Palette-Naturals.jpg?fit=726%2C419&ssl=1","articleSection":["Beauty"],"inLanguage":"es","potentialAction":[{"@type":"CommentAction","name":"Comment","target":["https:\/\/zeromagazine.mx\/index.php\/2026\/04\/28\/palette-naturals-tinte-casa-experiencia\/#respond"]}]},{"@type":"WebPage","@id":"https:\/\/zeromagazine.mx\/index.php\/2026\/04\/28\/palette-naturals-tinte-casa-experiencia\/","url":"https:\/\/zeromagazine.mx\/index.php\/2026\/04\/28\/palette-naturals-tinte-casa-experiencia\/","name":"La nueva belleza no se aplica. Se vive. - Zero Magazine","isPartOf":{"@id":"https:\/\/zeromagazine.mx\/#website"},"primaryImageOfPage":{"@id":"https:\/\/zeromagazine.mx\/index.php\/2026\/04\/28\/palette-naturals-tinte-casa-experiencia\/#primaryimage"},"image":{"@id":"https:\/\/zeromagazine.mx\/index.php\/2026\/04\/28\/palette-naturals-tinte-casa-experiencia\/#primaryimage"},"thumbnailUrl":"https:\/\/i0.wp.com\/zeromagazine.mx\/wp-content\/uploads\/2026\/04\/Imagen-Maite-Perroni-Palette-Naturals.jpg?fit=726%2C419&ssl=1","datePublished":"2026-04-28T14:18:20+00:00","dateModified":"2026-04-28T14:18:21+00:00","description":"Palette Naturals redefine te\u00f1irse en casa con una experiencia m\u00e1s consciente, sensorial y alineada al bienestar.","breadcrumb":{"@id":"https:\/\/zeromagazine.mx\/index.php\/2026\/04\/28\/palette-naturals-tinte-casa-experiencia\/#breadcrumb"},"inLanguage":"es","potentialAction":[{"@type":"ReadAction","target":["https:\/\/zeromagazine.mx\/index.php\/2026\/04\/28\/palette-naturals-tinte-casa-experiencia\/"]}]},{"@type":"ImageObject","inLanguage":"es","@id":"https:\/\/zeromagazine.mx\/index.php\/2026\/04\/28\/palette-naturals-tinte-casa-experiencia\/#primaryimage","url":"https:\/\/i0.wp.com\/zeromagazine.mx\/wp-content\/uploads\/2026\/04\/Imagen-Maite-Perroni-Palette-Naturals.jpg?fit=726%2C419&ssl=1","contentUrl":"https:\/\/i0.wp.com\/zeromagazine.mx\/wp-content\/uploads\/2026\/04\/Imagen-Maite-Perroni-Palette-Naturals.jpg?fit=726%2C419&ssl=1","width":726,"height":419},{"@type":"BreadcrumbList","@id":"https:\/\/zeromagazine.mx\/index.php\/2026\/04\/28\/palette-naturals-tinte-casa-experiencia\/#breadcrumb","itemListElement":[{"@type":"ListItem","position":1,"name":"Portada","item":"https:\/\/zeromagazine.mx\/"},{"@type":"ListItem","position":2,"name":"La nueva belleza no se aplica. Se vive."}]},{"@type":"WebSite","@id":"https:\/\/zeromagazine.mx\/#website","url":"https:\/\/zeromagazine.mx\/","name":"Zero Magazine","description":"","publisher":{"@id":"https:\/\/zeromagazine.mx\/#organization"},"potentialAction":[{"@type":"SearchAction","target":{"@type":"EntryPoint","urlTemplate":"https:\/\/zeromagazine.mx\/?s={search_term_string}"},"query-input":{"@type":"PropertyValueSpecification","valueRequired":true,"valueName":"search_term_string"}}],"inLanguage":"es"},{"@type":"Organization","@id":"https:\/\/zeromagazine.mx\/#organization","name":"Zero Magazine","url":"https:\/\/zeromagazine.mx\/","logo":{"@type":"ImageObject","inLanguage":"es","@id":"https:\/\/zeromagazine.mx\/#\/schema\/logo\/image\/","url":"https:\/\/i0.wp.com\/zeromagazine.mx\/wp-content\/uploads\/2025\/11\/1.jpeg?fit=1000%2C1000&ssl=1","contentUrl":"https:\/\/i0.wp.com\/zeromagazine.mx\/wp-content\/uploads\/2025\/11\/1.jpeg?fit=1000%2C1000&ssl=1","width":1000,"height":1000,"caption":"Zero Magazine"},"image":{"@id":"https:\/\/zeromagazine.mx\/#\/schema\/logo\/image\/"},"sameAs":["https:\/\/instagram.com\/zeromagazinemx"]},{"@type":"Person","@id":"https:\/\/zeromagazine.mx\/#\/schema\/person\/9aed9f33a7c39af3a348b86d723f7773","name":"zeromagazinemx","image":{"@type":"ImageObject","inLanguage":"es","@id":"https:\/\/zeromagazine.mx\/wp-content\/litespeed\/avatar\/f91dfe5410d5dcb1a576bf8c45983896.jpg?ver=1776966396","url":"https:\/\/zeromagazine.mx\/wp-content\/litespeed\/avatar\/f91dfe5410d5dcb1a576bf8c45983896.jpg?ver=1776966396","contentUrl":"https:\/\/zeromagazine.mx\/wp-content\/litespeed\/avatar\/f91dfe5410d5dcb1a576bf8c45983896.jpg?ver=1776966396","caption":"zeromagazinemx"},"url":"https:\/\/zeromagazine.mx\/index.php\/author\/zeromagazinemx\/"}]}},"jetpack_publicize_connections":[],"jetpack_featured_media_url":"https:\/\/i0.wp.com\/zeromagazine.mx\/wp-content\/uploads\/2026\/04\/Imagen-Maite-Perroni-Palette-Naturals.jpg?fit=726%2C419&ssl=1","jetpack-related-posts":[{"id":118199,"url":"https:\/\/zeromagazine.mx\/index.php\/2026\/04\/13\/frizz-primavera-cabello-sin-frizz\/","url_meta":{"origin":119618,"position":0},"title":"Adi\u00f3s frizz de primavera: el verdadero enemigo de tu pelo no es el clima","author":"zeromagazinemx","date":"13 de abril de 2026","format":false,"excerpt":"Spoiler: es la imprevisibilidad La primavera en M\u00e9xico tiene algo muy espec\u00edfico: todo se siente m\u00e1s bonito\u2026 hasta que sales de casa. El sol est\u00e1 perfecto, el outfit fluye, el plan suena incre\u00edble. Pero el clima \u2014como siempre\u2014 decide no cooperar. Hace calor, sube la humedad, cae una lluvia random\u2026","rel":"","context":"En \u00abBeauty\u00bb","block_context":{"text":"Beauty","link":"https:\/\/zeromagazine.mx\/index.php\/category\/beauty\/"},"img":{"alt_text":"","src":"https:\/\/i0.wp.com\/zeromagazine.mx\/wp-content\/uploads\/2026\/04\/HD6000Series_WEBR_GalleryRefresh11-scaled.jpg?fit=1200%2C1200&ssl=1&resize=350%2C200","width":350,"height":200,"srcset":"https:\/\/i0.wp.com\/zeromagazine.mx\/wp-content\/uploads\/2026\/04\/HD6000Series_WEBR_GalleryRefresh11-scaled.jpg?fit=1200%2C1200&ssl=1&resize=350%2C200 1x, https:\/\/i0.wp.com\/zeromagazine.mx\/wp-content\/uploads\/2026\/04\/HD6000Series_WEBR_GalleryRefresh11-scaled.jpg?fit=1200%2C1200&ssl=1&resize=525%2C300 1.5x, https:\/\/i0.wp.com\/zeromagazine.mx\/wp-content\/uploads\/2026\/04\/HD6000Series_WEBR_GalleryRefresh11-scaled.jpg?fit=1200%2C1200&ssl=1&resize=700%2C400 2x, https:\/\/i0.wp.com\/zeromagazine.mx\/wp-content\/uploads\/2026\/04\/HD6000Series_WEBR_GalleryRefresh11-scaled.jpg?fit=1200%2C1200&ssl=1&resize=1050%2C600 3x"},"classes":[]},{"id":74129,"url":"https:\/\/zeromagazine.mx\/index.php\/2024\/04\/16\/cabello-radiante-con-dr-akermans\/","url_meta":{"origin":119618,"position":1},"title":"Cabello Radiante con Dr. Akerman&#8217;s","author":"zeromagazinemx","date":"16 de abril de 2024","format":false,"excerpt":"Quiero compartirles mi rollo con los shampoos de Dr. Akerman's, una l\u00ednea que est\u00e1 rompi\u00e9ndola en mi rutina de cuidado personal. Estos shampoos no solo hablan, sino que \u00a1cumplen! Gracias a sus ingredientes naturales y su efectividad comprobada. Empecemos con el Shampoo Anticaspa Dr. Akerman's Naturals\u00ae. Si alguna vez te\u2026","rel":"","context":"En \u00abBlog\u00bb","block_context":{"text":"Blog","link":"https:\/\/zeromagazine.mx\/index.php\/category\/blog\/"},"img":{"alt_text":"","src":"https:\/\/i0.wp.com\/zeromagazine.mx\/wp-content\/uploads\/2024\/04\/Dr-Akermans-shampoo-anti-caspa-1.png?fit=1200%2C1200&ssl=1&resize=350%2C200","width":350,"height":200,"srcset":"https:\/\/i0.wp.com\/zeromagazine.mx\/wp-content\/uploads\/2024\/04\/Dr-Akermans-shampoo-anti-caspa-1.png?fit=1200%2C1200&ssl=1&resize=350%2C200 1x, https:\/\/i0.wp.com\/zeromagazine.mx\/wp-content\/uploads\/2024\/04\/Dr-Akermans-shampoo-anti-caspa-1.png?fit=1200%2C1200&ssl=1&resize=525%2C300 1.5x, https:\/\/i0.wp.com\/zeromagazine.mx\/wp-content\/uploads\/2024\/04\/Dr-Akermans-shampoo-anti-caspa-1.png?fit=1200%2C1200&ssl=1&resize=700%2C400 2x, https:\/\/i0.wp.com\/zeromagazine.mx\/wp-content\/uploads\/2024\/04\/Dr-Akermans-shampoo-anti-caspa-1.png?fit=1200%2C1200&ssl=1&resize=1050%2C600 3x"},"classes":[]},{"id":58428,"url":"https:\/\/zeromagazine.mx\/index.php\/2021\/11\/17\/dyson-en-tu-hogar\/","url_meta":{"origin":119618,"position":2},"title":"Dyson en tu hogar","author":"zeromagazinemx","date":"17 de noviembre de 2021","format":false,"excerpt":"El tiempo avanza y la tecnolog\u00eda no es la excepci\u00f3n, ya es parte de la vida diaria, tanto que ya los utilizamos para realizar diferentes acciones en el hogar, para tener un espacio c\u00f3modo, limpio y con la \u00faltima tecnolog\u00eda. Por Ian Ayala Entonces nuestros amigos de Dyson quiere que\u2026","rel":"","context":"En \u00abGadgets\u00bb","block_context":{"text":"Gadgets","link":"https:\/\/zeromagazine.mx\/index.php\/category\/tech\/gadgets\/"},"img":{"alt_text":"","src":"https:\/\/i0.wp.com\/zeromagazinemx.wpcomstaging.com\/wp-content\/uploads\/2022\/02\/ecc24-dyson-en-tu-hogar..jpg?resize=350%2C200&ssl=1","width":350,"height":200,"srcset":"https:\/\/i0.wp.com\/zeromagazinemx.wpcomstaging.com\/wp-content\/uploads\/2022\/02\/ecc24-dyson-en-tu-hogar..jpg?resize=350%2C200&ssl=1 1x, https:\/\/i0.wp.com\/zeromagazinemx.wpcomstaging.com\/wp-content\/uploads\/2022\/02\/ecc24-dyson-en-tu-hogar..jpg?resize=525%2C300&ssl=1 1.5x, https:\/\/i0.wp.com\/zeromagazinemx.wpcomstaging.com\/wp-content\/uploads\/2022\/02\/ecc24-dyson-en-tu-hogar..jpg?resize=700%2C400&ssl=1 2x"},"classes":[]},{"id":114972,"url":"https:\/\/zeromagazine.mx\/index.php\/2026\/02\/09\/cabello-como-extension-estilo-cuidado-capilar\/","url_meta":{"origin":119618,"position":3},"title":"El cabello como extensi\u00f3n de tu estilo","author":"David Morales","date":"9 de febrero de 2026","format":false,"excerpt":"Para quienes sue\u00f1an con longitud nivel diosa, pero sin sacrificar salud, la l\u00ednea Grow Long se vuelve un must. Aqu\u00ed, la meta no es solo que el cabello crezca, sino que crezca fuerte. Porque s\u00ed, tenerlo largo est\u00e1 cool\u2026 pero tenerlo largo y sano, es otro nivel. Adem\u00e1s, f\u00f3rmulas enfocadas\u2026","rel":"","context":"En \u00abBeauty\u00bb","block_context":{"text":"Beauty","link":"https:\/\/zeromagazine.mx\/index.php\/category\/beauty\/"},"img":{"alt_text":"","src":"https:\/\/i0.wp.com\/zeromagazine.mx\/wp-content\/uploads\/2026\/02\/a39a04ba-ba1a-472e-be36-934a3dca82c6.jpeg?fit=1200%2C1200&ssl=1&resize=350%2C200","width":350,"height":200,"srcset":"https:\/\/i0.wp.com\/zeromagazine.mx\/wp-content\/uploads\/2026\/02\/a39a04ba-ba1a-472e-be36-934a3dca82c6.jpeg?fit=1200%2C1200&ssl=1&resize=350%2C200 1x, https:\/\/i0.wp.com\/zeromagazine.mx\/wp-content\/uploads\/2026\/02\/a39a04ba-ba1a-472e-be36-934a3dca82c6.jpeg?fit=1200%2C1200&ssl=1&resize=525%2C300 1.5x, https:\/\/i0.wp.com\/zeromagazine.mx\/wp-content\/uploads\/2026\/02\/a39a04ba-ba1a-472e-be36-934a3dca82c6.jpeg?fit=1200%2C1200&ssl=1&resize=700%2C400 2x, https:\/\/i0.wp.com\/zeromagazine.mx\/wp-content\/uploads\/2026\/02\/a39a04ba-ba1a-472e-be36-934a3dca82c6.jpeg?fit=1200%2C1200&ssl=1&resize=1050%2C600 3x"},"classes":[]},{"id":89714,"url":"https:\/\/zeromagazine.mx\/index.php\/2024\/11\/07\/ikea-abre-tercera-tienda-en-mexico\/","url_meta":{"origin":119618,"position":4},"title":"IKEA Abre Tercera Tienda en M\u00e9xico","author":"zeromagazinemx","date":"7 de noviembre de 2024","format":false,"excerpt":"Amix, si andas por Guadalajara o por sus alrededores, tienes que escuchar esta notici\u00f3n. IKEA, esa marca sueca que nos trae locos con sus muebles s\u00faper cool y soluciones para tu hogar, acaba de abrir su tercera tienda en M\u00e9xico y no es cualquier tienda\u2026 Es la m\u00e1s grande de\u2026","rel":"","context":"En \u00abDise\u00f1o\u00bb","block_context":{"text":"Dise\u00f1o","link":"https:\/\/zeromagazine.mx\/index.php\/category\/diseno\/"},"img":{"alt_text":"","src":"https:\/\/i0.wp.com\/zeromagazine.mx\/wp-content\/uploads\/2024\/11\/e758691d-d4dd-4d11-9631-b4e1d3d04b21-scaled.jpg?fit=1200%2C900&ssl=1&resize=350%2C200","width":350,"height":200,"srcset":"https:\/\/i0.wp.com\/zeromagazine.mx\/wp-content\/uploads\/2024\/11\/e758691d-d4dd-4d11-9631-b4e1d3d04b21-scaled.jpg?fit=1200%2C900&ssl=1&resize=350%2C200 1x, https:\/\/i0.wp.com\/zeromagazine.mx\/wp-content\/uploads\/2024\/11\/e758691d-d4dd-4d11-9631-b4e1d3d04b21-scaled.jpg?fit=1200%2C900&ssl=1&resize=525%2C300 1.5x, https:\/\/i0.wp.com\/zeromagazine.mx\/wp-content\/uploads\/2024\/11\/e758691d-d4dd-4d11-9631-b4e1d3d04b21-scaled.jpg?fit=1200%2C900&ssl=1&resize=700%2C400 2x, https:\/\/i0.wp.com\/zeromagazine.mx\/wp-content\/uploads\/2024\/11\/e758691d-d4dd-4d11-9631-b4e1d3d04b21-scaled.jpg?fit=1200%2C900&ssl=1&resize=1050%2C600 3x"},"classes":[]},{"id":90593,"url":"https:\/\/zeromagazine.mx\/index.php\/2024\/11\/14\/cambia-tu-tv-sin-gastar-mucho\/","url_meta":{"origin":119618,"position":5},"title":"Cambia tu TV sin Gastar Mucho","author":"zeromagazinemx","date":"14 de noviembre de 2024","format":false,"excerpt":"Amix \u00bfTu tele ya no funciona como antes? \u00bfO simplemente sientes que te quedaste atr\u00e1s con esa pantalla cuadrada de hace mil a\u00f1os? No te preocupes, \u00a1no hace falta gastar un ojo de la cara para conseguir una tele nueva! En lugar de dejarte llevar por los precios alt\u00edsimos, hay\u2026","rel":"","context":"En \u00abTech\u00bb","block_context":{"text":"Tech","link":"https:\/\/zeromagazine.mx\/index.php\/category\/tech\/"},"img":{"alt_text":"","src":"https:\/\/i0.wp.com\/zeromagazine.mx\/wp-content\/uploads\/2024\/11\/Television-nueva.jpg?fit=612%2C408&ssl=1&resize=350%2C200","width":350,"height":200,"srcset":"https:\/\/i0.wp.com\/zeromagazine.mx\/wp-content\/uploads\/2024\/11\/Television-nueva.jpg?fit=612%2C408&ssl=1&resize=350%2C200 1x, https:\/\/i0.wp.com\/zeromagazine.mx\/wp-content\/uploads\/2024\/11\/Television-nueva.jpg?fit=612%2C408&ssl=1&resize=525%2C300 1.5x"},"classes":[]}],"jetpack_sharing_enabled":true,"builder_content":"","_links":{"self":[{"href":"https:\/\/zeromagazine.mx\/index.php\/wp-json\/wp\/v2\/posts\/119618","targetHints":{"allow":["GET"]}}],"collection":[{"href":"https:\/\/zeromagazine.mx\/index.php\/wp-json\/wp\/v2\/posts"}],"about":[{"href":"https:\/\/zeromagazine.mx\/index.php\/wp-json\/wp\/v2\/types\/post"}],"author":[{"embeddable":true,"href":"https:\/\/zeromagazine.mx\/index.php\/wp-json\/wp\/v2\/users\/2"}],"replies":[{"embeddable":true,"href":"https:\/\/zeromagazine.mx\/index.php\/wp-json\/wp\/v2\/comments?post=119618"}],"version-history":[{"count":1,"href":"https:\/\/zeromagazine.mx\/index.php\/wp-json\/wp\/v2\/posts\/119618\/revisions"}],"predecessor-version":[{"id":119622,"href":"https:\/\/zeromagazine.mx\/index.php\/wp-json\/wp\/v2\/posts\/119618\/revisions\/119622"}],"wp:featuredmedia":[{"embeddable":true,"href":"https:\/\/zeromagazine.mx\/index.php\/wp-json\/wp\/v2\/media\/119619"}],"wp:attachment":[{"href":"https:\/\/zeromagazine.mx\/index.php\/wp-json\/wp\/v2\/media?parent=119618"}],"wp:term":[{"taxonomy":"category","embeddable":true,"href":"https:\/\/zeromagazine.mx\/index.php\/wp-json\/wp\/v2\/categories?post=119618"},{"taxonomy":"post_tag","embeddable":true,"href":"https:\/\/zeromagazine.mx\/index.php\/wp-json\/wp\/v2\/tags?post=119618"}],"curies":[{"name":"wp","href":"https:\/\/api.w.org\/{rel}","templated":true}]}}