{"id":119661,"date":"2026-04-28T17:18:10","date_gmt":"2026-04-28T23:18:10","guid":{"rendered":"https:\/\/zeromagazine.mx\/?p=119661"},"modified":"2026-04-28T17:23:41","modified_gmt":"2026-04-28T23:23:41","slug":"diablo-viste-moda-2-cinepolis","status":"publish","type":"post","link":"https:\/\/zeromagazine.mx\/index.php\/2026\/04\/28\/diablo-viste-moda-2-cinepolis\/","title":{"rendered":"El Diablo Viste a la Moda 2 llega a Cin\u00e9polis con Garant\u00eda Cin\u00e9polis y una palomera especial"},"content":{"rendered":"<!--themify_builder_content-->\n<div id=\"themify_builder_content-119661\" data-postid=\"119661\" class=\"themify_builder_content themify_builder_content-119661 themify_builder tf_clear\">\n    <\/div>\n<!--\/themify_builder_content-->\n\n\n<p>El estreno m\u00e1s esperado llega con Garant\u00eda Cin\u00e9polis, preestreno y un coleccionable que ya queremos en nuestras manos.<\/p>\n\n\n\n<p>Hay pel\u00edculas que ves\u2026 y otras que vives como evento.&nbsp;<em>El Diablo Viste a la Moda 2<\/em>&nbsp;entra directo en la segunda categor\u00eda. Y esta vez,&nbsp;Cin\u00e9polis&nbsp;no solo la lleva a la pantalla grande: la convierte en toda una experiencia fashion-cinem\u00e1tica.<\/p>\n\n\n\n<h3 class=\"wp-block-heading\">Cin\u00e9polis El Diablo Viste a la Moda: el regreso que necesit\u00e1bamos<\/h3>\n\n\n\n<p>En realidad,&nbsp;<strong>Cin\u00e9polis El Diablo Viste a la Moda<\/strong>&nbsp;no es solo un estreno m\u00e1s en cartelera. Es el comeback de un universo que defini\u00f3 est\u00e9tica, actitud y aspiraci\u00f3n para toda una generaci\u00f3n.<\/p>\n\n\n\n<p>Adem\u00e1s, el regreso de&nbsp;Meryl Streep,&nbsp;Anne Hathaway&nbsp;y&nbsp;Emily Blunt&nbsp;no es solo nostalgia: es evoluci\u00f3n. Sus personajes vuelven con nuevas capas, adaptados a una industria que ya no es la misma\u2026 pero sigue siendo igual de intensa.<\/p>\n\n\n\n<p>Por otro lado, la pel\u00edcula aterriza temas como poder, ambici\u00f3n e identidad con una narrativa contempor\u00e1nea que mantiene ese equilibrio entre drama elegante y momentos ic\u00f3nicos que esperamos repetir en quotes.<\/p>\n\n\n\n<h3 class=\"wp-block-heading\">Cin\u00e9polis El Diablo Viste a la Moda: preestreno y Garant\u00eda Cin\u00e9polis<\/h3>\n\n\n\n<p>Ahora bien, si eres de los que no pueden esperar, hay buenas noticias.&nbsp;<strong>Cin\u00e9polis El Diablo Viste a la Moda<\/strong>&nbsp;tendr\u00e1 preestreno el 29 de abril con funciones desde las 19:00 horas.<\/p>\n\n\n\n<p>Adem\u00e1s, el estreno oficial el 30 de abril llega con el sello de Garant\u00eda Cin\u00e9polis, lo que b\u00e1sicamente traduce: una pel\u00edcula que vale la pena ver en pantalla grande.<\/p>\n\n\n\n<figure class=\"wp-block-gallery has-nested-images columns-default is-cropped wp-block-gallery-1 is-layout-flex wp-block-gallery-is-layout-flex\">\n<figure class=\"wp-block-image size-large\"><img data-recalc-dims=\"1\" decoding=\"async\" width=\"720\" height=\"1022\" data-id=\"119666\" src=\"https:\/\/i0.wp.com\/zeromagazine.mx\/wp-content\/uploads\/2026\/04\/IMG_2416.jpeg?resize=720%2C1022&#038;ssl=1\" alt=\"\" class=\"wp-image-119666\" srcset=\"https:\/\/i0.wp.com\/zeromagazine.mx\/wp-content\/uploads\/2026\/04\/IMG_2416.jpeg?w=720&amp;ssl=1 720w, https:\/\/i0.wp.com\/zeromagazine.mx\/wp-content\/uploads\/2026\/04\/IMG_2416.jpeg?resize=211%2C300&amp;ssl=1 211w\" sizes=\"(max-width: 720px) 100vw, 720px\" \/><\/figure>\n<\/figure>\n\n\n\n<p>En realidad, esto no es solo marketing. Es una forma de posicionar el film como uno de los highlights de la temporada.<\/p>\n\n\n\n<h3 class=\"wp-block-heading\">Cin\u00e9polis El Diablo Viste a la Moda: la palomera que ya es objeto de deseo<\/h3>\n\n\n\n<p>Por otro lado, hablemos de lo que ya est\u00e1 generando conversaci\u00f3n: la palomera edici\u00f3n especial. Porque s\u00ed,&nbsp;<strong>Cin\u00e9polis El Diablo Viste a la Moda<\/strong>&nbsp;tambi\u00e9n se vive fuera de la sala.<\/p>\n\n\n\n<p>Adem\u00e1s, este coleccionable 3D llega con un dise\u00f1o pensado para fans que entienden que el detalle tambi\u00e9n es parte del look. Tendr\u00e1 un precio de $450 MXN e incluye palomitas de mantequilla (aunque puedes elevar el mood con otros sabores).<\/p>\n\n\n\n<p>Ahora bien, la preventa arranca el 29 de abril exclusivamente para socios Club Cin\u00e9polis niveles Fan\u00e1tico y S\u00faper Fan\u00e1tico, con una pieza por persona. La venta general comienza el 30 de abril\u2026 y s\u00ed, todo apunta a que volar\u00e1.<\/p>\n\n\n\n<h3 class=\"wp-block-heading\">Moda, cine y cultura pop en un solo momento<\/h3>\n\n\n\n<p>En un panorama donde todo compite por atenci\u00f3n,&nbsp;<strong>Cin\u00e9polis El Diablo Viste a la Moda<\/strong>&nbsp;logra algo clave: convertir un estreno en experiencia cultural.<\/p>\n\n\n\n<p>Porque no se trata solo de ver la pel\u00edcula. Se trata de llegar, elegir tu snack, tomarte la foto, comentar el outfit de Miranda y salir con esa sensaci\u00f3n de haber estado en algo m\u00e1s grande que una funci\u00f3n.<\/p>\n\n\n\n<p>Y si algo es claro\u2026 es que este estreno no es opcional. Es pr\u00e1cticamente un statement.<\/p>","protected":false},"excerpt":{"rendered":"<p>El estreno m\u00e1s esperado llega con Garant\u00eda Cin\u00e9polis, preestreno y un coleccionable que ya queremos en nuestras manos. Hay pel\u00edculas que ves\u2026 y otras que vives como evento.&nbsp;El Diablo Viste a la Moda 2&nbsp;entra directo en la segunda categor\u00eda. Y esta vez,&nbsp;Cin\u00e9polis&nbsp;no solo la lleva a la pantalla grande: la convierte en toda una experiencia [&hellip;]<\/p>\n","protected":false},"author":4,"featured_media":119668,"comment_status":"open","ping_status":"open","sticky":false,"template":"","format":"standard","meta":{"_jetpack_memberships_contains_paid_content":false,"footnotes":"","jetpack_publicize_message":"","jetpack_publicize_feature_enabled":true,"jetpack_social_post_already_shared":true,"jetpack_social_options":{"image_generator_settings":{"template":"highway","default_image_id":0,"font":"","enabled":false},"version":2}},"categories":[1,109,117],"tags":[],"class_list":["post-119661","post","type-post","status-publish","format-standard","has-post-thumbnail","hentry","category-blog","category-cine","category-entretenimiento","has-post-title","has-post-date","has-post-category","has-post-tag","has-post-comment","has-post-author",""],"yoast_head":"<!-- This site is optimized with the Yoast SEO plugin v27.5 - https:\/\/yoast.com\/product\/yoast-seo-wordpress\/ -->\n<title>El Diablo Viste a la Moda 2 llega a Cin\u00e9polis con Garant\u00eda Cin\u00e9polis y una palomera especial - Zero Magazine<\/title>\n<meta name=\"description\" content=\"Diablo Viste Moda 2 llega a Cin\u00e9polis con preestreno y palomera especial. Todo sobre este estreno imperdible.\" \/>\n<meta name=\"robots\" content=\"index, follow, max-snippet:-1, max-image-preview:large, max-video-preview:-1\" \/>\n<link rel=\"canonical\" href=\"https:\/\/zeromagazine.mx\/index.php\/2026\/04\/28\/diablo-viste-moda-2-cinepolis\/\" \/>\n<meta property=\"og:locale\" content=\"es_ES\" \/>\n<meta property=\"og:type\" content=\"article\" \/>\n<meta property=\"og:title\" content=\"El Diablo Viste a la Moda 2 llega a Cin\u00e9polis con Garant\u00eda Cin\u00e9polis y una palomera especial - Zero Magazine\" \/>\n<meta property=\"og:description\" content=\"Diablo Viste Moda 2 llega a Cin\u00e9polis con preestreno y palomera especial. Todo sobre este estreno imperdible.\" \/>\n<meta property=\"og:url\" content=\"https:\/\/zeromagazine.mx\/index.php\/2026\/04\/28\/diablo-viste-moda-2-cinepolis\/\" \/>\n<meta property=\"og:site_name\" content=\"Zero Magazine\" \/>\n<meta property=\"article:published_time\" content=\"2026-04-28T23:18:10+00:00\" \/>\n<meta property=\"article:modified_time\" content=\"2026-04-28T23:23:41+00:00\" \/>\n<meta property=\"og:image\" content=\"http:\/\/zeromagazine.mx\/wp-content\/uploads\/2026\/04\/IMG_2419.png\" \/>\n\t<meta property=\"og:image:width\" content=\"1761\" \/>\n\t<meta property=\"og:image:height\" content=\"893\" \/>\n\t<meta property=\"og:image:type\" content=\"image\/png\" \/>\n<meta name=\"author\" content=\"David Morales\" \/>\n<meta name=\"twitter:card\" content=\"summary_large_image\" \/>\n<meta name=\"twitter:label1\" content=\"Escrito por\" \/>\n\t<meta name=\"twitter:data1\" content=\"David Morales\" \/>\n\t<meta name=\"twitter:label2\" content=\"Tiempo de lectura\" \/>\n\t<meta name=\"twitter:data2\" content=\"3 minutos\" \/>\n<script type=\"application\/ld+json\" class=\"yoast-schema-graph\">{\"@context\":\"https:\\\/\\\/schema.org\",\"@graph\":[{\"@type\":\"Article\",\"@id\":\"https:\\\/\\\/zeromagazine.mx\\\/index.php\\\/2026\\\/04\\\/28\\\/diablo-viste-moda-2-cinepolis\\\/#article\",\"isPartOf\":{\"@id\":\"https:\\\/\\\/zeromagazine.mx\\\/index.php\\\/2026\\\/04\\\/28\\\/diablo-viste-moda-2-cinepolis\\\/\"},\"author\":{\"name\":\"David Morales\",\"@id\":\"https:\\\/\\\/zeromagazine.mx\\\/#\\\/schema\\\/person\\\/9f7f1a17c60ba8e9980e3e6677aabe5a\"},\"headline\":\"El Diablo Viste a la Moda 2 llega a Cin\u00e9polis con Garant\u00eda Cin\u00e9polis y una palomera especial\",\"datePublished\":\"2026-04-28T23:18:10+00:00\",\"dateModified\":\"2026-04-28T23:23:41+00:00\",\"mainEntityOfPage\":{\"@id\":\"https:\\\/\\\/zeromagazine.mx\\\/index.php\\\/2026\\\/04\\\/28\\\/diablo-viste-moda-2-cinepolis\\\/\"},\"wordCount\":558,\"commentCount\":0,\"publisher\":{\"@id\":\"https:\\\/\\\/zeromagazine.mx\\\/#organization\"},\"image\":{\"@id\":\"https:\\\/\\\/zeromagazine.mx\\\/index.php\\\/2026\\\/04\\\/28\\\/diablo-viste-moda-2-cinepolis\\\/#primaryimage\"},\"thumbnailUrl\":\"https:\\\/\\\/i0.wp.com\\\/zeromagazine.mx\\\/wp-content\\\/uploads\\\/2026\\\/04\\\/IMG_2419.png?fit=1761%2C893&ssl=1\",\"articleSection\":[\"Blog\",\"Cine\",\"Entretenimiento\"],\"inLanguage\":\"es\",\"potentialAction\":[{\"@type\":\"CommentAction\",\"name\":\"Comment\",\"target\":[\"https:\\\/\\\/zeromagazine.mx\\\/index.php\\\/2026\\\/04\\\/28\\\/diablo-viste-moda-2-cinepolis\\\/#respond\"]}]},{\"@type\":\"WebPage\",\"@id\":\"https:\\\/\\\/zeromagazine.mx\\\/index.php\\\/2026\\\/04\\\/28\\\/diablo-viste-moda-2-cinepolis\\\/\",\"url\":\"https:\\\/\\\/zeromagazine.mx\\\/index.php\\\/2026\\\/04\\\/28\\\/diablo-viste-moda-2-cinepolis\\\/\",\"name\":\"El Diablo Viste a la Moda 2 llega a Cin\u00e9polis con Garant\u00eda Cin\u00e9polis y una palomera especial - Zero Magazine\",\"isPartOf\":{\"@id\":\"https:\\\/\\\/zeromagazine.mx\\\/#website\"},\"primaryImageOfPage\":{\"@id\":\"https:\\\/\\\/zeromagazine.mx\\\/index.php\\\/2026\\\/04\\\/28\\\/diablo-viste-moda-2-cinepolis\\\/#primaryimage\"},\"image\":{\"@id\":\"https:\\\/\\\/zeromagazine.mx\\\/index.php\\\/2026\\\/04\\\/28\\\/diablo-viste-moda-2-cinepolis\\\/#primaryimage\"},\"thumbnailUrl\":\"https:\\\/\\\/i0.wp.com\\\/zeromagazine.mx\\\/wp-content\\\/uploads\\\/2026\\\/04\\\/IMG_2419.png?fit=1761%2C893&ssl=1\",\"datePublished\":\"2026-04-28T23:18:10+00:00\",\"dateModified\":\"2026-04-28T23:23:41+00:00\",\"description\":\"Diablo Viste Moda 2 llega a Cin\u00e9polis con preestreno y palomera especial. Todo sobre este estreno imperdible.\",\"breadcrumb\":{\"@id\":\"https:\\\/\\\/zeromagazine.mx\\\/index.php\\\/2026\\\/04\\\/28\\\/diablo-viste-moda-2-cinepolis\\\/#breadcrumb\"},\"inLanguage\":\"es\",\"potentialAction\":[{\"@type\":\"ReadAction\",\"target\":[\"https:\\\/\\\/zeromagazine.mx\\\/index.php\\\/2026\\\/04\\\/28\\\/diablo-viste-moda-2-cinepolis\\\/\"]}]},{\"@type\":\"ImageObject\",\"inLanguage\":\"es\",\"@id\":\"https:\\\/\\\/zeromagazine.mx\\\/index.php\\\/2026\\\/04\\\/28\\\/diablo-viste-moda-2-cinepolis\\\/#primaryimage\",\"url\":\"https:\\\/\\\/i0.wp.com\\\/zeromagazine.mx\\\/wp-content\\\/uploads\\\/2026\\\/04\\\/IMG_2419.png?fit=1761%2C893&ssl=1\",\"contentUrl\":\"https:\\\/\\\/i0.wp.com\\\/zeromagazine.mx\\\/wp-content\\\/uploads\\\/2026\\\/04\\\/IMG_2419.png?fit=1761%2C893&ssl=1\",\"width\":1761,\"height\":893},{\"@type\":\"BreadcrumbList\",\"@id\":\"https:\\\/\\\/zeromagazine.mx\\\/index.php\\\/2026\\\/04\\\/28\\\/diablo-viste-moda-2-cinepolis\\\/#breadcrumb\",\"itemListElement\":[{\"@type\":\"ListItem\",\"position\":1,\"name\":\"Portada\",\"item\":\"https:\\\/\\\/zeromagazine.mx\\\/\"},{\"@type\":\"ListItem\",\"position\":2,\"name\":\"El Diablo Viste a la Moda 2 llega a Cin\u00e9polis con Garant\u00eda Cin\u00e9polis y una palomera especial\"}]},{\"@type\":\"WebSite\",\"@id\":\"https:\\\/\\\/zeromagazine.mx\\\/#website\",\"url\":\"https:\\\/\\\/zeromagazine.mx\\\/\",\"name\":\"Zero Magazine\",\"description\":\"\",\"publisher\":{\"@id\":\"https:\\\/\\\/zeromagazine.mx\\\/#organization\"},\"potentialAction\":[{\"@type\":\"SearchAction\",\"target\":{\"@type\":\"EntryPoint\",\"urlTemplate\":\"https:\\\/\\\/zeromagazine.mx\\\/?s={search_term_string}\"},\"query-input\":{\"@type\":\"PropertyValueSpecification\",\"valueRequired\":true,\"valueName\":\"search_term_string\"}}],\"inLanguage\":\"es\"},{\"@type\":\"Organization\",\"@id\":\"https:\\\/\\\/zeromagazine.mx\\\/#organization\",\"name\":\"Zero Magazine\",\"url\":\"https:\\\/\\\/zeromagazine.mx\\\/\",\"logo\":{\"@type\":\"ImageObject\",\"inLanguage\":\"es\",\"@id\":\"https:\\\/\\\/zeromagazine.mx\\\/#\\\/schema\\\/logo\\\/image\\\/\",\"url\":\"https:\\\/\\\/i0.wp.com\\\/zeromagazine.mx\\\/wp-content\\\/uploads\\\/2025\\\/11\\\/1.jpeg?fit=1000%2C1000&ssl=1\",\"contentUrl\":\"https:\\\/\\\/i0.wp.com\\\/zeromagazine.mx\\\/wp-content\\\/uploads\\\/2025\\\/11\\\/1.jpeg?fit=1000%2C1000&ssl=1\",\"width\":1000,\"height\":1000,\"caption\":\"Zero Magazine\"},\"image\":{\"@id\":\"https:\\\/\\\/zeromagazine.mx\\\/#\\\/schema\\\/logo\\\/image\\\/\"},\"sameAs\":[\"https:\\\/\\\/instagram.com\\\/zeromagazinemx\"]},{\"@type\":\"Person\",\"@id\":\"https:\\\/\\\/zeromagazine.mx\\\/#\\\/schema\\\/person\\\/9f7f1a17c60ba8e9980e3e6677aabe5a\",\"name\":\"David Morales\",\"image\":{\"@type\":\"ImageObject\",\"inLanguage\":\"es\",\"@id\":\"https:\\\/\\\/zeromagazine.mx\\\/wp-content\\\/litespeed\\\/avatar\\\/76069d2136bfc1c37dc34815bb67ca42.jpg?ver=1776966186\",\"url\":\"https:\\\/\\\/zeromagazine.mx\\\/wp-content\\\/litespeed\\\/avatar\\\/76069d2136bfc1c37dc34815bb67ca42.jpg?ver=1776966186\",\"contentUrl\":\"https:\\\/\\\/zeromagazine.mx\\\/wp-content\\\/litespeed\\\/avatar\\\/76069d2136bfc1c37dc34815bb67ca42.jpg?ver=1776966186\",\"caption\":\"David Morales\"},\"url\":\"https:\\\/\\\/zeromagazine.mx\\\/index.php\\\/author\\\/david\\\/\"}]}<\/script>\n<!-- \/ Yoast SEO plugin. -->","yoast_head_json":{"title":"El Diablo Viste a la Moda 2 llega a Cin\u00e9polis con Garant\u00eda Cin\u00e9polis y una palomera especial - Zero Magazine","description":"Diablo Viste Moda 2 llega a Cin\u00e9polis con preestreno y palomera especial. Todo sobre este estreno imperdible.","robots":{"index":"index","follow":"follow","max-snippet":"max-snippet:-1","max-image-preview":"max-image-preview:large","max-video-preview":"max-video-preview:-1"},"canonical":"https:\/\/zeromagazine.mx\/index.php\/2026\/04\/28\/diablo-viste-moda-2-cinepolis\/","og_locale":"es_ES","og_type":"article","og_title":"El Diablo Viste a la Moda 2 llega a Cin\u00e9polis con Garant\u00eda Cin\u00e9polis y una palomera especial - Zero Magazine","og_description":"Diablo Viste Moda 2 llega a Cin\u00e9polis con preestreno y palomera especial. Todo sobre este estreno imperdible.","og_url":"https:\/\/zeromagazine.mx\/index.php\/2026\/04\/28\/diablo-viste-moda-2-cinepolis\/","og_site_name":"Zero Magazine","article_published_time":"2026-04-28T23:18:10+00:00","article_modified_time":"2026-04-28T23:23:41+00:00","og_image":[{"width":1761,"height":893,"url":"http:\/\/zeromagazine.mx\/wp-content\/uploads\/2026\/04\/IMG_2419.png","type":"image\/png"}],"author":"David Morales","twitter_card":"summary_large_image","twitter_misc":{"Escrito por":"David Morales","Tiempo de lectura":"3 minutos"},"schema":{"@context":"https:\/\/schema.org","@graph":[{"@type":"Article","@id":"https:\/\/zeromagazine.mx\/index.php\/2026\/04\/28\/diablo-viste-moda-2-cinepolis\/#article","isPartOf":{"@id":"https:\/\/zeromagazine.mx\/index.php\/2026\/04\/28\/diablo-viste-moda-2-cinepolis\/"},"author":{"name":"David Morales","@id":"https:\/\/zeromagazine.mx\/#\/schema\/person\/9f7f1a17c60ba8e9980e3e6677aabe5a"},"headline":"El Diablo Viste a la Moda 2 llega a Cin\u00e9polis con Garant\u00eda Cin\u00e9polis y una palomera especial","datePublished":"2026-04-28T23:18:10+00:00","dateModified":"2026-04-28T23:23:41+00:00","mainEntityOfPage":{"@id":"https:\/\/zeromagazine.mx\/index.php\/2026\/04\/28\/diablo-viste-moda-2-cinepolis\/"},"wordCount":558,"commentCount":0,"publisher":{"@id":"https:\/\/zeromagazine.mx\/#organization"},"image":{"@id":"https:\/\/zeromagazine.mx\/index.php\/2026\/04\/28\/diablo-viste-moda-2-cinepolis\/#primaryimage"},"thumbnailUrl":"https:\/\/i0.wp.com\/zeromagazine.mx\/wp-content\/uploads\/2026\/04\/IMG_2419.png?fit=1761%2C893&ssl=1","articleSection":["Blog","Cine","Entretenimiento"],"inLanguage":"es","potentialAction":[{"@type":"CommentAction","name":"Comment","target":["https:\/\/zeromagazine.mx\/index.php\/2026\/04\/28\/diablo-viste-moda-2-cinepolis\/#respond"]}]},{"@type":"WebPage","@id":"https:\/\/zeromagazine.mx\/index.php\/2026\/04\/28\/diablo-viste-moda-2-cinepolis\/","url":"https:\/\/zeromagazine.mx\/index.php\/2026\/04\/28\/diablo-viste-moda-2-cinepolis\/","name":"El Diablo Viste a la Moda 2 llega a Cin\u00e9polis con Garant\u00eda Cin\u00e9polis y una palomera especial - Zero Magazine","isPartOf":{"@id":"https:\/\/zeromagazine.mx\/#website"},"primaryImageOfPage":{"@id":"https:\/\/zeromagazine.mx\/index.php\/2026\/04\/28\/diablo-viste-moda-2-cinepolis\/#primaryimage"},"image":{"@id":"https:\/\/zeromagazine.mx\/index.php\/2026\/04\/28\/diablo-viste-moda-2-cinepolis\/#primaryimage"},"thumbnailUrl":"https:\/\/i0.wp.com\/zeromagazine.mx\/wp-content\/uploads\/2026\/04\/IMG_2419.png?fit=1761%2C893&ssl=1","datePublished":"2026-04-28T23:18:10+00:00","dateModified":"2026-04-28T23:23:41+00:00","description":"Diablo Viste Moda 2 llega a Cin\u00e9polis con preestreno y palomera especial. Todo sobre este estreno imperdible.","breadcrumb":{"@id":"https:\/\/zeromagazine.mx\/index.php\/2026\/04\/28\/diablo-viste-moda-2-cinepolis\/#breadcrumb"},"inLanguage":"es","potentialAction":[{"@type":"ReadAction","target":["https:\/\/zeromagazine.mx\/index.php\/2026\/04\/28\/diablo-viste-moda-2-cinepolis\/"]}]},{"@type":"ImageObject","inLanguage":"es","@id":"https:\/\/zeromagazine.mx\/index.php\/2026\/04\/28\/diablo-viste-moda-2-cinepolis\/#primaryimage","url":"https:\/\/i0.wp.com\/zeromagazine.mx\/wp-content\/uploads\/2026\/04\/IMG_2419.png?fit=1761%2C893&ssl=1","contentUrl":"https:\/\/i0.wp.com\/zeromagazine.mx\/wp-content\/uploads\/2026\/04\/IMG_2419.png?fit=1761%2C893&ssl=1","width":1761,"height":893},{"@type":"BreadcrumbList","@id":"https:\/\/zeromagazine.mx\/index.php\/2026\/04\/28\/diablo-viste-moda-2-cinepolis\/#breadcrumb","itemListElement":[{"@type":"ListItem","position":1,"name":"Portada","item":"https:\/\/zeromagazine.mx\/"},{"@type":"ListItem","position":2,"name":"El Diablo Viste a la Moda 2 llega a Cin\u00e9polis con Garant\u00eda Cin\u00e9polis y una palomera especial"}]},{"@type":"WebSite","@id":"https:\/\/zeromagazine.mx\/#website","url":"https:\/\/zeromagazine.mx\/","name":"Zero Magazine","description":"","publisher":{"@id":"https:\/\/zeromagazine.mx\/#organization"},"potentialAction":[{"@type":"SearchAction","target":{"@type":"EntryPoint","urlTemplate":"https:\/\/zeromagazine.mx\/?s={search_term_string}"},"query-input":{"@type":"PropertyValueSpecification","valueRequired":true,"valueName":"search_term_string"}}],"inLanguage":"es"},{"@type":"Organization","@id":"https:\/\/zeromagazine.mx\/#organization","name":"Zero Magazine","url":"https:\/\/zeromagazine.mx\/","logo":{"@type":"ImageObject","inLanguage":"es","@id":"https:\/\/zeromagazine.mx\/#\/schema\/logo\/image\/","url":"https:\/\/i0.wp.com\/zeromagazine.mx\/wp-content\/uploads\/2025\/11\/1.jpeg?fit=1000%2C1000&ssl=1","contentUrl":"https:\/\/i0.wp.com\/zeromagazine.mx\/wp-content\/uploads\/2025\/11\/1.jpeg?fit=1000%2C1000&ssl=1","width":1000,"height":1000,"caption":"Zero Magazine"},"image":{"@id":"https:\/\/zeromagazine.mx\/#\/schema\/logo\/image\/"},"sameAs":["https:\/\/instagram.com\/zeromagazinemx"]},{"@type":"Person","@id":"https:\/\/zeromagazine.mx\/#\/schema\/person\/9f7f1a17c60ba8e9980e3e6677aabe5a","name":"David Morales","image":{"@type":"ImageObject","inLanguage":"es","@id":"https:\/\/zeromagazine.mx\/wp-content\/litespeed\/avatar\/76069d2136bfc1c37dc34815bb67ca42.jpg?ver=1776966186","url":"https:\/\/zeromagazine.mx\/wp-content\/litespeed\/avatar\/76069d2136bfc1c37dc34815bb67ca42.jpg?ver=1776966186","contentUrl":"https:\/\/zeromagazine.mx\/wp-content\/litespeed\/avatar\/76069d2136bfc1c37dc34815bb67ca42.jpg?ver=1776966186","caption":"David Morales"},"url":"https:\/\/zeromagazine.mx\/index.php\/author\/david\/"}]}},"jetpack_publicize_connections":[],"jetpack_featured_media_url":"https:\/\/i0.wp.com\/zeromagazine.mx\/wp-content\/uploads\/2026\/04\/IMG_2419.png?fit=1761%2C893&ssl=1","jetpack-related-posts":[{"id":118100,"url":"https:\/\/zeromagazine.mx\/index.php\/2026\/04\/10\/el-diablo-viste-a-la-moda-2-cinepolis\/","url_meta":{"origin":119661,"position":0},"title":"El Diablo Viste a la Moda 2","author":"zeromagazinemx","date":"10 de abril de 2026","format":false,"excerpt":"Si pensabas que la moda ya hab\u00eda tenido su momento\u2026 pi\u00e9nsalo otra vez. El Diablo Viste a la Moda 2 est\u00e1 de regreso y no solo viene con looks ic\u00f3nicos, sino con toda una experiencia que convierte ir al cine en algo mucho m\u00e1s aesthetic. S\u00ed, le\u00edste bien. La secuela\u2026","rel":"","context":"En \u00abBlog\u00bb","block_context":{"text":"Blog","link":"https:\/\/zeromagazine.mx\/index.php\/category\/blog\/"},"img":{"alt_text":"","src":"https:\/\/i0.wp.com\/zeromagazine.mx\/wp-content\/uploads\/2026\/04\/image-2.png?fit=426%2C606&ssl=1&resize=350%2C200","width":350,"height":200},"classes":[]},{"id":97284,"url":"https:\/\/zeromagazine.mx\/index.php\/2025\/02\/24\/garantia-cinepolis-estrena-better-man\/","url_meta":{"origin":119661,"position":1},"title":"Robbie Williams en Garant\u00eda Cin\u00e9polis","author":"David Morales","date":"24 de febrero de 2025","format":false,"excerpt":"Amix, si creciste escuchando Angels o bailaste con Rock DJ, te tengo una joyita que no puedes dejar pasar. Se trata de Better Man - La historia de Robbie Williams, una peli que llega a Cin\u00e9polis con su ic\u00f3nica Garant\u00eda Cin\u00e9polis\u00ae, lo que significa que est\u00e1 mega recomendada. \u00bfDe qu\u00e9\u2026","rel":"","context":"En \u00abCultura\u00bb","block_context":{"text":"Cultura","link":"https:\/\/zeromagazine.mx\/index.php\/category\/cultura\/"},"img":{"alt_text":"","src":"https:\/\/i0.wp.com\/zeromagazine.mx\/wp-content\/uploads\/2025\/02\/image.png?fit=223%2C320&ssl=1&resize=350%2C200","width":350,"height":200},"classes":[]},{"id":93036,"url":"https:\/\/zeromagazine.mx\/index.php\/2024\/12\/13\/preventa-cinepolis-estrenos-imperdibles-2024\/","url_meta":{"origin":119661,"position":2},"title":"Preventa Cin\u00e9polis: Estrenos Imperdibles 2024","author":"zeromagazinemx","date":"13 de diciembre de 2024","format":false,"excerpt":"Preventa Cin\u00e9polis Preventa Cin\u00e9polis tiene todo lo que necesitas \u00a1estamos a punto de vivir un diciembre lleno de magia, acci\u00f3n y nostalgia con los estrenos m\u00e1s esperados de la temporada! Si eres de l@s que siempre est\u00e1n al tanto de lo \u00faltimo en el cine, \u00a1entonces este art\u00edculo es para\u2026","rel":"","context":"En \u00abCultura\u00bb","block_context":{"text":"Cultura","link":"https:\/\/zeromagazine.mx\/index.php\/category\/cultura\/"},"img":{"alt_text":"","src":"https:\/\/i0.wp.com\/zeromagazine.mx\/wp-content\/uploads\/2024\/12\/image005.jpg?fit=414%2C603&ssl=1&resize=350%2C200","width":350,"height":200},"classes":[]},{"id":117589,"url":"https:\/\/zeromagazine.mx\/index.php\/2026\/03\/31\/sala-de-arte-cinepolis-abril-estrenos\/","url_meta":{"origin":119661,"position":3},"title":"Sala de Arte Cin\u00e9polis abril estrenos","author":"zeromagazinemx","date":"31 de marzo de 2026","format":false,"excerpt":"Si estabas esperando una excusa para salirte del cine comercial y ver algo que realmente te deje pensando, abril acaba de resolverte el plan. La curadur\u00eda de Cin\u00e9polis en Sala de Arte llega con pel\u00edculas que no buscan gustarte f\u00e1cil\u2026 buscan moverte. Este mes no es sobre blockbusters, es sobre\u2026","rel":"","context":"En \u00abBlog\u00bb","block_context":{"text":"Blog","link":"https:\/\/zeromagazine.mx\/index.php\/category\/blog\/"},"img":{"alt_text":"","src":"","width":0,"height":0},"classes":[]},{"id":93756,"url":"https:\/\/zeromagazine.mx\/index.php\/2024\/12\/20\/mufasa-llega-al-cine-con-increibles-coleccionables\/","url_meta":{"origin":119661,"position":4},"title":"Mufasa llega al Cine con Incre\u00edbles Coleccionables","author":"zeromagazinemx","date":"20 de diciembre de 2024","format":false,"excerpt":"Holi, amix. Hoy vengo a contarles de algo que literal va a hacer que corran al cine con palomitas en mano y coraz\u00f3n emocionado. Y s\u00ed, estoy hablando de Mufasa: El Rey Le\u00f3n. Esta joya animada llega a nuestras vidas el pr\u00f3ximo 19 de diciembre, y obvio, Cin\u00e9polis no se\u2026","rel":"","context":"En \u00abDise\u00f1o\u00bb","block_context":{"text":"Dise\u00f1o","link":"https:\/\/zeromagazine.mx\/index.php\/category\/diseno\/"},"img":{"alt_text":"","src":"https:\/\/i0.wp.com\/zeromagazine.mx\/wp-content\/uploads\/2024\/12\/VENTA-CC-MUFASA-CINEPOLIS.jpg?fit=927%2C1200&ssl=1&resize=350%2C200","width":350,"height":200,"srcset":"https:\/\/i0.wp.com\/zeromagazine.mx\/wp-content\/uploads\/2024\/12\/VENTA-CC-MUFASA-CINEPOLIS.jpg?fit=927%2C1200&ssl=1&resize=350%2C200 1x, https:\/\/i0.wp.com\/zeromagazine.mx\/wp-content\/uploads\/2024\/12\/VENTA-CC-MUFASA-CINEPOLIS.jpg?fit=927%2C1200&ssl=1&resize=525%2C300 1.5x, https:\/\/i0.wp.com\/zeromagazine.mx\/wp-content\/uploads\/2024\/12\/VENTA-CC-MUFASA-CINEPOLIS.jpg?fit=927%2C1200&ssl=1&resize=700%2C400 2x"},"classes":[]},{"id":113762,"url":"https:\/\/zeromagazine.mx\/index.php\/2026\/01\/20\/garantia-cinepolis-hamnet-ayuda\/","url_meta":{"origin":119661,"position":5},"title":"Garant\u00eda Cin\u00e9polis apuesta por historias que se sienten","author":"zeromagazinemx","date":"20 de enero de 2026","format":false,"excerpt":"Cerrar enero con buenas pel\u00edculas no es casualidad, es estrategia. Y este 2026, Garant\u00eda Cin\u00e9polis lo hace con dos estrenos que no podr\u00edan ser m\u00e1s distintos entre s\u00ed, pero que comparten algo clave: historias que se viven con intensidad y se quedan contigo despu\u00e9s de salir de la sala. El\u2026","rel":"","context":"En \u00abCine\u00bb","block_context":{"text":"Cine","link":"https:\/\/zeromagazine.mx\/index.php\/category\/entretenimiento\/cine\/"},"img":{"alt_text":"","src":"https:\/\/i0.wp.com\/zeromagazine.mx\/wp-content\/uploads\/2026\/01\/image003.jpg?resize=350%2C200&ssl=1","width":350,"height":200,"srcset":"https:\/\/i0.wp.com\/zeromagazine.mx\/wp-content\/uploads\/2026\/01\/image003.jpg?resize=350%2C200&ssl=1 1x, https:\/\/i0.wp.com\/zeromagazine.mx\/wp-content\/uploads\/2026\/01\/image003.jpg?resize=525%2C300&ssl=1 1.5x"},"classes":[]}],"jetpack_sharing_enabled":true,"builder_content":"","_links":{"self":[{"href":"https:\/\/zeromagazine.mx\/index.php\/wp-json\/wp\/v2\/posts\/119661","targetHints":{"allow":["GET"]}}],"collection":[{"href":"https:\/\/zeromagazine.mx\/index.php\/wp-json\/wp\/v2\/posts"}],"about":[{"href":"https:\/\/zeromagazine.mx\/index.php\/wp-json\/wp\/v2\/types\/post"}],"author":[{"embeddable":true,"href":"https:\/\/zeromagazine.mx\/index.php\/wp-json\/wp\/v2\/users\/4"}],"replies":[{"embeddable":true,"href":"https:\/\/zeromagazine.mx\/index.php\/wp-json\/wp\/v2\/comments?post=119661"}],"version-history":[{"count":2,"href":"https:\/\/zeromagazine.mx\/index.php\/wp-json\/wp\/v2\/posts\/119661\/revisions"}],"predecessor-version":[{"id":119669,"href":"https:\/\/zeromagazine.mx\/index.php\/wp-json\/wp\/v2\/posts\/119661\/revisions\/119669"}],"wp:featuredmedia":[{"embeddable":true,"href":"https:\/\/zeromagazine.mx\/index.php\/wp-json\/wp\/v2\/media\/119668"}],"wp:attachment":[{"href":"https:\/\/zeromagazine.mx\/index.php\/wp-json\/wp\/v2\/media?parent=119661"}],"wp:term":[{"taxonomy":"category","embeddable":true,"href":"https:\/\/zeromagazine.mx\/index.php\/wp-json\/wp\/v2\/categories?post=119661"},{"taxonomy":"post_tag","embeddable":true,"href":"https:\/\/zeromagazine.mx\/index.php\/wp-json\/wp\/v2\/tags?post=119661"}],"curies":[{"name":"wp","href":"https:\/\/api.w.org\/{rel}","templated":true}]}}