{"id":119670,"date":"2026-04-28T17:26:59","date_gmt":"2026-04-28T23:26:59","guid":{"rendered":"https:\/\/zeromagazine.mx\/?p=119670"},"modified":"2026-04-28T17:27:18","modified_gmt":"2026-04-28T23:27:18","slug":"tech-neck-cuidado-cuello-piel","status":"publish","type":"post","link":"https:\/\/zeromagazine.mx\/index.php\/2026\/04\/28\/tech-neck-cuidado-cuello-piel\/","title":{"rendered":"Tech Neck arruina tu glow"},"content":{"rendered":"<!--themify_builder_content-->\n<div id=\"themify_builder_content-119670\" data-postid=\"119670\" class=\"themify_builder_content themify_builder_content-119670 themify_builder tf_clear\">\n    <\/div>\n<!--\/themify_builder_content-->\n\n\n<p>Hay algo que nadie te dijo cuando empezaste a vivir pegadx al celular: el cuello tambi\u00e9n cuenta tu historia. Y no, no estamos exagerando. El fen\u00f3meno conocido como tech neck ya no es solo cosa de adultos; se est\u00e1 convirtiendo en uno de los signos m\u00e1s visibles (y r\u00e1pidos) del estilo de vida digital.<\/p>\n\n\n\n<figure class=\"wp-block-image size-full\"><img data-recalc-dims=\"1\" decoding=\"async\" width=\"370\" height=\"930\" src=\"https:\/\/i0.wp.com\/zeromagazine.mx\/wp-content\/uploads\/2026\/04\/body-balm-Vaseline.jpg?resize=370%2C930&#038;ssl=1\" alt=\"\" class=\"wp-image-119671\" srcset=\"https:\/\/i0.wp.com\/zeromagazine.mx\/wp-content\/uploads\/2026\/04\/body-balm-Vaseline.jpg?w=370&amp;ssl=1 370w, https:\/\/i0.wp.com\/zeromagazine.mx\/wp-content\/uploads\/2026\/04\/body-balm-Vaseline.jpg?resize=119%2C300&amp;ssl=1 119w\" sizes=\"(max-width: 370px) 100vw, 370px\" \/><\/figure>\n\n\n\n<p>Adem\u00e1s, no se trata \u00fanicamente de arruguitas. El tech neck habla de h\u00e1bitos, de postura, de cu\u00e1nto tiempo pasas scrolleando sin darte cuenta. Es b\u00e1sicamente el plot twist del skincare: cre\u00edas que todo era sobre tu cara\u2026 pero el cuello ten\u00eda otros planes.<\/p>\n\n\n\n<p><strong>Tech neck cuidado: lo que s\u00ed funciona<\/strong><\/p>\n\n\n\n<p>Primero lo primero: no necesitas una rutina imposible ni gastar en mil productos. El verdadero cambio empieza cuando entiendes que el cuello es una extensi\u00f3n directa de tu cara. S\u00ed, as\u00ed de simple.<\/p>\n\n\n\n<p>Adem\u00e1s, integrar mascarillas como las de <a href=\"\/\/generic-entity?number=0\">Sk\u00efn Sense<\/a> puede ser un game changer. Aunque est\u00e1n dise\u00f1adas para el rostro, funcionan perfecto en el cuello porque la piel es igual de delicada y propensa a deshidratarse.<\/p>\n\n\n\n<figure class=\"wp-block-image size-full\"><img data-recalc-dims=\"1\" decoding=\"async\" width=\"850\" height=\"1134\" src=\"https:\/\/i0.wp.com\/zeromagazine.mx\/wp-content\/uploads\/2026\/04\/mascarilla-te.png?resize=850%2C1134&#038;ssl=1\" alt=\"\" class=\"wp-image-119672\" srcset=\"https:\/\/i0.wp.com\/zeromagazine.mx\/wp-content\/uploads\/2026\/04\/mascarilla-te.png?w=850&amp;ssl=1 850w, https:\/\/i0.wp.com\/zeromagazine.mx\/wp-content\/uploads\/2026\/04\/mascarilla-te.png?resize=225%2C300&amp;ssl=1 225w, https:\/\/i0.wp.com\/zeromagazine.mx\/wp-content\/uploads\/2026\/04\/mascarilla-te.png?resize=768%2C1025&amp;ssl=1 768w\" sizes=\"(max-width: 850px) 100vw, 850px\" \/><\/figure>\n\n\n\n<p>Por otro lado, los ingredientes s\u00ed importan. El col\u00e1geno ayuda a recuperar firmeza (hola piel m\u00e1s smooth), la vitamina C devuelve ese glow que se pierde entre estr\u00e9s y contaminaci\u00f3n, y el t\u00e9 verde act\u00faa como escudo contra todo lo que tu piel enfrenta en modo ciudad.<\/p>\n\n\n\n<p><strong>Tech neck rutina: peque\u00f1os cambios, gran impacto<\/strong><\/p>\n\n\n\n<p>Sin embargo, aqu\u00ed viene la parte inc\u00f3moda: ning\u00fan producto va a salvarte si sigues viendo el celular hacia abajo 6 horas al d\u00eda. El tech neck tambi\u00e9n es postura, y eso cambia todo.<\/p>\n\n\n\n<p>Entonces, empieza por lo b\u00e1sico:<\/p>\n\n\n\n<p>levanta el celular a la altura de los ojos, ajusta tu postura cuando est\u00e9s trabajando y dale breaks reales a tu cuello. Literal, tu piel lo va a notar.<\/p>\n\n\n\n<p>Adem\u00e1s, incluir un paso sellador despu\u00e9s del skincare hace toda la diferencia. Productos como Vaseline All-Over Balm ayudan a mantener la hidrataci\u00f3n y reforzar la barrera cut\u00e1nea, especialmente en la noche cuando la piel est\u00e1 en modo reparaci\u00f3n.<\/p>\n\n\n\n<p><strong>Tech neck prevenci\u00f3n: el nuevo autocuidado<\/strong><\/p>\n\n\n\n<p>Por otro lado, prevenir el tech neck es mucho m\u00e1s f\u00e1cil que corregirlo. Y no, no necesitas volverte expertx en dermatolog\u00eda para lograrlo.<\/p>\n\n\n\n<p>Empieza aplicando protector solar tambi\u00e9n en el cuello (s\u00ed, todos los d\u00edas), hidr\u00e1tate bien y no subestimes los estiramientos. Esos peque\u00f1os movimientos que haces entre tareas pueden marcar una diferencia enorme con el tiempo.<\/p>\n\n\n\n<p>Adem\u00e1s, algo que casi nadie dice: el estr\u00e9s tambi\u00e9n se refleja en esta zona. As\u00ed que cuidar tu piel tambi\u00e9n implica bajar el ritmo de vez en cuando.<\/p>\n\n\n\n<p>Al final, el tech neck no es solo un tema est\u00e9tico. Es un recordatorio bastante claro de c\u00f3mo vivimos: r\u00e1pido, conectados y muchas veces sin pausa.<\/p>\n\n\n\n<p>Y justo ah\u00ed est\u00e1 el verdadero glow-up: no en borrar las l\u00edneas, sino en cambiar la forma en la que te relacionas con tu rutina, tu cuerpo y tu tiempo.<\/p>\n\n\n\n<p><\/p>","protected":false},"excerpt":{"rendered":"<p>Hay algo que nadie te dijo cuando empezaste a vivir pegadx al celular: el cuello tambi\u00e9n cuenta tu historia. Y no, no estamos exagerando. El fen\u00f3meno conocido como tech neck ya no es solo cosa de adultos; se est\u00e1 convirtiendo en uno de los signos m\u00e1s visibles (y r\u00e1pidos) del estilo de vida digital. Adem\u00e1s, [&hellip;]<\/p>\n","protected":false},"author":6,"featured_media":119672,"comment_status":"open","ping_status":"open","sticky":false,"template":"","format":"standard","meta":{"_jetpack_memberships_contains_paid_content":false,"footnotes":"","jetpack_publicize_message":"","jetpack_publicize_feature_enabled":true,"jetpack_social_post_already_shared":true,"jetpack_social_options":{"image_generator_settings":{"template":"highway","default_image_id":0,"font":"","enabled":false},"version":2}},"categories":[9858],"tags":[],"class_list":["post-119670","post","type-post","status-publish","format-standard","has-post-thumbnail","hentry","category-beauty","has-post-title","has-post-date","has-post-category","has-post-tag","has-post-comment","has-post-author",""],"yoast_head":"<!-- This site is optimized with the Yoast SEO plugin v27.5 - https:\/\/yoast.com\/product\/yoast-seo-wordpress\/ -->\n<title>Tech Neck arruina tu glow - Zero Magazine<\/title>\n<meta name=\"description\" content=\"Tech neck cuidado: descubre c\u00f3mo prevenir y tratar el envejecimiento del cuello con h\u00e1bitos y skincare efectivo.\" \/>\n<meta name=\"robots\" content=\"index, follow, max-snippet:-1, max-image-preview:large, max-video-preview:-1\" \/>\n<link rel=\"canonical\" href=\"https:\/\/zeromagazine.mx\/index.php\/2026\/04\/28\/tech-neck-cuidado-cuello-piel\/\" \/>\n<meta property=\"og:locale\" content=\"es_ES\" \/>\n<meta property=\"og:type\" content=\"article\" \/>\n<meta property=\"og:title\" content=\"Tech Neck arruina tu glow - Zero Magazine\" \/>\n<meta property=\"og:description\" content=\"Tech neck cuidado: descubre c\u00f3mo prevenir y tratar el envejecimiento del cuello con h\u00e1bitos y skincare efectivo.\" \/>\n<meta property=\"og:url\" content=\"https:\/\/zeromagazine.mx\/index.php\/2026\/04\/28\/tech-neck-cuidado-cuello-piel\/\" \/>\n<meta property=\"og:site_name\" content=\"Zero Magazine\" \/>\n<meta property=\"article:published_time\" content=\"2026-04-28T23:26:59+00:00\" \/>\n<meta property=\"article:modified_time\" content=\"2026-04-28T23:27:18+00:00\" \/>\n<meta property=\"og:image\" content=\"http:\/\/zeromagazine.mx\/wp-content\/uploads\/2026\/04\/mascarilla-te.png\" \/>\n\t<meta property=\"og:image:width\" content=\"850\" \/>\n\t<meta property=\"og:image:height\" content=\"1134\" \/>\n\t<meta property=\"og:image:type\" content=\"image\/png\" \/>\n<meta name=\"author\" content=\"Luis Trujano\" \/>\n<meta name=\"twitter:card\" content=\"summary_large_image\" \/>\n<meta name=\"twitter:label1\" content=\"Escrito por\" \/>\n\t<meta name=\"twitter:data1\" content=\"Luis Trujano\" \/>\n\t<meta name=\"twitter:label2\" content=\"Tiempo de lectura\" \/>\n\t<meta name=\"twitter:data2\" content=\"3 minutos\" \/>\n<script type=\"application\/ld+json\" class=\"yoast-schema-graph\">{\"@context\":\"https:\\\/\\\/schema.org\",\"@graph\":[{\"@type\":\"Article\",\"@id\":\"https:\\\/\\\/zeromagazine.mx\\\/index.php\\\/2026\\\/04\\\/28\\\/tech-neck-cuidado-cuello-piel\\\/#article\",\"isPartOf\":{\"@id\":\"https:\\\/\\\/zeromagazine.mx\\\/index.php\\\/2026\\\/04\\\/28\\\/tech-neck-cuidado-cuello-piel\\\/\"},\"author\":{\"name\":\"Luis Trujano\",\"@id\":\"https:\\\/\\\/zeromagazine.mx\\\/#\\\/schema\\\/person\\\/118d2dc27eca6f07b968c953d12daa6b\"},\"headline\":\"Tech Neck arruina tu glow\",\"datePublished\":\"2026-04-28T23:26:59+00:00\",\"dateModified\":\"2026-04-28T23:27:18+00:00\",\"mainEntityOfPage\":{\"@id\":\"https:\\\/\\\/zeromagazine.mx\\\/index.php\\\/2026\\\/04\\\/28\\\/tech-neck-cuidado-cuello-piel\\\/\"},\"wordCount\":530,\"commentCount\":0,\"publisher\":{\"@id\":\"https:\\\/\\\/zeromagazine.mx\\\/#organization\"},\"image\":{\"@id\":\"https:\\\/\\\/zeromagazine.mx\\\/index.php\\\/2026\\\/04\\\/28\\\/tech-neck-cuidado-cuello-piel\\\/#primaryimage\"},\"thumbnailUrl\":\"https:\\\/\\\/i0.wp.com\\\/zeromagazine.mx\\\/wp-content\\\/uploads\\\/2026\\\/04\\\/mascarilla-te.png?fit=850%2C1134&ssl=1\",\"articleSection\":[\"Beauty\"],\"inLanguage\":\"es\",\"potentialAction\":[{\"@type\":\"CommentAction\",\"name\":\"Comment\",\"target\":[\"https:\\\/\\\/zeromagazine.mx\\\/index.php\\\/2026\\\/04\\\/28\\\/tech-neck-cuidado-cuello-piel\\\/#respond\"]}]},{\"@type\":\"WebPage\",\"@id\":\"https:\\\/\\\/zeromagazine.mx\\\/index.php\\\/2026\\\/04\\\/28\\\/tech-neck-cuidado-cuello-piel\\\/\",\"url\":\"https:\\\/\\\/zeromagazine.mx\\\/index.php\\\/2026\\\/04\\\/28\\\/tech-neck-cuidado-cuello-piel\\\/\",\"name\":\"Tech Neck arruina tu glow - Zero Magazine\",\"isPartOf\":{\"@id\":\"https:\\\/\\\/zeromagazine.mx\\\/#website\"},\"primaryImageOfPage\":{\"@id\":\"https:\\\/\\\/zeromagazine.mx\\\/index.php\\\/2026\\\/04\\\/28\\\/tech-neck-cuidado-cuello-piel\\\/#primaryimage\"},\"image\":{\"@id\":\"https:\\\/\\\/zeromagazine.mx\\\/index.php\\\/2026\\\/04\\\/28\\\/tech-neck-cuidado-cuello-piel\\\/#primaryimage\"},\"thumbnailUrl\":\"https:\\\/\\\/i0.wp.com\\\/zeromagazine.mx\\\/wp-content\\\/uploads\\\/2026\\\/04\\\/mascarilla-te.png?fit=850%2C1134&ssl=1\",\"datePublished\":\"2026-04-28T23:26:59+00:00\",\"dateModified\":\"2026-04-28T23:27:18+00:00\",\"description\":\"Tech neck cuidado: descubre c\u00f3mo prevenir y tratar el envejecimiento del cuello con h\u00e1bitos y skincare efectivo.\",\"breadcrumb\":{\"@id\":\"https:\\\/\\\/zeromagazine.mx\\\/index.php\\\/2026\\\/04\\\/28\\\/tech-neck-cuidado-cuello-piel\\\/#breadcrumb\"},\"inLanguage\":\"es\",\"potentialAction\":[{\"@type\":\"ReadAction\",\"target\":[\"https:\\\/\\\/zeromagazine.mx\\\/index.php\\\/2026\\\/04\\\/28\\\/tech-neck-cuidado-cuello-piel\\\/\"]}]},{\"@type\":\"ImageObject\",\"inLanguage\":\"es\",\"@id\":\"https:\\\/\\\/zeromagazine.mx\\\/index.php\\\/2026\\\/04\\\/28\\\/tech-neck-cuidado-cuello-piel\\\/#primaryimage\",\"url\":\"https:\\\/\\\/i0.wp.com\\\/zeromagazine.mx\\\/wp-content\\\/uploads\\\/2026\\\/04\\\/mascarilla-te.png?fit=850%2C1134&ssl=1\",\"contentUrl\":\"https:\\\/\\\/i0.wp.com\\\/zeromagazine.mx\\\/wp-content\\\/uploads\\\/2026\\\/04\\\/mascarilla-te.png?fit=850%2C1134&ssl=1\",\"width\":850,\"height\":1134},{\"@type\":\"BreadcrumbList\",\"@id\":\"https:\\\/\\\/zeromagazine.mx\\\/index.php\\\/2026\\\/04\\\/28\\\/tech-neck-cuidado-cuello-piel\\\/#breadcrumb\",\"itemListElement\":[{\"@type\":\"ListItem\",\"position\":1,\"name\":\"Portada\",\"item\":\"https:\\\/\\\/zeromagazine.mx\\\/\"},{\"@type\":\"ListItem\",\"position\":2,\"name\":\"Tech Neck arruina tu glow\"}]},{\"@type\":\"WebSite\",\"@id\":\"https:\\\/\\\/zeromagazine.mx\\\/#website\",\"url\":\"https:\\\/\\\/zeromagazine.mx\\\/\",\"name\":\"Zero Magazine\",\"description\":\"\",\"publisher\":{\"@id\":\"https:\\\/\\\/zeromagazine.mx\\\/#organization\"},\"potentialAction\":[{\"@type\":\"SearchAction\",\"target\":{\"@type\":\"EntryPoint\",\"urlTemplate\":\"https:\\\/\\\/zeromagazine.mx\\\/?s={search_term_string}\"},\"query-input\":{\"@type\":\"PropertyValueSpecification\",\"valueRequired\":true,\"valueName\":\"search_term_string\"}}],\"inLanguage\":\"es\"},{\"@type\":\"Organization\",\"@id\":\"https:\\\/\\\/zeromagazine.mx\\\/#organization\",\"name\":\"Zero Magazine\",\"url\":\"https:\\\/\\\/zeromagazine.mx\\\/\",\"logo\":{\"@type\":\"ImageObject\",\"inLanguage\":\"es\",\"@id\":\"https:\\\/\\\/zeromagazine.mx\\\/#\\\/schema\\\/logo\\\/image\\\/\",\"url\":\"https:\\\/\\\/i0.wp.com\\\/zeromagazine.mx\\\/wp-content\\\/uploads\\\/2025\\\/11\\\/1.jpeg?fit=1000%2C1000&ssl=1\",\"contentUrl\":\"https:\\\/\\\/i0.wp.com\\\/zeromagazine.mx\\\/wp-content\\\/uploads\\\/2025\\\/11\\\/1.jpeg?fit=1000%2C1000&ssl=1\",\"width\":1000,\"height\":1000,\"caption\":\"Zero Magazine\"},\"image\":{\"@id\":\"https:\\\/\\\/zeromagazine.mx\\\/#\\\/schema\\\/logo\\\/image\\\/\"},\"sameAs\":[\"https:\\\/\\\/instagram.com\\\/zeromagazinemx\"]},{\"@type\":\"Person\",\"@id\":\"https:\\\/\\\/zeromagazine.mx\\\/#\\\/schema\\\/person\\\/118d2dc27eca6f07b968c953d12daa6b\",\"name\":\"Luis Trujano\",\"image\":{\"@type\":\"ImageObject\",\"inLanguage\":\"es\",\"@id\":\"https:\\\/\\\/zeromagazine.mx\\\/wp-content\\\/litespeed\\\/avatar\\\/fbd9d1d6aa4d21e2bb5be8b3155046c9.jpg?ver=1776970654\",\"url\":\"https:\\\/\\\/zeromagazine.mx\\\/wp-content\\\/litespeed\\\/avatar\\\/fbd9d1d6aa4d21e2bb5be8b3155046c9.jpg?ver=1776970654\",\"contentUrl\":\"https:\\\/\\\/zeromagazine.mx\\\/wp-content\\\/litespeed\\\/avatar\\\/fbd9d1d6aa4d21e2bb5be8b3155046c9.jpg?ver=1776970654\",\"caption\":\"Luis Trujano\"},\"url\":\"https:\\\/\\\/zeromagazine.mx\\\/index.php\\\/author\\\/luis-trujano\\\/\"}]}<\/script>\n<!-- \/ Yoast SEO plugin. -->","yoast_head_json":{"title":"Tech Neck arruina tu glow - Zero Magazine","description":"Tech neck cuidado: descubre c\u00f3mo prevenir y tratar el envejecimiento del cuello con h\u00e1bitos y skincare efectivo.","robots":{"index":"index","follow":"follow","max-snippet":"max-snippet:-1","max-image-preview":"max-image-preview:large","max-video-preview":"max-video-preview:-1"},"canonical":"https:\/\/zeromagazine.mx\/index.php\/2026\/04\/28\/tech-neck-cuidado-cuello-piel\/","og_locale":"es_ES","og_type":"article","og_title":"Tech Neck arruina tu glow - Zero Magazine","og_description":"Tech neck cuidado: descubre c\u00f3mo prevenir y tratar el envejecimiento del cuello con h\u00e1bitos y skincare efectivo.","og_url":"https:\/\/zeromagazine.mx\/index.php\/2026\/04\/28\/tech-neck-cuidado-cuello-piel\/","og_site_name":"Zero Magazine","article_published_time":"2026-04-28T23:26:59+00:00","article_modified_time":"2026-04-28T23:27:18+00:00","og_image":[{"width":850,"height":1134,"url":"http:\/\/zeromagazine.mx\/wp-content\/uploads\/2026\/04\/mascarilla-te.png","type":"image\/png"}],"author":"Luis Trujano","twitter_card":"summary_large_image","twitter_misc":{"Escrito por":"Luis Trujano","Tiempo de lectura":"3 minutos"},"schema":{"@context":"https:\/\/schema.org","@graph":[{"@type":"Article","@id":"https:\/\/zeromagazine.mx\/index.php\/2026\/04\/28\/tech-neck-cuidado-cuello-piel\/#article","isPartOf":{"@id":"https:\/\/zeromagazine.mx\/index.php\/2026\/04\/28\/tech-neck-cuidado-cuello-piel\/"},"author":{"name":"Luis Trujano","@id":"https:\/\/zeromagazine.mx\/#\/schema\/person\/118d2dc27eca6f07b968c953d12daa6b"},"headline":"Tech Neck arruina tu glow","datePublished":"2026-04-28T23:26:59+00:00","dateModified":"2026-04-28T23:27:18+00:00","mainEntityOfPage":{"@id":"https:\/\/zeromagazine.mx\/index.php\/2026\/04\/28\/tech-neck-cuidado-cuello-piel\/"},"wordCount":530,"commentCount":0,"publisher":{"@id":"https:\/\/zeromagazine.mx\/#organization"},"image":{"@id":"https:\/\/zeromagazine.mx\/index.php\/2026\/04\/28\/tech-neck-cuidado-cuello-piel\/#primaryimage"},"thumbnailUrl":"https:\/\/i0.wp.com\/zeromagazine.mx\/wp-content\/uploads\/2026\/04\/mascarilla-te.png?fit=850%2C1134&ssl=1","articleSection":["Beauty"],"inLanguage":"es","potentialAction":[{"@type":"CommentAction","name":"Comment","target":["https:\/\/zeromagazine.mx\/index.php\/2026\/04\/28\/tech-neck-cuidado-cuello-piel\/#respond"]}]},{"@type":"WebPage","@id":"https:\/\/zeromagazine.mx\/index.php\/2026\/04\/28\/tech-neck-cuidado-cuello-piel\/","url":"https:\/\/zeromagazine.mx\/index.php\/2026\/04\/28\/tech-neck-cuidado-cuello-piel\/","name":"Tech Neck arruina tu glow - Zero Magazine","isPartOf":{"@id":"https:\/\/zeromagazine.mx\/#website"},"primaryImageOfPage":{"@id":"https:\/\/zeromagazine.mx\/index.php\/2026\/04\/28\/tech-neck-cuidado-cuello-piel\/#primaryimage"},"image":{"@id":"https:\/\/zeromagazine.mx\/index.php\/2026\/04\/28\/tech-neck-cuidado-cuello-piel\/#primaryimage"},"thumbnailUrl":"https:\/\/i0.wp.com\/zeromagazine.mx\/wp-content\/uploads\/2026\/04\/mascarilla-te.png?fit=850%2C1134&ssl=1","datePublished":"2026-04-28T23:26:59+00:00","dateModified":"2026-04-28T23:27:18+00:00","description":"Tech neck cuidado: descubre c\u00f3mo prevenir y tratar el envejecimiento del cuello con h\u00e1bitos y skincare efectivo.","breadcrumb":{"@id":"https:\/\/zeromagazine.mx\/index.php\/2026\/04\/28\/tech-neck-cuidado-cuello-piel\/#breadcrumb"},"inLanguage":"es","potentialAction":[{"@type":"ReadAction","target":["https:\/\/zeromagazine.mx\/index.php\/2026\/04\/28\/tech-neck-cuidado-cuello-piel\/"]}]},{"@type":"ImageObject","inLanguage":"es","@id":"https:\/\/zeromagazine.mx\/index.php\/2026\/04\/28\/tech-neck-cuidado-cuello-piel\/#primaryimage","url":"https:\/\/i0.wp.com\/zeromagazine.mx\/wp-content\/uploads\/2026\/04\/mascarilla-te.png?fit=850%2C1134&ssl=1","contentUrl":"https:\/\/i0.wp.com\/zeromagazine.mx\/wp-content\/uploads\/2026\/04\/mascarilla-te.png?fit=850%2C1134&ssl=1","width":850,"height":1134},{"@type":"BreadcrumbList","@id":"https:\/\/zeromagazine.mx\/index.php\/2026\/04\/28\/tech-neck-cuidado-cuello-piel\/#breadcrumb","itemListElement":[{"@type":"ListItem","position":1,"name":"Portada","item":"https:\/\/zeromagazine.mx\/"},{"@type":"ListItem","position":2,"name":"Tech Neck arruina tu glow"}]},{"@type":"WebSite","@id":"https:\/\/zeromagazine.mx\/#website","url":"https:\/\/zeromagazine.mx\/","name":"Zero Magazine","description":"","publisher":{"@id":"https:\/\/zeromagazine.mx\/#organization"},"potentialAction":[{"@type":"SearchAction","target":{"@type":"EntryPoint","urlTemplate":"https:\/\/zeromagazine.mx\/?s={search_term_string}"},"query-input":{"@type":"PropertyValueSpecification","valueRequired":true,"valueName":"search_term_string"}}],"inLanguage":"es"},{"@type":"Organization","@id":"https:\/\/zeromagazine.mx\/#organization","name":"Zero Magazine","url":"https:\/\/zeromagazine.mx\/","logo":{"@type":"ImageObject","inLanguage":"es","@id":"https:\/\/zeromagazine.mx\/#\/schema\/logo\/image\/","url":"https:\/\/i0.wp.com\/zeromagazine.mx\/wp-content\/uploads\/2025\/11\/1.jpeg?fit=1000%2C1000&ssl=1","contentUrl":"https:\/\/i0.wp.com\/zeromagazine.mx\/wp-content\/uploads\/2025\/11\/1.jpeg?fit=1000%2C1000&ssl=1","width":1000,"height":1000,"caption":"Zero Magazine"},"image":{"@id":"https:\/\/zeromagazine.mx\/#\/schema\/logo\/image\/"},"sameAs":["https:\/\/instagram.com\/zeromagazinemx"]},{"@type":"Person","@id":"https:\/\/zeromagazine.mx\/#\/schema\/person\/118d2dc27eca6f07b968c953d12daa6b","name":"Luis Trujano","image":{"@type":"ImageObject","inLanguage":"es","@id":"https:\/\/zeromagazine.mx\/wp-content\/litespeed\/avatar\/fbd9d1d6aa4d21e2bb5be8b3155046c9.jpg?ver=1776970654","url":"https:\/\/zeromagazine.mx\/wp-content\/litespeed\/avatar\/fbd9d1d6aa4d21e2bb5be8b3155046c9.jpg?ver=1776970654","contentUrl":"https:\/\/zeromagazine.mx\/wp-content\/litespeed\/avatar\/fbd9d1d6aa4d21e2bb5be8b3155046c9.jpg?ver=1776970654","caption":"Luis Trujano"},"url":"https:\/\/zeromagazine.mx\/index.php\/author\/luis-trujano\/"}]}},"jetpack_publicize_connections":[],"jetpack_featured_media_url":"https:\/\/i0.wp.com\/zeromagazine.mx\/wp-content\/uploads\/2026\/04\/mascarilla-te.png?fit=850%2C1134&ssl=1","jetpack-related-posts":[{"id":109670,"url":"https:\/\/zeromagazine.mx\/index.php\/2025\/10\/22\/beauty-sleep-alastin-skincare\/","url_meta":{"origin":119670,"position":0},"title":"Beauty Sleep: la revoluci\u00f3n nocturna","author":"Luis Trujano","date":"22 de octubre de 2025","format":false,"excerpt":"Dormir bien ya no es solo un placer, es un ritual de autocuidado con respaldo cient\u00edfico. Y s\u00ed, el beauty sleep est\u00e1 teniendo su gran momento \u2014esa combinaci\u00f3n perfecta entre descanso y ciencia que convierte tus horas de sue\u00f1o en una rutina de skincare 2.0. Mientras t\u00fa sue\u00f1as con tu\u2026","rel":"","context":"En \u00abBeauty\u00bb","block_context":{"text":"Beauty","link":"https:\/\/zeromagazine.mx\/index.php\/category\/beauty\/"},"img":{"alt_text":"","src":"https:\/\/i0.wp.com\/zeromagazine.mx\/wp-content\/uploads\/2025\/10\/IMG_5699-scaled.jpeg?fit=1200%2C801&ssl=1&resize=350%2C200","width":350,"height":200,"srcset":"https:\/\/i0.wp.com\/zeromagazine.mx\/wp-content\/uploads\/2025\/10\/IMG_5699-scaled.jpeg?fit=1200%2C801&ssl=1&resize=350%2C200 1x, https:\/\/i0.wp.com\/zeromagazine.mx\/wp-content\/uploads\/2025\/10\/IMG_5699-scaled.jpeg?fit=1200%2C801&ssl=1&resize=525%2C300 1.5x, https:\/\/i0.wp.com\/zeromagazine.mx\/wp-content\/uploads\/2025\/10\/IMG_5699-scaled.jpeg?fit=1200%2C801&ssl=1&resize=700%2C400 2x, https:\/\/i0.wp.com\/zeromagazine.mx\/wp-content\/uploads\/2025\/10\/IMG_5699-scaled.jpeg?fit=1200%2C801&ssl=1&resize=1050%2C600 3x"},"classes":[]},{"id":105906,"url":"https:\/\/zeromagazine.mx\/index.php\/2025\/06\/11\/asus-sorprende-a-papa-con-laptops-de-poder-tech\/","url_meta":{"origin":119670,"position":1},"title":"ASUS sorprende a pap\u00e1 con laptops de poder tech","author":"David Morales","date":"11 de junio de 2025","format":false,"excerpt":"Amix, si est\u00e1s buscando un regalo con el que tu pap\u00e1 literalmente diga \u201cwow\u201d, este chisme es para ti. ASUS sorprende a pap\u00e1 con una l\u00ednea de laptops que lo tienen todo: dise\u00f1o fresa, inteligencia artificial y poder para cualquier mood, ya sea god\u00edn, gamer, creativo o viajero. As\u00ed, que\u2026","rel":"","context":"En \u00abTech\u00bb","block_context":{"text":"Tech","link":"https:\/\/zeromagazine.mx\/index.php\/category\/tech\/"},"img":{"alt_text":"","src":"https:\/\/i0.wp.com\/zeromagazine.mx\/wp-content\/uploads\/2025\/06\/Dia-de-padre-ROG-STRIX.png?fit=1075%2C703&ssl=1&resize=350%2C200","width":350,"height":200,"srcset":"https:\/\/i0.wp.com\/zeromagazine.mx\/wp-content\/uploads\/2025\/06\/Dia-de-padre-ROG-STRIX.png?fit=1075%2C703&ssl=1&resize=350%2C200 1x, https:\/\/i0.wp.com\/zeromagazine.mx\/wp-content\/uploads\/2025\/06\/Dia-de-padre-ROG-STRIX.png?fit=1075%2C703&ssl=1&resize=525%2C300 1.5x, https:\/\/i0.wp.com\/zeromagazine.mx\/wp-content\/uploads\/2025\/06\/Dia-de-padre-ROG-STRIX.png?fit=1075%2C703&ssl=1&resize=700%2C400 2x, https:\/\/i0.wp.com\/zeromagazine.mx\/wp-content\/uploads\/2025\/06\/Dia-de-padre-ROG-STRIX.png?fit=1075%2C703&ssl=1&resize=1050%2C600 3x"},"classes":[]},{"id":105071,"url":"https:\/\/zeromagazine.mx\/index.php\/2025\/05\/26\/lilo-y-stitch-x-casetify-una-ohana-de-color-tech\/","url_meta":{"origin":119670,"position":2},"title":"Lilo &amp; Stitch x CASETiFY: Un Ohana de Color Tech","author":"David Morales","date":"26 de mayo de 2025","format":false,"excerpt":"Amix, si algo necesitamos para este verano es energ\u00eda tropical, caos adorable y mucho estilo tech. \u00bfY adivinen qu\u00e9? CASETiFY lo entendi\u00f3 todo y se uni\u00f3 con Disney para lanzar una colecci\u00f3n Lilo y Stitch x CASETiFY que grita vibra hawaiana y una ohana de mucho color para tus gadgets.\u2026","rel":"","context":"En \u00abTech\u00bb","block_context":{"text":"Tech","link":"https:\/\/zeromagazine.mx\/index.php\/category\/tech\/"},"img":{"alt_text":"","src":"https:\/\/i0.wp.com\/zeromagazine.mx\/wp-content\/uploads\/2025\/05\/Copy-of-02_PR.jpg?fit=1200%2C800&ssl=1&resize=350%2C200","width":350,"height":200,"srcset":"https:\/\/i0.wp.com\/zeromagazine.mx\/wp-content\/uploads\/2025\/05\/Copy-of-02_PR.jpg?fit=1200%2C800&ssl=1&resize=350%2C200 1x, https:\/\/i0.wp.com\/zeromagazine.mx\/wp-content\/uploads\/2025\/05\/Copy-of-02_PR.jpg?fit=1200%2C800&ssl=1&resize=525%2C300 1.5x, https:\/\/i0.wp.com\/zeromagazine.mx\/wp-content\/uploads\/2025\/05\/Copy-of-02_PR.jpg?fit=1200%2C800&ssl=1&resize=700%2C400 2x, https:\/\/i0.wp.com\/zeromagazine.mx\/wp-content\/uploads\/2025\/05\/Copy-of-02_PR.jpg?fit=1200%2C800&ssl=1&resize=1050%2C600 3x"},"classes":[]},{"id":105263,"url":"https:\/\/zeromagazine.mx\/index.php\/2025\/05\/28\/samsung-campus-tecnologia-y-educacion-para-todes\/","url_meta":{"origin":119670,"position":3},"title":"Samsung Campus: Tecnolog\u00eda Y Educaci\u00f3n Para Todes","author":"David Morales","date":"28 de mayo de 2025","format":false,"excerpt":"\u00bfSab\u00edas que en M\u00e9xico a\u00fan hay muchxs chiques con talento tech que no tienen acceso a las herramientas necesarias para explotarlo? Pues ag\u00e1rrate, porque Samsung no se qued\u00f3 de brazos cruzados y present\u00f3 Samsung Campus, una iniciativa que mezcla educaci\u00f3n, innovaci\u00f3n y oportunidades, todo en uno. Y s\u00ed, suena tan\u2026","rel":"","context":"En \u00abTech\u00bb","block_context":{"text":"Tech","link":"https:\/\/zeromagazine.mx\/index.php\/category\/tech\/"},"img":{"alt_text":"","src":"https:\/\/i0.wp.com\/zeromagazine.mx\/wp-content\/uploads\/2025\/05\/unnamed-7.jpg?fit=1000%2C462&ssl=1&resize=350%2C200","width":350,"height":200,"srcset":"https:\/\/i0.wp.com\/zeromagazine.mx\/wp-content\/uploads\/2025\/05\/unnamed-7.jpg?fit=1000%2C462&ssl=1&resize=350%2C200 1x, https:\/\/i0.wp.com\/zeromagazine.mx\/wp-content\/uploads\/2025\/05\/unnamed-7.jpg?fit=1000%2C462&ssl=1&resize=525%2C300 1.5x, https:\/\/i0.wp.com\/zeromagazine.mx\/wp-content\/uploads\/2025\/05\/unnamed-7.jpg?fit=1000%2C462&ssl=1&resize=700%2C400 2x"},"classes":[]},{"id":109111,"url":"https:\/\/zeromagazine.mx\/index.php\/2025\/10\/06\/la-mascara-led-que-cambiara-tu-rutina-de-belleza\/","url_meta":{"origin":119670,"position":4},"title":"La m\u00e1scara LED que cambiar\u00e1 tu rutina de belleza","author":"David Morales","date":"6 de octubre de 2025","format":false,"excerpt":"El oto\u00f1o trae nuevas oportunidades para cuidar tu piel y reparar el da\u00f1o que dej\u00f3 el verano. Y justo a tiempo, llega la M\u00e1scara de Silicona Anti-Envejecimiento FAQ\u2122 202, disponible durante el Amazon Prime Big Deal Days del 7 al 8 de octubre. Con 8 colores de luz LED, incluyendo\u2026","rel":"","context":"En \u00abBeauty\u00bb","block_context":{"text":"Beauty","link":"https:\/\/zeromagazine.mx\/index.php\/category\/beauty\/"},"img":{"alt_text":"","src":"https:\/\/i0.wp.com\/zeromagazine.mx\/wp-content\/uploads\/2025\/11\/copy-of-faq-202-lifestyle-16.jpg?fit=1200%2C802&ssl=1&resize=350%2C200","width":350,"height":200,"srcset":"https:\/\/i0.wp.com\/zeromagazine.mx\/wp-content\/uploads\/2025\/11\/copy-of-faq-202-lifestyle-16.jpg?fit=1200%2C802&ssl=1&resize=350%2C200 1x, https:\/\/i0.wp.com\/zeromagazine.mx\/wp-content\/uploads\/2025\/11\/copy-of-faq-202-lifestyle-16.jpg?fit=1200%2C802&ssl=1&resize=525%2C300 1.5x, https:\/\/i0.wp.com\/zeromagazine.mx\/wp-content\/uploads\/2025\/11\/copy-of-faq-202-lifestyle-16.jpg?fit=1200%2C802&ssl=1&resize=700%2C400 2x, https:\/\/i0.wp.com\/zeromagazine.mx\/wp-content\/uploads\/2025\/11\/copy-of-faq-202-lifestyle-16.jpg?fit=1200%2C802&ssl=1&resize=1050%2C600 3x"},"classes":[]},{"id":103606,"url":"https:\/\/zeromagazine.mx\/index.php\/2025\/05\/06\/ray-ban-meta-los-lentes-tech-que-llegan-a-mexico\/","url_meta":{"origin":119670,"position":5},"title":"Ray Ban Meta: Los Lentes Tech Que Llegan A M\u00e9xico","author":"David Morales","date":"6 de mayo de 2025","format":false,"excerpt":"Ey, \u00bfte imaginas traer unos lentes que no solo se vean cool, sino que tambi\u00e9n tomen fotos, te traduzcan se\u00f1ales en otro idioma y hasta respondan cuando les hablas? Pues ya no es sci-fi, es la vida real. Ray Ban Meta acaba de llegar a M\u00e9xico con una propuesta innovadora\u2026","rel":"","context":"En \u00abModa\u00bb","block_context":{"text":"Moda","link":"https:\/\/zeromagazine.mx\/index.php\/category\/moda\/"},"img":{"alt_text":"","src":"https:\/\/i0.wp.com\/zeromagazine.mx\/wp-content\/uploads\/2025\/05\/Ray-Ban_Wayfarer_Black_Matte_Clear_Voice_Ai_MASTER_1x1_RGB-scaled.jpg?fit=1200%2C1200&ssl=1&resize=350%2C200","width":350,"height":200,"srcset":"https:\/\/i0.wp.com\/zeromagazine.mx\/wp-content\/uploads\/2025\/05\/Ray-Ban_Wayfarer_Black_Matte_Clear_Voice_Ai_MASTER_1x1_RGB-scaled.jpg?fit=1200%2C1200&ssl=1&resize=350%2C200 1x, https:\/\/i0.wp.com\/zeromagazine.mx\/wp-content\/uploads\/2025\/05\/Ray-Ban_Wayfarer_Black_Matte_Clear_Voice_Ai_MASTER_1x1_RGB-scaled.jpg?fit=1200%2C1200&ssl=1&resize=525%2C300 1.5x, https:\/\/i0.wp.com\/zeromagazine.mx\/wp-content\/uploads\/2025\/05\/Ray-Ban_Wayfarer_Black_Matte_Clear_Voice_Ai_MASTER_1x1_RGB-scaled.jpg?fit=1200%2C1200&ssl=1&resize=700%2C400 2x, https:\/\/i0.wp.com\/zeromagazine.mx\/wp-content\/uploads\/2025\/05\/Ray-Ban_Wayfarer_Black_Matte_Clear_Voice_Ai_MASTER_1x1_RGB-scaled.jpg?fit=1200%2C1200&ssl=1&resize=1050%2C600 3x"},"classes":[]}],"jetpack_sharing_enabled":true,"builder_content":"","_links":{"self":[{"href":"https:\/\/zeromagazine.mx\/index.php\/wp-json\/wp\/v2\/posts\/119670","targetHints":{"allow":["GET"]}}],"collection":[{"href":"https:\/\/zeromagazine.mx\/index.php\/wp-json\/wp\/v2\/posts"}],"about":[{"href":"https:\/\/zeromagazine.mx\/index.php\/wp-json\/wp\/v2\/types\/post"}],"author":[{"embeddable":true,"href":"https:\/\/zeromagazine.mx\/index.php\/wp-json\/wp\/v2\/users\/6"}],"replies":[{"embeddable":true,"href":"https:\/\/zeromagazine.mx\/index.php\/wp-json\/wp\/v2\/comments?post=119670"}],"version-history":[{"count":4,"href":"https:\/\/zeromagazine.mx\/index.php\/wp-json\/wp\/v2\/posts\/119670\/revisions"}],"predecessor-version":[{"id":119676,"href":"https:\/\/zeromagazine.mx\/index.php\/wp-json\/wp\/v2\/posts\/119670\/revisions\/119676"}],"wp:featuredmedia":[{"embeddable":true,"href":"https:\/\/zeromagazine.mx\/index.php\/wp-json\/wp\/v2\/media\/119672"}],"wp:attachment":[{"href":"https:\/\/zeromagazine.mx\/index.php\/wp-json\/wp\/v2\/media?parent=119670"}],"wp:term":[{"taxonomy":"category","embeddable":true,"href":"https:\/\/zeromagazine.mx\/index.php\/wp-json\/wp\/v2\/categories?post=119670"},{"taxonomy":"post_tag","embeddable":true,"href":"https:\/\/zeromagazine.mx\/index.php\/wp-json\/wp\/v2\/tags?post=119670"}],"curies":[{"name":"wp","href":"https:\/\/api.w.org\/{rel}","templated":true}]}}