{"id":119696,"date":"2026-04-28T22:17:21","date_gmt":"2026-04-29T04:17:21","guid":{"rendered":"https:\/\/zeromagazine.mx\/?p=119696"},"modified":"2026-04-28T22:17:22","modified_gmt":"2026-04-29T04:17:22","slug":"visa-arte-mundial-2026","status":"publish","type":"post","link":"https:\/\/zeromagazine.mx\/index.php\/2026\/04\/28\/visa-arte-mundial-2026\/","title":{"rendered":"Visa destaca el talento mexicano en una nueva colecci\u00f3n de arte global de cara a la Copa Mundial de la FIFA 2026"},"content":{"rendered":"<!--themify_builder_content-->\n<div id=\"themify_builder_content-119696\" data-postid=\"119696\" class=\"themify_builder_content themify_builder_content-119696 themify_builder tf_clear\">\n    <\/div>\n<!--\/themify_builder_content-->\n\n\n<p>El ilustrador C\u00e9sar Canseco forma parte de una colecci\u00f3n internacional que mezcla creatividad, cultura y el evento deportivo m\u00e1s grande del mundo.<\/p>\n\n\n\n<p>Hay momentos donde el arte deja de ser solo visual\u2026 y se convierte en conversaci\u00f3n global. As\u00ed llega la nueva apuesta de&nbsp;Visa, que en camino a la&nbsp;Copa Mundial de la FIFA 2026&nbsp;decide mirar m\u00e1s all\u00e1 del f\u00fatbol para enfocarse en algo igual de poderoso: la creatividad.<\/p>\n\n\n\n<h3 class=\"wp-block-heading\">Talento mexicano en el escenario global<\/h3>\n\n\n\n<p>En realidad,&nbsp;<strong>Visa arte Mundial 2026<\/strong>&nbsp;no es solo una colecci\u00f3n, es una plataforma. Y dentro de ella, el nombre de&nbsp;C\u00e9sar Canseco&nbsp;destaca como una de las voces mexicanas que est\u00e1n llevando su est\u00e9tica a un nivel internacional.<\/p>\n\n\n\n<p>Adem\u00e1s, su trabajo \u2014marcado por el uso de luz, color y una exploraci\u00f3n muy personal de la figura humana\u2014 conecta con una narrativa m\u00e1s amplia: la identidad cultural como lenguaje universal.<\/p>\n\n\n\n<p>Por otro lado, su participaci\u00f3n dentro de esta colecci\u00f3n reafirma algo clave: el talento local no solo compite, tambi\u00e9n redefine la conversaci\u00f3n creativa global.<\/p>\n\n\n\n<h3 class=\"wp-block-heading\">Cuando el deporte se cruza con la cultura<\/h3>\n\n\n\n<p>Ahora bien,&nbsp;<strong>Visa arte Mundial 2026<\/strong>&nbsp;tambi\u00e9n propone algo interesante: unir tres mundos que cada vez se cruzan m\u00e1s \u2014arte, deporte y comercio.<\/p>\n\n\n\n<p>Adem\u00e1s, la colecci\u00f3n re\u00fane a m\u00e1s de 20 artistas de seis continentes, creando un mosaico visual que celebra tanto la diversidad como la conexi\u00f3n global que genera el Mundial.<\/p>\n\n\n\n<p>En realidad, este enfoque cambia la idea tradicional de patrocinio. Ya no se trata solo de presencia de marca, sino de generar experiencias culturales que trascienden el evento.<\/p>\n\n\n\n<figure class=\"wp-block-gallery has-nested-images columns-default is-cropped wp-block-gallery-1 is-layout-flex wp-block-gallery-is-layout-flex\">\n<figure class=\"wp-block-image size-large\"><img data-recalc-dims=\"1\" decoding=\"async\" width=\"1024\" height=\"1024\" data-id=\"119698\" src=\"https:\/\/i0.wp.com\/zeromagazine.mx\/wp-content\/uploads\/2026\/04\/IMG_2427-1024x1024.jpeg?resize=1024%2C1024&#038;ssl=1\" alt=\"\" class=\"wp-image-119698\" srcset=\"https:\/\/i0.wp.com\/zeromagazine.mx\/wp-content\/uploads\/2026\/04\/IMG_2427.jpeg?resize=1024%2C1024&amp;ssl=1 1024w, https:\/\/i0.wp.com\/zeromagazine.mx\/wp-content\/uploads\/2026\/04\/IMG_2427.jpeg?resize=300%2C300&amp;ssl=1 300w, https:\/\/i0.wp.com\/zeromagazine.mx\/wp-content\/uploads\/2026\/04\/IMG_2427.jpeg?resize=150%2C150&amp;ssl=1 150w, https:\/\/i0.wp.com\/zeromagazine.mx\/wp-content\/uploads\/2026\/04\/IMG_2427.jpeg?resize=768%2C768&amp;ssl=1 768w, https:\/\/i0.wp.com\/zeromagazine.mx\/wp-content\/uploads\/2026\/04\/IMG_2427.jpeg?w=1280&amp;ssl=1 1280w\" sizes=\"(max-width: 1024px) 100vw, 1024px\" \/><\/figure>\n<\/figure>\n\n\n\n<h3 class=\"wp-block-heading\">Visa arte Mundial 2026: creatividad como econom\u00eda<\/h3>\n\n\n\n<p>Por otro lado, esta iniciativa tambi\u00e9n pone sobre la mesa algo que pocas veces se dice en voz alta: los artistas son emprendedores.<\/p>\n\n\n\n<p>Adem\u00e1s,&nbsp;<strong>Visa arte Mundial 2026<\/strong>&nbsp;busca visibilizar a los creadores como parte activa de la econom\u00eda, impulsando su crecimiento en mercados cada vez m\u00e1s digitales y competitivos.<\/p>\n\n\n\n<p>Ahora bien, esto no es menor. Significa reconocer que detr\u00e1s de cada obra hay una visi\u00f3n, pero tambi\u00e9n un negocio, una comunidad y una identidad en construcci\u00f3n.<\/p>\n\n\n\n<h3 class=\"wp-block-heading\">El arte tambi\u00e9n juega el Mundial<\/h3>\n\n\n\n<p>En un a\u00f1o donde todo gira alrededor del f\u00fatbol,&nbsp;<strong>Visa arte Mundial 2026<\/strong>&nbsp;demuestra que el impacto del torneo va mucho m\u00e1s all\u00e1 de la cancha.<\/p>\n\n\n\n<p>Porque s\u00ed, el bal\u00f3n une\u2026 pero el arte tambi\u00e9n.<\/p>\n\n\n\n<p>Y cuando ambos se encuentran, el resultado no solo se ve bien: se siente global.<\/p>","protected":false},"excerpt":{"rendered":"<p>El ilustrador C\u00e9sar Canseco forma parte de una colecci\u00f3n internacional que mezcla creatividad, cultura y el evento deportivo m\u00e1s grande del mundo. Hay momentos donde el arte deja de ser solo visual\u2026 y se convierte en conversaci\u00f3n global. As\u00ed llega la nueva apuesta de&nbsp;Visa, que en camino a la&nbsp;Copa Mundial de la FIFA 2026&nbsp;decide mirar [&hellip;]<\/p>\n","protected":false},"author":4,"featured_media":119697,"comment_status":"open","ping_status":"open","sticky":false,"template":"","format":"standard","meta":{"_jetpack_memberships_contains_paid_content":false,"footnotes":"","jetpack_publicize_message":"","jetpack_publicize_feature_enabled":true,"jetpack_social_post_already_shared":true,"jetpack_social_options":{"image_generator_settings":{"template":"highway","default_image_id":0,"font":"","enabled":false},"version":2}},"categories":[1,1403,117],"tags":[],"class_list":["post-119696","post","type-post","status-publish","format-standard","has-post-thumbnail","hentry","category-blog","category-diseno","category-entretenimiento","has-post-title","has-post-date","has-post-category","has-post-tag","has-post-comment","has-post-author",""],"yoast_head":"<!-- This site is optimized with the Yoast SEO plugin v27.5 - https:\/\/yoast.com\/product\/yoast-seo-wordpress\/ -->\n<title>Visa destaca el talento mexicano en una nueva colecci\u00f3n de arte global de cara a la Copa Mundial de la FIFA 2026 - Zero Magazine<\/title>\n<meta name=\"description\" content=\"Visa arte Mundial 2026 celebra a C\u00e9sar Canseco en una colecci\u00f3n global que une creatividad, cultura y f\u00fatbol.\" \/>\n<meta name=\"robots\" content=\"index, follow, max-snippet:-1, max-image-preview:large, max-video-preview:-1\" \/>\n<link rel=\"canonical\" href=\"https:\/\/zeromagazine.mx\/index.php\/2026\/04\/28\/visa-arte-mundial-2026\/\" \/>\n<meta property=\"og:locale\" content=\"es_ES\" \/>\n<meta property=\"og:type\" content=\"article\" \/>\n<meta property=\"og:title\" content=\"Visa destaca el talento mexicano en una nueva colecci\u00f3n de arte global de cara a la Copa Mundial de la FIFA 2026 - Zero Magazine\" \/>\n<meta property=\"og:description\" content=\"Visa arte Mundial 2026 celebra a C\u00e9sar Canseco en una colecci\u00f3n global que une creatividad, cultura y f\u00fatbol.\" \/>\n<meta property=\"og:url\" content=\"https:\/\/zeromagazine.mx\/index.php\/2026\/04\/28\/visa-arte-mundial-2026\/\" \/>\n<meta property=\"og:site_name\" content=\"Zero Magazine\" \/>\n<meta property=\"article:published_time\" content=\"2026-04-29T04:17:21+00:00\" \/>\n<meta property=\"article:modified_time\" content=\"2026-04-29T04:17:22+00:00\" \/>\n<meta property=\"og:image\" content=\"http:\/\/zeromagazine.mx\/wp-content\/uploads\/2026\/04\/IMG_2428.jpeg\" \/>\n\t<meta property=\"og:image:width\" content=\"1280\" \/>\n\t<meta property=\"og:image:height\" content=\"1280\" \/>\n\t<meta property=\"og:image:type\" content=\"image\/jpeg\" \/>\n<meta name=\"author\" content=\"David Morales\" \/>\n<meta name=\"twitter:card\" content=\"summary_large_image\" \/>\n<meta name=\"twitter:label1\" content=\"Escrito por\" \/>\n\t<meta name=\"twitter:data1\" content=\"David Morales\" \/>\n\t<meta name=\"twitter:label2\" content=\"Tiempo de lectura\" \/>\n\t<meta name=\"twitter:data2\" content=\"3 minutos\" \/>\n<script type=\"application\/ld+json\" class=\"yoast-schema-graph\">{\"@context\":\"https:\\\/\\\/schema.org\",\"@graph\":[{\"@type\":\"Article\",\"@id\":\"https:\\\/\\\/zeromagazine.mx\\\/index.php\\\/2026\\\/04\\\/28\\\/visa-arte-mundial-2026\\\/#article\",\"isPartOf\":{\"@id\":\"https:\\\/\\\/zeromagazine.mx\\\/index.php\\\/2026\\\/04\\\/28\\\/visa-arte-mundial-2026\\\/\"},\"author\":{\"name\":\"David Morales\",\"@id\":\"https:\\\/\\\/zeromagazine.mx\\\/#\\\/schema\\\/person\\\/9f7f1a17c60ba8e9980e3e6677aabe5a\"},\"headline\":\"Visa destaca el talento mexicano en una nueva colecci\u00f3n de arte global de cara a la Copa Mundial de la FIFA 2026\",\"datePublished\":\"2026-04-29T04:17:21+00:00\",\"dateModified\":\"2026-04-29T04:17:22+00:00\",\"mainEntityOfPage\":{\"@id\":\"https:\\\/\\\/zeromagazine.mx\\\/index.php\\\/2026\\\/04\\\/28\\\/visa-arte-mundial-2026\\\/\"},\"wordCount\":466,\"commentCount\":0,\"publisher\":{\"@id\":\"https:\\\/\\\/zeromagazine.mx\\\/#organization\"},\"image\":{\"@id\":\"https:\\\/\\\/zeromagazine.mx\\\/index.php\\\/2026\\\/04\\\/28\\\/visa-arte-mundial-2026\\\/#primaryimage\"},\"thumbnailUrl\":\"https:\\\/\\\/i0.wp.com\\\/zeromagazine.mx\\\/wp-content\\\/uploads\\\/2026\\\/04\\\/IMG_2428.jpeg?fit=1280%2C1280&ssl=1\",\"articleSection\":[\"Blog\",\"Dise\u00f1o\",\"Entretenimiento\"],\"inLanguage\":\"es\",\"potentialAction\":[{\"@type\":\"CommentAction\",\"name\":\"Comment\",\"target\":[\"https:\\\/\\\/zeromagazine.mx\\\/index.php\\\/2026\\\/04\\\/28\\\/visa-arte-mundial-2026\\\/#respond\"]}]},{\"@type\":\"WebPage\",\"@id\":\"https:\\\/\\\/zeromagazine.mx\\\/index.php\\\/2026\\\/04\\\/28\\\/visa-arte-mundial-2026\\\/\",\"url\":\"https:\\\/\\\/zeromagazine.mx\\\/index.php\\\/2026\\\/04\\\/28\\\/visa-arte-mundial-2026\\\/\",\"name\":\"Visa destaca el talento mexicano en una nueva colecci\u00f3n de arte global de cara a la Copa Mundial de la FIFA 2026 - Zero Magazine\",\"isPartOf\":{\"@id\":\"https:\\\/\\\/zeromagazine.mx\\\/#website\"},\"primaryImageOfPage\":{\"@id\":\"https:\\\/\\\/zeromagazine.mx\\\/index.php\\\/2026\\\/04\\\/28\\\/visa-arte-mundial-2026\\\/#primaryimage\"},\"image\":{\"@id\":\"https:\\\/\\\/zeromagazine.mx\\\/index.php\\\/2026\\\/04\\\/28\\\/visa-arte-mundial-2026\\\/#primaryimage\"},\"thumbnailUrl\":\"https:\\\/\\\/i0.wp.com\\\/zeromagazine.mx\\\/wp-content\\\/uploads\\\/2026\\\/04\\\/IMG_2428.jpeg?fit=1280%2C1280&ssl=1\",\"datePublished\":\"2026-04-29T04:17:21+00:00\",\"dateModified\":\"2026-04-29T04:17:22+00:00\",\"description\":\"Visa arte Mundial 2026 celebra a C\u00e9sar Canseco en una colecci\u00f3n global que une creatividad, cultura y f\u00fatbol.\",\"breadcrumb\":{\"@id\":\"https:\\\/\\\/zeromagazine.mx\\\/index.php\\\/2026\\\/04\\\/28\\\/visa-arte-mundial-2026\\\/#breadcrumb\"},\"inLanguage\":\"es\",\"potentialAction\":[{\"@type\":\"ReadAction\",\"target\":[\"https:\\\/\\\/zeromagazine.mx\\\/index.php\\\/2026\\\/04\\\/28\\\/visa-arte-mundial-2026\\\/\"]}]},{\"@type\":\"ImageObject\",\"inLanguage\":\"es\",\"@id\":\"https:\\\/\\\/zeromagazine.mx\\\/index.php\\\/2026\\\/04\\\/28\\\/visa-arte-mundial-2026\\\/#primaryimage\",\"url\":\"https:\\\/\\\/i0.wp.com\\\/zeromagazine.mx\\\/wp-content\\\/uploads\\\/2026\\\/04\\\/IMG_2428.jpeg?fit=1280%2C1280&ssl=1\",\"contentUrl\":\"https:\\\/\\\/i0.wp.com\\\/zeromagazine.mx\\\/wp-content\\\/uploads\\\/2026\\\/04\\\/IMG_2428.jpeg?fit=1280%2C1280&ssl=1\",\"width\":1280,\"height\":1280},{\"@type\":\"BreadcrumbList\",\"@id\":\"https:\\\/\\\/zeromagazine.mx\\\/index.php\\\/2026\\\/04\\\/28\\\/visa-arte-mundial-2026\\\/#breadcrumb\",\"itemListElement\":[{\"@type\":\"ListItem\",\"position\":1,\"name\":\"Portada\",\"item\":\"https:\\\/\\\/zeromagazine.mx\\\/\"},{\"@type\":\"ListItem\",\"position\":2,\"name\":\"Visa destaca el talento mexicano en una nueva colecci\u00f3n de arte global de cara a la Copa Mundial de la FIFA 2026\"}]},{\"@type\":\"WebSite\",\"@id\":\"https:\\\/\\\/zeromagazine.mx\\\/#website\",\"url\":\"https:\\\/\\\/zeromagazine.mx\\\/\",\"name\":\"Zero Magazine\",\"description\":\"\",\"publisher\":{\"@id\":\"https:\\\/\\\/zeromagazine.mx\\\/#organization\"},\"potentialAction\":[{\"@type\":\"SearchAction\",\"target\":{\"@type\":\"EntryPoint\",\"urlTemplate\":\"https:\\\/\\\/zeromagazine.mx\\\/?s={search_term_string}\"},\"query-input\":{\"@type\":\"PropertyValueSpecification\",\"valueRequired\":true,\"valueName\":\"search_term_string\"}}],\"inLanguage\":\"es\"},{\"@type\":\"Organization\",\"@id\":\"https:\\\/\\\/zeromagazine.mx\\\/#organization\",\"name\":\"Zero Magazine\",\"url\":\"https:\\\/\\\/zeromagazine.mx\\\/\",\"logo\":{\"@type\":\"ImageObject\",\"inLanguage\":\"es\",\"@id\":\"https:\\\/\\\/zeromagazine.mx\\\/#\\\/schema\\\/logo\\\/image\\\/\",\"url\":\"https:\\\/\\\/i0.wp.com\\\/zeromagazine.mx\\\/wp-content\\\/uploads\\\/2025\\\/11\\\/1.jpeg?fit=1000%2C1000&ssl=1\",\"contentUrl\":\"https:\\\/\\\/i0.wp.com\\\/zeromagazine.mx\\\/wp-content\\\/uploads\\\/2025\\\/11\\\/1.jpeg?fit=1000%2C1000&ssl=1\",\"width\":1000,\"height\":1000,\"caption\":\"Zero Magazine\"},\"image\":{\"@id\":\"https:\\\/\\\/zeromagazine.mx\\\/#\\\/schema\\\/logo\\\/image\\\/\"},\"sameAs\":[\"https:\\\/\\\/instagram.com\\\/zeromagazinemx\"]},{\"@type\":\"Person\",\"@id\":\"https:\\\/\\\/zeromagazine.mx\\\/#\\\/schema\\\/person\\\/9f7f1a17c60ba8e9980e3e6677aabe5a\",\"name\":\"David Morales\",\"image\":{\"@type\":\"ImageObject\",\"inLanguage\":\"es\",\"@id\":\"https:\\\/\\\/zeromagazine.mx\\\/wp-content\\\/litespeed\\\/avatar\\\/76069d2136bfc1c37dc34815bb67ca42.jpg?ver=1776966186\",\"url\":\"https:\\\/\\\/zeromagazine.mx\\\/wp-content\\\/litespeed\\\/avatar\\\/76069d2136bfc1c37dc34815bb67ca42.jpg?ver=1776966186\",\"contentUrl\":\"https:\\\/\\\/zeromagazine.mx\\\/wp-content\\\/litespeed\\\/avatar\\\/76069d2136bfc1c37dc34815bb67ca42.jpg?ver=1776966186\",\"caption\":\"David Morales\"},\"url\":\"https:\\\/\\\/zeromagazine.mx\\\/index.php\\\/author\\\/david\\\/\"}]}<\/script>\n<!-- \/ Yoast SEO plugin. -->","yoast_head_json":{"title":"Visa destaca el talento mexicano en una nueva colecci\u00f3n de arte global de cara a la Copa Mundial de la FIFA 2026 - Zero Magazine","description":"Visa arte Mundial 2026 celebra a C\u00e9sar Canseco en una colecci\u00f3n global que une creatividad, cultura y f\u00fatbol.","robots":{"index":"index","follow":"follow","max-snippet":"max-snippet:-1","max-image-preview":"max-image-preview:large","max-video-preview":"max-video-preview:-1"},"canonical":"https:\/\/zeromagazine.mx\/index.php\/2026\/04\/28\/visa-arte-mundial-2026\/","og_locale":"es_ES","og_type":"article","og_title":"Visa destaca el talento mexicano en una nueva colecci\u00f3n de arte global de cara a la Copa Mundial de la FIFA 2026 - Zero Magazine","og_description":"Visa arte Mundial 2026 celebra a C\u00e9sar Canseco en una colecci\u00f3n global que une creatividad, cultura y f\u00fatbol.","og_url":"https:\/\/zeromagazine.mx\/index.php\/2026\/04\/28\/visa-arte-mundial-2026\/","og_site_name":"Zero Magazine","article_published_time":"2026-04-29T04:17:21+00:00","article_modified_time":"2026-04-29T04:17:22+00:00","og_image":[{"width":1280,"height":1280,"url":"http:\/\/zeromagazine.mx\/wp-content\/uploads\/2026\/04\/IMG_2428.jpeg","type":"image\/jpeg"}],"author":"David Morales","twitter_card":"summary_large_image","twitter_misc":{"Escrito por":"David Morales","Tiempo de lectura":"3 minutos"},"schema":{"@context":"https:\/\/schema.org","@graph":[{"@type":"Article","@id":"https:\/\/zeromagazine.mx\/index.php\/2026\/04\/28\/visa-arte-mundial-2026\/#article","isPartOf":{"@id":"https:\/\/zeromagazine.mx\/index.php\/2026\/04\/28\/visa-arte-mundial-2026\/"},"author":{"name":"David Morales","@id":"https:\/\/zeromagazine.mx\/#\/schema\/person\/9f7f1a17c60ba8e9980e3e6677aabe5a"},"headline":"Visa destaca el talento mexicano en una nueva colecci\u00f3n de arte global de cara a la Copa Mundial de la FIFA 2026","datePublished":"2026-04-29T04:17:21+00:00","dateModified":"2026-04-29T04:17:22+00:00","mainEntityOfPage":{"@id":"https:\/\/zeromagazine.mx\/index.php\/2026\/04\/28\/visa-arte-mundial-2026\/"},"wordCount":466,"commentCount":0,"publisher":{"@id":"https:\/\/zeromagazine.mx\/#organization"},"image":{"@id":"https:\/\/zeromagazine.mx\/index.php\/2026\/04\/28\/visa-arte-mundial-2026\/#primaryimage"},"thumbnailUrl":"https:\/\/i0.wp.com\/zeromagazine.mx\/wp-content\/uploads\/2026\/04\/IMG_2428.jpeg?fit=1280%2C1280&ssl=1","articleSection":["Blog","Dise\u00f1o","Entretenimiento"],"inLanguage":"es","potentialAction":[{"@type":"CommentAction","name":"Comment","target":["https:\/\/zeromagazine.mx\/index.php\/2026\/04\/28\/visa-arte-mundial-2026\/#respond"]}]},{"@type":"WebPage","@id":"https:\/\/zeromagazine.mx\/index.php\/2026\/04\/28\/visa-arte-mundial-2026\/","url":"https:\/\/zeromagazine.mx\/index.php\/2026\/04\/28\/visa-arte-mundial-2026\/","name":"Visa destaca el talento mexicano en una nueva colecci\u00f3n de arte global de cara a la Copa Mundial de la FIFA 2026 - Zero Magazine","isPartOf":{"@id":"https:\/\/zeromagazine.mx\/#website"},"primaryImageOfPage":{"@id":"https:\/\/zeromagazine.mx\/index.php\/2026\/04\/28\/visa-arte-mundial-2026\/#primaryimage"},"image":{"@id":"https:\/\/zeromagazine.mx\/index.php\/2026\/04\/28\/visa-arte-mundial-2026\/#primaryimage"},"thumbnailUrl":"https:\/\/i0.wp.com\/zeromagazine.mx\/wp-content\/uploads\/2026\/04\/IMG_2428.jpeg?fit=1280%2C1280&ssl=1","datePublished":"2026-04-29T04:17:21+00:00","dateModified":"2026-04-29T04:17:22+00:00","description":"Visa arte Mundial 2026 celebra a C\u00e9sar Canseco en una colecci\u00f3n global que une creatividad, cultura y f\u00fatbol.","breadcrumb":{"@id":"https:\/\/zeromagazine.mx\/index.php\/2026\/04\/28\/visa-arte-mundial-2026\/#breadcrumb"},"inLanguage":"es","potentialAction":[{"@type":"ReadAction","target":["https:\/\/zeromagazine.mx\/index.php\/2026\/04\/28\/visa-arte-mundial-2026\/"]}]},{"@type":"ImageObject","inLanguage":"es","@id":"https:\/\/zeromagazine.mx\/index.php\/2026\/04\/28\/visa-arte-mundial-2026\/#primaryimage","url":"https:\/\/i0.wp.com\/zeromagazine.mx\/wp-content\/uploads\/2026\/04\/IMG_2428.jpeg?fit=1280%2C1280&ssl=1","contentUrl":"https:\/\/i0.wp.com\/zeromagazine.mx\/wp-content\/uploads\/2026\/04\/IMG_2428.jpeg?fit=1280%2C1280&ssl=1","width":1280,"height":1280},{"@type":"BreadcrumbList","@id":"https:\/\/zeromagazine.mx\/index.php\/2026\/04\/28\/visa-arte-mundial-2026\/#breadcrumb","itemListElement":[{"@type":"ListItem","position":1,"name":"Portada","item":"https:\/\/zeromagazine.mx\/"},{"@type":"ListItem","position":2,"name":"Visa destaca el talento mexicano en una nueva colecci\u00f3n de arte global de cara a la Copa Mundial de la FIFA 2026"}]},{"@type":"WebSite","@id":"https:\/\/zeromagazine.mx\/#website","url":"https:\/\/zeromagazine.mx\/","name":"Zero Magazine","description":"","publisher":{"@id":"https:\/\/zeromagazine.mx\/#organization"},"potentialAction":[{"@type":"SearchAction","target":{"@type":"EntryPoint","urlTemplate":"https:\/\/zeromagazine.mx\/?s={search_term_string}"},"query-input":{"@type":"PropertyValueSpecification","valueRequired":true,"valueName":"search_term_string"}}],"inLanguage":"es"},{"@type":"Organization","@id":"https:\/\/zeromagazine.mx\/#organization","name":"Zero Magazine","url":"https:\/\/zeromagazine.mx\/","logo":{"@type":"ImageObject","inLanguage":"es","@id":"https:\/\/zeromagazine.mx\/#\/schema\/logo\/image\/","url":"https:\/\/i0.wp.com\/zeromagazine.mx\/wp-content\/uploads\/2025\/11\/1.jpeg?fit=1000%2C1000&ssl=1","contentUrl":"https:\/\/i0.wp.com\/zeromagazine.mx\/wp-content\/uploads\/2025\/11\/1.jpeg?fit=1000%2C1000&ssl=1","width":1000,"height":1000,"caption":"Zero Magazine"},"image":{"@id":"https:\/\/zeromagazine.mx\/#\/schema\/logo\/image\/"},"sameAs":["https:\/\/instagram.com\/zeromagazinemx"]},{"@type":"Person","@id":"https:\/\/zeromagazine.mx\/#\/schema\/person\/9f7f1a17c60ba8e9980e3e6677aabe5a","name":"David Morales","image":{"@type":"ImageObject","inLanguage":"es","@id":"https:\/\/zeromagazine.mx\/wp-content\/litespeed\/avatar\/76069d2136bfc1c37dc34815bb67ca42.jpg?ver=1776966186","url":"https:\/\/zeromagazine.mx\/wp-content\/litespeed\/avatar\/76069d2136bfc1c37dc34815bb67ca42.jpg?ver=1776966186","contentUrl":"https:\/\/zeromagazine.mx\/wp-content\/litespeed\/avatar\/76069d2136bfc1c37dc34815bb67ca42.jpg?ver=1776966186","caption":"David Morales"},"url":"https:\/\/zeromagazine.mx\/index.php\/author\/david\/"}]}},"jetpack_publicize_connections":[],"jetpack_featured_media_url":"https:\/\/i0.wp.com\/zeromagazine.mx\/wp-content\/uploads\/2026\/04\/IMG_2428.jpeg?fit=1280%2C1280&ssl=1","jetpack-related-posts":[{"id":118254,"url":"https:\/\/zeromagazine.mx\/index.php\/2026\/04\/13\/botellas-edicion-mundial-2026-diageo\/","url_meta":{"origin":119696,"position":0},"title":"DIAGEO lanza seis ediciones limitadas de colecci\u00f3n para el Mundial 2026","author":"David Morales","date":"13 de abril de 2026","format":false,"excerpt":"DIAGEO convierte sus etiquetas m\u00e1s ic\u00f3nicas en objetos de deseo justo a tiempo para la Copa Mundial 2026.No es solo f\u00fatbol. Es est\u00e9tica, nostalgia, identidad y ese mood colectivo que se siente en el aire cuando algo grande est\u00e1 por pasar. Y s\u00ed, tambi\u00e9n se bebe. Botellas edici\u00f3n Mundial 2026:\u2026","rel":"","context":"En \u00abBlog\u00bb","block_context":{"text":"Blog","link":"https:\/\/zeromagazine.mx\/index.php\/category\/blog\/"},"img":{"alt_text":"El mundo viene a jugar. M\u00e9xico ya est\u00e1 celebrando.","src":"https:\/\/i0.wp.com\/zeromagazine.mx\/wp-content\/uploads\/2026\/04\/01-LTOS-DIAGEO-MX.jpeg?fit=1080%2C1062&ssl=1&resize=350%2C200","width":350,"height":200,"srcset":"https:\/\/i0.wp.com\/zeromagazine.mx\/wp-content\/uploads\/2026\/04\/01-LTOS-DIAGEO-MX.jpeg?fit=1080%2C1062&ssl=1&resize=350%2C200 1x, https:\/\/i0.wp.com\/zeromagazine.mx\/wp-content\/uploads\/2026\/04\/01-LTOS-DIAGEO-MX.jpeg?fit=1080%2C1062&ssl=1&resize=525%2C300 1.5x, https:\/\/i0.wp.com\/zeromagazine.mx\/wp-content\/uploads\/2026\/04\/01-LTOS-DIAGEO-MX.jpeg?fit=1080%2C1062&ssl=1&resize=700%2C400 2x, https:\/\/i0.wp.com\/zeromagazine.mx\/wp-content\/uploads\/2026\/04\/01-LTOS-DIAGEO-MX.jpeg?fit=1080%2C1062&ssl=1&resize=1050%2C600 3x"},"classes":[]},{"id":117637,"url":"https:\/\/zeromagazine.mx\/index.php\/2026\/03\/31\/cos-seul-2026-desfile-moda\/","url_meta":{"origin":119696,"position":1},"title":"COS Se\u00fal 2026 moda global","author":"zeromagazinemx","date":"31 de marzo de 2026","format":false,"excerpt":"La firma COS acaba de demostrar que la moda ya no tiene fronteras y su desfile en Se\u00fal lo dej\u00f3 clar\u00edsimo. Con una vibra minimalista pero ultra pulida, la presentaci\u00f3n Primavera-Verano 2026 no solo fue sobre ropa: fue sobre cultura, conexiones y ese mix de talento que hace que todo\u2026","rel":"","context":"En \u00abModa\u00bb","block_context":{"text":"Moda","link":"https:\/\/zeromagazine.mx\/index.php\/category\/moda\/"},"img":{"alt_text":"","src":"https:\/\/i0.wp.com\/zeromagazine.mx\/wp-content\/uploads\/2026\/03\/COS_SS26_-PARK-GYUYOUNG_ALEXANDER-SKARSGARD_EMMA-ROBERTS_DIEGO-CALVA_TAMU-MCPHERSON_001.jpeg?fit=1200%2C900&ssl=1&resize=350%2C200","width":350,"height":200,"srcset":"https:\/\/i0.wp.com\/zeromagazine.mx\/wp-content\/uploads\/2026\/03\/COS_SS26_-PARK-GYUYOUNG_ALEXANDER-SKARSGARD_EMMA-ROBERTS_DIEGO-CALVA_TAMU-MCPHERSON_001.jpeg?fit=1200%2C900&ssl=1&resize=350%2C200 1x, https:\/\/i0.wp.com\/zeromagazine.mx\/wp-content\/uploads\/2026\/03\/COS_SS26_-PARK-GYUYOUNG_ALEXANDER-SKARSGARD_EMMA-ROBERTS_DIEGO-CALVA_TAMU-MCPHERSON_001.jpeg?fit=1200%2C900&ssl=1&resize=525%2C300 1.5x, https:\/\/i0.wp.com\/zeromagazine.mx\/wp-content\/uploads\/2026\/03\/COS_SS26_-PARK-GYUYOUNG_ALEXANDER-SKARSGARD_EMMA-ROBERTS_DIEGO-CALVA_TAMU-MCPHERSON_001.jpeg?fit=1200%2C900&ssl=1&resize=700%2C400 2x, https:\/\/i0.wp.com\/zeromagazine.mx\/wp-content\/uploads\/2026\/03\/COS_SS26_-PARK-GYUYOUNG_ALEXANDER-SKARSGARD_EMMA-ROBERTS_DIEGO-CALVA_TAMU-MCPHERSON_001.jpeg?fit=1200%2C900&ssl=1&resize=1050%2C600 3x"},"classes":[]},{"id":118880,"url":"https:\/\/zeromagazine.mx\/index.php\/2026\/04\/17\/album-retro-panini-loteria-nacional\/","url_meta":{"origin":119696,"position":2},"title":"Panini y Loter\u00eda Nacional presentan \u00e1lbum retro rumbo a la Copa Mundial de la FIFA 26\u2122\ufe0f","author":"David Morales","date":"17 de abril de 2026","format":false,"excerpt":"No son estampas, son recuerdos. Panini y Loter\u00eda Nacional reinventan el coleccionismo rumbo al Mundial con una edici\u00f3n que conecta generaciones. Hay objetos que no solo se guardan\u2026 se sienten.Y en M\u00e9xico, pocas cosas despiertan tanta emoci\u00f3n como un \u00e1lbum de\u00a0Panini\u00a0o un cachito de\u00a0Loter\u00eda Nacional. Ahora imagina ambos en uno\u2026","rel":"","context":"En \u00abBlog\u00bb","block_context":{"text":"Blog","link":"https:\/\/zeromagazine.mx\/index.php\/category\/blog\/"},"img":{"alt_text":"","src":"https:\/\/i0.wp.com\/zeromagazine.mx\/wp-content\/uploads\/2026\/04\/DSC4986-scaled.jpeg?fit=1200%2C802&ssl=1&resize=350%2C200","width":350,"height":200,"srcset":"https:\/\/i0.wp.com\/zeromagazine.mx\/wp-content\/uploads\/2026\/04\/DSC4986-scaled.jpeg?fit=1200%2C802&ssl=1&resize=350%2C200 1x, https:\/\/i0.wp.com\/zeromagazine.mx\/wp-content\/uploads\/2026\/04\/DSC4986-scaled.jpeg?fit=1200%2C802&ssl=1&resize=525%2C300 1.5x, https:\/\/i0.wp.com\/zeromagazine.mx\/wp-content\/uploads\/2026\/04\/DSC4986-scaled.jpeg?fit=1200%2C802&ssl=1&resize=700%2C400 2x, https:\/\/i0.wp.com\/zeromagazine.mx\/wp-content\/uploads\/2026\/04\/DSC4986-scaled.jpeg?fit=1200%2C802&ssl=1&resize=1050%2C600 3x"},"classes":[]},{"id":114904,"url":"https:\/\/zeromagazine.mx\/index.php\/2026\/02\/07\/feria-material-cdmx-maravilla-studios\/","url_meta":{"origin":119696,"position":3},"title":"Feria Material Vol. 12 estrena sede en Maravilla Studios e inaugura una nueva etapa","author":"David Morales","date":"7 de febrero de 2026","format":false,"excerpt":"La Semana del Arte en CDMX siempre trae hype, pero este a\u00f1o el mood sube de nivel.\u00a0Feria Material Vol. 12\u00a0no solo regresa: se reinventa con una nueva casa en Maravilla Studios, un venue industrial de gran escala en la colonia Atlampa que le da un upgrade total a la experiencia.\u2026","rel":"","context":"En \u00abCultura\u00bb","block_context":{"text":"Cultura","link":"https:\/\/zeromagazine.mx\/index.php\/category\/cultura\/"},"img":{"alt_text":"","src":"https:\/\/i0.wp.com\/zeromagazine.mx\/wp-content\/uploads\/2026\/02\/4-Credito-Narrativa-Foto-Cortesia-de-Material.jpeg?fit=1200%2C800&ssl=1&resize=350%2C200","width":350,"height":200,"srcset":"https:\/\/i0.wp.com\/zeromagazine.mx\/wp-content\/uploads\/2026\/02\/4-Credito-Narrativa-Foto-Cortesia-de-Material.jpeg?fit=1200%2C800&ssl=1&resize=350%2C200 1x, https:\/\/i0.wp.com\/zeromagazine.mx\/wp-content\/uploads\/2026\/02\/4-Credito-Narrativa-Foto-Cortesia-de-Material.jpeg?fit=1200%2C800&ssl=1&resize=525%2C300 1.5x, https:\/\/i0.wp.com\/zeromagazine.mx\/wp-content\/uploads\/2026\/02\/4-Credito-Narrativa-Foto-Cortesia-de-Material.jpeg?fit=1200%2C800&ssl=1&resize=700%2C400 2x, https:\/\/i0.wp.com\/zeromagazine.mx\/wp-content\/uploads\/2026\/02\/4-Credito-Narrativa-Foto-Cortesia-de-Material.jpeg?fit=1200%2C800&ssl=1&resize=1050%2C600 3x"},"classes":[]},{"id":115552,"url":"https:\/\/zeromagazine.mx\/index.php\/2026\/02\/17\/charro-bus-2026-cdmx-mundial\/","url_meta":{"origin":119696,"position":4},"title":"Presentan El \u00abCharro Bus 2026 CDMX\u00bb, dentro del Marco del Mundial de F\u00fatbol 2026 .","author":"David Morales","date":"17 de febrero de 2026","format":false,"excerpt":"La Ciudad de M\u00e9xico ya est\u00e1 calentando motores para uno de los eventos m\u00e1s vistos del planeta, y no, no hablamos solo de estadios llenos. Hablamos de cultura, arte urbano y experiencias que transforman la forma de vivir la ciudad. Bajo ese mood llega el\u00a0Charro Bus 2026 CDMX, una propuesta\u2026","rel":"","context":"En \u00abBlog\u00bb","block_context":{"text":"Blog","link":"https:\/\/zeromagazine.mx\/index.php\/category\/blog\/"},"img":{"alt_text":"","src":"https:\/\/i0.wp.com\/zeromagazine.mx\/wp-content\/uploads\/2026\/02\/20260213_155837-scaled.jpeg?fit=1200%2C900&ssl=1&resize=350%2C200","width":350,"height":200,"srcset":"https:\/\/i0.wp.com\/zeromagazine.mx\/wp-content\/uploads\/2026\/02\/20260213_155837-scaled.jpeg?fit=1200%2C900&ssl=1&resize=350%2C200 1x, https:\/\/i0.wp.com\/zeromagazine.mx\/wp-content\/uploads\/2026\/02\/20260213_155837-scaled.jpeg?fit=1200%2C900&ssl=1&resize=525%2C300 1.5x, https:\/\/i0.wp.com\/zeromagazine.mx\/wp-content\/uploads\/2026\/02\/20260213_155837-scaled.jpeg?fit=1200%2C900&ssl=1&resize=700%2C400 2x, https:\/\/i0.wp.com\/zeromagazine.mx\/wp-content\/uploads\/2026\/02\/20260213_155837-scaled.jpeg?fit=1200%2C900&ssl=1&resize=1050%2C600 3x"},"classes":[]},{"id":117140,"url":"https:\/\/zeromagazine.mx\/index.php\/2026\/03\/22\/mexico-canta-no-llores\/","url_meta":{"origin":119696,"position":5},"title":"\u00abM\u00e9xico Canta y No Llores\u00bb, edici\u00f3n coleccionable","author":"David Morales","date":"22 de marzo de 2026","format":false,"excerpt":"La emoci\u00f3n por el Mundial ya se empieza a sentir y ahora tambi\u00e9n se puede coleccionar. Con\u00a0M\u00e9xico Canta No Llores, la nueva edici\u00f3n especial inspirada en la\u00a0Copa Mundial de la FIFA 2026, la marca\u00a0Rexona\u00a0lanz\u00f3 una serie de latas con dise\u00f1os \u00fanicos que celebran la forma en la que los mexicanos\u2026","rel":"","context":"En \u00abBeauty\u00bb","block_context":{"text":"Beauty","link":"https:\/\/zeromagazine.mx\/index.php\/category\/beauty\/"},"img":{"alt_text":"","src":"https:\/\/i0.wp.com\/zeromagazine.mx\/wp-content\/uploads\/2026\/03\/Line-up-FIFA-scaled.png?fit=1200%2C480&ssl=1&resize=350%2C200","width":350,"height":200,"srcset":"https:\/\/i0.wp.com\/zeromagazine.mx\/wp-content\/uploads\/2026\/03\/Line-up-FIFA-scaled.png?fit=1200%2C480&ssl=1&resize=350%2C200 1x, https:\/\/i0.wp.com\/zeromagazine.mx\/wp-content\/uploads\/2026\/03\/Line-up-FIFA-scaled.png?fit=1200%2C480&ssl=1&resize=525%2C300 1.5x, https:\/\/i0.wp.com\/zeromagazine.mx\/wp-content\/uploads\/2026\/03\/Line-up-FIFA-scaled.png?fit=1200%2C480&ssl=1&resize=700%2C400 2x, https:\/\/i0.wp.com\/zeromagazine.mx\/wp-content\/uploads\/2026\/03\/Line-up-FIFA-scaled.png?fit=1200%2C480&ssl=1&resize=1050%2C600 3x"},"classes":[]}],"jetpack_sharing_enabled":true,"builder_content":"","_links":{"self":[{"href":"https:\/\/zeromagazine.mx\/index.php\/wp-json\/wp\/v2\/posts\/119696","targetHints":{"allow":["GET"]}}],"collection":[{"href":"https:\/\/zeromagazine.mx\/index.php\/wp-json\/wp\/v2\/posts"}],"about":[{"href":"https:\/\/zeromagazine.mx\/index.php\/wp-json\/wp\/v2\/types\/post"}],"author":[{"embeddable":true,"href":"https:\/\/zeromagazine.mx\/index.php\/wp-json\/wp\/v2\/users\/4"}],"replies":[{"embeddable":true,"href":"https:\/\/zeromagazine.mx\/index.php\/wp-json\/wp\/v2\/comments?post=119696"}],"version-history":[{"count":3,"href":"https:\/\/zeromagazine.mx\/index.php\/wp-json\/wp\/v2\/posts\/119696\/revisions"}],"predecessor-version":[{"id":119701,"href":"https:\/\/zeromagazine.mx\/index.php\/wp-json\/wp\/v2\/posts\/119696\/revisions\/119701"}],"wp:featuredmedia":[{"embeddable":true,"href":"https:\/\/zeromagazine.mx\/index.php\/wp-json\/wp\/v2\/media\/119697"}],"wp:attachment":[{"href":"https:\/\/zeromagazine.mx\/index.php\/wp-json\/wp\/v2\/media?parent=119696"}],"wp:term":[{"taxonomy":"category","embeddable":true,"href":"https:\/\/zeromagazine.mx\/index.php\/wp-json\/wp\/v2\/categories?post=119696"},{"taxonomy":"post_tag","embeddable":true,"href":"https:\/\/zeromagazine.mx\/index.php\/wp-json\/wp\/v2\/tags?post=119696"}],"curies":[{"name":"wp","href":"https:\/\/api.w.org\/{rel}","templated":true}]}}