{"id":119777,"date":"2026-04-29T14:13:39","date_gmt":"2026-04-29T20:13:39","guid":{"rendered":"https:\/\/zeromagazine.mx\/?p=119777"},"modified":"2026-04-29T14:13:39","modified_gmt":"2026-04-29T20:13:39","slug":"hilary-duff-mexico-2027-guadalajara","status":"publish","type":"post","link":"https:\/\/zeromagazine.mx\/index.php\/2026\/04\/29\/hilary-duff-mexico-2027-guadalajara\/","title":{"rendered":"\u00a1HILARY DUFF AGREGA UNA NUEVA FECHA EN M\u00c9XICO TRAS LA INCRE\u00cdBLE DEMANDA!"},"content":{"rendered":"<!--themify_builder_content-->\n<div id=\"themify_builder_content-119777\" data-postid=\"119777\" class=\"themify_builder_content themify_builder_content-119777 themify_builder tf_clear\">\n    <\/div>\n<!--\/themify_builder_content-->\n\n\n<p>Cuando el throwback se vuelve presente: una nueva fecha, m\u00e1s emoci\u00f3n y cero posibilidades de quedarte fuera.<\/p>\n\n\n\n<p><br>Si creciste cantando frente al espejo, esto es personal.\u00a0Hilary Duff\u00a0acaba de confirmar lo que muchos estaban esperando (y otros rogando): una nueva fecha en M\u00e9xico. Porque s\u00ed, la demanda fue real\u2026 y el fen\u00f3meno tambi\u00e9n.<\/p>\n\n\n\n<h3 class=\"wp-block-heading\">Hilary Duff M\u00e9xico 2027: el comeback que nadie quiere perderse<\/h3>\n\n\n\n<p>Adem\u00e1s, lo que empez\u00f3 como un regreso nost\u00e1lgico se convirti\u00f3 r\u00e1pidamente en uno de los tours m\u00e1s hot del momento. Con fechas agotadas en CDMX, la llegada de&nbsp;<strong>Hilary Duff M\u00e9xico 2027<\/strong>&nbsp;a Guadalajara no es solo una extensi\u00f3n del tour, es una respuesta directa al hype.<\/p>\n\n\n\n<p>El nuevo show ser\u00e1 el 15 de febrero en el&nbsp;Auditorio Telmex, un venue que ya se siente listo para corear cada lyric como si fuera 2003\u2026 pero con outfits mucho m\u00e1s elevados.<\/p>\n\n\n\n<p>Ahora bien, este tour \u2014<em>The Lucky Me Tour<\/em>\u2014 marca su primera gira global a gran escala en casi dos d\u00e9cadas. Y s\u00ed, eso lo convierte en un momento cultural m\u00e1s grande de lo que parece. No es solo un concierto, es una c\u00e1psula emocional.<\/p>\n\n\n\n<h3 class=\"wp-block-heading\">Hilary Duff M\u00e9xico 2027: pop, evoluci\u00f3n y una nueva era<\/h3>\n\n\n\n<p>Por otro lado, este regreso no vive solo de la nostalgia.&nbsp;Hilary Duff&nbsp;llega con una narrativa distinta: m\u00e1s segura, m\u00e1s madura, m\u00e1s due\u00f1a de su historia.<\/p>\n\n\n\n<p>En realidad, su trayectoria habla por s\u00ed sola. Desde&nbsp;<em>Lizzie McGuire<\/em>&nbsp;hasta \u00e1lbumes como&nbsp;<em>Metamorphosis<\/em>&nbsp;o&nbsp;<em>Dignity<\/em>, su evoluci\u00f3n ha sido constante, silenciosa y muy bien curada. Hoy, ese mismo ADN se traduce en una nueva etapa musical respaldada por&nbsp;Atlantic Records, marcando un fresh start que conecta perfecto con su audiencia original\u2026 y con una nueva generaci\u00f3n.<\/p>\n\n\n\n<p>Adem\u00e1s, el tour recorrer\u00e1 ciudades ic\u00f3nicas como Nueva York, Londres y Sydney, incluyendo venues legendarios como el&nbsp;Madison Square Garden&nbsp;y The O2 en Londres. Pero M\u00e9xico \u2014y especialmente esta nueva fecha\u2014 tiene un peso emocional distinto. Aqu\u00ed, el fandom no juega.<\/p>\n\n\n\n<h3 class=\"wp-block-heading\">El plan perfecto: nostalgia + pop + una noche que se queda<\/h3>\n\n\n\n<p>Ahora bien, si estabas dudando, este es tu momento. La preventa arranco este 29 de abril y la venta general el 30. Y considerando lo que ya pas\u00f3 en CDMX\u2026 las probabilidades de sold out son b\u00e1sicamente inevitables.<\/p>\n\n\n\n<p>Adem\u00e1s, el show promete m\u00e1s que m\u00fasica: es una experiencia. Visuales, energ\u00eda, hits que marcaron una generaci\u00f3n y ese tipo de conexi\u00f3n que solo ciertos artistas logran mantener con el tiempo.<\/p>\n\n\n\n<h3 class=\"wp-block-heading\">Porque algunas eras nunca terminan<\/h3>\n\n\n\n<p>En realidad, lo de&nbsp;<strong>Hilary Duff M\u00e9xico 2027<\/strong>&nbsp;no es solo un tour, es un recordatorio. De qui\u00e9n eras, de lo que escuchabas y de c\u00f3mo ciertas canciones siguen viviendo contigo sin importar los a\u00f1os.<\/p>\n\n\n\n<p>Y s\u00ed, puede que ahora tengas otra rutina, otro estilo, otra playlist. Pero hay algo que no cambia: cuando suena&nbsp;<em>Come Clean<\/em>, todos volvemos un poco a ese momento.<\/p>\n\n\n\n<p>Nos vemos en Guadalajara.<\/p>\n\n\n\n<p><\/p>","protected":false},"excerpt":{"rendered":"<p>Cuando el throwback se vuelve presente: una nueva fecha, m\u00e1s emoci\u00f3n y cero posibilidades de quedarte fuera. Si creciste cantando frente al espejo, esto es personal.\u00a0Hilary Duff\u00a0acaba de confirmar lo que muchos estaban esperando (y otros rogando): una nueva fecha en M\u00e9xico. Porque s\u00ed, la demanda fue real\u2026 y el fen\u00f3meno tambi\u00e9n. Hilary Duff M\u00e9xico [&hellip;]<\/p>\n","protected":false},"author":4,"featured_media":119778,"comment_status":"open","ping_status":"open","sticky":false,"template":"","format":"standard","meta":{"_jetpack_memberships_contains_paid_content":false,"footnotes":"","jetpack_publicize_message":"","jetpack_publicize_feature_enabled":true,"jetpack_social_post_already_shared":true,"jetpack_social_options":{"image_generator_settings":{"template":"highway","default_image_id":0,"font":"","enabled":false},"version":2}},"categories":[1,14133,117,14134],"tags":[],"class_list":["post-119777","post","type-post","status-publish","format-standard","has-post-thumbnail","hentry","category-blog","category-concierto","category-entretenimiento","category-musica","has-post-title","has-post-date","has-post-category","has-post-tag","has-post-comment","has-post-author",""],"yoast_head":"<!-- This site is optimized with the Yoast SEO plugin v27.5 - https:\/\/yoast.com\/product\/yoast-seo-wordpress\/ -->\n<title>\u00a1HILARY DUFF AGREGA UNA NUEVA FECHA EN M\u00c9XICO TRAS LA INCRE\u00cdBLE DEMANDA! - Zero Magazine<\/title>\n<meta name=\"description\" content=\"Hilary Duff M\u00e9xico 2027 suma Guadalajara: nueva fecha en el Auditorio Telmex, preventa, boletos y detalles del esperado regreso pop.\" \/>\n<meta name=\"robots\" content=\"index, follow, max-snippet:-1, max-image-preview:large, max-video-preview:-1\" \/>\n<link rel=\"canonical\" href=\"https:\/\/zeromagazine.mx\/index.php\/2026\/04\/29\/hilary-duff-mexico-2027-guadalajara\/\" \/>\n<meta property=\"og:locale\" content=\"es_ES\" \/>\n<meta property=\"og:type\" content=\"article\" \/>\n<meta property=\"og:title\" content=\"\u00a1HILARY DUFF AGREGA UNA NUEVA FECHA EN M\u00c9XICO TRAS LA INCRE\u00cdBLE DEMANDA! - Zero Magazine\" \/>\n<meta property=\"og:description\" content=\"Hilary Duff M\u00e9xico 2027 suma Guadalajara: nueva fecha en el Auditorio Telmex, preventa, boletos y detalles del esperado regreso pop.\" \/>\n<meta property=\"og:url\" content=\"https:\/\/zeromagazine.mx\/index.php\/2026\/04\/29\/hilary-duff-mexico-2027-guadalajara\/\" \/>\n<meta property=\"og:site_name\" content=\"Zero Magazine\" \/>\n<meta property=\"article:published_time\" content=\"2026-04-29T20:13:39+00:00\" \/>\n<meta property=\"og:image\" content=\"http:\/\/zeromagazine.mx\/wp-content\/uploads\/2026\/04\/IMG_2462.jpeg\" \/>\n\t<meta property=\"og:image:width\" content=\"1920\" \/>\n\t<meta property=\"og:image:height\" content=\"1080\" \/>\n\t<meta property=\"og:image:type\" content=\"image\/jpeg\" \/>\n<meta name=\"author\" content=\"David Morales\" \/>\n<meta name=\"twitter:card\" content=\"summary_large_image\" \/>\n<meta name=\"twitter:label1\" content=\"Escrito por\" \/>\n\t<meta name=\"twitter:data1\" content=\"David Morales\" \/>\n\t<meta name=\"twitter:label2\" content=\"Tiempo de lectura\" \/>\n\t<meta name=\"twitter:data2\" content=\"3 minutos\" \/>\n<script type=\"application\/ld+json\" class=\"yoast-schema-graph\">{\"@context\":\"https:\\\/\\\/schema.org\",\"@graph\":[{\"@type\":\"Article\",\"@id\":\"https:\\\/\\\/zeromagazine.mx\\\/index.php\\\/2026\\\/04\\\/29\\\/hilary-duff-mexico-2027-guadalajara\\\/#article\",\"isPartOf\":{\"@id\":\"https:\\\/\\\/zeromagazine.mx\\\/index.php\\\/2026\\\/04\\\/29\\\/hilary-duff-mexico-2027-guadalajara\\\/\"},\"author\":{\"name\":\"David Morales\",\"@id\":\"https:\\\/\\\/zeromagazine.mx\\\/#\\\/schema\\\/person\\\/9f7f1a17c60ba8e9980e3e6677aabe5a\"},\"headline\":\"\u00a1HILARY DUFF AGREGA UNA NUEVA FECHA EN M\u00c9XICO TRAS LA INCRE\u00cdBLE DEMANDA!\",\"datePublished\":\"2026-04-29T20:13:39+00:00\",\"mainEntityOfPage\":{\"@id\":\"https:\\\/\\\/zeromagazine.mx\\\/index.php\\\/2026\\\/04\\\/29\\\/hilary-duff-mexico-2027-guadalajara\\\/\"},\"wordCount\":537,\"commentCount\":0,\"publisher\":{\"@id\":\"https:\\\/\\\/zeromagazine.mx\\\/#organization\"},\"image\":{\"@id\":\"https:\\\/\\\/zeromagazine.mx\\\/index.php\\\/2026\\\/04\\\/29\\\/hilary-duff-mexico-2027-guadalajara\\\/#primaryimage\"},\"thumbnailUrl\":\"https:\\\/\\\/i0.wp.com\\\/zeromagazine.mx\\\/wp-content\\\/uploads\\\/2026\\\/04\\\/IMG_2462.jpeg?fit=1920%2C1080&ssl=1\",\"articleSection\":[\"Blog\",\"Concierto\",\"Entretenimiento\",\"M\u00fasica\"],\"inLanguage\":\"es\",\"potentialAction\":[{\"@type\":\"CommentAction\",\"name\":\"Comment\",\"target\":[\"https:\\\/\\\/zeromagazine.mx\\\/index.php\\\/2026\\\/04\\\/29\\\/hilary-duff-mexico-2027-guadalajara\\\/#respond\"]}]},{\"@type\":\"WebPage\",\"@id\":\"https:\\\/\\\/zeromagazine.mx\\\/index.php\\\/2026\\\/04\\\/29\\\/hilary-duff-mexico-2027-guadalajara\\\/\",\"url\":\"https:\\\/\\\/zeromagazine.mx\\\/index.php\\\/2026\\\/04\\\/29\\\/hilary-duff-mexico-2027-guadalajara\\\/\",\"name\":\"\u00a1HILARY DUFF AGREGA UNA NUEVA FECHA EN M\u00c9XICO TRAS LA INCRE\u00cdBLE DEMANDA! - Zero Magazine\",\"isPartOf\":{\"@id\":\"https:\\\/\\\/zeromagazine.mx\\\/#website\"},\"primaryImageOfPage\":{\"@id\":\"https:\\\/\\\/zeromagazine.mx\\\/index.php\\\/2026\\\/04\\\/29\\\/hilary-duff-mexico-2027-guadalajara\\\/#primaryimage\"},\"image\":{\"@id\":\"https:\\\/\\\/zeromagazine.mx\\\/index.php\\\/2026\\\/04\\\/29\\\/hilary-duff-mexico-2027-guadalajara\\\/#primaryimage\"},\"thumbnailUrl\":\"https:\\\/\\\/i0.wp.com\\\/zeromagazine.mx\\\/wp-content\\\/uploads\\\/2026\\\/04\\\/IMG_2462.jpeg?fit=1920%2C1080&ssl=1\",\"datePublished\":\"2026-04-29T20:13:39+00:00\",\"description\":\"Hilary Duff M\u00e9xico 2027 suma Guadalajara: nueva fecha en el Auditorio Telmex, preventa, boletos y detalles del esperado regreso pop.\",\"breadcrumb\":{\"@id\":\"https:\\\/\\\/zeromagazine.mx\\\/index.php\\\/2026\\\/04\\\/29\\\/hilary-duff-mexico-2027-guadalajara\\\/#breadcrumb\"},\"inLanguage\":\"es\",\"potentialAction\":[{\"@type\":\"ReadAction\",\"target\":[\"https:\\\/\\\/zeromagazine.mx\\\/index.php\\\/2026\\\/04\\\/29\\\/hilary-duff-mexico-2027-guadalajara\\\/\"]}]},{\"@type\":\"ImageObject\",\"inLanguage\":\"es\",\"@id\":\"https:\\\/\\\/zeromagazine.mx\\\/index.php\\\/2026\\\/04\\\/29\\\/hilary-duff-mexico-2027-guadalajara\\\/#primaryimage\",\"url\":\"https:\\\/\\\/i0.wp.com\\\/zeromagazine.mx\\\/wp-content\\\/uploads\\\/2026\\\/04\\\/IMG_2462.jpeg?fit=1920%2C1080&ssl=1\",\"contentUrl\":\"https:\\\/\\\/i0.wp.com\\\/zeromagazine.mx\\\/wp-content\\\/uploads\\\/2026\\\/04\\\/IMG_2462.jpeg?fit=1920%2C1080&ssl=1\",\"width\":1920,\"height\":1080},{\"@type\":\"BreadcrumbList\",\"@id\":\"https:\\\/\\\/zeromagazine.mx\\\/index.php\\\/2026\\\/04\\\/29\\\/hilary-duff-mexico-2027-guadalajara\\\/#breadcrumb\",\"itemListElement\":[{\"@type\":\"ListItem\",\"position\":1,\"name\":\"Portada\",\"item\":\"https:\\\/\\\/zeromagazine.mx\\\/\"},{\"@type\":\"ListItem\",\"position\":2,\"name\":\"\u00a1HILARY DUFF AGREGA UNA NUEVA FECHA EN M\u00c9XICO TRAS LA INCRE\u00cdBLE DEMANDA!\"}]},{\"@type\":\"WebSite\",\"@id\":\"https:\\\/\\\/zeromagazine.mx\\\/#website\",\"url\":\"https:\\\/\\\/zeromagazine.mx\\\/\",\"name\":\"Zero Magazine\",\"description\":\"\",\"publisher\":{\"@id\":\"https:\\\/\\\/zeromagazine.mx\\\/#organization\"},\"potentialAction\":[{\"@type\":\"SearchAction\",\"target\":{\"@type\":\"EntryPoint\",\"urlTemplate\":\"https:\\\/\\\/zeromagazine.mx\\\/?s={search_term_string}\"},\"query-input\":{\"@type\":\"PropertyValueSpecification\",\"valueRequired\":true,\"valueName\":\"search_term_string\"}}],\"inLanguage\":\"es\"},{\"@type\":\"Organization\",\"@id\":\"https:\\\/\\\/zeromagazine.mx\\\/#organization\",\"name\":\"Zero Magazine\",\"url\":\"https:\\\/\\\/zeromagazine.mx\\\/\",\"logo\":{\"@type\":\"ImageObject\",\"inLanguage\":\"es\",\"@id\":\"https:\\\/\\\/zeromagazine.mx\\\/#\\\/schema\\\/logo\\\/image\\\/\",\"url\":\"https:\\\/\\\/i0.wp.com\\\/zeromagazine.mx\\\/wp-content\\\/uploads\\\/2025\\\/11\\\/1.jpeg?fit=1000%2C1000&ssl=1\",\"contentUrl\":\"https:\\\/\\\/i0.wp.com\\\/zeromagazine.mx\\\/wp-content\\\/uploads\\\/2025\\\/11\\\/1.jpeg?fit=1000%2C1000&ssl=1\",\"width\":1000,\"height\":1000,\"caption\":\"Zero Magazine\"},\"image\":{\"@id\":\"https:\\\/\\\/zeromagazine.mx\\\/#\\\/schema\\\/logo\\\/image\\\/\"},\"sameAs\":[\"https:\\\/\\\/instagram.com\\\/zeromagazinemx\"]},{\"@type\":\"Person\",\"@id\":\"https:\\\/\\\/zeromagazine.mx\\\/#\\\/schema\\\/person\\\/9f7f1a17c60ba8e9980e3e6677aabe5a\",\"name\":\"David Morales\",\"image\":{\"@type\":\"ImageObject\",\"inLanguage\":\"es\",\"@id\":\"https:\\\/\\\/zeromagazine.mx\\\/wp-content\\\/litespeed\\\/avatar\\\/76069d2136bfc1c37dc34815bb67ca42.jpg?ver=1776966186\",\"url\":\"https:\\\/\\\/zeromagazine.mx\\\/wp-content\\\/litespeed\\\/avatar\\\/76069d2136bfc1c37dc34815bb67ca42.jpg?ver=1776966186\",\"contentUrl\":\"https:\\\/\\\/zeromagazine.mx\\\/wp-content\\\/litespeed\\\/avatar\\\/76069d2136bfc1c37dc34815bb67ca42.jpg?ver=1776966186\",\"caption\":\"David Morales\"},\"url\":\"https:\\\/\\\/zeromagazine.mx\\\/index.php\\\/author\\\/david\\\/\"}]}<\/script>\n<!-- \/ Yoast SEO plugin. -->","yoast_head_json":{"title":"\u00a1HILARY DUFF AGREGA UNA NUEVA FECHA EN M\u00c9XICO TRAS LA INCRE\u00cdBLE DEMANDA! - Zero Magazine","description":"Hilary Duff M\u00e9xico 2027 suma Guadalajara: nueva fecha en el Auditorio Telmex, preventa, boletos y detalles del esperado regreso pop.","robots":{"index":"index","follow":"follow","max-snippet":"max-snippet:-1","max-image-preview":"max-image-preview:large","max-video-preview":"max-video-preview:-1"},"canonical":"https:\/\/zeromagazine.mx\/index.php\/2026\/04\/29\/hilary-duff-mexico-2027-guadalajara\/","og_locale":"es_ES","og_type":"article","og_title":"\u00a1HILARY DUFF AGREGA UNA NUEVA FECHA EN M\u00c9XICO TRAS LA INCRE\u00cdBLE DEMANDA! - Zero Magazine","og_description":"Hilary Duff M\u00e9xico 2027 suma Guadalajara: nueva fecha en el Auditorio Telmex, preventa, boletos y detalles del esperado regreso pop.","og_url":"https:\/\/zeromagazine.mx\/index.php\/2026\/04\/29\/hilary-duff-mexico-2027-guadalajara\/","og_site_name":"Zero Magazine","article_published_time":"2026-04-29T20:13:39+00:00","og_image":[{"width":1920,"height":1080,"url":"http:\/\/zeromagazine.mx\/wp-content\/uploads\/2026\/04\/IMG_2462.jpeg","type":"image\/jpeg"}],"author":"David Morales","twitter_card":"summary_large_image","twitter_misc":{"Escrito por":"David Morales","Tiempo de lectura":"3 minutos"},"schema":{"@context":"https:\/\/schema.org","@graph":[{"@type":"Article","@id":"https:\/\/zeromagazine.mx\/index.php\/2026\/04\/29\/hilary-duff-mexico-2027-guadalajara\/#article","isPartOf":{"@id":"https:\/\/zeromagazine.mx\/index.php\/2026\/04\/29\/hilary-duff-mexico-2027-guadalajara\/"},"author":{"name":"David Morales","@id":"https:\/\/zeromagazine.mx\/#\/schema\/person\/9f7f1a17c60ba8e9980e3e6677aabe5a"},"headline":"\u00a1HILARY DUFF AGREGA UNA NUEVA FECHA EN M\u00c9XICO TRAS LA INCRE\u00cdBLE DEMANDA!","datePublished":"2026-04-29T20:13:39+00:00","mainEntityOfPage":{"@id":"https:\/\/zeromagazine.mx\/index.php\/2026\/04\/29\/hilary-duff-mexico-2027-guadalajara\/"},"wordCount":537,"commentCount":0,"publisher":{"@id":"https:\/\/zeromagazine.mx\/#organization"},"image":{"@id":"https:\/\/zeromagazine.mx\/index.php\/2026\/04\/29\/hilary-duff-mexico-2027-guadalajara\/#primaryimage"},"thumbnailUrl":"https:\/\/i0.wp.com\/zeromagazine.mx\/wp-content\/uploads\/2026\/04\/IMG_2462.jpeg?fit=1920%2C1080&ssl=1","articleSection":["Blog","Concierto","Entretenimiento","M\u00fasica"],"inLanguage":"es","potentialAction":[{"@type":"CommentAction","name":"Comment","target":["https:\/\/zeromagazine.mx\/index.php\/2026\/04\/29\/hilary-duff-mexico-2027-guadalajara\/#respond"]}]},{"@type":"WebPage","@id":"https:\/\/zeromagazine.mx\/index.php\/2026\/04\/29\/hilary-duff-mexico-2027-guadalajara\/","url":"https:\/\/zeromagazine.mx\/index.php\/2026\/04\/29\/hilary-duff-mexico-2027-guadalajara\/","name":"\u00a1HILARY DUFF AGREGA UNA NUEVA FECHA EN M\u00c9XICO TRAS LA INCRE\u00cdBLE DEMANDA! - Zero Magazine","isPartOf":{"@id":"https:\/\/zeromagazine.mx\/#website"},"primaryImageOfPage":{"@id":"https:\/\/zeromagazine.mx\/index.php\/2026\/04\/29\/hilary-duff-mexico-2027-guadalajara\/#primaryimage"},"image":{"@id":"https:\/\/zeromagazine.mx\/index.php\/2026\/04\/29\/hilary-duff-mexico-2027-guadalajara\/#primaryimage"},"thumbnailUrl":"https:\/\/i0.wp.com\/zeromagazine.mx\/wp-content\/uploads\/2026\/04\/IMG_2462.jpeg?fit=1920%2C1080&ssl=1","datePublished":"2026-04-29T20:13:39+00:00","description":"Hilary Duff M\u00e9xico 2027 suma Guadalajara: nueva fecha en el Auditorio Telmex, preventa, boletos y detalles del esperado regreso pop.","breadcrumb":{"@id":"https:\/\/zeromagazine.mx\/index.php\/2026\/04\/29\/hilary-duff-mexico-2027-guadalajara\/#breadcrumb"},"inLanguage":"es","potentialAction":[{"@type":"ReadAction","target":["https:\/\/zeromagazine.mx\/index.php\/2026\/04\/29\/hilary-duff-mexico-2027-guadalajara\/"]}]},{"@type":"ImageObject","inLanguage":"es","@id":"https:\/\/zeromagazine.mx\/index.php\/2026\/04\/29\/hilary-duff-mexico-2027-guadalajara\/#primaryimage","url":"https:\/\/i0.wp.com\/zeromagazine.mx\/wp-content\/uploads\/2026\/04\/IMG_2462.jpeg?fit=1920%2C1080&ssl=1","contentUrl":"https:\/\/i0.wp.com\/zeromagazine.mx\/wp-content\/uploads\/2026\/04\/IMG_2462.jpeg?fit=1920%2C1080&ssl=1","width":1920,"height":1080},{"@type":"BreadcrumbList","@id":"https:\/\/zeromagazine.mx\/index.php\/2026\/04\/29\/hilary-duff-mexico-2027-guadalajara\/#breadcrumb","itemListElement":[{"@type":"ListItem","position":1,"name":"Portada","item":"https:\/\/zeromagazine.mx\/"},{"@type":"ListItem","position":2,"name":"\u00a1HILARY DUFF AGREGA UNA NUEVA FECHA EN M\u00c9XICO TRAS LA INCRE\u00cdBLE DEMANDA!"}]},{"@type":"WebSite","@id":"https:\/\/zeromagazine.mx\/#website","url":"https:\/\/zeromagazine.mx\/","name":"Zero Magazine","description":"","publisher":{"@id":"https:\/\/zeromagazine.mx\/#organization"},"potentialAction":[{"@type":"SearchAction","target":{"@type":"EntryPoint","urlTemplate":"https:\/\/zeromagazine.mx\/?s={search_term_string}"},"query-input":{"@type":"PropertyValueSpecification","valueRequired":true,"valueName":"search_term_string"}}],"inLanguage":"es"},{"@type":"Organization","@id":"https:\/\/zeromagazine.mx\/#organization","name":"Zero Magazine","url":"https:\/\/zeromagazine.mx\/","logo":{"@type":"ImageObject","inLanguage":"es","@id":"https:\/\/zeromagazine.mx\/#\/schema\/logo\/image\/","url":"https:\/\/i0.wp.com\/zeromagazine.mx\/wp-content\/uploads\/2025\/11\/1.jpeg?fit=1000%2C1000&ssl=1","contentUrl":"https:\/\/i0.wp.com\/zeromagazine.mx\/wp-content\/uploads\/2025\/11\/1.jpeg?fit=1000%2C1000&ssl=1","width":1000,"height":1000,"caption":"Zero Magazine"},"image":{"@id":"https:\/\/zeromagazine.mx\/#\/schema\/logo\/image\/"},"sameAs":["https:\/\/instagram.com\/zeromagazinemx"]},{"@type":"Person","@id":"https:\/\/zeromagazine.mx\/#\/schema\/person\/9f7f1a17c60ba8e9980e3e6677aabe5a","name":"David Morales","image":{"@type":"ImageObject","inLanguage":"es","@id":"https:\/\/zeromagazine.mx\/wp-content\/litespeed\/avatar\/76069d2136bfc1c37dc34815bb67ca42.jpg?ver=1776966186","url":"https:\/\/zeromagazine.mx\/wp-content\/litespeed\/avatar\/76069d2136bfc1c37dc34815bb67ca42.jpg?ver=1776966186","contentUrl":"https:\/\/zeromagazine.mx\/wp-content\/litespeed\/avatar\/76069d2136bfc1c37dc34815bb67ca42.jpg?ver=1776966186","caption":"David Morales"},"url":"https:\/\/zeromagazine.mx\/index.php\/author\/david\/"}]}},"jetpack_publicize_connections":[],"jetpack_featured_media_url":"https:\/\/i0.wp.com\/zeromagazine.mx\/wp-content\/uploads\/2026\/04\/IMG_2462.jpeg?fit=1920%2C1080&ssl=1","jetpack-related-posts":[{"id":115438,"url":"https:\/\/zeromagazine.mx\/index.php\/2026\/02\/16\/hilary-duff-mexico-tour\/","url_meta":{"origin":119777,"position":0},"title":"\u00a1Hillary Duff llega a M\u00e9xico con the lucky me tour!","author":"David Morales","date":"16 de febrero de 2026","format":false,"excerpt":"El regreso de los \u00edconos pop dosmileros ya no es sorpresa\u2026 es realidad. Y s\u00ed, esta vez toca el turno de una de las figuras m\u00e1s queridas del entretenimiento global:\u00a0Hilary Duff, quien oficialmente anunci\u00f3 su nueva gira mundial despu\u00e9s de casi dos d\u00e9cadas sin un tour de esta escala. La\u2026","rel":"","context":"En \u00abConcierto\u00bb","block_context":{"text":"Concierto","link":"https:\/\/zeromagazine.mx\/index.php\/category\/concierto\/"},"img":{"alt_text":"","src":"https:\/\/i0.wp.com\/zeromagazine.mx\/wp-content\/uploads\/2026\/02\/IMG_1481.jpeg?fit=1200%2C675&ssl=1&resize=350%2C200","width":350,"height":200,"srcset":"https:\/\/i0.wp.com\/zeromagazine.mx\/wp-content\/uploads\/2026\/02\/IMG_1481.jpeg?fit=1200%2C675&ssl=1&resize=350%2C200 1x, https:\/\/i0.wp.com\/zeromagazine.mx\/wp-content\/uploads\/2026\/02\/IMG_1481.jpeg?fit=1200%2C675&ssl=1&resize=525%2C300 1.5x, https:\/\/i0.wp.com\/zeromagazine.mx\/wp-content\/uploads\/2026\/02\/IMG_1481.jpeg?fit=1200%2C675&ssl=1&resize=700%2C400 2x, https:\/\/i0.wp.com\/zeromagazine.mx\/wp-content\/uploads\/2026\/02\/IMG_1481.jpeg?fit=1200%2C675&ssl=1&resize=1050%2C600 3x"},"classes":[]},{"id":111529,"url":"https:\/\/zeromagazine.mx\/index.php\/2025\/12\/06\/stranger-things-5-estreno-volumen-1\/","url_meta":{"origin":119777,"position":1},"title":"Stranger Things 5 Volumen 1 | Hype Imparable","author":"David Morales","date":"6 de diciembre de 2025","format":false,"excerpt":"Cuando\u00a0Stranger Things 5\u00a0lleg\u00f3 con su Volumen 1, el internet b\u00e1sicamente colaps\u00f3. No s\u00f3lo porque la serie regresa con toda su vibra ochentera y drama sobrenatural, sino porque lo hizo con n\u00fameros que parecen glitch de videojuego. Desde su estreno, acumul\u00f3\u00a059.6 millones de vistas, convirti\u00e9ndose en la semana de debut m\u00e1s\u2026","rel":"","context":"En \u00abBlog\u00bb","block_context":{"text":"Blog","link":"https:\/\/zeromagazine.mx\/index.php\/category\/blog\/"},"img":{"alt_text":"","src":"https:\/\/i0.wp.com\/zeromagazine.mx\/wp-content\/uploads\/2025\/12\/IMG_0642.png?fit=767%2C424&ssl=1&resize=350%2C200","width":350,"height":200,"srcset":"https:\/\/i0.wp.com\/zeromagazine.mx\/wp-content\/uploads\/2025\/12\/IMG_0642.png?fit=767%2C424&ssl=1&resize=350%2C200 1x, https:\/\/i0.wp.com\/zeromagazine.mx\/wp-content\/uploads\/2025\/12\/IMG_0642.png?fit=767%2C424&ssl=1&resize=525%2C300 1.5x, https:\/\/i0.wp.com\/zeromagazine.mx\/wp-content\/uploads\/2025\/12\/IMG_0642.png?fit=767%2C424&ssl=1&resize=700%2C400 2x"},"classes":[]},{"id":80768,"url":"https:\/\/zeromagazine.mx\/index.php\/2024\/07\/25\/maraton-de-pelis-este-fin\/","url_meta":{"origin":119777,"position":2},"title":"Marat\u00f3n de Pelis: \u00a1Este Fin!","author":"zeromagazinemx","date":"25 de julio de 2024","format":false,"excerpt":"\u00a1Hey, squad cin\u00e9filo! Prep\u00e1rense para una marat\u00f3n de nostalgia \u00e9pica que les va a dejar con la boca abierta. Este 2024, estamos celebrando el vig\u00e9simo aniversario de unas pelis que siguen siendo lo m\u00e1s top ever. As\u00ed que, \u00a1dense un break y vuelvan a ver estas joyitas en Max! No\u2026","rel":"","context":"En \u00abCine\u00bb","block_context":{"text":"Cine","link":"https:\/\/zeromagazine.mx\/index.php\/category\/entretenimiento\/cine\/"},"img":{"alt_text":"","src":"https:\/\/i0.wp.com\/zeromagazine.mx\/wp-content\/uploads\/2024\/07\/fullres-C55630-scaled.jpg?fit=1200%2C807&ssl=1&resize=350%2C200","width":350,"height":200,"srcset":"https:\/\/i0.wp.com\/zeromagazine.mx\/wp-content\/uploads\/2024\/07\/fullres-C55630-scaled.jpg?fit=1200%2C807&ssl=1&resize=350%2C200 1x, https:\/\/i0.wp.com\/zeromagazine.mx\/wp-content\/uploads\/2024\/07\/fullres-C55630-scaled.jpg?fit=1200%2C807&ssl=1&resize=525%2C300 1.5x, https:\/\/i0.wp.com\/zeromagazine.mx\/wp-content\/uploads\/2024\/07\/fullres-C55630-scaled.jpg?fit=1200%2C807&ssl=1&resize=700%2C400 2x, https:\/\/i0.wp.com\/zeromagazine.mx\/wp-content\/uploads\/2024\/07\/fullres-C55630-scaled.jpg?fit=1200%2C807&ssl=1&resize=1050%2C600 3x"},"classes":[]},{"id":113337,"url":"https:\/\/zeromagazine.mx\/index.php\/2026\/01\/14\/bts-regresa-mexico-2026\/","url_meta":{"origin":119777,"position":3},"title":"\u00a1BTS anuncia su esperado regreso a M\u00e9xico y una gira mundial!","author":"David Morales","date":"14 de enero de 2026","format":false,"excerpt":"BTS regresa M\u00e9xico 2026\u00a0y la noticia ya est\u00e1 rompiendo internet. Despu\u00e9s de a\u00f1os de espera, el grupo que redefini\u00f3 el K-pop a nivel global confirma su regreso a la Ciudad de M\u00e9xico como parte de la gira m\u00e1s ambiciosa de su carrera. Tres fechas, un escenario 360\u00b0 y una producci\u00f3n\u2026","rel":"","context":"En \u00abConcierto\u00bb","block_context":{"text":"Concierto","link":"https:\/\/zeromagazine.mx\/index.php\/category\/concierto\/"},"img":{"alt_text":"","src":"https:\/\/i0.wp.com\/zeromagazine.mx\/wp-content\/uploads\/2026\/01\/IMG_0923.jpeg?fit=900%2C506&ssl=1&resize=350%2C200","width":350,"height":200,"srcset":"https:\/\/i0.wp.com\/zeromagazine.mx\/wp-content\/uploads\/2026\/01\/IMG_0923.jpeg?fit=900%2C506&ssl=1&resize=350%2C200 1x, https:\/\/i0.wp.com\/zeromagazine.mx\/wp-content\/uploads\/2026\/01\/IMG_0923.jpeg?fit=900%2C506&ssl=1&resize=525%2C300 1.5x, https:\/\/i0.wp.com\/zeromagazine.mx\/wp-content\/uploads\/2026\/01\/IMG_0923.jpeg?fit=900%2C506&ssl=1&resize=700%2C400 2x"},"classes":[]},{"id":117372,"url":"https:\/\/zeromagazine.mx\/index.php\/2026\/03\/27\/edc-mexico-2027-festival-cdmx\/","url_meta":{"origin":119777,"position":4},"title":"\u00a1Electric Daisy Carnival (EDC) M\u00e9xico de Insomniac regresar\u00e1 del 19 al 21 de febrero de 2027!","author":"David Morales","date":"27 de marzo de 2026","format":false,"excerpt":"La cuenta regresiva ya empez\u00f3.\u00a0EDC M\u00e9xico 2027\u00a0est\u00e1 listo para volver a encender la escena musical en la\u00a0Ciudad de M\u00e9xico\u00a0con una edici\u00f3n que promete llevar la experiencia a otro nivel. Del 19 al 21 de febrero, el ic\u00f3nico\u00a0Aut\u00f3dromo Hermanos Rodr\u00edguez\u00a0se transformar\u00e1 nuevamente en un universo donde la m\u00fasica electr\u00f3nica, el arte\u2026","rel":"","context":"En \u00abEntretenimiento\u00bb","block_context":{"text":"Entretenimiento","link":"https:\/\/zeromagazine.mx\/index.php\/category\/entretenimiento\/"},"img":{"alt_text":"EDC M\u00e9xico 2027 en el Aut\u00f3dromo Hermanos Rodr\u00edguez con luces, escenarios y p\u00fablico disfrutando m\u00fasica electr\u00f3nica","src":"https:\/\/i0.wp.com\/zeromagazine.mx\/wp-content\/uploads\/2026\/03\/IMG_1873.jpeg?fit=1200%2C675&ssl=1&resize=350%2C200","width":350,"height":200,"srcset":"https:\/\/i0.wp.com\/zeromagazine.mx\/wp-content\/uploads\/2026\/03\/IMG_1873.jpeg?fit=1200%2C675&ssl=1&resize=350%2C200 1x, https:\/\/i0.wp.com\/zeromagazine.mx\/wp-content\/uploads\/2026\/03\/IMG_1873.jpeg?fit=1200%2C675&ssl=1&resize=525%2C300 1.5x, https:\/\/i0.wp.com\/zeromagazine.mx\/wp-content\/uploads\/2026\/03\/IMG_1873.jpeg?fit=1200%2C675&ssl=1&resize=700%2C400 2x, https:\/\/i0.wp.com\/zeromagazine.mx\/wp-content\/uploads\/2026\/03\/IMG_1873.jpeg?fit=1200%2C675&ssl=1&resize=1050%2C600 3x"},"classes":[]},{"id":90142,"url":"https:\/\/zeromagazine.mx\/index.php\/2024\/11\/11\/chayanne-arrasa-boletos-agotados-ya\/","url_meta":{"origin":119777,"position":5},"title":"\u00abChayanne Arrasa: \u00a1Boletos Agotados Ya!\u00bb","author":"zeromagazinemx","date":"11 de noviembre de 2024","format":false,"excerpt":"\u00a1Amig@s, es oficial! \u00a1El \u201cPap\u00e1 de M\u00e9xico\u201d est\u00e1 de vuelta y no hay quien lo pare! Chayanne est\u00e1 arrasando con su gira\u00a0Bailemos Otra Vez 2025, y s\u00ed, lo adivinaste: \u00a1Las entradas se agotaron en horas! \u00a0Chayanne est\u00e1 llevando la fiebre de su m\u00fasica a cada rinc\u00f3n de M\u00e9xico, \u00a1y ya\u2026","rel":"","context":"En \u00abEntretenimiento\u00bb","block_context":{"text":"Entretenimiento","link":"https:\/\/zeromagazine.mx\/index.php\/category\/entretenimiento\/"},"img":{"alt_text":"","src":"https:\/\/i0.wp.com\/zeromagazine.mx\/wp-content\/uploads\/2024\/11\/Chayanne_Gdl_2aPreventa_1200x628_FB-IG.jpg?fit=1200%2C628&ssl=1&resize=350%2C200","width":350,"height":200,"srcset":"https:\/\/i0.wp.com\/zeromagazine.mx\/wp-content\/uploads\/2024\/11\/Chayanne_Gdl_2aPreventa_1200x628_FB-IG.jpg?fit=1200%2C628&ssl=1&resize=350%2C200 1x, https:\/\/i0.wp.com\/zeromagazine.mx\/wp-content\/uploads\/2024\/11\/Chayanne_Gdl_2aPreventa_1200x628_FB-IG.jpg?fit=1200%2C628&ssl=1&resize=525%2C300 1.5x, https:\/\/i0.wp.com\/zeromagazine.mx\/wp-content\/uploads\/2024\/11\/Chayanne_Gdl_2aPreventa_1200x628_FB-IG.jpg?fit=1200%2C628&ssl=1&resize=700%2C400 2x, https:\/\/i0.wp.com\/zeromagazine.mx\/wp-content\/uploads\/2024\/11\/Chayanne_Gdl_2aPreventa_1200x628_FB-IG.jpg?fit=1200%2C628&ssl=1&resize=1050%2C600 3x"},"classes":[]}],"jetpack_sharing_enabled":true,"builder_content":"","_links":{"self":[{"href":"https:\/\/zeromagazine.mx\/index.php\/wp-json\/wp\/v2\/posts\/119777","targetHints":{"allow":["GET"]}}],"collection":[{"href":"https:\/\/zeromagazine.mx\/index.php\/wp-json\/wp\/v2\/posts"}],"about":[{"href":"https:\/\/zeromagazine.mx\/index.php\/wp-json\/wp\/v2\/types\/post"}],"author":[{"embeddable":true,"href":"https:\/\/zeromagazine.mx\/index.php\/wp-json\/wp\/v2\/users\/4"}],"replies":[{"embeddable":true,"href":"https:\/\/zeromagazine.mx\/index.php\/wp-json\/wp\/v2\/comments?post=119777"}],"version-history":[{"count":4,"href":"https:\/\/zeromagazine.mx\/index.php\/wp-json\/wp\/v2\/posts\/119777\/revisions"}],"predecessor-version":[{"id":119782,"href":"https:\/\/zeromagazine.mx\/index.php\/wp-json\/wp\/v2\/posts\/119777\/revisions\/119782"}],"wp:featuredmedia":[{"embeddable":true,"href":"https:\/\/zeromagazine.mx\/index.php\/wp-json\/wp\/v2\/media\/119778"}],"wp:attachment":[{"href":"https:\/\/zeromagazine.mx\/index.php\/wp-json\/wp\/v2\/media?parent=119777"}],"wp:term":[{"taxonomy":"category","embeddable":true,"href":"https:\/\/zeromagazine.mx\/index.php\/wp-json\/wp\/v2\/categories?post=119777"},{"taxonomy":"post_tag","embeddable":true,"href":"https:\/\/zeromagazine.mx\/index.php\/wp-json\/wp\/v2\/tags?post=119777"}],"curies":[{"name":"wp","href":"https:\/\/api.w.org\/{rel}","templated":true}]}}