{"id":119826,"date":"2026-04-30T13:55:10","date_gmt":"2026-04-30T19:55:10","guid":{"rendered":"https:\/\/zeromagazine.mx\/?p=119826"},"modified":"2026-04-30T13:55:10","modified_gmt":"2026-04-30T19:55:10","slug":"hablar-del-ciclo-menstrual","status":"publish","type":"post","link":"https:\/\/zeromagazine.mx\/index.php\/2026\/04\/30\/hablar-del-ciclo-menstrual\/","title":{"rendered":"Hablar del ciclo menstrual empieza antes de lo que creemos"},"content":{"rendered":"\n<p><\/p>\n\n\n\n<p>No es inc\u00f3modo, no es tarde, no es opcional. Es una conversaci\u00f3n que redefine c\u00f3mo crecemos.<\/p>\n\n\n\n<p><br>Durante a\u00f1os, hablar del periodo fue algo que \u201cse explicaba despu\u00e9s\u201d. Despu\u00e9s de que pasaba. Despu\u00e9s del susto. Despu\u00e9s de la incomodidad. Pero en 2026, esa narrativa ya no encaja. Porque cuando se trata del cuerpo, llegar tarde s\u00ed tiene consecuencias.<\/p>\n\n\n\n<h3 class=\"wp-block-heading\">Hablar del ciclo menstrual: empezar antes es la clave<\/h3>\n\n\n\n<p>Adem\u00e1s, los datos lo dejan claro: en M\u00e9xico, la mayor\u00eda de las ni\u00f1as llega a su primera menstruaci\u00f3n sin informaci\u00f3n suficiente. Seg\u00fan estudios impulsados por organizaciones como&nbsp;UNICEF M\u00e9xico, esa falta de contexto no solo genera miedo, tambi\u00e9n construye una relaci\u00f3n inc\u00f3moda con el propio cuerpo.<\/p>\n\n\n\n<p>Aqu\u00ed es donde entra el cambio real:&nbsp;<strong>hablar del ciclo menstrual<\/strong>&nbsp;desde los 6 u 8 a\u00f1os. No con tecnicismos ni discursos inc\u00f3modos, sino con informaci\u00f3n sencilla, natural y progresiva.<\/p>\n\n\n\n<p>Ahora bien, esto no se trata solo de anticipar un proceso biol\u00f3gico. Se trata de normalizarlo. De quitarle el peso innecesario. De hacer que entender el cuerpo sea tan cotidiano como aprender a cepillarse los dientes.<\/p>\n\n\n\n<h3 class=\"wp-block-heading\">Hablar del ciclo menstrual: romper el silencio tambi\u00e9n es educaci\u00f3n<\/h3>\n\n\n\n<p>Por otro lado, el problema no es solo cu\u00e1ndo se habla, sino c\u00f3mo.<\/p>\n\n\n\n<p>En realidad, muchas de las conversaciones siguen cargadas de verg\u00fcenza o silencio. Y eso impacta directamente en la forma en que ni\u00f1as y adolescentes viven su d\u00eda a d\u00eda. Datos recientes muestran que muchas evitan actividades, faltan a la escuela o cambian su rutina por miedo o desinformaci\u00f3n.<\/p>\n\n\n\n<p>Adem\u00e1s, todav\u00eda existe un desconocimiento importante sobre c\u00f3mo funciona el cuerpo. Conceptos b\u00e1sicos \u2014como las fases del ciclo\u2014 siguen siendo ajenos para gran parte de las personas menstruantes.<\/p>\n\n\n\n<p>Aqu\u00ed es donde&nbsp;<strong>hablar del ciclo menstrual<\/strong>&nbsp;se vuelve una herramienta de autonom\u00eda. Porque entender lo que pasa en tu cuerpo no deber\u00eda ser un privilegio, sino un derecho.<\/p>\n\n\n\n<h3 class=\"wp-block-heading\">M\u00e1s que informaci\u00f3n: confianza, seguridad y libertad<\/h3>\n\n\n\n<p>Ahora bien, cuando la conversaci\u00f3n llega a tiempo, todo cambia.<\/p>\n\n\n\n<p>Especialistas en salud \u2014como los impulsados por\u00a0Saba\u2014 coinciden en que introducir estos temas desde la infancia construye confianza. Hace que ni\u00f1as y ni\u00f1os crezcan sin tab\u00faes, sin miedo y con una relaci\u00f3n m\u00e1s sana con su cuerpo.<\/p>\n\n\n\n<figure class=\"wp-block-gallery has-nested-images columns-default is-cropped wp-block-gallery-1 is-layout-flex wp-block-gallery-is-layout-flex\">\n<figure class=\"wp-block-image size-large\"><img data-recalc-dims=\"1\" decoding=\"async\" width=\"1024\" height=\"683\" data-id=\"119828\" src=\"https:\/\/i0.wp.com\/zeromagazine.mx\/wp-content\/uploads\/2026\/04\/IMG_2486-1024x683.png?resize=1024%2C683&#038;ssl=1\" alt=\"\" class=\"wp-image-119828\" srcset=\"https:\/\/i0.wp.com\/zeromagazine.mx\/wp-content\/uploads\/2026\/04\/IMG_2486.png?resize=1024%2C683&amp;ssl=1 1024w, https:\/\/i0.wp.com\/zeromagazine.mx\/wp-content\/uploads\/2026\/04\/IMG_2486.png?resize=300%2C200&amp;ssl=1 300w, https:\/\/i0.wp.com\/zeromagazine.mx\/wp-content\/uploads\/2026\/04\/IMG_2486.png?resize=768%2C512&amp;ssl=1 768w, https:\/\/i0.wp.com\/zeromagazine.mx\/wp-content\/uploads\/2026\/04\/IMG_2486.png?w=1536&amp;ssl=1 1536w\" sizes=\"(max-width: 1024px) 100vw, 1024px\" \/><\/figure>\n<\/figure>\n\n\n\n<p>Adem\u00e1s, tambi\u00e9n abre la puerta a conversaciones m\u00e1s amplias: autocuidado, bienestar, identidad. Porque entender el ciclo menstrual no es un tema aislado, es parte de c\u00f3mo nos entendemos a nosotros mismos.<\/p>\n\n\n\n<h3 class=\"wp-block-heading\">Una conversaci\u00f3n que tambi\u00e9n es colectiva<\/h3>\n\n\n\n<p>Este cambio no depende solo de las ni\u00f1as. Es una conversaci\u00f3n que involucra a todos: familias, escuelas, comunidades.<\/p>\n\n\n\n<p>En realidad, integrar a ni\u00f1os en este di\u00e1logo tambi\u00e9n es clave. Porque cuando el conocimiento se comparte, desaparecen los estigmas. Y lo que antes era inc\u00f3modo, se vuelve normal.<\/p>\n\n\n\n<h3 class=\"wp-block-heading\">Entender el cuerpo tambi\u00e9n es libertad<\/h3>\n\n\n\n<p><strong>Hablar del ciclo menstrual<\/strong>\u00a0a tiempo no es solo preparar para un momento espec\u00edfico. Es cambiar la forma en que se vive.<\/p>\n\n\n\n<p>Es pasar de la sorpresa al entendimiento. Del miedo a la seguridad. Del silencio a la conversaci\u00f3n.<\/p>\n\n\n\n<p>Y s\u00ed, tambi\u00e9n es una forma de libertad.<\/p>\n<!--themify_builder_content-->\n<div id=\"themify_builder_content-119826\" data-postid=\"119826\" class=\"themify_builder_content themify_builder_content-119826 themify_builder tf_clear\">\n    <\/div>\n<!--\/themify_builder_content-->\n","protected":false},"excerpt":{"rendered":"<p>No es inc\u00f3modo, no es tarde, no es opcional. Es una conversaci\u00f3n que redefine c\u00f3mo crecemos. Durante a\u00f1os, hablar del periodo fue algo que \u201cse explicaba despu\u00e9s\u201d. Despu\u00e9s de que pasaba. Despu\u00e9s del susto. Despu\u00e9s de la incomodidad. Pero en 2026, esa narrativa ya no encaja. Porque cuando se trata del cuerpo, llegar tarde s\u00ed [&hellip;]<\/p>\n","protected":false},"author":4,"featured_media":119827,"comment_status":"open","ping_status":"open","sticky":false,"template":"","format":"standard","meta":{"_jetpack_memberships_contains_paid_content":false,"footnotes":"","jetpack_publicize_message":"","jetpack_publicize_feature_enabled":true,"jetpack_social_post_already_shared":true,"jetpack_social_options":{"image_generator_settings":{"template":"highway","default_image_id":0,"font":"","enabled":false},"version":2}},"categories":[45,1],"tags":[],"class_list":["post-119826","post","type-post","status-publish","format-standard","has-post-thumbnail","hentry","category-bienestar","category-blog","has-post-title","has-post-date","has-post-category","has-post-tag","has-post-comment","has-post-author",""],"yoast_head":"<!-- This site is optimized with the Yoast SEO plugin v27.5 - https:\/\/yoast.com\/product\/yoast-seo-wordpress\/ -->\n<title>Hablar del ciclo menstrual empieza antes de lo que creemos - Zero Magazine<\/title>\n<meta name=\"description\" content=\"Ciclo menstrual: por qu\u00e9 hablar a tiempo cambia la experiencia. Educaci\u00f3n, confianza y menos tab\u00fa desde edades tempranas.\" \/>\n<meta name=\"robots\" content=\"index, follow, max-snippet:-1, max-image-preview:large, max-video-preview:-1\" \/>\n<link rel=\"canonical\" href=\"https:\/\/zeromagazine.mx\/index.php\/2026\/04\/30\/hablar-del-ciclo-menstrual\/\" \/>\n<meta property=\"og:locale\" content=\"es_ES\" \/>\n<meta property=\"og:type\" content=\"article\" \/>\n<meta property=\"og:title\" content=\"Hablar del ciclo menstrual empieza antes de lo que creemos - Zero Magazine\" \/>\n<meta property=\"og:description\" content=\"Ciclo menstrual: por qu\u00e9 hablar a tiempo cambia la experiencia. Educaci\u00f3n, confianza y menos tab\u00fa desde edades tempranas.\" \/>\n<meta property=\"og:url\" content=\"https:\/\/zeromagazine.mx\/index.php\/2026\/04\/30\/hablar-del-ciclo-menstrual\/\" \/>\n<meta property=\"og:site_name\" content=\"Zero Magazine\" \/>\n<meta property=\"article:published_time\" content=\"2026-04-30T19:55:10+00:00\" \/>\n<meta property=\"og:image\" content=\"http:\/\/zeromagazine.mx\/wp-content\/uploads\/2026\/04\/IMG_2485-1024x683.png\" \/>\n\t<meta property=\"og:image:width\" content=\"1024\" \/>\n\t<meta property=\"og:image:height\" content=\"683\" \/>\n\t<meta property=\"og:image:type\" content=\"image\/png\" \/>\n<meta name=\"author\" content=\"David Morales\" \/>\n<meta name=\"twitter:card\" content=\"summary_large_image\" \/>\n<meta name=\"twitter:label1\" content=\"Escrito por\" \/>\n\t<meta name=\"twitter:data1\" content=\"David Morales\" \/>\n\t<meta name=\"twitter:label2\" content=\"Tiempo de lectura\" \/>\n\t<meta name=\"twitter:data2\" content=\"3 minutos\" \/>\n<script type=\"application\/ld+json\" class=\"yoast-schema-graph\">{\"@context\":\"https:\\\/\\\/schema.org\",\"@graph\":[{\"@type\":\"Article\",\"@id\":\"https:\\\/\\\/zeromagazine.mx\\\/index.php\\\/2026\\\/04\\\/30\\\/hablar-del-ciclo-menstrual\\\/#article\",\"isPartOf\":{\"@id\":\"https:\\\/\\\/zeromagazine.mx\\\/index.php\\\/2026\\\/04\\\/30\\\/hablar-del-ciclo-menstrual\\\/\"},\"author\":{\"name\":\"David Morales\",\"@id\":\"https:\\\/\\\/zeromagazine.mx\\\/#\\\/schema\\\/person\\\/9f7f1a17c60ba8e9980e3e6677aabe5a\"},\"headline\":\"Hablar del ciclo menstrual empieza antes de lo que creemos\",\"datePublished\":\"2026-04-30T19:55:10+00:00\",\"mainEntityOfPage\":{\"@id\":\"https:\\\/\\\/zeromagazine.mx\\\/index.php\\\/2026\\\/04\\\/30\\\/hablar-del-ciclo-menstrual\\\/\"},\"wordCount\":572,\"commentCount\":0,\"publisher\":{\"@id\":\"https:\\\/\\\/zeromagazine.mx\\\/#organization\"},\"image\":{\"@id\":\"https:\\\/\\\/zeromagazine.mx\\\/index.php\\\/2026\\\/04\\\/30\\\/hablar-del-ciclo-menstrual\\\/#primaryimage\"},\"thumbnailUrl\":\"https:\\\/\\\/i0.wp.com\\\/zeromagazine.mx\\\/wp-content\\\/uploads\\\/2026\\\/04\\\/IMG_2485.png?fit=1536%2C1024&ssl=1\",\"articleSection\":[\"Bienestar\",\"Blog\"],\"inLanguage\":\"es\",\"potentialAction\":[{\"@type\":\"CommentAction\",\"name\":\"Comment\",\"target\":[\"https:\\\/\\\/zeromagazine.mx\\\/index.php\\\/2026\\\/04\\\/30\\\/hablar-del-ciclo-menstrual\\\/#respond\"]}]},{\"@type\":\"WebPage\",\"@id\":\"https:\\\/\\\/zeromagazine.mx\\\/index.php\\\/2026\\\/04\\\/30\\\/hablar-del-ciclo-menstrual\\\/\",\"url\":\"https:\\\/\\\/zeromagazine.mx\\\/index.php\\\/2026\\\/04\\\/30\\\/hablar-del-ciclo-menstrual\\\/\",\"name\":\"Hablar del ciclo menstrual empieza antes de lo que creemos - Zero Magazine\",\"isPartOf\":{\"@id\":\"https:\\\/\\\/zeromagazine.mx\\\/#website\"},\"primaryImageOfPage\":{\"@id\":\"https:\\\/\\\/zeromagazine.mx\\\/index.php\\\/2026\\\/04\\\/30\\\/hablar-del-ciclo-menstrual\\\/#primaryimage\"},\"image\":{\"@id\":\"https:\\\/\\\/zeromagazine.mx\\\/index.php\\\/2026\\\/04\\\/30\\\/hablar-del-ciclo-menstrual\\\/#primaryimage\"},\"thumbnailUrl\":\"https:\\\/\\\/i0.wp.com\\\/zeromagazine.mx\\\/wp-content\\\/uploads\\\/2026\\\/04\\\/IMG_2485.png?fit=1536%2C1024&ssl=1\",\"datePublished\":\"2026-04-30T19:55:10+00:00\",\"description\":\"Ciclo menstrual: por qu\u00e9 hablar a tiempo cambia la experiencia. Educaci\u00f3n, confianza y menos tab\u00fa desde edades tempranas.\",\"breadcrumb\":{\"@id\":\"https:\\\/\\\/zeromagazine.mx\\\/index.php\\\/2026\\\/04\\\/30\\\/hablar-del-ciclo-menstrual\\\/#breadcrumb\"},\"inLanguage\":\"es\",\"potentialAction\":[{\"@type\":\"ReadAction\",\"target\":[\"https:\\\/\\\/zeromagazine.mx\\\/index.php\\\/2026\\\/04\\\/30\\\/hablar-del-ciclo-menstrual\\\/\"]}]},{\"@type\":\"ImageObject\",\"inLanguage\":\"es\",\"@id\":\"https:\\\/\\\/zeromagazine.mx\\\/index.php\\\/2026\\\/04\\\/30\\\/hablar-del-ciclo-menstrual\\\/#primaryimage\",\"url\":\"https:\\\/\\\/i0.wp.com\\\/zeromagazine.mx\\\/wp-content\\\/uploads\\\/2026\\\/04\\\/IMG_2485.png?fit=1536%2C1024&ssl=1\",\"contentUrl\":\"https:\\\/\\\/i0.wp.com\\\/zeromagazine.mx\\\/wp-content\\\/uploads\\\/2026\\\/04\\\/IMG_2485.png?fit=1536%2C1024&ssl=1\",\"width\":1536,\"height\":1024},{\"@type\":\"BreadcrumbList\",\"@id\":\"https:\\\/\\\/zeromagazine.mx\\\/index.php\\\/2026\\\/04\\\/30\\\/hablar-del-ciclo-menstrual\\\/#breadcrumb\",\"itemListElement\":[{\"@type\":\"ListItem\",\"position\":1,\"name\":\"Portada\",\"item\":\"https:\\\/\\\/zeromagazine.mx\\\/\"},{\"@type\":\"ListItem\",\"position\":2,\"name\":\"Hablar del ciclo menstrual empieza antes de lo que creemos\"}]},{\"@type\":\"WebSite\",\"@id\":\"https:\\\/\\\/zeromagazine.mx\\\/#website\",\"url\":\"https:\\\/\\\/zeromagazine.mx\\\/\",\"name\":\"Zero Magazine\",\"description\":\"\",\"publisher\":{\"@id\":\"https:\\\/\\\/zeromagazine.mx\\\/#organization\"},\"potentialAction\":[{\"@type\":\"SearchAction\",\"target\":{\"@type\":\"EntryPoint\",\"urlTemplate\":\"https:\\\/\\\/zeromagazine.mx\\\/?s={search_term_string}\"},\"query-input\":{\"@type\":\"PropertyValueSpecification\",\"valueRequired\":true,\"valueName\":\"search_term_string\"}}],\"inLanguage\":\"es\"},{\"@type\":\"Organization\",\"@id\":\"https:\\\/\\\/zeromagazine.mx\\\/#organization\",\"name\":\"Zero Magazine\",\"url\":\"https:\\\/\\\/zeromagazine.mx\\\/\",\"logo\":{\"@type\":\"ImageObject\",\"inLanguage\":\"es\",\"@id\":\"https:\\\/\\\/zeromagazine.mx\\\/#\\\/schema\\\/logo\\\/image\\\/\",\"url\":\"https:\\\/\\\/i0.wp.com\\\/zeromagazine.mx\\\/wp-content\\\/uploads\\\/2025\\\/11\\\/1.jpeg?fit=1000%2C1000&ssl=1\",\"contentUrl\":\"https:\\\/\\\/i0.wp.com\\\/zeromagazine.mx\\\/wp-content\\\/uploads\\\/2025\\\/11\\\/1.jpeg?fit=1000%2C1000&ssl=1\",\"width\":1000,\"height\":1000,\"caption\":\"Zero Magazine\"},\"image\":{\"@id\":\"https:\\\/\\\/zeromagazine.mx\\\/#\\\/schema\\\/logo\\\/image\\\/\"},\"sameAs\":[\"https:\\\/\\\/instagram.com\\\/zeromagazinemx\"]},{\"@type\":\"Person\",\"@id\":\"https:\\\/\\\/zeromagazine.mx\\\/#\\\/schema\\\/person\\\/9f7f1a17c60ba8e9980e3e6677aabe5a\",\"name\":\"David Morales\",\"image\":{\"@type\":\"ImageObject\",\"inLanguage\":\"es\",\"@id\":\"https:\\\/\\\/zeromagazine.mx\\\/wp-content\\\/litespeed\\\/avatar\\\/76069d2136bfc1c37dc34815bb67ca42.jpg?ver=1777571067\",\"url\":\"https:\\\/\\\/zeromagazine.mx\\\/wp-content\\\/litespeed\\\/avatar\\\/76069d2136bfc1c37dc34815bb67ca42.jpg?ver=1777571067\",\"contentUrl\":\"https:\\\/\\\/zeromagazine.mx\\\/wp-content\\\/litespeed\\\/avatar\\\/76069d2136bfc1c37dc34815bb67ca42.jpg?ver=1777571067\",\"caption\":\"David Morales\"},\"url\":\"https:\\\/\\\/zeromagazine.mx\\\/index.php\\\/author\\\/david\\\/\"}]}<\/script>\n<!-- \/ Yoast SEO plugin. -->","yoast_head_json":{"title":"Hablar del ciclo menstrual empieza antes de lo que creemos - Zero Magazine","description":"Ciclo menstrual: por qu\u00e9 hablar a tiempo cambia la experiencia. Educaci\u00f3n, confianza y menos tab\u00fa desde edades tempranas.","robots":{"index":"index","follow":"follow","max-snippet":"max-snippet:-1","max-image-preview":"max-image-preview:large","max-video-preview":"max-video-preview:-1"},"canonical":"https:\/\/zeromagazine.mx\/index.php\/2026\/04\/30\/hablar-del-ciclo-menstrual\/","og_locale":"es_ES","og_type":"article","og_title":"Hablar del ciclo menstrual empieza antes de lo que creemos - Zero Magazine","og_description":"Ciclo menstrual: por qu\u00e9 hablar a tiempo cambia la experiencia. Educaci\u00f3n, confianza y menos tab\u00fa desde edades tempranas.","og_url":"https:\/\/zeromagazine.mx\/index.php\/2026\/04\/30\/hablar-del-ciclo-menstrual\/","og_site_name":"Zero Magazine","article_published_time":"2026-04-30T19:55:10+00:00","og_image":[{"width":1024,"height":683,"url":"http:\/\/zeromagazine.mx\/wp-content\/uploads\/2026\/04\/IMG_2485-1024x683.png","type":"image\/png"}],"author":"David Morales","twitter_card":"summary_large_image","twitter_misc":{"Escrito por":"David Morales","Tiempo de lectura":"3 minutos"},"schema":{"@context":"https:\/\/schema.org","@graph":[{"@type":"Article","@id":"https:\/\/zeromagazine.mx\/index.php\/2026\/04\/30\/hablar-del-ciclo-menstrual\/#article","isPartOf":{"@id":"https:\/\/zeromagazine.mx\/index.php\/2026\/04\/30\/hablar-del-ciclo-menstrual\/"},"author":{"name":"David Morales","@id":"https:\/\/zeromagazine.mx\/#\/schema\/person\/9f7f1a17c60ba8e9980e3e6677aabe5a"},"headline":"Hablar del ciclo menstrual empieza antes de lo que creemos","datePublished":"2026-04-30T19:55:10+00:00","mainEntityOfPage":{"@id":"https:\/\/zeromagazine.mx\/index.php\/2026\/04\/30\/hablar-del-ciclo-menstrual\/"},"wordCount":572,"commentCount":0,"publisher":{"@id":"https:\/\/zeromagazine.mx\/#organization"},"image":{"@id":"https:\/\/zeromagazine.mx\/index.php\/2026\/04\/30\/hablar-del-ciclo-menstrual\/#primaryimage"},"thumbnailUrl":"https:\/\/i0.wp.com\/zeromagazine.mx\/wp-content\/uploads\/2026\/04\/IMG_2485.png?fit=1536%2C1024&ssl=1","articleSection":["Bienestar","Blog"],"inLanguage":"es","potentialAction":[{"@type":"CommentAction","name":"Comment","target":["https:\/\/zeromagazine.mx\/index.php\/2026\/04\/30\/hablar-del-ciclo-menstrual\/#respond"]}]},{"@type":"WebPage","@id":"https:\/\/zeromagazine.mx\/index.php\/2026\/04\/30\/hablar-del-ciclo-menstrual\/","url":"https:\/\/zeromagazine.mx\/index.php\/2026\/04\/30\/hablar-del-ciclo-menstrual\/","name":"Hablar del ciclo menstrual empieza antes de lo que creemos - Zero Magazine","isPartOf":{"@id":"https:\/\/zeromagazine.mx\/#website"},"primaryImageOfPage":{"@id":"https:\/\/zeromagazine.mx\/index.php\/2026\/04\/30\/hablar-del-ciclo-menstrual\/#primaryimage"},"image":{"@id":"https:\/\/zeromagazine.mx\/index.php\/2026\/04\/30\/hablar-del-ciclo-menstrual\/#primaryimage"},"thumbnailUrl":"https:\/\/i0.wp.com\/zeromagazine.mx\/wp-content\/uploads\/2026\/04\/IMG_2485.png?fit=1536%2C1024&ssl=1","datePublished":"2026-04-30T19:55:10+00:00","description":"Ciclo menstrual: por qu\u00e9 hablar a tiempo cambia la experiencia. Educaci\u00f3n, confianza y menos tab\u00fa desde edades tempranas.","breadcrumb":{"@id":"https:\/\/zeromagazine.mx\/index.php\/2026\/04\/30\/hablar-del-ciclo-menstrual\/#breadcrumb"},"inLanguage":"es","potentialAction":[{"@type":"ReadAction","target":["https:\/\/zeromagazine.mx\/index.php\/2026\/04\/30\/hablar-del-ciclo-menstrual\/"]}]},{"@type":"ImageObject","inLanguage":"es","@id":"https:\/\/zeromagazine.mx\/index.php\/2026\/04\/30\/hablar-del-ciclo-menstrual\/#primaryimage","url":"https:\/\/i0.wp.com\/zeromagazine.mx\/wp-content\/uploads\/2026\/04\/IMG_2485.png?fit=1536%2C1024&ssl=1","contentUrl":"https:\/\/i0.wp.com\/zeromagazine.mx\/wp-content\/uploads\/2026\/04\/IMG_2485.png?fit=1536%2C1024&ssl=1","width":1536,"height":1024},{"@type":"BreadcrumbList","@id":"https:\/\/zeromagazine.mx\/index.php\/2026\/04\/30\/hablar-del-ciclo-menstrual\/#breadcrumb","itemListElement":[{"@type":"ListItem","position":1,"name":"Portada","item":"https:\/\/zeromagazine.mx\/"},{"@type":"ListItem","position":2,"name":"Hablar del ciclo menstrual empieza antes de lo que creemos"}]},{"@type":"WebSite","@id":"https:\/\/zeromagazine.mx\/#website","url":"https:\/\/zeromagazine.mx\/","name":"Zero Magazine","description":"","publisher":{"@id":"https:\/\/zeromagazine.mx\/#organization"},"potentialAction":[{"@type":"SearchAction","target":{"@type":"EntryPoint","urlTemplate":"https:\/\/zeromagazine.mx\/?s={search_term_string}"},"query-input":{"@type":"PropertyValueSpecification","valueRequired":true,"valueName":"search_term_string"}}],"inLanguage":"es"},{"@type":"Organization","@id":"https:\/\/zeromagazine.mx\/#organization","name":"Zero Magazine","url":"https:\/\/zeromagazine.mx\/","logo":{"@type":"ImageObject","inLanguage":"es","@id":"https:\/\/zeromagazine.mx\/#\/schema\/logo\/image\/","url":"https:\/\/i0.wp.com\/zeromagazine.mx\/wp-content\/uploads\/2025\/11\/1.jpeg?fit=1000%2C1000&ssl=1","contentUrl":"https:\/\/i0.wp.com\/zeromagazine.mx\/wp-content\/uploads\/2025\/11\/1.jpeg?fit=1000%2C1000&ssl=1","width":1000,"height":1000,"caption":"Zero Magazine"},"image":{"@id":"https:\/\/zeromagazine.mx\/#\/schema\/logo\/image\/"},"sameAs":["https:\/\/instagram.com\/zeromagazinemx"]},{"@type":"Person","@id":"https:\/\/zeromagazine.mx\/#\/schema\/person\/9f7f1a17c60ba8e9980e3e6677aabe5a","name":"David Morales","image":{"@type":"ImageObject","inLanguage":"es","@id":"https:\/\/zeromagazine.mx\/wp-content\/litespeed\/avatar\/76069d2136bfc1c37dc34815bb67ca42.jpg?ver=1777571067","url":"https:\/\/zeromagazine.mx\/wp-content\/litespeed\/avatar\/76069d2136bfc1c37dc34815bb67ca42.jpg?ver=1777571067","contentUrl":"https:\/\/zeromagazine.mx\/wp-content\/litespeed\/avatar\/76069d2136bfc1c37dc34815bb67ca42.jpg?ver=1777571067","caption":"David Morales"},"url":"https:\/\/zeromagazine.mx\/index.php\/author\/david\/"}]}},"jetpack_publicize_connections":[],"jetpack_featured_media_url":"https:\/\/i0.wp.com\/zeromagazine.mx\/wp-content\/uploads\/2026\/04\/IMG_2485.png?fit=1536%2C1024&ssl=1","jetpack-related-posts":[{"id":107120,"url":"https:\/\/zeromagazine.mx\/index.php\/2025\/08\/01\/saba-invisible-y-ultrainvisible-menstruacion-sin-tabues\/","url_meta":{"origin":119826,"position":0},"title":"Menstruaci\u00f3n sin tab\u00faes, por fin","author":"David Morales","date":"1 de agosto de 2025","format":false,"excerpt":"En pleno 2025, hablar del ciclo menstrual\u00a0deber\u00eda\u00a0ser tan cotidiano como pedir un caf\u00e9, pero no lo es. Aunque millones de personas lo viven cada mes, el silencio a\u00fan domina la conversaci\u00f3n, especialmente cuando hay hombres cerca. Seg\u00fan la Encuesta Nacional de Menstruaci\u00f3n Digna (Essity\u2013UNICEF), el 68\u202f% de las personas en\u2026","rel":"","context":"En \u00abBienestar\u00bb","block_context":{"text":"Bienestar","link":"https:\/\/zeromagazine.mx\/index.php\/category\/lifestyle\/bienestar\/"},"img":{"alt_text":"","src":"https:\/\/i0.wp.com\/zeromagazine.mx\/wp-content\/uploads\/2025\/08\/IMG_5625.jpeg?fit=1200%2C675&ssl=1&resize=350%2C200","width":350,"height":200,"srcset":"https:\/\/i0.wp.com\/zeromagazine.mx\/wp-content\/uploads\/2025\/08\/IMG_5625.jpeg?fit=1200%2C675&ssl=1&resize=350%2C200 1x, https:\/\/i0.wp.com\/zeromagazine.mx\/wp-content\/uploads\/2025\/08\/IMG_5625.jpeg?fit=1200%2C675&ssl=1&resize=525%2C300 1.5x, https:\/\/i0.wp.com\/zeromagazine.mx\/wp-content\/uploads\/2025\/08\/IMG_5625.jpeg?fit=1200%2C675&ssl=1&resize=700%2C400 2x, https:\/\/i0.wp.com\/zeromagazine.mx\/wp-content\/uploads\/2025\/08\/IMG_5625.jpeg?fit=1200%2C675&ssl=1&resize=1050%2C600 3x"},"classes":[]},{"id":116564,"url":"https:\/\/zeromagazine.mx\/index.php\/2026\/03\/11\/endometriosis-platanomelon-salud-menstrual\/","url_meta":{"origin":119826,"position":1},"title":"Platanomel\u00f3n | Endometriosis: visibilizar el dolor es tambi\u00e9n un acto de salud y autocuidado","author":"David Morales","date":"11 de marzo de 2026","format":false,"excerpt":"Hablar de dolor menstrual, salud sexual y enfermedades ginecol\u00f3gicas sigue siendo inc\u00f3modo para muchas personas, pero cada vez m\u00e1s proyectos est\u00e1n cambiando esa conversaci\u00f3n. En el marco del D\u00eda Mundial de la Endometriosis,\u00a0Endometriosis Platanomel\u00f3n\u00a0se convierte en un tema clave para entender por qu\u00e9 visibilizar el dolor tambi\u00e9n es una forma\u2026","rel":"","context":"En \u00abBienestar\u00bb","block_context":{"text":"Bienestar","link":"https:\/\/zeromagazine.mx\/index.php\/category\/lifestyle\/bienestar\/"},"img":{"alt_text":"","src":"https:\/\/i0.wp.com\/zeromagazine.mx\/wp-content\/uploads\/2026\/03\/IMG_1646-1.png?fit=1201%2C629&ssl=1&resize=350%2C200","width":350,"height":200,"srcset":"https:\/\/i0.wp.com\/zeromagazine.mx\/wp-content\/uploads\/2026\/03\/IMG_1646-1.png?fit=1201%2C629&ssl=1&resize=350%2C200 1x, https:\/\/i0.wp.com\/zeromagazine.mx\/wp-content\/uploads\/2026\/03\/IMG_1646-1.png?fit=1201%2C629&ssl=1&resize=525%2C300 1.5x, https:\/\/i0.wp.com\/zeromagazine.mx\/wp-content\/uploads\/2026\/03\/IMG_1646-1.png?fit=1201%2C629&ssl=1&resize=700%2C400 2x, https:\/\/i0.wp.com\/zeromagazine.mx\/wp-content\/uploads\/2026\/03\/IMG_1646-1.png?fit=1201%2C629&ssl=1&resize=1050%2C600 3x"},"classes":[]},{"id":103791,"url":"https:\/\/zeromagazine.mx\/index.php\/2025\/05\/12\/equilibrio-hormonal-para-la-prevencion-del-sop\/","url_meta":{"origin":119826,"position":2},"title":"Equilibrio Hormonal Para La Prevenci\u00f3n Del SOP","author":"David Morales","date":"12 de mayo de 2025","format":false,"excerpt":"Ey amix, si has sentido que tu ciclo menstrual anda m\u00e1s random que tus crushes, que te sale vello donde no deber\u00eda o que tu piel est\u00e1 en mood caos constante\u2026 puede que no sea solo \u201chormonal\u201d y ya. Puede que est\u00e9s frente al S\u00edndrome de Ovario Poliqu\u00edstico (SOP), y\u2026","rel":"","context":"En \u00abBienestar\u00bb","block_context":{"text":"Bienestar","link":"https:\/\/zeromagazine.mx\/index.php\/category\/lifestyle\/bienestar\/"},"img":{"alt_text":"","src":"https:\/\/i0.wp.com\/zeromagazine.mx\/wp-content\/uploads\/2025\/05\/Imagen-de-WhatsApp-2025-05-12-a-las-11.55.35_f5765da4-1.jpg?fit=887%2C1073&ssl=1&resize=350%2C200","width":350,"height":200,"srcset":"https:\/\/i0.wp.com\/zeromagazine.mx\/wp-content\/uploads\/2025\/05\/Imagen-de-WhatsApp-2025-05-12-a-las-11.55.35_f5765da4-1.jpg?fit=887%2C1073&ssl=1&resize=350%2C200 1x, https:\/\/i0.wp.com\/zeromagazine.mx\/wp-content\/uploads\/2025\/05\/Imagen-de-WhatsApp-2025-05-12-a-las-11.55.35_f5765da4-1.jpg?fit=887%2C1073&ssl=1&resize=525%2C300 1.5x, https:\/\/i0.wp.com\/zeromagazine.mx\/wp-content\/uploads\/2025\/05\/Imagen-de-WhatsApp-2025-05-12-a-las-11.55.35_f5765da4-1.jpg?fit=887%2C1073&ssl=1&resize=700%2C400 2x"},"classes":[]},{"id":54687,"url":"https:\/\/zeromagazine.mx\/index.php\/2021\/09\/15\/kotexportodas-fest-el-evento-virtual-por-la-equidad-educacion-y-bienestar-de-las-mujeres\/","url_meta":{"origin":119826,"position":3},"title":"KotexPorTodas Fest, el evento virtual por la equidad, educaci\u00f3n y bienestar de las mujeres","author":"zeromagazinemx","date":"15 de septiembre de 2021","format":false,"excerpt":"KotexPorTodas Fest recorri\u00f3 temas desde la ciencia hasta el humor, fue un evento para exponer soluciones en torno a la equidad, educaci\u00f3n y bienestar de las mujeres en M\u00e9xico. Por Moises Kushelevich\u00a0 Este 8 de septiembre se llev\u00f3 a cabo el KotexPorTodas Fest, un festival virtual que const\u00f3 de una\u2026","rel":"","context":"En \u00abBienestar\u00bb","block_context":{"text":"Bienestar","link":"https:\/\/zeromagazine.mx\/index.php\/category\/lifestyle\/bienestar\/"},"img":{"alt_text":"","src":"","width":0,"height":0},"classes":[]},{"id":102091,"url":"https:\/\/zeromagazine.mx\/index.php\/2025\/04\/21\/combatiendo-el-colesterol\/","url_meta":{"origin":119826,"position":4},"title":"Combatiendo El Colesterol","author":"David Morales","date":"21 de abril de 2025","format":false,"excerpt":"Oigan, ya s\u00e9 que esto no es lo m\u00e1s sexy del mundo, pero neta es urgente hablar de la salud del coraz\u00f3n, espec\u00edficamente del colesterol. \u00bfSab\u00edan que en M\u00e9xico, m\u00e1s de un tercio de la banda vive con dislipidemias (o sea, colesterol y triglic\u00e9ridos descontrolados) y casi nadie lo sabe?\u2026","rel":"","context":"En \u00abBienestar\u00bb","block_context":{"text":"Bienestar","link":"https:\/\/zeromagazine.mx\/index.php\/category\/lifestyle\/bienestar\/"},"img":{"alt_text":"","src":"https:\/\/i0.wp.com\/zeromagazine.mx\/wp-content\/uploads\/2025\/04\/Imagen-de-cortesia-2-scaled.jpg?fit=1200%2C800&ssl=1&resize=350%2C200","width":350,"height":200,"srcset":"https:\/\/i0.wp.com\/zeromagazine.mx\/wp-content\/uploads\/2025\/04\/Imagen-de-cortesia-2-scaled.jpg?fit=1200%2C800&ssl=1&resize=350%2C200 1x, https:\/\/i0.wp.com\/zeromagazine.mx\/wp-content\/uploads\/2025\/04\/Imagen-de-cortesia-2-scaled.jpg?fit=1200%2C800&ssl=1&resize=525%2C300 1.5x, https:\/\/i0.wp.com\/zeromagazine.mx\/wp-content\/uploads\/2025\/04\/Imagen-de-cortesia-2-scaled.jpg?fit=1200%2C800&ssl=1&resize=700%2C400 2x, https:\/\/i0.wp.com\/zeromagazine.mx\/wp-content\/uploads\/2025\/04\/Imagen-de-cortesia-2-scaled.jpg?fit=1200%2C800&ssl=1&resize=1050%2C600 3x"},"classes":[]},{"id":119037,"url":"https:\/\/zeromagazine.mx\/index.php\/2026\/04\/20\/iker-madrid-el-trenza-personaje\/","url_meta":{"origin":119826,"position":5},"title":"IKER MADRID ESTRENA NUEVO PERSONAJE EN TELEVISI\u00d3N: HILARIO S\u00c1NCHEZ \u201cEL TRENZA\u201d","author":"David Morales","date":"20 de abril de 2026","format":false,"excerpt":"El actor regresa a la televisi\u00f3n con un personaje inc\u00f3modo, intenso y brutalmente humano que marca un nuevo momento en su carrera. Hay personajes que entretienen\u2026 y otros que incomodan. Esta vez,\u00a0Iker Madrid\u00a0apuesta por lo segundo con Hilario S\u00e1nchez, mejor conocido como \u201cEl Trenza\u201d: una figura que no busca caer\u2026","rel":"","context":"En \u00abBlog\u00bb","block_context":{"text":"Blog","link":"https:\/\/zeromagazine.mx\/index.php\/category\/blog\/"},"img":{"alt_text":"","src":"https:\/\/i0.wp.com\/zeromagazine.mx\/wp-content\/uploads\/2026\/04\/IKER-MADRID-1--scaled.jpeg?fit=1200%2C865&ssl=1&resize=350%2C200","width":350,"height":200,"srcset":"https:\/\/i0.wp.com\/zeromagazine.mx\/wp-content\/uploads\/2026\/04\/IKER-MADRID-1--scaled.jpeg?fit=1200%2C865&ssl=1&resize=350%2C200 1x, https:\/\/i0.wp.com\/zeromagazine.mx\/wp-content\/uploads\/2026\/04\/IKER-MADRID-1--scaled.jpeg?fit=1200%2C865&ssl=1&resize=525%2C300 1.5x, https:\/\/i0.wp.com\/zeromagazine.mx\/wp-content\/uploads\/2026\/04\/IKER-MADRID-1--scaled.jpeg?fit=1200%2C865&ssl=1&resize=700%2C400 2x, https:\/\/i0.wp.com\/zeromagazine.mx\/wp-content\/uploads\/2026\/04\/IKER-MADRID-1--scaled.jpeg?fit=1200%2C865&ssl=1&resize=1050%2C600 3x"},"classes":[]}],"jetpack_sharing_enabled":true,"builder_content":"","_links":{"self":[{"href":"https:\/\/zeromagazine.mx\/index.php\/wp-json\/wp\/v2\/posts\/119826","targetHints":{"allow":["GET"]}}],"collection":[{"href":"https:\/\/zeromagazine.mx\/index.php\/wp-json\/wp\/v2\/posts"}],"about":[{"href":"https:\/\/zeromagazine.mx\/index.php\/wp-json\/wp\/v2\/types\/post"}],"author":[{"embeddable":true,"href":"https:\/\/zeromagazine.mx\/index.php\/wp-json\/wp\/v2\/users\/4"}],"replies":[{"embeddable":true,"href":"https:\/\/zeromagazine.mx\/index.php\/wp-json\/wp\/v2\/comments?post=119826"}],"version-history":[{"count":1,"href":"https:\/\/zeromagazine.mx\/index.php\/wp-json\/wp\/v2\/posts\/119826\/revisions"}],"predecessor-version":[{"id":119829,"href":"https:\/\/zeromagazine.mx\/index.php\/wp-json\/wp\/v2\/posts\/119826\/revisions\/119829"}],"wp:featuredmedia":[{"embeddable":true,"href":"https:\/\/zeromagazine.mx\/index.php\/wp-json\/wp\/v2\/media\/119827"}],"wp:attachment":[{"href":"https:\/\/zeromagazine.mx\/index.php\/wp-json\/wp\/v2\/media?parent=119826"}],"wp:term":[{"taxonomy":"category","embeddable":true,"href":"https:\/\/zeromagazine.mx\/index.php\/wp-json\/wp\/v2\/categories?post=119826"},{"taxonomy":"post_tag","embeddable":true,"href":"https:\/\/zeromagazine.mx\/index.php\/wp-json\/wp\/v2\/tags?post=119826"}],"curies":[{"name":"wp","href":"https:\/\/api.w.org\/{rel}","templated":true}]}}