{"id":119867,"date":"2026-04-30T22:59:20","date_gmt":"2026-05-01T04:59:20","guid":{"rendered":"https:\/\/zeromagazine.mx\/?p=119867"},"modified":"2026-04-30T22:59:21","modified_gmt":"2026-05-01T04:59:21","slug":"moda-urbana-verano-limpia","status":"publish","type":"post","link":"https:\/\/zeromagazine.mx\/index.php\/2026\/04\/30\/moda-urbana-verano-limpia\/","title":{"rendered":"Moda urbana verano limpia"},"content":{"rendered":"\n<p>Si este verano tuviera un mood, definitivamente ser\u00eda uno m\u00e1s relajado, m\u00e1s limpio y cero complicado. Y justo ah\u00ed es donde <a href=\"\/\/generic-entity?number=0\">COS<\/a> entra con una propuesta que no grita tendencia, pero s\u00ed redefine c\u00f3mo se ve vestir bien en la ciudad.<\/p>\n\n\n\n<figure class=\"wp-block-image size-full\"><img data-recalc-dims=\"1\" decoding=\"async\" width=\"1165\" height=\"1747\" src=\"https:\/\/i0.wp.com\/zeromagazine.mx\/wp-content\/uploads\/2026\/04\/IMG_6754-scaled.jpeg?resize=1165%2C1747&#038;ssl=1\" alt=\"\" class=\"wp-image-119868\" srcset=\"https:\/\/i0.wp.com\/zeromagazine.mx\/wp-content\/uploads\/2026\/04\/IMG_6754-scaled.jpeg?w=1707&amp;ssl=1 1707w, https:\/\/i0.wp.com\/zeromagazine.mx\/wp-content\/uploads\/2026\/04\/IMG_6754-scaled.jpeg?resize=200%2C300&amp;ssl=1 200w, https:\/\/i0.wp.com\/zeromagazine.mx\/wp-content\/uploads\/2026\/04\/IMG_6754-scaled.jpeg?resize=683%2C1024&amp;ssl=1 683w, https:\/\/i0.wp.com\/zeromagazine.mx\/wp-content\/uploads\/2026\/04\/IMG_6754-scaled.jpeg?resize=768%2C1152&amp;ssl=1 768w, https:\/\/i0.wp.com\/zeromagazine.mx\/wp-content\/uploads\/2026\/04\/IMG_6754-scaled.jpeg?resize=1024%2C1536&amp;ssl=1 1024w, https:\/\/i0.wp.com\/zeromagazine.mx\/wp-content\/uploads\/2026\/04\/IMG_6754-scaled.jpeg?resize=1365%2C2048&amp;ssl=1 1365w\" sizes=\"(max-width: 1165px) 100vw, 1165px\" \/><\/figure>\n\n\n\n<p>Porque seamos honestos: ya no se trata de armar outfits imposibles, sino de encontrar piezas que funcionen en la vida real \u2014cuando hace calor, cuando tienes mil cosas que hacer y cuando quieres verte bien sin pensarlo demasiado. La respuesta est\u00e1 en una est\u00e9tica depurada que mezcla funcionalidad con un tipo de elegancia que no se siente forzada.<\/p>\n\n\n\n<p><strong>Moda urbana verano: menos ruido, m\u00e1s intenci\u00f3n<\/strong><\/p>\n\n\n\n<p>Primero, lo que hace interesante esta propuesta de moda urbana verano es que no intenta reinventar todo. M\u00e1s bien, toma b\u00e1sicos que ya conoces \u2014sastrer\u00eda, lino, siluetas amplias\u2014 y los lleva a un terreno mucho m\u00e1s ligero.<\/p>\n\n\n\n<figure class=\"wp-block-image size-full\"><img data-recalc-dims=\"1\" decoding=\"async\" width=\"1165\" height=\"1748\" src=\"https:\/\/i0.wp.com\/zeromagazine.mx\/wp-content\/uploads\/2026\/04\/IMG_6752-scaled.jpeg?resize=1165%2C1748&#038;ssl=1\" alt=\"\" class=\"wp-image-119869\" srcset=\"https:\/\/i0.wp.com\/zeromagazine.mx\/wp-content\/uploads\/2026\/04\/IMG_6752-scaled.jpeg?w=1706&amp;ssl=1 1706w, https:\/\/i0.wp.com\/zeromagazine.mx\/wp-content\/uploads\/2026\/04\/IMG_6752-scaled.jpeg?resize=200%2C300&amp;ssl=1 200w, https:\/\/i0.wp.com\/zeromagazine.mx\/wp-content\/uploads\/2026\/04\/IMG_6752-scaled.jpeg?resize=682%2C1024&amp;ssl=1 682w, https:\/\/i0.wp.com\/zeromagazine.mx\/wp-content\/uploads\/2026\/04\/IMG_6752-scaled.jpeg?resize=768%2C1152&amp;ssl=1 768w, https:\/\/i0.wp.com\/zeromagazine.mx\/wp-content\/uploads\/2026\/04\/IMG_6752-scaled.jpeg?resize=1024%2C1536&amp;ssl=1 1024w, https:\/\/i0.wp.com\/zeromagazine.mx\/wp-content\/uploads\/2026\/04\/IMG_6752-scaled.jpeg?resize=1365%2C2048&amp;ssl=1 1365w\" sizes=\"(max-width: 1165px) 100vw, 1165px\" \/><\/figure>\n\n\n\n<p>Adem\u00e1s, aqu\u00ed el tailoring deja de ser r\u00edgido. Los blazers se suavizan, los cortes se relajan y todo empieza a fluir mejor con el cuerpo. Es ese tipo de ropa que se mueve contigo, no contra ti.<\/p>\n\n\n\n<p>Por otro lado, el lino se convierte en protagonista absoluto. Y tiene sentido: es fresco, transpirable y tiene ese acabado ligeramente imperfecto que hace que todo se vea m\u00e1s natural. Justo lo que necesitas cuando el calor est\u00e1 en su punto m\u00e1ximo.<\/p>\n\n\n\n<p><strong>Moda urbana verano: el nuevo uniforme<\/strong><\/p>\n\n\n\n<p>Ahora, si hay una pieza clave en esta narrativa, son los shorts de lino con pinzas. S\u00ed, suena b\u00e1sico, pero en realidad es todo lo contrario. Este tipo de dise\u00f1o mezcla lo cl\u00e1sico con lo relajado, creando algo que funciona tanto para un d\u00eda casual como para algo m\u00e1s armado.<\/p>\n\n\n\n<figure class=\"wp-block-image size-full\"><img data-recalc-dims=\"1\" decoding=\"async\" width=\"1165\" height=\"1748\" src=\"https:\/\/i0.wp.com\/zeromagazine.mx\/wp-content\/uploads\/2026\/04\/IMG_6753-scaled.jpeg?resize=1165%2C1748&#038;ssl=1\" alt=\"\" class=\"wp-image-119870\" srcset=\"https:\/\/i0.wp.com\/zeromagazine.mx\/wp-content\/uploads\/2026\/04\/IMG_6753-scaled.jpeg?w=1706&amp;ssl=1 1706w, https:\/\/i0.wp.com\/zeromagazine.mx\/wp-content\/uploads\/2026\/04\/IMG_6753-scaled.jpeg?resize=200%2C300&amp;ssl=1 200w, https:\/\/i0.wp.com\/zeromagazine.mx\/wp-content\/uploads\/2026\/04\/IMG_6753-scaled.jpeg?resize=682%2C1024&amp;ssl=1 682w, https:\/\/i0.wp.com\/zeromagazine.mx\/wp-content\/uploads\/2026\/04\/IMG_6753-scaled.jpeg?resize=768%2C1152&amp;ssl=1 768w, https:\/\/i0.wp.com\/zeromagazine.mx\/wp-content\/uploads\/2026\/04\/IMG_6753-scaled.jpeg?resize=1024%2C1536&amp;ssl=1 1024w, https:\/\/i0.wp.com\/zeromagazine.mx\/wp-content\/uploads\/2026\/04\/IMG_6753-scaled.jpeg?resize=1365%2C2048&amp;ssl=1 1365w\" sizes=\"(max-width: 1165px) 100vw, 1165px\" \/><\/figure>\n\n\n\n<p>Adem\u00e1s, detalles como la cintura con jareta o los cortes amplios hacen que la prenda se sienta c\u00f3moda sin perder estructura. Es ese balance perfecto entre verte arreglado y sentirte libre.<\/p>\n\n\n\n<p>En este sentido, puedes llevarlos con un blazer coordinado para algo m\u00e1s elevado o combinarlos con piezas simples para un look mucho m\u00e1s effortless. Y ah\u00ed est\u00e1 la magia: versatilidad real.<\/p>\n\n\n\n<p><strong>Moda urbana verano: vestir sin esfuerzo<\/strong><\/p>\n\n\n\n<p>Sin embargo, lo m\u00e1s relevante de esta conversaci\u00f3n no es solo la ropa, sino lo que representa. La moda urbana verano se est\u00e1 moviendo hacia un lugar m\u00e1s consciente, donde menos es m\u00e1s y cada pieza tiene un prop\u00f3sito.<\/p>\n\n\n\n<p>Adem\u00e1s, este tipo de est\u00e9tica conecta con una forma de vida m\u00e1s pr\u00e1ctica. No necesitas veinte capas ni accesorios complicados. Solo buenas siluetas, materiales que se sientan bien y una paleta que respire.<\/p>\n\n\n\n<p>Finalmente, lo que propone COS no es solo vestirte, es simplificar. Es entender que el estilo tambi\u00e9n puede ser silencioso, pero igual de poderoso.<\/p>\n\n\n\n<p>En resumen, la moda urbana verano ya no se trata de llamar la atenci\u00f3n, sino de sostenerla con naturalidad.<\/p>\n<!--themify_builder_content-->\n<div id=\"themify_builder_content-119867\" data-postid=\"119867\" class=\"themify_builder_content themify_builder_content-119867 themify_builder tf_clear\">\n    <\/div>\n<!--\/themify_builder_content-->\n","protected":false},"excerpt":{"rendered":"<p>Si este verano tuviera un mood, definitivamente ser\u00eda uno m\u00e1s relajado, m\u00e1s limpio y cero complicado. Y justo ah\u00ed es donde COS entra con una propuesta que no grita tendencia, pero s\u00ed redefine c\u00f3mo se ve vestir bien en la ciudad. Porque seamos honestos: ya no se trata de armar outfits imposibles, sino de encontrar [&hellip;]<\/p>\n","protected":false},"author":6,"featured_media":119870,"comment_status":"open","ping_status":"open","sticky":false,"template":"","format":"standard","meta":{"_jetpack_memberships_contains_paid_content":false,"footnotes":"","jetpack_publicize_message":"","jetpack_publicize_feature_enabled":true,"jetpack_social_post_already_shared":true,"jetpack_social_options":{"image_generator_settings":{"template":"highway","default_image_id":0,"font":"","enabled":false},"version":2}},"categories":[67],"tags":[],"class_list":["post-119867","post","type-post","status-publish","format-standard","has-post-thumbnail","hentry","category-moda","has-post-title","has-post-date","has-post-category","has-post-tag","has-post-comment","has-post-author",""],"yoast_head":"<!-- This site is optimized with the Yoast SEO plugin v27.5 - https:\/\/yoast.com\/product\/yoast-seo-wordpress\/ -->\n<title>Moda urbana verano limpia - Zero Magazine<\/title>\n<meta name=\"robots\" content=\"index, follow, max-snippet:-1, max-image-preview:large, max-video-preview:-1\" \/>\n<link rel=\"canonical\" href=\"https:\/\/zeromagazine.mx\/index.php\/2026\/04\/30\/moda-urbana-verano-limpia\/\" \/>\n<meta property=\"og:locale\" content=\"es_ES\" \/>\n<meta property=\"og:type\" content=\"article\" \/>\n<meta property=\"og:title\" content=\"Moda urbana verano limpia - Zero Magazine\" \/>\n<meta property=\"og:description\" content=\"Si este verano tuviera un mood, definitivamente ser\u00eda uno m\u00e1s relajado, m\u00e1s limpio y cero complicado. Y justo ah\u00ed es donde COS entra con una propuesta que no grita tendencia, pero s\u00ed redefine c\u00f3mo se ve vestir bien en la ciudad. Porque seamos honestos: ya no se trata de armar outfits imposibles, sino de encontrar [&hellip;]\" \/>\n<meta property=\"og:url\" content=\"https:\/\/zeromagazine.mx\/index.php\/2026\/04\/30\/moda-urbana-verano-limpia\/\" \/>\n<meta property=\"og:site_name\" content=\"Zero Magazine\" \/>\n<meta property=\"article:published_time\" content=\"2026-05-01T04:59:20+00:00\" \/>\n<meta property=\"article:modified_time\" content=\"2026-05-01T04:59:21+00:00\" \/>\n<meta property=\"og:image\" content=\"http:\/\/zeromagazine.mx\/wp-content\/uploads\/2026\/04\/IMG_6753-scaled.jpeg\" \/>\n\t<meta property=\"og:image:width\" content=\"1706\" \/>\n\t<meta property=\"og:image:height\" content=\"2560\" \/>\n\t<meta property=\"og:image:type\" content=\"image\/jpeg\" \/>\n<meta name=\"author\" content=\"Luis Trujano\" \/>\n<meta name=\"twitter:card\" content=\"summary_large_image\" \/>\n<meta name=\"twitter:label1\" content=\"Escrito por\" \/>\n\t<meta name=\"twitter:data1\" content=\"Luis Trujano\" \/>\n\t<meta name=\"twitter:label2\" content=\"Tiempo de lectura\" \/>\n\t<meta name=\"twitter:data2\" content=\"3 minutos\" \/>\n<script type=\"application\/ld+json\" class=\"yoast-schema-graph\">{\"@context\":\"https:\\\/\\\/schema.org\",\"@graph\":[{\"@type\":\"Article\",\"@id\":\"https:\\\/\\\/zeromagazine.mx\\\/index.php\\\/2026\\\/04\\\/30\\\/moda-urbana-verano-limpia\\\/#article\",\"isPartOf\":{\"@id\":\"https:\\\/\\\/zeromagazine.mx\\\/index.php\\\/2026\\\/04\\\/30\\\/moda-urbana-verano-limpia\\\/\"},\"author\":{\"name\":\"Luis Trujano\",\"@id\":\"https:\\\/\\\/zeromagazine.mx\\\/#\\\/schema\\\/person\\\/118d2dc27eca6f07b968c953d12daa6b\"},\"headline\":\"Moda urbana verano limpia\",\"datePublished\":\"2026-05-01T04:59:20+00:00\",\"dateModified\":\"2026-05-01T04:59:21+00:00\",\"mainEntityOfPage\":{\"@id\":\"https:\\\/\\\/zeromagazine.mx\\\/index.php\\\/2026\\\/04\\\/30\\\/moda-urbana-verano-limpia\\\/\"},\"wordCount\":500,\"commentCount\":0,\"publisher\":{\"@id\":\"https:\\\/\\\/zeromagazine.mx\\\/#organization\"},\"image\":{\"@id\":\"https:\\\/\\\/zeromagazine.mx\\\/index.php\\\/2026\\\/04\\\/30\\\/moda-urbana-verano-limpia\\\/#primaryimage\"},\"thumbnailUrl\":\"https:\\\/\\\/i0.wp.com\\\/zeromagazine.mx\\\/wp-content\\\/uploads\\\/2026\\\/04\\\/IMG_6753-scaled.jpeg?fit=1706%2C2560&ssl=1\",\"articleSection\":[\"Moda\"],\"inLanguage\":\"es\",\"potentialAction\":[{\"@type\":\"CommentAction\",\"name\":\"Comment\",\"target\":[\"https:\\\/\\\/zeromagazine.mx\\\/index.php\\\/2026\\\/04\\\/30\\\/moda-urbana-verano-limpia\\\/#respond\"]}]},{\"@type\":\"WebPage\",\"@id\":\"https:\\\/\\\/zeromagazine.mx\\\/index.php\\\/2026\\\/04\\\/30\\\/moda-urbana-verano-limpia\\\/\",\"url\":\"https:\\\/\\\/zeromagazine.mx\\\/index.php\\\/2026\\\/04\\\/30\\\/moda-urbana-verano-limpia\\\/\",\"name\":\"Moda urbana verano limpia - Zero Magazine\",\"isPartOf\":{\"@id\":\"https:\\\/\\\/zeromagazine.mx\\\/#website\"},\"primaryImageOfPage\":{\"@id\":\"https:\\\/\\\/zeromagazine.mx\\\/index.php\\\/2026\\\/04\\\/30\\\/moda-urbana-verano-limpia\\\/#primaryimage\"},\"image\":{\"@id\":\"https:\\\/\\\/zeromagazine.mx\\\/index.php\\\/2026\\\/04\\\/30\\\/moda-urbana-verano-limpia\\\/#primaryimage\"},\"thumbnailUrl\":\"https:\\\/\\\/i0.wp.com\\\/zeromagazine.mx\\\/wp-content\\\/uploads\\\/2026\\\/04\\\/IMG_6753-scaled.jpeg?fit=1706%2C2560&ssl=1\",\"datePublished\":\"2026-05-01T04:59:20+00:00\",\"dateModified\":\"2026-05-01T04:59:21+00:00\",\"breadcrumb\":{\"@id\":\"https:\\\/\\\/zeromagazine.mx\\\/index.php\\\/2026\\\/04\\\/30\\\/moda-urbana-verano-limpia\\\/#breadcrumb\"},\"inLanguage\":\"es\",\"potentialAction\":[{\"@type\":\"ReadAction\",\"target\":[\"https:\\\/\\\/zeromagazine.mx\\\/index.php\\\/2026\\\/04\\\/30\\\/moda-urbana-verano-limpia\\\/\"]}]},{\"@type\":\"ImageObject\",\"inLanguage\":\"es\",\"@id\":\"https:\\\/\\\/zeromagazine.mx\\\/index.php\\\/2026\\\/04\\\/30\\\/moda-urbana-verano-limpia\\\/#primaryimage\",\"url\":\"https:\\\/\\\/i0.wp.com\\\/zeromagazine.mx\\\/wp-content\\\/uploads\\\/2026\\\/04\\\/IMG_6753-scaled.jpeg?fit=1706%2C2560&ssl=1\",\"contentUrl\":\"https:\\\/\\\/i0.wp.com\\\/zeromagazine.mx\\\/wp-content\\\/uploads\\\/2026\\\/04\\\/IMG_6753-scaled.jpeg?fit=1706%2C2560&ssl=1\",\"width\":1706,\"height\":2560},{\"@type\":\"BreadcrumbList\",\"@id\":\"https:\\\/\\\/zeromagazine.mx\\\/index.php\\\/2026\\\/04\\\/30\\\/moda-urbana-verano-limpia\\\/#breadcrumb\",\"itemListElement\":[{\"@type\":\"ListItem\",\"position\":1,\"name\":\"Portada\",\"item\":\"https:\\\/\\\/zeromagazine.mx\\\/\"},{\"@type\":\"ListItem\",\"position\":2,\"name\":\"Moda urbana verano limpia\"}]},{\"@type\":\"WebSite\",\"@id\":\"https:\\\/\\\/zeromagazine.mx\\\/#website\",\"url\":\"https:\\\/\\\/zeromagazine.mx\\\/\",\"name\":\"Zero Magazine\",\"description\":\"\",\"publisher\":{\"@id\":\"https:\\\/\\\/zeromagazine.mx\\\/#organization\"},\"potentialAction\":[{\"@type\":\"SearchAction\",\"target\":{\"@type\":\"EntryPoint\",\"urlTemplate\":\"https:\\\/\\\/zeromagazine.mx\\\/?s={search_term_string}\"},\"query-input\":{\"@type\":\"PropertyValueSpecification\",\"valueRequired\":true,\"valueName\":\"search_term_string\"}}],\"inLanguage\":\"es\"},{\"@type\":\"Organization\",\"@id\":\"https:\\\/\\\/zeromagazine.mx\\\/#organization\",\"name\":\"Zero Magazine\",\"url\":\"https:\\\/\\\/zeromagazine.mx\\\/\",\"logo\":{\"@type\":\"ImageObject\",\"inLanguage\":\"es\",\"@id\":\"https:\\\/\\\/zeromagazine.mx\\\/#\\\/schema\\\/logo\\\/image\\\/\",\"url\":\"https:\\\/\\\/i0.wp.com\\\/zeromagazine.mx\\\/wp-content\\\/uploads\\\/2025\\\/11\\\/1.jpeg?fit=1000%2C1000&ssl=1\",\"contentUrl\":\"https:\\\/\\\/i0.wp.com\\\/zeromagazine.mx\\\/wp-content\\\/uploads\\\/2025\\\/11\\\/1.jpeg?fit=1000%2C1000&ssl=1\",\"width\":1000,\"height\":1000,\"caption\":\"Zero Magazine\"},\"image\":{\"@id\":\"https:\\\/\\\/zeromagazine.mx\\\/#\\\/schema\\\/logo\\\/image\\\/\"},\"sameAs\":[\"https:\\\/\\\/instagram.com\\\/zeromagazinemx\"]},{\"@type\":\"Person\",\"@id\":\"https:\\\/\\\/zeromagazine.mx\\\/#\\\/schema\\\/person\\\/118d2dc27eca6f07b968c953d12daa6b\",\"name\":\"Luis Trujano\",\"image\":{\"@type\":\"ImageObject\",\"inLanguage\":\"es\",\"@id\":\"https:\\\/\\\/zeromagazine.mx\\\/wp-content\\\/litespeed\\\/avatar\\\/fbd9d1d6aa4d21e2bb5be8b3155046c9.jpg?ver=1777576316\",\"url\":\"https:\\\/\\\/zeromagazine.mx\\\/wp-content\\\/litespeed\\\/avatar\\\/fbd9d1d6aa4d21e2bb5be8b3155046c9.jpg?ver=1777576316\",\"contentUrl\":\"https:\\\/\\\/zeromagazine.mx\\\/wp-content\\\/litespeed\\\/avatar\\\/fbd9d1d6aa4d21e2bb5be8b3155046c9.jpg?ver=1777576316\",\"caption\":\"Luis Trujano\"},\"url\":\"https:\\\/\\\/zeromagazine.mx\\\/index.php\\\/author\\\/luis-trujano\\\/\"}]}<\/script>\n<!-- \/ Yoast SEO plugin. -->","yoast_head_json":{"title":"Moda urbana verano limpia - Zero Magazine","robots":{"index":"index","follow":"follow","max-snippet":"max-snippet:-1","max-image-preview":"max-image-preview:large","max-video-preview":"max-video-preview:-1"},"canonical":"https:\/\/zeromagazine.mx\/index.php\/2026\/04\/30\/moda-urbana-verano-limpia\/","og_locale":"es_ES","og_type":"article","og_title":"Moda urbana verano limpia - Zero Magazine","og_description":"Si este verano tuviera un mood, definitivamente ser\u00eda uno m\u00e1s relajado, m\u00e1s limpio y cero complicado. Y justo ah\u00ed es donde COS entra con una propuesta que no grita tendencia, pero s\u00ed redefine c\u00f3mo se ve vestir bien en la ciudad. Porque seamos honestos: ya no se trata de armar outfits imposibles, sino de encontrar [&hellip;]","og_url":"https:\/\/zeromagazine.mx\/index.php\/2026\/04\/30\/moda-urbana-verano-limpia\/","og_site_name":"Zero Magazine","article_published_time":"2026-05-01T04:59:20+00:00","article_modified_time":"2026-05-01T04:59:21+00:00","og_image":[{"width":1706,"height":2560,"url":"http:\/\/zeromagazine.mx\/wp-content\/uploads\/2026\/04\/IMG_6753-scaled.jpeg","type":"image\/jpeg"}],"author":"Luis Trujano","twitter_card":"summary_large_image","twitter_misc":{"Escrito por":"Luis Trujano","Tiempo de lectura":"3 minutos"},"schema":{"@context":"https:\/\/schema.org","@graph":[{"@type":"Article","@id":"https:\/\/zeromagazine.mx\/index.php\/2026\/04\/30\/moda-urbana-verano-limpia\/#article","isPartOf":{"@id":"https:\/\/zeromagazine.mx\/index.php\/2026\/04\/30\/moda-urbana-verano-limpia\/"},"author":{"name":"Luis Trujano","@id":"https:\/\/zeromagazine.mx\/#\/schema\/person\/118d2dc27eca6f07b968c953d12daa6b"},"headline":"Moda urbana verano limpia","datePublished":"2026-05-01T04:59:20+00:00","dateModified":"2026-05-01T04:59:21+00:00","mainEntityOfPage":{"@id":"https:\/\/zeromagazine.mx\/index.php\/2026\/04\/30\/moda-urbana-verano-limpia\/"},"wordCount":500,"commentCount":0,"publisher":{"@id":"https:\/\/zeromagazine.mx\/#organization"},"image":{"@id":"https:\/\/zeromagazine.mx\/index.php\/2026\/04\/30\/moda-urbana-verano-limpia\/#primaryimage"},"thumbnailUrl":"https:\/\/i0.wp.com\/zeromagazine.mx\/wp-content\/uploads\/2026\/04\/IMG_6753-scaled.jpeg?fit=1706%2C2560&ssl=1","articleSection":["Moda"],"inLanguage":"es","potentialAction":[{"@type":"CommentAction","name":"Comment","target":["https:\/\/zeromagazine.mx\/index.php\/2026\/04\/30\/moda-urbana-verano-limpia\/#respond"]}]},{"@type":"WebPage","@id":"https:\/\/zeromagazine.mx\/index.php\/2026\/04\/30\/moda-urbana-verano-limpia\/","url":"https:\/\/zeromagazine.mx\/index.php\/2026\/04\/30\/moda-urbana-verano-limpia\/","name":"Moda urbana verano limpia - Zero Magazine","isPartOf":{"@id":"https:\/\/zeromagazine.mx\/#website"},"primaryImageOfPage":{"@id":"https:\/\/zeromagazine.mx\/index.php\/2026\/04\/30\/moda-urbana-verano-limpia\/#primaryimage"},"image":{"@id":"https:\/\/zeromagazine.mx\/index.php\/2026\/04\/30\/moda-urbana-verano-limpia\/#primaryimage"},"thumbnailUrl":"https:\/\/i0.wp.com\/zeromagazine.mx\/wp-content\/uploads\/2026\/04\/IMG_6753-scaled.jpeg?fit=1706%2C2560&ssl=1","datePublished":"2026-05-01T04:59:20+00:00","dateModified":"2026-05-01T04:59:21+00:00","breadcrumb":{"@id":"https:\/\/zeromagazine.mx\/index.php\/2026\/04\/30\/moda-urbana-verano-limpia\/#breadcrumb"},"inLanguage":"es","potentialAction":[{"@type":"ReadAction","target":["https:\/\/zeromagazine.mx\/index.php\/2026\/04\/30\/moda-urbana-verano-limpia\/"]}]},{"@type":"ImageObject","inLanguage":"es","@id":"https:\/\/zeromagazine.mx\/index.php\/2026\/04\/30\/moda-urbana-verano-limpia\/#primaryimage","url":"https:\/\/i0.wp.com\/zeromagazine.mx\/wp-content\/uploads\/2026\/04\/IMG_6753-scaled.jpeg?fit=1706%2C2560&ssl=1","contentUrl":"https:\/\/i0.wp.com\/zeromagazine.mx\/wp-content\/uploads\/2026\/04\/IMG_6753-scaled.jpeg?fit=1706%2C2560&ssl=1","width":1706,"height":2560},{"@type":"BreadcrumbList","@id":"https:\/\/zeromagazine.mx\/index.php\/2026\/04\/30\/moda-urbana-verano-limpia\/#breadcrumb","itemListElement":[{"@type":"ListItem","position":1,"name":"Portada","item":"https:\/\/zeromagazine.mx\/"},{"@type":"ListItem","position":2,"name":"Moda urbana verano limpia"}]},{"@type":"WebSite","@id":"https:\/\/zeromagazine.mx\/#website","url":"https:\/\/zeromagazine.mx\/","name":"Zero Magazine","description":"","publisher":{"@id":"https:\/\/zeromagazine.mx\/#organization"},"potentialAction":[{"@type":"SearchAction","target":{"@type":"EntryPoint","urlTemplate":"https:\/\/zeromagazine.mx\/?s={search_term_string}"},"query-input":{"@type":"PropertyValueSpecification","valueRequired":true,"valueName":"search_term_string"}}],"inLanguage":"es"},{"@type":"Organization","@id":"https:\/\/zeromagazine.mx\/#organization","name":"Zero Magazine","url":"https:\/\/zeromagazine.mx\/","logo":{"@type":"ImageObject","inLanguage":"es","@id":"https:\/\/zeromagazine.mx\/#\/schema\/logo\/image\/","url":"https:\/\/i0.wp.com\/zeromagazine.mx\/wp-content\/uploads\/2025\/11\/1.jpeg?fit=1000%2C1000&ssl=1","contentUrl":"https:\/\/i0.wp.com\/zeromagazine.mx\/wp-content\/uploads\/2025\/11\/1.jpeg?fit=1000%2C1000&ssl=1","width":1000,"height":1000,"caption":"Zero Magazine"},"image":{"@id":"https:\/\/zeromagazine.mx\/#\/schema\/logo\/image\/"},"sameAs":["https:\/\/instagram.com\/zeromagazinemx"]},{"@type":"Person","@id":"https:\/\/zeromagazine.mx\/#\/schema\/person\/118d2dc27eca6f07b968c953d12daa6b","name":"Luis Trujano","image":{"@type":"ImageObject","inLanguage":"es","@id":"https:\/\/zeromagazine.mx\/wp-content\/litespeed\/avatar\/fbd9d1d6aa4d21e2bb5be8b3155046c9.jpg?ver=1777576316","url":"https:\/\/zeromagazine.mx\/wp-content\/litespeed\/avatar\/fbd9d1d6aa4d21e2bb5be8b3155046c9.jpg?ver=1777576316","contentUrl":"https:\/\/zeromagazine.mx\/wp-content\/litespeed\/avatar\/fbd9d1d6aa4d21e2bb5be8b3155046c9.jpg?ver=1777576316","caption":"Luis Trujano"},"url":"https:\/\/zeromagazine.mx\/index.php\/author\/luis-trujano\/"}]}},"jetpack_publicize_connections":[],"jetpack_featured_media_url":"https:\/\/i0.wp.com\/zeromagazine.mx\/wp-content\/uploads\/2026\/04\/IMG_6753-scaled.jpeg?fit=1706%2C2560&ssl=1","jetpack-related-posts":[{"id":118540,"url":"https:\/\/zeromagazine.mx\/index.php\/2026\/04\/15\/summer-masculino-cos-verano-2026\/","url_meta":{"origin":119867,"position":0},"title":"COS redefine el summer masculino (y s\u00ed, el leather ya es parte del calor)","author":"zeromagazinemx","date":"15 de abril de 2026","format":false,"excerpt":"El verano ya no se viste como antes El verano masculino est\u00e1 cambiando.Y no, no se trata solo de telas m\u00e1s ligeras o colores claros. Para Primavera\u2013Verano 2026, COS no propone \u201cropa de calor\u201d, propone algo m\u00e1s interesante:un uniforme que entiende c\u00f3mo vivimos el verano hoy m\u00e1s urbano, m\u00e1s m\u00f3vil,\u2026","rel":"","context":"En \u00abModa\u00bb","block_context":{"text":"Moda","link":"https:\/\/zeromagazine.mx\/index.php\/category\/moda\/"},"img":{"alt_text":"","src":"https:\/\/i0.wp.com\/zeromagazine.mx\/wp-content\/uploads\/2026\/04\/COS_SS26_DETAILS_05-scaled.jpg?fit=900%2C1200&ssl=1&resize=350%2C200","width":350,"height":200,"srcset":"https:\/\/i0.wp.com\/zeromagazine.mx\/wp-content\/uploads\/2026\/04\/COS_SS26_DETAILS_05-scaled.jpg?fit=900%2C1200&ssl=1&resize=350%2C200 1x, https:\/\/i0.wp.com\/zeromagazine.mx\/wp-content\/uploads\/2026\/04\/COS_SS26_DETAILS_05-scaled.jpg?fit=900%2C1200&ssl=1&resize=525%2C300 1.5x, https:\/\/i0.wp.com\/zeromagazine.mx\/wp-content\/uploads\/2026\/04\/COS_SS26_DETAILS_05-scaled.jpg?fit=900%2C1200&ssl=1&resize=700%2C400 2x"},"classes":[]},{"id":118936,"url":"https:\/\/zeromagazine.mx\/index.php\/2026\/04\/18\/champion-verano-outfits-2026\/","url_meta":{"origin":119867,"position":1},"title":"Champion verano outfits imprescindibles","author":"Luis Trujano","date":"18 de abril de 2026","format":false,"excerpt":"El calor ya est\u00e1 aqu\u00ed y con \u00e9l llega esa eterna pregunta: \u00bfc\u00f3mo vestirte cool sin derretirte en el intento? La respuesta est\u00e1 en los Champion verano outfits, que b\u00e1sicamente resumen todo lo que queremos usar cuando el clima sube: piezas ligeras, funcionales y con ese vibe sporty que nunca\u2026","rel":"","context":"En \u00abModa\u00bb","block_context":{"text":"Moda","link":"https:\/\/zeromagazine.mx\/index.php\/category\/moda\/"},"img":{"alt_text":"","src":"","width":0,"height":0},"classes":[]},{"id":118893,"url":"https:\/\/zeromagazine.mx\/index.php\/2026\/04\/18\/leather-verano-tendencia-cos-2026\/","url_meta":{"origin":119867,"position":2},"title":"Leather verano reinventa tu estilo","author":"Luis Trujano","date":"18 de abril de 2026","format":false,"excerpt":"El verano acaba de cambiar de reglas, y s\u00ed, el leather verano es el plot twist que nadie vio venir pero que ya estamos abrazando fuerte. Cuando pens\u00e1bamos que los meses de calor eran territorio exclusivo del lino y el algod\u00f3n, llega COS para recordarnos que la moda siempre encuentra\u2026","rel":"","context":"En \u00abModa\u00bb","block_context":{"text":"Moda","link":"https:\/\/zeromagazine.mx\/index.php\/category\/moda\/"},"img":{"alt_text":"","src":"https:\/\/i0.wp.com\/zeromagazine.mx\/wp-content\/uploads\/2026\/04\/IMG_6702.jpeg?fit=768%2C1152&ssl=1&resize=350%2C200","width":350,"height":200,"srcset":"https:\/\/i0.wp.com\/zeromagazine.mx\/wp-content\/uploads\/2026\/04\/IMG_6702.jpeg?fit=768%2C1152&ssl=1&resize=350%2C200 1x, https:\/\/i0.wp.com\/zeromagazine.mx\/wp-content\/uploads\/2026\/04\/IMG_6702.jpeg?fit=768%2C1152&ssl=1&resize=525%2C300 1.5x, https:\/\/i0.wp.com\/zeromagazine.mx\/wp-content\/uploads\/2026\/04\/IMG_6702.jpeg?fit=768%2C1152&ssl=1&resize=700%2C400 2x"},"classes":[]},{"id":117115,"url":"https:\/\/zeromagazine.mx\/index.php\/2026\/03\/21\/cos-seul-primavera-verano-2026\/","url_meta":{"origin":119867,"position":3},"title":"COS Se\u00fal: futuro en pasarela","author":"zeromagazinemx","date":"21 de marzo de 2026","format":false,"excerpt":"Si hay una ciudad que est\u00e1 marcando el ritmo creativo global, esa es Se\u00fal. Y justo ah\u00ed es donde COS decidi\u00f3 presentar su colecci\u00f3n Primavera\u2013Verano 2026. No es casualidad: es una jugada que conecta perfectamente con el momento cultural que estamos viviendo, donde Asia no solo inspira, sino lidera. COS\u2026","rel":"","context":"En \u00abModa\u00bb","block_context":{"text":"Moda","link":"https:\/\/zeromagazine.mx\/index.php\/category\/moda\/"},"img":{"alt_text":"","src":"https:\/\/i0.wp.com\/zeromagazine.mx\/wp-content\/uploads\/2026\/03\/CAMPAIGN_2.jpg?fit=608%2C1080&ssl=1&resize=350%2C200","width":350,"height":200,"srcset":"https:\/\/i0.wp.com\/zeromagazine.mx\/wp-content\/uploads\/2026\/03\/CAMPAIGN_2.jpg?fit=608%2C1080&ssl=1&resize=350%2C200 1x, https:\/\/i0.wp.com\/zeromagazine.mx\/wp-content\/uploads\/2026\/03\/CAMPAIGN_2.jpg?fit=608%2C1080&ssl=1&resize=525%2C300 1.5x"},"classes":[]},{"id":116063,"url":"https:\/\/zeromagazine.mx\/index.php\/2026\/02\/28\/cos-primavera-verano-2026-campana\/","url_meta":{"origin":119867,"position":4},"title":"COS Primavera-Verano 2026 impacta","author":"zeromagazinemx","date":"28 de febrero de 2026","format":false,"excerpt":"Hay campa\u00f1as que simplemente muestran ropa. Y luego est\u00e1 COS Primavera-Verano 2026, que b\u00e1sicamente convierte el minimalismo en una declaraci\u00f3n de car\u00e1cter. Esta temporada, COS no solo presenta prendas nuevas: presenta una actitud completa. Protagonizada por Alexander Skarsg\u00e5rd, Park Gyuyoung, Vittoria Ceretti y Taemin Park, la campa\u00f1a no se siente\u2026","rel":"","context":"En \u00abModa\u00bb","block_context":{"text":"Moda","link":"https:\/\/zeromagazine.mx\/index.php\/category\/moda\/"},"img":{"alt_text":"","src":"https:\/\/i0.wp.com\/zeromagazine.mx\/wp-content\/uploads\/2026\/02\/COS_SS26-CAMPAIGN_PARK_GYUYOUNG_05-scaled.jpg?fit=900%2C1200&ssl=1&resize=350%2C200","width":350,"height":200,"srcset":"https:\/\/i0.wp.com\/zeromagazine.mx\/wp-content\/uploads\/2026\/02\/COS_SS26-CAMPAIGN_PARK_GYUYOUNG_05-scaled.jpg?fit=900%2C1200&ssl=1&resize=350%2C200 1x, https:\/\/i0.wp.com\/zeromagazine.mx\/wp-content\/uploads\/2026\/02\/COS_SS26-CAMPAIGN_PARK_GYUYOUNG_05-scaled.jpg?fit=900%2C1200&ssl=1&resize=525%2C300 1.5x, https:\/\/i0.wp.com\/zeromagazine.mx\/wp-content\/uploads\/2026\/02\/COS_SS26-CAMPAIGN_PARK_GYUYOUNG_05-scaled.jpg?fit=900%2C1200&ssl=1&resize=700%2C400 2x"},"classes":[]},{"id":119574,"url":"https:\/\/zeromagazine.mx\/index.php\/2026\/04\/27\/summer-ready-timberland-verano-urbano\/","url_meta":{"origin":119867,"position":5},"title":"Summer Ready Timberland: verano urbano","author":"Luis Trujano","date":"27 de abril de 2026","format":false,"excerpt":"Si el verano en la ciudad tuviera uniforme, probablemente se ver\u00eda as\u00ed. Timberland acaba de soltar Summer Ready, una colecci\u00f3n que no intenta escapar al calor\u2026 lo abraza. Porque s\u00ed, no necesitas playa para sentir ese mood ligero: basta con caminar por la ciudad con las piezas correctas. Adem\u00e1s, este\u2026","rel":"","context":"En \u00abModa\u00bb","block_context":{"text":"Moda","link":"https:\/\/zeromagazine.mx\/index.php\/category\/moda\/"},"img":{"alt_text":"","src":"https:\/\/i0.wp.com\/zeromagazine.mx\/wp-content\/uploads\/2026\/04\/IMG_6730.png?fit=1022%2C1200&ssl=1&resize=350%2C200","width":350,"height":200,"srcset":"https:\/\/i0.wp.com\/zeromagazine.mx\/wp-content\/uploads\/2026\/04\/IMG_6730.png?fit=1022%2C1200&ssl=1&resize=350%2C200 1x, https:\/\/i0.wp.com\/zeromagazine.mx\/wp-content\/uploads\/2026\/04\/IMG_6730.png?fit=1022%2C1200&ssl=1&resize=525%2C300 1.5x, https:\/\/i0.wp.com\/zeromagazine.mx\/wp-content\/uploads\/2026\/04\/IMG_6730.png?fit=1022%2C1200&ssl=1&resize=700%2C400 2x"},"classes":[]}],"jetpack_sharing_enabled":true,"builder_content":"","_links":{"self":[{"href":"https:\/\/zeromagazine.mx\/index.php\/wp-json\/wp\/v2\/posts\/119867","targetHints":{"allow":["GET"]}}],"collection":[{"href":"https:\/\/zeromagazine.mx\/index.php\/wp-json\/wp\/v2\/posts"}],"about":[{"href":"https:\/\/zeromagazine.mx\/index.php\/wp-json\/wp\/v2\/types\/post"}],"author":[{"embeddable":true,"href":"https:\/\/zeromagazine.mx\/index.php\/wp-json\/wp\/v2\/users\/6"}],"replies":[{"embeddable":true,"href":"https:\/\/zeromagazine.mx\/index.php\/wp-json\/wp\/v2\/comments?post=119867"}],"version-history":[{"count":2,"href":"https:\/\/zeromagazine.mx\/index.php\/wp-json\/wp\/v2\/posts\/119867\/revisions"}],"predecessor-version":[{"id":119872,"href":"https:\/\/zeromagazine.mx\/index.php\/wp-json\/wp\/v2\/posts\/119867\/revisions\/119872"}],"wp:featuredmedia":[{"embeddable":true,"href":"https:\/\/zeromagazine.mx\/index.php\/wp-json\/wp\/v2\/media\/119870"}],"wp:attachment":[{"href":"https:\/\/zeromagazine.mx\/index.php\/wp-json\/wp\/v2\/media?parent=119867"}],"wp:term":[{"taxonomy":"category","embeddable":true,"href":"https:\/\/zeromagazine.mx\/index.php\/wp-json\/wp\/v2\/categories?post=119867"},{"taxonomy":"post_tag","embeddable":true,"href":"https:\/\/zeromagazine.mx\/index.php\/wp-json\/wp\/v2\/tags?post=119867"}],"curies":[{"name":"wp","href":"https:\/\/api.w.org\/{rel}","templated":true}]}}