{"id":119891,"date":"2026-05-01T11:15:46","date_gmt":"2026-05-01T17:15:46","guid":{"rendered":"https:\/\/zeromagazine.mx\/?p=119891"},"modified":"2026-05-01T11:15:47","modified_gmt":"2026-05-01T17:15:47","slug":"campana-valentino-memoria-pre-fall-2026","status":"publish","type":"post","link":"https:\/\/zeromagazine.mx\/index.php\/2026\/05\/01\/campana-valentino-memoria-pre-fall-2026\/","title":{"rendered":"Valentino ya no mira al pasado: lo reescribe"},"content":{"rendered":"\n<h2 class=\"wp-block-heading\">Sombr protagoniza una campa\u00f1a donde la memoria deja de ser nostalgia para convertirse en lenguaje<\/h2>\n\n\n\n<p>Hay campa\u00f1as que muestran ropa.<br>Y hay campa\u00f1as que intentan decir algo.<\/p>\n\n\n\n<p>La nueva propuesta Pre-Fall 2026 de Valentino, bajo la direcci\u00f3n creativa de Alessandro Michele, claramente pertenece a la segunda categor\u00eda: no busca presentar una colecci\u00f3n, sino construir una atm\u00f3sfera donde el tiempo, la identidad y la memoria se vuelven parte del discurso visual.<\/p>\n\n\n\n<p>Pero lo interesante no es el concepto.<br>Es lo que revela.<\/p>\n\n\n\n<h2 class=\"wp-block-heading\">El pasado ya no es referencia, es material<\/h2>\n\n\n\n<p>El escenario elegido el <em>Palazzo de Cy Twombly<\/em> en Italia no funciona como un simple fondo est\u00e9tico. Es una declaraci\u00f3n.<\/p>\n\n\n\n<p>Valentino retoma una historia que ya le pertenece: aquella sesi\u00f3n de 1968 donde su colecci\u00f3n blanca fue fotografiada en el universo \u00edntimo del artista. Pero en lugar de replicarla, la desplaza.<\/p>\n\n\n\n<p>Aqu\u00ed no hay nostalgia. Hay relectura.<\/p>\n\n\n\n<p>En un momento donde la moda vive obsesionada con el archivo, esta campa\u00f1a propone algo distinto: el pasado no como algo que se revive, sino como algo que se transforma. Una materia viva que se reinterpreta desde el presente.<\/p>\n\n\n\n<figure class=\"wp-block-image size-full\"><img data-recalc-dims=\"1\" decoding=\"async\" width=\"1165\" height=\"755\" src=\"https:\/\/i0.wp.com\/zeromagazine.mx\/wp-content\/uploads\/2026\/05\/unnamed-2-scaled.jpg?resize=1165%2C755&#038;ssl=1\" alt=\"\" class=\"wp-image-119892\" srcset=\"https:\/\/i0.wp.com\/zeromagazine.mx\/wp-content\/uploads\/2026\/05\/unnamed-2-scaled.jpg?w=2560&amp;ssl=1 2560w, https:\/\/i0.wp.com\/zeromagazine.mx\/wp-content\/uploads\/2026\/05\/unnamed-2-scaled.jpg?resize=300%2C194&amp;ssl=1 300w, https:\/\/i0.wp.com\/zeromagazine.mx\/wp-content\/uploads\/2026\/05\/unnamed-2-scaled.jpg?resize=1024%2C663&amp;ssl=1 1024w, https:\/\/i0.wp.com\/zeromagazine.mx\/wp-content\/uploads\/2026\/05\/unnamed-2-scaled.jpg?resize=768%2C497&amp;ssl=1 768w, https:\/\/i0.wp.com\/zeromagazine.mx\/wp-content\/uploads\/2026\/05\/unnamed-2-scaled.jpg?resize=1536%2C995&amp;ssl=1 1536w, https:\/\/i0.wp.com\/zeromagazine.mx\/wp-content\/uploads\/2026\/05\/unnamed-2-scaled.jpg?resize=2048%2C1326&amp;ssl=1 2048w, https:\/\/i0.wp.com\/zeromagazine.mx\/wp-content\/uploads\/2026\/05\/unnamed-2-scaled.jpg?w=2330 2330w\" sizes=\"(max-width: 1165px) 100vw, 1165px\" \/><\/figure>\n\n\n\n<h2 class=\"wp-block-heading\">Sombr no modela, interviene<\/h2>\n\n\n\n<p>La elecci\u00f3n de Sombr como figura central tampoco es casual.<\/p>\n\n\n\n<p>Su presencia rompe con la l\u00f3gica tradicional del fashion campaign: no posa, no adorna, no ilustra la ropa. Se mueve, tensiona el espacio, lo altera.<\/p>\n\n\n\n<p>Hay algo casi inc\u00f3modo en su energ\u00eda: cabello ind\u00f3mito, mirada esquiva, un cuerpo que nunca termina de asentarse. Y justo ah\u00ed est\u00e1 el punto.<\/p>\n\n\n\n<p>Porque esta campa\u00f1a no est\u00e1 interesada en la perfecci\u00f3n.<br>Est\u00e1 interesada en la fricci\u00f3n.<\/p>\n\n\n\n<p>Sombr no entra al palazzo: lo atraviesa.<br>Y en ese gesto, convierte el espacio en algo actual, inestable, vivo.<\/p>\n\n\n\n<figure class=\"wp-block-image size-full\"><img data-recalc-dims=\"1\" decoding=\"async\" width=\"1165\" height=\"1509\" src=\"https:\/\/i0.wp.com\/zeromagazine.mx\/wp-content\/uploads\/2026\/05\/unnamed-1-scaled.jpg?resize=1165%2C1509&#038;ssl=1\" alt=\"\" class=\"wp-image-119893\" srcset=\"https:\/\/i0.wp.com\/zeromagazine.mx\/wp-content\/uploads\/2026\/05\/unnamed-1-scaled.jpg?w=1976&amp;ssl=1 1976w, https:\/\/i0.wp.com\/zeromagazine.mx\/wp-content\/uploads\/2026\/05\/unnamed-1-scaled.jpg?resize=232%2C300&amp;ssl=1 232w, https:\/\/i0.wp.com\/zeromagazine.mx\/wp-content\/uploads\/2026\/05\/unnamed-1-scaled.jpg?resize=790%2C1024&amp;ssl=1 790w, https:\/\/i0.wp.com\/zeromagazine.mx\/wp-content\/uploads\/2026\/05\/unnamed-1-scaled.jpg?resize=768%2C995&amp;ssl=1 768w, https:\/\/i0.wp.com\/zeromagazine.mx\/wp-content\/uploads\/2026\/05\/unnamed-1-scaled.jpg?resize=1186%2C1536&amp;ssl=1 1186w, https:\/\/i0.wp.com\/zeromagazine.mx\/wp-content\/uploads\/2026\/05\/unnamed-1-scaled.jpg?resize=1581%2C2048&amp;ssl=1 1581w\" sizes=\"(max-width: 1165px) 100vw, 1165px\" \/><\/figure>\n\n\n\n<h2 class=\"wp-block-heading\">Moda como estado emocional, no como imagen<\/h2>\n\n\n\n<p>El video que acompa\u00f1a la campa\u00f1a termina de cerrar la idea: no hay narrativa lineal, no hay resoluci\u00f3n clara. Solo fragmentos, di\u00e1logos extra\u00f1os, momentos suspendidos.<\/p>\n\n\n\n<p>Esto no es storytelling tradicional.<br>Es experiencia.<\/p>\n\n\n\n<p>Y eso conecta directamente con c\u00f3mo hoy se consume y se entiende la moda: ya no como aspiraci\u00f3n perfecta, sino como un espacio donde caben la duda, la ambig\u00fcedad y la identidad en construcci\u00f3n.<\/p>\n\n\n\n<figure class=\"wp-block-image size-full\"><img data-recalc-dims=\"1\" decoding=\"async\" width=\"1165\" height=\"1509\" src=\"https:\/\/i0.wp.com\/zeromagazine.mx\/wp-content\/uploads\/2026\/05\/unnamed-scaled.jpg?resize=1165%2C1509&#038;ssl=1\" alt=\"\" class=\"wp-image-119894\" srcset=\"https:\/\/i0.wp.com\/zeromagazine.mx\/wp-content\/uploads\/2026\/05\/unnamed-scaled.jpg?w=1976&amp;ssl=1 1976w, https:\/\/i0.wp.com\/zeromagazine.mx\/wp-content\/uploads\/2026\/05\/unnamed-scaled.jpg?resize=232%2C300&amp;ssl=1 232w, https:\/\/i0.wp.com\/zeromagazine.mx\/wp-content\/uploads\/2026\/05\/unnamed-scaled.jpg?resize=790%2C1024&amp;ssl=1 790w, https:\/\/i0.wp.com\/zeromagazine.mx\/wp-content\/uploads\/2026\/05\/unnamed-scaled.jpg?resize=768%2C995&amp;ssl=1 768w, https:\/\/i0.wp.com\/zeromagazine.mx\/wp-content\/uploads\/2026\/05\/unnamed-scaled.jpg?resize=1186%2C1536&amp;ssl=1 1186w, https:\/\/i0.wp.com\/zeromagazine.mx\/wp-content\/uploads\/2026\/05\/unnamed-scaled.jpg?resize=1581%2C2048&amp;ssl=1 1581w\" sizes=\"(max-width: 1165px) 100vw, 1165px\" \/><\/figure>\n\n\n\n<h2 class=\"wp-block-heading\">Lo que realmente est\u00e1 diciendo Valentino<\/h2>\n\n\n\n<p>M\u00e1s all\u00e1 de la est\u00e9tica, esta campa\u00f1a deja algo claro:<\/p>\n\n\n\n<p>La moda ya no necesita explicar qui\u00e9n eres.<br>Puede simplemente sostener la pregunta.<\/p>\n\n\n\n<p>En un contexto donde todo busca definirse, etiquetarse y volverse entendible, Valentino propone lo contrario: existir en el umbral, en lo que no termina de resolverse.<\/p>\n\n\n\n<p>Y quiz\u00e1s ah\u00ed est\u00e1 su mayor acierto.<\/p>\n\n\n\n<p>Porque hoy, m\u00e1s que certezas, lo que define a una generaci\u00f3n es justamente eso:<br>la sensaci\u00f3n de estar en proceso.<\/p>\n<!--themify_builder_content-->\n<div id=\"themify_builder_content-119891\" data-postid=\"119891\" class=\"themify_builder_content themify_builder_content-119891 themify_builder tf_clear\">\n    <\/div>\n<!--\/themify_builder_content-->\n","protected":false},"excerpt":{"rendered":"<p>Sombr protagoniza una campa\u00f1a donde la memoria deja de ser nostalgia para convertirse en lenguaje Hay campa\u00f1as que muestran ropa.Y hay campa\u00f1as que intentan decir algo. La nueva propuesta Pre-Fall 2026 de Valentino, bajo la direcci\u00f3n creativa de Alessandro Michele, claramente pertenece a la segunda categor\u00eda: no busca presentar una colecci\u00f3n, sino construir una atm\u00f3sfera [&hellip;]<\/p>\n","protected":false},"author":2,"featured_media":119893,"comment_status":"open","ping_status":"open","sticky":false,"template":"","format":"standard","meta":{"_jetpack_memberships_contains_paid_content":false,"footnotes":"","jetpack_publicize_message":"","jetpack_publicize_feature_enabled":true,"jetpack_social_post_already_shared":true,"jetpack_social_options":{"image_generator_settings":{"template":"highway","default_image_id":0,"font":"","enabled":false},"version":2}},"categories":[67],"tags":[],"class_list":["post-119891","post","type-post","status-publish","format-standard","has-post-thumbnail","hentry","category-moda","has-post-title","has-post-date","has-post-category","has-post-tag","has-post-comment","has-post-author",""],"yoast_head":"<!-- This site is optimized with the Yoast SEO plugin v27.5 - https:\/\/yoast.com\/product\/yoast-seo-wordpress\/ -->\n<title>Valentino ya no mira al pasado: lo reescribe - Zero Magazine<\/title>\n<meta name=\"description\" content=\"campa\u00f1a Valentino memoria redefine la moda con Sombr y Alessandro Michele en una propuesta emocional y sin reglas.\" \/>\n<meta name=\"robots\" content=\"index, follow, max-snippet:-1, max-image-preview:large, max-video-preview:-1\" \/>\n<link rel=\"canonical\" href=\"https:\/\/zeromagazine.mx\/index.php\/2026\/05\/01\/campana-valentino-memoria-pre-fall-2026\/\" \/>\n<meta property=\"og:locale\" content=\"es_ES\" \/>\n<meta property=\"og:type\" content=\"article\" \/>\n<meta property=\"og:title\" content=\"Valentino ya no mira al pasado: lo reescribe - Zero Magazine\" \/>\n<meta property=\"og:description\" content=\"campa\u00f1a Valentino memoria redefine la moda con Sombr y Alessandro Michele en una propuesta emocional y sin reglas.\" \/>\n<meta property=\"og:url\" content=\"https:\/\/zeromagazine.mx\/index.php\/2026\/05\/01\/campana-valentino-memoria-pre-fall-2026\/\" \/>\n<meta property=\"og:site_name\" content=\"Zero Magazine\" \/>\n<meta property=\"article:published_time\" content=\"2026-05-01T17:15:46+00:00\" \/>\n<meta property=\"article:modified_time\" content=\"2026-05-01T17:15:47+00:00\" \/>\n<meta property=\"og:image\" content=\"http:\/\/zeromagazine.mx\/wp-content\/uploads\/2026\/05\/unnamed-1-scaled.jpg\" \/>\n\t<meta property=\"og:image:width\" content=\"1976\" \/>\n\t<meta property=\"og:image:height\" content=\"2560\" \/>\n\t<meta property=\"og:image:type\" content=\"image\/jpeg\" \/>\n<meta name=\"author\" content=\"zeromagazinemx\" \/>\n<meta name=\"twitter:card\" content=\"summary_large_image\" \/>\n<meta name=\"twitter:label1\" content=\"Escrito por\" \/>\n\t<meta name=\"twitter:data1\" content=\"zeromagazinemx\" \/>\n\t<meta name=\"twitter:label2\" content=\"Tiempo de lectura\" \/>\n\t<meta name=\"twitter:data2\" content=\"3 minutos\" \/>\n<script type=\"application\/ld+json\" class=\"yoast-schema-graph\">{\"@context\":\"https:\\\/\\\/schema.org\",\"@graph\":[{\"@type\":\"Article\",\"@id\":\"https:\\\/\\\/zeromagazine.mx\\\/index.php\\\/2026\\\/05\\\/01\\\/campana-valentino-memoria-pre-fall-2026\\\/#article\",\"isPartOf\":{\"@id\":\"https:\\\/\\\/zeromagazine.mx\\\/index.php\\\/2026\\\/05\\\/01\\\/campana-valentino-memoria-pre-fall-2026\\\/\"},\"author\":{\"name\":\"zeromagazinemx\",\"@id\":\"https:\\\/\\\/zeromagazine.mx\\\/#\\\/schema\\\/person\\\/9aed9f33a7c39af3a348b86d723f7773\"},\"headline\":\"Valentino ya no mira al pasado: lo reescribe\",\"datePublished\":\"2026-05-01T17:15:46+00:00\",\"dateModified\":\"2026-05-01T17:15:47+00:00\",\"mainEntityOfPage\":{\"@id\":\"https:\\\/\\\/zeromagazine.mx\\\/index.php\\\/2026\\\/05\\\/01\\\/campana-valentino-memoria-pre-fall-2026\\\/\"},\"wordCount\":479,\"commentCount\":0,\"publisher\":{\"@id\":\"https:\\\/\\\/zeromagazine.mx\\\/#organization\"},\"image\":{\"@id\":\"https:\\\/\\\/zeromagazine.mx\\\/index.php\\\/2026\\\/05\\\/01\\\/campana-valentino-memoria-pre-fall-2026\\\/#primaryimage\"},\"thumbnailUrl\":\"https:\\\/\\\/i0.wp.com\\\/zeromagazine.mx\\\/wp-content\\\/uploads\\\/2026\\\/05\\\/unnamed-1-scaled.jpg?fit=1976%2C2560&ssl=1\",\"articleSection\":[\"Moda\"],\"inLanguage\":\"es\",\"potentialAction\":[{\"@type\":\"CommentAction\",\"name\":\"Comment\",\"target\":[\"https:\\\/\\\/zeromagazine.mx\\\/index.php\\\/2026\\\/05\\\/01\\\/campana-valentino-memoria-pre-fall-2026\\\/#respond\"]}]},{\"@type\":\"WebPage\",\"@id\":\"https:\\\/\\\/zeromagazine.mx\\\/index.php\\\/2026\\\/05\\\/01\\\/campana-valentino-memoria-pre-fall-2026\\\/\",\"url\":\"https:\\\/\\\/zeromagazine.mx\\\/index.php\\\/2026\\\/05\\\/01\\\/campana-valentino-memoria-pre-fall-2026\\\/\",\"name\":\"Valentino ya no mira al pasado: lo reescribe - Zero Magazine\",\"isPartOf\":{\"@id\":\"https:\\\/\\\/zeromagazine.mx\\\/#website\"},\"primaryImageOfPage\":{\"@id\":\"https:\\\/\\\/zeromagazine.mx\\\/index.php\\\/2026\\\/05\\\/01\\\/campana-valentino-memoria-pre-fall-2026\\\/#primaryimage\"},\"image\":{\"@id\":\"https:\\\/\\\/zeromagazine.mx\\\/index.php\\\/2026\\\/05\\\/01\\\/campana-valentino-memoria-pre-fall-2026\\\/#primaryimage\"},\"thumbnailUrl\":\"https:\\\/\\\/i0.wp.com\\\/zeromagazine.mx\\\/wp-content\\\/uploads\\\/2026\\\/05\\\/unnamed-1-scaled.jpg?fit=1976%2C2560&ssl=1\",\"datePublished\":\"2026-05-01T17:15:46+00:00\",\"dateModified\":\"2026-05-01T17:15:47+00:00\",\"description\":\"campa\u00f1a Valentino memoria redefine la moda con Sombr y Alessandro Michele en una propuesta emocional y sin reglas.\",\"breadcrumb\":{\"@id\":\"https:\\\/\\\/zeromagazine.mx\\\/index.php\\\/2026\\\/05\\\/01\\\/campana-valentino-memoria-pre-fall-2026\\\/#breadcrumb\"},\"inLanguage\":\"es\",\"potentialAction\":[{\"@type\":\"ReadAction\",\"target\":[\"https:\\\/\\\/zeromagazine.mx\\\/index.php\\\/2026\\\/05\\\/01\\\/campana-valentino-memoria-pre-fall-2026\\\/\"]}]},{\"@type\":\"ImageObject\",\"inLanguage\":\"es\",\"@id\":\"https:\\\/\\\/zeromagazine.mx\\\/index.php\\\/2026\\\/05\\\/01\\\/campana-valentino-memoria-pre-fall-2026\\\/#primaryimage\",\"url\":\"https:\\\/\\\/i0.wp.com\\\/zeromagazine.mx\\\/wp-content\\\/uploads\\\/2026\\\/05\\\/unnamed-1-scaled.jpg?fit=1976%2C2560&ssl=1\",\"contentUrl\":\"https:\\\/\\\/i0.wp.com\\\/zeromagazine.mx\\\/wp-content\\\/uploads\\\/2026\\\/05\\\/unnamed-1-scaled.jpg?fit=1976%2C2560&ssl=1\",\"width\":1976,\"height\":2560},{\"@type\":\"BreadcrumbList\",\"@id\":\"https:\\\/\\\/zeromagazine.mx\\\/index.php\\\/2026\\\/05\\\/01\\\/campana-valentino-memoria-pre-fall-2026\\\/#breadcrumb\",\"itemListElement\":[{\"@type\":\"ListItem\",\"position\":1,\"name\":\"Portada\",\"item\":\"https:\\\/\\\/zeromagazine.mx\\\/\"},{\"@type\":\"ListItem\",\"position\":2,\"name\":\"Valentino ya no mira al pasado: lo reescribe\"}]},{\"@type\":\"WebSite\",\"@id\":\"https:\\\/\\\/zeromagazine.mx\\\/#website\",\"url\":\"https:\\\/\\\/zeromagazine.mx\\\/\",\"name\":\"Zero Magazine\",\"description\":\"\",\"publisher\":{\"@id\":\"https:\\\/\\\/zeromagazine.mx\\\/#organization\"},\"potentialAction\":[{\"@type\":\"SearchAction\",\"target\":{\"@type\":\"EntryPoint\",\"urlTemplate\":\"https:\\\/\\\/zeromagazine.mx\\\/?s={search_term_string}\"},\"query-input\":{\"@type\":\"PropertyValueSpecification\",\"valueRequired\":true,\"valueName\":\"search_term_string\"}}],\"inLanguage\":\"es\"},{\"@type\":\"Organization\",\"@id\":\"https:\\\/\\\/zeromagazine.mx\\\/#organization\",\"name\":\"Zero Magazine\",\"url\":\"https:\\\/\\\/zeromagazine.mx\\\/\",\"logo\":{\"@type\":\"ImageObject\",\"inLanguage\":\"es\",\"@id\":\"https:\\\/\\\/zeromagazine.mx\\\/#\\\/schema\\\/logo\\\/image\\\/\",\"url\":\"https:\\\/\\\/i0.wp.com\\\/zeromagazine.mx\\\/wp-content\\\/uploads\\\/2025\\\/11\\\/1.jpeg?fit=1000%2C1000&ssl=1\",\"contentUrl\":\"https:\\\/\\\/i0.wp.com\\\/zeromagazine.mx\\\/wp-content\\\/uploads\\\/2025\\\/11\\\/1.jpeg?fit=1000%2C1000&ssl=1\",\"width\":1000,\"height\":1000,\"caption\":\"Zero Magazine\"},\"image\":{\"@id\":\"https:\\\/\\\/zeromagazine.mx\\\/#\\\/schema\\\/logo\\\/image\\\/\"},\"sameAs\":[\"https:\\\/\\\/instagram.com\\\/zeromagazinemx\"]},{\"@type\":\"Person\",\"@id\":\"https:\\\/\\\/zeromagazine.mx\\\/#\\\/schema\\\/person\\\/9aed9f33a7c39af3a348b86d723f7773\",\"name\":\"zeromagazinemx\",\"image\":{\"@type\":\"ImageObject\",\"inLanguage\":\"es\",\"@id\":\"https:\\\/\\\/zeromagazine.mx\\\/wp-content\\\/litespeed\\\/avatar\\\/f91dfe5410d5dcb1a576bf8c45983896.jpg?ver=1777571230\",\"url\":\"https:\\\/\\\/zeromagazine.mx\\\/wp-content\\\/litespeed\\\/avatar\\\/f91dfe5410d5dcb1a576bf8c45983896.jpg?ver=1777571230\",\"contentUrl\":\"https:\\\/\\\/zeromagazine.mx\\\/wp-content\\\/litespeed\\\/avatar\\\/f91dfe5410d5dcb1a576bf8c45983896.jpg?ver=1777571230\",\"caption\":\"zeromagazinemx\"},\"url\":\"https:\\\/\\\/zeromagazine.mx\\\/index.php\\\/author\\\/zeromagazinemx\\\/\"}]}<\/script>\n<!-- \/ Yoast SEO plugin. -->","yoast_head_json":{"title":"Valentino ya no mira al pasado: lo reescribe - Zero Magazine","description":"campa\u00f1a Valentino memoria redefine la moda con Sombr y Alessandro Michele en una propuesta emocional y sin reglas.","robots":{"index":"index","follow":"follow","max-snippet":"max-snippet:-1","max-image-preview":"max-image-preview:large","max-video-preview":"max-video-preview:-1"},"canonical":"https:\/\/zeromagazine.mx\/index.php\/2026\/05\/01\/campana-valentino-memoria-pre-fall-2026\/","og_locale":"es_ES","og_type":"article","og_title":"Valentino ya no mira al pasado: lo reescribe - Zero Magazine","og_description":"campa\u00f1a Valentino memoria redefine la moda con Sombr y Alessandro Michele en una propuesta emocional y sin reglas.","og_url":"https:\/\/zeromagazine.mx\/index.php\/2026\/05\/01\/campana-valentino-memoria-pre-fall-2026\/","og_site_name":"Zero Magazine","article_published_time":"2026-05-01T17:15:46+00:00","article_modified_time":"2026-05-01T17:15:47+00:00","og_image":[{"width":1976,"height":2560,"url":"http:\/\/zeromagazine.mx\/wp-content\/uploads\/2026\/05\/unnamed-1-scaled.jpg","type":"image\/jpeg"}],"author":"zeromagazinemx","twitter_card":"summary_large_image","twitter_misc":{"Escrito por":"zeromagazinemx","Tiempo de lectura":"3 minutos"},"schema":{"@context":"https:\/\/schema.org","@graph":[{"@type":"Article","@id":"https:\/\/zeromagazine.mx\/index.php\/2026\/05\/01\/campana-valentino-memoria-pre-fall-2026\/#article","isPartOf":{"@id":"https:\/\/zeromagazine.mx\/index.php\/2026\/05\/01\/campana-valentino-memoria-pre-fall-2026\/"},"author":{"name":"zeromagazinemx","@id":"https:\/\/zeromagazine.mx\/#\/schema\/person\/9aed9f33a7c39af3a348b86d723f7773"},"headline":"Valentino ya no mira al pasado: lo reescribe","datePublished":"2026-05-01T17:15:46+00:00","dateModified":"2026-05-01T17:15:47+00:00","mainEntityOfPage":{"@id":"https:\/\/zeromagazine.mx\/index.php\/2026\/05\/01\/campana-valentino-memoria-pre-fall-2026\/"},"wordCount":479,"commentCount":0,"publisher":{"@id":"https:\/\/zeromagazine.mx\/#organization"},"image":{"@id":"https:\/\/zeromagazine.mx\/index.php\/2026\/05\/01\/campana-valentino-memoria-pre-fall-2026\/#primaryimage"},"thumbnailUrl":"https:\/\/i0.wp.com\/zeromagazine.mx\/wp-content\/uploads\/2026\/05\/unnamed-1-scaled.jpg?fit=1976%2C2560&ssl=1","articleSection":["Moda"],"inLanguage":"es","potentialAction":[{"@type":"CommentAction","name":"Comment","target":["https:\/\/zeromagazine.mx\/index.php\/2026\/05\/01\/campana-valentino-memoria-pre-fall-2026\/#respond"]}]},{"@type":"WebPage","@id":"https:\/\/zeromagazine.mx\/index.php\/2026\/05\/01\/campana-valentino-memoria-pre-fall-2026\/","url":"https:\/\/zeromagazine.mx\/index.php\/2026\/05\/01\/campana-valentino-memoria-pre-fall-2026\/","name":"Valentino ya no mira al pasado: lo reescribe - Zero Magazine","isPartOf":{"@id":"https:\/\/zeromagazine.mx\/#website"},"primaryImageOfPage":{"@id":"https:\/\/zeromagazine.mx\/index.php\/2026\/05\/01\/campana-valentino-memoria-pre-fall-2026\/#primaryimage"},"image":{"@id":"https:\/\/zeromagazine.mx\/index.php\/2026\/05\/01\/campana-valentino-memoria-pre-fall-2026\/#primaryimage"},"thumbnailUrl":"https:\/\/i0.wp.com\/zeromagazine.mx\/wp-content\/uploads\/2026\/05\/unnamed-1-scaled.jpg?fit=1976%2C2560&ssl=1","datePublished":"2026-05-01T17:15:46+00:00","dateModified":"2026-05-01T17:15:47+00:00","description":"campa\u00f1a Valentino memoria redefine la moda con Sombr y Alessandro Michele en una propuesta emocional y sin reglas.","breadcrumb":{"@id":"https:\/\/zeromagazine.mx\/index.php\/2026\/05\/01\/campana-valentino-memoria-pre-fall-2026\/#breadcrumb"},"inLanguage":"es","potentialAction":[{"@type":"ReadAction","target":["https:\/\/zeromagazine.mx\/index.php\/2026\/05\/01\/campana-valentino-memoria-pre-fall-2026\/"]}]},{"@type":"ImageObject","inLanguage":"es","@id":"https:\/\/zeromagazine.mx\/index.php\/2026\/05\/01\/campana-valentino-memoria-pre-fall-2026\/#primaryimage","url":"https:\/\/i0.wp.com\/zeromagazine.mx\/wp-content\/uploads\/2026\/05\/unnamed-1-scaled.jpg?fit=1976%2C2560&ssl=1","contentUrl":"https:\/\/i0.wp.com\/zeromagazine.mx\/wp-content\/uploads\/2026\/05\/unnamed-1-scaled.jpg?fit=1976%2C2560&ssl=1","width":1976,"height":2560},{"@type":"BreadcrumbList","@id":"https:\/\/zeromagazine.mx\/index.php\/2026\/05\/01\/campana-valentino-memoria-pre-fall-2026\/#breadcrumb","itemListElement":[{"@type":"ListItem","position":1,"name":"Portada","item":"https:\/\/zeromagazine.mx\/"},{"@type":"ListItem","position":2,"name":"Valentino ya no mira al pasado: lo reescribe"}]},{"@type":"WebSite","@id":"https:\/\/zeromagazine.mx\/#website","url":"https:\/\/zeromagazine.mx\/","name":"Zero Magazine","description":"","publisher":{"@id":"https:\/\/zeromagazine.mx\/#organization"},"potentialAction":[{"@type":"SearchAction","target":{"@type":"EntryPoint","urlTemplate":"https:\/\/zeromagazine.mx\/?s={search_term_string}"},"query-input":{"@type":"PropertyValueSpecification","valueRequired":true,"valueName":"search_term_string"}}],"inLanguage":"es"},{"@type":"Organization","@id":"https:\/\/zeromagazine.mx\/#organization","name":"Zero Magazine","url":"https:\/\/zeromagazine.mx\/","logo":{"@type":"ImageObject","inLanguage":"es","@id":"https:\/\/zeromagazine.mx\/#\/schema\/logo\/image\/","url":"https:\/\/i0.wp.com\/zeromagazine.mx\/wp-content\/uploads\/2025\/11\/1.jpeg?fit=1000%2C1000&ssl=1","contentUrl":"https:\/\/i0.wp.com\/zeromagazine.mx\/wp-content\/uploads\/2025\/11\/1.jpeg?fit=1000%2C1000&ssl=1","width":1000,"height":1000,"caption":"Zero Magazine"},"image":{"@id":"https:\/\/zeromagazine.mx\/#\/schema\/logo\/image\/"},"sameAs":["https:\/\/instagram.com\/zeromagazinemx"]},{"@type":"Person","@id":"https:\/\/zeromagazine.mx\/#\/schema\/person\/9aed9f33a7c39af3a348b86d723f7773","name":"zeromagazinemx","image":{"@type":"ImageObject","inLanguage":"es","@id":"https:\/\/zeromagazine.mx\/wp-content\/litespeed\/avatar\/f91dfe5410d5dcb1a576bf8c45983896.jpg?ver=1777571230","url":"https:\/\/zeromagazine.mx\/wp-content\/litespeed\/avatar\/f91dfe5410d5dcb1a576bf8c45983896.jpg?ver=1777571230","contentUrl":"https:\/\/zeromagazine.mx\/wp-content\/litespeed\/avatar\/f91dfe5410d5dcb1a576bf8c45983896.jpg?ver=1777571230","caption":"zeromagazinemx"},"url":"https:\/\/zeromagazine.mx\/index.php\/author\/zeromagazinemx\/"}]}},"jetpack_publicize_connections":[],"jetpack_featured_media_url":"https:\/\/i0.wp.com\/zeromagazine.mx\/wp-content\/uploads\/2026\/05\/unnamed-1-scaled.jpg?fit=1976%2C2560&ssl=1","jetpack-related-posts":[{"id":70850,"url":"https:\/\/zeromagazine.mx\/index.php\/2024\/02\/19\/la-nueva-campana-lecole-de-valentino-garavani\/","url_meta":{"origin":119891,"position":0},"title":"La Nueva Campa\u00f1a L&#8217;\u00c9COLE de Valentino Garavani","author":"zeromagazinemx","date":"19 de febrero de 2024","format":false,"excerpt":"Hoy quiero compartirles sobre algo fascinante: la \u00faltima campa\u00f1a publicitaria de Valentino, que est\u00e1 rompiendo esquemas y mostrando la verdadera diversidad y energ\u00eda de la ciudad de Nueva York. As\u00ed que prep\u00e1rense para sumergirse en este mundo de moda y expresi\u00f3n. Imag\u00ednense este escenario: en lo alto de los rascacielos\u2026","rel":"","context":"En \u00abBlog\u00bb","block_context":{"text":"Blog","link":"https:\/\/zeromagazine.mx\/index.php\/category\/blog\/"},"img":{"alt_text":"","src":"https:\/\/i0.wp.com\/zeromagazine.mx\/wp-content\/uploads\/2024\/02\/Valentino.png?fit=927%2C1200&ssl=1&resize=350%2C200","width":350,"height":200,"srcset":"https:\/\/i0.wp.com\/zeromagazine.mx\/wp-content\/uploads\/2024\/02\/Valentino.png?fit=927%2C1200&ssl=1&resize=350%2C200 1x, https:\/\/i0.wp.com\/zeromagazine.mx\/wp-content\/uploads\/2024\/02\/Valentino.png?fit=927%2C1200&ssl=1&resize=525%2C300 1.5x, https:\/\/i0.wp.com\/zeromagazine.mx\/wp-content\/uploads\/2024\/02\/Valentino.png?fit=927%2C1200&ssl=1&resize=700%2C400 2x"},"classes":[]},{"id":95754,"url":"https:\/\/zeromagazine.mx\/index.php\/2025\/02\/07\/thupe-valentine-amor-en-tus-manos\/","url_meta":{"origin":119891,"position":1},"title":"Thupe Valentine: Amor en tus Manos","author":"David Morales","date":"7 de febrero de 2025","format":false,"excerpt":"Bolsas Thupe que Enamoran El amor est\u00e1 en el aire y tambi\u00e9n en los accesorios que llevamos con nosotres. Este 1 de febrero, Thupe nos sorprendi\u00f3 con su primera colecci\u00f3n unisex, pensada para quienes amamos la moda sin etiquetas. Amix, si a\u00fan no encuentran el regalo perfecto para San Valent\u00edn,\u2026","rel":"","context":"En \u00abModa\u00bb","block_context":{"text":"Moda","link":"https:\/\/zeromagazine.mx\/index.php\/category\/moda\/"},"img":{"alt_text":"","src":"https:\/\/i0.wp.com\/zeromagazine.mx\/wp-content\/uploads\/2025\/02\/004-scaled.jpg?fit=798%2C1200&ssl=1&resize=350%2C200","width":350,"height":200,"srcset":"https:\/\/i0.wp.com\/zeromagazine.mx\/wp-content\/uploads\/2025\/02\/004-scaled.jpg?fit=798%2C1200&ssl=1&resize=350%2C200 1x, https:\/\/i0.wp.com\/zeromagazine.mx\/wp-content\/uploads\/2025\/02\/004-scaled.jpg?fit=798%2C1200&ssl=1&resize=525%2C300 1.5x, https:\/\/i0.wp.com\/zeromagazine.mx\/wp-content\/uploads\/2025\/02\/004-scaled.jpg?fit=798%2C1200&ssl=1&resize=700%2C400 2x"},"classes":[]},{"id":110869,"url":"https:\/\/zeromagazine.mx\/index.php\/2025\/11\/19\/valentino-nocturne-campana-cruise-2026\/","url_meta":{"origin":119891,"position":2},"title":"Valentino Nocturne y el nuevo sue\u00f1o de la moda","author":"zeromagazinemx","date":"19 de noviembre de 2025","format":false,"excerpt":"Cuando una casa como Valentino decide cambiar el ritmo del mundo por unos segundos, el resultado es Valentino Nocturne, una campa\u00f1a que parece flotar entre el sue\u00f1o y la realidad. Alessandro Michele convierte la noche en un espacio donde las emociones respiran lento, donde cada gesto se vuelve ritual y\u2026","rel":"","context":"En \u00abModa\u00bb","block_context":{"text":"Moda","link":"https:\/\/zeromagazine.mx\/index.php\/category\/moda\/"},"img":{"alt_text":"","src":"https:\/\/i0.wp.com\/zeromagazine.mx\/wp-content\/uploads\/2025\/11\/1000040685-scaled.jpg?fit=1200%2C777&ssl=1&resize=350%2C200","width":350,"height":200,"srcset":"https:\/\/i0.wp.com\/zeromagazine.mx\/wp-content\/uploads\/2025\/11\/1000040685-scaled.jpg?fit=1200%2C777&ssl=1&resize=350%2C200 1x, https:\/\/i0.wp.com\/zeromagazine.mx\/wp-content\/uploads\/2025\/11\/1000040685-scaled.jpg?fit=1200%2C777&ssl=1&resize=525%2C300 1.5x, https:\/\/i0.wp.com\/zeromagazine.mx\/wp-content\/uploads\/2025\/11\/1000040685-scaled.jpg?fit=1200%2C777&ssl=1&resize=700%2C400 2x, https:\/\/i0.wp.com\/zeromagazine.mx\/wp-content\/uploads\/2025\/11\/1000040685-scaled.jpg?fit=1200%2C777&ssl=1&resize=1050%2C600 3x"},"classes":[]},{"id":95949,"url":"https:\/\/zeromagazine.mx\/index.php\/2025\/02\/08\/be-love-la-nueva-coleccion-de-pandora\/","url_meta":{"origin":119891,"position":3},"title":"Be Love: Joyer\u00eda con Significado","author":"David Morales","date":"8 de febrero de 2025","format":false,"excerpt":"El 14 de febrero est\u00e1 a la vuelta de la esquina, y si a\u00fan no sabes qu\u00e9 regalar (o qu\u00e9 autoregalarte, porque el amor propio tambi\u00e9n cuenta), Pandora acaba de lanzar su nueva campa\u00f1a Be Love. Lo cool de esta colecci\u00f3n es que no solo se trata de joyer\u00eda bonita,\u2026","rel":"","context":"En \u00abModa\u00bb","block_context":{"text":"Moda","link":"https:\/\/zeromagazine.mx\/index.php\/category\/moda\/"},"img":{"alt_text":"","src":"https:\/\/i0.wp.com\/zeromagazine.mx\/wp-content\/uploads\/2025\/02\/IMG_3488-scaled.jpeg?fit=1200%2C1200&ssl=1&resize=350%2C200","width":350,"height":200,"srcset":"https:\/\/i0.wp.com\/zeromagazine.mx\/wp-content\/uploads\/2025\/02\/IMG_3488-scaled.jpeg?fit=1200%2C1200&ssl=1&resize=350%2C200 1x, https:\/\/i0.wp.com\/zeromagazine.mx\/wp-content\/uploads\/2025\/02\/IMG_3488-scaled.jpeg?fit=1200%2C1200&ssl=1&resize=525%2C300 1.5x, https:\/\/i0.wp.com\/zeromagazine.mx\/wp-content\/uploads\/2025\/02\/IMG_3488-scaled.jpeg?fit=1200%2C1200&ssl=1&resize=700%2C400 2x, https:\/\/i0.wp.com\/zeromagazine.mx\/wp-content\/uploads\/2025\/02\/IMG_3488-scaled.jpeg?fit=1200%2C1200&ssl=1&resize=1050%2C600 3x"},"classes":[]},{"id":115266,"url":"https:\/\/zeromagazine.mx\/index.php\/2026\/02\/12\/valentino-fireflies-campana-ss2026\/","url_meta":{"origin":119891,"position":4},"title":"Valentino Fireflies redefine elegancia vulnerable","author":"Luis Trujano","date":"12 de febrero de 2026","format":false,"excerpt":"La moda siempre ha sido una forma de contar historias, pero pocas campa\u00f1as logran convertir emociones complejas en un lenguaje visual tan poderoso como lo hace Fireflies, la nueva narrativa creativa de Valentino para la temporada Spring\/Summer 2026. Esta propuesta no solo habla de ropa, sino de fragilidad, conexi\u00f3n humana\u2026","rel":"","context":"En \u00abModa\u00bb","block_context":{"text":"Moda","link":"https:\/\/zeromagazine.mx\/index.php\/category\/moda\/"},"img":{"alt_text":"","src":"https:\/\/i0.wp.com\/zeromagazine.mx\/wp-content\/uploads\/2026\/02\/IMG_6474.png?fit=998%2C776&ssl=1&resize=350%2C200","width":350,"height":200,"srcset":"https:\/\/i0.wp.com\/zeromagazine.mx\/wp-content\/uploads\/2026\/02\/IMG_6474.png?fit=998%2C776&ssl=1&resize=350%2C200 1x, https:\/\/i0.wp.com\/zeromagazine.mx\/wp-content\/uploads\/2026\/02\/IMG_6474.png?fit=998%2C776&ssl=1&resize=525%2C300 1.5x, https:\/\/i0.wp.com\/zeromagazine.mx\/wp-content\/uploads\/2026\/02\/IMG_6474.png?fit=998%2C776&ssl=1&resize=700%2C400 2x"},"classes":[]},{"id":115296,"url":"https:\/\/zeromagazine.mx\/index.php\/2026\/02\/13\/bromance-campana-amistad-san-valentin\/","url_meta":{"origin":119891,"position":5},"title":"Bromance: La campa\u00f1a que celebra que las mejores relaciones son entre amigos","author":"David Morales","date":"13 de febrero de 2026","format":false,"excerpt":"Cada 14 de febrero pasa lo mismo: timelines llenos de flores, cenas rom\u00e1nticas y captions intensos. Pero, mientras todo eso sucede, hay otro tipo de relaci\u00f3n que sigue firme en segundo plano: la amistad. Esa que no siempre necesita fotos, pero que est\u00e1 cuando la vida se pone rara. Desde\u2026","rel":"","context":"En \u00abBlog\u00bb","block_context":{"text":"Blog","link":"https:\/\/zeromagazine.mx\/index.php\/category\/blog\/"},"img":{"alt_text":"","src":"https:\/\/i0.wp.com\/zeromagazine.mx\/wp-content\/uploads\/2026\/02\/IMG_1450.jpeg?fit=1200%2C675&ssl=1&resize=350%2C200","width":350,"height":200,"srcset":"https:\/\/i0.wp.com\/zeromagazine.mx\/wp-content\/uploads\/2026\/02\/IMG_1450.jpeg?fit=1200%2C675&ssl=1&resize=350%2C200 1x, https:\/\/i0.wp.com\/zeromagazine.mx\/wp-content\/uploads\/2026\/02\/IMG_1450.jpeg?fit=1200%2C675&ssl=1&resize=525%2C300 1.5x, https:\/\/i0.wp.com\/zeromagazine.mx\/wp-content\/uploads\/2026\/02\/IMG_1450.jpeg?fit=1200%2C675&ssl=1&resize=700%2C400 2x, https:\/\/i0.wp.com\/zeromagazine.mx\/wp-content\/uploads\/2026\/02\/IMG_1450.jpeg?fit=1200%2C675&ssl=1&resize=1050%2C600 3x"},"classes":[]}],"jetpack_sharing_enabled":true,"builder_content":"","_links":{"self":[{"href":"https:\/\/zeromagazine.mx\/index.php\/wp-json\/wp\/v2\/posts\/119891","targetHints":{"allow":["GET"]}}],"collection":[{"href":"https:\/\/zeromagazine.mx\/index.php\/wp-json\/wp\/v2\/posts"}],"about":[{"href":"https:\/\/zeromagazine.mx\/index.php\/wp-json\/wp\/v2\/types\/post"}],"author":[{"embeddable":true,"href":"https:\/\/zeromagazine.mx\/index.php\/wp-json\/wp\/v2\/users\/2"}],"replies":[{"embeddable":true,"href":"https:\/\/zeromagazine.mx\/index.php\/wp-json\/wp\/v2\/comments?post=119891"}],"version-history":[{"count":1,"href":"https:\/\/zeromagazine.mx\/index.php\/wp-json\/wp\/v2\/posts\/119891\/revisions"}],"predecessor-version":[{"id":119895,"href":"https:\/\/zeromagazine.mx\/index.php\/wp-json\/wp\/v2\/posts\/119891\/revisions\/119895"}],"wp:featuredmedia":[{"embeddable":true,"href":"https:\/\/zeromagazine.mx\/index.php\/wp-json\/wp\/v2\/media\/119893"}],"wp:attachment":[{"href":"https:\/\/zeromagazine.mx\/index.php\/wp-json\/wp\/v2\/media?parent=119891"}],"wp:term":[{"taxonomy":"category","embeddable":true,"href":"https:\/\/zeromagazine.mx\/index.php\/wp-json\/wp\/v2\/categories?post=119891"},{"taxonomy":"post_tag","embeddable":true,"href":"https:\/\/zeromagazine.mx\/index.php\/wp-json\/wp\/v2\/tags?post=119891"}],"curies":[{"name":"wp","href":"https:\/\/api.w.org\/{rel}","templated":true}]}}