{"id":121720,"date":"2026-06-02T20:23:32","date_gmt":"2026-06-03T02:23:32","guid":{"rendered":"https:\/\/zeromagazine.mx\/?p=121720"},"modified":"2026-06-02T20:23:33","modified_gmt":"2026-06-03T02:23:33","slug":"bebidas-vegetales-vita-bienestar","status":"publish","type":"post","link":"https:\/\/zeromagazine.mx\/index.php\/2026\/06\/02\/bebidas-vegetales-vita-bienestar\/","title":{"rendered":"VITA\u00ae SE RENUEVA PARA ACOMPA\u00d1AR EL RITMO DE LA VIDA ACTUAL"},"content":{"rendered":"<p class=\"wp-block-paragraph\"><\/p>\n\n<!--themify_builder_content-->\n<div id=\"themify_builder_content-121720\" data-postid=\"121720\" class=\"themify_builder_content themify_builder_content-121720 themify_builder tf_clear\">\n    <\/div>\n<!--\/themify_builder_content-->\n\n\n<p class=\"wp-block-paragraph\">Con una imagen renovada, una propuesta m\u00e1s cercana y opciones a base de coco, almendra y avena, VITA apuesta por convertirse en el aliado perfecto de las rutinas modernas.<\/p>\n\n\n\n<p class=\"wp-block-paragraph\">El bienestar ya no se trata \u00fanicamente de grandes cambios o metas imposibles. Hoy vive en los peque\u00f1os h\u00e1bitos, en las decisiones cotidianas y en esos momentos que hacen sentir bien sin complicaciones. Bajo esa visi\u00f3n, VITA\u00ae inicia una nueva etapa con una identidad renovada que busca conectar con una generaci\u00f3n que prioriza el equilibrio, la practicidad y el disfrute consciente.<\/p>\n\n\n\n<p class=\"wp-block-paragraph\">La marca de bebidas vegetales de Grupo Lala presenta una evoluci\u00f3n que va mucho m\u00e1s all\u00e1 de una nueva imagen. Se trata de una propuesta que entiende que las rutinas son cada vez m\u00e1s din\u00e1micas y que las personas buscan opciones que se integren de forma natural a su estilo de vida.<\/p>\n\n\n\n<h2 class=\"wp-block-heading\">VITA y las bebidas vegetales que se adaptan a cualquier momento del d\u00eda<\/h2>\n\n\n\n<p class=\"wp-block-paragraph\">El crecimiento de las bebidas vegetales ha transformado la manera en que muchas personas construyen sus h\u00e1bitos de consumo. Ya sea para acompa\u00f1ar el caf\u00e9 de la ma\u00f1ana, complementar una receta o disfrutar una bebida refrescante durante el d\u00eda, la versatilidad se ha convertido en un factor clave.<\/p>\n\n\n\n<p class=\"wp-block-paragraph\">Por eso, el portafolio de VITA incluye opciones elaboradas a base de coco, almendra y avena, ofreciendo alternativas que se ajustan a diferentes gustos y necesidades. La propuesta apuesta por el sabor, la practicidad y la facilidad de incorporaci\u00f3n dentro de cualquier rutina cotidiana.<\/p>\n\n\n\n<p class=\"wp-block-paragraph\">Adem\u00e1s, la marca cuenta con versiones Sin Az\u00facar en sus variedades de almendra, coco y avena, pensadas para quienes buscan reducir o evitar el consumo de az\u00facar a\u00f1adida sin renunciar a una experiencia agradable.<\/p>\n\n\n\n<figure class=\"wp-block-gallery has-nested-images columns-default is-cropped wp-block-gallery-1 is-layout-flex wp-block-gallery-is-layout-flex\">\n<figure class=\"wp-block-image size-large\"><img data-recalc-dims=\"1\" decoding=\"async\" width=\"683\" height=\"1024\" data-id=\"121722\" src=\"https:\/\/i0.wp.com\/zeromagazine.mx\/wp-content\/uploads\/2026\/06\/IMG_3184-683x1024.webp?resize=683%2C1024&#038;ssl=1\" alt=\"\" class=\"wp-image-121722\" srcset=\"https:\/\/i0.wp.com\/zeromagazine.mx\/wp-content\/uploads\/2026\/06\/IMG_3184.webp?resize=683%2C1024&amp;ssl=1 683w, https:\/\/i0.wp.com\/zeromagazine.mx\/wp-content\/uploads\/2026\/06\/IMG_3184.webp?resize=200%2C300&amp;ssl=1 200w, https:\/\/i0.wp.com\/zeromagazine.mx\/wp-content\/uploads\/2026\/06\/IMG_3184.webp?resize=768%2C1152&amp;ssl=1 768w, https:\/\/i0.wp.com\/zeromagazine.mx\/wp-content\/uploads\/2026\/06\/IMG_3184.webp?resize=1024%2C1536&amp;ssl=1 1024w, https:\/\/i0.wp.com\/zeromagazine.mx\/wp-content\/uploads\/2026\/06\/IMG_3184.webp?w=1200&amp;ssl=1 1200w\" sizes=\"(max-width: 683px) 100vw, 683px\" \/><\/figure>\n<\/figure>\n\n\n\n<p class=\"wp-block-paragraph\">\u00abHoy las personas buscan opciones que se integren naturalmente a su estilo de vida y que las hagan sentir bien sin complicaciones. Con esta evoluci\u00f3n de VITA queremos acompa\u00f1ar esos momentos cotidianos desde una propuesta ligera, natural y f\u00e1cil de integrar en el d\u00eda a d\u00eda\u00bb, se\u00f1al\u00f3 Tessy Botello, Directora de F\u00f3rmulas L\u00e1cteas y Bebidas Vegetales de Grupo Lala.<\/p>\n\n\n\n<h2 class=\"wp-block-heading\">VITA y las bebidas vegetales apuesta por un bienestar m\u00e1s aut\u00e9ntico y menos complicado<\/h2>\n\n\n\n<p class=\"wp-block-paragraph\">Hablar de bienestar en 2026 significa hablar de flexibilidad. Las tendencias actuales muestran que las personas ya no buscan rutinas r\u00edgidas, sino alternativas que se adapten a su realidad y les permitan sentirse bien sin presiones.<\/p>\n\n\n\n<p class=\"wp-block-paragraph\">En este contexto, VITA busca posicionarse como una marca cercana que acompa\u00f1a esos momentos cotidianos donde el autocuidado sucede de forma natural. Su propuesta combina sabor y variedad con una formulaci\u00f3n enriquecida con vitaminas A, D, E y B12, adem\u00e1s de calcio y zinc.<\/p>\n\n\n\n<p class=\"wp-block-paragraph\">Por otro lado, la evoluci\u00f3n de la marca tambi\u00e9n responde a una transformaci\u00f3n cultural m\u00e1s amplia. Las bebidas vegetales dejaron de ser una tendencia de nicho para convertirse en parte de estilos de vida cada vez m\u00e1s diversos, donde la personalizaci\u00f3n y el balance son prioridad.<\/p>\n\n\n\n<figure class=\"wp-block-gallery has-nested-images columns-default is-cropped wp-block-gallery-2 is-layout-flex wp-block-gallery-is-layout-flex\">\n<figure class=\"wp-block-image size-large\"><img data-recalc-dims=\"1\" decoding=\"async\" width=\"1024\" height=\"576\" data-id=\"121723\" src=\"https:\/\/i0.wp.com\/zeromagazine.mx\/wp-content\/uploads\/2026\/06\/IMG_3183-1024x576.webp?resize=1024%2C576&#038;ssl=1\" alt=\"\" class=\"wp-image-121723\" srcset=\"https:\/\/i0.wp.com\/zeromagazine.mx\/wp-content\/uploads\/2026\/06\/IMG_3183.webp?resize=1024%2C576&amp;ssl=1 1024w, https:\/\/i0.wp.com\/zeromagazine.mx\/wp-content\/uploads\/2026\/06\/IMG_3183.webp?resize=300%2C169&amp;ssl=1 300w, https:\/\/i0.wp.com\/zeromagazine.mx\/wp-content\/uploads\/2026\/06\/IMG_3183.webp?resize=768%2C432&amp;ssl=1 768w, https:\/\/i0.wp.com\/zeromagazine.mx\/wp-content\/uploads\/2026\/06\/IMG_3183.webp?resize=1536%2C864&amp;ssl=1 1536w, https:\/\/i0.wp.com\/zeromagazine.mx\/wp-content\/uploads\/2026\/06\/IMG_3183.webp?w=1600&amp;ssl=1 1600w\" sizes=\"(max-width: 1024px) 100vw, 1024px\" \/><\/figure>\n<\/figure>\n\n\n\n<h2 class=\"wp-block-heading\">VITA y Sersana: una colaboraci\u00f3n que celebra el movimiento y el lifestyle<\/h2>\n\n\n\n<p class=\"wp-block-paragraph\">Como parte de esta nueva etapa, VITA se sum\u00f3 a Sersana, uno de los espacios de bienestar m\u00e1s relevantes de la Ciudad de M\u00e9xico, para crear una experiencia enfocada en movimiento, energ\u00eda y conexi\u00f3n.<\/p>\n\n\n\n<p class=\"wp-block-paragraph\">A trav\u00e9s de actividades como STN4 y Ser Sana Body Method, la marca gener\u00f3 momentos donde los asistentes pudieron experimentar una visi\u00f3n del bienestar mucho m\u00e1s cercana, flexible y alineada con la vida real.<\/p>\n\n\n\n<p class=\"wp-block-paragraph\">Adem\u00e1s, esta colaboraci\u00f3n refuerza la intenci\u00f3n de VITA de formar parte de experiencias que van m\u00e1s all\u00e1 de la alimentaci\u00f3n, integr\u00e1ndose a comunidades que encuentran en el movimiento, el autocuidado y los h\u00e1bitos conscientes una forma de construir bienestar todos los d\u00edas.<\/p>\n\n\n\n<figure class=\"wp-block-gallery has-nested-images columns-default is-cropped wp-block-gallery-3 is-layout-flex wp-block-gallery-is-layout-flex\">\n<figure class=\"wp-block-image size-large\"><img data-recalc-dims=\"1\" decoding=\"async\" width=\"768\" height=\"1024\" data-id=\"121724\" src=\"https:\/\/i0.wp.com\/zeromagazine.mx\/wp-content\/uploads\/2026\/06\/IMG_3182-768x1024.webp?resize=768%2C1024&#038;ssl=1\" alt=\"\" class=\"wp-image-121724\" srcset=\"https:\/\/i0.wp.com\/zeromagazine.mx\/wp-content\/uploads\/2026\/06\/IMG_3182.webp?resize=768%2C1024&amp;ssl=1 768w, https:\/\/i0.wp.com\/zeromagazine.mx\/wp-content\/uploads\/2026\/06\/IMG_3182.webp?resize=225%2C300&amp;ssl=1 225w, https:\/\/i0.wp.com\/zeromagazine.mx\/wp-content\/uploads\/2026\/06\/IMG_3182.webp?resize=1152%2C1536&amp;ssl=1 1152w, https:\/\/i0.wp.com\/zeromagazine.mx\/wp-content\/uploads\/2026\/06\/IMG_3182.webp?w=1200&amp;ssl=1 1200w\" sizes=\"(max-width: 768px) 100vw, 768px\" \/><\/figure>\n<\/figure>\n\n\n\n<p class=\"wp-block-paragraph\">\u00abDesde el primer momento sentimos una conexi\u00f3n natural con VITA, porque compartimos la idea de vivir el bienestar de forma aut\u00e9ntica y cercana. Nos emociona colaborar juntos para inspirar experiencias m\u00e1s libres y disfrutables\u00bb, coment\u00f3 Ana Jimena Ram\u00edrez, cofundadora de Sersana.<\/p>\n\n\n\n<p class=\"wp-block-paragraph\">En una \u00e9poca donde las personas buscan sentirse bien desde la autenticidad y no desde la perfecci\u00f3n, VITA apuesta por acompa\u00f1ar esos peque\u00f1os rituales que hacen la diferencia. Porque el bienestar moderno no se trata de seguir reglas estrictas, sino de encontrar opciones que encajen naturalmente con la forma en que vivimos hoy.<\/p>\n\n\n\n<p class=\"wp-block-paragraph\"><\/p>","protected":false},"excerpt":{"rendered":"<p>Con una imagen renovada, una propuesta m\u00e1s cercana y opciones a base de coco, almendra y avena, VITA apuesta por convertirse en el aliado perfecto de las rutinas modernas. El bienestar ya no se trata \u00fanicamente de grandes cambios o metas imposibles. Hoy vive en los peque\u00f1os h\u00e1bitos, en las decisiones cotidianas y en esos [&hellip;]<\/p>\n","protected":false},"author":4,"featured_media":121721,"comment_status":"open","ping_status":"open","sticky":false,"template":"","format":"standard","meta":{"_jetpack_newsletter_access":"","_jetpack_dont_email_post_to_subs":false,"_jetpack_newsletter_tier_id":0,"_jetpack_memberships_contains_paywalled_content":false,"_jetpack_feature_clip_id":0,"_jetpack_memberships_contains_paid_content":false,"footnotes":"","jetpack_publicize_message":"","jetpack_publicize_feature_enabled":true,"jetpack_social_post_already_shared":true,"jetpack_social_options":{"image_generator_settings":{"template":"highway","default_image_id":0,"font":"","enabled":false},"version":2},"jetpack_post_was_ever_published":false},"categories":[45,6870],"tags":[],"class_list":["post-121720","post","type-post","status-publish","format-standard","has-post-thumbnail","hentry","category-bienestar","category-foodie","has-post-title","has-post-date","has-post-category","has-post-tag","has-post-comment","has-post-author",""],"yoast_head":"<!-- This site is optimized with the Yoast SEO plugin v28.4 - https:\/\/yoast.com\/product\/yoast-seo-wordpress\/ -->\n<title>VITA\u00ae SE RENUEVA PARA ACOMPA\u00d1AR EL RITMO DE LA VIDA ACTUAL - Zero Magazine<\/title>\n<meta name=\"description\" content=\"VITA renueva su imagen y fortalece su propuesta de bebidas vegetales para acompa\u00f1ar estilos de vida actuales y bienestar diario.\" \/>\n<meta name=\"robots\" content=\"index, follow, max-snippet:-1, max-image-preview:large, max-video-preview:-1\" \/>\n<link rel=\"canonical\" href=\"https:\/\/zeromagazine.mx\/index.php\/2026\/06\/02\/bebidas-vegetales-vita-bienestar\/\" \/>\n<meta property=\"og:locale\" content=\"es_ES\" \/>\n<meta property=\"og:type\" content=\"article\" \/>\n<meta property=\"og:title\" content=\"VITA\u00ae SE RENUEVA PARA ACOMPA\u00d1AR EL RITMO DE LA VIDA ACTUAL - Zero Magazine\" \/>\n<meta property=\"og:description\" content=\"VITA renueva su imagen y fortalece su propuesta de bebidas vegetales para acompa\u00f1ar estilos de vida actuales y bienestar diario.\" \/>\n<meta property=\"og:url\" content=\"https:\/\/zeromagazine.mx\/index.php\/2026\/06\/02\/bebidas-vegetales-vita-bienestar\/\" \/>\n<meta property=\"og:site_name\" content=\"Zero Magazine\" \/>\n<meta property=\"article:published_time\" content=\"2026-06-03T02:23:32+00:00\" \/>\n<meta property=\"article:modified_time\" content=\"2026-06-03T02:23:33+00:00\" \/>\n<meta property=\"og:image\" content=\"http:\/\/zeromagazine.mx\/wp-content\/uploads\/2026\/06\/IMG_3181.webp\" \/>\n\t<meta property=\"og:image:width\" content=\"1200\" \/>\n\t<meta property=\"og:image:height\" content=\"1200\" \/>\n\t<meta property=\"og:image:type\" content=\"image\/webp\" \/>\n<meta name=\"author\" content=\"David Morales\" \/>\n<meta name=\"twitter:card\" content=\"summary_large_image\" \/>\n<meta name=\"twitter:label1\" content=\"Escrito por\" \/>\n\t<meta name=\"twitter:data1\" content=\"David Morales\" \/>\n\t<meta name=\"twitter:label2\" content=\"Tiempo de lectura\" \/>\n\t<meta name=\"twitter:data2\" content=\"4 minutos\" \/>\n<script type=\"application\/ld+json\" class=\"yoast-schema-graph\">{\"@context\":\"https:\\\/\\\/schema.org\",\"@graph\":[{\"@type\":\"Article\",\"@id\":\"https:\\\/\\\/zeromagazine.mx\\\/index.php\\\/2026\\\/06\\\/02\\\/bebidas-vegetales-vita-bienestar\\\/#article\",\"isPartOf\":{\"@id\":\"https:\\\/\\\/zeromagazine.mx\\\/index.php\\\/2026\\\/06\\\/02\\\/bebidas-vegetales-vita-bienestar\\\/\"},\"author\":{\"name\":\"David Morales\",\"@id\":\"https:\\\/\\\/zeromagazine.mx\\\/#\\\/schema\\\/person\\\/9f7f1a17c60ba8e9980e3e6677aabe5a\"},\"headline\":\"VITA\u00ae SE RENUEVA PARA ACOMPA\u00d1AR EL RITMO DE LA VIDA ACTUAL\",\"datePublished\":\"2026-06-03T02:23:32+00:00\",\"dateModified\":\"2026-06-03T02:23:33+00:00\",\"mainEntityOfPage\":{\"@id\":\"https:\\\/\\\/zeromagazine.mx\\\/index.php\\\/2026\\\/06\\\/02\\\/bebidas-vegetales-vita-bienestar\\\/\"},\"wordCount\":769,\"commentCount\":0,\"publisher\":{\"@id\":\"https:\\\/\\\/zeromagazine.mx\\\/#organization\"},\"image\":{\"@id\":\"https:\\\/\\\/zeromagazine.mx\\\/index.php\\\/2026\\\/06\\\/02\\\/bebidas-vegetales-vita-bienestar\\\/#primaryimage\"},\"thumbnailUrl\":\"https:\\\/\\\/i0.wp.com\\\/zeromagazine.mx\\\/wp-content\\\/uploads\\\/2026\\\/06\\\/IMG_3181.webp?fit=1200%2C1200&ssl=1\",\"articleSection\":[\"Bienestar\",\"Foodie\"],\"inLanguage\":\"es\",\"potentialAction\":[{\"@type\":\"CommentAction\",\"name\":\"Comment\",\"target\":[\"https:\\\/\\\/zeromagazine.mx\\\/index.php\\\/2026\\\/06\\\/02\\\/bebidas-vegetales-vita-bienestar\\\/#respond\"]}]},{\"@type\":\"WebPage\",\"@id\":\"https:\\\/\\\/zeromagazine.mx\\\/index.php\\\/2026\\\/06\\\/02\\\/bebidas-vegetales-vita-bienestar\\\/\",\"url\":\"https:\\\/\\\/zeromagazine.mx\\\/index.php\\\/2026\\\/06\\\/02\\\/bebidas-vegetales-vita-bienestar\\\/\",\"name\":\"VITA\u00ae SE RENUEVA PARA ACOMPA\u00d1AR EL RITMO DE LA VIDA ACTUAL - Zero Magazine\",\"isPartOf\":{\"@id\":\"https:\\\/\\\/zeromagazine.mx\\\/#website\"},\"primaryImageOfPage\":{\"@id\":\"https:\\\/\\\/zeromagazine.mx\\\/index.php\\\/2026\\\/06\\\/02\\\/bebidas-vegetales-vita-bienestar\\\/#primaryimage\"},\"image\":{\"@id\":\"https:\\\/\\\/zeromagazine.mx\\\/index.php\\\/2026\\\/06\\\/02\\\/bebidas-vegetales-vita-bienestar\\\/#primaryimage\"},\"thumbnailUrl\":\"https:\\\/\\\/i0.wp.com\\\/zeromagazine.mx\\\/wp-content\\\/uploads\\\/2026\\\/06\\\/IMG_3181.webp?fit=1200%2C1200&ssl=1\",\"datePublished\":\"2026-06-03T02:23:32+00:00\",\"dateModified\":\"2026-06-03T02:23:33+00:00\",\"description\":\"VITA renueva su imagen y fortalece su propuesta de bebidas vegetales para acompa\u00f1ar estilos de vida actuales y bienestar diario.\",\"breadcrumb\":{\"@id\":\"https:\\\/\\\/zeromagazine.mx\\\/index.php\\\/2026\\\/06\\\/02\\\/bebidas-vegetales-vita-bienestar\\\/#breadcrumb\"},\"inLanguage\":\"es\",\"potentialAction\":[{\"@type\":\"ReadAction\",\"target\":[\"https:\\\/\\\/zeromagazine.mx\\\/index.php\\\/2026\\\/06\\\/02\\\/bebidas-vegetales-vita-bienestar\\\/\"]}]},{\"@type\":\"ImageObject\",\"inLanguage\":\"es\",\"@id\":\"https:\\\/\\\/zeromagazine.mx\\\/index.php\\\/2026\\\/06\\\/02\\\/bebidas-vegetales-vita-bienestar\\\/#primaryimage\",\"url\":\"https:\\\/\\\/i0.wp.com\\\/zeromagazine.mx\\\/wp-content\\\/uploads\\\/2026\\\/06\\\/IMG_3181.webp?fit=1200%2C1200&ssl=1\",\"contentUrl\":\"https:\\\/\\\/i0.wp.com\\\/zeromagazine.mx\\\/wp-content\\\/uploads\\\/2026\\\/06\\\/IMG_3181.webp?fit=1200%2C1200&ssl=1\",\"width\":1200,\"height\":1200},{\"@type\":\"BreadcrumbList\",\"@id\":\"https:\\\/\\\/zeromagazine.mx\\\/index.php\\\/2026\\\/06\\\/02\\\/bebidas-vegetales-vita-bienestar\\\/#breadcrumb\",\"itemListElement\":[{\"@type\":\"ListItem\",\"position\":1,\"name\":\"Portada\",\"item\":\"https:\\\/\\\/zeromagazine.mx\\\/\"},{\"@type\":\"ListItem\",\"position\":2,\"name\":\"VITA\u00ae SE RENUEVA PARA ACOMPA\u00d1AR EL RITMO DE LA VIDA ACTUAL\"}]},{\"@type\":\"WebSite\",\"@id\":\"https:\\\/\\\/zeromagazine.mx\\\/#website\",\"url\":\"https:\\\/\\\/zeromagazine.mx\\\/\",\"name\":\"Zero Magazine\",\"description\":\"\",\"publisher\":{\"@id\":\"https:\\\/\\\/zeromagazine.mx\\\/#organization\"},\"potentialAction\":[{\"@type\":\"SearchAction\",\"target\":{\"@type\":\"EntryPoint\",\"urlTemplate\":\"https:\\\/\\\/zeromagazine.mx\\\/?s={search_term_string}\"},\"query-input\":{\"@type\":\"PropertyValueSpecification\",\"valueRequired\":true,\"valueName\":\"search_term_string\"}}],\"inLanguage\":\"es\"},{\"@type\":\"Organization\",\"@id\":\"https:\\\/\\\/zeromagazine.mx\\\/#organization\",\"name\":\"Zero Magazine\",\"url\":\"https:\\\/\\\/zeromagazine.mx\\\/\",\"logo\":{\"@type\":\"ImageObject\",\"inLanguage\":\"es\",\"@id\":\"https:\\\/\\\/zeromagazine.mx\\\/#\\\/schema\\\/logo\\\/image\\\/\",\"url\":\"https:\\\/\\\/i0.wp.com\\\/zeromagazine.mx\\\/wp-content\\\/uploads\\\/2025\\\/11\\\/1.jpeg?fit=1000%2C1000&ssl=1\",\"contentUrl\":\"https:\\\/\\\/i0.wp.com\\\/zeromagazine.mx\\\/wp-content\\\/uploads\\\/2025\\\/11\\\/1.jpeg?fit=1000%2C1000&ssl=1\",\"width\":1000,\"height\":1000,\"caption\":\"Zero Magazine\"},\"image\":{\"@id\":\"https:\\\/\\\/zeromagazine.mx\\\/#\\\/schema\\\/logo\\\/image\\\/\"},\"sameAs\":[\"https:\\\/\\\/instagram.com\\\/zeromagazinemx\"]},{\"@type\":\"Person\",\"@id\":\"https:\\\/\\\/zeromagazine.mx\\\/#\\\/schema\\\/person\\\/9f7f1a17c60ba8e9980e3e6677aabe5a\",\"name\":\"David Morales\",\"image\":{\"@type\":\"ImageObject\",\"inLanguage\":\"es\",\"@id\":\"https:\\\/\\\/zeromagazine.mx\\\/wp-content\\\/litespeed\\\/avatar\\\/76069d2136bfc1c37dc34815bb67ca42.jpg?ver=1788459147\",\"url\":\"https:\\\/\\\/zeromagazine.mx\\\/wp-content\\\/litespeed\\\/avatar\\\/76069d2136bfc1c37dc34815bb67ca42.jpg?ver=1788459147\",\"contentUrl\":\"https:\\\/\\\/zeromagazine.mx\\\/wp-content\\\/litespeed\\\/avatar\\\/76069d2136bfc1c37dc34815bb67ca42.jpg?ver=1788459147\",\"caption\":\"David Morales\"},\"url\":\"https:\\\/\\\/zeromagazine.mx\\\/index.php\\\/author\\\/david\\\/\"}]}<\/script>\n<!-- \/ Yoast SEO plugin. -->","yoast_head_json":{"title":"VITA\u00ae SE RENUEVA PARA ACOMPA\u00d1AR EL RITMO DE LA VIDA ACTUAL - Zero Magazine","description":"VITA renueva su imagen y fortalece su propuesta de bebidas vegetales para acompa\u00f1ar estilos de vida actuales y bienestar diario.","robots":{"index":"index","follow":"follow","max-snippet":"max-snippet:-1","max-image-preview":"max-image-preview:large","max-video-preview":"max-video-preview:-1"},"canonical":"https:\/\/zeromagazine.mx\/index.php\/2026\/06\/02\/bebidas-vegetales-vita-bienestar\/","og_locale":"es_ES","og_type":"article","og_title":"VITA\u00ae SE RENUEVA PARA ACOMPA\u00d1AR EL RITMO DE LA VIDA ACTUAL - Zero Magazine","og_description":"VITA renueva su imagen y fortalece su propuesta de bebidas vegetales para acompa\u00f1ar estilos de vida actuales y bienestar diario.","og_url":"https:\/\/zeromagazine.mx\/index.php\/2026\/06\/02\/bebidas-vegetales-vita-bienestar\/","og_site_name":"Zero Magazine","article_published_time":"2026-06-03T02:23:32+00:00","article_modified_time":"2026-06-03T02:23:33+00:00","og_image":[{"width":1200,"height":1200,"url":"http:\/\/zeromagazine.mx\/wp-content\/uploads\/2026\/06\/IMG_3181.webp","type":"image\/webp"}],"author":"David Morales","twitter_card":"summary_large_image","twitter_misc":{"Escrito por":"David Morales","Tiempo de lectura":"4 minutos"},"schema":{"@context":"https:\/\/schema.org","@graph":[{"@type":"Article","@id":"https:\/\/zeromagazine.mx\/index.php\/2026\/06\/02\/bebidas-vegetales-vita-bienestar\/#article","isPartOf":{"@id":"https:\/\/zeromagazine.mx\/index.php\/2026\/06\/02\/bebidas-vegetales-vita-bienestar\/"},"author":{"name":"David Morales","@id":"https:\/\/zeromagazine.mx\/#\/schema\/person\/9f7f1a17c60ba8e9980e3e6677aabe5a"},"headline":"VITA\u00ae SE RENUEVA PARA ACOMPA\u00d1AR EL RITMO DE LA VIDA ACTUAL","datePublished":"2026-06-03T02:23:32+00:00","dateModified":"2026-06-03T02:23:33+00:00","mainEntityOfPage":{"@id":"https:\/\/zeromagazine.mx\/index.php\/2026\/06\/02\/bebidas-vegetales-vita-bienestar\/"},"wordCount":769,"commentCount":0,"publisher":{"@id":"https:\/\/zeromagazine.mx\/#organization"},"image":{"@id":"https:\/\/zeromagazine.mx\/index.php\/2026\/06\/02\/bebidas-vegetales-vita-bienestar\/#primaryimage"},"thumbnailUrl":"https:\/\/i0.wp.com\/zeromagazine.mx\/wp-content\/uploads\/2026\/06\/IMG_3181.webp?fit=1200%2C1200&ssl=1","articleSection":["Bienestar","Foodie"],"inLanguage":"es","potentialAction":[{"@type":"CommentAction","name":"Comment","target":["https:\/\/zeromagazine.mx\/index.php\/2026\/06\/02\/bebidas-vegetales-vita-bienestar\/#respond"]}]},{"@type":"WebPage","@id":"https:\/\/zeromagazine.mx\/index.php\/2026\/06\/02\/bebidas-vegetales-vita-bienestar\/","url":"https:\/\/zeromagazine.mx\/index.php\/2026\/06\/02\/bebidas-vegetales-vita-bienestar\/","name":"VITA\u00ae SE RENUEVA PARA ACOMPA\u00d1AR EL RITMO DE LA VIDA ACTUAL - Zero Magazine","isPartOf":{"@id":"https:\/\/zeromagazine.mx\/#website"},"primaryImageOfPage":{"@id":"https:\/\/zeromagazine.mx\/index.php\/2026\/06\/02\/bebidas-vegetales-vita-bienestar\/#primaryimage"},"image":{"@id":"https:\/\/zeromagazine.mx\/index.php\/2026\/06\/02\/bebidas-vegetales-vita-bienestar\/#primaryimage"},"thumbnailUrl":"https:\/\/i0.wp.com\/zeromagazine.mx\/wp-content\/uploads\/2026\/06\/IMG_3181.webp?fit=1200%2C1200&ssl=1","datePublished":"2026-06-03T02:23:32+00:00","dateModified":"2026-06-03T02:23:33+00:00","description":"VITA renueva su imagen y fortalece su propuesta de bebidas vegetales para acompa\u00f1ar estilos de vida actuales y bienestar diario.","breadcrumb":{"@id":"https:\/\/zeromagazine.mx\/index.php\/2026\/06\/02\/bebidas-vegetales-vita-bienestar\/#breadcrumb"},"inLanguage":"es","potentialAction":[{"@type":"ReadAction","target":["https:\/\/zeromagazine.mx\/index.php\/2026\/06\/02\/bebidas-vegetales-vita-bienestar\/"]}]},{"@type":"ImageObject","inLanguage":"es","@id":"https:\/\/zeromagazine.mx\/index.php\/2026\/06\/02\/bebidas-vegetales-vita-bienestar\/#primaryimage","url":"https:\/\/i0.wp.com\/zeromagazine.mx\/wp-content\/uploads\/2026\/06\/IMG_3181.webp?fit=1200%2C1200&ssl=1","contentUrl":"https:\/\/i0.wp.com\/zeromagazine.mx\/wp-content\/uploads\/2026\/06\/IMG_3181.webp?fit=1200%2C1200&ssl=1","width":1200,"height":1200},{"@type":"BreadcrumbList","@id":"https:\/\/zeromagazine.mx\/index.php\/2026\/06\/02\/bebidas-vegetales-vita-bienestar\/#breadcrumb","itemListElement":[{"@type":"ListItem","position":1,"name":"Portada","item":"https:\/\/zeromagazine.mx\/"},{"@type":"ListItem","position":2,"name":"VITA\u00ae SE RENUEVA PARA ACOMPA\u00d1AR EL RITMO DE LA VIDA ACTUAL"}]},{"@type":"WebSite","@id":"https:\/\/zeromagazine.mx\/#website","url":"https:\/\/zeromagazine.mx\/","name":"Zero Magazine","description":"","publisher":{"@id":"https:\/\/zeromagazine.mx\/#organization"},"potentialAction":[{"@type":"SearchAction","target":{"@type":"EntryPoint","urlTemplate":"https:\/\/zeromagazine.mx\/?s={search_term_string}"},"query-input":{"@type":"PropertyValueSpecification","valueRequired":true,"valueName":"search_term_string"}}],"inLanguage":"es"},{"@type":"Organization","@id":"https:\/\/zeromagazine.mx\/#organization","name":"Zero Magazine","url":"https:\/\/zeromagazine.mx\/","logo":{"@type":"ImageObject","inLanguage":"es","@id":"https:\/\/zeromagazine.mx\/#\/schema\/logo\/image\/","url":"https:\/\/i0.wp.com\/zeromagazine.mx\/wp-content\/uploads\/2025\/11\/1.jpeg?fit=1000%2C1000&ssl=1","contentUrl":"https:\/\/i0.wp.com\/zeromagazine.mx\/wp-content\/uploads\/2025\/11\/1.jpeg?fit=1000%2C1000&ssl=1","width":1000,"height":1000,"caption":"Zero Magazine"},"image":{"@id":"https:\/\/zeromagazine.mx\/#\/schema\/logo\/image\/"},"sameAs":["https:\/\/instagram.com\/zeromagazinemx"]},{"@type":"Person","@id":"https:\/\/zeromagazine.mx\/#\/schema\/person\/9f7f1a17c60ba8e9980e3e6677aabe5a","name":"David Morales","image":{"@type":"ImageObject","inLanguage":"es","@id":"https:\/\/zeromagazine.mx\/wp-content\/litespeed\/avatar\/76069d2136bfc1c37dc34815bb67ca42.jpg?ver=1788459147","url":"https:\/\/zeromagazine.mx\/wp-content\/litespeed\/avatar\/76069d2136bfc1c37dc34815bb67ca42.jpg?ver=1788459147","contentUrl":"https:\/\/zeromagazine.mx\/wp-content\/litespeed\/avatar\/76069d2136bfc1c37dc34815bb67ca42.jpg?ver=1788459147","caption":"David Morales"},"url":"https:\/\/zeromagazine.mx\/index.php\/author\/david\/"}]}},"jetpack_publicize_connections":[],"jetpack-related-posts":[{"id":122440,"url":"https:\/\/zeromagazine.mx\/index.php\/2026\/06\/08\/coloracion-sin-amoniaco-wella-koleston-deluxe\/","url_meta":{"origin":121720,"position":0},"title":"Coloraci\u00f3n capilar en M\u00e9xico: una categor\u00eda que evoluciona con las necesidades de las consumidoras","author":"David Morales","date":"8 de junio de 2026","format":false,"excerpt":"Cambiar el color del cabello siempre ha sido una de las formas m\u00e1s inmediatas de transformar una imagen. Un tono m\u00e1s oscuro, reflejos estrat\u00e9gicos o ese cobrizo que domina las redes sociales pueden marcar la diferencia entre seguir una rutina o sentirse completamente renovada. Sin embargo, en 2026 la conversaci\u00f3n\u2026","rel":"","context":"En \u00abBeauty\u00bb","block_context":{"text":"Beauty","link":"https:\/\/zeromagazine.mx\/index.php\/category\/beauty-belleza\/"},"img":{"alt_text":"","src":"https:\/\/i0.wp.com\/zeromagazine.mx\/wp-content\/uploads\/2026\/06\/Wella.jpeg?fit=892%2C523&ssl=1&resize=350%2C200","width":350,"height":200,"srcset":"https:\/\/i0.wp.com\/zeromagazine.mx\/wp-content\/uploads\/2026\/06\/Wella.jpeg?fit=892%2C523&ssl=1&resize=350%2C200 1x, https:\/\/i0.wp.com\/zeromagazine.mx\/wp-content\/uploads\/2026\/06\/Wella.jpeg?fit=892%2C523&ssl=1&resize=525%2C300 1.5x, https:\/\/i0.wp.com\/zeromagazine.mx\/wp-content\/uploads\/2026\/06\/Wella.jpeg?fit=892%2C523&ssl=1&resize=700%2C400 2x"},"classes":[]},{"id":121980,"url":"https:\/\/zeromagazine.mx\/index.php\/2026\/06\/04\/pilates-inspirado-en-futbol-the-good-studio\/","url_meta":{"origin":121720,"position":1},"title":"EL PILATES ENTRA A LA JUGADA: LA NUEVA TENDENCIA FITNESS POR THE GOOD STUDIO","author":"David Morales","date":"4 de junio de 2026","format":false,"excerpt":"El mundo fitness siempre est\u00e1 buscando nuevas formas de sorprendernos, pero pocas propuestas logran unir dos universos aparentemente opuestos de manera tan natural. Este a\u00f1o, el Pilates inspirado en f\u00fatbol llega para demostrar que la innovaci\u00f3n tambi\u00e9n puede encontrarse en el movimiento. Mientras el f\u00fatbol sigue dominando conversaciones, emociones y\u2026","rel":"","context":"En \u00abBlog\u00bb","block_context":{"text":"Blog","link":"https:\/\/zeromagazine.mx\/index.php\/category\/blog\/"},"img":{"alt_text":"","src":"https:\/\/i0.wp.com\/zeromagazine.mx\/wp-content\/uploads\/2026\/06\/IMG_1032.jpeg?fit=744%2C929&ssl=1&resize=350%2C200","width":350,"height":200,"srcset":"https:\/\/i0.wp.com\/zeromagazine.mx\/wp-content\/uploads\/2026\/06\/IMG_1032.jpeg?fit=744%2C929&ssl=1&resize=350%2C200 1x, https:\/\/i0.wp.com\/zeromagazine.mx\/wp-content\/uploads\/2026\/06\/IMG_1032.jpeg?fit=744%2C929&ssl=1&resize=525%2C300 1.5x, https:\/\/i0.wp.com\/zeromagazine.mx\/wp-content\/uploads\/2026\/06\/IMG_1032.jpeg?fit=744%2C929&ssl=1&resize=700%2C400 2x"},"classes":[]},{"id":129172,"url":"https:\/\/zeromagazine.mx\/index.php\/2026\/08\/12\/lala-griego-nueva-linea-proteina\/","url_meta":{"origin":121720,"position":2},"title":"Lala Griego: nueva l\u00ednea con m\u00e1s prote\u00edna","author":"David Morales","date":"12 de agosto de 2026","format":false,"excerpt":"Lala Griego present\u00f3 una nueva etapa con formatos bebibles, opciones sin az\u00facar y una propuesta centrada en prote\u00edna, sabor y practicidad. Fuimos a conocerla y esto fue lo que descubrimos.","rel":"","context":"En \u00abFoodie\u00bb","block_context":{"text":"Foodie","link":"https:\/\/zeromagazine.mx\/index.php\/category\/lifestyle\/foodie\/"},"img":{"alt_text":"","src":"https:\/\/i0.wp.com\/zeromagazine.mx\/wp-content\/uploads\/2026\/08\/img_0477.jpg?fit=676%2C1200&ssl=1&resize=350%2C200","width":350,"height":200,"srcset":"https:\/\/i0.wp.com\/zeromagazine.mx\/wp-content\/uploads\/2026\/08\/img_0477.jpg?fit=676%2C1200&ssl=1&resize=350%2C200 1x, https:\/\/i0.wp.com\/zeromagazine.mx\/wp-content\/uploads\/2026\/08\/img_0477.jpg?fit=676%2C1200&ssl=1&resize=525%2C300 1.5x"},"classes":[]},{"id":116645,"url":"https:\/\/zeromagazine.mx\/index.php\/2026\/03\/12\/cafe-shake-postre-rutina\/","url_meta":{"origin":121720,"position":3},"title":"Caf\u00e9, shake o postre: descubre tu estilo y reinventa tu rutina, un test pr\u00e1ctico para empezar a cuidarte sin complicarte","author":"David Morales","date":"12 de marzo de 2026","format":false,"excerpt":"Marzo suele ser ese momento en el que las metas dejan de ser promesas y empiezan a convertirse en h\u00e1bitos reales. Despu\u00e9s de semanas intentando cambiar rutinas, muchas personas descubren que cuidarse no tiene que ser complicado. Con el concepto\u00a0caf\u00e9 shake postre rutina, la idea es encontrar la forma m\u00e1s\u2026","rel":"","context":"En \u00abBlog\u00bb","block_context":{"text":"Blog","link":"https:\/\/zeromagazine.mx\/index.php\/category\/blog\/"},"img":{"alt_text":"","src":"https:\/\/i0.wp.com\/zeromagazine.mx\/wp-content\/uploads\/2026\/03\/SILK-AVENA-1-scaled.png?fit=1200%2C620&ssl=1&resize=350%2C200","width":350,"height":200,"srcset":"https:\/\/i0.wp.com\/zeromagazine.mx\/wp-content\/uploads\/2026\/03\/SILK-AVENA-1-scaled.png?fit=1200%2C620&ssl=1&resize=350%2C200 1x, https:\/\/i0.wp.com\/zeromagazine.mx\/wp-content\/uploads\/2026\/03\/SILK-AVENA-1-scaled.png?fit=1200%2C620&ssl=1&resize=525%2C300 1.5x, https:\/\/i0.wp.com\/zeromagazine.mx\/wp-content\/uploads\/2026\/03\/SILK-AVENA-1-scaled.png?fit=1200%2C620&ssl=1&resize=700%2C400 2x, https:\/\/i0.wp.com\/zeromagazine.mx\/wp-content\/uploads\/2026\/03\/SILK-AVENA-1-scaled.png?fit=1200%2C620&ssl=1&resize=1050%2C600 3x"},"classes":[]},{"id":122344,"url":"https:\/\/zeromagazine.mx\/index.php\/2026\/06\/05\/neurocosmetica-ram-ram-bienestar-sensorial\/","url_meta":{"origin":121720,"position":4},"title":"RAM RAM-De la piel al cerebro: El poder de los rituales sensoriales para combatir el estr\u00e9s diario","author":"David Morales","date":"5 de junio de 2026","format":false,"excerpt":"Vivimos en una \u00e9poca donde el estr\u00e9s parece haberse convertido en el ruido de fondo permanente. Notificaciones, pendientes, jornadas interminables y la sensaci\u00f3n de estar siempre disponibles han cambiado incluso la forma en la que descansamos. Por eso, cada vez m\u00e1s personas buscan peque\u00f1os rituales capaces de devolverles una sensaci\u00f3n\u2026","rel":"","context":"En \u00abBeauty\u00bb","block_context":{"text":"Beauty","link":"https:\/\/zeromagazine.mx\/index.php\/category\/beauty-belleza\/"},"img":{"alt_text":"","src":"https:\/\/i0.wp.com\/zeromagazine.mx\/wp-content\/uploads\/2026\/06\/Pistachelle-Fotografia-04264-BN-scaled.png?fit=1200%2C450&ssl=1&resize=350%2C200","width":350,"height":200,"srcset":"https:\/\/i0.wp.com\/zeromagazine.mx\/wp-content\/uploads\/2026\/06\/Pistachelle-Fotografia-04264-BN-scaled.png?fit=1200%2C450&ssl=1&resize=350%2C200 1x, https:\/\/i0.wp.com\/zeromagazine.mx\/wp-content\/uploads\/2026\/06\/Pistachelle-Fotografia-04264-BN-scaled.png?fit=1200%2C450&ssl=1&resize=525%2C300 1.5x, https:\/\/i0.wp.com\/zeromagazine.mx\/wp-content\/uploads\/2026\/06\/Pistachelle-Fotografia-04264-BN-scaled.png?fit=1200%2C450&ssl=1&resize=700%2C400 2x, https:\/\/i0.wp.com\/zeromagazine.mx\/wp-content\/uploads\/2026\/06\/Pistachelle-Fotografia-04264-BN-scaled.png?fit=1200%2C450&ssl=1&resize=1050%2C600 3x"},"classes":[]},{"id":129216,"url":"https:\/\/zeromagazine.mx\/index.php\/2026\/08\/05\/ca-jeans-lab-fit-personaliza-jeans\/","url_meta":{"origin":121720,"position":5},"title":"C&amp;A Jeans Lab: encuentra tu fit y personaliza tus jeans","author":"David Morales","date":"5 de agosto de 2026","format":false,"excerpt":"Back to school, pero make it fashion. C&A Jeans Lab llega con nuevos fits, una gu\u00eda para elegir tus jeans y estaciones para personalizarlos.","rel":"","context":"En \u00abModa\u00bb","block_context":{"text":"Moda","link":"https:\/\/zeromagazine.mx\/index.php\/category\/moda\/"},"img":{"alt_text":"C&A Jeans Lab presenta jeans personalizables para el regreso a clases","src":"https:\/\/i0.wp.com\/zeromagazine.mx\/wp-content\/uploads\/2026\/08\/CA-JEANS-LAB28751DIGITAL-RETOUCHED-scaled.jpg?fit=1200%2C801&ssl=1&resize=350%2C200","width":350,"height":200,"srcset":"https:\/\/i0.wp.com\/zeromagazine.mx\/wp-content\/uploads\/2026\/08\/CA-JEANS-LAB28751DIGITAL-RETOUCHED-scaled.jpg?fit=1200%2C801&ssl=1&resize=350%2C200 1x, https:\/\/i0.wp.com\/zeromagazine.mx\/wp-content\/uploads\/2026\/08\/CA-JEANS-LAB28751DIGITAL-RETOUCHED-scaled.jpg?fit=1200%2C801&ssl=1&resize=525%2C300 1.5x, https:\/\/i0.wp.com\/zeromagazine.mx\/wp-content\/uploads\/2026\/08\/CA-JEANS-LAB28751DIGITAL-RETOUCHED-scaled.jpg?fit=1200%2C801&ssl=1&resize=700%2C400 2x, https:\/\/i0.wp.com\/zeromagazine.mx\/wp-content\/uploads\/2026\/08\/CA-JEANS-LAB28751DIGITAL-RETOUCHED-scaled.jpg?fit=1200%2C801&ssl=1&resize=1050%2C600 3x"},"classes":[]}],"jetpack_sharing_enabled":true,"builder_content":"","jetpack_featured_media_url":"https:\/\/i0.wp.com\/zeromagazine.mx\/wp-content\/uploads\/2026\/06\/IMG_3181.webp?fit=1200%2C1200&ssl=1","_links":{"self":[{"href":"https:\/\/zeromagazine.mx\/index.php\/wp-json\/wp\/v2\/posts\/121720","targetHints":{"allow":["GET"]}}],"collection":[{"href":"https:\/\/zeromagazine.mx\/index.php\/wp-json\/wp\/v2\/posts"}],"about":[{"href":"https:\/\/zeromagazine.mx\/index.php\/wp-json\/wp\/v2\/types\/post"}],"author":[{"embeddable":true,"href":"https:\/\/zeromagazine.mx\/index.php\/wp-json\/wp\/v2\/users\/4"}],"replies":[{"embeddable":true,"href":"https:\/\/zeromagazine.mx\/index.php\/wp-json\/wp\/v2\/comments?post=121720"}],"version-history":[{"count":2,"href":"https:\/\/zeromagazine.mx\/index.php\/wp-json\/wp\/v2\/posts\/121720\/revisions"}],"predecessor-version":[{"id":121726,"href":"https:\/\/zeromagazine.mx\/index.php\/wp-json\/wp\/v2\/posts\/121720\/revisions\/121726"}],"wp:featuredmedia":[{"embeddable":true,"href":"https:\/\/zeromagazine.mx\/index.php\/wp-json\/wp\/v2\/media\/121721"}],"wp:attachment":[{"href":"https:\/\/zeromagazine.mx\/index.php\/wp-json\/wp\/v2\/media?parent=121720"}],"wp:term":[{"taxonomy":"category","embeddable":true,"href":"https:\/\/zeromagazine.mx\/index.php\/wp-json\/wp\/v2\/categories?post=121720"},{"taxonomy":"post_tag","embeddable":true,"href":"https:\/\/zeromagazine.mx\/index.php\/wp-json\/wp\/v2\/tags?post=121720"}],"curies":[{"name":"wp","href":"https:\/\/api.w.org\/{rel}","templated":true}]}}